{"id":10382,"date":"2023-02-16T14:48:23","date_gmt":"2023-02-16T17:48:23","guid":{"rendered":"https:\/\/agencia.unq.edu.ar\/?p=10382"},"modified":"2023-02-27T11:04:39","modified_gmt":"2023-02-27T14:04:39","slug":"detectan-el-primer-caso-de-gripe-aviar-en-el-pais-y-el-gobierno-declara-la-emergencia-sanitaria","status":"publish","type":"post","link":"https:\/\/agencia.unq.edu.ar\/?p=10382","title":{"rendered":"Detectan el primer caso de gripe aviar en el pa\u00eds y el gobierno declara la emergencia sanitaria"},"content":{"rendered":"\n<p class=\"has-medium-font-size wp-block-paragraph\">Se trata de un ave silvestre en la provincia de Jujuy. Por ahora, el riesgo de transmisi\u00f3n a humanos es bajo y el consumo de carne no es peligroso.<\/p>\n\n\n\n<figure class=\"wp-block-image size-full\"><img loading=\"lazy\" decoding=\"async\" width=\"1040\" height=\"420\" src=\"https:\/\/agencia.unq.edu.ar\/wp-content\/uploads\/2023\/02\/gripe-aviar.jpg\" alt=\"Un veterinario analiza un ave. El primer caso en Argentina se registr\u00f3 en la provincia de Jujuy. Cr\u00e9ditos: https:\/\/www.rionegro.com.ar\/\" class=\"wp-image-10381\"\/><figcaption class=\"wp-element-caption\">Un veterinario analiza un ave. El primer caso en Argentina se registr\u00f3 en la provincia de Jujuy. Cr\u00e9ditos: https:\/\/www.rionegro.com.ar\/<\/figcaption><\/figure>\n\n\n\n<p class=\"wp-block-paragraph\">El Servicio Nacional de Sanidad y Calidad Agroalimentaria (SENASA) inform\u00f3 la primera detecci\u00f3n en el pa\u00eds de influenza aviar \u2013m\u00e1s conocida como gripe aviar\u2013 en un ave silvestre migratoria en la provincia de Jujuy, cerca del l\u00edmite con Bolivia. Hasta ahora, Argentina era uno de los pocos de la regi\u00f3n que no hab\u00eda registrado brotes en aves, ya sean de corral, granjas o silvestres. Si bien desde el ministerio de Salud emitieron una serie de recomendaciones como el lavado de manos y evitar el contacto directo con aves silvestres, por el momento la enfermedad no se transmite a las personas a trav\u00e9s del consumo de carne de ave y el riesgo de contagio a humanos es bajo. En este sentido, no se registraron casos de infecci\u00f3n de persona a persona en todo el mundo. <strong>En las \u00faltimas dos d\u00e9cadas, se notificaron 868 casos de Influenza aviar en humanos a nivel global.<\/strong><\/p>\n\n\n\n<p class=\"wp-block-paragraph\">Por precauci\u00f3n, el secretario de Agricultura, Ganader\u00eda y Pesca de la Naci\u00f3n, <strong>Juan Jos\u00e9 Bahillo, declar\u00f3 la emergencia sanitaria <\/strong>en el pa\u00eds y el objetivo, adem\u00e1s de prevenir el contagio en humanos, es evitar la propagaci\u00f3n del virus con aves de corral para que la actividad comercial no se vea perjudicada. &nbsp;&nbsp;<\/p>\n\n\n\n<h2 class=\"wp-block-heading\">Virus de alto vuelo<\/h2>\n\n\n\n<p class=\"wp-block-paragraph\">A nivel mundial se notificaron m\u00e1s de 400 brotes entre aves de corral y aves silvestres en distintas regiones de Europa, \u00c1frica, Asia, Am\u00e9rica del Norte y Am\u00e9rica Latina. <strong>Aunque ya se registraban de forma creciente desde 2022, en los \u00faltimos meses los casos aumentaron significativamente<\/strong>.<\/p>\n\n\n\n<p class=\"wp-block-paragraph\">En Europa tuvieron que sacrificarse m\u00e1s de 50 millones de aves de corral durante el a\u00f1o pasado, siendo una de las epidemias m\u00e1s potentes de las que haya registro. En Am\u00e9rica, <strong>el virus ya se encuentra presente en Bolivia, Canad\u00e1, Chile, Colombia, Ecuador, Estados Unidos, Honduras, M\u00e9xico, Panam\u00e1, Per\u00fa<\/strong> (donde mat\u00f3 a m\u00e1s de 50 mil aves silvestres), <strong>Uruguay y Venezuela<\/strong>.<\/p>\n\n\n\n<p class=\"wp-block-paragraph\">Una de las grandes preocupaciones pasa por el contagio de distintos mam\u00edferos con gripe aviar. Una <a href=\"https:\/\/www.biorxiv.org\/content\/10.1101\/2023.02.08.527769v1.full\" target=\"_blank\" rel=\"noreferrer noopener\" title=\"investigaci\u00f3n \">investigaci\u00f3n <\/a>encabezada por cient\u00edficos peruanos y argentinos da cuenta de la muerte de 600 lobos marinos en Per\u00fa en lo que va del a\u00f1o y<strong> la pregunta fundamental pasa por la v\u00eda de transmisi\u00f3n<\/strong>: \u00bfSe infectaron el contacto cercano o el consumo de aves \u201cengripadas\u201d o hubo transmisi\u00f3n directa entre los mismos lobos marinos?<\/p>\n\n\n\n<h2 class=\"wp-block-heading\">\u00bfQu\u00e9 pasa con los humanos?<\/h2>\n\n\n\n<p class=\"wp-block-paragraph\"><strong>Por ahora, el virus no se contagia de humano a humano y los casos en personas son pocos<\/strong>. En toda Am\u00e9rica se registr\u00f3 una persona con gripe aviar en Estados Unidos durante 2022 y una en Ecuador en lo que va del a\u00f1o. En el caso ecuatoriano, seg\u00fan la investigaci\u00f3n epidemiol\u00f3gica del brote, una semana antes de la aparici\u00f3n de los s\u00edntomas la familia hab\u00eda adquirido unas aves de corral que murieron sin causa aparente unos d\u00edas antes del contagio.<\/p>\n\n\n\n<p class=\"wp-block-paragraph\">Desde la Organizaci\u00f3n Mundial de la Salud advierten que <strong>el principal factor de riesgo para la transmisi\u00f3n de aves a humanos \u201ces el contacto directo o indirecto con animales infectados o con ambientes y superficies contaminadas por heces<\/strong>\u201d. Adem\u00e1s, destacan que \u201cel desplume, la manipulaci\u00f3n de cad\u00e1veres de aves de corral infectadas y la preparaci\u00f3n de aves de corral para el consumo, especialmente en entornos dom\u00e9sticos, tambi\u00e9n pueden ser factores de riesgo\u201d. <\/p>\n\n\n\n<p class=\"wp-block-paragraph\">En este sentido, el director ejecutivo de la OMS, Tedros Adhanom Ghebreyesus, resalt\u00f3 que, aunque el riesgo de contagia hacia y entre humanos es bajo, \u201c<strong>no podemos asumir que seguir\u00e1 siendo as\u00ed, y debemos prepararnos para cualquier cambio en el status quo<\/strong>\u201d.<\/p>\n\n\n\n<div style=\"height:40px\" aria-hidden=\"true\" class=\"wp-block-spacer\"><\/div>\n\n\n\n<hr class=\"wp-block-separator has-text-color has-css-opacity has-background is-style-wide\" style=\"background-color:#fea50e;color:#fea50e\"\/>\n\n\n\n<h4 class=\"wp-block-heading\" id=\"publicaciones-relacionadas\">\u00daltimas noticias de la secci\u00f3n Salud:<\/h4>\n\n\n<style id=\"sp_pcp_dynamic_style3314\">#pcp_wrapper-3314:not(.sps-glossary-layout) .sp-pcp-row,#pcp_wrapper-3314 .sps-glossary-items-group .sps-glossary-items-content {margin-right: -10px;margin-left: -10px;}#pcp_wrapper-3314 .sp-pcp-row [class*='sp-pcp-col-']{padding-right: 10px;padding-left: 10px; padding-bottom:20px;}.pcp-wrapper-3314 .sp-pcp-title a {color: #ac162c;display: inherit;} .pcp-wrapper-3314 .sp-pcp-title a:hover {color: #fea50e;}#pcp_wrapper-3314 .dots .swiper-pagination-bullet{ background: #ac162c; } #pcp_wrapper-3314 .dots .swiper-pagination-bullet-active { background: #fea50e; }#pcp_wrapper-3314 .pcp-button-prev,#pcp_wrapper-3314 .pcp-button-next{ background-image: none; background-size: auto; background-color: #fff; height: 33px; width: 33px; margin-top: 8px; border: 1px solid #aaa; text-align: center; line-height: 30px; -webkit-transition: 0.3s; border-radius: 3px; }#pcp_wrapper-3314 .pcp-button-prev:hover, #pcp_wrapper-3314 .pcp-button-next:hover{ background-color: #fea50e; border-color: #ac162c; } #pcp_wrapper-3314 .pcp-button-prev .fa, #pcp_wrapper-3314 .pcp-button-next .fa { color: #000; } #pcp_wrapper-3314 .pcp-button-prev:hover .fa, #pcp_wrapper-3314 .pcp-button-next:hover .fa { color: #fff; } #pcp_wrapper-3314.pcp-carousel-wrapper .sp-pcp-post{ margin-top: 0; }#pcp_wrapper-3314 .sp-pcp-post {padding: 0 0 0 0;}#pcp_wrapper-3314.sp-slider_layout .sp-pcp-post .sp-pcp-post-details {top: 0; right:0; bottom:0; left:0;}#pcp_wrapper-3314 .sp-pcp-post {border: 0px solid #e2e2e2; border-radius: 0px }#pcp_wrapper-3314 .sp-pcp-post{background-color: transparent;}#pcp_wrapper-3314 .pcp-post-thumb-wrapper{border: 0px solid #dddddd;border-radius:0px;}.pcp-wrapper-3314 .sp-pcp-post-meta li,.pcp-wrapper-3314 .sp-pcp-post-meta ul,.pcp-wrapper-3314 .sp-pcp-post-meta li a{color: #888;}.pcp-wrapper-3314 .sp-pcp-post-meta li a:hover{color: #e1624b;}#pcp_wrapper-3314 .pcp-post-pagination .page-numbers.current, #pcp_wrapper-3314 .pcp-post-pagination a.active , #pcp_wrapper-3314 .pcp-post-pagination a:hover{ color: #ffffff; background: #e1624b; border-color: #e1624b; }#pcp_wrapper-3314 .pcp-post-pagination .page-numbers, .pcp-post-pagination a{ background: #ffffff; color:#5e5e5e; border: 2px solid #bbbbbb;border-radius: 2px; }#pcp_wrapper-3314 .pcp-post-pagination{text-align: left;}@media (min-width: 1200px) {.sp-pcp-row .sp-pcp-col-xl-1 {flex: 0 0 100%;}.sp-pcp-row .sp-pcp-col-xl-2 {flex: 1 1 calc( 50% - 20px);}.sp-pcp-row .sp-pcp-col-xl-3 {flex: 1 1 calc( 33.333% - 20px);}.sp-pcp-row .sp-pcp-col-xl-4 {flex: 1 1 calc( 25% - 20px);}.sp-pcp-row .sp-pcp-col-xl-5 { flex: 1 1 calc( 20% - 20px);}.sp-pcp-row .sp-pcp-col-xl-6 {flex: 1 1 calc( 16.66666666666667% - 20px);}.sp-pcp-row .sp-pcp-col-xl-7 {flex: 1 1 calc( 14.28571428% - 20px);}.sp-pcp-row .sp-pcp-col-xl-8 {flex: 1 1 calc( 12.5% - 20px);}}@media (max-width: 1200px) {.sp-pcp-row .sp-pcp-col-lg-1 {flex: 0 0 100%;}.sp-pcp-row .sp-pcp-col-lg-2 {flex: 1 1 calc( 50% - 20px);}.sp-pcp-row .sp-pcp-col-lg-3 {flex: 1 1 calc( 33.333% - 20px);}.sp-pcp-row .sp-pcp-col-lg-4 {flex: 1 1 calc( 25% - 20px);}.sp-pcp-row .sp-pcp-col-lg-5 { flex: 1 1 calc( 20% - 20px);}.sp-pcp-row .sp-pcp-col-lg-6 {flex: 1 1 calc( 16.66666666666667% - 20px);}.sp-pcp-row .sp-pcp-col-lg-7 {flex: 1 1 calc( 14.28571428% - 20px);}.sp-pcp-row .sp-pcp-col-lg-8 {flex: 1 1 calc( 12.5% - 20px);}}@media (max-width: 992px) {.sp-pcp-row .sp-pcp-col-md-1 {flex: 0 0 100%;}.sp-pcp-row .sp-pcp-col-md-2 {flex: 1 1 calc( 50% - 20px);}.sp-pcp-row .sp-pcp-col-md-2-5 {flex: 0 0 75%;}.sp-pcp-row .sp-pcp-col-md-3 {flex: 1 1 calc( 33.333% - 20px);}.sp-pcp-row .sp-pcp-col-md-4 {flex: 1 1 calc( 25% - 20px);}.sp-pcp-row .sp-pcp-col-md-5 { flex: 1 1 calc( 20% - 20px);}.sp-pcp-row .sp-pcp-col-md-6 {flex: 1 1 calc( 16.66666666666667% - 20px);}.sp-pcp-row .sp-pcp-col-md-7 {flex: 1 1 calc( 14.28571428% - 20px);}.sp-pcp-row .sp-pcp-col-md-8 {flex: 1 1 calc( 12.5% - 20px);}}@media (max-width: 768px) {.sp-pcp-row .sp-pcp-col-sm-1 {flex: 0 0 100%;}.sp-pcp-row .sp-pcp-col-sm-2 {flex: 1 1 calc( 50% - 20px);}.sp-pcp-row .sp-pcp-col-sm-2-5 {flex: 0 0 75%;}.sp-pcp-row .sp-pcp-col-sm-3 {flex: 1 1 calc( 33.333% - 20px);}.sp-pcp-row .sp-pcp-col-sm-4 {flex: 1 1 calc( 25% - 20px);}.sp-pcp-row .sp-pcp-col-sm-5 { flex: 1 1 calc( 20% - 20px);}.sp-pcp-row .sp-pcp-col-sm-6 {flex: 1 1 calc( 16.66666666666667% - 20px);}.sp-pcp-row .sp-pcp-col-sm-7 {flex: 1 1 calc( 14.28571428% - 20px);}.sp-pcp-row .sp-pcp-col-sm-8 {flex: 1 1 calc( 12.5% - 20px);}}@media (max-width: 420px) {.sp-pcp-row .sp-pcp-col-xs-1 {flex: 0 0 100%;}.sp-pcp-row .sp-pcp-col-xs-2 {flex: 1 1 calc( 50% - 20px);}.sp-pcp-row .sp-pcp-col-xs-3 {flex: 1 1 calc( 33.333% - 20px);}.sp-pcp-row .sp-pcp-col-xs-4 {flex: 1 1 calc( 25% - 20px);}.sp-pcp-row .sp-pcp-col-xs-5 { flex: 1 1 calc( 20% - 20px);}.sp-pcp-row .sp-pcp-col-xs-6 {flex: 1 1 calc( 16.66666666666667% - 20px);}.sp-pcp-row .sp-pcp-col-xs-7 {flex: 1 1 calc( 14.28571428% - 20px);}.sp-pcp-row .sp-pcp-col-xs-8 {flex: 1 1 calc( 12.5% - 20px);}}<\/style><!-- Markup Starts -->\n<div id=\"pcp_wrapper-3314\" class=\"sp-pcp-section sp-pcp-container pcp-wrapper-3314 pcp-carousel-wrapper standard sp-carousel_layout\" data-sid=\"3314\">\n\t<div id=\"sp-pcp-id-3314\" class=\"swiper-container sp-pcp-carousel top_right\" dir=\"ltr\" data-carousel='{ \"speed\":600, \"items\":3, \"spaceBetween\":20, \"dynamicBullets\": false, \"navigation\":true, \"pagination\": true, \"autoplay\": true, \"autoplay_speed\": 2000, \"loop\": true, \"autoHeight\": false, \"lazy\":  true, \"simulateTouch\": true, \"freeMode\": false, \"slider_mouse_wheel\": false,\"allowTouchMove\": true, \"slidesPerView\": {\"lg_desktop\": 3, \"desktop\": 3, \"tablet\": 2, \"mobile_landscape\": 1, \"mobile\": 1}, \"navigation_mobile\": true, \"pagination_mobile\": true, \"stop_onHover\": true, \"enabled\": true, \"prevSlideMessage\": \"Previous slide\", \"nextSlideMessage\": \"Next slide\", \"firstSlideMessage\": \"This is the first slide\", \"lastSlideMessage\": \"This is the last slide\", \"keyboard\": \"true\", \"paginationBulletMessage\": \"Go to slide {{index}}\" }'>\n\t\t\t<div class=\"swiper-wrapper\">\n\t\t\t\t\t\t<div class=\" swiper-slide swiper-lazy\">\n\t\t\t<div class=\"sp-pcp-post default pcp-item-38643\" data-id=\"38643\">\n\t\t\t\t\t\t\t\t<div class=\"pcp-post-thumb-wrapper\">\n\t\t\t\t\t<div class=\"sp-pcp-post-thumb-area\">\n\t\t\t\t\t\t\t\t\t\t\t\t<a class=\"sp-pcp-thumb\" href=\"https:\/\/agencia.unq.edu.ar\/?p=38643\" target=\"_self\" >\n\t\t\t\t\t\t\t\t\t\t\t\t\t<img loading=\"lazy\" decoding=\"async\" src=\"https:\/\/agencia.unq.edu.ar\/wp-content\/uploads\/2026\/08\/Nublado.jpg\" width=\"1040\" height=\"420\" alt=\"Seg\u00fan el SMN, la tendencia de los d\u00edas nublados podr\u00edan continuar hasta octubre. Cr\u00e9ditos: Radio del plata.\">\n\t\t\t\t\t\t<\/a>\n\t\t\t\t\t<\/div>\n\t\t\t\t<\/div>\n\t\t\t\t\t\t\t\t<div class=\"sp-pcp-post-details\">\n\t\t\t\t\t<div class=\"sp-pcp-post-details-content\">\n\t\t\t\t\t\t\t\t<h4 class=\"sp-pcp-title\">\n\t\t\t\t\t\t\t\t\t<a href=\"https:\/\/agencia.unq.edu.ar\/?p=38643\"  target=\"_self\">Menos luz, menos \u00e1nimo: \u00bfde qu\u00e9 manera los d\u00edas nublados pueden afectar el reloj biol\u00f3gico\u00a0de las personas?<\/a>\t\t\t\t\t\t\t<\/h4>\n\t\t\t\t\t\t\t\t\t<\/div>\n\t\t\t\t<\/div>\n\t\t\t<\/div>\n\t\t<\/div>\n\t\t\t\t<div class=\" swiper-slide swiper-lazy\">\n\t\t\t<div class=\"sp-pcp-post default pcp-item-38503\" data-id=\"38503\">\n\t\t\t\t\t\t\t\t<div class=\"pcp-post-thumb-wrapper\">\n\t\t\t\t\t<div class=\"sp-pcp-post-thumb-area\">\n\t\t\t\t\t\t\t\t\t\t\t\t<a class=\"sp-pcp-thumb\" href=\"https:\/\/agencia.unq.edu.ar\/?p=38503\" target=\"_self\" >\n\t\t\t\t\t\t\t\t\t\t\t\t\t<img loading=\"lazy\" decoding=\"async\" src=\"https:\/\/agencia.unq.edu.ar\/wp-content\/uploads\/2026\/08\/argentina.gob_.jpg\" width=\"1040\" height=\"420\" alt=\"La perfusi\u00f3n regional normot\u00e9rmica restablece de manera controlada sangre y ox\u00edgeno en determinados \u00f3rganos despu\u00e9s de certificarse el fallecimiento del donante. Cr\u00e9ditos: Argentina.gob.\">\n\t\t\t\t\t\t<\/a>\n\t\t\t\t\t<\/div>\n\t\t\t\t<\/div>\n\t\t\t\t\t\t\t\t<div class=\"sp-pcp-post-details\">\n\t\t\t\t\t<div class=\"sp-pcp-post-details-content\">\n\t\t\t\t\t\t\t\t<h4 class=\"sp-pcp-title\">\n\t\t\t\t\t\t\t\t\t<a href=\"https:\/\/agencia.unq.edu.ar\/?p=38503\"  target=\"_self\">Trasplante de \u00f3rganos en Argentina: c\u00f3mo funciona la nueva t\u00e9cnica que aprob\u00f3 el INCUCAI<\/a>\t\t\t\t\t\t\t<\/h4>\n\t\t\t\t\t\t\t\t\t<\/div>\n\t\t\t\t<\/div>\n\t\t\t<\/div>\n\t\t<\/div>\n\t\t\t\t<div class=\" swiper-slide swiper-lazy\">\n\t\t\t<div class=\"sp-pcp-post default pcp-item-38461\" data-id=\"38461\">\n\t\t\t\t\t\t\t\t<div class=\"pcp-post-thumb-wrapper\">\n\t\t\t\t\t<div class=\"sp-pcp-post-thumb-area\">\n\t\t\t\t\t\t\t\t\t\t\t\t<a class=\"sp-pcp-thumb\" href=\"https:\/\/agencia.unq.edu.ar\/?p=38461\" target=\"_self\" >\n\t\t\t\t\t\t\t\t\t\t\t\t\t<img loading=\"lazy\" decoding=\"async\" src=\"https:\/\/agencia.unq.edu.ar\/wp-content\/uploads\/2026\/08\/istock.jpg\" width=\"1040\" height=\"420\" alt=\"Una ca\u00edda a alta velocidad puede provocar traumatismos importantes, especialmente cuando los chicos circulan sin casco ni supervisi\u00f3n adecuada. Cr\u00e9dito: Istock.\">\n\t\t\t\t\t\t<\/a>\n\t\t\t\t\t<\/div>\n\t\t\t\t<\/div>\n\t\t\t\t\t\t\t\t<div class=\"sp-pcp-post-details\">\n\t\t\t\t\t<div class=\"sp-pcp-post-details-content\">\n\t\t\t\t\t\t\t\t<h4 class=\"sp-pcp-title\">\n\t\t\t\t\t\t\t\t\t<a href=\"https:\/\/agencia.unq.edu.ar\/?p=38461\"  target=\"_self\">Monopatines el\u00e9ctricos: el juguete que no es un juguete y ya preocupa a los m\u00e9dicos<\/a>\t\t\t\t\t\t\t<\/h4>\n\t\t\t\t\t\t\t\t\t<\/div>\n\t\t\t\t<\/div>\n\t\t\t<\/div>\n\t\t<\/div>\n\t\t\t\t<div class=\" swiper-slide swiper-lazy\">\n\t\t\t<div class=\"sp-pcp-post default pcp-item-38390\" data-id=\"38390\">\n\t\t\t\t\t\t\t\t<div class=\"pcp-post-thumb-wrapper\">\n\t\t\t\t\t<div class=\"sp-pcp-post-thumb-area\">\n\t\t\t\t\t\t\t\t\t\t\t\t<a class=\"sp-pcp-thumb\" href=\"https:\/\/agencia.unq.edu.ar\/?p=38390\" target=\"_self\" >\n\t\t\t\t\t\t\t\t\t\t\t\t\t<img loading=\"lazy\" decoding=\"async\" src=\"https:\/\/agencia.unq.edu.ar\/wp-content\/uploads\/2026\/08\/wallmart.jpg\" width=\"1040\" height=\"420\" alt=\"Un nuevo estudio pone bajo la lupa al pl\u00e1stico de los envases. Cr\u00e9dito: Walmart.\">\n\t\t\t\t\t\t<\/a>\n\t\t\t\t\t<\/div>\n\t\t\t\t<\/div>\n\t\t\t\t\t\t\t\t<div class=\"sp-pcp-post-details\">\n\t\t\t\t\t<div class=\"sp-pcp-post-details-content\">\n\t\t\t\t\t\t\t\t<h4 class=\"sp-pcp-title\">\n\t\t\t\t\t\t\t\t\t<a href=\"https:\/\/agencia.unq.edu.ar\/?p=38390\"  target=\"_self\">Descubren un nuevo factor que podr\u00eda empeorar el h\u00edgado graso<\/a>\t\t\t\t\t\t\t<\/h4>\n\t\t\t\t\t\t\t\t\t<\/div>\n\t\t\t\t<\/div>\n\t\t\t<\/div>\n\t\t<\/div>\n\t\t\t\t<div class=\" swiper-slide swiper-lazy\">\n\t\t\t<div class=\"sp-pcp-post default pcp-item-38358\" data-id=\"38358\">\n\t\t\t\t\t\t\t\t<div class=\"pcp-post-thumb-wrapper\">\n\t\t\t\t\t<div class=\"sp-pcp-post-thumb-area\">\n\t\t\t\t\t\t\t\t\t\t\t\t<a class=\"sp-pcp-thumb\" href=\"https:\/\/agencia.unq.edu.ar\/?p=38358\" target=\"_self\" >\n\t\t\t\t\t\t\t\t\t\t\t\t\t<img loading=\"lazy\" decoding=\"async\" src=\"https:\/\/agencia.unq.edu.ar\/wp-content\/uploads\/2026\/08\/Salud-mental-redes-sociales.jpg\" width=\"1040\" height=\"420\" alt=\"Cr\u00e9ditos: Psicolog\u00eda y Mente.\">\n\t\t\t\t\t\t<\/a>\n\t\t\t\t\t<\/div>\n\t\t\t\t<\/div>\n\t\t\t\t\t\t\t\t<div class=\"sp-pcp-post-details\">\n\t\t\t\t\t<div class=\"sp-pcp-post-details-content\">\n\t\t\t\t\t\t\t\t<h4 class=\"sp-pcp-title\">\n\t\t\t\t\t\t\t\t\t<a href=\"https:\/\/agencia.unq.edu.ar\/?p=38358\"  target=\"_self\">Un estudio demuestra que las redes sociales pueden generar ansiedad en cuesti\u00f3n de minutos\u00a0<\/a>\t\t\t\t\t\t\t<\/h4>\n\t\t\t\t\t\t\t\t\t<\/div>\n\t\t\t\t<\/div>\n\t\t\t<\/div>\n\t\t<\/div>\n\t\t\t\t<div class=\" swiper-slide swiper-lazy\">\n\t\t\t<div class=\"sp-pcp-post default pcp-item-38297\" data-id=\"38297\">\n\t\t\t\t\t\t\t\t<div class=\"pcp-post-thumb-wrapper\">\n\t\t\t\t\t<div class=\"sp-pcp-post-thumb-area\">\n\t\t\t\t\t\t\t\t\t\t\t\t<a class=\"sp-pcp-thumb\" href=\"https:\/\/agencia.unq.edu.ar\/?p=38297\" target=\"_self\" >\n\t\t\t\t\t\t\t\t\t\t\t\t\t<img loading=\"lazy\" decoding=\"async\" src=\"https:\/\/agencia.unq.edu.ar\/wp-content\/uploads\/2026\/08\/Ideali-de-belleza.jpg\" width=\"1040\" height=\"420\" alt=\"Cr\u00e9ditos: Aragolaser.\">\n\t\t\t\t\t\t<\/a>\n\t\t\t\t\t<\/div>\n\t\t\t\t<\/div>\n\t\t\t\t\t\t\t\t<div class=\"sp-pcp-post-details\">\n\t\t\t\t\t<div class=\"sp-pcp-post-details-content\">\n\t\t\t\t\t\t\t\t<h4 class=\"sp-pcp-title\">\n\t\t\t\t\t\t\t\t\t<a href=\"https:\/\/agencia.unq.edu.ar\/?p=38297\"  target=\"_self\">&#8220;Alloclae&#8221; y &#8220;yesoterapia&#8221;: \u00bfpor qu\u00e9 siempre aparece una nueva forma de modificar el cuerpo?<\/a>\t\t\t\t\t\t\t<\/h4>\n\t\t\t\t\t\t\t\t\t<\/div>\n\t\t\t\t<\/div>\n\t\t\t<\/div>\n\t\t<\/div>\n\t\t\t\t<div class=\" swiper-slide swiper-lazy\">\n\t\t\t<div class=\"sp-pcp-post default pcp-item-38265\" data-id=\"38265\">\n\t\t\t\t\t\t\t\t<div class=\"pcp-post-thumb-wrapper\">\n\t\t\t\t\t<div class=\"sp-pcp-post-thumb-area\">\n\t\t\t\t\t\t\t\t\t\t\t\t<a class=\"sp-pcp-thumb\" href=\"https:\/\/agencia.unq.edu.ar\/?p=38265\" target=\"_self\" >\n\t\t\t\t\t\t\t\t\t\t\t\t\t<img loading=\"lazy\" decoding=\"async\" src=\"https:\/\/agencia.unq.edu.ar\/wp-content\/uploads\/2026\/08\/Diagnostico-y-redes-sociales-salud-mental.jpg\" width=\"1040\" height=\"420\" alt=\"Cr\u00e9ditos: Ennewsssv.com\">\n\t\t\t\t\t\t<\/a>\n\t\t\t\t\t<\/div>\n\t\t\t\t<\/div>\n\t\t\t\t\t\t\t\t<div class=\"sp-pcp-post-details\">\n\t\t\t\t\t<div class=\"sp-pcp-post-details-content\">\n\t\t\t\t\t\t\t\t<h4 class=\"sp-pcp-title\">\n\t\t\t\t\t\t\t\t\t<a href=\"https:\/\/agencia.unq.edu.ar\/?p=38265\"  target=\"_self\">Entre algoritmos y autodiagn\u00f3sticos: c\u00f3mo las redes sociales moldean la conversaci\u00f3n sobre salud mental<\/a>\t\t\t\t\t\t\t<\/h4>\n\t\t\t\t\t\t\t\t\t<\/div>\n\t\t\t\t<\/div>\n\t\t\t<\/div>\n\t\t<\/div>\n\t\t\t\t<div class=\" swiper-slide swiper-lazy\">\n\t\t\t<div class=\"sp-pcp-post default pcp-item-38239\" data-id=\"38239\">\n\t\t\t\t\t\t\t\t<div class=\"pcp-post-thumb-wrapper\">\n\t\t\t\t\t<div class=\"sp-pcp-post-thumb-area\">\n\t\t\t\t\t\t\t\t\t\t\t\t<a class=\"sp-pcp-thumb\" href=\"https:\/\/agencia.unq.edu.ar\/?p=38239\" target=\"_self\" >\n\t\t\t\t\t\t\t\t\t\t\t\t\t<img loading=\"lazy\" decoding=\"async\" src=\"https:\/\/agencia.unq.edu.ar\/wp-content\/uploads\/2026\/07\/doulasofraleigh.jpg\" width=\"1040\" height=\"420\" alt=\"La preparaci\u00f3n prenatal poco realista puede dejar a muchas mujeres sin herramientas para afrontar dolor, dudas sobre la leche y problemas de agarre. Cr\u00e9ditos: Doulasofraleigh.\">\n\t\t\t\t\t\t<\/a>\n\t\t\t\t\t<\/div>\n\t\t\t\t<\/div>\n\t\t\t\t\t\t\t\t<div class=\"sp-pcp-post-details\">\n\t\t\t\t\t<div class=\"sp-pcp-post-details-content\">\n\t\t\t\t\t\t\t\t<h4 class=\"sp-pcp-title\">\n\t\t\t\t\t\t\t\t\t<a href=\"https:\/\/agencia.unq.edu.ar\/?p=38239\"  target=\"_self\">Lactancia personalizada: qu\u00e9 apoyo necesitan las mujeres<\/a>\t\t\t\t\t\t\t<\/h4>\n\t\t\t\t\t\t\t\t\t<\/div>\n\t\t\t\t<\/div>\n\t\t\t<\/div>\n\t\t<\/div>\n\t\t\t\t<div class=\" swiper-slide swiper-lazy\">\n\t\t\t<div class=\"sp-pcp-post default pcp-item-5965\" data-id=\"5965\">\n\t\t\t\t\t\t\t\t<div class=\"pcp-post-thumb-wrapper\">\n\t\t\t\t\t<div class=\"sp-pcp-post-thumb-area\">\n\t\t\t\t\t\t\t\t\t\t\t\t<a class=\"sp-pcp-thumb\" href=\"https:\/\/agencia.unq.edu.ar\/?p=5965\" target=\"_self\" >\n\t\t\t\t\t\t\t\t\t\t\t\t\t<img loading=\"lazy\" decoding=\"async\" src=\"https:\/\/agencia.unq.edu.ar\/wp-content\/uploads\/2022\/07\/Lactancia-leche-materna.jpg\" width=\"1040\" height=\"420\" alt=\"La lactancia materna es fundamental en la defensa contra enfermedades. Cr\u00e9ditos: Andina.\">\n\t\t\t\t\t\t<\/a>\n\t\t\t\t\t<\/div>\n\t\t\t\t<\/div>\n\t\t\t\t\t\t\t\t<div class=\"sp-pcp-post-details\">\n\t\t\t\t\t<div class=\"sp-pcp-post-details-content\">\n\t\t\t\t\t\t\t\t<h4 class=\"sp-pcp-title\">\n\t\t\t\t\t\t\t\t\t<a href=\"https:\/\/agencia.unq.edu.ar\/?p=5965\"  target=\"_self\">La lactancia materna beneficia a los beb\u00e9s y a las personas que amamantan<\/a>\t\t\t\t\t\t\t<\/h4>\n\t\t\t\t\t\t\t\t\t<\/div>\n\t\t\t\t<\/div>\n\t\t\t<\/div>\n\t\t<\/div>\n\t\t\t\t<div class=\" swiper-slide swiper-lazy\">\n\t\t\t<div class=\"sp-pcp-post default pcp-item-38165\" data-id=\"38165\">\n\t\t\t\t\t\t\t\t<div class=\"pcp-post-thumb-wrapper\">\n\t\t\t\t\t<div class=\"sp-pcp-post-thumb-area\">\n\t\t\t\t\t\t\t\t\t\t\t\t<a class=\"sp-pcp-thumb\" href=\"https:\/\/agencia.unq.edu.ar\/?p=38165\" target=\"_self\" >\n\t\t\t\t\t\t\t\t\t\t\t\t\t<img loading=\"lazy\" decoding=\"async\" src=\"https:\/\/agencia.unq.edu.ar\/wp-content\/uploads\/2026\/07\/pexels-1.jpg\" width=\"1040\" height=\"420\" alt=\"La prevenci\u00f3n de la demencia comienza mucho antes de que aparezcan los primeros olvidos: actividad f\u00edsica, v\u00ednculos sociales y control de la salud pueden ayudar a reducir el riesgo. Cr\u00e9dito: Pexels.\">\n\t\t\t\t\t\t<\/a>\n\t\t\t\t\t<\/div>\n\t\t\t\t<\/div>\n\t\t\t\t\t\t\t\t<div class=\"sp-pcp-post-details\">\n\t\t\t\t\t<div class=\"sp-pcp-post-details-content\">\n\t\t\t\t\t\t\t\t<h4 class=\"sp-pcp-title\">\n\t\t\t\t\t\t\t\t\t<a href=\"https:\/\/agencia.unq.edu.ar\/?p=38165\"  target=\"_self\">La OMS sugiere nuevas pautas para reducir las chances de tener demencia<\/a>\t\t\t\t\t\t\t<\/h4>\n\t\t\t\t\t\t\t\t\t<\/div>\n\t\t\t\t<\/div>\n\t\t\t<\/div>\n\t\t<\/div>\n\t\t\t\t<div class=\" swiper-slide swiper-lazy\">\n\t\t\t<div class=\"sp-pcp-post default pcp-item-38038\" data-id=\"38038\">\n\t\t\t\t\t\t\t\t<div class=\"pcp-post-thumb-wrapper\">\n\t\t\t\t\t<div class=\"sp-pcp-post-thumb-area\">\n\t\t\t\t\t\t\t\t\t\t\t\t<a class=\"sp-pcp-thumb\" href=\"https:\/\/agencia.unq.edu.ar\/?p=38038\" target=\"_self\" >\n\t\t\t\t\t\t\t\t\t\t\t\t\t<img loading=\"lazy\" decoding=\"async\" src=\"https:\/\/agencia.unq.edu.ar\/wp-content\/uploads\/2026\/07\/cancer.jpg\" width=\"1040\" height=\"420\" alt=\"La detecci\u00f3n temprana, la prevenci\u00f3n y el acceso equitativo a tratamientos ser\u00e1n claves para enfrentar el aumento mundial de los casos de c\u00e1ncer hacia 2050. Cr\u00e9dito: clatterbridgecc.\">\n\t\t\t\t\t\t<\/a>\n\t\t\t\t\t<\/div>\n\t\t\t\t<\/div>\n\t\t\t\t\t\t\t\t<div class=\"sp-pcp-post-details\">\n\t\t\t\t\t<div class=\"sp-pcp-post-details-content\">\n\t\t\t\t\t\t\t\t<h4 class=\"sp-pcp-title\">\n\t\t\t\t\t\t\t\t\t<a href=\"https:\/\/agencia.unq.edu.ar\/?p=38038\"  target=\"_self\">La OMS alerta: el c\u00e1ncer podr\u00eda llegar a 35 millones de nuevos casos anuales en 2050<\/a>\t\t\t\t\t\t\t<\/h4>\n\t\t\t\t\t\t\t\t\t<\/div>\n\t\t\t\t<\/div>\n\t\t\t<\/div>\n\t\t<\/div>\n\t\t\t\t<div class=\" swiper-slide swiper-lazy\">\n\t\t\t<div class=\"sp-pcp-post default pcp-item-37876\" data-id=\"37876\">\n\t\t\t\t\t\t\t\t<div class=\"pcp-post-thumb-wrapper\">\n\t\t\t\t\t<div class=\"sp-pcp-post-thumb-area\">\n\t\t\t\t\t\t\t\t\t\t\t\t<a class=\"sp-pcp-thumb\" href=\"https:\/\/agencia.unq.edu.ar\/?p=37876\" target=\"_self\" >\n\t\t\t\t\t\t\t\t\t\t\t\t\t<img loading=\"lazy\" decoding=\"async\" src=\"https:\/\/agencia.unq.edu.ar\/wp-content\/uploads\/2026\/07\/Dormir-calor.jpg\" width=\"1040\" height=\"420\" alt=\"Cr\u00e9ditos: El confidencial.\">\n\t\t\t\t\t\t<\/a>\n\t\t\t\t\t<\/div>\n\t\t\t\t<\/div>\n\t\t\t\t\t\t\t\t<div class=\"sp-pcp-post-details\">\n\t\t\t\t\t<div class=\"sp-pcp-post-details-content\">\n\t\t\t\t\t\t\t\t<h4 class=\"sp-pcp-title\">\n\t\t\t\t\t\t\t\t\t<a href=\"https:\/\/agencia.unq.edu.ar\/?p=37876\"  target=\"_self\">Seg\u00fan un estudio, una persona pierde siete noches de sue\u00f1o al a\u00f1o debido a las altas temperaturas nocturnas<\/a>\t\t\t\t\t\t\t<\/h4>\n\t\t\t\t\t\t\t\t\t<\/div>\n\t\t\t\t<\/div>\n\t\t\t<\/div>\n\t\t<\/div>\n\t\t\t\t<div class=\" swiper-slide swiper-lazy\">\n\t\t\t<div class=\"sp-pcp-post default pcp-item-37824\" data-id=\"37824\">\n\t\t\t\t\t\t\t\t<div class=\"pcp-post-thumb-wrapper\">\n\t\t\t\t\t<div class=\"sp-pcp-post-thumb-area\">\n\t\t\t\t\t\t\t\t\t\t\t\t<a class=\"sp-pcp-thumb\" href=\"https:\/\/agencia.unq.edu.ar\/?p=37824\" target=\"_self\" >\n\t\t\t\t\t\t\t\t\t\t\t\t\t<img loading=\"lazy\" decoding=\"async\" src=\"https:\/\/agencia.unq.edu.ar\/wp-content\/uploads\/2026\/07\/magnesio-griproom.jpg\" width=\"1040\" height=\"420\" alt=\"Una c\u00e1psula antes de dormir: una promesa sencilla que la ciencia todav\u00eda analiza con cautela. Cr\u00e9dito: Griproom.\">\n\t\t\t\t\t\t<\/a>\n\t\t\t\t\t<\/div>\n\t\t\t\t<\/div>\n\t\t\t\t\t\t\t\t<div class=\"sp-pcp-post-details\">\n\t\t\t\t\t<div class=\"sp-pcp-post-details-content\">\n\t\t\t\t\t\t\t\t<h4 class=\"sp-pcp-title\">\n\t\t\t\t\t\t\t\t\t<a href=\"https:\/\/agencia.unq.edu.ar\/?p=37824\"  target=\"_self\">El boom del magnesio: cu\u00e1nto hay de ciencia y cu\u00e1nto de marketing detr\u00e1s del suplemento de moda<\/a>\t\t\t\t\t\t\t<\/h4>\n\t\t\t\t\t\t\t\t\t<\/div>\n\t\t\t\t<\/div>\n\t\t\t<\/div>\n\t\t<\/div>\n\t\t\t\t<div class=\" swiper-slide swiper-lazy\">\n\t\t\t<div class=\"sp-pcp-post default pcp-item-37729\" data-id=\"37729\">\n\t\t\t\t\t\t\t\t<div class=\"pcp-post-thumb-wrapper\">\n\t\t\t\t\t<div class=\"sp-pcp-post-thumb-area\">\n\t\t\t\t\t\t\t\t\t\t\t\t<a class=\"sp-pcp-thumb\" href=\"https:\/\/agencia.unq.edu.ar\/?p=37729\" target=\"_self\" >\n\t\t\t\t\t\t\t\t\t\t\t\t\t<img loading=\"lazy\" decoding=\"async\" src=\"https:\/\/agencia.unq.edu.ar\/wp-content\/uploads\/2026\/07\/Infertilidad-.jpg\" width=\"1040\" height=\"420\" alt=\"Cr\u00e9ditos: Cl\u00ednicas por tu salud.\">\n\t\t\t\t\t\t<\/a>\n\t\t\t\t\t<\/div>\n\t\t\t\t<\/div>\n\t\t\t\t\t\t\t\t<div class=\"sp-pcp-post-details\">\n\t\t\t\t\t<div class=\"sp-pcp-post-details-content\">\n\t\t\t\t\t\t\t\t<h4 class=\"sp-pcp-title\">\n\t\t\t\t\t\t\t\t\t<a href=\"https:\/\/agencia.unq.edu.ar\/?p=37729\"  target=\"_self\">Un estudio advierte que 80 millones de mujeres podr\u00edan padecer infertilidad hacia 2036<\/a>\t\t\t\t\t\t\t<\/h4>\n\t\t\t\t\t\t\t\t\t<\/div>\n\t\t\t\t<\/div>\n\t\t\t<\/div>\n\t\t<\/div>\n\t\t\t\t<div class=\" swiper-slide swiper-lazy\">\n\t\t\t<div class=\"sp-pcp-post default pcp-item-37668\" data-id=\"37668\">\n\t\t\t\t\t\t\t\t<div class=\"pcp-post-thumb-wrapper\">\n\t\t\t\t\t<div class=\"sp-pcp-post-thumb-area\">\n\t\t\t\t\t\t\t\t\t\t\t\t<a class=\"sp-pcp-thumb\" href=\"https:\/\/agencia.unq.edu.ar\/?p=37668\" target=\"_self\" >\n\t\t\t\t\t\t\t\t\t\t\t\t\t<img loading=\"lazy\" decoding=\"async\" src=\"https:\/\/agencia.unq.edu.ar\/wp-content\/uploads\/2026\/07\/IStock-1.jpg\" width=\"1040\" height=\"420\" alt=\"La soledad no siempre se ve, pero tambi\u00e9n enferma: la OMS advierte que la desconexi\u00f3n social afecta a una de cada seis personas en el mundo y ya es considerada un problema de salud p\u00fablica global. Cr\u00e9dito: IStock.\">\n\t\t\t\t\t\t<\/a>\n\t\t\t\t\t<\/div>\n\t\t\t\t<\/div>\n\t\t\t\t\t\t\t\t<div class=\"sp-pcp-post-details\">\n\t\t\t\t\t<div class=\"sp-pcp-post-details-content\">\n\t\t\t\t\t\t\t\t<h4 class=\"sp-pcp-title\">\n\t\t\t\t\t\t\t\t\t<a href=\"https:\/\/agencia.unq.edu.ar\/?p=37668\"  target=\"_self\">La soledad ya no es tristeza: es un problema de salud p\u00fablica global<\/a>\t\t\t\t\t\t\t<\/h4>\n\t\t\t\t\t\t\t\t\t<\/div>\n\t\t\t\t<\/div>\n\t\t\t<\/div>\n\t\t<\/div>\n\t\t\t\t<div class=\" swiper-slide swiper-lazy\">\n\t\t\t<div class=\"sp-pcp-post default pcp-item-37662\" data-id=\"37662\">\n\t\t\t\t\t\t\t\t<div class=\"pcp-post-thumb-wrapper\">\n\t\t\t\t\t<div class=\"sp-pcp-post-thumb-area\">\n\t\t\t\t\t\t\t\t\t\t\t\t<a class=\"sp-pcp-thumb\" href=\"https:\/\/agencia.unq.edu.ar\/?p=37662\" target=\"_self\" >\n\t\t\t\t\t\t\t\t\t\t\t\t\t<img loading=\"lazy\" decoding=\"async\" src=\"https:\/\/agencia.unq.edu.ar\/wp-content\/uploads\/2026\/07\/TCA.jpg\" width=\"1040\" height=\"420\" alt=\"Argentina es considerado el segundo pa\u00eds con m\u00e1s casos de trastornos de la conducta alimentaria (TCA) a nivel mundial. Cr\u00e9ditos: Programa Desconecta.\">\n\t\t\t\t\t\t<\/a>\n\t\t\t\t\t<\/div>\n\t\t\t\t<\/div>\n\t\t\t\t\t\t\t\t<div class=\"sp-pcp-post-details\">\n\t\t\t\t\t<div class=\"sp-pcp-post-details-content\">\n\t\t\t\t\t\t\t\t<h4 class=\"sp-pcp-title\">\n\t\t\t\t\t\t\t\t\t<a href=\"https:\/\/agencia.unq.edu.ar\/?p=37662\"  target=\"_self\">Qu\u00e9 es el &#8220;plastic eating&#8221;, el fen\u00f3meno viral que incita a los trastornos de conducta alimenticia<\/a>\t\t\t\t\t\t\t<\/h4>\n\t\t\t\t\t\t\t\t\t<\/div>\n\t\t\t\t<\/div>\n\t\t\t<\/div>\n\t\t<\/div>\n\t\t\t\t\t<\/div>\n\t\t\t\t\t\t<div class=\"pcp-pagination swiper-pagination dots\"><\/div>\n\t\t\t\t\t\t\t\t\t\t<div class=\"pcp-button-next swiper-button-next top_right\"><i class=\"fa fa-angle-right\"><\/i><\/div>\n\t\t\t\t<div class=\"pcp-button-prev swiper-button-prev top_right\"><i class=\"fa fa-angle-left\"><\/i><\/div>\t<\/div>\n<\/div>\n\n\n\n\n<hr class=\"wp-block-separator has-text-color has-css-opacity has-background is-style-wide\" style=\"background-color:#fea50e;color:#fea50e\"\/>\n","protected":false},"excerpt":{"rendered":"<p>Se trata de un ave silvestre en la provincia de Jujuy. Por ahora, el riesgo de transmisi\u00f3n a humanos es bajo y el consumo de carne no es peligroso.<\/p>\n","protected":false},"author":6,"featured_media":10381,"comment_status":"open","ping_status":"closed","sticky":false,"template":"","format":"standard","meta":{"_uag_custom_page_level_css":"","_monsterinsights_skip_tracking":false,"site-sidebar-layout":"default","site-content-layout":"","ast-site-content-layout":"default","site-content-style":"default","site-sidebar-style":"default","ast-global-header-display":"","ast-banner-title-visibility":"","ast-main-header-display":"","ast-hfb-above-header-display":"","ast-hfb-below-header-display":"","ast-hfb-mobile-header-display":"","site-post-title":"","ast-breadcrumbs-content":"","ast-featured-img":"","footer-sml-layout":"","ast-disable-related-posts":"","theme-transparent-header-meta":"","adv-header-id-meta":"","stick-header-meta":"","header-above-stick-meta":"","header-main-stick-meta":"","header-below-stick-meta":"","astra-migrate-meta-layouts":"default","ast-page-background-enabled":"default","ast-page-background-meta":{"desktop":{"background-color":"var(--ast-global-color-4)","background-image":"","background-repeat":"repeat","background-position":"center center","background-size":"auto","background-attachment":"scroll","background-type":"","background-media":"","overlay-type":"","overlay-color":"","overlay-opacity":"","overlay-gradient":""},"tablet":{"background-color":"","background-image":"","background-repeat":"repeat","background-position":"center center","background-size":"auto","background-attachment":"scroll","background-type":"","background-media":"","overlay-type":"","overlay-color":"","overlay-opacity":"","overlay-gradient":""},"mobile":{"background-color":"","background-image":"","background-repeat":"repeat","background-position":"center center","background-size":"auto","background-attachment":"scroll","background-type":"","background-media":"","overlay-type":"","overlay-color":"","overlay-opacity":"","overlay-gradient":""}},"ast-content-background-meta":{"desktop":{"background-color":"var(--ast-global-color-5)","background-image":"","background-repeat":"repeat","background-position":"center center","background-size":"auto","background-attachment":"scroll","background-type":"","background-media":"","overlay-type":"","overlay-color":"","overlay-opacity":"","overlay-gradient":""},"tablet":{"background-color":"var(--ast-global-color-5)","background-image":"","background-repeat":"repeat","background-position":"center center","background-size":"auto","background-attachment":"scroll","background-type":"","background-media":"","overlay-type":"","overlay-color":"","overlay-opacity":"","overlay-gradient":""},"mobile":{"background-color":"var(--ast-global-color-5)","background-image":"","background-repeat":"repeat","background-position":"center center","background-size":"auto","background-attachment":"scroll","background-type":"","background-media":"","overlay-type":"","overlay-color":"","overlay-opacity":"","overlay-gradient":""}},"footnotes":""},"categories":[16,9],"tags":[126],"class_list":["post-10382","post","type-post","status-publish","format-standard","has-post-thumbnail","hentry","category-noticia-destacada","category-salud","tag-gripe"],"aioseo_notices":[],"aioseo_head":"\n\t\t<!-- All in One SEO 5.0.0.1 - aioseo.com -->\n\t<meta name=\"description\" content=\"El contenido propone masticar un alimento envuelto en pl\u00e1stico y escupirlo. Se vende como un truco para adelgazar r\u00e1pido, pero esconde peligros para la salud.\" \/>\n\t<meta name=\"robots\" content=\"max-image-preview:large\" \/>\n\t<meta name=\"author\" content=\"Luciana Mazzini Puga\"\/>\n\t<link rel=\"canonical\" href=\"https:\/\/agencia.unq.edu.ar\/?p=37662\" \/>\n\t<meta name=\"generator\" content=\"All in One SEO (AIOSEO) 5.0.0.1\" \/>\n\t\t<meta property=\"og:locale\" content=\"es_ES\" \/>\n\t\t<meta property=\"og:site_name\" content=\"Agencia de Noticias Cient\u00edficas de la UNQ\" \/>\n\t\t<meta property=\"og:type\" content=\"article\" \/>\n\t\t<meta property=\"og:title\" content=\"Qu\u00e9 es el \u201cplastic eating\u201d, el fen\u00f3meno viral que incita a los trastornos de conducta alimenticia - Agencia de Noticias Cient\u00edficas de la UNQ\" \/>\n\t\t<meta property=\"og:description\" content=\"El contenido propone masticar un alimento envuelto en pl\u00e1stico y escupirlo. Se vende como un truco para adelgazar r\u00e1pido, pero esconde peligros para la salud.\" \/>\n\t\t<meta property=\"og:url\" content=\"https:\/\/agencia.unq.edu.ar\/?p=37662\" \/>\n\t\t<meta property=\"og:image\" content=\"https:\/\/agencia.unq.edu.ar\/wp-content\/uploads\/2026\/07\/TCA.jpg\" \/>\n\t\t<meta property=\"og:image:secure_url\" content=\"https:\/\/agencia.unq.edu.ar\/wp-content\/uploads\/2026\/07\/TCA.jpg\" \/>\n\t\t<meta property=\"og:image:width\" content=\"1040\" \/>\n\t\t<meta property=\"og:image:height\" content=\"420\" \/>\n\t\t<meta property=\"article:published_time\" content=\"2026-07-03T18:58:06+00:00\" \/>\n\t\t<meta property=\"article:modified_time\" content=\"2026-07-03T18:58:06+00:00\" \/>\n\t\t<meta name=\"twitter:card\" content=\"summary_large_image\" \/>\n\t\t<meta name=\"twitter:site\" content=\"@Agencia__UNQ\" \/>\n\t\t<meta name=\"twitter:title\" content=\"Qu\u00e9 es el \u201cplastic eating\u201d, el fen\u00f3meno viral que incita a los trastornos de conducta alimenticia - Agencia de Noticias Cient\u00edficas de la UNQ\" \/>\n\t\t<meta name=\"twitter:description\" content=\"El contenido propone masticar un alimento envuelto en pl\u00e1stico y escupirlo. Se vende como un truco para adelgazar r\u00e1pido, pero esconde peligros para la salud.\" \/>\n\t\t<meta name=\"twitter:image\" content=\"https:\/\/agencia.unq.edu.ar\/wp-content\/uploads\/2026\/07\/TCA.jpg\" \/>\n\t\t<script type=\"application\/ld+json\" class=\"aioseo-schema\">\n\t\t\t{\"@context\":\"https:\\\/\\\/schema.org\",\"@graph\":[{\"@type\":\"BlogPosting\",\"@id\":\"https:\\\/\\\/agencia.unq.edu.ar\\\/?p=37662#blogposting\",\"name\":\"Qu\\u00e9 es el \\u201cplastic eating\\u201d, el fen\\u00f3meno viral que incita a los trastornos de conducta alimenticia - Agencia de Noticias Cient\\u00edficas de la UNQ\",\"headline\":\"Qu\\u00e9 es el &#8220;plastic eating&#8221;, el fen\\u00f3meno viral que incita a los trastornos de conducta alimenticia\",\"author\":{\"@id\":\"https:\\\/\\\/agencia.unq.edu.ar\\\/?author=4#author\"},\"publisher\":{\"@id\":\"https:\\\/\\\/agencia.unq.edu.ar\\\/#organization\"},\"image\":{\"@type\":\"ImageObject\",\"url\":\"https:\\\/\\\/agencia.unq.edu.ar\\\/wp-content\\\/uploads\\\/2026\\\/07\\\/TCA.jpg\",\"width\":1040,\"height\":420,\"caption\":\"Argentina es considerado el segundo pa\\u00eds con m\\u00e1s casos de trastornos de la conducta alimentaria (TCA) a nivel mundial. Cr\\u00e9ditos: Programa Desconecta.\"},\"datePublished\":\"2026-07-03T15:58:06-03:00\",\"dateModified\":\"2026-07-03T15:58:06-03:00\",\"inLanguage\":\"es-AR\",\"mainEntityOfPage\":{\"@id\":\"https:\\\/\\\/agencia.unq.edu.ar\\\/?p=37662#webpage\"},\"isPartOf\":{\"@id\":\"https:\\\/\\\/agencia.unq.edu.ar\\\/?p=37662#webpage\"},\"articleSection\":\"Noticia destacada, Salud, Cultura digital\"},{\"@type\":\"BreadcrumbList\",\"@id\":\"https:\\\/\\\/agencia.unq.edu.ar\\\/?p=37662#breadcrumblist\",\"itemListElement\":[{\"@type\":\"ListItem\",\"@id\":\"https:\\\/\\\/agencia.unq.edu.ar#listItem\",\"position\":1,\"name\":\"Home\",\"item\":\"https:\\\/\\\/agencia.unq.edu.ar\",\"nextItem\":{\"@type\":\"ListItem\",\"@id\":\"https:\\\/\\\/agencia.unq.edu.ar\\\/?cat=9#listItem\",\"name\":\"Salud\"}},{\"@type\":\"ListItem\",\"@id\":\"https:\\\/\\\/agencia.unq.edu.ar\\\/?cat=9#listItem\",\"position\":2,\"name\":\"Salud\",\"item\":\"https:\\\/\\\/agencia.unq.edu.ar\\\/?cat=9\",\"nextItem\":{\"@type\":\"ListItem\",\"@id\":\"https:\\\/\\\/agencia.unq.edu.ar\\\/?p=10382#listItem\",\"name\":\"Detectan el primer caso de gripe aviar en el pa\\u00eds y el gobierno declara la emergencia sanitaria\"},\"previousItem\":{\"@type\":\"ListItem\",\"@id\":\"https:\\\/\\\/agencia.unq.edu.ar#listItem\",\"name\":\"Home\"}},{\"@type\":\"ListItem\",\"@id\":\"https:\\\/\\\/agencia.unq.edu.ar\\\/?p=10382#listItem\",\"position\":3,\"name\":\"Detectan el primer caso de gripe aviar en el pa\\u00eds y el gobierno declara la emergencia sanitaria\",\"previousItem\":{\"@type\":\"ListItem\",\"@id\":\"https:\\\/\\\/agencia.unq.edu.ar\\\/?cat=9#listItem\",\"name\":\"Salud\"}}]},{\"@type\":\"Organization\",\"@id\":\"https:\\\/\\\/agencia.unq.edu.ar\\\/#organization\",\"name\":\"Agencia de noticias cient\\u00edficas\",\"description\":\"Contamos la ciencia en tiempo real\",\"url\":\"https:\\\/\\\/agencia.unq.edu.ar\\\/\",\"logo\":{\"@type\":\"ImageObject\",\"url\":\"https:\\\/\\\/agencia.unq.edu.ar\\\/wp-content\\\/uploads\\\/2025\\\/01\\\/logo-agencia-bn-sin-fondo.png\",\"@id\":\"https:\\\/\\\/agencia.unq.edu.ar\\\/?p=37662\\\/#organizationLogo\",\"width\":904,\"height\":222,\"caption\":\"Logo Agencia de Noticias Cient\\u00edficas de la UNQ\"},\"image\":{\"@id\":\"https:\\\/\\\/agencia.unq.edu.ar\\\/?p=37662\\\/#organizationLogo\"},\"sameAs\":[\"https:\\\/\\\/www.instagram.com\\\/agencia_noticias_unq\\\/\"]},{\"@type\":\"Person\",\"@id\":\"https:\\\/\\\/agencia.unq.edu.ar\\\/?author=4#author\",\"url\":\"https:\\\/\\\/agencia.unq.edu.ar\\\/?author=4\",\"name\":\"Luciana Mazzini Puga\",\"image\":{\"@type\":\"ImageObject\",\"@id\":\"https:\\\/\\\/agencia.unq.edu.ar\\\/?p=37662#authorImage\",\"url\":\"https:\\\/\\\/secure.gravatar.com\\\/avatar\\\/ef15c009bb55321a209ea0f058774f405c2573f130a939a58534f80578e5e39b?s=96&d=mm&r=g\",\"width\":96,\"height\":96,\"caption\":\"Luciana Mazzini Puga\"}},{\"@type\":\"WebPage\",\"@id\":\"https:\\\/\\\/agencia.unq.edu.ar\\\/?p=37662#webpage\",\"url\":\"https:\\\/\\\/agencia.unq.edu.ar\\\/?p=37662\",\"name\":\"Qu\\u00e9 es el \\u201cplastic eating\\u201d, el fen\\u00f3meno viral que incita a los trastornos de conducta alimenticia - Agencia de Noticias Cient\\u00edficas de la UNQ\",\"description\":\"El contenido propone masticar un alimento envuelto en pl\\u00e1stico y escupirlo. Se vende como un truco para adelgazar r\\u00e1pido, pero esconde peligros para la salud.\",\"inLanguage\":\"es-AR\",\"isPartOf\":{\"@id\":\"https:\\\/\\\/agencia.unq.edu.ar\\\/#website\"},\"breadcrumb\":{\"@id\":\"https:\\\/\\\/agencia.unq.edu.ar\\\/?p=37662#breadcrumblist\"},\"author\":{\"@id\":\"https:\\\/\\\/agencia.unq.edu.ar\\\/?author=4#author\"},\"creator\":{\"@id\":\"https:\\\/\\\/agencia.unq.edu.ar\\\/?author=4#author\"},\"image\":{\"@type\":\"ImageObject\",\"url\":\"https:\\\/\\\/agencia.unq.edu.ar\\\/wp-content\\\/uploads\\\/2026\\\/07\\\/TCA.jpg\",\"@id\":\"https:\\\/\\\/agencia.unq.edu.ar\\\/?p=37662\\\/#mainImage\",\"width\":1040,\"height\":420,\"caption\":\"Argentina es considerado el segundo pa\\u00eds con m\\u00e1s casos de trastornos de la conducta alimentaria (TCA) a nivel mundial. Cr\\u00e9ditos: Programa Desconecta.\"},\"primaryImageOfPage\":{\"@id\":\"https:\\\/\\\/agencia.unq.edu.ar\\\/?p=37662#mainImage\"},\"datePublished\":\"2026-07-03T15:58:06-03:00\",\"dateModified\":\"2026-07-03T15:58:06-03:00\"},{\"@type\":\"WebSite\",\"@id\":\"https:\\\/\\\/agencia.unq.edu.ar\\\/#website\",\"url\":\"https:\\\/\\\/agencia.unq.edu.ar\\\/\",\"name\":\"Agencia de noticias cient\\u00edficas\",\"description\":\"Contamos la ciencia en tiempo real\",\"inLanguage\":\"es-AR\",\"publisher\":{\"@id\":\"https:\\\/\\\/agencia.unq.edu.ar\\\/#organization\"}}]}\n\t\t<\/script>\n\t\t<!-- All in One SEO -->\n\n","aioseo_head_json":{"title":"Qu\u00e9 es el \u201cplastic eating\u201d, el fen\u00f3meno viral que incita a los trastornos de conducta alimenticia - Agencia de Noticias Cient\u00edficas de la UNQ","description":"El contenido propone masticar un alimento envuelto en pl\u00e1stico y escupirlo. Se vende como un truco para adelgazar r\u00e1pido, pero esconde peligros para la salud.","canonical_url":"https:\/\/agencia.unq.edu.ar\/?p=37662","robots":"max-image-preview:large","keywords":"","webmasterTools":{"miscellaneous":""},"schema":{"@context":"https:\/\/schema.org","@graph":[{"@type":"BlogPosting","@id":"https:\/\/agencia.unq.edu.ar\/?p=37662#blogposting","name":"Qu\u00e9 es el \u201cplastic eating\u201d, el fen\u00f3meno viral que incita a los trastornos de conducta alimenticia - Agencia de Noticias Cient\u00edficas de la UNQ","headline":"Qu\u00e9 es el &#8220;plastic eating&#8221;, el fen\u00f3meno viral que incita a los trastornos de conducta alimenticia","author":{"@id":"https:\/\/agencia.unq.edu.ar\/?author=4#author"},"publisher":{"@id":"https:\/\/agencia.unq.edu.ar\/#organization"},"image":{"@type":"ImageObject","url":"https:\/\/agencia.unq.edu.ar\/wp-content\/uploads\/2026\/07\/TCA.jpg","width":1040,"height":420,"caption":"Argentina es considerado el segundo pa\u00eds con m\u00e1s casos de trastornos de la conducta alimentaria (TCA) a nivel mundial. Cr\u00e9ditos: Programa Desconecta."},"datePublished":"2026-07-03T15:58:06-03:00","dateModified":"2026-07-03T15:58:06-03:00","inLanguage":"es-AR","mainEntityOfPage":{"@id":"https:\/\/agencia.unq.edu.ar\/?p=37662#webpage"},"isPartOf":{"@id":"https:\/\/agencia.unq.edu.ar\/?p=37662#webpage"},"articleSection":"Noticia destacada, Salud, Cultura digital"},{"@type":"BreadcrumbList","@id":"https:\/\/agencia.unq.edu.ar\/?p=37662#breadcrumblist","itemListElement":[{"@type":"ListItem","@id":"https:\/\/agencia.unq.edu.ar#listItem","position":1,"name":"Home","item":"https:\/\/agencia.unq.edu.ar","nextItem":{"@type":"ListItem","@id":"https:\/\/agencia.unq.edu.ar\/?cat=9#listItem","name":"Salud"}},{"@type":"ListItem","@id":"https:\/\/agencia.unq.edu.ar\/?cat=9#listItem","position":2,"name":"Salud","item":"https:\/\/agencia.unq.edu.ar\/?cat=9","nextItem":{"@type":"ListItem","@id":"https:\/\/agencia.unq.edu.ar\/?p=10382#listItem","name":"Detectan el primer caso de gripe aviar en el pa\u00eds y el gobierno declara la emergencia sanitaria"},"previousItem":{"@type":"ListItem","@id":"https:\/\/agencia.unq.edu.ar#listItem","name":"Home"}},{"@type":"ListItem","@id":"https:\/\/agencia.unq.edu.ar\/?p=10382#listItem","position":3,"name":"Detectan el primer caso de gripe aviar en el pa\u00eds y el gobierno declara la emergencia sanitaria","previousItem":{"@type":"ListItem","@id":"https:\/\/agencia.unq.edu.ar\/?cat=9#listItem","name":"Salud"}}]},{"@type":"Organization","@id":"https:\/\/agencia.unq.edu.ar\/#organization","name":"Agencia de noticias cient\u00edficas","description":"Contamos la ciencia en tiempo real","url":"https:\/\/agencia.unq.edu.ar\/","logo":{"@type":"ImageObject","url":"https:\/\/agencia.unq.edu.ar\/wp-content\/uploads\/2025\/01\/logo-agencia-bn-sin-fondo.png","@id":"https:\/\/agencia.unq.edu.ar\/?p=37662\/#organizationLogo","width":904,"height":222,"caption":"Logo Agencia de Noticias Cient\u00edficas de la UNQ"},"image":{"@id":"https:\/\/agencia.unq.edu.ar\/?p=37662\/#organizationLogo"},"sameAs":["https:\/\/www.instagram.com\/agencia_noticias_unq\/"]},{"@type":"Person","@id":"https:\/\/agencia.unq.edu.ar\/?author=4#author","url":"https:\/\/agencia.unq.edu.ar\/?author=4","name":"Luciana Mazzini Puga","image":{"@type":"ImageObject","@id":"https:\/\/agencia.unq.edu.ar\/?p=37662#authorImage","url":"https:\/\/secure.gravatar.com\/avatar\/ef15c009bb55321a209ea0f058774f405c2573f130a939a58534f80578e5e39b?s=96&d=mm&r=g","width":96,"height":96,"caption":"Luciana Mazzini Puga"}},{"@type":"WebPage","@id":"https:\/\/agencia.unq.edu.ar\/?p=37662#webpage","url":"https:\/\/agencia.unq.edu.ar\/?p=37662","name":"Qu\u00e9 es el \u201cplastic eating\u201d, el fen\u00f3meno viral que incita a los trastornos de conducta alimenticia - Agencia de Noticias Cient\u00edficas de la UNQ","description":"El contenido propone masticar un alimento envuelto en pl\u00e1stico y escupirlo. Se vende como un truco para adelgazar r\u00e1pido, pero esconde peligros para la salud.","inLanguage":"es-AR","isPartOf":{"@id":"https:\/\/agencia.unq.edu.ar\/#website"},"breadcrumb":{"@id":"https:\/\/agencia.unq.edu.ar\/?p=37662#breadcrumblist"},"author":{"@id":"https:\/\/agencia.unq.edu.ar\/?author=4#author"},"creator":{"@id":"https:\/\/agencia.unq.edu.ar\/?author=4#author"},"image":{"@type":"ImageObject","url":"https:\/\/agencia.unq.edu.ar\/wp-content\/uploads\/2026\/07\/TCA.jpg","@id":"https:\/\/agencia.unq.edu.ar\/?p=37662\/#mainImage","width":1040,"height":420,"caption":"Argentina es considerado el segundo pa\u00eds con m\u00e1s casos de trastornos de la conducta alimentaria (TCA) a nivel mundial. Cr\u00e9ditos: Programa Desconecta."},"primaryImageOfPage":{"@id":"https:\/\/agencia.unq.edu.ar\/?p=37662#mainImage"},"datePublished":"2026-07-03T15:58:06-03:00","dateModified":"2026-07-03T15:58:06-03:00"},{"@type":"WebSite","@id":"https:\/\/agencia.unq.edu.ar\/#website","url":"https:\/\/agencia.unq.edu.ar\/","name":"Agencia de noticias cient\u00edficas","description":"Contamos la ciencia en tiempo real","inLanguage":"es-AR","publisher":{"@id":"https:\/\/agencia.unq.edu.ar\/#organization"}}]},"og:locale":"es_ES","og:site_name":"Agencia de Noticias Cient\u00edficas de la UNQ","og:type":"article","og:title":"Qu\u00e9 es el \u201cplastic eating\u201d, el fen\u00f3meno viral que incita a los trastornos de conducta alimenticia - Agencia de Noticias Cient\u00edficas de la UNQ","og:description":"El contenido propone masticar un alimento envuelto en pl\u00e1stico y escupirlo. Se vende como un truco para adelgazar r\u00e1pido, pero esconde peligros para la salud.","og:url":"https:\/\/agencia.unq.edu.ar\/?p=37662","og:image":"https:\/\/agencia.unq.edu.ar\/wp-content\/uploads\/2026\/07\/TCA.jpg","og:image:secure_url":"https:\/\/agencia.unq.edu.ar\/wp-content\/uploads\/2026\/07\/TCA.jpg","og:image:width":1040,"og:image:height":420,"article:published_time":"2026-07-03T18:58:06+00:00","article:modified_time":"2026-07-03T18:58:06+00:00","twitter:card":"summary_large_image","twitter:site":"@Agencia__UNQ","twitter:title":"Qu\u00e9 es el \u201cplastic eating\u201d, el fen\u00f3meno viral que incita a los trastornos de conducta alimenticia - Agencia de Noticias Cient\u00edficas de la UNQ","twitter:description":"El contenido propone masticar un alimento envuelto en pl\u00e1stico y escupirlo. Se vende como un truco para adelgazar r\u00e1pido, pero esconde peligros para la salud.","twitter:image":"https:\/\/agencia.unq.edu.ar\/wp-content\/uploads\/2026\/07\/TCA.jpg"},"aioseo_meta_data":{"post_id":"10382","title":"#post_title #separator_sa #site_title","description":"#post_excerpt","keywords":[],"keyphrases":{"focus":{"keyphrase":"","score":0,"analysis":{"keyphraseInTitle":{"score":0,"maxScore":9,"error":1}}},"additional":[]},"primary_term":null,"canonical_url":null,"og_title":null,"og_description":null,"og_object_type":"default","og_image_type":"default","og_image_url":null,"og_image_width":null,"og_image_height":null,"og_image_custom_url":null,"og_image_custom_fields":null,"og_video":"","og_custom_url":null,"og_article_section":null,"og_article_tags":[],"twitter_use_og":true,"twitter_card":"default","twitter_image_type":"default","twitter_image_url":null,"twitter_image_custom_url":null,"twitter_image_custom_fields":null,"twitter_title":null,"twitter_description":null,"schema":{"blockGraphs":[],"customGraphs":[],"default":{"data":{"Article":{"id":"#aioseo-article-65d4ffa8e711a","slug":"article","graphName":"Article","label":"Article","properties":{"type":"BlogPosting","name":"#post_title","headline":"#post_title","description":"#post_excerpt","image":"","keywords":"","author":{"name":"#author_name","url":"#author_url"},"dates":{"include":true,"datePublished":"","dateModified":""}}},"Course":[],"Dataset":[],"FAQPage":[],"Movie":[],"Person":[],"Product":[],"ProductReview":[],"Car":[],"Recipe":[],"Service":[],"SoftwareApplication":[],"WebPage":[]},"graphName":"Article","isEnabled":true},"graphs":[]},"schema_type":"default","schema_type_options":"{\"article\":{\"articleType\":\"BlogPosting\"},\"course\":{\"name\":\"\",\"description\":\"\",\"provider\":\"\"},\"faq\":{\"pages\":[]},\"product\":{\"reviews\":[]},\"recipe\":{\"ingredients\":[],\"instructions\":[],\"keywords\":[]},\"software\":{\"reviews\":[],\"operatingSystems\":[]},\"webPage\":{\"webPageType\":\"WebPage\"}}","pillar_content":false,"robots_default":true,"robots_noindex":false,"robots_noarchive":false,"robots_nosnippet":false,"robots_nofollow":false,"robots_noimageindex":false,"robots_noodp":false,"robots_notranslate":false,"robots_max_snippet":"-1","robots_max_videopreview":"-1","robots_max_imagepreview":"large","priority":null,"frequency":"default","local_seo":null,"breadcrumb_settings":null,"limit_modified_date":false,"ai":null,"created":"2023-02-16 17:24:11","updated":"2025-06-05 06:33:57","seo_analyzer_scan_date":null,"focus_keyword":null,"additional_keywords":null,"truseo_locale":null},"aioseo_breadcrumb":"<div class=\"aioseo-breadcrumbs\"><span class=\"aioseo-breadcrumb\">\n\t\t\t<a href=\"https:\/\/agencia.unq.edu.ar\" title=\"Home\">Home<\/a>\n\t\t<\/span><span class=\"aioseo-breadcrumb-separator\">&raquo;<\/span><span class=\"aioseo-breadcrumb\">\n\t\t\t<a href=\"https:\/\/agencia.unq.edu.ar\/?cat=9\" title=\"Salud\">Salud<\/a>\n\t\t<\/span><span class=\"aioseo-breadcrumb-separator\">&raquo;<\/span><span class=\"aioseo-breadcrumb\">\n\t\t\tDetectan el primer caso de gripe aviar en el pa\u00eds y el gobierno declara la emergencia sanitaria\n\t\t<\/span><\/div>","aioseo_breadcrumb_json":[{"label":"Home","link":"https:\/\/agencia.unq.edu.ar"},{"label":"Salud","link":"https:\/\/agencia.unq.edu.ar\/?cat=9"},{"label":"Detectan el primer caso de gripe aviar en el pa\u00eds y el gobierno declara la emergencia sanitaria","link":"https:\/\/agencia.unq.edu.ar\/?p=10382"}],"uagb_featured_image_src":{"full":["https:\/\/agencia.unq.edu.ar\/wp-content\/uploads\/2023\/02\/gripe-aviar.jpg",1040,420,false],"thumbnail":["https:\/\/agencia.unq.edu.ar\/wp-content\/uploads\/2023\/02\/gripe-aviar.jpg",150,61,false],"medium":["https:\/\/agencia.unq.edu.ar\/wp-content\/uploads\/2023\/02\/gripe-aviar.jpg",960,388,false],"medium_large":["https:\/\/agencia.unq.edu.ar\/wp-content\/uploads\/2023\/02\/gripe-aviar.jpg",768,310,false],"large":["https:\/\/agencia.unq.edu.ar\/wp-content\/uploads\/2023\/02\/gripe-aviar.jpg",1040,420,false],"1536x1536":["https:\/\/agencia.unq.edu.ar\/wp-content\/uploads\/2023\/02\/gripe-aviar.jpg",1040,420,false],"2048x2048":["https:\/\/agencia.unq.edu.ar\/wp-content\/uploads\/2023\/02\/gripe-aviar.jpg",1040,420,false],"smart-post-landscape":["https:\/\/agencia.unq.edu.ar\/wp-content\/uploads\/2023\/02\/gripe-aviar.jpg",870,351,false],"smart-post-portrait":["https:\/\/agencia.unq.edu.ar\/wp-content\/uploads\/2023\/02\/gripe-aviar.jpg",600,242,false]},"uagb_author_info":{"display_name":"Nicol\u00e1s Retamar","author_link":"https:\/\/agencia.unq.edu.ar\/?author=6"},"uagb_comment_info":0,"uagb_excerpt":"Se trata de un ave silvestre en la provincia de Jujuy. Por ahora, el riesgo de transmisi\u00f3n a humanos es bajo y el consumo de carne no es peligroso.","blog_post_layout_featured_media_urls":{"thumbnail":["https:\/\/agencia.unq.edu.ar\/wp-content\/uploads\/2023\/02\/gripe-aviar.jpg",150,61,false],"full":["https:\/\/agencia.unq.edu.ar\/wp-content\/uploads\/2023\/02\/gripe-aviar.jpg",1040,420,false]},"categories_names":{"16":{"name":"Noticia destacada","link":"https:\/\/agencia.unq.edu.ar\/?cat=16"},"9":{"name":"Salud","link":"https:\/\/agencia.unq.edu.ar\/?cat=9"}},"tags_names":{"126":{"name":"gripe","link":"https:\/\/agencia.unq.edu.ar\/?tag=gripe"}},"comments_number":"0","_links":{"self":[{"href":"https:\/\/agencia.unq.edu.ar\/index.php?rest_route=\/wp\/v2\/posts\/10382","targetHints":{"allow":["GET"]}}],"collection":[{"href":"https:\/\/agencia.unq.edu.ar\/index.php?rest_route=\/wp\/v2\/posts"}],"about":[{"href":"https:\/\/agencia.unq.edu.ar\/index.php?rest_route=\/wp\/v2\/types\/post"}],"author":[{"embeddable":true,"href":"https:\/\/agencia.unq.edu.ar\/index.php?rest_route=\/wp\/v2\/users\/6"}],"replies":[{"embeddable":true,"href":"https:\/\/agencia.unq.edu.ar\/index.php?rest_route=%2Fwp%2Fv2%2Fcomments&post=10382"}],"version-history":[{"count":4,"href":"https:\/\/agencia.unq.edu.ar\/index.php?rest_route=\/wp\/v2\/posts\/10382\/revisions"}],"predecessor-version":[{"id":10388,"href":"https:\/\/agencia.unq.edu.ar\/index.php?rest_route=\/wp\/v2\/posts\/10382\/revisions\/10388"}],"wp:featuredmedia":[{"embeddable":true,"href":"https:\/\/agencia.unq.edu.ar\/index.php?rest_route=\/wp\/v2\/media\/10381"}],"wp:attachment":[{"href":"https:\/\/agencia.unq.edu.ar\/index.php?rest_route=%2Fwp%2Fv2%2Fmedia&parent=10382"}],"wp:term":[{"taxonomy":"category","embeddable":true,"href":"https:\/\/agencia.unq.edu.ar\/index.php?rest_route=%2Fwp%2Fv2%2Fcategories&post=10382"},{"taxonomy":"post_tag","embeddable":true,"href":"https:\/\/agencia.unq.edu.ar\/index.php?rest_route=%2Fwp%2Fv2%2Ftags&post=10382"}],"curies":[{"name":"wp","href":"https:\/\/api.w.org\/{rel}","templated":true}]}}