{"id":12469,"date":"2023-05-22T15:23:03","date_gmt":"2023-05-22T18:23:03","guid":{"rendered":"https:\/\/agencia.unq.edu.ar\/?p=12469"},"modified":"2023-05-22T15:23:05","modified_gmt":"2023-05-22T18:23:05","slug":"se-realizara-en-argentina-el-primer-congreso-internacional-de-salud-publica","status":"publish","type":"post","link":"https:\/\/agencia.unq.edu.ar\/?p=12469","title":{"rendered":"Se realizar\u00e1 en Argentina el primer Congreso Internacional de Salud P\u00fablica"},"content":{"rendered":"\n<p class=\"has-medium-font-size wp-block-paragraph\">El evento ser\u00e1 del 31 de mayo al 2 junio en CABA y contar\u00e1 con la presencia de especialistas del campo sanitario nacional y mundial.<\/p>\n\n\n\n<figure class=\"wp-block-image size-full\"><img loading=\"lazy\" decoding=\"async\" width=\"1040\" height=\"420\" src=\"https:\/\/agencia.unq.edu.ar\/wp-content\/uploads\/2023\/05\/salud-publica.jpg\" alt=\"El evento ser\u00e1 una posibilidad para proponer pol\u00edticas p\u00fablicas en el sector. Cr\u00e9ditos: Dependencia.\" class=\"wp-image-12485\"\/><figcaption class=\"wp-element-caption\">El evento ser\u00e1 una posibilidad para proponer pol\u00edticas p\u00fablicas en el sector. Cr\u00e9ditos: Dependencia.<\/figcaption><\/figure>\n\n\n\n<p class=\"wp-block-paragraph\">Del 31 de mayo al 2 junio se llevar\u00e1 a cabo en la Ciudad Aut\u00f3noma de Buenos Aires el primer Congreso Internacional de Salud P\u00fablica en el Centro de Convenciones Palais Rouge. All\u00ed participar\u00e1n sanitaristas, profesionales de la salud, acad\u00e9micos, funcionarios y trabajadores de Argentina y del exterior para debatir, reflexionar y proponer pol\u00edticas p\u00fablicas espec\u00edficas para el sector. Bajo el lema \u201cUna salud: para una Argentina con equidad\u201d, el evento impulsado por la Asociaci\u00f3n Argentina de Salud P\u00fablica (AASAP) abordar\u00e1 temas vinculados a las dimensiones pol\u00edticas, los marcos legales, los sistemas de salud, la gesti\u00f3n y el talento humano, la ciencia y la tecnolog\u00eda, la salud ambiental y el acceso. En este sentido, desde la Asociaci\u00f3n se\u00f1alan: \u201cPara que un pa\u00eds se desarrolle tiene que existir una pol\u00edtica de salud que acompa\u00f1e ese desarrollo sustentable con equidad y justicia social\u201d.<\/p>\n\n\n\n<p class=\"wp-block-paragraph\">En di\u00e1logo con la <a href=\"https:\/\/agencia.unq.edu.ar\/\">Agencia de Noticias Cient\u00edficas de la Universidad Nacional de Quilmes<\/a>, <strong>Arnaldo Medina<\/strong>, presidente de la AASAP, explica: \u201cEl lema del Congreso <strong>\u2018Una salud\u2019 es un concepto que se viene desarrollando a nivel global, pensando precisamente en la integralidad que debe tener el enfoque<\/strong>. Por ejemplo, un gran problema en la actualidad es el cambio clim\u00e1tico y sus consecuencias\u201d.<\/p>\n\n\n\n<p class=\"wp-block-paragraph\">El Congreso cuenta con el apoyo de especialistas y asociaciones de Am\u00e9rica Latina y Europa. En este marco, habr\u00e1 figuras internacionales como <strong>Naomar Almeida Filho<\/strong>, especialista en Salud Colectiva y pionero de la Epidemiolog\u00eda Cr\u00edtica en Brasil, y <strong>Luis Eugenio de Souza<\/strong>, presidente de la Federaci\u00f3n Mundial de Asociaciones de Salud p\u00fablica. Adem\u00e1s, participar\u00e1n del encuentro los directores de la asociaci\u00f3n brasile\u00f1a y la asociaci\u00f3n mexicana.<\/p>\n\n\n\n<p class=\"wp-block-paragraph\"><strong>En el evento confluir\u00e1n diferentes colectivos asociados a la salud con sus demandas espec\u00edficas<\/strong>. Por ejemplo, formar\u00e1n parte los promotores y promotoras de salud que, junto a los agentes sanitarios, reclaman una ley nacional que reconozca su tarea. Tambi\u00e9n, tanto personal de enfermer\u00eda como de obstetricia se expresar\u00e1 en favor de reglamentaciones espec\u00edficas que regulen la actividad profesional de ambos sectores. Adem\u00e1s, se exigir\u00e1 la aplicaci\u00f3n total y el cumplimiento de la Ley de Salud mental que fue reglamentada en 2013 y confirmada en el C\u00f3digo Civil de 2015. &nbsp;&nbsp;<\/p>\n\n\n\n<h2 class=\"wp-block-heading\">Una salud<\/h2>\n\n\n\n<p class=\"wp-block-paragraph\">Desde una perspectiva colaborativa, <strong>el concepto elegido para el Congreso implica el an\u00e1lisis horizontal, trasversal y multidisciplinario con el que tiene que caracterizarse y analizarse el campo<\/strong>. No es suficiente el an\u00e1lisis t\u00e9cnico de especialistas en el tema si no se tienen en cuenta variables como la <strong>problem\u00e1tica ambiental<\/strong> con el efecto de la contaminaci\u00f3n y el cambio clim\u00e1tico; las <strong>cuestiones alimentarias<\/strong> como el sobrepeso, la malnutrici\u00f3n y la desnutrici\u00f3n; los aspectos que impactan en el <strong>desarrollo<\/strong> de las sociedades; la <strong>pobreza<\/strong> que acecha a una parte de la poblaci\u00f3n; la <strong>salud animal<\/strong> y la amenaza de nuevas pandemias a partir de las <strong>zoonosis<\/strong>; el respeto por la <strong>diversidad sexual<\/strong>; la <strong>interculturalidad<\/strong> y las necesidades propias de las <strong>minor\u00edas<\/strong>.<\/p>\n\n\n\n<p class=\"wp-block-paragraph\">Hace dos d\u00e9cadas que este enfoque es impulsado desde el \u00e1mbito acad\u00e9mico e incluso tom\u00f3 fuerza en la Organizaci\u00f3n Mundial de la Salud. Entre otras cuestiones, <strong>este paradigma entiende a la salud humana y a la sanidad animal como interdependientes<\/strong>, a partir de su vinculaci\u00f3n en el contexto de los ecosistemas en los cuales coexisten.<\/p>\n\n\n\n<p class=\"wp-block-paragraph\">\u201cLa salud animal es muy importante por dos cuestiones. Por un lado, porque <strong>las zoonosis pueden llegar al ser humano, como es el caso de la covid<\/strong> por ejemplo. Por otro lado, porque <strong>los animales forman parte de las familias en muchos casos y son una preocupaci\u00f3n<\/strong>, advierte Medina. &nbsp;<\/p>\n\n\n\n<h2 class=\"wp-block-heading\">La previa<\/h2>\n\n\n\n<p class=\"wp-block-paragraph\">La realizaci\u00f3n del Congreso Internacional est\u00e1 ligada a un trayecto previo de encuentros regionales en ciudades como Posadas, Paran\u00e1, Comodoro Rivadavia, Santiago del Estero, La Plata, C\u00f3rdoba, Salta, Bariloche y Rosario.<\/p>\n\n\n\n<p class=\"wp-block-paragraph\">\u201cTuvimos alrededor de 15 encuentros donde cada uno tuvo su particularidad. Por ejemplo, en algunas provincias se discuti\u00f3 m\u00e1s la articulaci\u00f3n p\u00fablico-privada y en otras los problemas end\u00e9micos espec\u00edficos que las afectan y ponen en riesgo su sistema de salud. <strong>Ser\u00e1 un Congreso muy diverso, con tem\u00e1ticas y perspectivas muy interesantes<\/strong>\u201d, destaca Medina.<\/p>\n\n\n\n<div style=\"height:40px\" aria-hidden=\"true\" class=\"wp-block-spacer\"><\/div>\n\n\n\n<hr class=\"wp-block-separator has-text-color has-css-opacity has-background is-style-wide\" style=\"background-color:#fea50e;color:#fea50e\"\/>\n\n\n\n<h4 class=\"wp-block-heading\" id=\"publicaciones-relacionadas\">\u00daltimas noticias de la secci\u00f3n Salud:<\/h4>\n\n\n<style id=\"sp_pcp_dynamic_style3314\">#pcp_wrapper-3314:not(.sps-glossary-layout) .sp-pcp-row,#pcp_wrapper-3314 .sps-glossary-items-group .sps-glossary-items-content {margin-right: -10px;margin-left: -10px;}#pcp_wrapper-3314 .sp-pcp-row [class*='sp-pcp-col-']{padding-right: 10px;padding-left: 10px; padding-bottom:20px;}.pcp-wrapper-3314 .sp-pcp-title a {color: #ac162c;display: inherit;} .pcp-wrapper-3314 .sp-pcp-title a:hover {color: #fea50e;}#pcp_wrapper-3314 .dots .swiper-pagination-bullet{ background: #ac162c; } #pcp_wrapper-3314 .dots .swiper-pagination-bullet-active { background: #fea50e; }#pcp_wrapper-3314 .pcp-button-prev,#pcp_wrapper-3314 .pcp-button-next{ background-image: none; background-size: auto; background-color: #fff; height: 33px; width: 33px; margin-top: 8px; border: 1px solid #aaa; text-align: center; line-height: 30px; -webkit-transition: 0.3s; border-radius: 3px; }#pcp_wrapper-3314 .pcp-button-prev:hover, #pcp_wrapper-3314 .pcp-button-next:hover{ background-color: #fea50e; border-color: #ac162c; } #pcp_wrapper-3314 .pcp-button-prev .fa, #pcp_wrapper-3314 .pcp-button-next .fa { color: #000; } #pcp_wrapper-3314 .pcp-button-prev:hover .fa, #pcp_wrapper-3314 .pcp-button-next:hover .fa { color: #fff; } #pcp_wrapper-3314.pcp-carousel-wrapper .sp-pcp-post{ margin-top: 0; }#pcp_wrapper-3314 .sp-pcp-post {padding: 0 0 0 0;}#pcp_wrapper-3314.sp-slider_layout .sp-pcp-post .sp-pcp-post-details {top: 0; right:0; bottom:0; left:0;}#pcp_wrapper-3314 .sp-pcp-post {border: 0px solid #e2e2e2; border-radius: 0px }#pcp_wrapper-3314 .sp-pcp-post{background-color: transparent;}#pcp_wrapper-3314 .pcp-post-thumb-wrapper{border: 0px solid #dddddd;border-radius:0px;}.pcp-wrapper-3314 .sp-pcp-post-meta li,.pcp-wrapper-3314 .sp-pcp-post-meta ul,.pcp-wrapper-3314 .sp-pcp-post-meta li a{color: #888;}.pcp-wrapper-3314 .sp-pcp-post-meta li a:hover{color: #e1624b;}#pcp_wrapper-3314 .pcp-post-pagination .page-numbers.current, #pcp_wrapper-3314 .pcp-post-pagination a.active , #pcp_wrapper-3314 .pcp-post-pagination a:hover{ color: #ffffff; background: #e1624b; border-color: #e1624b; }#pcp_wrapper-3314 .pcp-post-pagination .page-numbers, .pcp-post-pagination a{ background: #ffffff; color:#5e5e5e; border: 2px solid #bbbbbb;border-radius: 2px; }#pcp_wrapper-3314 .pcp-post-pagination{text-align: left;}@media (min-width: 1200px) {.sp-pcp-row .sp-pcp-col-xl-1 {flex: 0 0 100%;}.sp-pcp-row .sp-pcp-col-xl-2 {flex: 1 1 calc( 50% - 20px);}.sp-pcp-row .sp-pcp-col-xl-3 {flex: 1 1 calc( 33.333% - 20px);}.sp-pcp-row .sp-pcp-col-xl-4 {flex: 1 1 calc( 25% - 20px);}.sp-pcp-row .sp-pcp-col-xl-5 { flex: 1 1 calc( 20% - 20px);}.sp-pcp-row .sp-pcp-col-xl-6 {flex: 1 1 calc( 16.66666666666667% - 20px);}.sp-pcp-row .sp-pcp-col-xl-7 {flex: 1 1 calc( 14.28571428% - 20px);}.sp-pcp-row .sp-pcp-col-xl-8 {flex: 1 1 calc( 12.5% - 20px);}}@media (max-width: 1200px) {.sp-pcp-row .sp-pcp-col-lg-1 {flex: 0 0 100%;}.sp-pcp-row .sp-pcp-col-lg-2 {flex: 1 1 calc( 50% - 20px);}.sp-pcp-row .sp-pcp-col-lg-3 {flex: 1 1 calc( 33.333% - 20px);}.sp-pcp-row .sp-pcp-col-lg-4 {flex: 1 1 calc( 25% - 20px);}.sp-pcp-row .sp-pcp-col-lg-5 { flex: 1 1 calc( 20% - 20px);}.sp-pcp-row .sp-pcp-col-lg-6 {flex: 1 1 calc( 16.66666666666667% - 20px);}.sp-pcp-row .sp-pcp-col-lg-7 {flex: 1 1 calc( 14.28571428% - 20px);}.sp-pcp-row .sp-pcp-col-lg-8 {flex: 1 1 calc( 12.5% - 20px);}}@media (max-width: 992px) {.sp-pcp-row .sp-pcp-col-md-1 {flex: 0 0 100%;}.sp-pcp-row .sp-pcp-col-md-2 {flex: 1 1 calc( 50% - 20px);}.sp-pcp-row .sp-pcp-col-md-2-5 {flex: 0 0 75%;}.sp-pcp-row .sp-pcp-col-md-3 {flex: 1 1 calc( 33.333% - 20px);}.sp-pcp-row .sp-pcp-col-md-4 {flex: 1 1 calc( 25% - 20px);}.sp-pcp-row .sp-pcp-col-md-5 { flex: 1 1 calc( 20% - 20px);}.sp-pcp-row .sp-pcp-col-md-6 {flex: 1 1 calc( 16.66666666666667% - 20px);}.sp-pcp-row .sp-pcp-col-md-7 {flex: 1 1 calc( 14.28571428% - 20px);}.sp-pcp-row .sp-pcp-col-md-8 {flex: 1 1 calc( 12.5% - 20px);}}@media (max-width: 768px) {.sp-pcp-row .sp-pcp-col-sm-1 {flex: 0 0 100%;}.sp-pcp-row .sp-pcp-col-sm-2 {flex: 1 1 calc( 50% - 20px);}.sp-pcp-row .sp-pcp-col-sm-2-5 {flex: 0 0 75%;}.sp-pcp-row .sp-pcp-col-sm-3 {flex: 1 1 calc( 33.333% - 20px);}.sp-pcp-row .sp-pcp-col-sm-4 {flex: 1 1 calc( 25% - 20px);}.sp-pcp-row .sp-pcp-col-sm-5 { flex: 1 1 calc( 20% - 20px);}.sp-pcp-row .sp-pcp-col-sm-6 {flex: 1 1 calc( 16.66666666666667% - 20px);}.sp-pcp-row .sp-pcp-col-sm-7 {flex: 1 1 calc( 14.28571428% - 20px);}.sp-pcp-row .sp-pcp-col-sm-8 {flex: 1 1 calc( 12.5% - 20px);}}@media (max-width: 420px) {.sp-pcp-row .sp-pcp-col-xs-1 {flex: 0 0 100%;}.sp-pcp-row .sp-pcp-col-xs-2 {flex: 1 1 calc( 50% - 20px);}.sp-pcp-row .sp-pcp-col-xs-3 {flex: 1 1 calc( 33.333% - 20px);}.sp-pcp-row .sp-pcp-col-xs-4 {flex: 1 1 calc( 25% - 20px);}.sp-pcp-row .sp-pcp-col-xs-5 { flex: 1 1 calc( 20% - 20px);}.sp-pcp-row .sp-pcp-col-xs-6 {flex: 1 1 calc( 16.66666666666667% - 20px);}.sp-pcp-row .sp-pcp-col-xs-7 {flex: 1 1 calc( 14.28571428% - 20px);}.sp-pcp-row .sp-pcp-col-xs-8 {flex: 1 1 calc( 12.5% - 20px);}}<\/style><!-- Markup Starts -->\n<div id=\"pcp_wrapper-3314\" class=\"sp-pcp-section sp-pcp-container pcp-wrapper-3314 pcp-carousel-wrapper standard sp-carousel_layout\" data-sid=\"3314\">\n\t<div id=\"sp-pcp-id-3314\" class=\"swiper-container sp-pcp-carousel top_right\" dir=\"ltr\" data-carousel='{ \"speed\":600, \"items\":3, \"spaceBetween\":20, \"dynamicBullets\": false, \"navigation\":true, \"pagination\": true, \"autoplay\": true, \"autoplay_speed\": 2000, \"loop\": true, \"autoHeight\": false, \"lazy\":  true, \"simulateTouch\": true, \"freeMode\": false, \"slider_mouse_wheel\": false,\"allowTouchMove\": true, \"slidesPerView\": {\"lg_desktop\": 3, \"desktop\": 3, \"tablet\": 2, \"mobile_landscape\": 1, \"mobile\": 1}, \"navigation_mobile\": true, \"pagination_mobile\": true, \"stop_onHover\": true, \"enabled\": true, \"prevSlideMessage\": \"Previous slide\", \"nextSlideMessage\": \"Next slide\", \"firstSlideMessage\": \"This is the first slide\", \"lastSlideMessage\": \"This is the last slide\", \"keyboard\": \"true\", \"paginationBulletMessage\": \"Go to slide {{index}}\" }'>\n\t\t\t<div class=\"swiper-wrapper\">\n\t\t\t\t\t\t<div class=\" swiper-slide swiper-lazy\">\n\t\t\t<div class=\"sp-pcp-post default pcp-item-38852\" data-id=\"38852\">\n\t\t\t\t\t\t\t\t<div class=\"pcp-post-thumb-wrapper\">\n\t\t\t\t\t<div class=\"sp-pcp-post-thumb-area\">\n\t\t\t\t\t\t\t\t\t\t\t\t<a class=\"sp-pcp-thumb\" href=\"https:\/\/agencia.unq.edu.ar\/?p=38852\" target=\"_self\" >\n\t\t\t\t\t\t\t\t\t\t\t\t\t<img loading=\"lazy\" decoding=\"async\" src=\"https:\/\/agencia.unq.edu.ar\/wp-content\/uploads\/2026\/09\/wikimedia-1.jpg\" width=\"1040\" height=\"420\" alt=\"Una tragedia en Palermo reabre una pregunta clave: c\u00f3mo el CO deja al cerebro y al coraz\u00f3n sin ox\u00edgeno sin que la v\u00edctima advierta el peligro. Cr\u00e9ditos: Wikimedia.\">\n\t\t\t\t\t\t<\/a>\n\t\t\t\t\t<\/div>\n\t\t\t\t<\/div>\n\t\t\t\t\t\t\t\t<div class=\"sp-pcp-post-details\">\n\t\t\t\t\t<div class=\"sp-pcp-post-details-content\">\n\t\t\t\t\t\t\t\t<h4 class=\"sp-pcp-title\">\n\t\t\t\t\t\t\t\t\t<a href=\"https:\/\/agencia.unq.edu.ar\/?p=38852\"  target=\"_self\">Mon\u00f3xido de carbono en Argentina: 781 intoxicaciones y 12 muertes en 2026<\/a>\t\t\t\t\t\t\t<\/h4>\n\t\t\t\t\t\t\t\t\t<\/div>\n\t\t\t\t<\/div>\n\t\t\t<\/div>\n\t\t<\/div>\n\t\t\t\t<div class=\" swiper-slide swiper-lazy\">\n\t\t\t<div class=\"sp-pcp-post default pcp-item-38643\" data-id=\"38643\">\n\t\t\t\t\t\t\t\t<div class=\"pcp-post-thumb-wrapper\">\n\t\t\t\t\t<div class=\"sp-pcp-post-thumb-area\">\n\t\t\t\t\t\t\t\t\t\t\t\t<a class=\"sp-pcp-thumb\" href=\"https:\/\/agencia.unq.edu.ar\/?p=38643\" target=\"_self\" >\n\t\t\t\t\t\t\t\t\t\t\t\t\t<img loading=\"lazy\" decoding=\"async\" src=\"https:\/\/agencia.unq.edu.ar\/wp-content\/uploads\/2026\/08\/Nublado.jpg\" width=\"1040\" height=\"420\" alt=\"Seg\u00fan el SMN, la tendencia de los d\u00edas nublados podr\u00edan continuar hasta octubre. Cr\u00e9ditos: Radio del plata.\">\n\t\t\t\t\t\t<\/a>\n\t\t\t\t\t<\/div>\n\t\t\t\t<\/div>\n\t\t\t\t\t\t\t\t<div class=\"sp-pcp-post-details\">\n\t\t\t\t\t<div class=\"sp-pcp-post-details-content\">\n\t\t\t\t\t\t\t\t<h4 class=\"sp-pcp-title\">\n\t\t\t\t\t\t\t\t\t<a href=\"https:\/\/agencia.unq.edu.ar\/?p=38643\"  target=\"_self\">Menos luz, menos \u00e1nimo: \u00bfde qu\u00e9 manera los d\u00edas nublados pueden afectar el reloj biol\u00f3gico\u00a0de las personas?<\/a>\t\t\t\t\t\t\t<\/h4>\n\t\t\t\t\t\t\t\t\t<\/div>\n\t\t\t\t<\/div>\n\t\t\t<\/div>\n\t\t<\/div>\n\t\t\t\t<div class=\" swiper-slide swiper-lazy\">\n\t\t\t<div class=\"sp-pcp-post default pcp-item-38503\" data-id=\"38503\">\n\t\t\t\t\t\t\t\t<div class=\"pcp-post-thumb-wrapper\">\n\t\t\t\t\t<div class=\"sp-pcp-post-thumb-area\">\n\t\t\t\t\t\t\t\t\t\t\t\t<a class=\"sp-pcp-thumb\" href=\"https:\/\/agencia.unq.edu.ar\/?p=38503\" target=\"_self\" >\n\t\t\t\t\t\t\t\t\t\t\t\t\t<img loading=\"lazy\" decoding=\"async\" src=\"https:\/\/agencia.unq.edu.ar\/wp-content\/uploads\/2026\/08\/argentina.gob_.jpg\" width=\"1040\" height=\"420\" alt=\"La perfusi\u00f3n regional normot\u00e9rmica restablece de manera controlada sangre y ox\u00edgeno en determinados \u00f3rganos despu\u00e9s de certificarse el fallecimiento del donante. Cr\u00e9ditos: Argentina.gob.\">\n\t\t\t\t\t\t<\/a>\n\t\t\t\t\t<\/div>\n\t\t\t\t<\/div>\n\t\t\t\t\t\t\t\t<div class=\"sp-pcp-post-details\">\n\t\t\t\t\t<div class=\"sp-pcp-post-details-content\">\n\t\t\t\t\t\t\t\t<h4 class=\"sp-pcp-title\">\n\t\t\t\t\t\t\t\t\t<a href=\"https:\/\/agencia.unq.edu.ar\/?p=38503\"  target=\"_self\">Trasplante de \u00f3rganos en Argentina: c\u00f3mo funciona la nueva t\u00e9cnica que aprob\u00f3 el INCUCAI<\/a>\t\t\t\t\t\t\t<\/h4>\n\t\t\t\t\t\t\t\t\t<\/div>\n\t\t\t\t<\/div>\n\t\t\t<\/div>\n\t\t<\/div>\n\t\t\t\t<div class=\" swiper-slide swiper-lazy\">\n\t\t\t<div class=\"sp-pcp-post default pcp-item-38461\" data-id=\"38461\">\n\t\t\t\t\t\t\t\t<div class=\"pcp-post-thumb-wrapper\">\n\t\t\t\t\t<div class=\"sp-pcp-post-thumb-area\">\n\t\t\t\t\t\t\t\t\t\t\t\t<a class=\"sp-pcp-thumb\" href=\"https:\/\/agencia.unq.edu.ar\/?p=38461\" target=\"_self\" >\n\t\t\t\t\t\t\t\t\t\t\t\t\t<img loading=\"lazy\" decoding=\"async\" src=\"https:\/\/agencia.unq.edu.ar\/wp-content\/uploads\/2026\/08\/istock.jpg\" width=\"1040\" height=\"420\" alt=\"Una ca\u00edda a alta velocidad puede provocar traumatismos importantes, especialmente cuando los chicos circulan sin casco ni supervisi\u00f3n adecuada. Cr\u00e9dito: Istock.\">\n\t\t\t\t\t\t<\/a>\n\t\t\t\t\t<\/div>\n\t\t\t\t<\/div>\n\t\t\t\t\t\t\t\t<div class=\"sp-pcp-post-details\">\n\t\t\t\t\t<div class=\"sp-pcp-post-details-content\">\n\t\t\t\t\t\t\t\t<h4 class=\"sp-pcp-title\">\n\t\t\t\t\t\t\t\t\t<a href=\"https:\/\/agencia.unq.edu.ar\/?p=38461\"  target=\"_self\">Monopatines el\u00e9ctricos: el juguete que no es un juguete y ya preocupa a los m\u00e9dicos<\/a>\t\t\t\t\t\t\t<\/h4>\n\t\t\t\t\t\t\t\t\t<\/div>\n\t\t\t\t<\/div>\n\t\t\t<\/div>\n\t\t<\/div>\n\t\t\t\t<div class=\" swiper-slide swiper-lazy\">\n\t\t\t<div class=\"sp-pcp-post default pcp-item-38390\" data-id=\"38390\">\n\t\t\t\t\t\t\t\t<div class=\"pcp-post-thumb-wrapper\">\n\t\t\t\t\t<div class=\"sp-pcp-post-thumb-area\">\n\t\t\t\t\t\t\t\t\t\t\t\t<a class=\"sp-pcp-thumb\" href=\"https:\/\/agencia.unq.edu.ar\/?p=38390\" target=\"_self\" >\n\t\t\t\t\t\t\t\t\t\t\t\t\t<img loading=\"lazy\" decoding=\"async\" src=\"https:\/\/agencia.unq.edu.ar\/wp-content\/uploads\/2026\/08\/wallmart.jpg\" width=\"1040\" height=\"420\" alt=\"Un nuevo estudio pone bajo la lupa al pl\u00e1stico de los envases. Cr\u00e9dito: Walmart.\">\n\t\t\t\t\t\t<\/a>\n\t\t\t\t\t<\/div>\n\t\t\t\t<\/div>\n\t\t\t\t\t\t\t\t<div class=\"sp-pcp-post-details\">\n\t\t\t\t\t<div class=\"sp-pcp-post-details-content\">\n\t\t\t\t\t\t\t\t<h4 class=\"sp-pcp-title\">\n\t\t\t\t\t\t\t\t\t<a href=\"https:\/\/agencia.unq.edu.ar\/?p=38390\"  target=\"_self\">Descubren un nuevo factor que podr\u00eda empeorar el h\u00edgado graso<\/a>\t\t\t\t\t\t\t<\/h4>\n\t\t\t\t\t\t\t\t\t<\/div>\n\t\t\t\t<\/div>\n\t\t\t<\/div>\n\t\t<\/div>\n\t\t\t\t<div class=\" swiper-slide swiper-lazy\">\n\t\t\t<div class=\"sp-pcp-post default pcp-item-38358\" data-id=\"38358\">\n\t\t\t\t\t\t\t\t<div class=\"pcp-post-thumb-wrapper\">\n\t\t\t\t\t<div class=\"sp-pcp-post-thumb-area\">\n\t\t\t\t\t\t\t\t\t\t\t\t<a class=\"sp-pcp-thumb\" href=\"https:\/\/agencia.unq.edu.ar\/?p=38358\" target=\"_self\" >\n\t\t\t\t\t\t\t\t\t\t\t\t\t<img loading=\"lazy\" decoding=\"async\" src=\"https:\/\/agencia.unq.edu.ar\/wp-content\/uploads\/2026\/08\/Salud-mental-redes-sociales.jpg\" width=\"1040\" height=\"420\" alt=\"Cr\u00e9ditos: Psicolog\u00eda y Mente.\">\n\t\t\t\t\t\t<\/a>\n\t\t\t\t\t<\/div>\n\t\t\t\t<\/div>\n\t\t\t\t\t\t\t\t<div class=\"sp-pcp-post-details\">\n\t\t\t\t\t<div class=\"sp-pcp-post-details-content\">\n\t\t\t\t\t\t\t\t<h4 class=\"sp-pcp-title\">\n\t\t\t\t\t\t\t\t\t<a href=\"https:\/\/agencia.unq.edu.ar\/?p=38358\"  target=\"_self\">Un estudio demuestra que las redes sociales pueden generar ansiedad en cuesti\u00f3n de minutos\u00a0<\/a>\t\t\t\t\t\t\t<\/h4>\n\t\t\t\t\t\t\t\t\t<\/div>\n\t\t\t\t<\/div>\n\t\t\t<\/div>\n\t\t<\/div>\n\t\t\t\t<div class=\" swiper-slide swiper-lazy\">\n\t\t\t<div class=\"sp-pcp-post default pcp-item-38297\" data-id=\"38297\">\n\t\t\t\t\t\t\t\t<div class=\"pcp-post-thumb-wrapper\">\n\t\t\t\t\t<div class=\"sp-pcp-post-thumb-area\">\n\t\t\t\t\t\t\t\t\t\t\t\t<a class=\"sp-pcp-thumb\" href=\"https:\/\/agencia.unq.edu.ar\/?p=38297\" target=\"_self\" >\n\t\t\t\t\t\t\t\t\t\t\t\t\t<img loading=\"lazy\" decoding=\"async\" src=\"https:\/\/agencia.unq.edu.ar\/wp-content\/uploads\/2026\/08\/Ideali-de-belleza.jpg\" width=\"1040\" height=\"420\" alt=\"Cr\u00e9ditos: Aragolaser.\">\n\t\t\t\t\t\t<\/a>\n\t\t\t\t\t<\/div>\n\t\t\t\t<\/div>\n\t\t\t\t\t\t\t\t<div class=\"sp-pcp-post-details\">\n\t\t\t\t\t<div class=\"sp-pcp-post-details-content\">\n\t\t\t\t\t\t\t\t<h4 class=\"sp-pcp-title\">\n\t\t\t\t\t\t\t\t\t<a href=\"https:\/\/agencia.unq.edu.ar\/?p=38297\"  target=\"_self\">&#8220;Alloclae&#8221; y &#8220;yesoterapia&#8221;: \u00bfpor qu\u00e9 siempre aparece una nueva forma de modificar el cuerpo?<\/a>\t\t\t\t\t\t\t<\/h4>\n\t\t\t\t\t\t\t\t\t<\/div>\n\t\t\t\t<\/div>\n\t\t\t<\/div>\n\t\t<\/div>\n\t\t\t\t<div class=\" swiper-slide swiper-lazy\">\n\t\t\t<div class=\"sp-pcp-post default pcp-item-38265\" data-id=\"38265\">\n\t\t\t\t\t\t\t\t<div class=\"pcp-post-thumb-wrapper\">\n\t\t\t\t\t<div class=\"sp-pcp-post-thumb-area\">\n\t\t\t\t\t\t\t\t\t\t\t\t<a class=\"sp-pcp-thumb\" href=\"https:\/\/agencia.unq.edu.ar\/?p=38265\" target=\"_self\" >\n\t\t\t\t\t\t\t\t\t\t\t\t\t<img loading=\"lazy\" decoding=\"async\" src=\"https:\/\/agencia.unq.edu.ar\/wp-content\/uploads\/2026\/08\/Diagnostico-y-redes-sociales-salud-mental.jpg\" width=\"1040\" height=\"420\" alt=\"Cr\u00e9ditos: Ennewsssv.com\">\n\t\t\t\t\t\t<\/a>\n\t\t\t\t\t<\/div>\n\t\t\t\t<\/div>\n\t\t\t\t\t\t\t\t<div class=\"sp-pcp-post-details\">\n\t\t\t\t\t<div class=\"sp-pcp-post-details-content\">\n\t\t\t\t\t\t\t\t<h4 class=\"sp-pcp-title\">\n\t\t\t\t\t\t\t\t\t<a href=\"https:\/\/agencia.unq.edu.ar\/?p=38265\"  target=\"_self\">Entre algoritmos y autodiagn\u00f3sticos: c\u00f3mo las redes sociales moldean la conversaci\u00f3n sobre salud mental<\/a>\t\t\t\t\t\t\t<\/h4>\n\t\t\t\t\t\t\t\t\t<\/div>\n\t\t\t\t<\/div>\n\t\t\t<\/div>\n\t\t<\/div>\n\t\t\t\t<div class=\" swiper-slide swiper-lazy\">\n\t\t\t<div class=\"sp-pcp-post default pcp-item-38239\" data-id=\"38239\">\n\t\t\t\t\t\t\t\t<div class=\"pcp-post-thumb-wrapper\">\n\t\t\t\t\t<div class=\"sp-pcp-post-thumb-area\">\n\t\t\t\t\t\t\t\t\t\t\t\t<a class=\"sp-pcp-thumb\" href=\"https:\/\/agencia.unq.edu.ar\/?p=38239\" target=\"_self\" >\n\t\t\t\t\t\t\t\t\t\t\t\t\t<img loading=\"lazy\" decoding=\"async\" src=\"https:\/\/agencia.unq.edu.ar\/wp-content\/uploads\/2026\/07\/doulasofraleigh.jpg\" width=\"1040\" height=\"420\" alt=\"La preparaci\u00f3n prenatal poco realista puede dejar a muchas mujeres sin herramientas para afrontar dolor, dudas sobre la leche y problemas de agarre. Cr\u00e9ditos: Doulasofraleigh.\">\n\t\t\t\t\t\t<\/a>\n\t\t\t\t\t<\/div>\n\t\t\t\t<\/div>\n\t\t\t\t\t\t\t\t<div class=\"sp-pcp-post-details\">\n\t\t\t\t\t<div class=\"sp-pcp-post-details-content\">\n\t\t\t\t\t\t\t\t<h4 class=\"sp-pcp-title\">\n\t\t\t\t\t\t\t\t\t<a href=\"https:\/\/agencia.unq.edu.ar\/?p=38239\"  target=\"_self\">Lactancia personalizada: qu\u00e9 apoyo necesitan las mujeres<\/a>\t\t\t\t\t\t\t<\/h4>\n\t\t\t\t\t\t\t\t\t<\/div>\n\t\t\t\t<\/div>\n\t\t\t<\/div>\n\t\t<\/div>\n\t\t\t\t<div class=\" swiper-slide swiper-lazy\">\n\t\t\t<div class=\"sp-pcp-post default pcp-item-5965\" data-id=\"5965\">\n\t\t\t\t\t\t\t\t<div class=\"pcp-post-thumb-wrapper\">\n\t\t\t\t\t<div class=\"sp-pcp-post-thumb-area\">\n\t\t\t\t\t\t\t\t\t\t\t\t<a class=\"sp-pcp-thumb\" href=\"https:\/\/agencia.unq.edu.ar\/?p=5965\" target=\"_self\" >\n\t\t\t\t\t\t\t\t\t\t\t\t\t<img loading=\"lazy\" decoding=\"async\" src=\"https:\/\/agencia.unq.edu.ar\/wp-content\/uploads\/2022\/07\/Lactancia-leche-materna.jpg\" width=\"1040\" height=\"420\" alt=\"La lactancia materna es fundamental en la defensa contra enfermedades. Cr\u00e9ditos: Andina.\">\n\t\t\t\t\t\t<\/a>\n\t\t\t\t\t<\/div>\n\t\t\t\t<\/div>\n\t\t\t\t\t\t\t\t<div class=\"sp-pcp-post-details\">\n\t\t\t\t\t<div class=\"sp-pcp-post-details-content\">\n\t\t\t\t\t\t\t\t<h4 class=\"sp-pcp-title\">\n\t\t\t\t\t\t\t\t\t<a href=\"https:\/\/agencia.unq.edu.ar\/?p=5965\"  target=\"_self\">La lactancia materna beneficia a los beb\u00e9s y a las personas que amamantan<\/a>\t\t\t\t\t\t\t<\/h4>\n\t\t\t\t\t\t\t\t\t<\/div>\n\t\t\t\t<\/div>\n\t\t\t<\/div>\n\t\t<\/div>\n\t\t\t\t<div class=\" swiper-slide swiper-lazy\">\n\t\t\t<div class=\"sp-pcp-post default pcp-item-38165\" data-id=\"38165\">\n\t\t\t\t\t\t\t\t<div class=\"pcp-post-thumb-wrapper\">\n\t\t\t\t\t<div class=\"sp-pcp-post-thumb-area\">\n\t\t\t\t\t\t\t\t\t\t\t\t<a class=\"sp-pcp-thumb\" href=\"https:\/\/agencia.unq.edu.ar\/?p=38165\" target=\"_self\" >\n\t\t\t\t\t\t\t\t\t\t\t\t\t<img loading=\"lazy\" decoding=\"async\" src=\"https:\/\/agencia.unq.edu.ar\/wp-content\/uploads\/2026\/07\/pexels-1.jpg\" width=\"1040\" height=\"420\" alt=\"La prevenci\u00f3n de la demencia comienza mucho antes de que aparezcan los primeros olvidos: actividad f\u00edsica, v\u00ednculos sociales y control de la salud pueden ayudar a reducir el riesgo. Cr\u00e9dito: Pexels.\">\n\t\t\t\t\t\t<\/a>\n\t\t\t\t\t<\/div>\n\t\t\t\t<\/div>\n\t\t\t\t\t\t\t\t<div class=\"sp-pcp-post-details\">\n\t\t\t\t\t<div class=\"sp-pcp-post-details-content\">\n\t\t\t\t\t\t\t\t<h4 class=\"sp-pcp-title\">\n\t\t\t\t\t\t\t\t\t<a href=\"https:\/\/agencia.unq.edu.ar\/?p=38165\"  target=\"_self\">La OMS sugiere nuevas pautas para reducir las chances de tener demencia<\/a>\t\t\t\t\t\t\t<\/h4>\n\t\t\t\t\t\t\t\t\t<\/div>\n\t\t\t\t<\/div>\n\t\t\t<\/div>\n\t\t<\/div>\n\t\t\t\t<div class=\" swiper-slide swiper-lazy\">\n\t\t\t<div class=\"sp-pcp-post default pcp-item-38038\" data-id=\"38038\">\n\t\t\t\t\t\t\t\t<div class=\"pcp-post-thumb-wrapper\">\n\t\t\t\t\t<div class=\"sp-pcp-post-thumb-area\">\n\t\t\t\t\t\t\t\t\t\t\t\t<a class=\"sp-pcp-thumb\" href=\"https:\/\/agencia.unq.edu.ar\/?p=38038\" target=\"_self\" >\n\t\t\t\t\t\t\t\t\t\t\t\t\t<img loading=\"lazy\" decoding=\"async\" src=\"https:\/\/agencia.unq.edu.ar\/wp-content\/uploads\/2026\/07\/cancer.jpg\" width=\"1040\" height=\"420\" alt=\"La detecci\u00f3n temprana, la prevenci\u00f3n y el acceso equitativo a tratamientos ser\u00e1n claves para enfrentar el aumento mundial de los casos de c\u00e1ncer hacia 2050. Cr\u00e9dito: clatterbridgecc.\">\n\t\t\t\t\t\t<\/a>\n\t\t\t\t\t<\/div>\n\t\t\t\t<\/div>\n\t\t\t\t\t\t\t\t<div class=\"sp-pcp-post-details\">\n\t\t\t\t\t<div class=\"sp-pcp-post-details-content\">\n\t\t\t\t\t\t\t\t<h4 class=\"sp-pcp-title\">\n\t\t\t\t\t\t\t\t\t<a href=\"https:\/\/agencia.unq.edu.ar\/?p=38038\"  target=\"_self\">La OMS alerta: el c\u00e1ncer podr\u00eda llegar a 35 millones de nuevos casos anuales en 2050<\/a>\t\t\t\t\t\t\t<\/h4>\n\t\t\t\t\t\t\t\t\t<\/div>\n\t\t\t\t<\/div>\n\t\t\t<\/div>\n\t\t<\/div>\n\t\t\t\t<div class=\" swiper-slide swiper-lazy\">\n\t\t\t<div class=\"sp-pcp-post default pcp-item-37876\" data-id=\"37876\">\n\t\t\t\t\t\t\t\t<div class=\"pcp-post-thumb-wrapper\">\n\t\t\t\t\t<div class=\"sp-pcp-post-thumb-area\">\n\t\t\t\t\t\t\t\t\t\t\t\t<a class=\"sp-pcp-thumb\" href=\"https:\/\/agencia.unq.edu.ar\/?p=37876\" target=\"_self\" >\n\t\t\t\t\t\t\t\t\t\t\t\t\t<img loading=\"lazy\" decoding=\"async\" src=\"https:\/\/agencia.unq.edu.ar\/wp-content\/uploads\/2026\/07\/Dormir-calor.jpg\" width=\"1040\" height=\"420\" alt=\"Cr\u00e9ditos: El confidencial.\">\n\t\t\t\t\t\t<\/a>\n\t\t\t\t\t<\/div>\n\t\t\t\t<\/div>\n\t\t\t\t\t\t\t\t<div class=\"sp-pcp-post-details\">\n\t\t\t\t\t<div class=\"sp-pcp-post-details-content\">\n\t\t\t\t\t\t\t\t<h4 class=\"sp-pcp-title\">\n\t\t\t\t\t\t\t\t\t<a href=\"https:\/\/agencia.unq.edu.ar\/?p=37876\"  target=\"_self\">Seg\u00fan un estudio, una persona pierde siete noches de sue\u00f1o al a\u00f1o debido a las altas temperaturas nocturnas<\/a>\t\t\t\t\t\t\t<\/h4>\n\t\t\t\t\t\t\t\t\t<\/div>\n\t\t\t\t<\/div>\n\t\t\t<\/div>\n\t\t<\/div>\n\t\t\t\t<div class=\" swiper-slide swiper-lazy\">\n\t\t\t<div class=\"sp-pcp-post default pcp-item-37824\" data-id=\"37824\">\n\t\t\t\t\t\t\t\t<div class=\"pcp-post-thumb-wrapper\">\n\t\t\t\t\t<div class=\"sp-pcp-post-thumb-area\">\n\t\t\t\t\t\t\t\t\t\t\t\t<a class=\"sp-pcp-thumb\" href=\"https:\/\/agencia.unq.edu.ar\/?p=37824\" target=\"_self\" >\n\t\t\t\t\t\t\t\t\t\t\t\t\t<img loading=\"lazy\" decoding=\"async\" src=\"https:\/\/agencia.unq.edu.ar\/wp-content\/uploads\/2026\/07\/magnesio-griproom.jpg\" width=\"1040\" height=\"420\" alt=\"Una c\u00e1psula antes de dormir: una promesa sencilla que la ciencia todav\u00eda analiza con cautela. Cr\u00e9dito: Griproom.\">\n\t\t\t\t\t\t<\/a>\n\t\t\t\t\t<\/div>\n\t\t\t\t<\/div>\n\t\t\t\t\t\t\t\t<div class=\"sp-pcp-post-details\">\n\t\t\t\t\t<div class=\"sp-pcp-post-details-content\">\n\t\t\t\t\t\t\t\t<h4 class=\"sp-pcp-title\">\n\t\t\t\t\t\t\t\t\t<a href=\"https:\/\/agencia.unq.edu.ar\/?p=37824\"  target=\"_self\">El boom del magnesio: cu\u00e1nto hay de ciencia y cu\u00e1nto de marketing detr\u00e1s del suplemento de moda<\/a>\t\t\t\t\t\t\t<\/h4>\n\t\t\t\t\t\t\t\t\t<\/div>\n\t\t\t\t<\/div>\n\t\t\t<\/div>\n\t\t<\/div>\n\t\t\t\t<div class=\" swiper-slide swiper-lazy\">\n\t\t\t<div class=\"sp-pcp-post default pcp-item-37729\" data-id=\"37729\">\n\t\t\t\t\t\t\t\t<div class=\"pcp-post-thumb-wrapper\">\n\t\t\t\t\t<div class=\"sp-pcp-post-thumb-area\">\n\t\t\t\t\t\t\t\t\t\t\t\t<a class=\"sp-pcp-thumb\" href=\"https:\/\/agencia.unq.edu.ar\/?p=37729\" target=\"_self\" >\n\t\t\t\t\t\t\t\t\t\t\t\t\t<img loading=\"lazy\" decoding=\"async\" src=\"https:\/\/agencia.unq.edu.ar\/wp-content\/uploads\/2026\/07\/Infertilidad-.jpg\" width=\"1040\" height=\"420\" alt=\"Cr\u00e9ditos: Cl\u00ednicas por tu salud.\">\n\t\t\t\t\t\t<\/a>\n\t\t\t\t\t<\/div>\n\t\t\t\t<\/div>\n\t\t\t\t\t\t\t\t<div class=\"sp-pcp-post-details\">\n\t\t\t\t\t<div class=\"sp-pcp-post-details-content\">\n\t\t\t\t\t\t\t\t<h4 class=\"sp-pcp-title\">\n\t\t\t\t\t\t\t\t\t<a href=\"https:\/\/agencia.unq.edu.ar\/?p=37729\"  target=\"_self\">Un estudio advierte que 80 millones de mujeres podr\u00edan padecer infertilidad hacia 2036<\/a>\t\t\t\t\t\t\t<\/h4>\n\t\t\t\t\t\t\t\t\t<\/div>\n\t\t\t\t<\/div>\n\t\t\t<\/div>\n\t\t<\/div>\n\t\t\t\t<div class=\" swiper-slide swiper-lazy\">\n\t\t\t<div class=\"sp-pcp-post default pcp-item-37668\" data-id=\"37668\">\n\t\t\t\t\t\t\t\t<div class=\"pcp-post-thumb-wrapper\">\n\t\t\t\t\t<div class=\"sp-pcp-post-thumb-area\">\n\t\t\t\t\t\t\t\t\t\t\t\t<a class=\"sp-pcp-thumb\" href=\"https:\/\/agencia.unq.edu.ar\/?p=37668\" target=\"_self\" >\n\t\t\t\t\t\t\t\t\t\t\t\t\t<img loading=\"lazy\" decoding=\"async\" src=\"https:\/\/agencia.unq.edu.ar\/wp-content\/uploads\/2026\/07\/IStock-1.jpg\" width=\"1040\" height=\"420\" alt=\"La soledad no siempre se ve, pero tambi\u00e9n enferma: la OMS advierte que la desconexi\u00f3n social afecta a una de cada seis personas en el mundo y ya es considerada un problema de salud p\u00fablica global. Cr\u00e9dito: IStock.\">\n\t\t\t\t\t\t<\/a>\n\t\t\t\t\t<\/div>\n\t\t\t\t<\/div>\n\t\t\t\t\t\t\t\t<div class=\"sp-pcp-post-details\">\n\t\t\t\t\t<div class=\"sp-pcp-post-details-content\">\n\t\t\t\t\t\t\t\t<h4 class=\"sp-pcp-title\">\n\t\t\t\t\t\t\t\t\t<a href=\"https:\/\/agencia.unq.edu.ar\/?p=37668\"  target=\"_self\">La soledad ya no es tristeza: es un problema de salud p\u00fablica global<\/a>\t\t\t\t\t\t\t<\/h4>\n\t\t\t\t\t\t\t\t\t<\/div>\n\t\t\t\t<\/div>\n\t\t\t<\/div>\n\t\t<\/div>\n\t\t\t\t\t<\/div>\n\t\t\t\t\t\t<div class=\"pcp-pagination swiper-pagination dots\"><\/div>\n\t\t\t\t\t\t\t\t\t\t<div class=\"pcp-button-next swiper-button-next top_right\"><i class=\"fa fa-angle-right\"><\/i><\/div>\n\t\t\t\t<div class=\"pcp-button-prev swiper-button-prev top_right\"><i class=\"fa fa-angle-left\"><\/i><\/div>\t<\/div>\n<\/div>\n\n\n\n\n<hr class=\"wp-block-separator has-text-color has-css-opacity has-background is-style-wide\" style=\"background-color:#fea50e;color:#fea50e\"\/>\n","protected":false},"excerpt":{"rendered":"<p>El evento ser\u00e1 del 31 de mayo al 2 junio en CABA y contar\u00e1 con la presencia de especialistas del campo sanitario nacional y mundial.<\/p>\n","protected":false},"author":6,"featured_media":12485,"comment_status":"open","ping_status":"closed","sticky":false,"template":"","format":"standard","meta":{"_uag_custom_page_level_css":"","_monsterinsights_skip_tracking":false,"site-sidebar-layout":"default","site-content-layout":"","ast-site-content-layout":"default","site-content-style":"default","site-sidebar-style":"default","ast-global-header-display":"","ast-banner-title-visibility":"","ast-main-header-display":"","ast-hfb-above-header-display":"","ast-hfb-below-header-display":"","ast-hfb-mobile-header-display":"","site-post-title":"","ast-breadcrumbs-content":"","ast-featured-img":"","footer-sml-layout":"","ast-disable-related-posts":"","theme-transparent-header-meta":"","adv-header-id-meta":"","stick-header-meta":"","header-above-stick-meta":"","header-main-stick-meta":"","header-below-stick-meta":"","astra-migrate-meta-layouts":"default","ast-page-background-enabled":"default","ast-page-background-meta":{"desktop":{"background-color":"var(--ast-global-color-4)","background-image":"","background-repeat":"repeat","background-position":"center center","background-size":"auto","background-attachment":"scroll","background-type":"","background-media":"","overlay-type":"","overlay-color":"","overlay-opacity":"","overlay-gradient":""},"tablet":{"background-color":"","background-image":"","background-repeat":"repeat","background-position":"center center","background-size":"auto","background-attachment":"scroll","background-type":"","background-media":"","overlay-type":"","overlay-color":"","overlay-opacity":"","overlay-gradient":""},"mobile":{"background-color":"","background-image":"","background-repeat":"repeat","background-position":"center center","background-size":"auto","background-attachment":"scroll","background-type":"","background-media":"","overlay-type":"","overlay-color":"","overlay-opacity":"","overlay-gradient":""}},"ast-content-background-meta":{"desktop":{"background-color":"var(--ast-global-color-5)","background-image":"","background-repeat":"repeat","background-position":"center center","background-size":"auto","background-attachment":"scroll","background-type":"","background-media":"","overlay-type":"","overlay-color":"","overlay-opacity":"","overlay-gradient":""},"tablet":{"background-color":"var(--ast-global-color-5)","background-image":"","background-repeat":"repeat","background-position":"center center","background-size":"auto","background-attachment":"scroll","background-type":"","background-media":"","overlay-type":"","overlay-color":"","overlay-opacity":"","overlay-gradient":""},"mobile":{"background-color":"var(--ast-global-color-5)","background-image":"","background-repeat":"repeat","background-position":"center center","background-size":"auto","background-attachment":"scroll","background-type":"","background-media":"","overlay-type":"","overlay-color":"","overlay-opacity":"","overlay-gradient":""}},"footnotes":""},"categories":[16,9],"tags":[45],"class_list":["post-12469","post","type-post","status-publish","format-standard","has-post-thumbnail","hentry","category-noticia-destacada","category-salud","tag-salud-publica"],"aioseo_notices":[],"aioseo_head":"\n\t\t<!-- All in One SEO 5.0.0.1 - aioseo.com -->\n\t<meta name=\"description\" content=\"Un informe de la OMS alerta que el aislamiento social alcanza a una de cada seis personas y eleva riesgos card\u00edacos, mentales y de muerte temprana.\" \/>\n\t<meta name=\"robots\" content=\"max-image-preview:large\" \/>\n\t<meta name=\"author\" content=\"Mar\u00eda Ximena Perez\"\/>\n\t<link rel=\"canonical\" href=\"https:\/\/agencia.unq.edu.ar\/?p=37668\" \/>\n\t<meta name=\"generator\" content=\"All in One SEO (AIOSEO) 5.0.0.1\" \/>\n\t\t<meta property=\"og:locale\" content=\"es_ES\" \/>\n\t\t<meta property=\"og:site_name\" content=\"Agencia de Noticias Cient\u00edficas de la UNQ\" \/>\n\t\t<meta property=\"og:type\" content=\"article\" \/>\n\t\t<meta property=\"og:title\" content=\"La soledad ya no es tristeza: es un problema de salud p\u00fablica global - Agencia de Noticias Cient\u00edficas de la UNQ\" \/>\n\t\t<meta property=\"og:description\" content=\"Un informe de la OMS alerta que el aislamiento social alcanza a una de cada seis personas y eleva riesgos card\u00edacos, mentales y de muerte temprana.\" \/>\n\t\t<meta property=\"og:url\" content=\"https:\/\/agencia.unq.edu.ar\/?p=37668\" \/>\n\t\t<meta property=\"og:image\" content=\"https:\/\/agencia.unq.edu.ar\/wp-content\/uploads\/2026\/07\/IStock-1.jpg\" \/>\n\t\t<meta property=\"og:image:secure_url\" content=\"https:\/\/agencia.unq.edu.ar\/wp-content\/uploads\/2026\/07\/IStock-1.jpg\" \/>\n\t\t<meta property=\"og:image:width\" content=\"1040\" \/>\n\t\t<meta property=\"og:image:height\" content=\"420\" \/>\n\t\t<meta property=\"article:published_time\" content=\"2026-07-06T13:53:45+00:00\" \/>\n\t\t<meta property=\"article:modified_time\" content=\"2026-07-06T13:53:45+00:00\" \/>\n\t\t<meta name=\"twitter:card\" content=\"summary_large_image\" \/>\n\t\t<meta name=\"twitter:site\" content=\"@Agencia__UNQ\" \/>\n\t\t<meta name=\"twitter:title\" content=\"La soledad ya no es tristeza: es un problema de salud p\u00fablica global - Agencia de Noticias Cient\u00edficas de la UNQ\" \/>\n\t\t<meta name=\"twitter:description\" content=\"Un informe de la OMS alerta que el aislamiento social alcanza a una de cada seis personas y eleva riesgos card\u00edacos, mentales y de muerte temprana.\" \/>\n\t\t<meta name=\"twitter:image\" content=\"https:\/\/agencia.unq.edu.ar\/wp-content\/uploads\/2026\/07\/IStock-1.jpg\" \/>\n\t\t<script type=\"application\/ld+json\" class=\"aioseo-schema\">\n\t\t\t{\"@context\":\"https:\\\/\\\/schema.org\",\"@graph\":[{\"@type\":\"BlogPosting\",\"@id\":\"https:\\\/\\\/agencia.unq.edu.ar\\\/?p=37668#blogposting\",\"name\":\"La soledad ya no es tristeza: es un problema de salud p\\u00fablica global - Agencia de Noticias Cient\\u00edficas de la UNQ\",\"headline\":\"La soledad ya no es tristeza: es un problema de salud p\\u00fablica global\",\"author\":{\"@id\":\"https:\\\/\\\/agencia.unq.edu.ar\\\/?author=7#author\"},\"publisher\":{\"@id\":\"https:\\\/\\\/agencia.unq.edu.ar\\\/#organization\"},\"image\":{\"@type\":\"ImageObject\",\"url\":\"https:\\\/\\\/agencia.unq.edu.ar\\\/wp-content\\\/uploads\\\/2026\\\/07\\\/IStock-1.jpg\",\"width\":1040,\"height\":420,\"caption\":\"La soledad no siempre se ve, pero tambi\\u00e9n enferma: la OMS advierte que la desconexi\\u00f3n social afecta a una de cada seis personas en el mundo y ya es considerada un problema de salud p\\u00fablica global. Cr\\u00e9dito: IStock.\"},\"datePublished\":\"2026-07-06T10:53:45-03:00\",\"dateModified\":\"2026-07-06T10:53:45-03:00\",\"inLanguage\":\"es-AR\",\"mainEntityOfPage\":{\"@id\":\"https:\\\/\\\/agencia.unq.edu.ar\\\/?p=37668#webpage\"},\"isPartOf\":{\"@id\":\"https:\\\/\\\/agencia.unq.edu.ar\\\/?p=37668#webpage\"},\"articleSection\":\"Noticia destacada, Salud\"},{\"@type\":\"BreadcrumbList\",\"@id\":\"https:\\\/\\\/agencia.unq.edu.ar\\\/?p=37668#breadcrumblist\",\"itemListElement\":[{\"@type\":\"ListItem\",\"@id\":\"https:\\\/\\\/agencia.unq.edu.ar#listItem\",\"position\":1,\"name\":\"Home\",\"item\":\"https:\\\/\\\/agencia.unq.edu.ar\",\"nextItem\":{\"@type\":\"ListItem\",\"@id\":\"https:\\\/\\\/agencia.unq.edu.ar\\\/?cat=9#listItem\",\"name\":\"Salud\"}},{\"@type\":\"ListItem\",\"@id\":\"https:\\\/\\\/agencia.unq.edu.ar\\\/?cat=9#listItem\",\"position\":2,\"name\":\"Salud\",\"item\":\"https:\\\/\\\/agencia.unq.edu.ar\\\/?cat=9\",\"nextItem\":{\"@type\":\"ListItem\",\"@id\":\"https:\\\/\\\/agencia.unq.edu.ar\\\/?p=12469#listItem\",\"name\":\"Se realizar\\u00e1 en Argentina el primer Congreso Internacional de Salud P\\u00fablica\"},\"previousItem\":{\"@type\":\"ListItem\",\"@id\":\"https:\\\/\\\/agencia.unq.edu.ar#listItem\",\"name\":\"Home\"}},{\"@type\":\"ListItem\",\"@id\":\"https:\\\/\\\/agencia.unq.edu.ar\\\/?p=12469#listItem\",\"position\":3,\"name\":\"Se realizar\\u00e1 en Argentina el primer Congreso Internacional de Salud P\\u00fablica\",\"previousItem\":{\"@type\":\"ListItem\",\"@id\":\"https:\\\/\\\/agencia.unq.edu.ar\\\/?cat=9#listItem\",\"name\":\"Salud\"}}]},{\"@type\":\"Organization\",\"@id\":\"https:\\\/\\\/agencia.unq.edu.ar\\\/#organization\",\"name\":\"Agencia de noticias cient\\u00edficas\",\"description\":\"Contamos la ciencia en tiempo real\",\"url\":\"https:\\\/\\\/agencia.unq.edu.ar\\\/\",\"logo\":{\"@type\":\"ImageObject\",\"url\":\"https:\\\/\\\/agencia.unq.edu.ar\\\/wp-content\\\/uploads\\\/2025\\\/01\\\/logo-agencia-bn-sin-fondo.png\",\"@id\":\"https:\\\/\\\/agencia.unq.edu.ar\\\/?p=37668\\\/#organizationLogo\",\"width\":904,\"height\":222,\"caption\":\"Logo Agencia de Noticias Cient\\u00edficas de la UNQ\"},\"image\":{\"@id\":\"https:\\\/\\\/agencia.unq.edu.ar\\\/?p=37668\\\/#organizationLogo\"},\"sameAs\":[\"https:\\\/\\\/www.instagram.com\\\/agencia_noticias_unq\\\/\"]},{\"@type\":\"Person\",\"@id\":\"https:\\\/\\\/agencia.unq.edu.ar\\\/?author=7#author\",\"url\":\"https:\\\/\\\/agencia.unq.edu.ar\\\/?author=7\",\"name\":\"Mar\\u00eda Ximena Perez\",\"image\":{\"@type\":\"ImageObject\",\"@id\":\"https:\\\/\\\/agencia.unq.edu.ar\\\/?p=37668#authorImage\",\"url\":\"https:\\\/\\\/secure.gravatar.com\\\/avatar\\\/3d2d90fdb1ac8bae4489d5bcf861ab60bf01d9881e8b626f669a3d44a219a7c7?s=96&d=mm&r=g\",\"width\":96,\"height\":96,\"caption\":\"Mar\\u00eda Ximena Perez\"}},{\"@type\":\"WebPage\",\"@id\":\"https:\\\/\\\/agencia.unq.edu.ar\\\/?p=37668#webpage\",\"url\":\"https:\\\/\\\/agencia.unq.edu.ar\\\/?p=37668\",\"name\":\"La soledad ya no es tristeza: es un problema de salud p\\u00fablica global - Agencia de Noticias Cient\\u00edficas de la UNQ\",\"description\":\"Un informe de la OMS alerta que el aislamiento social alcanza a una de cada seis personas y eleva riesgos card\\u00edacos, mentales y de muerte temprana.\",\"inLanguage\":\"es-AR\",\"isPartOf\":{\"@id\":\"https:\\\/\\\/agencia.unq.edu.ar\\\/#website\"},\"breadcrumb\":{\"@id\":\"https:\\\/\\\/agencia.unq.edu.ar\\\/?p=37668#breadcrumblist\"},\"author\":{\"@id\":\"https:\\\/\\\/agencia.unq.edu.ar\\\/?author=7#author\"},\"creator\":{\"@id\":\"https:\\\/\\\/agencia.unq.edu.ar\\\/?author=7#author\"},\"image\":{\"@type\":\"ImageObject\",\"url\":\"https:\\\/\\\/agencia.unq.edu.ar\\\/wp-content\\\/uploads\\\/2026\\\/07\\\/IStock-1.jpg\",\"@id\":\"https:\\\/\\\/agencia.unq.edu.ar\\\/?p=37668\\\/#mainImage\",\"width\":1040,\"height\":420,\"caption\":\"La soledad no siempre se ve, pero tambi\\u00e9n enferma: la OMS advierte que la desconexi\\u00f3n social afecta a una de cada seis personas en el mundo y ya es considerada un problema de salud p\\u00fablica global. Cr\\u00e9dito: IStock.\"},\"primaryImageOfPage\":{\"@id\":\"https:\\\/\\\/agencia.unq.edu.ar\\\/?p=37668#mainImage\"},\"datePublished\":\"2026-07-06T10:53:45-03:00\",\"dateModified\":\"2026-07-06T10:53:45-03:00\"},{\"@type\":\"WebSite\",\"@id\":\"https:\\\/\\\/agencia.unq.edu.ar\\\/#website\",\"url\":\"https:\\\/\\\/agencia.unq.edu.ar\\\/\",\"name\":\"Agencia de noticias cient\\u00edficas\",\"description\":\"Contamos la ciencia en tiempo real\",\"inLanguage\":\"es-AR\",\"publisher\":{\"@id\":\"https:\\\/\\\/agencia.unq.edu.ar\\\/#organization\"}}]}\n\t\t<\/script>\n\t\t<!-- All in One SEO -->\n\n","aioseo_head_json":{"title":"La soledad ya no es tristeza: es un problema de salud p\u00fablica global - Agencia de Noticias Cient\u00edficas de la UNQ","description":"Un informe de la OMS alerta que el aislamiento social alcanza a una de cada seis personas y eleva riesgos card\u00edacos, mentales y de muerte temprana.","canonical_url":"https:\/\/agencia.unq.edu.ar\/?p=37668","robots":"max-image-preview:large","keywords":"","webmasterTools":{"miscellaneous":""},"schema":{"@context":"https:\/\/schema.org","@graph":[{"@type":"BlogPosting","@id":"https:\/\/agencia.unq.edu.ar\/?p=37668#blogposting","name":"La soledad ya no es tristeza: es un problema de salud p\u00fablica global - Agencia de Noticias Cient\u00edficas de la UNQ","headline":"La soledad ya no es tristeza: es un problema de salud p\u00fablica global","author":{"@id":"https:\/\/agencia.unq.edu.ar\/?author=7#author"},"publisher":{"@id":"https:\/\/agencia.unq.edu.ar\/#organization"},"image":{"@type":"ImageObject","url":"https:\/\/agencia.unq.edu.ar\/wp-content\/uploads\/2026\/07\/IStock-1.jpg","width":1040,"height":420,"caption":"La soledad no siempre se ve, pero tambi\u00e9n enferma: la OMS advierte que la desconexi\u00f3n social afecta a una de cada seis personas en el mundo y ya es considerada un problema de salud p\u00fablica global. Cr\u00e9dito: IStock."},"datePublished":"2026-07-06T10:53:45-03:00","dateModified":"2026-07-06T10:53:45-03:00","inLanguage":"es-AR","mainEntityOfPage":{"@id":"https:\/\/agencia.unq.edu.ar\/?p=37668#webpage"},"isPartOf":{"@id":"https:\/\/agencia.unq.edu.ar\/?p=37668#webpage"},"articleSection":"Noticia destacada, Salud"},{"@type":"BreadcrumbList","@id":"https:\/\/agencia.unq.edu.ar\/?p=37668#breadcrumblist","itemListElement":[{"@type":"ListItem","@id":"https:\/\/agencia.unq.edu.ar#listItem","position":1,"name":"Home","item":"https:\/\/agencia.unq.edu.ar","nextItem":{"@type":"ListItem","@id":"https:\/\/agencia.unq.edu.ar\/?cat=9#listItem","name":"Salud"}},{"@type":"ListItem","@id":"https:\/\/agencia.unq.edu.ar\/?cat=9#listItem","position":2,"name":"Salud","item":"https:\/\/agencia.unq.edu.ar\/?cat=9","nextItem":{"@type":"ListItem","@id":"https:\/\/agencia.unq.edu.ar\/?p=12469#listItem","name":"Se realizar\u00e1 en Argentina el primer Congreso Internacional de Salud P\u00fablica"},"previousItem":{"@type":"ListItem","@id":"https:\/\/agencia.unq.edu.ar#listItem","name":"Home"}},{"@type":"ListItem","@id":"https:\/\/agencia.unq.edu.ar\/?p=12469#listItem","position":3,"name":"Se realizar\u00e1 en Argentina el primer Congreso Internacional de Salud P\u00fablica","previousItem":{"@type":"ListItem","@id":"https:\/\/agencia.unq.edu.ar\/?cat=9#listItem","name":"Salud"}}]},{"@type":"Organization","@id":"https:\/\/agencia.unq.edu.ar\/#organization","name":"Agencia de noticias cient\u00edficas","description":"Contamos la ciencia en tiempo real","url":"https:\/\/agencia.unq.edu.ar\/","logo":{"@type":"ImageObject","url":"https:\/\/agencia.unq.edu.ar\/wp-content\/uploads\/2025\/01\/logo-agencia-bn-sin-fondo.png","@id":"https:\/\/agencia.unq.edu.ar\/?p=37668\/#organizationLogo","width":904,"height":222,"caption":"Logo Agencia de Noticias Cient\u00edficas de la UNQ"},"image":{"@id":"https:\/\/agencia.unq.edu.ar\/?p=37668\/#organizationLogo"},"sameAs":["https:\/\/www.instagram.com\/agencia_noticias_unq\/"]},{"@type":"Person","@id":"https:\/\/agencia.unq.edu.ar\/?author=7#author","url":"https:\/\/agencia.unq.edu.ar\/?author=7","name":"Mar\u00eda Ximena Perez","image":{"@type":"ImageObject","@id":"https:\/\/agencia.unq.edu.ar\/?p=37668#authorImage","url":"https:\/\/secure.gravatar.com\/avatar\/3d2d90fdb1ac8bae4489d5bcf861ab60bf01d9881e8b626f669a3d44a219a7c7?s=96&d=mm&r=g","width":96,"height":96,"caption":"Mar\u00eda Ximena Perez"}},{"@type":"WebPage","@id":"https:\/\/agencia.unq.edu.ar\/?p=37668#webpage","url":"https:\/\/agencia.unq.edu.ar\/?p=37668","name":"La soledad ya no es tristeza: es un problema de salud p\u00fablica global - Agencia de Noticias Cient\u00edficas de la UNQ","description":"Un informe de la OMS alerta que el aislamiento social alcanza a una de cada seis personas y eleva riesgos card\u00edacos, mentales y de muerte temprana.","inLanguage":"es-AR","isPartOf":{"@id":"https:\/\/agencia.unq.edu.ar\/#website"},"breadcrumb":{"@id":"https:\/\/agencia.unq.edu.ar\/?p=37668#breadcrumblist"},"author":{"@id":"https:\/\/agencia.unq.edu.ar\/?author=7#author"},"creator":{"@id":"https:\/\/agencia.unq.edu.ar\/?author=7#author"},"image":{"@type":"ImageObject","url":"https:\/\/agencia.unq.edu.ar\/wp-content\/uploads\/2026\/07\/IStock-1.jpg","@id":"https:\/\/agencia.unq.edu.ar\/?p=37668\/#mainImage","width":1040,"height":420,"caption":"La soledad no siempre se ve, pero tambi\u00e9n enferma: la OMS advierte que la desconexi\u00f3n social afecta a una de cada seis personas en el mundo y ya es considerada un problema de salud p\u00fablica global. Cr\u00e9dito: IStock."},"primaryImageOfPage":{"@id":"https:\/\/agencia.unq.edu.ar\/?p=37668#mainImage"},"datePublished":"2026-07-06T10:53:45-03:00","dateModified":"2026-07-06T10:53:45-03:00"},{"@type":"WebSite","@id":"https:\/\/agencia.unq.edu.ar\/#website","url":"https:\/\/agencia.unq.edu.ar\/","name":"Agencia de noticias cient\u00edficas","description":"Contamos la ciencia en tiempo real","inLanguage":"es-AR","publisher":{"@id":"https:\/\/agencia.unq.edu.ar\/#organization"}}]},"og:locale":"es_ES","og:site_name":"Agencia de Noticias Cient\u00edficas de la UNQ","og:type":"article","og:title":"La soledad ya no es tristeza: es un problema de salud p\u00fablica global - Agencia de Noticias Cient\u00edficas de la UNQ","og:description":"Un informe de la OMS alerta que el aislamiento social alcanza a una de cada seis personas y eleva riesgos card\u00edacos, mentales y de muerte temprana.","og:url":"https:\/\/agencia.unq.edu.ar\/?p=37668","og:image":"https:\/\/agencia.unq.edu.ar\/wp-content\/uploads\/2026\/07\/IStock-1.jpg","og:image:secure_url":"https:\/\/agencia.unq.edu.ar\/wp-content\/uploads\/2026\/07\/IStock-1.jpg","og:image:width":1040,"og:image:height":420,"article:published_time":"2026-07-06T13:53:45+00:00","article:modified_time":"2026-07-06T13:53:45+00:00","twitter:card":"summary_large_image","twitter:site":"@Agencia__UNQ","twitter:title":"La soledad ya no es tristeza: es un problema de salud p\u00fablica global - Agencia de Noticias Cient\u00edficas de la UNQ","twitter:description":"Un informe de la OMS alerta que el aislamiento social alcanza a una de cada seis personas y eleva riesgos card\u00edacos, mentales y de muerte temprana.","twitter:image":"https:\/\/agencia.unq.edu.ar\/wp-content\/uploads\/2026\/07\/IStock-1.jpg"},"aioseo_meta_data":{"post_id":"12469","title":"#post_title #separator_sa #site_title","description":"#post_excerpt","keywords":[],"keyphrases":{"focus":{"keyphrase":"","score":0,"analysis":{"keyphraseInTitle":{"score":0,"maxScore":9,"error":1}}},"additional":[]},"primary_term":null,"canonical_url":null,"og_title":null,"og_description":null,"og_object_type":"default","og_image_type":"default","og_image_url":null,"og_image_width":null,"og_image_height":null,"og_image_custom_url":null,"og_image_custom_fields":null,"og_video":"","og_custom_url":null,"og_article_section":null,"og_article_tags":[],"twitter_use_og":true,"twitter_card":"default","twitter_image_type":"default","twitter_image_url":null,"twitter_image_custom_url":null,"twitter_image_custom_fields":null,"twitter_title":null,"twitter_description":null,"schema":{"blockGraphs":[],"customGraphs":[],"default":{"data":{"Article":{"id":"#aioseo-article-65d50063dc999","slug":"article","graphName":"Article","label":"Article","properties":{"type":"BlogPosting","name":"#post_title","headline":"#post_title","description":"#post_excerpt","image":"","keywords":"","author":{"name":"#author_name","url":"#author_url"},"dates":{"include":true,"datePublished":"","dateModified":""}}},"Course":[],"Dataset":[],"FAQPage":[],"Movie":[],"Person":[],"Product":[],"ProductReview":[],"Car":[],"Recipe":[],"Service":[],"SoftwareApplication":[],"WebPage":[]},"graphName":"Article","isEnabled":true},"graphs":[]},"schema_type":"default","schema_type_options":"{\"article\":{\"articleType\":\"BlogPosting\"},\"course\":{\"name\":\"\",\"description\":\"\",\"provider\":\"\"},\"faq\":{\"pages\":[]},\"product\":{\"reviews\":[]},\"recipe\":{\"ingredients\":[],\"instructions\":[],\"keywords\":[]},\"software\":{\"reviews\":[],\"operatingSystems\":[]},\"webPage\":{\"webPageType\":\"WebPage\"}}","pillar_content":false,"robots_default":true,"robots_noindex":false,"robots_noarchive":false,"robots_nosnippet":false,"robots_nofollow":false,"robots_noimageindex":false,"robots_noodp":false,"robots_notranslate":false,"robots_max_snippet":"-1","robots_max_videopreview":"-1","robots_max_imagepreview":"large","priority":null,"frequency":"default","local_seo":null,"breadcrumb_settings":null,"limit_modified_date":false,"ai":null,"created":"2023-05-22 15:08:33","updated":"2025-06-05 06:44:56","seo_analyzer_scan_date":null,"focus_keyword":null,"additional_keywords":null,"truseo_locale":null},"aioseo_breadcrumb":"<div class=\"aioseo-breadcrumbs\"><span class=\"aioseo-breadcrumb\">\n\t\t\t<a href=\"https:\/\/agencia.unq.edu.ar\" title=\"Home\">Home<\/a>\n\t\t<\/span><span class=\"aioseo-breadcrumb-separator\">&raquo;<\/span><span class=\"aioseo-breadcrumb\">\n\t\t\t<a href=\"https:\/\/agencia.unq.edu.ar\/?cat=9\" title=\"Salud\">Salud<\/a>\n\t\t<\/span><span class=\"aioseo-breadcrumb-separator\">&raquo;<\/span><span class=\"aioseo-breadcrumb\">\n\t\t\tSe realizar\u00e1 en Argentina el primer Congreso Internacional de Salud P\u00fablica\n\t\t<\/span><\/div>","aioseo_breadcrumb_json":[{"label":"Home","link":"https:\/\/agencia.unq.edu.ar"},{"label":"Salud","link":"https:\/\/agencia.unq.edu.ar\/?cat=9"},{"label":"Se realizar\u00e1 en Argentina el primer Congreso Internacional de Salud P\u00fablica","link":"https:\/\/agencia.unq.edu.ar\/?p=12469"}],"uagb_featured_image_src":{"full":["https:\/\/agencia.unq.edu.ar\/wp-content\/uploads\/2023\/05\/salud-publica.jpg",1040,420,false],"thumbnail":["https:\/\/agencia.unq.edu.ar\/wp-content\/uploads\/2023\/05\/salud-publica.jpg",150,61,false],"medium":["https:\/\/agencia.unq.edu.ar\/wp-content\/uploads\/2023\/05\/salud-publica.jpg",960,388,false],"medium_large":["https:\/\/agencia.unq.edu.ar\/wp-content\/uploads\/2023\/05\/salud-publica.jpg",768,310,false],"large":["https:\/\/agencia.unq.edu.ar\/wp-content\/uploads\/2023\/05\/salud-publica.jpg",1040,420,false],"1536x1536":["https:\/\/agencia.unq.edu.ar\/wp-content\/uploads\/2023\/05\/salud-publica.jpg",1040,420,false],"2048x2048":["https:\/\/agencia.unq.edu.ar\/wp-content\/uploads\/2023\/05\/salud-publica.jpg",1040,420,false],"smart-post-landscape":["https:\/\/agencia.unq.edu.ar\/wp-content\/uploads\/2023\/05\/salud-publica.jpg",870,351,false],"smart-post-portrait":["https:\/\/agencia.unq.edu.ar\/wp-content\/uploads\/2023\/05\/salud-publica.jpg",600,242,false]},"uagb_author_info":{"display_name":"Nicol\u00e1s Retamar","author_link":"https:\/\/agencia.unq.edu.ar\/?author=6"},"uagb_comment_info":0,"uagb_excerpt":"El evento ser\u00e1 del 31 de mayo al 2 junio en CABA y contar\u00e1 con la presencia de especialistas del campo sanitario nacional y mundial.","blog_post_layout_featured_media_urls":{"thumbnail":["https:\/\/agencia.unq.edu.ar\/wp-content\/uploads\/2023\/05\/salud-publica.jpg",150,61,false],"full":["https:\/\/agencia.unq.edu.ar\/wp-content\/uploads\/2023\/05\/salud-publica.jpg",1040,420,false]},"categories_names":{"16":{"name":"Noticia destacada","link":"https:\/\/agencia.unq.edu.ar\/?cat=16"},"9":{"name":"Salud","link":"https:\/\/agencia.unq.edu.ar\/?cat=9"}},"tags_names":{"45":{"name":"Salud P\u00fablica","link":"https:\/\/agencia.unq.edu.ar\/?tag=salud-publica"}},"comments_number":"0","_links":{"self":[{"href":"https:\/\/agencia.unq.edu.ar\/index.php?rest_route=\/wp\/v2\/posts\/12469","targetHints":{"allow":["GET"]}}],"collection":[{"href":"https:\/\/agencia.unq.edu.ar\/index.php?rest_route=\/wp\/v2\/posts"}],"about":[{"href":"https:\/\/agencia.unq.edu.ar\/index.php?rest_route=\/wp\/v2\/types\/post"}],"author":[{"embeddable":true,"href":"https:\/\/agencia.unq.edu.ar\/index.php?rest_route=\/wp\/v2\/users\/6"}],"replies":[{"embeddable":true,"href":"https:\/\/agencia.unq.edu.ar\/index.php?rest_route=%2Fwp%2Fv2%2Fcomments&post=12469"}],"version-history":[{"count":3,"href":"https:\/\/agencia.unq.edu.ar\/index.php?rest_route=\/wp\/v2\/posts\/12469\/revisions"}],"predecessor-version":[{"id":12486,"href":"https:\/\/agencia.unq.edu.ar\/index.php?rest_route=\/wp\/v2\/posts\/12469\/revisions\/12486"}],"wp:featuredmedia":[{"embeddable":true,"href":"https:\/\/agencia.unq.edu.ar\/index.php?rest_route=\/wp\/v2\/media\/12485"}],"wp:attachment":[{"href":"https:\/\/agencia.unq.edu.ar\/index.php?rest_route=%2Fwp%2Fv2%2Fmedia&parent=12469"}],"wp:term":[{"taxonomy":"category","embeddable":true,"href":"https:\/\/agencia.unq.edu.ar\/index.php?rest_route=%2Fwp%2Fv2%2Fcategories&post=12469"},{"taxonomy":"post_tag","embeddable":true,"href":"https:\/\/agencia.unq.edu.ar\/index.php?rest_route=%2Fwp%2Fv2%2Ftags&post=12469"}],"curies":[{"name":"wp","href":"https:\/\/api.w.org\/{rel}","templated":true}]}}