{"id":12842,"date":"2023-06-12T13:47:11","date_gmt":"2023-06-12T16:47:11","guid":{"rendered":"https:\/\/agencia.unq.edu.ar\/?p=12842"},"modified":"2023-06-12T14:32:03","modified_gmt":"2023-06-12T17:32:03","slug":"cientificos-pampeanos-registran-nuevas-muertes-de-aves-a-causa-de-los-tendidos-electricos","status":"publish","type":"post","link":"https:\/\/agencia.unq.edu.ar\/?p=12842","title":{"rendered":"Cient\u00edficos pampeanos registran nuevas muertes de aves a causa de los tendidos el\u00e9ctricos"},"content":{"rendered":"\n<p class=\"has-medium-font-size\">Se estima que 40 animales se electrocutaron en el sur de La Pampa. Algunas especies, como el \u00e1guila coronada, se hallan en peligro de extinci\u00f3n.<\/p>\n\n\n\n<figure class=\"wp-block-image size-full\"><img loading=\"lazy\" decoding=\"async\" width=\"1040\" height=\"420\" src=\"https:\/\/agencia.unq.edu.ar\/wp-content\/uploads\/2023\/06\/Aguilas-electrocutadas.jpg\" alt=\"Investigadores del CECARA posan con ejemplares de \u00e1guilas y aguiluchos electrocutados. Cr\u00e9ditos: CECARA.\" class=\"wp-image-12843\"\/><figcaption class=\"wp-element-caption\">Investigadores del CECARA posan con ejemplares de \u00e1guilas y aguiluchos electrocutados. Cr\u00e9ditos: CECARA.<\/figcaption><\/figure>\n\n\n\n<p>Investigadores del Centro para el Estudio y Conservaci\u00f3n de las Aves Rapaces en Argentina (CECARA) de la Universidad Nacional de La Pampa registraron nuevos incidentes de mortalidad masiva de aves rapaces por causa de la electrocuci\u00f3n en tendidos el\u00e9ctricos. En di\u00e1logo con la <a href=\"https:\/\/agencia.unq.edu.ar\" target=\"_blank\" rel=\"noreferrer noopener\" title=\"Agencia de Noticias Cient\u00edficas de la Universidad Nacional de Quilmes\">Agencia de Noticias Cient\u00edficas de la Universidad Nacional de Quilmes<\/a>, los especialistas estiman que alrededor de 40 ejemplares de distintas especies murieron de esta forma en la Villa Tur\u00edstica Casa de Piedra, al sur de la provincia. La mayor parte de las afectadas fueron \u00e1guilas moras juveniles, cuyas \u00e1reas de cr\u00eda se encuentran en la cordillera Andina.<\/p>\n\n\n\n<p>Sin embargo, este caso no es el primero que se da en la provincia. <strong>Los especialistas ya llevan registradas m\u00e1s de 300 aves electrocutadas, incluidas m\u00e1s de una decena \u00e1guilas coronadas<\/strong>. Esta especie fue categorizada en Peligro de Extinci\u00f3n por la Uni\u00f3n Internacional para la Conservaci\u00f3n de la Naturaleza (UICN) y su poblaci\u00f3n mundial se calcula en menos de mil individuos. La Pampa es una de las \u00e1reas prioritarias para su conservaci\u00f3n en el pa\u00eds y la muerte en tendidos el\u00e9ctricos es una de sus principales amenazas.<\/p>\n\n\n\n<p>Adem\u00e1s del impacto que tiene sobre las poblaciones de especies silvestres, la electrocuci\u00f3n de aves en tendidos el\u00e9ctricos supone tambi\u00e9n un riesgo ambiental a\u00fan mayor. <strong>Las \u00e1guilas pueden combustionar al instante si se dan las condiciones clim\u00e1ticas (altas temperaturas y baja humedad) y provocar incendios forestales a partir de estos incidentes<\/strong>. En Estados Unidos, por ejemplo, 44 de los incendios forestales registrados entre 2014 y 2018 se iniciaron por esta causa.<\/p>\n\n\n\n<figure class=\"wp-block-image aligncenter size-full\"><img loading=\"lazy\" decoding=\"async\" width=\"585\" height=\"566\" src=\"https:\/\/agencia.unq.edu.ar\/wp-content\/uploads\/2023\/06\/mora-juvenil-electrocutada-en-tendido-.jpg\" alt=\"Mora juvenil electrocutada en tendido. Cr\u00e9ditos: M. Flores.\" class=\"wp-image-12849\"\/><figcaption class=\"wp-element-caption\">Mora juvenil electrocutada en tendido. Cr\u00e9ditos: M. Flores.<\/figcaption><\/figure>\n\n\n\n<h2 class=\"wp-block-heading\">Por mano propia<\/h2>\n\n\n\n<p>Los primeros casos de electrocuci\u00f3n de \u00e1guilas coronadas en La Pampa fueron registrados en 2013. A pesar de los pedidos realizados por cient\u00edficos del CECARA y por ONG\u2019s de todo el pa\u00eds, los entes p\u00fablicos del sector el\u00e9ctrico no tomaron medidas para prevenir la mortandad de aves.<\/p>\n\n\n\n<p>Por eso, <strong>junto a la Fundaci\u00f3n Kar\u00fa Map\u00fa desarrollan un equipo para prevenir la electrocuci\u00f3n de aves en tendidos el\u00e9ctricos a partir de pl\u00e1stico reciclado<\/strong>. El prop\u00f3sito tiene que ver, en primer lugar, con el riesgo que representan las l\u00edneas de distribuci\u00f3n de energ\u00eda para la fauna silvestre; y en segundo lugar, con la disminuci\u00f3n de materiales de un solo uso que terminan en basurales a cielo abierto.<\/p>\n\n\n\n<p><strong>El primer prototipo ya est\u00e1 listo y la idea de los especialistas es que pueda utilizarse en todo el pa\u00eds<\/strong>. Este emprendimiento de desarrollo productivo ser\u00e1 el primero de La Pampa dedicado a transformar pl\u00e1sticos reciclados en productos nuevos.<\/p>\n\n\n\n<h2 class=\"wp-block-heading\">Soluci\u00f3n argentina a un problema global<\/h2>\n\n\n\n<p>La electrocuci\u00f3n aviar es un problema mundial y afecta a distintas especies. En particular, los investigadores ven con preocupaci\u00f3n el caso del \u00e1guila coronada (o \u00e1guila del Chaco), que se encuentra en peligro de extinci\u00f3n.<strong> En los \u00faltimos diez a\u00f1os encontraron alrededor de diez electrocutadas en la provincia y se calcula que quedan menos de mil en todo el planeta<\/strong>.<\/p>\n\n\n\n<p>Aunque existen algunos elementos para aislar cables de tendidos el\u00e9ctricos y reducir la mortandad de aves, hasta ahora se fabrican en el exterior. <strong>Su costo aproximado es de 90 d\u00f3lares cada uno y son miles de postes los que necesitan su aislaci\u00f3n<\/strong>.<\/p>\n\n\n\n<p>Respecto al dispositivo desarrollado por los especialistas del CECARA y la Fundaci\u00f3n Kar\u00fa Map\u00fa, todav\u00eda no se sabe cu\u00e1nto costar\u00e1. Sin embargo, destacan a la <a href=\"https:\/\/agencia.unq.edu.ar\" target=\"_blank\" rel=\"noreferrer noopener\" title=\"Agencia\">Agencia<\/a>, <strong>al no tener costos de importaci\u00f3n y al tratarse de materiales provenientes del reciclaje, estiman que el precio ser\u00e1 menor<\/strong>.<\/p>\n\n\n\n<figure class=\"wp-block-image aligncenter size-full\"><img loading=\"lazy\" decoding=\"async\" width=\"780\" height=\"509\" src=\"https:\/\/agencia.unq.edu.ar\/wp-content\/uploads\/2023\/06\/aguila-mora-juvenil.jpg\" alt=\"\u00c1guila mora juvenil electrocutada. Cr\u00e9ditos: M. Flores.\" class=\"wp-image-12850\"\/><figcaption class=\"wp-element-caption\">\u00c1guila mora juvenil electrocutada. Cr\u00e9ditos: M. Flores.<\/figcaption><\/figure>\n\n\n\n<h2 class=\"wp-block-heading\">Estatuilla verde<\/h2>\n\n\n\n<p>Jos\u00e9 Sarasola, investigador del Conicet y director del CECARA, fue premiado en 2019 con el \u201cWhitley Award\u201d (que entrega una fundaci\u00f3n brit\u00e1nica), m\u00e1s conocido como \u201cOscar Verde\u201d. Se trata de <strong>un reconocimiento que se otorga a aquellos cient\u00edficos que desarrollan estrategias de conservaci\u00f3n de especies en peligro de extinci\u00f3n<\/strong>. <\/p>\n\n\n\n<div style=\"height:40px\" aria-hidden=\"true\" class=\"wp-block-spacer\"><\/div>\n\n\n\n<hr class=\"wp-block-separator has-text-color has-css-opacity has-background is-style-wide\" style=\"background-color:#fea50e;color:#fea50e\"\/>\n\n\n\n<h4 class=\"wp-block-heading\" id=\"publicaciones-relacionadas\">\u00daltimas noticias de la secci\u00f3n Ambiente:<\/h4>\n\n\n<style id=\"sp_pcp_dynamic_style3316\">#pcp_wrapper-3316:not(.sps-glossary-layout) .sp-pcp-row,#pcp_wrapper-3316 .sps-glossary-items-group .sps-glossary-items-content {margin-right: -10px;margin-left: -10px;}#pcp_wrapper-3316 .sp-pcp-row [class*='sp-pcp-col-']{padding-right: 10px;padding-left: 10px; padding-bottom:20px;}.pcp-wrapper-3316 .sp-pcp-title a {color: #ac162c;display: inherit;} .pcp-wrapper-3316 .sp-pcp-title a:hover {color: #fea50e;}#pcp_wrapper-3316 .dots .swiper-pagination-bullet{ background: #ac162c; } #pcp_wrapper-3316 .dots .swiper-pagination-bullet-active { background: #fea50e; }#pcp_wrapper-3316 .pcp-button-prev,#pcp_wrapper-3316 .pcp-button-next{ background-image: none; background-size: auto; background-color: #fff; height: 33px; width: 33px; margin-top: 8px; border: 1px solid #aaa; text-align: center; line-height: 30px; -webkit-transition: 0.3s; border-radius: 3px; }#pcp_wrapper-3316 .pcp-button-prev:hover, #pcp_wrapper-3316 .pcp-button-next:hover{ background-color: #fea50e; border-color: #ac162c; } #pcp_wrapper-3316 .pcp-button-prev .fa, #pcp_wrapper-3316 .pcp-button-next .fa { color: #000000; } #pcp_wrapper-3316 .pcp-button-prev:hover .fa, #pcp_wrapper-3316 .pcp-button-next:hover .fa { color: #fff; } #pcp_wrapper-3316.pcp-carousel-wrapper .sp-pcp-post{ margin-top: 0; }#pcp_wrapper-3316 .sp-pcp-post {padding: 0 0 0 0;}#pcp_wrapper-3316.sp-slider_layout .sp-pcp-post .sp-pcp-post-details {top: 0; right:0; bottom:0; left:0;}#pcp_wrapper-3316 .sp-pcp-post {border: 0px solid #e2e2e2; border-radius: 0px }#pcp_wrapper-3316 .sp-pcp-post{background-color: transparent;}#pcp_wrapper-3316 .pcp-post-thumb-wrapper{border: 0px solid #dddddd;border-radius:0px;}.pcp-wrapper-3316 .sp-pcp-post-meta li,.pcp-wrapper-3316 .sp-pcp-post-meta ul,.pcp-wrapper-3316 .sp-pcp-post-meta li a{color: #888;}.pcp-wrapper-3316 .sp-pcp-post-meta li a:hover{color: #e1624b;}#pcp_wrapper-3316 .pcp-post-pagination .page-numbers.current, #pcp_wrapper-3316 .pcp-post-pagination a.active , #pcp_wrapper-3316 .pcp-post-pagination a:hover{ color: #ffffff; background: #e1624b; border-color: #e1624b; }#pcp_wrapper-3316 .pcp-post-pagination .page-numbers, .pcp-post-pagination a{ background: #ffffff; color:#5e5e5e; border: 2px solid #bbbbbb;border-radius: 2px; }#pcp_wrapper-3316 .pcp-post-pagination{text-align: left;}@media (min-width: 1200px) {.sp-pcp-row .sp-pcp-col-xl-1 {flex: 0 0 100%;}.sp-pcp-row .sp-pcp-col-xl-2 {flex: 1 1 calc( 50% - 20px);}.sp-pcp-row .sp-pcp-col-xl-3 {flex: 1 1 calc( 33.333% - 20px);}.sp-pcp-row .sp-pcp-col-xl-4 {flex: 1 1 calc( 25% - 20px);}.sp-pcp-row .sp-pcp-col-xl-5 { flex: 1 1 calc( 20% - 20px);}.sp-pcp-row .sp-pcp-col-xl-6 {flex: 1 1 calc( 16.66666666666667% - 20px);}.sp-pcp-row .sp-pcp-col-xl-7 {flex: 1 1 calc( 14.28571428% - 20px);}.sp-pcp-row .sp-pcp-col-xl-8 {flex: 1 1 calc( 12.5% - 20px);}}@media (max-width: 1200px) {.sp-pcp-row .sp-pcp-col-lg-1 {flex: 0 0 100%;}.sp-pcp-row .sp-pcp-col-lg-2 {flex: 1 1 calc( 50% - 20px);}.sp-pcp-row .sp-pcp-col-lg-3 {flex: 1 1 calc( 33.333% - 20px);}.sp-pcp-row .sp-pcp-col-lg-4 {flex: 1 1 calc( 25% - 20px);}.sp-pcp-row .sp-pcp-col-lg-5 { flex: 1 1 calc( 20% - 20px);}.sp-pcp-row .sp-pcp-col-lg-6 {flex: 1 1 calc( 16.66666666666667% - 20px);}.sp-pcp-row .sp-pcp-col-lg-7 {flex: 1 1 calc( 14.28571428% - 20px);}.sp-pcp-row .sp-pcp-col-lg-8 {flex: 1 1 calc( 12.5% - 20px);}}@media (max-width: 992px) {.sp-pcp-row .sp-pcp-col-md-1 {flex: 0 0 100%;}.sp-pcp-row .sp-pcp-col-md-2 {flex: 1 1 calc( 50% - 20px);}.sp-pcp-row .sp-pcp-col-md-2-5 {flex: 0 0 75%;}.sp-pcp-row .sp-pcp-col-md-3 {flex: 1 1 calc( 33.333% - 20px);}.sp-pcp-row .sp-pcp-col-md-4 {flex: 1 1 calc( 25% - 20px);}.sp-pcp-row .sp-pcp-col-md-5 { flex: 1 1 calc( 20% - 20px);}.sp-pcp-row .sp-pcp-col-md-6 {flex: 1 1 calc( 16.66666666666667% - 20px);}.sp-pcp-row .sp-pcp-col-md-7 {flex: 1 1 calc( 14.28571428% - 20px);}.sp-pcp-row .sp-pcp-col-md-8 {flex: 1 1 calc( 12.5% - 20px);}}@media (max-width: 768px) {.sp-pcp-row .sp-pcp-col-sm-1 {flex: 0 0 100%;}.sp-pcp-row .sp-pcp-col-sm-2 {flex: 1 1 calc( 50% - 20px);}.sp-pcp-row .sp-pcp-col-sm-2-5 {flex: 0 0 75%;}.sp-pcp-row .sp-pcp-col-sm-3 {flex: 1 1 calc( 33.333% - 20px);}.sp-pcp-row .sp-pcp-col-sm-4 {flex: 1 1 calc( 25% - 20px);}.sp-pcp-row .sp-pcp-col-sm-5 { flex: 1 1 calc( 20% - 20px);}.sp-pcp-row .sp-pcp-col-sm-6 {flex: 1 1 calc( 16.66666666666667% - 20px);}.sp-pcp-row .sp-pcp-col-sm-7 {flex: 1 1 calc( 14.28571428% - 20px);}.sp-pcp-row .sp-pcp-col-sm-8 {flex: 1 1 calc( 12.5% - 20px);}}@media (max-width: 420px) {.sp-pcp-row .sp-pcp-col-xs-1 {flex: 0 0 100%;}.sp-pcp-row .sp-pcp-col-xs-2 {flex: 1 1 calc( 50% - 20px);}.sp-pcp-row .sp-pcp-col-xs-3 {flex: 1 1 calc( 33.333% - 20px);}.sp-pcp-row .sp-pcp-col-xs-4 {flex: 1 1 calc( 25% - 20px);}.sp-pcp-row .sp-pcp-col-xs-5 { flex: 1 1 calc( 20% - 20px);}.sp-pcp-row .sp-pcp-col-xs-6 {flex: 1 1 calc( 16.66666666666667% - 20px);}.sp-pcp-row .sp-pcp-col-xs-7 {flex: 1 1 calc( 14.28571428% - 20px);}.sp-pcp-row .sp-pcp-col-xs-8 {flex: 1 1 calc( 12.5% - 20px);}}<\/style><!-- Markup Starts -->\n<div id=\"pcp_wrapper-3316\" class=\"sp-pcp-section sp-pcp-container pcp-wrapper-3316 pcp-carousel-wrapper standard sp-carousel_layout\" data-sid=\"3316\">\n\t<div id=\"sp-pcp-id-3316\" class=\"swiper-container sp-pcp-carousel top_right\" dir=\"ltr\" data-carousel='{ \"speed\":600, \"items\":3, \"spaceBetween\":20, \"dynamicBullets\": false, \"navigation\":true, \"pagination\": true, \"autoplay\": true, \"autoplay_speed\": 2000, \"loop\": true, \"autoHeight\": false, \"lazy\":  true, \"simulateTouch\": true, \"freeMode\": false, \"slider_mouse_wheel\": false,\"allowTouchMove\": true, \"slidesPerView\": {\"lg_desktop\": 3, \"desktop\": 3, \"tablet\": 2, \"mobile_landscape\": 1, \"mobile\": 1}, \"navigation_mobile\": true, \"pagination_mobile\": true, \"stop_onHover\": true, \"enabled\": true, \"prevSlideMessage\": \"Previous slide\", \"nextSlideMessage\": \"Next slide\", \"firstSlideMessage\": \"This is the first slide\", \"lastSlideMessage\": \"This is the last slide\", \"keyboard\": \"true\", \"paginationBulletMessage\": \"Go to slide {{index}}\" }'>\n\t\t\t<div class=\"swiper-wrapper\">\n\t\t\t\t\t\t<div class=\" swiper-slide swiper-lazy\">\n\t\t\t<div class=\"sp-pcp-post default pcp-item-35518\" data-id=\"35518\">\n\t\t\t\t\t\t\t\t<div class=\"pcp-post-thumb-wrapper\">\n\t\t\t\t\t<div class=\"sp-pcp-post-thumb-area\">\n\t\t\t\t\t\t\t\t\t\t\t\t<a class=\"sp-pcp-thumb\" href=\"https:\/\/agencia.unq.edu.ar\/?p=35518\" target=\"_self\" >\n\t\t\t\t\t\t\t\t\t\t\t\t\t<img loading=\"lazy\" decoding=\"async\" src=\"https:\/\/agencia.unq.edu.ar\/wp-content\/uploads\/2026\/04\/Pinguino-emperador.jpg\" width=\"1040\" height=\"420\" alt=\"El ping\u00fcino emperador es una de las especies que cambi\u00f3 de categor\u00eda y ahora est\u00e1 en peligro de extinci\u00f3n. Cr\u00e9ditos: Philip Trathan.\">\n\t\t\t\t\t\t<\/a>\n\t\t\t\t\t<\/div>\n\t\t\t\t<\/div>\n\t\t\t\t\t\t\t\t<div class=\"sp-pcp-post-details\">\n\t\t\t\t\t<div class=\"sp-pcp-post-details-content\">\n\t\t\t\t\t\t\t\t<h4 class=\"sp-pcp-title\">\n\t\t\t\t\t\t\t\t\t<a href=\"https:\/\/agencia.unq.edu.ar\/?p=35518\"  target=\"_self\">Por culpa del cambio clim\u00e1tico, dos animales emblem\u00e1ticos de la Ant\u00e1rtida podr\u00edan extinguirse<\/a>\t\t\t\t\t\t\t<\/h4>\n\t\t\t\t\t\t\t\t\t<\/div>\n\t\t\t\t<\/div>\n\t\t\t<\/div>\n\t\t<\/div>\n\t\t\t\t<div class=\" swiper-slide swiper-lazy\">\n\t\t\t<div class=\"sp-pcp-post default pcp-item-34846\" data-id=\"34846\">\n\t\t\t\t\t\t\t\t<div class=\"pcp-post-thumb-wrapper\">\n\t\t\t\t\t<div class=\"sp-pcp-post-thumb-area\">\n\t\t\t\t\t\t\t\t\t\t\t\t<a class=\"sp-pcp-thumb\" href=\"https:\/\/agencia.unq.edu.ar\/?p=34846\" target=\"_self\" >\n\t\t\t\t\t\t\t\t\t\t\t\t\t<img loading=\"lazy\" decoding=\"async\" src=\"https:\/\/agencia.unq.edu.ar\/wp-content\/uploads\/2026\/03\/Mono-capuchino.jpg\" width=\"1040\" height=\"420\" alt=\"Los monos ca\u00ed buscan el interior de los \u00e1rboles como fuente de alimentaci\u00f3n (imagen: CONICET Nordeste).\">\n\t\t\t\t\t\t<\/a>\n\t\t\t\t\t<\/div>\n\t\t\t\t<\/div>\n\t\t\t\t\t\t\t\t<div class=\"sp-pcp-post-details\">\n\t\t\t\t\t<div class=\"sp-pcp-post-details-content\">\n\t\t\t\t\t\t\t\t<h4 class=\"sp-pcp-title\">\n\t\t\t\t\t\t\t\t\t<a href=\"https:\/\/agencia.unq.edu.ar\/?p=34846\"  target=\"_self\">Monos, pinos y una idea ingeniosa para que todos ganen<\/a>\t\t\t\t\t\t\t<\/h4>\n\t\t\t\t\t\t\t\t\t<\/div>\n\t\t\t\t<\/div>\n\t\t\t<\/div>\n\t\t<\/div>\n\t\t\t\t<div class=\" swiper-slide swiper-lazy\">\n\t\t\t<div class=\"sp-pcp-post default pcp-item-34711\" data-id=\"34711\">\n\t\t\t\t\t\t\t\t<div class=\"pcp-post-thumb-wrapper\">\n\t\t\t\t\t<div class=\"sp-pcp-post-thumb-area\">\n\t\t\t\t\t\t\t\t\t\t\t\t<a class=\"sp-pcp-thumb\" href=\"https:\/\/agencia.unq.edu.ar\/?p=34711\" target=\"_self\" >\n\t\t\t\t\t\t\t\t\t\t\t\t\t<img loading=\"lazy\" decoding=\"async\" src=\"https:\/\/agencia.unq.edu.ar\/wp-content\/uploads\/2026\/03\/nueve-claves.jpg\" width=\"1040\" height=\"420\" alt=\"Evaluar y proteger la biodiversidad se volvi\u00f3 imprescindible (imagen: estrategiasdeiversion.com)\">\n\t\t\t\t\t\t<\/a>\n\t\t\t\t\t<\/div>\n\t\t\t\t<\/div>\n\t\t\t\t\t\t\t\t<div class=\"sp-pcp-post-details\">\n\t\t\t\t\t<div class=\"sp-pcp-post-details-content\">\n\t\t\t\t\t\t\t\t<h4 class=\"sp-pcp-title\">\n\t\t\t\t\t\t\t\t\t<a href=\"https:\/\/agencia.unq.edu.ar\/?p=34711\"  target=\"_self\">Cient\u00edficos de todo el mundo acordaron los cambios fundamentales para proteger la biodiversidad<\/a>\t\t\t\t\t\t\t<\/h4>\n\t\t\t\t\t\t\t\t\t<\/div>\n\t\t\t\t<\/div>\n\t\t\t<\/div>\n\t\t<\/div>\n\t\t\t\t<div class=\" swiper-slide swiper-lazy\">\n\t\t\t<div class=\"sp-pcp-post default pcp-item-34358\" data-id=\"34358\">\n\t\t\t\t\t\t\t\t<div class=\"pcp-post-thumb-wrapper\">\n\t\t\t\t\t<div class=\"sp-pcp-post-thumb-area\">\n\t\t\t\t\t\t\t\t\t\t\t\t<a class=\"sp-pcp-thumb\" href=\"https:\/\/agencia.unq.edu.ar\/?p=34358\" target=\"_self\" >\n\t\t\t\t\t\t\t\t\t\t\t\t\t<img loading=\"lazy\" decoding=\"async\" src=\"https:\/\/agencia.unq.edu.ar\/wp-content\/uploads\/2026\/02\/Inundacion-Peru.jpg\" width=\"1040\" height=\"420\" alt=\"Una inundaci\u00f3n de 2017 en Per\u00fa que dej\u00f3 m\u00e1s de 100 muertos. Cr\u00e9ditos: Reuters.\">\n\t\t\t\t\t\t<\/a>\n\t\t\t\t\t<\/div>\n\t\t\t\t<\/div>\n\t\t\t\t\t\t\t\t<div class=\"sp-pcp-post-details\">\n\t\t\t\t\t<div class=\"sp-pcp-post-details-content\">\n\t\t\t\t\t\t\t\t<h4 class=\"sp-pcp-title\">\n\t\t\t\t\t\t\t\t\t<a href=\"https:\/\/agencia.unq.edu.ar\/?p=34358\"  target=\"_self\">Se duplicaron las inundaciones en Am\u00e9rica Latina y el Caribe durante los \u00faltimos 30 a\u00f1os<\/a>\t\t\t\t\t\t\t<\/h4>\n\t\t\t\t\t\t\t\t\t<\/div>\n\t\t\t\t<\/div>\n\t\t\t<\/div>\n\t\t<\/div>\n\t\t\t\t<div class=\" swiper-slide swiper-lazy\">\n\t\t\t<div class=\"sp-pcp-post default pcp-item-34203\" data-id=\"34203\">\n\t\t\t\t\t\t\t\t<div class=\"pcp-post-thumb-wrapper\">\n\t\t\t\t\t<div class=\"sp-pcp-post-thumb-area\">\n\t\t\t\t\t\t\t\t\t\t\t\t<a class=\"sp-pcp-thumb\" href=\"https:\/\/agencia.unq.edu.ar\/?p=34203\" target=\"_self\" >\n\t\t\t\t\t\t\t\t\t\t\t\t\t<img loading=\"lazy\" decoding=\"async\" src=\"https:\/\/agencia.unq.edu.ar\/wp-content\/uploads\/2026\/02\/La-tecnologia-economica-rapida-y-portatil-para-medir-fosfato.-Creditos_-Conicet.jpg\" width=\"1040\" height=\"420\" alt=\"La tecnolog\u00eda econ\u00f3mica, r\u00e1pida y port\u00e1til para medir fosfato. Cr\u00e9ditos: Conicet.\">\n\t\t\t\t\t\t<\/a>\n\t\t\t\t\t<\/div>\n\t\t\t\t<\/div>\n\t\t\t\t\t\t\t\t<div class=\"sp-pcp-post-details\">\n\t\t\t\t\t<div class=\"sp-pcp-post-details-content\">\n\t\t\t\t\t\t\t\t<h4 class=\"sp-pcp-title\">\n\t\t\t\t\t\t\t\t\t<a href=\"https:\/\/agencia.unq.edu.ar\/?p=34203\"  target=\"_self\">Investigadores del Conicet desarrollan un m\u00e9todo para medir el fosfato con el celular<\/a>\t\t\t\t\t\t\t<\/h4>\n\t\t\t\t\t\t\t\t\t<\/div>\n\t\t\t\t<\/div>\n\t\t\t<\/div>\n\t\t<\/div>\n\t\t\t\t<div class=\" swiper-slide swiper-lazy\">\n\t\t\t<div class=\"sp-pcp-post default pcp-item-34153\" data-id=\"34153\">\n\t\t\t\t\t\t\t\t<div class=\"pcp-post-thumb-wrapper\">\n\t\t\t\t\t<div class=\"sp-pcp-post-thumb-area\">\n\t\t\t\t\t\t\t\t\t\t\t\t<a class=\"sp-pcp-thumb\" href=\"https:\/\/agencia.unq.edu.ar\/?p=34153\" target=\"_self\" >\n\t\t\t\t\t\t\t\t\t\t\t\t\t<img loading=\"lazy\" decoding=\"async\" src=\"https:\/\/agencia.unq.edu.ar\/wp-content\/uploads\/2026\/02\/Arboles-IA.jpg\" width=\"1040\" height=\"420\" alt=\"Uno de los \u00e1rboles plantados en un suburbio en la isla Bribie es el Fresno. Cr\u00e9ditos: Huertox.\">\n\t\t\t\t\t\t<\/a>\n\t\t\t\t\t<\/div>\n\t\t\t\t<\/div>\n\t\t\t\t\t\t\t\t<div class=\"sp-pcp-post-details\">\n\t\t\t\t\t<div class=\"sp-pcp-post-details-content\">\n\t\t\t\t\t\t\t\t<h4 class=\"sp-pcp-title\">\n\t\t\t\t\t\t\t\t\t<a href=\"https:\/\/agencia.unq.edu.ar\/?p=34153\"  target=\"_self\">Desarrollan una herramienta con IA que podr\u00eda enfriar zonas urbanas hasta 3,5 grados<\/a>\t\t\t\t\t\t\t<\/h4>\n\t\t\t\t\t\t\t\t\t<\/div>\n\t\t\t\t<\/div>\n\t\t\t<\/div>\n\t\t<\/div>\n\t\t\t\t<div class=\" swiper-slide swiper-lazy\">\n\t\t\t<div class=\"sp-pcp-post default pcp-item-33935\" data-id=\"33935\">\n\t\t\t\t\t\t\t\t<div class=\"pcp-post-thumb-wrapper\">\n\t\t\t\t\t<div class=\"sp-pcp-post-thumb-area\">\n\t\t\t\t\t\t\t\t\t\t\t\t<a class=\"sp-pcp-thumb\" href=\"https:\/\/agencia.unq.edu.ar\/?p=33935\" target=\"_self\" >\n\t\t\t\t\t\t\t\t\t\t\t\t\t<img loading=\"lazy\" decoding=\"async\" src=\"https:\/\/agencia.unq.edu.ar\/wp-content\/uploads\/2026\/02\/biodiversidad.jpg\" width=\"1040\" height=\"420\" alt=\"La vida secreta del planeta: miles de especies nuevas por a\u00f1o y un reloj que corre. Cr\u00e9ditos: EcoCounter.\">\n\t\t\t\t\t\t<\/a>\n\t\t\t\t\t<\/div>\n\t\t\t\t<\/div>\n\t\t\t\t\t\t\t\t<div class=\"sp-pcp-post-details\">\n\t\t\t\t\t<div class=\"sp-pcp-post-details-content\">\n\t\t\t\t\t\t\t\t<h4 class=\"sp-pcp-title\">\n\t\t\t\t\t\t\t\t\t<a href=\"https:\/\/agencia.unq.edu.ar\/?p=33935\"  target=\"_self\">Media Tierra sin nombre: la biodiversidad que falta descubrir no se achica, crece<\/a>\t\t\t\t\t\t\t<\/h4>\n\t\t\t\t\t\t\t\t\t<\/div>\n\t\t\t\t<\/div>\n\t\t\t<\/div>\n\t\t<\/div>\n\t\t\t\t<div class=\" swiper-slide swiper-lazy\">\n\t\t\t<div class=\"sp-pcp-post default pcp-item-33883\" data-id=\"33883\">\n\t\t\t\t\t\t\t\t<div class=\"pcp-post-thumb-wrapper\">\n\t\t\t\t\t<div class=\"sp-pcp-post-thumb-area\">\n\t\t\t\t\t\t\t\t\t\t\t\t<a class=\"sp-pcp-thumb\" href=\"https:\/\/agencia.unq.edu.ar\/?p=33883\" target=\"_self\" >\n\t\t\t\t\t\t\t\t\t\t\t\t\t<img loading=\"lazy\" decoding=\"async\" src=\"https:\/\/agencia.unq.edu.ar\/wp-content\/uploads\/2026\/02\/pinguinos-el-extremo-sur.jpg\" width=\"1040\" height=\"420\" alt=\"La observaci\u00f3n es no invasiva ya que no hay iluminaci\u00f3n en nidos, los ingresos son perimetrales y el mantenimiento se realiza a intervalos amplios. Cr\u00e9ditos: El extremos sur.\">\n\t\t\t\t\t\t<\/a>\n\t\t\t\t\t<\/div>\n\t\t\t\t<\/div>\n\t\t\t\t\t\t\t\t<div class=\"sp-pcp-post-details\">\n\t\t\t\t\t<div class=\"sp-pcp-post-details-content\">\n\t\t\t\t\t\t\t\t<h4 class=\"sp-pcp-title\">\n\t\t\t\t\t\t\t\t\t<a href=\"https:\/\/agencia.unq.edu.ar\/?p=33883\"  target=\"_self\">El streaming del Conicet que convierte a la Patagonia en laboratorio a cielo abierto<\/a>\t\t\t\t\t\t\t<\/h4>\n\t\t\t\t\t\t\t\t\t<\/div>\n\t\t\t\t<\/div>\n\t\t\t<\/div>\n\t\t<\/div>\n\t\t\t\t<div class=\" swiper-slide swiper-lazy\">\n\t\t\t<div class=\"sp-pcp-post default pcp-item-33697\" data-id=\"33697\">\n\t\t\t\t\t\t\t\t<div class=\"pcp-post-thumb-wrapper\">\n\t\t\t\t\t<div class=\"sp-pcp-post-thumb-area\">\n\t\t\t\t\t\t\t\t\t\t\t\t<a class=\"sp-pcp-thumb\" href=\"https:\/\/agencia.unq.edu.ar\/?p=33697\" target=\"_self\" >\n\t\t\t\t\t\t\t\t\t\t\t\t\t<img loading=\"lazy\" decoding=\"async\" src=\"https:\/\/agencia.unq.edu.ar\/wp-content\/uploads\/2026\/01\/Playa-Pinamar.jpg\" width=\"1040\" height=\"420\" alt=\"&quot;La temperatura que alcanza la arena de la playa en un d\u00eda soleado depende de su reflectancia, es decir, de su capacidad para rechazar parte de la radiaci\u00f3n solar y, por lo tanto, para absorber menos calor&quot;, declara Bozzano. Cr\u00e9ditos: Aire digital.\">\n\t\t\t\t\t\t<\/a>\n\t\t\t\t\t<\/div>\n\t\t\t\t<\/div>\n\t\t\t\t\t\t\t\t<div class=\"sp-pcp-post-details\">\n\t\t\t\t\t<div class=\"sp-pcp-post-details-content\">\n\t\t\t\t\t\t\t\t<h4 class=\"sp-pcp-title\">\n\t\t\t\t\t\t\t\t\t<a href=\"https:\/\/agencia.unq.edu.ar\/?p=33697\"  target=\"_self\">\u00bfPor qu\u00e9 la arena de la Costa Atl\u00e1ntica argentina quema m\u00e1s que la del Caribe?<\/a>\t\t\t\t\t\t\t<\/h4>\n\t\t\t\t\t\t\t\t\t<\/div>\n\t\t\t\t<\/div>\n\t\t\t<\/div>\n\t\t<\/div>\n\t\t\t\t<div class=\" swiper-slide swiper-lazy\">\n\t\t\t<div class=\"sp-pcp-post default pcp-item-33674\" data-id=\"33674\">\n\t\t\t\t\t\t\t\t<div class=\"pcp-post-thumb-wrapper\">\n\t\t\t\t\t<div class=\"sp-pcp-post-thumb-area\">\n\t\t\t\t\t\t\t\t\t\t\t\t<a class=\"sp-pcp-thumb\" href=\"https:\/\/agencia.unq.edu.ar\/?p=33674\" target=\"_self\" >\n\t\t\t\t\t\t\t\t\t\t\t\t\t<img loading=\"lazy\" decoding=\"async\" src=\"https:\/\/agencia.unq.edu.ar\/wp-content\/uploads\/2026\/01\/Incendios-chubut.jpg\" width=\"1040\" height=\"420\" alt=\"El incendio comenz\u00f3 en Puerto Patriada, El Hoyo, y ya quem\u00f3 cerca de 12 mil hect\u00e1reas. Cr\u00e9ditos: InfoSantiago.\">\n\t\t\t\t\t\t<\/a>\n\t\t\t\t\t<\/div>\n\t\t\t\t<\/div>\n\t\t\t\t\t\t\t\t<div class=\"sp-pcp-post-details\">\n\t\t\t\t\t<div class=\"sp-pcp-post-details-content\">\n\t\t\t\t\t\t\t\t<h4 class=\"sp-pcp-title\">\n\t\t\t\t\t\t\t\t\t<a href=\"https:\/\/agencia.unq.edu.ar\/?p=33674\"  target=\"_self\">En primera l\u00ednea: la voz de una vecina que ayuda a combatir los incendios de Chubut<\/a>\t\t\t\t\t\t\t<\/h4>\n\t\t\t\t\t\t\t\t\t<\/div>\n\t\t\t\t<\/div>\n\t\t\t<\/div>\n\t\t<\/div>\n\t\t\t\t<div class=\" swiper-slide swiper-lazy\">\n\t\t\t<div class=\"sp-pcp-post default pcp-item-33632\" data-id=\"33632\">\n\t\t\t\t\t\t\t\t<div class=\"pcp-post-thumb-wrapper\">\n\t\t\t\t\t<div class=\"sp-pcp-post-thumb-area\">\n\t\t\t\t\t\t\t\t\t\t\t\t<a class=\"sp-pcp-thumb\" href=\"https:\/\/agencia.unq.edu.ar\/?p=33632\" target=\"_self\" >\n\t\t\t\t\t\t\t\t\t\t\t\t\t<img loading=\"lazy\" decoding=\"async\" src=\"https:\/\/agencia.unq.edu.ar\/wp-content\/uploads\/2026\/01\/risueno.jpg\" width=\"1040\" height=\"420\" alt=\"E\u00f3lica y solar al frente: las fuentes que empujaron la suba renovable. Cr\u00e9ditos: Risue\u00f1o.\">\n\t\t\t\t\t\t<\/a>\n\t\t\t\t\t<\/div>\n\t\t\t\t<\/div>\n\t\t\t\t\t\t\t\t<div class=\"sp-pcp-post-details\">\n\t\t\t\t\t<div class=\"sp-pcp-post-details-content\">\n\t\t\t\t\t\t\t\t<h4 class=\"sp-pcp-title\">\n\t\t\t\t\t\t\t\t\t<a href=\"https:\/\/agencia.unq.edu.ar\/?p=33632\"  target=\"_self\">El futuro de la energ\u00eda es renovable: r\u00e9cord global y situaci\u00f3n en Argentina<\/a>\t\t\t\t\t\t\t<\/h4>\n\t\t\t\t\t\t\t\t\t<\/div>\n\t\t\t\t<\/div>\n\t\t\t<\/div>\n\t\t<\/div>\n\t\t\t\t<div class=\" swiper-slide swiper-lazy\">\n\t\t\t<div class=\"sp-pcp-post default pcp-item-33531\" data-id=\"33531\">\n\t\t\t\t\t\t\t\t<div class=\"pcp-post-thumb-wrapper\">\n\t\t\t\t\t<div class=\"sp-pcp-post-thumb-area\">\n\t\t\t\t\t\t\t\t\t\t\t\t<a class=\"sp-pcp-thumb\" href=\"https:\/\/agencia.unq.edu.ar\/?p=33531\" target=\"_self\" >\n\t\t\t\t\t\t\t\t\t\t\t\t\t<img loading=\"lazy\" decoding=\"async\" src=\"https:\/\/agencia.unq.edu.ar\/wp-content\/uploads\/2025\/12\/Negacionismo-del-cambio-climatico.jpg\" width=\"1040\" height=\"420\" alt=\"El movimiento negacionista rechaza el consenso cient\u00edfico alrededor del cambio clim\u00e1tico de origen antropog\u00e9nico (imagen: elpais.com)\">\n\t\t\t\t\t\t<\/a>\n\t\t\t\t\t<\/div>\n\t\t\t\t<\/div>\n\t\t\t\t\t\t\t\t<div class=\"sp-pcp-post-details\">\n\t\t\t\t\t<div class=\"sp-pcp-post-details-content\">\n\t\t\t\t\t\t\t\t<h4 class=\"sp-pcp-title\">\n\t\t\t\t\t\t\t\t\t<a href=\"https:\/\/agencia.unq.edu.ar\/?p=33531\"  target=\"_self\">Treinta a\u00f1os sembrando dudas: la historia del negacionismo del cambio clim\u00e1tico<\/a>\t\t\t\t\t\t\t<\/h4>\n\t\t\t\t\t\t\t\t\t<\/div>\n\t\t\t\t<\/div>\n\t\t\t<\/div>\n\t\t<\/div>\n\t\t\t\t<div class=\" swiper-slide swiper-lazy\">\n\t\t\t<div class=\"sp-pcp-post default pcp-item-33083\" data-id=\"33083\">\n\t\t\t\t\t\t\t\t<div class=\"pcp-post-thumb-wrapper\">\n\t\t\t\t\t<div class=\"sp-pcp-post-thumb-area\">\n\t\t\t\t\t\t\t\t\t\t\t\t<a class=\"sp-pcp-thumb\" href=\"https:\/\/agencia.unq.edu.ar\/?p=33083\" target=\"_self\" >\n\t\t\t\t\t\t\t\t\t\t\t\t\t<img loading=\"lazy\" decoding=\"async\" src=\"https:\/\/agencia.unq.edu.ar\/wp-content\/uploads\/2025\/12\/Tiburon-gatopardo.jpg\" width=\"1040\" height=\"420\" alt=\"Un tibur\u00f3n gatopardo navegando por la costa argentina. Cr\u00e9ditos: Proyecto Arrecife \u2013 Laboratorio Ecolog\u00eda de Peces (Cesimar-Conicet)\">\n\t\t\t\t\t\t<\/a>\n\t\t\t\t\t<\/div>\n\t\t\t\t<\/div>\n\t\t\t\t\t\t\t\t<div class=\"sp-pcp-post-details\">\n\t\t\t\t\t<div class=\"sp-pcp-post-details-content\">\n\t\t\t\t\t\t\t\t<h4 class=\"sp-pcp-title\">\n\t\t\t\t\t\t\t\t\t<a href=\"https:\/\/agencia.unq.edu.ar\/?p=33083\"  target=\"_self\">Investigadores estudian la ruta del gatopardo, el tibur\u00f3n bonaerense<\/a>\t\t\t\t\t\t\t<\/h4>\n\t\t\t\t\t\t\t\t\t<\/div>\n\t\t\t\t<\/div>\n\t\t\t<\/div>\n\t\t<\/div>\n\t\t\t\t<div class=\" swiper-slide swiper-lazy\">\n\t\t\t<div class=\"sp-pcp-post default pcp-item-32956\" data-id=\"32956\">\n\t\t\t\t\t\t\t\t<div class=\"pcp-post-thumb-wrapper\">\n\t\t\t\t\t<div class=\"sp-pcp-post-thumb-area\">\n\t\t\t\t\t\t\t\t\t\t\t\t<a class=\"sp-pcp-thumb\" href=\"https:\/\/agencia.unq.edu.ar\/?p=32956\" target=\"_self\" >\n\t\t\t\t\t\t\t\t\t\t\t\t\t<img loading=\"lazy\" decoding=\"async\" src=\"https:\/\/agencia.unq.edu.ar\/wp-content\/uploads\/2025\/11\/Pinguinos-de-Magallanes.jpg\" width=\"1040\" height=\"420\" alt=\"Ping\u00fcino de Magallanes. Cr\u00e9ditos: Noticias ambientales.\">\n\t\t\t\t\t\t<\/a>\n\t\t\t\t\t<\/div>\n\t\t\t\t<\/div>\n\t\t\t\t\t\t\t\t<div class=\"sp-pcp-post-details\">\n\t\t\t\t\t<div class=\"sp-pcp-post-details-content\">\n\t\t\t\t\t\t\t\t<h4 class=\"sp-pcp-title\">\n\t\t\t\t\t\t\t\t\t<a href=\"https:\/\/agencia.unq.edu.ar\/?p=32956\"  target=\"_self\">Ping\u00fcinos de Magallanes, cormoranes y otras aves marinas: \u00bfde qu\u00e9 trata el nuevo streaming del Conicet?<\/a>\t\t\t\t\t\t\t<\/h4>\n\t\t\t\t\t\t\t\t\t<\/div>\n\t\t\t\t<\/div>\n\t\t\t<\/div>\n\t\t<\/div>\n\t\t\t\t<div class=\" swiper-slide swiper-lazy\">\n\t\t\t<div class=\"sp-pcp-post default pcp-item-32940\" data-id=\"32940\">\n\t\t\t\t\t\t\t\t<div class=\"pcp-post-thumb-wrapper\">\n\t\t\t\t\t<div class=\"sp-pcp-post-thumb-area\">\n\t\t\t\t\t\t\t\t\t\t\t\t<a class=\"sp-pcp-thumb\" href=\"https:\/\/agencia.unq.edu.ar\/?p=32940\" target=\"_self\" >\n\t\t\t\t\t\t\t\t\t\t\t\t\t<img loading=\"lazy\" decoding=\"async\" src=\"https:\/\/agencia.unq.edu.ar\/wp-content\/uploads\/2025\/11\/Incendio-cerro-otto.jpg\" width=\"1040\" height=\"420\" alt=\"Brigadistas combaten los incendios en Cerro Otto. Cr\u00e9ditos: Alfredo Leiva \/ R\u00edo Negro.\">\n\t\t\t\t\t\t<\/a>\n\t\t\t\t\t<\/div>\n\t\t\t\t<\/div>\n\t\t\t\t\t\t\t\t<div class=\"sp-pcp-post-details\">\n\t\t\t\t\t<div class=\"sp-pcp-post-details-content\">\n\t\t\t\t\t\t\t\t<h4 class=\"sp-pcp-title\">\n\t\t\t\t\t\t\t\t\t<a href=\"https:\/\/agencia.unq.edu.ar\/?p=32940\"  target=\"_self\">Incendios forestales en Bariloche: un vecino cuenta su experiencia en primera persona<\/a>\t\t\t\t\t\t\t<\/h4>\n\t\t\t\t\t\t\t\t\t<\/div>\n\t\t\t\t<\/div>\n\t\t\t<\/div>\n\t\t<\/div>\n\t\t\t\t<div class=\" swiper-slide swiper-lazy\">\n\t\t\t<div class=\"sp-pcp-post default pcp-item-32473\" data-id=\"32473\">\n\t\t\t\t\t\t\t\t<div class=\"pcp-post-thumb-wrapper\">\n\t\t\t\t\t<div class=\"sp-pcp-post-thumb-area\">\n\t\t\t\t\t\t\t\t\t\t\t\t<a class=\"sp-pcp-thumb\" href=\"https:\/\/agencia.unq.edu.ar\/?p=32473\" target=\"_self\" >\n\t\t\t\t\t\t\t\t\t\t\t\t\t<img loading=\"lazy\" decoding=\"async\" src=\"https:\/\/agencia.unq.edu.ar\/wp-content\/uploads\/2025\/11\/COP30-Brasil.jpg\" width=\"1040\" height=\"420\" alt=\"Reuni\u00f3n previa a la COP30. Cr\u00e9ditos: Rafa Neddermeyer \/ COP30 Brasil Amaz\u00f4nia \/ PR.\">\n\t\t\t\t\t\t<\/a>\n\t\t\t\t\t<\/div>\n\t\t\t\t<\/div>\n\t\t\t\t\t\t\t\t<div class=\"sp-pcp-post-details\">\n\t\t\t\t\t<div class=\"sp-pcp-post-details-content\">\n\t\t\t\t\t\t\t\t<h4 class=\"sp-pcp-title\">\n\t\t\t\t\t\t\t\t\t<a href=\"https:\/\/agencia.unq.edu.ar\/?p=32473\"  target=\"_self\">COP30: \u00bfQu\u00e9 se espera sobre la cumbre de cambio clim\u00e1tico y cu\u00e1l ser\u00e1 el rol de Argentina?<\/a>\t\t\t\t\t\t\t<\/h4>\n\t\t\t\t\t\t\t\t\t<\/div>\n\t\t\t\t<\/div>\n\t\t\t<\/div>\n\t\t<\/div>\n\t\t\t\t\t<\/div>\n\t\t\t\t\t\t<div class=\"pcp-pagination swiper-pagination dots\"><\/div>\n\t\t\t\t\t\t\t\t\t\t<div class=\"pcp-button-next swiper-button-next top_right\"><i class=\"fa fa-angle-right\"><\/i><\/div>\n\t\t\t\t<div class=\"pcp-button-prev swiper-button-prev top_right\"><i class=\"fa fa-angle-left\"><\/i><\/div>\t<\/div>\n<\/div>\n\n\n\n\n<hr class=\"wp-block-separator has-text-color has-css-opacity has-background is-style-wide\" style=\"background-color:#fea50e;color:#fea50e\"\/>\n","protected":false},"excerpt":{"rendered":"<p>Se estima que 40 animales se electrocutaron en el sur de La Pampa. Algunas especies, como el \u00e1guila coronada, se hallan en peligro de extinci\u00f3n. <\/p>\n","protected":false},"author":6,"featured_media":12843,"comment_status":"open","ping_status":"closed","sticky":false,"template":"","format":"standard","meta":{"_uag_custom_page_level_css":"","_monsterinsights_skip_tracking":false,"_monsterinsights_sitenote_active":false,"_monsterinsights_sitenote_note":"","_monsterinsights_sitenote_category":0,"site-sidebar-layout":"default","site-content-layout":"","ast-site-content-layout":"default","site-content-style":"default","site-sidebar-style":"default","ast-global-header-display":"","ast-banner-title-visibility":"","ast-main-header-display":"","ast-hfb-above-header-display":"","ast-hfb-below-header-display":"","ast-hfb-mobile-header-display":"","site-post-title":"","ast-breadcrumbs-content":"","ast-featured-img":"","footer-sml-layout":"","ast-disable-related-posts":"","theme-transparent-header-meta":"","adv-header-id-meta":"","stick-header-meta":"","header-above-stick-meta":"","header-main-stick-meta":"","header-below-stick-meta":"","astra-migrate-meta-layouts":"default","ast-page-background-enabled":"default","ast-page-background-meta":{"desktop":{"background-color":"var(--ast-global-color-4)","background-image":"","background-repeat":"repeat","background-position":"center center","background-size":"auto","background-attachment":"scroll","background-type":"","background-media":"","overlay-type":"","overlay-color":"","overlay-opacity":"","overlay-gradient":""},"tablet":{"background-color":"","background-image":"","background-repeat":"repeat","background-position":"center center","background-size":"auto","background-attachment":"scroll","background-type":"","background-media":"","overlay-type":"","overlay-color":"","overlay-opacity":"","overlay-gradient":""},"mobile":{"background-color":"","background-image":"","background-repeat":"repeat","background-position":"center center","background-size":"auto","background-attachment":"scroll","background-type":"","background-media":"","overlay-type":"","overlay-color":"","overlay-opacity":"","overlay-gradient":""}},"ast-content-background-meta":{"desktop":{"background-color":"var(--ast-global-color-5)","background-image":"","background-repeat":"repeat","background-position":"center center","background-size":"auto","background-attachment":"scroll","background-type":"","background-media":"","overlay-type":"","overlay-color":"","overlay-opacity":"","overlay-gradient":""},"tablet":{"background-color":"var(--ast-global-color-5)","background-image":"","background-repeat":"repeat","background-position":"center center","background-size":"auto","background-attachment":"scroll","background-type":"","background-media":"","overlay-type":"","overlay-color":"","overlay-opacity":"","overlay-gradient":""},"mobile":{"background-color":"var(--ast-global-color-5)","background-image":"","background-repeat":"repeat","background-position":"center center","background-size":"auto","background-attachment":"scroll","background-type":"","background-media":"","overlay-type":"","overlay-color":"","overlay-opacity":"","overlay-gradient":""}},"footnotes":""},"categories":[11,16],"tags":[55],"class_list":["post-12842","post","type-post","status-publish","format-standard","has-post-thumbnail","hentry","category-ambiente","category-noticia-destacada","tag-conicet"],"aioseo_notices":[],"uagb_featured_image_src":{"full":["https:\/\/agencia.unq.edu.ar\/wp-content\/uploads\/2023\/06\/Aguilas-electrocutadas.jpg",1040,420,false],"thumbnail":["https:\/\/agencia.unq.edu.ar\/wp-content\/uploads\/2023\/06\/Aguilas-electrocutadas.jpg",150,61,false],"medium":["https:\/\/agencia.unq.edu.ar\/wp-content\/uploads\/2023\/06\/Aguilas-electrocutadas.jpg",960,388,false],"medium_large":["https:\/\/agencia.unq.edu.ar\/wp-content\/uploads\/2023\/06\/Aguilas-electrocutadas.jpg",768,310,false],"large":["https:\/\/agencia.unq.edu.ar\/wp-content\/uploads\/2023\/06\/Aguilas-electrocutadas.jpg",1040,420,false],"1536x1536":["https:\/\/agencia.unq.edu.ar\/wp-content\/uploads\/2023\/06\/Aguilas-electrocutadas.jpg",1040,420,false],"2048x2048":["https:\/\/agencia.unq.edu.ar\/wp-content\/uploads\/2023\/06\/Aguilas-electrocutadas.jpg",1040,420,false]},"uagb_author_info":{"display_name":"Nicol\u00e1s Retamar","author_link":"https:\/\/agencia.unq.edu.ar\/?author=6"},"uagb_comment_info":0,"uagb_excerpt":"Se estima que 40 animales se electrocutaron en el sur de La Pampa. Algunas especies, como el \u00e1guila coronada, se hallan en peligro de extinci\u00f3n.","blog_post_layout_featured_media_urls":{"thumbnail":["https:\/\/agencia.unq.edu.ar\/wp-content\/uploads\/2023\/06\/Aguilas-electrocutadas.jpg",150,61,false],"full":["https:\/\/agencia.unq.edu.ar\/wp-content\/uploads\/2023\/06\/Aguilas-electrocutadas.jpg",1040,420,false]},"categories_names":{"11":{"name":"Ambiente","link":"https:\/\/agencia.unq.edu.ar\/?cat=11"},"16":{"name":"Noticia destacada","link":"https:\/\/agencia.unq.edu.ar\/?cat=16"}},"tags_names":{"55":{"name":"CONICET","link":"https:\/\/agencia.unq.edu.ar\/?tag=conicet"}},"comments_number":"0","_links":{"self":[{"href":"https:\/\/agencia.unq.edu.ar\/index.php?rest_route=\/wp\/v2\/posts\/12842","targetHints":{"allow":["GET"]}}],"collection":[{"href":"https:\/\/agencia.unq.edu.ar\/index.php?rest_route=\/wp\/v2\/posts"}],"about":[{"href":"https:\/\/agencia.unq.edu.ar\/index.php?rest_route=\/wp\/v2\/types\/post"}],"author":[{"embeddable":true,"href":"https:\/\/agencia.unq.edu.ar\/index.php?rest_route=\/wp\/v2\/users\/6"}],"replies":[{"embeddable":true,"href":"https:\/\/agencia.unq.edu.ar\/index.php?rest_route=%2Fwp%2Fv2%2Fcomments&post=12842"}],"version-history":[{"count":4,"href":"https:\/\/agencia.unq.edu.ar\/index.php?rest_route=\/wp\/v2\/posts\/12842\/revisions"}],"predecessor-version":[{"id":12851,"href":"https:\/\/agencia.unq.edu.ar\/index.php?rest_route=\/wp\/v2\/posts\/12842\/revisions\/12851"}],"wp:featuredmedia":[{"embeddable":true,"href":"https:\/\/agencia.unq.edu.ar\/index.php?rest_route=\/wp\/v2\/media\/12843"}],"wp:attachment":[{"href":"https:\/\/agencia.unq.edu.ar\/index.php?rest_route=%2Fwp%2Fv2%2Fmedia&parent=12842"}],"wp:term":[{"taxonomy":"category","embeddable":true,"href":"https:\/\/agencia.unq.edu.ar\/index.php?rest_route=%2Fwp%2Fv2%2Fcategories&post=12842"},{"taxonomy":"post_tag","embeddable":true,"href":"https:\/\/agencia.unq.edu.ar\/index.php?rest_route=%2Fwp%2Fv2%2Ftags&post=12842"}],"curies":[{"name":"wp","href":"https:\/\/api.w.org\/{rel}","templated":true}]}}