{"id":13598,"date":"2023-07-11T12:00:35","date_gmt":"2023-07-11T15:00:35","guid":{"rendered":"https:\/\/agencia.unq.edu.ar\/?p=13598"},"modified":"2023-07-11T12:04:58","modified_gmt":"2023-07-11T15:04:58","slug":"cientificos-promueven-la-coexistencia-armoniosa-entre-aves-y-aviones","status":"publish","type":"post","link":"https:\/\/agencia.unq.edu.ar\/?p=13598","title":{"rendered":"Cient\u00edficos promueven la coexistencia armoniosa entre aves y aviones"},"content":{"rendered":"\n<p class=\"has-medium-font-size wp-block-paragraph\">Investigadores de la Universidad Nacional del Comahue y el Conicet estudian diferentes estrategias para mitigar la lucha por el espacio a\u00e9reo y crear \u00e1reas seguras.<\/p>\n\n\n\n<figure class=\"wp-block-image size-full\"><img loading=\"lazy\" decoding=\"async\" width=\"1040\" height=\"420\" src=\"https:\/\/agencia.unq.edu.ar\/wp-content\/uploads\/2023\/07\/ipiccy_image-a.jpg\" alt=\"\" class=\"wp-image-13599\"\/><figcaption class=\"wp-element-caption\">La colaboraci\u00f3n internacional es crucial para el cuidado del espacio a\u00e9reo. Cr\u00e9dito: Adobe Stock.<br><\/figcaption><\/figure>\n\n\n\n<p class=\"wp-block-paragraph\"><strong>Cient\u00edficos de la Universidad Nacional del Comahue (UNCO) y el Conicet estudian diferentes estrategias que promuevan una coexistencia armoniosa entre las aves y los seres humanos.<\/strong> El creciente desarrollo y la expansi\u00f3n de infraestructuras en todo el mundo llevan a un aumento significativo de los conflictos entre las personas y las aves en el uso del espacio a\u00e9reo. Esto tiene consecuencias negativas como las colisiones con aeronaves, la p\u00e9rdida de h\u00e1bitat y la perturbaci\u00f3n de los procesos de reproducci\u00f3n y migraci\u00f3n de los animales. <strong>Seg\u00fan un reciente estudio del International Bird Strike Committee (IBSC), se registran anualmente m\u00e1s de 50 mil accidentes en todo el planeta.<\/strong><\/p>\n\n\n\n<p class=\"wp-block-paragraph\">\u201cA medida que utilizamos el aire para el transporte, la generaci\u00f3n de energ\u00eda y otras actividades diarias, nos encontramos con un creciente conflicto entre nuestras necesidades y la conservaci\u00f3n de las especies voladoras\u201d, <strong>dice Sergio Lambertucci, bi\u00f3logo y docente de la UNCO e investigador del Conicet.<\/strong> Seg\u00fan explica, la construcci\u00f3n de infraestructuras como parques e\u00f3licos, tendidos el\u00e9ctricos, antenas y edificios vidriados pueden representar una amenaza. Adem\u00e1s de generar obst\u00e1culos para las rutas migratorias, miles de aves mueren cada a\u00f1o debido a los impactos con estas infraestructuras.<\/p>\n\n\n\n<p class=\"wp-block-paragraph\">Por ejemplo, en la ciudad de Nueva York se redujo la intensidad de la luz de los rascacielos durante la noche con el fin de disminuir el riesgo de choque para las aves migratorias.<\/p>\n\n\n\n<h2 class=\"wp-block-heading\">Parques a\u00e9reos<\/h2>\n\n\n\n<p class=\"wp-block-paragraph\">Ante el continuo avance de la actividad humana en la zona a\u00e9rea que alberga a numerosas especies en crecimiento y desarrollo, es imprescindible la creaci\u00f3n de \u00e1reas protegidas, tanto permanentes como temporales, con el fin de preservar este entorno que hasta ahora fue ignorado en t\u00e9rminos de conservaci\u00f3n.<\/p>\n\n\n\n<p class=\"wp-block-paragraph\">En esta l\u00ednea, <strong>una de las propuestas de Lambertucci es la creaci\u00f3n de &#8220;parques a\u00e9reos&#8221;, es decir, \u00e1reas reservadas donde se restringe el vuelo de aviones y se proh\u00edben las construcciones que pueden obstaculizar su desplazamiento<\/strong>. \u201cEstos parques no s\u00f3lo proporcionar\u00edan un espacio seguro para las aves, sino que tambi\u00e9n permitir\u00edan a los cient\u00edficos estudiar su comportamiento y movimientos en un entorno no disturbado\u201d.<\/p>\n\n\n\n<p class=\"wp-block-paragraph\">Sumado a esto, existen otras estrategias que permiten reducir los conflictos. Una de ellas es el uso de sensores en parques e\u00f3licos que detectan la presencia de bandadas de aves y frenan la rotaci\u00f3n de las aspas para evitar colisiones mortales. Tambi\u00e9n, la utilizaci\u00f3n de vidrios con laminados que reflejan el ultravioleta (UV) puede permitir que las aves vean determinados obst\u00e1culos como ventanas y estructuras de vidrio.<\/p>\n\n\n\n<h2 class=\"wp-block-heading\">Un abanico de amenazas<\/h2>\n\n\n\n<p class=\"wp-block-paragraph\">Uno de los puntos cr\u00edticos es la proximidad de los aeropuertos a los h\u00e1bitats de las aves. Seg\u00fan un informe de la Administraci\u00f3n Federal de Aviaci\u00f3n de EE.UU., entre 1990 y 2020 se registraron m\u00e1s de dos mil incidentes de este tipo en aeropuertos de todo el pa\u00eds. Durante ese per\u00edodo, se reportaron colisiones entre aviones civiles y 608 especies de aves. <strong>Estos incidentes no solo resultan en la p\u00e9rdida de vidas aviares, sino tambi\u00e9n pueden causar da\u00f1os a las ventanas, los motores y la parte el\u00e9ctrica de las aeronaves, poniendo en riesgo la vida de las personas.<\/strong><\/p>\n\n\n\n<p class=\"wp-block-paragraph\">Adem\u00e1s de las infraestructuras, las aves tambi\u00e9n se ven afectadas por los contaminantes presentes en el aire. \u201cLa poluci\u00f3n ac\u00fastica y luminosa puede desorientar a las especies voladoras alterando sus patrones de migraci\u00f3n, alimentaci\u00f3n y comportamiento\u201d, dice el investigador. En este sentido, los contaminantes provenientes de actividades humanas como la emisi\u00f3n de compuestos t\u00f3xicos, la luz y el ruido excesivo representan un desaf\u00edo adicional para la conservaci\u00f3n de los animales.<\/p>\n\n\n\n<p class=\"wp-block-paragraph\">Un fen\u00f3meno m\u00e1s reciente que genera preocupaci\u00f3n es el uso recreativo de drones. Estas peque\u00f1as aeronaves no tripuladas pueden perturbar y causar da\u00f1o a los p\u00e1jaros, especialmente durante momentos cr\u00edticos como la nidificaci\u00f3n, lo que representa un riesgo para la reproducci\u00f3n exitosa de las especies. Si bien este es un tema que a\u00fan requiere m\u00e1s investigaci\u00f3n, es importante que los usuarios sean conscientes del impacto que pueden tener en las aves y tomen precauciones para minimizar la perturbaci\u00f3n. Esto incluye evitar volar cerca de \u00e1reas de anidaci\u00f3n conocidas y respetar las normas y directrices establecidas para el uso responsable de los drones.<\/p>\n\n\n\n<h2 class=\"wp-block-heading\">Balancear necesidades<\/h2>\n\n\n\n<p class=\"wp-block-paragraph\">Considerar el cielo aire como un h\u00e1bitat a conservar es una prioridad para proteger la biodiversidad y garantizar la seguridad de los vuelos a nivel mundial. Por eso, <strong>la implementaci\u00f3n de estructuras m\u00e1s amigables para las aves, la adopci\u00f3n de tecnolog\u00edas m\u00e1s limpias que no pongan en riesgo a las especies voladoras y la regulaci\u00f3n de la contaminaci\u00f3n lum\u00ednica y ac\u00fastica son pasos clave<\/strong>. En esa direcci\u00f3n, la perspectiva aeroecol\u00f3gica puede ofrecer un camino para comprender y mitigar los impactos negativos de la actividad humana en el espacio a\u00e9reo.<\/p>\n\n\n\n<p class=\"wp-block-paragraph\">\u201cAl dise\u00f1ar estrategias de conservaci\u00f3n a\u00e9rea, se pueden reducir las colisiones y muertes de aves migratorias, permitir su coexistencia con el hombre mientras se aprovecha de manera sostenible los recursos del ambiente\u201d, apunta Lambertucci. Adem\u00e1s, el cient\u00edfico que trabaja en ecolog\u00eda y conservaci\u00f3n de grandes voladores como c\u00f3ndores y otras rapaces, destaca <strong>la importancia de comprender mejor los patrones de uso del h\u00e1bitat y los movimientos de las aves para dise\u00f1ar infraestructuras de manera m\u00e1s adecuada. \u201cEste enfoque requiere la recopilaci\u00f3n de datos detallados sobre las \u00e1reas que las aves frecuentan, los momentos cr\u00edticos en su ciclo de vida y los posibles puntos de conflicto con las actividades humanas\u201d.&nbsp;<\/strong><\/p>\n\n\n\n<p class=\"wp-block-paragraph\"><em>* Nota publicada originalmente en\u00a0<a href=\"https:\/\/www.pagina12.com.ar\/566780-cientificos-promueven-la-coexistencia-armoniosa-entre-aves-y\" target=\"_blank\" rel=\"noreferrer noopener\">P\u00e1gina 12<\/a><\/em><\/p>\n\n\n\n<p class=\"wp-block-paragraph\"><\/p>\n\n\n\n<p class=\"has-vivid-green-cyan-color has-text-color wp-block-paragraph\"><\/p>\n\n\n\n<hr class=\"wp-block-separator has-text-color has-css-opacity has-background is-style-wide\" style=\"background-color:#fea50e;color:#fea50e\"\/>\n\n\n\n<div style=\"height:40px\" aria-hidden=\"true\" class=\"wp-block-spacer\"><\/div>\n\n\n\n<h4 class=\"wp-block-heading\" id=\"publicaciones-relacionadas\">\u00daltimas noticias de la secci\u00f3n Ciencias:<\/h4>\n\n\n<style id=\"sp_pcp_dynamic_style3313\">#pcp_wrapper-3313:not(.sps-glossary-layout) .sp-pcp-row,#pcp_wrapper-3313 .sps-glossary-items-group .sps-glossary-items-content {margin-right: -10px;margin-left: -10px;}#pcp_wrapper-3313 .sp-pcp-row [class*='sp-pcp-col-']{padding-right: 10px;padding-left: 10px; padding-bottom:20px;}.pcp-wrapper-3313 .sp-pcp-title a {color: #ac162c;display: inherit;} .pcp-wrapper-3313 .sp-pcp-title a:hover {color: #fea50e;}#pcp_wrapper-3313 .dots .swiper-pagination-bullet{ background: #ac162c; } #pcp_wrapper-3313 .dots .swiper-pagination-bullet-active { background: #fea50e; }#pcp_wrapper-3313 .pcp-button-prev,#pcp_wrapper-3313 .pcp-button-next{ background-image: none; background-size: auto; background-color: #fff; height: 33px; width: 33px; margin-top: 8px; border: 1px solid #898339; text-align: center; line-height: 30px; -webkit-transition: 0.3s; border-radius: 3px; }#pcp_wrapper-3313 .pcp-button-prev:hover, #pcp_wrapper-3313 .pcp-button-next:hover{ background-color: #fea50e; border-color: #ac162c; } #pcp_wrapper-3313 .pcp-button-prev .fa, #pcp_wrapper-3313 .pcp-button-next .fa { color: #000000; } #pcp_wrapper-3313 .pcp-button-prev:hover .fa, #pcp_wrapper-3313 .pcp-button-next:hover .fa { color: #fff; } #pcp_wrapper-3313.pcp-carousel-wrapper .sp-pcp-post{ margin-top: 0; }#pcp_wrapper-3313 .sp-pcp-post {padding: 0 0 0 0;}#pcp_wrapper-3313.sp-slider_layout .sp-pcp-post .sp-pcp-post-details {top: 0; right:0; bottom:0; left:0;}#pcp_wrapper-3313 .sp-pcp-post {border: 0px solid #e2e2e2; border-radius: 0px }#pcp_wrapper-3313 .sp-pcp-post{background-color: transparent;}#pcp_wrapper-3313 .pcp-post-thumb-wrapper{border: 0px solid #dddddd;border-radius:0px;}.pcp-wrapper-3313 .sp-pcp-post-meta li,.pcp-wrapper-3313 .sp-pcp-post-meta ul,.pcp-wrapper-3313 .sp-pcp-post-meta li a{color: #888;}.pcp-wrapper-3313 .sp-pcp-post-meta li a:hover{color: #e1624b;}#pcp_wrapper-3313 .pcp-post-pagination .page-numbers.current, #pcp_wrapper-3313 .pcp-post-pagination a.active , #pcp_wrapper-3313 .pcp-post-pagination a:hover{ color: #ffffff; background: #e1624b; border-color: #e1624b; }#pcp_wrapper-3313 .pcp-post-pagination .page-numbers, .pcp-post-pagination a{ background: #ffffff; color:#5e5e5e; border: 2px solid #bbbbbb;border-radius: 2px; }#pcp_wrapper-3313 .pcp-post-pagination{text-align: left;}@media (min-width: 1200px) {.sp-pcp-row .sp-pcp-col-xl-1 {flex: 0 0 100%;}.sp-pcp-row .sp-pcp-col-xl-2 {flex: 1 1 calc( 50% - 20px);}.sp-pcp-row .sp-pcp-col-xl-3 {flex: 1 1 calc( 33.333% - 20px);}.sp-pcp-row .sp-pcp-col-xl-4 {flex: 1 1 calc( 25% - 20px);}.sp-pcp-row .sp-pcp-col-xl-5 { flex: 1 1 calc( 20% - 20px);}.sp-pcp-row .sp-pcp-col-xl-6 {flex: 1 1 calc( 16.66666666666667% - 20px);}.sp-pcp-row .sp-pcp-col-xl-7 {flex: 1 1 calc( 14.28571428% - 20px);}.sp-pcp-row .sp-pcp-col-xl-8 {flex: 1 1 calc( 12.5% - 20px);}}@media (max-width: 1200px) {.sp-pcp-row .sp-pcp-col-lg-1 {flex: 0 0 100%;}.sp-pcp-row .sp-pcp-col-lg-2 {flex: 1 1 calc( 50% - 20px);}.sp-pcp-row .sp-pcp-col-lg-3 {flex: 1 1 calc( 33.333% - 20px);}.sp-pcp-row .sp-pcp-col-lg-4 {flex: 1 1 calc( 25% - 20px);}.sp-pcp-row .sp-pcp-col-lg-5 { flex: 1 1 calc( 20% - 20px);}.sp-pcp-row .sp-pcp-col-lg-6 {flex: 1 1 calc( 16.66666666666667% - 20px);}.sp-pcp-row .sp-pcp-col-lg-7 {flex: 1 1 calc( 14.28571428% - 20px);}.sp-pcp-row .sp-pcp-col-lg-8 {flex: 1 1 calc( 12.5% - 20px);}}@media (max-width: 992px) {.sp-pcp-row .sp-pcp-col-md-1 {flex: 0 0 100%;}.sp-pcp-row .sp-pcp-col-md-2 {flex: 1 1 calc( 50% - 20px);}.sp-pcp-row .sp-pcp-col-md-2-5 {flex: 0 0 75%;}.sp-pcp-row .sp-pcp-col-md-3 {flex: 1 1 calc( 33.333% - 20px);}.sp-pcp-row .sp-pcp-col-md-4 {flex: 1 1 calc( 25% - 20px);}.sp-pcp-row .sp-pcp-col-md-5 { flex: 1 1 calc( 20% - 20px);}.sp-pcp-row .sp-pcp-col-md-6 {flex: 1 1 calc( 16.66666666666667% - 20px);}.sp-pcp-row .sp-pcp-col-md-7 {flex: 1 1 calc( 14.28571428% - 20px);}.sp-pcp-row .sp-pcp-col-md-8 {flex: 1 1 calc( 12.5% - 20px);}}@media (max-width: 768px) {.sp-pcp-row .sp-pcp-col-sm-1 {flex: 0 0 100%;}.sp-pcp-row .sp-pcp-col-sm-2 {flex: 1 1 calc( 50% - 20px);}.sp-pcp-row .sp-pcp-col-sm-2-5 {flex: 0 0 75%;}.sp-pcp-row .sp-pcp-col-sm-3 {flex: 1 1 calc( 33.333% - 20px);}.sp-pcp-row .sp-pcp-col-sm-4 {flex: 1 1 calc( 25% - 20px);}.sp-pcp-row .sp-pcp-col-sm-5 { flex: 1 1 calc( 20% - 20px);}.sp-pcp-row .sp-pcp-col-sm-6 {flex: 1 1 calc( 16.66666666666667% - 20px);}.sp-pcp-row .sp-pcp-col-sm-7 {flex: 1 1 calc( 14.28571428% - 20px);}.sp-pcp-row .sp-pcp-col-sm-8 {flex: 1 1 calc( 12.5% - 20px);}}@media (max-width: 420px) {.sp-pcp-row .sp-pcp-col-xs-1 {flex: 0 0 100%;}.sp-pcp-row .sp-pcp-col-xs-2 {flex: 1 1 calc( 50% - 20px);}.sp-pcp-row .sp-pcp-col-xs-3 {flex: 1 1 calc( 33.333% - 20px);}.sp-pcp-row .sp-pcp-col-xs-4 {flex: 1 1 calc( 25% - 20px);}.sp-pcp-row .sp-pcp-col-xs-5 { flex: 1 1 calc( 20% - 20px);}.sp-pcp-row .sp-pcp-col-xs-6 {flex: 1 1 calc( 16.66666666666667% - 20px);}.sp-pcp-row .sp-pcp-col-xs-7 {flex: 1 1 calc( 14.28571428% - 20px);}.sp-pcp-row .sp-pcp-col-xs-8 {flex: 1 1 calc( 12.5% - 20px);}}<\/style><!-- Markup Starts -->\n<div id=\"pcp_wrapper-3313\" class=\"sp-pcp-section sp-pcp-container pcp-wrapper-3313 pcp-carousel-wrapper standard sp-carousel_layout\" data-sid=\"3313\">\n\t<div id=\"sp-pcp-id-3313\" class=\"swiper-container sp-pcp-carousel top_right\" dir=\"ltr\" data-carousel='{ \"speed\":600, \"items\":3, \"spaceBetween\":20, \"dynamicBullets\": false, \"navigation\":true, \"pagination\": true, \"autoplay\": true, \"autoplay_speed\": 2000, \"loop\": true, \"autoHeight\": false, \"lazy\":  true, \"simulateTouch\": true, \"freeMode\": false, \"slider_mouse_wheel\": false,\"allowTouchMove\": true, \"slidesPerView\": {\"lg_desktop\": 3, \"desktop\": 3, \"tablet\": 2, \"mobile_landscape\": 1, \"mobile\": 1}, \"navigation_mobile\": true, \"pagination_mobile\": true, \"stop_onHover\": true, \"enabled\": true, \"prevSlideMessage\": \"Previous slide\", \"nextSlideMessage\": \"Next slide\", \"firstSlideMessage\": \"This is the first slide\", \"lastSlideMessage\": \"This is the last slide\", \"keyboard\": \"true\", \"paginationBulletMessage\": \"Go to slide {{index}}\" }'>\n\t\t\t<div class=\"swiper-wrapper\">\n\t\t\t\t\t\t<div class=\" swiper-slide swiper-lazy\">\n\t\t\t<div class=\"sp-pcp-post default pcp-item-38843\" data-id=\"38843\">\n\t\t\t\t\t\t\t\t<div class=\"pcp-post-thumb-wrapper\">\n\t\t\t\t\t<div class=\"sp-pcp-post-thumb-area\">\n\t\t\t\t\t\t\t\t\t\t\t\t<a class=\"sp-pcp-thumb\" href=\"https:\/\/agencia.unq.edu.ar\/?p=38843\" target=\"_self\" >\n\t\t\t\t\t\t\t\t\t\t\t\t\t<img loading=\"lazy\" decoding=\"async\" src=\"https:\/\/agencia.unq.edu.ar\/wp-content\/uploads\/2026\/09\/Huellas-principal.jpg\" width=\"1040\" height=\"420\" alt=\"Las huellas f\u00f3siles hablan de como evolucionaron las aves (imagen: Geological man blog)\">\n\t\t\t\t\t\t<\/a>\n\t\t\t\t\t<\/div>\n\t\t\t\t<\/div>\n\t\t\t\t\t\t\t\t<div class=\"sp-pcp-post-details\">\n\t\t\t\t\t<div class=\"sp-pcp-post-details-content\">\n\t\t\t\t\t\t\t\t<h4 class=\"sp-pcp-title\">\n\t\t\t\t\t\t\t\t\t<a href=\"https:\/\/agencia.unq.edu.ar\/?p=38843\"  target=\"_self\">Cient\u00edficos desarrollan una base de datos para analizar como nunca antes la evoluci\u00f3n de las aves<\/a>\t\t\t\t\t\t\t<\/h4>\n\t\t\t\t\t\t\t\t\t<\/div>\n\t\t\t\t<\/div>\n\t\t\t<\/div>\n\t\t<\/div>\n\t\t\t\t<div class=\" swiper-slide swiper-lazy\">\n\t\t\t<div class=\"sp-pcp-post default pcp-item-38796\" data-id=\"38796\">\n\t\t\t\t\t\t\t\t<div class=\"pcp-post-thumb-wrapper\">\n\t\t\t\t\t<div class=\"sp-pcp-post-thumb-area\">\n\t\t\t\t\t\t\t\t\t\t\t\t<a class=\"sp-pcp-thumb\" href=\"https:\/\/agencia.unq.edu.ar\/?p=38796\" target=\"_self\" >\n\t\t\t\t\t\t\t\t\t\t\t\t\t<img loading=\"lazy\" decoding=\"async\" src=\"https:\/\/agencia.unq.edu.ar\/wp-content\/uploads\/2026\/08\/Bravo-Ferrada-Prieto-Navarro-y-Martinez-cientificas-UNQ.jpg\" width=\"1040\" height=\"420\" alt=\"B\u00e1rbara Bravo Ferrada, Jimena Prieto, Marina Navarro y Carolina Mart\u00ednez. Cr\u00e9ditos Nicol\u00e1s Retamar \/ Agencia de Noticias Cient\u00edficas UNQ.\">\n\t\t\t\t\t\t<\/a>\n\t\t\t\t\t<\/div>\n\t\t\t\t<\/div>\n\t\t\t\t\t\t\t\t<div class=\"sp-pcp-post-details\">\n\t\t\t\t\t<div class=\"sp-pcp-post-details-content\">\n\t\t\t\t\t\t\t\t<h4 class=\"sp-pcp-title\">\n\t\t\t\t\t\t\t\t\t<a href=\"https:\/\/agencia.unq.edu.ar\/?p=38796\"  target=\"_self\">Cient\u00edficas de la UNQ obtuvieron el primer premio en un evento internacional sobre bacterias l\u00e1cticas<\/a>\t\t\t\t\t\t\t<\/h4>\n\t\t\t\t\t\t\t\t\t<\/div>\n\t\t\t\t<\/div>\n\t\t\t<\/div>\n\t\t<\/div>\n\t\t\t\t<div class=\" swiper-slide swiper-lazy\">\n\t\t\t<div class=\"sp-pcp-post default pcp-item-38752\" data-id=\"38752\">\n\t\t\t\t\t\t\t\t<div class=\"pcp-post-thumb-wrapper\">\n\t\t\t\t\t<div class=\"sp-pcp-post-thumb-area\">\n\t\t\t\t\t\t\t\t\t\t\t\t<a class=\"sp-pcp-thumb\" href=\"https:\/\/agencia.unq.edu.ar\/?p=38752\" target=\"_self\" >\n\t\t\t\t\t\t\t\t\t\t\t\t\t<img loading=\"lazy\" decoding=\"async\" src=\"https:\/\/agencia.unq.edu.ar\/wp-content\/uploads\/2026\/08\/Vacuna-melanoma.jpg\" width=\"1040\" height=\"420\" alt=\"Cr\u00e9ditos: Shutterstock\">\n\t\t\t\t\t\t<\/a>\n\t\t\t\t\t<\/div>\n\t\t\t\t<\/div>\n\t\t\t\t\t\t\t\t<div class=\"sp-pcp-post-details\">\n\t\t\t\t\t<div class=\"sp-pcp-post-details-content\">\n\t\t\t\t\t\t\t\t<h4 class=\"sp-pcp-title\">\n\t\t\t\t\t\t\t\t\t<a href=\"https:\/\/agencia.unq.edu.ar\/?p=38752\"  target=\"_self\">C\u00e1ncer de piel agresivo: \u00bfqu\u00e9 se sabe hasta ahora de la vacuna para combatirlo?<\/a>\t\t\t\t\t\t\t<\/h4>\n\t\t\t\t\t\t\t\t\t<\/div>\n\t\t\t\t<\/div>\n\t\t\t<\/div>\n\t\t<\/div>\n\t\t\t\t<div class=\" swiper-slide swiper-lazy\">\n\t\t\t<div class=\"sp-pcp-post default pcp-item-38721\" data-id=\"38721\">\n\t\t\t\t\t\t\t\t<div class=\"pcp-post-thumb-wrapper\">\n\t\t\t\t\t<div class=\"sp-pcp-post-thumb-area\">\n\t\t\t\t\t\t\t\t\t\t\t\t<a class=\"sp-pcp-thumb\" href=\"https:\/\/agencia.unq.edu.ar\/?p=38721\" target=\"_self\" >\n\t\t\t\t\t\t\t\t\t\t\t\t\t<img loading=\"lazy\" decoding=\"async\" src=\"https:\/\/agencia.unq.edu.ar\/wp-content\/uploads\/2026\/08\/Mitocondrias-principal.jpg\" width=\"1040\" height=\"420\" alt=\"Las mitocondrias son estructuras que se encuentran en el interior de las c\u00e9lulas y se encargan de proveerlas de energ\u00eda (imagen: Mundo entrenamiento).\">\n\t\t\t\t\t\t<\/a>\n\t\t\t\t\t<\/div>\n\t\t\t\t<\/div>\n\t\t\t\t\t\t\t\t<div class=\"sp-pcp-post-details\">\n\t\t\t\t\t<div class=\"sp-pcp-post-details-content\">\n\t\t\t\t\t\t\t\t<h4 class=\"sp-pcp-title\">\n\t\t\t\t\t\t\t\t\t<a href=\"https:\/\/agencia.unq.edu.ar\/?p=38721\"  target=\"_self\">Trasplante de mitocondrias: el arte (o la ciencia) de llevar energ\u00eda a c\u00e9lulas que la precisan<\/a>\t\t\t\t\t\t\t<\/h4>\n\t\t\t\t\t\t\t\t\t<\/div>\n\t\t\t\t<\/div>\n\t\t\t<\/div>\n\t\t<\/div>\n\t\t\t\t<div class=\" swiper-slide swiper-lazy\">\n\t\t\t<div class=\"sp-pcp-post default pcp-item-38598\" data-id=\"38598\">\n\t\t\t\t\t\t\t\t<div class=\"pcp-post-thumb-wrapper\">\n\t\t\t\t\t<div class=\"sp-pcp-post-thumb-area\">\n\t\t\t\t\t\t\t\t\t\t\t\t<a class=\"sp-pcp-thumb\" href=\"https:\/\/agencia.unq.edu.ar\/?p=38598\" target=\"_self\" >\n\t\t\t\t\t\t\t\t\t\t\t\t\t<img loading=\"lazy\" decoding=\"async\" src=\"https:\/\/agencia.unq.edu.ar\/wp-content\/uploads\/2026\/08\/Castelfranchi-Revuelta-Frias.jpg\" width=\"1040\" height=\"420\" alt=\"Yurij Castelfranchi, Gema Revuelta y Gabriela Fr\u00edas Villegas\">\n\t\t\t\t\t\t<\/a>\n\t\t\t\t\t<\/div>\n\t\t\t\t<\/div>\n\t\t\t\t\t\t\t\t<div class=\"sp-pcp-post-details\">\n\t\t\t\t\t<div class=\"sp-pcp-post-details-content\">\n\t\t\t\t\t\t\t\t<h4 class=\"sp-pcp-title\">\n\t\t\t\t\t\t\t\t\t<a href=\"https:\/\/agencia.unq.edu.ar\/?p=38598\"  target=\"_self\">\u201cLa IA no depende de c\u00f3mo la usamos sino de c\u00f3mo la construimos\u201d<\/a>\t\t\t\t\t\t\t<\/h4>\n\t\t\t\t\t\t\t\t\t<\/div>\n\t\t\t\t<\/div>\n\t\t\t<\/div>\n\t\t<\/div>\n\t\t\t\t<div class=\" swiper-slide swiper-lazy\">\n\t\t\t<div class=\"sp-pcp-post default pcp-item-38541\" data-id=\"38541\">\n\t\t\t\t\t\t\t\t<div class=\"pcp-post-thumb-wrapper\">\n\t\t\t\t\t<div class=\"sp-pcp-post-thumb-area\">\n\t\t\t\t\t\t\t\t\t\t\t\t<a class=\"sp-pcp-thumb\" href=\"https:\/\/agencia.unq.edu.ar\/?p=38541\" target=\"_self\" >\n\t\t\t\t\t\t\t\t\t\t\t\t\t<img loading=\"lazy\" decoding=\"async\" src=\"https:\/\/agencia.unq.edu.ar\/wp-content\/uploads\/2026\/08\/Supercentenarios-Principal.jpg\" width=\"1040\" height=\"420\" alt=\"Uno de los secretos del envejecimiento extremo podr\u00eda encontrarse en el sistema inmune (imagen: Business insider)\">\n\t\t\t\t\t\t<\/a>\n\t\t\t\t\t<\/div>\n\t\t\t\t<\/div>\n\t\t\t\t\t\t\t\t<div class=\"sp-pcp-post-details\">\n\t\t\t\t\t<div class=\"sp-pcp-post-details-content\">\n\t\t\t\t\t\t\t\t<h4 class=\"sp-pcp-title\">\n\t\t\t\t\t\t\t\t\t<a href=\"https:\/\/agencia.unq.edu.ar\/?p=38541\"  target=\"_self\">Guerreras contra el reloj: descubren que algunas c\u00e9lulas inmunitarias est\u00e1n implicadas en la longevidad extrema<\/a>\t\t\t\t\t\t\t<\/h4>\n\t\t\t\t\t\t\t\t\t<\/div>\n\t\t\t\t<\/div>\n\t\t\t<\/div>\n\t\t<\/div>\n\t\t\t\t<div class=\" swiper-slide swiper-lazy\">\n\t\t\t<div class=\"sp-pcp-post default pcp-item-38533\" data-id=\"38533\">\n\t\t\t\t\t\t\t\t<div class=\"pcp-post-thumb-wrapper\">\n\t\t\t\t\t<div class=\"sp-pcp-post-thumb-area\">\n\t\t\t\t\t\t\t\t\t\t\t\t<a class=\"sp-pcp-thumb\" href=\"https:\/\/agencia.unq.edu.ar\/?p=38533\" target=\"_self\" >\n\t\t\t\t\t\t\t\t\t\t\t\t\t<img loading=\"lazy\" decoding=\"async\" src=\"https:\/\/agencia.unq.edu.ar\/wp-content\/uploads\/2026\/08\/lucernarios-san-rafael.jpg\" width=\"1040\" height=\"420\" alt=\"Los lucernarios de San Rafael permiten iluminar el altar con luz natural\">\n\t\t\t\t\t\t<\/a>\n\t\t\t\t\t<\/div>\n\t\t\t\t<\/div>\n\t\t\t\t\t\t\t\t<div class=\"sp-pcp-post-details\">\n\t\t\t\t\t<div class=\"sp-pcp-post-details-content\">\n\t\t\t\t\t\t\t\t<h4 class=\"sp-pcp-title\">\n\t\t\t\t\t\t\t\t\t<a href=\"https:\/\/agencia.unq.edu.ar\/?p=38533\"  target=\"_self\">\u00bfMarketing divino? El secreto astron\u00f3mico de los jesuitas para hacer visible a Dios a trav\u00e9s de la luz<\/a>\t\t\t\t\t\t\t<\/h4>\n\t\t\t\t\t\t\t\t\t<\/div>\n\t\t\t\t<\/div>\n\t\t\t<\/div>\n\t\t<\/div>\n\t\t\t\t<div class=\" swiper-slide swiper-lazy\">\n\t\t\t<div class=\"sp-pcp-post default pcp-item-21014\" data-id=\"21014\">\n\t\t\t\t\t\t\t\t<div class=\"pcp-post-thumb-wrapper\">\n\t\t\t\t\t<div class=\"sp-pcp-post-thumb-area\">\n\t\t\t\t\t\t\t\t\t\t\t\t<a class=\"sp-pcp-thumb\" href=\"https:\/\/agencia.unq.edu.ar\/?p=21014\" target=\"_self\" >\n\t\t\t\t\t\t\t\t\t\t\t\t\t<img loading=\"lazy\" decoding=\"async\" src=\"https:\/\/agencia.unq.edu.ar\/wp-content\/uploads\/2024\/07\/Cruce-de-los-Andes-historiando.jpg\" width=\"1040\" height=\"420\" alt=\"Cruce de los Andes\">\n\t\t\t\t\t\t<\/a>\n\t\t\t\t\t<\/div>\n\t\t\t\t<\/div>\n\t\t\t\t\t\t\t\t<div class=\"sp-pcp-post-details\">\n\t\t\t\t\t<div class=\"sp-pcp-post-details-content\">\n\t\t\t\t\t\t\t\t<h4 class=\"sp-pcp-title\">\n\t\t\t\t\t\t\t\t\t<a href=\"https:\/\/agencia.unq.edu.ar\/?p=21014\"  target=\"_self\">El cruce de Los Andes: \u00bfC\u00f3mo cuidaba San Martin la salud de sus soldados?<\/a>\t\t\t\t\t\t\t<\/h4>\n\t\t\t\t\t\t\t\t\t<\/div>\n\t\t\t\t<\/div>\n\t\t\t<\/div>\n\t\t<\/div>\n\t\t\t\t<div class=\" swiper-slide swiper-lazy\">\n\t\t\t<div class=\"sp-pcp-post default pcp-item-38454\" data-id=\"38454\">\n\t\t\t\t\t\t\t\t<div class=\"pcp-post-thumb-wrapper\">\n\t\t\t\t\t<div class=\"sp-pcp-post-thumb-area\">\n\t\t\t\t\t\t\t\t\t\t\t\t<a class=\"sp-pcp-thumb\" href=\"https:\/\/agencia.unq.edu.ar\/?p=38454\" target=\"_self\" >\n\t\t\t\t\t\t\t\t\t\t\t\t\t<img loading=\"lazy\" decoding=\"async\" src=\"https:\/\/agencia.unq.edu.ar\/wp-content\/uploads\/2026\/08\/Margaret-Ann-Bulkley.jpg\" width=\"1040\" height=\"420\" alt=\"Pintura del militar brit\u00e1nico Dr. James Barry, nacido como Margaret Ann Bulkley. Cr\u00e9ditos: BBC.\">\n\t\t\t\t\t\t<\/a>\n\t\t\t\t\t<\/div>\n\t\t\t\t<\/div>\n\t\t\t\t\t\t\t\t<div class=\"sp-pcp-post-details\">\n\t\t\t\t\t<div class=\"sp-pcp-post-details-content\">\n\t\t\t\t\t\t\t\t<h4 class=\"sp-pcp-title\">\n\t\t\t\t\t\t\t\t\t<a href=\"https:\/\/agencia.unq.edu.ar\/?p=38454\"  target=\"_self\">Qui\u00e9n era Margaret Bulkley, la cirujana que vivi\u00f3 como var\u00f3n para ejercer la medicina<\/a>\t\t\t\t\t\t\t<\/h4>\n\t\t\t\t\t\t\t\t\t<\/div>\n\t\t\t\t<\/div>\n\t\t\t<\/div>\n\t\t<\/div>\n\t\t\t\t<div class=\" swiper-slide swiper-lazy\">\n\t\t\t<div class=\"sp-pcp-post default pcp-item-38422\" data-id=\"38422\">\n\t\t\t\t\t\t\t\t<div class=\"pcp-post-thumb-wrapper\">\n\t\t\t\t\t<div class=\"sp-pcp-post-thumb-area\">\n\t\t\t\t\t\t\t\t\t\t\t\t<a class=\"sp-pcp-thumb\" href=\"https:\/\/agencia.unq.edu.ar\/?p=38422\" target=\"_self\" >\n\t\t\t\t\t\t\t\t\t\t\t\t\t<img loading=\"lazy\" decoding=\"async\" src=\"https:\/\/agencia.unq.edu.ar\/wp-content\/uploads\/2026\/08\/terremoto-Colombia.jpg\" width=\"1040\" height=\"420\" alt=\"Consecuencias del terremoto en Colombia. Cr\u00e9ditos: Getty Images.\">\n\t\t\t\t\t\t<\/a>\n\t\t\t\t\t<\/div>\n\t\t\t\t<\/div>\n\t\t\t\t\t\t\t\t<div class=\"sp-pcp-post-details\">\n\t\t\t\t\t<div class=\"sp-pcp-post-details-content\">\n\t\t\t\t\t\t\t\t<h4 class=\"sp-pcp-title\">\n\t\t\t\t\t\t\t\t\t<a href=\"https:\/\/agencia.unq.edu.ar\/?p=38422\"  target=\"_self\">\u00bfPor qu\u00e9 Am\u00e9rica del Sur sufri\u00f3 dos terremotos grandes en menos de 50 d\u00edas?<\/a>\t\t\t\t\t\t\t<\/h4>\n\t\t\t\t\t\t\t\t\t<\/div>\n\t\t\t\t<\/div>\n\t\t\t<\/div>\n\t\t<\/div>\n\t\t\t\t<div class=\" swiper-slide swiper-lazy\">\n\t\t\t<div class=\"sp-pcp-post default pcp-item-38414\" data-id=\"38414\">\n\t\t\t\t\t\t\t\t<div class=\"pcp-post-thumb-wrapper\">\n\t\t\t\t\t<div class=\"sp-pcp-post-thumb-area\">\n\t\t\t\t\t\t\t\t\t\t\t\t<a class=\"sp-pcp-thumb\" href=\"https:\/\/agencia.unq.edu.ar\/?p=38414\" target=\"_self\" >\n\t\t\t\t\t\t\t\t\t\t\t\t\t<img loading=\"lazy\" decoding=\"async\" src=\"https:\/\/agencia.unq.edu.ar\/wp-content\/uploads\/2026\/08\/sabiduria-colectiva.jpg\" width=\"1040\" height=\"420\" alt=\"Estimar los fragmentos de un problema complejo y combinar experiencias en grupo es mejor que abordarlo en su conjunto y en soledad (imagen: Psychology Today)\">\n\t\t\t\t\t\t<\/a>\n\t\t\t\t\t<\/div>\n\t\t\t\t<\/div>\n\t\t\t\t\t\t\t\t<div class=\"sp-pcp-post-details\">\n\t\t\t\t\t<div class=\"sp-pcp-post-details-content\">\n\t\t\t\t\t\t\t\t<h4 class=\"sp-pcp-title\">\n\t\t\t\t\t\t\t\t\t<a href=\"https:\/\/agencia.unq.edu.ar\/?p=38414\"  target=\"_self\">Sabidur\u00eda colectiva: un estudio muestra la eficiencia y el funcionamiento de las decisiones grupales<\/a>\t\t\t\t\t\t\t<\/h4>\n\t\t\t\t\t\t\t\t\t<\/div>\n\t\t\t\t<\/div>\n\t\t\t<\/div>\n\t\t<\/div>\n\t\t\t\t<div class=\" swiper-slide swiper-lazy\">\n\t\t\t<div class=\"sp-pcp-post default pcp-item-38369\" data-id=\"38369\">\n\t\t\t\t\t\t\t\t<div class=\"pcp-post-thumb-wrapper\">\n\t\t\t\t\t<div class=\"sp-pcp-post-thumb-area\">\n\t\t\t\t\t\t\t\t\t\t\t\t<a class=\"sp-pcp-thumb\" href=\"https:\/\/agencia.unq.edu.ar\/?p=38369\" target=\"_self\" >\n\t\t\t\t\t\t\t\t\t\t\t\t\t<img loading=\"lazy\" decoding=\"async\" src=\"https:\/\/agencia.unq.edu.ar\/wp-content\/uploads\/2026\/08\/Chrestia-Bouzat-UNS-Conicet-Cannabidiol.jpg\" width=\"1040\" height=\"420\" alt=\"Facundo Chrestia y Cecilia Bouzat. Cr\u00e9ditos: Universidad Nacional del Sur.\">\n\t\t\t\t\t\t<\/a>\n\t\t\t\t\t<\/div>\n\t\t\t\t<\/div>\n\t\t\t\t\t\t\t\t<div class=\"sp-pcp-post-details\">\n\t\t\t\t\t<div class=\"sp-pcp-post-details-content\">\n\t\t\t\t\t\t\t\t<h4 class=\"sp-pcp-title\">\n\t\t\t\t\t\t\t\t\t<a href=\"https:\/\/agencia.unq.edu.ar\/?p=38369\"  target=\"_self\">Uno de los 400 despedidos del Conicet realiz\u00f3 un hallazgo que podr\u00eda transformar el tratamiento de las enfermedades neurol\u00f3gicas<\/a>\t\t\t\t\t\t\t<\/h4>\n\t\t\t\t\t\t\t\t\t<\/div>\n\t\t\t\t<\/div>\n\t\t\t<\/div>\n\t\t<\/div>\n\t\t\t\t<div class=\" swiper-slide swiper-lazy\">\n\t\t\t<div class=\"sp-pcp-post default pcp-item-38282\" data-id=\"38282\">\n\t\t\t\t\t\t\t\t<div class=\"pcp-post-thumb-wrapper\">\n\t\t\t\t\t<div class=\"sp-pcp-post-thumb-area\">\n\t\t\t\t\t\t\t\t\t\t\t\t<a class=\"sp-pcp-thumb\" href=\"https:\/\/agencia.unq.edu.ar\/?p=38282\" target=\"_self\" >\n\t\t\t\t\t\t\t\t\t\t\t\t\t<img loading=\"lazy\" decoding=\"async\" src=\"https:\/\/agencia.unq.edu.ar\/wp-content\/uploads\/2026\/08\/Sci-Hub-Principal.jpg\" width=\"1040\" height=\"420\" alt=\"En la actualidad, Sci-Hub funciona gracias a sitios alternativos (imagen: elconfidencial.com)\">\n\t\t\t\t\t\t<\/a>\n\t\t\t\t\t<\/div>\n\t\t\t\t<\/div>\n\t\t\t\t\t\t\t\t<div class=\"sp-pcp-post-details\">\n\t\t\t\t\t<div class=\"sp-pcp-post-details-content\">\n\t\t\t\t\t\t\t\t<h4 class=\"sp-pcp-title\">\n\t\t\t\t\t\t\t\t\t<a href=\"https:\/\/agencia.unq.edu.ar\/?p=38282\"  target=\"_self\">La historia de Sci-Hub: la biblioteca pirata que desaf\u00eda a las grandes editoriales cient\u00edficas<\/a>\t\t\t\t\t\t\t<\/h4>\n\t\t\t\t\t\t\t\t\t<\/div>\n\t\t\t\t<\/div>\n\t\t\t<\/div>\n\t\t<\/div>\n\t\t\t\t<div class=\" swiper-slide swiper-lazy\">\n\t\t\t<div class=\"sp-pcp-post default pcp-item-38201\" data-id=\"38201\">\n\t\t\t\t\t\t\t\t<div class=\"pcp-post-thumb-wrapper\">\n\t\t\t\t\t<div class=\"sp-pcp-post-thumb-area\">\n\t\t\t\t\t\t\t\t\t\t\t\t<a class=\"sp-pcp-thumb\" href=\"https:\/\/agencia.unq.edu.ar\/?p=38201\" target=\"_self\" >\n\t\t\t\t\t\t\t\t\t\t\t\t\t<img loading=\"lazy\" decoding=\"async\" src=\"https:\/\/agencia.unq.edu.ar\/wp-content\/uploads\/2026\/07\/La-Vanguardia.jpg\" width=\"1040\" height=\"420\" alt=\"Las dudas sobre el v\u00ednculo y la sensaci\u00f3n de falta de apoyo pueden modificar el tono de una conversaci\u00f3n cotidiana, incluso cuando el tema parece inofensivo. Cr\u00e9ditos: La Vanguardia.\">\n\t\t\t\t\t\t<\/a>\n\t\t\t\t\t<\/div>\n\t\t\t\t<\/div>\n\t\t\t\t\t\t\t\t<div class=\"sp-pcp-post-details\">\n\t\t\t\t\t<div class=\"sp-pcp-post-details-content\">\n\t\t\t\t\t\t\t\t<h4 class=\"sp-pcp-title\">\n\t\t\t\t\t\t\t\t\t<a href=\"https:\/\/agencia.unq.edu.ar\/?p=38201\"  target=\"_self\">De organizar las vacaciones a discutir por todo: qu\u00e9 descubri\u00f3 la ciencia sobre las parejas<\/a>\t\t\t\t\t\t\t<\/h4>\n\t\t\t\t\t\t\t\t\t<\/div>\n\t\t\t\t<\/div>\n\t\t\t<\/div>\n\t\t<\/div>\n\t\t\t\t<div class=\" swiper-slide swiper-lazy\">\n\t\t\t<div class=\"sp-pcp-post default pcp-item-38172\" data-id=\"38172\">\n\t\t\t\t\t\t\t\t<div class=\"pcp-post-thumb-wrapper\">\n\t\t\t\t\t<div class=\"sp-pcp-post-thumb-area\">\n\t\t\t\t\t\t\t\t\t\t\t\t<a class=\"sp-pcp-thumb\" href=\"https:\/\/agencia.unq.edu.ar\/?p=38172\" target=\"_self\" >\n\t\t\t\t\t\t\t\t\t\t\t\t\t<img loading=\"lazy\" decoding=\"async\" src=\"https:\/\/agencia.unq.edu.ar\/wp-content\/uploads\/2026\/08\/Andrea-Perez-opinion.jpg\" width=\"504\" height=\"204\" alt=\"Andrea P\u00e9rez. Cr\u00e9ditos: UNPSJB Sede Esquel\">\n\t\t\t\t\t\t<\/a>\n\t\t\t\t\t<\/div>\n\t\t\t\t<\/div>\n\t\t\t\t\t\t\t\t<div class=\"sp-pcp-post-details\">\n\t\t\t\t\t<div class=\"sp-pcp-post-details-content\">\n\t\t\t\t\t\t\t\t<h4 class=\"sp-pcp-title\">\n\t\t\t\t\t\t\t\t\t<a href=\"https:\/\/agencia.unq.edu.ar\/?p=38172\"  target=\"_self\">Carta abierta al maestro Ricardo Baquero<\/a>\t\t\t\t\t\t\t<\/h4>\n\t\t\t\t\t\t\t\t\t<\/div>\n\t\t\t\t<\/div>\n\t\t\t<\/div>\n\t\t<\/div>\n\t\t\t\t<div class=\" swiper-slide swiper-lazy\">\n\t\t\t<div class=\"sp-pcp-post default pcp-item-38123\" data-id=\"38123\">\n\t\t\t\t\t\t\t\t<div class=\"pcp-post-thumb-wrapper\">\n\t\t\t\t\t<div class=\"sp-pcp-post-thumb-area\">\n\t\t\t\t\t\t\t\t\t\t\t\t<a class=\"sp-pcp-thumb\" href=\"https:\/\/agencia.unq.edu.ar\/?p=38123\" target=\"_self\" >\n\t\t\t\t\t\t\t\t\t\t\t\t\t<img loading=\"lazy\" decoding=\"async\" src=\"https:\/\/agencia.unq.edu.ar\/wp-content\/uploads\/2026\/07\/unplash.jpg\" width=\"1040\" height=\"420\" alt=\"Leer por placer desde la infancia se asocia con mejores capacidades cognitivas y mayor bienestar mental, seg\u00fan un estudio realizado con m\u00e1s de 10.000 participantes. Cr\u00e9ditos: Unplash\">\n\t\t\t\t\t\t<\/a>\n\t\t\t\t\t<\/div>\n\t\t\t\t<\/div>\n\t\t\t\t\t\t\t\t<div class=\"sp-pcp-post-details\">\n\t\t\t\t\t<div class=\"sp-pcp-post-details-content\">\n\t\t\t\t\t\t\t\t<h4 class=\"sp-pcp-title\">\n\t\t\t\t\t\t\t\t\t<a href=\"https:\/\/agencia.unq.edu.ar\/?p=38123\"  target=\"_self\">El plan m\u00e1s barato de las vacaciones tambi\u00e9n puede ser uno de los mejores para el cerebro<\/a>\t\t\t\t\t\t\t<\/h4>\n\t\t\t\t\t\t\t\t\t<\/div>\n\t\t\t\t<\/div>\n\t\t\t<\/div>\n\t\t<\/div>\n\t\t\t\t\t<\/div>\n\t\t\t\t\t\t<div class=\"pcp-pagination swiper-pagination dots\"><\/div>\n\t\t\t\t\t\t\t\t\t\t<div class=\"pcp-button-next swiper-button-next top_right\"><i class=\"fa fa-angle-right\"><\/i><\/div>\n\t\t\t\t<div class=\"pcp-button-prev swiper-button-prev top_right\"><i class=\"fa fa-angle-left\"><\/i><\/div>\t<\/div>\n<\/div>\n\n\n\n\n<hr class=\"wp-block-separator has-text-color has-css-opacity has-background is-style-wide\" style=\"background-color:#fea50e;color:#fea50e\"\/>\n\n\n\n<p class=\"has-vivid-green-cyan-color has-text-color wp-block-paragraph\"><\/p>\n","protected":false},"excerpt":{"rendered":"<p>Investigadores de la Universidad Nacional del Comahue y el Conicet estudian diferentes estrategias para mitigar la lucha por el espacio a\u00e9reo y crear \u00e1reas seguras.<\/p>\n","protected":false},"author":7,"featured_media":13599,"comment_status":"open","ping_status":"closed","sticky":false,"template":"","format":"standard","meta":{"_uag_custom_page_level_css":"","_monsterinsights_skip_tracking":false,"site-sidebar-layout":"default","site-content-layout":"","ast-site-content-layout":"default","site-content-style":"default","site-sidebar-style":"default","ast-global-header-display":"","ast-banner-title-visibility":"","ast-main-header-display":"","ast-hfb-above-header-display":"","ast-hfb-below-header-display":"","ast-hfb-mobile-header-display":"","site-post-title":"","ast-breadcrumbs-content":"","ast-featured-img":"","footer-sml-layout":"","ast-disable-related-posts":"","theme-transparent-header-meta":"","adv-header-id-meta":"","stick-header-meta":"","header-above-stick-meta":"","header-main-stick-meta":"","header-below-stick-meta":"","astra-migrate-meta-layouts":"default","ast-page-background-enabled":"default","ast-page-background-meta":{"desktop":{"background-color":"var(--ast-global-color-4)","background-image":"","background-repeat":"repeat","background-position":"center center","background-size":"auto","background-attachment":"scroll","background-type":"","background-media":"","overlay-type":"","overlay-color":"","overlay-opacity":"","overlay-gradient":""},"tablet":{"background-color":"","background-image":"","background-repeat":"repeat","background-position":"center center","background-size":"auto","background-attachment":"scroll","background-type":"","background-media":"","overlay-type":"","overlay-color":"","overlay-opacity":"","overlay-gradient":""},"mobile":{"background-color":"","background-image":"","background-repeat":"repeat","background-position":"center center","background-size":"auto","background-attachment":"scroll","background-type":"","background-media":"","overlay-type":"","overlay-color":"","overlay-opacity":"","overlay-gradient":""}},"ast-content-background-meta":{"desktop":{"background-color":"var(--ast-global-color-5)","background-image":"","background-repeat":"repeat","background-position":"center center","background-size":"auto","background-attachment":"scroll","background-type":"","background-media":"","overlay-type":"","overlay-color":"","overlay-opacity":"","overlay-gradient":""},"tablet":{"background-color":"var(--ast-global-color-5)","background-image":"","background-repeat":"repeat","background-position":"center center","background-size":"auto","background-attachment":"scroll","background-type":"","background-media":"","overlay-type":"","overlay-color":"","overlay-opacity":"","overlay-gradient":""},"mobile":{"background-color":"var(--ast-global-color-5)","background-image":"","background-repeat":"repeat","background-position":"center center","background-size":"auto","background-attachment":"scroll","background-type":"","background-media":"","overlay-type":"","overlay-color":"","overlay-opacity":"","overlay-gradient":""}},"footnotes":""},"categories":[8,16],"tags":[666,55,667,668],"class_list":["post-13598","post","type-post","status-publish","format-standard","has-post-thumbnail","hentry","category-ciencias","category-noticia-destacada","tag-aves","tag-conicet","tag-espacio-aereo","tag-universidad-nacional-del-comahue"],"aioseo_notices":[],"aioseo_head":"\n\t\t<!-- All in One SEO 5.0.0.1 - aioseo.com -->\n\t<meta name=\"description\" content=\"Un estudio con m\u00e1s de 10 mil adolescentes vincul\u00f3 la lectura por placer con mejor rendimiento cognitivo y bienestar emocional.\" \/>\n\t<meta name=\"robots\" content=\"max-image-preview:large\" \/>\n\t<meta name=\"author\" content=\"Mar\u00eda Ximena Perez\"\/>\n\t<link rel=\"canonical\" href=\"https:\/\/agencia.unq.edu.ar\/?p=38123\" \/>\n\t<meta name=\"generator\" content=\"All in One SEO (AIOSEO) 5.0.0.1\" \/>\n\t\t<meta property=\"og:locale\" content=\"es_ES\" \/>\n\t\t<meta property=\"og:site_name\" content=\"Agencia de Noticias Cient\u00edficas de la UNQ\" \/>\n\t\t<meta property=\"og:type\" content=\"article\" \/>\n\t\t<meta property=\"og:title\" content=\"El plan m\u00e1s barato de las vacaciones tambi\u00e9n puede ser uno de los mejores para el cerebro - Agencia de Noticias Cient\u00edficas de la UNQ\" \/>\n\t\t<meta property=\"og:description\" content=\"Un estudio con m\u00e1s de 10 mil adolescentes vincul\u00f3 la lectura por placer con mejor rendimiento cognitivo y bienestar emocional.\" \/>\n\t\t<meta property=\"og:url\" content=\"https:\/\/agencia.unq.edu.ar\/?p=38123\" \/>\n\t\t<meta property=\"og:image\" content=\"https:\/\/agencia.unq.edu.ar\/wp-content\/uploads\/2026\/07\/unplash.jpg\" \/>\n\t\t<meta property=\"og:image:secure_url\" content=\"https:\/\/agencia.unq.edu.ar\/wp-content\/uploads\/2026\/07\/unplash.jpg\" \/>\n\t\t<meta property=\"og:image:width\" content=\"1040\" \/>\n\t\t<meta property=\"og:image:height\" content=\"420\" \/>\n\t\t<meta property=\"article:published_time\" content=\"2026-07-27T19:31:24+00:00\" \/>\n\t\t<meta property=\"article:modified_time\" content=\"2026-07-29T17:11:02+00:00\" \/>\n\t\t<meta name=\"twitter:card\" content=\"summary_large_image\" \/>\n\t\t<meta name=\"twitter:site\" content=\"@Agencia__UNQ\" \/>\n\t\t<meta name=\"twitter:title\" content=\"El plan m\u00e1s barato de las vacaciones tambi\u00e9n puede ser uno de los mejores para el cerebro - Agencia de Noticias Cient\u00edficas de la UNQ\" \/>\n\t\t<meta name=\"twitter:description\" content=\"Un estudio con m\u00e1s de 10 mil adolescentes vincul\u00f3 la lectura por placer con mejor rendimiento cognitivo y bienestar emocional.\" \/>\n\t\t<meta name=\"twitter:image\" content=\"https:\/\/agencia.unq.edu.ar\/wp-content\/uploads\/2026\/07\/unplash.jpg\" \/>\n\t\t<script type=\"application\/ld+json\" class=\"aioseo-schema\">\n\t\t\t{\"@context\":\"https:\\\/\\\/schema.org\",\"@graph\":[{\"@type\":\"BlogPosting\",\"@id\":\"https:\\\/\\\/agencia.unq.edu.ar\\\/?p=38123#blogposting\",\"name\":\"El plan m\\u00e1s barato de las vacaciones tambi\\u00e9n puede ser uno de los mejores para el cerebro - Agencia de Noticias Cient\\u00edficas de la UNQ\",\"headline\":\"El plan m\\u00e1s barato de las vacaciones tambi\\u00e9n puede ser uno de los mejores para el cerebro\",\"author\":{\"@id\":\"https:\\\/\\\/agencia.unq.edu.ar\\\/?author=7#author\"},\"publisher\":{\"@id\":\"https:\\\/\\\/agencia.unq.edu.ar\\\/#organization\"},\"image\":{\"@type\":\"ImageObject\",\"url\":\"https:\\\/\\\/agencia.unq.edu.ar\\\/wp-content\\\/uploads\\\/2026\\\/07\\\/unplash.jpg\",\"width\":1040,\"height\":420,\"caption\":\"Leer por placer desde la infancia se asocia con mejores capacidades cognitivas y mayor bienestar mental, seg\\u00fan un estudio realizado con m\\u00e1s de 10.000 participantes. Cr\\u00e9ditos: Unplash.\"},\"datePublished\":\"2026-07-27T16:31:24-03:00\",\"dateModified\":\"2026-07-29T14:11:02-03:00\",\"inLanguage\":\"es-AR\",\"mainEntityOfPage\":{\"@id\":\"https:\\\/\\\/agencia.unq.edu.ar\\\/?p=38123#webpage\"},\"isPartOf\":{\"@id\":\"https:\\\/\\\/agencia.unq.edu.ar\\\/?p=38123#webpage\"},\"articleSection\":\"Ciencias, Noticia destacada\"},{\"@type\":\"BreadcrumbList\",\"@id\":\"https:\\\/\\\/agencia.unq.edu.ar\\\/?p=38123#breadcrumblist\",\"itemListElement\":[{\"@type\":\"ListItem\",\"@id\":\"https:\\\/\\\/agencia.unq.edu.ar#listItem\",\"position\":1,\"name\":\"Home\",\"item\":\"https:\\\/\\\/agencia.unq.edu.ar\",\"nextItem\":{\"@type\":\"ListItem\",\"@id\":\"https:\\\/\\\/agencia.unq.edu.ar\\\/?cat=8#listItem\",\"name\":\"Ciencias\"}},{\"@type\":\"ListItem\",\"@id\":\"https:\\\/\\\/agencia.unq.edu.ar\\\/?cat=8#listItem\",\"position\":2,\"name\":\"Ciencias\",\"item\":\"https:\\\/\\\/agencia.unq.edu.ar\\\/?cat=8\",\"nextItem\":{\"@type\":\"ListItem\",\"@id\":\"https:\\\/\\\/agencia.unq.edu.ar\\\/?p=13598#listItem\",\"name\":\"Cient\\u00edficos promueven la coexistencia armoniosa entre aves y aviones\"},\"previousItem\":{\"@type\":\"ListItem\",\"@id\":\"https:\\\/\\\/agencia.unq.edu.ar#listItem\",\"name\":\"Home\"}},{\"@type\":\"ListItem\",\"@id\":\"https:\\\/\\\/agencia.unq.edu.ar\\\/?p=13598#listItem\",\"position\":3,\"name\":\"Cient\\u00edficos promueven la coexistencia armoniosa entre aves y aviones\",\"previousItem\":{\"@type\":\"ListItem\",\"@id\":\"https:\\\/\\\/agencia.unq.edu.ar\\\/?cat=8#listItem\",\"name\":\"Ciencias\"}}]},{\"@type\":\"Organization\",\"@id\":\"https:\\\/\\\/agencia.unq.edu.ar\\\/#organization\",\"name\":\"Agencia de noticias cient\\u00edficas\",\"description\":\"Contamos la ciencia en tiempo real\",\"url\":\"https:\\\/\\\/agencia.unq.edu.ar\\\/\",\"logo\":{\"@type\":\"ImageObject\",\"url\":\"https:\\\/\\\/agencia.unq.edu.ar\\\/wp-content\\\/uploads\\\/2025\\\/01\\\/logo-agencia-bn-sin-fondo.png\",\"@id\":\"https:\\\/\\\/agencia.unq.edu.ar\\\/?p=38123\\\/#organizationLogo\",\"width\":904,\"height\":222,\"caption\":\"Logo Agencia de Noticias Cient\\u00edficas de la UNQ\"},\"image\":{\"@id\":\"https:\\\/\\\/agencia.unq.edu.ar\\\/?p=38123\\\/#organizationLogo\"},\"sameAs\":[\"https:\\\/\\\/www.instagram.com\\\/agencia_noticias_unq\\\/\"]},{\"@type\":\"Person\",\"@id\":\"https:\\\/\\\/agencia.unq.edu.ar\\\/?author=7#author\",\"url\":\"https:\\\/\\\/agencia.unq.edu.ar\\\/?author=7\",\"name\":\"Mar\\u00eda Ximena Perez\",\"image\":{\"@type\":\"ImageObject\",\"@id\":\"https:\\\/\\\/agencia.unq.edu.ar\\\/?p=38123#authorImage\",\"url\":\"https:\\\/\\\/secure.gravatar.com\\\/avatar\\\/3d2d90fdb1ac8bae4489d5bcf861ab60bf01d9881e8b626f669a3d44a219a7c7?s=96&d=mm&r=g\",\"width\":96,\"height\":96,\"caption\":\"Mar\\u00eda Ximena Perez\"}},{\"@type\":\"WebPage\",\"@id\":\"https:\\\/\\\/agencia.unq.edu.ar\\\/?p=38123#webpage\",\"url\":\"https:\\\/\\\/agencia.unq.edu.ar\\\/?p=38123\",\"name\":\"El plan m\\u00e1s barato de las vacaciones tambi\\u00e9n puede ser uno de los mejores para el cerebro - Agencia de Noticias Cient\\u00edficas de la UNQ\",\"description\":\"Un estudio con m\\u00e1s de 10 mil adolescentes vincul\\u00f3 la lectura por placer con mejor rendimiento cognitivo y bienestar emocional.\",\"inLanguage\":\"es-AR\",\"isPartOf\":{\"@id\":\"https:\\\/\\\/agencia.unq.edu.ar\\\/#website\"},\"breadcrumb\":{\"@id\":\"https:\\\/\\\/agencia.unq.edu.ar\\\/?p=38123#breadcrumblist\"},\"author\":{\"@id\":\"https:\\\/\\\/agencia.unq.edu.ar\\\/?author=7#author\"},\"creator\":{\"@id\":\"https:\\\/\\\/agencia.unq.edu.ar\\\/?author=7#author\"},\"image\":{\"@type\":\"ImageObject\",\"url\":\"https:\\\/\\\/agencia.unq.edu.ar\\\/wp-content\\\/uploads\\\/2026\\\/07\\\/unplash.jpg\",\"@id\":\"https:\\\/\\\/agencia.unq.edu.ar\\\/?p=38123\\\/#mainImage\",\"width\":1040,\"height\":420,\"caption\":\"Leer por placer desde la infancia se asocia con mejores capacidades cognitivas y mayor bienestar mental, seg\\u00fan un estudio realizado con m\\u00e1s de 10.000 participantes. Cr\\u00e9ditos: Unplash.\"},\"primaryImageOfPage\":{\"@id\":\"https:\\\/\\\/agencia.unq.edu.ar\\\/?p=38123#mainImage\"},\"datePublished\":\"2026-07-27T16:31:24-03:00\",\"dateModified\":\"2026-07-29T14:11:02-03:00\"},{\"@type\":\"WebSite\",\"@id\":\"https:\\\/\\\/agencia.unq.edu.ar\\\/#website\",\"url\":\"https:\\\/\\\/agencia.unq.edu.ar\\\/\",\"name\":\"Agencia de noticias cient\\u00edficas\",\"description\":\"Contamos la ciencia en tiempo real\",\"inLanguage\":\"es-AR\",\"publisher\":{\"@id\":\"https:\\\/\\\/agencia.unq.edu.ar\\\/#organization\"}}]}\n\t\t<\/script>\n\t\t<!-- All in One SEO -->\n\n","aioseo_head_json":{"title":"El plan m\u00e1s barato de las vacaciones tambi\u00e9n puede ser uno de los mejores para el cerebro - Agencia de Noticias Cient\u00edficas de la UNQ","description":"Un estudio con m\u00e1s de 10 mil adolescentes vincul\u00f3 la lectura por placer con mejor rendimiento cognitivo y bienestar emocional.","canonical_url":"https:\/\/agencia.unq.edu.ar\/?p=38123","robots":"max-image-preview:large","keywords":"","webmasterTools":{"miscellaneous":""},"schema":{"@context":"https:\/\/schema.org","@graph":[{"@type":"BlogPosting","@id":"https:\/\/agencia.unq.edu.ar\/?p=38123#blogposting","name":"El plan m\u00e1s barato de las vacaciones tambi\u00e9n puede ser uno de los mejores para el cerebro - Agencia de Noticias Cient\u00edficas de la UNQ","headline":"El plan m\u00e1s barato de las vacaciones tambi\u00e9n puede ser uno de los mejores para el cerebro","author":{"@id":"https:\/\/agencia.unq.edu.ar\/?author=7#author"},"publisher":{"@id":"https:\/\/agencia.unq.edu.ar\/#organization"},"image":{"@type":"ImageObject","url":"https:\/\/agencia.unq.edu.ar\/wp-content\/uploads\/2026\/07\/unplash.jpg","width":1040,"height":420,"caption":"Leer por placer desde la infancia se asocia con mejores capacidades cognitivas y mayor bienestar mental, seg\u00fan un estudio realizado con m\u00e1s de 10.000 participantes. Cr\u00e9ditos: Unplash."},"datePublished":"2026-07-27T16:31:24-03:00","dateModified":"2026-07-29T14:11:02-03:00","inLanguage":"es-AR","mainEntityOfPage":{"@id":"https:\/\/agencia.unq.edu.ar\/?p=38123#webpage"},"isPartOf":{"@id":"https:\/\/agencia.unq.edu.ar\/?p=38123#webpage"},"articleSection":"Ciencias, Noticia destacada"},{"@type":"BreadcrumbList","@id":"https:\/\/agencia.unq.edu.ar\/?p=38123#breadcrumblist","itemListElement":[{"@type":"ListItem","@id":"https:\/\/agencia.unq.edu.ar#listItem","position":1,"name":"Home","item":"https:\/\/agencia.unq.edu.ar","nextItem":{"@type":"ListItem","@id":"https:\/\/agencia.unq.edu.ar\/?cat=8#listItem","name":"Ciencias"}},{"@type":"ListItem","@id":"https:\/\/agencia.unq.edu.ar\/?cat=8#listItem","position":2,"name":"Ciencias","item":"https:\/\/agencia.unq.edu.ar\/?cat=8","nextItem":{"@type":"ListItem","@id":"https:\/\/agencia.unq.edu.ar\/?p=13598#listItem","name":"Cient\u00edficos promueven la coexistencia armoniosa entre aves y aviones"},"previousItem":{"@type":"ListItem","@id":"https:\/\/agencia.unq.edu.ar#listItem","name":"Home"}},{"@type":"ListItem","@id":"https:\/\/agencia.unq.edu.ar\/?p=13598#listItem","position":3,"name":"Cient\u00edficos promueven la coexistencia armoniosa entre aves y aviones","previousItem":{"@type":"ListItem","@id":"https:\/\/agencia.unq.edu.ar\/?cat=8#listItem","name":"Ciencias"}}]},{"@type":"Organization","@id":"https:\/\/agencia.unq.edu.ar\/#organization","name":"Agencia de noticias cient\u00edficas","description":"Contamos la ciencia en tiempo real","url":"https:\/\/agencia.unq.edu.ar\/","logo":{"@type":"ImageObject","url":"https:\/\/agencia.unq.edu.ar\/wp-content\/uploads\/2025\/01\/logo-agencia-bn-sin-fondo.png","@id":"https:\/\/agencia.unq.edu.ar\/?p=38123\/#organizationLogo","width":904,"height":222,"caption":"Logo Agencia de Noticias Cient\u00edficas de la UNQ"},"image":{"@id":"https:\/\/agencia.unq.edu.ar\/?p=38123\/#organizationLogo"},"sameAs":["https:\/\/www.instagram.com\/agencia_noticias_unq\/"]},{"@type":"Person","@id":"https:\/\/agencia.unq.edu.ar\/?author=7#author","url":"https:\/\/agencia.unq.edu.ar\/?author=7","name":"Mar\u00eda Ximena Perez","image":{"@type":"ImageObject","@id":"https:\/\/agencia.unq.edu.ar\/?p=38123#authorImage","url":"https:\/\/secure.gravatar.com\/avatar\/3d2d90fdb1ac8bae4489d5bcf861ab60bf01d9881e8b626f669a3d44a219a7c7?s=96&d=mm&r=g","width":96,"height":96,"caption":"Mar\u00eda Ximena Perez"}},{"@type":"WebPage","@id":"https:\/\/agencia.unq.edu.ar\/?p=38123#webpage","url":"https:\/\/agencia.unq.edu.ar\/?p=38123","name":"El plan m\u00e1s barato de las vacaciones tambi\u00e9n puede ser uno de los mejores para el cerebro - Agencia de Noticias Cient\u00edficas de la UNQ","description":"Un estudio con m\u00e1s de 10 mil adolescentes vincul\u00f3 la lectura por placer con mejor rendimiento cognitivo y bienestar emocional.","inLanguage":"es-AR","isPartOf":{"@id":"https:\/\/agencia.unq.edu.ar\/#website"},"breadcrumb":{"@id":"https:\/\/agencia.unq.edu.ar\/?p=38123#breadcrumblist"},"author":{"@id":"https:\/\/agencia.unq.edu.ar\/?author=7#author"},"creator":{"@id":"https:\/\/agencia.unq.edu.ar\/?author=7#author"},"image":{"@type":"ImageObject","url":"https:\/\/agencia.unq.edu.ar\/wp-content\/uploads\/2026\/07\/unplash.jpg","@id":"https:\/\/agencia.unq.edu.ar\/?p=38123\/#mainImage","width":1040,"height":420,"caption":"Leer por placer desde la infancia se asocia con mejores capacidades cognitivas y mayor bienestar mental, seg\u00fan un estudio realizado con m\u00e1s de 10.000 participantes. Cr\u00e9ditos: Unplash."},"primaryImageOfPage":{"@id":"https:\/\/agencia.unq.edu.ar\/?p=38123#mainImage"},"datePublished":"2026-07-27T16:31:24-03:00","dateModified":"2026-07-29T14:11:02-03:00"},{"@type":"WebSite","@id":"https:\/\/agencia.unq.edu.ar\/#website","url":"https:\/\/agencia.unq.edu.ar\/","name":"Agencia de noticias cient\u00edficas","description":"Contamos la ciencia en tiempo real","inLanguage":"es-AR","publisher":{"@id":"https:\/\/agencia.unq.edu.ar\/#organization"}}]},"og:locale":"es_ES","og:site_name":"Agencia de Noticias Cient\u00edficas de la UNQ","og:type":"article","og:title":"El plan m\u00e1s barato de las vacaciones tambi\u00e9n puede ser uno de los mejores para el cerebro - Agencia de Noticias Cient\u00edficas de la UNQ","og:description":"Un estudio con m\u00e1s de 10 mil adolescentes vincul\u00f3 la lectura por placer con mejor rendimiento cognitivo y bienestar emocional.","og:url":"https:\/\/agencia.unq.edu.ar\/?p=38123","og:image":"https:\/\/agencia.unq.edu.ar\/wp-content\/uploads\/2026\/07\/unplash.jpg","og:image:secure_url":"https:\/\/agencia.unq.edu.ar\/wp-content\/uploads\/2026\/07\/unplash.jpg","og:image:width":1040,"og:image:height":420,"article:published_time":"2026-07-27T19:31:24+00:00","article:modified_time":"2026-07-29T17:11:02+00:00","twitter:card":"summary_large_image","twitter:site":"@Agencia__UNQ","twitter:title":"El plan m\u00e1s barato de las vacaciones tambi\u00e9n puede ser uno de los mejores para el cerebro - Agencia de Noticias Cient\u00edficas de la UNQ","twitter:description":"Un estudio con m\u00e1s de 10 mil adolescentes vincul\u00f3 la lectura por placer con mejor rendimiento cognitivo y bienestar emocional.","twitter:image":"https:\/\/agencia.unq.edu.ar\/wp-content\/uploads\/2026\/07\/unplash.jpg"},"aioseo_meta_data":{"post_id":"13598","title":"#post_title #separator_sa #site_title","description":"#post_excerpt","keywords":[],"keyphrases":{"focus":{"keyphrase":"","score":0,"analysis":{"keyphraseInTitle":{"score":0,"maxScore":9,"error":1}}},"additional":[]},"primary_term":null,"canonical_url":null,"og_title":null,"og_description":null,"og_object_type":"default","og_image_type":"default","og_image_url":null,"og_image_width":null,"og_image_height":null,"og_image_custom_url":null,"og_image_custom_fields":null,"og_video":"","og_custom_url":null,"og_article_section":null,"og_article_tags":[],"twitter_use_og":true,"twitter_card":"default","twitter_image_type":"default","twitter_image_url":null,"twitter_image_custom_url":null,"twitter_image_custom_fields":null,"twitter_title":null,"twitter_description":null,"schema":{"blockGraphs":[],"customGraphs":[],"default":{"data":{"Article":{"id":"#aioseo-article-65d5008c6362f","slug":"article","graphName":"Article","label":"Article","properties":{"type":"BlogPosting","name":"#post_title","headline":"#post_title","description":"#post_excerpt","image":"","keywords":"","author":{"name":"#author_name","url":"#author_url"},"dates":{"include":true,"datePublished":"","dateModified":""}}},"Course":[],"Dataset":[],"FAQPage":[],"Movie":[],"Person":[],"Product":[],"ProductReview":[],"Car":[],"Recipe":[],"Service":[],"SoftwareApplication":[],"WebPage":[]},"graphName":"Article","isEnabled":true},"graphs":[]},"schema_type":"default","schema_type_options":"{\"article\":{\"articleType\":\"BlogPosting\"},\"course\":{\"name\":\"\",\"description\":\"\",\"provider\":\"\"},\"faq\":{\"pages\":[]},\"product\":{\"reviews\":[]},\"recipe\":{\"ingredients\":[],\"instructions\":[],\"keywords\":[]},\"software\":{\"reviews\":[],\"operatingSystems\":[]},\"webPage\":{\"webPageType\":\"WebPage\"}}","pillar_content":false,"robots_default":true,"robots_noindex":false,"robots_noarchive":false,"robots_nosnippet":false,"robots_nofollow":false,"robots_noimageindex":false,"robots_noodp":false,"robots_notranslate":false,"robots_max_snippet":"-1","robots_max_videopreview":"-1","robots_max_imagepreview":"large","priority":null,"frequency":"default","local_seo":null,"breadcrumb_settings":null,"limit_modified_date":false,"ai":null,"created":"2023-07-11 14:30:17","updated":"2025-06-05 06:50:51","seo_analyzer_scan_date":null,"focus_keyword":null,"additional_keywords":null,"truseo_locale":null},"aioseo_breadcrumb":"<div class=\"aioseo-breadcrumbs\"><span class=\"aioseo-breadcrumb\">\n\t\t\t<a href=\"https:\/\/agencia.unq.edu.ar\" title=\"Home\">Home<\/a>\n\t\t<\/span><span class=\"aioseo-breadcrumb-separator\">&raquo;<\/span><span class=\"aioseo-breadcrumb\">\n\t\t\t<a href=\"https:\/\/agencia.unq.edu.ar\/?cat=8\" title=\"Ciencias\">Ciencias<\/a>\n\t\t<\/span><span class=\"aioseo-breadcrumb-separator\">&raquo;<\/span><span class=\"aioseo-breadcrumb\">\n\t\t\tCient\u00edficos promueven la coexistencia armoniosa entre aves y aviones\n\t\t<\/span><\/div>","aioseo_breadcrumb_json":[{"label":"Home","link":"https:\/\/agencia.unq.edu.ar"},{"label":"Ciencias","link":"https:\/\/agencia.unq.edu.ar\/?cat=8"},{"label":"Cient\u00edficos promueven la coexistencia armoniosa entre aves y aviones","link":"https:\/\/agencia.unq.edu.ar\/?p=13598"}],"uagb_featured_image_src":{"full":["https:\/\/agencia.unq.edu.ar\/wp-content\/uploads\/2023\/07\/ipiccy_image-a.jpg",1040,420,false],"thumbnail":["https:\/\/agencia.unq.edu.ar\/wp-content\/uploads\/2023\/07\/ipiccy_image-a.jpg",150,61,false],"medium":["https:\/\/agencia.unq.edu.ar\/wp-content\/uploads\/2023\/07\/ipiccy_image-a.jpg",960,388,false],"medium_large":["https:\/\/agencia.unq.edu.ar\/wp-content\/uploads\/2023\/07\/ipiccy_image-a.jpg",768,310,false],"large":["https:\/\/agencia.unq.edu.ar\/wp-content\/uploads\/2023\/07\/ipiccy_image-a.jpg",1040,420,false],"1536x1536":["https:\/\/agencia.unq.edu.ar\/wp-content\/uploads\/2023\/07\/ipiccy_image-a.jpg",1040,420,false],"2048x2048":["https:\/\/agencia.unq.edu.ar\/wp-content\/uploads\/2023\/07\/ipiccy_image-a.jpg",1040,420,false],"smart-post-landscape":["https:\/\/agencia.unq.edu.ar\/wp-content\/uploads\/2023\/07\/ipiccy_image-a.jpg",870,351,false],"smart-post-portrait":["https:\/\/agencia.unq.edu.ar\/wp-content\/uploads\/2023\/07\/ipiccy_image-a.jpg",600,242,false]},"uagb_author_info":{"display_name":"Mar\u00eda Ximena Perez","author_link":"https:\/\/agencia.unq.edu.ar\/?author=7"},"uagb_comment_info":0,"uagb_excerpt":"Investigadores de la Universidad Nacional del Comahue y el Conicet estudian diferentes estrategias para mitigar la lucha por el espacio a\u00e9reo y crear \u00e1reas seguras.","blog_post_layout_featured_media_urls":{"thumbnail":["https:\/\/agencia.unq.edu.ar\/wp-content\/uploads\/2023\/07\/ipiccy_image-a.jpg",150,61,false],"full":["https:\/\/agencia.unq.edu.ar\/wp-content\/uploads\/2023\/07\/ipiccy_image-a.jpg",1040,420,false]},"categories_names":{"8":{"name":"Ciencias","link":"https:\/\/agencia.unq.edu.ar\/?cat=8"},"16":{"name":"Noticia destacada","link":"https:\/\/agencia.unq.edu.ar\/?cat=16"}},"tags_names":{"666":{"name":"Aves","link":"https:\/\/agencia.unq.edu.ar\/?tag=aves"},"55":{"name":"CONICET","link":"https:\/\/agencia.unq.edu.ar\/?tag=conicet"},"667":{"name":"Espacio a\u00e9reo","link":"https:\/\/agencia.unq.edu.ar\/?tag=espacio-aereo"},"668":{"name":"Universidad Nacional del Comahue","link":"https:\/\/agencia.unq.edu.ar\/?tag=universidad-nacional-del-comahue"}},"comments_number":"0","_links":{"self":[{"href":"https:\/\/agencia.unq.edu.ar\/index.php?rest_route=\/wp\/v2\/posts\/13598","targetHints":{"allow":["GET"]}}],"collection":[{"href":"https:\/\/agencia.unq.edu.ar\/index.php?rest_route=\/wp\/v2\/posts"}],"about":[{"href":"https:\/\/agencia.unq.edu.ar\/index.php?rest_route=\/wp\/v2\/types\/post"}],"author":[{"embeddable":true,"href":"https:\/\/agencia.unq.edu.ar\/index.php?rest_route=\/wp\/v2\/users\/7"}],"replies":[{"embeddable":true,"href":"https:\/\/agencia.unq.edu.ar\/index.php?rest_route=%2Fwp%2Fv2%2Fcomments&post=13598"}],"version-history":[{"count":17,"href":"https:\/\/agencia.unq.edu.ar\/index.php?rest_route=\/wp\/v2\/posts\/13598\/revisions"}],"predecessor-version":[{"id":13616,"href":"https:\/\/agencia.unq.edu.ar\/index.php?rest_route=\/wp\/v2\/posts\/13598\/revisions\/13616"}],"wp:featuredmedia":[{"embeddable":true,"href":"https:\/\/agencia.unq.edu.ar\/index.php?rest_route=\/wp\/v2\/media\/13599"}],"wp:attachment":[{"href":"https:\/\/agencia.unq.edu.ar\/index.php?rest_route=%2Fwp%2Fv2%2Fmedia&parent=13598"}],"wp:term":[{"taxonomy":"category","embeddable":true,"href":"https:\/\/agencia.unq.edu.ar\/index.php?rest_route=%2Fwp%2Fv2%2Fcategories&post=13598"},{"taxonomy":"post_tag","embeddable":true,"href":"https:\/\/agencia.unq.edu.ar\/index.php?rest_route=%2Fwp%2Fv2%2Ftags&post=13598"}],"curies":[{"name":"wp","href":"https:\/\/api.w.org\/{rel}","templated":true}]}}