{"id":14155,"date":"2023-08-01T15:11:08","date_gmt":"2023-08-01T18:11:08","guid":{"rendered":"https:\/\/agencia.unq.edu.ar\/?p=14155"},"modified":"2023-08-01T15:11:09","modified_gmt":"2023-08-01T18:11:09","slug":"crean-un-sistema-para-la-gestion-eficiente-de-la-electricidad-en-las-universidades-publicas","status":"publish","type":"post","link":"https:\/\/agencia.unq.edu.ar\/?p=14155","title":{"rendered":"Crean un sistema para la gesti\u00f3n eficiente de la electricidad en las universidades p\u00fablicas"},"content":{"rendered":"\n<p class=\"has-medium-font-size\">Algunas de las propuestas del proyecto son mejorar los sistemas de climatizaci\u00f3n y ventilaci\u00f3n, utilizar fuentes de energ\u00eda renovable y adoptar tecnolog\u00edas inteligentes.<\/p>\n\n\n\n<figure class=\"wp-block-image size-full\"><img loading=\"lazy\" decoding=\"async\" width=\"1040\" height=\"420\" src=\"https:\/\/agencia.unq.edu.ar\/wp-content\/uploads\/2023\/08\/Paneles-solares-transicion-energetica.jpg\" alt=\"Los paneles solares son una alternativa para optimizar el uso de la energ\u00eda. Cr\u00e9ditos: UNAJ.\" class=\"wp-image-14156\"\/><figcaption class=\"wp-element-caption\">Los paneles solares son una alternativa para optimizar el uso de la energ\u00eda. Cr\u00e9ditos: UNAJ.<\/figcaption><\/figure>\n\n\n\n<p>Investigadores de la Universidad Nacional Arturo Jauretche (UNAJ) llevan a cabo un proyecto denominado GENUP 2.0 que promueve el uso responsable y eficiente de la energ\u00eda en las universidades p\u00fablicas nacionales, con un sistema de gesti\u00f3n adaptado a cada una de las sedes. Si bien existen lineamientos generales para cumplir esta premisa en edificios p\u00fablicos, las actividades acad\u00e9micas son diversas y tienen requisitos particulares. En este sentido, mejorar la calidad de la iluminaci\u00f3n, adaptar los sistemas de climatizaci\u00f3n y ventilaci\u00f3n, utilizar fuentes de energ\u00eda renovable y tecnolog\u00edas inteligentes son algunas de las premisas para avanzar hacia el objetivo.<\/p>\n\n\n\n<p>\u201cGENUP2.0 es una propuesta de trabajo que busca&nbsp;<strong>establecer un procedimiento para implementar un sistema de gesti\u00f3n de la energ\u00eda en las universidades teniendo en cuenta las caracter\u00edsticas y necesidades propias de estas instituciones<\/strong>\u201d, explica B\u00e1rbara Brea, directora del proyecto.<\/p>\n\n\n\n<p>Aunque existe un decreto publicado en 2007 que detalla c\u00f3mo debe gestionarse la electricidad en los edificios p\u00fablicos, las actividades que se realizan en las universidades no tienen nada que ver con las que pueden realizarse en bases militares, hospitales o dependencias econ\u00f3micas y administrativas. \u201c<strong>No todos los edificios tienen los mismos requerimientos ni la misma din\u00e1mica de uso, como as\u00ed tampoco son los mismos perfiles de usuarios ni recursos humanos con los que cuenta<\/strong>\u201d, detalla Brea.<\/p>\n\n\n\n<h2 class=\"wp-block-heading\">Opciones inteligentes<\/h2>\n\n\n\n<p>Seg\u00fan la especialista, un sistema de gesti\u00f3n de la energ\u00eda ayuda a conocer de qu\u00e9 forma se utiliza este recurso en la instituci\u00f3n donde se implementa. A su vez, esto permite&nbsp;<strong>implementar acciones para alcanzar metas de eficiencia adecuadas y posibles de realizar en un per\u00edodo dado<\/strong>. \u201cA partir de all\u00ed, se pueden generar nuevos objetivos que nos permitan trabajar bajo un enfoque de mejora continua, asociada a la transici\u00f3n energ\u00e9tica\u201d, asegura.<\/p>\n\n\n\n<p>Existen diversas iniciativas que estas instituciones pueden implementar para reducir su consumo energ\u00e9tico.&nbsp;<strong>La instalaci\u00f3n de sistemas de iluminaci\u00f3n eficiente, la optimizaci\u00f3n de los sistemas de climatizaci\u00f3n y ventilaci\u00f3n, la utilizaci\u00f3n de fuentes de energ\u00eda renovable y la adopci\u00f3n de tecnolog\u00edas inteligentes<\/strong>&nbsp;son algunas de las l\u00edneas rectoras que orientan los esfuerzos del proyecto.<\/p>\n\n\n\n<p>Adem\u00e1s de los beneficios econ\u00f3micos y ambientales,&nbsp;<strong>la eficiencia energ\u00e9tica en las universidades puede contribuir a la generaci\u00f3n de conocimiento y la formaci\u00f3n de profesionales comprometidos con la sostenibilidad.<\/strong>&nbsp;Mediante la investigaci\u00f3n y la innovaci\u00f3n es factible desarrollar soluciones tecnol\u00f3gicas avanzadas y fomentar el aprendizaje pr\u00e1ctico de los estudiantes.<\/p>\n\n\n\n<h2 class=\"wp-block-heading\">Compromiso ambiental y econ\u00f3mico<\/h2>\n\n\n\n<p>El consumo inteligente de energ\u00eda el\u00e9ctrica constituye una necesidad para el desarrollo de la sociedad. Por eso, \u201c<strong>es importante evitar el gasto innecesario en recursos que no son imprescindibles&nbsp;<\/strong>y evaluar de manera exhaustiva d\u00f3nde y c\u00f3mo se est\u00e1 consumiendo para identificar posibles fuentes de derroche\u201d, resalta Brea.<\/p>\n\n\n\n<p>La implementaci\u00f3n de medidas de ahorro no solo supone un beneficio econ\u00f3mico, sino tambi\u00e9n fomenta un aumento de la conciencia y el compromiso de toda la comunidad universitaria. \u201cAl adoptar pr\u00e1cticas sostenibles,&nbsp;<strong>las instituciones acad\u00e9micas pueden convertirse en ejemplos a seguir para otras organizaciones, demostrando que es posible conciliar el desarrollo acad\u00e9mico con el medio ambiente<\/strong>\u201d, subraya la investigadora, quien adem\u00e1s es docente de la UNAJ.<\/p>\n\n\n\n<p>La<strong>&nbsp;eficiencia energ\u00e9tica apunta a obtener los mejores resultados en cualquier actividad, utilizando la menor cantidad posible de recursos energ\u00e9ticos.&nbsp;<\/strong><strong>En este aspecto,&nbsp;<\/strong>la auditor\u00eda de los edificios universitarios permite establecer las mejores condiciones de uso con el menor consumo posible, a trav\u00e9s de medidas relacionadas con la eficacia de los equipos y la adecuaci\u00f3n arquitect\u00f3nica de las sedes. Adem\u00e1s de conocer el uso de electricidad de los artefactos, se indaga en el estado de habitabilidad de los distintos espacios y analiza la temperatura, la humedad, la iluminaci\u00f3n y la ventilaci\u00f3n.<\/p>\n\n\n\n<p>Para la especialista de la UNAJ,&nbsp;<strong>contar con una evaluaci\u00f3n energ\u00e9tica de los edificios es clave.<\/strong>&nbsp;\u201cSi no conocemos cu\u00e1l es nuestra l\u00ednea de base, no podremos ponderar el impacto de las acciones de eficiencia energ\u00e9tica que llevemos a cabo. La evaluaci\u00f3n energ\u00e9tica del edificio, que se puede llevar a cabo de distintas formas, nos permite contar con los datos de base para la toma de decisiones\u201d.<\/p>\n\n\n\n<p>A fines de 2022, a trav\u00e9s de un convenio entre la UNAJ y la Fundaci\u00f3n YPF, se colocaron paneles solares en algunos edificios de la Universidad. Adem\u00e1s de docentes y estudiantes, de la instalaci\u00f3n participaron alumnos de la Escuela Secundaria de Educaci\u00f3n T\u00e9cnica N\u00b0 2 de Quilmes.<\/p>\n\n\n\n<p><em>* Nota publicada originalmente en <a href=\"https:\/\/www.pagina12.com.ar\/572675-crean-un-sistema-para-la-gestion-eficiente-de-la-electricida\" target=\"_blank\" rel=\"noreferrer noopener\" title=\"P\u00e1gina 12\">P\u00e1gina 12<\/a><\/em><\/p>\n\n\n\n<hr class=\"wp-block-separator has-text-color has-css-opacity has-background is-style-wide\" style=\"background-color:#fea50e;color:#fea50e\"\/>\n\n\n\n<div style=\"height:40px\" aria-hidden=\"true\" class=\"wp-block-spacer\"><\/div>\n\n\n\n<h4 class=\"wp-block-heading\" id=\"publicaciones-relacionadas\">\u00daltimas noticias de la secci\u00f3n Ciencias:<\/h4>\n\n\n<style id=\"sp_pcp_dynamic_style3313\">#pcp_wrapper-3313:not(.sps-glossary-layout) .sp-pcp-row,#pcp_wrapper-3313 .sps-glossary-items-group .sps-glossary-items-content {margin-right: -10px;margin-left: -10px;}#pcp_wrapper-3313 .sp-pcp-row [class*='sp-pcp-col-']{padding-right: 10px;padding-left: 10px; padding-bottom:20px;}.pcp-wrapper-3313 .sp-pcp-title a {color: #ac162c;display: inherit;} .pcp-wrapper-3313 .sp-pcp-title a:hover {color: #fea50e;}#pcp_wrapper-3313 .dots .swiper-pagination-bullet{ background: #ac162c; } #pcp_wrapper-3313 .dots .swiper-pagination-bullet-active { background: #fea50e; }#pcp_wrapper-3313 .pcp-button-prev,#pcp_wrapper-3313 .pcp-button-next{ background-image: none; background-size: auto; background-color: #fff; height: 33px; width: 33px; margin-top: 8px; border: 1px solid #898339; text-align: center; line-height: 30px; -webkit-transition: 0.3s; border-radius: 3px; }#pcp_wrapper-3313 .pcp-button-prev:hover, #pcp_wrapper-3313 .pcp-button-next:hover{ background-color: #fea50e; border-color: #ac162c; } #pcp_wrapper-3313 .pcp-button-prev .fa, #pcp_wrapper-3313 .pcp-button-next .fa { color: #000000; } #pcp_wrapper-3313 .pcp-button-prev:hover .fa, #pcp_wrapper-3313 .pcp-button-next:hover .fa { color: #fff; } #pcp_wrapper-3313.pcp-carousel-wrapper .sp-pcp-post{ margin-top: 0; }#pcp_wrapper-3313 .sp-pcp-post {padding: 0 0 0 0;}#pcp_wrapper-3313.sp-slider_layout .sp-pcp-post .sp-pcp-post-details {top: 0; right:0; bottom:0; left:0;}#pcp_wrapper-3313 .sp-pcp-post {border: 0px solid #e2e2e2; border-radius: 0px }#pcp_wrapper-3313 .sp-pcp-post{background-color: transparent;}#pcp_wrapper-3313 .pcp-post-thumb-wrapper{border: 0px solid #dddddd;border-radius:0px;}.pcp-wrapper-3313 .sp-pcp-post-meta li,.pcp-wrapper-3313 .sp-pcp-post-meta ul,.pcp-wrapper-3313 .sp-pcp-post-meta li a{color: #888;}.pcp-wrapper-3313 .sp-pcp-post-meta li a:hover{color: #e1624b;}#pcp_wrapper-3313 .pcp-post-pagination .page-numbers.current, #pcp_wrapper-3313 .pcp-post-pagination a.active , #pcp_wrapper-3313 .pcp-post-pagination a:hover{ color: #ffffff; background: #e1624b; border-color: #e1624b; }#pcp_wrapper-3313 .pcp-post-pagination .page-numbers, .pcp-post-pagination a{ background: #ffffff; color:#5e5e5e; border: 2px solid #bbbbbb;border-radius: 2px; }#pcp_wrapper-3313 .pcp-post-pagination{text-align: left;}@media (min-width: 1200px) {.sp-pcp-row .sp-pcp-col-xl-1 {flex: 0 0 100%;}.sp-pcp-row .sp-pcp-col-xl-2 {flex: 1 1 calc( 50% - 20px);}.sp-pcp-row .sp-pcp-col-xl-3 {flex: 1 1 calc( 33.333% - 20px);}.sp-pcp-row .sp-pcp-col-xl-4 {flex: 1 1 calc( 25% - 20px);}.sp-pcp-row .sp-pcp-col-xl-5 { flex: 1 1 calc( 20% - 20px);}.sp-pcp-row .sp-pcp-col-xl-6 {flex: 1 1 calc( 16.66666666666667% - 20px);}.sp-pcp-row .sp-pcp-col-xl-7 {flex: 1 1 calc( 14.28571428% - 20px);}.sp-pcp-row .sp-pcp-col-xl-8 {flex: 1 1 calc( 12.5% - 20px);}}@media (max-width: 1200px) {.sp-pcp-row .sp-pcp-col-lg-1 {flex: 0 0 100%;}.sp-pcp-row .sp-pcp-col-lg-2 {flex: 1 1 calc( 50% - 20px);}.sp-pcp-row .sp-pcp-col-lg-3 {flex: 1 1 calc( 33.333% - 20px);}.sp-pcp-row .sp-pcp-col-lg-4 {flex: 1 1 calc( 25% - 20px);}.sp-pcp-row .sp-pcp-col-lg-5 { flex: 1 1 calc( 20% - 20px);}.sp-pcp-row .sp-pcp-col-lg-6 {flex: 1 1 calc( 16.66666666666667% - 20px);}.sp-pcp-row .sp-pcp-col-lg-7 {flex: 1 1 calc( 14.28571428% - 20px);}.sp-pcp-row .sp-pcp-col-lg-8 {flex: 1 1 calc( 12.5% - 20px);}}@media (max-width: 992px) {.sp-pcp-row .sp-pcp-col-md-1 {flex: 0 0 100%;}.sp-pcp-row .sp-pcp-col-md-2 {flex: 1 1 calc( 50% - 20px);}.sp-pcp-row .sp-pcp-col-md-2-5 {flex: 0 0 75%;}.sp-pcp-row .sp-pcp-col-md-3 {flex: 1 1 calc( 33.333% - 20px);}.sp-pcp-row .sp-pcp-col-md-4 {flex: 1 1 calc( 25% - 20px);}.sp-pcp-row .sp-pcp-col-md-5 { flex: 1 1 calc( 20% - 20px);}.sp-pcp-row .sp-pcp-col-md-6 {flex: 1 1 calc( 16.66666666666667% - 20px);}.sp-pcp-row .sp-pcp-col-md-7 {flex: 1 1 calc( 14.28571428% - 20px);}.sp-pcp-row .sp-pcp-col-md-8 {flex: 1 1 calc( 12.5% - 20px);}}@media (max-width: 768px) {.sp-pcp-row .sp-pcp-col-sm-1 {flex: 0 0 100%;}.sp-pcp-row .sp-pcp-col-sm-2 {flex: 1 1 calc( 50% - 20px);}.sp-pcp-row .sp-pcp-col-sm-2-5 {flex: 0 0 75%;}.sp-pcp-row .sp-pcp-col-sm-3 {flex: 1 1 calc( 33.333% - 20px);}.sp-pcp-row .sp-pcp-col-sm-4 {flex: 1 1 calc( 25% - 20px);}.sp-pcp-row .sp-pcp-col-sm-5 { flex: 1 1 calc( 20% - 20px);}.sp-pcp-row .sp-pcp-col-sm-6 {flex: 1 1 calc( 16.66666666666667% - 20px);}.sp-pcp-row .sp-pcp-col-sm-7 {flex: 1 1 calc( 14.28571428% - 20px);}.sp-pcp-row .sp-pcp-col-sm-8 {flex: 1 1 calc( 12.5% - 20px);}}@media (max-width: 420px) {.sp-pcp-row .sp-pcp-col-xs-1 {flex: 0 0 100%;}.sp-pcp-row .sp-pcp-col-xs-2 {flex: 1 1 calc( 50% - 20px);}.sp-pcp-row .sp-pcp-col-xs-3 {flex: 1 1 calc( 33.333% - 20px);}.sp-pcp-row .sp-pcp-col-xs-4 {flex: 1 1 calc( 25% - 20px);}.sp-pcp-row .sp-pcp-col-xs-5 { flex: 1 1 calc( 20% - 20px);}.sp-pcp-row .sp-pcp-col-xs-6 {flex: 1 1 calc( 16.66666666666667% - 20px);}.sp-pcp-row .sp-pcp-col-xs-7 {flex: 1 1 calc( 14.28571428% - 20px);}.sp-pcp-row .sp-pcp-col-xs-8 {flex: 1 1 calc( 12.5% - 20px);}}<\/style><!-- Markup Starts -->\n<div id=\"pcp_wrapper-3313\" class=\"sp-pcp-section sp-pcp-container pcp-wrapper-3313 pcp-carousel-wrapper standard sp-carousel_layout\" data-sid=\"3313\">\n\t<div id=\"sp-pcp-id-3313\" class=\"swiper-container sp-pcp-carousel top_right\" dir=\"ltr\" data-carousel='{ \"speed\":600, \"items\":3, \"spaceBetween\":20, \"dynamicBullets\": false, \"navigation\":true, \"pagination\": true, \"autoplay\": true, \"autoplay_speed\": 2000, \"loop\": true, \"autoHeight\": false, \"lazy\":  true, \"simulateTouch\": true, \"freeMode\": false, \"slider_mouse_wheel\": false,\"allowTouchMove\": true, \"slidesPerView\": {\"lg_desktop\": 3, \"desktop\": 3, \"tablet\": 2, \"mobile_landscape\": 1, \"mobile\": 1}, \"navigation_mobile\": true, \"pagination_mobile\": true, \"stop_onHover\": true, \"enabled\": true, \"prevSlideMessage\": \"Previous slide\", \"nextSlideMessage\": \"Next slide\", \"firstSlideMessage\": \"This is the first slide\", \"lastSlideMessage\": \"This is the last slide\", \"keyboard\": \"true\", \"paginationBulletMessage\": \"Go to slide {{index}}\" }'>\n\t\t\t<div class=\"swiper-wrapper\">\n\t\t\t\t\t\t<div class=\" swiper-slide swiper-lazy\">\n\t\t\t<div class=\"sp-pcp-post default pcp-item-35826\" data-id=\"35826\">\n\t\t\t\t\t\t\t\t<div class=\"pcp-post-thumb-wrapper\">\n\t\t\t\t\t<div class=\"sp-pcp-post-thumb-area\">\n\t\t\t\t\t\t\t\t\t\t\t\t<a class=\"sp-pcp-thumb\" href=\"https:\/\/agencia.unq.edu.ar\/?p=35826\" target=\"_self\" >\n\t\t\t\t\t\t\t\t\t\t\t\t\t<img loading=\"lazy\" decoding=\"async\" src=\"https:\/\/agencia.unq.edu.ar\/wp-content\/uploads\/2026\/04\/Pulpo-gigante-principal.jpg\" width=\"1040\" height=\"420\" alt=\"Los pulpos gigantes del Cret\u00e1cico eran cazadores y ten\u00edan la capacidad de romper esqueletos y caparazones (imagen: muyinteresante.okdiario.com)\">\n\t\t\t\t\t\t<\/a>\n\t\t\t\t\t<\/div>\n\t\t\t\t<\/div>\n\t\t\t\t\t\t\t\t<div class=\"sp-pcp-post-details\">\n\t\t\t\t\t<div class=\"sp-pcp-post-details-content\">\n\t\t\t\t\t\t\t\t<h4 class=\"sp-pcp-title\">\n\t\t\t\t\t\t\t\t\t<a href=\"https:\/\/agencia.unq.edu.ar\/?p=35826\"  target=\"_self\">Monstruos prehist\u00f3ricos: \u00bfc\u00f3mo era el pulpo gigante que habit\u00f3 los oc\u00e9anos hace cien millones de a\u00f1os?<\/a>\t\t\t\t\t\t\t<\/h4>\n\t\t\t\t\t\t\t\t\t<\/div>\n\t\t\t\t<\/div>\n\t\t\t<\/div>\n\t\t<\/div>\n\t\t\t\t<div class=\" swiper-slide swiper-lazy\">\n\t\t\t<div class=\"sp-pcp-post default pcp-item-35742\" data-id=\"35742\">\n\t\t\t\t\t\t\t\t<div class=\"pcp-post-thumb-wrapper\">\n\t\t\t\t\t<div class=\"sp-pcp-post-thumb-area\">\n\t\t\t\t\t\t\t\t\t\t\t\t<a class=\"sp-pcp-thumb\" href=\"https:\/\/agencia.unq.edu.ar\/?p=35742\" target=\"_self\" >\n\t\t\t\t\t\t\t\t\t\t\t\t\t<img loading=\"lazy\" decoding=\"async\" src=\"https:\/\/agencia.unq.edu.ar\/wp-content\/uploads\/2026\/04\/2026-04-21-estudiantes-inteligencia-artificial.jpg\" width=\"504\" height=\"204\" alt=\"Cr\u00e9ditos: Infobae\">\n\t\t\t\t\t\t<\/a>\n\t\t\t\t\t<\/div>\n\t\t\t\t<\/div>\n\t\t\t\t\t\t\t\t<div class=\"sp-pcp-post-details\">\n\t\t\t\t\t<div class=\"sp-pcp-post-details-content\">\n\t\t\t\t\t\t\t\t<h4 class=\"sp-pcp-title\">\n\t\t\t\t\t\t\t\t\t<a href=\"https:\/\/agencia.unq.edu.ar\/?p=35742\"  target=\"_self\">Los estudiantes usan IA sin dimensionar su impacto cognitivo y creen que saben m\u00e1s que sus profesores<\/a>\t\t\t\t\t\t\t<\/h4>\n\t\t\t\t\t\t\t\t\t<\/div>\n\t\t\t\t<\/div>\n\t\t\t<\/div>\n\t\t<\/div>\n\t\t\t\t<div class=\" swiper-slide swiper-lazy\">\n\t\t\t<div class=\"sp-pcp-post default pcp-item-35716\" data-id=\"35716\">\n\t\t\t\t\t\t\t\t<div class=\"pcp-post-thumb-wrapper\">\n\t\t\t\t\t<div class=\"sp-pcp-post-thumb-area\">\n\t\t\t\t\t\t\t\t\t\t\t\t<a class=\"sp-pcp-thumb\" href=\"https:\/\/agencia.unq.edu.ar\/?p=35716\" target=\"_self\" >\n\t\t\t\t\t\t\t\t\t\t\t\t\t<img loading=\"lazy\" decoding=\"async\" src=\"https:\/\/agencia.unq.edu.ar\/wp-content\/uploads\/2026\/04\/Cancer-de-pancreas.jpg\" width=\"1040\" height=\"420\" alt=\"El c\u00e1ncer de p\u00e1ncreas es un tumor agresivo y a menudo asintom\u00e1tico en etapas tempranas, lo que dificulta su detecci\u00f3n precoz y conlleva una alta mortalidad. Cr\u00e9ditos: La voz de Galicia.\">\n\t\t\t\t\t\t<\/a>\n\t\t\t\t\t<\/div>\n\t\t\t\t<\/div>\n\t\t\t\t\t\t\t\t<div class=\"sp-pcp-post-details\">\n\t\t\t\t\t<div class=\"sp-pcp-post-details-content\">\n\t\t\t\t\t\t\t\t<h4 class=\"sp-pcp-title\">\n\t\t\t\t\t\t\t\t\t<a href=\"https:\/\/agencia.unq.edu.ar\/?p=35716\"  target=\"_self\">Avanza un nuevo tratamiento contra el c\u00e1ncer de p\u00e1ncreas metast\u00e1sico<\/a>\t\t\t\t\t\t\t<\/h4>\n\t\t\t\t\t\t\t\t\t<\/div>\n\t\t\t\t<\/div>\n\t\t\t<\/div>\n\t\t<\/div>\n\t\t\t\t<div class=\" swiper-slide swiper-lazy\">\n\t\t\t<div class=\"sp-pcp-post default pcp-item-35487\" data-id=\"35487\">\n\t\t\t\t\t\t\t\t<div class=\"pcp-post-thumb-wrapper\">\n\t\t\t\t\t<div class=\"sp-pcp-post-thumb-area\">\n\t\t\t\t\t\t\t\t\t\t\t\t<a class=\"sp-pcp-thumb\" href=\"https:\/\/agencia.unq.edu.ar\/?p=35487\" target=\"_self\" >\n\t\t\t\t\t\t\t\t\t\t\t\t\t<img loading=\"lazy\" decoding=\"async\" src=\"https:\/\/agencia.unq.edu.ar\/wp-content\/uploads\/2026\/04\/boca-river-en-familia.jpg\" width=\"1040\" height=\"420\" alt=\"\u00a0F\u00fatbol y cerebro: el v\u00ednculo que explica la pasi\u00f3n argentina. Cr\u00e9ditos: Midjourney.\">\n\t\t\t\t\t\t<\/a>\n\t\t\t\t\t<\/div>\n\t\t\t\t<\/div>\n\t\t\t\t\t\t\t\t<div class=\"sp-pcp-post-details\">\n\t\t\t\t\t<div class=\"sp-pcp-post-details-content\">\n\t\t\t\t\t\t\t\t<h4 class=\"sp-pcp-title\">\n\t\t\t\t\t\t\t\t\t<a href=\"https:\/\/agencia.unq.edu.ar\/?p=35487\"  target=\"_self\">River vs. Boca: \u00bfPor qu\u00e9 el partido tambi\u00e9n ocurre en el cerebro?<\/a>\t\t\t\t\t\t\t<\/h4>\n\t\t\t\t\t\t\t\t\t<\/div>\n\t\t\t\t<\/div>\n\t\t\t<\/div>\n\t\t<\/div>\n\t\t\t\t<div class=\" swiper-slide swiper-lazy\">\n\t\t\t<div class=\"sp-pcp-post default pcp-item-35436\" data-id=\"35436\">\n\t\t\t\t\t\t\t\t<div class=\"pcp-post-thumb-wrapper\">\n\t\t\t\t\t<div class=\"sp-pcp-post-thumb-area\">\n\t\t\t\t\t\t\t\t\t\t\t\t<a class=\"sp-pcp-thumb\" href=\"https:\/\/agencia.unq.edu.ar\/?p=35436\" target=\"_self\" >\n\t\t\t\t\t\t\t\t\t\t\t\t\t<img loading=\"lazy\" decoding=\"async\" src=\"https:\/\/agencia.unq.edu.ar\/wp-content\/uploads\/2026\/04\/Semaglutide-Tirzepatride-principal.jpg\" width=\"1040\" height=\"420\" alt=\"Tirzepatida y Semaglutida emergen como tratamientos prometedores para producir una p\u00e9rdida de peso sostenida en el tiempo (imagen: ivleaguehydrate.com)\">\n\t\t\t\t\t\t<\/a>\n\t\t\t\t\t<\/div>\n\t\t\t\t<\/div>\n\t\t\t\t\t\t\t\t<div class=\"sp-pcp-post-details\">\n\t\t\t\t\t<div class=\"sp-pcp-post-details-content\">\n\t\t\t\t\t\t\t\t<h4 class=\"sp-pcp-title\">\n\t\t\t\t\t\t\t\t\t<a href=\"https:\/\/agencia.unq.edu.ar\/?p=35436\"  target=\"_self\">Cient\u00edficos descubren que los genes pueden ser determinantes en el \u00e9xito de tratamientos contra la obesidad<\/a>\t\t\t\t\t\t\t<\/h4>\n\t\t\t\t\t\t\t\t\t<\/div>\n\t\t\t\t<\/div>\n\t\t\t<\/div>\n\t\t<\/div>\n\t\t\t\t<div class=\" swiper-slide swiper-lazy\">\n\t\t\t<div class=\"sp-pcp-post default pcp-item-35409\" data-id=\"35409\">\n\t\t\t\t\t\t\t\t<div class=\"pcp-post-thumb-wrapper\">\n\t\t\t\t\t<div class=\"sp-pcp-post-thumb-area\">\n\t\t\t\t\t\t\t\t\t\t\t\t<a class=\"sp-pcp-thumb\" href=\"https:\/\/agencia.unq.edu.ar\/?p=35409\" target=\"_self\" >\n\t\t\t\t\t\t\t\t\t\t\t\t\t<img loading=\"lazy\" decoding=\"async\" src=\"https:\/\/agencia.unq.edu.ar\/wp-content\/uploads\/2026\/04\/viejos-son-los-trapos.jpg\" width=\"1040\" height=\"420\" alt=\"Gracias a los avances de la ciencia y la inversi\u00f3n millonaria, la vejez saludable y extendida es cada vez m\u00e1s real (imagen: noticiastrabajo.huffingtonpost.es)\">\n\t\t\t\t\t\t<\/a>\n\t\t\t\t\t<\/div>\n\t\t\t\t<\/div>\n\t\t\t\t\t\t\t\t<div class=\"sp-pcp-post-details\">\n\t\t\t\t\t<div class=\"sp-pcp-post-details-content\">\n\t\t\t\t\t\t\t\t<h4 class=\"sp-pcp-title\">\n\t\t\t\t\t\t\t\t\t<a href=\"https:\/\/agencia.unq.edu.ar\/?p=35409\"  target=\"_self\">Cient\u00edficos estudian c\u00f3mo retroceder el reloj biol\u00f3gico para frenar el envejecimiento<\/a>\t\t\t\t\t\t\t<\/h4>\n\t\t\t\t\t\t\t\t\t<\/div>\n\t\t\t\t<\/div>\n\t\t\t<\/div>\n\t\t<\/div>\n\t\t\t\t<div class=\" swiper-slide swiper-lazy\">\n\t\t\t<div class=\"sp-pcp-post default pcp-item-35354\" data-id=\"35354\">\n\t\t\t\t\t\t\t\t<div class=\"pcp-post-thumb-wrapper\">\n\t\t\t\t\t<div class=\"sp-pcp-post-thumb-area\">\n\t\t\t\t\t\t\t\t\t\t\t\t<a class=\"sp-pcp-thumb\" href=\"https:\/\/agencia.unq.edu.ar\/?p=35354\" target=\"_self\" >\n\t\t\t\t\t\t\t\t\t\t\t\t\t<img loading=\"lazy\" decoding=\"async\" src=\"https:\/\/agencia.unq.edu.ar\/wp-content\/uploads\/2026\/04\/artemis-nasa.jpg\" width=\"1040\" height=\"420\" alt=\"Detr\u00e1s de la postal espacial aparece la vida real: horarios estrictos, higiene austera, dolor posible y un cuerpo que no negocia sus necesidades. Cr\u00e9ditos: Nasa.\">\n\t\t\t\t\t\t<\/a>\n\t\t\t\t\t<\/div>\n\t\t\t\t<\/div>\n\t\t\t\t\t\t\t\t<div class=\"sp-pcp-post-details\">\n\t\t\t\t\t<div class=\"sp-pcp-post-details-content\">\n\t\t\t\t\t\t\t\t<h4 class=\"sp-pcp-title\">\n\t\t\t\t\t\t\t\t\t<a href=\"https:\/\/agencia.unq.edu.ar\/?p=35354\"  target=\"_self\">Artemis II: volver a la Luna tambi\u00e9n significa aprender a vivir en una c\u00e1psula<\/a>\t\t\t\t\t\t\t<\/h4>\n\t\t\t\t\t\t\t\t\t<\/div>\n\t\t\t\t<\/div>\n\t\t\t<\/div>\n\t\t<\/div>\n\t\t\t\t<div class=\" swiper-slide swiper-lazy\">\n\t\t\t<div class=\"sp-pcp-post default pcp-item-35171\" data-id=\"35171\">\n\t\t\t\t\t\t\t\t<div class=\"pcp-post-thumb-wrapper\">\n\t\t\t\t\t<div class=\"sp-pcp-post-thumb-area\">\n\t\t\t\t\t\t\t\t\t\t\t\t<a class=\"sp-pcp-thumb\" href=\"https:\/\/agencia.unq.edu.ar\/?p=35171\" target=\"_self\" >\n\t\t\t\t\t\t\t\t\t\t\t\t\t<img loading=\"lazy\" decoding=\"async\" src=\"https:\/\/agencia.unq.edu.ar\/wp-content\/uploads\/2026\/03\/humor-y-ciencia.jpg\" width=\"1040\" height=\"420\" alt=\"Quienes se atreven al humor en una conferencia cient\u00edfica no son muchos y, en su mayor\u00eda, son hombres (imagen: iviglobaleducation.com)\">\n\t\t\t\t\t\t<\/a>\n\t\t\t\t\t<\/div>\n\t\t\t\t<\/div>\n\t\t\t\t\t\t\t\t<div class=\"sp-pcp-post-details\">\n\t\t\t\t\t<div class=\"sp-pcp-post-details-content\">\n\t\t\t\t\t\t\t\t<h4 class=\"sp-pcp-title\">\n\t\t\t\t\t\t\t\t\t<a href=\"https:\/\/agencia.unq.edu.ar\/?p=35171\"  target=\"_self\">Los cient\u00edficos tambi\u00e9n quieren divertirse, aunque el chiste no siempre garpa<\/a>\t\t\t\t\t\t\t<\/h4>\n\t\t\t\t\t\t\t\t\t<\/div>\n\t\t\t\t<\/div>\n\t\t\t<\/div>\n\t\t<\/div>\n\t\t\t\t<div class=\" swiper-slide swiper-lazy\">\n\t\t\t<div class=\"sp-pcp-post default pcp-item-15924\" data-id=\"15924\">\n\t\t\t\t\t\t\t\t<div class=\"pcp-post-thumb-wrapper\">\n\t\t\t\t\t<div class=\"sp-pcp-post-thumb-area\">\n\t\t\t\t\t\t\t\t\t\t\t\t<a class=\"sp-pcp-thumb\" href=\"https:\/\/agencia.unq.edu.ar\/?p=15924\" target=\"_self\" >\n\t\t\t\t\t\t\t\t\t\t\t\t\t<img loading=\"lazy\" decoding=\"async\" src=\"https:\/\/agencia.unq.edu.ar\/wp-content\/uploads\/2023\/12\/antropologia-forense-1.jpg\" width=\"504\" height=\"204\" alt=\"El trabajo del EAAF inspira a seguir luchando por los derechos humanos y a apoyar a organizaciones que buscan un mundo m\u00e1s justo y equitativo\">\n\t\t\t\t\t\t<\/a>\n\t\t\t\t\t<\/div>\n\t\t\t\t<\/div>\n\t\t\t\t\t\t\t\t<div class=\"sp-pcp-post-details\">\n\t\t\t\t\t<div class=\"sp-pcp-post-details-content\">\n\t\t\t\t\t\t\t\t<h4 class=\"sp-pcp-title\">\n\t\t\t\t\t\t\t\t\t<a href=\"https:\/\/agencia.unq.edu.ar\/?p=15924\"  target=\"_self\">El poder de la ciencia en la restituci\u00f3n de identidades<\/a>\t\t\t\t\t\t\t<\/h4>\n\t\t\t\t\t\t\t\t\t<\/div>\n\t\t\t\t<\/div>\n\t\t\t<\/div>\n\t\t<\/div>\n\t\t\t\t<div class=\" swiper-slide swiper-lazy\">\n\t\t\t<div class=\"sp-pcp-post default pcp-item-34985\" data-id=\"34985\">\n\t\t\t\t\t\t\t\t<div class=\"pcp-post-thumb-wrapper\">\n\t\t\t\t\t<div class=\"sp-pcp-post-thumb-area\">\n\t\t\t\t\t\t\t\t\t\t\t\t<a class=\"sp-pcp-thumb\" href=\"https:\/\/agencia.unq.edu.ar\/?p=34985\" target=\"_self\" >\n\t\t\t\t\t\t\t\t\t\t\t\t\t<img loading=\"lazy\" decoding=\"async\" src=\"https:\/\/agencia.unq.edu.ar\/wp-content\/uploads\/2026\/03\/Mary-Claire-King-Principal-Final.jpg\" width=\"1040\" height=\"420\" alt=\"Mary-Claire King, le genetista que trabaj\u00f3 junto a Abuelas de Plaza de Mayo (imagen: mujeresconciencia.com)\">\n\t\t\t\t\t\t<\/a>\n\t\t\t\t\t<\/div>\n\t\t\t\t<\/div>\n\t\t\t\t\t\t\t\t<div class=\"sp-pcp-post-details\">\n\t\t\t\t\t<div class=\"sp-pcp-post-details-content\">\n\t\t\t\t\t\t\t\t<h4 class=\"sp-pcp-title\">\n\t\t\t\t\t\t\t\t\t<a href=\"https:\/\/agencia.unq.edu.ar\/?p=34985\"  target=\"_self\">El legado de Mary-Claire King y el \u00edndice de abuelidad<\/a>\t\t\t\t\t\t\t<\/h4>\n\t\t\t\t\t\t\t\t\t<\/div>\n\t\t\t\t<\/div>\n\t\t\t<\/div>\n\t\t<\/div>\n\t\t\t\t<div class=\" swiper-slide swiper-lazy\">\n\t\t\t<div class=\"sp-pcp-post default pcp-item-2374\" data-id=\"2374\">\n\t\t\t\t\t\t\t\t<div class=\"pcp-post-thumb-wrapper\">\n\t\t\t\t\t<div class=\"sp-pcp-post-thumb-area\">\n\t\t\t\t\t\t\t\t\t\t\t\t<a class=\"sp-pcp-thumb\" href=\"https:\/\/agencia.unq.edu.ar\/?p=2374\" target=\"_self\" >\n\t\t\t\t\t\t\t\t\t\t\t\t\t<img loading=\"lazy\" decoding=\"async\" src=\"https:\/\/agencia.unq.edu.ar\/wp-content\/uploads\/2022\/03\/destacada_nadia16.03.jpg\" width=\"1040\" height=\"420\" alt=\"Las Abuelas junto a la genetista Mary-Claire King.\">\n\t\t\t\t\t\t<\/a>\n\t\t\t\t\t<\/div>\n\t\t\t\t<\/div>\n\t\t\t\t\t\t\t\t<div class=\"sp-pcp-post-details\">\n\t\t\t\t\t<div class=\"sp-pcp-post-details-content\">\n\t\t\t\t\t\t\t\t<h4 class=\"sp-pcp-title\">\n\t\t\t\t\t\t\t\t\t<a href=\"https:\/\/agencia.unq.edu.ar\/?p=2374\"  target=\"_self\">Gen\u00e9tica forense: la receta amorosa de las Abuelas<\/a>\t\t\t\t\t\t\t<\/h4>\n\t\t\t\t\t\t\t\t\t<\/div>\n\t\t\t\t<\/div>\n\t\t\t<\/div>\n\t\t<\/div>\n\t\t\t\t<div class=\" swiper-slide swiper-lazy\">\n\t\t\t<div class=\"sp-pcp-post default pcp-item-34872\" data-id=\"34872\">\n\t\t\t\t\t\t\t\t<div class=\"pcp-post-thumb-wrapper\">\n\t\t\t\t\t<div class=\"sp-pcp-post-thumb-area\">\n\t\t\t\t\t\t\t\t\t\t\t\t<a class=\"sp-pcp-thumb\" href=\"https:\/\/agencia.unq.edu.ar\/?p=34872\" target=\"_self\" >\n\t\t\t\t\t\t\t\t\t\t\t\t\t<img loading=\"lazy\" decoding=\"async\" src=\"https:\/\/agencia.unq.edu.ar\/wp-content\/uploads\/2026\/03\/canto-al-bebe-pexels.jpg\" width=\"1040\" height=\"420\" alt=\"Canci\u00f3n de cuna: el gesto cotidiano que impacta en reci\u00e9n nacidos. Cr\u00e9dito: Pexels.\">\n\t\t\t\t\t\t<\/a>\n\t\t\t\t\t<\/div>\n\t\t\t\t<\/div>\n\t\t\t\t\t\t\t\t<div class=\"sp-pcp-post-details\">\n\t\t\t\t\t<div class=\"sp-pcp-post-details-content\">\n\t\t\t\t\t\t\t\t<h4 class=\"sp-pcp-title\">\n\t\t\t\t\t\t\t\t\t<a href=\"https:\/\/agencia.unq.edu.ar\/?p=34872\"  target=\"_self\">La ciencia confirma que cantar a los beb\u00e9s les mejora el humor<\/a>\t\t\t\t\t\t\t<\/h4>\n\t\t\t\t\t\t\t\t\t<\/div>\n\t\t\t\t<\/div>\n\t\t\t<\/div>\n\t\t<\/div>\n\t\t\t\t<div class=\" swiper-slide swiper-lazy\">\n\t\t\t<div class=\"sp-pcp-post default pcp-item-34795\" data-id=\"34795\">\n\t\t\t\t\t\t\t\t<div class=\"pcp-post-thumb-wrapper\">\n\t\t\t\t\t<div class=\"sp-pcp-post-thumb-area\">\n\t\t\t\t\t\t\t\t\t\t\t\t<a class=\"sp-pcp-thumb\" href=\"https:\/\/agencia.unq.edu.ar\/?p=34795\" target=\"_self\" >\n\t\t\t\t\t\t\t\t\t\t\t\t\t<img loading=\"lazy\" decoding=\"async\" src=\"https:\/\/agencia.unq.edu.ar\/wp-content\/uploads\/2026\/03\/Jorge-Gonzalez-Premio-Leloir.jpg\" width=\"1040\" height=\"420\" alt=\"Jorge Gonz\u00e1lez junto a funcionarios de la Embajada Argentina en M\u00e9xico. Cr\u00e9ditos: Embajada Argentina en M\u00e9xico.\">\n\t\t\t\t\t\t<\/a>\n\t\t\t\t\t<\/div>\n\t\t\t\t<\/div>\n\t\t\t\t\t\t\t\t<div class=\"sp-pcp-post-details\">\n\t\t\t\t\t<div class=\"sp-pcp-post-details-content\">\n\t\t\t\t\t\t\t\t<h4 class=\"sp-pcp-title\">\n\t\t\t\t\t\t\t\t\t<a href=\"https:\/\/agencia.unq.edu.ar\/?p=34795\"  target=\"_self\">Por iniciativa de la UNQ, un cient\u00edfico mexicano fue reconocido con el Premio Leloir<\/a>\t\t\t\t\t\t\t<\/h4>\n\t\t\t\t\t\t\t\t\t<\/div>\n\t\t\t\t<\/div>\n\t\t\t<\/div>\n\t\t<\/div>\n\t\t\t\t<div class=\" swiper-slide swiper-lazy\">\n\t\t\t<div class=\"sp-pcp-post default pcp-item-34674\" data-id=\"34674\">\n\t\t\t\t\t\t\t\t<div class=\"pcp-post-thumb-wrapper\">\n\t\t\t\t\t<div class=\"sp-pcp-post-thumb-area\">\n\t\t\t\t\t\t\t\t\t\t\t\t<a class=\"sp-pcp-thumb\" href=\"https:\/\/agencia.unq.edu.ar\/?p=34674\" target=\"_self\" >\n\t\t\t\t\t\t\t\t\t\t\t\t\t<img loading=\"lazy\" decoding=\"async\" src=\"https:\/\/agencia.unq.edu.ar\/wp-content\/uploads\/2026\/03\/Tanyka-amnicola-d.jpg\" width=\"1040\" height=\"420\" alt=\"As\u00ed lucir\u00eda Tanyca amnicola de acuerdo a los f\u00f3siles hallados (imagen: muyinteresante.okdiario.com)\">\n\t\t\t\t\t\t<\/a>\n\t\t\t\t\t<\/div>\n\t\t\t\t<\/div>\n\t\t\t\t\t\t\t\t<div class=\"sp-pcp-post-details\">\n\t\t\t\t\t<div class=\"sp-pcp-post-details-content\">\n\t\t\t\t\t\t\t\t<h4 class=\"sp-pcp-title\">\n\t\t\t\t\t\t\t\t\t<a href=\"https:\/\/agencia.unq.edu.ar\/?p=34674\"  target=\"_self\">Una cient\u00edfica argentina particip\u00f3 del descubrimiento de una especie que habit\u00f3 el planeta hace 280 millones de a\u00f1os<\/a>\t\t\t\t\t\t\t<\/h4>\n\t\t\t\t\t\t\t\t\t<\/div>\n\t\t\t\t<\/div>\n\t\t\t<\/div>\n\t\t<\/div>\n\t\t\t\t<div class=\" swiper-slide swiper-lazy\">\n\t\t\t<div class=\"sp-pcp-post default pcp-item-34607\" data-id=\"34607\">\n\t\t\t\t\t\t\t\t<div class=\"pcp-post-thumb-wrapper\">\n\t\t\t\t\t<div class=\"sp-pcp-post-thumb-area\">\n\t\t\t\t\t\t\t\t\t\t\t\t<a class=\"sp-pcp-thumb\" href=\"https:\/\/agencia.unq.edu.ar\/?p=34607\" target=\"_self\" >\n\t\t\t\t\t\t\t\t\t\t\t\t\t<img loading=\"lazy\" decoding=\"async\" src=\"https:\/\/agencia.unq.edu.ar\/wp-content\/uploads\/2026\/03\/2026-03-09-PSB-UAA-Analisis-de-gluten.jpg\" width=\"504\" height=\"204\" alt=\"Valeria Segatori, Gustavo Bada, Lorena Caligiuri, Norailys Lorenzo, Vanesa Ludemann, Alfonsina Moavro, Antonella Vera y Carla Capobianco, integrantes de la UAA. Cr\u00e9ditos PSB UNQ.\">\n\t\t\t\t\t\t<\/a>\n\t\t\t\t\t<\/div>\n\t\t\t\t<\/div>\n\t\t\t\t\t\t\t\t<div class=\"sp-pcp-post-details\">\n\t\t\t\t\t<div class=\"sp-pcp-post-details-content\">\n\t\t\t\t\t\t\t\t<h4 class=\"sp-pcp-title\">\n\t\t\t\t\t\t\t\t\t<a href=\"https:\/\/agencia.unq.edu.ar\/?p=34607\"  target=\"_self\">El laboratorio de la UNQ que certifica alimentos libres de gluten duplic\u00f3 la cantidad de muestras analizadas en 2025<\/a>\t\t\t\t\t\t\t<\/h4>\n\t\t\t\t\t\t\t\t\t<\/div>\n\t\t\t\t<\/div>\n\t\t\t<\/div>\n\t\t<\/div>\n\t\t\t\t<div class=\" swiper-slide swiper-lazy\">\n\t\t\t<div class=\"sp-pcp-post default pcp-item-34477\" data-id=\"34477\">\n\t\t\t\t\t\t\t\t<div class=\"pcp-post-thumb-wrapper\">\n\t\t\t\t\t<div class=\"sp-pcp-post-thumb-area\">\n\t\t\t\t\t\t\t\t\t\t\t\t<a class=\"sp-pcp-thumb\" href=\"https:\/\/agencia.unq.edu.ar\/?p=34477\" target=\"_self\" >\n\t\t\t\t\t\t\t\t\t\t\t\t\t<img loading=\"lazy\" decoding=\"async\" src=\"https:\/\/agencia.unq.edu.ar\/wp-content\/uploads\/2026\/03\/bioproyectos-1.jpg\" width=\"1040\" height=\"420\" alt=\"Bioproyectos combina gesti\u00f3n, planificaci\u00f3n e impacto para potenciar desarrollos cient\u00edficos. Cr\u00e9ditos: IA.\">\n\t\t\t\t\t\t<\/a>\n\t\t\t\t\t<\/div>\n\t\t\t\t<\/div>\n\t\t\t\t\t\t\t\t<div class=\"sp-pcp-post-details\">\n\t\t\t\t\t<div class=\"sp-pcp-post-details-content\">\n\t\t\t\t\t\t\t\t<h4 class=\"sp-pcp-title\">\n\t\t\t\t\t\t\t\t\t<a href=\"https:\/\/agencia.unq.edu.ar\/?p=34477\"  target=\"_self\">Del laboratorio al mundo real: un libro para que la biotecnolog\u00eda no quede atrapada en el paper<\/a>\t\t\t\t\t\t\t<\/h4>\n\t\t\t\t\t\t\t\t\t<\/div>\n\t\t\t\t<\/div>\n\t\t\t<\/div>\n\t\t<\/div>\n\t\t\t\t\t<\/div>\n\t\t\t\t\t\t<div class=\"pcp-pagination swiper-pagination dots\"><\/div>\n\t\t\t\t\t\t\t\t\t\t<div class=\"pcp-button-next swiper-button-next top_right\"><i class=\"fa fa-angle-right\"><\/i><\/div>\n\t\t\t\t<div class=\"pcp-button-prev swiper-button-prev top_right\"><i class=\"fa fa-angle-left\"><\/i><\/div>\t<\/div>\n<\/div>\n\n\n\n\n<hr class=\"wp-block-separator has-text-color has-css-opacity has-background is-style-wide\" style=\"background-color:#fea50e;color:#fea50e\"\/>\n","protected":false},"excerpt":{"rendered":"<p>Algunas de las propuestas del proyecto son mejorar los sistemas de climatizaci\u00f3n y ventilaci\u00f3n, utilizar fuentes de energ\u00eda renovable y adoptar tecnolog\u00edas inteligentes.<\/p>\n","protected":false},"author":7,"featured_media":14156,"comment_status":"open","ping_status":"closed","sticky":false,"template":"","format":"standard","meta":{"_uag_custom_page_level_css":"","_monsterinsights_skip_tracking":false,"_monsterinsights_sitenote_active":false,"_monsterinsights_sitenote_note":"","_monsterinsights_sitenote_category":0,"site-sidebar-layout":"default","site-content-layout":"","ast-site-content-layout":"default","site-content-style":"default","site-sidebar-style":"default","ast-global-header-display":"","ast-banner-title-visibility":"","ast-main-header-display":"","ast-hfb-above-header-display":"","ast-hfb-below-header-display":"","ast-hfb-mobile-header-display":"","site-post-title":"","ast-breadcrumbs-content":"","ast-featured-img":"","footer-sml-layout":"","ast-disable-related-posts":"","theme-transparent-header-meta":"","adv-header-id-meta":"","stick-header-meta":"","header-above-stick-meta":"","header-main-stick-meta":"","header-below-stick-meta":"","astra-migrate-meta-layouts":"default","ast-page-background-enabled":"default","ast-page-background-meta":{"desktop":{"background-color":"var(--ast-global-color-4)","background-image":"","background-repeat":"repeat","background-position":"center center","background-size":"auto","background-attachment":"scroll","background-type":"","background-media":"","overlay-type":"","overlay-color":"","overlay-opacity":"","overlay-gradient":""},"tablet":{"background-color":"","background-image":"","background-repeat":"repeat","background-position":"center center","background-size":"auto","background-attachment":"scroll","background-type":"","background-media":"","overlay-type":"","overlay-color":"","overlay-opacity":"","overlay-gradient":""},"mobile":{"background-color":"","background-image":"","background-repeat":"repeat","background-position":"center center","background-size":"auto","background-attachment":"scroll","background-type":"","background-media":"","overlay-type":"","overlay-color":"","overlay-opacity":"","overlay-gradient":""}},"ast-content-background-meta":{"desktop":{"background-color":"var(--ast-global-color-5)","background-image":"","background-repeat":"repeat","background-position":"center center","background-size":"auto","background-attachment":"scroll","background-type":"","background-media":"","overlay-type":"","overlay-color":"","overlay-opacity":"","overlay-gradient":""},"tablet":{"background-color":"var(--ast-global-color-5)","background-image":"","background-repeat":"repeat","background-position":"center center","background-size":"auto","background-attachment":"scroll","background-type":"","background-media":"","overlay-type":"","overlay-color":"","overlay-opacity":"","overlay-gradient":""},"mobile":{"background-color":"var(--ast-global-color-5)","background-image":"","background-repeat":"repeat","background-position":"center center","background-size":"auto","background-attachment":"scroll","background-type":"","background-media":"","overlay-type":"","overlay-color":"","overlay-opacity":"","overlay-gradient":""}},"footnotes":""},"categories":[8,16],"tags":[538,686],"class_list":["post-14155","post","type-post","status-publish","format-standard","has-post-thumbnail","hentry","category-ciencias","category-noticia-destacada","tag-energias-renovables","tag-universidad-nacional-arturo-jaurteche"],"aioseo_notices":[],"uagb_featured_image_src":{"full":["https:\/\/agencia.unq.edu.ar\/wp-content\/uploads\/2023\/08\/Paneles-solares-transicion-energetica.jpg",1040,420,false],"thumbnail":["https:\/\/agencia.unq.edu.ar\/wp-content\/uploads\/2023\/08\/Paneles-solares-transicion-energetica.jpg",150,61,false],"medium":["https:\/\/agencia.unq.edu.ar\/wp-content\/uploads\/2023\/08\/Paneles-solares-transicion-energetica.jpg",960,388,false],"medium_large":["https:\/\/agencia.unq.edu.ar\/wp-content\/uploads\/2023\/08\/Paneles-solares-transicion-energetica.jpg",768,310,false],"large":["https:\/\/agencia.unq.edu.ar\/wp-content\/uploads\/2023\/08\/Paneles-solares-transicion-energetica.jpg",1040,420,false],"1536x1536":["https:\/\/agencia.unq.edu.ar\/wp-content\/uploads\/2023\/08\/Paneles-solares-transicion-energetica.jpg",1040,420,false],"2048x2048":["https:\/\/agencia.unq.edu.ar\/wp-content\/uploads\/2023\/08\/Paneles-solares-transicion-energetica.jpg",1040,420,false]},"uagb_author_info":{"display_name":"Mar\u00eda Ximena Perez","author_link":"https:\/\/agencia.unq.edu.ar\/?author=7"},"uagb_comment_info":0,"uagb_excerpt":"Algunas de las propuestas del proyecto son mejorar los sistemas de climatizaci\u00f3n y ventilaci\u00f3n, utilizar fuentes de energ\u00eda renovable y adoptar tecnolog\u00edas inteligentes.","blog_post_layout_featured_media_urls":{"thumbnail":["https:\/\/agencia.unq.edu.ar\/wp-content\/uploads\/2023\/08\/Paneles-solares-transicion-energetica.jpg",150,61,false],"full":["https:\/\/agencia.unq.edu.ar\/wp-content\/uploads\/2023\/08\/Paneles-solares-transicion-energetica.jpg",1040,420,false]},"categories_names":{"8":{"name":"Ciencias","link":"https:\/\/agencia.unq.edu.ar\/?cat=8"},"16":{"name":"Noticia destacada","link":"https:\/\/agencia.unq.edu.ar\/?cat=16"}},"tags_names":{"538":{"name":"Energ\u00edas renovables","link":"https:\/\/agencia.unq.edu.ar\/?tag=energias-renovables"},"686":{"name":"Universidad Nacional Arturo Jaurteche","link":"https:\/\/agencia.unq.edu.ar\/?tag=universidad-nacional-arturo-jaurteche"}},"comments_number":"0","_links":{"self":[{"href":"https:\/\/agencia.unq.edu.ar\/index.php?rest_route=\/wp\/v2\/posts\/14155","targetHints":{"allow":["GET"]}}],"collection":[{"href":"https:\/\/agencia.unq.edu.ar\/index.php?rest_route=\/wp\/v2\/posts"}],"about":[{"href":"https:\/\/agencia.unq.edu.ar\/index.php?rest_route=\/wp\/v2\/types\/post"}],"author":[{"embeddable":true,"href":"https:\/\/agencia.unq.edu.ar\/index.php?rest_route=\/wp\/v2\/users\/7"}],"replies":[{"embeddable":true,"href":"https:\/\/agencia.unq.edu.ar\/index.php?rest_route=%2Fwp%2Fv2%2Fcomments&post=14155"}],"version-history":[{"count":1,"href":"https:\/\/agencia.unq.edu.ar\/index.php?rest_route=\/wp\/v2\/posts\/14155\/revisions"}],"predecessor-version":[{"id":14157,"href":"https:\/\/agencia.unq.edu.ar\/index.php?rest_route=\/wp\/v2\/posts\/14155\/revisions\/14157"}],"wp:featuredmedia":[{"embeddable":true,"href":"https:\/\/agencia.unq.edu.ar\/index.php?rest_route=\/wp\/v2\/media\/14156"}],"wp:attachment":[{"href":"https:\/\/agencia.unq.edu.ar\/index.php?rest_route=%2Fwp%2Fv2%2Fmedia&parent=14155"}],"wp:term":[{"taxonomy":"category","embeddable":true,"href":"https:\/\/agencia.unq.edu.ar\/index.php?rest_route=%2Fwp%2Fv2%2Fcategories&post=14155"},{"taxonomy":"post_tag","embeddable":true,"href":"https:\/\/agencia.unq.edu.ar\/index.php?rest_route=%2Fwp%2Fv2%2Ftags&post=14155"}],"curies":[{"name":"wp","href":"https:\/\/api.w.org\/{rel}","templated":true}]}}