{"id":16390,"date":"2023-11-10T13:46:47","date_gmt":"2023-11-10T16:46:47","guid":{"rendered":"https:\/\/agencia.unq.edu.ar\/?p=16390"},"modified":"2023-11-21T17:14:19","modified_gmt":"2023-11-21T20:14:19","slug":"la-taylormania-en-argentina-por-que-la-llegada-de-taylor-swift-genera-una-revolucion","status":"publish","type":"post","link":"https:\/\/agencia.unq.edu.ar\/?p=16390","title":{"rendered":"La taylorman\u00eda en Argentina: \u00bfpor qu\u00e9 la llegada de Taylor Swift genera una revoluci\u00f3n?"},"content":{"rendered":"\n<p class=\"has-medium-font-size\">Es la primera vez que toca en el pa\u00eds y agot\u00f3 tres fechas en el estadio River. El v\u00ednculo con los fans y el sentimiento de identificaci\u00f3n con la artista.<\/p>\n\n\n\n<figure class=\"wp-block-image aligncenter size-full\"><img loading=\"lazy\" decoding=\"async\" width=\"1040\" height=\"420\" src=\"https:\/\/agencia.unq.edu.ar\/wp-content\/uploads\/2023\/11\/654d7cc7d6c17_1200-1.jpg\" alt=\"Taylor Swift en su primer show en Argentina. Cr\u00e9ditos: T\u00e9lam.\" class=\"wp-image-16391\"\/><figcaption class=\"wp-element-caption\">Taylor Swift en su primer show en Argentina. Cr\u00e9ditos: T\u00e9lam.<\/figcaption><\/figure>\n\n\n\n<p><strong>\u201c\u00bfD\u00f3nde estuvieron toda mi vida?\u201d, pregunt\u00f3 Taylor Swift ante el p\u00fablico argentino que la ovacionaba en su primer show en River.<\/strong>&nbsp; \u201cMe est\u00e1n haciendo sentir realmente poderosa\u201d; \u201cLa primera vez que visito Argentina y ustedes decidieron agotar tres estadios como bienvenida, probablemente sea la multitud m\u00e1s \u00e9pica que jam\u00e1s haya existido&#8221;. Definitivamente <strong>el p\u00fablico local super\u00f3 \u2013una vez m\u00e1s\u2013 las expectativas de los artistas que visitan el pa\u00eds <\/strong>y emocion\u00f3 a la cantante estadounidense de pop y country. Pero,<strong> \u00bfde d\u00f3nde sale esta revoluci\u00f3n que genera Taylor Swift? \u00bfQu\u00e9 v\u00ednculo tienen los fans con la artista m\u00e1s all\u00e1 de su m\u00fasica?&nbsp;<\/strong><\/p>\n\n\n\n<p>\u201cEl fen\u00f3meno Taylor la excede a la propia Taylor. <strong>Tiene que ver con haber formado una comunidad de seguidores y seguidoras que tienen muchas cosas en com\u00fan entre s\u00ed m\u00e1s all\u00e1 de su fanatismo por la artista<\/strong>\u201d, cuenta <strong>Paz Azc\u00e1rate<\/strong>, autora del libro \u201cAyer so\u00f1\u00e9 con Taylor\u201d, a la <a href=\"https:\/\/agencia.unq.edu.ar\/\" target=\"_blank\" rel=\"noreferrer noopener\" title=\"Agencia de Noticias Cient\u00edficas de la UNQ\">Agencia de Noticias Cient\u00edficas de la UNQ<\/a>. Y contin\u00faa: \u201cSe encuentran desde otro lugar y quieren demostrarle su amor y cari\u00f1o. Si alguien grita en el recital de manera individual, eso no le va a llegar a ella por lo que organizan acciones colectivas\u201d.<\/p>\n\n\n\n<p>Estas acciones de las que habla Azc\u00e1rate son las <strong>\u201cfan actions\u201d<\/strong>, es decir, acciones e intervenciones que piensan y realizan los fans en los conciertos de sus artistas para darles la bienvenida. <strong>En el caso de Swift, se planearon hace meses desde las distintas cuentas de fans en redes sociales. A trav\u00e9s de encuestas, se acordaron cuatro acciones espec\u00edficas para recibir a la cantante pop.<\/strong><\/p>\n\n\n\n<p>As\u00ed, luego de que Swift cant\u00f3 su canci\u00f3n \u201cChampagne Problems\u201d, el p\u00fablico se organiz\u00f3 para recrear aplausos coordinados que se hicieron en el \u00faltimo show a Madonna en Argentina, seguido del cl\u00e1sico c\u00e1ntico argentino \u201cole, ole, ole, ole, Taylor\u201d. Adem\u00e1s, <strong>despu\u00e9s de que la cantante tocara su \u00e1lbum 1989, la consigna era formar una bandera argentina con los celulares.<\/strong><\/p>\n\n\n\n<p>La cuenta oficial de fans <a href=\"https:\/\/twitter.com\/TayUpdatesARG\" target=\"_blank\" rel=\"noreferrer noopener\" title=\"@tayupdatesARG\">@tayupdatesARG<\/a> explic\u00f3 hace unas semanas: \u201cLa bandera se realizar\u00e1 con los celulares, pueden descargar apps que les ponen la pantalla del celular del color que ustedes quieran, llevar post its y colocarlos arriba del flash o tambi\u00e9n usar una foto del color que les toque seg\u00fan su sector\u201d. <strong>La organizaci\u00f3n entonces involucra la acci\u00f3n que se debe realizar en un momento exacto del recital y seg\u00fan el sector del estadio donde el p\u00fablico est\u00e9 ubicado.<\/strong><\/p>\n\n\n\n<figure class=\"wp-block-embed aligncenter is-type-rich is-provider-twitter wp-block-embed-twitter\"><div class=\"wp-block-embed__wrapper\">\n<blockquote class=\"twitter-tweet\" data-width=\"500\" data-dnt=\"true\"><p lang=\"es\" dir=\"ltr\">FAN ACTIONS TAYLOR EN ARGENTINA \ud83e\udef6\ud83c\udffb\ud83e\udea9<br><br>Con la ayuda de @\/taylorfestargentina (Instagram) y <a href=\"https:\/\/twitter.com\/TheErasTourArg?ref_src=twsrc%5Etfw\">@TheErasTourArg<\/a> hicimos una encuesta en la que ustedes votaron los F.A que vamos a realizar el 9, 10 y 11 de noviembre, y \u00e9stos fueron los m\u00e1s votados. <a href=\"https:\/\/t.co\/kjd2SYSD8n\">pic.twitter.com\/kjd2SYSD8n<\/a><\/p>&mdash; Taylor Swift Argentina (@TayUpdatesARG) <a href=\"https:\/\/twitter.com\/TayUpdatesARG\/status\/1698360571521822984?ref_src=twsrc%5Etfw\">September 3, 2023<\/a><\/blockquote><script async src=\"https:\/\/platform.twitter.com\/widgets.js\" charset=\"utf-8\"><\/script>\n<\/div><\/figure>\n\n\n\n<p>Otra de las acciones que se acordaron es que cuando Swift cante la canci\u00f3n \u201cThe Archer\u201d, <strong>el p\u00fablico levante un cartel (con un dise\u00f1o hecho previamente por el fandom) en el verso \u201cWho could stay?\u201d (\u00bfQui\u00e9n podr\u00eda quedarse?); el cartel responde a esta pregunta: \u201cWe will stay\u201d<\/strong> (Nosotros nos quedaremos). A su vez, se armaron<strong> \u201cpulseras de la amistad\u201d<\/strong> que llevan el nombre de distintas canciones de Swift o frases relacionadas para intercambiarse entre amigas, amigos y entre los distintos fans durante el concierto.<\/p>\n\n\n\n<h2 class=\"wp-block-heading\">Identificaci\u00f3n, c\u00f3digos y magia<\/h2>\n\n\n\n<p>\u201c<strong>Taylor se dedica a construir y cultivar una relaci\u00f3n de intimidad y complicidad con sus fans.<\/strong> Deja pistas en sus letras y los seguidores las descifran o interpretan,<strong> se comparte un c\u00f3digo<\/strong>. Se muestra una artista muy cercana a ellos y a ellas y no como alguien inalcanzable\u201d, detalla Azc\u00e1rate, y agrega: <strong>\u201cElla canta desde muy chica y vivi\u00f3 muchos episodios que fueron de p\u00fablico conocimiento, por eso las personas la comprenden y se identifican<\/strong>\u201d.&nbsp;<\/p>\n\n\n\n<p>Con tantas fan actions y sentimientos de amor y cari\u00f1o hacia la cantante, la <a href=\"https:\/\/agencia.unq.edu.ar\/\" target=\"_blank\" rel=\"noreferrer noopener\" title=\"Agencia de Noticias Cient\u00edficas\">Agencia de Noticias Cient\u00edficas<\/a> dialog\u00f3 con las fans <strong>Milena Morbelli <\/strong>y <strong>Camila Alaniz<\/strong> sobre qu\u00e9 es lo que las moviliza de Swift.<\/p>\n\n\n\n<p>\u201cEs nuestra artista favorita y una persona a la cual admiramos por su trabajo. Le han pasado much\u00edsimas cosas y siempre sali\u00f3 triunfante. Adem\u00e1s, su m\u00fasica es buen\u00edsima pero sobre todo sus letras.<strong> Le sale muy bien describir emociones y situaciones<\/strong>\u201d, cuenta Morbelli. Luego enfatiza: \u201cEn cada uno de sus \u00e1lbumes cuenta alguna parte de su vida y es tan grande la discograf\u00eda que tiene que <strong>siempre encontr\u00e1s alguna canci\u00f3n con la cual identificarse. Ah\u00ed reside la magia y la fiebre por ella\u201d.<\/strong><\/p>\n\n\n\n<figure class=\"wp-block-image aligncenter size-full\"><img loading=\"lazy\" decoding=\"async\" width=\"750\" height=\"500\" src=\"https:\/\/agencia.unq.edu.ar\/wp-content\/uploads\/2023\/11\/Diseno-sin-titulo-1.jpg\" alt=\"Cr\u00e9ditos: Infobae.\" class=\"wp-image-16392\"\/><figcaption class=\"wp-element-caption\">Cr\u00e9ditos: Infobae.<\/figcaption><\/figure>\n\n\n\n<p>Por su parte, Alaniz subraya: \u201cTaylor construy\u00f3 su carrera durante muchos a\u00f1os. Cada \u00e1lbum tiene un concepto, una est\u00e9tica y una narrativa. <strong>Ella no tiene hits solamente como otros artistas, sino que tiene \u00e1lbumes reconocidos<\/strong>\u201d.<\/p>\n\n\n\n<p>Y rememora: \u201c<strong>Yo aprend\u00ed a tocar la guitarra con su primer disco, fue la primera m\u00fasica que me interes\u00f3<\/strong>. Ella ten\u00eda 16 a\u00f1os y se notaba que las canciones eran escritas por una adolescente con su instrumento en su pieza. Al pasar los a\u00f1os su estilo country mut\u00f3 al pop. <strong>En ese camino, los y las fans la fuimos escuchando, acompa\u00f1ando<\/strong>, viendo sucesos de su vida que se reflejaban en canciones. <strong>Hay una fidelidad con ella por sentirnos identificados y porque ella misma alimenta esa conexi\u00f3n dej\u00e1ndonos pistas en las canciones, los libros de los discos o en los videos<\/strong>\u201d.<\/p>\n\n\n\n<h2 class=\"wp-block-heading\">Una mujer poderosa<\/h2>\n\n\n\n<p>Entre los sucesos personales y, a su vez p\u00fablicos, que vivi\u00f3 la artista y a los que hacen referencia las fans, se pueden nombrar dos ejemplos. Por un lado, <strong>en 2009 en la entrega de los Premios MTV, Swift recibi\u00f3 el galard\u00f3n a mejor video musical por su canci\u00f3n \u201cYou belong with me\u201d y el rapero y productor musical Kanye West irrumpi\u00f3 en el escenario para humillarla<\/strong> y decir que el mejor video era el de Beyonc\u00e9, que compet\u00eda en esa categor\u00eda por la canci\u00f3n Single Ladies.<\/p>\n\n\n\n<figure class=\"wp-block-embed is-type-video is-provider-youtube wp-block-embed-youtube wp-embed-aspect-16-9 wp-has-aspect-ratio\"><div class=\"wp-block-embed__wrapper\">\n<iframe loading=\"lazy\" title=\"Kanye West interrupts Taylor Swift during the VMA Awards (Miss Americana Clip)\" width=\"500\" height=\"281\" src=\"https:\/\/www.youtube.com\/embed\/G5iEniUb33w?start=45&#038;feature=oembed\" frameborder=\"0\" allow=\"accelerometer; autoplay; clipboard-write; encrypted-media; gyroscope; picture-in-picture; web-share\" referrerpolicy=\"strict-origin-when-cross-origin\" allowfullscreen><\/iframe>\n<\/div><figcaption class=\"wp-element-caption\">El rapero Kanye West interrumpe a Taylor Swift durante la entrega de los Premios MTV. Cr\u00e9ditos: Swifties de Taylor<\/figcaption><\/figure>\n\n\n\n<p>Alaniz desarrolla: \u201cDespu\u00e9s de eso, mucha gente la llam\u00f3 \u2018serpiente\u2019 y ella desaparece por un a\u00f1o. Luego, reaparece, <strong>retoma el s\u00edmbolo de la serpiente y lo hace propio al lanzar una gira con toda una iconograf\u00eda de serpientes. Es una artista m\u00e1s all\u00e1 de lo musical, sus letras son directas y cuenta su vida<\/strong>\u201d.<\/p>\n\n\n\n<p>Por otro lado, Morbelli aporta el otro ejemplo con el \u00e1lbum <strong>Red<\/strong>. \u201cElla ten\u00eda 21 cuando escribi\u00f3 el \u00e1lbum y lo lanz\u00f3 a los 22, en ese momento estaba en pareja con el actor<strong> Jake Gyllenhaal<\/strong>. <strong>La canci\u00f3n \u2018All too well\u2019 habla de la relaci\u00f3n que tuvieron ellos, \u2018The moment i knew\u2019 habla de cuando \u00e9l la dej\u00f3 plantada<\/strong> en su cumplea\u00f1os y ella se dio cuenta que la relaci\u00f3n ya no daba para m\u00e1s\u201d, cuenta.<\/p>\n\n\n\n<figure class=\"wp-block-embed is-type-video is-provider-youtube wp-block-embed-youtube wp-embed-aspect-16-9 wp-has-aspect-ratio\"><div class=\"wp-block-embed__wrapper\">\n<iframe loading=\"lazy\" title=\"Taylor Swift - All Too Well: The Short Film\" width=\"500\" height=\"281\" src=\"https:\/\/www.youtube.com\/embed\/tollGa3S0o8?feature=oembed\" frameborder=\"0\" allow=\"accelerometer; autoplay; clipboard-write; encrypted-media; gyroscope; picture-in-picture; web-share\" referrerpolicy=\"strict-origin-when-cross-origin\" allowfullscreen><\/iframe>\n<\/div><figcaption class=\"wp-element-caption\">&#8220;All too well&#8221; &#8211; Taylor Swift.<\/figcaption><\/figure>\n\n\n\n<p>Ambas fans coinciden en que todos los \u00e1lbumes retratan un momento de la vida de Taylor Swift y que los y las swifties se dedican a desglosar las canciones para comprenderlas y entender de qu\u00e9 hablan. <strong>&#8220;Hay una generaci\u00f3n a la que le cuesta un poco m\u00e1s abrirse y comunicar las emociones. Con Taylor pasa todo lo contrario y eso puede resultar muy liberador<\/strong>. Es esa conexi\u00f3n lo que une tanto al fandom con la cantante&#8221;, cierra Azc\u00e1rate.<\/p>\n\n\n\n<div style=\"height:40px\" aria-hidden=\"true\" class=\"wp-block-spacer\"><\/div>\n\n\n\n<hr class=\"wp-block-separator has-text-color has-css-opacity has-background is-style-wide\" style=\"background-color:#fea50e;color:#fea50e\"\/>\n\n\n\n<h4 class=\"wp-block-heading\" id=\"publicaciones-relacionadas\">\u00daltimas noticias de la secci\u00f3n Sociedad:<\/h4>\n\n\n<style id=\"sp_pcp_dynamic_style7310\">#pcp_wrapper-7310:not(.sps-glossary-layout) .sp-pcp-row,#pcp_wrapper-7310 .sps-glossary-items-group .sps-glossary-items-content {margin-right: -10px;margin-left: -10px;}#pcp_wrapper-7310 .sp-pcp-row [class*='sp-pcp-col-']{padding-right: 10px;padding-left: 10px; padding-bottom:20px;}.pcp-wrapper-7310 .sp-pcp-title a {color: #ac162c;display: inherit;} .pcp-wrapper-7310 .sp-pcp-title a:hover {color: #fea50e;}#pcp_wrapper-7310 .dots .swiper-pagination-bullet{ background: #ac162c; } #pcp_wrapper-7310 .dots .swiper-pagination-bullet-active { background: #fea50e; }#pcp_wrapper-7310 .pcp-button-prev,#pcp_wrapper-7310 .pcp-button-next{ background-image: none; background-size: auto; background-color: #fff; height: 33px; width: 33px; margin-top: 8px; border: 1px solid #aaa; text-align: center; line-height: 30px; -webkit-transition: 0.3s; border-radius: 3px; }#pcp_wrapper-7310 .pcp-button-prev:hover, #pcp_wrapper-7310 .pcp-button-next:hover{ background-color: #fea50e; border-color: #ac162c; } #pcp_wrapper-7310 .pcp-button-prev .fa, #pcp_wrapper-7310 .pcp-button-next .fa { color: #000000; } #pcp_wrapper-7310 .pcp-button-prev:hover .fa, #pcp_wrapper-7310 .pcp-button-next:hover .fa { color: #fff; } #pcp_wrapper-7310.pcp-carousel-wrapper .sp-pcp-post{ margin-top: 0; }#pcp_wrapper-7310 .sp-pcp-post {padding: 0 0 0 0;}#pcp_wrapper-7310.sp-slider_layout .sp-pcp-post .sp-pcp-post-details {top: 0; right:0; bottom:0; left:0;}#pcp_wrapper-7310 .sp-pcp-post {border: 0px solid #e2e2e2; border-radius: 0px }#pcp_wrapper-7310 .sp-pcp-post{background-color: transparent;}#pcp_wrapper-7310 .pcp-post-thumb-wrapper{border: 0px solid #dddddd;border-radius:0px;}.pcp-wrapper-7310 .sp-pcp-post-meta li,.pcp-wrapper-7310 .sp-pcp-post-meta ul,.pcp-wrapper-7310 .sp-pcp-post-meta li a{color: #888;}.pcp-wrapper-7310 .sp-pcp-post-meta li a:hover{color: #e1624b;}#pcp_wrapper-7310 .pcp-post-pagination .page-numbers.current, #pcp_wrapper-7310 .pcp-post-pagination a.active , #pcp_wrapper-7310 .pcp-post-pagination a:hover{ color: #ffffff; background: #e1624b; border-color: #e1624b; }#pcp_wrapper-7310 .pcp-post-pagination .page-numbers, .pcp-post-pagination a{ background: #ffffff; color:#5e5e5e; border: 2px solid #bbbbbb;border-radius: 2px; }#pcp_wrapper-7310 .pcp-post-pagination{text-align: left;}@media (min-width: 1200px) {.sp-pcp-row .sp-pcp-col-xl-1 {flex: 0 0 100%;}.sp-pcp-row .sp-pcp-col-xl-2 {flex: 1 1 calc( 50% - 20px);}.sp-pcp-row .sp-pcp-col-xl-3 {flex: 1 1 calc( 33.333% - 20px);}.sp-pcp-row .sp-pcp-col-xl-4 {flex: 1 1 calc( 25% - 20px);}.sp-pcp-row .sp-pcp-col-xl-5 { flex: 1 1 calc( 20% - 20px);}.sp-pcp-row .sp-pcp-col-xl-6 {flex: 1 1 calc( 16.66666666666667% - 20px);}.sp-pcp-row .sp-pcp-col-xl-7 {flex: 1 1 calc( 14.28571428% - 20px);}.sp-pcp-row .sp-pcp-col-xl-8 {flex: 1 1 calc( 12.5% - 20px);}}@media (max-width: 1200px) {.sp-pcp-row .sp-pcp-col-lg-1 {flex: 0 0 100%;}.sp-pcp-row .sp-pcp-col-lg-2 {flex: 1 1 calc( 50% - 20px);}.sp-pcp-row .sp-pcp-col-lg-3 {flex: 1 1 calc( 33.333% - 20px);}.sp-pcp-row .sp-pcp-col-lg-4 {flex: 1 1 calc( 25% - 20px);}.sp-pcp-row .sp-pcp-col-lg-5 { flex: 1 1 calc( 20% - 20px);}.sp-pcp-row .sp-pcp-col-lg-6 {flex: 1 1 calc( 16.66666666666667% - 20px);}.sp-pcp-row .sp-pcp-col-lg-7 {flex: 1 1 calc( 14.28571428% - 20px);}.sp-pcp-row .sp-pcp-col-lg-8 {flex: 1 1 calc( 12.5% - 20px);}}@media (max-width: 992px) {.sp-pcp-row .sp-pcp-col-md-1 {flex: 0 0 100%;}.sp-pcp-row .sp-pcp-col-md-2 {flex: 1 1 calc( 50% - 20px);}.sp-pcp-row .sp-pcp-col-md-2-5 {flex: 0 0 75%;}.sp-pcp-row .sp-pcp-col-md-3 {flex: 1 1 calc( 33.333% - 20px);}.sp-pcp-row .sp-pcp-col-md-4 {flex: 1 1 calc( 25% - 20px);}.sp-pcp-row .sp-pcp-col-md-5 { flex: 1 1 calc( 20% - 20px);}.sp-pcp-row .sp-pcp-col-md-6 {flex: 1 1 calc( 16.66666666666667% - 20px);}.sp-pcp-row .sp-pcp-col-md-7 {flex: 1 1 calc( 14.28571428% - 20px);}.sp-pcp-row .sp-pcp-col-md-8 {flex: 1 1 calc( 12.5% - 20px);}}@media (max-width: 768px) {.sp-pcp-row .sp-pcp-col-sm-1 {flex: 0 0 100%;}.sp-pcp-row .sp-pcp-col-sm-2 {flex: 1 1 calc( 50% - 20px);}.sp-pcp-row .sp-pcp-col-sm-2-5 {flex: 0 0 75%;}.sp-pcp-row .sp-pcp-col-sm-3 {flex: 1 1 calc( 33.333% - 20px);}.sp-pcp-row .sp-pcp-col-sm-4 {flex: 1 1 calc( 25% - 20px);}.sp-pcp-row .sp-pcp-col-sm-5 { flex: 1 1 calc( 20% - 20px);}.sp-pcp-row .sp-pcp-col-sm-6 {flex: 1 1 calc( 16.66666666666667% - 20px);}.sp-pcp-row .sp-pcp-col-sm-7 {flex: 1 1 calc( 14.28571428% - 20px);}.sp-pcp-row .sp-pcp-col-sm-8 {flex: 1 1 calc( 12.5% - 20px);}}@media (max-width: 420px) {.sp-pcp-row .sp-pcp-col-xs-1 {flex: 0 0 100%;}.sp-pcp-row .sp-pcp-col-xs-2 {flex: 1 1 calc( 50% - 20px);}.sp-pcp-row .sp-pcp-col-xs-3 {flex: 1 1 calc( 33.333% - 20px);}.sp-pcp-row .sp-pcp-col-xs-4 {flex: 1 1 calc( 25% - 20px);}.sp-pcp-row .sp-pcp-col-xs-5 { flex: 1 1 calc( 20% - 20px);}.sp-pcp-row .sp-pcp-col-xs-6 {flex: 1 1 calc( 16.66666666666667% - 20px);}.sp-pcp-row .sp-pcp-col-xs-7 {flex: 1 1 calc( 14.28571428% - 20px);}.sp-pcp-row .sp-pcp-col-xs-8 {flex: 1 1 calc( 12.5% - 20px);}}<\/style><!-- Markup Starts -->\n<div id=\"pcp_wrapper-7310\" class=\"sp-pcp-section sp-pcp-container pcp-wrapper-7310 pcp-carousel-wrapper standard sp-carousel_layout\" data-sid=\"7310\">\n\t<div id=\"sp-pcp-id-7310\" class=\"swiper-container sp-pcp-carousel top_right\" dir=\"ltr\" data-carousel='{ \"speed\":600, \"items\":3, \"spaceBetween\":20, \"dynamicBullets\": false, \"navigation\":true, \"pagination\": true, \"autoplay\": true, \"autoplay_speed\": 2000, \"loop\": true, \"autoHeight\": false, \"lazy\":  true, \"simulateTouch\": true, \"freeMode\": false, \"slider_mouse_wheel\": false,\"allowTouchMove\": true, \"slidesPerView\": {\"lg_desktop\": 3, \"desktop\": 3, \"tablet\": 2, \"mobile_landscape\": 1, \"mobile\": 1}, \"navigation_mobile\": true, \"pagination_mobile\": true, \"stop_onHover\": true, \"enabled\": true, \"prevSlideMessage\": \"Previous slide\", \"nextSlideMessage\": \"Next slide\", \"firstSlideMessage\": \"This is the first slide\", \"lastSlideMessage\": \"This is the last slide\", \"keyboard\": \"true\", \"paginationBulletMessage\": \"Go to slide {{index}}\" }'>\n\t\t\t<div class=\"swiper-wrapper\">\n\t\t\t\t\t\t<div class=\" swiper-slide swiper-lazy\">\n\t\t\t<div class=\"sp-pcp-post default pcp-item-35695\" data-id=\"35695\">\n\t\t\t\t\t\t\t\t<div class=\"pcp-post-thumb-wrapper\">\n\t\t\t\t\t<div class=\"sp-pcp-post-thumb-area\">\n\t\t\t\t\t\t\t\t\t\t\t\t<a class=\"sp-pcp-thumb\" href=\"https:\/\/agencia.unq.edu.ar\/?p=35695\" target=\"_self\" >\n\t\t\t\t\t\t\t\t\t\t\t\t\t<img loading=\"lazy\" decoding=\"async\" src=\"https:\/\/agencia.unq.edu.ar\/wp-content\/uploads\/2026\/04\/teletrabajo12.jpg\" width=\"1040\" height=\"420\" alt=\"El trabajo remoto empieza a mover la aguja de la natalidad. Cr\u00e9ditos: TN online.\">\n\t\t\t\t\t\t<\/a>\n\t\t\t\t\t<\/div>\n\t\t\t\t<\/div>\n\t\t\t\t\t\t\t\t<div class=\"sp-pcp-post-details\">\n\t\t\t\t\t<div class=\"sp-pcp-post-details-content\">\n\t\t\t\t\t\t\t\t<h4 class=\"sp-pcp-title\">\n\t\t\t\t\t\t\t\t\t<a href=\"https:\/\/agencia.unq.edu.ar\/?p=35695\"  target=\"_self\">Home office y beb\u00e9s: por qu\u00e9 la fecundidad sube 14 por ciento en algunas parejas<\/a>\t\t\t\t\t\t\t<\/h4>\n\t\t\t\t\t\t\t\t\t<\/div>\n\t\t\t\t<\/div>\n\t\t\t<\/div>\n\t\t<\/div>\n\t\t\t\t<div class=\" swiper-slide swiper-lazy\">\n\t\t\t<div class=\"sp-pcp-post default pcp-item-35672\" data-id=\"35672\">\n\t\t\t\t\t\t\t\t<div class=\"pcp-post-thumb-wrapper\">\n\t\t\t\t\t<div class=\"sp-pcp-post-thumb-area\">\n\t\t\t\t\t\t\t\t\t\t\t\t<a class=\"sp-pcp-thumb\" href=\"https:\/\/agencia.unq.edu.ar\/?p=35672\" target=\"_self\" >\n\t\t\t\t\t\t\t\t\t\t\t\t\t<img loading=\"lazy\" decoding=\"async\" src=\"https:\/\/agencia.unq.edu.ar\/wp-content\/uploads\/2026\/04\/Guia-amenazas-escuelas.jpg\" width=\"1040\" height=\"420\" alt=\"Una docente frente a sus estudiantes. Cr\u00e9ditos: abc.gob.ar\">\n\t\t\t\t\t\t<\/a>\n\t\t\t\t\t<\/div>\n\t\t\t\t<\/div>\n\t\t\t\t\t\t\t\t<div class=\"sp-pcp-post-details\">\n\t\t\t\t\t<div class=\"sp-pcp-post-details-content\">\n\t\t\t\t\t\t\t\t<h4 class=\"sp-pcp-title\">\n\t\t\t\t\t\t\t\t\t<a href=\"https:\/\/agencia.unq.edu.ar\/?p=35672\"  target=\"_self\">Lanzan una gu\u00eda para actuar ante las amenazas de tiroteos en las escuelas<\/a>\t\t\t\t\t\t\t<\/h4>\n\t\t\t\t\t\t\t\t\t<\/div>\n\t\t\t\t<\/div>\n\t\t\t<\/div>\n\t\t<\/div>\n\t\t\t\t<div class=\" swiper-slide swiper-lazy\">\n\t\t\t<div class=\"sp-pcp-post default pcp-item-35292\" data-id=\"35292\">\n\t\t\t\t\t\t\t\t<div class=\"pcp-post-thumb-wrapper\">\n\t\t\t\t\t<div class=\"sp-pcp-post-thumb-area\">\n\t\t\t\t\t\t\t\t\t\t\t\t<a class=\"sp-pcp-thumb\" href=\"https:\/\/agencia.unq.edu.ar\/?p=35292\" target=\"_self\" >\n\t\t\t\t\t\t\t\t\t\t\t\t\t<img loading=\"lazy\" decoding=\"async\" src=\"https:\/\/agencia.unq.edu.ar\/wp-content\/uploads\/2026\/04\/David-Foodphototasty-pescado.jpg\" width=\"1040\" height=\"420\" alt=\"Las elecciones alimentarias comunican pertenencia, valores y fronteras culturales. Cr\u00e9dito: David Foodphototasty.\">\n\t\t\t\t\t\t<\/a>\n\t\t\t\t\t<\/div>\n\t\t\t\t<\/div>\n\t\t\t\t\t\t\t\t<div class=\"sp-pcp-post-details\">\n\t\t\t\t\t<div class=\"sp-pcp-post-details-content\">\n\t\t\t\t\t\t\t\t<h4 class=\"sp-pcp-title\">\n\t\t\t\t\t\t\t\t\t<a href=\"https:\/\/agencia.unq.edu.ar\/?p=35292\"  target=\"_self\">Dietas religiosas: \u00bfqu\u00e9 revela la ciencia sobre la comida en fechas sagradas?<\/a>\t\t\t\t\t\t\t<\/h4>\n\t\t\t\t\t\t\t\t\t<\/div>\n\t\t\t\t<\/div>\n\t\t\t<\/div>\n\t\t<\/div>\n\t\t\t\t<div class=\" swiper-slide swiper-lazy\">\n\t\t\t<div class=\"sp-pcp-post default pcp-item-35298\" data-id=\"35298\">\n\t\t\t\t\t\t\t\t<div class=\"pcp-post-thumb-wrapper\">\n\t\t\t\t\t<div class=\"sp-pcp-post-thumb-area\">\n\t\t\t\t\t\t\t\t\t\t\t\t<a class=\"sp-pcp-thumb\" href=\"https:\/\/agencia.unq.edu.ar\/?p=35298\" target=\"_self\" >\n\t\t\t\t\t\t\t\t\t\t\t\t\t<img loading=\"lazy\" decoding=\"async\" src=\"https:\/\/agencia.unq.edu.ar\/wp-content\/uploads\/2026\/04\/Cementerio-de-Darwin-Malvinas.jpg\" width=\"1040\" height=\"420\" alt=\"Hasta la fecha se identificaron 121 soldados inhumados en el Cementerio de Darwin. Cr\u00e9ditos: Aviaci\u00f3n Argentina.\">\n\t\t\t\t\t\t<\/a>\n\t\t\t\t\t<\/div>\n\t\t\t\t<\/div>\n\t\t\t\t\t\t\t\t<div class=\"sp-pcp-post-details\">\n\t\t\t\t\t<div class=\"sp-pcp-post-details-content\">\n\t\t\t\t\t\t\t\t<h4 class=\"sp-pcp-title\">\n\t\t\t\t\t\t\t\t\t<a href=\"https:\/\/agencia.unq.edu.ar\/?p=35298\"  target=\"_self\">\u201cGracias a la identificaci\u00f3n de los ca\u00eddos en Malvinas, cambi\u00f3 la forma en que los familiares miraron la muerte\u201d<\/a>\t\t\t\t\t\t\t<\/h4>\n\t\t\t\t\t\t\t\t\t<\/div>\n\t\t\t\t<\/div>\n\t\t\t<\/div>\n\t\t<\/div>\n\t\t\t\t<div class=\" swiper-slide swiper-lazy\">\n\t\t\t<div class=\"sp-pcp-post default pcp-item-35201\" data-id=\"35201\">\n\t\t\t\t\t\t\t\t<div class=\"pcp-post-thumb-wrapper\">\n\t\t\t\t\t<div class=\"sp-pcp-post-thumb-area\">\n\t\t\t\t\t\t\t\t\t\t\t\t<a class=\"sp-pcp-thumb\" href=\"https:\/\/agencia.unq.edu.ar\/?p=35201\" target=\"_self\" >\n\t\t\t\t\t\t\t\t\t\t\t\t\t<img loading=\"lazy\" decoding=\"async\" src=\"https:\/\/agencia.unq.edu.ar\/wp-content\/uploads\/2026\/03\/pexels-adultos-mayores.jpg\" width=\"1040\" height=\"420\" alt=\"La evidencia indica que sensores, apps y recordatorios sirven de apoyo diario, aunque la presencia, la empat\u00eda y la vida en comunidad siguen siendo clave. Cr\u00e9ditos: Pexels.\">\n\t\t\t\t\t\t<\/a>\n\t\t\t\t\t<\/div>\n\t\t\t\t<\/div>\n\t\t\t\t\t\t\t\t<div class=\"sp-pcp-post-details\">\n\t\t\t\t\t<div class=\"sp-pcp-post-details-content\">\n\t\t\t\t\t\t\t\t<h4 class=\"sp-pcp-title\">\n\t\t\t\t\t\t\t\t\t<a href=\"https:\/\/agencia.unq.edu.ar\/?p=35201\"  target=\"_self\">\u00bfPor qu\u00e9 la IA no reemplaza a los cuidadores de adultos mayores?<\/a>\t\t\t\t\t\t\t<\/h4>\n\t\t\t\t\t\t\t\t\t<\/div>\n\t\t\t\t<\/div>\n\t\t\t<\/div>\n\t\t<\/div>\n\t\t\t\t<div class=\" swiper-slide swiper-lazy\">\n\t\t\t<div class=\"sp-pcp-post default pcp-item-35101\" data-id=\"35101\">\n\t\t\t\t\t\t\t\t<div class=\"pcp-post-thumb-wrapper\">\n\t\t\t\t\t<div class=\"sp-pcp-post-thumb-area\">\n\t\t\t\t\t\t\t\t\t\t\t\t<a class=\"sp-pcp-thumb\" href=\"https:\/\/agencia.unq.edu.ar\/?p=35101\" target=\"_self\" >\n\t\t\t\t\t\t\t\t\t\t\t\t\t<img loading=\"lazy\" decoding=\"async\" src=\"https:\/\/agencia.unq.edu.ar\/wp-content\/uploads\/2026\/03\/2026-03-26-Martin-Proscia-Manuel-Eguia-Antonio-Ortega-y-Dario-Ruiz.jpg\" width=\"504\" height=\"204\" alt=\"Mart\u00edn Proscia, Manuel Egu\u00eda, Antonio Ortega y Dar\u00edo Ruiz, integrantes del LAPSo\">\n\t\t\t\t\t\t<\/a>\n\t\t\t\t\t<\/div>\n\t\t\t\t<\/div>\n\t\t\t\t\t\t\t\t<div class=\"sp-pcp-post-details\">\n\t\t\t\t\t<div class=\"sp-pcp-post-details-content\">\n\t\t\t\t\t\t\t\t<h4 class=\"sp-pcp-title\">\n\t\t\t\t\t\t\t\t\t<a href=\"https:\/\/agencia.unq.edu.ar\/?p=35101\"  target=\"_self\">Investigadores de la UNQ desarrollaron una nueva t\u00e9cnica para crear sonidos<\/a>\t\t\t\t\t\t\t<\/h4>\n\t\t\t\t\t\t\t\t\t<\/div>\n\t\t\t\t<\/div>\n\t\t\t<\/div>\n\t\t<\/div>\n\t\t\t\t<div class=\" swiper-slide swiper-lazy\">\n\t\t\t<div class=\"sp-pcp-post default pcp-item-35088\" data-id=\"35088\">\n\t\t\t\t\t\t\t\t<div class=\"pcp-post-thumb-wrapper\">\n\t\t\t\t\t<div class=\"sp-pcp-post-thumb-area\">\n\t\t\t\t\t\t\t\t\t\t\t\t<a class=\"sp-pcp-thumb\" href=\"https:\/\/agencia.unq.edu.ar\/?p=35088\" target=\"_self\" >\n\t\t\t\t\t\t\t\t\t\t\t\t\t<img loading=\"lazy\" decoding=\"async\" src=\"https:\/\/agencia.unq.edu.ar\/wp-content\/uploads\/2026\/03\/porno-1.jpg\" width=\"1040\" height=\"420\" alt=\"La discusi\u00f3n ya no pasa solo por el contenido, sino por la facilidad con la que los menores pueden acceder a \u00e9l en plataformas digitales. Cr\u00e9ditos: El Pa\u00eds.\">\n\t\t\t\t\t\t<\/a>\n\t\t\t\t\t<\/div>\n\t\t\t\t<\/div>\n\t\t\t\t\t\t\t\t<div class=\"sp-pcp-post-details\">\n\t\t\t\t\t<div class=\"sp-pcp-post-details-content\">\n\t\t\t\t\t\t\t\t<h4 class=\"sp-pcp-title\">\n\t\t\t\t\t\t\t\t\t<a href=\"https:\/\/agencia.unq.edu.ar\/?p=35088\"  target=\"_self\">Porno online: Europa apunta a las plataformas por no proteger a los menores<\/a>\t\t\t\t\t\t\t<\/h4>\n\t\t\t\t\t\t\t\t\t<\/div>\n\t\t\t\t<\/div>\n\t\t\t<\/div>\n\t\t<\/div>\n\t\t\t\t<div class=\" swiper-slide swiper-lazy\">\n\t\t\t<div class=\"sp-pcp-post default pcp-item-35015\" data-id=\"35015\">\n\t\t\t\t\t\t\t\t<div class=\"pcp-post-thumb-wrapper\">\n\t\t\t\t\t<div class=\"sp-pcp-post-thumb-area\">\n\t\t\t\t\t\t\t\t\t\t\t\t<a class=\"sp-pcp-thumb\" href=\"https:\/\/agencia.unq.edu.ar\/?p=35015\" target=\"_self\" >\n\t\t\t\t\t\t\t\t\t\t\t\t\t<img loading=\"lazy\" decoding=\"async\" src=\"https:\/\/agencia.unq.edu.ar\/wp-content\/uploads\/2026\/03\/contextos-de-encierro.jpg\" width=\"1040\" height=\"420\" alt=\"Nicol\u00e1s Rizzo presentando la muestra &quot;Derribando muros: cuando el arte borra fronteras&quot;, en la Ruta del Arte del congreso\">\n\t\t\t\t\t\t<\/a>\n\t\t\t\t\t<\/div>\n\t\t\t\t<\/div>\n\t\t\t\t\t\t\t\t<div class=\"sp-pcp-post-details\">\n\t\t\t\t\t<div class=\"sp-pcp-post-details-content\">\n\t\t\t\t\t\t\t\t<h4 class=\"sp-pcp-title\">\n\t\t\t\t\t\t\t\t\t<a href=\"https:\/\/agencia.unq.edu.ar\/?p=35015\"  target=\"_self\">La UNQ se sienta al debate: c\u00f3mo las universidades ayudan a pensar los contextos de encierro<\/a>\t\t\t\t\t\t\t<\/h4>\n\t\t\t\t\t\t\t\t\t<\/div>\n\t\t\t\t<\/div>\n\t\t\t<\/div>\n\t\t<\/div>\n\t\t\t\t<div class=\" swiper-slide swiper-lazy\">\n\t\t\t<div class=\"sp-pcp-post default pcp-item-34934\" data-id=\"34934\">\n\t\t\t\t\t\t\t\t<div class=\"pcp-post-thumb-wrapper\">\n\t\t\t\t\t<div class=\"sp-pcp-post-thumb-area\">\n\t\t\t\t\t\t\t\t\t\t\t\t<a class=\"sp-pcp-thumb\" href=\"https:\/\/agencia.unq.edu.ar\/?p=34934\" target=\"_self\" >\n\t\t\t\t\t\t\t\t\t\t\t\t\t<img loading=\"lazy\" decoding=\"async\" src=\"https:\/\/agencia.unq.edu.ar\/wp-content\/uploads\/2026\/03\/Gustavo-Demartin-opinion.jpg\" width=\"504\" height=\"204\" alt=\"Gustavo Demart\u00edn. Cr\u00e9ditos: Diagonales\">\n\t\t\t\t\t\t<\/a>\n\t\t\t\t\t<\/div>\n\t\t\t\t<\/div>\n\t\t\t\t\t\t\t\t<div class=\"sp-pcp-post-details\">\n\t\t\t\t\t<div class=\"sp-pcp-post-details-content\">\n\t\t\t\t\t\t\t\t<h4 class=\"sp-pcp-title\">\n\t\t\t\t\t\t\t\t\t<a href=\"https:\/\/agencia.unq.edu.ar\/?p=34934\"  target=\"_self\">Energ\u00eda, guerra y colapso: anatom\u00eda cr\u00edtica del nuevo (des)orden global<\/a>\t\t\t\t\t\t\t<\/h4>\n\t\t\t\t\t\t\t\t\t<\/div>\n\t\t\t\t<\/div>\n\t\t\t<\/div>\n\t\t<\/div>\n\t\t\t\t<div class=\" swiper-slide swiper-lazy\">\n\t\t\t<div class=\"sp-pcp-post default pcp-item-10941\" data-id=\"10941\">\n\t\t\t\t\t\t\t\t<div class=\"pcp-post-thumb-wrapper\">\n\t\t\t\t\t<div class=\"sp-pcp-post-thumb-area\">\n\t\t\t\t\t\t\t\t\t\t\t\t<a class=\"sp-pcp-thumb\" href=\"https:\/\/agencia.unq.edu.ar\/?p=10941\" target=\"_self\" >\n\t\t\t\t\t\t\t\t\t\t\t\t\t<img loading=\"lazy\" decoding=\"async\" src=\"https:\/\/agencia.unq.edu.ar\/wp-content\/uploads\/2023\/03\/home.jpg\" width=\"1040\" height=\"420\" alt=\"Estela de Carlotto se acerc\u00f3 a Abuelas de Plaza de Mayo tras el secuestro y la liberaci\u00f3n de su marido y el posterior secuestro de su hija Laura. Cr\u00e9ditos: Infobae\">\n\t\t\t\t\t\t<\/a>\n\t\t\t\t\t<\/div>\n\t\t\t\t<\/div>\n\t\t\t\t\t\t\t\t<div class=\"sp-pcp-post-details\">\n\t\t\t\t\t<div class=\"sp-pcp-post-details-content\">\n\t\t\t\t\t\t\t\t<h4 class=\"sp-pcp-title\">\n\t\t\t\t\t\t\t\t\t<a href=\"https:\/\/agencia.unq.edu.ar\/?p=10941\"  target=\"_self\">Estela de Carlotto: &#8220;Todav\u00eda tenemos que encontrar 300 nietos&#8221;<\/a>\t\t\t\t\t\t\t<\/h4>\n\t\t\t\t\t\t\t\t\t<\/div>\n\t\t\t\t<\/div>\n\t\t\t<\/div>\n\t\t<\/div>\n\t\t\t\t<div class=\" swiper-slide swiper-lazy\">\n\t\t\t<div class=\"sp-pcp-post default pcp-item-34862\" data-id=\"34862\">\n\t\t\t\t\t\t\t\t<div class=\"pcp-post-thumb-wrapper\">\n\t\t\t\t\t<div class=\"sp-pcp-post-thumb-area\">\n\t\t\t\t\t\t\t\t\t\t\t\t<a class=\"sp-pcp-thumb\" href=\"https:\/\/agencia.unq.edu.ar\/?p=34862\" target=\"_self\" >\n\t\t\t\t\t\t\t\t\t\t\t\t\t<img loading=\"lazy\" decoding=\"async\" src=\"https:\/\/agencia.unq.edu.ar\/wp-content\/uploads\/2026\/03\/Fragmento-de-la-pelicula-basada-en-el-libro-de-Maggie-O-Farrell.-Creditos-El-mundo.jpg\" width=\"1040\" height=\"420\" alt=\"Fragmento de la pel\u00edcula basada en el libro de Maggie O Farrell. Cr\u00e9ditos: El mundo.\">\n\t\t\t\t\t\t<\/a>\n\t\t\t\t\t<\/div>\n\t\t\t\t<\/div>\n\t\t\t\t\t\t\t\t<div class=\"sp-pcp-post-details\">\n\t\t\t\t\t<div class=\"sp-pcp-post-details-content\">\n\t\t\t\t\t\t\t\t<h4 class=\"sp-pcp-title\">\n\t\t\t\t\t\t\t\t\t<a href=\"https:\/\/agencia.unq.edu.ar\/?p=34862\"  target=\"_self\">Hamnet: una historia de fantasmas, poetas exquisitos y muertes tr\u00e1gicas<\/a>\t\t\t\t\t\t\t<\/h4>\n\t\t\t\t\t\t\t\t\t<\/div>\n\t\t\t\t<\/div>\n\t\t\t<\/div>\n\t\t<\/div>\n\t\t\t\t<div class=\" swiper-slide swiper-lazy\">\n\t\t\t<div class=\"sp-pcp-post default pcp-item-34852\" data-id=\"34852\">\n\t\t\t\t\t\t\t\t<div class=\"pcp-post-thumb-wrapper\">\n\t\t\t\t\t<div class=\"sp-pcp-post-thumb-area\">\n\t\t\t\t\t\t\t\t\t\t\t\t<a class=\"sp-pcp-thumb\" href=\"https:\/\/agencia.unq.edu.ar\/?p=34852\" target=\"_self\" >\n\t\t\t\t\t\t\t\t\t\t\t\t\t<img loading=\"lazy\" decoding=\"async\" src=\"https:\/\/agencia.unq.edu.ar\/wp-content\/uploads\/2026\/03\/Al-Borde-del-Precipicio-2026.jpg\" width=\"1040\" height=\"420\" alt=\"El programa se emitir\u00e1 los jueves a las 16 horas por el canal de UNQ TV.\">\n\t\t\t\t\t\t<\/a>\n\t\t\t\t\t<\/div>\n\t\t\t\t<\/div>\n\t\t\t\t\t\t\t\t<div class=\"sp-pcp-post-details\">\n\t\t\t\t\t<div class=\"sp-pcp-post-details-content\">\n\t\t\t\t\t\t\t\t<h4 class=\"sp-pcp-title\">\n\t\t\t\t\t\t\t\t\t<a href=\"https:\/\/agencia.unq.edu.ar\/?p=34852\"  target=\"_self\">Al borde del precipicio regresa con una apuesta innovadora para 2026<\/a>\t\t\t\t\t\t\t<\/h4>\n\t\t\t\t\t\t\t\t\t<\/div>\n\t\t\t\t<\/div>\n\t\t\t<\/div>\n\t\t<\/div>\n\t\t\t\t<div class=\" swiper-slide swiper-lazy\">\n\t\t\t<div class=\"sp-pcp-post default pcp-item-34788\" data-id=\"34788\">\n\t\t\t\t\t\t\t\t<div class=\"pcp-post-thumb-wrapper\">\n\t\t\t\t\t<div class=\"sp-pcp-post-thumb-area\">\n\t\t\t\t\t\t\t\t\t\t\t\t<a class=\"sp-pcp-thumb\" href=\"https:\/\/agencia.unq.edu.ar\/?p=34788\" target=\"_self\" >\n\t\t\t\t\t\t\t\t\t\t\t\t\t<img loading=\"lazy\" decoding=\"async\" src=\"https:\/\/agencia.unq.edu.ar\/wp-content\/uploads\/2026\/03\/Silvia-Polinelli-opinion.jpg\" width=\"504\" height=\"204\" alt=\"Silvia Polinelli. Cr\u00e9ditos: LinkedIn\">\n\t\t\t\t\t\t<\/a>\n\t\t\t\t\t<\/div>\n\t\t\t\t<\/div>\n\t\t\t\t\t\t\t\t<div class=\"sp-pcp-post-details\">\n\t\t\t\t\t<div class=\"sp-pcp-post-details-content\">\n\t\t\t\t\t\t\t\t<h4 class=\"sp-pcp-title\">\n\t\t\t\t\t\t\t\t\t<a href=\"https:\/\/agencia.unq.edu.ar\/?p=34788\"  target=\"_self\">Habitar las vejeces: una propuesta que respeta la autonom\u00eda, la historia y el deseo de las mujeres<\/a>\t\t\t\t\t\t\t<\/h4>\n\t\t\t\t\t\t\t\t\t<\/div>\n\t\t\t\t<\/div>\n\t\t\t<\/div>\n\t\t<\/div>\n\t\t\t\t<div class=\" swiper-slide swiper-lazy\">\n\t\t\t<div class=\"sp-pcp-post default pcp-item-34684\" data-id=\"34684\">\n\t\t\t\t\t\t\t\t<div class=\"pcp-post-thumb-wrapper\">\n\t\t\t\t\t<div class=\"sp-pcp-post-thumb-area\">\n\t\t\t\t\t\t\t\t\t\t\t\t<a class=\"sp-pcp-thumb\" href=\"https:\/\/agencia.unq.edu.ar\/?p=34684\" target=\"_self\" >\n\t\t\t\t\t\t\t\t\t\t\t\t\t<img loading=\"lazy\" decoding=\"async\" src=\"https:\/\/agencia.unq.edu.ar\/wp-content\/uploads\/2026\/03\/medios.jpg.jpeg\" width=\"1040\" height=\"420\" alt=\"M\u00e1s de 800 medios amplifican la voz cient\u00edfica de la UNQ. Cr\u00e9ditos: Agencia UNQ.\">\n\t\t\t\t\t\t<\/a>\n\t\t\t\t\t<\/div>\n\t\t\t\t<\/div>\n\t\t\t\t\t\t\t\t<div class=\"sp-pcp-post-details\">\n\t\t\t\t\t<div class=\"sp-pcp-post-details-content\">\n\t\t\t\t\t\t\t\t<h4 class=\"sp-pcp-title\">\n\t\t\t\t\t\t\t\t\t<a href=\"https:\/\/agencia.unq.edu.ar\/?p=34684\"  target=\"_self\">Cuatro a\u00f1os de ciencia, periodismo y alcance global desde una universidad p\u00fablica<\/a>\t\t\t\t\t\t\t<\/h4>\n\t\t\t\t\t\t\t\t\t<\/div>\n\t\t\t\t<\/div>\n\t\t\t<\/div>\n\t\t<\/div>\n\t\t\t\t<div class=\" swiper-slide swiper-lazy\">\n\t\t\t<div class=\"sp-pcp-post default pcp-item-34655\" data-id=\"34655\">\n\t\t\t\t\t\t\t\t<div class=\"pcp-post-thumb-wrapper\">\n\t\t\t\t\t<div class=\"sp-pcp-post-thumb-area\">\n\t\t\t\t\t\t\t\t\t\t\t\t<a class=\"sp-pcp-thumb\" href=\"https:\/\/agencia.unq.edu.ar\/?p=34655\" target=\"_self\" >\n\t\t\t\t\t\t\t\t\t\t\t\t\t<img loading=\"lazy\" decoding=\"async\" src=\"https:\/\/agencia.unq.edu.ar\/wp-content\/uploads\/2026\/03\/iPiccy-img.jpg\" width=\"1040\" height=\"420\" alt=\"Seg\u00fan este discurso, la energ\u00eda femenina est\u00e1 asociada a la intuici\u00f3n, la recepci\u00f3n, el cuidado, la empat\u00eda y la sensibilidad, mientras que la masculina est\u00e1 relacionada con el liderazgo, la proveedur\u00eda, la acci\u00f3n y la l\u00f3gica. Cr\u00e9ditos: La Vanguardia.\">\n\t\t\t\t\t\t<\/a>\n\t\t\t\t\t<\/div>\n\t\t\t\t<\/div>\n\t\t\t\t\t\t\t\t<div class=\"sp-pcp-post-details\">\n\t\t\t\t\t<div class=\"sp-pcp-post-details-content\">\n\t\t\t\t\t\t\t\t<h4 class=\"sp-pcp-title\">\n\t\t\t\t\t\t\t\t\t<a href=\"https:\/\/agencia.unq.edu.ar\/?p=34655\"  target=\"_self\">&#8220;Energ\u00eda masculina y femenina&#8221;: los nuevos discursos anticient\u00edficos que disfrazan viejos estereotipos de g\u00e9nero<\/a>\t\t\t\t\t\t\t<\/h4>\n\t\t\t\t\t\t\t\t\t<\/div>\n\t\t\t\t<\/div>\n\t\t\t<\/div>\n\t\t<\/div>\n\t\t\t\t<div class=\" swiper-slide swiper-lazy\">\n\t\t\t<div class=\"sp-pcp-post default pcp-item-34651\" data-id=\"34651\">\n\t\t\t\t\t\t\t\t<div class=\"pcp-post-thumb-wrapper\">\n\t\t\t\t\t<div class=\"sp-pcp-post-thumb-area\">\n\t\t\t\t\t\t\t\t\t\t\t\t<a class=\"sp-pcp-thumb\" href=\"https:\/\/agencia.unq.edu.ar\/?p=34651\" target=\"_self\" >\n\t\t\t\t\t\t\t\t\t\t\t\t\t<img loading=\"lazy\" decoding=\"async\" src=\"https:\/\/agencia.unq.edu.ar\/wp-content\/uploads\/2026\/03\/Celulares-escuelas-CABA-PBA.jpg\" width=\"1040\" height=\"420\" alt=\"Cr\u00e9ditos: 0221.\">\n\t\t\t\t\t\t<\/a>\n\t\t\t\t\t<\/div>\n\t\t\t\t<\/div>\n\t\t\t\t\t\t\t\t<div class=\"sp-pcp-post-details\">\n\t\t\t\t\t<div class=\"sp-pcp-post-details-content\">\n\t\t\t\t\t\t\t\t<h4 class=\"sp-pcp-title\">\n\t\t\t\t\t\t\t\t\t<a href=\"https:\/\/agencia.unq.edu.ar\/?p=34651\"  target=\"_self\">\u00bfQu\u00e9 opinan los docentes sobre la prohibici\u00f3n de los celulares en las escuelas de PBA y CABA?<\/a>\t\t\t\t\t\t\t<\/h4>\n\t\t\t\t\t\t\t\t\t<\/div>\n\t\t\t\t<\/div>\n\t\t\t<\/div>\n\t\t<\/div>\n\t\t\t\t\t<\/div>\n\t\t\t\t\t\t<div class=\"pcp-pagination swiper-pagination dots\"><\/div>\n\t\t\t\t\t\t\t\t\t\t<div class=\"pcp-button-next swiper-button-next top_right\"><i class=\"fa fa-angle-right\"><\/i><\/div>\n\t\t\t\t<div class=\"pcp-button-prev swiper-button-prev top_right\"><i class=\"fa fa-angle-left\"><\/i><\/div>\t<\/div>\n<\/div>\n\n\n\n\n<hr class=\"wp-block-separator has-text-color has-css-opacity has-background is-style-wide\" style=\"background-color:#fea50e;color:#fea50e\"\/>\n","protected":false},"excerpt":{"rendered":"<p>Es la primera vez que toca en el pa\u00eds y agot\u00f3 tres fechas en el estadio River. El v\u00ednculo con los fans y el sentimiento de identificaci\u00f3n con la artista.<\/p>\n","protected":false},"author":4,"featured_media":16391,"comment_status":"open","ping_status":"closed","sticky":false,"template":"","format":"standard","meta":{"_uag_custom_page_level_css":"","_monsterinsights_skip_tracking":false,"_monsterinsights_sitenote_active":false,"_monsterinsights_sitenote_note":"","_monsterinsights_sitenote_category":0,"site-sidebar-layout":"default","site-content-layout":"","ast-site-content-layout":"default","site-content-style":"default","site-sidebar-style":"default","ast-global-header-display":"","ast-banner-title-visibility":"","ast-main-header-display":"","ast-hfb-above-header-display":"","ast-hfb-below-header-display":"","ast-hfb-mobile-header-display":"","site-post-title":"","ast-breadcrumbs-content":"","ast-featured-img":"","footer-sml-layout":"","ast-disable-related-posts":"","theme-transparent-header-meta":"","adv-header-id-meta":"","stick-header-meta":"","header-above-stick-meta":"","header-main-stick-meta":"","header-below-stick-meta":"","astra-migrate-meta-layouts":"default","ast-page-background-enabled":"default","ast-page-background-meta":{"desktop":{"background-color":"var(--ast-global-color-4)","background-image":"","background-repeat":"repeat","background-position":"center center","background-size":"auto","background-attachment":"scroll","background-type":"","background-media":"","overlay-type":"","overlay-color":"","overlay-opacity":"","overlay-gradient":""},"tablet":{"background-color":"","background-image":"","background-repeat":"repeat","background-position":"center center","background-size":"auto","background-attachment":"scroll","background-type":"","background-media":"","overlay-type":"","overlay-color":"","overlay-opacity":"","overlay-gradient":""},"mobile":{"background-color":"","background-image":"","background-repeat":"repeat","background-position":"center center","background-size":"auto","background-attachment":"scroll","background-type":"","background-media":"","overlay-type":"","overlay-color":"","overlay-opacity":"","overlay-gradient":""}},"ast-content-background-meta":{"desktop":{"background-color":"var(--ast-global-color-5)","background-image":"","background-repeat":"repeat","background-position":"center center","background-size":"auto","background-attachment":"scroll","background-type":"","background-media":"","overlay-type":"","overlay-color":"","overlay-opacity":"","overlay-gradient":""},"tablet":{"background-color":"var(--ast-global-color-5)","background-image":"","background-repeat":"repeat","background-position":"center center","background-size":"auto","background-attachment":"scroll","background-type":"","background-media":"","overlay-type":"","overlay-color":"","overlay-opacity":"","overlay-gradient":""},"mobile":{"background-color":"var(--ast-global-color-5)","background-image":"","background-repeat":"repeat","background-position":"center center","background-size":"auto","background-attachment":"scroll","background-type":"","background-media":"","overlay-type":"","overlay-color":"","overlay-opacity":"","overlay-gradient":""}},"footnotes":""},"categories":[16,363],"tags":[788],"class_list":["post-16390","post","type-post","status-publish","format-standard","has-post-thumbnail","hentry","category-noticia-destacada","category-sociedad","tag-taylor-swift"],"aioseo_notices":[],"uagb_featured_image_src":{"full":["https:\/\/agencia.unq.edu.ar\/wp-content\/uploads\/2023\/11\/654d7cc7d6c17_1200-1.jpg",1040,420,false],"thumbnail":["https:\/\/agencia.unq.edu.ar\/wp-content\/uploads\/2023\/11\/654d7cc7d6c17_1200-1.jpg",150,61,false],"medium":["https:\/\/agencia.unq.edu.ar\/wp-content\/uploads\/2023\/11\/654d7cc7d6c17_1200-1.jpg",960,388,false],"medium_large":["https:\/\/agencia.unq.edu.ar\/wp-content\/uploads\/2023\/11\/654d7cc7d6c17_1200-1.jpg",768,310,false],"large":["https:\/\/agencia.unq.edu.ar\/wp-content\/uploads\/2023\/11\/654d7cc7d6c17_1200-1.jpg",1040,420,false],"1536x1536":["https:\/\/agencia.unq.edu.ar\/wp-content\/uploads\/2023\/11\/654d7cc7d6c17_1200-1.jpg",1040,420,false],"2048x2048":["https:\/\/agencia.unq.edu.ar\/wp-content\/uploads\/2023\/11\/654d7cc7d6c17_1200-1.jpg",1040,420,false]},"uagb_author_info":{"display_name":"Luciana Mazzini Puga","author_link":"https:\/\/agencia.unq.edu.ar\/?author=4"},"uagb_comment_info":0,"uagb_excerpt":"Es la primera vez que toca en el pa\u00eds y agot\u00f3 tres fechas en el estadio River. El v\u00ednculo con los fans y el sentimiento de identificaci\u00f3n con la artista.","blog_post_layout_featured_media_urls":{"thumbnail":["https:\/\/agencia.unq.edu.ar\/wp-content\/uploads\/2023\/11\/654d7cc7d6c17_1200-1.jpg",150,61,false],"full":["https:\/\/agencia.unq.edu.ar\/wp-content\/uploads\/2023\/11\/654d7cc7d6c17_1200-1.jpg",1040,420,false]},"categories_names":{"16":{"name":"Noticia destacada","link":"https:\/\/agencia.unq.edu.ar\/?cat=16"},"363":{"name":"Sociedad","link":"https:\/\/agencia.unq.edu.ar\/?cat=363"}},"tags_names":{"788":{"name":"Taylor Swift","link":"https:\/\/agencia.unq.edu.ar\/?tag=taylor-swift"}},"comments_number":"0","_links":{"self":[{"href":"https:\/\/agencia.unq.edu.ar\/index.php?rest_route=\/wp\/v2\/posts\/16390","targetHints":{"allow":["GET"]}}],"collection":[{"href":"https:\/\/agencia.unq.edu.ar\/index.php?rest_route=\/wp\/v2\/posts"}],"about":[{"href":"https:\/\/agencia.unq.edu.ar\/index.php?rest_route=\/wp\/v2\/types\/post"}],"author":[{"embeddable":true,"href":"https:\/\/agencia.unq.edu.ar\/index.php?rest_route=\/wp\/v2\/users\/4"}],"replies":[{"embeddable":true,"href":"https:\/\/agencia.unq.edu.ar\/index.php?rest_route=%2Fwp%2Fv2%2Fcomments&post=16390"}],"version-history":[{"count":5,"href":"https:\/\/agencia.unq.edu.ar\/index.php?rest_route=\/wp\/v2\/posts\/16390\/revisions"}],"predecessor-version":[{"id":16398,"href":"https:\/\/agencia.unq.edu.ar\/index.php?rest_route=\/wp\/v2\/posts\/16390\/revisions\/16398"}],"wp:featuredmedia":[{"embeddable":true,"href":"https:\/\/agencia.unq.edu.ar\/index.php?rest_route=\/wp\/v2\/media\/16391"}],"wp:attachment":[{"href":"https:\/\/agencia.unq.edu.ar\/index.php?rest_route=%2Fwp%2Fv2%2Fmedia&parent=16390"}],"wp:term":[{"taxonomy":"category","embeddable":true,"href":"https:\/\/agencia.unq.edu.ar\/index.php?rest_route=%2Fwp%2Fv2%2Fcategories&post=16390"},{"taxonomy":"post_tag","embeddable":true,"href":"https:\/\/agencia.unq.edu.ar\/index.php?rest_route=%2Fwp%2Fv2%2Ftags&post=16390"}],"curies":[{"name":"wp","href":"https:\/\/api.w.org\/{rel}","templated":true}]}}