{"id":18492,"date":"2024-03-11T09:36:35","date_gmt":"2024-03-11T12:36:35","guid":{"rendered":"https:\/\/agencia.unq.edu.ar\/?p=18492"},"modified":"2025-07-16T20:18:26","modified_gmt":"2025-07-16T23:18:26","slug":"cientificas-argentinas-estudian-en-que-consiste-el-fenomeno-de-la-epilepsia-danzante","status":"publish","type":"post","link":"https:\/\/agencia.unq.edu.ar\/?p=18492","title":{"rendered":"Cient\u00edficas argentinas estudian en qu\u00e9 consiste el fen\u00f3meno de la epilepsia danzante"},"content":{"rendered":"\n<p class=\"wp-block-paragraph\">Analizaron el caso de un paciente que, durante las crisis, presentaba movimientos r\u00edtmicos similares a una danza. Buscan comprender los fundamentos neuronales subyacentes.<\/p>\n\n\n\n<figure class=\"wp-block-image aligncenter size-full\"><img loading=\"lazy\" decoding=\"async\" width=\"1040\" height=\"420\" src=\"https:\/\/agencia.unq.edu.ar\/wp-content\/uploads\/2024\/03\/ipiccy_image-5.jpg\" alt=\"Cr\u00e9ditos: Gaceta M\u00e9dica. \" class=\"wp-image-18558\"\/><figcaption class=\"wp-element-caption\">Cada 26 de marzo se conmemora el D\u00eda Mundial de Concientizaci\u00f3n de la Epilepsia para combatir el estigma social. El color p\u00farpura es el que identifica a quienes participan de la lucha. Cr\u00e9ditos: Gaceta M\u00e9dica. <\/figcaption><\/figure>\n\n\n\n<p class=\"wp-block-paragraph\">Por Magdalena Biota*<\/p>\n\n\n\n<p class=\"wp-block-paragraph\">La epilepsia danzante o baile ictal es una rara y enigm\u00e1tica forma de esta condici\u00f3n neurol\u00f3gica caracterizada por crisis que se manifiestan a trav\u00e9s de movimientos con patrones complejos y r\u00edtmicos, similares a una danza. Los pacientes que padecen este tipo de epilepsia bailan de manera involuntaria, y no lo hacen a partir de la m\u00fasica. Es relativamente infrecuente dentro del universo de aproximadamente 50 millones de personas en todo el mundo con este trastorno, que en un 80 por ciento de las veces se manifiesta en pacientes de pa\u00edses de ingresos bajos y medianos.<\/p>\n\n\n\n<p class=\"wp-block-paragraph\"><strong>Aunque es un subtipo relativamente poco com\u00fan de epilepsia, proporciona una perspectiva \u00fanica sobre la interacci\u00f3n entre el procesamiento sensorial, el control motor y la respuesta del cerebro al ritmo. <\/strong>El equipo de investigaci\u00f3n de la Unidad Ejecutora de Estudios en Neurociencias y Sistemas Complejos (ENyS, CONICET-Hospital El Cruce-Universidad Arturo Jauretche) estudia este tipo de casos para <strong>comprender los fundamentos neuronales que subyacen.<\/strong><\/p>\n\n\n\n<p class=\"wp-block-paragraph\">Mediante <strong>t\u00e9cnicas de neuroimagen<\/strong> funcional pudieron comprobar que la epilepsia danzante implica regiones cerebrales espec\u00edficas. Estas redes est\u00e1n asociadas a la integraci\u00f3n de movimientos muy complejos que llegan a formar un baile, y a las \u00e1reas neuroanat\u00f3micas que tienen que ver con comportamientos motores para llevar el ritmo con el cuerpo. El hallazgo arroja luz sobre la <strong>intrincada interacci\u00f3n entre la danza y el procesamiento r\u00edtmico en el cerebro humano.<\/strong><\/p>\n\n\n\n<p class=\"wp-block-paragraph\">\u201cEl caso nos llam\u00f3 mucho la atenci\u00f3n porque la forma en las que se manifestaban las crisis era algo poco frecuente: <strong>el paciente, un joven de 21 a\u00f1os, realizaba de forma involuntaria algo similar a una rutina de baile, elevando los brazos, haciendo un chasquido con la boca y realizando movimientos de la pelvis y el tronco, dando y saltos giratorios. Luego de las crisis, no recordaba nada, y sin tener formaci\u00f3n previa ni inter\u00e9s por la danza o la m\u00fasica, el movimiento era siempre muy parecido<\/strong>\u201d, explica <strong>Nuria C\u00e1mpora<\/strong>, neur\u00f3loga especialista en epilepsia. Luego contin\u00faa: \u201cCuando se est\u00e1 frente a un caso de epilepsia refractaria, resistente a la medicaci\u00f3n, una alternativa es la cirug\u00eda de epilepsia, que consiste en la extirpaci\u00f3n de la regi\u00f3n del cerebro donde se originan las crisis epil\u00e9pticas. Para ello, se requieren estudios rigurosos sobre el comportamiento de la se\u00f1al el\u00e9ctrica de las neuronas que permitan identificar el lugar exacto donde se originan las crisis\u201d.<\/p>\n\n\n\n<h2 class=\"wp-block-heading\">El origen del baile<\/h2>\n\n\n\n<p class=\"wp-block-paragraph\">Para determinar el origen de las crisis se llevan adelante una serie de estudios, como <strong>electroencefalogramas, resonancias magn\u00e9ticas y otras t\u00e9cnicas por im\u00e1genes<\/strong>, y se realizan evaluaciones diagn\u00f3sticas a nivel psicol\u00f3gico y cognitivo. Luego de estos estudios, el paciente es sometido a una videoelectroencefalograf\u00eda (video EEG), que consiste en la colocaci\u00f3n de electrodos en el cuero cabelludo para identificar c\u00f3mo se activa la se\u00f1al el\u00e9ctrica mientras se realiza el registro f\u00edlmico del paciente para observar la manifestaci\u00f3n cl\u00ednica.<\/p>\n\n\n\n<p class=\"wp-block-paragraph\">\u201c<strong>La video EEG nos aporta mucha informaci\u00f3n, pero a veces y por distintos motivos no nos da con precisi\u00f3n cu\u00e1l es el lugar donde se originan las crisis<\/strong>. En este caso, adem\u00e1s, por tratarse de una manifestaci\u00f3n tan inusual necesit\u00e1bamos otro tipo de comprobaci\u00f3n, y por eso realizamos una estereoelectroencefalograf\u00eda (SEEG), en la que los electrodos van dentro del cerebro, ubicados en distintos puntos que nosotros pensamos que podr\u00edan ser el origen de las crisis\u201d, detalla C\u00e1mpora.<\/p>\n\n\n\n<p class=\"wp-block-paragraph\">Para el diagn\u00f3stico, el equipo cont\u00f3 adem\u00e1s con material audiovisual casero que registraba los momentos de las crisis. Este material proporcionado por la familia fue \u00fatil para entender mejor la naturaleza de los movimientos. Con toda esta informaci\u00f3n<strong>, el equipo pudo determinar que el origen de las crisis convulsivas se produc\u00eda en la parte anterior del l\u00f3bulo frontal.<\/strong> Con los resultados de estos estudios, el paciente fue sometido a cirug\u00eda para extirpar la zona de origen de su epilepsia sin comprometer \u00e1reas que podr\u00edan afectar aspectos funcionales significativos. <strong>Despu\u00e9s de la intervenci\u00f3n quir\u00fargica, las crisis epil\u00e9pticas mejoraron. El paciente contin\u00faa el tratamiento con medicaci\u00f3n y no presenta crisis hasta el momento.<\/strong><\/p>\n\n\n\n<h2 class=\"wp-block-heading\">\u00bfLo p\u00fablico? Garant\u00eda de confianza<\/h2>\n\n\n\n<p class=\"wp-block-paragraph\">El equipo de neurociencias, conformado por profesionales de la salud que adem\u00e1s son investigadores del sistema cient\u00edfico nacional, logr\u00f3 caracterizar de manera precisa el origen de los s\u00edntomas tan poco frecuentes. Esto pone en evidencia que el estudio minucioso contribuye a sentar las bases de una atenci\u00f3n m\u00e9dica de excelencia. Sumado a esto, es preciso destacar que la intervenci\u00f3n se realiz\u00f3 en un hospital p\u00fablico, lo cual posibilita que cualquier persona que necesite este tipo de atenci\u00f3n compleja pueda acceder al mejor tratamiento que la ciencia haya alcanzado al momento. \u201c<strong>Gracias al conocimiento generado por un organismo p\u00fablico como el CONICET y en un hospital p\u00fablico, los pacientes pueden recibir tratamientos adecuados y mejorar su calidad de vida<\/strong>\u201d, subraya la experta.<\/p>\n\n\n\n<p class=\"wp-block-paragraph\">Para <strong>Silvia Kochen<\/strong>, investigadora principal del CONICET y Vicedirectora de la ENyS, este tipo de investigaciones cl\u00ednicas son clave no s\u00f3lo en materia de atenci\u00f3n m\u00e9dica, sino como ventanas de conocimiento sobre el funcionamiento del cerebro. Por eso, \u201cel estudio diagn\u00f3stico y terap\u00e9utico de la epilepsia en el ser humano, adem\u00e1s de mejorar la calidad de vida del paciente contribuye al desarrollo de las neurociencias\u201d. El caso fue recientemente publicado en la revista <strong>Epileptic Disorders<\/strong>.<\/p>\n\n\n\n<p class=\"wp-block-paragraph\">Las redes neuronales implicadas en la g\u00e9nesis de la epilepsia danzante o baile ictal siguen siendo objeto de investigaci\u00f3n en curso, y una comprensi\u00f3n completa de cada caso depende de la variabilidad cerebral individual.<\/p>\n\n\n\n<p class=\"wp-block-paragraph\"><em>*La autora es narradora, poeta y traductora.<\/em><\/p>\n\n\n\n<p class=\"has-vivid-green-cyan-color has-text-color wp-block-paragraph\"> <\/p>\n\n\n\n<div style=\"height:40px\" aria-hidden=\"true\" class=\"wp-block-spacer\"><\/div>\n\n\n\n<hr class=\"wp-block-separator has-text-color has-css-opacity has-background is-style-wide\" style=\"background-color:#fea50e;color:#fea50e\"\/>\n\n\n\n<h4 class=\"wp-block-heading\" id=\"publicaciones-relacionadas\">\u00daltimas noticias de la secci\u00f3n Salud:<\/h4>\n\n\n<style id=\"sp_pcp_dynamic_style3314\">#pcp_wrapper-3314:not(.sps-glossary-layout) .sp-pcp-row,#pcp_wrapper-3314 .sps-glossary-items-group .sps-glossary-items-content {margin-right: -10px;margin-left: -10px;}#pcp_wrapper-3314 .sp-pcp-row [class*='sp-pcp-col-']{padding-right: 10px;padding-left: 10px; padding-bottom:20px;}.pcp-wrapper-3314 .sp-pcp-title a {color: #ac162c;display: inherit;} .pcp-wrapper-3314 .sp-pcp-title a:hover {color: #fea50e;}#pcp_wrapper-3314 .dots .swiper-pagination-bullet{ background: #ac162c; } #pcp_wrapper-3314 .dots .swiper-pagination-bullet-active { background: #fea50e; }#pcp_wrapper-3314 .pcp-button-prev,#pcp_wrapper-3314 .pcp-button-next{ background-image: none; background-size: auto; background-color: #fff; height: 33px; width: 33px; margin-top: 8px; border: 1px solid #aaa; text-align: center; line-height: 30px; -webkit-transition: 0.3s; border-radius: 3px; }#pcp_wrapper-3314 .pcp-button-prev:hover, #pcp_wrapper-3314 .pcp-button-next:hover{ background-color: #fea50e; border-color: #ac162c; } #pcp_wrapper-3314 .pcp-button-prev .fa, #pcp_wrapper-3314 .pcp-button-next .fa { color: #000; } #pcp_wrapper-3314 .pcp-button-prev:hover .fa, #pcp_wrapper-3314 .pcp-button-next:hover .fa { color: #fff; } #pcp_wrapper-3314.pcp-carousel-wrapper .sp-pcp-post{ margin-top: 0; }#pcp_wrapper-3314 .sp-pcp-post {padding: 0 0 0 0;}#pcp_wrapper-3314.sp-slider_layout .sp-pcp-post .sp-pcp-post-details {top: 0; right:0; bottom:0; left:0;}#pcp_wrapper-3314 .sp-pcp-post {border: 0px solid #e2e2e2; border-radius: 0px }#pcp_wrapper-3314 .sp-pcp-post{background-color: transparent;}#pcp_wrapper-3314 .pcp-post-thumb-wrapper{border: 0px solid #dddddd;border-radius:0px;}.pcp-wrapper-3314 .sp-pcp-post-meta li,.pcp-wrapper-3314 .sp-pcp-post-meta ul,.pcp-wrapper-3314 .sp-pcp-post-meta li a{color: #888;}.pcp-wrapper-3314 .sp-pcp-post-meta li a:hover{color: #e1624b;}#pcp_wrapper-3314 .pcp-post-pagination .page-numbers.current, #pcp_wrapper-3314 .pcp-post-pagination a.active , #pcp_wrapper-3314 .pcp-post-pagination a:hover{ color: #ffffff; background: #e1624b; border-color: #e1624b; }#pcp_wrapper-3314 .pcp-post-pagination .page-numbers, .pcp-post-pagination a{ background: #ffffff; color:#5e5e5e; border: 2px solid #bbbbbb;border-radius: 2px; }#pcp_wrapper-3314 .pcp-post-pagination{text-align: left;}@media (min-width: 1200px) {.sp-pcp-row .sp-pcp-col-xl-1 {flex: 0 0 100%;}.sp-pcp-row .sp-pcp-col-xl-2 {flex: 1 1 calc( 50% - 20px);}.sp-pcp-row .sp-pcp-col-xl-3 {flex: 1 1 calc( 33.333% - 20px);}.sp-pcp-row .sp-pcp-col-xl-4 {flex: 1 1 calc( 25% - 20px);}.sp-pcp-row .sp-pcp-col-xl-5 { flex: 1 1 calc( 20% - 20px);}.sp-pcp-row .sp-pcp-col-xl-6 {flex: 1 1 calc( 16.66666666666667% - 20px);}.sp-pcp-row .sp-pcp-col-xl-7 {flex: 1 1 calc( 14.28571428% - 20px);}.sp-pcp-row .sp-pcp-col-xl-8 {flex: 1 1 calc( 12.5% - 20px);}}@media (max-width: 1200px) {.sp-pcp-row .sp-pcp-col-lg-1 {flex: 0 0 100%;}.sp-pcp-row .sp-pcp-col-lg-2 {flex: 1 1 calc( 50% - 20px);}.sp-pcp-row .sp-pcp-col-lg-3 {flex: 1 1 calc( 33.333% - 20px);}.sp-pcp-row .sp-pcp-col-lg-4 {flex: 1 1 calc( 25% - 20px);}.sp-pcp-row .sp-pcp-col-lg-5 { flex: 1 1 calc( 20% - 20px);}.sp-pcp-row .sp-pcp-col-lg-6 {flex: 1 1 calc( 16.66666666666667% - 20px);}.sp-pcp-row .sp-pcp-col-lg-7 {flex: 1 1 calc( 14.28571428% - 20px);}.sp-pcp-row .sp-pcp-col-lg-8 {flex: 1 1 calc( 12.5% - 20px);}}@media (max-width: 992px) {.sp-pcp-row .sp-pcp-col-md-1 {flex: 0 0 100%;}.sp-pcp-row .sp-pcp-col-md-2 {flex: 1 1 calc( 50% - 20px);}.sp-pcp-row .sp-pcp-col-md-2-5 {flex: 0 0 75%;}.sp-pcp-row .sp-pcp-col-md-3 {flex: 1 1 calc( 33.333% - 20px);}.sp-pcp-row .sp-pcp-col-md-4 {flex: 1 1 calc( 25% - 20px);}.sp-pcp-row .sp-pcp-col-md-5 { flex: 1 1 calc( 20% - 20px);}.sp-pcp-row .sp-pcp-col-md-6 {flex: 1 1 calc( 16.66666666666667% - 20px);}.sp-pcp-row .sp-pcp-col-md-7 {flex: 1 1 calc( 14.28571428% - 20px);}.sp-pcp-row .sp-pcp-col-md-8 {flex: 1 1 calc( 12.5% - 20px);}}@media (max-width: 768px) {.sp-pcp-row .sp-pcp-col-sm-1 {flex: 0 0 100%;}.sp-pcp-row .sp-pcp-col-sm-2 {flex: 1 1 calc( 50% - 20px);}.sp-pcp-row .sp-pcp-col-sm-2-5 {flex: 0 0 75%;}.sp-pcp-row .sp-pcp-col-sm-3 {flex: 1 1 calc( 33.333% - 20px);}.sp-pcp-row .sp-pcp-col-sm-4 {flex: 1 1 calc( 25% - 20px);}.sp-pcp-row .sp-pcp-col-sm-5 { flex: 1 1 calc( 20% - 20px);}.sp-pcp-row .sp-pcp-col-sm-6 {flex: 1 1 calc( 16.66666666666667% - 20px);}.sp-pcp-row .sp-pcp-col-sm-7 {flex: 1 1 calc( 14.28571428% - 20px);}.sp-pcp-row .sp-pcp-col-sm-8 {flex: 1 1 calc( 12.5% - 20px);}}@media (max-width: 420px) {.sp-pcp-row .sp-pcp-col-xs-1 {flex: 0 0 100%;}.sp-pcp-row .sp-pcp-col-xs-2 {flex: 1 1 calc( 50% - 20px);}.sp-pcp-row .sp-pcp-col-xs-3 {flex: 1 1 calc( 33.333% - 20px);}.sp-pcp-row .sp-pcp-col-xs-4 {flex: 1 1 calc( 25% - 20px);}.sp-pcp-row .sp-pcp-col-xs-5 { flex: 1 1 calc( 20% - 20px);}.sp-pcp-row .sp-pcp-col-xs-6 {flex: 1 1 calc( 16.66666666666667% - 20px);}.sp-pcp-row .sp-pcp-col-xs-7 {flex: 1 1 calc( 14.28571428% - 20px);}.sp-pcp-row .sp-pcp-col-xs-8 {flex: 1 1 calc( 12.5% - 20px);}}<\/style><!-- Markup Starts -->\n<div id=\"pcp_wrapper-3314\" class=\"sp-pcp-section sp-pcp-container pcp-wrapper-3314 pcp-carousel-wrapper standard sp-carousel_layout\" data-sid=\"3314\">\n\t<div id=\"sp-pcp-id-3314\" class=\"swiper-container sp-pcp-carousel top_right\" dir=\"ltr\" data-carousel='{ \"speed\":600, \"items\":3, \"spaceBetween\":20, \"dynamicBullets\": false, \"navigation\":true, \"pagination\": true, \"autoplay\": true, \"autoplay_speed\": 2000, \"loop\": true, \"autoHeight\": false, \"lazy\":  true, \"simulateTouch\": true, \"freeMode\": false, \"slider_mouse_wheel\": false,\"allowTouchMove\": true, \"slidesPerView\": {\"lg_desktop\": 3, \"desktop\": 3, \"tablet\": 2, \"mobile_landscape\": 1, \"mobile\": 1}, \"navigation_mobile\": true, \"pagination_mobile\": true, \"stop_onHover\": true, \"enabled\": true, \"prevSlideMessage\": \"Previous slide\", \"nextSlideMessage\": \"Next slide\", \"firstSlideMessage\": \"This is the first slide\", \"lastSlideMessage\": \"This is the last slide\", \"keyboard\": \"true\", \"paginationBulletMessage\": \"Go to slide {{index}}\" }'>\n\t\t\t<div class=\"swiper-wrapper\">\n\t\t\t\t\t\t<div class=\" swiper-slide swiper-lazy\">\n\t\t\t<div class=\"sp-pcp-post default pcp-item-38643\" data-id=\"38643\">\n\t\t\t\t\t\t\t\t<div class=\"pcp-post-thumb-wrapper\">\n\t\t\t\t\t<div class=\"sp-pcp-post-thumb-area\">\n\t\t\t\t\t\t\t\t\t\t\t\t<a class=\"sp-pcp-thumb\" href=\"https:\/\/agencia.unq.edu.ar\/?p=38643\" target=\"_self\" >\n\t\t\t\t\t\t\t\t\t\t\t\t\t<img loading=\"lazy\" decoding=\"async\" src=\"https:\/\/agencia.unq.edu.ar\/wp-content\/uploads\/2026\/08\/Nublado.jpg\" width=\"1040\" height=\"420\" alt=\"Seg\u00fan el SMN, la tendencia de los d\u00edas nublados podr\u00edan continuar hasta octubre. Cr\u00e9ditos: Radio del plata.\">\n\t\t\t\t\t\t<\/a>\n\t\t\t\t\t<\/div>\n\t\t\t\t<\/div>\n\t\t\t\t\t\t\t\t<div class=\"sp-pcp-post-details\">\n\t\t\t\t\t<div class=\"sp-pcp-post-details-content\">\n\t\t\t\t\t\t\t\t<h4 class=\"sp-pcp-title\">\n\t\t\t\t\t\t\t\t\t<a href=\"https:\/\/agencia.unq.edu.ar\/?p=38643\"  target=\"_self\">Menos luz, menos \u00e1nimo: \u00bfde qu\u00e9 manera los d\u00edas nublados pueden afectar el reloj biol\u00f3gico\u00a0de las personas?<\/a>\t\t\t\t\t\t\t<\/h4>\n\t\t\t\t\t\t\t\t\t<\/div>\n\t\t\t\t<\/div>\n\t\t\t<\/div>\n\t\t<\/div>\n\t\t\t\t<div class=\" swiper-slide swiper-lazy\">\n\t\t\t<div class=\"sp-pcp-post default pcp-item-38503\" data-id=\"38503\">\n\t\t\t\t\t\t\t\t<div class=\"pcp-post-thumb-wrapper\">\n\t\t\t\t\t<div class=\"sp-pcp-post-thumb-area\">\n\t\t\t\t\t\t\t\t\t\t\t\t<a class=\"sp-pcp-thumb\" href=\"https:\/\/agencia.unq.edu.ar\/?p=38503\" target=\"_self\" >\n\t\t\t\t\t\t\t\t\t\t\t\t\t<img loading=\"lazy\" decoding=\"async\" src=\"https:\/\/agencia.unq.edu.ar\/wp-content\/uploads\/2026\/08\/argentina.gob_.jpg\" width=\"1040\" height=\"420\" alt=\"La perfusi\u00f3n regional normot\u00e9rmica restablece de manera controlada sangre y ox\u00edgeno en determinados \u00f3rganos despu\u00e9s de certificarse el fallecimiento del donante. Cr\u00e9ditos: Argentina.gob.\">\n\t\t\t\t\t\t<\/a>\n\t\t\t\t\t<\/div>\n\t\t\t\t<\/div>\n\t\t\t\t\t\t\t\t<div class=\"sp-pcp-post-details\">\n\t\t\t\t\t<div class=\"sp-pcp-post-details-content\">\n\t\t\t\t\t\t\t\t<h4 class=\"sp-pcp-title\">\n\t\t\t\t\t\t\t\t\t<a href=\"https:\/\/agencia.unq.edu.ar\/?p=38503\"  target=\"_self\">Trasplante de \u00f3rganos en Argentina: c\u00f3mo funciona la nueva t\u00e9cnica que aprob\u00f3 el INCUCAI<\/a>\t\t\t\t\t\t\t<\/h4>\n\t\t\t\t\t\t\t\t\t<\/div>\n\t\t\t\t<\/div>\n\t\t\t<\/div>\n\t\t<\/div>\n\t\t\t\t<div class=\" swiper-slide swiper-lazy\">\n\t\t\t<div class=\"sp-pcp-post default pcp-item-38461\" data-id=\"38461\">\n\t\t\t\t\t\t\t\t<div class=\"pcp-post-thumb-wrapper\">\n\t\t\t\t\t<div class=\"sp-pcp-post-thumb-area\">\n\t\t\t\t\t\t\t\t\t\t\t\t<a class=\"sp-pcp-thumb\" href=\"https:\/\/agencia.unq.edu.ar\/?p=38461\" target=\"_self\" >\n\t\t\t\t\t\t\t\t\t\t\t\t\t<img loading=\"lazy\" decoding=\"async\" src=\"https:\/\/agencia.unq.edu.ar\/wp-content\/uploads\/2026\/08\/istock.jpg\" width=\"1040\" height=\"420\" alt=\"Una ca\u00edda a alta velocidad puede provocar traumatismos importantes, especialmente cuando los chicos circulan sin casco ni supervisi\u00f3n adecuada. Cr\u00e9dito: Istock.\">\n\t\t\t\t\t\t<\/a>\n\t\t\t\t\t<\/div>\n\t\t\t\t<\/div>\n\t\t\t\t\t\t\t\t<div class=\"sp-pcp-post-details\">\n\t\t\t\t\t<div class=\"sp-pcp-post-details-content\">\n\t\t\t\t\t\t\t\t<h4 class=\"sp-pcp-title\">\n\t\t\t\t\t\t\t\t\t<a href=\"https:\/\/agencia.unq.edu.ar\/?p=38461\"  target=\"_self\">Monopatines el\u00e9ctricos: el juguete que no es un juguete y ya preocupa a los m\u00e9dicos<\/a>\t\t\t\t\t\t\t<\/h4>\n\t\t\t\t\t\t\t\t\t<\/div>\n\t\t\t\t<\/div>\n\t\t\t<\/div>\n\t\t<\/div>\n\t\t\t\t<div class=\" swiper-slide swiper-lazy\">\n\t\t\t<div class=\"sp-pcp-post default pcp-item-38390\" data-id=\"38390\">\n\t\t\t\t\t\t\t\t<div class=\"pcp-post-thumb-wrapper\">\n\t\t\t\t\t<div class=\"sp-pcp-post-thumb-area\">\n\t\t\t\t\t\t\t\t\t\t\t\t<a class=\"sp-pcp-thumb\" href=\"https:\/\/agencia.unq.edu.ar\/?p=38390\" target=\"_self\" >\n\t\t\t\t\t\t\t\t\t\t\t\t\t<img loading=\"lazy\" decoding=\"async\" src=\"https:\/\/agencia.unq.edu.ar\/wp-content\/uploads\/2026\/08\/wallmart.jpg\" width=\"1040\" height=\"420\" alt=\"Un nuevo estudio pone bajo la lupa al pl\u00e1stico de los envases. Cr\u00e9dito: Walmart.\">\n\t\t\t\t\t\t<\/a>\n\t\t\t\t\t<\/div>\n\t\t\t\t<\/div>\n\t\t\t\t\t\t\t\t<div class=\"sp-pcp-post-details\">\n\t\t\t\t\t<div class=\"sp-pcp-post-details-content\">\n\t\t\t\t\t\t\t\t<h4 class=\"sp-pcp-title\">\n\t\t\t\t\t\t\t\t\t<a href=\"https:\/\/agencia.unq.edu.ar\/?p=38390\"  target=\"_self\">Descubren un nuevo factor que podr\u00eda empeorar el h\u00edgado graso<\/a>\t\t\t\t\t\t\t<\/h4>\n\t\t\t\t\t\t\t\t\t<\/div>\n\t\t\t\t<\/div>\n\t\t\t<\/div>\n\t\t<\/div>\n\t\t\t\t<div class=\" swiper-slide swiper-lazy\">\n\t\t\t<div class=\"sp-pcp-post default pcp-item-38358\" data-id=\"38358\">\n\t\t\t\t\t\t\t\t<div class=\"pcp-post-thumb-wrapper\">\n\t\t\t\t\t<div class=\"sp-pcp-post-thumb-area\">\n\t\t\t\t\t\t\t\t\t\t\t\t<a class=\"sp-pcp-thumb\" href=\"https:\/\/agencia.unq.edu.ar\/?p=38358\" target=\"_self\" >\n\t\t\t\t\t\t\t\t\t\t\t\t\t<img loading=\"lazy\" decoding=\"async\" src=\"https:\/\/agencia.unq.edu.ar\/wp-content\/uploads\/2026\/08\/Salud-mental-redes-sociales.jpg\" width=\"1040\" height=\"420\" alt=\"Cr\u00e9ditos: Psicolog\u00eda y Mente.\">\n\t\t\t\t\t\t<\/a>\n\t\t\t\t\t<\/div>\n\t\t\t\t<\/div>\n\t\t\t\t\t\t\t\t<div class=\"sp-pcp-post-details\">\n\t\t\t\t\t<div class=\"sp-pcp-post-details-content\">\n\t\t\t\t\t\t\t\t<h4 class=\"sp-pcp-title\">\n\t\t\t\t\t\t\t\t\t<a href=\"https:\/\/agencia.unq.edu.ar\/?p=38358\"  target=\"_self\">Un estudio demuestra que las redes sociales pueden generar ansiedad en cuesti\u00f3n de minutos\u00a0<\/a>\t\t\t\t\t\t\t<\/h4>\n\t\t\t\t\t\t\t\t\t<\/div>\n\t\t\t\t<\/div>\n\t\t\t<\/div>\n\t\t<\/div>\n\t\t\t\t<div class=\" swiper-slide swiper-lazy\">\n\t\t\t<div class=\"sp-pcp-post default pcp-item-38297\" data-id=\"38297\">\n\t\t\t\t\t\t\t\t<div class=\"pcp-post-thumb-wrapper\">\n\t\t\t\t\t<div class=\"sp-pcp-post-thumb-area\">\n\t\t\t\t\t\t\t\t\t\t\t\t<a class=\"sp-pcp-thumb\" href=\"https:\/\/agencia.unq.edu.ar\/?p=38297\" target=\"_self\" >\n\t\t\t\t\t\t\t\t\t\t\t\t\t<img loading=\"lazy\" decoding=\"async\" src=\"https:\/\/agencia.unq.edu.ar\/wp-content\/uploads\/2026\/08\/Ideali-de-belleza.jpg\" width=\"1040\" height=\"420\" alt=\"Cr\u00e9ditos: Aragolaser.\">\n\t\t\t\t\t\t<\/a>\n\t\t\t\t\t<\/div>\n\t\t\t\t<\/div>\n\t\t\t\t\t\t\t\t<div class=\"sp-pcp-post-details\">\n\t\t\t\t\t<div class=\"sp-pcp-post-details-content\">\n\t\t\t\t\t\t\t\t<h4 class=\"sp-pcp-title\">\n\t\t\t\t\t\t\t\t\t<a href=\"https:\/\/agencia.unq.edu.ar\/?p=38297\"  target=\"_self\">&#8220;Alloclae&#8221; y &#8220;yesoterapia&#8221;: \u00bfpor qu\u00e9 siempre aparece una nueva forma de modificar el cuerpo?<\/a>\t\t\t\t\t\t\t<\/h4>\n\t\t\t\t\t\t\t\t\t<\/div>\n\t\t\t\t<\/div>\n\t\t\t<\/div>\n\t\t<\/div>\n\t\t\t\t<div class=\" swiper-slide swiper-lazy\">\n\t\t\t<div class=\"sp-pcp-post default pcp-item-38265\" data-id=\"38265\">\n\t\t\t\t\t\t\t\t<div class=\"pcp-post-thumb-wrapper\">\n\t\t\t\t\t<div class=\"sp-pcp-post-thumb-area\">\n\t\t\t\t\t\t\t\t\t\t\t\t<a class=\"sp-pcp-thumb\" href=\"https:\/\/agencia.unq.edu.ar\/?p=38265\" target=\"_self\" >\n\t\t\t\t\t\t\t\t\t\t\t\t\t<img loading=\"lazy\" decoding=\"async\" src=\"https:\/\/agencia.unq.edu.ar\/wp-content\/uploads\/2026\/08\/Diagnostico-y-redes-sociales-salud-mental.jpg\" width=\"1040\" height=\"420\" alt=\"Cr\u00e9ditos: Ennewsssv.com\">\n\t\t\t\t\t\t<\/a>\n\t\t\t\t\t<\/div>\n\t\t\t\t<\/div>\n\t\t\t\t\t\t\t\t<div class=\"sp-pcp-post-details\">\n\t\t\t\t\t<div class=\"sp-pcp-post-details-content\">\n\t\t\t\t\t\t\t\t<h4 class=\"sp-pcp-title\">\n\t\t\t\t\t\t\t\t\t<a href=\"https:\/\/agencia.unq.edu.ar\/?p=38265\"  target=\"_self\">Entre algoritmos y autodiagn\u00f3sticos: c\u00f3mo las redes sociales moldean la conversaci\u00f3n sobre salud mental<\/a>\t\t\t\t\t\t\t<\/h4>\n\t\t\t\t\t\t\t\t\t<\/div>\n\t\t\t\t<\/div>\n\t\t\t<\/div>\n\t\t<\/div>\n\t\t\t\t<div class=\" swiper-slide swiper-lazy\">\n\t\t\t<div class=\"sp-pcp-post default pcp-item-38239\" data-id=\"38239\">\n\t\t\t\t\t\t\t\t<div class=\"pcp-post-thumb-wrapper\">\n\t\t\t\t\t<div class=\"sp-pcp-post-thumb-area\">\n\t\t\t\t\t\t\t\t\t\t\t\t<a class=\"sp-pcp-thumb\" href=\"https:\/\/agencia.unq.edu.ar\/?p=38239\" target=\"_self\" >\n\t\t\t\t\t\t\t\t\t\t\t\t\t<img loading=\"lazy\" decoding=\"async\" src=\"https:\/\/agencia.unq.edu.ar\/wp-content\/uploads\/2026\/07\/doulasofraleigh.jpg\" width=\"1040\" height=\"420\" alt=\"La preparaci\u00f3n prenatal poco realista puede dejar a muchas mujeres sin herramientas para afrontar dolor, dudas sobre la leche y problemas de agarre. Cr\u00e9ditos: Doulasofraleigh.\">\n\t\t\t\t\t\t<\/a>\n\t\t\t\t\t<\/div>\n\t\t\t\t<\/div>\n\t\t\t\t\t\t\t\t<div class=\"sp-pcp-post-details\">\n\t\t\t\t\t<div class=\"sp-pcp-post-details-content\">\n\t\t\t\t\t\t\t\t<h4 class=\"sp-pcp-title\">\n\t\t\t\t\t\t\t\t\t<a href=\"https:\/\/agencia.unq.edu.ar\/?p=38239\"  target=\"_self\">Lactancia personalizada: qu\u00e9 apoyo necesitan las mujeres<\/a>\t\t\t\t\t\t\t<\/h4>\n\t\t\t\t\t\t\t\t\t<\/div>\n\t\t\t\t<\/div>\n\t\t\t<\/div>\n\t\t<\/div>\n\t\t\t\t<div class=\" swiper-slide swiper-lazy\">\n\t\t\t<div class=\"sp-pcp-post default pcp-item-5965\" data-id=\"5965\">\n\t\t\t\t\t\t\t\t<div class=\"pcp-post-thumb-wrapper\">\n\t\t\t\t\t<div class=\"sp-pcp-post-thumb-area\">\n\t\t\t\t\t\t\t\t\t\t\t\t<a class=\"sp-pcp-thumb\" href=\"https:\/\/agencia.unq.edu.ar\/?p=5965\" target=\"_self\" >\n\t\t\t\t\t\t\t\t\t\t\t\t\t<img loading=\"lazy\" decoding=\"async\" src=\"https:\/\/agencia.unq.edu.ar\/wp-content\/uploads\/2022\/07\/Lactancia-leche-materna.jpg\" width=\"1040\" height=\"420\" alt=\"La lactancia materna es fundamental en la defensa contra enfermedades. Cr\u00e9ditos: Andina.\">\n\t\t\t\t\t\t<\/a>\n\t\t\t\t\t<\/div>\n\t\t\t\t<\/div>\n\t\t\t\t\t\t\t\t<div class=\"sp-pcp-post-details\">\n\t\t\t\t\t<div class=\"sp-pcp-post-details-content\">\n\t\t\t\t\t\t\t\t<h4 class=\"sp-pcp-title\">\n\t\t\t\t\t\t\t\t\t<a href=\"https:\/\/agencia.unq.edu.ar\/?p=5965\"  target=\"_self\">La lactancia materna beneficia a los beb\u00e9s y a las personas que amamantan<\/a>\t\t\t\t\t\t\t<\/h4>\n\t\t\t\t\t\t\t\t\t<\/div>\n\t\t\t\t<\/div>\n\t\t\t<\/div>\n\t\t<\/div>\n\t\t\t\t<div class=\" swiper-slide swiper-lazy\">\n\t\t\t<div class=\"sp-pcp-post default pcp-item-38165\" data-id=\"38165\">\n\t\t\t\t\t\t\t\t<div class=\"pcp-post-thumb-wrapper\">\n\t\t\t\t\t<div class=\"sp-pcp-post-thumb-area\">\n\t\t\t\t\t\t\t\t\t\t\t\t<a class=\"sp-pcp-thumb\" href=\"https:\/\/agencia.unq.edu.ar\/?p=38165\" target=\"_self\" >\n\t\t\t\t\t\t\t\t\t\t\t\t\t<img loading=\"lazy\" decoding=\"async\" src=\"https:\/\/agencia.unq.edu.ar\/wp-content\/uploads\/2026\/07\/pexels-1.jpg\" width=\"1040\" height=\"420\" alt=\"La prevenci\u00f3n de la demencia comienza mucho antes de que aparezcan los primeros olvidos: actividad f\u00edsica, v\u00ednculos sociales y control de la salud pueden ayudar a reducir el riesgo. Cr\u00e9dito: Pexels.\">\n\t\t\t\t\t\t<\/a>\n\t\t\t\t\t<\/div>\n\t\t\t\t<\/div>\n\t\t\t\t\t\t\t\t<div class=\"sp-pcp-post-details\">\n\t\t\t\t\t<div class=\"sp-pcp-post-details-content\">\n\t\t\t\t\t\t\t\t<h4 class=\"sp-pcp-title\">\n\t\t\t\t\t\t\t\t\t<a href=\"https:\/\/agencia.unq.edu.ar\/?p=38165\"  target=\"_self\">La OMS sugiere nuevas pautas para reducir las chances de tener demencia<\/a>\t\t\t\t\t\t\t<\/h4>\n\t\t\t\t\t\t\t\t\t<\/div>\n\t\t\t\t<\/div>\n\t\t\t<\/div>\n\t\t<\/div>\n\t\t\t\t<div class=\" swiper-slide swiper-lazy\">\n\t\t\t<div class=\"sp-pcp-post default pcp-item-38038\" data-id=\"38038\">\n\t\t\t\t\t\t\t\t<div class=\"pcp-post-thumb-wrapper\">\n\t\t\t\t\t<div class=\"sp-pcp-post-thumb-area\">\n\t\t\t\t\t\t\t\t\t\t\t\t<a class=\"sp-pcp-thumb\" href=\"https:\/\/agencia.unq.edu.ar\/?p=38038\" target=\"_self\" >\n\t\t\t\t\t\t\t\t\t\t\t\t\t<img loading=\"lazy\" decoding=\"async\" src=\"https:\/\/agencia.unq.edu.ar\/wp-content\/uploads\/2026\/07\/cancer.jpg\" width=\"1040\" height=\"420\" alt=\"La detecci\u00f3n temprana, la prevenci\u00f3n y el acceso equitativo a tratamientos ser\u00e1n claves para enfrentar el aumento mundial de los casos de c\u00e1ncer hacia 2050. Cr\u00e9dito: clatterbridgecc.\">\n\t\t\t\t\t\t<\/a>\n\t\t\t\t\t<\/div>\n\t\t\t\t<\/div>\n\t\t\t\t\t\t\t\t<div class=\"sp-pcp-post-details\">\n\t\t\t\t\t<div class=\"sp-pcp-post-details-content\">\n\t\t\t\t\t\t\t\t<h4 class=\"sp-pcp-title\">\n\t\t\t\t\t\t\t\t\t<a href=\"https:\/\/agencia.unq.edu.ar\/?p=38038\"  target=\"_self\">La OMS alerta: el c\u00e1ncer podr\u00eda llegar a 35 millones de nuevos casos anuales en 2050<\/a>\t\t\t\t\t\t\t<\/h4>\n\t\t\t\t\t\t\t\t\t<\/div>\n\t\t\t\t<\/div>\n\t\t\t<\/div>\n\t\t<\/div>\n\t\t\t\t<div class=\" swiper-slide swiper-lazy\">\n\t\t\t<div class=\"sp-pcp-post default pcp-item-37876\" data-id=\"37876\">\n\t\t\t\t\t\t\t\t<div class=\"pcp-post-thumb-wrapper\">\n\t\t\t\t\t<div class=\"sp-pcp-post-thumb-area\">\n\t\t\t\t\t\t\t\t\t\t\t\t<a class=\"sp-pcp-thumb\" href=\"https:\/\/agencia.unq.edu.ar\/?p=37876\" target=\"_self\" >\n\t\t\t\t\t\t\t\t\t\t\t\t\t<img loading=\"lazy\" decoding=\"async\" src=\"https:\/\/agencia.unq.edu.ar\/wp-content\/uploads\/2026\/07\/Dormir-calor.jpg\" width=\"1040\" height=\"420\" alt=\"Cr\u00e9ditos: El confidencial.\">\n\t\t\t\t\t\t<\/a>\n\t\t\t\t\t<\/div>\n\t\t\t\t<\/div>\n\t\t\t\t\t\t\t\t<div class=\"sp-pcp-post-details\">\n\t\t\t\t\t<div class=\"sp-pcp-post-details-content\">\n\t\t\t\t\t\t\t\t<h4 class=\"sp-pcp-title\">\n\t\t\t\t\t\t\t\t\t<a href=\"https:\/\/agencia.unq.edu.ar\/?p=37876\"  target=\"_self\">Seg\u00fan un estudio, una persona pierde siete noches de sue\u00f1o al a\u00f1o debido a las altas temperaturas nocturnas<\/a>\t\t\t\t\t\t\t<\/h4>\n\t\t\t\t\t\t\t\t\t<\/div>\n\t\t\t\t<\/div>\n\t\t\t<\/div>\n\t\t<\/div>\n\t\t\t\t<div class=\" swiper-slide swiper-lazy\">\n\t\t\t<div class=\"sp-pcp-post default pcp-item-37824\" data-id=\"37824\">\n\t\t\t\t\t\t\t\t<div class=\"pcp-post-thumb-wrapper\">\n\t\t\t\t\t<div class=\"sp-pcp-post-thumb-area\">\n\t\t\t\t\t\t\t\t\t\t\t\t<a class=\"sp-pcp-thumb\" href=\"https:\/\/agencia.unq.edu.ar\/?p=37824\" target=\"_self\" >\n\t\t\t\t\t\t\t\t\t\t\t\t\t<img loading=\"lazy\" decoding=\"async\" src=\"https:\/\/agencia.unq.edu.ar\/wp-content\/uploads\/2026\/07\/magnesio-griproom.jpg\" width=\"1040\" height=\"420\" alt=\"Una c\u00e1psula antes de dormir: una promesa sencilla que la ciencia todav\u00eda analiza con cautela. Cr\u00e9dito: Griproom.\">\n\t\t\t\t\t\t<\/a>\n\t\t\t\t\t<\/div>\n\t\t\t\t<\/div>\n\t\t\t\t\t\t\t\t<div class=\"sp-pcp-post-details\">\n\t\t\t\t\t<div class=\"sp-pcp-post-details-content\">\n\t\t\t\t\t\t\t\t<h4 class=\"sp-pcp-title\">\n\t\t\t\t\t\t\t\t\t<a href=\"https:\/\/agencia.unq.edu.ar\/?p=37824\"  target=\"_self\">El boom del magnesio: cu\u00e1nto hay de ciencia y cu\u00e1nto de marketing detr\u00e1s del suplemento de moda<\/a>\t\t\t\t\t\t\t<\/h4>\n\t\t\t\t\t\t\t\t\t<\/div>\n\t\t\t\t<\/div>\n\t\t\t<\/div>\n\t\t<\/div>\n\t\t\t\t<div class=\" swiper-slide swiper-lazy\">\n\t\t\t<div class=\"sp-pcp-post default pcp-item-37729\" data-id=\"37729\">\n\t\t\t\t\t\t\t\t<div class=\"pcp-post-thumb-wrapper\">\n\t\t\t\t\t<div class=\"sp-pcp-post-thumb-area\">\n\t\t\t\t\t\t\t\t\t\t\t\t<a class=\"sp-pcp-thumb\" href=\"https:\/\/agencia.unq.edu.ar\/?p=37729\" target=\"_self\" >\n\t\t\t\t\t\t\t\t\t\t\t\t\t<img loading=\"lazy\" decoding=\"async\" src=\"https:\/\/agencia.unq.edu.ar\/wp-content\/uploads\/2026\/07\/Infertilidad-.jpg\" width=\"1040\" height=\"420\" alt=\"Cr\u00e9ditos: Cl\u00ednicas por tu salud.\">\n\t\t\t\t\t\t<\/a>\n\t\t\t\t\t<\/div>\n\t\t\t\t<\/div>\n\t\t\t\t\t\t\t\t<div class=\"sp-pcp-post-details\">\n\t\t\t\t\t<div class=\"sp-pcp-post-details-content\">\n\t\t\t\t\t\t\t\t<h4 class=\"sp-pcp-title\">\n\t\t\t\t\t\t\t\t\t<a href=\"https:\/\/agencia.unq.edu.ar\/?p=37729\"  target=\"_self\">Un estudio advierte que 80 millones de mujeres podr\u00edan padecer infertilidad hacia 2036<\/a>\t\t\t\t\t\t\t<\/h4>\n\t\t\t\t\t\t\t\t\t<\/div>\n\t\t\t\t<\/div>\n\t\t\t<\/div>\n\t\t<\/div>\n\t\t\t\t<div class=\" swiper-slide swiper-lazy\">\n\t\t\t<div class=\"sp-pcp-post default pcp-item-37668\" data-id=\"37668\">\n\t\t\t\t\t\t\t\t<div class=\"pcp-post-thumb-wrapper\">\n\t\t\t\t\t<div class=\"sp-pcp-post-thumb-area\">\n\t\t\t\t\t\t\t\t\t\t\t\t<a class=\"sp-pcp-thumb\" href=\"https:\/\/agencia.unq.edu.ar\/?p=37668\" target=\"_self\" >\n\t\t\t\t\t\t\t\t\t\t\t\t\t<img loading=\"lazy\" decoding=\"async\" src=\"https:\/\/agencia.unq.edu.ar\/wp-content\/uploads\/2026\/07\/IStock-1.jpg\" width=\"1040\" height=\"420\" alt=\"La soledad no siempre se ve, pero tambi\u00e9n enferma: la OMS advierte que la desconexi\u00f3n social afecta a una de cada seis personas en el mundo y ya es considerada un problema de salud p\u00fablica global. Cr\u00e9dito: IStock.\">\n\t\t\t\t\t\t<\/a>\n\t\t\t\t\t<\/div>\n\t\t\t\t<\/div>\n\t\t\t\t\t\t\t\t<div class=\"sp-pcp-post-details\">\n\t\t\t\t\t<div class=\"sp-pcp-post-details-content\">\n\t\t\t\t\t\t\t\t<h4 class=\"sp-pcp-title\">\n\t\t\t\t\t\t\t\t\t<a href=\"https:\/\/agencia.unq.edu.ar\/?p=37668\"  target=\"_self\">La soledad ya no es tristeza: es un problema de salud p\u00fablica global<\/a>\t\t\t\t\t\t\t<\/h4>\n\t\t\t\t\t\t\t\t\t<\/div>\n\t\t\t\t<\/div>\n\t\t\t<\/div>\n\t\t<\/div>\n\t\t\t\t<div class=\" swiper-slide swiper-lazy\">\n\t\t\t<div class=\"sp-pcp-post default pcp-item-37662\" data-id=\"37662\">\n\t\t\t\t\t\t\t\t<div class=\"pcp-post-thumb-wrapper\">\n\t\t\t\t\t<div class=\"sp-pcp-post-thumb-area\">\n\t\t\t\t\t\t\t\t\t\t\t\t<a class=\"sp-pcp-thumb\" href=\"https:\/\/agencia.unq.edu.ar\/?p=37662\" target=\"_self\" >\n\t\t\t\t\t\t\t\t\t\t\t\t\t<img loading=\"lazy\" decoding=\"async\" src=\"https:\/\/agencia.unq.edu.ar\/wp-content\/uploads\/2026\/07\/TCA.jpg\" width=\"1040\" height=\"420\" alt=\"Argentina es considerado el segundo pa\u00eds con m\u00e1s casos de trastornos de la conducta alimentaria (TCA) a nivel mundial. Cr\u00e9ditos: Programa Desconecta.\">\n\t\t\t\t\t\t<\/a>\n\t\t\t\t\t<\/div>\n\t\t\t\t<\/div>\n\t\t\t\t\t\t\t\t<div class=\"sp-pcp-post-details\">\n\t\t\t\t\t<div class=\"sp-pcp-post-details-content\">\n\t\t\t\t\t\t\t\t<h4 class=\"sp-pcp-title\">\n\t\t\t\t\t\t\t\t\t<a href=\"https:\/\/agencia.unq.edu.ar\/?p=37662\"  target=\"_self\">Qu\u00e9 es el &#8220;plastic eating&#8221;, el fen\u00f3meno viral que incita a los trastornos de conducta alimenticia<\/a>\t\t\t\t\t\t\t<\/h4>\n\t\t\t\t\t\t\t\t\t<\/div>\n\t\t\t\t<\/div>\n\t\t\t<\/div>\n\t\t<\/div>\n\t\t\t\t\t<\/div>\n\t\t\t\t\t\t<div class=\"pcp-pagination swiper-pagination dots\"><\/div>\n\t\t\t\t\t\t\t\t\t\t<div class=\"pcp-button-next swiper-button-next top_right\"><i class=\"fa fa-angle-right\"><\/i><\/div>\n\t\t\t\t<div class=\"pcp-button-prev swiper-button-prev top_right\"><i class=\"fa fa-angle-left\"><\/i><\/div>\t<\/div>\n<\/div>\n\n\n\n\n<hr class=\"wp-block-separator has-text-color has-css-opacity has-background is-style-wide\" style=\"background-color:#fea50e;color:#fea50e\"\/>\n\n\n\n<p class=\"has-vivid-green-cyan-color has-text-color wp-block-paragraph\"> <\/p>\n","protected":false},"excerpt":{"rendered":"<p>Analizaron el caso de un paciente que, durante las crisis, presentaba movimientos r\u00edtmicos similares a una danza. Buscan comprender los fundamentos neuronales subyacentes.<\/p>\n","protected":false},"author":9,"featured_media":18558,"comment_status":"open","ping_status":"closed","sticky":false,"template":"","format":"standard","meta":{"_uag_custom_page_level_css":"","_monsterinsights_skip_tracking":false,"site-sidebar-layout":"default","site-content-layout":"","ast-site-content-layout":"default","site-content-style":"default","site-sidebar-style":"default","ast-global-header-display":"","ast-banner-title-visibility":"","ast-main-header-display":"","ast-hfb-above-header-display":"","ast-hfb-below-header-display":"","ast-hfb-mobile-header-display":"","site-post-title":"","ast-breadcrumbs-content":"","ast-featured-img":"","footer-sml-layout":"","ast-disable-related-posts":"","theme-transparent-header-meta":"","adv-header-id-meta":"","stick-header-meta":"","header-above-stick-meta":"","header-main-stick-meta":"","header-below-stick-meta":"","astra-migrate-meta-layouts":"default","ast-page-background-enabled":"default","ast-page-background-meta":{"desktop":{"background-color":"var(--ast-global-color-4)","background-image":"","background-repeat":"repeat","background-position":"center center","background-size":"auto","background-attachment":"scroll","background-type":"","background-media":"","overlay-type":"","overlay-color":"","overlay-opacity":"","overlay-gradient":""},"tablet":{"background-color":"","background-image":"","background-repeat":"repeat","background-position":"center center","background-size":"auto","background-attachment":"scroll","background-type":"","background-media":"","overlay-type":"","overlay-color":"","overlay-opacity":"","overlay-gradient":""},"mobile":{"background-color":"","background-image":"","background-repeat":"repeat","background-position":"center center","background-size":"auto","background-attachment":"scroll","background-type":"","background-media":"","overlay-type":"","overlay-color":"","overlay-opacity":"","overlay-gradient":""}},"ast-content-background-meta":{"desktop":{"background-color":"var(--ast-global-color-5)","background-image":"","background-repeat":"repeat","background-position":"center center","background-size":"auto","background-attachment":"scroll","background-type":"","background-media":"","overlay-type":"","overlay-color":"","overlay-opacity":"","overlay-gradient":""},"tablet":{"background-color":"var(--ast-global-color-5)","background-image":"","background-repeat":"repeat","background-position":"center center","background-size":"auto","background-attachment":"scroll","background-type":"","background-media":"","overlay-type":"","overlay-color":"","overlay-opacity":"","overlay-gradient":""},"mobile":{"background-color":"var(--ast-global-color-5)","background-image":"","background-repeat":"repeat","background-position":"center center","background-size":"auto","background-attachment":"scroll","background-type":"","background-media":"","overlay-type":"","overlay-color":"","overlay-opacity":"","overlay-gradient":""}},"footnotes":""},"categories":[16,9],"tags":[606,891],"class_list":["post-18492","post","type-post","status-publish","format-standard","has-post-thumbnail","hentry","category-noticia-destacada","category-salud","tag-epilepsia","tag-magdalena-biota"],"aioseo_notices":[],"aioseo_head":"\n\t\t<!-- All in One SEO 5.0.0.1 - aioseo.com -->\n\t<meta name=\"description\" content=\"El contenido propone masticar un alimento envuelto en pl\u00e1stico y escupirlo. Se vende como un truco para adelgazar r\u00e1pido, pero esconde peligros para la salud.\" \/>\n\t<meta name=\"robots\" content=\"max-image-preview:large\" \/>\n\t<meta name=\"author\" content=\"Luciana Mazzini Puga\"\/>\n\t<link rel=\"canonical\" href=\"https:\/\/agencia.unq.edu.ar\/?p=37662\" \/>\n\t<meta name=\"generator\" content=\"All in One SEO (AIOSEO) 5.0.0.1\" \/>\n\t\t<meta property=\"og:locale\" content=\"es_ES\" \/>\n\t\t<meta property=\"og:site_name\" content=\"Agencia de Noticias Cient\u00edficas de la UNQ\" \/>\n\t\t<meta property=\"og:type\" content=\"article\" \/>\n\t\t<meta property=\"og:title\" content=\"Qu\u00e9 es el \u201cplastic eating\u201d, el fen\u00f3meno viral que incita a los trastornos de conducta alimenticia - Agencia de Noticias Cient\u00edficas de la UNQ\" \/>\n\t\t<meta property=\"og:description\" content=\"El contenido propone masticar un alimento envuelto en pl\u00e1stico y escupirlo. Se vende como un truco para adelgazar r\u00e1pido, pero esconde peligros para la salud.\" \/>\n\t\t<meta property=\"og:url\" content=\"https:\/\/agencia.unq.edu.ar\/?p=37662\" \/>\n\t\t<meta property=\"og:image\" content=\"https:\/\/agencia.unq.edu.ar\/wp-content\/uploads\/2026\/07\/TCA.jpg\" \/>\n\t\t<meta property=\"og:image:secure_url\" content=\"https:\/\/agencia.unq.edu.ar\/wp-content\/uploads\/2026\/07\/TCA.jpg\" \/>\n\t\t<meta property=\"og:image:width\" content=\"1040\" \/>\n\t\t<meta property=\"og:image:height\" content=\"420\" \/>\n\t\t<meta property=\"article:published_time\" content=\"2026-07-03T18:58:06+00:00\" \/>\n\t\t<meta property=\"article:modified_time\" content=\"2026-07-03T18:58:06+00:00\" \/>\n\t\t<meta name=\"twitter:card\" content=\"summary_large_image\" \/>\n\t\t<meta name=\"twitter:site\" content=\"@Agencia__UNQ\" \/>\n\t\t<meta name=\"twitter:title\" content=\"Qu\u00e9 es el \u201cplastic eating\u201d, el fen\u00f3meno viral que incita a los trastornos de conducta alimenticia - Agencia de Noticias Cient\u00edficas de la UNQ\" \/>\n\t\t<meta name=\"twitter:description\" content=\"El contenido propone masticar un alimento envuelto en pl\u00e1stico y escupirlo. Se vende como un truco para adelgazar r\u00e1pido, pero esconde peligros para la salud.\" \/>\n\t\t<meta name=\"twitter:image\" content=\"https:\/\/agencia.unq.edu.ar\/wp-content\/uploads\/2026\/07\/TCA.jpg\" \/>\n\t\t<script type=\"application\/ld+json\" class=\"aioseo-schema\">\n\t\t\t{\"@context\":\"https:\\\/\\\/schema.org\",\"@graph\":[{\"@type\":\"BlogPosting\",\"@id\":\"https:\\\/\\\/agencia.unq.edu.ar\\\/?p=37662#blogposting\",\"name\":\"Qu\\u00e9 es el \\u201cplastic eating\\u201d, el fen\\u00f3meno viral que incita a los trastornos de conducta alimenticia - Agencia de Noticias Cient\\u00edficas de la UNQ\",\"headline\":\"Qu\\u00e9 es el &#8220;plastic eating&#8221;, el fen\\u00f3meno viral que incita a los trastornos de conducta alimenticia\",\"author\":{\"@id\":\"https:\\\/\\\/agencia.unq.edu.ar\\\/?author=4#author\"},\"publisher\":{\"@id\":\"https:\\\/\\\/agencia.unq.edu.ar\\\/#organization\"},\"image\":{\"@type\":\"ImageObject\",\"url\":\"https:\\\/\\\/agencia.unq.edu.ar\\\/wp-content\\\/uploads\\\/2026\\\/07\\\/TCA.jpg\",\"width\":1040,\"height\":420,\"caption\":\"Argentina es considerado el segundo pa\\u00eds con m\\u00e1s casos de trastornos de la conducta alimentaria (TCA) a nivel mundial. Cr\\u00e9ditos: Programa Desconecta.\"},\"datePublished\":\"2026-07-03T15:58:06-03:00\",\"dateModified\":\"2026-07-03T15:58:06-03:00\",\"inLanguage\":\"es-AR\",\"mainEntityOfPage\":{\"@id\":\"https:\\\/\\\/agencia.unq.edu.ar\\\/?p=37662#webpage\"},\"isPartOf\":{\"@id\":\"https:\\\/\\\/agencia.unq.edu.ar\\\/?p=37662#webpage\"},\"articleSection\":\"Noticia destacada, Salud, Cultura digital\"},{\"@type\":\"BreadcrumbList\",\"@id\":\"https:\\\/\\\/agencia.unq.edu.ar\\\/?p=37662#breadcrumblist\",\"itemListElement\":[{\"@type\":\"ListItem\",\"@id\":\"https:\\\/\\\/agencia.unq.edu.ar#listItem\",\"position\":1,\"name\":\"Home\",\"item\":\"https:\\\/\\\/agencia.unq.edu.ar\",\"nextItem\":{\"@type\":\"ListItem\",\"@id\":\"https:\\\/\\\/agencia.unq.edu.ar\\\/?cat=9#listItem\",\"name\":\"Salud\"}},{\"@type\":\"ListItem\",\"@id\":\"https:\\\/\\\/agencia.unq.edu.ar\\\/?cat=9#listItem\",\"position\":2,\"name\":\"Salud\",\"item\":\"https:\\\/\\\/agencia.unq.edu.ar\\\/?cat=9\",\"nextItem\":{\"@type\":\"ListItem\",\"@id\":\"https:\\\/\\\/agencia.unq.edu.ar\\\/?p=18492#listItem\",\"name\":\"Cient\\u00edficas argentinas estudian en qu\\u00e9 consiste el fen\\u00f3meno de la epilepsia danzante\"},\"previousItem\":{\"@type\":\"ListItem\",\"@id\":\"https:\\\/\\\/agencia.unq.edu.ar#listItem\",\"name\":\"Home\"}},{\"@type\":\"ListItem\",\"@id\":\"https:\\\/\\\/agencia.unq.edu.ar\\\/?p=18492#listItem\",\"position\":3,\"name\":\"Cient\\u00edficas argentinas estudian en qu\\u00e9 consiste el fen\\u00f3meno de la epilepsia danzante\",\"previousItem\":{\"@type\":\"ListItem\",\"@id\":\"https:\\\/\\\/agencia.unq.edu.ar\\\/?cat=9#listItem\",\"name\":\"Salud\"}}]},{\"@type\":\"Organization\",\"@id\":\"https:\\\/\\\/agencia.unq.edu.ar\\\/#organization\",\"name\":\"Agencia de noticias cient\\u00edficas\",\"description\":\"Contamos la ciencia en tiempo real\",\"url\":\"https:\\\/\\\/agencia.unq.edu.ar\\\/\",\"logo\":{\"@type\":\"ImageObject\",\"url\":\"https:\\\/\\\/agencia.unq.edu.ar\\\/wp-content\\\/uploads\\\/2025\\\/01\\\/logo-agencia-bn-sin-fondo.png\",\"@id\":\"https:\\\/\\\/agencia.unq.edu.ar\\\/?p=37662\\\/#organizationLogo\",\"width\":904,\"height\":222,\"caption\":\"Logo Agencia de Noticias Cient\\u00edficas de la UNQ\"},\"image\":{\"@id\":\"https:\\\/\\\/agencia.unq.edu.ar\\\/?p=37662\\\/#organizationLogo\"},\"sameAs\":[\"https:\\\/\\\/www.instagram.com\\\/agencia_noticias_unq\\\/\"]},{\"@type\":\"Person\",\"@id\":\"https:\\\/\\\/agencia.unq.edu.ar\\\/?author=4#author\",\"url\":\"https:\\\/\\\/agencia.unq.edu.ar\\\/?author=4\",\"name\":\"Luciana Mazzini Puga\",\"image\":{\"@type\":\"ImageObject\",\"@id\":\"https:\\\/\\\/agencia.unq.edu.ar\\\/?p=37662#authorImage\",\"url\":\"https:\\\/\\\/secure.gravatar.com\\\/avatar\\\/ef15c009bb55321a209ea0f058774f405c2573f130a939a58534f80578e5e39b?s=96&d=mm&r=g\",\"width\":96,\"height\":96,\"caption\":\"Luciana Mazzini Puga\"}},{\"@type\":\"WebPage\",\"@id\":\"https:\\\/\\\/agencia.unq.edu.ar\\\/?p=37662#webpage\",\"url\":\"https:\\\/\\\/agencia.unq.edu.ar\\\/?p=37662\",\"name\":\"Qu\\u00e9 es el \\u201cplastic eating\\u201d, el fen\\u00f3meno viral que incita a los trastornos de conducta alimenticia - Agencia de Noticias Cient\\u00edficas de la UNQ\",\"description\":\"El contenido propone masticar un alimento envuelto en pl\\u00e1stico y escupirlo. Se vende como un truco para adelgazar r\\u00e1pido, pero esconde peligros para la salud.\",\"inLanguage\":\"es-AR\",\"isPartOf\":{\"@id\":\"https:\\\/\\\/agencia.unq.edu.ar\\\/#website\"},\"breadcrumb\":{\"@id\":\"https:\\\/\\\/agencia.unq.edu.ar\\\/?p=37662#breadcrumblist\"},\"author\":{\"@id\":\"https:\\\/\\\/agencia.unq.edu.ar\\\/?author=4#author\"},\"creator\":{\"@id\":\"https:\\\/\\\/agencia.unq.edu.ar\\\/?author=4#author\"},\"image\":{\"@type\":\"ImageObject\",\"url\":\"https:\\\/\\\/agencia.unq.edu.ar\\\/wp-content\\\/uploads\\\/2026\\\/07\\\/TCA.jpg\",\"@id\":\"https:\\\/\\\/agencia.unq.edu.ar\\\/?p=37662\\\/#mainImage\",\"width\":1040,\"height\":420,\"caption\":\"Argentina es considerado el segundo pa\\u00eds con m\\u00e1s casos de trastornos de la conducta alimentaria (TCA) a nivel mundial. Cr\\u00e9ditos: Programa Desconecta.\"},\"primaryImageOfPage\":{\"@id\":\"https:\\\/\\\/agencia.unq.edu.ar\\\/?p=37662#mainImage\"},\"datePublished\":\"2026-07-03T15:58:06-03:00\",\"dateModified\":\"2026-07-03T15:58:06-03:00\"},{\"@type\":\"WebSite\",\"@id\":\"https:\\\/\\\/agencia.unq.edu.ar\\\/#website\",\"url\":\"https:\\\/\\\/agencia.unq.edu.ar\\\/\",\"name\":\"Agencia de noticias cient\\u00edficas\",\"description\":\"Contamos la ciencia en tiempo real\",\"inLanguage\":\"es-AR\",\"publisher\":{\"@id\":\"https:\\\/\\\/agencia.unq.edu.ar\\\/#organization\"}}]}\n\t\t<\/script>\n\t\t<!-- All in One SEO -->\n\n","aioseo_head_json":{"title":"Qu\u00e9 es el \u201cplastic eating\u201d, el fen\u00f3meno viral que incita a los trastornos de conducta alimenticia - Agencia de Noticias Cient\u00edficas de la UNQ","description":"El contenido propone masticar un alimento envuelto en pl\u00e1stico y escupirlo. Se vende como un truco para adelgazar r\u00e1pido, pero esconde peligros para la salud.","canonical_url":"https:\/\/agencia.unq.edu.ar\/?p=37662","robots":"max-image-preview:large","keywords":"","webmasterTools":{"miscellaneous":""},"schema":{"@context":"https:\/\/schema.org","@graph":[{"@type":"BlogPosting","@id":"https:\/\/agencia.unq.edu.ar\/?p=37662#blogposting","name":"Qu\u00e9 es el \u201cplastic eating\u201d, el fen\u00f3meno viral que incita a los trastornos de conducta alimenticia - Agencia de Noticias Cient\u00edficas de la UNQ","headline":"Qu\u00e9 es el &#8220;plastic eating&#8221;, el fen\u00f3meno viral que incita a los trastornos de conducta alimenticia","author":{"@id":"https:\/\/agencia.unq.edu.ar\/?author=4#author"},"publisher":{"@id":"https:\/\/agencia.unq.edu.ar\/#organization"},"image":{"@type":"ImageObject","url":"https:\/\/agencia.unq.edu.ar\/wp-content\/uploads\/2026\/07\/TCA.jpg","width":1040,"height":420,"caption":"Argentina es considerado el segundo pa\u00eds con m\u00e1s casos de trastornos de la conducta alimentaria (TCA) a nivel mundial. Cr\u00e9ditos: Programa Desconecta."},"datePublished":"2026-07-03T15:58:06-03:00","dateModified":"2026-07-03T15:58:06-03:00","inLanguage":"es-AR","mainEntityOfPage":{"@id":"https:\/\/agencia.unq.edu.ar\/?p=37662#webpage"},"isPartOf":{"@id":"https:\/\/agencia.unq.edu.ar\/?p=37662#webpage"},"articleSection":"Noticia destacada, Salud, Cultura digital"},{"@type":"BreadcrumbList","@id":"https:\/\/agencia.unq.edu.ar\/?p=37662#breadcrumblist","itemListElement":[{"@type":"ListItem","@id":"https:\/\/agencia.unq.edu.ar#listItem","position":1,"name":"Home","item":"https:\/\/agencia.unq.edu.ar","nextItem":{"@type":"ListItem","@id":"https:\/\/agencia.unq.edu.ar\/?cat=9#listItem","name":"Salud"}},{"@type":"ListItem","@id":"https:\/\/agencia.unq.edu.ar\/?cat=9#listItem","position":2,"name":"Salud","item":"https:\/\/agencia.unq.edu.ar\/?cat=9","nextItem":{"@type":"ListItem","@id":"https:\/\/agencia.unq.edu.ar\/?p=18492#listItem","name":"Cient\u00edficas argentinas estudian en qu\u00e9 consiste el fen\u00f3meno de la epilepsia danzante"},"previousItem":{"@type":"ListItem","@id":"https:\/\/agencia.unq.edu.ar#listItem","name":"Home"}},{"@type":"ListItem","@id":"https:\/\/agencia.unq.edu.ar\/?p=18492#listItem","position":3,"name":"Cient\u00edficas argentinas estudian en qu\u00e9 consiste el fen\u00f3meno de la epilepsia danzante","previousItem":{"@type":"ListItem","@id":"https:\/\/agencia.unq.edu.ar\/?cat=9#listItem","name":"Salud"}}]},{"@type":"Organization","@id":"https:\/\/agencia.unq.edu.ar\/#organization","name":"Agencia de noticias cient\u00edficas","description":"Contamos la ciencia en tiempo real","url":"https:\/\/agencia.unq.edu.ar\/","logo":{"@type":"ImageObject","url":"https:\/\/agencia.unq.edu.ar\/wp-content\/uploads\/2025\/01\/logo-agencia-bn-sin-fondo.png","@id":"https:\/\/agencia.unq.edu.ar\/?p=37662\/#organizationLogo","width":904,"height":222,"caption":"Logo Agencia de Noticias Cient\u00edficas de la UNQ"},"image":{"@id":"https:\/\/agencia.unq.edu.ar\/?p=37662\/#organizationLogo"},"sameAs":["https:\/\/www.instagram.com\/agencia_noticias_unq\/"]},{"@type":"Person","@id":"https:\/\/agencia.unq.edu.ar\/?author=4#author","url":"https:\/\/agencia.unq.edu.ar\/?author=4","name":"Luciana Mazzini Puga","image":{"@type":"ImageObject","@id":"https:\/\/agencia.unq.edu.ar\/?p=37662#authorImage","url":"https:\/\/secure.gravatar.com\/avatar\/ef15c009bb55321a209ea0f058774f405c2573f130a939a58534f80578e5e39b?s=96&d=mm&r=g","width":96,"height":96,"caption":"Luciana Mazzini Puga"}},{"@type":"WebPage","@id":"https:\/\/agencia.unq.edu.ar\/?p=37662#webpage","url":"https:\/\/agencia.unq.edu.ar\/?p=37662","name":"Qu\u00e9 es el \u201cplastic eating\u201d, el fen\u00f3meno viral que incita a los trastornos de conducta alimenticia - Agencia de Noticias Cient\u00edficas de la UNQ","description":"El contenido propone masticar un alimento envuelto en pl\u00e1stico y escupirlo. Se vende como un truco para adelgazar r\u00e1pido, pero esconde peligros para la salud.","inLanguage":"es-AR","isPartOf":{"@id":"https:\/\/agencia.unq.edu.ar\/#website"},"breadcrumb":{"@id":"https:\/\/agencia.unq.edu.ar\/?p=37662#breadcrumblist"},"author":{"@id":"https:\/\/agencia.unq.edu.ar\/?author=4#author"},"creator":{"@id":"https:\/\/agencia.unq.edu.ar\/?author=4#author"},"image":{"@type":"ImageObject","url":"https:\/\/agencia.unq.edu.ar\/wp-content\/uploads\/2026\/07\/TCA.jpg","@id":"https:\/\/agencia.unq.edu.ar\/?p=37662\/#mainImage","width":1040,"height":420,"caption":"Argentina es considerado el segundo pa\u00eds con m\u00e1s casos de trastornos de la conducta alimentaria (TCA) a nivel mundial. Cr\u00e9ditos: Programa Desconecta."},"primaryImageOfPage":{"@id":"https:\/\/agencia.unq.edu.ar\/?p=37662#mainImage"},"datePublished":"2026-07-03T15:58:06-03:00","dateModified":"2026-07-03T15:58:06-03:00"},{"@type":"WebSite","@id":"https:\/\/agencia.unq.edu.ar\/#website","url":"https:\/\/agencia.unq.edu.ar\/","name":"Agencia de noticias cient\u00edficas","description":"Contamos la ciencia en tiempo real","inLanguage":"es-AR","publisher":{"@id":"https:\/\/agencia.unq.edu.ar\/#organization"}}]},"og:locale":"es_ES","og:site_name":"Agencia de Noticias Cient\u00edficas de la UNQ","og:type":"article","og:title":"Qu\u00e9 es el \u201cplastic eating\u201d, el fen\u00f3meno viral que incita a los trastornos de conducta alimenticia - Agencia de Noticias Cient\u00edficas de la UNQ","og:description":"El contenido propone masticar un alimento envuelto en pl\u00e1stico y escupirlo. Se vende como un truco para adelgazar r\u00e1pido, pero esconde peligros para la salud.","og:url":"https:\/\/agencia.unq.edu.ar\/?p=37662","og:image":"https:\/\/agencia.unq.edu.ar\/wp-content\/uploads\/2026\/07\/TCA.jpg","og:image:secure_url":"https:\/\/agencia.unq.edu.ar\/wp-content\/uploads\/2026\/07\/TCA.jpg","og:image:width":1040,"og:image:height":420,"article:published_time":"2026-07-03T18:58:06+00:00","article:modified_time":"2026-07-03T18:58:06+00:00","twitter:card":"summary_large_image","twitter:site":"@Agencia__UNQ","twitter:title":"Qu\u00e9 es el \u201cplastic eating\u201d, el fen\u00f3meno viral que incita a los trastornos de conducta alimenticia - Agencia de Noticias Cient\u00edficas de la UNQ","twitter:description":"El contenido propone masticar un alimento envuelto en pl\u00e1stico y escupirlo. Se vende como un truco para adelgazar r\u00e1pido, pero esconde peligros para la salud.","twitter:image":"https:\/\/agencia.unq.edu.ar\/wp-content\/uploads\/2026\/07\/TCA.jpg"},"aioseo_meta_data":{"post_id":"18492","title":null,"description":null,"keywords":null,"keyphrases":{"focus":{"keyphrase":"","score":0,"analysis":{"keyphraseInTitle":{"score":0,"maxScore":9,"error":1}}},"additional":[]},"primary_term":null,"canonical_url":null,"og_title":null,"og_description":null,"og_object_type":"default","og_image_type":"default","og_image_url":null,"og_image_width":null,"og_image_height":null,"og_image_custom_url":null,"og_image_custom_fields":null,"og_video":"","og_custom_url":null,"og_article_section":null,"og_article_tags":null,"twitter_use_og":true,"twitter_card":"default","twitter_image_type":"default","twitter_image_url":null,"twitter_image_custom_url":null,"twitter_image_custom_fields":null,"twitter_title":null,"twitter_description":null,"schema":{"blockGraphs":[],"customGraphs":[],"default":{"data":{"Article":[],"Course":[],"Dataset":[],"FAQPage":[],"Movie":[],"Person":[],"Product":[],"ProductReview":[],"Car":[],"Recipe":[],"Service":[],"SoftwareApplication":[],"WebPage":[]},"graphName":"BlogPosting","isEnabled":true},"graphs":[]},"schema_type":"default","schema_type_options":null,"pillar_content":false,"robots_default":true,"robots_noindex":false,"robots_noarchive":false,"robots_nosnippet":false,"robots_nofollow":false,"robots_noimageindex":false,"robots_noodp":false,"robots_notranslate":false,"robots_max_snippet":"-1","robots_max_videopreview":"-1","robots_max_imagepreview":"large","priority":null,"frequency":"default","local_seo":null,"breadcrumb_settings":null,"limit_modified_date":false,"ai":null,"created":"2024-03-07 14:14:43","updated":"2025-07-16 23:27:02","seo_analyzer_scan_date":null,"focus_keyword":null,"additional_keywords":null,"truseo_locale":null},"aioseo_breadcrumb":"<div class=\"aioseo-breadcrumbs\"><span class=\"aioseo-breadcrumb\">\n\t\t\t<a href=\"https:\/\/agencia.unq.edu.ar\" title=\"Home\">Home<\/a>\n\t\t<\/span><span class=\"aioseo-breadcrumb-separator\">&raquo;<\/span><span class=\"aioseo-breadcrumb\">\n\t\t\t<a href=\"https:\/\/agencia.unq.edu.ar\/?cat=9\" title=\"Salud\">Salud<\/a>\n\t\t<\/span><span class=\"aioseo-breadcrumb-separator\">&raquo;<\/span><span class=\"aioseo-breadcrumb\">\n\t\t\tCient\u00edficas argentinas estudian en qu\u00e9 consiste el fen\u00f3meno de la epilepsia danzante\n\t\t<\/span><\/div>","aioseo_breadcrumb_json":[{"label":"Home","link":"https:\/\/agencia.unq.edu.ar"},{"label":"Salud","link":"https:\/\/agencia.unq.edu.ar\/?cat=9"},{"label":"Cient\u00edficas argentinas estudian en qu\u00e9 consiste el fen\u00f3meno de la epilepsia danzante","link":"https:\/\/agencia.unq.edu.ar\/?p=18492"}],"uagb_featured_image_src":{"full":["https:\/\/agencia.unq.edu.ar\/wp-content\/uploads\/2024\/03\/ipiccy_image-5.jpg",1040,420,false],"thumbnail":["https:\/\/agencia.unq.edu.ar\/wp-content\/uploads\/2024\/03\/ipiccy_image-5.jpg",150,61,false],"medium":["https:\/\/agencia.unq.edu.ar\/wp-content\/uploads\/2024\/03\/ipiccy_image-5.jpg",960,388,false],"medium_large":["https:\/\/agencia.unq.edu.ar\/wp-content\/uploads\/2024\/03\/ipiccy_image-5.jpg",768,310,false],"large":["https:\/\/agencia.unq.edu.ar\/wp-content\/uploads\/2024\/03\/ipiccy_image-5.jpg",1040,420,false],"1536x1536":["https:\/\/agencia.unq.edu.ar\/wp-content\/uploads\/2024\/03\/ipiccy_image-5.jpg",1040,420,false],"2048x2048":["https:\/\/agencia.unq.edu.ar\/wp-content\/uploads\/2024\/03\/ipiccy_image-5.jpg",1040,420,false],"smart-post-landscape":["https:\/\/agencia.unq.edu.ar\/wp-content\/uploads\/2024\/03\/ipiccy_image-5.jpg",870,351,false],"smart-post-portrait":["https:\/\/agencia.unq.edu.ar\/wp-content\/uploads\/2024\/03\/ipiccy_image-5.jpg",600,242,false]},"uagb_author_info":{"display_name":"Agencia de Noticias Cient\u00edficas UNQ","author_link":"https:\/\/agencia.unq.edu.ar\/?author=9"},"uagb_comment_info":0,"uagb_excerpt":"Analizaron el caso de un paciente que, durante las crisis, presentaba movimientos r\u00edtmicos similares a una danza. Buscan comprender los fundamentos neuronales subyacentes.","blog_post_layout_featured_media_urls":{"thumbnail":["https:\/\/agencia.unq.edu.ar\/wp-content\/uploads\/2024\/03\/ipiccy_image-5.jpg",150,61,false],"full":["https:\/\/agencia.unq.edu.ar\/wp-content\/uploads\/2024\/03\/ipiccy_image-5.jpg",1040,420,false]},"categories_names":{"16":{"name":"Noticia destacada","link":"https:\/\/agencia.unq.edu.ar\/?cat=16"},"9":{"name":"Salud","link":"https:\/\/agencia.unq.edu.ar\/?cat=9"}},"tags_names":{"606":{"name":"Epilepsia","link":"https:\/\/agencia.unq.edu.ar\/?tag=epilepsia"},"891":{"name":"Magdalena Biota","link":"https:\/\/agencia.unq.edu.ar\/?tag=magdalena-biota"}},"comments_number":"0","_links":{"self":[{"href":"https:\/\/agencia.unq.edu.ar\/index.php?rest_route=\/wp\/v2\/posts\/18492","targetHints":{"allow":["GET"]}}],"collection":[{"href":"https:\/\/agencia.unq.edu.ar\/index.php?rest_route=\/wp\/v2\/posts"}],"about":[{"href":"https:\/\/agencia.unq.edu.ar\/index.php?rest_route=\/wp\/v2\/types\/post"}],"author":[{"embeddable":true,"href":"https:\/\/agencia.unq.edu.ar\/index.php?rest_route=\/wp\/v2\/users\/9"}],"replies":[{"embeddable":true,"href":"https:\/\/agencia.unq.edu.ar\/index.php?rest_route=%2Fwp%2Fv2%2Fcomments&post=18492"}],"version-history":[{"count":3,"href":"https:\/\/agencia.unq.edu.ar\/index.php?rest_route=\/wp\/v2\/posts\/18492\/revisions"}],"predecessor-version":[{"id":18560,"href":"https:\/\/agencia.unq.edu.ar\/index.php?rest_route=\/wp\/v2\/posts\/18492\/revisions\/18560"}],"wp:featuredmedia":[{"embeddable":true,"href":"https:\/\/agencia.unq.edu.ar\/index.php?rest_route=\/wp\/v2\/media\/18558"}],"wp:attachment":[{"href":"https:\/\/agencia.unq.edu.ar\/index.php?rest_route=%2Fwp%2Fv2%2Fmedia&parent=18492"}],"wp:term":[{"taxonomy":"category","embeddable":true,"href":"https:\/\/agencia.unq.edu.ar\/index.php?rest_route=%2Fwp%2Fv2%2Fcategories&post=18492"},{"taxonomy":"post_tag","embeddable":true,"href":"https:\/\/agencia.unq.edu.ar\/index.php?rest_route=%2Fwp%2Fv2%2Ftags&post=18492"}],"curies":[{"name":"wp","href":"https:\/\/api.w.org\/{rel}","templated":true}]}}