{"id":19194,"date":"2024-04-12T15:34:12","date_gmt":"2024-04-12T18:34:12","guid":{"rendered":"https:\/\/agencia.unq.edu.ar\/?p=19194"},"modified":"2024-04-12T15:34:13","modified_gmt":"2024-04-12T18:34:13","slug":"nicolas-malinovksy-entregar-los-recursos-naturales-va-en-contra-de-cuidar-la-soberania","status":"publish","type":"post","link":"https:\/\/agencia.unq.edu.ar\/?p=19194","title":{"rendered":"Nicol\u00e1s Malinovksy: \u201cEntregar los recursos naturales va en contra de cuidar la soberan\u00eda\u201d"},"content":{"rendered":"\n<p class=\"has-medium-font-size wp-block-paragraph\">La Agencia dialog\u00f3 con el director del Observatorio de Energ\u00eda, Ciencia y Tecnolog\u00eda, sobre la transici\u00f3n energ\u00e9tica y el rol de Argentina en el tablero mundial.<\/p>\n\n\n\n<figure class=\"wp-block-image size-full\"><img loading=\"lazy\" decoding=\"async\" width=\"1040\" height=\"420\" src=\"https:\/\/agencia.unq.edu.ar\/wp-content\/uploads\/2024\/04\/Nicolas-Malinovsky.jpg\" alt=\"Nicol\u00e1s Malinovsky adem\u00e1s es es ingeniero electricista y especialista en el sector nuclear. Cr\u00e9ditos: \u00c1mbito.\" class=\"wp-image-19195\"\/><figcaption class=\"wp-element-caption\">Nicol\u00e1s Malinovsky adem\u00e1s es es ingeniero electricista y especialista en el sector nuclear. Cr\u00e9ditos: \u00c1mbito.<\/figcaption><\/figure>\n\n\n\n<p class=\"wp-block-paragraph\">\u201cMe preocupa qu\u00e9 acuerdo puedan llegar a tener Elon Musk y Javier Milei por la entrega de la soberan\u00eda y el patrimonio de los recursos naturales\u201d, dice <strong>Nicol\u00e1s Malinovsky<\/strong>, director del Observatorio de Energ\u00eda, Ciencia y Tecnolog\u00eda. En dialogo con la <a href=\"https:\/\/agencia.unq.edu.ar\/\">Agencia de Noticias Cient\u00edficas de la Universidad Nacional de Quilmes<\/a>, el especialista convers\u00f3 sobre los recursos naturales, la transici\u00f3n energ\u00e9tica y la importancia de la energ\u00eda nuclear. Entre la preocupaci\u00f3n por la p\u00e9rdida de oportunidades econ\u00f3micas y pol\u00edticas, Malinovsky hace una cartograf\u00eda de la situaci\u00f3n de Argentina y Am\u00e9rica Latina en torno a las energ\u00edas y el papel que juegan las grandes potencias.<\/p>\n\n\n\n<p class=\"wp-block-paragraph\"><strong>-\u00bfCu\u00e1l es la situaci\u00f3n de Argentina en materia de electricidad?<\/strong><\/p>\n\n\n\n<p class=\"wp-block-paragraph\">-Con el cambio de gobierno hubo nuevos aumentos de tarifas. Aunque se hicieron audiencias p\u00fablicas, no fueron vinculantes y <strong>los nuevos cuadros habilitaron aumentos que rondan entre el 200 y el 300 por ciento para la electricidad y el gas, tanto a nivel domiciliario, como comercial e industrial<\/strong>. De hecho, ya hay denuncias de pymes porque est\u00e1n llegando facturas exorbitantes y se espera siga habiendo aumentos por la quita de subsidios.<\/p>\n\n\n\n<p class=\"wp-block-paragraph\"><strong>-\u00bfC\u00f3mo se compone la matriz de energ\u00eda el\u00e9ctrica?<\/strong><\/p>\n\n\n\n<p class=\"wp-block-paragraph\">&#8211;<strong>Tenemos una matriz de energ\u00eda el\u00e9ctrica que se compone en un 60 por ciento de hidrocarburos<\/strong>. Despu\u00e9s, el 7 por ciento aproximadamente se cubre con energ\u00eda nuclear, el 13 por ciento con energ\u00edas renovables de origen e\u00f3lico y solar, y un 25 por ciento es de origen hidroel\u00e9ctrico. En cuanto a la infraestructura, tuvimos falencias a nivel de transporte en el sistema interconectado nacional.<\/p>\n\n\n\n<p class=\"wp-block-paragraph\"><strong>-En diferentes ciudades hubo cortes muy prolongados en el \u00faltimo tiempo.<\/strong><\/p>\n\n\n\n<p class=\"wp-block-paragraph\">-Nuestro pa\u00eds tuvo el corte del 1\u00b0 de marzo que represent\u00f3 una p\u00e9rdida del 60 por ciento y despu\u00e9s tuvimos una p\u00e9rdida del suministro total en el d\u00eda del padre de 2019, lo que muestra un poco la debilidad que tiene el sistema y la falta de inversi\u00f3n que hay. En t\u00e9rminos de generaci\u00f3n, <strong>si bien est\u00e1 cubierto el sistema, siempre es necesario incorporar nueva generaci\u00f3n de energ\u00eda<\/strong>, ya sea de origen nuclear, t\u00e9rmico, renovable o hidroel\u00e9ctrico, porque la demanda crece.<\/p>\n\n\n\n<p class=\"wp-block-paragraph\"><strong>-Pero hay muchas obras que est\u00e1n paralizadas.<\/strong><\/p>\n\n\n\n<p class=\"wp-block-paragraph\">-Hoy los proyectos gran envergadura est\u00e1n paralizados. Por ejemplo, no empezaron a construir las centrales de potencia del sector nuclear, la cuarta y la quinta central, que son convenios que ya estaban fijados en la Ley 26.576. Adem\u00e1s, se paralizaron dos centrales hidroel\u00e9ctricas de Santa Cruz que estaba haciendo Argentina junto con China.<\/p>\n\n\n\n<h2 class=\"wp-block-heading\">Recursos de alta tensi\u00f3n<\/h2>\n\n\n\n<p class=\"wp-block-paragraph\"><strong>-Uno de los ejes de la agenda clim\u00e1tica est\u00e1 ligado a la reconversi\u00f3n de los sistemas energ\u00e9ticos. \u00bfQu\u00e9 sucede en Argentina en particular y en Am\u00e9rica Latina en general en este contexto?<\/strong><\/p>\n\n\n\n<p class=\"wp-block-paragraph\">-La reconversi\u00f3n de los sistemas energ\u00e9ticos es lo que se conoce en la agenda p\u00fablica como la transici\u00f3n energ\u00e9tica, que supone dejar de consumir combustibles f\u00f3siles. Hoy, en Argentina y el mundo, el 80 por ciento de la matriz energ\u00e9tica en total depende de los hidrocarburos. <strong>Lo que plantea la transici\u00f3n energ\u00e9tica global es dejar de consumir combustibles f\u00f3siles y usar fuentes de energ\u00eda que no emitan gases de efecto invernadero<\/strong>. El prop\u00f3sito es evitar que siga subiendo la temperatura del planeta y mitigar las consecuencias del cambio clim\u00e1tico.<\/p>\n\n\n\n<p class=\"wp-block-paragraph\"><strong>-En este sentido, la regi\u00f3n tiene recursos naturales muy codiciados para realizar dicha transici\u00f3n.<\/strong><\/p>\n\n\n\n<p class=\"wp-block-paragraph\">&#8211;<strong>Am\u00e9rica Latina y Argentina tienen una posici\u00f3n central para la transici\u00f3n energ\u00e9tica debido a los recursos naturales que hay en el continente<\/strong>. Al dejar de consumir combustibles f\u00f3siles, se necesita de otros minerales para poder sustituir esa fuente de energ\u00eda que es el gas y el petr\u00f3leo.<\/p>\n\n\n\n<p class=\"wp-block-paragraph\"><strong>-Un caso concreto es el litio.<\/strong><\/p>\n\n\n\n<p class=\"wp-block-paragraph\">-Por ejemplo, para los autos con movilidad el\u00e9ctrica con bater\u00edas, el litio juega un rol estrat\u00e9gico. <strong>Argentina, Bolivia y Chile concentran el 60 por ciento de las reservas a nivel mundial en el planeta. Ese mineral empieza a ser estrat\u00e9gico para esta nueva forma de movilidad<\/strong>. En la actualidad hay dos empresas que se disputan venta de autom\u00f3viles el\u00e9ctricos. Una es BYD, que es de origen chino, y otra es Tesla, empresa de Estados Unidos cuyo due\u00f1o es Elon Musk y est\u00e1 interesado en el litio argentino porque, de los tres pa\u00edses, Argentina es el que tiene una regulaci\u00f3n m\u00e1s a favor de las empresas.<\/p>\n\n\n\n<p class=\"wp-block-paragraph\"><strong>-De hecho, cada vez que puede, el presidente menciona a Musk y tuvo una reuni\u00f3n con \u00e9l en Estados Unidos.<\/strong><\/p>\n\n\n\n<p class=\"wp-block-paragraph\">-Me preocupa qu\u00e9 acuerdo puedan llegar a tener Elon Musk y Javier Milei por la entrega de la soberan\u00eda y el patrimonio de los recursos naturales. La jefa del Comando Sur de Estados Unidos, Laura Richardson,<strong> ya viene anunciando desde el a\u00f1o pasado la importancia de los recursos naturales de Am\u00e9rica Latina para la transici\u00f3n energ\u00e9tica y que Estados Unidos tiene que cuidarlos porque son sus recursos y tiene que evitar que los explote China o Rusia<\/strong>, que son pa\u00edses que tambi\u00e9n tienen capacidades de inversi\u00f3n para estas latitudes.<\/p>\n\n\n\n<p class=\"wp-block-paragraph\"><strong>-No solo peligran los recursos naturales, sino tambi\u00e9n las empresas que tienen alguna relaci\u00f3n con este tema.<\/strong><\/p>\n\n\n\n<p class=\"wp-block-paragraph\">&#8211;<strong>Veo con malestar la entrega del patrimonio nacional, de los recursos naturales y de las empresas que permiten disputar la soberan\u00eda energ\u00e9tica<\/strong>. Yacimientos Petrol\u00edferos Fiscales (YPF), Nucleoel\u00e9ctrica Argentina y Energ\u00eda Argentina (Enarsa) son empresas que est\u00e1n sujetas a privatizaci\u00f3n. En este contexto de transici\u00f3n energ\u00e9tica, la pol\u00edtica de entrega de los recursos naturales y las empresas estatales va a contramano del cuidado de la soberan\u00eda y el patrimonio.<\/p>\n\n\n\n<p class=\"wp-block-paragraph\"><strong>-Incluso, la disputa por la energ\u00eda puede llegar a traducirse en guerras.<\/strong><\/p>\n\n\n\n<p class=\"wp-block-paragraph\">-Estas disputas a nivel global se est\u00e1n dando con territorios donde hay conflictos b\u00e9licos, como el caso de Rusia y Ucrania, donde la energ\u00eda es un eje central en la disputa. Entonces, <strong>si vemos como est\u00e1 disput\u00e1ndose la energ\u00eda en el mundo, con la situaci\u00f3n que atraviesa Argentina, vamos a perder muchas ventajas comparativas, vamos a perder soberan\u00eda y vamos a perder grados de libertad y de autonom\u00eda<\/strong>.<\/p>\n\n\n\n<h2 class=\"wp-block-heading\">La importancia de la energ\u00eda nuclear<\/h2>\n\n\n\n<p class=\"wp-block-paragraph\"><strong>-M\u00e1s all\u00e1 de la energ\u00eda e\u00f3lica y la solar, hay otras energ\u00edas que pueden ser \u00fatiles y no est\u00e1n muy presentes en el debate p\u00fablico.<\/strong><\/p>\n\n\n\n<p class=\"wp-block-paragraph\">-El sector nuclear es clave. Si bien es una fuente no renovable, la generaci\u00f3n de energ\u00eda nuclear no emite gases de efecto invernadero. Entonces, ah\u00ed entra un factor fundamental para la transici\u00f3n energ\u00e9tica en el mundo, en Am\u00e9rica Latina y en Argentina. El gas natural es otro de los combustibles que mencionan la Agencia Internacional de Energ\u00eda y la Uni\u00f3n Europea como un combustible puente para la transici\u00f3n energ\u00e9tica y para dejar de utilizar principalmente carb\u00f3n. En el pa\u00eds tenemos Vaca Muerta, que es la segunda reserva de gas no convencional.<\/p>\n\n\n\n<p class=\"wp-block-paragraph\"><strong>-\u00bfQu\u00e9 opini\u00f3n le merece el parate de las obras del CAREM y del RA-10, dos reactores nucleares que estaban en construcci\u00f3n?<\/strong><\/p>\n\n\n\n<p class=\"wp-block-paragraph\">-El RA-10 es un reactor para producci\u00f3n de radiois\u00f3topos que se utilizan para tratamientos m\u00e9dicos e irradiaci\u00f3n de alimentos, y va a ser uno de los m\u00e1s importantes de la regi\u00f3n. Por otro lado, el CAREM es un reactor modular peque\u00f1o dise\u00f1ado en el pa\u00eds y se trata de un concepto nuevo en el mundo. <strong>Al paralizarse las obras no solo hay p\u00e9rdida de puestos de trabajo, sino que el pa\u00eds perder\u00eda la ventaja competitiva que tiene con respecto a este tipo de reactores<\/strong>.<\/p>\n\n\n\n<p class=\"wp-block-paragraph\"><strong>-\u00bfPor qu\u00e9?<\/strong><\/p>\n\n\n\n<p class=\"wp-block-paragraph\">-Argentina fue el primer pa\u00eds del mundo que empez\u00f3 a construir estos reactores de tipo modular como el CAREM. Entonces, perder\u00edamos esta ventaja temporal en una carrera tecnol\u00f3gica vertiginosa donde los avances en el mundo son cada vez m\u00e1s r\u00e1pidos. Adem\u00e1s, <strong>si perdemos este tipo de desarrollos, estamos perdiendo capacidades cient\u00edficas y tecnol\u00f3gicas. Como esas capacidades luego se vuelcan en la industria, entonces tambi\u00e9n perder\u00edamos capacidades para industrializar el pa\u00eds.<\/strong><\/p>\n\n\n\n<p class=\"wp-block-paragraph\"><strong>-Pareciera ser que no es prioridad para el gobierno la industrializaci\u00f3n del pa\u00eds.<\/strong> <\/p>\n\n\n\n<p class=\"wp-block-paragraph\">-Vemos con mucha preocupaci\u00f3n lo que pueda suceder en el corto y en el mediano plazo con el sector nuclear en Argentina, ya que es un sector insignia para nuestro pa\u00eds, no solo en desarrollo cient\u00edfico y tecnol\u00f3gico, sino tambi\u00e9n en desarrollo industrial. El propio Elon Musk plante\u00f3 que la pr\u00f3xima crisis global ser\u00e1 por la generaci\u00f3n de energ\u00eda el\u00e9ctrica. Esto se debe a que la inteligencia artificial y los microprocesadores requieren de mucha energ\u00eda. Entonces,<strong> no ser\u00eda oportuno perder terreno en el sector nuclear, en medio de conflictos internacionales y un mundo tan cambiante<\/strong>.<\/p>\n\n\n\n<div style=\"height:40px\" aria-hidden=\"true\" class=\"wp-block-spacer\"><\/div>\n\n\n\n<hr class=\"wp-block-separator has-text-color has-css-opacity has-background is-style-wide\" style=\"background-color:#fea50e;color:#fea50e\"\/>\n\n\n\n<h4 class=\"wp-block-heading\" id=\"publicaciones-relacionadas\">\u00daltimas noticias de la secci\u00f3n Pol\u00edtica:<\/h4>\n\n\n<style id=\"sp_pcp_dynamic_style3318\">#pcp_wrapper-3318:not(.sps-glossary-layout) .sp-pcp-row,#pcp_wrapper-3318 .sps-glossary-items-group .sps-glossary-items-content {margin-right: -10px;margin-left: -10px;}#pcp_wrapper-3318 .sp-pcp-row [class*='sp-pcp-col-']{padding-right: 10px;padding-left: 10px; padding-bottom:20px;}.pcp-wrapper-3318 .sp-pcp-title a {color: #ac162c;display: inherit;} .pcp-wrapper-3318 .sp-pcp-title a:hover {color: #fea50e;}#pcp_wrapper-3318 .dots .swiper-pagination-bullet{ background: #ac162c; } #pcp_wrapper-3318 .dots .swiper-pagination-bullet-active { background: #fea50e; }#pcp_wrapper-3318 .pcp-button-prev,#pcp_wrapper-3318 .pcp-button-next{ background-image: none; background-size: auto; background-color: #fff; height: 33px; width: 33px; margin-top: 8px; border: 1px solid #aaa; text-align: center; line-height: 30px; -webkit-transition: 0.3s; border-radius: 3px; }#pcp_wrapper-3318 .pcp-button-prev:hover, #pcp_wrapper-3318 .pcp-button-next:hover{ background-color: #fea50e; border-color: #ac162c; } #pcp_wrapper-3318 .pcp-button-prev .fa, #pcp_wrapper-3318 .pcp-button-next .fa { color: #000000; } #pcp_wrapper-3318 .pcp-button-prev:hover .fa, #pcp_wrapper-3318 .pcp-button-next:hover .fa { color: #fff; } #pcp_wrapper-3318.pcp-carousel-wrapper .sp-pcp-post{ margin-top: 0; }#pcp_wrapper-3318 .sp-pcp-post {padding: 0 0 0 0;}#pcp_wrapper-3318.sp-slider_layout .sp-pcp-post .sp-pcp-post-details {top: 0; right:0; bottom:0; left:0;}#pcp_wrapper-3318 .sp-pcp-post {border: 0px solid #e2e2e2; border-radius: 0px }#pcp_wrapper-3318 .sp-pcp-post{background-color: transparent;}#pcp_wrapper-3318 .pcp-post-thumb-wrapper{border: 0px solid #dddddd;border-radius:0px;}.pcp-wrapper-3318 .sp-pcp-post-meta li,.pcp-wrapper-3318 .sp-pcp-post-meta ul,.pcp-wrapper-3318 .sp-pcp-post-meta li a{color: #888;}.pcp-wrapper-3318 .sp-pcp-post-meta li a:hover{color: #e1624b;}#pcp_wrapper-3318 .pcp-post-pagination .page-numbers.current, #pcp_wrapper-3318 .pcp-post-pagination a.active , #pcp_wrapper-3318 .pcp-post-pagination a:hover{ color: #ffffff; background: #e1624b; border-color: #e1624b; }#pcp_wrapper-3318 .pcp-post-pagination .page-numbers, .pcp-post-pagination a{ background: #ffffff; color:#5e5e5e; border: 2px solid #bbbbbb;border-radius: 2px; }#pcp_wrapper-3318 .pcp-post-pagination{text-align: left;}@media (min-width: 1200px) {.sp-pcp-row .sp-pcp-col-xl-1 {flex: 0 0 100%;}.sp-pcp-row .sp-pcp-col-xl-2 {flex: 1 1 calc( 50% - 20px);}.sp-pcp-row .sp-pcp-col-xl-3 {flex: 1 1 calc( 33.333% - 20px);}.sp-pcp-row .sp-pcp-col-xl-4 {flex: 1 1 calc( 25% - 20px);}.sp-pcp-row .sp-pcp-col-xl-5 { flex: 1 1 calc( 20% - 20px);}.sp-pcp-row .sp-pcp-col-xl-6 {flex: 1 1 calc( 16.66666666666667% - 20px);}.sp-pcp-row .sp-pcp-col-xl-7 {flex: 1 1 calc( 14.28571428% - 20px);}.sp-pcp-row .sp-pcp-col-xl-8 {flex: 1 1 calc( 12.5% - 20px);}}@media (max-width: 1200px) {.sp-pcp-row .sp-pcp-col-lg-1 {flex: 0 0 100%;}.sp-pcp-row .sp-pcp-col-lg-2 {flex: 1 1 calc( 50% - 20px);}.sp-pcp-row .sp-pcp-col-lg-3 {flex: 1 1 calc( 33.333% - 20px);}.sp-pcp-row .sp-pcp-col-lg-4 {flex: 1 1 calc( 25% - 20px);}.sp-pcp-row .sp-pcp-col-lg-5 { flex: 1 1 calc( 20% - 20px);}.sp-pcp-row .sp-pcp-col-lg-6 {flex: 1 1 calc( 16.66666666666667% - 20px);}.sp-pcp-row .sp-pcp-col-lg-7 {flex: 1 1 calc( 14.28571428% - 20px);}.sp-pcp-row .sp-pcp-col-lg-8 {flex: 1 1 calc( 12.5% - 20px);}}@media (max-width: 992px) {.sp-pcp-row .sp-pcp-col-md-1 {flex: 0 0 100%;}.sp-pcp-row .sp-pcp-col-md-2 {flex: 1 1 calc( 50% - 20px);}.sp-pcp-row .sp-pcp-col-md-2-5 {flex: 0 0 75%;}.sp-pcp-row .sp-pcp-col-md-3 {flex: 1 1 calc( 33.333% - 20px);}.sp-pcp-row .sp-pcp-col-md-4 {flex: 1 1 calc( 25% - 20px);}.sp-pcp-row .sp-pcp-col-md-5 { flex: 1 1 calc( 20% - 20px);}.sp-pcp-row .sp-pcp-col-md-6 {flex: 1 1 calc( 16.66666666666667% - 20px);}.sp-pcp-row .sp-pcp-col-md-7 {flex: 1 1 calc( 14.28571428% - 20px);}.sp-pcp-row .sp-pcp-col-md-8 {flex: 1 1 calc( 12.5% - 20px);}}@media (max-width: 768px) {.sp-pcp-row .sp-pcp-col-sm-1 {flex: 0 0 100%;}.sp-pcp-row .sp-pcp-col-sm-2 {flex: 1 1 calc( 50% - 20px);}.sp-pcp-row .sp-pcp-col-sm-2-5 {flex: 0 0 75%;}.sp-pcp-row .sp-pcp-col-sm-3 {flex: 1 1 calc( 33.333% - 20px);}.sp-pcp-row .sp-pcp-col-sm-4 {flex: 1 1 calc( 25% - 20px);}.sp-pcp-row .sp-pcp-col-sm-5 { flex: 1 1 calc( 20% - 20px);}.sp-pcp-row .sp-pcp-col-sm-6 {flex: 1 1 calc( 16.66666666666667% - 20px);}.sp-pcp-row .sp-pcp-col-sm-7 {flex: 1 1 calc( 14.28571428% - 20px);}.sp-pcp-row .sp-pcp-col-sm-8 {flex: 1 1 calc( 12.5% - 20px);}}@media (max-width: 420px) {.sp-pcp-row .sp-pcp-col-xs-1 {flex: 0 0 100%;}.sp-pcp-row .sp-pcp-col-xs-2 {flex: 1 1 calc( 50% - 20px);}.sp-pcp-row .sp-pcp-col-xs-3 {flex: 1 1 calc( 33.333% - 20px);}.sp-pcp-row .sp-pcp-col-xs-4 {flex: 1 1 calc( 25% - 20px);}.sp-pcp-row .sp-pcp-col-xs-5 { flex: 1 1 calc( 20% - 20px);}.sp-pcp-row .sp-pcp-col-xs-6 {flex: 1 1 calc( 16.66666666666667% - 20px);}.sp-pcp-row .sp-pcp-col-xs-7 {flex: 1 1 calc( 14.28571428% - 20px);}.sp-pcp-row .sp-pcp-col-xs-8 {flex: 1 1 calc( 12.5% - 20px);}}<\/style><!-- Markup Starts -->\n<div id=\"pcp_wrapper-3318\" class=\"sp-pcp-section sp-pcp-container pcp-wrapper-3318 pcp-carousel-wrapper standard sp-carousel_layout\" data-sid=\"3318\">\n\t<div id=\"sp-pcp-id-3318\" class=\"swiper-container sp-pcp-carousel top_right\" dir=\"ltr\" data-carousel='{ \"speed\":600, \"items\":3, \"spaceBetween\":20, \"dynamicBullets\": false, \"navigation\":true, \"pagination\": true, \"autoplay\": true, \"autoplay_speed\": 2000, \"loop\": true, \"autoHeight\": false, \"lazy\":  true, \"simulateTouch\": true, \"freeMode\": false, \"slider_mouse_wheel\": false,\"allowTouchMove\": true, \"slidesPerView\": {\"lg_desktop\": 3, \"desktop\": 3, \"tablet\": 2, \"mobile_landscape\": 1, \"mobile\": 1}, \"navigation_mobile\": true, \"pagination_mobile\": true, \"stop_onHover\": true, \"enabled\": true, \"prevSlideMessage\": \"Previous slide\", \"nextSlideMessage\": \"Next slide\", \"firstSlideMessage\": \"This is the first slide\", \"lastSlideMessage\": \"This is the last slide\", \"keyboard\": \"true\", \"paginationBulletMessage\": \"Go to slide {{index}}\" }'>\n\t\t\t<div class=\"swiper-wrapper\">\n\t\t\t\t\t\t<div class=\" swiper-slide swiper-lazy\">\n\t\t\t<div class=\"sp-pcp-post default pcp-item-38836\" data-id=\"38836\">\n\t\t\t\t\t\t\t\t<div class=\"pcp-post-thumb-wrapper\">\n\t\t\t\t\t<div class=\"sp-pcp-post-thumb-area\">\n\t\t\t\t\t\t\t\t\t\t\t\t<a class=\"sp-pcp-thumb\" href=\"https:\/\/agencia.unq.edu.ar\/?p=38836\" target=\"_self\" >\n\t\t\t\t\t\t\t\t\t\t\t\t\t<img loading=\"lazy\" decoding=\"async\" src=\"https:\/\/agencia.unq.edu.ar\/wp-content\/uploads\/2026\/07\/Milei-cumpli-la-Ley.jpg\" width=\"1040\" height=\"420\" alt=\"Pasacalles exigiendo el cumplimiento de la Ley durante la \u00faltima Marcha Universitaria. Cr\u00e9ditos: Huellas del Sur.\">\n\t\t\t\t\t\t<\/a>\n\t\t\t\t\t<\/div>\n\t\t\t\t<\/div>\n\t\t\t\t\t\t\t\t<div class=\"sp-pcp-post-details\">\n\t\t\t\t\t<div class=\"sp-pcp-post-details-content\">\n\t\t\t\t\t\t\t\t<h4 class=\"sp-pcp-title\">\n\t\t\t\t\t\t\t\t\t<a href=\"https:\/\/agencia.unq.edu.ar\/?p=38836\"  target=\"_self\">Ley de Financiamiento Universitario: el gobierno se reuni\u00f3 con los sindicatos y ofreci\u00f3 un 3 por ciento de aumento cuando debe un 31<\/a>\t\t\t\t\t\t\t<\/h4>\n\t\t\t\t\t\t\t\t\t<\/div>\n\t\t\t\t<\/div>\n\t\t\t<\/div>\n\t\t<\/div>\n\t\t\t\t<div class=\" swiper-slide swiper-lazy\">\n\t\t\t<div class=\"sp-pcp-post default pcp-item-38778\" data-id=\"38778\">\n\t\t\t\t\t\t\t\t<div class=\"pcp-post-thumb-wrapper\">\n\t\t\t\t\t<div class=\"sp-pcp-post-thumb-area\">\n\t\t\t\t\t\t\t\t\t\t\t\t<a class=\"sp-pcp-thumb\" href=\"https:\/\/agencia.unq.edu.ar\/?p=38778\" target=\"_self\" >\n\t\t\t\t\t\t\t\t\t\t\t\t\t<img loading=\"lazy\" decoding=\"async\" src=\"https:\/\/agencia.unq.edu.ar\/wp-content\/uploads\/2026\/08\/Salud-mental-suicidios.jpg\" width=\"1040\" height=\"420\" alt=\"La tasa de sucidios en Argentina durante 2025 super\u00f3 las cifras de la dictadura y el 2001. Cr\u00e9ditos: El Peri\u00f3dico.\">\n\t\t\t\t\t\t<\/a>\n\t\t\t\t\t<\/div>\n\t\t\t\t<\/div>\n\t\t\t\t\t\t\t\t<div class=\"sp-pcp-post-details\">\n\t\t\t\t\t<div class=\"sp-pcp-post-details-content\">\n\t\t\t\t\t\t\t\t<h4 class=\"sp-pcp-title\">\n\t\t\t\t\t\t\t\t\t<a href=\"https:\/\/agencia.unq.edu.ar\/?p=38778\"  target=\"_self\">Cifras de una \u00e9poca: radiograf\u00eda del suicidio en tiempos de ajuste\u00a0<\/a>\t\t\t\t\t\t\t<\/h4>\n\t\t\t\t\t\t\t\t\t<\/div>\n\t\t\t\t<\/div>\n\t\t\t<\/div>\n\t\t<\/div>\n\t\t\t\t<div class=\" swiper-slide swiper-lazy\">\n\t\t\t<div class=\"sp-pcp-post default pcp-item-38747\" data-id=\"38747\">\n\t\t\t\t\t\t\t\t<div class=\"pcp-post-thumb-wrapper\">\n\t\t\t\t\t<div class=\"sp-pcp-post-thumb-area\">\n\t\t\t\t\t\t\t\t\t\t\t\t<a class=\"sp-pcp-thumb\" href=\"https:\/\/agencia.unq.edu.ar\/?p=38747\" target=\"_self\" >\n\t\t\t\t\t\t\t\t\t\t\t\t\t<img loading=\"lazy\" decoding=\"async\" src=\"https:\/\/agencia.unq.edu.ar\/wp-content\/uploads\/2026\/08\/Pacto-Digital-CDMX-Clara-Brugada.jpg\" width=\"1040\" height=\"420\" alt=\"Clara Brugada, jefa de gobierno de la Ciudad de M\u00e9xico. Cr\u00e9ditos: Conexi\u00f3n Radio Noticias.\">\n\t\t\t\t\t\t<\/a>\n\t\t\t\t\t<\/div>\n\t\t\t\t<\/div>\n\t\t\t\t\t\t\t\t<div class=\"sp-pcp-post-details\">\n\t\t\t\t\t<div class=\"sp-pcp-post-details-content\">\n\t\t\t\t\t\t\t\t<h4 class=\"sp-pcp-title\">\n\t\t\t\t\t\t\t\t\t<a href=\"https:\/\/agencia.unq.edu.ar\/?p=38747\"  target=\"_self\">La Ciudad de M\u00e9xico lanza una iniciativa para proteger a los ni\u00f1os y adolescentes de internet y las pantallas<\/a>\t\t\t\t\t\t\t<\/h4>\n\t\t\t\t\t\t\t\t\t<\/div>\n\t\t\t\t<\/div>\n\t\t\t<\/div>\n\t\t<\/div>\n\t\t\t\t<div class=\" swiper-slide swiper-lazy\">\n\t\t\t<div class=\"sp-pcp-post default pcp-item-38679\" data-id=\"38679\">\n\t\t\t\t\t\t\t\t<div class=\"pcp-post-thumb-wrapper\">\n\t\t\t\t\t<div class=\"sp-pcp-post-thumb-area\">\n\t\t\t\t\t\t\t\t\t\t\t\t<a class=\"sp-pcp-thumb\" href=\"https:\/\/agencia.unq.edu.ar\/?p=38679\" target=\"_self\" >\n\t\t\t\t\t\t\t\t\t\t\t\t\t<img loading=\"lazy\" decoding=\"async\" src=\"https:\/\/agencia.unq.edu.ar\/wp-content\/uploads\/2026\/08\/Pablo-Manili-abogado-CIN.jpg\" width=\"1040\" height=\"420\" alt=\"Pablo Manili, abogado constitucionalista del Consejo Interuniversitario Nacional. Cr\u00e9ditos: Vocaci\u00f3n x periodismo.\">\n\t\t\t\t\t\t<\/a>\n\t\t\t\t\t<\/div>\n\t\t\t\t<\/div>\n\t\t\t\t\t\t\t\t<div class=\"sp-pcp-post-details\">\n\t\t\t\t\t<div class=\"sp-pcp-post-details-content\">\n\t\t\t\t\t\t\t\t<h4 class=\"sp-pcp-title\">\n\t\t\t\t\t\t\t\t\t<a href=\"https:\/\/agencia.unq.edu.ar\/?p=38679\"  target=\"_self\">Ley de Financiamiento Universitario: \u201cEstamos esperando que el juez intime al gobierno para cumplir la cautelar\u201d<\/a>\t\t\t\t\t\t\t<\/h4>\n\t\t\t\t\t\t\t\t\t<\/div>\n\t\t\t\t<\/div>\n\t\t\t<\/div>\n\t\t<\/div>\n\t\t\t\t<div class=\" swiper-slide swiper-lazy\">\n\t\t\t<div class=\"sp-pcp-post default pcp-item-38650\" data-id=\"38650\">\n\t\t\t\t\t\t\t\t<div class=\"pcp-post-thumb-wrapper\">\n\t\t\t\t\t<div class=\"sp-pcp-post-thumb-area\">\n\t\t\t\t\t\t\t\t\t\t\t\t<a class=\"sp-pcp-thumb\" href=\"https:\/\/agencia.unq.edu.ar\/?p=38650\" target=\"_self\" >\n\t\t\t\t\t\t\t\t\t\t\t\t\t<img loading=\"lazy\" decoding=\"async\" src=\"https:\/\/agencia.unq.edu.ar\/wp-content\/uploads\/2026\/08\/Council-of-the-Americas-Milei.jpg\" width=\"1040\" height=\"420\" alt=\"Javier Milei junto a integrantes del Council of the Americas. Cr\u00e9ditos: Capece\/Lasansky.\">\n\t\t\t\t\t\t<\/a>\n\t\t\t\t\t<\/div>\n\t\t\t\t<\/div>\n\t\t\t\t\t\t\t\t<div class=\"sp-pcp-post-details\">\n\t\t\t\t\t<div class=\"sp-pcp-post-details-content\">\n\t\t\t\t\t\t\t\t<h4 class=\"sp-pcp-title\">\n\t\t\t\t\t\t\t\t\t<a href=\"https:\/\/agencia.unq.edu.ar\/?p=38650\"  target=\"_self\">&#8220;Pa\u00f1uelitos verdes y baja de natalidad&#8221;, una mentira importada para retroceder en derechos sexuales y reproductivos<\/a>\t\t\t\t\t\t\t<\/h4>\n\t\t\t\t\t\t\t\t\t<\/div>\n\t\t\t\t<\/div>\n\t\t\t<\/div>\n\t\t<\/div>\n\t\t\t\t<div class=\" swiper-slide swiper-lazy\">\n\t\t\t<div class=\"sp-pcp-post default pcp-item-38590\" data-id=\"38590\">\n\t\t\t\t\t\t\t\t<div class=\"pcp-post-thumb-wrapper\">\n\t\t\t\t\t<div class=\"sp-pcp-post-thumb-area\">\n\t\t\t\t\t\t\t\t\t\t\t\t<a class=\"sp-pcp-thumb\" href=\"https:\/\/agencia.unq.edu.ar\/?p=38590\" target=\"_self\" >\n\t\t\t\t\t\t\t\t\t\t\t\t\t<img loading=\"lazy\" decoding=\"async\" src=\"https:\/\/agencia.unq.edu.ar\/wp-content\/uploads\/2026\/08\/Milei-Bullrich-monitoreo-protesta.jpg\" width=\"1040\" height=\"420\" alt=\"Milei y Patricia Bullrich monitorean junto a las fuerzas de seguridad la primera Marcha Federal Universitaria. Cr\u00e9ditos: Sol 91.5.\">\n\t\t\t\t\t\t<\/a>\n\t\t\t\t\t<\/div>\n\t\t\t\t<\/div>\n\t\t\t\t\t\t\t\t<div class=\"sp-pcp-post-details\">\n\t\t\t\t\t<div class=\"sp-pcp-post-details-content\">\n\t\t\t\t\t\t\t\t<h4 class=\"sp-pcp-title\">\n\t\t\t\t\t\t\t\t\t<a href=\"https:\/\/agencia.unq.edu.ar\/?p=38590\"  target=\"_self\">La verdadera campa\u00f1a del miedo: el gobierno expande la vigilancia masiva sin control ni transparencia<\/a>\t\t\t\t\t\t\t<\/h4>\n\t\t\t\t\t\t\t\t\t<\/div>\n\t\t\t\t<\/div>\n\t\t\t<\/div>\n\t\t<\/div>\n\t\t\t\t<div class=\" swiper-slide swiper-lazy\">\n\t\t\t<div class=\"sp-pcp-post default pcp-item-38375\" data-id=\"38375\">\n\t\t\t\t\t\t\t\t<div class=\"pcp-post-thumb-wrapper\">\n\t\t\t\t\t<div class=\"sp-pcp-post-thumb-area\">\n\t\t\t\t\t\t\t\t\t\t\t\t<a class=\"sp-pcp-thumb\" href=\"https:\/\/agencia.unq.edu.ar\/?p=38375\" target=\"_self\" >\n\t\t\t\t\t\t\t\t\t\t\t\t\t<img loading=\"lazy\" decoding=\"async\" src=\"https:\/\/agencia.unq.edu.ar\/wp-content\/uploads\/2026\/08\/me-pongo-la-camiseta02.jpg\" width=\"1040\" height=\"420\" alt=\"Capturas de pantalla de la convocatoria para el 12 de agosto. Cr\u00e9ditos: @raicyt_ar\">\n\t\t\t\t\t\t<\/a>\n\t\t\t\t\t<\/div>\n\t\t\t\t<\/div>\n\t\t\t\t\t\t\t\t<div class=\"sp-pcp-post-details\">\n\t\t\t\t\t<div class=\"sp-pcp-post-details-content\">\n\t\t\t\t\t\t\t\t<h4 class=\"sp-pcp-title\">\n\t\t\t\t\t\t\t\t\t<a href=\"https:\/\/agencia.unq.edu.ar\/?p=38375\"  target=\"_self\">Cient\u00edficos realizar\u00e1n una protesta bajo el lema \u201cMe pongo la camiseta\u201d para defender a Argentina<\/a>\t\t\t\t\t\t\t<\/h4>\n\t\t\t\t\t\t\t\t\t<\/div>\n\t\t\t\t<\/div>\n\t\t\t<\/div>\n\t\t<\/div>\n\t\t\t\t<div class=\" swiper-slide swiper-lazy\">\n\t\t\t<div class=\"sp-pcp-post default pcp-item-38325\" data-id=\"38325\">\n\t\t\t\t\t\t\t\t<div class=\"pcp-post-thumb-wrapper\">\n\t\t\t\t\t<div class=\"sp-pcp-post-thumb-area\">\n\t\t\t\t\t\t\t\t\t\t\t\t<a class=\"sp-pcp-thumb\" href=\"https:\/\/agencia.unq.edu.ar\/?p=38325\" target=\"_self\" >\n\t\t\t\t\t\t\t\t\t\t\t\t\t<img loading=\"lazy\" decoding=\"async\" src=\"https:\/\/agencia.unq.edu.ar\/wp-content\/uploads\/2026\/08\/Pedro-Di-Nezio.jpg\" width=\"1040\" height=\"420\" alt=\"Pedro Di Nezio es especialista en El Ni\u00f1o. Cr\u00e9ditos: Servicio Meteorol\u00f3gico Nacional.\">\n\t\t\t\t\t\t<\/a>\n\t\t\t\t\t<\/div>\n\t\t\t\t<\/div>\n\t\t\t\t\t\t\t\t<div class=\"sp-pcp-post-details\">\n\t\t\t\t\t<div class=\"sp-pcp-post-details-content\">\n\t\t\t\t\t\t\t\t<h4 class=\"sp-pcp-title\">\n\t\t\t\t\t\t\t\t\t<a href=\"https:\/\/agencia.unq.edu.ar\/?p=38325\"  target=\"_self\">Qui\u00e9n es Pedro Di Nezio, el nuevo director del Servicio Meteorol\u00f3gico Nacional<\/a>\t\t\t\t\t\t\t<\/h4>\n\t\t\t\t\t\t\t\t\t<\/div>\n\t\t\t\t<\/div>\n\t\t\t<\/div>\n\t\t<\/div>\n\t\t\t\t<div class=\" swiper-slide swiper-lazy\">\n\t\t\t<div class=\"sp-pcp-post default pcp-item-38314\" data-id=\"38314\">\n\t\t\t\t\t\t\t\t<div class=\"pcp-post-thumb-wrapper\">\n\t\t\t\t\t<div class=\"sp-pcp-post-thumb-area\">\n\t\t\t\t\t\t\t\t\t\t\t\t<a class=\"sp-pcp-thumb\" href=\"https:\/\/agencia.unq.edu.ar\/?p=38314\" target=\"_self\" >\n\t\t\t\t\t\t\t\t\t\t\t\t\t<img loading=\"lazy\" decoding=\"async\" src=\"https:\/\/agencia.unq.edu.ar\/wp-content\/uploads\/2026\/08\/2026-08-06Gustavo-G-ZANOTTI.jpg\" width=\"504\" height=\"204\" alt=\"Gustavo Garc\u00eda Zanotti es licenciado en Econom\u00eda y se doctor\u00f3 en Desarrollo Econ\u00f3mico en la UNQ gracias a una beca del Conicet. Cr\u00e9ditos: El Ciudadano.\">\n\t\t\t\t\t\t<\/a>\n\t\t\t\t\t<\/div>\n\t\t\t\t<\/div>\n\t\t\t\t\t\t\t\t<div class=\"sp-pcp-post-details\">\n\t\t\t\t\t<div class=\"sp-pcp-post-details-content\">\n\t\t\t\t\t\t\t\t<h4 class=\"sp-pcp-title\">\n\t\t\t\t\t\t\t\t\t<a href=\"https:\/\/agencia.unq.edu.ar\/?p=38314\"  target=\"_self\">Un especialista en inversiones extranjeras gan\u00f3 el premio a la mejor tesis doctoral en Desarrollo Econ\u00f3mico de la UNQ<\/a>\t\t\t\t\t\t\t<\/h4>\n\t\t\t\t\t\t\t\t\t<\/div>\n\t\t\t\t<\/div>\n\t\t\t<\/div>\n\t\t<\/div>\n\t\t\t\t<div class=\" swiper-slide swiper-lazy\">\n\t\t\t<div class=\"sp-pcp-post default pcp-item-38302\" data-id=\"38302\">\n\t\t\t\t\t\t\t\t<div class=\"pcp-post-thumb-wrapper\">\n\t\t\t\t\t<div class=\"sp-pcp-post-thumb-area\">\n\t\t\t\t\t\t\t\t\t\t\t\t<a class=\"sp-pcp-thumb\" href=\"https:\/\/agencia.unq.edu.ar\/?p=38302\" target=\"_self\" >\n\t\t\t\t\t\t\t\t\t\t\t\t\t<img loading=\"lazy\" decoding=\"async\" src=\"https:\/\/agencia.unq.edu.ar\/wp-content\/uploads\/2026\/08\/Papa-Leon-XIV.jpg\" width=\"1040\" height=\"420\" alt=\"Primera aparici\u00f3n de Robert Prevost como Papa. Cr\u00e9ditos: Tiziana Fabi\/AFP\/Getty Images.\">\n\t\t\t\t\t\t<\/a>\n\t\t\t\t\t<\/div>\n\t\t\t\t<\/div>\n\t\t\t\t\t\t\t\t<div class=\"sp-pcp-post-details\">\n\t\t\t\t\t<div class=\"sp-pcp-post-details-content\">\n\t\t\t\t\t\t\t\t<h4 class=\"sp-pcp-title\">\n\t\t\t\t\t\t\t\t\t<a href=\"https:\/\/agencia.unq.edu.ar\/?p=38302\"  target=\"_self\">Al servicio del bien com\u00fan: la mirada de Le\u00f3n XIV sobre la ciencia y la tecnolog\u00eda<\/a>\t\t\t\t\t\t\t<\/h4>\n\t\t\t\t\t\t\t\t\t<\/div>\n\t\t\t\t<\/div>\n\t\t\t<\/div>\n\t\t<\/div>\n\t\t\t\t<div class=\" swiper-slide swiper-lazy\">\n\t\t\t<div class=\"sp-pcp-post default pcp-item-38290\" data-id=\"38290\">\n\t\t\t\t\t\t\t\t<div class=\"pcp-post-thumb-wrapper\">\n\t\t\t\t\t<div class=\"sp-pcp-post-thumb-area\">\n\t\t\t\t\t\t\t\t\t\t\t\t<a class=\"sp-pcp-thumb\" href=\"https:\/\/agencia.unq.edu.ar\/?p=38290\" target=\"_self\" >\n\t\t\t\t\t\t\t\t\t\t\t\t\t<img loading=\"lazy\" decoding=\"async\" src=\"https:\/\/agencia.unq.edu.ar\/wp-content\/uploads\/2026\/08\/Lula-ciencia-y-tecnologia.jpg\" width=\"1040\" height=\"420\" alt=\"Lula da SIlva durante una reuni\u00f3n de l\u00edderes en ciencia y tecnolog\u00eda. Cr\u00e9ditos: Ricardo Stuckert.\">\n\t\t\t\t\t\t<\/a>\n\t\t\t\t\t<\/div>\n\t\t\t\t<\/div>\n\t\t\t\t\t\t\t\t<div class=\"sp-pcp-post-details\">\n\t\t\t\t\t<div class=\"sp-pcp-post-details-content\">\n\t\t\t\t\t\t\t\t<h4 class=\"sp-pcp-title\">\n\t\t\t\t\t\t\t\t\t<a href=\"https:\/\/agencia.unq.edu.ar\/?p=38290\"  target=\"_self\">Brasil apuesta a la ciencia y proyecta una inversi\u00f3n del 2 por ciento del PBI para 2034<\/a>\t\t\t\t\t\t\t<\/h4>\n\t\t\t\t\t\t\t\t\t<\/div>\n\t\t\t\t<\/div>\n\t\t\t<\/div>\n\t\t<\/div>\n\t\t\t\t<div class=\" swiper-slide swiper-lazy\">\n\t\t\t<div class=\"sp-pcp-post default pcp-item-38257\" data-id=\"38257\">\n\t\t\t\t\t\t\t\t<div class=\"pcp-post-thumb-wrapper\">\n\t\t\t\t\t<div class=\"sp-pcp-post-thumb-area\">\n\t\t\t\t\t\t\t\t\t\t\t\t<a class=\"sp-pcp-thumb\" href=\"https:\/\/agencia.unq.edu.ar\/?p=38257\" target=\"_self\" >\n\t\t\t\t\t\t\t\t\t\t\t\t\t<img loading=\"lazy\" decoding=\"async\" src=\"https:\/\/agencia.unq.edu.ar\/wp-content\/uploads\/2026\/08\/Clementina-XXI-supercomputadora.jpg\" width=\"1040\" height=\"420\" alt=\"Clementina XXI funciona en la sede del Servicio Meteorol\u00f3gico Nacional. Cr\u00e9ditos: La Naci\u00f3n.\">\n\t\t\t\t\t\t<\/a>\n\t\t\t\t\t<\/div>\n\t\t\t\t<\/div>\n\t\t\t\t\t\t\t\t<div class=\"sp-pcp-post-details\">\n\t\t\t\t\t<div class=\"sp-pcp-post-details-content\">\n\t\t\t\t\t\t\t\t<h4 class=\"sp-pcp-title\">\n\t\t\t\t\t\t\t\t\t<a href=\"https:\/\/agencia.unq.edu.ar\/?p=38257\"  target=\"_self\">Argentina est\u00e1 cada vez m\u00e1s lejos en la carrera de las supercomputadoras<\/a>\t\t\t\t\t\t\t<\/h4>\n\t\t\t\t\t\t\t\t\t<\/div>\n\t\t\t\t<\/div>\n\t\t\t<\/div>\n\t\t<\/div>\n\t\t\t\t<div class=\" swiper-slide swiper-lazy\">\n\t\t\t<div class=\"sp-pcp-post default pcp-item-38218\" data-id=\"38218\">\n\t\t\t\t\t\t\t\t<div class=\"pcp-post-thumb-wrapper\">\n\t\t\t\t\t<div class=\"sp-pcp-post-thumb-area\">\n\t\t\t\t\t\t\t\t\t\t\t\t<a class=\"sp-pcp-thumb\" href=\"https:\/\/agencia.unq.edu.ar\/?p=38218\" target=\"_self\" >\n\t\t\t\t\t\t\t\t\t\t\t\t\t<img loading=\"lazy\" decoding=\"async\" src=\"https:\/\/agencia.unq.edu.ar\/wp-content\/uploads\/2026\/07\/Conicet-protesta-.jpg\" width=\"1040\" height=\"420\" alt=\"Cr\u00e9ditos: Periferia.\">\n\t\t\t\t\t\t<\/a>\n\t\t\t\t\t<\/div>\n\t\t\t\t<\/div>\n\t\t\t\t\t\t\t\t<div class=\"sp-pcp-post-details\">\n\t\t\t\t\t<div class=\"sp-pcp-post-details-content\">\n\t\t\t\t\t\t\t\t<h4 class=\"sp-pcp-title\">\n\t\t\t\t\t\t\t\t\t<a href=\"https:\/\/agencia.unq.edu.ar\/?p=38218\"  target=\"_self\">Administrativos, gastronom\u00eda y Uber: \u00bfa qu\u00e9 se dedicar\u00e1n los cient\u00edficos y cient\u00edficas que se quedan sin trabajo?<\/a>\t\t\t\t\t\t\t<\/h4>\n\t\t\t\t\t\t\t\t\t<\/div>\n\t\t\t\t<\/div>\n\t\t\t<\/div>\n\t\t<\/div>\n\t\t\t\t<div class=\" swiper-slide swiper-lazy\">\n\t\t\t<div class=\"sp-pcp-post default pcp-item-38191\" data-id=\"38191\">\n\t\t\t\t\t\t\t\t<div class=\"pcp-post-thumb-wrapper\">\n\t\t\t\t\t<div class=\"sp-pcp-post-thumb-area\">\n\t\t\t\t\t\t\t\t\t\t\t\t<a class=\"sp-pcp-thumb\" href=\"https:\/\/agencia.unq.edu.ar\/?p=38191\" target=\"_self\" >\n\t\t\t\t\t\t\t\t\t\t\t\t\t<img loading=\"lazy\" decoding=\"async\" src=\"https:\/\/agencia.unq.edu.ar\/wp-content\/uploads\/2026\/07\/Conicet-Principal.jpg\" width=\"1040\" height=\"420\" alt=\"La conferencia de prensa se realiz\u00f3 al mediod\u00eda (imagen cedida por los investigadores participantes)\">\n\t\t\t\t\t\t<\/a>\n\t\t\t\t\t<\/div>\n\t\t\t\t<\/div>\n\t\t\t\t\t\t\t\t<div class=\"sp-pcp-post-details\">\n\t\t\t\t\t<div class=\"sp-pcp-post-details-content\">\n\t\t\t\t\t\t\t\t<h4 class=\"sp-pcp-title\">\n\t\t\t\t\t\t\t\t\t<a href=\"https:\/\/agencia.unq.edu.ar\/?p=38191\"  target=\"_self\">El Conicet en alerta: el principal organismo cient\u00edfico del pa\u00eds est\u00e1 al borde de perder 400 trabajadores<\/a>\t\t\t\t\t\t\t<\/h4>\n\t\t\t\t\t\t\t\t\t<\/div>\n\t\t\t\t<\/div>\n\t\t\t<\/div>\n\t\t<\/div>\n\t\t\t\t<div class=\" swiper-slide swiper-lazy\">\n\t\t\t<div class=\"sp-pcp-post default pcp-item-38115\" data-id=\"38115\">\n\t\t\t\t\t\t\t\t<div class=\"pcp-post-thumb-wrapper\">\n\t\t\t\t\t<div class=\"sp-pcp-post-thumb-area\">\n\t\t\t\t\t\t\t\t\t\t\t\t<a class=\"sp-pcp-thumb\" href=\"https:\/\/agencia.unq.edu.ar\/?p=38115\" target=\"_self\" >\n\t\t\t\t\t\t\t\t\t\t\t\t\t<img loading=\"lazy\" decoding=\"async\" src=\"https:\/\/agencia.unq.edu.ar\/wp-content\/uploads\/2026\/07\/La-noche-de-los-bastones-largos.jpg\" width=\"1040\" height=\"420\" alt=\"El 29 de julio de 1966, la dictadura de Ongan\u00eda reprimi\u00f3 a la comunidad que defend\u00eda la autonom\u00eda universitaria. Cr\u00e9ditos: Cultura.gob.ar\">\n\t\t\t\t\t\t<\/a>\n\t\t\t\t\t<\/div>\n\t\t\t\t<\/div>\n\t\t\t\t\t\t\t\t<div class=\"sp-pcp-post-details\">\n\t\t\t\t\t<div class=\"sp-pcp-post-details-content\">\n\t\t\t\t\t\t\t\t<h4 class=\"sp-pcp-title\">\n\t\t\t\t\t\t\t\t\t<a href=\"https:\/\/agencia.unq.edu.ar\/?p=38115\"  target=\"_self\">A 60 a\u00f1os de la noche de los bastones largos, \u00bfotra vez la misma historia?<\/a>\t\t\t\t\t\t\t<\/h4>\n\t\t\t\t\t\t\t\t\t<\/div>\n\t\t\t\t<\/div>\n\t\t\t<\/div>\n\t\t<\/div>\n\t\t\t\t<div class=\" swiper-slide swiper-lazy\">\n\t\t\t<div class=\"sp-pcp-post default pcp-item-38063\" data-id=\"38063\">\n\t\t\t\t\t\t\t\t<div class=\"pcp-post-thumb-wrapper\">\n\t\t\t\t\t<div class=\"sp-pcp-post-thumb-area\">\n\t\t\t\t\t\t\t\t\t\t\t\t<a class=\"sp-pcp-thumb\" href=\"https:\/\/agencia.unq.edu.ar\/?p=38063\" target=\"_self\" >\n\t\t\t\t\t\t\t\t\t\t\t\t\t<img loading=\"lazy\" decoding=\"async\" src=\"https:\/\/agencia.unq.edu.ar\/wp-content\/uploads\/2026\/07\/Milei-cumpli-la-Ley.jpg\" width=\"1040\" height=\"420\" alt=\"Pasacalles exigiendo el cumplimiento de la Ley durante la \u00faltima Marcha Universitaria. Cr\u00e9ditos: Huellas del Sur.\">\n\t\t\t\t\t\t<\/a>\n\t\t\t\t\t<\/div>\n\t\t\t\t<\/div>\n\t\t\t\t\t\t\t\t<div class=\"sp-pcp-post-details\">\n\t\t\t\t\t<div class=\"sp-pcp-post-details-content\">\n\t\t\t\t\t\t\t\t<h4 class=\"sp-pcp-title\">\n\t\t\t\t\t\t\t\t\t<a href=\"https:\/\/agencia.unq.edu.ar\/?p=38063\"  target=\"_self\">Anticipan medidas de fuerza si el gobierno sigue sin cumplir la Ley de Financiamiento Universitario<\/a>\t\t\t\t\t\t\t<\/h4>\n\t\t\t\t\t\t\t\t\t<\/div>\n\t\t\t\t<\/div>\n\t\t\t<\/div>\n\t\t<\/div>\n\t\t\t\t\t<\/div>\n\t\t\t\t\t\t<div class=\"pcp-pagination swiper-pagination dots\"><\/div>\n\t\t\t\t\t\t\t\t\t\t<div class=\"pcp-button-next swiper-button-next top_right\"><i class=\"fa fa-angle-right\"><\/i><\/div>\n\t\t\t\t<div class=\"pcp-button-prev swiper-button-prev top_right\"><i class=\"fa fa-angle-left\"><\/i><\/div>\t<\/div>\n<\/div>\n\n\n\n\n<hr class=\"wp-block-separator has-text-color has-css-opacity has-background is-style-wide\" style=\"background-color:#fea50e;color:#fea50e\"\/>\n","protected":false},"excerpt":{"rendered":"<p>La Agencia dialog\u00f3 con el director del Observatorio de Energ\u00eda, Ciencia y Tecnolog\u00eda, sobre la transici\u00f3n energ\u00e9tica y el rol de Argentina en el tablero mundial.<\/p>\n","protected":false},"author":6,"featured_media":19195,"comment_status":"open","ping_status":"closed","sticky":false,"template":"","format":"standard","meta":{"_uag_custom_page_level_css":"","_monsterinsights_skip_tracking":false,"site-sidebar-layout":"default","site-content-layout":"","ast-site-content-layout":"default","site-content-style":"default","site-sidebar-style":"default","ast-global-header-display":"","ast-banner-title-visibility":"","ast-main-header-display":"","ast-hfb-above-header-display":"","ast-hfb-below-header-display":"","ast-hfb-mobile-header-display":"","site-post-title":"","ast-breadcrumbs-content":"","ast-featured-img":"","footer-sml-layout":"","ast-disable-related-posts":"","theme-transparent-header-meta":"","adv-header-id-meta":"","stick-header-meta":"","header-above-stick-meta":"","header-main-stick-meta":"","header-below-stick-meta":"","astra-migrate-meta-layouts":"default","ast-page-background-enabled":"default","ast-page-background-meta":{"desktop":{"background-color":"var(--ast-global-color-4)","background-image":"","background-repeat":"repeat","background-position":"center center","background-size":"auto","background-attachment":"scroll","background-type":"","background-media":"","overlay-type":"","overlay-color":"","overlay-opacity":"","overlay-gradient":""},"tablet":{"background-color":"","background-image":"","background-repeat":"repeat","background-position":"center center","background-size":"auto","background-attachment":"scroll","background-type":"","background-media":"","overlay-type":"","overlay-color":"","overlay-opacity":"","overlay-gradient":""},"mobile":{"background-color":"","background-image":"","background-repeat":"repeat","background-position":"center center","background-size":"auto","background-attachment":"scroll","background-type":"","background-media":"","overlay-type":"","overlay-color":"","overlay-opacity":"","overlay-gradient":""}},"ast-content-background-meta":{"desktop":{"background-color":"var(--ast-global-color-5)","background-image":"","background-repeat":"repeat","background-position":"center center","background-size":"auto","background-attachment":"scroll","background-type":"","background-media":"","overlay-type":"","overlay-color":"","overlay-opacity":"","overlay-gradient":""},"tablet":{"background-color":"var(--ast-global-color-5)","background-image":"","background-repeat":"repeat","background-position":"center center","background-size":"auto","background-attachment":"scroll","background-type":"","background-media":"","overlay-type":"","overlay-color":"","overlay-opacity":"","overlay-gradient":""},"mobile":{"background-color":"var(--ast-global-color-5)","background-image":"","background-repeat":"repeat","background-position":"center center","background-size":"auto","background-attachment":"scroll","background-type":"","background-media":"","overlay-type":"","overlay-color":"","overlay-opacity":"","overlay-gradient":""}},"footnotes":""},"categories":[16,92],"tags":[],"class_list":["post-19194","post","type-post","status-publish","format-standard","has-post-thumbnail","hentry","category-noticia-destacada","category-politica"],"aioseo_notices":[],"aioseo_head":"\n\t\t<!-- All in One SEO 5.0.0.1 - aioseo.com -->\n\t<meta name=\"description\" content=\"Aunque la Justicia lo oblig\u00f3 a actualizar becas y salarios, el Ejecutivo lleva 275 d\u00edas sin destinar los fondos para su aplicaci\u00f3n.\" \/>\n\t<meta name=\"robots\" content=\"max-image-preview:large\" \/>\n\t<meta name=\"author\" content=\"Nicol\u00e1s Retamar\"\/>\n\t<link rel=\"canonical\" href=\"https:\/\/agencia.unq.edu.ar\/?p=38063\" \/>\n\t<meta name=\"generator\" content=\"All in One SEO (AIOSEO) 5.0.0.1\" \/>\n\t\t<meta property=\"og:locale\" content=\"es_ES\" \/>\n\t\t<meta property=\"og:site_name\" content=\"Agencia de Noticias Cient\u00edficas de la UNQ\" \/>\n\t\t<meta property=\"og:type\" content=\"article\" \/>\n\t\t<meta property=\"og:title\" content=\"Anticipan medidas de fuerza si el gobierno sigue sin cumplir la Ley de Financiamiento Universitario - Agencia de Noticias Cient\u00edficas de la UNQ\" \/>\n\t\t<meta property=\"og:description\" content=\"Aunque la Justicia lo oblig\u00f3 a actualizar becas y salarios, el Ejecutivo lleva 275 d\u00edas sin destinar los fondos para su aplicaci\u00f3n.\" \/>\n\t\t<meta property=\"og:url\" content=\"https:\/\/agencia.unq.edu.ar\/?p=38063\" \/>\n\t\t<meta property=\"og:image\" content=\"https:\/\/agencia.unq.edu.ar\/wp-content\/uploads\/2026\/07\/Milei-cumpli-la-Ley.jpg\" \/>\n\t\t<meta property=\"og:image:secure_url\" content=\"https:\/\/agencia.unq.edu.ar\/wp-content\/uploads\/2026\/07\/Milei-cumpli-la-Ley.jpg\" \/>\n\t\t<meta property=\"og:image:width\" content=\"1040\" \/>\n\t\t<meta property=\"og:image:height\" content=\"420\" \/>\n\t\t<meta property=\"article:published_time\" content=\"2026-07-23T15:53:59+00:00\" \/>\n\t\t<meta property=\"article:modified_time\" content=\"2026-07-27T19:44:25+00:00\" \/>\n\t\t<meta name=\"twitter:card\" content=\"summary_large_image\" \/>\n\t\t<meta name=\"twitter:site\" content=\"@Agencia__UNQ\" \/>\n\t\t<meta name=\"twitter:title\" content=\"Anticipan medidas de fuerza si el gobierno sigue sin cumplir la Ley de Financiamiento Universitario - Agencia de Noticias Cient\u00edficas de la UNQ\" \/>\n\t\t<meta name=\"twitter:description\" content=\"Aunque la Justicia lo oblig\u00f3 a actualizar becas y salarios, el Ejecutivo lleva 275 d\u00edas sin destinar los fondos para su aplicaci\u00f3n.\" \/>\n\t\t<meta name=\"twitter:image\" content=\"https:\/\/agencia.unq.edu.ar\/wp-content\/uploads\/2026\/07\/Milei-cumpli-la-Ley.jpg\" \/>\n\t\t<script type=\"application\/ld+json\" class=\"aioseo-schema\">\n\t\t\t{\"@context\":\"https:\\\/\\\/schema.org\",\"@graph\":[{\"@type\":\"BlogPosting\",\"@id\":\"https:\\\/\\\/agencia.unq.edu.ar\\\/?p=38063#blogposting\",\"name\":\"Anticipan medidas de fuerza si el gobierno sigue sin cumplir la Ley de Financiamiento Universitario - Agencia de Noticias Cient\\u00edficas de la UNQ\",\"headline\":\"Anticipan medidas de fuerza si el gobierno sigue sin cumplir la Ley de Financiamiento Universitario\",\"author\":{\"@id\":\"https:\\\/\\\/agencia.unq.edu.ar\\\/?author=6#author\"},\"publisher\":{\"@id\":\"https:\\\/\\\/agencia.unq.edu.ar\\\/#organization\"},\"image\":{\"@type\":\"ImageObject\",\"url\":\"https:\\\/\\\/agencia.unq.edu.ar\\\/wp-content\\\/uploads\\\/2026\\\/07\\\/Milei-cumpli-la-Ley.jpg\",\"width\":1040,\"height\":420,\"caption\":\"Pasacalles exigiendo el cumplimiento de la Ley durante la \\u00faltima Marcha Universitaria. Cr\\u00e9ditos: Huellas del Sur.\"},\"datePublished\":\"2026-07-23T12:53:59-03:00\",\"dateModified\":\"2026-07-27T16:44:25-03:00\",\"inLanguage\":\"es-AR\",\"mainEntityOfPage\":{\"@id\":\"https:\\\/\\\/agencia.unq.edu.ar\\\/?p=38063#webpage\"},\"isPartOf\":{\"@id\":\"https:\\\/\\\/agencia.unq.edu.ar\\\/?p=38063#webpage\"},\"articleSection\":\"Noticia destacada, Pol\\u00edtica, Conflicto Universitario\"},{\"@type\":\"BreadcrumbList\",\"@id\":\"https:\\\/\\\/agencia.unq.edu.ar\\\/?p=38063#breadcrumblist\",\"itemListElement\":[{\"@type\":\"ListItem\",\"@id\":\"https:\\\/\\\/agencia.unq.edu.ar#listItem\",\"position\":1,\"name\":\"Home\",\"item\":\"https:\\\/\\\/agencia.unq.edu.ar\",\"nextItem\":{\"@type\":\"ListItem\",\"@id\":\"https:\\\/\\\/agencia.unq.edu.ar\\\/?cat=16#listItem\",\"name\":\"Noticia destacada\"}},{\"@type\":\"ListItem\",\"@id\":\"https:\\\/\\\/agencia.unq.edu.ar\\\/?cat=16#listItem\",\"position\":2,\"name\":\"Noticia destacada\",\"item\":\"https:\\\/\\\/agencia.unq.edu.ar\\\/?cat=16\",\"nextItem\":{\"@type\":\"ListItem\",\"@id\":\"https:\\\/\\\/agencia.unq.edu.ar\\\/?p=19194#listItem\",\"name\":\"Nicol\\u00e1s Malinovksy: \\u201cEntregar los recursos naturales va en contra de cuidar la soberan\\u00eda\\u201d\"},\"previousItem\":{\"@type\":\"ListItem\",\"@id\":\"https:\\\/\\\/agencia.unq.edu.ar#listItem\",\"name\":\"Home\"}},{\"@type\":\"ListItem\",\"@id\":\"https:\\\/\\\/agencia.unq.edu.ar\\\/?p=19194#listItem\",\"position\":3,\"name\":\"Nicol\\u00e1s Malinovksy: \\u201cEntregar los recursos naturales va en contra de cuidar la soberan\\u00eda\\u201d\",\"previousItem\":{\"@type\":\"ListItem\",\"@id\":\"https:\\\/\\\/agencia.unq.edu.ar\\\/?cat=16#listItem\",\"name\":\"Noticia destacada\"}}]},{\"@type\":\"Organization\",\"@id\":\"https:\\\/\\\/agencia.unq.edu.ar\\\/#organization\",\"name\":\"Agencia de noticias cient\\u00edficas\",\"description\":\"Contamos la ciencia en tiempo real\",\"url\":\"https:\\\/\\\/agencia.unq.edu.ar\\\/\",\"logo\":{\"@type\":\"ImageObject\",\"url\":\"https:\\\/\\\/agencia.unq.edu.ar\\\/wp-content\\\/uploads\\\/2025\\\/01\\\/logo-agencia-bn-sin-fondo.png\",\"@id\":\"https:\\\/\\\/agencia.unq.edu.ar\\\/?p=38063\\\/#organizationLogo\",\"width\":904,\"height\":222,\"caption\":\"Logo Agencia de Noticias Cient\\u00edficas de la UNQ\"},\"image\":{\"@id\":\"https:\\\/\\\/agencia.unq.edu.ar\\\/?p=38063\\\/#organizationLogo\"},\"sameAs\":[\"https:\\\/\\\/www.instagram.com\\\/agencia_noticias_unq\\\/\"]},{\"@type\":\"Person\",\"@id\":\"https:\\\/\\\/agencia.unq.edu.ar\\\/?author=6#author\",\"url\":\"https:\\\/\\\/agencia.unq.edu.ar\\\/?author=6\",\"name\":\"Nicol\\u00e1s Retamar\",\"image\":{\"@type\":\"ImageObject\",\"@id\":\"https:\\\/\\\/agencia.unq.edu.ar\\\/?p=38063#authorImage\",\"url\":\"https:\\\/\\\/secure.gravatar.com\\\/avatar\\\/d1693ba7f948f344b130f0ba3fb61a100609f44e1fd0dc6abd3869a90bcc3ad4?s=96&d=mm&r=g\",\"width\":96,\"height\":96,\"caption\":\"Nicol\\u00e1s Retamar\"}},{\"@type\":\"WebPage\",\"@id\":\"https:\\\/\\\/agencia.unq.edu.ar\\\/?p=38063#webpage\",\"url\":\"https:\\\/\\\/agencia.unq.edu.ar\\\/?p=38063\",\"name\":\"Anticipan medidas de fuerza si el gobierno sigue sin cumplir la Ley de Financiamiento Universitario - Agencia de Noticias Cient\\u00edficas de la UNQ\",\"description\":\"Aunque la Justicia lo oblig\\u00f3 a actualizar becas y salarios, el Ejecutivo lleva 275 d\\u00edas sin destinar los fondos para su aplicaci\\u00f3n.\",\"inLanguage\":\"es-AR\",\"isPartOf\":{\"@id\":\"https:\\\/\\\/agencia.unq.edu.ar\\\/#website\"},\"breadcrumb\":{\"@id\":\"https:\\\/\\\/agencia.unq.edu.ar\\\/?p=38063#breadcrumblist\"},\"author\":{\"@id\":\"https:\\\/\\\/agencia.unq.edu.ar\\\/?author=6#author\"},\"creator\":{\"@id\":\"https:\\\/\\\/agencia.unq.edu.ar\\\/?author=6#author\"},\"image\":{\"@type\":\"ImageObject\",\"url\":\"https:\\\/\\\/agencia.unq.edu.ar\\\/wp-content\\\/uploads\\\/2026\\\/07\\\/Milei-cumpli-la-Ley.jpg\",\"@id\":\"https:\\\/\\\/agencia.unq.edu.ar\\\/?p=38063\\\/#mainImage\",\"width\":1040,\"height\":420,\"caption\":\"Pasacalles exigiendo el cumplimiento de la Ley durante la \\u00faltima Marcha Universitaria. Cr\\u00e9ditos: Huellas del Sur.\"},\"primaryImageOfPage\":{\"@id\":\"https:\\\/\\\/agencia.unq.edu.ar\\\/?p=38063#mainImage\"},\"datePublished\":\"2026-07-23T12:53:59-03:00\",\"dateModified\":\"2026-07-27T16:44:25-03:00\"},{\"@type\":\"WebSite\",\"@id\":\"https:\\\/\\\/agencia.unq.edu.ar\\\/#website\",\"url\":\"https:\\\/\\\/agencia.unq.edu.ar\\\/\",\"name\":\"Agencia de noticias cient\\u00edficas\",\"description\":\"Contamos la ciencia en tiempo real\",\"inLanguage\":\"es-AR\",\"publisher\":{\"@id\":\"https:\\\/\\\/agencia.unq.edu.ar\\\/#organization\"}}]}\n\t\t<\/script>\n\t\t<!-- All in One SEO -->\n\n","aioseo_head_json":{"title":"Anticipan medidas de fuerza si el gobierno sigue sin cumplir la Ley de Financiamiento Universitario - Agencia de Noticias Cient\u00edficas de la UNQ","description":"Aunque la Justicia lo oblig\u00f3 a actualizar becas y salarios, el Ejecutivo lleva 275 d\u00edas sin destinar los fondos para su aplicaci\u00f3n.","canonical_url":"https:\/\/agencia.unq.edu.ar\/?p=38063","robots":"max-image-preview:large","keywords":"","webmasterTools":{"miscellaneous":""},"schema":{"@context":"https:\/\/schema.org","@graph":[{"@type":"BlogPosting","@id":"https:\/\/agencia.unq.edu.ar\/?p=38063#blogposting","name":"Anticipan medidas de fuerza si el gobierno sigue sin cumplir la Ley de Financiamiento Universitario - Agencia de Noticias Cient\u00edficas de la UNQ","headline":"Anticipan medidas de fuerza si el gobierno sigue sin cumplir la Ley de Financiamiento Universitario","author":{"@id":"https:\/\/agencia.unq.edu.ar\/?author=6#author"},"publisher":{"@id":"https:\/\/agencia.unq.edu.ar\/#organization"},"image":{"@type":"ImageObject","url":"https:\/\/agencia.unq.edu.ar\/wp-content\/uploads\/2026\/07\/Milei-cumpli-la-Ley.jpg","width":1040,"height":420,"caption":"Pasacalles exigiendo el cumplimiento de la Ley durante la \u00faltima Marcha Universitaria. Cr\u00e9ditos: Huellas del Sur."},"datePublished":"2026-07-23T12:53:59-03:00","dateModified":"2026-07-27T16:44:25-03:00","inLanguage":"es-AR","mainEntityOfPage":{"@id":"https:\/\/agencia.unq.edu.ar\/?p=38063#webpage"},"isPartOf":{"@id":"https:\/\/agencia.unq.edu.ar\/?p=38063#webpage"},"articleSection":"Noticia destacada, Pol\u00edtica, Conflicto Universitario"},{"@type":"BreadcrumbList","@id":"https:\/\/agencia.unq.edu.ar\/?p=38063#breadcrumblist","itemListElement":[{"@type":"ListItem","@id":"https:\/\/agencia.unq.edu.ar#listItem","position":1,"name":"Home","item":"https:\/\/agencia.unq.edu.ar","nextItem":{"@type":"ListItem","@id":"https:\/\/agencia.unq.edu.ar\/?cat=16#listItem","name":"Noticia destacada"}},{"@type":"ListItem","@id":"https:\/\/agencia.unq.edu.ar\/?cat=16#listItem","position":2,"name":"Noticia destacada","item":"https:\/\/agencia.unq.edu.ar\/?cat=16","nextItem":{"@type":"ListItem","@id":"https:\/\/agencia.unq.edu.ar\/?p=19194#listItem","name":"Nicol\u00e1s Malinovksy: \u201cEntregar los recursos naturales va en contra de cuidar la soberan\u00eda\u201d"},"previousItem":{"@type":"ListItem","@id":"https:\/\/agencia.unq.edu.ar#listItem","name":"Home"}},{"@type":"ListItem","@id":"https:\/\/agencia.unq.edu.ar\/?p=19194#listItem","position":3,"name":"Nicol\u00e1s Malinovksy: \u201cEntregar los recursos naturales va en contra de cuidar la soberan\u00eda\u201d","previousItem":{"@type":"ListItem","@id":"https:\/\/agencia.unq.edu.ar\/?cat=16#listItem","name":"Noticia destacada"}}]},{"@type":"Organization","@id":"https:\/\/agencia.unq.edu.ar\/#organization","name":"Agencia de noticias cient\u00edficas","description":"Contamos la ciencia en tiempo real","url":"https:\/\/agencia.unq.edu.ar\/","logo":{"@type":"ImageObject","url":"https:\/\/agencia.unq.edu.ar\/wp-content\/uploads\/2025\/01\/logo-agencia-bn-sin-fondo.png","@id":"https:\/\/agencia.unq.edu.ar\/?p=38063\/#organizationLogo","width":904,"height":222,"caption":"Logo Agencia de Noticias Cient\u00edficas de la UNQ"},"image":{"@id":"https:\/\/agencia.unq.edu.ar\/?p=38063\/#organizationLogo"},"sameAs":["https:\/\/www.instagram.com\/agencia_noticias_unq\/"]},{"@type":"Person","@id":"https:\/\/agencia.unq.edu.ar\/?author=6#author","url":"https:\/\/agencia.unq.edu.ar\/?author=6","name":"Nicol\u00e1s Retamar","image":{"@type":"ImageObject","@id":"https:\/\/agencia.unq.edu.ar\/?p=38063#authorImage","url":"https:\/\/secure.gravatar.com\/avatar\/d1693ba7f948f344b130f0ba3fb61a100609f44e1fd0dc6abd3869a90bcc3ad4?s=96&d=mm&r=g","width":96,"height":96,"caption":"Nicol\u00e1s Retamar"}},{"@type":"WebPage","@id":"https:\/\/agencia.unq.edu.ar\/?p=38063#webpage","url":"https:\/\/agencia.unq.edu.ar\/?p=38063","name":"Anticipan medidas de fuerza si el gobierno sigue sin cumplir la Ley de Financiamiento Universitario - Agencia de Noticias Cient\u00edficas de la UNQ","description":"Aunque la Justicia lo oblig\u00f3 a actualizar becas y salarios, el Ejecutivo lleva 275 d\u00edas sin destinar los fondos para su aplicaci\u00f3n.","inLanguage":"es-AR","isPartOf":{"@id":"https:\/\/agencia.unq.edu.ar\/#website"},"breadcrumb":{"@id":"https:\/\/agencia.unq.edu.ar\/?p=38063#breadcrumblist"},"author":{"@id":"https:\/\/agencia.unq.edu.ar\/?author=6#author"},"creator":{"@id":"https:\/\/agencia.unq.edu.ar\/?author=6#author"},"image":{"@type":"ImageObject","url":"https:\/\/agencia.unq.edu.ar\/wp-content\/uploads\/2026\/07\/Milei-cumpli-la-Ley.jpg","@id":"https:\/\/agencia.unq.edu.ar\/?p=38063\/#mainImage","width":1040,"height":420,"caption":"Pasacalles exigiendo el cumplimiento de la Ley durante la \u00faltima Marcha Universitaria. Cr\u00e9ditos: Huellas del Sur."},"primaryImageOfPage":{"@id":"https:\/\/agencia.unq.edu.ar\/?p=38063#mainImage"},"datePublished":"2026-07-23T12:53:59-03:00","dateModified":"2026-07-27T16:44:25-03:00"},{"@type":"WebSite","@id":"https:\/\/agencia.unq.edu.ar\/#website","url":"https:\/\/agencia.unq.edu.ar\/","name":"Agencia de noticias cient\u00edficas","description":"Contamos la ciencia en tiempo real","inLanguage":"es-AR","publisher":{"@id":"https:\/\/agencia.unq.edu.ar\/#organization"}}]},"og:locale":"es_ES","og:site_name":"Agencia de Noticias Cient\u00edficas de la UNQ","og:type":"article","og:title":"Anticipan medidas de fuerza si el gobierno sigue sin cumplir la Ley de Financiamiento Universitario - Agencia de Noticias Cient\u00edficas de la UNQ","og:description":"Aunque la Justicia lo oblig\u00f3 a actualizar becas y salarios, el Ejecutivo lleva 275 d\u00edas sin destinar los fondos para su aplicaci\u00f3n.","og:url":"https:\/\/agencia.unq.edu.ar\/?p=38063","og:image":"https:\/\/agencia.unq.edu.ar\/wp-content\/uploads\/2026\/07\/Milei-cumpli-la-Ley.jpg","og:image:secure_url":"https:\/\/agencia.unq.edu.ar\/wp-content\/uploads\/2026\/07\/Milei-cumpli-la-Ley.jpg","og:image:width":1040,"og:image:height":420,"article:published_time":"2026-07-23T15:53:59+00:00","article:modified_time":"2026-07-27T19:44:25+00:00","twitter:card":"summary_large_image","twitter:site":"@Agencia__UNQ","twitter:title":"Anticipan medidas de fuerza si el gobierno sigue sin cumplir la Ley de Financiamiento Universitario - Agencia de Noticias Cient\u00edficas de la UNQ","twitter:description":"Aunque la Justicia lo oblig\u00f3 a actualizar becas y salarios, el Ejecutivo lleva 275 d\u00edas sin destinar los fondos para su aplicaci\u00f3n.","twitter:image":"https:\/\/agencia.unq.edu.ar\/wp-content\/uploads\/2026\/07\/Milei-cumpli-la-Ley.jpg"},"aioseo_meta_data":{"post_id":"19194","title":null,"description":null,"keywords":[],"keyphrases":{"focus":{"keyphrase":"","score":0,"analysis":{"keyphraseInTitle":{"score":0,"maxScore":9,"error":1}}},"additional":[]},"primary_term":null,"canonical_url":null,"og_title":null,"og_description":null,"og_object_type":"default","og_image_type":"default","og_image_url":null,"og_image_width":null,"og_image_height":null,"og_image_custom_url":null,"og_image_custom_fields":null,"og_video":"","og_custom_url":null,"og_article_section":null,"og_article_tags":[],"twitter_use_og":true,"twitter_card":"default","twitter_image_type":"default","twitter_image_url":null,"twitter_image_custom_url":null,"twitter_image_custom_fields":null,"twitter_title":null,"twitter_description":null,"schema":{"blockGraphs":[],"customGraphs":[],"default":{"data":{"Article":[],"Course":[],"Dataset":[],"FAQPage":[],"Movie":[],"Person":[],"Product":[],"ProductReview":[],"Car":[],"Recipe":[],"Service":[],"SoftwareApplication":[],"WebPage":[]},"graphName":"BlogPosting","isEnabled":true},"graphs":[]},"schema_type":"default","schema_type_options":null,"pillar_content":false,"robots_default":true,"robots_noindex":false,"robots_noarchive":false,"robots_nosnippet":false,"robots_nofollow":false,"robots_noimageindex":false,"robots_noodp":false,"robots_notranslate":false,"robots_max_snippet":"-1","robots_max_videopreview":"-1","robots_max_imagepreview":"large","priority":null,"frequency":"default","local_seo":null,"breadcrumb_settings":null,"limit_modified_date":false,"ai":null,"created":"2024-04-12 18:17:19","updated":"2025-06-05 07:25:57","seo_analyzer_scan_date":null,"focus_keyword":null,"additional_keywords":null,"truseo_locale":null},"aioseo_breadcrumb":"<div class=\"aioseo-breadcrumbs\"><span class=\"aioseo-breadcrumb\">\n\t\t\t<a href=\"https:\/\/agencia.unq.edu.ar\" title=\"Home\">Home<\/a>\n\t\t<\/span><span class=\"aioseo-breadcrumb-separator\">&raquo;<\/span><span class=\"aioseo-breadcrumb\">\n\t\t\t<a href=\"https:\/\/agencia.unq.edu.ar\/?cat=16\" title=\"Noticia destacada\">Noticia destacada<\/a>\n\t\t<\/span><span class=\"aioseo-breadcrumb-separator\">&raquo;<\/span><span class=\"aioseo-breadcrumb\">\n\t\t\tNicol\u00e1s Malinovksy: \u201cEntregar los recursos naturales va en contra de cuidar la soberan\u00eda\u201d\n\t\t<\/span><\/div>","aioseo_breadcrumb_json":[{"label":"Home","link":"https:\/\/agencia.unq.edu.ar"},{"label":"Noticia destacada","link":"https:\/\/agencia.unq.edu.ar\/?cat=16"},{"label":"Nicol\u00e1s Malinovksy: \u201cEntregar los recursos naturales va en contra de cuidar la soberan\u00eda\u201d","link":"https:\/\/agencia.unq.edu.ar\/?p=19194"}],"uagb_featured_image_src":{"full":["https:\/\/agencia.unq.edu.ar\/wp-content\/uploads\/2024\/04\/Nicolas-Malinovsky.jpg",1040,420,false],"thumbnail":["https:\/\/agencia.unq.edu.ar\/wp-content\/uploads\/2024\/04\/Nicolas-Malinovsky.jpg",150,61,false],"medium":["https:\/\/agencia.unq.edu.ar\/wp-content\/uploads\/2024\/04\/Nicolas-Malinovsky.jpg",960,388,false],"medium_large":["https:\/\/agencia.unq.edu.ar\/wp-content\/uploads\/2024\/04\/Nicolas-Malinovsky.jpg",768,310,false],"large":["https:\/\/agencia.unq.edu.ar\/wp-content\/uploads\/2024\/04\/Nicolas-Malinovsky.jpg",1040,420,false],"1536x1536":["https:\/\/agencia.unq.edu.ar\/wp-content\/uploads\/2024\/04\/Nicolas-Malinovsky.jpg",1040,420,false],"2048x2048":["https:\/\/agencia.unq.edu.ar\/wp-content\/uploads\/2024\/04\/Nicolas-Malinovsky.jpg",1040,420,false],"smart-post-landscape":["https:\/\/agencia.unq.edu.ar\/wp-content\/uploads\/2024\/04\/Nicolas-Malinovsky.jpg",870,351,false],"smart-post-portrait":["https:\/\/agencia.unq.edu.ar\/wp-content\/uploads\/2024\/04\/Nicolas-Malinovsky.jpg",600,242,false]},"uagb_author_info":{"display_name":"Nicol\u00e1s Retamar","author_link":"https:\/\/agencia.unq.edu.ar\/?author=6"},"uagb_comment_info":0,"uagb_excerpt":"La Agencia dialog\u00f3 con el director del Observatorio de Energ\u00eda, Ciencia y Tecnolog\u00eda, sobre la transici\u00f3n energ\u00e9tica y el rol de Argentina en el tablero mundial.","blog_post_layout_featured_media_urls":{"thumbnail":["https:\/\/agencia.unq.edu.ar\/wp-content\/uploads\/2024\/04\/Nicolas-Malinovsky.jpg",150,61,false],"full":["https:\/\/agencia.unq.edu.ar\/wp-content\/uploads\/2024\/04\/Nicolas-Malinovsky.jpg",1040,420,false]},"categories_names":{"16":{"name":"Noticia destacada","link":"https:\/\/agencia.unq.edu.ar\/?cat=16"},"92":{"name":"Pol\u00edtica","link":"https:\/\/agencia.unq.edu.ar\/?cat=92"}},"tags_names":[],"comments_number":"0","_links":{"self":[{"href":"https:\/\/agencia.unq.edu.ar\/index.php?rest_route=\/wp\/v2\/posts\/19194","targetHints":{"allow":["GET"]}}],"collection":[{"href":"https:\/\/agencia.unq.edu.ar\/index.php?rest_route=\/wp\/v2\/posts"}],"about":[{"href":"https:\/\/agencia.unq.edu.ar\/index.php?rest_route=\/wp\/v2\/types\/post"}],"author":[{"embeddable":true,"href":"https:\/\/agencia.unq.edu.ar\/index.php?rest_route=\/wp\/v2\/users\/6"}],"replies":[{"embeddable":true,"href":"https:\/\/agencia.unq.edu.ar\/index.php?rest_route=%2Fwp%2Fv2%2Fcomments&post=19194"}],"version-history":[{"count":2,"href":"https:\/\/agencia.unq.edu.ar\/index.php?rest_route=\/wp\/v2\/posts\/19194\/revisions"}],"predecessor-version":[{"id":19197,"href":"https:\/\/agencia.unq.edu.ar\/index.php?rest_route=\/wp\/v2\/posts\/19194\/revisions\/19197"}],"wp:featuredmedia":[{"embeddable":true,"href":"https:\/\/agencia.unq.edu.ar\/index.php?rest_route=\/wp\/v2\/media\/19195"}],"wp:attachment":[{"href":"https:\/\/agencia.unq.edu.ar\/index.php?rest_route=%2Fwp%2Fv2%2Fmedia&parent=19194"}],"wp:term":[{"taxonomy":"category","embeddable":true,"href":"https:\/\/agencia.unq.edu.ar\/index.php?rest_route=%2Fwp%2Fv2%2Fcategories&post=19194"},{"taxonomy":"post_tag","embeddable":true,"href":"https:\/\/agencia.unq.edu.ar\/index.php?rest_route=%2Fwp%2Fv2%2Ftags&post=19194"}],"curies":[{"name":"wp","href":"https:\/\/api.w.org\/{rel}","templated":true}]}}