{"id":19581,"date":"2024-04-30T16:52:38","date_gmt":"2024-04-30T19:52:38","guid":{"rendered":"https:\/\/agencia.unq.edu.ar\/?p=19581"},"modified":"2024-10-08T15:46:24","modified_gmt":"2024-10-08T18:46:24","slug":"como-impacta-la-ley-bases-en-la-ciencia-y-la-tecnologia-argentina","status":"publish","type":"post","link":"https:\/\/agencia.unq.edu.ar\/?p=19581","title":{"rendered":"\u00bfC\u00f3mo impacta la &#8220;Ley Bases&#8221; en la ciencia y la tecnolog\u00eda argentina?"},"content":{"rendered":"\n<p class=\"has-medium-font-size wp-block-paragraph\">Si bien hay organismos que no se disolver\u00e1n, s\u00ed podr\u00edan vaciarse y modificar sus funciones. &#8220;Es una pu\u00f1alada directa al coraz\u00f3n del sistema cient\u00edfico nacional&#8221;, dice Valeria Levi, vicedecana de Exactas UBA.<\/p>\n\n\n\n<figure class=\"wp-block-image aligncenter size-full\"><img loading=\"lazy\" decoding=\"async\" width=\"1040\" height=\"420\" src=\"https:\/\/agencia.unq.edu.ar\/wp-content\/uploads\/2024\/04\/Camara-de-Diputados-Argentina.jpg\" alt=\"Mart\u00edn Menem dirige la sesi\u00f3n en Diputados. Cr\u00e9ditos: Prensa HCDN.\" class=\"wp-image-19585\"\/><figcaption class=\"wp-element-caption\">Mart\u00edn Menem dirige la sesi\u00f3n en Diputados. Cr\u00e9ditos: Prensa HCDN.<\/figcaption><\/figure>\n\n\n\n<p class=\"wp-block-paragraph\">La C\u00e1mara de Diputados aprob\u00f3 la Ley de Bases y Puntos de Partida para la Libertad de los Argentinos. De esta manera, el nuevo proyecto enviado por el gobierno obtuvo su primer triunfo y ahora deber\u00e1 pasar a la C\u00e1mara de Senadores. En los m\u00e1s de 220 art\u00edculos que tiene, la Ley Bases declara la emergencia energ\u00e9tica, econ\u00f3mica y financiera por un a\u00f1o. Adem\u00e1s, le permite al presidente realizar una reforma del Estado que va desde la privatizaci\u00f3n de empresas estatales hasta la quita de derechos laborales. En este sentido, uno de los temas centrales es qu\u00e9 pasa con el sistema cient\u00edfico y tecnol\u00f3gico nacional, cuya realidad est\u00e1 marcada por los despidos y el desfinanciamiento. Si bien queda la instancia de la otra C\u00e1mara, aumenta la preocupaci\u00f3n en torno al futuro de la ciencia y la tecnolog\u00eda como motor del desarrollo nacional. \u00bfCu\u00e1l es el horizonte de la producci\u00f3n de conocimiento frente a este nuevo panorama?<\/p>\n\n\n\n<p class=\"wp-block-paragraph\">En esta l\u00ednea, <strong>uno de los art\u00edculos m\u00e1s conflictivos es el 3, que le permite al Poder Ejecutivo Nacional &#8220;modificar o eliminar las competencias, funciones o responsabilidades dispuestas legalmente cuyo mantenimiento resulte innecesario&#8221;<\/strong>. Adem\u00e1s, le brinda la posibilidad de transformar la estructura jur\u00eddica, centralizar, fusionar, o disolver distintos organismos descentralizados que incluyen al Conicet y a otras instituciones de ciencia y tecnolog\u00eda. <\/p>\n\n\n\n<p class=\"wp-block-paragraph\">\u201c<strong>Es una pu\u00f1alada directa al coraz\u00f3n del sistema cient\u00edfico argentino, que se mantuvo a lo largo de diversos gobiernos con distintos colores pol\u00edticos<\/strong>. A pesar del prestigio internacional, de la carta de 68 premios Nobel advirtiendo que el da\u00f1o que se est\u00e1 haciendo es irreversible y atenta contra el desarrollo del pa\u00eds, las y los diputados en su mayor\u00eda eligen la destrucci\u00f3n\u201d, cuenta <strong>Valeria Levi<\/strong>, vicedecana de la Facultad de Ciencias Exactas de la UBA, en di\u00e1logo con la <a href=\"https:\/\/agencia.unq.edu.ar\/\" target=\"_blank\" rel=\"noopener\" title=\"\">Agencia de Noticias Cient\u00edficas de la Universidad Nacional de Quilmes<\/a>.<\/p>\n\n\n\n<p class=\"wp-block-paragraph\">Si bien el texto establece que el gobierno no podr\u00e1 disolver organismos como Conicet, Anmat, Incaa, Enacom, Conae, Cnea e Inta, s\u00ed podr\u00e1 realizar el resto de las acciones que transformen el funcionamiento y los objetivos de cada caso. Adem\u00e1s, <strong>el proyecto de ley no incluy\u00f3 en este listado a la Agencia Nacional de Promoci\u00f3n de la Investigaci\u00f3n, el Desarrollo Tecnol\u00f3gico y la Innovaci\u00f3n<\/strong> (Agencia I+D+i)<strong>, al Instituto Nacional de Tecnolog\u00eda Industrial y el Banco Nacional de Datos Gen\u00e9ticos<\/strong>, entre otros que s\u00ed podr\u00edan eventualmente desaparecer.<\/p>\n\n\n\n<p class=\"wp-block-paragraph\">En relaci\u00f3n al Banco Nacional de Datos Gen\u00e9ticos, la Uni\u00f3n C\u00edvica Radical pidi\u00f3 preservarlo ya que no aparece mencionado en el art\u00edculo 3. <strong>Aunque el vocero presidencial Manuel Adorni dijo que &#8220;no est\u00e1 en los planes del Gobierno ninguna medida o modificaci\u00f3n&#8221;, quedan dudas sobre su continuidad<\/strong>.<\/p>\n\n\n\n<p class=\"wp-block-paragraph\">Otro aspecto fundamental que tambi\u00e9n afecta a la Agencia I+D+i es el financiamiento. <strong>El art\u00edculo 5 de la Ley Bases autoriza al Poder Ejecutivo nacional a modificar, transformar, unificar, disolver o liquidar gran parte de los fondos fiduciarios p\u00fablicos<\/strong>. En el caso de la Agencia, el fondo fiduciario le permite mantener su funcionamiento y otorgar subsidios para realizar investigaciones. Si se disuelve el fondo, se disuelve la raz\u00f3n de ser de la Agencia.<\/p>\n\n\n\n<p class=\"wp-block-paragraph\">\u201cDe aprobarse, la Agencia dejar\u00eda de ser un sost\u00e9n para la investigaci\u00f3n y <strong>solo podr\u00edan investigar aquellos grupos que se financien con industrias o realicen servicios para el exterior<\/strong>, con lo que se perder\u00eda gran parte de la pertinencia de lo que se hace en el sistema\u201d, detalla <strong>Mario Lozano<\/strong>, vir\u00f3logo del Conicet y docente de la UNQ, ante la <a href=\"https:\/\/agencia.unq.edu.ar\/\" target=\"_blank\" rel=\"noopener\" title=\"\">Agencia<\/a>. El objetivo de este organismo es promover la investigaci\u00f3n cient\u00edfica, la generaci\u00f3n de conocimiento y la innovaci\u00f3n productiva de la Argentina, para mejorar su perfil productivo y la calidad de vida de la poblaci\u00f3n.<\/p>\n\n\n\n<figure class=\"wp-block-embed aligncenter is-type-rich is-provider-twitter wp-block-embed-twitter\"><div class=\"wp-block-embed__wrapper\">\n<blockquote class=\"twitter-tweet\" data-width=\"500\" data-dnt=\"true\"><p lang=\"es\" dir=\"ltr\">MEDIA SANCI\u00d3N A LA LEY \u201cBASES\u201d <br><br>La C\u00e1mara de Diputados de la Naci\u00f3n acaba de aprobar la media sanci\u00f3n de la totalidad de la ley \u201cBases y Puntos de Partida para la Libertad de los Argentinos\u201d. Este es un primer paso fundamental para sacar a Argentina del pantano que ha sido las\u2026<\/p>&mdash; Javier Milei (@JMilei) <a href=\"https:\/\/twitter.com\/JMilei\/status\/1785358226302570553?ref_src=twsrc%5Etfw\">April 30, 2024<\/a><\/blockquote><script async src=\"https:\/\/platform.twitter.com\/widgets.js\" charset=\"utf-8\"><\/script>\n<\/div><\/figure>\n\n\n\n<p class=\"wp-block-paragraph\">Sin embargo, <strong>a la Ley todav\u00eda le queda camino por recorrer y encuentra el di\u00e1logo y la resistencia de distintos sectores<\/strong>. Por el lado de las universidades, la ministra de Capital Humano Sandra Pettovello recibi\u00f3 el d\u00eda lunes a Ricardo Gelpi, rector de la UBA, para conversar tras la masiva marcha de la semana pasada. A su vez, el d\u00eda martes, Pettovello y el secretario de Educaci\u00f3n Carlos Torrendell hicieron lo propio con miembros del Consejo Interuniversitario Nacional para acercar posiciones en torno al ajuste presupuestario que sufren las Casas de Altos Estudios. Por otro lado, los investigadores nucleados en J\u00f3venes Cient\u00edficxs Precarizadxs convocaron a una asamblea en la Facultad de Ciencias Exactas de la UBA para delinear acciones a seguir en este contexto. Aunque la media sanci\u00f3n de Bases es un golpe para el sistema cient\u00edfico y tecnol\u00f3gico, todav\u00eda no est\u00e1 nada dicho.<\/p>\n\n\n\n<div style=\"height:40px\" aria-hidden=\"true\" class=\"wp-block-spacer\"><\/div>\n\n\n\n<hr class=\"wp-block-separator has-text-color has-css-opacity has-background is-style-wide\" style=\"background-color:#fea50e;color:#fea50e\"\/>\n\n\n\n<h4 class=\"wp-block-heading\" id=\"publicaciones-relacionadas\">\u00daltimas noticias de la secci\u00f3n Pol\u00edtica:<\/h4>\n\n\n<style id=\"sp_pcp_dynamic_style3318\">#pcp_wrapper-3318:not(.sps-glossary-layout) .sp-pcp-row,#pcp_wrapper-3318 .sps-glossary-items-group .sps-glossary-items-content {margin-right: -10px;margin-left: -10px;}#pcp_wrapper-3318 .sp-pcp-row [class*='sp-pcp-col-']{padding-right: 10px;padding-left: 10px; padding-bottom:20px;}.pcp-wrapper-3318 .sp-pcp-title a {color: #ac162c;display: inherit;} .pcp-wrapper-3318 .sp-pcp-title a:hover {color: #fea50e;}#pcp_wrapper-3318 .dots .swiper-pagination-bullet{ background: #ac162c; } #pcp_wrapper-3318 .dots .swiper-pagination-bullet-active { background: #fea50e; }#pcp_wrapper-3318 .pcp-button-prev,#pcp_wrapper-3318 .pcp-button-next{ background-image: none; background-size: auto; background-color: #fff; height: 33px; width: 33px; margin-top: 8px; border: 1px solid #aaa; text-align: center; line-height: 30px; -webkit-transition: 0.3s; border-radius: 3px; }#pcp_wrapper-3318 .pcp-button-prev:hover, #pcp_wrapper-3318 .pcp-button-next:hover{ background-color: #fea50e; border-color: #ac162c; } #pcp_wrapper-3318 .pcp-button-prev .fa, #pcp_wrapper-3318 .pcp-button-next .fa { color: #000000; } #pcp_wrapper-3318 .pcp-button-prev:hover .fa, #pcp_wrapper-3318 .pcp-button-next:hover .fa { color: #fff; } #pcp_wrapper-3318.pcp-carousel-wrapper .sp-pcp-post{ margin-top: 0; }#pcp_wrapper-3318 .sp-pcp-post {padding: 0 0 0 0;}#pcp_wrapper-3318.sp-slider_layout .sp-pcp-post .sp-pcp-post-details {top: 0; right:0; bottom:0; left:0;}#pcp_wrapper-3318 .sp-pcp-post {border: 0px solid #e2e2e2; border-radius: 0px }#pcp_wrapper-3318 .sp-pcp-post{background-color: transparent;}#pcp_wrapper-3318 .pcp-post-thumb-wrapper{border: 0px solid #dddddd;border-radius:0px;}.pcp-wrapper-3318 .sp-pcp-post-meta li,.pcp-wrapper-3318 .sp-pcp-post-meta ul,.pcp-wrapper-3318 .sp-pcp-post-meta li a{color: #888;}.pcp-wrapper-3318 .sp-pcp-post-meta li a:hover{color: #e1624b;}#pcp_wrapper-3318 .pcp-post-pagination .page-numbers.current, #pcp_wrapper-3318 .pcp-post-pagination a.active , #pcp_wrapper-3318 .pcp-post-pagination a:hover{ color: #ffffff; background: #e1624b; border-color: #e1624b; }#pcp_wrapper-3318 .pcp-post-pagination .page-numbers, .pcp-post-pagination a{ background: #ffffff; color:#5e5e5e; border: 2px solid #bbbbbb;border-radius: 2px; }#pcp_wrapper-3318 .pcp-post-pagination{text-align: left;}@media (min-width: 1200px) {.sp-pcp-row .sp-pcp-col-xl-1 {flex: 0 0 100%;}.sp-pcp-row .sp-pcp-col-xl-2 {flex: 1 1 calc( 50% - 20px);}.sp-pcp-row .sp-pcp-col-xl-3 {flex: 1 1 calc( 33.333% - 20px);}.sp-pcp-row .sp-pcp-col-xl-4 {flex: 1 1 calc( 25% - 20px);}.sp-pcp-row .sp-pcp-col-xl-5 { flex: 1 1 calc( 20% - 20px);}.sp-pcp-row .sp-pcp-col-xl-6 {flex: 1 1 calc( 16.66666666666667% - 20px);}.sp-pcp-row .sp-pcp-col-xl-7 {flex: 1 1 calc( 14.28571428% - 20px);}.sp-pcp-row .sp-pcp-col-xl-8 {flex: 1 1 calc( 12.5% - 20px);}}@media (max-width: 1200px) {.sp-pcp-row .sp-pcp-col-lg-1 {flex: 0 0 100%;}.sp-pcp-row .sp-pcp-col-lg-2 {flex: 1 1 calc( 50% - 20px);}.sp-pcp-row .sp-pcp-col-lg-3 {flex: 1 1 calc( 33.333% - 20px);}.sp-pcp-row .sp-pcp-col-lg-4 {flex: 1 1 calc( 25% - 20px);}.sp-pcp-row .sp-pcp-col-lg-5 { flex: 1 1 calc( 20% - 20px);}.sp-pcp-row .sp-pcp-col-lg-6 {flex: 1 1 calc( 16.66666666666667% - 20px);}.sp-pcp-row .sp-pcp-col-lg-7 {flex: 1 1 calc( 14.28571428% - 20px);}.sp-pcp-row .sp-pcp-col-lg-8 {flex: 1 1 calc( 12.5% - 20px);}}@media (max-width: 992px) {.sp-pcp-row .sp-pcp-col-md-1 {flex: 0 0 100%;}.sp-pcp-row .sp-pcp-col-md-2 {flex: 1 1 calc( 50% - 20px);}.sp-pcp-row .sp-pcp-col-md-2-5 {flex: 0 0 75%;}.sp-pcp-row .sp-pcp-col-md-3 {flex: 1 1 calc( 33.333% - 20px);}.sp-pcp-row .sp-pcp-col-md-4 {flex: 1 1 calc( 25% - 20px);}.sp-pcp-row .sp-pcp-col-md-5 { flex: 1 1 calc( 20% - 20px);}.sp-pcp-row .sp-pcp-col-md-6 {flex: 1 1 calc( 16.66666666666667% - 20px);}.sp-pcp-row .sp-pcp-col-md-7 {flex: 1 1 calc( 14.28571428% - 20px);}.sp-pcp-row .sp-pcp-col-md-8 {flex: 1 1 calc( 12.5% - 20px);}}@media (max-width: 768px) {.sp-pcp-row .sp-pcp-col-sm-1 {flex: 0 0 100%;}.sp-pcp-row .sp-pcp-col-sm-2 {flex: 1 1 calc( 50% - 20px);}.sp-pcp-row .sp-pcp-col-sm-2-5 {flex: 0 0 75%;}.sp-pcp-row .sp-pcp-col-sm-3 {flex: 1 1 calc( 33.333% - 20px);}.sp-pcp-row .sp-pcp-col-sm-4 {flex: 1 1 calc( 25% - 20px);}.sp-pcp-row .sp-pcp-col-sm-5 { flex: 1 1 calc( 20% - 20px);}.sp-pcp-row .sp-pcp-col-sm-6 {flex: 1 1 calc( 16.66666666666667% - 20px);}.sp-pcp-row .sp-pcp-col-sm-7 {flex: 1 1 calc( 14.28571428% - 20px);}.sp-pcp-row .sp-pcp-col-sm-8 {flex: 1 1 calc( 12.5% - 20px);}}@media (max-width: 420px) {.sp-pcp-row .sp-pcp-col-xs-1 {flex: 0 0 100%;}.sp-pcp-row .sp-pcp-col-xs-2 {flex: 1 1 calc( 50% - 20px);}.sp-pcp-row .sp-pcp-col-xs-3 {flex: 1 1 calc( 33.333% - 20px);}.sp-pcp-row .sp-pcp-col-xs-4 {flex: 1 1 calc( 25% - 20px);}.sp-pcp-row .sp-pcp-col-xs-5 { flex: 1 1 calc( 20% - 20px);}.sp-pcp-row .sp-pcp-col-xs-6 {flex: 1 1 calc( 16.66666666666667% - 20px);}.sp-pcp-row .sp-pcp-col-xs-7 {flex: 1 1 calc( 14.28571428% - 20px);}.sp-pcp-row .sp-pcp-col-xs-8 {flex: 1 1 calc( 12.5% - 20px);}}<\/style><!-- Markup Starts -->\n<div id=\"pcp_wrapper-3318\" class=\"sp-pcp-section sp-pcp-container pcp-wrapper-3318 pcp-carousel-wrapper standard sp-carousel_layout\" data-sid=\"3318\">\n\t<div id=\"sp-pcp-id-3318\" class=\"swiper-container sp-pcp-carousel top_right\" dir=\"ltr\" data-carousel='{ \"speed\":600, \"items\":3, \"spaceBetween\":20, \"dynamicBullets\": false, \"navigation\":true, \"pagination\": true, \"autoplay\": true, \"autoplay_speed\": 2000, \"loop\": true, \"autoHeight\": false, \"lazy\":  true, \"simulateTouch\": true, \"freeMode\": false, \"slider_mouse_wheel\": false,\"allowTouchMove\": true, \"slidesPerView\": {\"lg_desktop\": 3, \"desktop\": 3, \"tablet\": 2, \"mobile_landscape\": 1, \"mobile\": 1}, \"navigation_mobile\": true, \"pagination_mobile\": true, \"stop_onHover\": true, \"enabled\": true, \"prevSlideMessage\": \"Previous slide\", \"nextSlideMessage\": \"Next slide\", \"firstSlideMessage\": \"This is the first slide\", \"lastSlideMessage\": \"This is the last slide\", \"keyboard\": \"true\", \"paginationBulletMessage\": \"Go to slide {{index}}\" }'>\n\t\t\t<div class=\"swiper-wrapper\">\n\t\t\t\t\t\t<div class=\" swiper-slide swiper-lazy\">\n\t\t\t<div class=\"sp-pcp-post default pcp-item-38778\" data-id=\"38778\">\n\t\t\t\t\t\t\t\t<div class=\"pcp-post-thumb-wrapper\">\n\t\t\t\t\t<div class=\"sp-pcp-post-thumb-area\">\n\t\t\t\t\t\t\t\t\t\t\t\t<a class=\"sp-pcp-thumb\" href=\"https:\/\/agencia.unq.edu.ar\/?p=38778\" target=\"_self\" >\n\t\t\t\t\t\t\t\t\t\t\t\t\t<img loading=\"lazy\" decoding=\"async\" src=\"https:\/\/agencia.unq.edu.ar\/wp-content\/uploads\/2026\/08\/Salud-mental-suicidios.jpg\" width=\"1040\" height=\"420\" alt=\"La tasa de sucidios en Argentina durante 2025 super\u00f3 las cifras de la dictadura y el 2001. Cr\u00e9ditos: El Peri\u00f3dico.\">\n\t\t\t\t\t\t<\/a>\n\t\t\t\t\t<\/div>\n\t\t\t\t<\/div>\n\t\t\t\t\t\t\t\t<div class=\"sp-pcp-post-details\">\n\t\t\t\t\t<div class=\"sp-pcp-post-details-content\">\n\t\t\t\t\t\t\t\t<h4 class=\"sp-pcp-title\">\n\t\t\t\t\t\t\t\t\t<a href=\"https:\/\/agencia.unq.edu.ar\/?p=38778\"  target=\"_self\">Cifras de una \u00e9poca: radiograf\u00eda del suicidio en tiempos de ajuste\u00a0<\/a>\t\t\t\t\t\t\t<\/h4>\n\t\t\t\t\t\t\t\t\t<\/div>\n\t\t\t\t<\/div>\n\t\t\t<\/div>\n\t\t<\/div>\n\t\t\t\t<div class=\" swiper-slide swiper-lazy\">\n\t\t\t<div class=\"sp-pcp-post default pcp-item-38747\" data-id=\"38747\">\n\t\t\t\t\t\t\t\t<div class=\"pcp-post-thumb-wrapper\">\n\t\t\t\t\t<div class=\"sp-pcp-post-thumb-area\">\n\t\t\t\t\t\t\t\t\t\t\t\t<a class=\"sp-pcp-thumb\" href=\"https:\/\/agencia.unq.edu.ar\/?p=38747\" target=\"_self\" >\n\t\t\t\t\t\t\t\t\t\t\t\t\t<img loading=\"lazy\" decoding=\"async\" src=\"https:\/\/agencia.unq.edu.ar\/wp-content\/uploads\/2026\/08\/Pacto-Digital-CDMX-Clara-Brugada.jpg\" width=\"1040\" height=\"420\" alt=\"Clara Brugada, jefa de gobierno de la Ciudad de M\u00e9xico. Cr\u00e9ditos: Conexi\u00f3n Radio Noticias.\">\n\t\t\t\t\t\t<\/a>\n\t\t\t\t\t<\/div>\n\t\t\t\t<\/div>\n\t\t\t\t\t\t\t\t<div class=\"sp-pcp-post-details\">\n\t\t\t\t\t<div class=\"sp-pcp-post-details-content\">\n\t\t\t\t\t\t\t\t<h4 class=\"sp-pcp-title\">\n\t\t\t\t\t\t\t\t\t<a href=\"https:\/\/agencia.unq.edu.ar\/?p=38747\"  target=\"_self\">La Ciudad de M\u00e9xico lanza una iniciativa para proteger a los ni\u00f1os y adolescentes de internet y las pantallas<\/a>\t\t\t\t\t\t\t<\/h4>\n\t\t\t\t\t\t\t\t\t<\/div>\n\t\t\t\t<\/div>\n\t\t\t<\/div>\n\t\t<\/div>\n\t\t\t\t<div class=\" swiper-slide swiper-lazy\">\n\t\t\t<div class=\"sp-pcp-post default pcp-item-38679\" data-id=\"38679\">\n\t\t\t\t\t\t\t\t<div class=\"pcp-post-thumb-wrapper\">\n\t\t\t\t\t<div class=\"sp-pcp-post-thumb-area\">\n\t\t\t\t\t\t\t\t\t\t\t\t<a class=\"sp-pcp-thumb\" href=\"https:\/\/agencia.unq.edu.ar\/?p=38679\" target=\"_self\" >\n\t\t\t\t\t\t\t\t\t\t\t\t\t<img loading=\"lazy\" decoding=\"async\" src=\"https:\/\/agencia.unq.edu.ar\/wp-content\/uploads\/2026\/08\/Pablo-Manili-abogado-CIN.jpg\" width=\"1040\" height=\"420\" alt=\"Pablo Manili, abogado constitucionalista del Consejo Interuniversitario Nacional. Cr\u00e9ditos: Vocaci\u00f3n x periodismo.\">\n\t\t\t\t\t\t<\/a>\n\t\t\t\t\t<\/div>\n\t\t\t\t<\/div>\n\t\t\t\t\t\t\t\t<div class=\"sp-pcp-post-details\">\n\t\t\t\t\t<div class=\"sp-pcp-post-details-content\">\n\t\t\t\t\t\t\t\t<h4 class=\"sp-pcp-title\">\n\t\t\t\t\t\t\t\t\t<a href=\"https:\/\/agencia.unq.edu.ar\/?p=38679\"  target=\"_self\">Ley de Financiamiento Universitario: \u201cEstamos esperando que el juez intime al gobierno para cumplir la cautelar\u201d<\/a>\t\t\t\t\t\t\t<\/h4>\n\t\t\t\t\t\t\t\t\t<\/div>\n\t\t\t\t<\/div>\n\t\t\t<\/div>\n\t\t<\/div>\n\t\t\t\t<div class=\" swiper-slide swiper-lazy\">\n\t\t\t<div class=\"sp-pcp-post default pcp-item-38650\" data-id=\"38650\">\n\t\t\t\t\t\t\t\t<div class=\"pcp-post-thumb-wrapper\">\n\t\t\t\t\t<div class=\"sp-pcp-post-thumb-area\">\n\t\t\t\t\t\t\t\t\t\t\t\t<a class=\"sp-pcp-thumb\" href=\"https:\/\/agencia.unq.edu.ar\/?p=38650\" target=\"_self\" >\n\t\t\t\t\t\t\t\t\t\t\t\t\t<img loading=\"lazy\" decoding=\"async\" src=\"https:\/\/agencia.unq.edu.ar\/wp-content\/uploads\/2026\/08\/Council-of-the-Americas-Milei.jpg\" width=\"1040\" height=\"420\" alt=\"Javier Milei junto a integrantes del Council of the Americas. Cr\u00e9ditos: Capece\/Lasansky.\">\n\t\t\t\t\t\t<\/a>\n\t\t\t\t\t<\/div>\n\t\t\t\t<\/div>\n\t\t\t\t\t\t\t\t<div class=\"sp-pcp-post-details\">\n\t\t\t\t\t<div class=\"sp-pcp-post-details-content\">\n\t\t\t\t\t\t\t\t<h4 class=\"sp-pcp-title\">\n\t\t\t\t\t\t\t\t\t<a href=\"https:\/\/agencia.unq.edu.ar\/?p=38650\"  target=\"_self\">&#8220;Pa\u00f1uelitos verdes y baja de natalidad&#8221;, una mentira importada para retroceder en derechos sexuales y reproductivos<\/a>\t\t\t\t\t\t\t<\/h4>\n\t\t\t\t\t\t\t\t\t<\/div>\n\t\t\t\t<\/div>\n\t\t\t<\/div>\n\t\t<\/div>\n\t\t\t\t<div class=\" swiper-slide swiper-lazy\">\n\t\t\t<div class=\"sp-pcp-post default pcp-item-38590\" data-id=\"38590\">\n\t\t\t\t\t\t\t\t<div class=\"pcp-post-thumb-wrapper\">\n\t\t\t\t\t<div class=\"sp-pcp-post-thumb-area\">\n\t\t\t\t\t\t\t\t\t\t\t\t<a class=\"sp-pcp-thumb\" href=\"https:\/\/agencia.unq.edu.ar\/?p=38590\" target=\"_self\" >\n\t\t\t\t\t\t\t\t\t\t\t\t\t<img loading=\"lazy\" decoding=\"async\" src=\"https:\/\/agencia.unq.edu.ar\/wp-content\/uploads\/2026\/08\/Milei-Bullrich-monitoreo-protesta.jpg\" width=\"1040\" height=\"420\" alt=\"Milei y Patricia Bullrich monitorean junto a las fuerzas de seguridad la primera Marcha Federal Universitaria. Cr\u00e9ditos: Sol 91.5.\">\n\t\t\t\t\t\t<\/a>\n\t\t\t\t\t<\/div>\n\t\t\t\t<\/div>\n\t\t\t\t\t\t\t\t<div class=\"sp-pcp-post-details\">\n\t\t\t\t\t<div class=\"sp-pcp-post-details-content\">\n\t\t\t\t\t\t\t\t<h4 class=\"sp-pcp-title\">\n\t\t\t\t\t\t\t\t\t<a href=\"https:\/\/agencia.unq.edu.ar\/?p=38590\"  target=\"_self\">La verdadera campa\u00f1a del miedo: el gobierno expande la vigilancia masiva sin control ni transparencia<\/a>\t\t\t\t\t\t\t<\/h4>\n\t\t\t\t\t\t\t\t\t<\/div>\n\t\t\t\t<\/div>\n\t\t\t<\/div>\n\t\t<\/div>\n\t\t\t\t<div class=\" swiper-slide swiper-lazy\">\n\t\t\t<div class=\"sp-pcp-post default pcp-item-38375\" data-id=\"38375\">\n\t\t\t\t\t\t\t\t<div class=\"pcp-post-thumb-wrapper\">\n\t\t\t\t\t<div class=\"sp-pcp-post-thumb-area\">\n\t\t\t\t\t\t\t\t\t\t\t\t<a class=\"sp-pcp-thumb\" href=\"https:\/\/agencia.unq.edu.ar\/?p=38375\" target=\"_self\" >\n\t\t\t\t\t\t\t\t\t\t\t\t\t<img loading=\"lazy\" decoding=\"async\" src=\"https:\/\/agencia.unq.edu.ar\/wp-content\/uploads\/2026\/08\/me-pongo-la-camiseta02.jpg\" width=\"1040\" height=\"420\" alt=\"Capturas de pantalla de la convocatoria para el 12 de agosto. Cr\u00e9ditos: @raicyt_ar\">\n\t\t\t\t\t\t<\/a>\n\t\t\t\t\t<\/div>\n\t\t\t\t<\/div>\n\t\t\t\t\t\t\t\t<div class=\"sp-pcp-post-details\">\n\t\t\t\t\t<div class=\"sp-pcp-post-details-content\">\n\t\t\t\t\t\t\t\t<h4 class=\"sp-pcp-title\">\n\t\t\t\t\t\t\t\t\t<a href=\"https:\/\/agencia.unq.edu.ar\/?p=38375\"  target=\"_self\">Cient\u00edficos realizar\u00e1n una protesta bajo el lema \u201cMe pongo la camiseta\u201d para defender a Argentina<\/a>\t\t\t\t\t\t\t<\/h4>\n\t\t\t\t\t\t\t\t\t<\/div>\n\t\t\t\t<\/div>\n\t\t\t<\/div>\n\t\t<\/div>\n\t\t\t\t<div class=\" swiper-slide swiper-lazy\">\n\t\t\t<div class=\"sp-pcp-post default pcp-item-38325\" data-id=\"38325\">\n\t\t\t\t\t\t\t\t<div class=\"pcp-post-thumb-wrapper\">\n\t\t\t\t\t<div class=\"sp-pcp-post-thumb-area\">\n\t\t\t\t\t\t\t\t\t\t\t\t<a class=\"sp-pcp-thumb\" href=\"https:\/\/agencia.unq.edu.ar\/?p=38325\" target=\"_self\" >\n\t\t\t\t\t\t\t\t\t\t\t\t\t<img loading=\"lazy\" decoding=\"async\" src=\"https:\/\/agencia.unq.edu.ar\/wp-content\/uploads\/2026\/08\/Pedro-Di-Nezio.jpg\" width=\"1040\" height=\"420\" alt=\"Pedro Di Nezio es especialista en El Ni\u00f1o. Cr\u00e9ditos: Servicio Meteorol\u00f3gico Nacional.\">\n\t\t\t\t\t\t<\/a>\n\t\t\t\t\t<\/div>\n\t\t\t\t<\/div>\n\t\t\t\t\t\t\t\t<div class=\"sp-pcp-post-details\">\n\t\t\t\t\t<div class=\"sp-pcp-post-details-content\">\n\t\t\t\t\t\t\t\t<h4 class=\"sp-pcp-title\">\n\t\t\t\t\t\t\t\t\t<a href=\"https:\/\/agencia.unq.edu.ar\/?p=38325\"  target=\"_self\">Qui\u00e9n es Pedro Di Nezio, el nuevo director del Servicio Meteorol\u00f3gico Nacional<\/a>\t\t\t\t\t\t\t<\/h4>\n\t\t\t\t\t\t\t\t\t<\/div>\n\t\t\t\t<\/div>\n\t\t\t<\/div>\n\t\t<\/div>\n\t\t\t\t<div class=\" swiper-slide swiper-lazy\">\n\t\t\t<div class=\"sp-pcp-post default pcp-item-38314\" data-id=\"38314\">\n\t\t\t\t\t\t\t\t<div class=\"pcp-post-thumb-wrapper\">\n\t\t\t\t\t<div class=\"sp-pcp-post-thumb-area\">\n\t\t\t\t\t\t\t\t\t\t\t\t<a class=\"sp-pcp-thumb\" href=\"https:\/\/agencia.unq.edu.ar\/?p=38314\" target=\"_self\" >\n\t\t\t\t\t\t\t\t\t\t\t\t\t<img loading=\"lazy\" decoding=\"async\" src=\"https:\/\/agencia.unq.edu.ar\/wp-content\/uploads\/2026\/08\/2026-08-06Gustavo-G-ZANOTTI.jpg\" width=\"504\" height=\"204\" alt=\"Gustavo Garc\u00eda Zanotti es licenciado en Econom\u00eda y se doctor\u00f3 en Desarrollo Econ\u00f3mico en la UNQ gracias a una beca del Conicet. Cr\u00e9ditos: El Ciudadano.\">\n\t\t\t\t\t\t<\/a>\n\t\t\t\t\t<\/div>\n\t\t\t\t<\/div>\n\t\t\t\t\t\t\t\t<div class=\"sp-pcp-post-details\">\n\t\t\t\t\t<div class=\"sp-pcp-post-details-content\">\n\t\t\t\t\t\t\t\t<h4 class=\"sp-pcp-title\">\n\t\t\t\t\t\t\t\t\t<a href=\"https:\/\/agencia.unq.edu.ar\/?p=38314\"  target=\"_self\">Un especialista en inversiones extranjeras gan\u00f3 el premio a la mejor tesis doctoral en Desarrollo Econ\u00f3mico de la UNQ<\/a>\t\t\t\t\t\t\t<\/h4>\n\t\t\t\t\t\t\t\t\t<\/div>\n\t\t\t\t<\/div>\n\t\t\t<\/div>\n\t\t<\/div>\n\t\t\t\t<div class=\" swiper-slide swiper-lazy\">\n\t\t\t<div class=\"sp-pcp-post default pcp-item-38302\" data-id=\"38302\">\n\t\t\t\t\t\t\t\t<div class=\"pcp-post-thumb-wrapper\">\n\t\t\t\t\t<div class=\"sp-pcp-post-thumb-area\">\n\t\t\t\t\t\t\t\t\t\t\t\t<a class=\"sp-pcp-thumb\" href=\"https:\/\/agencia.unq.edu.ar\/?p=38302\" target=\"_self\" >\n\t\t\t\t\t\t\t\t\t\t\t\t\t<img loading=\"lazy\" decoding=\"async\" src=\"https:\/\/agencia.unq.edu.ar\/wp-content\/uploads\/2026\/08\/Papa-Leon-XIV.jpg\" width=\"1040\" height=\"420\" alt=\"Primera aparici\u00f3n de Robert Prevost como Papa. Cr\u00e9ditos: Tiziana Fabi\/AFP\/Getty Images.\">\n\t\t\t\t\t\t<\/a>\n\t\t\t\t\t<\/div>\n\t\t\t\t<\/div>\n\t\t\t\t\t\t\t\t<div class=\"sp-pcp-post-details\">\n\t\t\t\t\t<div class=\"sp-pcp-post-details-content\">\n\t\t\t\t\t\t\t\t<h4 class=\"sp-pcp-title\">\n\t\t\t\t\t\t\t\t\t<a href=\"https:\/\/agencia.unq.edu.ar\/?p=38302\"  target=\"_self\">Al servicio del bien com\u00fan: la mirada de Le\u00f3n XIV sobre la ciencia y la tecnolog\u00eda<\/a>\t\t\t\t\t\t\t<\/h4>\n\t\t\t\t\t\t\t\t\t<\/div>\n\t\t\t\t<\/div>\n\t\t\t<\/div>\n\t\t<\/div>\n\t\t\t\t<div class=\" swiper-slide swiper-lazy\">\n\t\t\t<div class=\"sp-pcp-post default pcp-item-38290\" data-id=\"38290\">\n\t\t\t\t\t\t\t\t<div class=\"pcp-post-thumb-wrapper\">\n\t\t\t\t\t<div class=\"sp-pcp-post-thumb-area\">\n\t\t\t\t\t\t\t\t\t\t\t\t<a class=\"sp-pcp-thumb\" href=\"https:\/\/agencia.unq.edu.ar\/?p=38290\" target=\"_self\" >\n\t\t\t\t\t\t\t\t\t\t\t\t\t<img loading=\"lazy\" decoding=\"async\" src=\"https:\/\/agencia.unq.edu.ar\/wp-content\/uploads\/2026\/08\/Lula-ciencia-y-tecnologia.jpg\" width=\"1040\" height=\"420\" alt=\"Lula da SIlva durante una reuni\u00f3n de l\u00edderes en ciencia y tecnolog\u00eda. Cr\u00e9ditos: Ricardo Stuckert.\">\n\t\t\t\t\t\t<\/a>\n\t\t\t\t\t<\/div>\n\t\t\t\t<\/div>\n\t\t\t\t\t\t\t\t<div class=\"sp-pcp-post-details\">\n\t\t\t\t\t<div class=\"sp-pcp-post-details-content\">\n\t\t\t\t\t\t\t\t<h4 class=\"sp-pcp-title\">\n\t\t\t\t\t\t\t\t\t<a href=\"https:\/\/agencia.unq.edu.ar\/?p=38290\"  target=\"_self\">Brasil apuesta a la ciencia y proyecta una inversi\u00f3n del 2 por ciento del PBI para 2034<\/a>\t\t\t\t\t\t\t<\/h4>\n\t\t\t\t\t\t\t\t\t<\/div>\n\t\t\t\t<\/div>\n\t\t\t<\/div>\n\t\t<\/div>\n\t\t\t\t<div class=\" swiper-slide swiper-lazy\">\n\t\t\t<div class=\"sp-pcp-post default pcp-item-38257\" data-id=\"38257\">\n\t\t\t\t\t\t\t\t<div class=\"pcp-post-thumb-wrapper\">\n\t\t\t\t\t<div class=\"sp-pcp-post-thumb-area\">\n\t\t\t\t\t\t\t\t\t\t\t\t<a class=\"sp-pcp-thumb\" href=\"https:\/\/agencia.unq.edu.ar\/?p=38257\" target=\"_self\" >\n\t\t\t\t\t\t\t\t\t\t\t\t\t<img loading=\"lazy\" decoding=\"async\" src=\"https:\/\/agencia.unq.edu.ar\/wp-content\/uploads\/2026\/08\/Clementina-XXI-supercomputadora.jpg\" width=\"1040\" height=\"420\" alt=\"Clementina XXI funciona en la sede del Servicio Meteorol\u00f3gico Nacional. Cr\u00e9ditos: La Naci\u00f3n.\">\n\t\t\t\t\t\t<\/a>\n\t\t\t\t\t<\/div>\n\t\t\t\t<\/div>\n\t\t\t\t\t\t\t\t<div class=\"sp-pcp-post-details\">\n\t\t\t\t\t<div class=\"sp-pcp-post-details-content\">\n\t\t\t\t\t\t\t\t<h4 class=\"sp-pcp-title\">\n\t\t\t\t\t\t\t\t\t<a href=\"https:\/\/agencia.unq.edu.ar\/?p=38257\"  target=\"_self\">Argentina est\u00e1 cada vez m\u00e1s lejos en la carrera de las supercomputadoras<\/a>\t\t\t\t\t\t\t<\/h4>\n\t\t\t\t\t\t\t\t\t<\/div>\n\t\t\t\t<\/div>\n\t\t\t<\/div>\n\t\t<\/div>\n\t\t\t\t<div class=\" swiper-slide swiper-lazy\">\n\t\t\t<div class=\"sp-pcp-post default pcp-item-38218\" data-id=\"38218\">\n\t\t\t\t\t\t\t\t<div class=\"pcp-post-thumb-wrapper\">\n\t\t\t\t\t<div class=\"sp-pcp-post-thumb-area\">\n\t\t\t\t\t\t\t\t\t\t\t\t<a class=\"sp-pcp-thumb\" href=\"https:\/\/agencia.unq.edu.ar\/?p=38218\" target=\"_self\" >\n\t\t\t\t\t\t\t\t\t\t\t\t\t<img loading=\"lazy\" decoding=\"async\" src=\"https:\/\/agencia.unq.edu.ar\/wp-content\/uploads\/2026\/07\/Conicet-protesta-.jpg\" width=\"1040\" height=\"420\" alt=\"Cr\u00e9ditos: Periferia.\">\n\t\t\t\t\t\t<\/a>\n\t\t\t\t\t<\/div>\n\t\t\t\t<\/div>\n\t\t\t\t\t\t\t\t<div class=\"sp-pcp-post-details\">\n\t\t\t\t\t<div class=\"sp-pcp-post-details-content\">\n\t\t\t\t\t\t\t\t<h4 class=\"sp-pcp-title\">\n\t\t\t\t\t\t\t\t\t<a href=\"https:\/\/agencia.unq.edu.ar\/?p=38218\"  target=\"_self\">Administrativos, gastronom\u00eda y Uber: \u00bfa qu\u00e9 se dedicar\u00e1n los cient\u00edficos y cient\u00edficas que se quedan sin trabajo?<\/a>\t\t\t\t\t\t\t<\/h4>\n\t\t\t\t\t\t\t\t\t<\/div>\n\t\t\t\t<\/div>\n\t\t\t<\/div>\n\t\t<\/div>\n\t\t\t\t<div class=\" swiper-slide swiper-lazy\">\n\t\t\t<div class=\"sp-pcp-post default pcp-item-38191\" data-id=\"38191\">\n\t\t\t\t\t\t\t\t<div class=\"pcp-post-thumb-wrapper\">\n\t\t\t\t\t<div class=\"sp-pcp-post-thumb-area\">\n\t\t\t\t\t\t\t\t\t\t\t\t<a class=\"sp-pcp-thumb\" href=\"https:\/\/agencia.unq.edu.ar\/?p=38191\" target=\"_self\" >\n\t\t\t\t\t\t\t\t\t\t\t\t\t<img loading=\"lazy\" decoding=\"async\" src=\"https:\/\/agencia.unq.edu.ar\/wp-content\/uploads\/2026\/07\/Conicet-Principal.jpg\" width=\"1040\" height=\"420\" alt=\"La conferencia de prensa se realiz\u00f3 al mediod\u00eda (imagen cedida por los investigadores participantes)\">\n\t\t\t\t\t\t<\/a>\n\t\t\t\t\t<\/div>\n\t\t\t\t<\/div>\n\t\t\t\t\t\t\t\t<div class=\"sp-pcp-post-details\">\n\t\t\t\t\t<div class=\"sp-pcp-post-details-content\">\n\t\t\t\t\t\t\t\t<h4 class=\"sp-pcp-title\">\n\t\t\t\t\t\t\t\t\t<a href=\"https:\/\/agencia.unq.edu.ar\/?p=38191\"  target=\"_self\">El Conicet en alerta: el principal organismo cient\u00edfico del pa\u00eds est\u00e1 al borde de perder 400 trabajadores<\/a>\t\t\t\t\t\t\t<\/h4>\n\t\t\t\t\t\t\t\t\t<\/div>\n\t\t\t\t<\/div>\n\t\t\t<\/div>\n\t\t<\/div>\n\t\t\t\t<div class=\" swiper-slide swiper-lazy\">\n\t\t\t<div class=\"sp-pcp-post default pcp-item-38115\" data-id=\"38115\">\n\t\t\t\t\t\t\t\t<div class=\"pcp-post-thumb-wrapper\">\n\t\t\t\t\t<div class=\"sp-pcp-post-thumb-area\">\n\t\t\t\t\t\t\t\t\t\t\t\t<a class=\"sp-pcp-thumb\" href=\"https:\/\/agencia.unq.edu.ar\/?p=38115\" target=\"_self\" >\n\t\t\t\t\t\t\t\t\t\t\t\t\t<img loading=\"lazy\" decoding=\"async\" src=\"https:\/\/agencia.unq.edu.ar\/wp-content\/uploads\/2026\/07\/La-noche-de-los-bastones-largos.jpg\" width=\"1040\" height=\"420\" alt=\"El 29 de julio de 1966, la dictadura de Ongan\u00eda reprimi\u00f3 a la comunidad que defend\u00eda la autonom\u00eda universitaria. Cr\u00e9ditos: Cultura.gob.ar\">\n\t\t\t\t\t\t<\/a>\n\t\t\t\t\t<\/div>\n\t\t\t\t<\/div>\n\t\t\t\t\t\t\t\t<div class=\"sp-pcp-post-details\">\n\t\t\t\t\t<div class=\"sp-pcp-post-details-content\">\n\t\t\t\t\t\t\t\t<h4 class=\"sp-pcp-title\">\n\t\t\t\t\t\t\t\t\t<a href=\"https:\/\/agencia.unq.edu.ar\/?p=38115\"  target=\"_self\">A 60 a\u00f1os de la noche de los bastones largos, \u00bfotra vez la misma historia?<\/a>\t\t\t\t\t\t\t<\/h4>\n\t\t\t\t\t\t\t\t\t<\/div>\n\t\t\t\t<\/div>\n\t\t\t<\/div>\n\t\t<\/div>\n\t\t\t\t<div class=\" swiper-slide swiper-lazy\">\n\t\t\t<div class=\"sp-pcp-post default pcp-item-38063\" data-id=\"38063\">\n\t\t\t\t\t\t\t\t<div class=\"pcp-post-thumb-wrapper\">\n\t\t\t\t\t<div class=\"sp-pcp-post-thumb-area\">\n\t\t\t\t\t\t\t\t\t\t\t\t<a class=\"sp-pcp-thumb\" href=\"https:\/\/agencia.unq.edu.ar\/?p=38063\" target=\"_self\" >\n\t\t\t\t\t\t\t\t\t\t\t\t\t<img loading=\"lazy\" decoding=\"async\" src=\"https:\/\/agencia.unq.edu.ar\/wp-content\/uploads\/2026\/07\/Milei-cumpli-la-Ley.jpg\" width=\"1040\" height=\"420\" alt=\"Pasacalles exigiendo el cumplimiento de la Ley durante la \u00faltima Marcha Universitaria. Cr\u00e9ditos: Huellas del Sur.\">\n\t\t\t\t\t\t<\/a>\n\t\t\t\t\t<\/div>\n\t\t\t\t<\/div>\n\t\t\t\t\t\t\t\t<div class=\"sp-pcp-post-details\">\n\t\t\t\t\t<div class=\"sp-pcp-post-details-content\">\n\t\t\t\t\t\t\t\t<h4 class=\"sp-pcp-title\">\n\t\t\t\t\t\t\t\t\t<a href=\"https:\/\/agencia.unq.edu.ar\/?p=38063\"  target=\"_self\">Anticipan medidas de fuerza si el gobierno sigue sin cumplir la Ley de Financiamiento Universitario<\/a>\t\t\t\t\t\t\t<\/h4>\n\t\t\t\t\t\t\t\t\t<\/div>\n\t\t\t\t<\/div>\n\t\t\t<\/div>\n\t\t<\/div>\n\t\t\t\t<div class=\" swiper-slide swiper-lazy\">\n\t\t\t<div class=\"sp-pcp-post default pcp-item-38035\" data-id=\"38035\">\n\t\t\t\t\t\t\t\t<div class=\"pcp-post-thumb-wrapper\">\n\t\t\t\t\t<div class=\"sp-pcp-post-thumb-area\">\n\t\t\t\t\t\t\t\t\t\t\t\t<a class=\"sp-pcp-thumb\" href=\"https:\/\/agencia.unq.edu.ar\/?p=38035\" target=\"_self\" >\n\t\t\t\t\t\t\t\t\t\t\t\t\t<img loading=\"lazy\" decoding=\"async\" src=\"https:\/\/agencia.unq.edu.ar\/wp-content\/uploads\/2026\/07\/Mexico-Claudia-Sheinbaum.jpg\" width=\"1040\" height=\"420\" alt=\"La presidenta de M\u00e9xico en su habitual conferencia de prensa. Cr\u00e9ditos: Juan Carlos Buenrostro.\">\n\t\t\t\t\t\t<\/a>\n\t\t\t\t\t<\/div>\n\t\t\t\t<\/div>\n\t\t\t\t\t\t\t\t<div class=\"sp-pcp-post-details\">\n\t\t\t\t\t<div class=\"sp-pcp-post-details-content\">\n\t\t\t\t\t\t\t\t<h4 class=\"sp-pcp-title\">\n\t\t\t\t\t\t\t\t\t<a href=\"https:\/\/agencia.unq.edu.ar\/?p=38035\"  target=\"_self\">M\u00e9xico quiere regular el consumo de las redes sociales y la inteligencia artificial en los j\u00f3venes<\/a>\t\t\t\t\t\t\t<\/h4>\n\t\t\t\t\t\t\t\t\t<\/div>\n\t\t\t\t<\/div>\n\t\t\t<\/div>\n\t\t<\/div>\n\t\t\t\t\t<\/div>\n\t\t\t\t\t\t<div class=\"pcp-pagination swiper-pagination dots\"><\/div>\n\t\t\t\t\t\t\t\t\t\t<div class=\"pcp-button-next swiper-button-next top_right\"><i class=\"fa fa-angle-right\"><\/i><\/div>\n\t\t\t\t<div class=\"pcp-button-prev swiper-button-prev top_right\"><i class=\"fa fa-angle-left\"><\/i><\/div>\t<\/div>\n<\/div>\n\n\n\n\n<hr class=\"wp-block-separator has-text-color has-css-opacity has-background is-style-wide\" style=\"background-color:#fea50e;color:#fea50e\"\/>\n","protected":false},"excerpt":{"rendered":"<p>Algunos organismos podr\u00edan disolverse o vaciarse. &#8220;Es una pu\u00f1alada directa al coraz\u00f3n del sistema cient\u00edfico nacional&#8221;, dice Valeria Levi, vicedecana de Exactas UBA.<\/p>\n","protected":false},"author":6,"featured_media":19585,"comment_status":"open","ping_status":"closed","sticky":false,"template":"","format":"standard","meta":{"_uag_custom_page_level_css":"","_monsterinsights_skip_tracking":false,"site-sidebar-layout":"default","site-content-layout":"","ast-site-content-layout":"default","site-content-style":"default","site-sidebar-style":"default","ast-global-header-display":"","ast-banner-title-visibility":"","ast-main-header-display":"","ast-hfb-above-header-display":"","ast-hfb-below-header-display":"","ast-hfb-mobile-header-display":"","site-post-title":"","ast-breadcrumbs-content":"","ast-featured-img":"","footer-sml-layout":"","ast-disable-related-posts":"","theme-transparent-header-meta":"","adv-header-id-meta":"","stick-header-meta":"","header-above-stick-meta":"","header-main-stick-meta":"","header-below-stick-meta":"","astra-migrate-meta-layouts":"default","ast-page-background-enabled":"default","ast-page-background-meta":{"desktop":{"background-color":"var(--ast-global-color-4)","background-image":"","background-repeat":"repeat","background-position":"center center","background-size":"auto","background-attachment":"scroll","background-type":"","background-media":"","overlay-type":"","overlay-color":"","overlay-opacity":"","overlay-gradient":""},"tablet":{"background-color":"","background-image":"","background-repeat":"repeat","background-position":"center center","background-size":"auto","background-attachment":"scroll","background-type":"","background-media":"","overlay-type":"","overlay-color":"","overlay-opacity":"","overlay-gradient":""},"mobile":{"background-color":"","background-image":"","background-repeat":"repeat","background-position":"center center","background-size":"auto","background-attachment":"scroll","background-type":"","background-media":"","overlay-type":"","overlay-color":"","overlay-opacity":"","overlay-gradient":""}},"ast-content-background-meta":{"desktop":{"background-color":"var(--ast-global-color-5)","background-image":"","background-repeat":"repeat","background-position":"center center","background-size":"auto","background-attachment":"scroll","background-type":"","background-media":"","overlay-type":"","overlay-color":"","overlay-opacity":"","overlay-gradient":""},"tablet":{"background-color":"var(--ast-global-color-5)","background-image":"","background-repeat":"repeat","background-position":"center center","background-size":"auto","background-attachment":"scroll","background-type":"","background-media":"","overlay-type":"","overlay-color":"","overlay-opacity":"","overlay-gradient":""},"mobile":{"background-color":"var(--ast-global-color-5)","background-image":"","background-repeat":"repeat","background-position":"center center","background-size":"auto","background-attachment":"scroll","background-type":"","background-media":"","overlay-type":"","overlay-color":"","overlay-opacity":"","overlay-gradient":""}},"footnotes":""},"categories":[16,92],"tags":[882],"class_list":["post-19581","post","type-post","status-publish","format-standard","has-post-thumbnail","hentry","category-noticia-destacada","category-politica","tag-conflicto-universitario"],"aioseo_notices":[],"aioseo_head":"\n\t\t<!-- All in One SEO 5.0.0.1 - aioseo.com -->\n\t<meta name=\"description\" content=\"El objetivo es prevenir la adicci\u00f3n a las plataformas digitales y aprobar una legislaci\u00f3n antes de 2027.\" \/>\n\t<meta name=\"robots\" content=\"max-image-preview:large\" \/>\n\t<meta name=\"author\" content=\"Nicol\u00e1s Retamar\"\/>\n\t<link rel=\"canonical\" href=\"https:\/\/agencia.unq.edu.ar\/?p=38035\" \/>\n\t<meta name=\"generator\" content=\"All in One SEO (AIOSEO) 5.0.0.1\" \/>\n\t\t<meta property=\"og:locale\" content=\"es_ES\" \/>\n\t\t<meta property=\"og:site_name\" content=\"Agencia de Noticias Cient\u00edficas de la UNQ\" \/>\n\t\t<meta property=\"og:type\" content=\"article\" \/>\n\t\t<meta property=\"og:title\" content=\"M\u00e9xico quiere regular el consumo de las redes sociales y la inteligencia artificial en los j\u00f3venes - Agencia de Noticias Cient\u00edficas de la UNQ\" \/>\n\t\t<meta property=\"og:description\" content=\"El objetivo es prevenir la adicci\u00f3n a las plataformas digitales y aprobar una legislaci\u00f3n antes de 2027.\" \/>\n\t\t<meta property=\"og:url\" content=\"https:\/\/agencia.unq.edu.ar\/?p=38035\" \/>\n\t\t<meta property=\"og:image\" content=\"https:\/\/agencia.unq.edu.ar\/wp-content\/uploads\/2026\/07\/Mexico-Claudia-Sheinbaum.jpg\" \/>\n\t\t<meta property=\"og:image:secure_url\" content=\"https:\/\/agencia.unq.edu.ar\/wp-content\/uploads\/2026\/07\/Mexico-Claudia-Sheinbaum.jpg\" \/>\n\t\t<meta property=\"og:image:width\" content=\"1040\" \/>\n\t\t<meta property=\"og:image:height\" content=\"420\" \/>\n\t\t<meta property=\"article:published_time\" content=\"2026-07-21T19:52:29+00:00\" \/>\n\t\t<meta property=\"article:modified_time\" content=\"2026-07-21T19:52:29+00:00\" \/>\n\t\t<meta name=\"twitter:card\" content=\"summary_large_image\" \/>\n\t\t<meta name=\"twitter:site\" content=\"@Agencia__UNQ\" \/>\n\t\t<meta name=\"twitter:title\" content=\"M\u00e9xico quiere regular el consumo de las redes sociales y la inteligencia artificial en los j\u00f3venes - Agencia de Noticias Cient\u00edficas de la UNQ\" \/>\n\t\t<meta name=\"twitter:description\" content=\"El objetivo es prevenir la adicci\u00f3n a las plataformas digitales y aprobar una legislaci\u00f3n antes de 2027.\" \/>\n\t\t<meta name=\"twitter:image\" content=\"https:\/\/agencia.unq.edu.ar\/wp-content\/uploads\/2026\/07\/Mexico-Claudia-Sheinbaum.jpg\" \/>\n\t\t<script type=\"application\/ld+json\" class=\"aioseo-schema\">\n\t\t\t{\"@context\":\"https:\\\/\\\/schema.org\",\"@graph\":[{\"@type\":\"BlogPosting\",\"@id\":\"https:\\\/\\\/agencia.unq.edu.ar\\\/?p=38035#blogposting\",\"name\":\"M\\u00e9xico quiere regular el consumo de las redes sociales y la inteligencia artificial en los j\\u00f3venes - Agencia de Noticias Cient\\u00edficas de la UNQ\",\"headline\":\"M\\u00e9xico quiere regular el consumo de las redes sociales y la inteligencia artificial en los j\\u00f3venes\",\"author\":{\"@id\":\"https:\\\/\\\/agencia.unq.edu.ar\\\/?author=6#author\"},\"publisher\":{\"@id\":\"https:\\\/\\\/agencia.unq.edu.ar\\\/#organization\"},\"image\":{\"@type\":\"ImageObject\",\"url\":\"https:\\\/\\\/agencia.unq.edu.ar\\\/wp-content\\\/uploads\\\/2026\\\/07\\\/Mexico-Claudia-Sheinbaum.jpg\",\"width\":1040,\"height\":420,\"caption\":\"La presidenta de M\\u00e9xico en su habitual conferencia de prensa. Cr\\u00e9ditos: Juan Carlos Buenrostro.\"},\"datePublished\":\"2026-07-21T16:52:29-03:00\",\"dateModified\":\"2026-07-21T16:52:29-03:00\",\"inLanguage\":\"es-AR\",\"mainEntityOfPage\":{\"@id\":\"https:\\\/\\\/agencia.unq.edu.ar\\\/?p=38035#webpage\"},\"isPartOf\":{\"@id\":\"https:\\\/\\\/agencia.unq.edu.ar\\\/?p=38035#webpage\"},\"articleSection\":\"Noticia destacada, Pol\\u00edtica, Cultura digital, Mundo\"},{\"@type\":\"BreadcrumbList\",\"@id\":\"https:\\\/\\\/agencia.unq.edu.ar\\\/?p=38035#breadcrumblist\",\"itemListElement\":[{\"@type\":\"ListItem\",\"@id\":\"https:\\\/\\\/agencia.unq.edu.ar#listItem\",\"position\":1,\"name\":\"Home\",\"item\":\"https:\\\/\\\/agencia.unq.edu.ar\",\"nextItem\":{\"@type\":\"ListItem\",\"@id\":\"https:\\\/\\\/agencia.unq.edu.ar\\\/?cat=16#listItem\",\"name\":\"Noticia destacada\"}},{\"@type\":\"ListItem\",\"@id\":\"https:\\\/\\\/agencia.unq.edu.ar\\\/?cat=16#listItem\",\"position\":2,\"name\":\"Noticia destacada\",\"item\":\"https:\\\/\\\/agencia.unq.edu.ar\\\/?cat=16\",\"nextItem\":{\"@type\":\"ListItem\",\"@id\":\"https:\\\/\\\/agencia.unq.edu.ar\\\/?p=19581#listItem\",\"name\":\"\\u00bfC\\u00f3mo impacta la &#8220;Ley Bases&#8221; en la ciencia y la tecnolog\\u00eda argentina?\"},\"previousItem\":{\"@type\":\"ListItem\",\"@id\":\"https:\\\/\\\/agencia.unq.edu.ar#listItem\",\"name\":\"Home\"}},{\"@type\":\"ListItem\",\"@id\":\"https:\\\/\\\/agencia.unq.edu.ar\\\/?p=19581#listItem\",\"position\":3,\"name\":\"\\u00bfC\\u00f3mo impacta la &#8220;Ley Bases&#8221; en la ciencia y la tecnolog\\u00eda argentina?\",\"previousItem\":{\"@type\":\"ListItem\",\"@id\":\"https:\\\/\\\/agencia.unq.edu.ar\\\/?cat=16#listItem\",\"name\":\"Noticia destacada\"}}]},{\"@type\":\"Organization\",\"@id\":\"https:\\\/\\\/agencia.unq.edu.ar\\\/#organization\",\"name\":\"Agencia de noticias cient\\u00edficas\",\"description\":\"Contamos la ciencia en tiempo real\",\"url\":\"https:\\\/\\\/agencia.unq.edu.ar\\\/\",\"logo\":{\"@type\":\"ImageObject\",\"url\":\"https:\\\/\\\/agencia.unq.edu.ar\\\/wp-content\\\/uploads\\\/2025\\\/01\\\/logo-agencia-bn-sin-fondo.png\",\"@id\":\"https:\\\/\\\/agencia.unq.edu.ar\\\/?p=38035\\\/#organizationLogo\",\"width\":904,\"height\":222,\"caption\":\"Logo Agencia de Noticias Cient\\u00edficas de la UNQ\"},\"image\":{\"@id\":\"https:\\\/\\\/agencia.unq.edu.ar\\\/?p=38035\\\/#organizationLogo\"},\"sameAs\":[\"https:\\\/\\\/www.instagram.com\\\/agencia_noticias_unq\\\/\"]},{\"@type\":\"Person\",\"@id\":\"https:\\\/\\\/agencia.unq.edu.ar\\\/?author=6#author\",\"url\":\"https:\\\/\\\/agencia.unq.edu.ar\\\/?author=6\",\"name\":\"Nicol\\u00e1s Retamar\",\"image\":{\"@type\":\"ImageObject\",\"@id\":\"https:\\\/\\\/agencia.unq.edu.ar\\\/?p=38035#authorImage\",\"url\":\"https:\\\/\\\/secure.gravatar.com\\\/avatar\\\/d1693ba7f948f344b130f0ba3fb61a100609f44e1fd0dc6abd3869a90bcc3ad4?s=96&d=mm&r=g\",\"width\":96,\"height\":96,\"caption\":\"Nicol\\u00e1s Retamar\"}},{\"@type\":\"WebPage\",\"@id\":\"https:\\\/\\\/agencia.unq.edu.ar\\\/?p=38035#webpage\",\"url\":\"https:\\\/\\\/agencia.unq.edu.ar\\\/?p=38035\",\"name\":\"M\\u00e9xico quiere regular el consumo de las redes sociales y la inteligencia artificial en los j\\u00f3venes - Agencia de Noticias Cient\\u00edficas de la UNQ\",\"description\":\"El objetivo es prevenir la adicci\\u00f3n a las plataformas digitales y aprobar una legislaci\\u00f3n antes de 2027.\",\"inLanguage\":\"es-AR\",\"isPartOf\":{\"@id\":\"https:\\\/\\\/agencia.unq.edu.ar\\\/#website\"},\"breadcrumb\":{\"@id\":\"https:\\\/\\\/agencia.unq.edu.ar\\\/?p=38035#breadcrumblist\"},\"author\":{\"@id\":\"https:\\\/\\\/agencia.unq.edu.ar\\\/?author=6#author\"},\"creator\":{\"@id\":\"https:\\\/\\\/agencia.unq.edu.ar\\\/?author=6#author\"},\"image\":{\"@type\":\"ImageObject\",\"url\":\"https:\\\/\\\/agencia.unq.edu.ar\\\/wp-content\\\/uploads\\\/2026\\\/07\\\/Mexico-Claudia-Sheinbaum.jpg\",\"@id\":\"https:\\\/\\\/agencia.unq.edu.ar\\\/?p=38035\\\/#mainImage\",\"width\":1040,\"height\":420,\"caption\":\"La presidenta de M\\u00e9xico en su habitual conferencia de prensa. Cr\\u00e9ditos: Juan Carlos Buenrostro.\"},\"primaryImageOfPage\":{\"@id\":\"https:\\\/\\\/agencia.unq.edu.ar\\\/?p=38035#mainImage\"},\"datePublished\":\"2026-07-21T16:52:29-03:00\",\"dateModified\":\"2026-07-21T16:52:29-03:00\"},{\"@type\":\"WebSite\",\"@id\":\"https:\\\/\\\/agencia.unq.edu.ar\\\/#website\",\"url\":\"https:\\\/\\\/agencia.unq.edu.ar\\\/\",\"name\":\"Agencia de noticias cient\\u00edficas\",\"description\":\"Contamos la ciencia en tiempo real\",\"inLanguage\":\"es-AR\",\"publisher\":{\"@id\":\"https:\\\/\\\/agencia.unq.edu.ar\\\/#organization\"}}]}\n\t\t<\/script>\n\t\t<!-- All in One SEO -->\n\n","aioseo_head_json":{"title":"M\u00e9xico quiere regular el consumo de las redes sociales y la inteligencia artificial en los j\u00f3venes - Agencia de Noticias Cient\u00edficas de la UNQ","description":"El objetivo es prevenir la adicci\u00f3n a las plataformas digitales y aprobar una legislaci\u00f3n antes de 2027.","canonical_url":"https:\/\/agencia.unq.edu.ar\/?p=38035","robots":"max-image-preview:large","keywords":"","webmasterTools":{"miscellaneous":""},"schema":{"@context":"https:\/\/schema.org","@graph":[{"@type":"BlogPosting","@id":"https:\/\/agencia.unq.edu.ar\/?p=38035#blogposting","name":"M\u00e9xico quiere regular el consumo de las redes sociales y la inteligencia artificial en los j\u00f3venes - Agencia de Noticias Cient\u00edficas de la UNQ","headline":"M\u00e9xico quiere regular el consumo de las redes sociales y la inteligencia artificial en los j\u00f3venes","author":{"@id":"https:\/\/agencia.unq.edu.ar\/?author=6#author"},"publisher":{"@id":"https:\/\/agencia.unq.edu.ar\/#organization"},"image":{"@type":"ImageObject","url":"https:\/\/agencia.unq.edu.ar\/wp-content\/uploads\/2026\/07\/Mexico-Claudia-Sheinbaum.jpg","width":1040,"height":420,"caption":"La presidenta de M\u00e9xico en su habitual conferencia de prensa. Cr\u00e9ditos: Juan Carlos Buenrostro."},"datePublished":"2026-07-21T16:52:29-03:00","dateModified":"2026-07-21T16:52:29-03:00","inLanguage":"es-AR","mainEntityOfPage":{"@id":"https:\/\/agencia.unq.edu.ar\/?p=38035#webpage"},"isPartOf":{"@id":"https:\/\/agencia.unq.edu.ar\/?p=38035#webpage"},"articleSection":"Noticia destacada, Pol\u00edtica, Cultura digital, Mundo"},{"@type":"BreadcrumbList","@id":"https:\/\/agencia.unq.edu.ar\/?p=38035#breadcrumblist","itemListElement":[{"@type":"ListItem","@id":"https:\/\/agencia.unq.edu.ar#listItem","position":1,"name":"Home","item":"https:\/\/agencia.unq.edu.ar","nextItem":{"@type":"ListItem","@id":"https:\/\/agencia.unq.edu.ar\/?cat=16#listItem","name":"Noticia destacada"}},{"@type":"ListItem","@id":"https:\/\/agencia.unq.edu.ar\/?cat=16#listItem","position":2,"name":"Noticia destacada","item":"https:\/\/agencia.unq.edu.ar\/?cat=16","nextItem":{"@type":"ListItem","@id":"https:\/\/agencia.unq.edu.ar\/?p=19581#listItem","name":"\u00bfC\u00f3mo impacta la &#8220;Ley Bases&#8221; en la ciencia y la tecnolog\u00eda argentina?"},"previousItem":{"@type":"ListItem","@id":"https:\/\/agencia.unq.edu.ar#listItem","name":"Home"}},{"@type":"ListItem","@id":"https:\/\/agencia.unq.edu.ar\/?p=19581#listItem","position":3,"name":"\u00bfC\u00f3mo impacta la &#8220;Ley Bases&#8221; en la ciencia y la tecnolog\u00eda argentina?","previousItem":{"@type":"ListItem","@id":"https:\/\/agencia.unq.edu.ar\/?cat=16#listItem","name":"Noticia destacada"}}]},{"@type":"Organization","@id":"https:\/\/agencia.unq.edu.ar\/#organization","name":"Agencia de noticias cient\u00edficas","description":"Contamos la ciencia en tiempo real","url":"https:\/\/agencia.unq.edu.ar\/","logo":{"@type":"ImageObject","url":"https:\/\/agencia.unq.edu.ar\/wp-content\/uploads\/2025\/01\/logo-agencia-bn-sin-fondo.png","@id":"https:\/\/agencia.unq.edu.ar\/?p=38035\/#organizationLogo","width":904,"height":222,"caption":"Logo Agencia de Noticias Cient\u00edficas de la UNQ"},"image":{"@id":"https:\/\/agencia.unq.edu.ar\/?p=38035\/#organizationLogo"},"sameAs":["https:\/\/www.instagram.com\/agencia_noticias_unq\/"]},{"@type":"Person","@id":"https:\/\/agencia.unq.edu.ar\/?author=6#author","url":"https:\/\/agencia.unq.edu.ar\/?author=6","name":"Nicol\u00e1s Retamar","image":{"@type":"ImageObject","@id":"https:\/\/agencia.unq.edu.ar\/?p=38035#authorImage","url":"https:\/\/secure.gravatar.com\/avatar\/d1693ba7f948f344b130f0ba3fb61a100609f44e1fd0dc6abd3869a90bcc3ad4?s=96&d=mm&r=g","width":96,"height":96,"caption":"Nicol\u00e1s Retamar"}},{"@type":"WebPage","@id":"https:\/\/agencia.unq.edu.ar\/?p=38035#webpage","url":"https:\/\/agencia.unq.edu.ar\/?p=38035","name":"M\u00e9xico quiere regular el consumo de las redes sociales y la inteligencia artificial en los j\u00f3venes - Agencia de Noticias Cient\u00edficas de la UNQ","description":"El objetivo es prevenir la adicci\u00f3n a las plataformas digitales y aprobar una legislaci\u00f3n antes de 2027.","inLanguage":"es-AR","isPartOf":{"@id":"https:\/\/agencia.unq.edu.ar\/#website"},"breadcrumb":{"@id":"https:\/\/agencia.unq.edu.ar\/?p=38035#breadcrumblist"},"author":{"@id":"https:\/\/agencia.unq.edu.ar\/?author=6#author"},"creator":{"@id":"https:\/\/agencia.unq.edu.ar\/?author=6#author"},"image":{"@type":"ImageObject","url":"https:\/\/agencia.unq.edu.ar\/wp-content\/uploads\/2026\/07\/Mexico-Claudia-Sheinbaum.jpg","@id":"https:\/\/agencia.unq.edu.ar\/?p=38035\/#mainImage","width":1040,"height":420,"caption":"La presidenta de M\u00e9xico en su habitual conferencia de prensa. Cr\u00e9ditos: Juan Carlos Buenrostro."},"primaryImageOfPage":{"@id":"https:\/\/agencia.unq.edu.ar\/?p=38035#mainImage"},"datePublished":"2026-07-21T16:52:29-03:00","dateModified":"2026-07-21T16:52:29-03:00"},{"@type":"WebSite","@id":"https:\/\/agencia.unq.edu.ar\/#website","url":"https:\/\/agencia.unq.edu.ar\/","name":"Agencia de noticias cient\u00edficas","description":"Contamos la ciencia en tiempo real","inLanguage":"es-AR","publisher":{"@id":"https:\/\/agencia.unq.edu.ar\/#organization"}}]},"og:locale":"es_ES","og:site_name":"Agencia de Noticias Cient\u00edficas de la UNQ","og:type":"article","og:title":"M\u00e9xico quiere regular el consumo de las redes sociales y la inteligencia artificial en los j\u00f3venes - Agencia de Noticias Cient\u00edficas de la UNQ","og:description":"El objetivo es prevenir la adicci\u00f3n a las plataformas digitales y aprobar una legislaci\u00f3n antes de 2027.","og:url":"https:\/\/agencia.unq.edu.ar\/?p=38035","og:image":"https:\/\/agencia.unq.edu.ar\/wp-content\/uploads\/2026\/07\/Mexico-Claudia-Sheinbaum.jpg","og:image:secure_url":"https:\/\/agencia.unq.edu.ar\/wp-content\/uploads\/2026\/07\/Mexico-Claudia-Sheinbaum.jpg","og:image:width":1040,"og:image:height":420,"article:published_time":"2026-07-21T19:52:29+00:00","article:modified_time":"2026-07-21T19:52:29+00:00","twitter:card":"summary_large_image","twitter:site":"@Agencia__UNQ","twitter:title":"M\u00e9xico quiere regular el consumo de las redes sociales y la inteligencia artificial en los j\u00f3venes - Agencia de Noticias Cient\u00edficas de la UNQ","twitter:description":"El objetivo es prevenir la adicci\u00f3n a las plataformas digitales y aprobar una legislaci\u00f3n antes de 2027.","twitter:image":"https:\/\/agencia.unq.edu.ar\/wp-content\/uploads\/2026\/07\/Mexico-Claudia-Sheinbaum.jpg"},"aioseo_meta_data":{"post_id":"19581","title":null,"description":null,"keywords":null,"keyphrases":{"focus":{"keyphrase":"","score":0,"analysis":{"keyphraseInTitle":{"score":0,"maxScore":9,"error":1}}},"additional":[]},"primary_term":null,"canonical_url":null,"og_title":null,"og_description":null,"og_object_type":"default","og_image_type":"default","og_image_url":null,"og_image_width":null,"og_image_height":null,"og_image_custom_url":null,"og_image_custom_fields":null,"og_video":"","og_custom_url":null,"og_article_section":null,"og_article_tags":null,"twitter_use_og":true,"twitter_card":"default","twitter_image_type":"default","twitter_image_url":null,"twitter_image_custom_url":null,"twitter_image_custom_fields":null,"twitter_title":null,"twitter_description":null,"schema":{"blockGraphs":[],"customGraphs":[],"default":{"data":{"Article":[],"Course":[],"Dataset":[],"FAQPage":[],"Movie":[],"Person":[],"Product":[],"ProductReview":[],"Car":[],"Recipe":[],"Service":[],"SoftwareApplication":[],"WebPage":[]},"graphName":"BlogPosting","isEnabled":true},"graphs":[]},"schema_type":"default","schema_type_options":null,"pillar_content":false,"robots_default":true,"robots_noindex":false,"robots_noarchive":false,"robots_nosnippet":false,"robots_nofollow":false,"robots_noimageindex":false,"robots_noodp":false,"robots_notranslate":false,"robots_max_snippet":"-1","robots_max_videopreview":"-1","robots_max_imagepreview":"large","priority":null,"frequency":"default","local_seo":null,"breadcrumb_settings":null,"limit_modified_date":false,"ai":null,"created":"2024-04-30 18:39:51","updated":"2025-06-05 07:28:57","seo_analyzer_scan_date":null,"focus_keyword":null,"additional_keywords":null,"truseo_locale":null},"aioseo_breadcrumb":"<div class=\"aioseo-breadcrumbs\"><span class=\"aioseo-breadcrumb\">\n\t\t\t<a href=\"https:\/\/agencia.unq.edu.ar\" title=\"Home\">Home<\/a>\n\t\t<\/span><span class=\"aioseo-breadcrumb-separator\">&raquo;<\/span><span class=\"aioseo-breadcrumb\">\n\t\t\t<a href=\"https:\/\/agencia.unq.edu.ar\/?cat=16\" title=\"Noticia destacada\">Noticia destacada<\/a>\n\t\t<\/span><span class=\"aioseo-breadcrumb-separator\">&raquo;<\/span><span class=\"aioseo-breadcrumb\">\n\t\t\t\u00bfC\u00f3mo impacta la \u201cLey Bases\u201d en la ciencia y la tecnolog\u00eda argentina?\n\t\t<\/span><\/div>","aioseo_breadcrumb_json":[{"label":"Home","link":"https:\/\/agencia.unq.edu.ar"},{"label":"Noticia destacada","link":"https:\/\/agencia.unq.edu.ar\/?cat=16"},{"label":"\u00bfC\u00f3mo impacta la &#8220;Ley Bases&#8221; en la ciencia y la tecnolog\u00eda argentina?","link":"https:\/\/agencia.unq.edu.ar\/?p=19581"}],"uagb_featured_image_src":{"full":["https:\/\/agencia.unq.edu.ar\/wp-content\/uploads\/2024\/04\/Camara-de-Diputados-Argentina.jpg",1040,420,false],"thumbnail":["https:\/\/agencia.unq.edu.ar\/wp-content\/uploads\/2024\/04\/Camara-de-Diputados-Argentina.jpg",150,61,false],"medium":["https:\/\/agencia.unq.edu.ar\/wp-content\/uploads\/2024\/04\/Camara-de-Diputados-Argentina.jpg",960,388,false],"medium_large":["https:\/\/agencia.unq.edu.ar\/wp-content\/uploads\/2024\/04\/Camara-de-Diputados-Argentina.jpg",768,310,false],"large":["https:\/\/agencia.unq.edu.ar\/wp-content\/uploads\/2024\/04\/Camara-de-Diputados-Argentina.jpg",1040,420,false],"1536x1536":["https:\/\/agencia.unq.edu.ar\/wp-content\/uploads\/2024\/04\/Camara-de-Diputados-Argentina.jpg",1040,420,false],"2048x2048":["https:\/\/agencia.unq.edu.ar\/wp-content\/uploads\/2024\/04\/Camara-de-Diputados-Argentina.jpg",1040,420,false],"smart-post-landscape":["https:\/\/agencia.unq.edu.ar\/wp-content\/uploads\/2024\/04\/Camara-de-Diputados-Argentina.jpg",870,351,false],"smart-post-portrait":["https:\/\/agencia.unq.edu.ar\/wp-content\/uploads\/2024\/04\/Camara-de-Diputados-Argentina.jpg",600,242,false]},"uagb_author_info":{"display_name":"Nicol\u00e1s Retamar","author_link":"https:\/\/agencia.unq.edu.ar\/?author=6"},"uagb_comment_info":0,"uagb_excerpt":"Algunos organismos podr\u00edan disolverse o vaciarse. \"Es una pu\u00f1alada directa al coraz\u00f3n del sistema cient\u00edfico nacional\", dice Valeria Levi, vicedecana de Exactas UBA.","blog_post_layout_featured_media_urls":{"thumbnail":["https:\/\/agencia.unq.edu.ar\/wp-content\/uploads\/2024\/04\/Camara-de-Diputados-Argentina.jpg",150,61,false],"full":["https:\/\/agencia.unq.edu.ar\/wp-content\/uploads\/2024\/04\/Camara-de-Diputados-Argentina.jpg",1040,420,false]},"categories_names":{"16":{"name":"Noticia destacada","link":"https:\/\/agencia.unq.edu.ar\/?cat=16"},"92":{"name":"Pol\u00edtica","link":"https:\/\/agencia.unq.edu.ar\/?cat=92"}},"tags_names":{"882":{"name":"Conflicto Universitario","link":"https:\/\/agencia.unq.edu.ar\/?tag=conflicto-universitario"}},"comments_number":"0","_links":{"self":[{"href":"https:\/\/agencia.unq.edu.ar\/index.php?rest_route=\/wp\/v2\/posts\/19581","targetHints":{"allow":["GET"]}}],"collection":[{"href":"https:\/\/agencia.unq.edu.ar\/index.php?rest_route=\/wp\/v2\/posts"}],"about":[{"href":"https:\/\/agencia.unq.edu.ar\/index.php?rest_route=\/wp\/v2\/types\/post"}],"author":[{"embeddable":true,"href":"https:\/\/agencia.unq.edu.ar\/index.php?rest_route=\/wp\/v2\/users\/6"}],"replies":[{"embeddable":true,"href":"https:\/\/agencia.unq.edu.ar\/index.php?rest_route=%2Fwp%2Fv2%2Fcomments&post=19581"}],"version-history":[{"count":7,"href":"https:\/\/agencia.unq.edu.ar\/index.php?rest_route=\/wp\/v2\/posts\/19581\/revisions"}],"predecessor-version":[{"id":19814,"href":"https:\/\/agencia.unq.edu.ar\/index.php?rest_route=\/wp\/v2\/posts\/19581\/revisions\/19814"}],"wp:featuredmedia":[{"embeddable":true,"href":"https:\/\/agencia.unq.edu.ar\/index.php?rest_route=\/wp\/v2\/media\/19585"}],"wp:attachment":[{"href":"https:\/\/agencia.unq.edu.ar\/index.php?rest_route=%2Fwp%2Fv2%2Fmedia&parent=19581"}],"wp:term":[{"taxonomy":"category","embeddable":true,"href":"https:\/\/agencia.unq.edu.ar\/index.php?rest_route=%2Fwp%2Fv2%2Fcategories&post=19581"},{"taxonomy":"post_tag","embeddable":true,"href":"https:\/\/agencia.unq.edu.ar\/index.php?rest_route=%2Fwp%2Fv2%2Ftags&post=19581"}],"curies":[{"name":"wp","href":"https:\/\/api.w.org\/{rel}","templated":true}]}}