{"id":20198,"date":"2024-05-30T20:30:52","date_gmt":"2024-05-30T23:30:52","guid":{"rendered":"https:\/\/agencia.unq.edu.ar\/?p=20198"},"modified":"2024-06-10T15:16:11","modified_gmt":"2024-06-10T18:16:11","slug":"arvac-la-primera-vacuna-100-por-ciento-argentina-contra-la-covid-se-vende-en-todo-el-pais","status":"publish","type":"post","link":"https:\/\/agencia.unq.edu.ar\/?p=20198","title":{"rendered":"Arvac: la primera vacuna 100 por ciento argentina contra la covid se vende en todo el pa\u00eds"},"content":{"rendered":"\n<p class=\"has-medium-font-size\">Est\u00e1 disponible en farmacias y se puede usar como dosis de refuerzo contra las variantes del SARS-CoV-2. Podr\u00eda incorporarse al Calendario Nacional de Vacunaci\u00f3n en 2025.<\/p>\n\n\n\n<figure class=\"wp-block-image aligncenter size-full\"><img loading=\"lazy\" decoding=\"async\" width=\"1040\" height=\"420\" src=\"https:\/\/agencia.unq.edu.ar\/wp-content\/uploads\/2024\/06\/equipo-unsam-arvac.jpg\" alt=\"El equipo de la vacuna ARVAC desarrollada en la UNSAM. Cr\u00e9ditos: UNSAM Noticias.\" class=\"wp-image-20292\"\/><figcaption class=\"wp-element-caption\">El equipo de la vacuna ARVAC desarrollada en la UNSAM. Cr\u00e9ditos: UNSAM Noticias.<\/figcaption><\/figure>\n\n\n\n<p>En un hito sin precedentes para la ciencia argentina, la<strong> vacuna Arvac contra la covid, desarrollada \u00edntegramente en el pa\u00eds, est\u00e1 disponible en farmacias de todo el territorio nacional.<\/strong> Este avance marca un momento hist\u00f3rico en la lucha contra la pandemia y representa un logro significativo para la comunidad cient\u00edfica local.<\/p>\n\n\n\n<p>Arvac fue desarrollada por un equipo de especialistas del <strong>Conicet, la Universidad Nacional de San Mart\u00edn (Unsam) y la Fundaci\u00f3n Pablo Cassar\u00e1, con la participaci\u00f3n de m\u00e1s de 600 profesionales y 2.000 voluntarios en los ensayos cl\u00ednicos. Tras obtener la aprobaci\u00f3n de la Administraci\u00f3n Nacional de Medicamentos, Alimentos y Tecnolog\u00eda M\u00e9dica (Anmat), puede ser utilizada como dosis de refuerzo contra las variantes del virus SARS-CoV-2.<\/strong><\/p>\n\n\n\n<p>A cuatro a\u00f1os del inicio de la pandemia, el SARS-CoV-2 sigue siendo el virus respiratorio m\u00e1s prevalente en la poblaci\u00f3n. En 2023, las muertes relacionadas al pat\u00f3geno <strong>superaron en cinco veces a las causadas por la gripe, informaron en el el Bolet\u00edn Epidemiol\u00f3gico Nacional del Ministerio de Salud.<\/strong> Adem\u00e1s, seg\u00fan la <strong>Sociedad Argentina de Infectolog\u00eda (SADI)<\/strong>, constituye la infecci\u00f3n respiratoria m\u00e1s com\u00fan entre los pacientes hospitalizados.<\/p>\n\n\n\n<p>&#8220;Con este proyecto se nos cumpli\u00f3 un sue\u00f1o ya que pudimos ver c\u00f3mo un desarrollo cient\u00edfico en nuestro laboratorio se convirti\u00f3 en un medicamento que cuida la salud de la poblaci\u00f3n&#8221;<strong>, afirm\u00f3 Juliana Cassataro, directora del proyecto e investigadora del Conicet y de la Unsam,<\/strong> en di\u00e1logo con la <a href=\"https:\/\/agencia.unq.edu.ar\/\" target=\"_blank\" rel=\"noopener\" title=\"\">Agencia de Noticias Cient\u00edficas de la Universidad Nacional de Quilmes<\/a><strong>.<\/strong><\/p>\n\n\n\n<p>La investigadora enfatiz\u00f3 que las dosis de refuerzo son esenciales para mantener la protecci\u00f3n contra el virus, especialmente con la aparici\u00f3n constante de nuevas variantes. Este avance no solo promueve el rol de la salud p\u00fablica, sino que tambi\u00e9n pone de manifiesto la capacidad y el potencial de los cient\u00edficos argentinos en la creaci\u00f3n de tecnolog\u00edas m\u00e9dicas innovadoras.<\/p>\n\n\n\n<p><\/p>\n\n\n\n<figure class=\"wp-block-image aligncenter size-full\"><img loading=\"lazy\" decoding=\"async\" width=\"700\" height=\"500\" src=\"https:\/\/agencia.unq.edu.ar\/wp-content\/uploads\/2024\/05\/unsam2.jpg\" alt=\"Juliana Cassataro, directora del proyecto ARVAC e investigadora del CONICET y de la UNSAM con integrantes de su laboratorio. Cr\u00e9ditos: UNSAM\n\" class=\"wp-image-20207\"\/><figcaption class=\"wp-element-caption\">Juliana Cassataro, directora del proyecto ARVAC e investigadora del CONICET y de la UNSAM con integrantes de su laboratorio. Cr\u00e9ditos: UNSAM\n<\/figcaption><\/figure>\n\n\n\n<p><\/p>\n\n\n\n<p><strong>Jorge Cassar\u00e1, Director Comercial del Laboratorio Pablo Cassar\u00e1<\/strong>, explica a la <a href=\"https:\/\/agencia.unq.edu.ar\/\" target=\"_blank\" rel=\"noopener\" title=\"\">Agencia<\/a> que esta vacuna, basada en prote\u00ednas recombinantes, presenta muy baja reactogenicidad y es estable a temperaturas de 2 a 8\u00b0C, caracter\u00edsticas que la hacen <strong>ideal para la nueva etapa pospandemia<\/strong>. Y asegura que <strong>su disponibilidad en farmacias facilitar\u00e1 el acceso de la poblaci\u00f3n a la vacunaci\u00f3n.&nbsp;<\/strong><\/p>\n\n\n\n<p>Por otro lado, desde la <strong>Confederaci\u00f3n Farmac\u00e9utica Argentina (COFA<\/strong>), subrayan la capacidad de las farmacias para brindar este servicio y <strong>generar un registro de vacunaci\u00f3n, adem\u00e1s de permitir la aplicaci\u00f3n junto con la vacuna antigripal.<\/strong> Inicialmente, ARVAC estar\u00e1 disponible en el mercado a un <strong>precio de 23 mil pesos, mientras se gestionan coberturas significativas para los grupos de riesgo, con miras a su incorporaci\u00f3n en el Calendario Nacional de Vacunaci\u00f3n en 2025. <\/strong><\/p>\n\n\n\n<p><strong>La Organizaci\u00f3n Mundial de la Salud (OMS)<\/strong> declar\u00f3 que, a pesar del fin de la emergencia sanitaria por coronavirus, sigue siendo una prioridad de salud p\u00fablica global, <strong>recomendando dosis de refuerzo para grupos de riesgo y personas mayores de 50 a\u00f1os.<\/strong><\/p>\n\n\n\n<p><\/p>\n\n\n\n<figure class=\"wp-block-image aligncenter size-full\"><img loading=\"lazy\" decoding=\"async\" width=\"700\" height=\"500\" src=\"https:\/\/agencia.unq.edu.ar\/wp-content\/uploads\/2024\/05\/unsam3.jpg\" alt=\"La primera vacuna desarrollada \u00edntegramente en Argentina, estar\u00e1 disponible en farmacias de todo el pa\u00eds. Cr\u00e9dito: UNSAM\" class=\"wp-image-20204\"\/><figcaption class=\"wp-element-caption\">La primera vacuna desarrollada \u00edntegramente en Argentina, estar\u00e1 disponible en farmacias de todo el pa\u00eds. Cr\u00e9dito: UNSAM<\/figcaption><\/figure>\n\n\n\n<h2 class=\"wp-block-heading\">A la vanguardia<\/h2>\n\n\n\n<p>Los ensayos cl\u00ednicos demostraron la seguridad y eficacia de la vacuna, generando anticuerpos en m\u00e1s del 90 por ciento de los vacunados y presentando muy bajos efectos adversos. El desarrollo de Arvac involucr\u00f3 una red p\u00fablico-privada de 18 instituciones y fue financiado por la <strong>Agencia Nacional de Promoci\u00f3n Cient\u00edfica (Agencia de I+D+i), el exministerio de Ciencia y Tecnolog\u00eda y el Laboratorio Cassar\u00e1.<\/strong><\/p>\n\n\n\n<p>En relaci\u00f3n con el gobierno y el apoyo estatal, Jorge Cassar\u00e1 mencion\u00f3 que &#8220;actualmente existe un contrato vigente con el Ministerio de Salud, aunque no se ha avanzado mucho en la adquisici\u00f3n de Arvac para un programa gubernamental&#8221;. Por ahora, la vacuna estar\u00e1 disponible en farmacias y vacunatorios privados, y algunas obras sociales podr\u00edan adquirirla para sus afiliados.<\/p>\n\n\n\n<p>Con todo, Arvac protege la salud de los argentinos, fortalece el orgullo nacional y posiciona al pa\u00eds en la vanguardia de la innovaci\u00f3n m\u00e9dica. Este desarrollo subraya la <strong>importancia de la inversi\u00f3n en ciencia y tecnolog\u00eda y la necesidad de pol\u00edticas p\u00fablicas que aseguren el acceso equitativo a los avances sanitarios.<\/strong><\/p>\n\n\n\n<hr class=\"wp-block-separator has-text-color has-css-opacity has-background is-style-wide\" style=\"background-color:#fea50e;color:#fea50e\"\/>\n\n\n\n<h4 class=\"wp-block-heading\" id=\"publicaciones-relacionadas\">\u00daltimas noticias de la secci\u00f3n Ciencias:<\/h4>\n\n\n<style id=\"sp_pcp_dynamic_style3313\">#pcp_wrapper-3313:not(.sps-glossary-layout) .sp-pcp-row,#pcp_wrapper-3313 .sps-glossary-items-group .sps-glossary-items-content {margin-right: -10px;margin-left: -10px;}#pcp_wrapper-3313 .sp-pcp-row [class*='sp-pcp-col-']{padding-right: 10px;padding-left: 10px; padding-bottom:20px;}.pcp-wrapper-3313 .sp-pcp-title a {color: #ac162c;display: inherit;} .pcp-wrapper-3313 .sp-pcp-title a:hover {color: #fea50e;}#pcp_wrapper-3313 .dots .swiper-pagination-bullet{ background: #ac162c; } #pcp_wrapper-3313 .dots .swiper-pagination-bullet-active { background: #fea50e; }#pcp_wrapper-3313 .pcp-button-prev,#pcp_wrapper-3313 .pcp-button-next{ background-image: none; background-size: auto; background-color: #fff; height: 33px; width: 33px; margin-top: 8px; border: 1px solid #898339; text-align: center; line-height: 30px; -webkit-transition: 0.3s; border-radius: 3px; }#pcp_wrapper-3313 .pcp-button-prev:hover, #pcp_wrapper-3313 .pcp-button-next:hover{ background-color: #fea50e; border-color: #ac162c; } #pcp_wrapper-3313 .pcp-button-prev .fa, #pcp_wrapper-3313 .pcp-button-next .fa { color: #000000; } #pcp_wrapper-3313 .pcp-button-prev:hover .fa, #pcp_wrapper-3313 .pcp-button-next:hover .fa { color: #fff; } #pcp_wrapper-3313.pcp-carousel-wrapper .sp-pcp-post{ margin-top: 0; }#pcp_wrapper-3313 .sp-pcp-post {padding: 0 0 0 0;}#pcp_wrapper-3313.sp-slider_layout .sp-pcp-post .sp-pcp-post-details {top: 0; right:0; bottom:0; left:0;}#pcp_wrapper-3313 .sp-pcp-post {border: 0px solid #e2e2e2; border-radius: 0px }#pcp_wrapper-3313 .sp-pcp-post{background-color: transparent;}#pcp_wrapper-3313 .pcp-post-thumb-wrapper{border: 0px solid #dddddd;border-radius:0px;}.pcp-wrapper-3313 .sp-pcp-post-meta li,.pcp-wrapper-3313 .sp-pcp-post-meta ul,.pcp-wrapper-3313 .sp-pcp-post-meta li a{color: #888;}.pcp-wrapper-3313 .sp-pcp-post-meta li a:hover{color: #e1624b;}#pcp_wrapper-3313 .pcp-post-pagination .page-numbers.current, #pcp_wrapper-3313 .pcp-post-pagination a.active , #pcp_wrapper-3313 .pcp-post-pagination a:hover{ color: #ffffff; background: #e1624b; border-color: #e1624b; }#pcp_wrapper-3313 .pcp-post-pagination .page-numbers, .pcp-post-pagination a{ background: #ffffff; color:#5e5e5e; border: 2px solid #bbbbbb;border-radius: 2px; }#pcp_wrapper-3313 .pcp-post-pagination{text-align: left;}@media (min-width: 1200px) {.sp-pcp-row .sp-pcp-col-xl-1 {flex: 0 0 100%;}.sp-pcp-row .sp-pcp-col-xl-2 {flex: 1 1 calc( 50% - 20px);}.sp-pcp-row .sp-pcp-col-xl-3 {flex: 1 1 calc( 33.333% - 20px);}.sp-pcp-row .sp-pcp-col-xl-4 {flex: 1 1 calc( 25% - 20px);}.sp-pcp-row .sp-pcp-col-xl-5 { flex: 1 1 calc( 20% - 20px);}.sp-pcp-row .sp-pcp-col-xl-6 {flex: 1 1 calc( 16.66666666666667% - 20px);}.sp-pcp-row .sp-pcp-col-xl-7 {flex: 1 1 calc( 14.28571428% - 20px);}.sp-pcp-row .sp-pcp-col-xl-8 {flex: 1 1 calc( 12.5% - 20px);}}@media (max-width: 1200px) {.sp-pcp-row .sp-pcp-col-lg-1 {flex: 0 0 100%;}.sp-pcp-row .sp-pcp-col-lg-2 {flex: 1 1 calc( 50% - 20px);}.sp-pcp-row .sp-pcp-col-lg-3 {flex: 1 1 calc( 33.333% - 20px);}.sp-pcp-row .sp-pcp-col-lg-4 {flex: 1 1 calc( 25% - 20px);}.sp-pcp-row .sp-pcp-col-lg-5 { flex: 1 1 calc( 20% - 20px);}.sp-pcp-row .sp-pcp-col-lg-6 {flex: 1 1 calc( 16.66666666666667% - 20px);}.sp-pcp-row .sp-pcp-col-lg-7 {flex: 1 1 calc( 14.28571428% - 20px);}.sp-pcp-row .sp-pcp-col-lg-8 {flex: 1 1 calc( 12.5% - 20px);}}@media (max-width: 992px) {.sp-pcp-row .sp-pcp-col-md-1 {flex: 0 0 100%;}.sp-pcp-row .sp-pcp-col-md-2 {flex: 1 1 calc( 50% - 20px);}.sp-pcp-row .sp-pcp-col-md-2-5 {flex: 0 0 75%;}.sp-pcp-row .sp-pcp-col-md-3 {flex: 1 1 calc( 33.333% - 20px);}.sp-pcp-row .sp-pcp-col-md-4 {flex: 1 1 calc( 25% - 20px);}.sp-pcp-row .sp-pcp-col-md-5 { flex: 1 1 calc( 20% - 20px);}.sp-pcp-row .sp-pcp-col-md-6 {flex: 1 1 calc( 16.66666666666667% - 20px);}.sp-pcp-row .sp-pcp-col-md-7 {flex: 1 1 calc( 14.28571428% - 20px);}.sp-pcp-row .sp-pcp-col-md-8 {flex: 1 1 calc( 12.5% - 20px);}}@media (max-width: 768px) {.sp-pcp-row .sp-pcp-col-sm-1 {flex: 0 0 100%;}.sp-pcp-row .sp-pcp-col-sm-2 {flex: 1 1 calc( 50% - 20px);}.sp-pcp-row .sp-pcp-col-sm-2-5 {flex: 0 0 75%;}.sp-pcp-row .sp-pcp-col-sm-3 {flex: 1 1 calc( 33.333% - 20px);}.sp-pcp-row .sp-pcp-col-sm-4 {flex: 1 1 calc( 25% - 20px);}.sp-pcp-row .sp-pcp-col-sm-5 { flex: 1 1 calc( 20% - 20px);}.sp-pcp-row .sp-pcp-col-sm-6 {flex: 1 1 calc( 16.66666666666667% - 20px);}.sp-pcp-row .sp-pcp-col-sm-7 {flex: 1 1 calc( 14.28571428% - 20px);}.sp-pcp-row .sp-pcp-col-sm-8 {flex: 1 1 calc( 12.5% - 20px);}}@media (max-width: 420px) {.sp-pcp-row .sp-pcp-col-xs-1 {flex: 0 0 100%;}.sp-pcp-row .sp-pcp-col-xs-2 {flex: 1 1 calc( 50% - 20px);}.sp-pcp-row .sp-pcp-col-xs-3 {flex: 1 1 calc( 33.333% - 20px);}.sp-pcp-row .sp-pcp-col-xs-4 {flex: 1 1 calc( 25% - 20px);}.sp-pcp-row .sp-pcp-col-xs-5 { flex: 1 1 calc( 20% - 20px);}.sp-pcp-row .sp-pcp-col-xs-6 {flex: 1 1 calc( 16.66666666666667% - 20px);}.sp-pcp-row .sp-pcp-col-xs-7 {flex: 1 1 calc( 14.28571428% - 20px);}.sp-pcp-row .sp-pcp-col-xs-8 {flex: 1 1 calc( 12.5% - 20px);}}<\/style><!-- Markup Starts -->\n<div id=\"pcp_wrapper-3313\" class=\"sp-pcp-section sp-pcp-container pcp-wrapper-3313 pcp-carousel-wrapper standard sp-carousel_layout\" data-sid=\"3313\">\n\t<div id=\"sp-pcp-id-3313\" class=\"swiper-container sp-pcp-carousel top_right\" dir=\"ltr\" data-carousel='{ \"speed\":600, \"items\":3, \"spaceBetween\":20, \"dynamicBullets\": false, \"navigation\":true, \"pagination\": true, \"autoplay\": true, \"autoplay_speed\": 2000, \"loop\": true, \"autoHeight\": false, \"lazy\":  true, \"simulateTouch\": true, \"freeMode\": false, \"slider_mouse_wheel\": false,\"allowTouchMove\": true, \"slidesPerView\": {\"lg_desktop\": 3, \"desktop\": 3, \"tablet\": 2, \"mobile_landscape\": 1, \"mobile\": 1}, \"navigation_mobile\": true, \"pagination_mobile\": true, \"stop_onHover\": true, \"enabled\": true, \"prevSlideMessage\": \"Previous slide\", \"nextSlideMessage\": \"Next slide\", \"firstSlideMessage\": \"This is the first slide\", \"lastSlideMessage\": \"This is the last slide\", \"keyboard\": \"true\", \"paginationBulletMessage\": \"Go to slide {{index}}\" }'>\n\t\t\t<div class=\"swiper-wrapper\">\n\t\t\t\t\t\t<div class=\" swiper-slide swiper-lazy\">\n\t\t\t<div class=\"sp-pcp-post default pcp-item-35979\" data-id=\"35979\">\n\t\t\t\t\t\t\t\t<div class=\"pcp-post-thumb-wrapper\">\n\t\t\t\t\t<div class=\"sp-pcp-post-thumb-area\">\n\t\t\t\t\t\t\t\t\t\t\t\t<a class=\"sp-pcp-thumb\" href=\"https:\/\/agencia.unq.edu.ar\/?p=35979\" target=\"_self\" >\n\t\t\t\t\t\t\t\t\t\t\t\t\t<img loading=\"lazy\" decoding=\"async\" src=\"https:\/\/agencia.unq.edu.ar\/wp-content\/uploads\/2026\/04\/pinterest.jpg\" width=\"1040\" height=\"420\" alt=\"La nueva piel artificial busca que pr\u00f3tesis y robots no solo toquen, sino que tambi\u00e9n puedan sentir temperatura, presi\u00f3n y textura. Cr\u00e9dito: Pinterest.\">\n\t\t\t\t\t\t<\/a>\n\t\t\t\t\t<\/div>\n\t\t\t\t<\/div>\n\t\t\t\t\t\t\t\t<div class=\"sp-pcp-post-details\">\n\t\t\t\t\t<div class=\"sp-pcp-post-details-content\">\n\t\t\t\t\t\t\t\t<h4 class=\"sp-pcp-title\">\n\t\t\t\t\t\t\t\t\t<a href=\"https:\/\/agencia.unq.edu.ar\/?p=35979\"  target=\"_self\">Cient\u00edficos logran una piel artificial que se siente como la humana<\/a>\t\t\t\t\t\t\t<\/h4>\n\t\t\t\t\t\t\t\t\t<\/div>\n\t\t\t\t<\/div>\n\t\t\t<\/div>\n\t\t<\/div>\n\t\t\t\t<div class=\" swiper-slide swiper-lazy\">\n\t\t\t<div class=\"sp-pcp-post default pcp-item-36002\" data-id=\"36002\">\n\t\t\t\t\t\t\t\t<div class=\"pcp-post-thumb-wrapper\">\n\t\t\t\t\t<div class=\"sp-pcp-post-thumb-area\">\n\t\t\t\t\t\t\t\t\t\t\t\t<a class=\"sp-pcp-thumb\" href=\"https:\/\/agencia.unq.edu.ar\/?p=36002\" target=\"_self\" >\n\t\t\t\t\t\t\t\t\t\t\t\t\t<img loading=\"lazy\" decoding=\"async\" src=\"https:\/\/agencia.unq.edu.ar\/wp-content\/uploads\/2026\/04\/John-Craig-Venter-1.jpg\" width=\"1040\" height=\"420\" alt=\"Venter ten\u00eda 79 a\u00f1os y hab\u00eda sido una pieza fundamental del Proyecto Genoma Humano y de los comienzos de la biolog\u00eda sint\u00e9tica (imagen: npr.org)\">\n\t\t\t\t\t\t<\/a>\n\t\t\t\t\t<\/div>\n\t\t\t\t<\/div>\n\t\t\t\t\t\t\t\t<div class=\"sp-pcp-post-details\">\n\t\t\t\t\t<div class=\"sp-pcp-post-details-content\">\n\t\t\t\t\t\t\t\t<h4 class=\"sp-pcp-title\">\n\t\t\t\t\t\t\t\t\t<a href=\"https:\/\/agencia.unq.edu.ar\/?p=36002\"  target=\"_self\">Falleci\u00f3 John Craig Venter, cient\u00edfico clave en la comprensi\u00f3n del genoma humano<\/a>\t\t\t\t\t\t\t<\/h4>\n\t\t\t\t\t\t\t\t\t<\/div>\n\t\t\t\t<\/div>\n\t\t\t<\/div>\n\t\t<\/div>\n\t\t\t\t<div class=\" swiper-slide swiper-lazy\">\n\t\t\t<div class=\"sp-pcp-post default pcp-item-35826\" data-id=\"35826\">\n\t\t\t\t\t\t\t\t<div class=\"pcp-post-thumb-wrapper\">\n\t\t\t\t\t<div class=\"sp-pcp-post-thumb-area\">\n\t\t\t\t\t\t\t\t\t\t\t\t<a class=\"sp-pcp-thumb\" href=\"https:\/\/agencia.unq.edu.ar\/?p=35826\" target=\"_self\" >\n\t\t\t\t\t\t\t\t\t\t\t\t\t<img loading=\"lazy\" decoding=\"async\" src=\"https:\/\/agencia.unq.edu.ar\/wp-content\/uploads\/2026\/04\/Pulpo-gigante-principal.jpg\" width=\"1040\" height=\"420\" alt=\"Los pulpos gigantes del Cret\u00e1cico eran cazadores y ten\u00edan la capacidad de romper esqueletos y caparazones (imagen: muyinteresante.okdiario.com)\">\n\t\t\t\t\t\t<\/a>\n\t\t\t\t\t<\/div>\n\t\t\t\t<\/div>\n\t\t\t\t\t\t\t\t<div class=\"sp-pcp-post-details\">\n\t\t\t\t\t<div class=\"sp-pcp-post-details-content\">\n\t\t\t\t\t\t\t\t<h4 class=\"sp-pcp-title\">\n\t\t\t\t\t\t\t\t\t<a href=\"https:\/\/agencia.unq.edu.ar\/?p=35826\"  target=\"_self\">Monstruos prehist\u00f3ricos: \u00bfc\u00f3mo era el pulpo gigante que habit\u00f3 los oc\u00e9anos hace cien millones de a\u00f1os?<\/a>\t\t\t\t\t\t\t<\/h4>\n\t\t\t\t\t\t\t\t\t<\/div>\n\t\t\t\t<\/div>\n\t\t\t<\/div>\n\t\t<\/div>\n\t\t\t\t<div class=\" swiper-slide swiper-lazy\">\n\t\t\t<div class=\"sp-pcp-post default pcp-item-35742\" data-id=\"35742\">\n\t\t\t\t\t\t\t\t<div class=\"pcp-post-thumb-wrapper\">\n\t\t\t\t\t<div class=\"sp-pcp-post-thumb-area\">\n\t\t\t\t\t\t\t\t\t\t\t\t<a class=\"sp-pcp-thumb\" href=\"https:\/\/agencia.unq.edu.ar\/?p=35742\" target=\"_self\" >\n\t\t\t\t\t\t\t\t\t\t\t\t\t<img loading=\"lazy\" decoding=\"async\" src=\"https:\/\/agencia.unq.edu.ar\/wp-content\/uploads\/2026\/04\/2026-04-21-estudiantes-inteligencia-artificial.jpg\" width=\"504\" height=\"204\" alt=\"Cr\u00e9ditos: Infobae\">\n\t\t\t\t\t\t<\/a>\n\t\t\t\t\t<\/div>\n\t\t\t\t<\/div>\n\t\t\t\t\t\t\t\t<div class=\"sp-pcp-post-details\">\n\t\t\t\t\t<div class=\"sp-pcp-post-details-content\">\n\t\t\t\t\t\t\t\t<h4 class=\"sp-pcp-title\">\n\t\t\t\t\t\t\t\t\t<a href=\"https:\/\/agencia.unq.edu.ar\/?p=35742\"  target=\"_self\">Los estudiantes usan IA sin dimensionar su impacto cognitivo y creen que saben m\u00e1s que sus profesores<\/a>\t\t\t\t\t\t\t<\/h4>\n\t\t\t\t\t\t\t\t\t<\/div>\n\t\t\t\t<\/div>\n\t\t\t<\/div>\n\t\t<\/div>\n\t\t\t\t<div class=\" swiper-slide swiper-lazy\">\n\t\t\t<div class=\"sp-pcp-post default pcp-item-35716\" data-id=\"35716\">\n\t\t\t\t\t\t\t\t<div class=\"pcp-post-thumb-wrapper\">\n\t\t\t\t\t<div class=\"sp-pcp-post-thumb-area\">\n\t\t\t\t\t\t\t\t\t\t\t\t<a class=\"sp-pcp-thumb\" href=\"https:\/\/agencia.unq.edu.ar\/?p=35716\" target=\"_self\" >\n\t\t\t\t\t\t\t\t\t\t\t\t\t<img loading=\"lazy\" decoding=\"async\" src=\"https:\/\/agencia.unq.edu.ar\/wp-content\/uploads\/2026\/04\/Cancer-de-pancreas.jpg\" width=\"1040\" height=\"420\" alt=\"El c\u00e1ncer de p\u00e1ncreas es un tumor agresivo y a menudo asintom\u00e1tico en etapas tempranas, lo que dificulta su detecci\u00f3n precoz y conlleva una alta mortalidad. Cr\u00e9ditos: La voz de Galicia.\">\n\t\t\t\t\t\t<\/a>\n\t\t\t\t\t<\/div>\n\t\t\t\t<\/div>\n\t\t\t\t\t\t\t\t<div class=\"sp-pcp-post-details\">\n\t\t\t\t\t<div class=\"sp-pcp-post-details-content\">\n\t\t\t\t\t\t\t\t<h4 class=\"sp-pcp-title\">\n\t\t\t\t\t\t\t\t\t<a href=\"https:\/\/agencia.unq.edu.ar\/?p=35716\"  target=\"_self\">Avanza un nuevo tratamiento contra el c\u00e1ncer de p\u00e1ncreas metast\u00e1sico<\/a>\t\t\t\t\t\t\t<\/h4>\n\t\t\t\t\t\t\t\t\t<\/div>\n\t\t\t\t<\/div>\n\t\t\t<\/div>\n\t\t<\/div>\n\t\t\t\t<div class=\" swiper-slide swiper-lazy\">\n\t\t\t<div class=\"sp-pcp-post default pcp-item-35487\" data-id=\"35487\">\n\t\t\t\t\t\t\t\t<div class=\"pcp-post-thumb-wrapper\">\n\t\t\t\t\t<div class=\"sp-pcp-post-thumb-area\">\n\t\t\t\t\t\t\t\t\t\t\t\t<a class=\"sp-pcp-thumb\" href=\"https:\/\/agencia.unq.edu.ar\/?p=35487\" target=\"_self\" >\n\t\t\t\t\t\t\t\t\t\t\t\t\t<img loading=\"lazy\" decoding=\"async\" src=\"https:\/\/agencia.unq.edu.ar\/wp-content\/uploads\/2026\/04\/boca-river-en-familia.jpg\" width=\"1040\" height=\"420\" alt=\"\u00a0F\u00fatbol y cerebro: el v\u00ednculo que explica la pasi\u00f3n argentina. Cr\u00e9ditos: Midjourney.\">\n\t\t\t\t\t\t<\/a>\n\t\t\t\t\t<\/div>\n\t\t\t\t<\/div>\n\t\t\t\t\t\t\t\t<div class=\"sp-pcp-post-details\">\n\t\t\t\t\t<div class=\"sp-pcp-post-details-content\">\n\t\t\t\t\t\t\t\t<h4 class=\"sp-pcp-title\">\n\t\t\t\t\t\t\t\t\t<a href=\"https:\/\/agencia.unq.edu.ar\/?p=35487\"  target=\"_self\">River vs. Boca: \u00bfPor qu\u00e9 el partido tambi\u00e9n ocurre en el cerebro?<\/a>\t\t\t\t\t\t\t<\/h4>\n\t\t\t\t\t\t\t\t\t<\/div>\n\t\t\t\t<\/div>\n\t\t\t<\/div>\n\t\t<\/div>\n\t\t\t\t<div class=\" swiper-slide swiper-lazy\">\n\t\t\t<div class=\"sp-pcp-post default pcp-item-35436\" data-id=\"35436\">\n\t\t\t\t\t\t\t\t<div class=\"pcp-post-thumb-wrapper\">\n\t\t\t\t\t<div class=\"sp-pcp-post-thumb-area\">\n\t\t\t\t\t\t\t\t\t\t\t\t<a class=\"sp-pcp-thumb\" href=\"https:\/\/agencia.unq.edu.ar\/?p=35436\" target=\"_self\" >\n\t\t\t\t\t\t\t\t\t\t\t\t\t<img loading=\"lazy\" decoding=\"async\" src=\"https:\/\/agencia.unq.edu.ar\/wp-content\/uploads\/2026\/04\/Semaglutide-Tirzepatride-principal.jpg\" width=\"1040\" height=\"420\" alt=\"Tirzepatida y Semaglutida emergen como tratamientos prometedores para producir una p\u00e9rdida de peso sostenida en el tiempo (imagen: ivleaguehydrate.com)\">\n\t\t\t\t\t\t<\/a>\n\t\t\t\t\t<\/div>\n\t\t\t\t<\/div>\n\t\t\t\t\t\t\t\t<div class=\"sp-pcp-post-details\">\n\t\t\t\t\t<div class=\"sp-pcp-post-details-content\">\n\t\t\t\t\t\t\t\t<h4 class=\"sp-pcp-title\">\n\t\t\t\t\t\t\t\t\t<a href=\"https:\/\/agencia.unq.edu.ar\/?p=35436\"  target=\"_self\">Cient\u00edficos descubren que los genes pueden ser determinantes en el \u00e9xito de tratamientos contra la obesidad<\/a>\t\t\t\t\t\t\t<\/h4>\n\t\t\t\t\t\t\t\t\t<\/div>\n\t\t\t\t<\/div>\n\t\t\t<\/div>\n\t\t<\/div>\n\t\t\t\t<div class=\" swiper-slide swiper-lazy\">\n\t\t\t<div class=\"sp-pcp-post default pcp-item-35409\" data-id=\"35409\">\n\t\t\t\t\t\t\t\t<div class=\"pcp-post-thumb-wrapper\">\n\t\t\t\t\t<div class=\"sp-pcp-post-thumb-area\">\n\t\t\t\t\t\t\t\t\t\t\t\t<a class=\"sp-pcp-thumb\" href=\"https:\/\/agencia.unq.edu.ar\/?p=35409\" target=\"_self\" >\n\t\t\t\t\t\t\t\t\t\t\t\t\t<img loading=\"lazy\" decoding=\"async\" src=\"https:\/\/agencia.unq.edu.ar\/wp-content\/uploads\/2026\/04\/viejos-son-los-trapos.jpg\" width=\"1040\" height=\"420\" alt=\"Gracias a los avances de la ciencia y la inversi\u00f3n millonaria, la vejez saludable y extendida es cada vez m\u00e1s real (imagen: noticiastrabajo.huffingtonpost.es)\">\n\t\t\t\t\t\t<\/a>\n\t\t\t\t\t<\/div>\n\t\t\t\t<\/div>\n\t\t\t\t\t\t\t\t<div class=\"sp-pcp-post-details\">\n\t\t\t\t\t<div class=\"sp-pcp-post-details-content\">\n\t\t\t\t\t\t\t\t<h4 class=\"sp-pcp-title\">\n\t\t\t\t\t\t\t\t\t<a href=\"https:\/\/agencia.unq.edu.ar\/?p=35409\"  target=\"_self\">Cient\u00edficos estudian c\u00f3mo retroceder el reloj biol\u00f3gico para frenar el envejecimiento<\/a>\t\t\t\t\t\t\t<\/h4>\n\t\t\t\t\t\t\t\t\t<\/div>\n\t\t\t\t<\/div>\n\t\t\t<\/div>\n\t\t<\/div>\n\t\t\t\t<div class=\" swiper-slide swiper-lazy\">\n\t\t\t<div class=\"sp-pcp-post default pcp-item-35354\" data-id=\"35354\">\n\t\t\t\t\t\t\t\t<div class=\"pcp-post-thumb-wrapper\">\n\t\t\t\t\t<div class=\"sp-pcp-post-thumb-area\">\n\t\t\t\t\t\t\t\t\t\t\t\t<a class=\"sp-pcp-thumb\" href=\"https:\/\/agencia.unq.edu.ar\/?p=35354\" target=\"_self\" >\n\t\t\t\t\t\t\t\t\t\t\t\t\t<img loading=\"lazy\" decoding=\"async\" src=\"https:\/\/agencia.unq.edu.ar\/wp-content\/uploads\/2026\/04\/artemis-nasa.jpg\" width=\"1040\" height=\"420\" alt=\"Detr\u00e1s de la postal espacial aparece la vida real: horarios estrictos, higiene austera, dolor posible y un cuerpo que no negocia sus necesidades. Cr\u00e9ditos: Nasa.\">\n\t\t\t\t\t\t<\/a>\n\t\t\t\t\t<\/div>\n\t\t\t\t<\/div>\n\t\t\t\t\t\t\t\t<div class=\"sp-pcp-post-details\">\n\t\t\t\t\t<div class=\"sp-pcp-post-details-content\">\n\t\t\t\t\t\t\t\t<h4 class=\"sp-pcp-title\">\n\t\t\t\t\t\t\t\t\t<a href=\"https:\/\/agencia.unq.edu.ar\/?p=35354\"  target=\"_self\">Artemis II: volver a la Luna tambi\u00e9n significa aprender a vivir en una c\u00e1psula<\/a>\t\t\t\t\t\t\t<\/h4>\n\t\t\t\t\t\t\t\t\t<\/div>\n\t\t\t\t<\/div>\n\t\t\t<\/div>\n\t\t<\/div>\n\t\t\t\t<div class=\" swiper-slide swiper-lazy\">\n\t\t\t<div class=\"sp-pcp-post default pcp-item-35171\" data-id=\"35171\">\n\t\t\t\t\t\t\t\t<div class=\"pcp-post-thumb-wrapper\">\n\t\t\t\t\t<div class=\"sp-pcp-post-thumb-area\">\n\t\t\t\t\t\t\t\t\t\t\t\t<a class=\"sp-pcp-thumb\" href=\"https:\/\/agencia.unq.edu.ar\/?p=35171\" target=\"_self\" >\n\t\t\t\t\t\t\t\t\t\t\t\t\t<img loading=\"lazy\" decoding=\"async\" src=\"https:\/\/agencia.unq.edu.ar\/wp-content\/uploads\/2026\/03\/humor-y-ciencia.jpg\" width=\"1040\" height=\"420\" alt=\"Quienes se atreven al humor en una conferencia cient\u00edfica no son muchos y, en su mayor\u00eda, son hombres (imagen: iviglobaleducation.com)\">\n\t\t\t\t\t\t<\/a>\n\t\t\t\t\t<\/div>\n\t\t\t\t<\/div>\n\t\t\t\t\t\t\t\t<div class=\"sp-pcp-post-details\">\n\t\t\t\t\t<div class=\"sp-pcp-post-details-content\">\n\t\t\t\t\t\t\t\t<h4 class=\"sp-pcp-title\">\n\t\t\t\t\t\t\t\t\t<a href=\"https:\/\/agencia.unq.edu.ar\/?p=35171\"  target=\"_self\">Los cient\u00edficos tambi\u00e9n quieren divertirse, aunque el chiste no siempre garpa<\/a>\t\t\t\t\t\t\t<\/h4>\n\t\t\t\t\t\t\t\t\t<\/div>\n\t\t\t\t<\/div>\n\t\t\t<\/div>\n\t\t<\/div>\n\t\t\t\t<div class=\" swiper-slide swiper-lazy\">\n\t\t\t<div class=\"sp-pcp-post default pcp-item-15924\" data-id=\"15924\">\n\t\t\t\t\t\t\t\t<div class=\"pcp-post-thumb-wrapper\">\n\t\t\t\t\t<div class=\"sp-pcp-post-thumb-area\">\n\t\t\t\t\t\t\t\t\t\t\t\t<a class=\"sp-pcp-thumb\" href=\"https:\/\/agencia.unq.edu.ar\/?p=15924\" target=\"_self\" >\n\t\t\t\t\t\t\t\t\t\t\t\t\t<img loading=\"lazy\" decoding=\"async\" src=\"https:\/\/agencia.unq.edu.ar\/wp-content\/uploads\/2023\/12\/antropologia-forense-1.jpg\" width=\"504\" height=\"204\" alt=\"El trabajo del EAAF inspira a seguir luchando por los derechos humanos y a apoyar a organizaciones que buscan un mundo m\u00e1s justo y equitativo\">\n\t\t\t\t\t\t<\/a>\n\t\t\t\t\t<\/div>\n\t\t\t\t<\/div>\n\t\t\t\t\t\t\t\t<div class=\"sp-pcp-post-details\">\n\t\t\t\t\t<div class=\"sp-pcp-post-details-content\">\n\t\t\t\t\t\t\t\t<h4 class=\"sp-pcp-title\">\n\t\t\t\t\t\t\t\t\t<a href=\"https:\/\/agencia.unq.edu.ar\/?p=15924\"  target=\"_self\">El poder de la ciencia en la restituci\u00f3n de identidades<\/a>\t\t\t\t\t\t\t<\/h4>\n\t\t\t\t\t\t\t\t\t<\/div>\n\t\t\t\t<\/div>\n\t\t\t<\/div>\n\t\t<\/div>\n\t\t\t\t<div class=\" swiper-slide swiper-lazy\">\n\t\t\t<div class=\"sp-pcp-post default pcp-item-34985\" data-id=\"34985\">\n\t\t\t\t\t\t\t\t<div class=\"pcp-post-thumb-wrapper\">\n\t\t\t\t\t<div class=\"sp-pcp-post-thumb-area\">\n\t\t\t\t\t\t\t\t\t\t\t\t<a class=\"sp-pcp-thumb\" href=\"https:\/\/agencia.unq.edu.ar\/?p=34985\" target=\"_self\" >\n\t\t\t\t\t\t\t\t\t\t\t\t\t<img loading=\"lazy\" decoding=\"async\" src=\"https:\/\/agencia.unq.edu.ar\/wp-content\/uploads\/2026\/03\/Mary-Claire-King-Principal-Final.jpg\" width=\"1040\" height=\"420\" alt=\"Mary-Claire King, le genetista que trabaj\u00f3 junto a Abuelas de Plaza de Mayo (imagen: mujeresconciencia.com)\">\n\t\t\t\t\t\t<\/a>\n\t\t\t\t\t<\/div>\n\t\t\t\t<\/div>\n\t\t\t\t\t\t\t\t<div class=\"sp-pcp-post-details\">\n\t\t\t\t\t<div class=\"sp-pcp-post-details-content\">\n\t\t\t\t\t\t\t\t<h4 class=\"sp-pcp-title\">\n\t\t\t\t\t\t\t\t\t<a href=\"https:\/\/agencia.unq.edu.ar\/?p=34985\"  target=\"_self\">El legado de Mary-Claire King y el \u00edndice de abuelidad<\/a>\t\t\t\t\t\t\t<\/h4>\n\t\t\t\t\t\t\t\t\t<\/div>\n\t\t\t\t<\/div>\n\t\t\t<\/div>\n\t\t<\/div>\n\t\t\t\t<div class=\" swiper-slide swiper-lazy\">\n\t\t\t<div class=\"sp-pcp-post default pcp-item-2374\" data-id=\"2374\">\n\t\t\t\t\t\t\t\t<div class=\"pcp-post-thumb-wrapper\">\n\t\t\t\t\t<div class=\"sp-pcp-post-thumb-area\">\n\t\t\t\t\t\t\t\t\t\t\t\t<a class=\"sp-pcp-thumb\" href=\"https:\/\/agencia.unq.edu.ar\/?p=2374\" target=\"_self\" >\n\t\t\t\t\t\t\t\t\t\t\t\t\t<img loading=\"lazy\" decoding=\"async\" src=\"https:\/\/agencia.unq.edu.ar\/wp-content\/uploads\/2022\/03\/destacada_nadia16.03.jpg\" width=\"1040\" height=\"420\" alt=\"Las Abuelas junto a la genetista Mary-Claire King.\">\n\t\t\t\t\t\t<\/a>\n\t\t\t\t\t<\/div>\n\t\t\t\t<\/div>\n\t\t\t\t\t\t\t\t<div class=\"sp-pcp-post-details\">\n\t\t\t\t\t<div class=\"sp-pcp-post-details-content\">\n\t\t\t\t\t\t\t\t<h4 class=\"sp-pcp-title\">\n\t\t\t\t\t\t\t\t\t<a href=\"https:\/\/agencia.unq.edu.ar\/?p=2374\"  target=\"_self\">Gen\u00e9tica forense: la receta amorosa de las Abuelas<\/a>\t\t\t\t\t\t\t<\/h4>\n\t\t\t\t\t\t\t\t\t<\/div>\n\t\t\t\t<\/div>\n\t\t\t<\/div>\n\t\t<\/div>\n\t\t\t\t<div class=\" swiper-slide swiper-lazy\">\n\t\t\t<div class=\"sp-pcp-post default pcp-item-34872\" data-id=\"34872\">\n\t\t\t\t\t\t\t\t<div class=\"pcp-post-thumb-wrapper\">\n\t\t\t\t\t<div class=\"sp-pcp-post-thumb-area\">\n\t\t\t\t\t\t\t\t\t\t\t\t<a class=\"sp-pcp-thumb\" href=\"https:\/\/agencia.unq.edu.ar\/?p=34872\" target=\"_self\" >\n\t\t\t\t\t\t\t\t\t\t\t\t\t<img loading=\"lazy\" decoding=\"async\" src=\"https:\/\/agencia.unq.edu.ar\/wp-content\/uploads\/2026\/03\/canto-al-bebe-pexels.jpg\" width=\"1040\" height=\"420\" alt=\"Canci\u00f3n de cuna: el gesto cotidiano que impacta en reci\u00e9n nacidos. Cr\u00e9dito: Pexels.\">\n\t\t\t\t\t\t<\/a>\n\t\t\t\t\t<\/div>\n\t\t\t\t<\/div>\n\t\t\t\t\t\t\t\t<div class=\"sp-pcp-post-details\">\n\t\t\t\t\t<div class=\"sp-pcp-post-details-content\">\n\t\t\t\t\t\t\t\t<h4 class=\"sp-pcp-title\">\n\t\t\t\t\t\t\t\t\t<a href=\"https:\/\/agencia.unq.edu.ar\/?p=34872\"  target=\"_self\">La ciencia confirma que cantar a los beb\u00e9s les mejora el humor<\/a>\t\t\t\t\t\t\t<\/h4>\n\t\t\t\t\t\t\t\t\t<\/div>\n\t\t\t\t<\/div>\n\t\t\t<\/div>\n\t\t<\/div>\n\t\t\t\t<div class=\" swiper-slide swiper-lazy\">\n\t\t\t<div class=\"sp-pcp-post default pcp-item-34795\" data-id=\"34795\">\n\t\t\t\t\t\t\t\t<div class=\"pcp-post-thumb-wrapper\">\n\t\t\t\t\t<div class=\"sp-pcp-post-thumb-area\">\n\t\t\t\t\t\t\t\t\t\t\t\t<a class=\"sp-pcp-thumb\" href=\"https:\/\/agencia.unq.edu.ar\/?p=34795\" target=\"_self\" >\n\t\t\t\t\t\t\t\t\t\t\t\t\t<img loading=\"lazy\" decoding=\"async\" src=\"https:\/\/agencia.unq.edu.ar\/wp-content\/uploads\/2026\/03\/Jorge-Gonzalez-Premio-Leloir.jpg\" width=\"1040\" height=\"420\" alt=\"Jorge Gonz\u00e1lez junto a funcionarios de la Embajada Argentina en M\u00e9xico. Cr\u00e9ditos: Embajada Argentina en M\u00e9xico.\">\n\t\t\t\t\t\t<\/a>\n\t\t\t\t\t<\/div>\n\t\t\t\t<\/div>\n\t\t\t\t\t\t\t\t<div class=\"sp-pcp-post-details\">\n\t\t\t\t\t<div class=\"sp-pcp-post-details-content\">\n\t\t\t\t\t\t\t\t<h4 class=\"sp-pcp-title\">\n\t\t\t\t\t\t\t\t\t<a href=\"https:\/\/agencia.unq.edu.ar\/?p=34795\"  target=\"_self\">Por iniciativa de la UNQ, un cient\u00edfico mexicano fue reconocido con el Premio Leloir<\/a>\t\t\t\t\t\t\t<\/h4>\n\t\t\t\t\t\t\t\t\t<\/div>\n\t\t\t\t<\/div>\n\t\t\t<\/div>\n\t\t<\/div>\n\t\t\t\t<div class=\" swiper-slide swiper-lazy\">\n\t\t\t<div class=\"sp-pcp-post default pcp-item-34674\" data-id=\"34674\">\n\t\t\t\t\t\t\t\t<div class=\"pcp-post-thumb-wrapper\">\n\t\t\t\t\t<div class=\"sp-pcp-post-thumb-area\">\n\t\t\t\t\t\t\t\t\t\t\t\t<a class=\"sp-pcp-thumb\" href=\"https:\/\/agencia.unq.edu.ar\/?p=34674\" target=\"_self\" >\n\t\t\t\t\t\t\t\t\t\t\t\t\t<img loading=\"lazy\" decoding=\"async\" src=\"https:\/\/agencia.unq.edu.ar\/wp-content\/uploads\/2026\/03\/Tanyka-amnicola-d.jpg\" width=\"1040\" height=\"420\" alt=\"As\u00ed lucir\u00eda Tanyca amnicola de acuerdo a los f\u00f3siles hallados (imagen: muyinteresante.okdiario.com)\">\n\t\t\t\t\t\t<\/a>\n\t\t\t\t\t<\/div>\n\t\t\t\t<\/div>\n\t\t\t\t\t\t\t\t<div class=\"sp-pcp-post-details\">\n\t\t\t\t\t<div class=\"sp-pcp-post-details-content\">\n\t\t\t\t\t\t\t\t<h4 class=\"sp-pcp-title\">\n\t\t\t\t\t\t\t\t\t<a href=\"https:\/\/agencia.unq.edu.ar\/?p=34674\"  target=\"_self\">Una cient\u00edfica argentina particip\u00f3 del descubrimiento de una especie que habit\u00f3 el planeta hace 280 millones de a\u00f1os<\/a>\t\t\t\t\t\t\t<\/h4>\n\t\t\t\t\t\t\t\t\t<\/div>\n\t\t\t\t<\/div>\n\t\t\t<\/div>\n\t\t<\/div>\n\t\t\t\t\t<\/div>\n\t\t\t\t\t\t<div class=\"pcp-pagination swiper-pagination dots\"><\/div>\n\t\t\t\t\t\t\t\t\t\t<div class=\"pcp-button-next swiper-button-next top_right\"><i class=\"fa fa-angle-right\"><\/i><\/div>\n\t\t\t\t<div class=\"pcp-button-prev swiper-button-prev top_right\"><i class=\"fa fa-angle-left\"><\/i><\/div>\t<\/div>\n<\/div>\n\n\n\n\n<hr class=\"wp-block-separator has-text-color has-css-opacity has-background is-style-wide\" style=\"background-color:#fea50e;color:#fea50e\"\/>\n\n\n\n<p class=\"has-vivid-green-cyan-color has-text-color\"><\/p>\n","protected":false},"excerpt":{"rendered":"<p>Est\u00e1 disponible en farmacias y se puede usar como dosis de refuerzo contra las variantes del SARS-CoV-2. Podr\u00eda incorporarse al Calendario Nacional de Vacunaci\u00f3n en 2025.<\/p>\n","protected":false},"author":7,"featured_media":20292,"comment_status":"open","ping_status":"closed","sticky":false,"template":"","format":"standard","meta":{"_uag_custom_page_level_css":"","_monsterinsights_skip_tracking":false,"_monsterinsights_sitenote_active":false,"_monsterinsights_sitenote_note":"","_monsterinsights_sitenote_category":0,"site-sidebar-layout":"default","site-content-layout":"","ast-site-content-layout":"default","site-content-style":"default","site-sidebar-style":"default","ast-global-header-display":"","ast-banner-title-visibility":"","ast-main-header-display":"","ast-hfb-above-header-display":"","ast-hfb-below-header-display":"","ast-hfb-mobile-header-display":"","site-post-title":"","ast-breadcrumbs-content":"","ast-featured-img":"","footer-sml-layout":"","ast-disable-related-posts":"","theme-transparent-header-meta":"","adv-header-id-meta":"","stick-header-meta":"","header-above-stick-meta":"","header-main-stick-meta":"","header-below-stick-meta":"","astra-migrate-meta-layouts":"default","ast-page-background-enabled":"default","ast-page-background-meta":{"desktop":{"background-color":"var(--ast-global-color-4)","background-image":"","background-repeat":"repeat","background-position":"center center","background-size":"auto","background-attachment":"scroll","background-type":"","background-media":"","overlay-type":"","overlay-color":"","overlay-opacity":"","overlay-gradient":""},"tablet":{"background-color":"","background-image":"","background-repeat":"repeat","background-position":"center center","background-size":"auto","background-attachment":"scroll","background-type":"","background-media":"","overlay-type":"","overlay-color":"","overlay-opacity":"","overlay-gradient":""},"mobile":{"background-color":"","background-image":"","background-repeat":"repeat","background-position":"center center","background-size":"auto","background-attachment":"scroll","background-type":"","background-media":"","overlay-type":"","overlay-color":"","overlay-opacity":"","overlay-gradient":""}},"ast-content-background-meta":{"desktop":{"background-color":"var(--ast-global-color-5)","background-image":"","background-repeat":"repeat","background-position":"center center","background-size":"auto","background-attachment":"scroll","background-type":"","background-media":"","overlay-type":"","overlay-color":"","overlay-opacity":"","overlay-gradient":""},"tablet":{"background-color":"var(--ast-global-color-5)","background-image":"","background-repeat":"repeat","background-position":"center center","background-size":"auto","background-attachment":"scroll","background-type":"","background-media":"","overlay-type":"","overlay-color":"","overlay-opacity":"","overlay-gradient":""},"mobile":{"background-color":"var(--ast-global-color-5)","background-image":"","background-repeat":"repeat","background-position":"center center","background-size":"auto","background-attachment":"scroll","background-type":"","background-media":"","overlay-type":"","overlay-color":"","overlay-opacity":"","overlay-gradient":""}},"footnotes":""},"categories":[8,16],"tags":[],"class_list":["post-20198","post","type-post","status-publish","format-standard","has-post-thumbnail","hentry","category-ciencias","category-noticia-destacada"],"aioseo_notices":[],"uagb_featured_image_src":{"full":["https:\/\/agencia.unq.edu.ar\/wp-content\/uploads\/2024\/06\/equipo-unsam-arvac.jpg",1040,420,false],"thumbnail":["https:\/\/agencia.unq.edu.ar\/wp-content\/uploads\/2024\/06\/equipo-unsam-arvac.jpg",150,61,false],"medium":["https:\/\/agencia.unq.edu.ar\/wp-content\/uploads\/2024\/06\/equipo-unsam-arvac.jpg",960,388,false],"medium_large":["https:\/\/agencia.unq.edu.ar\/wp-content\/uploads\/2024\/06\/equipo-unsam-arvac.jpg",768,310,false],"large":["https:\/\/agencia.unq.edu.ar\/wp-content\/uploads\/2024\/06\/equipo-unsam-arvac.jpg",1040,420,false],"1536x1536":["https:\/\/agencia.unq.edu.ar\/wp-content\/uploads\/2024\/06\/equipo-unsam-arvac.jpg",1040,420,false],"2048x2048":["https:\/\/agencia.unq.edu.ar\/wp-content\/uploads\/2024\/06\/equipo-unsam-arvac.jpg",1040,420,false]},"uagb_author_info":{"display_name":"Mar\u00eda Ximena Perez","author_link":"https:\/\/agencia.unq.edu.ar\/?author=7"},"uagb_comment_info":0,"uagb_excerpt":"Est\u00e1 disponible en farmacias y se puede usar como dosis de refuerzo contra las variantes del SARS-CoV-2. Podr\u00eda incorporarse al Calendario Nacional de Vacunaci\u00f3n en 2025.","blog_post_layout_featured_media_urls":{"thumbnail":["https:\/\/agencia.unq.edu.ar\/wp-content\/uploads\/2024\/06\/equipo-unsam-arvac.jpg",150,61,false],"full":["https:\/\/agencia.unq.edu.ar\/wp-content\/uploads\/2024\/06\/equipo-unsam-arvac.jpg",1040,420,false]},"categories_names":{"8":{"name":"Ciencias","link":"https:\/\/agencia.unq.edu.ar\/?cat=8"},"16":{"name":"Noticia destacada","link":"https:\/\/agencia.unq.edu.ar\/?cat=16"}},"tags_names":[],"comments_number":"0","_links":{"self":[{"href":"https:\/\/agencia.unq.edu.ar\/index.php?rest_route=\/wp\/v2\/posts\/20198","targetHints":{"allow":["GET"]}}],"collection":[{"href":"https:\/\/agencia.unq.edu.ar\/index.php?rest_route=\/wp\/v2\/posts"}],"about":[{"href":"https:\/\/agencia.unq.edu.ar\/index.php?rest_route=\/wp\/v2\/types\/post"}],"author":[{"embeddable":true,"href":"https:\/\/agencia.unq.edu.ar\/index.php?rest_route=\/wp\/v2\/users\/7"}],"replies":[{"embeddable":true,"href":"https:\/\/agencia.unq.edu.ar\/index.php?rest_route=%2Fwp%2Fv2%2Fcomments&post=20198"}],"version-history":[{"count":19,"href":"https:\/\/agencia.unq.edu.ar\/index.php?rest_route=\/wp\/v2\/posts\/20198\/revisions"}],"predecessor-version":[{"id":20293,"href":"https:\/\/agencia.unq.edu.ar\/index.php?rest_route=\/wp\/v2\/posts\/20198\/revisions\/20293"}],"wp:featuredmedia":[{"embeddable":true,"href":"https:\/\/agencia.unq.edu.ar\/index.php?rest_route=\/wp\/v2\/media\/20292"}],"wp:attachment":[{"href":"https:\/\/agencia.unq.edu.ar\/index.php?rest_route=%2Fwp%2Fv2%2Fmedia&parent=20198"}],"wp:term":[{"taxonomy":"category","embeddable":true,"href":"https:\/\/agencia.unq.edu.ar\/index.php?rest_route=%2Fwp%2Fv2%2Fcategories&post=20198"},{"taxonomy":"post_tag","embeddable":true,"href":"https:\/\/agencia.unq.edu.ar\/index.php?rest_route=%2Fwp%2Fv2%2Ftags&post=20198"}],"curies":[{"name":"wp","href":"https:\/\/api.w.org\/{rel}","templated":true}]}}