{"id":2025,"date":"2022-03-01T14:49:00","date_gmt":"2022-03-01T17:49:00","guid":{"rendered":"https:\/\/agencia.unq.edu.ar\/?p=2025"},"modified":"2026-01-07T14:37:40","modified_gmt":"2026-01-07T17:37:40","slug":"alerta-maxima-en-un-mundo-que-se-calienta","status":"publish","type":"post","link":"https:\/\/agencia.unq.edu.ar\/?p=2025","title":{"rendered":"Alerta m\u00e1xima para un mundo que se calienta m\u00e1s de la cuenta"},"content":{"rendered":"\n<p class=\"has-medium-font-size\">La comunidad cient\u00edfica eval\u00faa la vulnerabilidad de los sistemas socioecon\u00f3micos y naturales al cambio clim\u00e1tico. Una especialista argentina brinda claves.  &nbsp;<\/p>\n\n\n\n<figure class=\"wp-block-image size-full\"><img loading=\"lazy\" decoding=\"async\" width=\"1040\" height=\"420\" src=\"https:\/\/agencia.unq.edu.ar\/wp-content\/uploads\/2022\/03\/destacada_xime07.03.jpg\" alt=\"La tierra, en llamas: la construcci\u00f3n de la agenda ambiental demanda una mirada a largo plazo con instituciones comprometidas. Cr\u00e9dito: Flickr.\" class=\"wp-image-2043\"\/><figcaption>La tierra, en llamas: la construcci\u00f3n de la agenda ambiental demanda una mirada a largo plazo con instituciones comprometidas. Cr\u00e9dito: Flickr.<\/figcaption><\/figure>\n\n\n\n<p>La atm\u00f3sfera se est\u00e1 calentando, las consecuencias sobre el sistema f\u00edsico ya son visibles y las pruebas que apuntan a la influencia humana como la causa dominante del cambio clim\u00e1tico son irrefutables. La situaci\u00f3n constituye <strong>una amenaza para el bienestar de la humanidad y la salud del planeta<\/strong>. En esa direcci\u00f3n, \u201cla adopci\u00f3n de medidas inmediatas puede asegurar el futuro\u201d. As\u00ed lo indica el \u00faltimo informe del Grupo de trabajo II del <strong>Panel Intergubernamental sobre Cambio Clim\u00e1tico (IPCC)<\/strong> <strong>de Naciones Unidas<\/strong>, que eval\u00faa la vulnerabilidad de los sistemas socioecon\u00f3micos y naturales al cambio clim\u00e1tico, las consecuencias del cambio y las opciones para adaptarse a \u00e9l.&nbsp;<\/p>\n\n\n\n<p>En di\u00e1logo exclusivo con esta Agencia, <strong>Paulina Martinetto<\/strong>, investigadora del Conicet en el&nbsp;Instituto de Investigaciones Marinas y Costeras de Mar del Plata, se\u00f1ala: \u201cEl reporte hace \u00e9nfasis en las interconexiones entre el clima la biodiversidad y el bienestar de las sociedades para poder abordar los m\u00faltiples desaf\u00edos globales a los que nos enfrentamos hoy en d\u00eda\u201d.&nbsp;<\/p>\n\n\n\n<p>Seg\u00fan indica el documento, una serie de eventos extremos, como incendios forestales, olas de calor y sequ\u00edas, tienen parte de su ra\u00edz vinculada al aumento de la temperatura mundial. Y, por supuesto, el aumento de la temperatura mundial est\u00e1 vinculado a otro indicador clim\u00e1tico: el incremento actual de las emisiones de gases de efecto invernadero, en particular el di\u00f3xido de carbono, el \u00f3xido nitroso y el metano. En este contexto global, la <strong>regi\u00f3n latinoamericana est\u00e1 altamente expuesta<\/strong> y vulnerable a los efectos del cambio clim\u00e1tico; no s\u00f3lo enfrenta desaf\u00edos clim\u00e1ticos sino tambi\u00e9n en materia econ\u00f3mica, pol\u00edtica y social. Y prev\u00e9 \u201cun empeoramiento en las condiciones de vida en zonas rurales, especialmente para peque\u00f1os y medianos productores y poblaciones ind\u00edgenas\u201d.&nbsp;&nbsp;<\/p>\n\n\n\n<p>Martinetto, especialista en ecolog\u00eda marina y cambio clim\u00e1tico, y autora principal del cap\u00edtulo 3 de este informe, explica: &#8220;Esta situaci\u00f3n est\u00e1 amplificada por la desigualdad y la pobreza, el crecimiento poblacional y la alta densidad poblacional que hay en varias de las ciudades de Latinoam\u00e9rica\u201d. Y agrega:  &#8220;El cambio de uso del suelo, con la deforestaci\u00f3n, y la alta dependencia de las econom\u00edas locales y nacionales sobre los recursos naturales para la producci\u00f3n de commodities, es otro factor que afecta directamente a Latinoam\u00e9rica\u201d. A su vez, la p\u00e9rdida de glaciares (entre el 30 y 50 por ciento desde 1980), la suba del nivel del mar, las sequ\u00edas y la mayor intensidad de los incendios est\u00e1n provocando estragos en t\u00e9rminos de biodiversidad. Para 2050, se estima que el 85 por ciento de los sistemas naturales se ver\u00e1n damnificados por el cambio clim\u00e1tico.<\/p>\n\n\n\n<p>A nivel regional, \u201cla Amazon\u00eda es una de las principales afectadas por la sequ\u00eda y la deforestaci\u00f3n y peligra la producci\u00f3n de alimentos por la degradaci\u00f3n de suelos y el riesgo de contraer enfermedades por transmisi\u00f3n de vectores (como dengue, Chikungunya y Zika) aumenta un 17 por ciento\u201d, explica la cient\u00edfica argentina.<\/p>\n\n\n\n<p>El documento elaborado por cient\u00edficos y cient\u00edficas del IPCC, constata que a medida que el planeta se sigue calentando, <strong>los fen\u00f3menos meteorol\u00f3gicos extremos se convertir\u00e1n en la \u201cnueva normalidad clim\u00e1tica&#8221;<\/strong>, lo que generar\u00e1 un mundo de riesgos e inestabilidad cada vez mayores. \u201cSi el calentamiento aumenta m\u00e1s all\u00e1 de 2\u02daC, ser\u00e1n m\u00e1s frecuentes m\u00faltiples amenazas asociadas a un planeta m\u00e1s c\u00e1lido, tales como olas de calor extremo, aumento del nivel del mar, tormentas m\u00e1s intensas, sequ\u00edas e inundaciones, y tendr\u00e1n implicaciones negativas y severas para los m\u00e1s pobres y vulnerables\u201d, predice.<\/p>\n\n\n\n<h2 class=\"wp-block-heading\" id=\"accion-por-el-clima\">Acci\u00f3n por el clima<\/h2>\n\n\n\n<p>En el informe tambi\u00e9n se indica que el desarrollo resiliente al clima ya representa un desaf\u00edo con los niveles actuales de calentamiento y que ser\u00e1 m\u00e1s limitado si el calentamiento global supera los 1,5 \u00b0C. En algunas regiones, ser\u00e1 imposible si el calentamiento global aumenta m\u00e1s de 2 \u00b0C. \u201cEsta conclusi\u00f3n clave pone de relieve la urgencia de aplicar la acci\u00f3n clim\u00e1tica, con especial \u00e9nfasis en la igualdad y la justicia\u201d, asegura&nbsp;Martinetto. Y remarca que la financiaci\u00f3n adecuada, la transferencia de tecnolog\u00edas, el compromiso pol\u00edtico y las asociaciones \u201cincrementan la eficacia de la adaptaci\u00f3n al cambio clim\u00e1tico y la reducci\u00f3n de las emisiones\u201d.&nbsp;<\/p>\n\n\n\n<p>El reporte creado por el grupo de expertos&nbsp;sostiene que existen varias opciones para adaptarse a un clima cambiante, y brindan nuevas ideas sobre las posibilidades que la naturaleza ofrece para reducir los riesgos clim\u00e1ticos y, al mismo tiempo, mejorar la vida de las personas. En ese sentido, la investigadora del Conicet asegura que los ecosistemas sanos son m\u00e1s resilientes al cambio clim\u00e1tico y prestan servicios indispensables para la vida, como el suministro de alimentos y agua limpia. \u201cAl restaurar los ecosistemas degradados y conservar, con eficacia y equidad, entre el 30 y el 50 por ciento de los h\u00e1bitats terrestres, marinos y de agua dulce, <strong>la sociedad puede beneficiarse de la capacidad de la naturaleza<\/strong> para absorber y almacenar carbono, y podemos acelerar los avances en la consecuci\u00f3n del desarrollo sostenible\u201d, dice.<\/p>\n\n\n\n<p>Los expertos tambi\u00e9n explican en el documento que la creciente urbanizaci\u00f3n y el cambio clim\u00e1tico, en conjunto, crean riesgos complejos, especialmente en aquellas ciudades que ya tienen un crecimiento urbano mal planificado, altos niveles de pobreza y desempleo, y una falta de servicios b\u00e1sicos. No obstante, \u201clas ciudades tambi\u00e9n brindan oportunidades para la acci\u00f3n clim\u00e1tica: los edificios verdes, el suministro fiable de agua limpia y energ\u00edas renovables, as\u00ed como los sistemas de transporte sostenibles que conectan las zonas urbanas y rurales pueden contribuir a una sociedad m\u00e1s inclusiva y justa\u201d.<\/p>\n\n\n\n<p>Las implicaciones de los \u00faltimos datos cient\u00edficos y las acciones necesarias para luchar contra el cambio clim\u00e1tico precisan de una participaci\u00f3n a nivel individual, comunitario y nacional. La conclusi\u00f3n del informe es categ\u00f3rica en esa direcci\u00f3n: \u201cSi se sigue retrasando la puesta en marcha de una acci\u00f3n concertada a nivel mundial, se agotar\u00e1 el plazo para asegurar un futuro digno. Por eso, todas las acciones son necesarias para prevenir el cambio clim\u00e1tico. <strong>La cuenta regresiva ya comenz\u00f3<\/strong>\u201d, concluye Martinetto.<\/p>\n\n\n\n<div style=\"height:40px\" aria-hidden=\"true\" class=\"wp-block-spacer\"><\/div>\n\n\n\n<hr class=\"wp-block-separator has-text-color has-background is-style-wide\" style=\"background-color:#fea50e;color:#fea50e\"\/>\n\n\n\n<h4 class=\"wp-block-heading\" id=\"publicaciones-relacionadas\">M\u00e1s noticias de la secci\u00f3n Ambiente:<\/h4>\n\n\n<style id=\"sp_pcp_dynamic_style3316\">#pcp_wrapper-3316:not(.sps-glossary-layout) .sp-pcp-row,#pcp_wrapper-3316 .sps-glossary-items-group .sps-glossary-items-content {margin-right: -10px;margin-left: -10px;}#pcp_wrapper-3316 .sp-pcp-row [class*='sp-pcp-col-']{padding-right: 10px;padding-left: 10px; padding-bottom:20px;}.pcp-wrapper-3316 .sp-pcp-title a {color: #ac162c;display: inherit;} .pcp-wrapper-3316 .sp-pcp-title a:hover {color: #fea50e;}#pcp_wrapper-3316 .dots .swiper-pagination-bullet{ background: #ac162c; } #pcp_wrapper-3316 .dots .swiper-pagination-bullet-active { background: #fea50e; }#pcp_wrapper-3316 .pcp-button-prev,#pcp_wrapper-3316 .pcp-button-next{ background-image: none; background-size: auto; background-color: #fff; height: 33px; width: 33px; margin-top: 8px; border: 1px solid #aaa; text-align: center; line-height: 30px; -webkit-transition: 0.3s; border-radius: 3px; }#pcp_wrapper-3316 .pcp-button-prev:hover, #pcp_wrapper-3316 .pcp-button-next:hover{ background-color: #fea50e; border-color: #ac162c; } #pcp_wrapper-3316 .pcp-button-prev .fa, #pcp_wrapper-3316 .pcp-button-next .fa { color: #000000; } #pcp_wrapper-3316 .pcp-button-prev:hover .fa, #pcp_wrapper-3316 .pcp-button-next:hover .fa { color: #fff; } #pcp_wrapper-3316.pcp-carousel-wrapper .sp-pcp-post{ margin-top: 0; }#pcp_wrapper-3316 .sp-pcp-post {padding: 0 0 0 0;}#pcp_wrapper-3316.sp-slider_layout .sp-pcp-post .sp-pcp-post-details {top: 0; right:0; bottom:0; left:0;}#pcp_wrapper-3316 .sp-pcp-post {border: 0px solid #e2e2e2; border-radius: 0px }#pcp_wrapper-3316 .sp-pcp-post{background-color: transparent;}#pcp_wrapper-3316 .pcp-post-thumb-wrapper{border: 0px solid #dddddd;border-radius:0px;}.pcp-wrapper-3316 .sp-pcp-post-meta li,.pcp-wrapper-3316 .sp-pcp-post-meta ul,.pcp-wrapper-3316 .sp-pcp-post-meta li a{color: #888;}.pcp-wrapper-3316 .sp-pcp-post-meta li a:hover{color: #e1624b;}#pcp_wrapper-3316 .pcp-post-pagination .page-numbers.current, #pcp_wrapper-3316 .pcp-post-pagination a.active , #pcp_wrapper-3316 .pcp-post-pagination a:hover{ color: #ffffff; background: #e1624b; border-color: #e1624b; }#pcp_wrapper-3316 .pcp-post-pagination .page-numbers, .pcp-post-pagination a{ background: #ffffff; color:#5e5e5e; border: 2px solid #bbbbbb;border-radius: 2px; }#pcp_wrapper-3316 .pcp-post-pagination{text-align: left;}@media (min-width: 1200px) {.sp-pcp-row .sp-pcp-col-xl-1 {flex: 0 0 100%;}.sp-pcp-row .sp-pcp-col-xl-2 {flex: 1 1 calc( 50% - 20px);}.sp-pcp-row .sp-pcp-col-xl-3 {flex: 1 1 calc( 33.333% - 20px);}.sp-pcp-row .sp-pcp-col-xl-4 {flex: 1 1 calc( 25% - 20px);}.sp-pcp-row .sp-pcp-col-xl-5 { flex: 1 1 calc( 20% - 20px);}.sp-pcp-row .sp-pcp-col-xl-6 {flex: 1 1 calc( 16.66666666666667% - 20px);}.sp-pcp-row .sp-pcp-col-xl-7 {flex: 1 1 calc( 14.28571428% - 20px);}.sp-pcp-row .sp-pcp-col-xl-8 {flex: 1 1 calc( 12.5% - 20px);}}@media (max-width: 1200px) {.sp-pcp-row .sp-pcp-col-lg-1 {flex: 0 0 100%;}.sp-pcp-row .sp-pcp-col-lg-2 {flex: 1 1 calc( 50% - 20px);}.sp-pcp-row .sp-pcp-col-lg-3 {flex: 1 1 calc( 33.333% - 20px);}.sp-pcp-row .sp-pcp-col-lg-4 {flex: 1 1 calc( 25% - 20px);}.sp-pcp-row .sp-pcp-col-lg-5 { flex: 1 1 calc( 20% - 20px);}.sp-pcp-row .sp-pcp-col-lg-6 {flex: 1 1 calc( 16.66666666666667% - 20px);}.sp-pcp-row .sp-pcp-col-lg-7 {flex: 1 1 calc( 14.28571428% - 20px);}.sp-pcp-row .sp-pcp-col-lg-8 {flex: 1 1 calc( 12.5% - 20px);}}@media (max-width: 992px) {.sp-pcp-row .sp-pcp-col-md-1 {flex: 0 0 100%;}.sp-pcp-row .sp-pcp-col-md-2 {flex: 1 1 calc( 50% - 20px);}.sp-pcp-row .sp-pcp-col-md-2-5 {flex: 0 0 75%;}.sp-pcp-row .sp-pcp-col-md-3 {flex: 1 1 calc( 33.333% - 20px);}.sp-pcp-row .sp-pcp-col-md-4 {flex: 1 1 calc( 25% - 20px);}.sp-pcp-row .sp-pcp-col-md-5 { flex: 1 1 calc( 20% - 20px);}.sp-pcp-row .sp-pcp-col-md-6 {flex: 1 1 calc( 16.66666666666667% - 20px);}.sp-pcp-row .sp-pcp-col-md-7 {flex: 1 1 calc( 14.28571428% - 20px);}.sp-pcp-row .sp-pcp-col-md-8 {flex: 1 1 calc( 12.5% - 20px);}}@media (max-width: 768px) {.sp-pcp-row .sp-pcp-col-sm-1 {flex: 0 0 100%;}.sp-pcp-row .sp-pcp-col-sm-2 {flex: 1 1 calc( 50% - 20px);}.sp-pcp-row .sp-pcp-col-sm-2-5 {flex: 0 0 75%;}.sp-pcp-row .sp-pcp-col-sm-3 {flex: 1 1 calc( 33.333% - 20px);}.sp-pcp-row .sp-pcp-col-sm-4 {flex: 1 1 calc( 25% - 20px);}.sp-pcp-row .sp-pcp-col-sm-5 { flex: 1 1 calc( 20% - 20px);}.sp-pcp-row .sp-pcp-col-sm-6 {flex: 1 1 calc( 16.66666666666667% - 20px);}.sp-pcp-row .sp-pcp-col-sm-7 {flex: 1 1 calc( 14.28571428% - 20px);}.sp-pcp-row .sp-pcp-col-sm-8 {flex: 1 1 calc( 12.5% - 20px);}}@media (max-width: 420px) {.sp-pcp-row .sp-pcp-col-xs-1 {flex: 0 0 100%;}.sp-pcp-row .sp-pcp-col-xs-2 {flex: 1 1 calc( 50% - 20px);}.sp-pcp-row .sp-pcp-col-xs-3 {flex: 1 1 calc( 33.333% - 20px);}.sp-pcp-row .sp-pcp-col-xs-4 {flex: 1 1 calc( 25% - 20px);}.sp-pcp-row .sp-pcp-col-xs-5 { flex: 1 1 calc( 20% - 20px);}.sp-pcp-row .sp-pcp-col-xs-6 {flex: 1 1 calc( 16.66666666666667% - 20px);}.sp-pcp-row .sp-pcp-col-xs-7 {flex: 1 1 calc( 14.28571428% - 20px);}.sp-pcp-row .sp-pcp-col-xs-8 {flex: 1 1 calc( 12.5% - 20px);}}<\/style><!-- Markup Starts -->\n<div id=\"pcp_wrapper-3316\" class=\"sp-pcp-section sp-pcp-container pcp-wrapper-3316 pcp-carousel-wrapper standard sp-carousel_layout\" data-sid=\"3316\">\n\t<div id=\"sp-pcp-id-3316\" class=\"swiper-container sp-pcp-carousel top_right\" dir=\"ltr\" data-carousel='{ \"speed\":600, \"items\":3, \"spaceBetween\":20, \"dynamicBullets\": false, \"navigation\":true, \"pagination\": true, \"autoplay\": true, \"autoplay_speed\": 2000, \"loop\": true, \"autoHeight\": false, \"lazy\":  true, \"simulateTouch\": true, \"freeMode\": false, \"slider_mouse_wheel\": false,\"allowTouchMove\": true, \"slidesPerView\": {\"lg_desktop\": 3, \"desktop\": 3, \"tablet\": 2, \"mobile_landscape\": 1, \"mobile\": 1}, \"navigation_mobile\": true, \"pagination_mobile\": true, \"stop_onHover\": true, \"enabled\": true, \"prevSlideMessage\": \"Previous slide\", \"nextSlideMessage\": \"Next slide\", \"firstSlideMessage\": \"This is the first slide\", \"lastSlideMessage\": \"This is the last slide\", \"keyboard\": \"true\", \"paginationBulletMessage\": \"Go to slide {{index}}\" }'>\n\t\t\t<div class=\"swiper-wrapper\">\n\t\t\t\t\t\t<div class=\" swiper-slide swiper-lazy\">\n\t\t\t<div class=\"sp-pcp-post default pcp-item-35518\" data-id=\"35518\">\n\t\t\t\t\t\t\t\t<div class=\"pcp-post-thumb-wrapper\">\n\t\t\t\t\t<div class=\"sp-pcp-post-thumb-area\">\n\t\t\t\t\t\t\t\t\t\t\t\t<a class=\"sp-pcp-thumb\" href=\"https:\/\/agencia.unq.edu.ar\/?p=35518\" target=\"_self\" >\n\t\t\t\t\t\t\t\t\t\t\t\t\t<img loading=\"lazy\" decoding=\"async\" src=\"https:\/\/agencia.unq.edu.ar\/wp-content\/uploads\/2026\/04\/Pinguino-emperador.jpg\" width=\"1040\" height=\"420\" alt=\"El ping\u00fcino emperador es una de las especies que cambi\u00f3 de categor\u00eda y ahora est\u00e1 en peligro de extinci\u00f3n. Cr\u00e9ditos: Philip Trathan.\">\n\t\t\t\t\t\t<\/a>\n\t\t\t\t\t<\/div>\n\t\t\t\t<\/div>\n\t\t\t\t\t\t\t\t<div class=\"sp-pcp-post-details\">\n\t\t\t\t\t<div class=\"sp-pcp-post-details-content\">\n\t\t\t\t\t\t\t\t<h4 class=\"sp-pcp-title\">\n\t\t\t\t\t\t\t\t\t<a href=\"https:\/\/agencia.unq.edu.ar\/?p=35518\"  target=\"_self\">Por culpa del cambio clim\u00e1tico, dos animales emblem\u00e1ticos de la Ant\u00e1rtida podr\u00edan extinguirse<\/a>\t\t\t\t\t\t\t<\/h4>\n\t\t\t\t\t\t\t\t\t<\/div>\n\t\t\t\t<\/div>\n\t\t\t<\/div>\n\t\t<\/div>\n\t\t\t\t<div class=\" swiper-slide swiper-lazy\">\n\t\t\t<div class=\"sp-pcp-post default pcp-item-34846\" data-id=\"34846\">\n\t\t\t\t\t\t\t\t<div class=\"pcp-post-thumb-wrapper\">\n\t\t\t\t\t<div class=\"sp-pcp-post-thumb-area\">\n\t\t\t\t\t\t\t\t\t\t\t\t<a class=\"sp-pcp-thumb\" href=\"https:\/\/agencia.unq.edu.ar\/?p=34846\" target=\"_self\" >\n\t\t\t\t\t\t\t\t\t\t\t\t\t<img loading=\"lazy\" decoding=\"async\" src=\"https:\/\/agencia.unq.edu.ar\/wp-content\/uploads\/2026\/03\/Mono-capuchino.jpg\" width=\"1040\" height=\"420\" alt=\"Los monos ca\u00ed buscan el interior de los \u00e1rboles como fuente de alimentaci\u00f3n (imagen: CONICET Nordeste).\">\n\t\t\t\t\t\t<\/a>\n\t\t\t\t\t<\/div>\n\t\t\t\t<\/div>\n\t\t\t\t\t\t\t\t<div class=\"sp-pcp-post-details\">\n\t\t\t\t\t<div class=\"sp-pcp-post-details-content\">\n\t\t\t\t\t\t\t\t<h4 class=\"sp-pcp-title\">\n\t\t\t\t\t\t\t\t\t<a href=\"https:\/\/agencia.unq.edu.ar\/?p=34846\"  target=\"_self\">Monos, pinos y una idea ingeniosa para que todos ganen<\/a>\t\t\t\t\t\t\t<\/h4>\n\t\t\t\t\t\t\t\t\t<\/div>\n\t\t\t\t<\/div>\n\t\t\t<\/div>\n\t\t<\/div>\n\t\t\t\t<div class=\" swiper-slide swiper-lazy\">\n\t\t\t<div class=\"sp-pcp-post default pcp-item-34711\" data-id=\"34711\">\n\t\t\t\t\t\t\t\t<div class=\"pcp-post-thumb-wrapper\">\n\t\t\t\t\t<div class=\"sp-pcp-post-thumb-area\">\n\t\t\t\t\t\t\t\t\t\t\t\t<a class=\"sp-pcp-thumb\" href=\"https:\/\/agencia.unq.edu.ar\/?p=34711\" target=\"_self\" >\n\t\t\t\t\t\t\t\t\t\t\t\t\t<img loading=\"lazy\" decoding=\"async\" src=\"https:\/\/agencia.unq.edu.ar\/wp-content\/uploads\/2026\/03\/nueve-claves.jpg\" width=\"1040\" height=\"420\" alt=\"Evaluar y proteger la biodiversidad se volvi\u00f3 imprescindible (imagen: estrategiasdeiversion.com)\">\n\t\t\t\t\t\t<\/a>\n\t\t\t\t\t<\/div>\n\t\t\t\t<\/div>\n\t\t\t\t\t\t\t\t<div class=\"sp-pcp-post-details\">\n\t\t\t\t\t<div class=\"sp-pcp-post-details-content\">\n\t\t\t\t\t\t\t\t<h4 class=\"sp-pcp-title\">\n\t\t\t\t\t\t\t\t\t<a href=\"https:\/\/agencia.unq.edu.ar\/?p=34711\"  target=\"_self\">Cient\u00edficos de todo el mundo acordaron los cambios fundamentales para proteger la biodiversidad<\/a>\t\t\t\t\t\t\t<\/h4>\n\t\t\t\t\t\t\t\t\t<\/div>\n\t\t\t\t<\/div>\n\t\t\t<\/div>\n\t\t<\/div>\n\t\t\t\t<div class=\" swiper-slide swiper-lazy\">\n\t\t\t<div class=\"sp-pcp-post default pcp-item-34358\" data-id=\"34358\">\n\t\t\t\t\t\t\t\t<div class=\"pcp-post-thumb-wrapper\">\n\t\t\t\t\t<div class=\"sp-pcp-post-thumb-area\">\n\t\t\t\t\t\t\t\t\t\t\t\t<a class=\"sp-pcp-thumb\" href=\"https:\/\/agencia.unq.edu.ar\/?p=34358\" target=\"_self\" >\n\t\t\t\t\t\t\t\t\t\t\t\t\t<img loading=\"lazy\" decoding=\"async\" src=\"https:\/\/agencia.unq.edu.ar\/wp-content\/uploads\/2026\/02\/Inundacion-Peru.jpg\" width=\"1040\" height=\"420\" alt=\"Una inundaci\u00f3n de 2017 en Per\u00fa que dej\u00f3 m\u00e1s de 100 muertos. Cr\u00e9ditos: Reuters.\">\n\t\t\t\t\t\t<\/a>\n\t\t\t\t\t<\/div>\n\t\t\t\t<\/div>\n\t\t\t\t\t\t\t\t<div class=\"sp-pcp-post-details\">\n\t\t\t\t\t<div class=\"sp-pcp-post-details-content\">\n\t\t\t\t\t\t\t\t<h4 class=\"sp-pcp-title\">\n\t\t\t\t\t\t\t\t\t<a href=\"https:\/\/agencia.unq.edu.ar\/?p=34358\"  target=\"_self\">Se duplicaron las inundaciones en Am\u00e9rica Latina y el Caribe durante los \u00faltimos 30 a\u00f1os<\/a>\t\t\t\t\t\t\t<\/h4>\n\t\t\t\t\t\t\t\t\t<\/div>\n\t\t\t\t<\/div>\n\t\t\t<\/div>\n\t\t<\/div>\n\t\t\t\t<div class=\" swiper-slide swiper-lazy\">\n\t\t\t<div class=\"sp-pcp-post default pcp-item-34203\" data-id=\"34203\">\n\t\t\t\t\t\t\t\t<div class=\"pcp-post-thumb-wrapper\">\n\t\t\t\t\t<div class=\"sp-pcp-post-thumb-area\">\n\t\t\t\t\t\t\t\t\t\t\t\t<a class=\"sp-pcp-thumb\" href=\"https:\/\/agencia.unq.edu.ar\/?p=34203\" target=\"_self\" >\n\t\t\t\t\t\t\t\t\t\t\t\t\t<img loading=\"lazy\" decoding=\"async\" src=\"https:\/\/agencia.unq.edu.ar\/wp-content\/uploads\/2026\/02\/La-tecnologia-economica-rapida-y-portatil-para-medir-fosfato.-Creditos_-Conicet.jpg\" width=\"1040\" height=\"420\" alt=\"La tecnolog\u00eda econ\u00f3mica, r\u00e1pida y port\u00e1til para medir fosfato. Cr\u00e9ditos: Conicet.\">\n\t\t\t\t\t\t<\/a>\n\t\t\t\t\t<\/div>\n\t\t\t\t<\/div>\n\t\t\t\t\t\t\t\t<div class=\"sp-pcp-post-details\">\n\t\t\t\t\t<div class=\"sp-pcp-post-details-content\">\n\t\t\t\t\t\t\t\t<h4 class=\"sp-pcp-title\">\n\t\t\t\t\t\t\t\t\t<a href=\"https:\/\/agencia.unq.edu.ar\/?p=34203\"  target=\"_self\">Investigadores del Conicet desarrollan un m\u00e9todo para medir el fosfato con el celular<\/a>\t\t\t\t\t\t\t<\/h4>\n\t\t\t\t\t\t\t\t\t<\/div>\n\t\t\t\t<\/div>\n\t\t\t<\/div>\n\t\t<\/div>\n\t\t\t\t<div class=\" swiper-slide swiper-lazy\">\n\t\t\t<div class=\"sp-pcp-post default pcp-item-34153\" data-id=\"34153\">\n\t\t\t\t\t\t\t\t<div class=\"pcp-post-thumb-wrapper\">\n\t\t\t\t\t<div class=\"sp-pcp-post-thumb-area\">\n\t\t\t\t\t\t\t\t\t\t\t\t<a class=\"sp-pcp-thumb\" href=\"https:\/\/agencia.unq.edu.ar\/?p=34153\" target=\"_self\" >\n\t\t\t\t\t\t\t\t\t\t\t\t\t<img loading=\"lazy\" decoding=\"async\" src=\"https:\/\/agencia.unq.edu.ar\/wp-content\/uploads\/2026\/02\/Arboles-IA.jpg\" width=\"1040\" height=\"420\" alt=\"Uno de los \u00e1rboles plantados en un suburbio en la isla Bribie es el Fresno. Cr\u00e9ditos: Huertox.\">\n\t\t\t\t\t\t<\/a>\n\t\t\t\t\t<\/div>\n\t\t\t\t<\/div>\n\t\t\t\t\t\t\t\t<div class=\"sp-pcp-post-details\">\n\t\t\t\t\t<div class=\"sp-pcp-post-details-content\">\n\t\t\t\t\t\t\t\t<h4 class=\"sp-pcp-title\">\n\t\t\t\t\t\t\t\t\t<a href=\"https:\/\/agencia.unq.edu.ar\/?p=34153\"  target=\"_self\">Desarrollan una herramienta con IA que podr\u00eda enfriar zonas urbanas hasta 3,5 grados<\/a>\t\t\t\t\t\t\t<\/h4>\n\t\t\t\t\t\t\t\t\t<\/div>\n\t\t\t\t<\/div>\n\t\t\t<\/div>\n\t\t<\/div>\n\t\t\t\t<div class=\" swiper-slide swiper-lazy\">\n\t\t\t<div class=\"sp-pcp-post default pcp-item-33935\" data-id=\"33935\">\n\t\t\t\t\t\t\t\t<div class=\"pcp-post-thumb-wrapper\">\n\t\t\t\t\t<div class=\"sp-pcp-post-thumb-area\">\n\t\t\t\t\t\t\t\t\t\t\t\t<a class=\"sp-pcp-thumb\" href=\"https:\/\/agencia.unq.edu.ar\/?p=33935\" target=\"_self\" >\n\t\t\t\t\t\t\t\t\t\t\t\t\t<img loading=\"lazy\" decoding=\"async\" src=\"https:\/\/agencia.unq.edu.ar\/wp-content\/uploads\/2026\/02\/biodiversidad.jpg\" width=\"1040\" height=\"420\" alt=\"La vida secreta del planeta: miles de especies nuevas por a\u00f1o y un reloj que corre. Cr\u00e9ditos: EcoCounter.\">\n\t\t\t\t\t\t<\/a>\n\t\t\t\t\t<\/div>\n\t\t\t\t<\/div>\n\t\t\t\t\t\t\t\t<div class=\"sp-pcp-post-details\">\n\t\t\t\t\t<div class=\"sp-pcp-post-details-content\">\n\t\t\t\t\t\t\t\t<h4 class=\"sp-pcp-title\">\n\t\t\t\t\t\t\t\t\t<a href=\"https:\/\/agencia.unq.edu.ar\/?p=33935\"  target=\"_self\">Media Tierra sin nombre: la biodiversidad que falta descubrir no se achica, crece<\/a>\t\t\t\t\t\t\t<\/h4>\n\t\t\t\t\t\t\t\t\t<\/div>\n\t\t\t\t<\/div>\n\t\t\t<\/div>\n\t\t<\/div>\n\t\t\t\t<div class=\" swiper-slide swiper-lazy\">\n\t\t\t<div class=\"sp-pcp-post default pcp-item-33883\" data-id=\"33883\">\n\t\t\t\t\t\t\t\t<div class=\"pcp-post-thumb-wrapper\">\n\t\t\t\t\t<div class=\"sp-pcp-post-thumb-area\">\n\t\t\t\t\t\t\t\t\t\t\t\t<a class=\"sp-pcp-thumb\" href=\"https:\/\/agencia.unq.edu.ar\/?p=33883\" target=\"_self\" >\n\t\t\t\t\t\t\t\t\t\t\t\t\t<img loading=\"lazy\" decoding=\"async\" src=\"https:\/\/agencia.unq.edu.ar\/wp-content\/uploads\/2026\/02\/pinguinos-el-extremo-sur.jpg\" width=\"1040\" height=\"420\" alt=\"La observaci\u00f3n es no invasiva ya que no hay iluminaci\u00f3n en nidos, los ingresos son perimetrales y el mantenimiento se realiza a intervalos amplios. Cr\u00e9ditos: El extremos sur.\">\n\t\t\t\t\t\t<\/a>\n\t\t\t\t\t<\/div>\n\t\t\t\t<\/div>\n\t\t\t\t\t\t\t\t<div class=\"sp-pcp-post-details\">\n\t\t\t\t\t<div class=\"sp-pcp-post-details-content\">\n\t\t\t\t\t\t\t\t<h4 class=\"sp-pcp-title\">\n\t\t\t\t\t\t\t\t\t<a href=\"https:\/\/agencia.unq.edu.ar\/?p=33883\"  target=\"_self\">El streaming del Conicet que convierte a la Patagonia en laboratorio a cielo abierto<\/a>\t\t\t\t\t\t\t<\/h4>\n\t\t\t\t\t\t\t\t\t<\/div>\n\t\t\t\t<\/div>\n\t\t\t<\/div>\n\t\t<\/div>\n\t\t\t\t<div class=\" swiper-slide swiper-lazy\">\n\t\t\t<div class=\"sp-pcp-post default pcp-item-33697\" data-id=\"33697\">\n\t\t\t\t\t\t\t\t<div class=\"pcp-post-thumb-wrapper\">\n\t\t\t\t\t<div class=\"sp-pcp-post-thumb-area\">\n\t\t\t\t\t\t\t\t\t\t\t\t<a class=\"sp-pcp-thumb\" href=\"https:\/\/agencia.unq.edu.ar\/?p=33697\" target=\"_self\" >\n\t\t\t\t\t\t\t\t\t\t\t\t\t<img loading=\"lazy\" decoding=\"async\" src=\"https:\/\/agencia.unq.edu.ar\/wp-content\/uploads\/2026\/01\/Playa-Pinamar.jpg\" width=\"1040\" height=\"420\" alt=\"&quot;La temperatura que alcanza la arena de la playa en un d\u00eda soleado depende de su reflectancia, es decir, de su capacidad para rechazar parte de la radiaci\u00f3n solar y, por lo tanto, para absorber menos calor&quot;, declara Bozzano. Cr\u00e9ditos: Aire digital.\">\n\t\t\t\t\t\t<\/a>\n\t\t\t\t\t<\/div>\n\t\t\t\t<\/div>\n\t\t\t\t\t\t\t\t<div class=\"sp-pcp-post-details\">\n\t\t\t\t\t<div class=\"sp-pcp-post-details-content\">\n\t\t\t\t\t\t\t\t<h4 class=\"sp-pcp-title\">\n\t\t\t\t\t\t\t\t\t<a href=\"https:\/\/agencia.unq.edu.ar\/?p=33697\"  target=\"_self\">\u00bfPor qu\u00e9 la arena de la Costa Atl\u00e1ntica argentina quema m\u00e1s que la del Caribe?<\/a>\t\t\t\t\t\t\t<\/h4>\n\t\t\t\t\t\t\t\t\t<\/div>\n\t\t\t\t<\/div>\n\t\t\t<\/div>\n\t\t<\/div>\n\t\t\t\t<div class=\" swiper-slide swiper-lazy\">\n\t\t\t<div class=\"sp-pcp-post default pcp-item-33674\" data-id=\"33674\">\n\t\t\t\t\t\t\t\t<div class=\"pcp-post-thumb-wrapper\">\n\t\t\t\t\t<div class=\"sp-pcp-post-thumb-area\">\n\t\t\t\t\t\t\t\t\t\t\t\t<a class=\"sp-pcp-thumb\" href=\"https:\/\/agencia.unq.edu.ar\/?p=33674\" target=\"_self\" >\n\t\t\t\t\t\t\t\t\t\t\t\t\t<img loading=\"lazy\" decoding=\"async\" src=\"https:\/\/agencia.unq.edu.ar\/wp-content\/uploads\/2026\/01\/Incendios-chubut.jpg\" width=\"1040\" height=\"420\" alt=\"El incendio comenz\u00f3 en Puerto Patriada, El Hoyo, y ya quem\u00f3 cerca de 12 mil hect\u00e1reas. Cr\u00e9ditos: InfoSantiago.\">\n\t\t\t\t\t\t<\/a>\n\t\t\t\t\t<\/div>\n\t\t\t\t<\/div>\n\t\t\t\t\t\t\t\t<div class=\"sp-pcp-post-details\">\n\t\t\t\t\t<div class=\"sp-pcp-post-details-content\">\n\t\t\t\t\t\t\t\t<h4 class=\"sp-pcp-title\">\n\t\t\t\t\t\t\t\t\t<a href=\"https:\/\/agencia.unq.edu.ar\/?p=33674\"  target=\"_self\">En primera l\u00ednea: la voz de una vecina que ayuda a combatir los incendios de Chubut<\/a>\t\t\t\t\t\t\t<\/h4>\n\t\t\t\t\t\t\t\t\t<\/div>\n\t\t\t\t<\/div>\n\t\t\t<\/div>\n\t\t<\/div>\n\t\t\t\t<div class=\" swiper-slide swiper-lazy\">\n\t\t\t<div class=\"sp-pcp-post default pcp-item-33632\" data-id=\"33632\">\n\t\t\t\t\t\t\t\t<div class=\"pcp-post-thumb-wrapper\">\n\t\t\t\t\t<div class=\"sp-pcp-post-thumb-area\">\n\t\t\t\t\t\t\t\t\t\t\t\t<a class=\"sp-pcp-thumb\" href=\"https:\/\/agencia.unq.edu.ar\/?p=33632\" target=\"_self\" >\n\t\t\t\t\t\t\t\t\t\t\t\t\t<img loading=\"lazy\" decoding=\"async\" src=\"https:\/\/agencia.unq.edu.ar\/wp-content\/uploads\/2026\/01\/risueno.jpg\" width=\"1040\" height=\"420\" alt=\"E\u00f3lica y solar al frente: las fuentes que empujaron la suba renovable. Cr\u00e9ditos: Risue\u00f1o.\">\n\t\t\t\t\t\t<\/a>\n\t\t\t\t\t<\/div>\n\t\t\t\t<\/div>\n\t\t\t\t\t\t\t\t<div class=\"sp-pcp-post-details\">\n\t\t\t\t\t<div class=\"sp-pcp-post-details-content\">\n\t\t\t\t\t\t\t\t<h4 class=\"sp-pcp-title\">\n\t\t\t\t\t\t\t\t\t<a href=\"https:\/\/agencia.unq.edu.ar\/?p=33632\"  target=\"_self\">El futuro de la energ\u00eda es renovable: r\u00e9cord global y situaci\u00f3n en Argentina<\/a>\t\t\t\t\t\t\t<\/h4>\n\t\t\t\t\t\t\t\t\t<\/div>\n\t\t\t\t<\/div>\n\t\t\t<\/div>\n\t\t<\/div>\n\t\t\t\t<div class=\" swiper-slide swiper-lazy\">\n\t\t\t<div class=\"sp-pcp-post default pcp-item-33531\" data-id=\"33531\">\n\t\t\t\t\t\t\t\t<div class=\"pcp-post-thumb-wrapper\">\n\t\t\t\t\t<div class=\"sp-pcp-post-thumb-area\">\n\t\t\t\t\t\t\t\t\t\t\t\t<a class=\"sp-pcp-thumb\" href=\"https:\/\/agencia.unq.edu.ar\/?p=33531\" target=\"_self\" >\n\t\t\t\t\t\t\t\t\t\t\t\t\t<img loading=\"lazy\" decoding=\"async\" src=\"https:\/\/agencia.unq.edu.ar\/wp-content\/uploads\/2025\/12\/Negacionismo-del-cambio-climatico.jpg\" width=\"1040\" height=\"420\" alt=\"El movimiento negacionista rechaza el consenso cient\u00edfico alrededor del cambio clim\u00e1tico de origen antropog\u00e9nico (imagen: elpais.com)\">\n\t\t\t\t\t\t<\/a>\n\t\t\t\t\t<\/div>\n\t\t\t\t<\/div>\n\t\t\t\t\t\t\t\t<div class=\"sp-pcp-post-details\">\n\t\t\t\t\t<div class=\"sp-pcp-post-details-content\">\n\t\t\t\t\t\t\t\t<h4 class=\"sp-pcp-title\">\n\t\t\t\t\t\t\t\t\t<a href=\"https:\/\/agencia.unq.edu.ar\/?p=33531\"  target=\"_self\">Treinta a\u00f1os sembrando dudas: la historia del negacionismo del cambio clim\u00e1tico<\/a>\t\t\t\t\t\t\t<\/h4>\n\t\t\t\t\t\t\t\t\t<\/div>\n\t\t\t\t<\/div>\n\t\t\t<\/div>\n\t\t<\/div>\n\t\t\t\t<div class=\" swiper-slide swiper-lazy\">\n\t\t\t<div class=\"sp-pcp-post default pcp-item-33083\" data-id=\"33083\">\n\t\t\t\t\t\t\t\t<div class=\"pcp-post-thumb-wrapper\">\n\t\t\t\t\t<div class=\"sp-pcp-post-thumb-area\">\n\t\t\t\t\t\t\t\t\t\t\t\t<a class=\"sp-pcp-thumb\" href=\"https:\/\/agencia.unq.edu.ar\/?p=33083\" target=\"_self\" >\n\t\t\t\t\t\t\t\t\t\t\t\t\t<img loading=\"lazy\" decoding=\"async\" src=\"https:\/\/agencia.unq.edu.ar\/wp-content\/uploads\/2025\/12\/Tiburon-gatopardo.jpg\" width=\"1040\" height=\"420\" alt=\"Un tibur\u00f3n gatopardo navegando por la costa argentina. Cr\u00e9ditos: Proyecto Arrecife \u2013 Laboratorio Ecolog\u00eda de Peces (Cesimar-Conicet)\">\n\t\t\t\t\t\t<\/a>\n\t\t\t\t\t<\/div>\n\t\t\t\t<\/div>\n\t\t\t\t\t\t\t\t<div class=\"sp-pcp-post-details\">\n\t\t\t\t\t<div class=\"sp-pcp-post-details-content\">\n\t\t\t\t\t\t\t\t<h4 class=\"sp-pcp-title\">\n\t\t\t\t\t\t\t\t\t<a href=\"https:\/\/agencia.unq.edu.ar\/?p=33083\"  target=\"_self\">Investigadores estudian la ruta del gatopardo, el tibur\u00f3n bonaerense<\/a>\t\t\t\t\t\t\t<\/h4>\n\t\t\t\t\t\t\t\t\t<\/div>\n\t\t\t\t<\/div>\n\t\t\t<\/div>\n\t\t<\/div>\n\t\t\t\t<div class=\" swiper-slide swiper-lazy\">\n\t\t\t<div class=\"sp-pcp-post default pcp-item-32956\" data-id=\"32956\">\n\t\t\t\t\t\t\t\t<div class=\"pcp-post-thumb-wrapper\">\n\t\t\t\t\t<div class=\"sp-pcp-post-thumb-area\">\n\t\t\t\t\t\t\t\t\t\t\t\t<a class=\"sp-pcp-thumb\" href=\"https:\/\/agencia.unq.edu.ar\/?p=32956\" target=\"_self\" >\n\t\t\t\t\t\t\t\t\t\t\t\t\t<img loading=\"lazy\" decoding=\"async\" src=\"https:\/\/agencia.unq.edu.ar\/wp-content\/uploads\/2025\/11\/Pinguinos-de-Magallanes.jpg\" width=\"1040\" height=\"420\" alt=\"Ping\u00fcino de Magallanes. Cr\u00e9ditos: Noticias ambientales.\">\n\t\t\t\t\t\t<\/a>\n\t\t\t\t\t<\/div>\n\t\t\t\t<\/div>\n\t\t\t\t\t\t\t\t<div class=\"sp-pcp-post-details\">\n\t\t\t\t\t<div class=\"sp-pcp-post-details-content\">\n\t\t\t\t\t\t\t\t<h4 class=\"sp-pcp-title\">\n\t\t\t\t\t\t\t\t\t<a href=\"https:\/\/agencia.unq.edu.ar\/?p=32956\"  target=\"_self\">Ping\u00fcinos de Magallanes, cormoranes y otras aves marinas: \u00bfde qu\u00e9 trata el nuevo streaming del Conicet?<\/a>\t\t\t\t\t\t\t<\/h4>\n\t\t\t\t\t\t\t\t\t<\/div>\n\t\t\t\t<\/div>\n\t\t\t<\/div>\n\t\t<\/div>\n\t\t\t\t<div class=\" swiper-slide swiper-lazy\">\n\t\t\t<div class=\"sp-pcp-post default pcp-item-32940\" data-id=\"32940\">\n\t\t\t\t\t\t\t\t<div class=\"pcp-post-thumb-wrapper\">\n\t\t\t\t\t<div class=\"sp-pcp-post-thumb-area\">\n\t\t\t\t\t\t\t\t\t\t\t\t<a class=\"sp-pcp-thumb\" href=\"https:\/\/agencia.unq.edu.ar\/?p=32940\" target=\"_self\" >\n\t\t\t\t\t\t\t\t\t\t\t\t\t<img loading=\"lazy\" decoding=\"async\" src=\"https:\/\/agencia.unq.edu.ar\/wp-content\/uploads\/2025\/11\/Incendio-cerro-otto.jpg\" width=\"1040\" height=\"420\" alt=\"Brigadistas combaten los incendios en Cerro Otto. Cr\u00e9ditos: Alfredo Leiva \/ R\u00edo Negro.\">\n\t\t\t\t\t\t<\/a>\n\t\t\t\t\t<\/div>\n\t\t\t\t<\/div>\n\t\t\t\t\t\t\t\t<div class=\"sp-pcp-post-details\">\n\t\t\t\t\t<div class=\"sp-pcp-post-details-content\">\n\t\t\t\t\t\t\t\t<h4 class=\"sp-pcp-title\">\n\t\t\t\t\t\t\t\t\t<a href=\"https:\/\/agencia.unq.edu.ar\/?p=32940\"  target=\"_self\">Incendios forestales en Bariloche: un vecino cuenta su experiencia en primera persona<\/a>\t\t\t\t\t\t\t<\/h4>\n\t\t\t\t\t\t\t\t\t<\/div>\n\t\t\t\t<\/div>\n\t\t\t<\/div>\n\t\t<\/div>\n\t\t\t\t<div class=\" swiper-slide swiper-lazy\">\n\t\t\t<div class=\"sp-pcp-post default pcp-item-32473\" data-id=\"32473\">\n\t\t\t\t\t\t\t\t<div class=\"pcp-post-thumb-wrapper\">\n\t\t\t\t\t<div class=\"sp-pcp-post-thumb-area\">\n\t\t\t\t\t\t\t\t\t\t\t\t<a class=\"sp-pcp-thumb\" href=\"https:\/\/agencia.unq.edu.ar\/?p=32473\" target=\"_self\" >\n\t\t\t\t\t\t\t\t\t\t\t\t\t<img loading=\"lazy\" decoding=\"async\" src=\"https:\/\/agencia.unq.edu.ar\/wp-content\/uploads\/2025\/11\/COP30-Brasil.jpg\" width=\"1040\" height=\"420\" alt=\"Reuni\u00f3n previa a la COP30. Cr\u00e9ditos: Rafa Neddermeyer \/ COP30 Brasil Amaz\u00f4nia \/ PR.\">\n\t\t\t\t\t\t<\/a>\n\t\t\t\t\t<\/div>\n\t\t\t\t<\/div>\n\t\t\t\t\t\t\t\t<div class=\"sp-pcp-post-details\">\n\t\t\t\t\t<div class=\"sp-pcp-post-details-content\">\n\t\t\t\t\t\t\t\t<h4 class=\"sp-pcp-title\">\n\t\t\t\t\t\t\t\t\t<a href=\"https:\/\/agencia.unq.edu.ar\/?p=32473\"  target=\"_self\">COP30: \u00bfQu\u00e9 se espera sobre la cumbre de cambio clim\u00e1tico y cu\u00e1l ser\u00e1 el rol de Argentina?<\/a>\t\t\t\t\t\t\t<\/h4>\n\t\t\t\t\t\t\t\t\t<\/div>\n\t\t\t\t<\/div>\n\t\t\t<\/div>\n\t\t<\/div>\n\t\t\t\t\t<\/div>\n\t\t\t\t\t\t<div class=\"pcp-pagination swiper-pagination dots\"><\/div>\n\t\t\t\t\t\t\t\t\t\t<div class=\"pcp-button-next swiper-button-next top_right\"><i class=\"fa fa-angle-right\"><\/i><\/div>\n\t\t\t\t<div class=\"pcp-button-prev swiper-button-prev top_right\"><i class=\"fa fa-angle-left\"><\/i><\/div>\t<\/div>\n<\/div>\n\n\n\n\n<hr class=\"wp-block-separator has-text-color has-background is-style-wide\" style=\"background-color:#fea50e;color:#fea50e\"\/>\n","protected":false},"excerpt":{"rendered":"<p>La comunidad cient\u00edfica eval\u00faa la vulnerabilidad de los sistemas socioecon\u00f3micos y naturales al cambio clim\u00e1tico. Una especialista argentina brinda claves.  <\/p>\n","protected":false},"author":7,"featured_media":2043,"comment_status":"closed","ping_status":"closed","sticky":false,"template":"","format":"standard","meta":{"_uag_custom_page_level_css":"","_monsterinsights_skip_tracking":false,"_monsterinsights_sitenote_active":false,"_monsterinsights_sitenote_note":"","_monsterinsights_sitenote_category":0,"site-sidebar-layout":"default","site-content-layout":"","ast-site-content-layout":"default","site-content-style":"default","site-sidebar-style":"default","ast-global-header-display":"","ast-banner-title-visibility":"","ast-main-header-display":"","ast-hfb-above-header-display":"","ast-hfb-below-header-display":"","ast-hfb-mobile-header-display":"","site-post-title":"","ast-breadcrumbs-content":"","ast-featured-img":"","footer-sml-layout":"","ast-disable-related-posts":"","theme-transparent-header-meta":"","adv-header-id-meta":"","stick-header-meta":"","header-above-stick-meta":"","header-main-stick-meta":"","header-below-stick-meta":"","astra-migrate-meta-layouts":"default","ast-page-background-enabled":"default","ast-page-background-meta":{"desktop":{"background-color":"var(--ast-global-color-4)","background-image":"","background-repeat":"repeat","background-position":"center center","background-size":"auto","background-attachment":"scroll","background-type":"","background-media":"","overlay-type":"","overlay-color":"","overlay-opacity":"","overlay-gradient":""},"tablet":{"background-color":"","background-image":"","background-repeat":"repeat","background-position":"center center","background-size":"auto","background-attachment":"scroll","background-type":"","background-media":"","overlay-type":"","overlay-color":"","overlay-opacity":"","overlay-gradient":""},"mobile":{"background-color":"","background-image":"","background-repeat":"repeat","background-position":"center center","background-size":"auto","background-attachment":"scroll","background-type":"","background-media":"","overlay-type":"","overlay-color":"","overlay-opacity":"","overlay-gradient":""}},"ast-content-background-meta":{"desktop":{"background-color":"var(--ast-global-color-5)","background-image":"","background-repeat":"repeat","background-position":"center center","background-size":"auto","background-attachment":"scroll","background-type":"","background-media":"","overlay-type":"","overlay-color":"","overlay-opacity":"","overlay-gradient":""},"tablet":{"background-color":"var(--ast-global-color-5)","background-image":"","background-repeat":"repeat","background-position":"center center","background-size":"auto","background-attachment":"scroll","background-type":"","background-media":"","overlay-type":"","overlay-color":"","overlay-opacity":"","overlay-gradient":""},"mobile":{"background-color":"var(--ast-global-color-5)","background-image":"","background-repeat":"repeat","background-position":"center center","background-size":"auto","background-attachment":"scroll","background-type":"","background-media":"","overlay-type":"","overlay-color":"","overlay-opacity":"","overlay-gradient":""}},"footnotes":""},"categories":[11,16],"tags":[100,6,101],"class_list":["post-2025","post","type-post","status-publish","format-standard","has-post-thumbnail","hentry","category-ambiente","category-noticia-destacada","tag-calentamiento-global","tag-cambio-climatico","tag-ipcc"],"aioseo_notices":[],"uagb_featured_image_src":{"full":["https:\/\/agencia.unq.edu.ar\/wp-content\/uploads\/2022\/03\/destacada_xime07.03.jpg",1040,420,false],"thumbnail":["https:\/\/agencia.unq.edu.ar\/wp-content\/uploads\/2022\/03\/destacada_xime07.03.jpg",150,61,false],"medium":["https:\/\/agencia.unq.edu.ar\/wp-content\/uploads\/2022\/03\/destacada_xime07.03.jpg",960,388,false],"medium_large":["https:\/\/agencia.unq.edu.ar\/wp-content\/uploads\/2022\/03\/destacada_xime07.03.jpg",768,310,false],"large":["https:\/\/agencia.unq.edu.ar\/wp-content\/uploads\/2022\/03\/destacada_xime07.03.jpg",1040,420,false],"1536x1536":["https:\/\/agencia.unq.edu.ar\/wp-content\/uploads\/2022\/03\/destacada_xime07.03.jpg",1040,420,false],"2048x2048":["https:\/\/agencia.unq.edu.ar\/wp-content\/uploads\/2022\/03\/destacada_xime07.03.jpg",1040,420,false]},"uagb_author_info":{"display_name":"Mar\u00eda Ximena Perez","author_link":"https:\/\/agencia.unq.edu.ar\/?author=7"},"uagb_comment_info":0,"uagb_excerpt":"La comunidad cient\u00edfica eval\u00faa la vulnerabilidad de los sistemas socioecon\u00f3micos y naturales al cambio clim\u00e1tico. Una especialista argentina brinda claves.","blog_post_layout_featured_media_urls":{"thumbnail":["https:\/\/agencia.unq.edu.ar\/wp-content\/uploads\/2022\/03\/destacada_xime07.03.jpg",150,61,false],"full":["https:\/\/agencia.unq.edu.ar\/wp-content\/uploads\/2022\/03\/destacada_xime07.03.jpg",1040,420,false]},"categories_names":{"11":{"name":"Ambiente","link":"https:\/\/agencia.unq.edu.ar\/?cat=11"},"16":{"name":"Noticia destacada","link":"https:\/\/agencia.unq.edu.ar\/?cat=16"}},"tags_names":{"100":{"name":"calentamiento global","link":"https:\/\/agencia.unq.edu.ar\/?tag=calentamiento-global"},"6":{"name":"Cambio clim\u00e1tico","link":"https:\/\/agencia.unq.edu.ar\/?tag=cambio-climatico"},"101":{"name":"IPCC","link":"https:\/\/agencia.unq.edu.ar\/?tag=ipcc"}},"comments_number":"0","_links":{"self":[{"href":"https:\/\/agencia.unq.edu.ar\/index.php?rest_route=\/wp\/v2\/posts\/2025","targetHints":{"allow":["GET"]}}],"collection":[{"href":"https:\/\/agencia.unq.edu.ar\/index.php?rest_route=\/wp\/v2\/posts"}],"about":[{"href":"https:\/\/agencia.unq.edu.ar\/index.php?rest_route=\/wp\/v2\/types\/post"}],"author":[{"embeddable":true,"href":"https:\/\/agencia.unq.edu.ar\/index.php?rest_route=\/wp\/v2\/users\/7"}],"replies":[{"embeddable":true,"href":"https:\/\/agencia.unq.edu.ar\/index.php?rest_route=%2Fwp%2Fv2%2Fcomments&post=2025"}],"version-history":[{"count":12,"href":"https:\/\/agencia.unq.edu.ar\/index.php?rest_route=\/wp\/v2\/posts\/2025\/revisions"}],"predecessor-version":[{"id":3465,"href":"https:\/\/agencia.unq.edu.ar\/index.php?rest_route=\/wp\/v2\/posts\/2025\/revisions\/3465"}],"wp:featuredmedia":[{"embeddable":true,"href":"https:\/\/agencia.unq.edu.ar\/index.php?rest_route=\/wp\/v2\/media\/2043"}],"wp:attachment":[{"href":"https:\/\/agencia.unq.edu.ar\/index.php?rest_route=%2Fwp%2Fv2%2Fmedia&parent=2025"}],"wp:term":[{"taxonomy":"category","embeddable":true,"href":"https:\/\/agencia.unq.edu.ar\/index.php?rest_route=%2Fwp%2Fv2%2Fcategories&post=2025"},{"taxonomy":"post_tag","embeddable":true,"href":"https:\/\/agencia.unq.edu.ar\/index.php?rest_route=%2Fwp%2Fv2%2Ftags&post=2025"}],"curies":[{"name":"wp","href":"https:\/\/api.w.org\/{rel}","templated":true}]}}