{"id":20473,"date":"2024-06-10T15:55:48","date_gmt":"2024-06-10T18:55:48","guid":{"rendered":"https:\/\/agencia.unq.edu.ar\/?p=20473"},"modified":"2025-07-16T20:18:12","modified_gmt":"2025-07-16T23:18:12","slug":"epilepsia-un-estudio-revela-como-la-perdida-de-conciencia-afecta-la-calidad-de-vida","status":"publish","type":"post","link":"https:\/\/agencia.unq.edu.ar\/?p=20473","title":{"rendered":"Epilepsia: un estudio revela c\u00f3mo la p\u00e9rdida de conciencia afecta la calidad de vida"},"content":{"rendered":"\n<p class=\"has-medium-font-size wp-block-paragraph\">El aporte, encabezado por investigadoras del Conicet y profesionales del Hospital El Cruce, surge de una investigaci\u00f3n con pacientes publicada en la revista Neuroscience of Consciousness.<\/p>\n\n\n\n<figure class=\"wp-block-image aligncenter size-full\"><img loading=\"lazy\" decoding=\"async\" width=\"1040\" height=\"420\" src=\"https:\/\/agencia.unq.edu.ar\/wp-content\/uploads\/2024\/06\/Creditos-Hospital-Universitari-Vall-dHebron.jpg\" alt=\"Cr\u00e9ditos: Hospital Universitari Vall d'Hebron\" class=\"wp-image-20474\"\/><figcaption class=\"wp-element-caption\">Cr\u00e9ditos: Hospital Universitari Vall d&#8217;Hebron<\/figcaption><\/figure>\n\n\n\n<p class=\"has-medium-font-size wp-block-paragraph\"><em>Por Magdalena Biota*<\/em><\/p>\n\n\n\n<p class=\"wp-block-paragraph\">La p\u00e9rdida de la conciencia durante las crisis epil\u00e9pticas representa un desaf\u00edo cotidiano para quienes viven con epilepsia, una de las patolog\u00edas neurol\u00f3gicas m\u00e1s prevalentes. Para aquellos pacientes cuya epilepsia es resistente a la medicaci\u00f3n, este s\u00edntoma implica una preocupaci\u00f3n adicional dado que afecta la calidad de su vida. Desde la Unidad de Estudios en Neurociencias y Sistemas Complejos (ENyS, Conicet-Hospital El Cruce-Universidad Nacional Arturo Jauretche), este tipo de problem\u00e1ticas se aborda desde una perspectiva integral, que combina investigaciones cient\u00edficas, tecnolog\u00edas de alto nivel y atenci\u00f3n humanizada. Recientemente, <strong>el equipo public\u00f3 un trabajo en la revista cient\u00edfica <\/strong><strong><em>Neuroscience of Consciousness <\/em><\/strong><strong>sobre las redes neurales afectadas durante la p\u00e9rdida de conciencia en las crisis epil\u00e9pticas.<\/strong><\/p>\n\n\n\n<p class=\"wp-block-paragraph\">El estudio analiz\u00f3 los patrones intracerebrales durante las crisis epil\u00e9pticas en pacientes con epilepsia focal resistente a la medicaci\u00f3n que presentan p\u00e9rdida de conciencia, compar\u00e1ndolos con aquellos que no manifiestan este s\u00edntoma. <strong>\u201cEvaluamos diversos aspectos, desde la localizaci\u00f3n y lateralizaci\u00f3n hasta la duraci\u00f3n de las crisis epil\u00e9pticas y la actividad el\u00e9ctrica cerebral mediante estereoelectroencefalograf\u00eda<\/strong>\u201d, detalla la neur\u00f3loga <strong>Nuria C\u00e1mpora<\/strong>, becaria posdoctoral del Conicet e integrante del equipo profesional del HEC, que se especializa en epilepsia y conciencia.&nbsp;<\/p>\n\n\n\n<p class=\"wp-block-paragraph\">La estereoelectroencefalograf\u00eda (SEEG) es una t\u00e9cnica quir\u00fargica que consiste en la implantaci\u00f3n de electrodos en el cerebro con el fin de localizar el foco de la crisis epil\u00e9ptica. Dado que la epilepsia es una alteraci\u00f3n neurol\u00f3gica que se manifiesta en descargas el\u00e9ctricas excesivas en un grupo de neuronas, <strong>esta t\u00e9cnica neurofisiol\u00f3gica es clave para identificar qu\u00e9 ocurre exactamente en el circuito neural involucrado durante la crisis, cu\u00e1l es su origen y su propagaci\u00f3n.<\/strong><\/p>\n\n\n\n<p class=\"wp-block-paragraph\">El trabajo no solo proporciona una comprensi\u00f3n m\u00e1s profunda de los mecanismos subyacentes a la p\u00e9rdida de conciencia durante las crisis epil\u00e9pticas, sino que tambi\u00e9n contribuye a <strong>mejorar la vida de quienes las padecen<\/strong>. As\u00ed lo expresa una de las cient\u00edficas a cargo: \u201cPara los pacientes eliminar la alteraci\u00f3n de la conciencia durante la crisis implica un gran cambio: mejora su seguridad f\u00edsica, puede tener un impacto positivo en su bienestar emocional, su independencia y su calidad de vida en general\u201d. Con este tipo de contribuciones, es posible crear v\u00edas para futuras investigaciones y desarrollos terap\u00e9uticos en el manejo de la epilepsia farmacorresistente.<\/p>\n\n\n\n<h2 class=\"wp-block-heading\">Hallazgos que revelan&nbsp;<\/h2>\n\n\n\n<p class=\"wp-block-paragraph\">Para llevar adelante la investigaci\u00f3n, el equipo analiz\u00f3 los resultados de estudios cl\u00ednicos y neurofisiol\u00f3gicos, y midi\u00f3 el grado de p\u00e9rdida de conciencia utilizando m\u00e9todos como la escala de conciencia durante las crisis epil\u00e9pticas. Esta escala se aplic\u00f3 a un total de trece pacientes que experimentaron en conjunto cuarenta crisis epil\u00e9pticas. Los hallazgos resultaron reveladores. <strong>En el caso de la epilepsia del l\u00f3bulo temporal, se encontr\u00f3 que la p\u00e9rdida de conciencia era m\u00e1s frecuente en crisis epil\u00e9pticas con inicio en el l\u00f3bulo temporal mesial en comparaci\u00f3n con aquellas con inicio lateral. En los casos de epilepsia del l\u00f3bulo frontal, la p\u00e9rdida de conciencia se asoci\u00f3 con un inicio prefrontal, un mayor n\u00famero de contactos con descarga epil\u00e9ptica y una duraci\u00f3n de la crisis epil\u00e9ptica m\u00e1s prolongada.&nbsp;<\/strong><\/p>\n\n\n\n<p class=\"wp-block-paragraph\">Los hallazgos revelan caracter\u00edsticas distintivas de la p\u00e9rdida de conciencia dependiendo de la zona epilept\u00f3gena. Mientras que en las crisis epil\u00e9pticas del l\u00f3bulo temporal la p\u00e9rdida de conciencia se vincul\u00f3 con un inicio mesial, en la epilepsia del l\u00f3bulo frontal se observ\u00f3 un aumento significativo en las redes que mostraban actividad epil\u00e9ptica, junto con un inicio prefrontal.&nbsp;<\/p>\n\n\n\n<p class=\"wp-block-paragraph\">Esto sugiere <strong>una posible relaci\u00f3n entre la funci\u00f3n ejecutada para estar consciente, integrando informaci\u00f3n sensorial, procesos cognitivos y autoconciencia, y la aparici\u00f3n de la p\u00e9rdida de conciencia como s\u00edntoma de la epilepsia durante la crisis. <\/strong>Seg\u00fan el estudio, la red neural involucrada en la conciencia es amplia y podr\u00eda ser afectada de diferentes maneras durante las crisis epil\u00e9pticas seg\u00fan cada paciente.&nbsp;<\/p>\n\n\n\n<h2 class=\"wp-block-heading\">La conciencia y sus teor\u00edas<\/h2>\n\n\n\n<p class=\"wp-block-paragraph\">Por la complejidad que representa, la conciencia es un tema estudiado a partir de distintas teor\u00edas, que buscan representar una de las cualidades m\u00e1s intrigantes del cerebro humano. Entre estas teor\u00edas se encuentran <strong>la teor\u00eda del espacio global de trabajo<\/strong>, que describe el proceso por el cual la experiencia consciente surge de una interacci\u00f3n din\u00e1mica entre procesadores locales y un espacio de trabajo global que percibe, integra y transfiere informaci\u00f3n. Por su parte, la <strong>teor\u00eda de la informaci\u00f3n integrada <\/strong>enfatiza la estructura de la experiencia, relacionando propiedades de los fen\u00f3menos con aspectos f\u00edsicos del cerebro. <\/p>\n\n\n\n<p class=\"wp-block-paragraph\"><strong>La teor\u00eda del procesamiento recurrente <\/strong>sugiere en cambio que la conciencia surge de la activaci\u00f3n recurrente (retroalimentaci\u00f3n) entre diferentes \u00e1reas del cerebro, en lugar de un flujo unidireccional de informaci\u00f3n. <strong>La teor\u00eda del procesamiento predictivo y la neuro representaci\u00f3n<\/strong> sostiene que la percepci\u00f3n se logra construyendo un modelo interno del mundo. Por \u00faltimo, la <strong>teor\u00eda de la integraci\u00f3n dendr\u00edtica<\/strong> se centra en los procesos de neurotransmisi\u00f3n de se\u00f1ales el\u00e9ctricas en neuronas piramidales de la corteza cerebral como punto de convergencia para el flujo de informaci\u00f3n cortico-cortical y tal\u00e1mico-cortical.&nbsp;<\/p>\n\n\n\n<p class=\"wp-block-paragraph\">\u201cDependiendo del modelo que se estudie, se puede elegir una u otra teor\u00eda. No se invalidan, se complementan para entender mejor los procesos\u201d, enfatiza C\u00e1mpora. Estas teor\u00edas ofrecen distintas perspectivas sobre c\u00f3mo emerge la conciencia y cu\u00e1les son los mecanismos subyacentes.<\/p>\n\n\n\n<p class=\"wp-block-paragraph\">En la pr\u00e1ctica, las teor\u00edas se emplean de manera complementaria para comprender mejor los mecanismos neurales y ayudar a profesionales a intervenir con herramientas cada vez m\u00e1s sofisticadas. \u201c<strong>Desde la parte m\u00e1s asistencial, m\u00e1s aplicable, conocer el\u00e9ctricamente qu\u00e9 sucede en el cerebro durante la crisis que altera la conciencia nos permite actuar con neuroestimulaci\u00f3n o eventualmente cirug\u00eda sobre algunos circuitos que son m\u00e1s sensibles a la alteraci\u00f3n de la conciencia y de esta manera evitar el s\u00edntoma<\/strong>\u201d, explica C\u00e1mpora.&nbsp;<\/p>\n\n\n\n<p class=\"wp-block-paragraph\"><em>*La autora es narradora, poeta y traductora.<\/em><\/p>\n\n\n\n<p class=\"has-vivid-green-cyan-color has-text-color wp-block-paragraph\"><\/p>\n\n\n\n<div style=\"height:40px\" aria-hidden=\"true\" class=\"wp-block-spacer\"><\/div>\n\n\n\n<hr class=\"wp-block-separator has-text-color has-css-opacity has-background is-style-wide\" style=\"background-color:#fea50e;color:#fea50e\"\/>\n\n\n\n<h4 class=\"wp-block-heading\" id=\"publicaciones-relacionadas\">\u00daltimas noticias de la secci\u00f3n Ciencias:<\/h4>\n\n\n<style id=\"sp_pcp_dynamic_style3313\">#pcp_wrapper-3313:not(.sps-glossary-layout) .sp-pcp-row,#pcp_wrapper-3313 .sps-glossary-items-group .sps-glossary-items-content {margin-right: -10px;margin-left: -10px;}#pcp_wrapper-3313 .sp-pcp-row [class*='sp-pcp-col-']{padding-right: 10px;padding-left: 10px; padding-bottom:20px;}.pcp-wrapper-3313 .sp-pcp-title a {color: #ac162c;display: inherit;} .pcp-wrapper-3313 .sp-pcp-title a:hover {color: #fea50e;}#pcp_wrapper-3313 .dots .swiper-pagination-bullet{ background: #ac162c; } #pcp_wrapper-3313 .dots .swiper-pagination-bullet-active { background: #fea50e; }#pcp_wrapper-3313 .pcp-button-prev,#pcp_wrapper-3313 .pcp-button-next{ background-image: none; background-size: auto; background-color: #fff; height: 33px; width: 33px; margin-top: 8px; border: 1px solid #898339; text-align: center; line-height: 30px; -webkit-transition: 0.3s; border-radius: 3px; }#pcp_wrapper-3313 .pcp-button-prev:hover, #pcp_wrapper-3313 .pcp-button-next:hover{ background-color: #fea50e; border-color: #ac162c; } #pcp_wrapper-3313 .pcp-button-prev .fa, #pcp_wrapper-3313 .pcp-button-next .fa { color: #000000; } #pcp_wrapper-3313 .pcp-button-prev:hover .fa, #pcp_wrapper-3313 .pcp-button-next:hover .fa { color: #fff; } #pcp_wrapper-3313.pcp-carousel-wrapper .sp-pcp-post{ margin-top: 0; }#pcp_wrapper-3313 .sp-pcp-post {padding: 0 0 0 0;}#pcp_wrapper-3313.sp-slider_layout .sp-pcp-post .sp-pcp-post-details {top: 0; right:0; bottom:0; left:0;}#pcp_wrapper-3313 .sp-pcp-post {border: 0px solid #e2e2e2; border-radius: 0px }#pcp_wrapper-3313 .sp-pcp-post{background-color: transparent;}#pcp_wrapper-3313 .pcp-post-thumb-wrapper{border: 0px solid #dddddd;border-radius:0px;}.pcp-wrapper-3313 .sp-pcp-post-meta li,.pcp-wrapper-3313 .sp-pcp-post-meta ul,.pcp-wrapper-3313 .sp-pcp-post-meta li a{color: #888;}.pcp-wrapper-3313 .sp-pcp-post-meta li a:hover{color: #e1624b;}#pcp_wrapper-3313 .pcp-post-pagination .page-numbers.current, #pcp_wrapper-3313 .pcp-post-pagination a.active , #pcp_wrapper-3313 .pcp-post-pagination a:hover{ color: #ffffff; background: #e1624b; border-color: #e1624b; }#pcp_wrapper-3313 .pcp-post-pagination .page-numbers, .pcp-post-pagination a{ background: #ffffff; color:#5e5e5e; border: 2px solid #bbbbbb;border-radius: 2px; }#pcp_wrapper-3313 .pcp-post-pagination{text-align: left;}@media (min-width: 1200px) {.sp-pcp-row .sp-pcp-col-xl-1 {flex: 0 0 100%;}.sp-pcp-row .sp-pcp-col-xl-2 {flex: 1 1 calc( 50% - 20px);}.sp-pcp-row .sp-pcp-col-xl-3 {flex: 1 1 calc( 33.333% - 20px);}.sp-pcp-row .sp-pcp-col-xl-4 {flex: 1 1 calc( 25% - 20px);}.sp-pcp-row .sp-pcp-col-xl-5 { flex: 1 1 calc( 20% - 20px);}.sp-pcp-row .sp-pcp-col-xl-6 {flex: 1 1 calc( 16.66666666666667% - 20px);}.sp-pcp-row .sp-pcp-col-xl-7 {flex: 1 1 calc( 14.28571428% - 20px);}.sp-pcp-row .sp-pcp-col-xl-8 {flex: 1 1 calc( 12.5% - 20px);}}@media (max-width: 1200px) {.sp-pcp-row .sp-pcp-col-lg-1 {flex: 0 0 100%;}.sp-pcp-row .sp-pcp-col-lg-2 {flex: 1 1 calc( 50% - 20px);}.sp-pcp-row .sp-pcp-col-lg-3 {flex: 1 1 calc( 33.333% - 20px);}.sp-pcp-row .sp-pcp-col-lg-4 {flex: 1 1 calc( 25% - 20px);}.sp-pcp-row .sp-pcp-col-lg-5 { flex: 1 1 calc( 20% - 20px);}.sp-pcp-row .sp-pcp-col-lg-6 {flex: 1 1 calc( 16.66666666666667% - 20px);}.sp-pcp-row .sp-pcp-col-lg-7 {flex: 1 1 calc( 14.28571428% - 20px);}.sp-pcp-row .sp-pcp-col-lg-8 {flex: 1 1 calc( 12.5% - 20px);}}@media (max-width: 992px) {.sp-pcp-row .sp-pcp-col-md-1 {flex: 0 0 100%;}.sp-pcp-row .sp-pcp-col-md-2 {flex: 1 1 calc( 50% - 20px);}.sp-pcp-row .sp-pcp-col-md-2-5 {flex: 0 0 75%;}.sp-pcp-row .sp-pcp-col-md-3 {flex: 1 1 calc( 33.333% - 20px);}.sp-pcp-row .sp-pcp-col-md-4 {flex: 1 1 calc( 25% - 20px);}.sp-pcp-row .sp-pcp-col-md-5 { flex: 1 1 calc( 20% - 20px);}.sp-pcp-row .sp-pcp-col-md-6 {flex: 1 1 calc( 16.66666666666667% - 20px);}.sp-pcp-row .sp-pcp-col-md-7 {flex: 1 1 calc( 14.28571428% - 20px);}.sp-pcp-row .sp-pcp-col-md-8 {flex: 1 1 calc( 12.5% - 20px);}}@media (max-width: 768px) {.sp-pcp-row .sp-pcp-col-sm-1 {flex: 0 0 100%;}.sp-pcp-row .sp-pcp-col-sm-2 {flex: 1 1 calc( 50% - 20px);}.sp-pcp-row .sp-pcp-col-sm-2-5 {flex: 0 0 75%;}.sp-pcp-row .sp-pcp-col-sm-3 {flex: 1 1 calc( 33.333% - 20px);}.sp-pcp-row .sp-pcp-col-sm-4 {flex: 1 1 calc( 25% - 20px);}.sp-pcp-row .sp-pcp-col-sm-5 { flex: 1 1 calc( 20% - 20px);}.sp-pcp-row .sp-pcp-col-sm-6 {flex: 1 1 calc( 16.66666666666667% - 20px);}.sp-pcp-row .sp-pcp-col-sm-7 {flex: 1 1 calc( 14.28571428% - 20px);}.sp-pcp-row .sp-pcp-col-sm-8 {flex: 1 1 calc( 12.5% - 20px);}}@media (max-width: 420px) {.sp-pcp-row .sp-pcp-col-xs-1 {flex: 0 0 100%;}.sp-pcp-row .sp-pcp-col-xs-2 {flex: 1 1 calc( 50% - 20px);}.sp-pcp-row .sp-pcp-col-xs-3 {flex: 1 1 calc( 33.333% - 20px);}.sp-pcp-row .sp-pcp-col-xs-4 {flex: 1 1 calc( 25% - 20px);}.sp-pcp-row .sp-pcp-col-xs-5 { flex: 1 1 calc( 20% - 20px);}.sp-pcp-row .sp-pcp-col-xs-6 {flex: 1 1 calc( 16.66666666666667% - 20px);}.sp-pcp-row .sp-pcp-col-xs-7 {flex: 1 1 calc( 14.28571428% - 20px);}.sp-pcp-row .sp-pcp-col-xs-8 {flex: 1 1 calc( 12.5% - 20px);}}<\/style><!-- Markup Starts -->\n<div id=\"pcp_wrapper-3313\" class=\"sp-pcp-section sp-pcp-container pcp-wrapper-3313 pcp-carousel-wrapper standard sp-carousel_layout\" data-sid=\"3313\">\n\t<div id=\"sp-pcp-id-3313\" class=\"swiper-container sp-pcp-carousel top_right\" dir=\"ltr\" data-carousel='{ \"speed\":600, \"items\":3, \"spaceBetween\":20, \"dynamicBullets\": false, \"navigation\":true, \"pagination\": true, \"autoplay\": true, \"autoplay_speed\": 2000, \"loop\": true, \"autoHeight\": false, \"lazy\":  true, \"simulateTouch\": true, \"freeMode\": false, \"slider_mouse_wheel\": false,\"allowTouchMove\": true, \"slidesPerView\": {\"lg_desktop\": 3, \"desktop\": 3, \"tablet\": 2, \"mobile_landscape\": 1, \"mobile\": 1}, \"navigation_mobile\": true, \"pagination_mobile\": true, \"stop_onHover\": true, \"enabled\": true, \"prevSlideMessage\": \"Previous slide\", \"nextSlideMessage\": \"Next slide\", \"firstSlideMessage\": \"This is the first slide\", \"lastSlideMessage\": \"This is the last slide\", \"keyboard\": \"true\", \"paginationBulletMessage\": \"Go to slide {{index}}\" }'>\n\t\t\t<div class=\"swiper-wrapper\">\n\t\t\t\t\t\t<div class=\" swiper-slide swiper-lazy\">\n\t\t\t<div class=\"sp-pcp-post default pcp-item-38752\" data-id=\"38752\">\n\t\t\t\t\t\t\t\t<div class=\"pcp-post-thumb-wrapper\">\n\t\t\t\t\t<div class=\"sp-pcp-post-thumb-area\">\n\t\t\t\t\t\t\t\t\t\t\t\t<a class=\"sp-pcp-thumb\" href=\"https:\/\/agencia.unq.edu.ar\/?p=38752\" target=\"_self\" >\n\t\t\t\t\t\t\t\t\t\t\t\t\t<img loading=\"lazy\" decoding=\"async\" src=\"https:\/\/agencia.unq.edu.ar\/wp-content\/uploads\/2026\/08\/Vacuna-melanoma.jpg\" width=\"1040\" height=\"420\" alt=\"Cr\u00e9ditos: Shutterstock\">\n\t\t\t\t\t\t<\/a>\n\t\t\t\t\t<\/div>\n\t\t\t\t<\/div>\n\t\t\t\t\t\t\t\t<div class=\"sp-pcp-post-details\">\n\t\t\t\t\t<div class=\"sp-pcp-post-details-content\">\n\t\t\t\t\t\t\t\t<h4 class=\"sp-pcp-title\">\n\t\t\t\t\t\t\t\t\t<a href=\"https:\/\/agencia.unq.edu.ar\/?p=38752\"  target=\"_self\">C\u00e1ncer de piel agresivo: \u00bfqu\u00e9 se sabe hasta ahora de la vacuna para combatirlo?<\/a>\t\t\t\t\t\t\t<\/h4>\n\t\t\t\t\t\t\t\t\t<\/div>\n\t\t\t\t<\/div>\n\t\t\t<\/div>\n\t\t<\/div>\n\t\t\t\t<div class=\" swiper-slide swiper-lazy\">\n\t\t\t<div class=\"sp-pcp-post default pcp-item-38721\" data-id=\"38721\">\n\t\t\t\t\t\t\t\t<div class=\"pcp-post-thumb-wrapper\">\n\t\t\t\t\t<div class=\"sp-pcp-post-thumb-area\">\n\t\t\t\t\t\t\t\t\t\t\t\t<a class=\"sp-pcp-thumb\" href=\"https:\/\/agencia.unq.edu.ar\/?p=38721\" target=\"_self\" >\n\t\t\t\t\t\t\t\t\t\t\t\t\t<img loading=\"lazy\" decoding=\"async\" src=\"https:\/\/agencia.unq.edu.ar\/wp-content\/uploads\/2026\/08\/Mitocondrias-principal.jpg\" width=\"1040\" height=\"420\" alt=\"Las mitocondrias son estructuras que se encuentran en el interior de las c\u00e9lulas y se encargan de proveerlas de energ\u00eda (imagen: Mundo entrenamiento).\">\n\t\t\t\t\t\t<\/a>\n\t\t\t\t\t<\/div>\n\t\t\t\t<\/div>\n\t\t\t\t\t\t\t\t<div class=\"sp-pcp-post-details\">\n\t\t\t\t\t<div class=\"sp-pcp-post-details-content\">\n\t\t\t\t\t\t\t\t<h4 class=\"sp-pcp-title\">\n\t\t\t\t\t\t\t\t\t<a href=\"https:\/\/agencia.unq.edu.ar\/?p=38721\"  target=\"_self\">Trasplante de mitocondrias: el arte (o la ciencia) de llevar energ\u00eda a c\u00e9lulas que la precisan<\/a>\t\t\t\t\t\t\t<\/h4>\n\t\t\t\t\t\t\t\t\t<\/div>\n\t\t\t\t<\/div>\n\t\t\t<\/div>\n\t\t<\/div>\n\t\t\t\t<div class=\" swiper-slide swiper-lazy\">\n\t\t\t<div class=\"sp-pcp-post default pcp-item-38598\" data-id=\"38598\">\n\t\t\t\t\t\t\t\t<div class=\"pcp-post-thumb-wrapper\">\n\t\t\t\t\t<div class=\"sp-pcp-post-thumb-area\">\n\t\t\t\t\t\t\t\t\t\t\t\t<a class=\"sp-pcp-thumb\" href=\"https:\/\/agencia.unq.edu.ar\/?p=38598\" target=\"_self\" >\n\t\t\t\t\t\t\t\t\t\t\t\t\t<img loading=\"lazy\" decoding=\"async\" src=\"https:\/\/agencia.unq.edu.ar\/wp-content\/uploads\/2026\/08\/Castelfranchi-Revuelta-Frias.jpg\" width=\"1040\" height=\"420\" alt=\"Yurij Castelfranchi, Gema Revuelta y Gabriela Fr\u00edas Villegas\">\n\t\t\t\t\t\t<\/a>\n\t\t\t\t\t<\/div>\n\t\t\t\t<\/div>\n\t\t\t\t\t\t\t\t<div class=\"sp-pcp-post-details\">\n\t\t\t\t\t<div class=\"sp-pcp-post-details-content\">\n\t\t\t\t\t\t\t\t<h4 class=\"sp-pcp-title\">\n\t\t\t\t\t\t\t\t\t<a href=\"https:\/\/agencia.unq.edu.ar\/?p=38598\"  target=\"_self\">\u201cLa IA no depende de c\u00f3mo la usamos sino de c\u00f3mo la construimos\u201d<\/a>\t\t\t\t\t\t\t<\/h4>\n\t\t\t\t\t\t\t\t\t<\/div>\n\t\t\t\t<\/div>\n\t\t\t<\/div>\n\t\t<\/div>\n\t\t\t\t<div class=\" swiper-slide swiper-lazy\">\n\t\t\t<div class=\"sp-pcp-post default pcp-item-38541\" data-id=\"38541\">\n\t\t\t\t\t\t\t\t<div class=\"pcp-post-thumb-wrapper\">\n\t\t\t\t\t<div class=\"sp-pcp-post-thumb-area\">\n\t\t\t\t\t\t\t\t\t\t\t\t<a class=\"sp-pcp-thumb\" href=\"https:\/\/agencia.unq.edu.ar\/?p=38541\" target=\"_self\" >\n\t\t\t\t\t\t\t\t\t\t\t\t\t<img loading=\"lazy\" decoding=\"async\" src=\"https:\/\/agencia.unq.edu.ar\/wp-content\/uploads\/2026\/08\/Supercentenarios-Principal.jpg\" width=\"1040\" height=\"420\" alt=\"Uno de los secretos del envejecimiento extremo podr\u00eda encontrarse en el sistema inmune (imagen: Business insider)\">\n\t\t\t\t\t\t<\/a>\n\t\t\t\t\t<\/div>\n\t\t\t\t<\/div>\n\t\t\t\t\t\t\t\t<div class=\"sp-pcp-post-details\">\n\t\t\t\t\t<div class=\"sp-pcp-post-details-content\">\n\t\t\t\t\t\t\t\t<h4 class=\"sp-pcp-title\">\n\t\t\t\t\t\t\t\t\t<a href=\"https:\/\/agencia.unq.edu.ar\/?p=38541\"  target=\"_self\">Guerreras contra el reloj: descubren que algunas c\u00e9lulas inmunitarias est\u00e1n implicadas en la longevidad extrema<\/a>\t\t\t\t\t\t\t<\/h4>\n\t\t\t\t\t\t\t\t\t<\/div>\n\t\t\t\t<\/div>\n\t\t\t<\/div>\n\t\t<\/div>\n\t\t\t\t<div class=\" swiper-slide swiper-lazy\">\n\t\t\t<div class=\"sp-pcp-post default pcp-item-38533\" data-id=\"38533\">\n\t\t\t\t\t\t\t\t<div class=\"pcp-post-thumb-wrapper\">\n\t\t\t\t\t<div class=\"sp-pcp-post-thumb-area\">\n\t\t\t\t\t\t\t\t\t\t\t\t<a class=\"sp-pcp-thumb\" href=\"https:\/\/agencia.unq.edu.ar\/?p=38533\" target=\"_self\" >\n\t\t\t\t\t\t\t\t\t\t\t\t\t<img loading=\"lazy\" decoding=\"async\" src=\"https:\/\/agencia.unq.edu.ar\/wp-content\/uploads\/2026\/08\/lucernarios-san-rafael.jpg\" width=\"1040\" height=\"420\" alt=\"Los lucernarios de San Rafael permiten iluminar el altar con luz natural\">\n\t\t\t\t\t\t<\/a>\n\t\t\t\t\t<\/div>\n\t\t\t\t<\/div>\n\t\t\t\t\t\t\t\t<div class=\"sp-pcp-post-details\">\n\t\t\t\t\t<div class=\"sp-pcp-post-details-content\">\n\t\t\t\t\t\t\t\t<h4 class=\"sp-pcp-title\">\n\t\t\t\t\t\t\t\t\t<a href=\"https:\/\/agencia.unq.edu.ar\/?p=38533\"  target=\"_self\">\u00bfMarketing divino? El secreto astron\u00f3mico de los jesuitas para hacer visible a Dios a trav\u00e9s de la luz<\/a>\t\t\t\t\t\t\t<\/h4>\n\t\t\t\t\t\t\t\t\t<\/div>\n\t\t\t\t<\/div>\n\t\t\t<\/div>\n\t\t<\/div>\n\t\t\t\t<div class=\" swiper-slide swiper-lazy\">\n\t\t\t<div class=\"sp-pcp-post default pcp-item-21014\" data-id=\"21014\">\n\t\t\t\t\t\t\t\t<div class=\"pcp-post-thumb-wrapper\">\n\t\t\t\t\t<div class=\"sp-pcp-post-thumb-area\">\n\t\t\t\t\t\t\t\t\t\t\t\t<a class=\"sp-pcp-thumb\" href=\"https:\/\/agencia.unq.edu.ar\/?p=21014\" target=\"_self\" >\n\t\t\t\t\t\t\t\t\t\t\t\t\t<img loading=\"lazy\" decoding=\"async\" src=\"https:\/\/agencia.unq.edu.ar\/wp-content\/uploads\/2024\/07\/Cruce-de-los-Andes-historiando.jpg\" width=\"1040\" height=\"420\" alt=\"Cruce de los Andes\">\n\t\t\t\t\t\t<\/a>\n\t\t\t\t\t<\/div>\n\t\t\t\t<\/div>\n\t\t\t\t\t\t\t\t<div class=\"sp-pcp-post-details\">\n\t\t\t\t\t<div class=\"sp-pcp-post-details-content\">\n\t\t\t\t\t\t\t\t<h4 class=\"sp-pcp-title\">\n\t\t\t\t\t\t\t\t\t<a href=\"https:\/\/agencia.unq.edu.ar\/?p=21014\"  target=\"_self\">El cruce de Los Andes: \u00bfC\u00f3mo cuidaba San Martin la salud de sus soldados?<\/a>\t\t\t\t\t\t\t<\/h4>\n\t\t\t\t\t\t\t\t\t<\/div>\n\t\t\t\t<\/div>\n\t\t\t<\/div>\n\t\t<\/div>\n\t\t\t\t<div class=\" swiper-slide swiper-lazy\">\n\t\t\t<div class=\"sp-pcp-post default pcp-item-38454\" data-id=\"38454\">\n\t\t\t\t\t\t\t\t<div class=\"pcp-post-thumb-wrapper\">\n\t\t\t\t\t<div class=\"sp-pcp-post-thumb-area\">\n\t\t\t\t\t\t\t\t\t\t\t\t<a class=\"sp-pcp-thumb\" href=\"https:\/\/agencia.unq.edu.ar\/?p=38454\" target=\"_self\" >\n\t\t\t\t\t\t\t\t\t\t\t\t\t<img loading=\"lazy\" decoding=\"async\" src=\"https:\/\/agencia.unq.edu.ar\/wp-content\/uploads\/2026\/08\/Margaret-Ann-Bulkley.jpg\" width=\"1040\" height=\"420\" alt=\"Pintura del militar brit\u00e1nico Dr. James Barry, nacido como Margaret Ann Bulkley. Cr\u00e9ditos: BBC.\">\n\t\t\t\t\t\t<\/a>\n\t\t\t\t\t<\/div>\n\t\t\t\t<\/div>\n\t\t\t\t\t\t\t\t<div class=\"sp-pcp-post-details\">\n\t\t\t\t\t<div class=\"sp-pcp-post-details-content\">\n\t\t\t\t\t\t\t\t<h4 class=\"sp-pcp-title\">\n\t\t\t\t\t\t\t\t\t<a href=\"https:\/\/agencia.unq.edu.ar\/?p=38454\"  target=\"_self\">Qui\u00e9n era Margaret Bulkley, la cirujana que vivi\u00f3 como var\u00f3n para ejercer la medicina<\/a>\t\t\t\t\t\t\t<\/h4>\n\t\t\t\t\t\t\t\t\t<\/div>\n\t\t\t\t<\/div>\n\t\t\t<\/div>\n\t\t<\/div>\n\t\t\t\t<div class=\" swiper-slide swiper-lazy\">\n\t\t\t<div class=\"sp-pcp-post default pcp-item-38422\" data-id=\"38422\">\n\t\t\t\t\t\t\t\t<div class=\"pcp-post-thumb-wrapper\">\n\t\t\t\t\t<div class=\"sp-pcp-post-thumb-area\">\n\t\t\t\t\t\t\t\t\t\t\t\t<a class=\"sp-pcp-thumb\" href=\"https:\/\/agencia.unq.edu.ar\/?p=38422\" target=\"_self\" >\n\t\t\t\t\t\t\t\t\t\t\t\t\t<img loading=\"lazy\" decoding=\"async\" src=\"https:\/\/agencia.unq.edu.ar\/wp-content\/uploads\/2026\/08\/terremoto-Colombia.jpg\" width=\"1040\" height=\"420\" alt=\"Consecuencias del terremoto en Colombia. Cr\u00e9ditos: Getty Images.\">\n\t\t\t\t\t\t<\/a>\n\t\t\t\t\t<\/div>\n\t\t\t\t<\/div>\n\t\t\t\t\t\t\t\t<div class=\"sp-pcp-post-details\">\n\t\t\t\t\t<div class=\"sp-pcp-post-details-content\">\n\t\t\t\t\t\t\t\t<h4 class=\"sp-pcp-title\">\n\t\t\t\t\t\t\t\t\t<a href=\"https:\/\/agencia.unq.edu.ar\/?p=38422\"  target=\"_self\">\u00bfPor qu\u00e9 Am\u00e9rica del Sur sufri\u00f3 dos terremotos grandes en menos de 50 d\u00edas?<\/a>\t\t\t\t\t\t\t<\/h4>\n\t\t\t\t\t\t\t\t\t<\/div>\n\t\t\t\t<\/div>\n\t\t\t<\/div>\n\t\t<\/div>\n\t\t\t\t<div class=\" swiper-slide swiper-lazy\">\n\t\t\t<div class=\"sp-pcp-post default pcp-item-38414\" data-id=\"38414\">\n\t\t\t\t\t\t\t\t<div class=\"pcp-post-thumb-wrapper\">\n\t\t\t\t\t<div class=\"sp-pcp-post-thumb-area\">\n\t\t\t\t\t\t\t\t\t\t\t\t<a class=\"sp-pcp-thumb\" href=\"https:\/\/agencia.unq.edu.ar\/?p=38414\" target=\"_self\" >\n\t\t\t\t\t\t\t\t\t\t\t\t\t<img loading=\"lazy\" decoding=\"async\" src=\"https:\/\/agencia.unq.edu.ar\/wp-content\/uploads\/2026\/08\/sabiduria-colectiva.jpg\" width=\"1040\" height=\"420\" alt=\"Estimar los fragmentos de un problema complejo y combinar experiencias en grupo es mejor que abordarlo en su conjunto y en soledad (imagen: Psychology Today)\">\n\t\t\t\t\t\t<\/a>\n\t\t\t\t\t<\/div>\n\t\t\t\t<\/div>\n\t\t\t\t\t\t\t\t<div class=\"sp-pcp-post-details\">\n\t\t\t\t\t<div class=\"sp-pcp-post-details-content\">\n\t\t\t\t\t\t\t\t<h4 class=\"sp-pcp-title\">\n\t\t\t\t\t\t\t\t\t<a href=\"https:\/\/agencia.unq.edu.ar\/?p=38414\"  target=\"_self\">Sabidur\u00eda colectiva: un estudio muestra la eficiencia y el funcionamiento de las decisiones grupales<\/a>\t\t\t\t\t\t\t<\/h4>\n\t\t\t\t\t\t\t\t\t<\/div>\n\t\t\t\t<\/div>\n\t\t\t<\/div>\n\t\t<\/div>\n\t\t\t\t<div class=\" swiper-slide swiper-lazy\">\n\t\t\t<div class=\"sp-pcp-post default pcp-item-38369\" data-id=\"38369\">\n\t\t\t\t\t\t\t\t<div class=\"pcp-post-thumb-wrapper\">\n\t\t\t\t\t<div class=\"sp-pcp-post-thumb-area\">\n\t\t\t\t\t\t\t\t\t\t\t\t<a class=\"sp-pcp-thumb\" href=\"https:\/\/agencia.unq.edu.ar\/?p=38369\" target=\"_self\" >\n\t\t\t\t\t\t\t\t\t\t\t\t\t<img loading=\"lazy\" decoding=\"async\" src=\"https:\/\/agencia.unq.edu.ar\/wp-content\/uploads\/2026\/08\/Chrestia-Bouzat-UNS-Conicet-Cannabidiol.jpg\" width=\"1040\" height=\"420\" alt=\"Facundo Chrestia y Cecilia Bouzat. Cr\u00e9ditos: Universidad Nacional del Sur.\">\n\t\t\t\t\t\t<\/a>\n\t\t\t\t\t<\/div>\n\t\t\t\t<\/div>\n\t\t\t\t\t\t\t\t<div class=\"sp-pcp-post-details\">\n\t\t\t\t\t<div class=\"sp-pcp-post-details-content\">\n\t\t\t\t\t\t\t\t<h4 class=\"sp-pcp-title\">\n\t\t\t\t\t\t\t\t\t<a href=\"https:\/\/agencia.unq.edu.ar\/?p=38369\"  target=\"_self\">Uno de los 400 despedidos del Conicet realiz\u00f3 un hallazgo que podr\u00eda transformar el tratamiento de las enfermedades neurol\u00f3gicas<\/a>\t\t\t\t\t\t\t<\/h4>\n\t\t\t\t\t\t\t\t\t<\/div>\n\t\t\t\t<\/div>\n\t\t\t<\/div>\n\t\t<\/div>\n\t\t\t\t<div class=\" swiper-slide swiper-lazy\">\n\t\t\t<div class=\"sp-pcp-post default pcp-item-38282\" data-id=\"38282\">\n\t\t\t\t\t\t\t\t<div class=\"pcp-post-thumb-wrapper\">\n\t\t\t\t\t<div class=\"sp-pcp-post-thumb-area\">\n\t\t\t\t\t\t\t\t\t\t\t\t<a class=\"sp-pcp-thumb\" href=\"https:\/\/agencia.unq.edu.ar\/?p=38282\" target=\"_self\" >\n\t\t\t\t\t\t\t\t\t\t\t\t\t<img loading=\"lazy\" decoding=\"async\" src=\"https:\/\/agencia.unq.edu.ar\/wp-content\/uploads\/2026\/08\/Sci-Hub-Principal.jpg\" width=\"1040\" height=\"420\" alt=\"En la actualidad, Sci-Hub funciona gracias a sitios alternativos (imagen: elconfidencial.com)\">\n\t\t\t\t\t\t<\/a>\n\t\t\t\t\t<\/div>\n\t\t\t\t<\/div>\n\t\t\t\t\t\t\t\t<div class=\"sp-pcp-post-details\">\n\t\t\t\t\t<div class=\"sp-pcp-post-details-content\">\n\t\t\t\t\t\t\t\t<h4 class=\"sp-pcp-title\">\n\t\t\t\t\t\t\t\t\t<a href=\"https:\/\/agencia.unq.edu.ar\/?p=38282\"  target=\"_self\">La historia de Sci-Hub: la biblioteca pirata que desaf\u00eda a las grandes editoriales cient\u00edficas<\/a>\t\t\t\t\t\t\t<\/h4>\n\t\t\t\t\t\t\t\t\t<\/div>\n\t\t\t\t<\/div>\n\t\t\t<\/div>\n\t\t<\/div>\n\t\t\t\t<div class=\" swiper-slide swiper-lazy\">\n\t\t\t<div class=\"sp-pcp-post default pcp-item-38201\" data-id=\"38201\">\n\t\t\t\t\t\t\t\t<div class=\"pcp-post-thumb-wrapper\">\n\t\t\t\t\t<div class=\"sp-pcp-post-thumb-area\">\n\t\t\t\t\t\t\t\t\t\t\t\t<a class=\"sp-pcp-thumb\" href=\"https:\/\/agencia.unq.edu.ar\/?p=38201\" target=\"_self\" >\n\t\t\t\t\t\t\t\t\t\t\t\t\t<img loading=\"lazy\" decoding=\"async\" src=\"https:\/\/agencia.unq.edu.ar\/wp-content\/uploads\/2026\/07\/La-Vanguardia.jpg\" width=\"1040\" height=\"420\" alt=\"Las dudas sobre el v\u00ednculo y la sensaci\u00f3n de falta de apoyo pueden modificar el tono de una conversaci\u00f3n cotidiana, incluso cuando el tema parece inofensivo. Cr\u00e9ditos: La Vanguardia.\">\n\t\t\t\t\t\t<\/a>\n\t\t\t\t\t<\/div>\n\t\t\t\t<\/div>\n\t\t\t\t\t\t\t\t<div class=\"sp-pcp-post-details\">\n\t\t\t\t\t<div class=\"sp-pcp-post-details-content\">\n\t\t\t\t\t\t\t\t<h4 class=\"sp-pcp-title\">\n\t\t\t\t\t\t\t\t\t<a href=\"https:\/\/agencia.unq.edu.ar\/?p=38201\"  target=\"_self\">De organizar las vacaciones a discutir por todo: qu\u00e9 descubri\u00f3 la ciencia sobre las parejas<\/a>\t\t\t\t\t\t\t<\/h4>\n\t\t\t\t\t\t\t\t\t<\/div>\n\t\t\t\t<\/div>\n\t\t\t<\/div>\n\t\t<\/div>\n\t\t\t\t<div class=\" swiper-slide swiper-lazy\">\n\t\t\t<div class=\"sp-pcp-post default pcp-item-38172\" data-id=\"38172\">\n\t\t\t\t\t\t\t\t<div class=\"pcp-post-thumb-wrapper\">\n\t\t\t\t\t<div class=\"sp-pcp-post-thumb-area\">\n\t\t\t\t\t\t\t\t\t\t\t\t<a class=\"sp-pcp-thumb\" href=\"https:\/\/agencia.unq.edu.ar\/?p=38172\" target=\"_self\" >\n\t\t\t\t\t\t\t\t\t\t\t\t\t<img loading=\"lazy\" decoding=\"async\" src=\"https:\/\/agencia.unq.edu.ar\/wp-content\/uploads\/2026\/08\/Andrea-Perez-opinion.jpg\" width=\"504\" height=\"204\" alt=\"Andrea P\u00e9rez. Cr\u00e9ditos: UNPSJB Sede Esquel\">\n\t\t\t\t\t\t<\/a>\n\t\t\t\t\t<\/div>\n\t\t\t\t<\/div>\n\t\t\t\t\t\t\t\t<div class=\"sp-pcp-post-details\">\n\t\t\t\t\t<div class=\"sp-pcp-post-details-content\">\n\t\t\t\t\t\t\t\t<h4 class=\"sp-pcp-title\">\n\t\t\t\t\t\t\t\t\t<a href=\"https:\/\/agencia.unq.edu.ar\/?p=38172\"  target=\"_self\">Carta abierta al maestro Ricardo Baquero<\/a>\t\t\t\t\t\t\t<\/h4>\n\t\t\t\t\t\t\t\t\t<\/div>\n\t\t\t\t<\/div>\n\t\t\t<\/div>\n\t\t<\/div>\n\t\t\t\t<div class=\" swiper-slide swiper-lazy\">\n\t\t\t<div class=\"sp-pcp-post default pcp-item-38123\" data-id=\"38123\">\n\t\t\t\t\t\t\t\t<div class=\"pcp-post-thumb-wrapper\">\n\t\t\t\t\t<div class=\"sp-pcp-post-thumb-area\">\n\t\t\t\t\t\t\t\t\t\t\t\t<a class=\"sp-pcp-thumb\" href=\"https:\/\/agencia.unq.edu.ar\/?p=38123\" target=\"_self\" >\n\t\t\t\t\t\t\t\t\t\t\t\t\t<img loading=\"lazy\" decoding=\"async\" src=\"https:\/\/agencia.unq.edu.ar\/wp-content\/uploads\/2026\/07\/unplash.jpg\" width=\"1040\" height=\"420\" alt=\"Leer por placer desde la infancia se asocia con mejores capacidades cognitivas y mayor bienestar mental, seg\u00fan un estudio realizado con m\u00e1s de 10.000 participantes. Cr\u00e9ditos: Unplash\">\n\t\t\t\t\t\t<\/a>\n\t\t\t\t\t<\/div>\n\t\t\t\t<\/div>\n\t\t\t\t\t\t\t\t<div class=\"sp-pcp-post-details\">\n\t\t\t\t\t<div class=\"sp-pcp-post-details-content\">\n\t\t\t\t\t\t\t\t<h4 class=\"sp-pcp-title\">\n\t\t\t\t\t\t\t\t\t<a href=\"https:\/\/agencia.unq.edu.ar\/?p=38123\"  target=\"_self\">El plan m\u00e1s barato de las vacaciones tambi\u00e9n puede ser uno de los mejores para el cerebro<\/a>\t\t\t\t\t\t\t<\/h4>\n\t\t\t\t\t\t\t\t\t<\/div>\n\t\t\t\t<\/div>\n\t\t\t<\/div>\n\t\t<\/div>\n\t\t\t\t<div class=\" swiper-slide swiper-lazy\">\n\t\t\t<div class=\"sp-pcp-post default pcp-item-38146\" data-id=\"38146\">\n\t\t\t\t\t\t\t\t<div class=\"pcp-post-thumb-wrapper\">\n\t\t\t\t\t<div class=\"sp-pcp-post-thumb-area\">\n\t\t\t\t\t\t\t\t\t\t\t\t<a class=\"sp-pcp-thumb\" href=\"https:\/\/agencia.unq.edu.ar\/?p=38146\" target=\"_self\" >\n\t\t\t\t\t\t\t\t\t\t\t\t\t<img loading=\"lazy\" decoding=\"async\" src=\"https:\/\/agencia.unq.edu.ar\/wp-content\/uploads\/2026\/07\/Opera-Sidney-Australia.jpg\" width=\"1040\" height=\"420\" alt=\"Algunos lugares que figuran en el mapa son Algunos ejemplos son la \u00d3pera de S\u00eddney en Australia, los tramos costeros de la Gran Muralla China, los moai de Rapa Nui y gran parte de San Petersburgo en Rusia. Cr\u00e9ditos: Expedia.\">\n\t\t\t\t\t\t<\/a>\n\t\t\t\t\t<\/div>\n\t\t\t\t<\/div>\n\t\t\t\t\t\t\t\t<div class=\"sp-pcp-post-details\">\n\t\t\t\t\t<div class=\"sp-pcp-post-details-content\">\n\t\t\t\t\t\t\t\t<h4 class=\"sp-pcp-title\">\n\t\t\t\t\t\t\t\t\t<a href=\"https:\/\/agencia.unq.edu.ar\/?p=38146\"  target=\"_self\">Lanzan el primer mapa de sitios del Patrimonio de la Humanidad en riesgo por el cambio clim\u00e1tico<\/a>\t\t\t\t\t\t\t<\/h4>\n\t\t\t\t\t\t\t\t\t<\/div>\n\t\t\t\t<\/div>\n\t\t\t<\/div>\n\t\t<\/div>\n\t\t\t\t<div class=\" swiper-slide swiper-lazy\">\n\t\t\t<div class=\"sp-pcp-post default pcp-item-38067\" data-id=\"38067\">\n\t\t\t\t\t\t\t\t<div class=\"pcp-post-thumb-wrapper\">\n\t\t\t\t\t<div class=\"sp-pcp-post-thumb-area\">\n\t\t\t\t\t\t\t\t\t\t\t\t<a class=\"sp-pcp-thumb\" href=\"https:\/\/agencia.unq.edu.ar\/?p=38067\" target=\"_self\" >\n\t\t\t\t\t\t\t\t\t\t\t\t\t<img loading=\"lazy\" decoding=\"async\" src=\"https:\/\/agencia.unq.edu.ar\/wp-content\/uploads\/2026\/07\/fifa.jpg\" width=\"1040\" height=\"420\" alt=\"Entre la decepci\u00f3n y la viralizaci\u00f3n, los sesgos cognitivos hacen que los rumores parezcan cre\u00edbles tras un evento deportivo de alto impacto. Cr\u00e9dito: FIFA.\">\n\t\t\t\t\t\t<\/a>\n\t\t\t\t\t<\/div>\n\t\t\t\t<\/div>\n\t\t\t\t\t\t\t\t<div class=\"sp-pcp-post-details\">\n\t\t\t\t\t<div class=\"sp-pcp-post-details-content\">\n\t\t\t\t\t\t\t\t<h4 class=\"sp-pcp-title\">\n\t\t\t\t\t\t\t\t\t<a href=\"https:\/\/agencia.unq.edu.ar\/?p=38067\"  target=\"_self\">La FIFA, el VAR y la pelota con control remoto: as\u00ed nace una conspiraci\u00f3n despu\u00e9s de una final del Mundial<\/a>\t\t\t\t\t\t\t<\/h4>\n\t\t\t\t\t\t\t\t\t<\/div>\n\t\t\t\t<\/div>\n\t\t\t<\/div>\n\t\t<\/div>\n\t\t\t\t\t<\/div>\n\t\t\t\t\t\t<div class=\"pcp-pagination swiper-pagination dots\"><\/div>\n\t\t\t\t\t\t\t\t\t\t<div class=\"pcp-button-next swiper-button-next top_right\"><i class=\"fa fa-angle-right\"><\/i><\/div>\n\t\t\t\t<div class=\"pcp-button-prev swiper-button-prev top_right\"><i class=\"fa fa-angle-left\"><\/i><\/div>\t<\/div>\n<\/div>\n\n\n\n\n<hr class=\"wp-block-separator has-text-color has-css-opacity has-background is-style-wide\" style=\"background-color:#fea50e;color:#fea50e\"\/>\n\n\n\n<p class=\"has-vivid-green-cyan-color has-text-color wp-block-paragraph\"><\/p>\n","protected":false},"excerpt":{"rendered":"<p>El aporte, encabezado por investigadoras del Conicet y del Hospital El Cruce, surge de una investigaci\u00f3n con pacientes publicada en la revista Neuroscience of Consciousness.<\/p>\n","protected":false},"author":9,"featured_media":20474,"comment_status":"open","ping_status":"closed","sticky":false,"template":"","format":"standard","meta":{"_uag_custom_page_level_css":"","_monsterinsights_skip_tracking":false,"site-sidebar-layout":"default","site-content-layout":"","ast-site-content-layout":"default","site-content-style":"default","site-sidebar-style":"default","ast-global-header-display":"","ast-banner-title-visibility":"","ast-main-header-display":"","ast-hfb-above-header-display":"","ast-hfb-below-header-display":"","ast-hfb-mobile-header-display":"","site-post-title":"","ast-breadcrumbs-content":"","ast-featured-img":"","footer-sml-layout":"","ast-disable-related-posts":"","theme-transparent-header-meta":"","adv-header-id-meta":"","stick-header-meta":"","header-above-stick-meta":"","header-main-stick-meta":"","header-below-stick-meta":"","astra-migrate-meta-layouts":"default","ast-page-background-enabled":"default","ast-page-background-meta":{"desktop":{"background-color":"var(--ast-global-color-4)","background-image":"","background-repeat":"repeat","background-position":"center center","background-size":"auto","background-attachment":"scroll","background-type":"","background-media":"","overlay-type":"","overlay-color":"","overlay-opacity":"","overlay-gradient":""},"tablet":{"background-color":"","background-image":"","background-repeat":"repeat","background-position":"center center","background-size":"auto","background-attachment":"scroll","background-type":"","background-media":"","overlay-type":"","overlay-color":"","overlay-opacity":"","overlay-gradient":""},"mobile":{"background-color":"","background-image":"","background-repeat":"repeat","background-position":"center center","background-size":"auto","background-attachment":"scroll","background-type":"","background-media":"","overlay-type":"","overlay-color":"","overlay-opacity":"","overlay-gradient":""}},"ast-content-background-meta":{"desktop":{"background-color":"var(--ast-global-color-5)","background-image":"","background-repeat":"repeat","background-position":"center center","background-size":"auto","background-attachment":"scroll","background-type":"","background-media":"","overlay-type":"","overlay-color":"","overlay-opacity":"","overlay-gradient":""},"tablet":{"background-color":"var(--ast-global-color-5)","background-image":"","background-repeat":"repeat","background-position":"center center","background-size":"auto","background-attachment":"scroll","background-type":"","background-media":"","overlay-type":"","overlay-color":"","overlay-opacity":"","overlay-gradient":""},"mobile":{"background-color":"var(--ast-global-color-5)","background-image":"","background-repeat":"repeat","background-position":"center center","background-size":"auto","background-attachment":"scroll","background-type":"","background-media":"","overlay-type":"","overlay-color":"","overlay-opacity":"","overlay-gradient":""}},"footnotes":""},"categories":[8,16],"tags":[606,891],"class_list":["post-20473","post","type-post","status-publish","format-standard","has-post-thumbnail","hentry","category-ciencias","category-noticia-destacada","tag-epilepsia","tag-magdalena-biota"],"aioseo_notices":[],"aioseo_head":"\n\t\t<!-- All in One SEO 5.0.0.1 - aioseo.com -->\n\t<meta name=\"description\" content=\"Tras la derrota argentina ante Espa\u00f1a, la ciencia explica c\u00f3mo los sesgos, el fanatismo y la viralizaci\u00f3n digital vuelven cre\u00edbles rumores sin evidencias concretas.\" \/>\n\t<meta name=\"robots\" content=\"max-image-preview:large\" \/>\n\t<meta name=\"author\" content=\"Mar\u00eda Ximena Perez\"\/>\n\t<link rel=\"canonical\" href=\"https:\/\/agencia.unq.edu.ar\/?p=38067\" \/>\n\t<meta name=\"generator\" content=\"All in One SEO (AIOSEO) 5.0.0.1\" \/>\n\t\t<meta property=\"og:locale\" content=\"es_ES\" \/>\n\t\t<meta property=\"og:site_name\" content=\"Agencia de Noticias Cient\u00edficas de la UNQ\" \/>\n\t\t<meta property=\"og:type\" content=\"article\" \/>\n\t\t<meta property=\"og:title\" content=\"La FIFA, el VAR y la pelota con control remoto: as\u00ed nace una conspiraci\u00f3n despu\u00e9s de una final del Mundial - Agencia de Noticias Cient\u00edficas de la UNQ\" \/>\n\t\t<meta property=\"og:description\" content=\"Tras la derrota argentina ante Espa\u00f1a, la ciencia explica c\u00f3mo los sesgos, el fanatismo y la viralizaci\u00f3n digital vuelven cre\u00edbles rumores sin evidencias concretas.\" \/>\n\t\t<meta property=\"og:url\" content=\"https:\/\/agencia.unq.edu.ar\/?p=38067\" \/>\n\t\t<meta property=\"og:image\" content=\"https:\/\/agencia.unq.edu.ar\/wp-content\/uploads\/2026\/07\/fifa.jpg\" \/>\n\t\t<meta property=\"og:image:secure_url\" content=\"https:\/\/agencia.unq.edu.ar\/wp-content\/uploads\/2026\/07\/fifa.jpg\" \/>\n\t\t<meta property=\"og:image:width\" content=\"1040\" \/>\n\t\t<meta property=\"og:image:height\" content=\"420\" \/>\n\t\t<meta property=\"article:published_time\" content=\"2026-07-24T11:43:06+00:00\" \/>\n\t\t<meta property=\"article:modified_time\" content=\"2026-07-31T14:01:35+00:00\" \/>\n\t\t<meta name=\"twitter:card\" content=\"summary_large_image\" \/>\n\t\t<meta name=\"twitter:site\" content=\"@Agencia__UNQ\" \/>\n\t\t<meta name=\"twitter:title\" content=\"La FIFA, el VAR y la pelota con control remoto: as\u00ed nace una conspiraci\u00f3n despu\u00e9s de una final del Mundial - Agencia de Noticias Cient\u00edficas de la UNQ\" \/>\n\t\t<meta name=\"twitter:description\" content=\"Tras la derrota argentina ante Espa\u00f1a, la ciencia explica c\u00f3mo los sesgos, el fanatismo y la viralizaci\u00f3n digital vuelven cre\u00edbles rumores sin evidencias concretas.\" \/>\n\t\t<meta name=\"twitter:image\" content=\"https:\/\/agencia.unq.edu.ar\/wp-content\/uploads\/2026\/07\/fifa.jpg\" \/>\n\t\t<script type=\"application\/ld+json\" class=\"aioseo-schema\">\n\t\t\t{\"@context\":\"https:\\\/\\\/schema.org\",\"@graph\":[{\"@type\":\"BlogPosting\",\"@id\":\"https:\\\/\\\/agencia.unq.edu.ar\\\/?p=38067#blogposting\",\"name\":\"La FIFA, el VAR y la pelota con control remoto: as\\u00ed nace una conspiraci\\u00f3n despu\\u00e9s de una final del Mundial - Agencia de Noticias Cient\\u00edficas de la UNQ\",\"headline\":\"La FIFA, el VAR y la pelota con control remoto: as\\u00ed nace una conspiraci\\u00f3n despu\\u00e9s de una final del Mundial\",\"author\":{\"@id\":\"https:\\\/\\\/agencia.unq.edu.ar\\\/?author=7#author\"},\"publisher\":{\"@id\":\"https:\\\/\\\/agencia.unq.edu.ar\\\/#organization\"},\"image\":{\"@type\":\"ImageObject\",\"url\":\"https:\\\/\\\/agencia.unq.edu.ar\\\/wp-content\\\/uploads\\\/2026\\\/07\\\/fifa.jpg\",\"width\":1040,\"height\":420,\"caption\":\"Entre la decepci\\u00f3n y la viralizaci\\u00f3n, los sesgos cognitivos hacen que los rumores parezcan cre\\u00edbles tras un evento deportivo de alto impacto. Cr\\u00e9dito: FIFA.\"},\"datePublished\":\"2026-07-24T08:43:06-03:00\",\"dateModified\":\"2026-07-31T11:01:35-03:00\",\"inLanguage\":\"es-AR\",\"mainEntityOfPage\":{\"@id\":\"https:\\\/\\\/agencia.unq.edu.ar\\\/?p=38067#webpage\"},\"isPartOf\":{\"@id\":\"https:\\\/\\\/agencia.unq.edu.ar\\\/?p=38067#webpage\"},\"articleSection\":\"Ciencias, Noticia destacada, Mundial 2026\"},{\"@type\":\"BreadcrumbList\",\"@id\":\"https:\\\/\\\/agencia.unq.edu.ar\\\/?p=38067#breadcrumblist\",\"itemListElement\":[{\"@type\":\"ListItem\",\"@id\":\"https:\\\/\\\/agencia.unq.edu.ar#listItem\",\"position\":1,\"name\":\"Home\",\"item\":\"https:\\\/\\\/agencia.unq.edu.ar\",\"nextItem\":{\"@type\":\"ListItem\",\"@id\":\"https:\\\/\\\/agencia.unq.edu.ar\\\/?cat=8#listItem\",\"name\":\"Ciencias\"}},{\"@type\":\"ListItem\",\"@id\":\"https:\\\/\\\/agencia.unq.edu.ar\\\/?cat=8#listItem\",\"position\":2,\"name\":\"Ciencias\",\"item\":\"https:\\\/\\\/agencia.unq.edu.ar\\\/?cat=8\",\"nextItem\":{\"@type\":\"ListItem\",\"@id\":\"https:\\\/\\\/agencia.unq.edu.ar\\\/?p=20473#listItem\",\"name\":\"Epilepsia: un estudio revela c\\u00f3mo la p\\u00e9rdida de conciencia afecta la calidad de vida\"},\"previousItem\":{\"@type\":\"ListItem\",\"@id\":\"https:\\\/\\\/agencia.unq.edu.ar#listItem\",\"name\":\"Home\"}},{\"@type\":\"ListItem\",\"@id\":\"https:\\\/\\\/agencia.unq.edu.ar\\\/?p=20473#listItem\",\"position\":3,\"name\":\"Epilepsia: un estudio revela c\\u00f3mo la p\\u00e9rdida de conciencia afecta la calidad de vida\",\"previousItem\":{\"@type\":\"ListItem\",\"@id\":\"https:\\\/\\\/agencia.unq.edu.ar\\\/?cat=8#listItem\",\"name\":\"Ciencias\"}}]},{\"@type\":\"Organization\",\"@id\":\"https:\\\/\\\/agencia.unq.edu.ar\\\/#organization\",\"name\":\"Agencia de noticias cient\\u00edficas\",\"description\":\"Contamos la ciencia en tiempo real\",\"url\":\"https:\\\/\\\/agencia.unq.edu.ar\\\/\",\"logo\":{\"@type\":\"ImageObject\",\"url\":\"https:\\\/\\\/agencia.unq.edu.ar\\\/wp-content\\\/uploads\\\/2025\\\/01\\\/logo-agencia-bn-sin-fondo.png\",\"@id\":\"https:\\\/\\\/agencia.unq.edu.ar\\\/?p=38067\\\/#organizationLogo\",\"width\":904,\"height\":222,\"caption\":\"Logo Agencia de Noticias Cient\\u00edficas de la UNQ\"},\"image\":{\"@id\":\"https:\\\/\\\/agencia.unq.edu.ar\\\/?p=38067\\\/#organizationLogo\"},\"sameAs\":[\"https:\\\/\\\/www.instagram.com\\\/agencia_noticias_unq\\\/\"]},{\"@type\":\"Person\",\"@id\":\"https:\\\/\\\/agencia.unq.edu.ar\\\/?author=7#author\",\"url\":\"https:\\\/\\\/agencia.unq.edu.ar\\\/?author=7\",\"name\":\"Mar\\u00eda Ximena Perez\",\"image\":{\"@type\":\"ImageObject\",\"@id\":\"https:\\\/\\\/agencia.unq.edu.ar\\\/?p=38067#authorImage\",\"url\":\"https:\\\/\\\/secure.gravatar.com\\\/avatar\\\/3d2d90fdb1ac8bae4489d5bcf861ab60bf01d9881e8b626f669a3d44a219a7c7?s=96&d=mm&r=g\",\"width\":96,\"height\":96,\"caption\":\"Mar\\u00eda Ximena Perez\"}},{\"@type\":\"WebPage\",\"@id\":\"https:\\\/\\\/agencia.unq.edu.ar\\\/?p=38067#webpage\",\"url\":\"https:\\\/\\\/agencia.unq.edu.ar\\\/?p=38067\",\"name\":\"La FIFA, el VAR y la pelota con control remoto: as\\u00ed nace una conspiraci\\u00f3n despu\\u00e9s de una final del Mundial - Agencia de Noticias Cient\\u00edficas de la UNQ\",\"description\":\"Tras la derrota argentina ante Espa\\u00f1a, la ciencia explica c\\u00f3mo los sesgos, el fanatismo y la viralizaci\\u00f3n digital vuelven cre\\u00edbles rumores sin evidencias concretas.\",\"inLanguage\":\"es-AR\",\"isPartOf\":{\"@id\":\"https:\\\/\\\/agencia.unq.edu.ar\\\/#website\"},\"breadcrumb\":{\"@id\":\"https:\\\/\\\/agencia.unq.edu.ar\\\/?p=38067#breadcrumblist\"},\"author\":{\"@id\":\"https:\\\/\\\/agencia.unq.edu.ar\\\/?author=7#author\"},\"creator\":{\"@id\":\"https:\\\/\\\/agencia.unq.edu.ar\\\/?author=7#author\"},\"image\":{\"@type\":\"ImageObject\",\"url\":\"https:\\\/\\\/agencia.unq.edu.ar\\\/wp-content\\\/uploads\\\/2026\\\/07\\\/fifa.jpg\",\"@id\":\"https:\\\/\\\/agencia.unq.edu.ar\\\/?p=38067\\\/#mainImage\",\"width\":1040,\"height\":420,\"caption\":\"Entre la decepci\\u00f3n y la viralizaci\\u00f3n, los sesgos cognitivos hacen que los rumores parezcan cre\\u00edbles tras un evento deportivo de alto impacto. Cr\\u00e9dito: FIFA.\"},\"primaryImageOfPage\":{\"@id\":\"https:\\\/\\\/agencia.unq.edu.ar\\\/?p=38067#mainImage\"},\"datePublished\":\"2026-07-24T08:43:06-03:00\",\"dateModified\":\"2026-07-31T11:01:35-03:00\"},{\"@type\":\"WebSite\",\"@id\":\"https:\\\/\\\/agencia.unq.edu.ar\\\/#website\",\"url\":\"https:\\\/\\\/agencia.unq.edu.ar\\\/\",\"name\":\"Agencia de noticias cient\\u00edficas\",\"description\":\"Contamos la ciencia en tiempo real\",\"inLanguage\":\"es-AR\",\"publisher\":{\"@id\":\"https:\\\/\\\/agencia.unq.edu.ar\\\/#organization\"}}]}\n\t\t<\/script>\n\t\t<!-- All in One SEO -->\n\n","aioseo_head_json":{"title":"La FIFA, el VAR y la pelota con control remoto: as\u00ed nace una conspiraci\u00f3n despu\u00e9s de una final del Mundial - Agencia de Noticias Cient\u00edficas de la UNQ","description":"Tras la derrota argentina ante Espa\u00f1a, la ciencia explica c\u00f3mo los sesgos, el fanatismo y la viralizaci\u00f3n digital vuelven cre\u00edbles rumores sin evidencias concretas.","canonical_url":"https:\/\/agencia.unq.edu.ar\/?p=38067","robots":"max-image-preview:large","keywords":"","webmasterTools":{"miscellaneous":""},"schema":{"@context":"https:\/\/schema.org","@graph":[{"@type":"BlogPosting","@id":"https:\/\/agencia.unq.edu.ar\/?p=38067#blogposting","name":"La FIFA, el VAR y la pelota con control remoto: as\u00ed nace una conspiraci\u00f3n despu\u00e9s de una final del Mundial - Agencia de Noticias Cient\u00edficas de la UNQ","headline":"La FIFA, el VAR y la pelota con control remoto: as\u00ed nace una conspiraci\u00f3n despu\u00e9s de una final del Mundial","author":{"@id":"https:\/\/agencia.unq.edu.ar\/?author=7#author"},"publisher":{"@id":"https:\/\/agencia.unq.edu.ar\/#organization"},"image":{"@type":"ImageObject","url":"https:\/\/agencia.unq.edu.ar\/wp-content\/uploads\/2026\/07\/fifa.jpg","width":1040,"height":420,"caption":"Entre la decepci\u00f3n y la viralizaci\u00f3n, los sesgos cognitivos hacen que los rumores parezcan cre\u00edbles tras un evento deportivo de alto impacto. Cr\u00e9dito: FIFA."},"datePublished":"2026-07-24T08:43:06-03:00","dateModified":"2026-07-31T11:01:35-03:00","inLanguage":"es-AR","mainEntityOfPage":{"@id":"https:\/\/agencia.unq.edu.ar\/?p=38067#webpage"},"isPartOf":{"@id":"https:\/\/agencia.unq.edu.ar\/?p=38067#webpage"},"articleSection":"Ciencias, Noticia destacada, Mundial 2026"},{"@type":"BreadcrumbList","@id":"https:\/\/agencia.unq.edu.ar\/?p=38067#breadcrumblist","itemListElement":[{"@type":"ListItem","@id":"https:\/\/agencia.unq.edu.ar#listItem","position":1,"name":"Home","item":"https:\/\/agencia.unq.edu.ar","nextItem":{"@type":"ListItem","@id":"https:\/\/agencia.unq.edu.ar\/?cat=8#listItem","name":"Ciencias"}},{"@type":"ListItem","@id":"https:\/\/agencia.unq.edu.ar\/?cat=8#listItem","position":2,"name":"Ciencias","item":"https:\/\/agencia.unq.edu.ar\/?cat=8","nextItem":{"@type":"ListItem","@id":"https:\/\/agencia.unq.edu.ar\/?p=20473#listItem","name":"Epilepsia: un estudio revela c\u00f3mo la p\u00e9rdida de conciencia afecta la calidad de vida"},"previousItem":{"@type":"ListItem","@id":"https:\/\/agencia.unq.edu.ar#listItem","name":"Home"}},{"@type":"ListItem","@id":"https:\/\/agencia.unq.edu.ar\/?p=20473#listItem","position":3,"name":"Epilepsia: un estudio revela c\u00f3mo la p\u00e9rdida de conciencia afecta la calidad de vida","previousItem":{"@type":"ListItem","@id":"https:\/\/agencia.unq.edu.ar\/?cat=8#listItem","name":"Ciencias"}}]},{"@type":"Organization","@id":"https:\/\/agencia.unq.edu.ar\/#organization","name":"Agencia de noticias cient\u00edficas","description":"Contamos la ciencia en tiempo real","url":"https:\/\/agencia.unq.edu.ar\/","logo":{"@type":"ImageObject","url":"https:\/\/agencia.unq.edu.ar\/wp-content\/uploads\/2025\/01\/logo-agencia-bn-sin-fondo.png","@id":"https:\/\/agencia.unq.edu.ar\/?p=38067\/#organizationLogo","width":904,"height":222,"caption":"Logo Agencia de Noticias Cient\u00edficas de la UNQ"},"image":{"@id":"https:\/\/agencia.unq.edu.ar\/?p=38067\/#organizationLogo"},"sameAs":["https:\/\/www.instagram.com\/agencia_noticias_unq\/"]},{"@type":"Person","@id":"https:\/\/agencia.unq.edu.ar\/?author=7#author","url":"https:\/\/agencia.unq.edu.ar\/?author=7","name":"Mar\u00eda Ximena Perez","image":{"@type":"ImageObject","@id":"https:\/\/agencia.unq.edu.ar\/?p=38067#authorImage","url":"https:\/\/secure.gravatar.com\/avatar\/3d2d90fdb1ac8bae4489d5bcf861ab60bf01d9881e8b626f669a3d44a219a7c7?s=96&d=mm&r=g","width":96,"height":96,"caption":"Mar\u00eda Ximena Perez"}},{"@type":"WebPage","@id":"https:\/\/agencia.unq.edu.ar\/?p=38067#webpage","url":"https:\/\/agencia.unq.edu.ar\/?p=38067","name":"La FIFA, el VAR y la pelota con control remoto: as\u00ed nace una conspiraci\u00f3n despu\u00e9s de una final del Mundial - Agencia de Noticias Cient\u00edficas de la UNQ","description":"Tras la derrota argentina ante Espa\u00f1a, la ciencia explica c\u00f3mo los sesgos, el fanatismo y la viralizaci\u00f3n digital vuelven cre\u00edbles rumores sin evidencias concretas.","inLanguage":"es-AR","isPartOf":{"@id":"https:\/\/agencia.unq.edu.ar\/#website"},"breadcrumb":{"@id":"https:\/\/agencia.unq.edu.ar\/?p=38067#breadcrumblist"},"author":{"@id":"https:\/\/agencia.unq.edu.ar\/?author=7#author"},"creator":{"@id":"https:\/\/agencia.unq.edu.ar\/?author=7#author"},"image":{"@type":"ImageObject","url":"https:\/\/agencia.unq.edu.ar\/wp-content\/uploads\/2026\/07\/fifa.jpg","@id":"https:\/\/agencia.unq.edu.ar\/?p=38067\/#mainImage","width":1040,"height":420,"caption":"Entre la decepci\u00f3n y la viralizaci\u00f3n, los sesgos cognitivos hacen que los rumores parezcan cre\u00edbles tras un evento deportivo de alto impacto. Cr\u00e9dito: FIFA."},"primaryImageOfPage":{"@id":"https:\/\/agencia.unq.edu.ar\/?p=38067#mainImage"},"datePublished":"2026-07-24T08:43:06-03:00","dateModified":"2026-07-31T11:01:35-03:00"},{"@type":"WebSite","@id":"https:\/\/agencia.unq.edu.ar\/#website","url":"https:\/\/agencia.unq.edu.ar\/","name":"Agencia de noticias cient\u00edficas","description":"Contamos la ciencia en tiempo real","inLanguage":"es-AR","publisher":{"@id":"https:\/\/agencia.unq.edu.ar\/#organization"}}]},"og:locale":"es_ES","og:site_name":"Agencia de Noticias Cient\u00edficas de la UNQ","og:type":"article","og:title":"La FIFA, el VAR y la pelota con control remoto: as\u00ed nace una conspiraci\u00f3n despu\u00e9s de una final del Mundial - Agencia de Noticias Cient\u00edficas de la UNQ","og:description":"Tras la derrota argentina ante Espa\u00f1a, la ciencia explica c\u00f3mo los sesgos, el fanatismo y la viralizaci\u00f3n digital vuelven cre\u00edbles rumores sin evidencias concretas.","og:url":"https:\/\/agencia.unq.edu.ar\/?p=38067","og:image":"https:\/\/agencia.unq.edu.ar\/wp-content\/uploads\/2026\/07\/fifa.jpg","og:image:secure_url":"https:\/\/agencia.unq.edu.ar\/wp-content\/uploads\/2026\/07\/fifa.jpg","og:image:width":1040,"og:image:height":420,"article:published_time":"2026-07-24T11:43:06+00:00","article:modified_time":"2026-07-31T14:01:35+00:00","twitter:card":"summary_large_image","twitter:site":"@Agencia__UNQ","twitter:title":"La FIFA, el VAR y la pelota con control remoto: as\u00ed nace una conspiraci\u00f3n despu\u00e9s de una final del Mundial - Agencia de Noticias Cient\u00edficas de la UNQ","twitter:description":"Tras la derrota argentina ante Espa\u00f1a, la ciencia explica c\u00f3mo los sesgos, el fanatismo y la viralizaci\u00f3n digital vuelven cre\u00edbles rumores sin evidencias concretas.","twitter:image":"https:\/\/agencia.unq.edu.ar\/wp-content\/uploads\/2026\/07\/fifa.jpg"},"aioseo_meta_data":{"post_id":"20473","title":null,"description":null,"keywords":null,"keyphrases":{"focus":{"keyphrase":"","score":0,"analysis":{"keyphraseInTitle":{"score":0,"maxScore":9,"error":1}}},"additional":[]},"primary_term":null,"canonical_url":null,"og_title":null,"og_description":null,"og_object_type":"default","og_image_type":"default","og_image_url":null,"og_image_width":null,"og_image_height":null,"og_image_custom_url":null,"og_image_custom_fields":null,"og_video":"","og_custom_url":null,"og_article_section":null,"og_article_tags":null,"twitter_use_og":true,"twitter_card":"default","twitter_image_type":"default","twitter_image_url":null,"twitter_image_custom_url":null,"twitter_image_custom_fields":null,"twitter_title":null,"twitter_description":null,"schema":{"blockGraphs":[],"customGraphs":[],"default":{"data":{"Article":[],"Course":[],"Dataset":[],"FAQPage":[],"Movie":[],"Person":[],"Product":[],"ProductReview":[],"Car":[],"Recipe":[],"Service":[],"SoftwareApplication":[],"WebPage":[]},"graphName":"BlogPosting","isEnabled":true},"graphs":[]},"schema_type":"default","schema_type_options":null,"pillar_content":false,"robots_default":true,"robots_noindex":false,"robots_noarchive":false,"robots_nosnippet":false,"robots_nofollow":false,"robots_noimageindex":false,"robots_noodp":false,"robots_notranslate":false,"robots_max_snippet":"-1","robots_max_videopreview":"-1","robots_max_imagepreview":"large","priority":null,"frequency":"default","local_seo":null,"breadcrumb_settings":null,"limit_modified_date":false,"ai":null,"created":"2024-06-10 18:55:50","updated":"2025-07-16 23:27:02","seo_analyzer_scan_date":null,"focus_keyword":null,"additional_keywords":null,"truseo_locale":null},"aioseo_breadcrumb":"<div class=\"aioseo-breadcrumbs\"><span class=\"aioseo-breadcrumb\">\n\t\t\t<a href=\"https:\/\/agencia.unq.edu.ar\" title=\"Home\">Home<\/a>\n\t\t<\/span><span class=\"aioseo-breadcrumb-separator\">&raquo;<\/span><span class=\"aioseo-breadcrumb\">\n\t\t\t<a href=\"https:\/\/agencia.unq.edu.ar\/?cat=8\" title=\"Ciencias\">Ciencias<\/a>\n\t\t<\/span><span class=\"aioseo-breadcrumb-separator\">&raquo;<\/span><span class=\"aioseo-breadcrumb\">\n\t\t\tEpilepsia: un estudio revela c\u00f3mo la p\u00e9rdida de conciencia afecta la calidad de vida\n\t\t<\/span><\/div>","aioseo_breadcrumb_json":[{"label":"Home","link":"https:\/\/agencia.unq.edu.ar"},{"label":"Ciencias","link":"https:\/\/agencia.unq.edu.ar\/?cat=8"},{"label":"Epilepsia: un estudio revela c\u00f3mo la p\u00e9rdida de conciencia afecta la calidad de vida","link":"https:\/\/agencia.unq.edu.ar\/?p=20473"}],"uagb_featured_image_src":{"full":["https:\/\/agencia.unq.edu.ar\/wp-content\/uploads\/2024\/06\/Creditos-Hospital-Universitari-Vall-dHebron.jpg",1040,420,false],"thumbnail":["https:\/\/agencia.unq.edu.ar\/wp-content\/uploads\/2024\/06\/Creditos-Hospital-Universitari-Vall-dHebron.jpg",150,61,false],"medium":["https:\/\/agencia.unq.edu.ar\/wp-content\/uploads\/2024\/06\/Creditos-Hospital-Universitari-Vall-dHebron.jpg",960,388,false],"medium_large":["https:\/\/agencia.unq.edu.ar\/wp-content\/uploads\/2024\/06\/Creditos-Hospital-Universitari-Vall-dHebron.jpg",768,310,false],"large":["https:\/\/agencia.unq.edu.ar\/wp-content\/uploads\/2024\/06\/Creditos-Hospital-Universitari-Vall-dHebron.jpg",1040,420,false],"1536x1536":["https:\/\/agencia.unq.edu.ar\/wp-content\/uploads\/2024\/06\/Creditos-Hospital-Universitari-Vall-dHebron.jpg",1040,420,false],"2048x2048":["https:\/\/agencia.unq.edu.ar\/wp-content\/uploads\/2024\/06\/Creditos-Hospital-Universitari-Vall-dHebron.jpg",1040,420,false],"smart-post-landscape":["https:\/\/agencia.unq.edu.ar\/wp-content\/uploads\/2024\/06\/Creditos-Hospital-Universitari-Vall-dHebron.jpg",870,351,false],"smart-post-portrait":["https:\/\/agencia.unq.edu.ar\/wp-content\/uploads\/2024\/06\/Creditos-Hospital-Universitari-Vall-dHebron.jpg",600,242,false]},"uagb_author_info":{"display_name":"Agencia de Noticias Cient\u00edficas UNQ","author_link":"https:\/\/agencia.unq.edu.ar\/?author=9"},"uagb_comment_info":0,"uagb_excerpt":"El aporte, encabezado por investigadoras del Conicet y del Hospital El Cruce, surge de una investigaci\u00f3n con pacientes publicada en la revista Neuroscience of Consciousness.","blog_post_layout_featured_media_urls":{"thumbnail":["https:\/\/agencia.unq.edu.ar\/wp-content\/uploads\/2024\/06\/Creditos-Hospital-Universitari-Vall-dHebron.jpg",150,61,false],"full":["https:\/\/agencia.unq.edu.ar\/wp-content\/uploads\/2024\/06\/Creditos-Hospital-Universitari-Vall-dHebron.jpg",1040,420,false]},"categories_names":{"8":{"name":"Ciencias","link":"https:\/\/agencia.unq.edu.ar\/?cat=8"},"16":{"name":"Noticia destacada","link":"https:\/\/agencia.unq.edu.ar\/?cat=16"}},"tags_names":{"606":{"name":"Epilepsia","link":"https:\/\/agencia.unq.edu.ar\/?tag=epilepsia"},"891":{"name":"Magdalena Biota","link":"https:\/\/agencia.unq.edu.ar\/?tag=magdalena-biota"}},"comments_number":"0","_links":{"self":[{"href":"https:\/\/agencia.unq.edu.ar\/index.php?rest_route=\/wp\/v2\/posts\/20473","targetHints":{"allow":["GET"]}}],"collection":[{"href":"https:\/\/agencia.unq.edu.ar\/index.php?rest_route=\/wp\/v2\/posts"}],"about":[{"href":"https:\/\/agencia.unq.edu.ar\/index.php?rest_route=\/wp\/v2\/types\/post"}],"author":[{"embeddable":true,"href":"https:\/\/agencia.unq.edu.ar\/index.php?rest_route=\/wp\/v2\/users\/9"}],"replies":[{"embeddable":true,"href":"https:\/\/agencia.unq.edu.ar\/index.php?rest_route=%2Fwp%2Fv2%2Fcomments&post=20473"}],"version-history":[{"count":3,"href":"https:\/\/agencia.unq.edu.ar\/index.php?rest_route=\/wp\/v2\/posts\/20473\/revisions"}],"predecessor-version":[{"id":20493,"href":"https:\/\/agencia.unq.edu.ar\/index.php?rest_route=\/wp\/v2\/posts\/20473\/revisions\/20493"}],"wp:featuredmedia":[{"embeddable":true,"href":"https:\/\/agencia.unq.edu.ar\/index.php?rest_route=\/wp\/v2\/media\/20474"}],"wp:attachment":[{"href":"https:\/\/agencia.unq.edu.ar\/index.php?rest_route=%2Fwp%2Fv2%2Fmedia&parent=20473"}],"wp:term":[{"taxonomy":"category","embeddable":true,"href":"https:\/\/agencia.unq.edu.ar\/index.php?rest_route=%2Fwp%2Fv2%2Fcategories&post=20473"},{"taxonomy":"post_tag","embeddable":true,"href":"https:\/\/agencia.unq.edu.ar\/index.php?rest_route=%2Fwp%2Fv2%2Ftags&post=20473"}],"curies":[{"name":"wp","href":"https:\/\/api.w.org\/{rel}","templated":true}]}}