{"id":20669,"date":"2024-06-19T17:24:58","date_gmt":"2024-06-19T20:24:58","guid":{"rendered":"https:\/\/agencia.unq.edu.ar\/?p=20669"},"modified":"2024-06-19T17:24:59","modified_gmt":"2024-06-19T20:24:59","slug":"gran-hermano-sin-furia-por-que-la-violencia-predomina-en-la-casa-mas-famosa","status":"publish","type":"post","link":"https:\/\/agencia.unq.edu.ar\/?p=20669","title":{"rendered":"Gran Hermano sin Furia: \u00bfpor qu\u00e9 la violencia predomina en la casa m\u00e1s famosa?"},"content":{"rendered":"\n<p class=\"has-medium-font-size wp-block-paragraph\">La jugadora m\u00e1s destacada del certamen qued\u00f3 eliminada. Su agresividad la enalteci\u00f3 y luego la desterr\u00f3 del certamen.<\/p>\n\n\n\n<figure class=\"wp-block-image aligncenter size-full\"><img loading=\"lazy\" decoding=\"async\" width=\"1040\" height=\"520\" src=\"https:\/\/agencia.unq.edu.ar\/wp-content\/uploads\/2024\/06\/1Furia-Scaglione-Gran-Hermano.jpg\" alt=\"Juliana &quot;Furia&quot; Scaglione llega al piso de Telef\u00e9. Cr\u00e9ditos: Telef\u00e9.\" class=\"wp-image-20691\"\/><figcaption class=\"wp-element-caption\">Juliana &#8220;Furia&#8221; Scaglione llega al piso de Telef\u00e9. Cr\u00e9ditos: Telef\u00e9.<\/figcaption><\/figure>\n\n\n\n<p class=\"wp-block-paragraph\">Tras ganarle a varios participantes y ser el centro de cr\u00edticas por sus actos de violencia, Juliana &#8220;Furia&#8221; Scaglione, la jugadora m\u00e1s destacada de esta edici\u00f3n de Gran Hermano, qued\u00f3 eliminada. Desde el primer d\u00eda se posicion\u00f3 como la persona m\u00e1s fr\u00eda, calculadora y estratega del certamen<strong> a partir de su car\u00e1cter, su vestimenta, su pelo pero, principalmente, por el nivel de violencia con el que jug\u00f3 contra el resto de sus compa\u00f1eros. <\/strong>Hasta ayer fue la favorita pero la audiencia le dio la espalda. <strong>\u00bfHasta qu\u00e9 punto se soporta la agresividad en la televisi\u00f3n argentina?<\/strong><\/p>\n\n\n\n<p class=\"wp-block-paragraph\">L<strong>a violencia f\u00edsica y verbal con la que se manej\u00f3 Scaglione durante su estad\u00eda fue lo que la enalteci\u00f3 y luego desterr\u00f3 de la casa m\u00e1s famosa.<\/strong> Para este medio, <strong><a href=\"https:\/\/agencia.unq.edu.ar\/?p=19714\" target=\"_blank\" rel=\"noopener\" title=\"\">Malena Torres<\/a><\/strong>, alumna de la Licenciatura en Comunicaci\u00f3n Social de la UNQ que investiga c\u00f3mo son las audiencias de este programa, explicaba: &#8220;La gente que mira los realitys busca identificarse. <strong>Furia tiene mucho \u00e9xito porque es un personaje que encarna la violencia que viven las personas d\u00eda a d\u00eda. <\/strong>Estamos rodeados de malas noticias, como la suba de precios de los alimentos, las fake news o el presidente que un d\u00eda insulta a uno y otro d\u00eda a otro. <strong>Todo eso genera violencia y la gente se expresa a trav\u00e9s de lo que ve<\/strong>\u201d.<\/p>\n\n\n\n<figure class=\"wp-block-embed is-type-video is-provider-youtube wp-block-embed-youtube wp-embed-aspect-16-9 wp-has-aspect-ratio\"><div class=\"wp-block-embed__wrapper\">\n<iframe loading=\"lazy\" title=\"Lleg\u00f3 el fin Juliana &quot;Furia&quot; Scaglione: la jugadora qued\u00f3 eliminada de Gran Hermano\" width=\"500\" height=\"281\" src=\"https:\/\/www.youtube.com\/embed\/PB2uU8cCSbo?feature=oembed\" frameborder=\"0\" allow=\"accelerometer; autoplay; clipboard-write; encrypted-media; gyroscope; picture-in-picture; web-share\" referrerpolicy=\"strict-origin-when-cross-origin\" allowfullscreen><\/iframe>\n<\/div><\/figure>\n\n\n\n<p class=\"wp-block-paragraph\"><strong>La escalada de agresiones que se vio durante estos meses al interior de la casa, se replic\u00f3 ayer en el exterior de los estudios de Telef\u00e9<\/strong>. Parte de la &#8220;furioneta&#8221; (como se llama el fandom a s\u00ed mismo) reaccion\u00f3 con gritos, piedrazos y protestas hacia el canal, algo que no deber\u00eda sorprender si se tiene en cuenta la manera de manejarse que tiene la persona que admiran. De hecho, la exparticipante Virginia Demo hab\u00eda afirmado previamente en Telef\u00e9 que la audiencia eleg\u00eda a Furia \u201cporque la sociedad est\u00e1 arruinada y por eso la siguen. La sociedad est\u00e1 rota, esto es un reflejo de la sociedad. Si gana es porque la sociedad est\u00e1 rota&#8221;.<\/p>\n\n\n\n<p class=\"wp-block-paragraph\">Ahora bien, si gran parte de la audiencia apoyaba las agresiones (sostenidas tambi\u00e9n por una producci\u00f3n que apenas pon\u00eda sanciones) durante todo este tiempo, eso se vio revertido con la eliminaci\u00f3n de la jugadora, que obtuvo m\u00e1s del sesenta por ciento de los votos negativos. <strong>Entonces, \u00bfcu\u00e1nto de cierto tiene lo que planteaba Demo? \u00bfLa sociedad est\u00e1 rota y lo refleja en un programa televisivo?<\/strong><\/p>\n\n\n\n<p class=\"wp-block-paragraph\"><strong>La televisi\u00f3n es solo una representaci\u00f3n: se decide qu\u00e9 mostrar y qu\u00e9 no seg\u00fan intereses e ideolog\u00edas<\/strong>; en otras palabras, es un recorte. Por m\u00e1s que las audiencias puedan ver las 24 horas del d\u00eda lo que hacen ciertos jugadores dentro de una casa, no dejan de existir decisiones editoriales de qui\u00e9nes son los que est\u00e1n all\u00ed adentro, hasta cu\u00e1ndo se sostienen y por qu\u00e9.<\/p>\n\n\n\n<figure class=\"wp-block-embed aligncenter is-type-rich is-provider-twitter wp-block-embed-twitter\"><div class=\"wp-block-embed__wrapper\">\n<blockquote class=\"twitter-tweet\" data-width=\"500\" data-dnt=\"true\"><p lang=\"es\" dir=\"ltr\">Gritos y peleas en Telefe: Furia qued\u00f3 eliminada de Gran Hermano y sus fan\u00e1ticos protestaron en la puerta del estudio \ud83d\udd34 <a href=\"https:\/\/t.co\/tlIPwLD5qO\">pic.twitter.com\/tlIPwLD5qO<\/a><\/p>&mdash; El Destape (@eldestapeweb) <a href=\"https:\/\/twitter.com\/eldestapeweb\/status\/1803401613857439768?ref_src=twsrc%5Etfw\">June 19, 2024<\/a><\/blockquote><script async src=\"https:\/\/platform.twitter.com\/widgets.js\" charset=\"utf-8\"><\/script>\n<\/div><\/figure>\n\n\n\n<p class=\"wp-block-paragraph\">No obstante, m\u00e1s all\u00e1 de si es un reflejo o una editorializaci\u00f3n de Telef\u00e9, <strong>el resultado de la \u00faltima gala de eliminaci\u00f3n da cuenta que parte de la audiencia cambi\u00f3 de opini\u00f3n y opt\u00f3 por un juego m\u00e1s sano o, al menos, no desea ver tan expuesta la violencia que lleva dentro.<\/strong> Los l\u00edmites de lo que se puede hacer\/decir y lo que no se corrieron hace tiempo y se sigue avanzando en esa direcci\u00f3n. Algo que se ve, por ejemplo, en los discursos de odio (y su consecuente accionar) del presidente, de la ministra de seguridad o mismo de la jugadora que acaba de ser eliminada.<\/p>\n\n\n\n<p class=\"wp-block-paragraph\">Lo que resta saber es qu\u00e9 rol tendr\u00e1 Furia ahora. Probablemente, desfile por los programas de televisi\u00f3n, streaming y en redes sociales, pero <strong>\u00bfcontinuar\u00e1 la violencia verbal y f\u00edsica en el piso de Telef\u00e9 o se le pondr\u00e1 un freno? \u00bfEl fandom continuar\u00e1 replicando esas agresiones? \u00bfPasar\u00e1 a la historia del certamen o terminar\u00e1 siendo una jugadora m\u00e1s?<\/strong><\/p>\n\n\n\n<div style=\"height:40px\" aria-hidden=\"true\" class=\"wp-block-spacer\"><\/div>\n\n\n\n<hr class=\"wp-block-separator has-text-color has-css-opacity has-background is-style-wide\" style=\"background-color:#fea50e;color:#fea50e\"\/>\n\n\n\n<h4 class=\"wp-block-heading\" id=\"publicaciones-relacionadas\">\u00daltimas noticias de la secci\u00f3n Sociedad:<\/h4>\n\n\n<style id=\"sp_pcp_dynamic_style7310\">#pcp_wrapper-7310:not(.sps-glossary-layout) .sp-pcp-row,#pcp_wrapper-7310 .sps-glossary-items-group .sps-glossary-items-content {margin-right: -10px;margin-left: -10px;}#pcp_wrapper-7310 .sp-pcp-row [class*='sp-pcp-col-']{padding-right: 10px;padding-left: 10px; padding-bottom:20px;}.pcp-wrapper-7310 .sp-pcp-title a {color: #ac162c;display: inherit;} .pcp-wrapper-7310 .sp-pcp-title a:hover {color: #fea50e;}#pcp_wrapper-7310 .dots .swiper-pagination-bullet{ background: #ac162c; } #pcp_wrapper-7310 .dots .swiper-pagination-bullet-active { background: #fea50e; }#pcp_wrapper-7310 .pcp-button-prev,#pcp_wrapper-7310 .pcp-button-next{ background-image: none; background-size: auto; background-color: #fff; height: 33px; width: 33px; margin-top: 8px; border: 1px solid #aaa; text-align: center; line-height: 30px; -webkit-transition: 0.3s; border-radius: 3px; }#pcp_wrapper-7310 .pcp-button-prev:hover, #pcp_wrapper-7310 .pcp-button-next:hover{ background-color: #fea50e; border-color: #ac162c; } #pcp_wrapper-7310 .pcp-button-prev .fa, #pcp_wrapper-7310 .pcp-button-next .fa { color: #000000; } #pcp_wrapper-7310 .pcp-button-prev:hover .fa, #pcp_wrapper-7310 .pcp-button-next:hover .fa { color: #fff; } #pcp_wrapper-7310.pcp-carousel-wrapper .sp-pcp-post{ margin-top: 0; }#pcp_wrapper-7310 .sp-pcp-post {padding: 0 0 0 0;}#pcp_wrapper-7310.sp-slider_layout .sp-pcp-post .sp-pcp-post-details {top: 0; right:0; bottom:0; left:0;}#pcp_wrapper-7310 .sp-pcp-post {border: 0px solid #e2e2e2; border-radius: 0px }#pcp_wrapper-7310 .sp-pcp-post{background-color: transparent;}#pcp_wrapper-7310 .pcp-post-thumb-wrapper{border: 0px solid #dddddd;border-radius:0px;}.pcp-wrapper-7310 .sp-pcp-post-meta li,.pcp-wrapper-7310 .sp-pcp-post-meta ul,.pcp-wrapper-7310 .sp-pcp-post-meta li a{color: #888;}.pcp-wrapper-7310 .sp-pcp-post-meta li a:hover{color: #e1624b;}#pcp_wrapper-7310 .pcp-post-pagination .page-numbers.current, #pcp_wrapper-7310 .pcp-post-pagination a.active , #pcp_wrapper-7310 .pcp-post-pagination a:hover{ color: #ffffff; background: #e1624b; border-color: #e1624b; }#pcp_wrapper-7310 .pcp-post-pagination .page-numbers, .pcp-post-pagination a{ background: #ffffff; color:#5e5e5e; border: 2px solid #bbbbbb;border-radius: 2px; }#pcp_wrapper-7310 .pcp-post-pagination{text-align: left;}@media (min-width: 1200px) {.sp-pcp-row .sp-pcp-col-xl-1 {flex: 0 0 100%;}.sp-pcp-row .sp-pcp-col-xl-2 {flex: 1 1 calc( 50% - 20px);}.sp-pcp-row .sp-pcp-col-xl-3 {flex: 1 1 calc( 33.333% - 20px);}.sp-pcp-row .sp-pcp-col-xl-4 {flex: 1 1 calc( 25% - 20px);}.sp-pcp-row .sp-pcp-col-xl-5 { flex: 1 1 calc( 20% - 20px);}.sp-pcp-row .sp-pcp-col-xl-6 {flex: 1 1 calc( 16.66666666666667% - 20px);}.sp-pcp-row .sp-pcp-col-xl-7 {flex: 1 1 calc( 14.28571428% - 20px);}.sp-pcp-row .sp-pcp-col-xl-8 {flex: 1 1 calc( 12.5% - 20px);}}@media (max-width: 1200px) {.sp-pcp-row .sp-pcp-col-lg-1 {flex: 0 0 100%;}.sp-pcp-row .sp-pcp-col-lg-2 {flex: 1 1 calc( 50% - 20px);}.sp-pcp-row .sp-pcp-col-lg-3 {flex: 1 1 calc( 33.333% - 20px);}.sp-pcp-row .sp-pcp-col-lg-4 {flex: 1 1 calc( 25% - 20px);}.sp-pcp-row .sp-pcp-col-lg-5 { flex: 1 1 calc( 20% - 20px);}.sp-pcp-row .sp-pcp-col-lg-6 {flex: 1 1 calc( 16.66666666666667% - 20px);}.sp-pcp-row .sp-pcp-col-lg-7 {flex: 1 1 calc( 14.28571428% - 20px);}.sp-pcp-row .sp-pcp-col-lg-8 {flex: 1 1 calc( 12.5% - 20px);}}@media (max-width: 992px) {.sp-pcp-row .sp-pcp-col-md-1 {flex: 0 0 100%;}.sp-pcp-row .sp-pcp-col-md-2 {flex: 1 1 calc( 50% - 20px);}.sp-pcp-row .sp-pcp-col-md-2-5 {flex: 0 0 75%;}.sp-pcp-row .sp-pcp-col-md-3 {flex: 1 1 calc( 33.333% - 20px);}.sp-pcp-row .sp-pcp-col-md-4 {flex: 1 1 calc( 25% - 20px);}.sp-pcp-row .sp-pcp-col-md-5 { flex: 1 1 calc( 20% - 20px);}.sp-pcp-row .sp-pcp-col-md-6 {flex: 1 1 calc( 16.66666666666667% - 20px);}.sp-pcp-row .sp-pcp-col-md-7 {flex: 1 1 calc( 14.28571428% - 20px);}.sp-pcp-row .sp-pcp-col-md-8 {flex: 1 1 calc( 12.5% - 20px);}}@media (max-width: 768px) {.sp-pcp-row .sp-pcp-col-sm-1 {flex: 0 0 100%;}.sp-pcp-row .sp-pcp-col-sm-2 {flex: 1 1 calc( 50% - 20px);}.sp-pcp-row .sp-pcp-col-sm-2-5 {flex: 0 0 75%;}.sp-pcp-row .sp-pcp-col-sm-3 {flex: 1 1 calc( 33.333% - 20px);}.sp-pcp-row .sp-pcp-col-sm-4 {flex: 1 1 calc( 25% - 20px);}.sp-pcp-row .sp-pcp-col-sm-5 { flex: 1 1 calc( 20% - 20px);}.sp-pcp-row .sp-pcp-col-sm-6 {flex: 1 1 calc( 16.66666666666667% - 20px);}.sp-pcp-row .sp-pcp-col-sm-7 {flex: 1 1 calc( 14.28571428% - 20px);}.sp-pcp-row .sp-pcp-col-sm-8 {flex: 1 1 calc( 12.5% - 20px);}}@media (max-width: 420px) {.sp-pcp-row .sp-pcp-col-xs-1 {flex: 0 0 100%;}.sp-pcp-row .sp-pcp-col-xs-2 {flex: 1 1 calc( 50% - 20px);}.sp-pcp-row .sp-pcp-col-xs-3 {flex: 1 1 calc( 33.333% - 20px);}.sp-pcp-row .sp-pcp-col-xs-4 {flex: 1 1 calc( 25% - 20px);}.sp-pcp-row .sp-pcp-col-xs-5 { flex: 1 1 calc( 20% - 20px);}.sp-pcp-row .sp-pcp-col-xs-6 {flex: 1 1 calc( 16.66666666666667% - 20px);}.sp-pcp-row .sp-pcp-col-xs-7 {flex: 1 1 calc( 14.28571428% - 20px);}.sp-pcp-row .sp-pcp-col-xs-8 {flex: 1 1 calc( 12.5% - 20px);}}<\/style><!-- Markup Starts -->\n<div id=\"pcp_wrapper-7310\" class=\"sp-pcp-section sp-pcp-container pcp-wrapper-7310 pcp-carousel-wrapper standard sp-carousel_layout\" data-sid=\"7310\">\n\t<div id=\"sp-pcp-id-7310\" class=\"swiper-container sp-pcp-carousel top_right\" dir=\"ltr\" data-carousel='{ \"speed\":600, \"items\":3, \"spaceBetween\":20, \"dynamicBullets\": false, \"navigation\":true, \"pagination\": true, \"autoplay\": true, \"autoplay_speed\": 2000, \"loop\": true, \"autoHeight\": false, \"lazy\":  true, \"simulateTouch\": true, \"freeMode\": false, \"slider_mouse_wheel\": false,\"allowTouchMove\": true, \"slidesPerView\": {\"lg_desktop\": 3, \"desktop\": 3, \"tablet\": 2, \"mobile_landscape\": 1, \"mobile\": 1}, \"navigation_mobile\": true, \"pagination_mobile\": true, \"stop_onHover\": true, \"enabled\": true, \"prevSlideMessage\": \"Previous slide\", \"nextSlideMessage\": \"Next slide\", \"firstSlideMessage\": \"This is the first slide\", \"lastSlideMessage\": \"This is the last slide\", \"keyboard\": \"true\", \"paginationBulletMessage\": \"Go to slide {{index}}\" }'>\n\t\t\t<div class=\"swiper-wrapper\">\n\t\t\t\t\t\t<div class=\" swiper-slide swiper-lazy\">\n\t\t\t<div class=\"sp-pcp-post default pcp-item-38710\" data-id=\"38710\">\n\t\t\t\t\t\t\t\t<div class=\"pcp-post-thumb-wrapper\">\n\t\t\t\t\t<div class=\"sp-pcp-post-thumb-area\">\n\t\t\t\t\t\t\t\t\t\t\t\t<a class=\"sp-pcp-thumb\" href=\"https:\/\/agencia.unq.edu.ar\/?p=38710\" target=\"_self\" >\n\t\t\t\t\t\t\t\t\t\t\t\t\t<img loading=\"lazy\" decoding=\"async\" src=\"https:\/\/agencia.unq.edu.ar\/wp-content\/uploads\/2026\/08\/pexels-1.jpg\" width=\"1040\" height=\"420\" alt=\"Un celular, una audiencia y una pregunta que crece: \u00bfcu\u00e1ndo una actividad infantil en redes sociales deja de ser un juego y comienza a convertirse en una actividad econ\u00f3mica? Cr\u00e9dito: Pexels.\">\n\t\t\t\t\t\t<\/a>\n\t\t\t\t\t<\/div>\n\t\t\t\t<\/div>\n\t\t\t\t\t\t\t\t<div class=\"sp-pcp-post-details\">\n\t\t\t\t\t<div class=\"sp-pcp-post-details-content\">\n\t\t\t\t\t\t\t\t<h4 class=\"sp-pcp-title\">\n\t\t\t\t\t\t\t\t\t<a href=\"https:\/\/agencia.unq.edu.ar\/?p=38710\"  target=\"_self\">Kidfluencers: la nueva forma de trabajo infantil que naci\u00f3 con las redes sociales<\/a>\t\t\t\t\t\t\t<\/h4>\n\t\t\t\t\t\t\t\t\t<\/div>\n\t\t\t\t<\/div>\n\t\t\t<\/div>\n\t\t<\/div>\n\t\t\t\t<div class=\" swiper-slide swiper-lazy\">\n\t\t\t<div class=\"sp-pcp-post default pcp-item-38658\" data-id=\"38658\">\n\t\t\t\t\t\t\t\t<div class=\"pcp-post-thumb-wrapper\">\n\t\t\t\t\t<div class=\"sp-pcp-post-thumb-area\">\n\t\t\t\t\t\t\t\t\t\t\t\t<a class=\"sp-pcp-thumb\" href=\"https:\/\/agencia.unq.edu.ar\/?p=38658\" target=\"_self\" >\n\t\t\t\t\t\t\t\t\t\t\t\t\t<img loading=\"lazy\" decoding=\"async\" src=\"https:\/\/agencia.unq.edu.ar\/wp-content\/uploads\/2026\/08\/Ishant-Chauhan_Hindustan-Times.jpg\" width=\"1040\" height=\"420\" alt=\"La cucaracha se convirti\u00f3 en el s\u00edmbolo de un movimiento juvenil nacido en redes sociales que llev\u00f3 sus reclamos desde los memes hasta las calles de India. Cr\u00e9dito: Business Insider \/ Getty Images.\">\n\t\t\t\t\t\t<\/a>\n\t\t\t\t\t<\/div>\n\t\t\t\t<\/div>\n\t\t\t\t\t\t\t\t<div class=\"sp-pcp-post-details\">\n\t\t\t\t\t<div class=\"sp-pcp-post-details-content\">\n\t\t\t\t\t\t\t\t<h4 class=\"sp-pcp-title\">\n\t\t\t\t\t\t\t\t\t<a href=\"https:\/\/agencia.unq.edu.ar\/?p=38658\"  target=\"_self\">Partido de las Cucarachas: c\u00f3mo un meme pol\u00edtico reuni\u00f3 a millones de j\u00f3venes y desafi\u00f3 la pol\u00edtica tradicional en India<\/a>\t\t\t\t\t\t\t<\/h4>\n\t\t\t\t\t\t\t\t\t<\/div>\n\t\t\t\t<\/div>\n\t\t\t<\/div>\n\t\t<\/div>\n\t\t\t\t<div class=\" swiper-slide swiper-lazy\">\n\t\t\t<div class=\"sp-pcp-post default pcp-item-38609\" data-id=\"38609\">\n\t\t\t\t\t\t\t\t<div class=\"pcp-post-thumb-wrapper\">\n\t\t\t\t\t<div class=\"sp-pcp-post-thumb-area\">\n\t\t\t\t\t\t\t\t\t\t\t\t<a class=\"sp-pcp-thumb\" href=\"https:\/\/agencia.unq.edu.ar\/?p=38609\" target=\"_self\" >\n\t\t\t\t\t\t\t\t\t\t\t\t\t<img loading=\"lazy\" decoding=\"async\" src=\"https:\/\/agencia.unq.edu.ar\/wp-content\/uploads\/2026\/08\/pexels.jpg\" width=\"1040\" height=\"420\" alt=\"Los ni\u00f1os no s\u00f3lo aprenden reglas: tambi\u00e9n observan c\u00f3mo los adultos las aplican y construyen desde temprano su propia idea de justicia. Cr\u00e9ditos: Pexels.\">\n\t\t\t\t\t\t<\/a>\n\t\t\t\t\t<\/div>\n\t\t\t\t<\/div>\n\t\t\t\t\t\t\t\t<div class=\"sp-pcp-post-details\">\n\t\t\t\t\t<div class=\"sp-pcp-post-details-content\">\n\t\t\t\t\t\t\t\t<h4 class=\"sp-pcp-title\">\n\t\t\t\t\t\t\t\t\t<a href=\"https:\/\/agencia.unq.edu.ar\/?p=38609\"  target=\"_self\">Para la ciencia, los ni\u00f1os prefieren un castigo antes que una injusticia<\/a>\t\t\t\t\t\t\t<\/h4>\n\t\t\t\t\t\t\t\t\t<\/div>\n\t\t\t\t<\/div>\n\t\t\t<\/div>\n\t\t<\/div>\n\t\t\t\t<div class=\" swiper-slide swiper-lazy\">\n\t\t\t<div class=\"sp-pcp-post default pcp-item-38558\" data-id=\"38558\">\n\t\t\t\t\t\t\t\t<div class=\"pcp-post-thumb-wrapper\">\n\t\t\t\t\t<div class=\"sp-pcp-post-thumb-area\">\n\t\t\t\t\t\t\t\t\t\t\t\t<a class=\"sp-pcp-thumb\" href=\"https:\/\/agencia.unq.edu.ar\/?p=38558\" target=\"_self\" >\n\t\t\t\t\t\t\t\t\t\t\t\t\t<img loading=\"lazy\" decoding=\"async\" src=\"https:\/\/agencia.unq.edu.ar\/wp-content\/uploads\/2026\/08\/Credito_-Mi8.jpg\" width=\"1040\" height=\"420\" alt=\"Dos j\u00f3venes se enfrentan en una \u201cbatalla de aura\u201d, una competencia en la que gestos, poses y actitud se convierten en herramientas para ganar reconocimiento frente al p\u00fablico. Cr\u00e9dito: Mi8.\">\n\t\t\t\t\t\t<\/a>\n\t\t\t\t\t<\/div>\n\t\t\t\t<\/div>\n\t\t\t\t\t\t\t\t<div class=\"sp-pcp-post-details\">\n\t\t\t\t\t<div class=\"sp-pcp-post-details-content\">\n\t\t\t\t\t\t\t\t<h4 class=\"sp-pcp-title\">\n\t\t\t\t\t\t\t\t\t<a href=\"https:\/\/agencia.unq.edu.ar\/?p=38558\"  target=\"_self\">De los gauchos a TikTok: qu\u00e9 significa \u201cfarmear aura\u201d y por qu\u00e9 esta obsesi\u00f3n por el prestigio no es tan nueva<\/a>\t\t\t\t\t\t\t<\/h4>\n\t\t\t\t\t\t\t\t\t<\/div>\n\t\t\t\t<\/div>\n\t\t\t<\/div>\n\t\t<\/div>\n\t\t\t\t<div class=\" swiper-slide swiper-lazy\">\n\t\t\t<div class=\"sp-pcp-post default pcp-item-38575\" data-id=\"38575\">\n\t\t\t\t\t\t\t\t<div class=\"pcp-post-thumb-wrapper\">\n\t\t\t\t\t<div class=\"sp-pcp-post-thumb-area\">\n\t\t\t\t\t\t\t\t\t\t\t\t<a class=\"sp-pcp-thumb\" href=\"https:\/\/agencia.unq.edu.ar\/?p=38575\" target=\"_self\" >\n\t\t\t\t\t\t\t\t\t\t\t\t\t<img loading=\"lazy\" decoding=\"async\" src=\"https:\/\/agencia.unq.edu.ar\/wp-content\/uploads\/2026\/08\/cierre-comercios-economia.jpg\" width=\"1040\" height=\"420\" alt=\"El \u00cdndice de Incertidumbre Econ\u00f3mica registra niveles superiores a los de la segunda presidencia de Cristina Fern\u00e1ndez de Kirchner y Mauricio Macri. Cr\u00e9ditos: Infobae.\">\n\t\t\t\t\t\t<\/a>\n\t\t\t\t\t<\/div>\n\t\t\t\t<\/div>\n\t\t\t\t\t\t\t\t<div class=\"sp-pcp-post-details\">\n\t\t\t\t\t<div class=\"sp-pcp-post-details-content\">\n\t\t\t\t\t\t\t\t<h4 class=\"sp-pcp-title\">\n\t\t\t\t\t\t\t\t\t<a href=\"https:\/\/agencia.unq.edu.ar\/?p=38575\"  target=\"_self\">Como la bola de cristal: la UCA desarrolla un \u00edndice que ayuda a predecir el futuro de la econom\u00eda<\/a>\t\t\t\t\t\t\t<\/h4>\n\t\t\t\t\t\t\t\t\t<\/div>\n\t\t\t\t<\/div>\n\t\t\t<\/div>\n\t\t<\/div>\n\t\t\t\t<div class=\" swiper-slide swiper-lazy\">\n\t\t\t<div class=\"sp-pcp-post default pcp-item-38548\" data-id=\"38548\">\n\t\t\t\t\t\t\t\t<div class=\"pcp-post-thumb-wrapper\">\n\t\t\t\t\t<div class=\"sp-pcp-post-thumb-area\">\n\t\t\t\t\t\t\t\t\t\t\t\t<a class=\"sp-pcp-thumb\" href=\"https:\/\/agencia.unq.edu.ar\/?p=38548\" target=\"_self\" >\n\t\t\t\t\t\t\t\t\t\t\t\t\t<img loading=\"lazy\" decoding=\"async\" src=\"https:\/\/agencia.unq.edu.ar\/wp-content\/uploads\/2026\/08\/Quilmes.jpg\" width=\"1040\" height=\"420\" alt=\"Vista a\u00e9rea de la planta de la Cervecer\u00eda y Malter\u00eda Quilmes ubicada en el partido de Quilmes. A un costado, las v\u00edas del Tren Roca. Cr\u00e9ditos: La maldici\u00f3n del sauce.\">\n\t\t\t\t\t\t<\/a>\n\t\t\t\t\t<\/div>\n\t\t\t\t<\/div>\n\t\t\t\t\t\t\t\t<div class=\"sp-pcp-post-details\">\n\t\t\t\t\t<div class=\"sp-pcp-post-details-content\">\n\t\t\t\t\t\t\t\t<h4 class=\"sp-pcp-title\">\n\t\t\t\t\t\t\t\t\t<a href=\"https:\/\/agencia.unq.edu.ar\/?p=38548\"  target=\"_self\">\u201cLa maldici\u00f3n del sauce\u201d, el documental de estudiantes de la UNQ que recupera la identidad quilme\u00f1a<\/a>\t\t\t\t\t\t\t<\/h4>\n\t\t\t\t\t\t\t\t\t<\/div>\n\t\t\t\t<\/div>\n\t\t\t<\/div>\n\t\t<\/div>\n\t\t\t\t<div class=\" swiper-slide swiper-lazy\">\n\t\t\t<div class=\"sp-pcp-post default pcp-item-38435\" data-id=\"38435\">\n\t\t\t\t\t\t\t\t<div class=\"pcp-post-thumb-wrapper\">\n\t\t\t\t\t<div class=\"sp-pcp-post-thumb-area\">\n\t\t\t\t\t\t\t\t\t\t\t\t<a class=\"sp-pcp-thumb\" href=\"https:\/\/agencia.unq.edu.ar\/?p=38435\" target=\"_self\" >\n\t\t\t\t\t\t\t\t\t\t\t\t\t<img loading=\"lazy\" decoding=\"async\" src=\"https:\/\/agencia.unq.edu.ar\/wp-content\/uploads\/2026\/08\/pexels-ia.jpg\" width=\"1040\" height=\"420\" alt=\"El matrimonio frente a la inteligencia artificial: qu\u00e9 pasa si una m\u00e1quina ocupa el lugar de una pareja. Cr\u00e9dito: Pexels.\">\n\t\t\t\t\t\t<\/a>\n\t\t\t\t\t<\/div>\n\t\t\t\t<\/div>\n\t\t\t\t\t\t\t\t<div class=\"sp-pcp-post-details\">\n\t\t\t\t\t<div class=\"sp-pcp-post-details-content\">\n\t\t\t\t\t\t\t\t<h4 class=\"sp-pcp-title\">\n\t\t\t\t\t\t\t\t\t<a href=\"https:\/\/agencia.unq.edu.ar\/?p=38435\"  target=\"_self\">Casarse con una IA: el dilema que pone en discusi\u00f3n qu\u00e9 entendemos por matrimonio<\/a>\t\t\t\t\t\t\t<\/h4>\n\t\t\t\t\t\t\t\t\t<\/div>\n\t\t\t\t<\/div>\n\t\t\t<\/div>\n\t\t<\/div>\n\t\t\t\t<div class=\" swiper-slide swiper-lazy\">\n\t\t\t<div class=\"sp-pcp-post default pcp-item-38156\" data-id=\"38156\">\n\t\t\t\t\t\t\t\t<div class=\"pcp-post-thumb-wrapper\">\n\t\t\t\t\t<div class=\"sp-pcp-post-thumb-area\">\n\t\t\t\t\t\t\t\t\t\t\t\t<a class=\"sp-pcp-thumb\" href=\"https:\/\/agencia.unq.edu.ar\/?p=38156\" target=\"_self\" >\n\t\t\t\t\t\t\t\t\t\t\t\t\t<img loading=\"lazy\" decoding=\"async\" src=\"https:\/\/agencia.unq.edu.ar\/wp-content\/uploads\/2026\/08\/2026-07-28Diego-Mengual.jpg\" width=\"504\" height=\"204\" alt=\"Diego Mengual es investigador del Conicet desde hace 10 a\u00f1os y juega al hockey desde su infancia. Cr\u00e9ditos: Mengual.\">\n\t\t\t\t\t\t<\/a>\n\t\t\t\t\t<\/div>\n\t\t\t\t<\/div>\n\t\t\t\t\t\t\t\t<div class=\"sp-pcp-post-details\">\n\t\t\t\t\t<div class=\"sp-pcp-post-details-content\">\n\t\t\t\t\t\t\t\t<h4 class=\"sp-pcp-title\">\n\t\t\t\t\t\t\t\t\t<a href=\"https:\/\/agencia.unq.edu.ar\/?p=38156\"  target=\"_self\">Entre el laboratorio y la cancha: el cient\u00edfico de la UNQ que juega un Mundial con Argentina<\/a>\t\t\t\t\t\t\t<\/h4>\n\t\t\t\t\t\t\t\t\t<\/div>\n\t\t\t\t<\/div>\n\t\t\t<\/div>\n\t\t<\/div>\n\t\t\t\t<div class=\" swiper-slide swiper-lazy\">\n\t\t\t<div class=\"sp-pcp-post default pcp-item-38003\" data-id=\"38003\">\n\t\t\t\t\t\t\t\t<div class=\"pcp-post-thumb-wrapper\">\n\t\t\t\t\t<div class=\"sp-pcp-post-thumb-area\">\n\t\t\t\t\t\t\t\t\t\t\t\t<a class=\"sp-pcp-thumb\" href=\"https:\/\/agencia.unq.edu.ar\/?p=38003\" target=\"_self\" >\n\t\t\t\t\t\t\t\t\t\t\t\t\t<img loading=\"lazy\" decoding=\"async\" src=\"https:\/\/agencia.unq.edu.ar\/wp-content\/uploads\/2026\/07\/Vacaciones-de-invierno.jpg\" width=\"1040\" height=\"420\" alt=\"Un ni\u00f1o investiga en el Museo &quot;Bernardino Rivadavia&quot;. Cr\u00e9ditos: Museo de Ciencias Naturales &quot;Bernardino Rivadavia&quot;.\">\n\t\t\t\t\t\t<\/a>\n\t\t\t\t\t<\/div>\n\t\t\t\t<\/div>\n\t\t\t\t\t\t\t\t<div class=\"sp-pcp-post-details\">\n\t\t\t\t\t<div class=\"sp-pcp-post-details-content\">\n\t\t\t\t\t\t\t\t<h4 class=\"sp-pcp-title\">\n\t\t\t\t\t\t\t\t\t<a href=\"https:\/\/agencia.unq.edu.ar\/?p=38003\"  target=\"_self\">Historias, experimentos y observaciones: una gu\u00eda de bajo costo para las vacaciones de invierno<\/a>\t\t\t\t\t\t\t<\/h4>\n\t\t\t\t\t\t\t\t\t<\/div>\n\t\t\t\t<\/div>\n\t\t\t<\/div>\n\t\t<\/div>\n\t\t\t\t<div class=\" swiper-slide swiper-lazy\">\n\t\t\t<div class=\"sp-pcp-post default pcp-item-37960\" data-id=\"37960\">\n\t\t\t\t\t\t\t\t<div class=\"pcp-post-thumb-wrapper\">\n\t\t\t\t\t<div class=\"sp-pcp-post-thumb-area\">\n\t\t\t\t\t\t\t\t\t\t\t\t<a class=\"sp-pcp-thumb\" href=\"https:\/\/agencia.unq.edu.ar\/?p=37960\" target=\"_self\" >\n\t\t\t\t\t\t\t\t\t\t\t\t\t<img loading=\"lazy\" decoding=\"async\" src=\"https:\/\/agencia.unq.edu.ar\/wp-content\/uploads\/2026\/07\/ludopatia.jpg\" width=\"1040\" height=\"420\" alt=\"Apuestas deportivas y ludopat\u00eda\">\n\t\t\t\t\t\t<\/a>\n\t\t\t\t\t<\/div>\n\t\t\t\t<\/div>\n\t\t\t\t\t\t\t\t<div class=\"sp-pcp-post-details\">\n\t\t\t\t\t<div class=\"sp-pcp-post-details-content\">\n\t\t\t\t\t\t\t\t<h4 class=\"sp-pcp-title\">\n\t\t\t\t\t\t\t\t\t<a href=\"https:\/\/agencia.unq.edu.ar\/?p=37960\"  target=\"_self\">Cuando la salud mental entra en juego: ansiedad, depresi\u00f3n y el riesgo de desarrollar ludopat\u00eda<\/a>\t\t\t\t\t\t\t<\/h4>\n\t\t\t\t\t\t\t\t\t<\/div>\n\t\t\t\t<\/div>\n\t\t\t<\/div>\n\t\t<\/div>\n\t\t\t\t<div class=\" swiper-slide swiper-lazy\">\n\t\t\t<div class=\"sp-pcp-post default pcp-item-37897\" data-id=\"37897\">\n\t\t\t\t\t\t\t\t<div class=\"pcp-post-thumb-wrapper\">\n\t\t\t\t\t<div class=\"sp-pcp-post-thumb-area\">\n\t\t\t\t\t\t\t\t\t\t\t\t<a class=\"sp-pcp-thumb\" href=\"https:\/\/agencia.unq.edu.ar\/?p=37897\" target=\"_self\" >\n\t\t\t\t\t\t\t\t\t\t\t\t\t<img loading=\"lazy\" decoding=\"async\" src=\"https:\/\/agencia.unq.edu.ar\/wp-content\/uploads\/2026\/07\/Oyarzabal-Espana-mundial.jpg\" width=\"1040\" height=\"420\" alt=\"Oyarzabal festeja junto a Lamine Yamal. Cr\u00e9ditos: CFIN.\">\n\t\t\t\t\t\t<\/a>\n\t\t\t\t\t<\/div>\n\t\t\t\t<\/div>\n\t\t\t\t\t\t\t\t<div class=\"sp-pcp-post-details\">\n\t\t\t\t\t<div class=\"sp-pcp-post-details-content\">\n\t\t\t\t\t\t\t\t<h4 class=\"sp-pcp-title\">\n\t\t\t\t\t\t\t\t\t<a href=\"https:\/\/agencia.unq.edu.ar\/?p=37897\"  target=\"_self\">Espa\u00f1a en ciencia y tecnolog\u00eda: un gobierno que conf\u00eda y pone a los especialistas en el centro de la escena<\/a>\t\t\t\t\t\t\t<\/h4>\n\t\t\t\t\t\t\t\t\t<\/div>\n\t\t\t\t<\/div>\n\t\t\t<\/div>\n\t\t<\/div>\n\t\t\t\t<div class=\" swiper-slide swiper-lazy\">\n\t\t\t<div class=\"sp-pcp-post default pcp-item-37788\" data-id=\"37788\">\n\t\t\t\t\t\t\t\t<div class=\"pcp-post-thumb-wrapper\">\n\t\t\t\t\t<div class=\"sp-pcp-post-thumb-area\">\n\t\t\t\t\t\t\t\t\t\t\t\t<a class=\"sp-pcp-thumb\" href=\"https:\/\/agencia.unq.edu.ar\/?p=37788\" target=\"_self\" >\n\t\t\t\t\t\t\t\t\t\t\t\t\t<img loading=\"lazy\" decoding=\"async\" src=\"https:\/\/agencia.unq.edu.ar\/wp-content\/uploads\/2026\/07\/Jude-Bellingham-Inglaterra.jpg\" width=\"1040\" height=\"420\" alt=\"Jude Bellingham, mediocampista que convirti\u00f3 los dos goles frente a Noruega y le dio el pase a las semifinales. Cr\u00e9ditos: Ap Photo\/lynne Sladky.\">\n\t\t\t\t\t\t<\/a>\n\t\t\t\t\t<\/div>\n\t\t\t\t<\/div>\n\t\t\t\t\t\t\t\t<div class=\"sp-pcp-post-details\">\n\t\t\t\t\t<div class=\"sp-pcp-post-details-content\">\n\t\t\t\t\t\t\t\t<h4 class=\"sp-pcp-title\">\n\t\t\t\t\t\t\t\t\t<a href=\"https:\/\/agencia.unq.edu.ar\/?p=37788\"  target=\"_self\">Inglaterra en ciencia y tecnolog\u00eda: un equipo que invierte y arriesga<\/a>\t\t\t\t\t\t\t<\/h4>\n\t\t\t\t\t\t\t\t\t<\/div>\n\t\t\t\t<\/div>\n\t\t\t<\/div>\n\t\t<\/div>\n\t\t\t\t<div class=\" swiper-slide swiper-lazy\">\n\t\t\t<div class=\"sp-pcp-post default pcp-item-37772\" data-id=\"37772\">\n\t\t\t\t\t\t\t\t<div class=\"pcp-post-thumb-wrapper\">\n\t\t\t\t\t<div class=\"sp-pcp-post-thumb-area\">\n\t\t\t\t\t\t\t\t\t\t\t\t<a class=\"sp-pcp-thumb\" href=\"https:\/\/agencia.unq.edu.ar\/?p=37772\" target=\"_self\" >\n\t\t\t\t\t\t\t\t\t\t\t\t\t<img loading=\"lazy\" decoding=\"async\" src=\"https:\/\/agencia.unq.edu.ar\/wp-content\/uploads\/2026\/07\/Festejo-seleccion-Suiza.jpg\" width=\"1040\" height=\"420\" alt=\"Los jugadores suizos festejan el pase a cuartos de final. Cr\u00e9ditos: CFIN.\">\n\t\t\t\t\t\t<\/a>\n\t\t\t\t\t<\/div>\n\t\t\t\t<\/div>\n\t\t\t\t\t\t\t\t<div class=\"sp-pcp-post-details\">\n\t\t\t\t\t<div class=\"sp-pcp-post-details-content\">\n\t\t\t\t\t\t\t\t<h4 class=\"sp-pcp-title\">\n\t\t\t\t\t\t\t\t\t<a href=\"https:\/\/agencia.unq.edu.ar\/?p=37772\"  target=\"_self\">En CyT Suiza es de temer: una IA propia, una supercomputadora ejemplar y privados que aportan<\/a>\t\t\t\t\t\t\t<\/h4>\n\t\t\t\t\t\t\t\t\t<\/div>\n\t\t\t\t<\/div>\n\t\t\t<\/div>\n\t\t<\/div>\n\t\t\t\t<div class=\" swiper-slide swiper-lazy\">\n\t\t\t<div class=\"sp-pcp-post default pcp-item-37694\" data-id=\"37694\">\n\t\t\t\t\t\t\t\t<div class=\"pcp-post-thumb-wrapper\">\n\t\t\t\t\t<div class=\"sp-pcp-post-thumb-area\">\n\t\t\t\t\t\t\t\t\t\t\t\t<a class=\"sp-pcp-thumb\" href=\"https:\/\/agencia.unq.edu.ar\/?p=37694\" target=\"_self\" >\n\t\t\t\t\t\t\t\t\t\t\t\t\t<img loading=\"lazy\" decoding=\"async\" src=\"https:\/\/agencia.unq.edu.ar\/wp-content\/uploads\/2026\/07\/Egipto-victoria-Australia.jpg\" width=\"1040\" height=\"420\" alt=\"Jugadores de Egipto corren a celebrar la victoria frente a Australia en 16avos de final. Cr\u00e9ditos: EFE.\">\n\t\t\t\t\t\t<\/a>\n\t\t\t\t\t<\/div>\n\t\t\t\t<\/div>\n\t\t\t\t\t\t\t\t<div class=\"sp-pcp-post-details\">\n\t\t\t\t\t<div class=\"sp-pcp-post-details-content\">\n\t\t\t\t\t\t\t\t<h4 class=\"sp-pcp-title\">\n\t\t\t\t\t\t\t\t\t<a href=\"https:\/\/agencia.unq.edu.ar\/?p=37694\"  target=\"_self\">Egipto en ciencia y tecnolog\u00eda: sat\u00e9lites propios, inteligencia artificial soberana y econom\u00eda del conocimiento<\/a>\t\t\t\t\t\t\t<\/h4>\n\t\t\t\t\t\t\t\t\t<\/div>\n\t\t\t\t<\/div>\n\t\t\t<\/div>\n\t\t<\/div>\n\t\t\t\t<div class=\" swiper-slide swiper-lazy\">\n\t\t\t<div class=\"sp-pcp-post default pcp-item-37690\" data-id=\"37690\">\n\t\t\t\t\t\t\t\t<div class=\"pcp-post-thumb-wrapper\">\n\t\t\t\t\t<div class=\"sp-pcp-post-thumb-area\">\n\t\t\t\t\t\t\t\t\t\t\t\t<a class=\"sp-pcp-thumb\" href=\"https:\/\/agencia.unq.edu.ar\/?p=37690\" target=\"_self\" >\n\t\t\t\t\t\t\t\t\t\t\t\t\t<img loading=\"lazy\" decoding=\"async\" src=\"https:\/\/agencia.unq.edu.ar\/wp-content\/uploads\/2026\/07\/iPiccy-img-7.jpg\" width=\"1040\" height=\"420\" alt=\"Messi festeja el 3 a 0 ante Argelia. Cr\u00e9ditos: Getty Images\">\n\t\t\t\t\t\t<\/a>\n\t\t\t\t\t<\/div>\n\t\t\t\t<\/div>\n\t\t\t\t\t\t\t\t<div class=\"sp-pcp-post-details\">\n\t\t\t\t\t<div class=\"sp-pcp-post-details-content\">\n\t\t\t\t\t\t\t\t<h4 class=\"sp-pcp-title\">\n\t\t\t\t\t\t\t\t\t<a href=\"https:\/\/agencia.unq.edu.ar\/?p=37690\"  target=\"_self\">Colgar los botines: \u00bfc\u00f3mo viven los \u00eddolos del f\u00fatbol el momento de retirarse?<\/a>\t\t\t\t\t\t\t<\/h4>\n\t\t\t\t\t\t\t\t\t<\/div>\n\t\t\t\t<\/div>\n\t\t\t<\/div>\n\t\t<\/div>\n\t\t\t\t<div class=\" swiper-slide swiper-lazy\">\n\t\t\t<div class=\"sp-pcp-post default pcp-item-37638\" data-id=\"37638\">\n\t\t\t\t\t\t\t\t<div class=\"pcp-post-thumb-wrapper\">\n\t\t\t\t\t<div class=\"sp-pcp-post-thumb-area\">\n\t\t\t\t\t\t\t\t\t\t\t\t<a class=\"sp-pcp-thumb\" href=\"https:\/\/agencia.unq.edu.ar\/?p=37638\" target=\"_self\" >\n\t\t\t\t\t\t\t\t\t\t\t\t\t<img loading=\"lazy\" decoding=\"async\" src=\"https:\/\/agencia.unq.edu.ar\/wp-content\/uploads\/2026\/07\/adam-smith.jpg\" width=\"1040\" height=\"420\" alt=\"Estatua de Adam Smith en Edimburgo, Escocia. Cr\u00e9ditos: Shutterstock\">\n\t\t\t\t\t\t<\/a>\n\t\t\t\t\t<\/div>\n\t\t\t\t<\/div>\n\t\t\t\t\t\t\t\t<div class=\"sp-pcp-post-details\">\n\t\t\t\t\t<div class=\"sp-pcp-post-details-content\">\n\t\t\t\t\t\t\t\t<h4 class=\"sp-pcp-title\">\n\t\t\t\t\t\t\t\t\t<a href=\"https:\/\/agencia.unq.edu.ar\/?p=37638\"  target=\"_self\">A 250 a\u00f1os de La riqueza de las naciones: \u00bfqu\u00e9 dijo Adam Smith y por qu\u00e9 deber\u00eda importarnos tanto?<\/a>\t\t\t\t\t\t\t<\/h4>\n\t\t\t\t\t\t\t\t\t<\/div>\n\t\t\t\t<\/div>\n\t\t\t<\/div>\n\t\t<\/div>\n\t\t\t\t\t<\/div>\n\t\t\t\t\t\t<div class=\"pcp-pagination swiper-pagination dots\"><\/div>\n\t\t\t\t\t\t\t\t\t\t<div class=\"pcp-button-next swiper-button-next top_right\"><i class=\"fa fa-angle-right\"><\/i><\/div>\n\t\t\t\t<div class=\"pcp-button-prev swiper-button-prev top_right\"><i class=\"fa fa-angle-left\"><\/i><\/div>\t<\/div>\n<\/div>\n\n\n\n\n<hr class=\"wp-block-separator has-text-color has-css-opacity has-background is-style-wide\" style=\"background-color:#fea50e;color:#fea50e\"\/>\n\n\n\n<p class=\"has-vivid-green-cyan-color has-text-color wp-block-paragraph\"><\/p>\n","protected":false},"excerpt":{"rendered":"<p>La jugadora m\u00e1s destacada del certamen qued\u00f3 eliminada. Su agresividad la enalteci\u00f3 y luego la desterr\u00f3 del certamen.<\/p>\n","protected":false},"author":4,"featured_media":20690,"comment_status":"open","ping_status":"closed","sticky":false,"template":"","format":"standard","meta":{"_uag_custom_page_level_css":"","_monsterinsights_skip_tracking":false,"site-sidebar-layout":"default","site-content-layout":"","ast-site-content-layout":"default","site-content-style":"default","site-sidebar-style":"default","ast-global-header-display":"","ast-banner-title-visibility":"","ast-main-header-display":"","ast-hfb-above-header-display":"","ast-hfb-below-header-display":"","ast-hfb-mobile-header-display":"","site-post-title":"","ast-breadcrumbs-content":"","ast-featured-img":"","footer-sml-layout":"","ast-disable-related-posts":"","theme-transparent-header-meta":"","adv-header-id-meta":"","stick-header-meta":"","header-above-stick-meta":"","header-main-stick-meta":"","header-below-stick-meta":"","astra-migrate-meta-layouts":"default","ast-page-background-enabled":"default","ast-page-background-meta":{"desktop":{"background-color":"var(--ast-global-color-4)","background-image":"","background-repeat":"repeat","background-position":"center center","background-size":"auto","background-attachment":"scroll","background-type":"","background-media":"","overlay-type":"","overlay-color":"","overlay-opacity":"","overlay-gradient":""},"tablet":{"background-color":"","background-image":"","background-repeat":"repeat","background-position":"center center","background-size":"auto","background-attachment":"scroll","background-type":"","background-media":"","overlay-type":"","overlay-color":"","overlay-opacity":"","overlay-gradient":""},"mobile":{"background-color":"","background-image":"","background-repeat":"repeat","background-position":"center center","background-size":"auto","background-attachment":"scroll","background-type":"","background-media":"","overlay-type":"","overlay-color":"","overlay-opacity":"","overlay-gradient":""}},"ast-content-background-meta":{"desktop":{"background-color":"var(--ast-global-color-5)","background-image":"","background-repeat":"repeat","background-position":"center center","background-size":"auto","background-attachment":"scroll","background-type":"","background-media":"","overlay-type":"","overlay-color":"","overlay-opacity":"","overlay-gradient":""},"tablet":{"background-color":"var(--ast-global-color-5)","background-image":"","background-repeat":"repeat","background-position":"center center","background-size":"auto","background-attachment":"scroll","background-type":"","background-media":"","overlay-type":"","overlay-color":"","overlay-opacity":"","overlay-gradient":""},"mobile":{"background-color":"var(--ast-global-color-5)","background-image":"","background-repeat":"repeat","background-position":"center center","background-size":"auto","background-attachment":"scroll","background-type":"","background-media":"","overlay-type":"","overlay-color":"","overlay-opacity":"","overlay-gradient":""}},"footnotes":""},"categories":[16,363],"tags":[],"class_list":["post-20669","post","type-post","status-publish","format-standard","has-post-thumbnail","hentry","category-noticia-destacada","category-sociedad"],"aioseo_notices":[],"aioseo_head":"\n\t\t<!-- All in One SEO 5.0.0.1 - aioseo.com -->\n\t<meta name=\"description\" content=\"En este art\u00edculo, el docente e investigador de la UNQ Federico Bekerman brinda un aporte para comprender la vigencia de un libro emblem\u00e1tico.\" \/>\n\t<meta name=\"robots\" content=\"max-image-preview:large\" \/>\n\t<meta name=\"author\" content=\"Agencia de Noticias Cient\u00edficas UNQ\"\/>\n\t<link rel=\"canonical\" href=\"https:\/\/agencia.unq.edu.ar\/?p=37638\" \/>\n\t<meta name=\"generator\" content=\"All in One SEO (AIOSEO) 5.0.0.1\" \/>\n\t\t<meta property=\"og:locale\" content=\"es_ES\" \/>\n\t\t<meta property=\"og:site_name\" content=\"Agencia de Noticias Cient\u00edficas de la UNQ\" \/>\n\t\t<meta property=\"og:type\" content=\"article\" \/>\n\t\t<meta property=\"og:title\" content=\"A 250 a\u00f1os de La riqueza de las naciones: \u00bfqu\u00e9 dijo Adam Smith y por qu\u00e9 deber\u00eda importarnos tanto? - Agencia de Noticias Cient\u00edficas de la UNQ\" \/>\n\t\t<meta property=\"og:description\" content=\"En este art\u00edculo, el docente e investigador de la UNQ Federico Bekerman brinda un aporte para comprender la vigencia de un libro emblem\u00e1tico.\" \/>\n\t\t<meta property=\"og:url\" content=\"https:\/\/agencia.unq.edu.ar\/?p=37638\" \/>\n\t\t<meta property=\"og:image\" content=\"https:\/\/agencia.unq.edu.ar\/wp-content\/uploads\/2026\/07\/adam-smith.jpg\" \/>\n\t\t<meta property=\"og:image:secure_url\" content=\"https:\/\/agencia.unq.edu.ar\/wp-content\/uploads\/2026\/07\/adam-smith.jpg\" \/>\n\t\t<meta property=\"og:image:width\" content=\"1040\" \/>\n\t\t<meta property=\"og:image:height\" content=\"420\" \/>\n\t\t<meta property=\"article:published_time\" content=\"2026-07-02T19:52:43+00:00\" \/>\n\t\t<meta property=\"article:modified_time\" content=\"2026-07-02T19:54:25+00:00\" \/>\n\t\t<meta name=\"twitter:card\" content=\"summary_large_image\" \/>\n\t\t<meta name=\"twitter:site\" content=\"@Agencia__UNQ\" \/>\n\t\t<meta name=\"twitter:title\" content=\"A 250 a\u00f1os de La riqueza de las naciones: \u00bfqu\u00e9 dijo Adam Smith y por qu\u00e9 deber\u00eda importarnos tanto? - Agencia de Noticias Cient\u00edficas de la UNQ\" \/>\n\t\t<meta name=\"twitter:description\" content=\"En este art\u00edculo, el docente e investigador de la UNQ Federico Bekerman brinda un aporte para comprender la vigencia de un libro emblem\u00e1tico.\" \/>\n\t\t<meta name=\"twitter:image\" content=\"https:\/\/agencia.unq.edu.ar\/wp-content\/uploads\/2026\/07\/adam-smith.jpg\" \/>\n\t\t<script type=\"application\/ld+json\" class=\"aioseo-schema\">\n\t\t\t{\"@context\":\"https:\\\/\\\/schema.org\",\"@graph\":[{\"@type\":\"BlogPosting\",\"@id\":\"https:\\\/\\\/agencia.unq.edu.ar\\\/?p=37638#blogposting\",\"name\":\"A 250 a\\u00f1os de La riqueza de las naciones: \\u00bfqu\\u00e9 dijo Adam Smith y por qu\\u00e9 deber\\u00eda importarnos tanto? - Agencia de Noticias Cient\\u00edficas de la UNQ\",\"headline\":\"A 250 a\\u00f1os de La riqueza de las naciones: \\u00bfqu\\u00e9 dijo Adam Smith y por qu\\u00e9 deber\\u00eda importarnos tanto?\",\"author\":{\"@id\":\"https:\\\/\\\/agencia.unq.edu.ar\\\/?author=9#author\"},\"publisher\":{\"@id\":\"https:\\\/\\\/agencia.unq.edu.ar\\\/#organization\"},\"image\":{\"@type\":\"ImageObject\",\"url\":\"https:\\\/\\\/agencia.unq.edu.ar\\\/wp-content\\\/uploads\\\/2026\\\/07\\\/adam-smith.jpg\",\"width\":1040,\"height\":420,\"caption\":\"Estatua de Adam Smith en Edimburgo, Escocia. Cr\\u00e9ditos: Shutterstock.\"},\"datePublished\":\"2026-07-02T16:52:43-03:00\",\"dateModified\":\"2026-07-02T16:54:25-03:00\",\"inLanguage\":\"es-AR\",\"mainEntityOfPage\":{\"@id\":\"https:\\\/\\\/agencia.unq.edu.ar\\\/?p=37638#webpage\"},\"isPartOf\":{\"@id\":\"https:\\\/\\\/agencia.unq.edu.ar\\\/?p=37638#webpage\"},\"articleSection\":\"Noticia destacada, Sociedad\"},{\"@type\":\"BreadcrumbList\",\"@id\":\"https:\\\/\\\/agencia.unq.edu.ar\\\/?p=37638#breadcrumblist\",\"itemListElement\":[{\"@type\":\"ListItem\",\"@id\":\"https:\\\/\\\/agencia.unq.edu.ar#listItem\",\"position\":1,\"name\":\"Home\",\"item\":\"https:\\\/\\\/agencia.unq.edu.ar\",\"nextItem\":{\"@type\":\"ListItem\",\"@id\":\"https:\\\/\\\/agencia.unq.edu.ar\\\/?cat=16#listItem\",\"name\":\"Noticia destacada\"}},{\"@type\":\"ListItem\",\"@id\":\"https:\\\/\\\/agencia.unq.edu.ar\\\/?cat=16#listItem\",\"position\":2,\"name\":\"Noticia destacada\",\"item\":\"https:\\\/\\\/agencia.unq.edu.ar\\\/?cat=16\",\"nextItem\":{\"@type\":\"ListItem\",\"@id\":\"https:\\\/\\\/agencia.unq.edu.ar\\\/?p=20669#listItem\",\"name\":\"Gran Hermano sin Furia: \\u00bfpor qu\\u00e9 la violencia predomina en la casa m\\u00e1s famosa?\"},\"previousItem\":{\"@type\":\"ListItem\",\"@id\":\"https:\\\/\\\/agencia.unq.edu.ar#listItem\",\"name\":\"Home\"}},{\"@type\":\"ListItem\",\"@id\":\"https:\\\/\\\/agencia.unq.edu.ar\\\/?p=20669#listItem\",\"position\":3,\"name\":\"Gran Hermano sin Furia: \\u00bfpor qu\\u00e9 la violencia predomina en la casa m\\u00e1s famosa?\",\"previousItem\":{\"@type\":\"ListItem\",\"@id\":\"https:\\\/\\\/agencia.unq.edu.ar\\\/?cat=16#listItem\",\"name\":\"Noticia destacada\"}}]},{\"@type\":\"Organization\",\"@id\":\"https:\\\/\\\/agencia.unq.edu.ar\\\/#organization\",\"name\":\"Agencia de noticias cient\\u00edficas\",\"description\":\"Contamos la ciencia en tiempo real\",\"url\":\"https:\\\/\\\/agencia.unq.edu.ar\\\/\",\"logo\":{\"@type\":\"ImageObject\",\"url\":\"https:\\\/\\\/agencia.unq.edu.ar\\\/wp-content\\\/uploads\\\/2025\\\/01\\\/logo-agencia-bn-sin-fondo.png\",\"@id\":\"https:\\\/\\\/agencia.unq.edu.ar\\\/?p=37638\\\/#organizationLogo\",\"width\":904,\"height\":222,\"caption\":\"Logo Agencia de Noticias Cient\\u00edficas de la UNQ\"},\"image\":{\"@id\":\"https:\\\/\\\/agencia.unq.edu.ar\\\/?p=37638\\\/#organizationLogo\"},\"sameAs\":[\"https:\\\/\\\/www.instagram.com\\\/agencia_noticias_unq\\\/\"]},{\"@type\":\"Person\",\"@id\":\"https:\\\/\\\/agencia.unq.edu.ar\\\/?author=9#author\",\"url\":\"https:\\\/\\\/agencia.unq.edu.ar\\\/?author=9\",\"name\":\"Agencia de Noticias Cient\\u00edficas UNQ\",\"image\":{\"@type\":\"ImageObject\",\"@id\":\"https:\\\/\\\/agencia.unq.edu.ar\\\/?p=37638#authorImage\",\"url\":\"https:\\\/\\\/secure.gravatar.com\\\/avatar\\\/6148f54e56aafc06b2f656ad52c3593b72aa59646875a652d0b7a2d75f3bdeae?s=96&d=mm&r=g\",\"width\":96,\"height\":96,\"caption\":\"Agencia de Noticias Cient\\u00edficas UNQ\"}},{\"@type\":\"WebPage\",\"@id\":\"https:\\\/\\\/agencia.unq.edu.ar\\\/?p=37638#webpage\",\"url\":\"https:\\\/\\\/agencia.unq.edu.ar\\\/?p=37638\",\"name\":\"A 250 a\\u00f1os de La riqueza de las naciones: \\u00bfqu\\u00e9 dijo Adam Smith y por qu\\u00e9 deber\\u00eda importarnos tanto? - Agencia de Noticias Cient\\u00edficas de la UNQ\",\"description\":\"En este art\\u00edculo, el docente e investigador de la UNQ Federico Bekerman brinda un aporte para comprender la vigencia de un libro emblem\\u00e1tico.\",\"inLanguage\":\"es-AR\",\"isPartOf\":{\"@id\":\"https:\\\/\\\/agencia.unq.edu.ar\\\/#website\"},\"breadcrumb\":{\"@id\":\"https:\\\/\\\/agencia.unq.edu.ar\\\/?p=37638#breadcrumblist\"},\"author\":{\"@id\":\"https:\\\/\\\/agencia.unq.edu.ar\\\/?author=9#author\"},\"creator\":{\"@id\":\"https:\\\/\\\/agencia.unq.edu.ar\\\/?author=9#author\"},\"image\":{\"@type\":\"ImageObject\",\"url\":\"https:\\\/\\\/agencia.unq.edu.ar\\\/wp-content\\\/uploads\\\/2026\\\/07\\\/adam-smith.jpg\",\"@id\":\"https:\\\/\\\/agencia.unq.edu.ar\\\/?p=37638\\\/#mainImage\",\"width\":1040,\"height\":420,\"caption\":\"Estatua de Adam Smith en Edimburgo, Escocia. Cr\\u00e9ditos: Shutterstock.\"},\"primaryImageOfPage\":{\"@id\":\"https:\\\/\\\/agencia.unq.edu.ar\\\/?p=37638#mainImage\"},\"datePublished\":\"2026-07-02T16:52:43-03:00\",\"dateModified\":\"2026-07-02T16:54:25-03:00\"},{\"@type\":\"WebSite\",\"@id\":\"https:\\\/\\\/agencia.unq.edu.ar\\\/#website\",\"url\":\"https:\\\/\\\/agencia.unq.edu.ar\\\/\",\"name\":\"Agencia de noticias cient\\u00edficas\",\"description\":\"Contamos la ciencia en tiempo real\",\"inLanguage\":\"es-AR\",\"publisher\":{\"@id\":\"https:\\\/\\\/agencia.unq.edu.ar\\\/#organization\"}}]}\n\t\t<\/script>\n\t\t<!-- All in One SEO -->\n\n","aioseo_head_json":{"title":"A 250 a\u00f1os de La riqueza de las naciones: \u00bfqu\u00e9 dijo Adam Smith y por qu\u00e9 deber\u00eda importarnos tanto? - Agencia de Noticias Cient\u00edficas de la UNQ","description":"En este art\u00edculo, el docente e investigador de la UNQ Federico Bekerman brinda un aporte para comprender la vigencia de un libro emblem\u00e1tico.","canonical_url":"https:\/\/agencia.unq.edu.ar\/?p=37638","robots":"max-image-preview:large","keywords":"","webmasterTools":{"miscellaneous":""},"schema":{"@context":"https:\/\/schema.org","@graph":[{"@type":"BlogPosting","@id":"https:\/\/agencia.unq.edu.ar\/?p=37638#blogposting","name":"A 250 a\u00f1os de La riqueza de las naciones: \u00bfqu\u00e9 dijo Adam Smith y por qu\u00e9 deber\u00eda importarnos tanto? - Agencia de Noticias Cient\u00edficas de la UNQ","headline":"A 250 a\u00f1os de La riqueza de las naciones: \u00bfqu\u00e9 dijo Adam Smith y por qu\u00e9 deber\u00eda importarnos tanto?","author":{"@id":"https:\/\/agencia.unq.edu.ar\/?author=9#author"},"publisher":{"@id":"https:\/\/agencia.unq.edu.ar\/#organization"},"image":{"@type":"ImageObject","url":"https:\/\/agencia.unq.edu.ar\/wp-content\/uploads\/2026\/07\/adam-smith.jpg","width":1040,"height":420,"caption":"Estatua de Adam Smith en Edimburgo, Escocia. Cr\u00e9ditos: Shutterstock."},"datePublished":"2026-07-02T16:52:43-03:00","dateModified":"2026-07-02T16:54:25-03:00","inLanguage":"es-AR","mainEntityOfPage":{"@id":"https:\/\/agencia.unq.edu.ar\/?p=37638#webpage"},"isPartOf":{"@id":"https:\/\/agencia.unq.edu.ar\/?p=37638#webpage"},"articleSection":"Noticia destacada, Sociedad"},{"@type":"BreadcrumbList","@id":"https:\/\/agencia.unq.edu.ar\/?p=37638#breadcrumblist","itemListElement":[{"@type":"ListItem","@id":"https:\/\/agencia.unq.edu.ar#listItem","position":1,"name":"Home","item":"https:\/\/agencia.unq.edu.ar","nextItem":{"@type":"ListItem","@id":"https:\/\/agencia.unq.edu.ar\/?cat=16#listItem","name":"Noticia destacada"}},{"@type":"ListItem","@id":"https:\/\/agencia.unq.edu.ar\/?cat=16#listItem","position":2,"name":"Noticia destacada","item":"https:\/\/agencia.unq.edu.ar\/?cat=16","nextItem":{"@type":"ListItem","@id":"https:\/\/agencia.unq.edu.ar\/?p=20669#listItem","name":"Gran Hermano sin Furia: \u00bfpor qu\u00e9 la violencia predomina en la casa m\u00e1s famosa?"},"previousItem":{"@type":"ListItem","@id":"https:\/\/agencia.unq.edu.ar#listItem","name":"Home"}},{"@type":"ListItem","@id":"https:\/\/agencia.unq.edu.ar\/?p=20669#listItem","position":3,"name":"Gran Hermano sin Furia: \u00bfpor qu\u00e9 la violencia predomina en la casa m\u00e1s famosa?","previousItem":{"@type":"ListItem","@id":"https:\/\/agencia.unq.edu.ar\/?cat=16#listItem","name":"Noticia destacada"}}]},{"@type":"Organization","@id":"https:\/\/agencia.unq.edu.ar\/#organization","name":"Agencia de noticias cient\u00edficas","description":"Contamos la ciencia en tiempo real","url":"https:\/\/agencia.unq.edu.ar\/","logo":{"@type":"ImageObject","url":"https:\/\/agencia.unq.edu.ar\/wp-content\/uploads\/2025\/01\/logo-agencia-bn-sin-fondo.png","@id":"https:\/\/agencia.unq.edu.ar\/?p=37638\/#organizationLogo","width":904,"height":222,"caption":"Logo Agencia de Noticias Cient\u00edficas de la UNQ"},"image":{"@id":"https:\/\/agencia.unq.edu.ar\/?p=37638\/#organizationLogo"},"sameAs":["https:\/\/www.instagram.com\/agencia_noticias_unq\/"]},{"@type":"Person","@id":"https:\/\/agencia.unq.edu.ar\/?author=9#author","url":"https:\/\/agencia.unq.edu.ar\/?author=9","name":"Agencia de Noticias Cient\u00edficas UNQ","image":{"@type":"ImageObject","@id":"https:\/\/agencia.unq.edu.ar\/?p=37638#authorImage","url":"https:\/\/secure.gravatar.com\/avatar\/6148f54e56aafc06b2f656ad52c3593b72aa59646875a652d0b7a2d75f3bdeae?s=96&d=mm&r=g","width":96,"height":96,"caption":"Agencia de Noticias Cient\u00edficas UNQ"}},{"@type":"WebPage","@id":"https:\/\/agencia.unq.edu.ar\/?p=37638#webpage","url":"https:\/\/agencia.unq.edu.ar\/?p=37638","name":"A 250 a\u00f1os de La riqueza de las naciones: \u00bfqu\u00e9 dijo Adam Smith y por qu\u00e9 deber\u00eda importarnos tanto? - Agencia de Noticias Cient\u00edficas de la UNQ","description":"En este art\u00edculo, el docente e investigador de la UNQ Federico Bekerman brinda un aporte para comprender la vigencia de un libro emblem\u00e1tico.","inLanguage":"es-AR","isPartOf":{"@id":"https:\/\/agencia.unq.edu.ar\/#website"},"breadcrumb":{"@id":"https:\/\/agencia.unq.edu.ar\/?p=37638#breadcrumblist"},"author":{"@id":"https:\/\/agencia.unq.edu.ar\/?author=9#author"},"creator":{"@id":"https:\/\/agencia.unq.edu.ar\/?author=9#author"},"image":{"@type":"ImageObject","url":"https:\/\/agencia.unq.edu.ar\/wp-content\/uploads\/2026\/07\/adam-smith.jpg","@id":"https:\/\/agencia.unq.edu.ar\/?p=37638\/#mainImage","width":1040,"height":420,"caption":"Estatua de Adam Smith en Edimburgo, Escocia. Cr\u00e9ditos: Shutterstock."},"primaryImageOfPage":{"@id":"https:\/\/agencia.unq.edu.ar\/?p=37638#mainImage"},"datePublished":"2026-07-02T16:52:43-03:00","dateModified":"2026-07-02T16:54:25-03:00"},{"@type":"WebSite","@id":"https:\/\/agencia.unq.edu.ar\/#website","url":"https:\/\/agencia.unq.edu.ar\/","name":"Agencia de noticias cient\u00edficas","description":"Contamos la ciencia en tiempo real","inLanguage":"es-AR","publisher":{"@id":"https:\/\/agencia.unq.edu.ar\/#organization"}}]},"og:locale":"es_ES","og:site_name":"Agencia de Noticias Cient\u00edficas de la UNQ","og:type":"article","og:title":"A 250 a\u00f1os de La riqueza de las naciones: \u00bfqu\u00e9 dijo Adam Smith y por qu\u00e9 deber\u00eda importarnos tanto? - Agencia de Noticias Cient\u00edficas de la UNQ","og:description":"En este art\u00edculo, el docente e investigador de la UNQ Federico Bekerman brinda un aporte para comprender la vigencia de un libro emblem\u00e1tico.","og:url":"https:\/\/agencia.unq.edu.ar\/?p=37638","og:image":"https:\/\/agencia.unq.edu.ar\/wp-content\/uploads\/2026\/07\/adam-smith.jpg","og:image:secure_url":"https:\/\/agencia.unq.edu.ar\/wp-content\/uploads\/2026\/07\/adam-smith.jpg","og:image:width":1040,"og:image:height":420,"article:published_time":"2026-07-02T19:52:43+00:00","article:modified_time":"2026-07-02T19:54:25+00:00","twitter:card":"summary_large_image","twitter:site":"@Agencia__UNQ","twitter:title":"A 250 a\u00f1os de La riqueza de las naciones: \u00bfqu\u00e9 dijo Adam Smith y por qu\u00e9 deber\u00eda importarnos tanto? - Agencia de Noticias Cient\u00edficas de la UNQ","twitter:description":"En este art\u00edculo, el docente e investigador de la UNQ Federico Bekerman brinda un aporte para comprender la vigencia de un libro emblem\u00e1tico.","twitter:image":"https:\/\/agencia.unq.edu.ar\/wp-content\/uploads\/2026\/07\/adam-smith.jpg"},"aioseo_meta_data":{"post_id":"20669","title":null,"description":null,"keywords":null,"keyphrases":{"focus":{"keyphrase":"","score":0,"analysis":{"keyphraseInTitle":{"score":0,"maxScore":9,"error":1}}},"additional":[]},"primary_term":null,"canonical_url":null,"og_title":null,"og_description":null,"og_object_type":"default","og_image_type":"default","og_image_url":null,"og_image_width":null,"og_image_height":null,"og_image_custom_url":null,"og_image_custom_fields":null,"og_video":"","og_custom_url":null,"og_article_section":null,"og_article_tags":null,"twitter_use_og":true,"twitter_card":"default","twitter_image_type":"default","twitter_image_url":null,"twitter_image_custom_url":null,"twitter_image_custom_fields":null,"twitter_title":null,"twitter_description":null,"schema":{"blockGraphs":[],"customGraphs":[],"default":{"data":{"Article":[],"Course":[],"Dataset":[],"FAQPage":[],"Movie":[],"Person":[],"Product":[],"ProductReview":[],"Car":[],"Recipe":[],"Service":[],"SoftwareApplication":[],"WebPage":[]},"graphName":"BlogPosting","isEnabled":true},"graphs":[]},"schema_type":"default","schema_type_options":null,"pillar_content":false,"robots_default":true,"robots_noindex":false,"robots_noarchive":false,"robots_nosnippet":false,"robots_nofollow":false,"robots_noimageindex":false,"robots_noodp":false,"robots_notranslate":false,"robots_max_snippet":"-1","robots_max_videopreview":"-1","robots_max_imagepreview":"large","priority":null,"frequency":"default","local_seo":null,"breadcrumb_settings":null,"limit_modified_date":false,"ai":null,"created":"2024-06-19 16:37:42","updated":"2025-06-05 07:34:56","seo_analyzer_scan_date":null,"focus_keyword":null,"additional_keywords":null,"truseo_locale":null},"aioseo_breadcrumb":"<div class=\"aioseo-breadcrumbs\"><span class=\"aioseo-breadcrumb\">\n\t\t\t<a href=\"https:\/\/agencia.unq.edu.ar\" title=\"Home\">Home<\/a>\n\t\t<\/span><span class=\"aioseo-breadcrumb-separator\">&raquo;<\/span><span class=\"aioseo-breadcrumb\">\n\t\t\t<a href=\"https:\/\/agencia.unq.edu.ar\/?cat=16\" title=\"Noticia destacada\">Noticia destacada<\/a>\n\t\t<\/span><span class=\"aioseo-breadcrumb-separator\">&raquo;<\/span><span class=\"aioseo-breadcrumb\">\n\t\t\tGran Hermano sin Furia: \u00bfpor qu\u00e9 la violencia predomina en la casa m\u00e1s famosa?\n\t\t<\/span><\/div>","aioseo_breadcrumb_json":[{"label":"Home","link":"https:\/\/agencia.unq.edu.ar"},{"label":"Noticia destacada","link":"https:\/\/agencia.unq.edu.ar\/?cat=16"},{"label":"Gran Hermano sin Furia: \u00bfpor qu\u00e9 la violencia predomina en la casa m\u00e1s famosa?","link":"https:\/\/agencia.unq.edu.ar\/?p=20669"}],"uagb_featured_image_src":{"full":["https:\/\/agencia.unq.edu.ar\/wp-content\/uploads\/2024\/06\/Furia-Scaglione-Gran-Hermano.jpg",1040,420,false],"thumbnail":["https:\/\/agencia.unq.edu.ar\/wp-content\/uploads\/2024\/06\/Furia-Scaglione-Gran-Hermano.jpg",150,61,false],"medium":["https:\/\/agencia.unq.edu.ar\/wp-content\/uploads\/2024\/06\/Furia-Scaglione-Gran-Hermano.jpg",960,388,false],"medium_large":["https:\/\/agencia.unq.edu.ar\/wp-content\/uploads\/2024\/06\/Furia-Scaglione-Gran-Hermano.jpg",768,310,false],"large":["https:\/\/agencia.unq.edu.ar\/wp-content\/uploads\/2024\/06\/Furia-Scaglione-Gran-Hermano.jpg",1040,420,false],"1536x1536":["https:\/\/agencia.unq.edu.ar\/wp-content\/uploads\/2024\/06\/Furia-Scaglione-Gran-Hermano.jpg",1040,420,false],"2048x2048":["https:\/\/agencia.unq.edu.ar\/wp-content\/uploads\/2024\/06\/Furia-Scaglione-Gran-Hermano.jpg",1040,420,false],"smart-post-landscape":["https:\/\/agencia.unq.edu.ar\/wp-content\/uploads\/2024\/06\/Furia-Scaglione-Gran-Hermano.jpg",870,351,false],"smart-post-portrait":["https:\/\/agencia.unq.edu.ar\/wp-content\/uploads\/2024\/06\/Furia-Scaglione-Gran-Hermano.jpg",600,242,false]},"uagb_author_info":{"display_name":"Luciana Mazzini Puga","author_link":"https:\/\/agencia.unq.edu.ar\/?author=4"},"uagb_comment_info":0,"uagb_excerpt":"La jugadora m\u00e1s destacada del certamen qued\u00f3 eliminada. Su agresividad la enalteci\u00f3 y luego la desterr\u00f3 del certamen.","blog_post_layout_featured_media_urls":{"thumbnail":["https:\/\/agencia.unq.edu.ar\/wp-content\/uploads\/2024\/06\/Furia-Scaglione-Gran-Hermano.jpg",150,61,false],"full":["https:\/\/agencia.unq.edu.ar\/wp-content\/uploads\/2024\/06\/Furia-Scaglione-Gran-Hermano.jpg",1040,420,false]},"categories_names":{"16":{"name":"Noticia destacada","link":"https:\/\/agencia.unq.edu.ar\/?cat=16"},"363":{"name":"Sociedad","link":"https:\/\/agencia.unq.edu.ar\/?cat=363"}},"tags_names":[],"comments_number":"0","_links":{"self":[{"href":"https:\/\/agencia.unq.edu.ar\/index.php?rest_route=\/wp\/v2\/posts\/20669","targetHints":{"allow":["GET"]}}],"collection":[{"href":"https:\/\/agencia.unq.edu.ar\/index.php?rest_route=\/wp\/v2\/posts"}],"about":[{"href":"https:\/\/agencia.unq.edu.ar\/index.php?rest_route=\/wp\/v2\/types\/post"}],"author":[{"embeddable":true,"href":"https:\/\/agencia.unq.edu.ar\/index.php?rest_route=\/wp\/v2\/users\/4"}],"replies":[{"embeddable":true,"href":"https:\/\/agencia.unq.edu.ar\/index.php?rest_route=%2Fwp%2Fv2%2Fcomments&post=20669"}],"version-history":[{"count":10,"href":"https:\/\/agencia.unq.edu.ar\/index.php?rest_route=\/wp\/v2\/posts\/20669\/revisions"}],"predecessor-version":[{"id":20701,"href":"https:\/\/agencia.unq.edu.ar\/index.php?rest_route=\/wp\/v2\/posts\/20669\/revisions\/20701"}],"wp:featuredmedia":[{"embeddable":true,"href":"https:\/\/agencia.unq.edu.ar\/index.php?rest_route=\/wp\/v2\/media\/20690"}],"wp:attachment":[{"href":"https:\/\/agencia.unq.edu.ar\/index.php?rest_route=%2Fwp%2Fv2%2Fmedia&parent=20669"}],"wp:term":[{"taxonomy":"category","embeddable":true,"href":"https:\/\/agencia.unq.edu.ar\/index.php?rest_route=%2Fwp%2Fv2%2Fcategories&post=20669"},{"taxonomy":"post_tag","embeddable":true,"href":"https:\/\/agencia.unq.edu.ar\/index.php?rest_route=%2Fwp%2Fv2%2Ftags&post=20669"}],"curies":[{"name":"wp","href":"https:\/\/api.w.org\/{rel}","templated":true}]}}