{"id":21184,"date":"2024-07-11T12:45:42","date_gmt":"2024-07-11T15:45:42","guid":{"rendered":"https:\/\/agencia.unq.edu.ar\/?p=21184"},"modified":"2024-07-11T13:13:04","modified_gmt":"2024-07-11T16:13:04","slug":"un-estado-con-ausencia-planificada-mas-de-700-pediatras-del-pais-alertan-sobre-el-hambre-infantil","status":"publish","type":"post","link":"https:\/\/agencia.unq.edu.ar\/?p=21184","title":{"rendered":"Un Estado con ausencia planificada: m\u00e1s de 700 pediatras del pa\u00eds alertan sobre el hambre infantil"},"content":{"rendered":"\n<p class=\"has-medium-font-size wp-block-paragraph\">La profesional In\u00e9s Larramendy afirma a la Agencia que las infancias &#8220;apenas llegan a cubrir una comida diaria&#8221;. Qu\u00e9 consecuencias podr\u00eda afrontar la poblaci\u00f3n. <\/p>\n\n\n\n<figure class=\"wp-block-image aligncenter size-full\"><img loading=\"lazy\" decoding=\"async\" width=\"1040\" height=\"520\" src=\"https:\/\/agencia.unq.edu.ar\/wp-content\/uploads\/2024\/07\/No-al-hambre-infantil-Argentina.jpg\" alt=\"Cr\u00e9ditos: Indymedia Argentina.\" class=\"wp-image-21186\"\/><figcaption class=\"wp-element-caption\">Cr\u00e9ditos: Indymedia Argentina.<\/figcaption><\/figure>\n\n\n\n<p class=\"wp-block-paragraph\">De manera reciente, m\u00e1s de 700 pediatras de todo el pa\u00eds lanzaron una carta abierta titulada \u201cNo al hambre de las ni\u00f1eces en Argentina y sus familias\u201d, donde denuncian que las decisiones tomadas por el gobierno nacional afectan el nacimiento y crecimiento de las infancias y adolescencias argentinas. En di\u00e1logo con la <a href=\"https:\/\/agencia.unq.edu.ar\/\" target=\"_blank\" rel=\"noopener\" title=\"\">Agencia de Noticias Cient\u00edficas de la Universidad Nacional de Quilmes<\/a>, la pediatra firmante <strong>In\u00e9s Larramendy<\/strong> apunta: \u201cQueremos que la poblaci\u00f3n se entere de lo que est\u00e1 sucediendo pero, principalmente, <strong>apelar a que el gobierno nacional y los otros dos poderes del Estado reflexionen para que esto no se convierta en una tragedia sanitaria<\/strong>\u201d. <\/p>\n\n\n\n<p class=\"wp-block-paragraph\">Seg\u00fan el Indec, <strong>m\u00e1s del 40 por ciento de la poblaci\u00f3n es pobre y la indigencia ronda el 12 por ciento. A\u00fan as\u00ed, el ministerio de Capital Humano, liderado por Sandra Pettovello, no reparte cientos de alimentos <\/strong>que tiene guardados en galpones y que deber\u00edan ser destinados a comedores comunitarios y merenderos. En la carta, los y las pediatras denuncian, ante esta decisi\u00f3n, que<strong> la falta de medidas para garantizar \u201cla continuidad de la alimentaci\u00f3n de las ni\u00f1eces y sus familias atenta contra su vida presente y futura\u201d.<\/strong><\/p>\n\n\n\n<p class=\"wp-block-paragraph\">\u201c<strong>Con un plan organizado<\/strong>, el Estado decidi\u00f3 no repartir ni comprar m\u00e1s alimentos. Nos duele personalmente cada chiquito o cada embarazada con hambre que vemos porque sabemos que<strong> el fruto de ese embarazo va a ser nuestro paciente en un futuro y que va a nacer en condiciones diferentes a las de una madre bien alimentada<\/strong>\u201d, explica Larramendy.&nbsp;<\/p>\n\n\n\n<p class=\"wp-block-paragraph\">Los relatos de los pediatras de las distintas provincias, y que en su gran mayor\u00eda atienden en barrios populares, coinciden en que<strong> las infancias viven d\u00eda a d\u00eda con la sensaci\u00f3n de hambre y que cubren, con suerte, una comida al d\u00eda<\/strong>. Si esto se vuelve cr\u00f3nico, detalla la pediatra consultada por la <a href=\"https:\/\/agencia.unq.edu.ar\/\" target=\"_blank\" rel=\"noopener\" title=\"\">Agencia<\/a>, se transformar\u00e1 en un problema biol\u00f3gico, lo que implica: <strong>carencias nutricionales, falta de hierro y vitamina D, da\u00f1os en los tejidos y en el sistema nervioso central<\/strong> (el cual se desarrolla pr\u00e1cticamente en los primeros dos a\u00f1os de vida).&nbsp;<\/p>\n\n\n\n<p class=\"wp-block-paragraph\">\u201c<strong>Tampoco se est\u00e1 cumpliendo el Plan 1000 d\u00edas<\/strong>, destinado a la atenci\u00f3n y cuidado integral de la salud durante el embarazo y la primera infancia\u201d, se\u00f1ala Larramendy. A su vez, en la carta abierta se explica que seg\u00fan la <a href=\"https:\/\/servicios.infoleg.gob.ar\/infolegInternet\/anexos\/110000-114999\/110778\/norma.htm\" target=\"_blank\" rel=\"noopener\" title=\"\">Ley de Protecci\u00f3n Integral de los Derechos de Ni\u00f1as, Ni\u00f1os y Adolescentes (Ley 26.061\/2006)<\/a>,<strong> los pediatras junto con las familias y la comunidad son responsables de velar por los derechos de las infancias y luchar por ellos<\/strong> en caso de que sean vulnerados.<\/p>\n\n\n\n<figure class=\"wp-block-image aligncenter size-full\"><img loading=\"lazy\" decoding=\"async\" width=\"750\" height=\"500\" src=\"https:\/\/agencia.unq.edu.ar\/wp-content\/uploads\/2024\/07\/Con-el-hambre-del-pueblo-no-se-negocia.jpg\" alt=\"Cr\u00e9ditos: La Nueva Ma\u00f1ana\n\" class=\"wp-image-21187\"\/><figcaption class=\"wp-element-caption\">Cr\u00e9ditos: La Nueva Ma\u00f1ana\n<\/figcaption><\/figure>\n\n\n\n<p class=\"wp-block-paragraph\">\u201cSalimos a hablar no solo porque nos duele la situaci\u00f3n sino porque de otra manera estar\u00edamos incumpliendo con la ley, sabemos que<strong> el silencio es c\u00f3mplice<\/strong>\u201d, explica Larramendy. Asimismo, enfatiza que<strong> el gobierno tampoco est\u00e1 cumpliendo tratados internacionales que tienen jerarqu\u00eda constitucional, <\/strong>como la Convenci\u00f3n sobre los Derechos del Ni\u00f1o y el Pacto Internacional de Derechos Econ\u00f3micos, Sociales y Culturales.<\/p>\n\n\n\n<h2 class=\"wp-block-heading\">No hay tiempo<\/h2>\n\n\n\n<p class=\"wp-block-paragraph\"><strong>Todo esto es contradictorio para el gobierno, que desde el d\u00eda de su asunci\u00f3n asever\u00f3: \u201cDentro de la ley todo, fuera de la ley nada\u201d<\/strong>. \u201cIncluso dicen que quieren una escolaridad mejor pero si ten\u00e9s a chicos con hambre es imposible pensar en eso. <strong>Las infancias que hoy no comen o lo hacen apenas no van a poder pensar en una escuela ni van a poder elaborar un pensamiento abstracto<\/strong>, desde el punto de vista cognitivo, porque van a estar da\u00f1ados por la falta de nutrientes\u201d, denuncia Larramendy.<\/p>\n\n\n\n<p class=\"wp-block-paragraph\">Si bien gran parte de los y las pediatras que firman la carta forman parte de la Sociedad Argentina de Pediatr\u00eda, la instituci\u00f3n como tal a\u00fan no ha lanzado un comunicado oficial por cuestiones burocr\u00e1ticas pero, en palabras de Larramendy, <strong>una infancia con hambre no puede esperar los tiempos de la burocracia<\/strong>.<\/p>\n\n\n\n<p class=\"wp-block-paragraph\">\u201cEn 2001, el titular de la Sociedad de aquel entonces, Horacio Lejarraga, dijo en la Cumbre Mundial en favor de la Infancia que<strong> descuidar a los ni\u00f1os es descuidar el presente y el futuro y ah\u00ed la econom\u00eda no tiene sentido porque el verdadero riesgo pa\u00eds que todos los d\u00edas nos aparece en el televisor son las infancias<\/strong>\u201d, rememora Larramendy ante la <a href=\"https:\/\/agencia.unq.edu.ar\/\" target=\"_blank\" rel=\"noopener\" title=\"\">Agencia<\/a>. Y agrega: \u201cEsa era la postura de la Sociedad en la crisis del 2001 y es la que tendr\u00edamos que replicar ahora\u201d.<\/p>\n\n\n\n<div style=\"height:40px\" aria-hidden=\"true\" class=\"wp-block-spacer\"><\/div>\n\n\n\n<hr class=\"wp-block-separator has-text-color has-css-opacity has-background is-style-wide\" style=\"background-color:#fea50e;color:#fea50e\"\/>\n\n\n\n<h4 class=\"wp-block-heading\" id=\"publicaciones-relacionadas\">\u00daltimas noticias de la secci\u00f3n Pol\u00edtica:<\/h4>\n\n\n<style id=\"sp_pcp_dynamic_style3318\">#pcp_wrapper-3318:not(.sps-glossary-layout) .sp-pcp-row,#pcp_wrapper-3318 .sps-glossary-items-group .sps-glossary-items-content {margin-right: -10px;margin-left: -10px;}#pcp_wrapper-3318 .sp-pcp-row [class*='sp-pcp-col-']{padding-right: 10px;padding-left: 10px; padding-bottom:20px;}.pcp-wrapper-3318 .sp-pcp-title a {color: #ac162c;display: inherit;} .pcp-wrapper-3318 .sp-pcp-title a:hover {color: #fea50e;}#pcp_wrapper-3318 .dots .swiper-pagination-bullet{ background: #ac162c; } #pcp_wrapper-3318 .dots .swiper-pagination-bullet-active { background: #fea50e; }#pcp_wrapper-3318 .pcp-button-prev,#pcp_wrapper-3318 .pcp-button-next{ background-image: none; background-size: auto; background-color: #fff; height: 33px; width: 33px; margin-top: 8px; border: 1px solid #aaa; text-align: center; line-height: 30px; -webkit-transition: 0.3s; border-radius: 3px; }#pcp_wrapper-3318 .pcp-button-prev:hover, #pcp_wrapper-3318 .pcp-button-next:hover{ background-color: #fea50e; border-color: #ac162c; } #pcp_wrapper-3318 .pcp-button-prev .fa, #pcp_wrapper-3318 .pcp-button-next .fa { color: #000000; } #pcp_wrapper-3318 .pcp-button-prev:hover .fa, #pcp_wrapper-3318 .pcp-button-next:hover .fa { color: #fff; } #pcp_wrapper-3318.pcp-carousel-wrapper .sp-pcp-post{ margin-top: 0; }#pcp_wrapper-3318 .sp-pcp-post {padding: 0 0 0 0;}#pcp_wrapper-3318.sp-slider_layout .sp-pcp-post .sp-pcp-post-details {top: 0; right:0; bottom:0; left:0;}#pcp_wrapper-3318 .sp-pcp-post {border: 0px solid #e2e2e2; border-radius: 0px }#pcp_wrapper-3318 .sp-pcp-post{background-color: transparent;}#pcp_wrapper-3318 .pcp-post-thumb-wrapper{border: 0px solid #dddddd;border-radius:0px;}.pcp-wrapper-3318 .sp-pcp-post-meta li,.pcp-wrapper-3318 .sp-pcp-post-meta ul,.pcp-wrapper-3318 .sp-pcp-post-meta li a{color: #888;}.pcp-wrapper-3318 .sp-pcp-post-meta li a:hover{color: #e1624b;}#pcp_wrapper-3318 .pcp-post-pagination .page-numbers.current, #pcp_wrapper-3318 .pcp-post-pagination a.active , #pcp_wrapper-3318 .pcp-post-pagination a:hover{ color: #ffffff; background: #e1624b; border-color: #e1624b; }#pcp_wrapper-3318 .pcp-post-pagination .page-numbers, .pcp-post-pagination a{ background: #ffffff; color:#5e5e5e; border: 2px solid #bbbbbb;border-radius: 2px; }#pcp_wrapper-3318 .pcp-post-pagination{text-align: left;}@media (min-width: 1200px) {.sp-pcp-row .sp-pcp-col-xl-1 {flex: 0 0 100%;}.sp-pcp-row .sp-pcp-col-xl-2 {flex: 1 1 calc( 50% - 20px);}.sp-pcp-row .sp-pcp-col-xl-3 {flex: 1 1 calc( 33.333% - 20px);}.sp-pcp-row .sp-pcp-col-xl-4 {flex: 1 1 calc( 25% - 20px);}.sp-pcp-row .sp-pcp-col-xl-5 { flex: 1 1 calc( 20% - 20px);}.sp-pcp-row .sp-pcp-col-xl-6 {flex: 1 1 calc( 16.66666666666667% - 20px);}.sp-pcp-row .sp-pcp-col-xl-7 {flex: 1 1 calc( 14.28571428% - 20px);}.sp-pcp-row .sp-pcp-col-xl-8 {flex: 1 1 calc( 12.5% - 20px);}}@media (max-width: 1200px) {.sp-pcp-row .sp-pcp-col-lg-1 {flex: 0 0 100%;}.sp-pcp-row .sp-pcp-col-lg-2 {flex: 1 1 calc( 50% - 20px);}.sp-pcp-row .sp-pcp-col-lg-3 {flex: 1 1 calc( 33.333% - 20px);}.sp-pcp-row .sp-pcp-col-lg-4 {flex: 1 1 calc( 25% - 20px);}.sp-pcp-row .sp-pcp-col-lg-5 { flex: 1 1 calc( 20% - 20px);}.sp-pcp-row .sp-pcp-col-lg-6 {flex: 1 1 calc( 16.66666666666667% - 20px);}.sp-pcp-row .sp-pcp-col-lg-7 {flex: 1 1 calc( 14.28571428% - 20px);}.sp-pcp-row .sp-pcp-col-lg-8 {flex: 1 1 calc( 12.5% - 20px);}}@media (max-width: 992px) {.sp-pcp-row .sp-pcp-col-md-1 {flex: 0 0 100%;}.sp-pcp-row .sp-pcp-col-md-2 {flex: 1 1 calc( 50% - 20px);}.sp-pcp-row .sp-pcp-col-md-2-5 {flex: 0 0 75%;}.sp-pcp-row .sp-pcp-col-md-3 {flex: 1 1 calc( 33.333% - 20px);}.sp-pcp-row .sp-pcp-col-md-4 {flex: 1 1 calc( 25% - 20px);}.sp-pcp-row .sp-pcp-col-md-5 { flex: 1 1 calc( 20% - 20px);}.sp-pcp-row .sp-pcp-col-md-6 {flex: 1 1 calc( 16.66666666666667% - 20px);}.sp-pcp-row .sp-pcp-col-md-7 {flex: 1 1 calc( 14.28571428% - 20px);}.sp-pcp-row .sp-pcp-col-md-8 {flex: 1 1 calc( 12.5% - 20px);}}@media (max-width: 768px) {.sp-pcp-row .sp-pcp-col-sm-1 {flex: 0 0 100%;}.sp-pcp-row .sp-pcp-col-sm-2 {flex: 1 1 calc( 50% - 20px);}.sp-pcp-row .sp-pcp-col-sm-2-5 {flex: 0 0 75%;}.sp-pcp-row .sp-pcp-col-sm-3 {flex: 1 1 calc( 33.333% - 20px);}.sp-pcp-row .sp-pcp-col-sm-4 {flex: 1 1 calc( 25% - 20px);}.sp-pcp-row .sp-pcp-col-sm-5 { flex: 1 1 calc( 20% - 20px);}.sp-pcp-row .sp-pcp-col-sm-6 {flex: 1 1 calc( 16.66666666666667% - 20px);}.sp-pcp-row .sp-pcp-col-sm-7 {flex: 1 1 calc( 14.28571428% - 20px);}.sp-pcp-row .sp-pcp-col-sm-8 {flex: 1 1 calc( 12.5% - 20px);}}@media (max-width: 420px) {.sp-pcp-row .sp-pcp-col-xs-1 {flex: 0 0 100%;}.sp-pcp-row .sp-pcp-col-xs-2 {flex: 1 1 calc( 50% - 20px);}.sp-pcp-row .sp-pcp-col-xs-3 {flex: 1 1 calc( 33.333% - 20px);}.sp-pcp-row .sp-pcp-col-xs-4 {flex: 1 1 calc( 25% - 20px);}.sp-pcp-row .sp-pcp-col-xs-5 { flex: 1 1 calc( 20% - 20px);}.sp-pcp-row .sp-pcp-col-xs-6 {flex: 1 1 calc( 16.66666666666667% - 20px);}.sp-pcp-row .sp-pcp-col-xs-7 {flex: 1 1 calc( 14.28571428% - 20px);}.sp-pcp-row .sp-pcp-col-xs-8 {flex: 1 1 calc( 12.5% - 20px);}}<\/style><!-- Markup Starts -->\n<div id=\"pcp_wrapper-3318\" class=\"sp-pcp-section sp-pcp-container pcp-wrapper-3318 pcp-carousel-wrapper standard sp-carousel_layout\" data-sid=\"3318\">\n\t<div id=\"sp-pcp-id-3318\" class=\"swiper-container sp-pcp-carousel top_right\" dir=\"ltr\" data-carousel='{ \"speed\":600, \"items\":3, \"spaceBetween\":20, \"dynamicBullets\": false, \"navigation\":true, \"pagination\": true, \"autoplay\": true, \"autoplay_speed\": 2000, \"loop\": true, \"autoHeight\": false, \"lazy\":  true, \"simulateTouch\": true, \"freeMode\": false, \"slider_mouse_wheel\": false,\"allowTouchMove\": true, \"slidesPerView\": {\"lg_desktop\": 3, \"desktop\": 3, \"tablet\": 2, \"mobile_landscape\": 1, \"mobile\": 1}, \"navigation_mobile\": true, \"pagination_mobile\": true, \"stop_onHover\": true, \"enabled\": true, \"prevSlideMessage\": \"Previous slide\", \"nextSlideMessage\": \"Next slide\", \"firstSlideMessage\": \"This is the first slide\", \"lastSlideMessage\": \"This is the last slide\", \"keyboard\": \"true\", \"paginationBulletMessage\": \"Go to slide {{index}}\" }'>\n\t\t\t<div class=\"swiper-wrapper\">\n\t\t\t\t\t\t<div class=\" swiper-slide swiper-lazy\">\n\t\t\t<div class=\"sp-pcp-post default pcp-item-38911\" data-id=\"38911\">\n\t\t\t\t\t\t\t\t<div class=\"pcp-post-thumb-wrapper\">\n\t\t\t\t\t<div class=\"sp-pcp-post-thumb-area\">\n\t\t\t\t\t\t\t\t\t\t\t\t<a class=\"sp-pcp-thumb\" href=\"https:\/\/agencia.unq.edu.ar\/?p=38911\" target=\"_self\" >\n\t\t\t\t\t\t\t\t\t\t\t\t\t<img loading=\"lazy\" decoding=\"async\" src=\"https:\/\/agencia.unq.edu.ar\/wp-content\/uploads\/2026\/09\/Federico-Werkmann-2.jpg\" width=\"1040\" height=\"420\" alt=\"Federico Werkmann, secretario de Legal y T\u00e9cnica de la Universidad Nacional de Quilmes. Cr\u00e9ditos: Nicol\u00e1s Retamar \/ Agencia de Noticias Cient\u00edficas UNQ.\">\n\t\t\t\t\t\t<\/a>\n\t\t\t\t\t<\/div>\n\t\t\t\t<\/div>\n\t\t\t\t\t\t\t\t<div class=\"sp-pcp-post-details\">\n\t\t\t\t\t<div class=\"sp-pcp-post-details-content\">\n\t\t\t\t\t\t\t\t<h4 class=\"sp-pcp-title\">\n\t\t\t\t\t\t\t\t\t<a href=\"https:\/\/agencia.unq.edu.ar\/?p=38911\"  target=\"_self\">Federico Werkmann: \u201cEl fallo de la Corte es irreversible, lo \u00fanico que tiene que hacer el gobierno es cumplir la Ley\u201d<\/a>\t\t\t\t\t\t\t<\/h4>\n\t\t\t\t\t\t\t\t\t<\/div>\n\t\t\t\t<\/div>\n\t\t\t<\/div>\n\t\t<\/div>\n\t\t\t\t<div class=\" swiper-slide swiper-lazy\">\n\t\t\t<div class=\"sp-pcp-post default pcp-item-38836\" data-id=\"38836\">\n\t\t\t\t\t\t\t\t<div class=\"pcp-post-thumb-wrapper\">\n\t\t\t\t\t<div class=\"sp-pcp-post-thumb-area\">\n\t\t\t\t\t\t\t\t\t\t\t\t<a class=\"sp-pcp-thumb\" href=\"https:\/\/agencia.unq.edu.ar\/?p=38836\" target=\"_self\" >\n\t\t\t\t\t\t\t\t\t\t\t\t\t<img loading=\"lazy\" decoding=\"async\" src=\"https:\/\/agencia.unq.edu.ar\/wp-content\/uploads\/2026\/07\/Milei-cumpli-la-Ley.jpg\" width=\"1040\" height=\"420\" alt=\"Pasacalles exigiendo el cumplimiento de la Ley durante la \u00faltima Marcha Universitaria. Cr\u00e9ditos: Huellas del Sur.\">\n\t\t\t\t\t\t<\/a>\n\t\t\t\t\t<\/div>\n\t\t\t\t<\/div>\n\t\t\t\t\t\t\t\t<div class=\"sp-pcp-post-details\">\n\t\t\t\t\t<div class=\"sp-pcp-post-details-content\">\n\t\t\t\t\t\t\t\t<h4 class=\"sp-pcp-title\">\n\t\t\t\t\t\t\t\t\t<a href=\"https:\/\/agencia.unq.edu.ar\/?p=38836\"  target=\"_self\">Ley de Financiamiento Universitario: el gobierno se reuni\u00f3 con los sindicatos y ofreci\u00f3 un 3 por ciento de aumento cuando debe un 31<\/a>\t\t\t\t\t\t\t<\/h4>\n\t\t\t\t\t\t\t\t\t<\/div>\n\t\t\t\t<\/div>\n\t\t\t<\/div>\n\t\t<\/div>\n\t\t\t\t<div class=\" swiper-slide swiper-lazy\">\n\t\t\t<div class=\"sp-pcp-post default pcp-item-38778\" data-id=\"38778\">\n\t\t\t\t\t\t\t\t<div class=\"pcp-post-thumb-wrapper\">\n\t\t\t\t\t<div class=\"sp-pcp-post-thumb-area\">\n\t\t\t\t\t\t\t\t\t\t\t\t<a class=\"sp-pcp-thumb\" href=\"https:\/\/agencia.unq.edu.ar\/?p=38778\" target=\"_self\" >\n\t\t\t\t\t\t\t\t\t\t\t\t\t<img loading=\"lazy\" decoding=\"async\" src=\"https:\/\/agencia.unq.edu.ar\/wp-content\/uploads\/2026\/08\/Salud-mental-suicidios.jpg\" width=\"1040\" height=\"420\" alt=\"La tasa de sucidios en Argentina durante 2025 super\u00f3 las cifras de la dictadura y el 2001. Cr\u00e9ditos: El Peri\u00f3dico.\">\n\t\t\t\t\t\t<\/a>\n\t\t\t\t\t<\/div>\n\t\t\t\t<\/div>\n\t\t\t\t\t\t\t\t<div class=\"sp-pcp-post-details\">\n\t\t\t\t\t<div class=\"sp-pcp-post-details-content\">\n\t\t\t\t\t\t\t\t<h4 class=\"sp-pcp-title\">\n\t\t\t\t\t\t\t\t\t<a href=\"https:\/\/agencia.unq.edu.ar\/?p=38778\"  target=\"_self\">Cifras de una \u00e9poca: radiograf\u00eda del suicidio en tiempos de ajuste\u00a0<\/a>\t\t\t\t\t\t\t<\/h4>\n\t\t\t\t\t\t\t\t\t<\/div>\n\t\t\t\t<\/div>\n\t\t\t<\/div>\n\t\t<\/div>\n\t\t\t\t<div class=\" swiper-slide swiper-lazy\">\n\t\t\t<div class=\"sp-pcp-post default pcp-item-38747\" data-id=\"38747\">\n\t\t\t\t\t\t\t\t<div class=\"pcp-post-thumb-wrapper\">\n\t\t\t\t\t<div class=\"sp-pcp-post-thumb-area\">\n\t\t\t\t\t\t\t\t\t\t\t\t<a class=\"sp-pcp-thumb\" href=\"https:\/\/agencia.unq.edu.ar\/?p=38747\" target=\"_self\" >\n\t\t\t\t\t\t\t\t\t\t\t\t\t<img loading=\"lazy\" decoding=\"async\" src=\"https:\/\/agencia.unq.edu.ar\/wp-content\/uploads\/2026\/08\/Pacto-Digital-CDMX-Clara-Brugada.jpg\" width=\"1040\" height=\"420\" alt=\"Clara Brugada, jefa de gobierno de la Ciudad de M\u00e9xico. Cr\u00e9ditos: Conexi\u00f3n Radio Noticias.\">\n\t\t\t\t\t\t<\/a>\n\t\t\t\t\t<\/div>\n\t\t\t\t<\/div>\n\t\t\t\t\t\t\t\t<div class=\"sp-pcp-post-details\">\n\t\t\t\t\t<div class=\"sp-pcp-post-details-content\">\n\t\t\t\t\t\t\t\t<h4 class=\"sp-pcp-title\">\n\t\t\t\t\t\t\t\t\t<a href=\"https:\/\/agencia.unq.edu.ar\/?p=38747\"  target=\"_self\">La Ciudad de M\u00e9xico lanza una iniciativa para proteger a los ni\u00f1os y adolescentes de internet y las pantallas<\/a>\t\t\t\t\t\t\t<\/h4>\n\t\t\t\t\t\t\t\t\t<\/div>\n\t\t\t\t<\/div>\n\t\t\t<\/div>\n\t\t<\/div>\n\t\t\t\t<div class=\" swiper-slide swiper-lazy\">\n\t\t\t<div class=\"sp-pcp-post default pcp-item-38679\" data-id=\"38679\">\n\t\t\t\t\t\t\t\t<div class=\"pcp-post-thumb-wrapper\">\n\t\t\t\t\t<div class=\"sp-pcp-post-thumb-area\">\n\t\t\t\t\t\t\t\t\t\t\t\t<a class=\"sp-pcp-thumb\" href=\"https:\/\/agencia.unq.edu.ar\/?p=38679\" target=\"_self\" >\n\t\t\t\t\t\t\t\t\t\t\t\t\t<img loading=\"lazy\" decoding=\"async\" src=\"https:\/\/agencia.unq.edu.ar\/wp-content\/uploads\/2026\/08\/Pablo-Manili-abogado-CIN.jpg\" width=\"1040\" height=\"420\" alt=\"Pablo Manili, abogado constitucionalista del Consejo Interuniversitario Nacional. Cr\u00e9ditos: Vocaci\u00f3n x periodismo.\">\n\t\t\t\t\t\t<\/a>\n\t\t\t\t\t<\/div>\n\t\t\t\t<\/div>\n\t\t\t\t\t\t\t\t<div class=\"sp-pcp-post-details\">\n\t\t\t\t\t<div class=\"sp-pcp-post-details-content\">\n\t\t\t\t\t\t\t\t<h4 class=\"sp-pcp-title\">\n\t\t\t\t\t\t\t\t\t<a href=\"https:\/\/agencia.unq.edu.ar\/?p=38679\"  target=\"_self\">Ley de Financiamiento Universitario: \u201cEstamos esperando que el juez intime al gobierno para cumplir la cautelar\u201d<\/a>\t\t\t\t\t\t\t<\/h4>\n\t\t\t\t\t\t\t\t\t<\/div>\n\t\t\t\t<\/div>\n\t\t\t<\/div>\n\t\t<\/div>\n\t\t\t\t<div class=\" swiper-slide swiper-lazy\">\n\t\t\t<div class=\"sp-pcp-post default pcp-item-38650\" data-id=\"38650\">\n\t\t\t\t\t\t\t\t<div class=\"pcp-post-thumb-wrapper\">\n\t\t\t\t\t<div class=\"sp-pcp-post-thumb-area\">\n\t\t\t\t\t\t\t\t\t\t\t\t<a class=\"sp-pcp-thumb\" href=\"https:\/\/agencia.unq.edu.ar\/?p=38650\" target=\"_self\" >\n\t\t\t\t\t\t\t\t\t\t\t\t\t<img loading=\"lazy\" decoding=\"async\" src=\"https:\/\/agencia.unq.edu.ar\/wp-content\/uploads\/2026\/08\/Council-of-the-Americas-Milei.jpg\" width=\"1040\" height=\"420\" alt=\"Javier Milei junto a integrantes del Council of the Americas. Cr\u00e9ditos: Capece\/Lasansky.\">\n\t\t\t\t\t\t<\/a>\n\t\t\t\t\t<\/div>\n\t\t\t\t<\/div>\n\t\t\t\t\t\t\t\t<div class=\"sp-pcp-post-details\">\n\t\t\t\t\t<div class=\"sp-pcp-post-details-content\">\n\t\t\t\t\t\t\t\t<h4 class=\"sp-pcp-title\">\n\t\t\t\t\t\t\t\t\t<a href=\"https:\/\/agencia.unq.edu.ar\/?p=38650\"  target=\"_self\">&#8220;Pa\u00f1uelitos verdes y baja de natalidad&#8221;, una mentira importada para retroceder en derechos sexuales y reproductivos<\/a>\t\t\t\t\t\t\t<\/h4>\n\t\t\t\t\t\t\t\t\t<\/div>\n\t\t\t\t<\/div>\n\t\t\t<\/div>\n\t\t<\/div>\n\t\t\t\t<div class=\" swiper-slide swiper-lazy\">\n\t\t\t<div class=\"sp-pcp-post default pcp-item-38590\" data-id=\"38590\">\n\t\t\t\t\t\t\t\t<div class=\"pcp-post-thumb-wrapper\">\n\t\t\t\t\t<div class=\"sp-pcp-post-thumb-area\">\n\t\t\t\t\t\t\t\t\t\t\t\t<a class=\"sp-pcp-thumb\" href=\"https:\/\/agencia.unq.edu.ar\/?p=38590\" target=\"_self\" >\n\t\t\t\t\t\t\t\t\t\t\t\t\t<img loading=\"lazy\" decoding=\"async\" src=\"https:\/\/agencia.unq.edu.ar\/wp-content\/uploads\/2026\/08\/Milei-Bullrich-monitoreo-protesta.jpg\" width=\"1040\" height=\"420\" alt=\"Milei y Patricia Bullrich monitorean junto a las fuerzas de seguridad la primera Marcha Federal Universitaria. Cr\u00e9ditos: Sol 91.5.\">\n\t\t\t\t\t\t<\/a>\n\t\t\t\t\t<\/div>\n\t\t\t\t<\/div>\n\t\t\t\t\t\t\t\t<div class=\"sp-pcp-post-details\">\n\t\t\t\t\t<div class=\"sp-pcp-post-details-content\">\n\t\t\t\t\t\t\t\t<h4 class=\"sp-pcp-title\">\n\t\t\t\t\t\t\t\t\t<a href=\"https:\/\/agencia.unq.edu.ar\/?p=38590\"  target=\"_self\">La verdadera campa\u00f1a del miedo: el gobierno expande la vigilancia masiva sin control ni transparencia<\/a>\t\t\t\t\t\t\t<\/h4>\n\t\t\t\t\t\t\t\t\t<\/div>\n\t\t\t\t<\/div>\n\t\t\t<\/div>\n\t\t<\/div>\n\t\t\t\t<div class=\" swiper-slide swiper-lazy\">\n\t\t\t<div class=\"sp-pcp-post default pcp-item-38375\" data-id=\"38375\">\n\t\t\t\t\t\t\t\t<div class=\"pcp-post-thumb-wrapper\">\n\t\t\t\t\t<div class=\"sp-pcp-post-thumb-area\">\n\t\t\t\t\t\t\t\t\t\t\t\t<a class=\"sp-pcp-thumb\" href=\"https:\/\/agencia.unq.edu.ar\/?p=38375\" target=\"_self\" >\n\t\t\t\t\t\t\t\t\t\t\t\t\t<img loading=\"lazy\" decoding=\"async\" src=\"https:\/\/agencia.unq.edu.ar\/wp-content\/uploads\/2026\/08\/me-pongo-la-camiseta02.jpg\" width=\"1040\" height=\"420\" alt=\"Capturas de pantalla de la convocatoria para el 12 de agosto. Cr\u00e9ditos: @raicyt_ar\">\n\t\t\t\t\t\t<\/a>\n\t\t\t\t\t<\/div>\n\t\t\t\t<\/div>\n\t\t\t\t\t\t\t\t<div class=\"sp-pcp-post-details\">\n\t\t\t\t\t<div class=\"sp-pcp-post-details-content\">\n\t\t\t\t\t\t\t\t<h4 class=\"sp-pcp-title\">\n\t\t\t\t\t\t\t\t\t<a href=\"https:\/\/agencia.unq.edu.ar\/?p=38375\"  target=\"_self\">Cient\u00edficos realizar\u00e1n una protesta bajo el lema \u201cMe pongo la camiseta\u201d para defender a Argentina<\/a>\t\t\t\t\t\t\t<\/h4>\n\t\t\t\t\t\t\t\t\t<\/div>\n\t\t\t\t<\/div>\n\t\t\t<\/div>\n\t\t<\/div>\n\t\t\t\t<div class=\" swiper-slide swiper-lazy\">\n\t\t\t<div class=\"sp-pcp-post default pcp-item-38325\" data-id=\"38325\">\n\t\t\t\t\t\t\t\t<div class=\"pcp-post-thumb-wrapper\">\n\t\t\t\t\t<div class=\"sp-pcp-post-thumb-area\">\n\t\t\t\t\t\t\t\t\t\t\t\t<a class=\"sp-pcp-thumb\" href=\"https:\/\/agencia.unq.edu.ar\/?p=38325\" target=\"_self\" >\n\t\t\t\t\t\t\t\t\t\t\t\t\t<img loading=\"lazy\" decoding=\"async\" src=\"https:\/\/agencia.unq.edu.ar\/wp-content\/uploads\/2026\/08\/Pedro-Di-Nezio.jpg\" width=\"1040\" height=\"420\" alt=\"Pedro Di Nezio es especialista en El Ni\u00f1o. Cr\u00e9ditos: Servicio Meteorol\u00f3gico Nacional.\">\n\t\t\t\t\t\t<\/a>\n\t\t\t\t\t<\/div>\n\t\t\t\t<\/div>\n\t\t\t\t\t\t\t\t<div class=\"sp-pcp-post-details\">\n\t\t\t\t\t<div class=\"sp-pcp-post-details-content\">\n\t\t\t\t\t\t\t\t<h4 class=\"sp-pcp-title\">\n\t\t\t\t\t\t\t\t\t<a href=\"https:\/\/agencia.unq.edu.ar\/?p=38325\"  target=\"_self\">Qui\u00e9n es Pedro Di Nezio, el nuevo director del Servicio Meteorol\u00f3gico Nacional<\/a>\t\t\t\t\t\t\t<\/h4>\n\t\t\t\t\t\t\t\t\t<\/div>\n\t\t\t\t<\/div>\n\t\t\t<\/div>\n\t\t<\/div>\n\t\t\t\t<div class=\" swiper-slide swiper-lazy\">\n\t\t\t<div class=\"sp-pcp-post default pcp-item-38314\" data-id=\"38314\">\n\t\t\t\t\t\t\t\t<div class=\"pcp-post-thumb-wrapper\">\n\t\t\t\t\t<div class=\"sp-pcp-post-thumb-area\">\n\t\t\t\t\t\t\t\t\t\t\t\t<a class=\"sp-pcp-thumb\" href=\"https:\/\/agencia.unq.edu.ar\/?p=38314\" target=\"_self\" >\n\t\t\t\t\t\t\t\t\t\t\t\t\t<img loading=\"lazy\" decoding=\"async\" src=\"https:\/\/agencia.unq.edu.ar\/wp-content\/uploads\/2026\/08\/2026-08-06Gustavo-G-ZANOTTI.jpg\" width=\"504\" height=\"204\" alt=\"Gustavo Garc\u00eda Zanotti es licenciado en Econom\u00eda y se doctor\u00f3 en Desarrollo Econ\u00f3mico en la UNQ gracias a una beca del Conicet. Cr\u00e9ditos: El Ciudadano.\">\n\t\t\t\t\t\t<\/a>\n\t\t\t\t\t<\/div>\n\t\t\t\t<\/div>\n\t\t\t\t\t\t\t\t<div class=\"sp-pcp-post-details\">\n\t\t\t\t\t<div class=\"sp-pcp-post-details-content\">\n\t\t\t\t\t\t\t\t<h4 class=\"sp-pcp-title\">\n\t\t\t\t\t\t\t\t\t<a href=\"https:\/\/agencia.unq.edu.ar\/?p=38314\"  target=\"_self\">Un especialista en inversiones extranjeras gan\u00f3 el premio a la mejor tesis doctoral en Desarrollo Econ\u00f3mico de la UNQ<\/a>\t\t\t\t\t\t\t<\/h4>\n\t\t\t\t\t\t\t\t\t<\/div>\n\t\t\t\t<\/div>\n\t\t\t<\/div>\n\t\t<\/div>\n\t\t\t\t<div class=\" swiper-slide swiper-lazy\">\n\t\t\t<div class=\"sp-pcp-post default pcp-item-38302\" data-id=\"38302\">\n\t\t\t\t\t\t\t\t<div class=\"pcp-post-thumb-wrapper\">\n\t\t\t\t\t<div class=\"sp-pcp-post-thumb-area\">\n\t\t\t\t\t\t\t\t\t\t\t\t<a class=\"sp-pcp-thumb\" href=\"https:\/\/agencia.unq.edu.ar\/?p=38302\" target=\"_self\" >\n\t\t\t\t\t\t\t\t\t\t\t\t\t<img loading=\"lazy\" decoding=\"async\" src=\"https:\/\/agencia.unq.edu.ar\/wp-content\/uploads\/2026\/08\/Papa-Leon-XIV.jpg\" width=\"1040\" height=\"420\" alt=\"Primera aparici\u00f3n de Robert Prevost como Papa. Cr\u00e9ditos: Tiziana Fabi\/AFP\/Getty Images.\">\n\t\t\t\t\t\t<\/a>\n\t\t\t\t\t<\/div>\n\t\t\t\t<\/div>\n\t\t\t\t\t\t\t\t<div class=\"sp-pcp-post-details\">\n\t\t\t\t\t<div class=\"sp-pcp-post-details-content\">\n\t\t\t\t\t\t\t\t<h4 class=\"sp-pcp-title\">\n\t\t\t\t\t\t\t\t\t<a href=\"https:\/\/agencia.unq.edu.ar\/?p=38302\"  target=\"_self\">Al servicio del bien com\u00fan: la mirada de Le\u00f3n XIV sobre la ciencia y la tecnolog\u00eda<\/a>\t\t\t\t\t\t\t<\/h4>\n\t\t\t\t\t\t\t\t\t<\/div>\n\t\t\t\t<\/div>\n\t\t\t<\/div>\n\t\t<\/div>\n\t\t\t\t<div class=\" swiper-slide swiper-lazy\">\n\t\t\t<div class=\"sp-pcp-post default pcp-item-38290\" data-id=\"38290\">\n\t\t\t\t\t\t\t\t<div class=\"pcp-post-thumb-wrapper\">\n\t\t\t\t\t<div class=\"sp-pcp-post-thumb-area\">\n\t\t\t\t\t\t\t\t\t\t\t\t<a class=\"sp-pcp-thumb\" href=\"https:\/\/agencia.unq.edu.ar\/?p=38290\" target=\"_self\" >\n\t\t\t\t\t\t\t\t\t\t\t\t\t<img loading=\"lazy\" decoding=\"async\" src=\"https:\/\/agencia.unq.edu.ar\/wp-content\/uploads\/2026\/08\/Lula-ciencia-y-tecnologia.jpg\" width=\"1040\" height=\"420\" alt=\"Lula da SIlva durante una reuni\u00f3n de l\u00edderes en ciencia y tecnolog\u00eda. Cr\u00e9ditos: Ricardo Stuckert.\">\n\t\t\t\t\t\t<\/a>\n\t\t\t\t\t<\/div>\n\t\t\t\t<\/div>\n\t\t\t\t\t\t\t\t<div class=\"sp-pcp-post-details\">\n\t\t\t\t\t<div class=\"sp-pcp-post-details-content\">\n\t\t\t\t\t\t\t\t<h4 class=\"sp-pcp-title\">\n\t\t\t\t\t\t\t\t\t<a href=\"https:\/\/agencia.unq.edu.ar\/?p=38290\"  target=\"_self\">Brasil apuesta a la ciencia y proyecta una inversi\u00f3n del 2 por ciento del PBI para 2034<\/a>\t\t\t\t\t\t\t<\/h4>\n\t\t\t\t\t\t\t\t\t<\/div>\n\t\t\t\t<\/div>\n\t\t\t<\/div>\n\t\t<\/div>\n\t\t\t\t<div class=\" swiper-slide swiper-lazy\">\n\t\t\t<div class=\"sp-pcp-post default pcp-item-38257\" data-id=\"38257\">\n\t\t\t\t\t\t\t\t<div class=\"pcp-post-thumb-wrapper\">\n\t\t\t\t\t<div class=\"sp-pcp-post-thumb-area\">\n\t\t\t\t\t\t\t\t\t\t\t\t<a class=\"sp-pcp-thumb\" href=\"https:\/\/agencia.unq.edu.ar\/?p=38257\" target=\"_self\" >\n\t\t\t\t\t\t\t\t\t\t\t\t\t<img loading=\"lazy\" decoding=\"async\" src=\"https:\/\/agencia.unq.edu.ar\/wp-content\/uploads\/2026\/08\/Clementina-XXI-supercomputadora.jpg\" width=\"1040\" height=\"420\" alt=\"Clementina XXI funciona en la sede del Servicio Meteorol\u00f3gico Nacional. Cr\u00e9ditos: La Naci\u00f3n.\">\n\t\t\t\t\t\t<\/a>\n\t\t\t\t\t<\/div>\n\t\t\t\t<\/div>\n\t\t\t\t\t\t\t\t<div class=\"sp-pcp-post-details\">\n\t\t\t\t\t<div class=\"sp-pcp-post-details-content\">\n\t\t\t\t\t\t\t\t<h4 class=\"sp-pcp-title\">\n\t\t\t\t\t\t\t\t\t<a href=\"https:\/\/agencia.unq.edu.ar\/?p=38257\"  target=\"_self\">Argentina est\u00e1 cada vez m\u00e1s lejos en la carrera de las supercomputadoras<\/a>\t\t\t\t\t\t\t<\/h4>\n\t\t\t\t\t\t\t\t\t<\/div>\n\t\t\t\t<\/div>\n\t\t\t<\/div>\n\t\t<\/div>\n\t\t\t\t<div class=\" swiper-slide swiper-lazy\">\n\t\t\t<div class=\"sp-pcp-post default pcp-item-38218\" data-id=\"38218\">\n\t\t\t\t\t\t\t\t<div class=\"pcp-post-thumb-wrapper\">\n\t\t\t\t\t<div class=\"sp-pcp-post-thumb-area\">\n\t\t\t\t\t\t\t\t\t\t\t\t<a class=\"sp-pcp-thumb\" href=\"https:\/\/agencia.unq.edu.ar\/?p=38218\" target=\"_self\" >\n\t\t\t\t\t\t\t\t\t\t\t\t\t<img loading=\"lazy\" decoding=\"async\" src=\"https:\/\/agencia.unq.edu.ar\/wp-content\/uploads\/2026\/07\/Conicet-protesta-.jpg\" width=\"1040\" height=\"420\" alt=\"Cr\u00e9ditos: Periferia.\">\n\t\t\t\t\t\t<\/a>\n\t\t\t\t\t<\/div>\n\t\t\t\t<\/div>\n\t\t\t\t\t\t\t\t<div class=\"sp-pcp-post-details\">\n\t\t\t\t\t<div class=\"sp-pcp-post-details-content\">\n\t\t\t\t\t\t\t\t<h4 class=\"sp-pcp-title\">\n\t\t\t\t\t\t\t\t\t<a href=\"https:\/\/agencia.unq.edu.ar\/?p=38218\"  target=\"_self\">Administrativos, gastronom\u00eda y Uber: \u00bfa qu\u00e9 se dedicar\u00e1n los cient\u00edficos y cient\u00edficas que se quedan sin trabajo?<\/a>\t\t\t\t\t\t\t<\/h4>\n\t\t\t\t\t\t\t\t\t<\/div>\n\t\t\t\t<\/div>\n\t\t\t<\/div>\n\t\t<\/div>\n\t\t\t\t<div class=\" swiper-slide swiper-lazy\">\n\t\t\t<div class=\"sp-pcp-post default pcp-item-38191\" data-id=\"38191\">\n\t\t\t\t\t\t\t\t<div class=\"pcp-post-thumb-wrapper\">\n\t\t\t\t\t<div class=\"sp-pcp-post-thumb-area\">\n\t\t\t\t\t\t\t\t\t\t\t\t<a class=\"sp-pcp-thumb\" href=\"https:\/\/agencia.unq.edu.ar\/?p=38191\" target=\"_self\" >\n\t\t\t\t\t\t\t\t\t\t\t\t\t<img loading=\"lazy\" decoding=\"async\" src=\"https:\/\/agencia.unq.edu.ar\/wp-content\/uploads\/2026\/07\/Conicet-Principal.jpg\" width=\"1040\" height=\"420\" alt=\"La conferencia de prensa se realiz\u00f3 al mediod\u00eda (imagen cedida por los investigadores participantes)\">\n\t\t\t\t\t\t<\/a>\n\t\t\t\t\t<\/div>\n\t\t\t\t<\/div>\n\t\t\t\t\t\t\t\t<div class=\"sp-pcp-post-details\">\n\t\t\t\t\t<div class=\"sp-pcp-post-details-content\">\n\t\t\t\t\t\t\t\t<h4 class=\"sp-pcp-title\">\n\t\t\t\t\t\t\t\t\t<a href=\"https:\/\/agencia.unq.edu.ar\/?p=38191\"  target=\"_self\">El Conicet en alerta: el principal organismo cient\u00edfico del pa\u00eds est\u00e1 al borde de perder 400 trabajadores<\/a>\t\t\t\t\t\t\t<\/h4>\n\t\t\t\t\t\t\t\t\t<\/div>\n\t\t\t\t<\/div>\n\t\t\t<\/div>\n\t\t<\/div>\n\t\t\t\t<div class=\" swiper-slide swiper-lazy\">\n\t\t\t<div class=\"sp-pcp-post default pcp-item-38115\" data-id=\"38115\">\n\t\t\t\t\t\t\t\t<div class=\"pcp-post-thumb-wrapper\">\n\t\t\t\t\t<div class=\"sp-pcp-post-thumb-area\">\n\t\t\t\t\t\t\t\t\t\t\t\t<a class=\"sp-pcp-thumb\" href=\"https:\/\/agencia.unq.edu.ar\/?p=38115\" target=\"_self\" >\n\t\t\t\t\t\t\t\t\t\t\t\t\t<img loading=\"lazy\" decoding=\"async\" src=\"https:\/\/agencia.unq.edu.ar\/wp-content\/uploads\/2026\/07\/La-noche-de-los-bastones-largos.jpg\" width=\"1040\" height=\"420\" alt=\"El 29 de julio de 1966, la dictadura de Ongan\u00eda reprimi\u00f3 a la comunidad que defend\u00eda la autonom\u00eda universitaria. Cr\u00e9ditos: Cultura.gob.ar\">\n\t\t\t\t\t\t<\/a>\n\t\t\t\t\t<\/div>\n\t\t\t\t<\/div>\n\t\t\t\t\t\t\t\t<div class=\"sp-pcp-post-details\">\n\t\t\t\t\t<div class=\"sp-pcp-post-details-content\">\n\t\t\t\t\t\t\t\t<h4 class=\"sp-pcp-title\">\n\t\t\t\t\t\t\t\t\t<a href=\"https:\/\/agencia.unq.edu.ar\/?p=38115\"  target=\"_self\">A 60 a\u00f1os de la noche de los bastones largos, \u00bfotra vez la misma historia?<\/a>\t\t\t\t\t\t\t<\/h4>\n\t\t\t\t\t\t\t\t\t<\/div>\n\t\t\t\t<\/div>\n\t\t\t<\/div>\n\t\t<\/div>\n\t\t\t\t\t<\/div>\n\t\t\t\t\t\t<div class=\"pcp-pagination swiper-pagination dots\"><\/div>\n\t\t\t\t\t\t\t\t\t\t<div class=\"pcp-button-next swiper-button-next top_right\"><i class=\"fa fa-angle-right\"><\/i><\/div>\n\t\t\t\t<div class=\"pcp-button-prev swiper-button-prev top_right\"><i class=\"fa fa-angle-left\"><\/i><\/div>\t<\/div>\n<\/div>\n\n\n\n\n<hr class=\"wp-block-separator has-text-color has-css-opacity has-background is-style-wide\" style=\"background-color:#fea50e;color:#fea50e\"\/>\n\n\n\n<p class=\"has-vivid-green-cyan-color has-text-color wp-block-paragraph\"><\/p>\n","protected":false},"excerpt":{"rendered":"<p>La profesional In\u00e9s Larramendy afirma que las infancias &#8220;apenas llegan a cubrir una comida diaria&#8221;. Qu\u00e9 consecuencias podr\u00eda afrontar la poblaci\u00f3n. <\/p>\n","protected":false},"author":4,"featured_media":21185,"comment_status":"open","ping_status":"closed","sticky":false,"template":"","format":"standard","meta":{"_uag_custom_page_level_css":"","_monsterinsights_skip_tracking":false,"site-sidebar-layout":"default","site-content-layout":"","ast-site-content-layout":"default","site-content-style":"default","site-sidebar-style":"default","ast-global-header-display":"","ast-banner-title-visibility":"","ast-main-header-display":"","ast-hfb-above-header-display":"","ast-hfb-below-header-display":"","ast-hfb-mobile-header-display":"","site-post-title":"","ast-breadcrumbs-content":"","ast-featured-img":"","footer-sml-layout":"","ast-disable-related-posts":"","theme-transparent-header-meta":"","adv-header-id-meta":"","stick-header-meta":"","header-above-stick-meta":"","header-main-stick-meta":"","header-below-stick-meta":"","astra-migrate-meta-layouts":"default","ast-page-background-enabled":"default","ast-page-background-meta":{"desktop":{"background-color":"var(--ast-global-color-4)","background-image":"","background-repeat":"repeat","background-position":"center center","background-size":"auto","background-attachment":"scroll","background-type":"","background-media":"","overlay-type":"","overlay-color":"","overlay-opacity":"","overlay-gradient":""},"tablet":{"background-color":"","background-image":"","background-repeat":"repeat","background-position":"center center","background-size":"auto","background-attachment":"scroll","background-type":"","background-media":"","overlay-type":"","overlay-color":"","overlay-opacity":"","overlay-gradient":""},"mobile":{"background-color":"","background-image":"","background-repeat":"repeat","background-position":"center center","background-size":"auto","background-attachment":"scroll","background-type":"","background-media":"","overlay-type":"","overlay-color":"","overlay-opacity":"","overlay-gradient":""}},"ast-content-background-meta":{"desktop":{"background-color":"var(--ast-global-color-5)","background-image":"","background-repeat":"repeat","background-position":"center center","background-size":"auto","background-attachment":"scroll","background-type":"","background-media":"","overlay-type":"","overlay-color":"","overlay-opacity":"","overlay-gradient":""},"tablet":{"background-color":"var(--ast-global-color-5)","background-image":"","background-repeat":"repeat","background-position":"center center","background-size":"auto","background-attachment":"scroll","background-type":"","background-media":"","overlay-type":"","overlay-color":"","overlay-opacity":"","overlay-gradient":""},"mobile":{"background-color":"var(--ast-global-color-5)","background-image":"","background-repeat":"repeat","background-position":"center center","background-size":"auto","background-attachment":"scroll","background-type":"","background-media":"","overlay-type":"","overlay-color":"","overlay-opacity":"","overlay-gradient":""}},"footnotes":""},"categories":[16,92],"tags":[],"class_list":["post-21184","post","type-post","status-publish","format-standard","has-post-thumbnail","hentry","category-noticia-destacada","category-politica"],"aioseo_notices":[],"aioseo_head":"\n\t\t<!-- All in One SEO 5.0.0.1 - aioseo.com -->\n\t<meta name=\"description\" content=\"Aunque un gobierno era de facto y otro es democr\u00e1tico, de fondo hay un denominador com\u00fan: Estados Unidos. Represi\u00f3n, fuga de cerebros y proyectos paralizados.\" \/>\n\t<meta name=\"robots\" content=\"max-image-preview:large\" \/>\n\t<meta name=\"author\" content=\"Nicol\u00e1s Retamar\"\/>\n\t<link rel=\"canonical\" href=\"https:\/\/agencia.unq.edu.ar\/?p=38115\" \/>\n\t<meta name=\"generator\" content=\"All in One SEO (AIOSEO) 5.0.0.1\" \/>\n\t\t<meta property=\"og:locale\" content=\"es_ES\" \/>\n\t\t<meta property=\"og:site_name\" content=\"Agencia de Noticias Cient\u00edficas de la UNQ\" \/>\n\t\t<meta property=\"og:type\" content=\"article\" \/>\n\t\t<meta property=\"og:title\" content=\"A 60 a\u00f1os de la noche de los bastones largos, \u00bfotra vez la misma historia? - Agencia de Noticias Cient\u00edficas de la UNQ\" \/>\n\t\t<meta property=\"og:description\" content=\"Aunque un gobierno era de facto y otro es democr\u00e1tico, de fondo hay un denominador com\u00fan: Estados Unidos. Represi\u00f3n, fuga de cerebros y proyectos paralizados.\" \/>\n\t\t<meta property=\"og:url\" content=\"https:\/\/agencia.unq.edu.ar\/?p=38115\" \/>\n\t\t<meta property=\"og:image\" content=\"https:\/\/agencia.unq.edu.ar\/wp-content\/uploads\/2026\/07\/La-noche-de-los-bastones-largos.jpg\" \/>\n\t\t<meta property=\"og:image:secure_url\" content=\"https:\/\/agencia.unq.edu.ar\/wp-content\/uploads\/2026\/07\/La-noche-de-los-bastones-largos.jpg\" \/>\n\t\t<meta property=\"og:image:width\" content=\"1040\" \/>\n\t\t<meta property=\"og:image:height\" content=\"420\" \/>\n\t\t<meta property=\"article:published_time\" content=\"2026-07-24T19:24:35+00:00\" \/>\n\t\t<meta property=\"article:modified_time\" content=\"2026-07-31T13:58:38+00:00\" \/>\n\t\t<meta name=\"twitter:card\" content=\"summary_large_image\" \/>\n\t\t<meta name=\"twitter:site\" content=\"@Agencia__UNQ\" \/>\n\t\t<meta name=\"twitter:title\" content=\"A 60 a\u00f1os de la noche de los bastones largos, \u00bfotra vez la misma historia? - Agencia de Noticias Cient\u00edficas de la UNQ\" \/>\n\t\t<meta name=\"twitter:description\" content=\"Aunque un gobierno era de facto y otro es democr\u00e1tico, de fondo hay un denominador com\u00fan: Estados Unidos. Represi\u00f3n, fuga de cerebros y proyectos paralizados.\" \/>\n\t\t<meta name=\"twitter:image\" content=\"https:\/\/agencia.unq.edu.ar\/wp-content\/uploads\/2026\/07\/La-noche-de-los-bastones-largos.jpg\" \/>\n\t\t<script type=\"application\/ld+json\" class=\"aioseo-schema\">\n\t\t\t{\"@context\":\"https:\\\/\\\/schema.org\",\"@graph\":[{\"@type\":\"BlogPosting\",\"@id\":\"https:\\\/\\\/agencia.unq.edu.ar\\\/?p=38115#blogposting\",\"name\":\"A 60 a\\u00f1os de la noche de los bastones largos, \\u00bfotra vez la misma historia? - Agencia de Noticias Cient\\u00edficas de la UNQ\",\"headline\":\"A 60 a\\u00f1os de la noche de los bastones largos, \\u00bfotra vez la misma historia?\",\"author\":{\"@id\":\"https:\\\/\\\/agencia.unq.edu.ar\\\/?author=6#author\"},\"publisher\":{\"@id\":\"https:\\\/\\\/agencia.unq.edu.ar\\\/#organization\"},\"image\":{\"@type\":\"ImageObject\",\"url\":\"https:\\\/\\\/agencia.unq.edu.ar\\\/wp-content\\\/uploads\\\/2026\\\/07\\\/La-noche-de-los-bastones-largos.jpg\",\"width\":1040,\"height\":420,\"caption\":\"El 29 de julio de 1966, la dictadura de Ongan\\u00eda reprimi\\u00f3 a la comunidad que defend\\u00eda la autonom\\u00eda universitaria. Cr\\u00e9ditos: Cultura.gob.ar\"},\"datePublished\":\"2026-07-24T16:24:35-03:00\",\"dateModified\":\"2026-07-31T10:58:38-03:00\",\"inLanguage\":\"es-AR\",\"mainEntityOfPage\":{\"@id\":\"https:\\\/\\\/agencia.unq.edu.ar\\\/?p=38115#webpage\"},\"isPartOf\":{\"@id\":\"https:\\\/\\\/agencia.unq.edu.ar\\\/?p=38115#webpage\"},\"articleSection\":\"Noticia destacada, Pol\\u00edtica, Cientificidio\"},{\"@type\":\"BreadcrumbList\",\"@id\":\"https:\\\/\\\/agencia.unq.edu.ar\\\/?p=38115#breadcrumblist\",\"itemListElement\":[{\"@type\":\"ListItem\",\"@id\":\"https:\\\/\\\/agencia.unq.edu.ar#listItem\",\"position\":1,\"name\":\"Home\",\"item\":\"https:\\\/\\\/agencia.unq.edu.ar\",\"nextItem\":{\"@type\":\"ListItem\",\"@id\":\"https:\\\/\\\/agencia.unq.edu.ar\\\/?cat=16#listItem\",\"name\":\"Noticia destacada\"}},{\"@type\":\"ListItem\",\"@id\":\"https:\\\/\\\/agencia.unq.edu.ar\\\/?cat=16#listItem\",\"position\":2,\"name\":\"Noticia destacada\",\"item\":\"https:\\\/\\\/agencia.unq.edu.ar\\\/?cat=16\",\"nextItem\":{\"@type\":\"ListItem\",\"@id\":\"https:\\\/\\\/agencia.unq.edu.ar\\\/?p=21184#listItem\",\"name\":\"Un Estado con ausencia planificada: m\\u00e1s de 700 pediatras del pa\\u00eds alertan sobre el hambre infantil\"},\"previousItem\":{\"@type\":\"ListItem\",\"@id\":\"https:\\\/\\\/agencia.unq.edu.ar#listItem\",\"name\":\"Home\"}},{\"@type\":\"ListItem\",\"@id\":\"https:\\\/\\\/agencia.unq.edu.ar\\\/?p=21184#listItem\",\"position\":3,\"name\":\"Un Estado con ausencia planificada: m\\u00e1s de 700 pediatras del pa\\u00eds alertan sobre el hambre infantil\",\"previousItem\":{\"@type\":\"ListItem\",\"@id\":\"https:\\\/\\\/agencia.unq.edu.ar\\\/?cat=16#listItem\",\"name\":\"Noticia destacada\"}}]},{\"@type\":\"Organization\",\"@id\":\"https:\\\/\\\/agencia.unq.edu.ar\\\/#organization\",\"name\":\"Agencia de noticias cient\\u00edficas\",\"description\":\"Contamos la ciencia en tiempo real\",\"url\":\"https:\\\/\\\/agencia.unq.edu.ar\\\/\",\"logo\":{\"@type\":\"ImageObject\",\"url\":\"https:\\\/\\\/agencia.unq.edu.ar\\\/wp-content\\\/uploads\\\/2025\\\/01\\\/logo-agencia-bn-sin-fondo.png\",\"@id\":\"https:\\\/\\\/agencia.unq.edu.ar\\\/?p=38115\\\/#organizationLogo\",\"width\":904,\"height\":222,\"caption\":\"Logo Agencia de Noticias Cient\\u00edficas de la UNQ\"},\"image\":{\"@id\":\"https:\\\/\\\/agencia.unq.edu.ar\\\/?p=38115\\\/#organizationLogo\"},\"sameAs\":[\"https:\\\/\\\/www.instagram.com\\\/agencia_noticias_unq\\\/\"]},{\"@type\":\"Person\",\"@id\":\"https:\\\/\\\/agencia.unq.edu.ar\\\/?author=6#author\",\"url\":\"https:\\\/\\\/agencia.unq.edu.ar\\\/?author=6\",\"name\":\"Nicol\\u00e1s Retamar\",\"image\":{\"@type\":\"ImageObject\",\"@id\":\"https:\\\/\\\/agencia.unq.edu.ar\\\/?p=38115#authorImage\",\"url\":\"https:\\\/\\\/secure.gravatar.com\\\/avatar\\\/d1693ba7f948f344b130f0ba3fb61a100609f44e1fd0dc6abd3869a90bcc3ad4?s=96&d=mm&r=g\",\"width\":96,\"height\":96,\"caption\":\"Nicol\\u00e1s Retamar\"}},{\"@type\":\"WebPage\",\"@id\":\"https:\\\/\\\/agencia.unq.edu.ar\\\/?p=38115#webpage\",\"url\":\"https:\\\/\\\/agencia.unq.edu.ar\\\/?p=38115\",\"name\":\"A 60 a\\u00f1os de la noche de los bastones largos, \\u00bfotra vez la misma historia? - Agencia de Noticias Cient\\u00edficas de la UNQ\",\"description\":\"Aunque un gobierno era de facto y otro es democr\\u00e1tico, de fondo hay un denominador com\\u00fan: Estados Unidos. Represi\\u00f3n, fuga de cerebros y proyectos paralizados.\",\"inLanguage\":\"es-AR\",\"isPartOf\":{\"@id\":\"https:\\\/\\\/agencia.unq.edu.ar\\\/#website\"},\"breadcrumb\":{\"@id\":\"https:\\\/\\\/agencia.unq.edu.ar\\\/?p=38115#breadcrumblist\"},\"author\":{\"@id\":\"https:\\\/\\\/agencia.unq.edu.ar\\\/?author=6#author\"},\"creator\":{\"@id\":\"https:\\\/\\\/agencia.unq.edu.ar\\\/?author=6#author\"},\"image\":{\"@type\":\"ImageObject\",\"url\":\"https:\\\/\\\/agencia.unq.edu.ar\\\/wp-content\\\/uploads\\\/2026\\\/07\\\/La-noche-de-los-bastones-largos.jpg\",\"@id\":\"https:\\\/\\\/agencia.unq.edu.ar\\\/?p=38115\\\/#mainImage\",\"width\":1040,\"height\":420,\"caption\":\"El 29 de julio de 1966, la dictadura de Ongan\\u00eda reprimi\\u00f3 a la comunidad que defend\\u00eda la autonom\\u00eda universitaria. Cr\\u00e9ditos: Cultura.gob.ar\"},\"primaryImageOfPage\":{\"@id\":\"https:\\\/\\\/agencia.unq.edu.ar\\\/?p=38115#mainImage\"},\"datePublished\":\"2026-07-24T16:24:35-03:00\",\"dateModified\":\"2026-07-31T10:58:38-03:00\"},{\"@type\":\"WebSite\",\"@id\":\"https:\\\/\\\/agencia.unq.edu.ar\\\/#website\",\"url\":\"https:\\\/\\\/agencia.unq.edu.ar\\\/\",\"name\":\"Agencia de noticias cient\\u00edficas\",\"description\":\"Contamos la ciencia en tiempo real\",\"inLanguage\":\"es-AR\",\"publisher\":{\"@id\":\"https:\\\/\\\/agencia.unq.edu.ar\\\/#organization\"}}]}\n\t\t<\/script>\n\t\t<!-- All in One SEO -->\n\n","aioseo_head_json":{"title":"A 60 a\u00f1os de la noche de los bastones largos, \u00bfotra vez la misma historia? - Agencia de Noticias Cient\u00edficas de la UNQ","description":"Aunque un gobierno era de facto y otro es democr\u00e1tico, de fondo hay un denominador com\u00fan: Estados Unidos. Represi\u00f3n, fuga de cerebros y proyectos paralizados.","canonical_url":"https:\/\/agencia.unq.edu.ar\/?p=38115","robots":"max-image-preview:large","keywords":"","webmasterTools":{"miscellaneous":""},"schema":{"@context":"https:\/\/schema.org","@graph":[{"@type":"BlogPosting","@id":"https:\/\/agencia.unq.edu.ar\/?p=38115#blogposting","name":"A 60 a\u00f1os de la noche de los bastones largos, \u00bfotra vez la misma historia? - Agencia de Noticias Cient\u00edficas de la UNQ","headline":"A 60 a\u00f1os de la noche de los bastones largos, \u00bfotra vez la misma historia?","author":{"@id":"https:\/\/agencia.unq.edu.ar\/?author=6#author"},"publisher":{"@id":"https:\/\/agencia.unq.edu.ar\/#organization"},"image":{"@type":"ImageObject","url":"https:\/\/agencia.unq.edu.ar\/wp-content\/uploads\/2026\/07\/La-noche-de-los-bastones-largos.jpg","width":1040,"height":420,"caption":"El 29 de julio de 1966, la dictadura de Ongan\u00eda reprimi\u00f3 a la comunidad que defend\u00eda la autonom\u00eda universitaria. Cr\u00e9ditos: Cultura.gob.ar"},"datePublished":"2026-07-24T16:24:35-03:00","dateModified":"2026-07-31T10:58:38-03:00","inLanguage":"es-AR","mainEntityOfPage":{"@id":"https:\/\/agencia.unq.edu.ar\/?p=38115#webpage"},"isPartOf":{"@id":"https:\/\/agencia.unq.edu.ar\/?p=38115#webpage"},"articleSection":"Noticia destacada, Pol\u00edtica, Cientificidio"},{"@type":"BreadcrumbList","@id":"https:\/\/agencia.unq.edu.ar\/?p=38115#breadcrumblist","itemListElement":[{"@type":"ListItem","@id":"https:\/\/agencia.unq.edu.ar#listItem","position":1,"name":"Home","item":"https:\/\/agencia.unq.edu.ar","nextItem":{"@type":"ListItem","@id":"https:\/\/agencia.unq.edu.ar\/?cat=16#listItem","name":"Noticia destacada"}},{"@type":"ListItem","@id":"https:\/\/agencia.unq.edu.ar\/?cat=16#listItem","position":2,"name":"Noticia destacada","item":"https:\/\/agencia.unq.edu.ar\/?cat=16","nextItem":{"@type":"ListItem","@id":"https:\/\/agencia.unq.edu.ar\/?p=21184#listItem","name":"Un Estado con ausencia planificada: m\u00e1s de 700 pediatras del pa\u00eds alertan sobre el hambre infantil"},"previousItem":{"@type":"ListItem","@id":"https:\/\/agencia.unq.edu.ar#listItem","name":"Home"}},{"@type":"ListItem","@id":"https:\/\/agencia.unq.edu.ar\/?p=21184#listItem","position":3,"name":"Un Estado con ausencia planificada: m\u00e1s de 700 pediatras del pa\u00eds alertan sobre el hambre infantil","previousItem":{"@type":"ListItem","@id":"https:\/\/agencia.unq.edu.ar\/?cat=16#listItem","name":"Noticia destacada"}}]},{"@type":"Organization","@id":"https:\/\/agencia.unq.edu.ar\/#organization","name":"Agencia de noticias cient\u00edficas","description":"Contamos la ciencia en tiempo real","url":"https:\/\/agencia.unq.edu.ar\/","logo":{"@type":"ImageObject","url":"https:\/\/agencia.unq.edu.ar\/wp-content\/uploads\/2025\/01\/logo-agencia-bn-sin-fondo.png","@id":"https:\/\/agencia.unq.edu.ar\/?p=38115\/#organizationLogo","width":904,"height":222,"caption":"Logo Agencia de Noticias Cient\u00edficas de la UNQ"},"image":{"@id":"https:\/\/agencia.unq.edu.ar\/?p=38115\/#organizationLogo"},"sameAs":["https:\/\/www.instagram.com\/agencia_noticias_unq\/"]},{"@type":"Person","@id":"https:\/\/agencia.unq.edu.ar\/?author=6#author","url":"https:\/\/agencia.unq.edu.ar\/?author=6","name":"Nicol\u00e1s Retamar","image":{"@type":"ImageObject","@id":"https:\/\/agencia.unq.edu.ar\/?p=38115#authorImage","url":"https:\/\/secure.gravatar.com\/avatar\/d1693ba7f948f344b130f0ba3fb61a100609f44e1fd0dc6abd3869a90bcc3ad4?s=96&d=mm&r=g","width":96,"height":96,"caption":"Nicol\u00e1s Retamar"}},{"@type":"WebPage","@id":"https:\/\/agencia.unq.edu.ar\/?p=38115#webpage","url":"https:\/\/agencia.unq.edu.ar\/?p=38115","name":"A 60 a\u00f1os de la noche de los bastones largos, \u00bfotra vez la misma historia? - Agencia de Noticias Cient\u00edficas de la UNQ","description":"Aunque un gobierno era de facto y otro es democr\u00e1tico, de fondo hay un denominador com\u00fan: Estados Unidos. Represi\u00f3n, fuga de cerebros y proyectos paralizados.","inLanguage":"es-AR","isPartOf":{"@id":"https:\/\/agencia.unq.edu.ar\/#website"},"breadcrumb":{"@id":"https:\/\/agencia.unq.edu.ar\/?p=38115#breadcrumblist"},"author":{"@id":"https:\/\/agencia.unq.edu.ar\/?author=6#author"},"creator":{"@id":"https:\/\/agencia.unq.edu.ar\/?author=6#author"},"image":{"@type":"ImageObject","url":"https:\/\/agencia.unq.edu.ar\/wp-content\/uploads\/2026\/07\/La-noche-de-los-bastones-largos.jpg","@id":"https:\/\/agencia.unq.edu.ar\/?p=38115\/#mainImage","width":1040,"height":420,"caption":"El 29 de julio de 1966, la dictadura de Ongan\u00eda reprimi\u00f3 a la comunidad que defend\u00eda la autonom\u00eda universitaria. Cr\u00e9ditos: Cultura.gob.ar"},"primaryImageOfPage":{"@id":"https:\/\/agencia.unq.edu.ar\/?p=38115#mainImage"},"datePublished":"2026-07-24T16:24:35-03:00","dateModified":"2026-07-31T10:58:38-03:00"},{"@type":"WebSite","@id":"https:\/\/agencia.unq.edu.ar\/#website","url":"https:\/\/agencia.unq.edu.ar\/","name":"Agencia de noticias cient\u00edficas","description":"Contamos la ciencia en tiempo real","inLanguage":"es-AR","publisher":{"@id":"https:\/\/agencia.unq.edu.ar\/#organization"}}]},"og:locale":"es_ES","og:site_name":"Agencia de Noticias Cient\u00edficas de la UNQ","og:type":"article","og:title":"A 60 a\u00f1os de la noche de los bastones largos, \u00bfotra vez la misma historia? - Agencia de Noticias Cient\u00edficas de la UNQ","og:description":"Aunque un gobierno era de facto y otro es democr\u00e1tico, de fondo hay un denominador com\u00fan: Estados Unidos. Represi\u00f3n, fuga de cerebros y proyectos paralizados.","og:url":"https:\/\/agencia.unq.edu.ar\/?p=38115","og:image":"https:\/\/agencia.unq.edu.ar\/wp-content\/uploads\/2026\/07\/La-noche-de-los-bastones-largos.jpg","og:image:secure_url":"https:\/\/agencia.unq.edu.ar\/wp-content\/uploads\/2026\/07\/La-noche-de-los-bastones-largos.jpg","og:image:width":1040,"og:image:height":420,"article:published_time":"2026-07-24T19:24:35+00:00","article:modified_time":"2026-07-31T13:58:38+00:00","twitter:card":"summary_large_image","twitter:site":"@Agencia__UNQ","twitter:title":"A 60 a\u00f1os de la noche de los bastones largos, \u00bfotra vez la misma historia? - Agencia de Noticias Cient\u00edficas de la UNQ","twitter:description":"Aunque un gobierno era de facto y otro es democr\u00e1tico, de fondo hay un denominador com\u00fan: Estados Unidos. Represi\u00f3n, fuga de cerebros y proyectos paralizados.","twitter:image":"https:\/\/agencia.unq.edu.ar\/wp-content\/uploads\/2026\/07\/La-noche-de-los-bastones-largos.jpg"},"aioseo_meta_data":{"post_id":"21184","title":null,"description":null,"keywords":null,"keyphrases":{"focus":{"keyphrase":"","score":0,"analysis":{"keyphraseInTitle":{"score":0,"maxScore":9,"error":1}}},"additional":[]},"primary_term":null,"canonical_url":null,"og_title":null,"og_description":null,"og_object_type":"default","og_image_type":"default","og_image_url":null,"og_image_width":null,"og_image_height":null,"og_image_custom_url":null,"og_image_custom_fields":null,"og_video":"","og_custom_url":null,"og_article_section":null,"og_article_tags":null,"twitter_use_og":true,"twitter_card":"default","twitter_image_type":"default","twitter_image_url":null,"twitter_image_custom_url":null,"twitter_image_custom_fields":null,"twitter_title":null,"twitter_description":null,"schema":{"blockGraphs":[],"customGraphs":[],"default":{"data":{"Article":[],"Course":[],"Dataset":[],"FAQPage":[],"Movie":[],"Person":[],"Product":[],"ProductReview":[],"Car":[],"Recipe":[],"Service":[],"SoftwareApplication":[],"WebPage":[]},"graphName":"BlogPosting","isEnabled":true},"graphs":[]},"schema_type":"default","schema_type_options":null,"pillar_content":false,"robots_default":true,"robots_noindex":false,"robots_noarchive":false,"robots_nosnippet":false,"robots_nofollow":false,"robots_noimageindex":false,"robots_noodp":false,"robots_notranslate":false,"robots_max_snippet":"-1","robots_max_videopreview":"-1","robots_max_imagepreview":"large","priority":null,"frequency":"default","local_seo":null,"breadcrumb_settings":null,"limit_modified_date":false,"ai":null,"created":"2024-07-11 15:40:11","updated":"2025-06-05 07:40:07","seo_analyzer_scan_date":null,"focus_keyword":null,"additional_keywords":null,"truseo_locale":null},"aioseo_breadcrumb":"<div class=\"aioseo-breadcrumbs\"><span class=\"aioseo-breadcrumb\">\n\t\t\t<a href=\"https:\/\/agencia.unq.edu.ar\" title=\"Home\">Home<\/a>\n\t\t<\/span><span class=\"aioseo-breadcrumb-separator\">&raquo;<\/span><span class=\"aioseo-breadcrumb\">\n\t\t\t<a href=\"https:\/\/agencia.unq.edu.ar\/?cat=16\" title=\"Noticia destacada\">Noticia destacada<\/a>\n\t\t<\/span><span class=\"aioseo-breadcrumb-separator\">&raquo;<\/span><span class=\"aioseo-breadcrumb\">\n\t\t\tUn Estado con ausencia planificada: m\u00e1s de 700 pediatras del pa\u00eds alertan sobre el hambre infantil\n\t\t<\/span><\/div>","aioseo_breadcrumb_json":[{"label":"Home","link":"https:\/\/agencia.unq.edu.ar"},{"label":"Noticia destacada","link":"https:\/\/agencia.unq.edu.ar\/?cat=16"},{"label":"Un Estado con ausencia planificada: m\u00e1s de 700 pediatras del pa\u00eds alertan sobre el hambre infantil","link":"https:\/\/agencia.unq.edu.ar\/?p=21184"}],"uagb_featured_image_src":{"full":["https:\/\/agencia.unq.edu.ar\/wp-content\/uploads\/2024\/07\/No-al-hambre-pediatras.jpg",1040,420,false],"thumbnail":["https:\/\/agencia.unq.edu.ar\/wp-content\/uploads\/2024\/07\/No-al-hambre-pediatras.jpg",150,61,false],"medium":["https:\/\/agencia.unq.edu.ar\/wp-content\/uploads\/2024\/07\/No-al-hambre-pediatras.jpg",960,388,false],"medium_large":["https:\/\/agencia.unq.edu.ar\/wp-content\/uploads\/2024\/07\/No-al-hambre-pediatras.jpg",768,310,false],"large":["https:\/\/agencia.unq.edu.ar\/wp-content\/uploads\/2024\/07\/No-al-hambre-pediatras.jpg",1040,420,false],"1536x1536":["https:\/\/agencia.unq.edu.ar\/wp-content\/uploads\/2024\/07\/No-al-hambre-pediatras.jpg",1040,420,false],"2048x2048":["https:\/\/agencia.unq.edu.ar\/wp-content\/uploads\/2024\/07\/No-al-hambre-pediatras.jpg",1040,420,false],"smart-post-landscape":["https:\/\/agencia.unq.edu.ar\/wp-content\/uploads\/2024\/07\/No-al-hambre-pediatras.jpg",870,351,false],"smart-post-portrait":["https:\/\/agencia.unq.edu.ar\/wp-content\/uploads\/2024\/07\/No-al-hambre-pediatras.jpg",600,242,false]},"uagb_author_info":{"display_name":"Luciana Mazzini Puga","author_link":"https:\/\/agencia.unq.edu.ar\/?author=4"},"uagb_comment_info":0,"uagb_excerpt":"La profesional In\u00e9s Larramendy afirma que las infancias \"apenas llegan a cubrir una comida diaria\". Qu\u00e9 consecuencias podr\u00eda afrontar la poblaci\u00f3n.","blog_post_layout_featured_media_urls":{"thumbnail":["https:\/\/agencia.unq.edu.ar\/wp-content\/uploads\/2024\/07\/No-al-hambre-pediatras.jpg",150,61,false],"full":["https:\/\/agencia.unq.edu.ar\/wp-content\/uploads\/2024\/07\/No-al-hambre-pediatras.jpg",1040,420,false]},"categories_names":{"16":{"name":"Noticia destacada","link":"https:\/\/agencia.unq.edu.ar\/?cat=16"},"92":{"name":"Pol\u00edtica","link":"https:\/\/agencia.unq.edu.ar\/?cat=92"}},"tags_names":[],"comments_number":"0","_links":{"self":[{"href":"https:\/\/agencia.unq.edu.ar\/index.php?rest_route=\/wp\/v2\/posts\/21184","targetHints":{"allow":["GET"]}}],"collection":[{"href":"https:\/\/agencia.unq.edu.ar\/index.php?rest_route=\/wp\/v2\/posts"}],"about":[{"href":"https:\/\/agencia.unq.edu.ar\/index.php?rest_route=\/wp\/v2\/types\/post"}],"author":[{"embeddable":true,"href":"https:\/\/agencia.unq.edu.ar\/index.php?rest_route=\/wp\/v2\/users\/4"}],"replies":[{"embeddable":true,"href":"https:\/\/agencia.unq.edu.ar\/index.php?rest_route=%2Fwp%2Fv2%2Fcomments&post=21184"}],"version-history":[{"count":3,"href":"https:\/\/agencia.unq.edu.ar\/index.php?rest_route=\/wp\/v2\/posts\/21184\/revisions"}],"predecessor-version":[{"id":21191,"href":"https:\/\/agencia.unq.edu.ar\/index.php?rest_route=\/wp\/v2\/posts\/21184\/revisions\/21191"}],"wp:featuredmedia":[{"embeddable":true,"href":"https:\/\/agencia.unq.edu.ar\/index.php?rest_route=\/wp\/v2\/media\/21185"}],"wp:attachment":[{"href":"https:\/\/agencia.unq.edu.ar\/index.php?rest_route=%2Fwp%2Fv2%2Fmedia&parent=21184"}],"wp:term":[{"taxonomy":"category","embeddable":true,"href":"https:\/\/agencia.unq.edu.ar\/index.php?rest_route=%2Fwp%2Fv2%2Fcategories&post=21184"},{"taxonomy":"post_tag","embeddable":true,"href":"https:\/\/agencia.unq.edu.ar\/index.php?rest_route=%2Fwp%2Fv2%2Ftags&post=21184"}],"curies":[{"name":"wp","href":"https:\/\/api.w.org\/{rel}","templated":true}]}}