{"id":23162,"date":"2024-09-25T16:30:02","date_gmt":"2024-09-25T19:30:02","guid":{"rendered":"https:\/\/agencia.unq.edu.ar\/?p=23162"},"modified":"2026-03-17T16:00:15","modified_gmt":"2026-03-17T19:00:15","slug":"musk-rendido-ante-brasil-la-regulacion-de-x-que-podria-ser-un-antecedente-para-el-mundo","status":"publish","type":"post","link":"https:\/\/agencia.unq.edu.ar\/?p=23162","title":{"rendered":"\u00bfMusk rendido ante Brasil?: La regulaci\u00f3n de X que podr\u00eda ser un antecedente para el mundo"},"content":{"rendered":"\n<p class=\"has-medium-font-size\">Tras desafiar al poder judicial, el magnate cumpli\u00f3 con las \u00f3rdenes para que la red social vuelva a funcionar. &#8220;Podr\u00eda ser el fin de una era&#8221;, dice el especialista Agust\u00edn Espada. <\/p>\n\n\n\n<figure class=\"wp-block-image aligncenter size-full\"><img loading=\"lazy\" decoding=\"async\" width=\"1040\" height=\"520\" src=\"https:\/\/agencia.unq.edu.ar\/wp-content\/uploads\/2024\/09\/Elon-Musk.jpg\" alt=\"Elon Musk es due\u00f1o de X (ex Twitter) desde 2022. Cr\u00e9ditos: Sipa\/AP.\" class=\"wp-image-23164\"\/><figcaption class=\"wp-element-caption\">Elon Musk es due\u00f1o de X (ex Twitter) desde 2022. Cr\u00e9ditos: Sipa\/AP.<\/figcaption><\/figure>\n\n\n\n<p>Elon Musk dio el brazo a torcer ante el Tribunal Supremo Federal de Brasil, luego de haberse burlado de la instituci\u00f3n y del presidente Lula Da Silva, haber cerrado la oficina de X en el pa\u00eds y acusarlos de censura. Con el fin de que X vuelva a funcionar en el pa\u00eds sudamericano, el magnate due\u00f1o de la red social volvi\u00f3 a poner una representante legal en suelo brasile\u00f1o y cedi\u00f3 a cerrar perfiles que son investigados por difundir fake news e incentivar el intento de golpe de Estado de 2022. El mundo mira de cerca estos hechos que dan cuenta de un versus hist\u00f3rico entre los Estados reguladores y los gigantes tecnol\u00f3gicos.&nbsp;<\/p>\n\n\n\n<p>&#8220;Es un mensaje para el mundo que demuestra que <strong>los Estados tienen soberan\u00eda sobre la vida social y pol\u00edtica tambi\u00e9n en las plataformas digitales<\/strong> al poder imponer regulaciones. Desde hace a\u00f1os no se ve un caso similar en la regi\u00f3n por lo que<strong> se plantea como un antecedente para Latinoam\u00e9rica y para el mundo <\/strong>porque estamos hablando de una de las potencias m\u00e1s grandes a nivel econ\u00f3mico y demogr\u00e1fico&#8221;, explica <strong><a href=\"https:\/\/agencia.unq.edu.ar\/?p=21196\" target=\"_blank\" rel=\"noopener\" title=\"\">Agust\u00edn Espada<\/a><\/strong>, director de la maestr\u00eda en Industrias Culturales de la UNQ, a la <a href=\"https:\/\/agencia.unq.edu.ar\/\" target=\"_blank\" rel=\"noopener\" title=\"\">Agencia de Noticias Cient\u00edficas<\/a>. <\/p>\n\n\n\n<p>La pol\u00e9mica comenz\u00f3 cuando <strong>el Tribunal le pidi\u00f3 a Musk, en el marco de una investigaci\u00f3n, el cierre de determinados perfiles acusados de ser difusores de fake news y atentar contra la democracia.<\/strong> Ante la negativa del empresario que los acus\u00f3 de falta de libertad de expresi\u00f3n, la corte advirti\u00f3 que la \u00fanica representante legal de X en el pa\u00eds pod\u00eda ser arrestada si no cumpl\u00edan las \u00f3rdenes. En consecuencia, <strong>Musk quit\u00f3 la oficina en Brasil, despidiendo a todos sus empleados y el Tribunal decidi\u00f3 suspender la red social. <\/strong>Por su parte, <strong>los usuarios r\u00e1pidamente migraron a otras plataformas similares, como Threads.<\/strong>&nbsp;<\/p>\n\n\n\n<p>En los \u00faltimos d\u00edas, se dio a conocer que <strong>Musk retrocedi\u00f3 en su jugada y suspendi\u00f3 las cuentas que el juez brasile\u00f1o Alexandre de Moraes exigi\u00f3, pag\u00f3 las multas que deb\u00eda y volvi\u00f3 a colocar una representante legal en el pa\u00eds, adecu\u00e1ndose as\u00ed a la regulaci\u00f3n<\/strong> del pa\u00eds vecino. En el perfil de X de Musk, donde antes hubo m\u00faltiples frases desafiantes ante la ley brasile\u00f1a, ahora hay silencio al respecto.<\/p>\n\n\n\n<p>&#8220;Este caso demuestra que <strong>si se toman decisiones firmes, si hay regulaciones y visi\u00f3n de poderes, se puede anteponer el inter\u00e9s p\u00fablico al inter\u00e9s privado comercial <\/strong>que dirige el accionar y la forma de desarrollarse de las plataformas digitales&#8221;, afirma Espada.<\/p>\n\n\n\n<p>El acatamiento de las \u00f3rdenes fue le\u00eddo por algunas personalidades ultraderechistas, l\u00ednea pol\u00edtica a la que Musk adhiere, con una mirada cr\u00edtica. Un ejemplo fue el caso de Paulo Figueiredo, <strong>un periodista de derecha que acus\u00f3 al magnate de doblegarse y plante\u00f3 que era \u201cun d\u00eda muy triste para la libertad de expresi\u00f3n\u201d, <\/strong>aunque luego se redimi\u00f3 y dijo que lo que hac\u00eda Musk era lo mejor para la plataforma y para Brasil.<\/p>\n\n\n\n<figure class=\"wp-block-embed is-type-rich is-provider-twitter wp-block-embed-twitter\"><div class=\"wp-block-embed__wrapper\">\n<blockquote class=\"twitter-tweet\" data-width=\"500\" data-dnt=\"true\"><p lang=\"en\" dir=\"ltr\">Mainstream Brazilian media reports indicate that <a href=\"https:\/\/twitter.com\/elonmusk?ref_src=twsrc%5Etfw\">@elonmusk<\/a> has bowed down to Alexandre de Moraes and will comply with all decisions in order to return to Brazil. These decisions include blocking all of my profiles in Brazil, as well as those of other journalists, ordinary people,\u2026<\/p>&mdash; Paulo Figueiredo (@realpfigueiredo) <a href=\"https:\/\/twitter.com\/realpfigueiredo\/status\/1836822573432090943?ref_src=twsrc%5Etfw\">September 19, 2024<\/a><\/blockquote><script async src=\"https:\/\/platform.twitter.com\/widgets.js\" charset=\"utf-8\"><\/script>\n<\/div><\/figure>\n\n\n\n<h2 class=\"wp-block-heading\">El fin de la era de la inocencia<\/h2>\n\n\n\n<p>Adem\u00e1s de Brasil, hay otros Estados que actualmente buscan regular el avance sin freno de las redes sociales, como es el <a href=\"https:\/\/agencia.unq.edu.ar\/?p=22390\" target=\"_blank\" rel=\"noopener\" title=\"\">caso de Francia con Telegram o la Uni\u00f3n Europea con Tik Tok<\/a>. &#8220;De la pandemia para ac\u00e1 se ve de manera mucho m\u00e1s clara que<strong> se termin\u00f3 la era de la inocencia en t\u00e9rminos de las plataformas digitales.<\/strong> L<strong>os Estados est\u00e1n siendo conscientes del tiempo que perdieron <\/strong>y del perjuicio que trajo como consecuencia en materia de regulaci\u00f3n econ\u00f3mica, pol\u00edtica y social&#8221;, relata el especialista.<\/p>\n\n\n\n<p>Seg\u00fan detalla Espada, <strong>el proceso de limitar el terreno y accionar de las redes sociales comenz\u00f3 con las elecciones presidenciales de Estados Unidos en 2016 cuando Facebook se meti\u00f3 en el juego pol\u00edtico<\/strong> al vender datos de sus usuarios para ser utilizados en las campa\u00f1as electorales. El cruce entre las plataformas y la pol\u00edtica tambi\u00e9n qued\u00f3 evidenciado cuando <strong>Musk compr\u00f3 X e hizo uso de la red en favor de un proyecto pol\u00edtico de derecha.<\/strong><\/p>\n\n\n\n<p>&#8220;Adem\u00e1s, hay una cuesti\u00f3n de la <strong>dimensi\u00f3n econ\u00f3mica<\/strong> que alcanzaron estas plataformas en los \u00faltimos a\u00f1os que empieza a arrojar preguntas acerca de<strong> la facturaci\u00f3n de estas empresas, d\u00f3nde tributan, qu\u00e9 tipo de pr\u00e1cticas anticompetitivas tienen o cu\u00e1les son los efectos de la concentraci\u00f3n econ\u00f3mica<\/strong>&#8220;, analiza.<\/p>\n\n\n\n<div style=\"height:40px\" aria-hidden=\"true\" class=\"wp-block-spacer\"><\/div>\n\n\n\n<hr class=\"wp-block-separator has-text-color has-css-opacity has-background is-style-wide\" style=\"background-color:#fea50e;color:#fea50e\"\/>\n\n\n\n<h4 class=\"wp-block-heading\" id=\"publicaciones-relacionadas\">\u00daltimas noticias de la secci\u00f3n Tecnolog\u00eda:<\/h4>\n\n\n<style id=\"sp_pcp_dynamic_style3317\">#pcp_wrapper-3317:not(.sps-glossary-layout) .sp-pcp-row,#pcp_wrapper-3317 .sps-glossary-items-group .sps-glossary-items-content {margin-right: -10px;margin-left: -10px;}#pcp_wrapper-3317 .sp-pcp-row [class*='sp-pcp-col-']{padding-right: 10px;padding-left: 10px; padding-bottom:20px;}.pcp-wrapper-3317 .sp-pcp-title a {color: #ac162c;display: inherit;} .pcp-wrapper-3317 .sp-pcp-title a:hover {color: #fea50e;}#pcp_wrapper-3317 .dots .swiper-pagination-bullet{ background: #ac162c; } #pcp_wrapper-3317 .dots .swiper-pagination-bullet-active { background: #fea50e; }#pcp_wrapper-3317 .pcp-button-prev,#pcp_wrapper-3317 .pcp-button-next{ background-image: none; background-size: auto; background-color: #fff; height: 33px; width: 33px; margin-top: 8px; border: 1px solid #aaa; text-align: center; line-height: 30px; -webkit-transition: 0.3s; border-radius: 3px; }#pcp_wrapper-3317 .pcp-button-prev:hover, #pcp_wrapper-3317 .pcp-button-next:hover{ background-color: #fea50e; border-color: #ac162c; } #pcp_wrapper-3317 .pcp-button-prev .fa, #pcp_wrapper-3317 .pcp-button-next .fa { color: #000000; } #pcp_wrapper-3317 .pcp-button-prev:hover .fa, #pcp_wrapper-3317 .pcp-button-next:hover .fa { color: #fff; } #pcp_wrapper-3317.pcp-carousel-wrapper .sp-pcp-post{ margin-top: 0; }#pcp_wrapper-3317 .sp-pcp-post {padding: 0 0 0 0;}#pcp_wrapper-3317.sp-slider_layout .sp-pcp-post .sp-pcp-post-details {top: 0; right:0; bottom:0; left:0;}#pcp_wrapper-3317 .sp-pcp-post {border: 0px solid #e2e2e2; border-radius: 0px }#pcp_wrapper-3317 .sp-pcp-post{background-color: transparent;}#pcp_wrapper-3317 .pcp-post-thumb-wrapper{border: 0px solid #dddddd;border-radius:0px;}.pcp-wrapper-3317 .sp-pcp-post-meta li,.pcp-wrapper-3317 .sp-pcp-post-meta ul,.pcp-wrapper-3317 .sp-pcp-post-meta li a{color: #888;}.pcp-wrapper-3317 .sp-pcp-post-meta li a:hover{color: #e1624b;}#pcp_wrapper-3317 .pcp-post-pagination .page-numbers.current, #pcp_wrapper-3317 .pcp-post-pagination a.active , #pcp_wrapper-3317 .pcp-post-pagination a:hover{ color: #ffffff; background: #e1624b; border-color: #e1624b; }#pcp_wrapper-3317 .pcp-post-pagination .page-numbers, .pcp-post-pagination a{ background: #ffffff; color:#5e5e5e; border: 2px solid #bbbbbb;border-radius: 2px; }#pcp_wrapper-3317 .pcp-post-pagination{text-align: left;}@media (min-width: 1200px) {.sp-pcp-row .sp-pcp-col-xl-1 {flex: 0 0 100%;}.sp-pcp-row .sp-pcp-col-xl-2 {flex: 1 1 calc( 50% - 20px);}.sp-pcp-row .sp-pcp-col-xl-3 {flex: 1 1 calc( 33.333% - 20px);}.sp-pcp-row .sp-pcp-col-xl-4 {flex: 1 1 calc( 25% - 20px);}.sp-pcp-row .sp-pcp-col-xl-5 { flex: 1 1 calc( 20% - 20px);}.sp-pcp-row .sp-pcp-col-xl-6 {flex: 1 1 calc( 16.66666666666667% - 20px);}.sp-pcp-row .sp-pcp-col-xl-7 {flex: 1 1 calc( 14.28571428% - 20px);}.sp-pcp-row .sp-pcp-col-xl-8 {flex: 1 1 calc( 12.5% - 20px);}}@media (max-width: 1200px) {.sp-pcp-row .sp-pcp-col-lg-1 {flex: 0 0 100%;}.sp-pcp-row .sp-pcp-col-lg-2 {flex: 1 1 calc( 50% - 20px);}.sp-pcp-row .sp-pcp-col-lg-3 {flex: 1 1 calc( 33.333% - 20px);}.sp-pcp-row .sp-pcp-col-lg-4 {flex: 1 1 calc( 25% - 20px);}.sp-pcp-row .sp-pcp-col-lg-5 { flex: 1 1 calc( 20% - 20px);}.sp-pcp-row .sp-pcp-col-lg-6 {flex: 1 1 calc( 16.66666666666667% - 20px);}.sp-pcp-row .sp-pcp-col-lg-7 {flex: 1 1 calc( 14.28571428% - 20px);}.sp-pcp-row .sp-pcp-col-lg-8 {flex: 1 1 calc( 12.5% - 20px);}}@media (max-width: 992px) {.sp-pcp-row .sp-pcp-col-md-1 {flex: 0 0 100%;}.sp-pcp-row .sp-pcp-col-md-2 {flex: 1 1 calc( 50% - 20px);}.sp-pcp-row .sp-pcp-col-md-2-5 {flex: 0 0 75%;}.sp-pcp-row .sp-pcp-col-md-3 {flex: 1 1 calc( 33.333% - 20px);}.sp-pcp-row .sp-pcp-col-md-4 {flex: 1 1 calc( 25% - 20px);}.sp-pcp-row .sp-pcp-col-md-5 { flex: 1 1 calc( 20% - 20px);}.sp-pcp-row .sp-pcp-col-md-6 {flex: 1 1 calc( 16.66666666666667% - 20px);}.sp-pcp-row .sp-pcp-col-md-7 {flex: 1 1 calc( 14.28571428% - 20px);}.sp-pcp-row .sp-pcp-col-md-8 {flex: 1 1 calc( 12.5% - 20px);}}@media (max-width: 768px) {.sp-pcp-row .sp-pcp-col-sm-1 {flex: 0 0 100%;}.sp-pcp-row .sp-pcp-col-sm-2 {flex: 1 1 calc( 50% - 20px);}.sp-pcp-row .sp-pcp-col-sm-2-5 {flex: 0 0 75%;}.sp-pcp-row .sp-pcp-col-sm-3 {flex: 1 1 calc( 33.333% - 20px);}.sp-pcp-row .sp-pcp-col-sm-4 {flex: 1 1 calc( 25% - 20px);}.sp-pcp-row .sp-pcp-col-sm-5 { flex: 1 1 calc( 20% - 20px);}.sp-pcp-row .sp-pcp-col-sm-6 {flex: 1 1 calc( 16.66666666666667% - 20px);}.sp-pcp-row .sp-pcp-col-sm-7 {flex: 1 1 calc( 14.28571428% - 20px);}.sp-pcp-row .sp-pcp-col-sm-8 {flex: 1 1 calc( 12.5% - 20px);}}@media (max-width: 420px) {.sp-pcp-row .sp-pcp-col-xs-1 {flex: 0 0 100%;}.sp-pcp-row .sp-pcp-col-xs-2 {flex: 1 1 calc( 50% - 20px);}.sp-pcp-row .sp-pcp-col-xs-3 {flex: 1 1 calc( 33.333% - 20px);}.sp-pcp-row .sp-pcp-col-xs-4 {flex: 1 1 calc( 25% - 20px);}.sp-pcp-row .sp-pcp-col-xs-5 { flex: 1 1 calc( 20% - 20px);}.sp-pcp-row .sp-pcp-col-xs-6 {flex: 1 1 calc( 16.66666666666667% - 20px);}.sp-pcp-row .sp-pcp-col-xs-7 {flex: 1 1 calc( 14.28571428% - 20px);}.sp-pcp-row .sp-pcp-col-xs-8 {flex: 1 1 calc( 12.5% - 20px);}}<\/style><!-- Markup Starts -->\n<div id=\"pcp_wrapper-3317\" class=\"sp-pcp-section sp-pcp-container pcp-wrapper-3317 pcp-carousel-wrapper standard sp-carousel_layout\" data-sid=\"3317\">\n\t<div id=\"sp-pcp-id-3317\" class=\"swiper-container sp-pcp-carousel top_right\" dir=\"ltr\" data-carousel='{ \"speed\":600, \"items\":3, \"spaceBetween\":20, \"dynamicBullets\": false, \"navigation\":true, \"pagination\": true, \"autoplay\": true, \"autoplay_speed\": 2000, \"loop\": true, \"autoHeight\": false, \"lazy\":  true, \"simulateTouch\": true, \"freeMode\": false, \"slider_mouse_wheel\": false,\"allowTouchMove\": true, \"slidesPerView\": {\"lg_desktop\": 3, \"desktop\": 3, \"tablet\": 2, \"mobile_landscape\": 1, \"mobile\": 1}, \"navigation_mobile\": true, \"pagination_mobile\": true, \"stop_onHover\": true, \"enabled\": true, \"prevSlideMessage\": \"Previous slide\", \"nextSlideMessage\": \"Next slide\", \"firstSlideMessage\": \"This is the first slide\", \"lastSlideMessage\": \"This is the last slide\", \"keyboard\": \"true\", \"paginationBulletMessage\": \"Go to slide {{index}}\" }'>\n\t\t\t<div class=\"swiper-wrapper\">\n\t\t\t\t\t\t<div class=\" swiper-slide swiper-lazy\">\n\t\t\t<div class=\"sp-pcp-post default pcp-item-35585\" data-id=\"35585\">\n\t\t\t\t\t\t\t\t<div class=\"pcp-post-thumb-wrapper\">\n\t\t\t\t\t<div class=\"sp-pcp-post-thumb-area\">\n\t\t\t\t\t\t\t\t\t\t\t\t<a class=\"sp-pcp-thumb\" href=\"https:\/\/agencia.unq.edu.ar\/?p=35585\" target=\"_self\" >\n\t\t\t\t\t\t\t\t\t\t\t\t\t<img loading=\"lazy\" decoding=\"async\" src=\"https:\/\/agencia.unq.edu.ar\/wp-content\/uploads\/2026\/04\/Anthropic.jpg\" width=\"1040\" height=\"420\" alt=\"Cr\u00e9ditos: Qore.\">\n\t\t\t\t\t\t<\/a>\n\t\t\t\t\t<\/div>\n\t\t\t\t<\/div>\n\t\t\t\t\t\t\t\t<div class=\"sp-pcp-post-details\">\n\t\t\t\t\t<div class=\"sp-pcp-post-details-content\">\n\t\t\t\t\t\t\t\t<h2 class=\"sp-pcp-title\">\n\t\t\t\t\t\t\t\t\t<a href=\"https:\/\/agencia.unq.edu.ar\/?p=35585\"  target=\"_self\">Ciberseguridad: crean una IA que promete combatir cualquier tipo falla inform\u00e1tica<\/a>\t\t\t\t\t\t\t<\/h2>\n\t\t\t\t\t\t\t\t\t<\/div>\n\t\t\t\t<\/div>\n\t\t\t<\/div>\n\t\t<\/div>\n\t\t\t\t<div class=\" swiper-slide swiper-lazy\">\n\t\t\t<div class=\"sp-pcp-post default pcp-item-35178\" data-id=\"35178\">\n\t\t\t\t\t\t\t\t<div class=\"pcp-post-thumb-wrapper\">\n\t\t\t\t\t<div class=\"sp-pcp-post-thumb-area\">\n\t\t\t\t\t\t\t\t\t\t\t\t<a class=\"sp-pcp-thumb\" href=\"https:\/\/agencia.unq.edu.ar\/?p=35178\" target=\"_self\" >\n\t\t\t\t\t\t\t\t\t\t\t\t\t<img loading=\"lazy\" decoding=\"async\" src=\"https:\/\/agencia.unq.edu.ar\/wp-content\/uploads\/2024\/11\/Wikipedia.jpg\" width=\"1040\" height=\"420\" alt=\"Wikipedia aloja art\u00edculos en 339 idiomas y es la enciclopedia m\u00e1s visitada en la web. Cr\u00e9ditos: La Naci\u00f3n.\">\n\t\t\t\t\t\t<\/a>\n\t\t\t\t\t<\/div>\n\t\t\t\t<\/div>\n\t\t\t\t\t\t\t\t<div class=\"sp-pcp-post-details\">\n\t\t\t\t\t<div class=\"sp-pcp-post-details-content\">\n\t\t\t\t\t\t\t\t<h2 class=\"sp-pcp-title\">\n\t\t\t\t\t\t\t\t\t<a href=\"https:\/\/agencia.unq.edu.ar\/?p=35178\"  target=\"_self\">Wikipedia prohibi\u00f3 el uso de la IA para redactar y editar contenido en la enciclopedia<\/a>\t\t\t\t\t\t\t<\/h2>\n\t\t\t\t\t\t\t\t\t<\/div>\n\t\t\t\t<\/div>\n\t\t\t<\/div>\n\t\t<\/div>\n\t\t\t\t<div class=\" swiper-slide swiper-lazy\">\n\t\t\t<div class=\"sp-pcp-post default pcp-item-34925\" data-id=\"34925\">\n\t\t\t\t\t\t\t\t<div class=\"pcp-post-thumb-wrapper\">\n\t\t\t\t\t<div class=\"sp-pcp-post-thumb-area\">\n\t\t\t\t\t\t\t\t\t\t\t\t<a class=\"sp-pcp-thumb\" href=\"https:\/\/agencia.unq.edu.ar\/?p=34925\" target=\"_self\" >\n\t\t\t\t\t\t\t\t\t\t\t\t\t<img loading=\"lazy\" decoding=\"async\" src=\"https:\/\/agencia.unq.edu.ar\/wp-content\/uploads\/2026\/03\/pickwizard.jpg\" width=\"1040\" height=\"420\" alt=\"Cuando el dato entra a la cancha. Cr\u00e9dito: Pikwizard.\">\n\t\t\t\t\t\t<\/a>\n\t\t\t\t\t<\/div>\n\t\t\t\t<\/div>\n\t\t\t\t\t\t\t\t<div class=\"sp-pcp-post-details\">\n\t\t\t\t\t<div class=\"sp-pcp-post-details-content\">\n\t\t\t\t\t\t\t\t<h2 class=\"sp-pcp-title\">\n\t\t\t\t\t\t\t\t\t<a href=\"https:\/\/agencia.unq.edu.ar\/?p=34925\"  target=\"_self\">C\u00f3mo la IA est\u00e1 cambiando el f\u00fatbol dentro y fuera de la cancha<\/a>\t\t\t\t\t\t\t<\/h2>\n\t\t\t\t\t\t\t\t\t<\/div>\n\t\t\t\t<\/div>\n\t\t\t<\/div>\n\t\t<\/div>\n\t\t\t\t<div class=\" swiper-slide swiper-lazy\">\n\t\t\t<div class=\"sp-pcp-post default pcp-item-34893\" data-id=\"34893\">\n\t\t\t\t\t\t\t\t<div class=\"pcp-post-thumb-wrapper\">\n\t\t\t\t\t<div class=\"sp-pcp-post-thumb-area\">\n\t\t\t\t\t\t\t\t\t\t\t\t<a class=\"sp-pcp-thumb\" href=\"https:\/\/agencia.unq.edu.ar\/?p=34893\" target=\"_self\" >\n\t\t\t\t\t\t\t\t\t\t\t\t\t<img loading=\"lazy\" decoding=\"async\" src=\"https:\/\/agencia.unq.edu.ar\/wp-content\/uploads\/2026\/03\/Pokemon-GO.jpg\" width=\"1040\" height=\"420\" alt=\"Cr\u00e9ditos: Pok\u00e9mon GO.\">\n\t\t\t\t\t\t<\/a>\n\t\t\t\t\t<\/div>\n\t\t\t\t<\/div>\n\t\t\t\t\t\t\t\t<div class=\"sp-pcp-post-details\">\n\t\t\t\t\t<div class=\"sp-pcp-post-details-content\">\n\t\t\t\t\t\t\t\t<h2 class=\"sp-pcp-title\">\n\t\t\t\t\t\t\t\t\t<a href=\"https:\/\/agencia.unq.edu.ar\/?p=34893\"  target=\"_self\">Esc\u00e1ndalo Pok\u00e9mon GO: de atrapar criaturas a mapear el mundo para robots de delivery<\/a>\t\t\t\t\t\t\t<\/h2>\n\t\t\t\t\t\t\t\t\t<\/div>\n\t\t\t\t<\/div>\n\t\t\t<\/div>\n\t\t<\/div>\n\t\t\t\t<div class=\" swiper-slide swiper-lazy\">\n\t\t\t<div class=\"sp-pcp-post default pcp-item-34723\" data-id=\"34723\">\n\t\t\t\t\t\t\t\t<div class=\"pcp-post-thumb-wrapper\">\n\t\t\t\t\t<div class=\"sp-pcp-post-thumb-area\">\n\t\t\t\t\t\t\t\t\t\t\t\t<a class=\"sp-pcp-thumb\" href=\"https:\/\/agencia.unq.edu.ar\/?p=34723\" target=\"_self\" >\n\t\t\t\t\t\t\t\t\t\t\t\t\t<img loading=\"lazy\" decoding=\"async\" src=\"https:\/\/agencia.unq.edu.ar\/wp-content\/uploads\/2026\/03\/acuerdo-Mexico-violencia-digital-1.jpg\" width=\"1040\" height=\"420\" alt=\"Claudia Sheinbaum, presidenta de M\u00e9xico, anuncia un acierdo de colaboraci\u00f3n voluntaria con Meta, TikTok y Google acompa\u00f1ada de funcionarias de gobierno y representantes de las plataformas digitales. Cr\u00e9ditos: Prensa oficial del gobierno de M\u00e9xico.\">\n\t\t\t\t\t\t<\/a>\n\t\t\t\t\t<\/div>\n\t\t\t\t<\/div>\n\t\t\t\t\t\t\t\t<div class=\"sp-pcp-post-details\">\n\t\t\t\t\t<div class=\"sp-pcp-post-details-content\">\n\t\t\t\t\t\t\t\t<h2 class=\"sp-pcp-title\">\n\t\t\t\t\t\t\t\t\t<a href=\"https:\/\/agencia.unq.edu.ar\/?p=34723\"  target=\"_self\">Violencia digital contra mujeres: \u00bfDe qu\u00e9 se trata el acuerdo que firm\u00f3 M\u00e9xico con Google, Meta y Tik Tok?<\/a>\t\t\t\t\t\t\t<\/h2>\n\t\t\t\t\t\t\t\t\t<\/div>\n\t\t\t\t<\/div>\n\t\t\t<\/div>\n\t\t<\/div>\n\t\t\t\t<div class=\" swiper-slide swiper-lazy\">\n\t\t\t<div class=\"sp-pcp-post default pcp-item-34512\" data-id=\"34512\">\n\t\t\t\t\t\t\t\t<div class=\"pcp-post-thumb-wrapper\">\n\t\t\t\t\t<div class=\"sp-pcp-post-thumb-area\">\n\t\t\t\t\t\t\t\t\t\t\t\t<a class=\"sp-pcp-thumb\" href=\"https:\/\/agencia.unq.edu.ar\/?p=34512\" target=\"_self\" >\n\t\t\t\t\t\t\t\t\t\t\t\t\t<img loading=\"lazy\" decoding=\"async\" src=\"https:\/\/agencia.unq.edu.ar\/wp-content\/uploads\/2026\/03\/Lumi-7.jpg\" width=\"1040\" height=\"420\" alt=\"Lumi 7 es la primera cantante argentina creada \u00edntegramente con IA. Cr\u00e9ditos: P\u00e1gina 12.\">\n\t\t\t\t\t\t<\/a>\n\t\t\t\t\t<\/div>\n\t\t\t\t<\/div>\n\t\t\t\t\t\t\t\t<div class=\"sp-pcp-post-details\">\n\t\t\t\t\t<div class=\"sp-pcp-post-details-content\">\n\t\t\t\t\t\t\t\t<h2 class=\"sp-pcp-title\">\n\t\t\t\t\t\t\t\t\t<a href=\"https:\/\/agencia.unq.edu.ar\/?p=34512\"  target=\"_self\">Artistas que no existen: \u00bfc\u00f3mo son los nuevos cantantes de IA que rompen r\u00e9cords en el mundo?<\/a>\t\t\t\t\t\t\t<\/h2>\n\t\t\t\t\t\t\t\t\t<\/div>\n\t\t\t\t<\/div>\n\t\t\t<\/div>\n\t\t<\/div>\n\t\t\t\t<div class=\" swiper-slide swiper-lazy\">\n\t\t\t<div class=\"sp-pcp-post default pcp-item-34223\" data-id=\"34223\">\n\t\t\t\t\t\t\t\t<div class=\"pcp-post-thumb-wrapper\">\n\t\t\t\t\t<div class=\"sp-pcp-post-thumb-area\">\n\t\t\t\t\t\t\t\t\t\t\t\t<a class=\"sp-pcp-thumb\" href=\"https:\/\/agencia.unq.edu.ar\/?p=34223\" target=\"_self\" >\n\t\t\t\t\t\t\t\t\t\t\t\t\t<img loading=\"lazy\" decoding=\"async\" src=\"https:\/\/agencia.unq.edu.ar\/wp-content\/uploads\/2026\/02\/UNSL.jpg\" width=\"1040\" height=\"420\" alt=\"Eliana Gonz\u00e1lez, Sergio Fern\u00e1ndez, Nehuen Herrera, Ana Garis, Lorena Baigorria, Luciana Loyola y Fabrizio Riera crearon NoVa+. Cr\u00e9ditos: Prensa UNSL.\">\n\t\t\t\t\t\t<\/a>\n\t\t\t\t\t<\/div>\n\t\t\t\t<\/div>\n\t\t\t\t\t\t\t\t<div class=\"sp-pcp-post-details\">\n\t\t\t\t\t<div class=\"sp-pcp-post-details-content\">\n\t\t\t\t\t\t\t\t<h2 class=\"sp-pcp-title\">\n\t\t\t\t\t\t\t\t\t<a href=\"https:\/\/agencia.unq.edu.ar\/?p=34223\"  target=\"_self\">Lanzan &#8220;NoVa+&#8221;, un asistente virtual que ayuda a prevenir la ludopat\u00eda y las apuestas online<\/a>\t\t\t\t\t\t\t<\/h2>\n\t\t\t\t\t\t\t\t\t<\/div>\n\t\t\t\t<\/div>\n\t\t\t<\/div>\n\t\t<\/div>\n\t\t\t\t<div class=\" swiper-slide swiper-lazy\">\n\t\t\t<div class=\"sp-pcp-post default pcp-item-34123\" data-id=\"34123\">\n\t\t\t\t\t\t\t\t<div class=\"pcp-post-thumb-wrapper\">\n\t\t\t\t\t<div class=\"sp-pcp-post-thumb-area\">\n\t\t\t\t\t\t\t\t\t\t\t\t<a class=\"sp-pcp-thumb\" href=\"https:\/\/agencia.unq.edu.ar\/?p=34123\" target=\"_self\" >\n\t\t\t\t\t\t\t\t\t\t\t\t\t<img loading=\"lazy\" decoding=\"async\" src=\"https:\/\/agencia.unq.edu.ar\/wp-content\/uploads\/2026\/02\/carnaval.png\" width=\"1040\" height=\"420\" alt=\"De la lentejuela al dato: el nuevo mapa tecnol\u00f3gico de la fiesta. Cr\u00e9dito: Globalvoices.\">\n\t\t\t\t\t\t<\/a>\n\t\t\t\t\t<\/div>\n\t\t\t\t<\/div>\n\t\t\t\t\t\t\t\t<div class=\"sp-pcp-post-details\">\n\t\t\t\t\t<div class=\"sp-pcp-post-details-content\">\n\t\t\t\t\t\t\t\t<h2 class=\"sp-pcp-title\">\n\t\t\t\t\t\t\t\t\t<a href=\"https:\/\/agencia.unq.edu.ar\/?p=34123\"  target=\"_self\">Carnaval 4.0: c\u00f3mo la inteligencia artificial, los drones y el streaming cambian la fiesta popular<\/a>\t\t\t\t\t\t\t<\/h2>\n\t\t\t\t\t\t\t\t\t<\/div>\n\t\t\t\t<\/div>\n\t\t\t<\/div>\n\t\t<\/div>\n\t\t\t\t<div class=\" swiper-slide swiper-lazy\">\n\t\t\t<div class=\"sp-pcp-post default pcp-item-34047\" data-id=\"34047\">\n\t\t\t\t\t\t\t\t<div class=\"pcp-post-thumb-wrapper\">\n\t\t\t\t\t<div class=\"sp-pcp-post-thumb-area\">\n\t\t\t\t\t\t\t\t\t\t\t\t<a class=\"sp-pcp-thumb\" href=\"https:\/\/agencia.unq.edu.ar\/?p=34047\" target=\"_self\" >\n\t\t\t\t\t\t\t\t\t\t\t\t\t<img loading=\"lazy\" decoding=\"async\" src=\"https:\/\/agencia.unq.edu.ar\/wp-content\/uploads\/2026\/02\/Latam-GPT-Gabriel-Boric.jpg\" width=\"1040\" height=\"420\" alt=\"Gabriel Boric y funcionarios chilenos durante el lanzamiento de Latam GPT. Cr\u00e9ditos: Minciencia.gob.cl\">\n\t\t\t\t\t\t<\/a>\n\t\t\t\t\t<\/div>\n\t\t\t\t<\/div>\n\t\t\t\t\t\t\t\t<div class=\"sp-pcp-post-details\">\n\t\t\t\t\t<div class=\"sp-pcp-post-details-content\">\n\t\t\t\t\t\t\t\t<h2 class=\"sp-pcp-title\">\n\t\t\t\t\t\t\t\t\t<a href=\"https:\/\/agencia.unq.edu.ar\/?p=34047\"  target=\"_self\">Chile present\u00f3 a Latam GPT, la primera inteligencia artificial latinoamericana<\/a>\t\t\t\t\t\t\t<\/h2>\n\t\t\t\t\t\t\t\t\t<\/div>\n\t\t\t\t<\/div>\n\t\t\t<\/div>\n\t\t<\/div>\n\t\t\t\t<div class=\" swiper-slide swiper-lazy\">\n\t\t\t<div class=\"sp-pcp-post default pcp-item-33444\" data-id=\"33444\">\n\t\t\t\t\t\t\t\t<div class=\"pcp-post-thumb-wrapper\">\n\t\t\t\t\t<div class=\"sp-pcp-post-thumb-area\">\n\t\t\t\t\t\t\t\t\t\t\t\t<a class=\"sp-pcp-thumb\" href=\"https:\/\/agencia.unq.edu.ar\/?p=33444\" target=\"_self\" >\n\t\t\t\t\t\t\t\t\t\t\t\t\t<img loading=\"lazy\" decoding=\"async\" src=\"https:\/\/agencia.unq.edu.ar\/wp-content\/uploads\/2025\/12\/Perplexity.jpg\" width=\"1040\" height=\"420\" alt=\"Dow Jones, propietario de The Wall Street Journal y The New York Post, tambi\u00e9n present\u00f3 demandas contra la startup. Cr\u00e9ditos: images.tech.co.\">\n\t\t\t\t\t\t<\/a>\n\t\t\t\t\t<\/div>\n\t\t\t\t<\/div>\n\t\t\t\t\t\t\t\t<div class=\"sp-pcp-post-details\">\n\t\t\t\t\t<div class=\"sp-pcp-post-details-content\">\n\t\t\t\t\t\t\t\t<h2 class=\"sp-pcp-title\">\n\t\t\t\t\t\t\t\t\t<a href=\"https:\/\/agencia.unq.edu.ar\/?p=33444\"  target=\"_self\">La IA en la mira: The New York Times denuncia a Perplexity por utilizar su contenido sin permiso<\/a>\t\t\t\t\t\t\t<\/h2>\n\t\t\t\t\t\t\t\t\t<\/div>\n\t\t\t\t<\/div>\n\t\t\t<\/div>\n\t\t<\/div>\n\t\t\t\t<div class=\" swiper-slide swiper-lazy\">\n\t\t\t<div class=\"sp-pcp-post default pcp-item-33261\" data-id=\"33261\">\n\t\t\t\t\t\t\t\t<div class=\"pcp-post-thumb-wrapper\">\n\t\t\t\t\t<div class=\"sp-pcp-post-thumb-area\">\n\t\t\t\t\t\t\t\t\t\t\t\t<a class=\"sp-pcp-thumb\" href=\"https:\/\/agencia.unq.edu.ar\/?p=33261\" target=\"_self\" >\n\t\t\t\t\t\t\t\t\t\t\t\t\t<img loading=\"lazy\" decoding=\"async\" src=\"https:\/\/agencia.unq.edu.ar\/wp-content\/uploads\/2025\/12\/FIFA-copa-del-mundo-2026-mundial-tecnologia-IA.jpg\" width=\"1040\" height=\"420\" alt=\"El VAR tendr\u00e1 m\u00e1s c\u00e1maras y procesar\u00e1 datos con IA. Cr\u00e9ditos: EFE.\">\n\t\t\t\t\t\t<\/a>\n\t\t\t\t\t<\/div>\n\t\t\t\t<\/div>\n\t\t\t\t\t\t\t\t<div class=\"sp-pcp-post-details\">\n\t\t\t\t\t<div class=\"sp-pcp-post-details-content\">\n\t\t\t\t\t\t\t\t<h2 class=\"sp-pcp-title\">\n\t\t\t\t\t\t\t\t\t<a href=\"https:\/\/agencia.unq.edu.ar\/?p=33261\"  target=\"_self\">IA, sensores y realidad aumentada: \u00bfC\u00f3mo ser\u00e1 el Mundial m\u00e1s tecnol\u00f3gico de la historia?<\/a>\t\t\t\t\t\t\t<\/h2>\n\t\t\t\t\t\t\t\t\t<\/div>\n\t\t\t\t<\/div>\n\t\t\t<\/div>\n\t\t<\/div>\n\t\t\t\t<div class=\" swiper-slide swiper-lazy\">\n\t\t\t<div class=\"sp-pcp-post default pcp-item-32974\" data-id=\"32974\">\n\t\t\t\t\t\t\t\t<div class=\"pcp-post-thumb-wrapper\">\n\t\t\t\t\t<div class=\"sp-pcp-post-thumb-area\">\n\t\t\t\t\t\t\t\t\t\t\t\t<a class=\"sp-pcp-thumb\" href=\"https:\/\/agencia.unq.edu.ar\/?p=32974\" target=\"_self\" >\n\t\t\t\t\t\t\t\t\t\t\t\t\t<img loading=\"lazy\" decoding=\"async\" src=\"https:\/\/agencia.unq.edu.ar\/wp-content\/uploads\/2025\/12\/Coatlicue-Mexico.jpg\" width=\"1040\" height=\"420\" alt=\"Un funcionario explica en conferencia de prensa la capacidad que tendr\u00e1 Coatlicue. Cr\u00e9ditos: Gabriel Monroy \/ Presidencia M\u00e9xico.\">\n\t\t\t\t\t\t<\/a>\n\t\t\t\t\t<\/div>\n\t\t\t\t<\/div>\n\t\t\t\t\t\t\t\t<div class=\"sp-pcp-post-details\">\n\t\t\t\t\t<div class=\"sp-pcp-post-details-content\">\n\t\t\t\t\t\t\t\t<h2 class=\"sp-pcp-title\">\n\t\t\t\t\t\t\t\t\t<a href=\"https:\/\/agencia.unq.edu.ar\/?p=32974\"  target=\"_self\">M\u00e9xico construir\u00e1 la supercomputadora m\u00e1s potente de Am\u00e9rica Latina<\/a>\t\t\t\t\t\t\t<\/h2>\n\t\t\t\t\t\t\t\t\t<\/div>\n\t\t\t\t<\/div>\n\t\t\t<\/div>\n\t\t<\/div>\n\t\t\t\t<div class=\" swiper-slide swiper-lazy\">\n\t\t\t<div class=\"sp-pcp-post default pcp-item-32864\" data-id=\"32864\">\n\t\t\t\t\t\t\t\t<div class=\"pcp-post-thumb-wrapper\">\n\t\t\t\t\t<div class=\"sp-pcp-post-thumb-area\">\n\t\t\t\t\t\t\t\t\t\t\t\t<a class=\"sp-pcp-thumb\" href=\"https:\/\/agencia.unq.edu.ar\/?p=32864\" target=\"_self\" >\n\t\t\t\t\t\t\t\t\t\t\t\t\t<img loading=\"lazy\" decoding=\"async\" src=\"https:\/\/agencia.unq.edu.ar\/wp-content\/uploads\/2025\/11\/UNQ.jpg\" width=\"1040\" height=\"420\" alt=\"M\u00e1s de 50 alumnos y graduados participaron en el desarrollo de la gu\u00eda. Cr\u00e9ditos: Usina de ideas.\">\n\t\t\t\t\t\t<\/a>\n\t\t\t\t\t<\/div>\n\t\t\t\t<\/div>\n\t\t\t\t\t\t\t\t<div class=\"sp-pcp-post-details\">\n\t\t\t\t\t<div class=\"sp-pcp-post-details-content\">\n\t\t\t\t\t\t\t\t<h2 class=\"sp-pcp-title\">\n\t\t\t\t\t\t\t\t\t<a href=\"https:\/\/agencia.unq.edu.ar\/?p=32864\"  target=\"_self\">Estudiantes y graduados de la UNQ lanzan una gu\u00eda de consejos para utilizar la IA en la universidad<\/a>\t\t\t\t\t\t\t<\/h2>\n\t\t\t\t\t\t\t\t\t<\/div>\n\t\t\t\t<\/div>\n\t\t\t<\/div>\n\t\t<\/div>\n\t\t\t\t<div class=\" swiper-slide swiper-lazy\">\n\t\t\t<div class=\"sp-pcp-post default pcp-item-32810\" data-id=\"32810\">\n\t\t\t\t\t\t\t\t<div class=\"pcp-post-thumb-wrapper\">\n\t\t\t\t\t<div class=\"sp-pcp-post-thumb-area\">\n\t\t\t\t\t\t\t\t\t\t\t\t<a class=\"sp-pcp-thumb\" href=\"https:\/\/agencia.unq.edu.ar\/?p=32810\" target=\"_self\" >\n\t\t\t\t\t\t\t\t\t\t\t\t\t<img loading=\"lazy\" decoding=\"async\" src=\"https:\/\/agencia.unq.edu.ar\/wp-content\/uploads\/2025\/11\/image-1600-f9e76d156b9accc9da186ccea780244e.jpg\" width=\"1040\" height=\"420\" alt=\"Macaozinho est\u00e1 inspirado en los guacamayos brasile\u00f1os\">\n\t\t\t\t\t\t<\/a>\n\t\t\t\t\t<\/div>\n\t\t\t\t<\/div>\n\t\t\t\t\t\t\t\t<div class=\"sp-pcp-post-details\">\n\t\t\t\t\t<div class=\"sp-pcp-post-details-content\">\n\t\t\t\t\t\t\t\t<h2 class=\"sp-pcp-title\">\n\t\t\t\t\t\t\t\t\t<a href=\"https:\/\/agencia.unq.edu.ar\/?p=32810\"  target=\"_self\">Macaozinho, el chatbot de IA especializado en el cambio clim\u00e1tico global<\/a>\t\t\t\t\t\t\t<\/h2>\n\t\t\t\t\t\t\t\t\t<\/div>\n\t\t\t\t<\/div>\n\t\t\t<\/div>\n\t\t<\/div>\n\t\t\t\t<div class=\" swiper-slide swiper-lazy\">\n\t\t\t<div class=\"sp-pcp-post default pcp-item-32591\" data-id=\"32591\">\n\t\t\t\t\t\t\t\t<div class=\"pcp-post-thumb-wrapper\">\n\t\t\t\t\t<div class=\"sp-pcp-post-thumb-area\">\n\t\t\t\t\t\t\t\t\t\t\t\t<a class=\"sp-pcp-thumb\" href=\"https:\/\/agencia.unq.edu.ar\/?p=32591\" target=\"_self\" >\n\t\t\t\t\t\t\t\t\t\t\t\t\t<img loading=\"lazy\" decoding=\"async\" src=\"https:\/\/agencia.unq.edu.ar\/wp-content\/uploads\/2025\/11\/Ia-desinformacion.jpg\" width=\"1040\" height=\"420\" alt=\"Cr\u00e9ditos: Getty Images.\">\n\t\t\t\t\t\t<\/a>\n\t\t\t\t\t<\/div>\n\t\t\t\t<\/div>\n\t\t\t\t\t\t\t\t<div class=\"sp-pcp-post-details\">\n\t\t\t\t\t<div class=\"sp-pcp-post-details-content\">\n\t\t\t\t\t\t\t\t<h2 class=\"sp-pcp-title\">\n\t\t\t\t\t\t\t\t\t<a href=\"https:\/\/agencia.unq.edu.ar\/?p=32591\"  target=\"_self\">Seg\u00fan un informe, el 45 por ciento de las noticias generadas por IA son falsas o tienen imprecisiones<\/a>\t\t\t\t\t\t\t<\/h2>\n\t\t\t\t\t\t\t\t\t<\/div>\n\t\t\t\t<\/div>\n\t\t\t<\/div>\n\t\t<\/div>\n\t\t\t\t<div class=\" swiper-slide swiper-lazy\">\n\t\t\t<div class=\"sp-pcp-post default pcp-item-32446\" data-id=\"32446\">\n\t\t\t\t\t\t\t\t<div class=\"pcp-post-thumb-wrapper\">\n\t\t\t\t\t<div class=\"sp-pcp-post-thumb-area\">\n\t\t\t\t\t\t\t\t\t\t\t\t<a class=\"sp-pcp-thumb\" href=\"https:\/\/agencia.unq.edu.ar\/?p=32446\" target=\"_self\" >\n\t\t\t\t\t\t\t\t\t\t\t\t\t<img loading=\"lazy\" decoding=\"async\" src=\"https:\/\/agencia.unq.edu.ar\/wp-content\/uploads\/2025\/11\/Roblox.jpg\" width=\"1040\" height=\"420\" alt=\"Personajes de Roblox. Cr\u00e9ditos: Wired.\">\n\t\t\t\t\t\t<\/a>\n\t\t\t\t\t<\/div>\n\t\t\t\t<\/div>\n\t\t\t\t\t\t\t\t<div class=\"sp-pcp-post-details\">\n\t\t\t\t\t<div class=\"sp-pcp-post-details-content\">\n\t\t\t\t\t\t\t\t<h2 class=\"sp-pcp-title\">\n\t\t\t\t\t\t\t\t\t<a href=\"https:\/\/agencia.unq.edu.ar\/?p=32446\"  target=\"_self\">Roblox: la plataforma de juegos acusada de causar grooming, ansiedad y adicci\u00f3n<\/a>\t\t\t\t\t\t\t<\/h2>\n\t\t\t\t\t\t\t\t\t<\/div>\n\t\t\t\t<\/div>\n\t\t\t<\/div>\n\t\t<\/div>\n\t\t\t\t\t<\/div>\n\t\t\t\t\t\t<div class=\"pcp-pagination swiper-pagination dots\"><\/div>\n\t\t\t\t\t\t\t\t\t\t<div class=\"pcp-button-next swiper-button-next top_right\"><i class=\"fa fa-angle-right\"><\/i><\/div>\n\t\t\t\t<div class=\"pcp-button-prev swiper-button-prev top_right\"><i class=\"fa fa-angle-left\"><\/i><\/div>\t<\/div>\n<\/div>\n\n\n\n\n<hr class=\"wp-block-separator has-text-color has-css-opacity has-background is-style-wide\" style=\"background-color:#fea50e;color:#fea50e\"\/>\n\n\n\n<p class=\"has-vivid-green-cyan-color has-text-color\"><\/p>\n","protected":false},"excerpt":{"rendered":"<p>Tras desafiar al poder judicial, el magnate cumpli\u00f3 las \u00f3rdenes para que la red social vuelva a funcionar. La palabra del especialista Agust\u00edn Espada. <\/p>\n","protected":false},"author":4,"featured_media":23163,"comment_status":"open","ping_status":"closed","sticky":false,"template":"","format":"standard","meta":{"_uag_custom_page_level_css":"","_monsterinsights_skip_tracking":false,"_monsterinsights_sitenote_active":false,"_monsterinsights_sitenote_note":"","_monsterinsights_sitenote_category":0,"site-sidebar-layout":"default","site-content-layout":"","ast-site-content-layout":"default","site-content-style":"default","site-sidebar-style":"default","ast-global-header-display":"","ast-banner-title-visibility":"","ast-main-header-display":"","ast-hfb-above-header-display":"","ast-hfb-below-header-display":"","ast-hfb-mobile-header-display":"","site-post-title":"","ast-breadcrumbs-content":"","ast-featured-img":"","footer-sml-layout":"","ast-disable-related-posts":"","theme-transparent-header-meta":"","adv-header-id-meta":"","stick-header-meta":"","header-above-stick-meta":"","header-main-stick-meta":"","header-below-stick-meta":"","astra-migrate-meta-layouts":"default","ast-page-background-enabled":"default","ast-page-background-meta":{"desktop":{"background-color":"var(--ast-global-color-4)","background-image":"","background-repeat":"repeat","background-position":"center center","background-size":"auto","background-attachment":"scroll","background-type":"","background-media":"","overlay-type":"","overlay-color":"","overlay-opacity":"","overlay-gradient":""},"tablet":{"background-color":"","background-image":"","background-repeat":"repeat","background-position":"center center","background-size":"auto","background-attachment":"scroll","background-type":"","background-media":"","overlay-type":"","overlay-color":"","overlay-opacity":"","overlay-gradient":""},"mobile":{"background-color":"","background-image":"","background-repeat":"repeat","background-position":"center center","background-size":"auto","background-attachment":"scroll","background-type":"","background-media":"","overlay-type":"","overlay-color":"","overlay-opacity":"","overlay-gradient":""}},"ast-content-background-meta":{"desktop":{"background-color":"var(--ast-global-color-5)","background-image":"","background-repeat":"repeat","background-position":"center center","background-size":"auto","background-attachment":"scroll","background-type":"","background-media":"","overlay-type":"","overlay-color":"","overlay-opacity":"","overlay-gradient":""},"tablet":{"background-color":"var(--ast-global-color-5)","background-image":"","background-repeat":"repeat","background-position":"center center","background-size":"auto","background-attachment":"scroll","background-type":"","background-media":"","overlay-type":"","overlay-color":"","overlay-opacity":"","overlay-gradient":""},"mobile":{"background-color":"var(--ast-global-color-5)","background-image":"","background-repeat":"repeat","background-position":"center center","background-size":"auto","background-attachment":"scroll","background-type":"","background-media":"","overlay-type":"","overlay-color":"","overlay-opacity":"","overlay-gradient":""}},"footnotes":""},"categories":[16,15],"tags":[909],"class_list":["post-23162","post","type-post","status-publish","format-standard","has-post-thumbnail","hentry","category-noticia-destacada","category-tecnologia","tag-cultura-digital"],"aioseo_notices":[],"uagb_featured_image_src":{"full":["https:\/\/agencia.unq.edu.ar\/wp-content\/uploads\/2024\/09\/Musk-Elon.jpg",1040,420,false],"thumbnail":["https:\/\/agencia.unq.edu.ar\/wp-content\/uploads\/2024\/09\/Musk-Elon.jpg",150,61,false],"medium":["https:\/\/agencia.unq.edu.ar\/wp-content\/uploads\/2024\/09\/Musk-Elon.jpg",960,388,false],"medium_large":["https:\/\/agencia.unq.edu.ar\/wp-content\/uploads\/2024\/09\/Musk-Elon.jpg",768,310,false],"large":["https:\/\/agencia.unq.edu.ar\/wp-content\/uploads\/2024\/09\/Musk-Elon.jpg",1040,420,false],"1536x1536":["https:\/\/agencia.unq.edu.ar\/wp-content\/uploads\/2024\/09\/Musk-Elon.jpg",1040,420,false],"2048x2048":["https:\/\/agencia.unq.edu.ar\/wp-content\/uploads\/2024\/09\/Musk-Elon.jpg",1040,420,false]},"uagb_author_info":{"display_name":"Luciana Mazzini Puga","author_link":"https:\/\/agencia.unq.edu.ar\/?author=4"},"uagb_comment_info":0,"uagb_excerpt":"Tras desafiar al poder judicial, el magnate cumpli\u00f3 las \u00f3rdenes para que la red social vuelva a funcionar. La palabra del especialista Agust\u00edn Espada.","blog_post_layout_featured_media_urls":{"thumbnail":["https:\/\/agencia.unq.edu.ar\/wp-content\/uploads\/2024\/09\/Musk-Elon.jpg",150,61,false],"full":["https:\/\/agencia.unq.edu.ar\/wp-content\/uploads\/2024\/09\/Musk-Elon.jpg",1040,420,false]},"categories_names":{"16":{"name":"Noticia destacada","link":"https:\/\/agencia.unq.edu.ar\/?cat=16"},"15":{"name":"Tecnolog\u00eda","link":"https:\/\/agencia.unq.edu.ar\/?cat=15"}},"tags_names":{"909":{"name":"Cultura digital","link":"https:\/\/agencia.unq.edu.ar\/?tag=cultura-digital"}},"comments_number":"0","_links":{"self":[{"href":"https:\/\/agencia.unq.edu.ar\/index.php?rest_route=\/wp\/v2\/posts\/23162","targetHints":{"allow":["GET"]}}],"collection":[{"href":"https:\/\/agencia.unq.edu.ar\/index.php?rest_route=\/wp\/v2\/posts"}],"about":[{"href":"https:\/\/agencia.unq.edu.ar\/index.php?rest_route=\/wp\/v2\/types\/post"}],"author":[{"embeddable":true,"href":"https:\/\/agencia.unq.edu.ar\/index.php?rest_route=\/wp\/v2\/users\/4"}],"replies":[{"embeddable":true,"href":"https:\/\/agencia.unq.edu.ar\/index.php?rest_route=%2Fwp%2Fv2%2Fcomments&post=23162"}],"version-history":[{"count":6,"href":"https:\/\/agencia.unq.edu.ar\/index.php?rest_route=\/wp\/v2\/posts\/23162\/revisions"}],"predecessor-version":[{"id":23173,"href":"https:\/\/agencia.unq.edu.ar\/index.php?rest_route=\/wp\/v2\/posts\/23162\/revisions\/23173"}],"wp:featuredmedia":[{"embeddable":true,"href":"https:\/\/agencia.unq.edu.ar\/index.php?rest_route=\/wp\/v2\/media\/23163"}],"wp:attachment":[{"href":"https:\/\/agencia.unq.edu.ar\/index.php?rest_route=%2Fwp%2Fv2%2Fmedia&parent=23162"}],"wp:term":[{"taxonomy":"category","embeddable":true,"href":"https:\/\/agencia.unq.edu.ar\/index.php?rest_route=%2Fwp%2Fv2%2Fcategories&post=23162"},{"taxonomy":"post_tag","embeddable":true,"href":"https:\/\/agencia.unq.edu.ar\/index.php?rest_route=%2Fwp%2Fv2%2Ftags&post=23162"}],"curies":[{"name":"wp","href":"https:\/\/api.w.org\/{rel}","templated":true}]}}