{"id":23512,"date":"2024-10-14T15:43:14","date_gmt":"2024-10-14T18:43:14","guid":{"rendered":"https:\/\/agencia.unq.edu.ar\/?p=23512"},"modified":"2024-10-14T15:43:15","modified_gmt":"2024-10-14T18:43:15","slug":"en-primera-persona-que-piensan-los-estudiantes-sobre-la-actualidad-de-las-universidades","status":"publish","type":"post","link":"https:\/\/agencia.unq.edu.ar\/?p=23512","title":{"rendered":"En primera persona: \u00bfqu\u00e9 piensan los estudiantes sobre la actualidad de las universidades?"},"content":{"rendered":"\n<p class=\"has-medium-font-size\">Mientras Milei habla del &#8220;mito de la universidad p\u00fablica&#8221;, la Agencia dialoga con los protagonistas del movimiento estudiantil que organiza la resistencia. <\/p>\n\n\n\n<figure class=\"wp-block-image aligncenter size-full\"><img loading=\"lazy\" decoding=\"async\" width=\"1040\" height=\"520\" src=\"https:\/\/agencia.unq.edu.ar\/wp-content\/uploads\/2024\/10\/Facultades-tomadas.jpg\" alt=\"Cr\u00e9ditos: \u00c1mbito Financiero.\" class=\"wp-image-23515\"\/><figcaption class=\"wp-element-caption\">Cr\u00e9ditos: \u00c1mbito Financiero.<\/figcaption><\/figure>\n\n\n\n<p>\u201cNunca viv\u00ed algo as\u00ed\u201d se escucha decir en los pasillos universitarios a estudiantes, docentes y nodocentes. La ratificaci\u00f3n del veto de Milei por parte de la C\u00e1mara de Diputados a la ley de financiamiento despert\u00f3 la indignaci\u00f3n de los y las estudiantes. M\u00e1s de 25 universidades del pa\u00eds fueron tomadas por el alumnado la semana pasada y se esperan nuevas acciones e intervenciones para esta. Mientras tanto, el presidente contin\u00faa tirando de la soga. Durante el acto de cambio de nombre del \u201cCentro Cultural N\u00e9stor Kirchner\u201d a \u201cPalacio Libertad Centro Cultural Domingo Faustino Sarmiento&#8221;, habl\u00f3 del \u201c<a href=\"https:\/\/www.casarosada.gob.ar\/informacion\/discursos\/50713-palabras-del-presidente-de-la-nacion-javier-milei-en-la-presentacion-del-centro-cultural-palacio-libertad-domingo-faustino-sarmiento-ex-cck\" target=\"_blank\" rel=\"noopener\" title=\"\">mito de la universidad p\u00fablica<\/a>\u201d, afirm\u00f3 que la universidad \u201cha dejado de ser una herramienta de movilidad social para convertirse en un obst\u00e1culo para la misma\u201d y mantiene que solo asisten los hijos de la clase media alta y alta. Al respecto, la <a href=\"https:\/\/agencia.unq.edu.ar\/\" target=\"_blank\" rel=\"noopener\" title=\"\">Agencia de Noticias Cient\u00edficas de la UNQ<\/a> dialoga con los y las estudiantes que habitan d\u00eda a d\u00eda las universidades p\u00fablicas en distintos puntos del pa\u00eds y hoy est\u00e1n en lucha. <\/p>\n\n\n\n<p>Hist\u00f3ricamente, la toma de un establecimiento fue la medida de fuerza llevada adelante por estudiantes o trabajadores en defensa de su lugar de trabajo o como forma de reclamo. \u201c<strong>Hoy estamos defendiendo la universidad p\u00fablica y su financiamiento. El movimiento estudiantil est\u00e1 m\u00e1s despierto que nunca<\/strong>. Hay asambleas en pr\u00e1cticamente todas las universidades del pa\u00eds.<strong> Vamos a ser la fuerza que tire el plan de este gobierno<\/strong>, estas semanas son claves para profundizar las medidas\u201d, afirma <strong>Luc\u00eda Coronel<\/strong>, egresada del profesorado en Ciencias de la Educaci\u00f3n de la <strong>Universidad Nacional de Catamarca (UNCA)<\/strong> y becaria del Conicet, a la <a href=\"https:\/\/agencia.unq.edu.ar\/\" target=\"_blank\" rel=\"noopener\" title=\"\">Agencia<\/a>.<strong> Coronel forma parte de la primera generaci\u00f3n de graduados de su familia<\/strong>.<\/p>\n\n\n\n<p>Por su parte, <strong>Victoria Sponsillo<\/strong>, estudiante de 21 a\u00f1os de la licenciatura en Sociolog\u00eda de la<strong> Universidad Nacional de Tierra del Fuego <\/strong>(UNTDF), plantea a la <a href=\"https:\/\/agencia.unq.edu.ar\/\" target=\"_blank\" rel=\"noopener\" title=\"\">Agencia<\/a>: \u201c<strong>Invito al presidente a que venga a la UNTDF y charle con los estudiantes porque parece que no pis\u00f3 una universidad p\u00fablica en su vida<\/strong>. Los docentes cobran sueldos miseria y a los estudiantes se les hace cada vez m\u00e1s caro y dif\u00edcil pagar el boleto para llegar a estudiar. Justamente, al rev\u00e9s de lo que \u00e9l dice, <strong>aqu\u00ed somos trabajadores e hijos de trabajadores los que m\u00e1s nos beneficiamos al tener una universidad p\u00fablica<\/strong>\u201d.<\/p>\n\n\n\n<figure class=\"wp-block-image aligncenter size-full\"><img loading=\"lazy\" decoding=\"async\" width=\"750\" height=\"500\" src=\"https:\/\/agencia.unq.edu.ar\/wp-content\/uploads\/2024\/10\/UNLP.jpg\" alt=\"Tomas en la Universidad Nacional de La Plata. Cr\u00e9ditos: Instagram FULP.\" class=\"wp-image-23516\"\/><figcaption class=\"wp-element-caption\">Tomas en la Universidad Nacional de La Plata. Cr\u00e9ditos: Instagram FULP.<\/figcaption><\/figure>\n\n\n\n<p>En ambas instituciones se llev\u00f3 adelante <strong>la toma de los edificios, se dictaron clases p\u00fablicas y, en la UNCA, se dio un festival en defensa de la educaci\u00f3n superior. En la UNTDF, se proyectaron las distintas sesiones del Congreso<\/strong> y se explic\u00f3 c\u00f3mo es el tratamiento de las leyes y qu\u00e9 suced\u00eda en caso de un posible veto. \u201cEs importante que <strong>los estudiantes entendamos el proceso por el que pasa esta ley y que sepamos qu\u00e9 est\u00e1 en juego<\/strong>\u201d.\u00a0<\/p>\n\n\n\n<p>\u201c<strong>Las burocracias estudiantiles y gremiales est\u00e1n tomando en sus manos el plan de lucha que creemos tan importante para derrotar el plan de Milei y conquistar nuestros reclamos<\/strong>\u201d, pronuncia Coronel, militante de Pol\u00edtica Obrera. Y contin\u00faa: \u201cEste gobierno quiere destruir todas nuestras conquistas y avanza gracias a la complicidad del Congreso, las centrales sindicales y todo el arco pol\u00edtico. <strong>La mejor manera de hacerle frente es mediante la organizaci\u00f3n y la autoconvocatoria<\/strong>\u201d.<\/p>\n\n\n\n<h2 class=\"wp-block-heading\">Pobres y universitarios<\/h2>\n\n\n\n<p>\u201cLa verdad inc\u00f3moda en la Argentina es que la universidad p\u00fablica nacional no le sirve a nadie m\u00e1s que a los hijos de la clase alta y a los hijos de la clase media alta\u201d, dijo Milei. Los estudiantes saben la realidad que viven d\u00eda a d\u00eda. <\/p>\n\n\n\n<p>As\u00ed, <strong>C\u00e9sar Vera<\/strong>, estudiante de la carrera de Relaciones del Trabajo de la <strong>Universidad Nacional Arturo Jauretche (UNAJ)<\/strong>, cuenta a la <a href=\"https:\/\/agencia.unq.edu.ar\/\" target=\"_blank\" rel=\"noopener\" title=\"\">Agencia<\/a>: \u201c<strong>Es mentira que los pobres no llegamos a las universidades. Por ejemplo, yo formo parte de la primera generaci\u00f3n de estudiantes secundarios y universitarios de mi familia <\/strong>y el primero en obtener un t\u00edtulo intermedio\u201d.<\/p>\n\n\n\n<p>Por su parte, Sponsillo, integrante de la Uni\u00f3n Resistente de Estudiantes Fueguinos (Uref) enfatiza en la necesidad que estas casas de estudio sigan existiendo: \u201c<strong>En Tierra del Fuego, terminamos el secundario pensando en qu\u00e9 carreras queremos hacer, en qu\u00e9 provincia la dictan<\/strong> y si uno va a poder sostener los gastos de viaje y hospedaje para bancar el estudio. Tener una universidad ac\u00e1 <strong>nos permite a los hijos de personas que no terminaron el primario y secundario por falta de oportunidades, tener un t\u00edtulo de pregrado, grado o posgrado y tener una profesi\u00f3n. Eso es, literalmente, la movilidad social<\/strong>\u201d.<\/p>\n\n\n\n<figure class=\"wp-block-embed is-type-rich is-provider-twitter wp-block-embed-twitter\"><div class=\"wp-block-embed__wrapper\">\n<blockquote class=\"twitter-tweet\" data-width=\"500\" data-dnt=\"true\"><p lang=\"es\" dir=\"ltr\">Clase P\u00fablica en Econ\u00f3micas sobre Av. C\u00f3rdoba, en este caso brindada por <a href=\"https:\/\/twitter.com\/CostaAugusto9?ref_src=twsrc%5Etfw\">@CostaAugusto9<\/a> <a href=\"https:\/\/t.co\/Twp67mYTpb\">pic.twitter.com\/Twp67mYTpb<\/a><\/p>&mdash; Fabian Waldman \u2b50\ufe0f\u2b50\ufe0f\u2b50\ufe0f (@FabianWaldman) <a href=\"https:\/\/twitter.com\/FabianWaldman\/status\/1845810956242202734?ref_src=twsrc%5Etfw\">October 14, 2024<\/a><\/blockquote><script async src=\"https:\/\/platform.twitter.com\/widgets.js\" charset=\"utf-8\"><\/script>\n<\/div><\/figure>\n\n\n\n<p>Vera agrega: \u201cTodo esto es posible gracias a que una vez<strong> Cristina Fern\u00e1ndez tom\u00f3 la decisi\u00f3n de crear nuevas universidades en lugares estrat\u00e9gicos<\/strong> que nos permiti\u00f3 a los m\u00e1s humildes empezar a so\u00f1ar con un futuro. Con esta frase, <strong>Milei demuestra que est\u00e1 completamente disociado de la realidad <\/strong>que viven los argentinos y las argentinas\u201d, detalla.<\/p>\n\n\n\n<p>En el caso de la<strong> UNAJ,<\/strong> se realiz\u00f3 <strong>una vigilia desde el mi\u00e9rcoles pasado hasta este lunes. <\/strong>Adem\u00e1s, en la reciente asamblea se decidi\u00f3 que el Concejo Deliberante de Florencio Varela junto con otros de la zona realicen una sesi\u00f3n extraordinaria para rechazar el veto. Asimismo, har\u00e1n actividades de visibilizaci\u00f3n, como intervenciones en sem\u00e1foros y <strong>una marcha del silencio este viernes que ir\u00e1 desde la Universidad hasta el Cruce Varela.<\/strong><\/p>\n\n\n\n<div style=\"height:40px\" aria-hidden=\"true\" class=\"wp-block-spacer\"><\/div>\n\n\n\n<hr class=\"wp-block-separator has-text-color has-css-opacity has-background is-style-wide\" style=\"background-color:#fea50e;color:#fea50e\"\/>\n\n\n\n<h4 class=\"wp-block-heading\" id=\"publicaciones-relacionadas\">\u00daltimas noticias de la secci\u00f3n Pol\u00edtica:<\/h4>\n\n\n<style id=\"sp_pcp_dynamic_style3318\">#pcp_wrapper-3318:not(.sps-glossary-layout) .sp-pcp-row,#pcp_wrapper-3318 .sps-glossary-items-group .sps-glossary-items-content {margin-right: -10px;margin-left: -10px;}#pcp_wrapper-3318 .sp-pcp-row [class*='sp-pcp-col-']{padding-right: 10px;padding-left: 10px; padding-bottom:20px;}.pcp-wrapper-3318 .sp-pcp-title a {color: #ac162c;display: inherit;} .pcp-wrapper-3318 .sp-pcp-title a:hover {color: #fea50e;}#pcp_wrapper-3318 .dots .swiper-pagination-bullet{ background: #ac162c; } #pcp_wrapper-3318 .dots .swiper-pagination-bullet-active { background: #fea50e; }#pcp_wrapper-3318 .pcp-button-prev,#pcp_wrapper-3318 .pcp-button-next{ background-image: none; background-size: auto; background-color: #fff; height: 33px; width: 33px; margin-top: 8px; border: 1px solid #aaa; text-align: center; line-height: 30px; -webkit-transition: 0.3s; border-radius: 3px; }#pcp_wrapper-3318 .pcp-button-prev:hover, #pcp_wrapper-3318 .pcp-button-next:hover{ background-color: #fea50e; border-color: #ac162c; } #pcp_wrapper-3318 .pcp-button-prev .fa, #pcp_wrapper-3318 .pcp-button-next .fa { color: #000000; } #pcp_wrapper-3318 .pcp-button-prev:hover .fa, #pcp_wrapper-3318 .pcp-button-next:hover .fa { color: #fff; } #pcp_wrapper-3318.pcp-carousel-wrapper .sp-pcp-post{ margin-top: 0; }#pcp_wrapper-3318 .sp-pcp-post {padding: 0 0 0 0;}#pcp_wrapper-3318.sp-slider_layout .sp-pcp-post .sp-pcp-post-details {top: 0; right:0; bottom:0; left:0;}#pcp_wrapper-3318 .sp-pcp-post {border: 0px solid #e2e2e2; border-radius: 0px }#pcp_wrapper-3318 .sp-pcp-post{background-color: transparent;}#pcp_wrapper-3318 .pcp-post-thumb-wrapper{border: 0px solid #dddddd;border-radius:0px;}.pcp-wrapper-3318 .sp-pcp-post-meta li,.pcp-wrapper-3318 .sp-pcp-post-meta ul,.pcp-wrapper-3318 .sp-pcp-post-meta li a{color: #888;}.pcp-wrapper-3318 .sp-pcp-post-meta li a:hover{color: #e1624b;}#pcp_wrapper-3318 .pcp-post-pagination .page-numbers.current, #pcp_wrapper-3318 .pcp-post-pagination a.active , #pcp_wrapper-3318 .pcp-post-pagination a:hover{ color: #ffffff; background: #e1624b; border-color: #e1624b; }#pcp_wrapper-3318 .pcp-post-pagination .page-numbers, .pcp-post-pagination a{ background: #ffffff; color:#5e5e5e; border: 2px solid #bbbbbb;border-radius: 2px; }#pcp_wrapper-3318 .pcp-post-pagination{text-align: left;}@media (min-width: 1200px) {.sp-pcp-row .sp-pcp-col-xl-1 {flex: 0 0 100%;}.sp-pcp-row .sp-pcp-col-xl-2 {flex: 1 1 calc( 50% - 20px);}.sp-pcp-row .sp-pcp-col-xl-3 {flex: 1 1 calc( 33.333% - 20px);}.sp-pcp-row .sp-pcp-col-xl-4 {flex: 1 1 calc( 25% - 20px);}.sp-pcp-row .sp-pcp-col-xl-5 { flex: 1 1 calc( 20% - 20px);}.sp-pcp-row .sp-pcp-col-xl-6 {flex: 1 1 calc( 16.66666666666667% - 20px);}.sp-pcp-row .sp-pcp-col-xl-7 {flex: 1 1 calc( 14.28571428% - 20px);}.sp-pcp-row .sp-pcp-col-xl-8 {flex: 1 1 calc( 12.5% - 20px);}}@media (max-width: 1200px) {.sp-pcp-row .sp-pcp-col-lg-1 {flex: 0 0 100%;}.sp-pcp-row .sp-pcp-col-lg-2 {flex: 1 1 calc( 50% - 20px);}.sp-pcp-row .sp-pcp-col-lg-3 {flex: 1 1 calc( 33.333% - 20px);}.sp-pcp-row .sp-pcp-col-lg-4 {flex: 1 1 calc( 25% - 20px);}.sp-pcp-row .sp-pcp-col-lg-5 { flex: 1 1 calc( 20% - 20px);}.sp-pcp-row .sp-pcp-col-lg-6 {flex: 1 1 calc( 16.66666666666667% - 20px);}.sp-pcp-row .sp-pcp-col-lg-7 {flex: 1 1 calc( 14.28571428% - 20px);}.sp-pcp-row .sp-pcp-col-lg-8 {flex: 1 1 calc( 12.5% - 20px);}}@media (max-width: 992px) {.sp-pcp-row .sp-pcp-col-md-1 {flex: 0 0 100%;}.sp-pcp-row .sp-pcp-col-md-2 {flex: 1 1 calc( 50% - 20px);}.sp-pcp-row .sp-pcp-col-md-2-5 {flex: 0 0 75%;}.sp-pcp-row .sp-pcp-col-md-3 {flex: 1 1 calc( 33.333% - 20px);}.sp-pcp-row .sp-pcp-col-md-4 {flex: 1 1 calc( 25% - 20px);}.sp-pcp-row .sp-pcp-col-md-5 { flex: 1 1 calc( 20% - 20px);}.sp-pcp-row .sp-pcp-col-md-6 {flex: 1 1 calc( 16.66666666666667% - 20px);}.sp-pcp-row .sp-pcp-col-md-7 {flex: 1 1 calc( 14.28571428% - 20px);}.sp-pcp-row .sp-pcp-col-md-8 {flex: 1 1 calc( 12.5% - 20px);}}@media (max-width: 768px) {.sp-pcp-row .sp-pcp-col-sm-1 {flex: 0 0 100%;}.sp-pcp-row .sp-pcp-col-sm-2 {flex: 1 1 calc( 50% - 20px);}.sp-pcp-row .sp-pcp-col-sm-2-5 {flex: 0 0 75%;}.sp-pcp-row .sp-pcp-col-sm-3 {flex: 1 1 calc( 33.333% - 20px);}.sp-pcp-row .sp-pcp-col-sm-4 {flex: 1 1 calc( 25% - 20px);}.sp-pcp-row .sp-pcp-col-sm-5 { flex: 1 1 calc( 20% - 20px);}.sp-pcp-row .sp-pcp-col-sm-6 {flex: 1 1 calc( 16.66666666666667% - 20px);}.sp-pcp-row .sp-pcp-col-sm-7 {flex: 1 1 calc( 14.28571428% - 20px);}.sp-pcp-row .sp-pcp-col-sm-8 {flex: 1 1 calc( 12.5% - 20px);}}@media (max-width: 420px) {.sp-pcp-row .sp-pcp-col-xs-1 {flex: 0 0 100%;}.sp-pcp-row .sp-pcp-col-xs-2 {flex: 1 1 calc( 50% - 20px);}.sp-pcp-row .sp-pcp-col-xs-3 {flex: 1 1 calc( 33.333% - 20px);}.sp-pcp-row .sp-pcp-col-xs-4 {flex: 1 1 calc( 25% - 20px);}.sp-pcp-row .sp-pcp-col-xs-5 { flex: 1 1 calc( 20% - 20px);}.sp-pcp-row .sp-pcp-col-xs-6 {flex: 1 1 calc( 16.66666666666667% - 20px);}.sp-pcp-row .sp-pcp-col-xs-7 {flex: 1 1 calc( 14.28571428% - 20px);}.sp-pcp-row .sp-pcp-col-xs-8 {flex: 1 1 calc( 12.5% - 20px);}}<\/style><!-- Markup Starts -->\n<div id=\"pcp_wrapper-3318\" class=\"sp-pcp-section sp-pcp-container pcp-wrapper-3318 pcp-carousel-wrapper standard sp-carousel_layout\" data-sid=\"3318\">\n\t<div id=\"sp-pcp-id-3318\" class=\"swiper-container sp-pcp-carousel top_right\" dir=\"ltr\" data-carousel='{ \"speed\":600, \"items\":3, \"spaceBetween\":20, \"dynamicBullets\": false, \"navigation\":true, \"pagination\": true, \"autoplay\": true, \"autoplay_speed\": 2000, \"loop\": true, \"autoHeight\": false, \"lazy\":  true, \"simulateTouch\": true, \"freeMode\": false, \"slider_mouse_wheel\": false,\"allowTouchMove\": true, \"slidesPerView\": {\"lg_desktop\": 3, \"desktop\": 3, \"tablet\": 2, \"mobile_landscape\": 1, \"mobile\": 1}, \"navigation_mobile\": true, \"pagination_mobile\": true, \"stop_onHover\": true, \"enabled\": true, \"prevSlideMessage\": \"Previous slide\", \"nextSlideMessage\": \"Next slide\", \"firstSlideMessage\": \"This is the first slide\", \"lastSlideMessage\": \"This is the last slide\", \"keyboard\": \"true\", \"paginationBulletMessage\": \"Go to slide {{index}}\" }'>\n\t\t\t<div class=\"swiper-wrapper\">\n\t\t\t\t\t\t<div class=\" swiper-slide swiper-lazy\">\n\t\t\t<div class=\"sp-pcp-post default pcp-item-36015\" data-id=\"36015\">\n\t\t\t\t\t\t\t\t<div class=\"pcp-post-thumb-wrapper\">\n\t\t\t\t\t<div class=\"sp-pcp-post-thumb-area\">\n\t\t\t\t\t\t\t\t\t\t\t\t<a class=\"sp-pcp-thumb\" href=\"https:\/\/agencia.unq.edu.ar\/?p=36015\" target=\"_self\" >\n\t\t\t\t\t\t\t\t\t\t\t\t\t<img loading=\"lazy\" decoding=\"async\" src=\"https:\/\/agencia.unq.edu.ar\/wp-content\/uploads\/2026\/04\/adorni.jpg\" width=\"1040\" height=\"420\" alt=\"Manuel Adorni durante la presentaci\u00f3n del informe de gesti\u00f3n en el Congreso de la Naci\u00f3n\">\n\t\t\t\t\t\t<\/a>\n\t\t\t\t\t<\/div>\n\t\t\t\t<\/div>\n\t\t\t\t\t\t\t\t<div class=\"sp-pcp-post-details\">\n\t\t\t\t\t<div class=\"sp-pcp-post-details-content\">\n\t\t\t\t\t\t\t\t<h4 class=\"sp-pcp-title\">\n\t\t\t\t\t\t\t\t\t<a href=\"https:\/\/agencia.unq.edu.ar\/?p=36015\"  target=\"_self\">\u00bfD\u00f3nde est\u00e1 la plata de la ciencia? Lo que Adorni no respondi\u00f3 sobre el paradero de los fondos del sector<\/a>\t\t\t\t\t\t\t<\/h4>\n\t\t\t\t\t\t\t\t\t<\/div>\n\t\t\t\t<\/div>\n\t\t\t<\/div>\n\t\t<\/div>\n\t\t\t\t<div class=\" swiper-slide swiper-lazy\">\n\t\t\t<div class=\"sp-pcp-post default pcp-item-35969\" data-id=\"35969\">\n\t\t\t\t\t\t\t\t<div class=\"pcp-post-thumb-wrapper\">\n\t\t\t\t\t<div class=\"sp-pcp-post-thumb-area\">\n\t\t\t\t\t\t\t\t\t\t\t\t<a class=\"sp-pcp-thumb\" href=\"https:\/\/agencia.unq.edu.ar\/?p=35969\" target=\"_self\" >\n\t\t\t\t\t\t\t\t\t\t\t\t\t<img loading=\"lazy\" decoding=\"async\" src=\"https:\/\/agencia.unq.edu.ar\/wp-content\/uploads\/2026\/04\/resistencia-antimicrobianos-espana.jpg\" width=\"1040\" height=\"420\" alt=\"El f\u00e1rmaco Concerta es uno de los tantos en Espa\u00f1a cuya presentaci\u00f3n trae 30 dosis. Cr\u00e9ditos: LUDA.\">\n\t\t\t\t\t\t<\/a>\n\t\t\t\t\t<\/div>\n\t\t\t\t<\/div>\n\t\t\t\t\t\t\t\t<div class=\"sp-pcp-post-details\">\n\t\t\t\t\t<div class=\"sp-pcp-post-details-content\">\n\t\t\t\t\t\t\t\t<h4 class=\"sp-pcp-title\">\n\t\t\t\t\t\t\t\t\t<a href=\"https:\/\/agencia.unq.edu.ar\/?p=35969\"  target=\"_self\">Espa\u00f1a elimina las cajas de antibi\u00f3ticos grandes para luchar contra las superbacterias<\/a>\t\t\t\t\t\t\t<\/h4>\n\t\t\t\t\t\t\t\t\t<\/div>\n\t\t\t\t<\/div>\n\t\t\t<\/div>\n\t\t<\/div>\n\t\t\t\t<div class=\" swiper-slide swiper-lazy\">\n\t\t\t<div class=\"sp-pcp-post default pcp-item-35850\" data-id=\"35850\">\n\t\t\t\t\t\t\t\t<div class=\"pcp-post-thumb-wrapper\">\n\t\t\t\t\t<div class=\"sp-pcp-post-thumb-area\">\n\t\t\t\t\t\t\t\t\t\t\t\t<a class=\"sp-pcp-thumb\" href=\"https:\/\/agencia.unq.edu.ar\/?p=35850\" target=\"_self\" >\n\t\t\t\t\t\t\t\t\t\t\t\t\t<img loading=\"lazy\" decoding=\"async\" src=\"https:\/\/agencia.unq.edu.ar\/wp-content\/uploads\/2026\/04\/carta-abierta-clarin.jpg\" width=\"1040\" height=\"420\" alt=\"Horacio Gonz\u00e1lez en una charla de Carta Abierta, en la Facultad de filosof\u00eda y letras.\">\n\t\t\t\t\t\t<\/a>\n\t\t\t\t\t<\/div>\n\t\t\t\t<\/div>\n\t\t\t\t\t\t\t\t<div class=\"sp-pcp-post-details\">\n\t\t\t\t\t<div class=\"sp-pcp-post-details-content\">\n\t\t\t\t\t\t\t\t<h4 class=\"sp-pcp-title\">\n\t\t\t\t\t\t\t\t\t<a href=\"https:\/\/agencia.unq.edu.ar\/?p=35850\"  target=\"_self\">\u201cDebate p\u00fablico en Argentina\u201d: el libro que recupera la experiencia de Carta Abierta<\/a>\t\t\t\t\t\t\t<\/h4>\n\t\t\t\t\t\t\t\t\t<\/div>\n\t\t\t\t<\/div>\n\t\t\t<\/div>\n\t\t<\/div>\n\t\t\t\t<div class=\" swiper-slide swiper-lazy\">\n\t\t\t<div class=\"sp-pcp-post default pcp-item-35830\" data-id=\"35830\">\n\t\t\t\t\t\t\t\t<div class=\"pcp-post-thumb-wrapper\">\n\t\t\t\t\t<div class=\"sp-pcp-post-thumb-area\">\n\t\t\t\t\t\t\t\t\t\t\t\t<a class=\"sp-pcp-thumb\" href=\"https:\/\/agencia.unq.edu.ar\/?p=35830\" target=\"_self\" >\n\t\t\t\t\t\t\t\t\t\t\t\t\t<img loading=\"lazy\" decoding=\"async\" src=\"https:\/\/agencia.unq.edu.ar\/wp-content\/uploads\/2026\/04\/Javier-Milei-Peter-Thiel.jpg\" width=\"1040\" height=\"420\" alt=\"Javier Milei junto a Peter Lamelas, embajador de EE.UU. en Argentina y Peter Thiel, fundador de Palantir. Cr\u00e9ditos: @OPRArgentina.\">\n\t\t\t\t\t\t<\/a>\n\t\t\t\t\t<\/div>\n\t\t\t\t<\/div>\n\t\t\t\t\t\t\t\t<div class=\"sp-pcp-post-details\">\n\t\t\t\t\t<div class=\"sp-pcp-post-details-content\">\n\t\t\t\t\t\t\t\t<h4 class=\"sp-pcp-title\">\n\t\t\t\t\t\t\t\t\t<a href=\"https:\/\/agencia.unq.edu.ar\/?p=35830\"  target=\"_self\">Palantir y Peter Thiel: \u00bfse acerca el tecnofascismo a la Argentina?<\/a>\t\t\t\t\t\t\t<\/h4>\n\t\t\t\t\t\t\t\t\t<\/div>\n\t\t\t\t<\/div>\n\t\t\t<\/div>\n\t\t<\/div>\n\t\t\t\t<div class=\" swiper-slide swiper-lazy\">\n\t\t\t<div class=\"sp-pcp-post default pcp-item-35757\" data-id=\"35757\">\n\t\t\t\t\t\t\t\t<div class=\"pcp-post-thumb-wrapper\">\n\t\t\t\t\t<div class=\"sp-pcp-post-thumb-area\">\n\t\t\t\t\t\t\t\t\t\t\t\t<a class=\"sp-pcp-thumb\" href=\"https:\/\/agencia.unq.edu.ar\/?p=35757\" target=\"_self\" >\n\t\t\t\t\t\t\t\t\t\t\t\t\t<img loading=\"lazy\" decoding=\"async\" src=\"https:\/\/agencia.unq.edu.ar\/wp-content\/uploads\/2026\/04\/Marcha-universitaria-vista-general.jpg\" width=\"1040\" height=\"420\" alt=\"Imagen panor\u00e1mica de la \u00faltima Marcha Federal. Cr\u00e9ditos: @vyp.drone.\">\n\t\t\t\t\t\t<\/a>\n\t\t\t\t\t<\/div>\n\t\t\t\t<\/div>\n\t\t\t\t\t\t\t\t<div class=\"sp-pcp-post-details\">\n\t\t\t\t\t<div class=\"sp-pcp-post-details-content\">\n\t\t\t\t\t\t\t\t<h4 class=\"sp-pcp-title\">\n\t\t\t\t\t\t\t\t\t<a href=\"https:\/\/agencia.unq.edu.ar\/?p=35757\"  target=\"_self\">Hasta que se cumpla: la comunidad universitaria realizar\u00e1 una nueva Marcha Federal<\/a>\t\t\t\t\t\t\t<\/h4>\n\t\t\t\t\t\t\t\t\t<\/div>\n\t\t\t\t<\/div>\n\t\t\t<\/div>\n\t\t<\/div>\n\t\t\t\t<div class=\" swiper-slide swiper-lazy\">\n\t\t\t<div class=\"sp-pcp-post default pcp-item-35638\" data-id=\"35638\">\n\t\t\t\t\t\t\t\t<div class=\"pcp-post-thumb-wrapper\">\n\t\t\t\t\t<div class=\"sp-pcp-post-thumb-area\">\n\t\t\t\t\t\t\t\t\t\t\t\t<a class=\"sp-pcp-thumb\" href=\"https:\/\/agencia.unq.edu.ar\/?p=35638\" target=\"_self\" >\n\t\t\t\t\t\t\t\t\t\t\t\t\t<img loading=\"lazy\" decoding=\"async\" src=\"https:\/\/agencia.unq.edu.ar\/wp-content\/uploads\/2026\/04\/Roberto-Abdala-Al-borde-del-precipicio.jpg\" width=\"1040\" height=\"420\" alt=\"Roberto Abdala en Al borde del precicipcio. Cr\u00e9ditos: Captura UNQ TV.\">\n\t\t\t\t\t\t<\/a>\n\t\t\t\t\t<\/div>\n\t\t\t\t<\/div>\n\t\t\t\t\t\t\t\t<div class=\"sp-pcp-post-details\">\n\t\t\t\t\t<div class=\"sp-pcp-post-details-content\">\n\t\t\t\t\t\t\t\t<h4 class=\"sp-pcp-title\">\n\t\t\t\t\t\t\t\t\t<a href=\"https:\/\/agencia.unq.edu.ar\/?p=35638\"  target=\"_self\">Roberto Abdala: \u201cSin presupuesto es muy dif\u00edcil pensar y so\u00f1ar una escuela distinta\u201d<\/a>\t\t\t\t\t\t\t<\/h4>\n\t\t\t\t\t\t\t\t\t<\/div>\n\t\t\t\t<\/div>\n\t\t\t<\/div>\n\t\t<\/div>\n\t\t\t\t<div class=\" swiper-slide swiper-lazy\">\n\t\t\t<div class=\"sp-pcp-post default pcp-item-35583\" data-id=\"35583\">\n\t\t\t\t\t\t\t\t<div class=\"pcp-post-thumb-wrapper\">\n\t\t\t\t\t<div class=\"sp-pcp-post-thumb-area\">\n\t\t\t\t\t\t\t\t\t\t\t\t<a class=\"sp-pcp-thumb\" href=\"https:\/\/agencia.unq.edu.ar\/?p=35583\" target=\"_self\" >\n\t\t\t\t\t\t\t\t\t\t\t\t\t<img loading=\"lazy\" decoding=\"async\" src=\"https:\/\/agencia.unq.edu.ar\/wp-content\/uploads\/2024\/06\/INTI-despidos.jpg\" width=\"1040\" height=\"420\" alt=\"Protesta realizada por los trabajadores del INTI contra los despidos. Cr\u00e9ditos: ATE-INTI.\">\n\t\t\t\t\t\t<\/a>\n\t\t\t\t\t<\/div>\n\t\t\t\t<\/div>\n\t\t\t\t\t\t\t\t<div class=\"sp-pcp-post-details\">\n\t\t\t\t\t<div class=\"sp-pcp-post-details-content\">\n\t\t\t\t\t\t\t\t<h4 class=\"sp-pcp-title\">\n\t\t\t\t\t\t\t\t\t<a href=\"https:\/\/agencia.unq.edu.ar\/?p=35583\"  target=\"_self\">El gobierno quiere quitarle m\u00e1s funciones al INTI y despedir 700 trabajadores<\/a>\t\t\t\t\t\t\t<\/h4>\n\t\t\t\t\t\t\t\t\t<\/div>\n\t\t\t\t<\/div>\n\t\t\t<\/div>\n\t\t<\/div>\n\t\t\t\t<div class=\" swiper-slide swiper-lazy\">\n\t\t\t<div class=\"sp-pcp-post default pcp-item-35568\" data-id=\"35568\">\n\t\t\t\t\t\t\t\t<div class=\"pcp-post-thumb-wrapper\">\n\t\t\t\t\t<div class=\"sp-pcp-post-thumb-area\">\n\t\t\t\t\t\t\t\t\t\t\t\t<a class=\"sp-pcp-thumb\" href=\"https:\/\/agencia.unq.edu.ar\/?p=35568\" target=\"_self\" >\n\t\t\t\t\t\t\t\t\t\t\t\t\t<img loading=\"lazy\" decoding=\"async\" src=\"https:\/\/agencia.unq.edu.ar\/wp-content\/uploads\/2026\/04\/unsplash.jpg\" width=\"1040\" height=\"420\" alt=\"Sin botiquines completos, crecen las dificultades para sostener controles, prevenir cuadros graves y evitar derivaciones. Cr\u00e9ditos: Unplash.\">\n\t\t\t\t\t\t<\/a>\n\t\t\t\t\t<\/div>\n\t\t\t\t<\/div>\n\t\t\t\t\t\t\t\t<div class=\"sp-pcp-post-details\">\n\t\t\t\t\t<div class=\"sp-pcp-post-details-content\">\n\t\t\t\t\t\t\t\t<h4 class=\"sp-pcp-title\">\n\t\t\t\t\t\t\t\t\t<a href=\"https:\/\/agencia.unq.edu.ar\/?p=35568\"  target=\"_self\">Golpe a la salud p\u00fablica: \u00bfc\u00f3mo impacta la baja del Programa Remediar que dispuso el gobierno?<\/a>\t\t\t\t\t\t\t<\/h4>\n\t\t\t\t\t\t\t\t\t<\/div>\n\t\t\t\t<\/div>\n\t\t\t<\/div>\n\t\t<\/div>\n\t\t\t\t<div class=\" swiper-slide swiper-lazy\">\n\t\t\t<div class=\"sp-pcp-post default pcp-item-35529\" data-id=\"35529\">\n\t\t\t\t\t\t\t\t<div class=\"pcp-post-thumb-wrapper\">\n\t\t\t\t\t<div class=\"sp-pcp-post-thumb-area\">\n\t\t\t\t\t\t\t\t\t\t\t\t<a class=\"sp-pcp-thumb\" href=\"https:\/\/agencia.unq.edu.ar\/?p=35529\" target=\"_self\" >\n\t\t\t\t\t\t\t\t\t\t\t\t\t<img loading=\"lazy\" decoding=\"async\" src=\"https:\/\/agencia.unq.edu.ar\/wp-content\/uploads\/2026\/04\/educacion-IA.jpg\" width=\"1040\" height=\"420\" alt=\"El nuevo Observatorio regional apunta a transformar sistemas educativos con evidencia y escala. Cr\u00e9dito: Istock.\">\n\t\t\t\t\t\t<\/a>\n\t\t\t\t\t<\/div>\n\t\t\t\t<\/div>\n\t\t\t\t\t\t\t\t<div class=\"sp-pcp-post-details\">\n\t\t\t\t\t<div class=\"sp-pcp-post-details-content\">\n\t\t\t\t\t\t\t\t<h4 class=\"sp-pcp-title\">\n\t\t\t\t\t\t\t\t\t<a href=\"https:\/\/agencia.unq.edu.ar\/?p=35529\"  target=\"_self\">La UNESCO lanz\u00f3 un Observatorio regional para integrar la IA en la educaci\u00f3n<\/a>\t\t\t\t\t\t\t<\/h4>\n\t\t\t\t\t\t\t\t\t<\/div>\n\t\t\t\t<\/div>\n\t\t\t<\/div>\n\t\t<\/div>\n\t\t\t\t<div class=\" swiper-slide swiper-lazy\">\n\t\t\t<div class=\"sp-pcp-post default pcp-item-35512\" data-id=\"35512\">\n\t\t\t\t\t\t\t\t<div class=\"pcp-post-thumb-wrapper\">\n\t\t\t\t\t<div class=\"sp-pcp-post-thumb-area\">\n\t\t\t\t\t\t\t\t\t\t\t\t<a class=\"sp-pcp-thumb\" href=\"https:\/\/agencia.unq.edu.ar\/?p=35512\" target=\"_self\" >\n\t\t\t\t\t\t\t\t\t\t\t\t\t<img loading=\"lazy\" decoding=\"async\" src=\"https:\/\/agencia.unq.edu.ar\/wp-content\/uploads\/2026\/04\/Emmanuel-Macron.jpg\" width=\"1040\" height=\"420\" alt=\"Emmanuel Macron, presidente de Francia. Cr\u00e9ditos: Britannica.\">\n\t\t\t\t\t\t<\/a>\n\t\t\t\t\t<\/div>\n\t\t\t\t<\/div>\n\t\t\t\t\t\t\t\t<div class=\"sp-pcp-post-details\">\n\t\t\t\t\t<div class=\"sp-pcp-post-details-content\">\n\t\t\t\t\t\t\t\t<h4 class=\"sp-pcp-title\">\n\t\t\t\t\t\t\t\t\t<a href=\"https:\/\/agencia.unq.edu.ar\/?p=35512\"  target=\"_self\">Francia avanza hacia la soberan\u00eda digital y abandona Windows: \u00bfcu\u00e1l es la situaci\u00f3n de Argentina?<\/a>\t\t\t\t\t\t\t<\/h4>\n\t\t\t\t\t\t\t\t\t<\/div>\n\t\t\t\t<\/div>\n\t\t\t<\/div>\n\t\t<\/div>\n\t\t\t\t<div class=\" swiper-slide swiper-lazy\">\n\t\t\t<div class=\"sp-pcp-post default pcp-item-35480\" data-id=\"35480\">\n\t\t\t\t\t\t\t\t<div class=\"pcp-post-thumb-wrapper\">\n\t\t\t\t\t<div class=\"sp-pcp-post-thumb-area\">\n\t\t\t\t\t\t\t\t\t\t\t\t<a class=\"sp-pcp-thumb\" href=\"https:\/\/agencia.unq.edu.ar\/?p=35480\" target=\"_self\" >\n\t\t\t\t\t\t\t\t\t\t\t\t\t<img loading=\"lazy\" decoding=\"async\" src=\"https:\/\/agencia.unq.edu.ar\/wp-content\/uploads\/2026\/04\/DSC9028-1.jpg\" width=\"1040\" height=\"420\" alt=\"Estudiantes y docentes marchan hacia el centro de Quilmes, tras una semana de toma de la universidad. Cr\u00e9ditos: Sergio D&#039;Addona.\">\n\t\t\t\t\t\t<\/a>\n\t\t\t\t\t<\/div>\n\t\t\t\t<\/div>\n\t\t\t\t\t\t\t\t<div class=\"sp-pcp-post-details\">\n\t\t\t\t\t<div class=\"sp-pcp-post-details-content\">\n\t\t\t\t\t\t\t\t<h4 class=\"sp-pcp-title\">\n\t\t\t\t\t\t\t\t\t<a href=\"https:\/\/agencia.unq.edu.ar\/?p=35480\"  target=\"_self\">La universidad no se apaga: la UNQ abre sus puertas con propuestas cient\u00edficas y culturales<\/a>\t\t\t\t\t\t\t<\/h4>\n\t\t\t\t\t\t\t\t\t<\/div>\n\t\t\t\t<\/div>\n\t\t\t<\/div>\n\t\t<\/div>\n\t\t\t\t<div class=\" swiper-slide swiper-lazy\">\n\t\t\t<div class=\"sp-pcp-post default pcp-item-35471\" data-id=\"35471\">\n\t\t\t\t\t\t\t\t<div class=\"pcp-post-thumb-wrapper\">\n\t\t\t\t\t<div class=\"sp-pcp-post-thumb-area\">\n\t\t\t\t\t\t\t\t\t\t\t\t<a class=\"sp-pcp-thumb\" href=\"https:\/\/agencia.unq.edu.ar\/?p=35471\" target=\"_self\" >\n\t\t\t\t\t\t\t\t\t\t\t\t\t<img loading=\"lazy\" decoding=\"async\" src=\"https:\/\/agencia.unq.edu.ar\/wp-content\/uploads\/2026\/04\/Abuelas-de-Plaza-de-Mayo.jpg\" width=\"1040\" height=\"420\" alt=\"Cr\u00e9ditos: cultura.gob.ar\">\n\t\t\t\t\t\t<\/a>\n\t\t\t\t\t<\/div>\n\t\t\t\t<\/div>\n\t\t\t\t\t\t\t\t<div class=\"sp-pcp-post-details\">\n\t\t\t\t\t<div class=\"sp-pcp-post-details-content\">\n\t\t\t\t\t\t\t\t<h4 class=\"sp-pcp-title\">\n\t\t\t\t\t\t\t\t\t<a href=\"https:\/\/agencia.unq.edu.ar\/?p=35471\"  target=\"_self\">&#8220;Que el gobierno deje de enviar los kits de ADN a los consulados es perpetuar los cr\u00edmenes de lesa humanidad&#8221;<\/a>\t\t\t\t\t\t\t<\/h4>\n\t\t\t\t\t\t\t\t\t<\/div>\n\t\t\t\t<\/div>\n\t\t\t<\/div>\n\t\t<\/div>\n\t\t\t\t<div class=\" swiper-slide swiper-lazy\">\n\t\t\t<div class=\"sp-pcp-post default pcp-item-35463\" data-id=\"35463\">\n\t\t\t\t\t\t\t\t<div class=\"pcp-post-thumb-wrapper\">\n\t\t\t\t\t<div class=\"sp-pcp-post-thumb-area\">\n\t\t\t\t\t\t\t\t\t\t\t\t<a class=\"sp-pcp-thumb\" href=\"https:\/\/agencia.unq.edu.ar\/?p=35463\" target=\"_self\" >\n\t\t\t\t\t\t\t\t\t\t\t\t\t<img loading=\"lazy\" decoding=\"async\" src=\"https:\/\/agencia.unq.edu.ar\/wp-content\/uploads\/2026\/04\/Luis-Robles.jpg\" width=\"1040\" height=\"420\" alt=\"Luis Robles, el abuelo de Sonia Gar\u00f3falo, es el segundo de derecha a izquierda. Cr\u00e9ditos: Gentileza Sonia Gar\u00f3falo.\">\n\t\t\t\t\t\t<\/a>\n\t\t\t\t\t<\/div>\n\t\t\t\t<\/div>\n\t\t\t\t\t\t\t\t<div class=\"sp-pcp-post-details\">\n\t\t\t\t\t<div class=\"sp-pcp-post-details-content\">\n\t\t\t\t\t\t\t\t<h4 class=\"sp-pcp-title\">\n\t\t\t\t\t\t\t\t\t<a href=\"https:\/\/agencia.unq.edu.ar\/?p=35463\"  target=\"_self\">Graduada de la UNQ presentar\u00e1 una querella al Estado espa\u00f1ol por el exilio de su familia durante el franquismo<\/a>\t\t\t\t\t\t\t<\/h4>\n\t\t\t\t\t\t\t\t\t<\/div>\n\t\t\t\t<\/div>\n\t\t\t<\/div>\n\t\t<\/div>\n\t\t\t\t<div class=\" swiper-slide swiper-lazy\">\n\t\t\t<div class=\"sp-pcp-post default pcp-item-35428\" data-id=\"35428\">\n\t\t\t\t\t\t\t\t<div class=\"pcp-post-thumb-wrapper\">\n\t\t\t\t\t<div class=\"sp-pcp-post-thumb-area\">\n\t\t\t\t\t\t\t\t\t\t\t\t<a class=\"sp-pcp-thumb\" href=\"https:\/\/agencia.unq.edu.ar\/?p=35428\" target=\"_self\" >\n\t\t\t\t\t\t\t\t\t\t\t\t\t<img loading=\"lazy\" decoding=\"async\" src=\"https:\/\/agencia.unq.edu.ar\/wp-content\/uploads\/2024\/05\/Laboratorio-Universidad-Nacional-de-Villa-Maria.jpg\" width=\"1040\" height=\"420\" alt=\"Con el recorte presupuestario peligran las investigaciones que se est\u00e1n llevando a cabo. Cr\u00e9ditos: La Vanguardia.\">\n\t\t\t\t\t\t<\/a>\n\t\t\t\t\t<\/div>\n\t\t\t\t<\/div>\n\t\t\t\t\t\t\t\t<div class=\"sp-pcp-post-details\">\n\t\t\t\t\t<div class=\"sp-pcp-post-details-content\">\n\t\t\t\t\t\t\t\t<h4 class=\"sp-pcp-title\">\n\t\t\t\t\t\t\t\t\t<a href=\"https:\/\/agencia.unq.edu.ar\/?p=35428\"  target=\"_self\">Argentina celebra el D\u00eda del Investigador con el presupuesto m\u00e1s bajo desde el retorno democr\u00e1tico<\/a>\t\t\t\t\t\t\t<\/h4>\n\t\t\t\t\t\t\t\t\t<\/div>\n\t\t\t\t<\/div>\n\t\t\t<\/div>\n\t\t<\/div>\n\t\t\t\t<div class=\" swiper-slide swiper-lazy\">\n\t\t\t<div class=\"sp-pcp-post default pcp-item-35418\" data-id=\"35418\">\n\t\t\t\t\t\t\t\t<div class=\"pcp-post-thumb-wrapper\">\n\t\t\t\t\t<div class=\"sp-pcp-post-thumb-area\">\n\t\t\t\t\t\t\t\t\t\t\t\t<a class=\"sp-pcp-thumb\" href=\"https:\/\/agencia.unq.edu.ar\/?p=35418\" target=\"_self\" >\n\t\t\t\t\t\t\t\t\t\t\t\t\t<img loading=\"lazy\" decoding=\"async\" src=\"https:\/\/agencia.unq.edu.ar\/wp-content\/uploads\/2026\/04\/Industria-del-software.jpg\" width=\"1040\" height=\"420\" alt=\"La industria del software forma parte de la Econom\u00eda del Conocimiento, uno de los sectores m\u00e1s pujantes del pa\u00eds. Cr\u00e9ditos: 123RF.\">\n\t\t\t\t\t\t<\/a>\n\t\t\t\t\t<\/div>\n\t\t\t\t<\/div>\n\t\t\t\t\t\t\t\t<div class=\"sp-pcp-post-details\">\n\t\t\t\t\t<div class=\"sp-pcp-post-details-content\">\n\t\t\t\t\t\t\t\t<h4 class=\"sp-pcp-title\">\n\t\t\t\t\t\t\t\t\t<a href=\"https:\/\/agencia.unq.edu.ar\/?p=35418\"  target=\"_self\">Industria del software: el valor que aportan las universidades y el gobierno no ve<\/a>\t\t\t\t\t\t\t<\/h4>\n\t\t\t\t\t\t\t\t\t<\/div>\n\t\t\t\t<\/div>\n\t\t\t<\/div>\n\t\t<\/div>\n\t\t\t\t<div class=\" swiper-slide swiper-lazy\">\n\t\t\t<div class=\"sp-pcp-post default pcp-item-35308\" data-id=\"35308\">\n\t\t\t\t\t\t\t\t<div class=\"pcp-post-thumb-wrapper\">\n\t\t\t\t\t<div class=\"sp-pcp-post-thumb-area\">\n\t\t\t\t\t\t\t\t\t\t\t\t<a class=\"sp-pcp-thumb\" href=\"https:\/\/agencia.unq.edu.ar\/?p=35308\" target=\"_self\" >\n\t\t\t\t\t\t\t\t\t\t\t\t\t<img loading=\"lazy\" decoding=\"async\" src=\"https:\/\/agencia.unq.edu.ar\/wp-content\/uploads\/2026\/04\/Pancarta-ley-de-financiamiento-universitario.jpg\" width=\"1040\" height=\"420\" alt=\"Cr\u00e9ditos: PuroChamuyo.\">\n\t\t\t\t\t\t<\/a>\n\t\t\t\t\t<\/div>\n\t\t\t\t<\/div>\n\t\t\t\t\t\t\t\t<div class=\"sp-pcp-post-details\">\n\t\t\t\t\t<div class=\"sp-pcp-post-details-content\">\n\t\t\t\t\t\t\t\t<h4 class=\"sp-pcp-title\">\n\t\t\t\t\t\t\t\t\t<a href=\"https:\/\/agencia.unq.edu.ar\/?p=35308\"  target=\"_self\">La Justicia obliga al gobierno a cumplir la Ley de Financiamiento Universitario: \u00bfQu\u00e9 pasar\u00e1 ahora?<\/a>\t\t\t\t\t\t\t<\/h4>\n\t\t\t\t\t\t\t\t\t<\/div>\n\t\t\t\t<\/div>\n\t\t\t<\/div>\n\t\t<\/div>\n\t\t\t\t\t<\/div>\n\t\t\t\t\t\t<div class=\"pcp-pagination swiper-pagination dots\"><\/div>\n\t\t\t\t\t\t\t\t\t\t<div class=\"pcp-button-next swiper-button-next top_right\"><i class=\"fa fa-angle-right\"><\/i><\/div>\n\t\t\t\t<div class=\"pcp-button-prev swiper-button-prev top_right\"><i class=\"fa fa-angle-left\"><\/i><\/div>\t<\/div>\n<\/div>\n\n\n\n\n<hr class=\"wp-block-separator has-text-color has-css-opacity has-background is-style-wide\" style=\"background-color:#fea50e;color:#fea50e\"\/>\n\n\n\n<p class=\"has-vivid-green-cyan-color has-text-color\"><\/p>\n","protected":false},"excerpt":{"rendered":"<p>Mientras Milei habla del &#8220;mito de la universidad p\u00fablica&#8221;, la Agencia dialoga con los protagonistas del movimiento estudiantil que organiza la resistencia. <\/p>\n","protected":false},"author":4,"featured_media":23514,"comment_status":"open","ping_status":"closed","sticky":false,"template":"","format":"standard","meta":{"_uag_custom_page_level_css":"","_monsterinsights_skip_tracking":false,"_monsterinsights_sitenote_active":false,"_monsterinsights_sitenote_note":"","_monsterinsights_sitenote_category":0,"site-sidebar-layout":"default","site-content-layout":"","ast-site-content-layout":"default","site-content-style":"default","site-sidebar-style":"default","ast-global-header-display":"","ast-banner-title-visibility":"","ast-main-header-display":"","ast-hfb-above-header-display":"","ast-hfb-below-header-display":"","ast-hfb-mobile-header-display":"","site-post-title":"","ast-breadcrumbs-content":"","ast-featured-img":"","footer-sml-layout":"","ast-disable-related-posts":"","theme-transparent-header-meta":"","adv-header-id-meta":"","stick-header-meta":"","header-above-stick-meta":"","header-main-stick-meta":"","header-below-stick-meta":"","astra-migrate-meta-layouts":"default","ast-page-background-enabled":"default","ast-page-background-meta":{"desktop":{"background-color":"var(--ast-global-color-4)","background-image":"","background-repeat":"repeat","background-position":"center center","background-size":"auto","background-attachment":"scroll","background-type":"","background-media":"","overlay-type":"","overlay-color":"","overlay-opacity":"","overlay-gradient":""},"tablet":{"background-color":"","background-image":"","background-repeat":"repeat","background-position":"center center","background-size":"auto","background-attachment":"scroll","background-type":"","background-media":"","overlay-type":"","overlay-color":"","overlay-opacity":"","overlay-gradient":""},"mobile":{"background-color":"","background-image":"","background-repeat":"repeat","background-position":"center center","background-size":"auto","background-attachment":"scroll","background-type":"","background-media":"","overlay-type":"","overlay-color":"","overlay-opacity":"","overlay-gradient":""}},"ast-content-background-meta":{"desktop":{"background-color":"var(--ast-global-color-5)","background-image":"","background-repeat":"repeat","background-position":"center center","background-size":"auto","background-attachment":"scroll","background-type":"","background-media":"","overlay-type":"","overlay-color":"","overlay-opacity":"","overlay-gradient":""},"tablet":{"background-color":"var(--ast-global-color-5)","background-image":"","background-repeat":"repeat","background-position":"center center","background-size":"auto","background-attachment":"scroll","background-type":"","background-media":"","overlay-type":"","overlay-color":"","overlay-opacity":"","overlay-gradient":""},"mobile":{"background-color":"var(--ast-global-color-5)","background-image":"","background-repeat":"repeat","background-position":"center center","background-size":"auto","background-attachment":"scroll","background-type":"","background-media":"","overlay-type":"","overlay-color":"","overlay-opacity":"","overlay-gradient":""}},"footnotes":""},"categories":[16,92],"tags":[],"class_list":["post-23512","post","type-post","status-publish","format-standard","has-post-thumbnail","hentry","category-noticia-destacada","category-politica"],"aioseo_notices":[],"uagb_featured_image_src":{"full":["https:\/\/agencia.unq.edu.ar\/wp-content\/uploads\/2024\/10\/Facultad-tomada.jpg",1040,420,false],"thumbnail":["https:\/\/agencia.unq.edu.ar\/wp-content\/uploads\/2024\/10\/Facultad-tomada.jpg",150,61,false],"medium":["https:\/\/agencia.unq.edu.ar\/wp-content\/uploads\/2024\/10\/Facultad-tomada.jpg",960,388,false],"medium_large":["https:\/\/agencia.unq.edu.ar\/wp-content\/uploads\/2024\/10\/Facultad-tomada.jpg",768,310,false],"large":["https:\/\/agencia.unq.edu.ar\/wp-content\/uploads\/2024\/10\/Facultad-tomada.jpg",1040,420,false],"1536x1536":["https:\/\/agencia.unq.edu.ar\/wp-content\/uploads\/2024\/10\/Facultad-tomada.jpg",1040,420,false],"2048x2048":["https:\/\/agencia.unq.edu.ar\/wp-content\/uploads\/2024\/10\/Facultad-tomada.jpg",1040,420,false]},"uagb_author_info":{"display_name":"Luciana Mazzini Puga","author_link":"https:\/\/agencia.unq.edu.ar\/?author=4"},"uagb_comment_info":0,"uagb_excerpt":"Mientras Milei habla del \"mito de la universidad p\u00fablica\", la Agencia dialoga con los protagonistas del movimiento estudiantil que organiza la resistencia.","blog_post_layout_featured_media_urls":{"thumbnail":["https:\/\/agencia.unq.edu.ar\/wp-content\/uploads\/2024\/10\/Facultad-tomada.jpg",150,61,false],"full":["https:\/\/agencia.unq.edu.ar\/wp-content\/uploads\/2024\/10\/Facultad-tomada.jpg",1040,420,false]},"categories_names":{"16":{"name":"Noticia destacada","link":"https:\/\/agencia.unq.edu.ar\/?cat=16"},"92":{"name":"Pol\u00edtica","link":"https:\/\/agencia.unq.edu.ar\/?cat=92"}},"tags_names":[],"comments_number":"0","_links":{"self":[{"href":"https:\/\/agencia.unq.edu.ar\/index.php?rest_route=\/wp\/v2\/posts\/23512","targetHints":{"allow":["GET"]}}],"collection":[{"href":"https:\/\/agencia.unq.edu.ar\/index.php?rest_route=\/wp\/v2\/posts"}],"about":[{"href":"https:\/\/agencia.unq.edu.ar\/index.php?rest_route=\/wp\/v2\/types\/post"}],"author":[{"embeddable":true,"href":"https:\/\/agencia.unq.edu.ar\/index.php?rest_route=\/wp\/v2\/users\/4"}],"replies":[{"embeddable":true,"href":"https:\/\/agencia.unq.edu.ar\/index.php?rest_route=%2Fwp%2Fv2%2Fcomments&post=23512"}],"version-history":[{"count":2,"href":"https:\/\/agencia.unq.edu.ar\/index.php?rest_route=\/wp\/v2\/posts\/23512\/revisions"}],"predecessor-version":[{"id":23519,"href":"https:\/\/agencia.unq.edu.ar\/index.php?rest_route=\/wp\/v2\/posts\/23512\/revisions\/23519"}],"wp:featuredmedia":[{"embeddable":true,"href":"https:\/\/agencia.unq.edu.ar\/index.php?rest_route=\/wp\/v2\/media\/23514"}],"wp:attachment":[{"href":"https:\/\/agencia.unq.edu.ar\/index.php?rest_route=%2Fwp%2Fv2%2Fmedia&parent=23512"}],"wp:term":[{"taxonomy":"category","embeddable":true,"href":"https:\/\/agencia.unq.edu.ar\/index.php?rest_route=%2Fwp%2Fv2%2Fcategories&post=23512"},{"taxonomy":"post_tag","embeddable":true,"href":"https:\/\/agencia.unq.edu.ar\/index.php?rest_route=%2Fwp%2Fv2%2Ftags&post=23512"}],"curies":[{"name":"wp","href":"https:\/\/api.w.org\/{rel}","templated":true}]}}