{"id":23621,"date":"2024-10-16T16:01:55","date_gmt":"2024-10-16T19:01:55","guid":{"rendered":"https:\/\/agencia.unq.edu.ar\/?p=23621"},"modified":"2024-10-16T16:01:56","modified_gmt":"2024-10-16T19:01:56","slug":"dia-mundial-de-la-alimentacion-las-estrategias-de-la-unq-para-combatir-la-malnutricion","status":"publish","type":"post","link":"https:\/\/agencia.unq.edu.ar\/?p=23621","title":{"rendered":"D\u00eda Mundial de la Alimentaci\u00f3n: las estrategias de la UNQ para combatir la malnutrici\u00f3n"},"content":{"rendered":"\n<p class=\"has-medium-font-size\">La instituci\u00f3n no solo lleva adelante su hist\u00f3rico programa Supersopa, sino que participa en redes de investigaci\u00f3n a trav\u00e9s de diferentes especialistas.<\/p>\n\n\n\n<figure class=\"wp-block-image size-full\"><img loading=\"lazy\" decoding=\"async\" width=\"1040\" height=\"420\" src=\"https:\/\/agencia.unq.edu.ar\/wp-content\/uploads\/2024\/10\/supersopa-unq.jpg\" alt=\"Dos estudiantes de la Universidad sirven la Supersopa. Cr\u00e9ditos: Natalia Garc\u00eda \/ UNQ.\" class=\"wp-image-23626\"\/><figcaption class=\"wp-element-caption\">Dos estudiantes de la Universidad sirven la Supersopa. Cr\u00e9ditos: Natalia Garc\u00eda \/ UNQ.<\/figcaption><\/figure>\n\n\n\n<p>Cada 16 de octubre se celebra el D\u00eda Mundial de la Alimentaci\u00f3n. Desde hace a\u00f1os, la Universidad Nacional de Quilmes es una referencia nacional e internacional en la lucha contra el hambre y la malnutrici\u00f3n. En este sentido, la Supersopa de alta calidad y bajo costo, elaborada en la instituci\u00f3n por docentes y estudiantes, es el emblema que enorgullece a la comunidad. M\u00e1s aun, en contexto de crisis econ\u00f3mica, el objetivo de las autoridades es aumentar su producci\u00f3n para 2025. Sin embargo, a trav\u00e9s de cient\u00edficos y especialistas, la Casa de Altos Estudios tambi\u00e9n forma parte de redes internacionales y teje v\u00ednculos que no solo le permiten investigar y reflexionar, sino elaborar diferentes propuestas para combatir este problema. A continuaci\u00f3n, presentamos algunas de las acciones que se realizan en la UNQ. <\/p>\n\n\n\n<p>Por ejemplo, a mediados de a\u00f1o, el investigador <strong>Luis Blacha<\/strong> fue parte de un <a href=\"https:\/\/agencia.unq.edu.ar\/?p=20541\">proyecto educativo en \u00c1frica<\/a> donde, junto a docentes de otras universidades argentinas, dict\u00f3 un curso de doctorado sobre <strong>soberan\u00eda alimentaria, alimentos para la inclusi\u00f3n social y valor agregado<\/strong> para estudiantes avanzados en Nigeria. \u201cFue un acierto poder generar un curso doctoral con perspectiva sur-sur. No les fuimos a complementar algo que ellos sab\u00edan, sino que fuimos a mostrar otra manera de hacer las cosas\u201d, sostuvo en di\u00e1logo con Al borde del precipicio, el programa de la <a href=\"https:\/\/agencia.unq.edu.ar\/\">Agencia de Noticias Cient\u00edficas de la Universidad Nacional de Quilmes<\/a>.<\/p>\n\n\n\n<p>Adem\u00e1s, junto a especialistas de diferentes \u00e1reas, Blacha dirige el proyecto \u201c<strong>Soluciones alimentarias para la inclusi\u00f3n social. Productores agroecol\u00f3gicos, cooperativas, CyT y comedores sociales contra el hambre\u201d<\/strong>. \u201cEntendemos que&nbsp;el hambre es una forma de desigualdad social muy espec\u00edfica y por eso hablamos de desigualdad nutricional. Lo que buscamos es combatir el acceso desigual a nutrientes a partir del dise\u00f1o y la implementaci\u00f3n de soluciones alimentarias con inclusi\u00f3n social\u201d, subray\u00f3. &nbsp;<\/p>\n\n\n\n<p>Seg\u00fan los \u00faltimos <a href=\"https:\/\/openknowledge.fao.org\/server\/api\/core\/bitstreams\/9062fede-855a-4da6-84fd-bfac08e5b697\/content\">datos<\/a> elaborados por la Organizaci\u00f3n de las Naciones Unidas para la Alimentaci\u00f3n y la Agricultura, <strong>m\u00e1s de 700 millones de personas podr\u00edan haber padecido hambre en 2023<\/strong>. Sin embargo, el problema no es solo la falta de alimentaci\u00f3n, sino la mala alimentaci\u00f3n. En este sentido, el organismo advierte que m\u00e1s de un tercio de la poblaci\u00f3n mundial (alrededor de 2800 millones de personas) no pudo permitirse una dieta saludable en 2022.<\/p>\n\n\n\n<p>Por eso, otra de las l\u00edneas de investigaci\u00f3n es la que llevan adelante Dar\u00edo Cabezas y su equipo, que<strong> elaboran panes y diferentes productos con y sin gluten con cereales y granos nutritivos como teff y quinoa<\/strong>. El primero tiene alto contenido en fibra, calcio, f\u00f3sforo, hierro, cobre y vitaminas, y la segunda es una semilla que contiene alta cantidad de fibra, prote\u00ednas y micronutrientes.<\/p>\n\n\n\n<p>\u201cQueremos hacer una interacci\u00f3n real donde se genere alguna transferencia de tecnolog\u00eda y <strong>podamos desarrollar harinas junto con la empresa que nos provee el teff a un nivel m\u00e1s industrial para que salga al mercado<\/strong>\u201d, resalt\u00f3 Cabezas, integrante del Laboratorio de Investigaci\u00f3n en Funcionalidad y Tecnolog\u00eda de Alimentos.<\/p>\n\n\n\n<p>A su vez, Cabezas participa de la <strong>Red de Valiosas Semillas Iberoamericanas<\/strong>, que investiga y difunde la importancia de los cultivos ancestrales en la regi\u00f3n como la quinoa, el amaranto, la ch\u00eda, las legumbres y los ma\u00edces andinos. De hecho, su coordinadora Claudia M\u00f3nika Haros visit\u00f3 la Universidad Nacional de Quilmes a principios de octubre.<\/p>\n\n\n\n<p><strong>Aunque hay gente malnutrida en todos los rincones del planeta, las desigualdades son muy amplias<\/strong>: mientras que en los pa\u00edses de ingresos medianos altos la cifra fue del 21,5 por ciento, en los pa\u00edses de ingresos medianos bajos super\u00f3 el 50 por ciento. Incluso, en las naciones m\u00e1s pobres, el n\u00famero super\u00f3 el 70 por ciento.<\/p>\n\n\n\n<p>Seg\u00fan un <a href=\"https:\/\/www.unicef.org\/argentina\/media\/17631\/file\/Estudio\">informe<\/a> sobre la situaci\u00f3n alimentaria en ni\u00f1os, ni\u00f1as y adolescentes (NNyA) elaborado por Unicef y la Fundaci\u00f3n Interamericana del Coraz\u00f3n, <strong>los NNyA consumen solo el 20 por ciento de las cantidades recomendadas de frutas y verduras y los productos ultraprocesados representan m\u00e1s del 35 por ciento del aporte cal\u00f3rico diario<\/strong> en toda la poblaci\u00f3n infanto juvenil.<\/p>\n\n\n\n<p>Ante este panorama, la Universidad participa de la Red Iberoamericana de Investigaci\u00f3n en Cultura y Conocimiento de los Sistemas Alimentarios (RIICCA) y liderar\u00e1 su nodo en Argentina. <strong>La Red no solo se preocupa por comprender cuestiones vinculadas al hambre, el acceso a los recursos, la salud, los alimentos y el ambiente, sino que tambi\u00e9n trabaja junto a comunidades en la construcci\u00f3n de alternativas sostenibles, aut\u00f3nomas y colectivas<\/strong>. <\/p>\n\n\n\n<p>En este aspecto, uno de los objetivos fundamentales es incidir en el armado de pol\u00edticas p\u00fablicas locales, provinciales y nacionales que promuevan una alimentaci\u00f3n saludable y contextualizada. \u201cEnfrentamos problemas similares en Am\u00e9rica Latina, \u00c1frica y la regi\u00f3n pobre de Asia. <strong>Estas cuestiones son grav\u00edsimas y no solo tienen que ver con la alimentaci\u00f3n, sino con la capacidad de decisi\u00f3n sobre qu\u00e9 comemos y qu\u00e9 bebemos<\/strong>. Esto no est\u00e1 ligado solo a la seguridad alimentaria, sino a la soberan\u00eda alimentaria\u201d, resalt\u00f3 Jorge Gonz\u00e1lez, impulsor de RIICCA.<\/p>\n\n\n\n<div style=\"height:40px\" aria-hidden=\"true\" class=\"wp-block-spacer\"><\/div>\n\n\n\n<hr class=\"wp-block-separator has-text-color has-css-opacity has-background is-style-wide\" style=\"background-color:#fea50e;color:#fea50e\"\/>\n\n\n\n<h4 class=\"wp-block-heading\" id=\"publicaciones-relacionadas\">\u00daltimas noticias de la secci\u00f3n Salud:<\/h4>\n\n\n<style id=\"sp_pcp_dynamic_style3314\">#pcp_wrapper-3314:not(.sps-glossary-layout) .sp-pcp-row,#pcp_wrapper-3314 .sps-glossary-items-group .sps-glossary-items-content {margin-right: -10px;margin-left: -10px;}#pcp_wrapper-3314 .sp-pcp-row [class*='sp-pcp-col-']{padding-right: 10px;padding-left: 10px; padding-bottom:20px;}.pcp-wrapper-3314 .sp-pcp-title a {color: #ac162c;display: inherit;} .pcp-wrapper-3314 .sp-pcp-title a:hover {color: #fea50e;}#pcp_wrapper-3314 .dots .swiper-pagination-bullet{ background: #ac162c; } #pcp_wrapper-3314 .dots .swiper-pagination-bullet-active { background: #fea50e; }#pcp_wrapper-3314 .pcp-button-prev,#pcp_wrapper-3314 .pcp-button-next{ background-image: none; background-size: auto; background-color: #fff; height: 33px; width: 33px; margin-top: 8px; border: 1px solid #aaa; text-align: center; line-height: 30px; -webkit-transition: 0.3s; border-radius: 3px; }#pcp_wrapper-3314 .pcp-button-prev:hover, #pcp_wrapper-3314 .pcp-button-next:hover{ background-color: #fea50e; border-color: #ac162c; } #pcp_wrapper-3314 .pcp-button-prev .fa, #pcp_wrapper-3314 .pcp-button-next .fa { color: #000; } #pcp_wrapper-3314 .pcp-button-prev:hover .fa, #pcp_wrapper-3314 .pcp-button-next:hover .fa { color: #fff; } #pcp_wrapper-3314.pcp-carousel-wrapper .sp-pcp-post{ margin-top: 0; }#pcp_wrapper-3314 .sp-pcp-post {padding: 0 0 0 0;}#pcp_wrapper-3314.sp-slider_layout .sp-pcp-post .sp-pcp-post-details {top: 0; right:0; bottom:0; left:0;}#pcp_wrapper-3314 .sp-pcp-post {border: 0px solid #e2e2e2; border-radius: 0px }#pcp_wrapper-3314 .sp-pcp-post{background-color: transparent;}#pcp_wrapper-3314 .pcp-post-thumb-wrapper{border: 0px solid #dddddd;border-radius:0px;}.pcp-wrapper-3314 .sp-pcp-post-meta li,.pcp-wrapper-3314 .sp-pcp-post-meta ul,.pcp-wrapper-3314 .sp-pcp-post-meta li a{color: #888;}.pcp-wrapper-3314 .sp-pcp-post-meta li a:hover{color: #e1624b;}#pcp_wrapper-3314 .pcp-post-pagination .page-numbers.current, #pcp_wrapper-3314 .pcp-post-pagination a.active , #pcp_wrapper-3314 .pcp-post-pagination a:hover{ color: #ffffff; background: #e1624b; border-color: #e1624b; }#pcp_wrapper-3314 .pcp-post-pagination .page-numbers, .pcp-post-pagination a{ background: #ffffff; color:#5e5e5e; border: 2px solid #bbbbbb;border-radius: 2px; }#pcp_wrapper-3314 .pcp-post-pagination{text-align: left;}@media (min-width: 1200px) {.sp-pcp-row .sp-pcp-col-xl-1 {flex: 0 0 100%;}.sp-pcp-row .sp-pcp-col-xl-2 {flex: 1 1 calc( 50% - 20px);}.sp-pcp-row .sp-pcp-col-xl-3 {flex: 1 1 calc( 33.333% - 20px);}.sp-pcp-row .sp-pcp-col-xl-4 {flex: 1 1 calc( 25% - 20px);}.sp-pcp-row .sp-pcp-col-xl-5 { flex: 1 1 calc( 20% - 20px);}.sp-pcp-row .sp-pcp-col-xl-6 {flex: 1 1 calc( 16.66666666666667% - 20px);}.sp-pcp-row .sp-pcp-col-xl-7 {flex: 1 1 calc( 14.28571428% - 20px);}.sp-pcp-row .sp-pcp-col-xl-8 {flex: 1 1 calc( 12.5% - 20px);}}@media (max-width: 1200px) {.sp-pcp-row .sp-pcp-col-lg-1 {flex: 0 0 100%;}.sp-pcp-row .sp-pcp-col-lg-2 {flex: 1 1 calc( 50% - 20px);}.sp-pcp-row .sp-pcp-col-lg-3 {flex: 1 1 calc( 33.333% - 20px);}.sp-pcp-row .sp-pcp-col-lg-4 {flex: 1 1 calc( 25% - 20px);}.sp-pcp-row .sp-pcp-col-lg-5 { flex: 1 1 calc( 20% - 20px);}.sp-pcp-row .sp-pcp-col-lg-6 {flex: 1 1 calc( 16.66666666666667% - 20px);}.sp-pcp-row .sp-pcp-col-lg-7 {flex: 1 1 calc( 14.28571428% - 20px);}.sp-pcp-row .sp-pcp-col-lg-8 {flex: 1 1 calc( 12.5% - 20px);}}@media (max-width: 992px) {.sp-pcp-row .sp-pcp-col-md-1 {flex: 0 0 100%;}.sp-pcp-row .sp-pcp-col-md-2 {flex: 1 1 calc( 50% - 20px);}.sp-pcp-row .sp-pcp-col-md-2-5 {flex: 0 0 75%;}.sp-pcp-row .sp-pcp-col-md-3 {flex: 1 1 calc( 33.333% - 20px);}.sp-pcp-row .sp-pcp-col-md-4 {flex: 1 1 calc( 25% - 20px);}.sp-pcp-row .sp-pcp-col-md-5 { flex: 1 1 calc( 20% - 20px);}.sp-pcp-row .sp-pcp-col-md-6 {flex: 1 1 calc( 16.66666666666667% - 20px);}.sp-pcp-row .sp-pcp-col-md-7 {flex: 1 1 calc( 14.28571428% - 20px);}.sp-pcp-row .sp-pcp-col-md-8 {flex: 1 1 calc( 12.5% - 20px);}}@media (max-width: 768px) {.sp-pcp-row .sp-pcp-col-sm-1 {flex: 0 0 100%;}.sp-pcp-row .sp-pcp-col-sm-2 {flex: 1 1 calc( 50% - 20px);}.sp-pcp-row .sp-pcp-col-sm-2-5 {flex: 0 0 75%;}.sp-pcp-row .sp-pcp-col-sm-3 {flex: 1 1 calc( 33.333% - 20px);}.sp-pcp-row .sp-pcp-col-sm-4 {flex: 1 1 calc( 25% - 20px);}.sp-pcp-row .sp-pcp-col-sm-5 { flex: 1 1 calc( 20% - 20px);}.sp-pcp-row .sp-pcp-col-sm-6 {flex: 1 1 calc( 16.66666666666667% - 20px);}.sp-pcp-row .sp-pcp-col-sm-7 {flex: 1 1 calc( 14.28571428% - 20px);}.sp-pcp-row .sp-pcp-col-sm-8 {flex: 1 1 calc( 12.5% - 20px);}}@media (max-width: 420px) {.sp-pcp-row .sp-pcp-col-xs-1 {flex: 0 0 100%;}.sp-pcp-row .sp-pcp-col-xs-2 {flex: 1 1 calc( 50% - 20px);}.sp-pcp-row .sp-pcp-col-xs-3 {flex: 1 1 calc( 33.333% - 20px);}.sp-pcp-row .sp-pcp-col-xs-4 {flex: 1 1 calc( 25% - 20px);}.sp-pcp-row .sp-pcp-col-xs-5 { flex: 1 1 calc( 20% - 20px);}.sp-pcp-row .sp-pcp-col-xs-6 {flex: 1 1 calc( 16.66666666666667% - 20px);}.sp-pcp-row .sp-pcp-col-xs-7 {flex: 1 1 calc( 14.28571428% - 20px);}.sp-pcp-row .sp-pcp-col-xs-8 {flex: 1 1 calc( 12.5% - 20px);}}<\/style><!-- Markup Starts -->\n<div id=\"pcp_wrapper-3314\" class=\"sp-pcp-section sp-pcp-container pcp-wrapper-3314 pcp-carousel-wrapper standard sp-carousel_layout\" data-sid=\"3314\">\n\t<div id=\"sp-pcp-id-3314\" class=\"swiper-container sp-pcp-carousel top_right\" dir=\"ltr\" data-carousel='{ \"speed\":600, \"items\":3, \"spaceBetween\":20, \"dynamicBullets\": false, \"navigation\":true, \"pagination\": true, \"autoplay\": true, \"autoplay_speed\": 2000, \"loop\": true, \"autoHeight\": false, \"lazy\":  true, \"simulateTouch\": true, \"freeMode\": false, \"slider_mouse_wheel\": false,\"allowTouchMove\": true, \"slidesPerView\": {\"lg_desktop\": 3, \"desktop\": 3, \"tablet\": 2, \"mobile_landscape\": 1, \"mobile\": 1}, \"navigation_mobile\": true, \"pagination_mobile\": true, \"stop_onHover\": true, \"enabled\": true, \"prevSlideMessage\": \"Previous slide\", \"nextSlideMessage\": \"Next slide\", \"firstSlideMessage\": \"This is the first slide\", \"lastSlideMessage\": \"This is the last slide\", \"keyboard\": \"true\", \"paginationBulletMessage\": \"Go to slide {{index}}\" }'>\n\t\t\t<div class=\"swiper-wrapper\">\n\t\t\t\t\t\t<div class=\" swiper-slide swiper-lazy\">\n\t\t\t<div class=\"sp-pcp-post default pcp-item-35918\" data-id=\"35918\">\n\t\t\t\t\t\t\t\t<div class=\"pcp-post-thumb-wrapper\">\n\t\t\t\t\t<div class=\"sp-pcp-post-thumb-area\">\n\t\t\t\t\t\t\t\t\t\t\t\t<a class=\"sp-pcp-thumb\" href=\"https:\/\/agencia.unq.edu.ar\/?p=35918\" target=\"_self\" >\n\t\t\t\t\t\t\t\t\t\t\t\t\t<img loading=\"lazy\" decoding=\"async\" src=\"https:\/\/agencia.unq.edu.ar\/wp-content\/uploads\/2026\/04\/salud-digital-principal.jpg\" width=\"1040\" height=\"420\" alt=\"La salud digital apareci\u00f3 durante la pandemia y lleg\u00f3 para quedarse (imagen: pro.campus.sanofi)\">\n\t\t\t\t\t\t<\/a>\n\t\t\t\t\t<\/div>\n\t\t\t\t<\/div>\n\t\t\t\t\t\t\t\t<div class=\"sp-pcp-post-details\">\n\t\t\t\t\t<div class=\"sp-pcp-post-details-content\">\n\t\t\t\t\t\t\t\t<h4 class=\"sp-pcp-title\">\n\t\t\t\t\t\t\t\t\t<a href=\"https:\/\/agencia.unq.edu.ar\/?p=35918\"  target=\"_self\">La medicina del futuro ya lleg\u00f3 y ser\u00e1 h\u00edbrida<\/a>\t\t\t\t\t\t\t<\/h4>\n\t\t\t\t\t\t\t\t\t<\/div>\n\t\t\t\t<\/div>\n\t\t\t<\/div>\n\t\t<\/div>\n\t\t\t\t<div class=\" swiper-slide swiper-lazy\">\n\t\t\t<div class=\"sp-pcp-post default pcp-item-35911\" data-id=\"35911\">\n\t\t\t\t\t\t\t\t<div class=\"pcp-post-thumb-wrapper\">\n\t\t\t\t\t<div class=\"sp-pcp-post-thumb-area\">\n\t\t\t\t\t\t\t\t\t\t\t\t<a class=\"sp-pcp-thumb\" href=\"https:\/\/agencia.unq.edu.ar\/?p=35911\" target=\"_self\" >\n\t\t\t\t\t\t\t\t\t\t\t\t\t<img loading=\"lazy\" decoding=\"async\" src=\"https:\/\/agencia.unq.edu.ar\/wp-content\/uploads\/2026\/04\/Infartos-unsam-escaner.jpg\" width=\"1040\" height=\"420\" alt=\"El esc\u00e1ner digitaliza el electrocardiograma y la IA da los resultados en segundos. Cr\u00e9ditos: UNSAM.\">\n\t\t\t\t\t\t<\/a>\n\t\t\t\t\t<\/div>\n\t\t\t\t<\/div>\n\t\t\t\t\t\t\t\t<div class=\"sp-pcp-post-details\">\n\t\t\t\t\t<div class=\"sp-pcp-post-details-content\">\n\t\t\t\t\t\t\t\t<h4 class=\"sp-pcp-title\">\n\t\t\t\t\t\t\t\t\t<a href=\"https:\/\/agencia.unq.edu.ar\/?p=35911\"  target=\"_self\">Cardiotrace: la UNSAM desarrolla un esc\u00e1ner con IA que ayuda a prevenir infartos<\/a>\t\t\t\t\t\t\t<\/h4>\n\t\t\t\t\t\t\t\t\t<\/div>\n\t\t\t\t<\/div>\n\t\t\t<\/div>\n\t\t<\/div>\n\t\t\t\t<div class=\" swiper-slide swiper-lazy\">\n\t\t\t<div class=\"sp-pcp-post default pcp-item-35885\" data-id=\"35885\">\n\t\t\t\t\t\t\t\t<div class=\"pcp-post-thumb-wrapper\">\n\t\t\t\t\t<div class=\"sp-pcp-post-thumb-area\">\n\t\t\t\t\t\t\t\t\t\t\t\t<a class=\"sp-pcp-thumb\" href=\"https:\/\/agencia.unq.edu.ar\/?p=35885\" target=\"_self\" >\n\t\t\t\t\t\t\t\t\t\t\t\t\t<img loading=\"lazy\" decoding=\"async\" src=\"https:\/\/agencia.unq.edu.ar\/wp-content\/uploads\/2026\/04\/andar-en-bici.jpg\" width=\"1040\" height=\"420\" alt=\"El equilibrio sobre dos ruedas no depende de los m\u00fasculos, sino de circuitos cerebrales que guardan movimientos practicados. Cr\u00e9ditos: Mayormente.\">\n\t\t\t\t\t\t<\/a>\n\t\t\t\t\t<\/div>\n\t\t\t\t<\/div>\n\t\t\t\t\t\t\t\t<div class=\"sp-pcp-post-details\">\n\t\t\t\t\t<div class=\"sp-pcp-post-details-content\">\n\t\t\t\t\t\t\t\t<h4 class=\"sp-pcp-title\">\n\t\t\t\t\t\t\t\t\t<a href=\"https:\/\/agencia.unq.edu.ar\/?p=35885\"  target=\"_self\">\u00bfPor qu\u00e9 nunca se olvida andar en bicicleta?<\/a>\t\t\t\t\t\t\t<\/h4>\n\t\t\t\t\t\t\t\t\t<\/div>\n\t\t\t\t<\/div>\n\t\t\t<\/div>\n\t\t<\/div>\n\t\t\t\t<div class=\" swiper-slide swiper-lazy\">\n\t\t\t<div class=\"sp-pcp-post default pcp-item-35843\" data-id=\"35843\">\n\t\t\t\t\t\t\t\t<div class=\"pcp-post-thumb-wrapper\">\n\t\t\t\t\t<div class=\"sp-pcp-post-thumb-area\">\n\t\t\t\t\t\t\t\t\t\t\t\t<a class=\"sp-pcp-thumb\" href=\"https:\/\/agencia.unq.edu.ar\/?p=35843\" target=\"_self\" >\n\t\t\t\t\t\t\t\t\t\t\t\t\t<img loading=\"lazy\" decoding=\"async\" src=\"https:\/\/agencia.unq.edu.ar\/wp-content\/uploads\/2026\/04\/Alzheimer-demencia.jpg\" width=\"1040\" height=\"420\" alt=\"La demencia es la s\u00e9ptima causa de defunci\u00f3n en todo el mundo. Cr\u00e9ditos: Centro M\u00e9dico ABC.\">\n\t\t\t\t\t\t<\/a>\n\t\t\t\t\t<\/div>\n\t\t\t\t<\/div>\n\t\t\t\t\t\t\t\t<div class=\"sp-pcp-post-details\">\n\t\t\t\t\t<div class=\"sp-pcp-post-details-content\">\n\t\t\t\t\t\t\t\t<h4 class=\"sp-pcp-title\">\n\t\t\t\t\t\t\t\t\t<a href=\"https:\/\/agencia.unq.edu.ar\/?p=35843\"  target=\"_self\">Hacer 150 minutos de actividad f\u00edsica y dormir ocho horas reduce el riesgo de demencia<\/a>\t\t\t\t\t\t\t<\/h4>\n\t\t\t\t\t\t\t\t\t<\/div>\n\t\t\t\t<\/div>\n\t\t\t<\/div>\n\t\t<\/div>\n\t\t\t\t<div class=\" swiper-slide swiper-lazy\">\n\t\t\t<div class=\"sp-pcp-post default pcp-item-35798\" data-id=\"35798\">\n\t\t\t\t\t\t\t\t<div class=\"pcp-post-thumb-wrapper\">\n\t\t\t\t\t<div class=\"sp-pcp-post-thumb-area\">\n\t\t\t\t\t\t\t\t\t\t\t\t<a class=\"sp-pcp-thumb\" href=\"https:\/\/agencia.unq.edu.ar\/?p=35798\" target=\"_self\" >\n\t\t\t\t\t\t\t\t\t\t\t\t\t<img loading=\"lazy\" decoding=\"async\" src=\"https:\/\/agencia.unq.edu.ar\/wp-content\/uploads\/2026\/04\/desconexion.jpg\" width=\"1040\" height=\"420\" alt=\"Algunos usuarios reportan alivio tras cerrar sus cuentas; otros sienten m\u00e1s soledad o reemplazan una app por otra igual de absorbente. Cr\u00e9dito: Unplash.\">\n\t\t\t\t\t\t<\/a>\n\t\t\t\t\t<\/div>\n\t\t\t\t<\/div>\n\t\t\t\t\t\t\t\t<div class=\"sp-pcp-post-details\">\n\t\t\t\t\t<div class=\"sp-pcp-post-details-content\">\n\t\t\t\t\t\t\t\t<h4 class=\"sp-pcp-title\">\n\t\t\t\t\t\t\t\t\t<a href=\"https:\/\/agencia.unq.edu.ar\/?p=35798\"  target=\"_self\">\u00bfDejar las redes sociales mejora la salud mental?<\/a>\t\t\t\t\t\t\t<\/h4>\n\t\t\t\t\t\t\t\t\t<\/div>\n\t\t\t\t<\/div>\n\t\t\t<\/div>\n\t\t<\/div>\n\t\t\t\t<div class=\" swiper-slide swiper-lazy\">\n\t\t\t<div class=\"sp-pcp-post default pcp-item-35761\" data-id=\"35761\">\n\t\t\t\t\t\t\t\t<div class=\"pcp-post-thumb-wrapper\">\n\t\t\t\t\t<div class=\"sp-pcp-post-thumb-area\">\n\t\t\t\t\t\t\t\t\t\t\t\t<a class=\"sp-pcp-thumb\" href=\"https:\/\/agencia.unq.edu.ar\/?p=35761\" target=\"_self\" >\n\t\t\t\t\t\t\t\t\t\t\t\t\t<img loading=\"lazy\" decoding=\"async\" src=\"https:\/\/agencia.unq.edu.ar\/wp-content\/uploads\/2026\/04\/Cigarrillo-Reino-Unido-Tabaco.jpg\" width=\"1040\" height=\"420\" alt=\"Mujer fumando un cigarrillo.\">\n\t\t\t\t\t\t<\/a>\n\t\t\t\t\t<\/div>\n\t\t\t\t<\/div>\n\t\t\t\t\t\t\t\t<div class=\"sp-pcp-post-details\">\n\t\t\t\t\t<div class=\"sp-pcp-post-details-content\">\n\t\t\t\t\t\t\t\t<h4 class=\"sp-pcp-title\">\n\t\t\t\t\t\t\t\t\t<a href=\"https:\/\/agencia.unq.edu.ar\/?p=35761\"  target=\"_self\">Hacia una generaci\u00f3n libre de humo: Reino Unido proh\u00edbe el tabaco a los nacidos a partir de 2009\u00a0<\/a>\t\t\t\t\t\t\t<\/h4>\n\t\t\t\t\t\t\t\t\t<\/div>\n\t\t\t\t<\/div>\n\t\t\t<\/div>\n\t\t<\/div>\n\t\t\t\t<div class=\" swiper-slide swiper-lazy\">\n\t\t\t<div class=\"sp-pcp-post default pcp-item-35734\" data-id=\"35734\">\n\t\t\t\t\t\t\t\t<div class=\"pcp-post-thumb-wrapper\">\n\t\t\t\t\t<div class=\"sp-pcp-post-thumb-area\">\n\t\t\t\t\t\t\t\t\t\t\t\t<a class=\"sp-pcp-thumb\" href=\"https:\/\/agencia.unq.edu.ar\/?p=35734\" target=\"_self\" >\n\t\t\t\t\t\t\t\t\t\t\t\t\t<img loading=\"lazy\" decoding=\"async\" src=\"https:\/\/agencia.unq.edu.ar\/wp-content\/uploads\/2026\/04\/Homepatia-principal.jpg\" width=\"1040\" height=\"420\" alt=\"El informe espa\u00f1ol revive la pol\u00e9mica respecto de la homeopat\u00eda (imagen: todoorl.net)\">\n\t\t\t\t\t\t<\/a>\n\t\t\t\t\t<\/div>\n\t\t\t\t<\/div>\n\t\t\t\t\t\t\t\t<div class=\"sp-pcp-post-details\">\n\t\t\t\t\t<div class=\"sp-pcp-post-details-content\">\n\t\t\t\t\t\t\t\t<h4 class=\"sp-pcp-title\">\n\t\t\t\t\t\t\t\t\t<a href=\"https:\/\/agencia.unq.edu.ar\/?p=35734\"  target=\"_self\">Homeopat\u00eda bajo la lupa: un informe en Espa\u00f1a descarta su eficacia y reabre el debate<\/a>\t\t\t\t\t\t\t<\/h4>\n\t\t\t\t\t\t\t\t\t<\/div>\n\t\t\t\t<\/div>\n\t\t\t<\/div>\n\t\t<\/div>\n\t\t\t\t<div class=\" swiper-slide swiper-lazy\">\n\t\t\t<div class=\"sp-pcp-post default pcp-item-35668\" data-id=\"35668\">\n\t\t\t\t\t\t\t\t<div class=\"pcp-post-thumb-wrapper\">\n\t\t\t\t\t<div class=\"sp-pcp-post-thumb-area\">\n\t\t\t\t\t\t\t\t\t\t\t\t<a class=\"sp-pcp-thumb\" href=\"https:\/\/agencia.unq.edu.ar\/?p=35668\" target=\"_self\" >\n\t\t\t\t\t\t\t\t\t\t\t\t\t<img loading=\"lazy\" decoding=\"async\" src=\"https:\/\/agencia.unq.edu.ar\/wp-content\/uploads\/2026\/04\/Higado-graso.jpg\" width=\"1040\" height=\"420\" alt=\"Cr\u00e9ditos: Actualidad m\u00e9dica.\">\n\t\t\t\t\t\t<\/a>\n\t\t\t\t\t<\/div>\n\t\t\t\t<\/div>\n\t\t\t\t\t\t\t\t<div class=\"sp-pcp-post-details\">\n\t\t\t\t\t<div class=\"sp-pcp-post-details-content\">\n\t\t\t\t\t\t\t\t<h4 class=\"sp-pcp-title\">\n\t\t\t\t\t\t\t\t\t<a href=\"https:\/\/agencia.unq.edu.ar\/?p=35668\"  target=\"_self\">H\u00edgado graso no alcoh\u00f3lico: el problema silencioso que desaf\u00eda a la salud p\u00fablica<\/a>\t\t\t\t\t\t\t<\/h4>\n\t\t\t\t\t\t\t\t\t<\/div>\n\t\t\t\t<\/div>\n\t\t\t<\/div>\n\t\t<\/div>\n\t\t\t\t<div class=\" swiper-slide swiper-lazy\">\n\t\t\t<div class=\"sp-pcp-post default pcp-item-35610\" data-id=\"35610\">\n\t\t\t\t\t\t\t\t<div class=\"pcp-post-thumb-wrapper\">\n\t\t\t\t\t<div class=\"sp-pcp-post-thumb-area\">\n\t\t\t\t\t\t\t\t\t\t\t\t<a class=\"sp-pcp-thumb\" href=\"https:\/\/agencia.unq.edu.ar\/?p=35610\" target=\"_self\" >\n\t\t\t\t\t\t\t\t\t\t\t\t\t<img loading=\"lazy\" decoding=\"async\" src=\"https:\/\/agencia.unq.edu.ar\/wp-content\/uploads\/2026\/04\/iPiccy-img-5.jpg\" width=\"1040\" height=\"420\" alt=\"Cr\u00e9ditos: Osten Clinic.\">\n\t\t\t\t\t\t<\/a>\n\t\t\t\t\t<\/div>\n\t\t\t\t<\/div>\n\t\t\t\t\t\t\t\t<div class=\"sp-pcp-post-details\">\n\t\t\t\t\t<div class=\"sp-pcp-post-details-content\">\n\t\t\t\t\t\t\t\t<h4 class=\"sp-pcp-title\">\n\t\t\t\t\t\t\t\t\t<a href=\"https:\/\/agencia.unq.edu.ar\/?p=35610\"  target=\"_self\">Un estudio sugiere que la contaminaci\u00f3n atmosf\u00e9rica puede aumentar las crisis de migra\u00f1a<\/a>\t\t\t\t\t\t\t<\/h4>\n\t\t\t\t\t\t\t\t\t<\/div>\n\t\t\t\t<\/div>\n\t\t\t<\/div>\n\t\t<\/div>\n\t\t\t\t<div class=\" swiper-slide swiper-lazy\">\n\t\t\t<div class=\"sp-pcp-post default pcp-item-35611\" data-id=\"35611\">\n\t\t\t\t\t\t\t\t<div class=\"pcp-post-thumb-wrapper\">\n\t\t\t\t\t<div class=\"sp-pcp-post-thumb-area\">\n\t\t\t\t\t\t\t\t\t\t\t\t<a class=\"sp-pcp-thumb\" href=\"https:\/\/agencia.unq.edu.ar\/?p=35611\" target=\"_self\" >\n\t\t\t\t\t\t\t\t\t\t\t\t\t<img loading=\"lazy\" decoding=\"async\" src=\"https:\/\/agencia.unq.edu.ar\/wp-content\/uploads\/2026\/04\/soledad-y-corazon.jpg\" width=\"1040\" height=\"420\" alt=\"\">\n\t\t\t\t\t\t<\/a>\n\t\t\t\t\t<\/div>\n\t\t\t\t<\/div>\n\t\t\t\t\t\t\t\t<div class=\"sp-pcp-post-details\">\n\t\t\t\t\t<div class=\"sp-pcp-post-details-content\">\n\t\t\t\t\t\t\t\t<h4 class=\"sp-pcp-title\">\n\t\t\t\t\t\t\t\t\t<a href=\"https:\/\/agencia.unq.edu.ar\/?p=35611\"  target=\"_self\">La soledad puede aumentar el riesgo de enfermedades del coraz\u00f3n<\/a>\t\t\t\t\t\t\t<\/h4>\n\t\t\t\t\t\t\t\t\t<\/div>\n\t\t\t\t<\/div>\n\t\t\t<\/div>\n\t\t<\/div>\n\t\t\t\t<div class=\" swiper-slide swiper-lazy\">\n\t\t\t<div class=\"sp-pcp-post default pcp-item-35399\" data-id=\"35399\">\n\t\t\t\t\t\t\t\t<div class=\"pcp-post-thumb-wrapper\">\n\t\t\t\t\t<div class=\"sp-pcp-post-thumb-area\">\n\t\t\t\t\t\t\t\t\t\t\t\t<a class=\"sp-pcp-thumb\" href=\"https:\/\/agencia.unq.edu.ar\/?p=35399\" target=\"_self\" >\n\t\t\t\t\t\t\t\t\t\t\t\t\t<img loading=\"lazy\" decoding=\"async\" src=\"https:\/\/agencia.unq.edu.ar\/wp-content\/uploads\/2026\/04\/2026-04-07-jarne.jpg\" width=\"504\" height=\"204\" alt=\"La investigadora Cecilia Jarne del Departamento de Ciencia y Tecnolog\u00eda de la Universidad Nacional de Quilmes\">\n\t\t\t\t\t\t<\/a>\n\t\t\t\t\t<\/div>\n\t\t\t\t<\/div>\n\t\t\t\t\t\t\t\t<div class=\"sp-pcp-post-details\">\n\t\t\t\t\t<div class=\"sp-pcp-post-details-content\">\n\t\t\t\t\t\t\t\t<h4 class=\"sp-pcp-title\">\n\t\t\t\t\t\t\t\t\t<a href=\"https:\/\/agencia.unq.edu.ar\/?p=35399\"  target=\"_self\">Cient\u00edfica de la UNQ revela c\u00f3mo el entorno influye en el envejecimiento cerebral<\/a>\t\t\t\t\t\t\t<\/h4>\n\t\t\t\t\t\t\t\t\t<\/div>\n\t\t\t\t<\/div>\n\t\t\t<\/div>\n\t\t<\/div>\n\t\t\t\t<div class=\" swiper-slide swiper-lazy\">\n\t\t\t<div class=\"sp-pcp-post default pcp-item-35378\" data-id=\"35378\">\n\t\t\t\t\t\t\t\t<div class=\"pcp-post-thumb-wrapper\">\n\t\t\t\t\t<div class=\"sp-pcp-post-thumb-area\">\n\t\t\t\t\t\t\t\t\t\t\t\t<a class=\"sp-pcp-thumb\" href=\"https:\/\/agencia.unq.edu.ar\/?p=35378\" target=\"_self\" >\n\t\t\t\t\t\t\t\t\t\t\t\t\t<img loading=\"lazy\" decoding=\"async\" src=\"https:\/\/agencia.unq.edu.ar\/wp-content\/uploads\/2026\/04\/iPiccy-img-3.jpg\" width=\"1040\" height=\"420\" alt=\"Cr\u00e9ditos: Instituto de Salud Global de Barcelona.\">\n\t\t\t\t\t\t<\/a>\n\t\t\t\t\t<\/div>\n\t\t\t\t<\/div>\n\t\t\t\t\t\t\t\t<div class=\"sp-pcp-post-details\">\n\t\t\t\t\t<div class=\"sp-pcp-post-details-content\">\n\t\t\t\t\t\t\t\t<h4 class=\"sp-pcp-title\">\n\t\t\t\t\t\t\t\t\t<a href=\"https:\/\/agencia.unq.edu.ar\/?p=35378\"  target=\"_self\">Antibi\u00f3ticos impactan en el microbioma intestinal hasta ocho a\u00f1os despu\u00e9s del tratamiento<\/a>\t\t\t\t\t\t\t<\/h4>\n\t\t\t\t\t\t\t\t\t<\/div>\n\t\t\t\t<\/div>\n\t\t\t<\/div>\n\t\t<\/div>\n\t\t\t\t<div class=\" swiper-slide swiper-lazy\">\n\t\t\t<div class=\"sp-pcp-post default pcp-item-35346\" data-id=\"35346\">\n\t\t\t\t\t\t\t\t<div class=\"pcp-post-thumb-wrapper\">\n\t\t\t\t\t<div class=\"sp-pcp-post-thumb-area\">\n\t\t\t\t\t\t\t\t\t\t\t\t<a class=\"sp-pcp-thumb\" href=\"https:\/\/agencia.unq.edu.ar\/?p=35346\" target=\"_self\" >\n\t\t\t\t\t\t\t\t\t\t\t\t\t<img loading=\"lazy\" decoding=\"async\" src=\"https:\/\/agencia.unq.edu.ar\/wp-content\/uploads\/2026\/04\/Torres-principal.jpg\" width=\"1040\" height=\"420\" alt=\"En el encuentro se sumaron representantes de diversas organizaciones (imagen cedida por German Torres)\">\n\t\t\t\t\t\t<\/a>\n\t\t\t\t\t<\/div>\n\t\t\t\t<\/div>\n\t\t\t\t\t\t\t\t<div class=\"sp-pcp-post-details\">\n\t\t\t\t\t<div class=\"sp-pcp-post-details-content\">\n\t\t\t\t\t\t\t\t<h4 class=\"sp-pcp-title\">\n\t\t\t\t\t\t\t\t\t<a href=\"https:\/\/agencia.unq.edu.ar\/?p=35346\"  target=\"_self\">Un investigador de la UNQ particip\u00f3 en el debate internacional sobre la ESI en tiempos de desinformaci\u00f3n<\/a>\t\t\t\t\t\t\t<\/h4>\n\t\t\t\t\t\t\t\t\t<\/div>\n\t\t\t\t<\/div>\n\t\t\t<\/div>\n\t\t<\/div>\n\t\t\t\t<div class=\" swiper-slide swiper-lazy\">\n\t\t\t<div class=\"sp-pcp-post default pcp-item-35237\" data-id=\"35237\">\n\t\t\t\t\t\t\t\t<div class=\"pcp-post-thumb-wrapper\">\n\t\t\t\t\t<div class=\"sp-pcp-post-thumb-area\">\n\t\t\t\t\t\t\t\t\t\t\t\t<a class=\"sp-pcp-thumb\" href=\"https:\/\/agencia.unq.edu.ar\/?p=35237\" target=\"_self\" >\n\t\t\t\t\t\t\t\t\t\t\t\t\t<img loading=\"lazy\" decoding=\"async\" src=\"https:\/\/agencia.unq.edu.ar\/wp-content\/uploads\/2026\/03\/Clitoris-1.jpg\" width=\"1040\" height=\"420\" alt=\"Mapa de nervios del cl\u00edtoris. Cr\u00e9ditos: Art\u00edculo de investigaci\u00f3n.\">\n\t\t\t\t\t\t<\/a>\n\t\t\t\t\t<\/div>\n\t\t\t\t<\/div>\n\t\t\t\t\t\t\t\t<div class=\"sp-pcp-post-details\">\n\t\t\t\t\t<div class=\"sp-pcp-post-details-content\">\n\t\t\t\t\t\t\t\t<h4 class=\"sp-pcp-title\">\n\t\t\t\t\t\t\t\t\t<a href=\"https:\/\/agencia.unq.edu.ar\/?p=35237\"  target=\"_self\">Anatom\u00eda oculta: cient\u00edficas logran construir el primer mapa 3D de los nervios del cl\u00edtoris<\/a>\t\t\t\t\t\t\t<\/h4>\n\t\t\t\t\t\t\t\t\t<\/div>\n\t\t\t\t<\/div>\n\t\t\t<\/div>\n\t\t<\/div>\n\t\t\t\t<div class=\" swiper-slide swiper-lazy\">\n\t\t\t<div class=\"sp-pcp-post default pcp-item-35066\" data-id=\"35066\">\n\t\t\t\t\t\t\t\t<div class=\"pcp-post-thumb-wrapper\">\n\t\t\t\t\t<div class=\"sp-pcp-post-thumb-area\">\n\t\t\t\t\t\t\t\t\t\t\t\t<a class=\"sp-pcp-thumb\" href=\"https:\/\/agencia.unq.edu.ar\/?p=35066\" target=\"_self\" >\n\t\t\t\t\t\t\t\t\t\t\t\t\t<img loading=\"lazy\" decoding=\"async\" src=\"https:\/\/agencia.unq.edu.ar\/wp-content\/uploads\/2026\/03\/pexels-1.jpg\" width=\"1040\" height=\"420\" alt=\"El h\u00e1bito de llevar el celular al ba\u00f1o queda bajo la lupa de la ciencia. Cr\u00e9ditos: Pexels.\">\n\t\t\t\t\t\t<\/a>\n\t\t\t\t\t<\/div>\n\t\t\t\t<\/div>\n\t\t\t\t\t\t\t\t<div class=\"sp-pcp-post-details\">\n\t\t\t\t\t<div class=\"sp-pcp-post-details-content\">\n\t\t\t\t\t\t\t\t<h4 class=\"sp-pcp-title\">\n\t\t\t\t\t\t\t\t\t<a href=\"https:\/\/agencia.unq.edu.ar\/?p=35066\"  target=\"_self\">Quedarse con el celular en el inodoro podr\u00eda aumentar el riesgo de hemorroides<\/a>\t\t\t\t\t\t\t<\/h4>\n\t\t\t\t\t\t\t\t\t<\/div>\n\t\t\t\t<\/div>\n\t\t\t<\/div>\n\t\t<\/div>\n\t\t\t\t<div class=\" swiper-slide swiper-lazy\">\n\t\t\t<div class=\"sp-pcp-post default pcp-item-34805\" data-id=\"34805\">\n\t\t\t\t\t\t\t\t<div class=\"pcp-post-thumb-wrapper\">\n\t\t\t\t\t<div class=\"sp-pcp-post-thumb-area\">\n\t\t\t\t\t\t\t\t\t\t\t\t<a class=\"sp-pcp-thumb\" href=\"https:\/\/agencia.unq.edu.ar\/?p=34805\" target=\"_self\" >\n\t\t\t\t\t\t\t\t\t\t\t\t\t<img loading=\"lazy\" decoding=\"async\" src=\"https:\/\/agencia.unq.edu.ar\/wp-content\/uploads\/2026\/03\/musica-y-ansiedad-pexels.jpg\" width=\"1040\" height=\"420\" alt=\"Cient\u00edficos compararon 12, 24 y 36 minutos de escucha; el efecto m\u00e1s fuerte apareci\u00f3 a los 24, con menos tensi\u00f3n y menor malestar emocional. Cr\u00e9dito: Pexels.\">\n\t\t\t\t\t\t<\/a>\n\t\t\t\t\t<\/div>\n\t\t\t\t<\/div>\n\t\t\t\t\t\t\t\t<div class=\"sp-pcp-post-details\">\n\t\t\t\t\t<div class=\"sp-pcp-post-details-content\">\n\t\t\t\t\t\t\t\t<h4 class=\"sp-pcp-title\">\n\t\t\t\t\t\t\t\t\t<a href=\"https:\/\/agencia.unq.edu.ar\/?p=34805\"  target=\"_self\">Cuando la cabeza no para, la m\u00fasica puede dar una mano<\/a>\t\t\t\t\t\t\t<\/h4>\n\t\t\t\t\t\t\t\t\t<\/div>\n\t\t\t\t<\/div>\n\t\t\t<\/div>\n\t\t<\/div>\n\t\t\t\t\t<\/div>\n\t\t\t\t\t\t<div class=\"pcp-pagination swiper-pagination dots\"><\/div>\n\t\t\t\t\t\t\t\t\t\t<div class=\"pcp-button-next swiper-button-next top_right\"><i class=\"fa fa-angle-right\"><\/i><\/div>\n\t\t\t\t<div class=\"pcp-button-prev swiper-button-prev top_right\"><i class=\"fa fa-angle-left\"><\/i><\/div>\t<\/div>\n<\/div>\n\n\n\n\n<hr class=\"wp-block-separator has-text-color has-css-opacity has-background is-style-wide\" style=\"background-color:#fea50e;color:#fea50e\"\/>\n\n\n\n<p class=\"has-vivid-green-cyan-color has-text-color\"><\/p>\n","protected":false},"excerpt":{"rendered":"<p>La instituci\u00f3n no solo lleva adelante su hist\u00f3rico programa Supersopa, sino que participa en redes de investigaci\u00f3n a trav\u00e9s de diferentes especialistas.<\/p>\n","protected":false},"author":6,"featured_media":23626,"comment_status":"open","ping_status":"closed","sticky":false,"template":"","format":"standard","meta":{"_uag_custom_page_level_css":"","_monsterinsights_skip_tracking":false,"_monsterinsights_sitenote_active":false,"_monsterinsights_sitenote_note":"","_monsterinsights_sitenote_category":0,"site-sidebar-layout":"default","site-content-layout":"","ast-site-content-layout":"default","site-content-style":"default","site-sidebar-style":"default","ast-global-header-display":"","ast-banner-title-visibility":"","ast-main-header-display":"","ast-hfb-above-header-display":"","ast-hfb-below-header-display":"","ast-hfb-mobile-header-display":"","site-post-title":"","ast-breadcrumbs-content":"","ast-featured-img":"","footer-sml-layout":"","ast-disable-related-posts":"","theme-transparent-header-meta":"","adv-header-id-meta":"","stick-header-meta":"","header-above-stick-meta":"","header-main-stick-meta":"","header-below-stick-meta":"","astra-migrate-meta-layouts":"default","ast-page-background-enabled":"default","ast-page-background-meta":{"desktop":{"background-color":"var(--ast-global-color-4)","background-image":"","background-repeat":"repeat","background-position":"center center","background-size":"auto","background-attachment":"scroll","background-type":"","background-media":"","overlay-type":"","overlay-color":"","overlay-opacity":"","overlay-gradient":""},"tablet":{"background-color":"","background-image":"","background-repeat":"repeat","background-position":"center center","background-size":"auto","background-attachment":"scroll","background-type":"","background-media":"","overlay-type":"","overlay-color":"","overlay-opacity":"","overlay-gradient":""},"mobile":{"background-color":"","background-image":"","background-repeat":"repeat","background-position":"center center","background-size":"auto","background-attachment":"scroll","background-type":"","background-media":"","overlay-type":"","overlay-color":"","overlay-opacity":"","overlay-gradient":""}},"ast-content-background-meta":{"desktop":{"background-color":"var(--ast-global-color-5)","background-image":"","background-repeat":"repeat","background-position":"center center","background-size":"auto","background-attachment":"scroll","background-type":"","background-media":"","overlay-type":"","overlay-color":"","overlay-opacity":"","overlay-gradient":""},"tablet":{"background-color":"var(--ast-global-color-5)","background-image":"","background-repeat":"repeat","background-position":"center center","background-size":"auto","background-attachment":"scroll","background-type":"","background-media":"","overlay-type":"","overlay-color":"","overlay-opacity":"","overlay-gradient":""},"mobile":{"background-color":"var(--ast-global-color-5)","background-image":"","background-repeat":"repeat","background-position":"center center","background-size":"auto","background-attachment":"scroll","background-type":"","background-media":"","overlay-type":"","overlay-color":"","overlay-opacity":"","overlay-gradient":""}},"footnotes":""},"categories":[16,9],"tags":[444],"class_list":["post-23621","post","type-post","status-publish","format-standard","has-post-thumbnail","hentry","category-noticia-destacada","category-salud","tag-soberania-alimentaria"],"aioseo_notices":[],"uagb_featured_image_src":{"full":["https:\/\/agencia.unq.edu.ar\/wp-content\/uploads\/2024\/10\/supersopa-unq.jpg",1040,420,false],"thumbnail":["https:\/\/agencia.unq.edu.ar\/wp-content\/uploads\/2024\/10\/supersopa-unq.jpg",150,61,false],"medium":["https:\/\/agencia.unq.edu.ar\/wp-content\/uploads\/2024\/10\/supersopa-unq.jpg",960,388,false],"medium_large":["https:\/\/agencia.unq.edu.ar\/wp-content\/uploads\/2024\/10\/supersopa-unq.jpg",768,310,false],"large":["https:\/\/agencia.unq.edu.ar\/wp-content\/uploads\/2024\/10\/supersopa-unq.jpg",1040,420,false],"1536x1536":["https:\/\/agencia.unq.edu.ar\/wp-content\/uploads\/2024\/10\/supersopa-unq.jpg",1040,420,false],"2048x2048":["https:\/\/agencia.unq.edu.ar\/wp-content\/uploads\/2024\/10\/supersopa-unq.jpg",1040,420,false]},"uagb_author_info":{"display_name":"Nicol\u00e1s Retamar","author_link":"https:\/\/agencia.unq.edu.ar\/?author=6"},"uagb_comment_info":0,"uagb_excerpt":"La instituci\u00f3n no solo lleva adelante su hist\u00f3rico programa Supersopa, sino que participa en redes de investigaci\u00f3n a trav\u00e9s de diferentes especialistas.","blog_post_layout_featured_media_urls":{"thumbnail":["https:\/\/agencia.unq.edu.ar\/wp-content\/uploads\/2024\/10\/supersopa-unq.jpg",150,61,false],"full":["https:\/\/agencia.unq.edu.ar\/wp-content\/uploads\/2024\/10\/supersopa-unq.jpg",1040,420,false]},"categories_names":{"16":{"name":"Noticia destacada","link":"https:\/\/agencia.unq.edu.ar\/?cat=16"},"9":{"name":"Salud","link":"https:\/\/agencia.unq.edu.ar\/?cat=9"}},"tags_names":{"444":{"name":"Soberan\u00eda alimentaria","link":"https:\/\/agencia.unq.edu.ar\/?tag=soberania-alimentaria"}},"comments_number":"0","_links":{"self":[{"href":"https:\/\/agencia.unq.edu.ar\/index.php?rest_route=\/wp\/v2\/posts\/23621","targetHints":{"allow":["GET"]}}],"collection":[{"href":"https:\/\/agencia.unq.edu.ar\/index.php?rest_route=\/wp\/v2\/posts"}],"about":[{"href":"https:\/\/agencia.unq.edu.ar\/index.php?rest_route=\/wp\/v2\/types\/post"}],"author":[{"embeddable":true,"href":"https:\/\/agencia.unq.edu.ar\/index.php?rest_route=\/wp\/v2\/users\/6"}],"replies":[{"embeddable":true,"href":"https:\/\/agencia.unq.edu.ar\/index.php?rest_route=%2Fwp%2Fv2%2Fcomments&post=23621"}],"version-history":[{"count":2,"href":"https:\/\/agencia.unq.edu.ar\/index.php?rest_route=\/wp\/v2\/posts\/23621\/revisions"}],"predecessor-version":[{"id":23627,"href":"https:\/\/agencia.unq.edu.ar\/index.php?rest_route=\/wp\/v2\/posts\/23621\/revisions\/23627"}],"wp:featuredmedia":[{"embeddable":true,"href":"https:\/\/agencia.unq.edu.ar\/index.php?rest_route=\/wp\/v2\/media\/23626"}],"wp:attachment":[{"href":"https:\/\/agencia.unq.edu.ar\/index.php?rest_route=%2Fwp%2Fv2%2Fmedia&parent=23621"}],"wp:term":[{"taxonomy":"category","embeddable":true,"href":"https:\/\/agencia.unq.edu.ar\/index.php?rest_route=%2Fwp%2Fv2%2Fcategories&post=23621"},{"taxonomy":"post_tag","embeddable":true,"href":"https:\/\/agencia.unq.edu.ar\/index.php?rest_route=%2Fwp%2Fv2%2Ftags&post=23621"}],"curies":[{"name":"wp","href":"https:\/\/api.w.org\/{rel}","templated":true}]}}