{"id":25623,"date":"2025-02-03T11:51:25","date_gmt":"2025-02-03T14:51:25","guid":{"rendered":"https:\/\/agencia.unq.edu.ar\/?p=25623"},"modified":"2025-07-16T19:12:49","modified_gmt":"2025-07-16T22:12:49","slug":"soledad-falco-hablar-de-la-antartida-es-una-decision-politica-y-social","status":"publish","type":"post","link":"https:\/\/agencia.unq.edu.ar\/?p=25623","title":{"rendered":"Soledad Falco: \u201cHablar de la Ant\u00e1rtida es una decisi\u00f3n pol\u00edtica y social\u201d"},"content":{"rendered":"\n<p class=\"has-medium-font-size\">La comunicadora reflexion\u00f3 sobre su experiencia de investigaci\u00f3n en el extremo sur argentino y la importancia de desarrollar el concepto de soberan\u00eda ambiental.<\/p>\n\n\n\n<figure class=\"wp-block-image size-full\"><img loading=\"lazy\" decoding=\"async\" width=\"1040\" height=\"420\" src=\"https:\/\/agencia.unq.edu.ar\/wp-content\/uploads\/2025\/02\/Soledad-Falco-Comision-de-Investigaciones-Cientificas.jpg\" alt=\"Soledad Falco integra el Observatorio en Comunicaci\u00f3n y Ambiente de la Facultad de Periodismo y Comunicaci\u00f3n Social de la UNLP. Cr\u00e9ditos: Comisi\u00f3n de Investigaciones Cient\u00edficas.\" class=\"wp-image-25624\"\/><figcaption class=\"wp-element-caption\">Soledad Falco integra el Observatorio en Comunicaci\u00f3n y Ambiente de la Facultad de Periodismo y Comunicaci\u00f3n Social de la UNLP. Cr\u00e9ditos: Comisi\u00f3n de Investigaciones Cient\u00edficas. <\/figcaption><\/figure>\n\n\n\n<p>Por Mariana Hidalgo y David Barresi<\/p>\n\n\n\n<p>En la Ant\u00e1rtida se hace investigaci\u00f3n cient\u00edfica desde 1904 pero el espacio para las ciencias sociales es pr\u00e1cticamente nulo.<strong> <\/strong>En enero del 2024, mientras el Gobierno nacional comenzaba un brutal ajuste que afect\u00f3 a todo el sistema cient\u00edfico tecnol\u00f3gico, <strong>Soledad Falco logr\u00f3 viajar hasta el continente blanco para llevar adelante su investigaci\u00f3n y ser una de las pocas comunicadoras sociales en compartir esa experiencia<\/strong> junto a las cient\u00edficas y cient\u00edficos argentinos que habitan las diferentes bases.&nbsp;<\/p>\n\n\n\n<p>Falco<strong> integra el Observatorio en Comunicaci\u00f3n y Ambiente de la Facultad de Periodismo y Comunicaci\u00f3n Social de la UNLP y es la referente en el \u00e1rea de comunicaci\u00f3n de la ciencia de la Secretar\u00eda de Ambiente<\/strong> de dicha unidad acad\u00e9mica.<\/p>\n\n\n\n<p>En di\u00e1logo con <strong>Soberan\u00eda Cient\u00edfica<\/strong>, el ciclo de divulgaci\u00f3n producido por la <strong>Comisi\u00f3n de Investigaciones Cient\u00edficas (CIC)<\/strong>, la especialista nos cuenta c\u00f3mo fue su estad\u00eda en la Ant\u00e1rtida, de qu\u00e9 manera los cient\u00edficos y cient\u00edficas argentinas construyen soberan\u00eda en el territorio, cu\u00e1l es el lugar de las ciencias sociales y la importancia estrat\u00e9gica que tiene el desarrollo de estas tem\u00e1ticas en las infancias y adolescencias.&nbsp;<\/p>\n\n\n\n<p>\u201cSiempre decimos que no se ama lo que no se conoce, y tampoco se defiende. Entonces <strong>si nosotros no conocemos la Ant\u00e1rtida y no la amamos, no la vamos a defender<\/strong>. Y si no la defendemos nosotros que somos los profesionales que estamos preparados, no la va a defender nadie\u201d, afirm\u00f3.&nbsp;<\/p>\n\n\n\n<p><strong>-\u00bfDe qu\u00e9 hablamos cuando hablamos de \u201cLa Ant\u00e1rtida\u201d?<\/strong><\/p>\n\n\n\n<p>-Tenemos que entender algo: la Ant\u00e1rtida no es solo ese territorio que tenemos que cuidar y conservar. Detr\u00e1s hay relaciones de poder, hay otros pa\u00edses. Nosotros entendemos que la soberan\u00eda es sobre Malvinas, sobre Ant\u00e1rtida y sobre el sector ant\u00e1rtico argentino, que es ese tri\u00e1ngulo que todos conocemos. En ese tri\u00e1ngulo nosotros no podemos reclamar porque desde 1959 est\u00e1 el Tratado Ant\u00e1rtico, que suspende los reclamos de soberan\u00eda en organismos internacionales, a diferencia de Malvinas donde nosotros s\u00ed podemos hacerlo. En ese tri\u00e1ngulo podemos hacer permanencia, podemos hacer ciencia, podemos hacer un mont\u00f3n de cosas como argentinos y argentinas, pero no podemos reclamar. Tengamos en cuenta que Argentina tiene ese peque\u00f1o tri\u00e1ngulo que toma toda la pen\u00ednsula, pero sobre eso y superando los l\u00edmites de lo que nosotros reivindicamos como sector Ant\u00e1rtico Argentino, el Reino Unido y Chile tambi\u00e9n tienen una reivindicaci\u00f3n de territorio. Pero Chile no es nuestro enemigo, no es una fuerza imperial, si nos pusimos de acuerdo con el Canal de Beagle, podemos resolver las cosas. Ahora, con el Imperio Brit\u00e1nico tenemos una pelea de hace 200 a\u00f1os.<\/p>\n\n\n\n<p><strong>-\u00bfDe qu\u00e9 se trata tu investigaci\u00f3n?<\/strong><\/p>\n\n\n\n<p>&#8211;<strong>Mi objetivo es tratar de indagar sobre las formas de construir el concepto de soberan\u00eda desde la comunicaci\u00f3n de la ciencia con perspectiva ambiental<\/strong>, en tres universos: uno es el de los paper que publican cient\u00edficas y cient\u00edficos que investigan en la Ant\u00e1rtida, indagar d\u00f3nde los publican, qu\u00e9 toponimia usan. Nosotros tenemos nuestra propia toponimia que es del Instituto Geogr\u00e1fico Nacional en la Ant\u00e1rtida y despu\u00e9s internacionalmente hay otras, que la mayor\u00eda son inglesas. Entonces en eso hay una cuesti\u00f3n de soberan\u00eda, de c\u00f3mo lo podemos plasmar. El otro es ver c\u00f3mo se relatan a s\u00ed mismos, c\u00f3mo es su voz respecto a la soberan\u00eda, c\u00f3mo la ven, la sienten, c\u00f3mo consideran que la est\u00e1n desarrollando. Y el tercero es a trav\u00e9s de los medios. La mayor\u00eda de los medios de comunicaci\u00f3n nacionales, P\u00e1gina 12, \u00c1mbito Financiero, Clar\u00edn, La Naci\u00f3n, etc, al momento de hablar de alguna problem\u00e1tica ambiental en la Ant\u00e1rtida, sus fuentes de informaci\u00f3n son inglesas. Hablan con el Instituto ingl\u00e9s de Ciencia Ant\u00e1rtica y no con el argentino. En el Instituto Ant\u00e1rtico tenemos m\u00e1s de 40 proyectos de investigaci\u00f3n respecto del ambiente en la Ant\u00e1rtida y no lo citan. <strong>Los medios de comunicaci\u00f3n argentinos hablan de lo que dicen los ingleses. <\/strong>Entonces, para que nosotros podamos cuidar y defender un territorio que consideramos propio cuando el Tratado Ant\u00e1rtico no est\u00e9 m\u00e1s, tenemos que tener claro que es nuestro. Defenderlo, adem\u00e1s, de enemigos internos. Cuando veo que La Naci\u00f3n cita a los ingleses, se entiende perfectamente por qu\u00e9 no cita tambi\u00e9n fuentes argentinas.&nbsp;<\/p>\n\n\n\n<p><strong>-\u00bfPor qu\u00e9 se consultan fuentes inglesas?&nbsp;<\/strong><\/p>\n\n\n\n<p>-Para mi hay dos cuestiones importantes: por un lado, nuestras cient\u00edficas y cient\u00edficos han sido desmerecidos tantas veces que me parece que nos quitamos valor nosotros mismos. <strong>La ciencia argentina es de excelencia, pero a veces es necesario que desde los organismos del Estado nos hagan ver as\u00ed<\/strong>, como lo que creemos y sabemos que somos. Una de las grandes cuestiones pasa por ah\u00ed, por lo que se construye con esas noticias. Hablamos de una construcci\u00f3n soberana de la ciencia, de la comunicaci\u00f3n, del territorio y me parece que los intereses de los medios hegem\u00f3nicos no siempre son esos.&nbsp;<\/p>\n\n\n\n<p><strong>-\u00bfC\u00f3mo se te ocurri\u00f3 dedicarte a investigar la Ant\u00e1rtida?<\/strong><\/p>\n\n\n\n<p>-A partir del trabajo dentro del Observatorio me di cuenta que se hablaba mucho sobre soberan\u00eda en el Atl\u00e1ntico Sur, pero cuando construimos ese concepto dejamos afuera a la Ant\u00e1rtida. <strong>Tenemos muy clara la identidad malvinera, desde lo acad\u00e9mico y desde la sociedad pero al Atl\u00e1ntico Sur siempre le dimos la espalda como sociedad. <\/strong>Ser un pa\u00eds agroexportador habla de que no nos consideramos un pa\u00eds mar\u00edtimo. Entonces me empec\u00e9 a preguntar qu\u00e9 pasaba con esos recursos, con esos bienes comunes del mar o del oc\u00e9ano. Revis\u00e9 a quienes segu\u00edan temas sobre la Ant\u00e1rtida y me di cuenta que nadie hablaba desde el concepto de ambiente. As\u00ed que me puse a investigar y me enamor\u00e9 del tema. Adem\u00e1s pude viajar hasta all\u00e1, algo que este a\u00f1o ya est\u00e1 descartado porque no hay presupuesto para las ciencias sociales. El a\u00f1o pasado hab\u00eda tres plazas para ocupar, hoy ya no est\u00e1n.&nbsp;<\/p>\n\n\n\n<p><strong>-\u00bfCon qu\u00e9 te encontraste all\u00e1?&nbsp;<\/strong><\/p>\n\n\n\n<p>-Cuando fui a hacer el trabajo, no sab\u00eda nada. Hab\u00eda estudiado un mont\u00f3n pero definitivamente no sab\u00eda nada. El recorrido lo hice con el Rompehielos Almirante Irizar y la derrota, como se denomina el recorrido del barco, dur\u00f3 un mes. A las cient\u00edficas, cient\u00edficos y guardaparques, les hac\u00eda una entrevista en tres pasos: que me contaran c\u00f3mo llegaron ah\u00ed, qu\u00e9 hac\u00edan y qu\u00e9 significaba para ellos la soberan\u00eda. En todos los casos terminaban llorando porque cuando est\u00e1s ah\u00ed ten\u00e9s completamente claro que est\u00e1s construyendo soberan\u00eda pero cuando ten\u00e9s que describirlo te das cuenta que personal, profesional y emocionalmente es un mont\u00f3n. Yo aprend\u00ed mucho de ellos. Por ejemplo, en Base Carlini, hay un proyecto de la UNLP donde hacen investigaci\u00f3n sobre mam\u00edferos, lobos marinos, focas, etc, las investigadoras y los investigadores tienen que acercarse a los harenes de lobos marinos, tomar los cachorros sin que el macho o la hembra los venga a atacar, pesarlo, sacarle sangre, etc. Tienen un trabajo f\u00edsicamente muy expuesto y sin embargo, despu\u00e9s de que les pregunt\u00e1s por soberan\u00eda, se emocionan, lloran y a la vez te dicen \u2018yo estoy haciendo esto y esto sirve para entender c\u00f3mo es el planeta\u2019. Es maravilloso.&nbsp;&nbsp;<\/p>\n\n\n\n<p><strong>-\u00bfPor qu\u00e9 cre\u00e9s que a nivel social no existe conciencia de todo ese mundo que describ\u00eds?<\/strong><\/p>\n\n\n\n<p>-No lo tomamos como un ambiente m\u00e1s. De hecho nosotros hablamos de la provincia de Tierra del Fuego; no hablamos de la provincia de Tierra del Fuego, Ant\u00e1rtida e Islas del Atl\u00e1ntico Sur que es el nombre completo. No lo tenemos dentro de nuestra bibliograf\u00eda para los pibes y para las pibas. <strong>Cuando le ense\u00f1amos la cadena tr\u00f3fica, los manuales tienen al le\u00f3n y no tienen al puma, tienen elefantes y jirafas pero nosotros no tenemos elefantes y jirafas. Nosotros tenemos lobos marinos, focas, ballenas. Tenemos otros animales.<\/strong> Tenemos que pensar c\u00f3mo les ense\u00f1amos todo eso a nuestros pibes para que lo hagan propio. Se empez\u00f3 en el 2010 con el mapa Bicontinental pero hoy no est\u00e1 en todas las escuelas. No hablamos solo del mapa pol\u00edtico o geogr\u00e1fico, sino un mapa que tenga, por ejemplo, las especies en tierra, las especies en mar, las especies en el cielo. Que no sea solo un mapa pol\u00edtico que vemos.<strong> <\/strong>Una de las cuestiones que yo quiero generar es material para las escuelas. Esto que dec\u00eda: que haya un lobo marino y no un elefante. Construir desde ah\u00ed.<\/p>\n\n\n\n<figure class=\"wp-block-image aligncenter size-full\"><img loading=\"lazy\" decoding=\"async\" width=\"780\" height=\"532\" src=\"https:\/\/agencia.unq.edu.ar\/wp-content\/uploads\/2025\/02\/Soledad-Falco-Antartida-Comision-de-Investigaciones-Cientificas.jpg\" alt=\"Falco durante su estad\u00eda en Base Orcadas. Cr\u00e9ditos: Comisi\u00f3n de Investigaciones Cient\u00edficas.\" class=\"wp-image-25625\"\/><figcaption class=\"wp-element-caption\">Falco durante su estad\u00eda en Base Orcadas. Cr\u00e9ditos: Comisi\u00f3n de Investigaciones Cient\u00edficas.<\/figcaption><\/figure>\n\n\n\n<p><strong>-\u00bfHablar de la Ant\u00e1rtida es una decisi\u00f3n pol\u00edtica?&nbsp;<\/strong><\/p>\n\n\n\n<p>-Hablar de la Ant\u00e1rtida es una decisi\u00f3n pol\u00edtica y social. Es la decisi\u00f3n de dar a conocer ese territorio, de querer construirlo como soberano. Tiene que haber una comunidad que quiera aprender sobre el tema, tiene que haber investigadores que hayan desarrollado un trabajo para poder mostrar la importancia de ese espacio, pero tambi\u00e9n tiene que haber una decisi\u00f3n pol\u00edtica de decir \u2018este tema lo hacemos propio y lo vamos a trabajar\u2019. Durante muchos a\u00f1os ese trabajo se realiz\u00f3, pero en los \u00faltimos meses hay un declive. Si no lo sostenemos entre la comunidad cient\u00edfica y la comunidad que est\u00e1 interesada en el tema, hay un declive y ese declive es porque hay otros intereses. Hoy no se ve como un enemigo al imperio. Entonces nosotros tenemos que construirlo, no olvidarnos. Podemos ser socios en algunas cosas, pero en otras no, en lo territorial no podemos.<\/p>\n\n\n\n<p><strong>-\u00bfCu\u00e1l es el rol que juega el territorio dentro del desarrollo nacional?<\/strong><\/p>\n\n\n\n<p>-La Ant\u00e1rtida cumple un rol desde el desarrollo s\u00faper importante porque tiene un mont\u00f3n de recursos. Y me refiero a recursos ecosist\u00e9micos, o sea, no solamente de que puede haber petr\u00f3leo y gas. La Ant\u00e1rtida tiene que estar conservada, hay que cuidarla mucho de la huella antr\u00f3pica, que ya por la contaminaci\u00f3n global tiene mucho deterioro, tratar de disminuir ese impacto. Este territorio no solo tiene la perspectiva de un desarrollo de energ\u00eda, sino la funci\u00f3n ecosist\u00e9mica de enfriar todos los mares, tiene toda una corriente alrededor, que se llama corriente Circumpolar Ant\u00e1rtica, que lo que hace es enfriar los tres oc\u00e9anos. La Ant\u00e1rtida es estrat\u00e9gica desde un mont\u00f3n de lugares, tiene ingreso a los tres oc\u00e9anos. No es casual que Malvinas sea un punto de conflicto para el Reino Unido, porque primero es el acceso a la Ant\u00e1rtida y despu\u00e9s es el acceso a los otros oc\u00e9anos. <strong>Pol\u00edticamente o geopol\u00edticamente tiene un rol fundamental: de circulaci\u00f3n naval y tambi\u00e9n una funci\u00f3n ecosist\u00e9mica.&nbsp;<\/strong><\/p>\n\n\n\n<p><strong>-\u00bfC\u00f3mo atraviesa a los cient\u00edficos y cient\u00edficas la convivencia en el territorio con bases de otros pa\u00edses?<\/strong><\/p>\n\n\n\n<p>-El sistema cient\u00edfico internacional es s\u00faper solidario, por lo que pude percibir. Despu\u00e9s hay una cuesti\u00f3n: los cient\u00edficos y cient\u00edficas que trabajan all\u00e1, cuando hacen un paper, lo tienen que publicar s\u00ed o s\u00ed en ingl\u00e9s. Entonces ese es un punto de soberan\u00eda para tener en cuenta. Tenemos que generar el nivel acad\u00e9mico para que sea importante publicarlo en castellano, que se hace pero a nivel internacional siempre es en ingl\u00e9s. Despu\u00e9s, hay mucho trabajo en conjunto. Todo lo que Argentina investiga, en otros lugares lo toman y sirve para nutrir investigaciones que est\u00e1n haciendo otros pa\u00edses, para trabajar en conjunto o para desarrollar otras l\u00edneas de investigaci\u00f3n. Por ejemplo, Argentina tiene un trabajo muy grande con Chile por un \u00e1rea protegida marina. Entonces con Chile vos pod\u00e9s tener diferencias cuando tengas que sentarte a hablar de la reivindicaci\u00f3n de territorio en la Ant\u00e1rtida, pero ten\u00e9s que tener en claro que mientras est\u00e9 el Tratado, se puede trabajar en conjunto porque queda claro que es para cuidar nuestros recursos y nuestro ambiente.<\/p>\n\n\n\n<p><strong>-\u00bfC\u00f3mo fuiste recibida por ellos? Porque no deben estar muy acostumbrados a que vayan cientistas sociales o comunicadores.<\/strong><\/p>\n\n\n\n<p>&#8211;<strong>Me recibieron muy bien porque todos tienen la necesidad de comunicar lo que hacen. <\/strong>Cuando volv\u00ed estuve en colegios secundarios y los pibes me preguntaban si hab\u00eda osos polares y yo les dec\u00eda que no, que esos animales hab\u00eda en el Norte. Despu\u00e9s les mostraba las especies que ten\u00edamos nosotros y muchas veces lo hac\u00eda con fotos que sacaron los cient\u00edficos y cient\u00edficas haciendo muestreos. Entonces cuando les contaba a las investigadoras y los investigadores que les hab\u00eda mostrado sus fotos del lobo marino o de la foca estaban felices. Y tambi\u00e9n muy asombrados porque haber ido como comunicadora con perspectiva ambiental es algo novedoso para ellos.&nbsp;<\/p>\n\n\n\n<p><strong>-Sin embargo nos hacen creer que las ciencias sociales no son necesarias\u2026<\/strong><\/p>\n\n\n\n<p>-S\u00ed son necesarias. A m\u00ed me dicen del Instituto Ant\u00e1rtico: \u2018vos haces tu investigaci\u00f3n y aparte, te vamos a designar dos tareas m\u00e1s\u2019. Nadie que va a la Ant\u00e1rtida tiene una tarea sola. Incluso las personas que van a invernar. Por ejemplo en Esperanza invernan familias de las Fuerzas Armadas, del Comando Ant\u00e1rtico. Son m\u00e1s o menos 11 familias que tienen lugar. Y las esposas, porque son hombres quienes invernan, van con una tarea asignada.\u00a0 Entonces yo ten\u00eda tres tareas en el trabajo de investigaci\u00f3n. Hac\u00eda alg\u00fan relevamiento para las redes sociales del Instituto Ant\u00e1rtico y despu\u00e9s para un archivo de historia oral, que es un proyecto del Instituto con investigadores de Ciencias Sociales en donde est\u00e1n involucradas la historia, la antropolog\u00eda y la sociolog\u00eda. Ellos me daban un cuestionario corto para entrevistar a las personas que han invernado. Ese archivo de historia oral no ser\u00eda posible sin las ciencias sociales, no se estar\u00edan rescatando todas las historias. Son 300, 400 personas que pasan un invierno entre las siete bases que son permanentes. Incluso tambi\u00e9n hay ni\u00f1os y ni\u00f1as, que est\u00e1n siendo entrevistados para ese archivo.\u00a0<strong>Desde la comunicaci\u00f3n y desde las Ciencias Sociales damos a conocer o investigamos desde el lugar de la construcci\u00f3n de sentido, desde la cultura<\/strong>. Hoy se las est\u00e1 desfinanciado y se las desmerece.<\/p>\n\n\n\n<p><strong>&nbsp;-\u00bfPor qu\u00e9 es importante hablar de soberan\u00eda ambiental?<\/strong><\/p>\n\n\n\n<p>-La soberan\u00eda ambiental es un t\u00e9rmino que en realidad casi no se usa y para m\u00ed es el concepto que unifica y que transversaliza todas las otras. Si nosotros no tenemos un ambiente sano, para nosotros mismos, no va a ser posible vivir de una forma digna. Cuando hablamos de soberan\u00eda ambiental pensamos en qui\u00e9nes explotan nuestros recursos, para qu\u00e9, a d\u00f3nde se van las divisas de eso, qui\u00e9n se queda con la ganancia, qui\u00e9n se queda con el pasivo ambiental. Hablamos de un ruedo integral con pol\u00edtica, con educaci\u00f3n, con comunicaci\u00f3n. <strong>La soberan\u00eda ambiental involucra el resto de las soberan\u00edas, incluso a la territorial.\u00a0<\/strong> <\/p>\n\n\n\n<p><strong>-\u00bfCu\u00e1l es el rol de las universidades en todo esto?&nbsp;<\/strong><\/p>\n\n\n\n<p>-Son el semillero. Tenemos un nivel acad\u00e9mico y cient\u00edfico impresionante. <strong>Financiar una universidad es financiar toda una maquinaria de generaci\u00f3n de conocimientos que tiene una importancia fundante para lo que es un pa\u00eds. <\/strong>Somos un pa\u00eds muy joven, tenemos 200 y pico de a\u00f1os nada m\u00e1s y me parece que todo lo que aportamos desde la Universidad, suma a ser un pa\u00eds de calidad.&nbsp;<\/p>\n\n\n\n<p><strong>-\u00bfPor qu\u00e9 es importante abordar la cuesti\u00f3n de la Ant\u00e1rtida desde las universidades?<\/strong><\/p>\n\n\n\n<p>Uno de los objetivos dentro del proyecto era que este sector ant\u00e1rtico argentino, que nosotros reivindicamos como soberano, est\u00e9 dentro de las curr\u00edculas universitarias. O sea, mi objetivo era volver, e ir universidad por universidad sent\u00e1ndome con los secretarios acad\u00e9micos viendo c\u00f3mo se pod\u00eda hacer. Obviamente que esto hay que hacerlo tambi\u00e9n desde el Instituto Ant\u00e1rtico. Siempre decimos que no se ama lo que no se conoce, y tampoco se defiende. Entonces si nosotros no conocemos la Ant\u00e1rtida y no la amamos, no la vamos a defender. Y si no la defendemos nosotros, que somos los profesionales que estamos preparados, no la va a defender nadie. Es buscar que las universidades generen ese conocimiento y que ese conocimiento llegue a otros niveles, a la comunidad. Es ni m\u00e1s ni menos que hacer comunidad. Tenemos que hacer comunidad sobre el concepto de soberan\u00eda, especialmente sobre el sector ant\u00e1rtico argentino.<\/p>\n\n\n\n<p><a href=\"https:\/\/www.cic.gba.gob.ar\/hablar-de-la-antartida-es-una-decision-politica-y-social\/\" target=\"_blank\" rel=\"noopener\" title=\"Encontr\u00e1 la nota en la web de la CIC.\">Encontr\u00e1 la nota en la web de la CIC.<\/a><\/p>\n\n\n\n<div style=\"height:40px\" aria-hidden=\"true\" class=\"wp-block-spacer\"><\/div>\n\n\n\n<hr class=\"wp-block-separator has-text-color has-css-opacity has-background is-style-wide\" style=\"background-color:#fea50e;color:#fea50e\"\/>\n\n\n\n<h4 class=\"wp-block-heading\" id=\"publicaciones-relacionadas\">\u00daltimas noticias de la secci\u00f3n Pol\u00edtica:<\/h4>\n\n\n<style id=\"sp_pcp_dynamic_style3318\">#pcp_wrapper-3318:not(.sps-glossary-layout) .sp-pcp-row,#pcp_wrapper-3318 .sps-glossary-items-group .sps-glossary-items-content {margin-right: -10px;margin-left: -10px;}#pcp_wrapper-3318 .sp-pcp-row [class*='sp-pcp-col-']{padding-right: 10px;padding-left: 10px; padding-bottom:20px;}.pcp-wrapper-3318 .sp-pcp-title a {color: #ac162c;display: inherit;} .pcp-wrapper-3318 .sp-pcp-title a:hover {color: #fea50e;}#pcp_wrapper-3318 .dots .swiper-pagination-bullet{ background: #ac162c; } #pcp_wrapper-3318 .dots .swiper-pagination-bullet-active { background: #fea50e; }#pcp_wrapper-3318 .pcp-button-prev,#pcp_wrapper-3318 .pcp-button-next{ background-image: none; background-size: auto; background-color: #fff; height: 33px; width: 33px; margin-top: 8px; border: 1px solid #aaa; text-align: center; line-height: 30px; -webkit-transition: 0.3s; border-radius: 3px; }#pcp_wrapper-3318 .pcp-button-prev:hover, #pcp_wrapper-3318 .pcp-button-next:hover{ background-color: #fea50e; border-color: #ac162c; } #pcp_wrapper-3318 .pcp-button-prev .fa, #pcp_wrapper-3318 .pcp-button-next .fa { color: #000000; } #pcp_wrapper-3318 .pcp-button-prev:hover .fa, #pcp_wrapper-3318 .pcp-button-next:hover .fa { color: #fff; } #pcp_wrapper-3318.pcp-carousel-wrapper .sp-pcp-post{ margin-top: 0; }#pcp_wrapper-3318 .sp-pcp-post {padding: 0 0 0 0;}#pcp_wrapper-3318.sp-slider_layout .sp-pcp-post .sp-pcp-post-details {top: 0; right:0; bottom:0; left:0;}#pcp_wrapper-3318 .sp-pcp-post {border: 0px solid #e2e2e2; border-radius: 0px }#pcp_wrapper-3318 .sp-pcp-post{background-color: transparent;}#pcp_wrapper-3318 .pcp-post-thumb-wrapper{border: 0px solid #dddddd;border-radius:0px;}.pcp-wrapper-3318 .sp-pcp-post-meta li,.pcp-wrapper-3318 .sp-pcp-post-meta ul,.pcp-wrapper-3318 .sp-pcp-post-meta li a{color: #888;}.pcp-wrapper-3318 .sp-pcp-post-meta li a:hover{color: #e1624b;}#pcp_wrapper-3318 .pcp-post-pagination .page-numbers.current, #pcp_wrapper-3318 .pcp-post-pagination a.active , #pcp_wrapper-3318 .pcp-post-pagination a:hover{ color: #ffffff; background: #e1624b; border-color: #e1624b; }#pcp_wrapper-3318 .pcp-post-pagination .page-numbers, .pcp-post-pagination a{ background: #ffffff; color:#5e5e5e; border: 2px solid #bbbbbb;border-radius: 2px; }#pcp_wrapper-3318 .pcp-post-pagination{text-align: left;}@media (min-width: 1200px) {.sp-pcp-row .sp-pcp-col-xl-1 {flex: 0 0 100%;}.sp-pcp-row .sp-pcp-col-xl-2 {flex: 1 1 calc( 50% - 20px);}.sp-pcp-row .sp-pcp-col-xl-3 {flex: 1 1 calc( 33.333% - 20px);}.sp-pcp-row .sp-pcp-col-xl-4 {flex: 1 1 calc( 25% - 20px);}.sp-pcp-row .sp-pcp-col-xl-5 { flex: 1 1 calc( 20% - 20px);}.sp-pcp-row .sp-pcp-col-xl-6 {flex: 1 1 calc( 16.66666666666667% - 20px);}.sp-pcp-row .sp-pcp-col-xl-7 {flex: 1 1 calc( 14.28571428% - 20px);}.sp-pcp-row .sp-pcp-col-xl-8 {flex: 1 1 calc( 12.5% - 20px);}}@media (max-width: 1200px) {.sp-pcp-row .sp-pcp-col-lg-1 {flex: 0 0 100%;}.sp-pcp-row .sp-pcp-col-lg-2 {flex: 1 1 calc( 50% - 20px);}.sp-pcp-row .sp-pcp-col-lg-3 {flex: 1 1 calc( 33.333% - 20px);}.sp-pcp-row .sp-pcp-col-lg-4 {flex: 1 1 calc( 25% - 20px);}.sp-pcp-row .sp-pcp-col-lg-5 { flex: 1 1 calc( 20% - 20px);}.sp-pcp-row .sp-pcp-col-lg-6 {flex: 1 1 calc( 16.66666666666667% - 20px);}.sp-pcp-row .sp-pcp-col-lg-7 {flex: 1 1 calc( 14.28571428% - 20px);}.sp-pcp-row .sp-pcp-col-lg-8 {flex: 1 1 calc( 12.5% - 20px);}}@media (max-width: 992px) {.sp-pcp-row .sp-pcp-col-md-1 {flex: 0 0 100%;}.sp-pcp-row .sp-pcp-col-md-2 {flex: 1 1 calc( 50% - 20px);}.sp-pcp-row .sp-pcp-col-md-2-5 {flex: 0 0 75%;}.sp-pcp-row .sp-pcp-col-md-3 {flex: 1 1 calc( 33.333% - 20px);}.sp-pcp-row .sp-pcp-col-md-4 {flex: 1 1 calc( 25% - 20px);}.sp-pcp-row .sp-pcp-col-md-5 { flex: 1 1 calc( 20% - 20px);}.sp-pcp-row .sp-pcp-col-md-6 {flex: 1 1 calc( 16.66666666666667% - 20px);}.sp-pcp-row .sp-pcp-col-md-7 {flex: 1 1 calc( 14.28571428% - 20px);}.sp-pcp-row .sp-pcp-col-md-8 {flex: 1 1 calc( 12.5% - 20px);}}@media (max-width: 768px) {.sp-pcp-row .sp-pcp-col-sm-1 {flex: 0 0 100%;}.sp-pcp-row .sp-pcp-col-sm-2 {flex: 1 1 calc( 50% - 20px);}.sp-pcp-row .sp-pcp-col-sm-2-5 {flex: 0 0 75%;}.sp-pcp-row .sp-pcp-col-sm-3 {flex: 1 1 calc( 33.333% - 20px);}.sp-pcp-row .sp-pcp-col-sm-4 {flex: 1 1 calc( 25% - 20px);}.sp-pcp-row .sp-pcp-col-sm-5 { flex: 1 1 calc( 20% - 20px);}.sp-pcp-row .sp-pcp-col-sm-6 {flex: 1 1 calc( 16.66666666666667% - 20px);}.sp-pcp-row .sp-pcp-col-sm-7 {flex: 1 1 calc( 14.28571428% - 20px);}.sp-pcp-row .sp-pcp-col-sm-8 {flex: 1 1 calc( 12.5% - 20px);}}@media (max-width: 420px) {.sp-pcp-row .sp-pcp-col-xs-1 {flex: 0 0 100%;}.sp-pcp-row .sp-pcp-col-xs-2 {flex: 1 1 calc( 50% - 20px);}.sp-pcp-row .sp-pcp-col-xs-3 {flex: 1 1 calc( 33.333% - 20px);}.sp-pcp-row .sp-pcp-col-xs-4 {flex: 1 1 calc( 25% - 20px);}.sp-pcp-row .sp-pcp-col-xs-5 { flex: 1 1 calc( 20% - 20px);}.sp-pcp-row .sp-pcp-col-xs-6 {flex: 1 1 calc( 16.66666666666667% - 20px);}.sp-pcp-row .sp-pcp-col-xs-7 {flex: 1 1 calc( 14.28571428% - 20px);}.sp-pcp-row .sp-pcp-col-xs-8 {flex: 1 1 calc( 12.5% - 20px);}}<\/style><!-- Markup Starts -->\n<div id=\"pcp_wrapper-3318\" class=\"sp-pcp-section sp-pcp-container pcp-wrapper-3318 pcp-carousel-wrapper standard sp-carousel_layout\" data-sid=\"3318\">\n\t<div id=\"sp-pcp-id-3318\" class=\"swiper-container sp-pcp-carousel top_right\" dir=\"ltr\" data-carousel='{ \"speed\":600, \"items\":3, \"spaceBetween\":20, \"dynamicBullets\": false, \"navigation\":true, \"pagination\": true, \"autoplay\": true, \"autoplay_speed\": 2000, \"loop\": true, \"autoHeight\": false, \"lazy\":  true, \"simulateTouch\": true, \"freeMode\": false, \"slider_mouse_wheel\": false,\"allowTouchMove\": true, \"slidesPerView\": {\"lg_desktop\": 3, \"desktop\": 3, \"tablet\": 2, \"mobile_landscape\": 1, \"mobile\": 1}, \"navigation_mobile\": true, \"pagination_mobile\": true, \"stop_onHover\": true, \"enabled\": true, \"prevSlideMessage\": \"Previous slide\", \"nextSlideMessage\": \"Next slide\", \"firstSlideMessage\": \"This is the first slide\", \"lastSlideMessage\": \"This is the last slide\", \"keyboard\": \"true\", \"paginationBulletMessage\": \"Go to slide {{index}}\" }'>\n\t\t\t<div class=\"swiper-wrapper\">\n\t\t\t\t\t\t<div class=\" swiper-slide swiper-lazy\">\n\t\t\t<div class=\"sp-pcp-post default pcp-item-35969\" data-id=\"35969\">\n\t\t\t\t\t\t\t\t<div class=\"pcp-post-thumb-wrapper\">\n\t\t\t\t\t<div class=\"sp-pcp-post-thumb-area\">\n\t\t\t\t\t\t\t\t\t\t\t\t<a class=\"sp-pcp-thumb\" href=\"https:\/\/agencia.unq.edu.ar\/?p=35969\" target=\"_self\" >\n\t\t\t\t\t\t\t\t\t\t\t\t\t<img loading=\"lazy\" decoding=\"async\" src=\"https:\/\/agencia.unq.edu.ar\/wp-content\/uploads\/2026\/04\/resistencia-antimicrobianos-espana.jpg\" width=\"1040\" height=\"420\" alt=\"El f\u00e1rmaco Concerta es uno de los tantos en Espa\u00f1a cuya presentaci\u00f3n trae 30 dosis. Cr\u00e9ditos: LUDA.\">\n\t\t\t\t\t\t<\/a>\n\t\t\t\t\t<\/div>\n\t\t\t\t<\/div>\n\t\t\t\t\t\t\t\t<div class=\"sp-pcp-post-details\">\n\t\t\t\t\t<div class=\"sp-pcp-post-details-content\">\n\t\t\t\t\t\t\t\t<h4 class=\"sp-pcp-title\">\n\t\t\t\t\t\t\t\t\t<a href=\"https:\/\/agencia.unq.edu.ar\/?p=35969\"  target=\"_self\">Espa\u00f1a elimina las cajas de antibi\u00f3ticos grandes para luchar contra las superbacterias<\/a>\t\t\t\t\t\t\t<\/h4>\n\t\t\t\t\t\t\t\t\t<\/div>\n\t\t\t\t<\/div>\n\t\t\t<\/div>\n\t\t<\/div>\n\t\t\t\t<div class=\" swiper-slide swiper-lazy\">\n\t\t\t<div class=\"sp-pcp-post default pcp-item-35850\" data-id=\"35850\">\n\t\t\t\t\t\t\t\t<div class=\"pcp-post-thumb-wrapper\">\n\t\t\t\t\t<div class=\"sp-pcp-post-thumb-area\">\n\t\t\t\t\t\t\t\t\t\t\t\t<a class=\"sp-pcp-thumb\" href=\"https:\/\/agencia.unq.edu.ar\/?p=35850\" target=\"_self\" >\n\t\t\t\t\t\t\t\t\t\t\t\t\t<img loading=\"lazy\" decoding=\"async\" src=\"https:\/\/agencia.unq.edu.ar\/wp-content\/uploads\/2026\/04\/carta-abierta-clarin.jpg\" width=\"1040\" height=\"420\" alt=\"Horacio Gonz\u00e1lez en una charla de Carta Abierta, en la Facultad de filosof\u00eda y letras.\">\n\t\t\t\t\t\t<\/a>\n\t\t\t\t\t<\/div>\n\t\t\t\t<\/div>\n\t\t\t\t\t\t\t\t<div class=\"sp-pcp-post-details\">\n\t\t\t\t\t<div class=\"sp-pcp-post-details-content\">\n\t\t\t\t\t\t\t\t<h4 class=\"sp-pcp-title\">\n\t\t\t\t\t\t\t\t\t<a href=\"https:\/\/agencia.unq.edu.ar\/?p=35850\"  target=\"_self\">\u201cDebate p\u00fablico en Argentina\u201d: el libro que recupera la experiencia de Carta Abierta<\/a>\t\t\t\t\t\t\t<\/h4>\n\t\t\t\t\t\t\t\t\t<\/div>\n\t\t\t\t<\/div>\n\t\t\t<\/div>\n\t\t<\/div>\n\t\t\t\t<div class=\" swiper-slide swiper-lazy\">\n\t\t\t<div class=\"sp-pcp-post default pcp-item-35830\" data-id=\"35830\">\n\t\t\t\t\t\t\t\t<div class=\"pcp-post-thumb-wrapper\">\n\t\t\t\t\t<div class=\"sp-pcp-post-thumb-area\">\n\t\t\t\t\t\t\t\t\t\t\t\t<a class=\"sp-pcp-thumb\" href=\"https:\/\/agencia.unq.edu.ar\/?p=35830\" target=\"_self\" >\n\t\t\t\t\t\t\t\t\t\t\t\t\t<img loading=\"lazy\" decoding=\"async\" src=\"https:\/\/agencia.unq.edu.ar\/wp-content\/uploads\/2026\/04\/Javier-Milei-Peter-Thiel.jpg\" width=\"1040\" height=\"420\" alt=\"Javier Milei junto a Peter Lamelas, embajador de EE.UU. en Argentina y Peter Thiel, fundador de Palantir. Cr\u00e9ditos: @OPRArgentina.\">\n\t\t\t\t\t\t<\/a>\n\t\t\t\t\t<\/div>\n\t\t\t\t<\/div>\n\t\t\t\t\t\t\t\t<div class=\"sp-pcp-post-details\">\n\t\t\t\t\t<div class=\"sp-pcp-post-details-content\">\n\t\t\t\t\t\t\t\t<h4 class=\"sp-pcp-title\">\n\t\t\t\t\t\t\t\t\t<a href=\"https:\/\/agencia.unq.edu.ar\/?p=35830\"  target=\"_self\">Palantir y Peter Thiel: \u00bfse acerca el tecnofascismo a la Argentina?<\/a>\t\t\t\t\t\t\t<\/h4>\n\t\t\t\t\t\t\t\t\t<\/div>\n\t\t\t\t<\/div>\n\t\t\t<\/div>\n\t\t<\/div>\n\t\t\t\t<div class=\" swiper-slide swiper-lazy\">\n\t\t\t<div class=\"sp-pcp-post default pcp-item-35757\" data-id=\"35757\">\n\t\t\t\t\t\t\t\t<div class=\"pcp-post-thumb-wrapper\">\n\t\t\t\t\t<div class=\"sp-pcp-post-thumb-area\">\n\t\t\t\t\t\t\t\t\t\t\t\t<a class=\"sp-pcp-thumb\" href=\"https:\/\/agencia.unq.edu.ar\/?p=35757\" target=\"_self\" >\n\t\t\t\t\t\t\t\t\t\t\t\t\t<img loading=\"lazy\" decoding=\"async\" src=\"https:\/\/agencia.unq.edu.ar\/wp-content\/uploads\/2026\/04\/Marcha-universitaria-vista-general.jpg\" width=\"1040\" height=\"420\" alt=\"Imagen panor\u00e1mica de la \u00faltima Marcha Federal. Cr\u00e9ditos: @vyp.drone.\">\n\t\t\t\t\t\t<\/a>\n\t\t\t\t\t<\/div>\n\t\t\t\t<\/div>\n\t\t\t\t\t\t\t\t<div class=\"sp-pcp-post-details\">\n\t\t\t\t\t<div class=\"sp-pcp-post-details-content\">\n\t\t\t\t\t\t\t\t<h4 class=\"sp-pcp-title\">\n\t\t\t\t\t\t\t\t\t<a href=\"https:\/\/agencia.unq.edu.ar\/?p=35757\"  target=\"_self\">Hasta que se cumpla: la comunidad universitaria realizar\u00e1 una nueva Marcha Federal<\/a>\t\t\t\t\t\t\t<\/h4>\n\t\t\t\t\t\t\t\t\t<\/div>\n\t\t\t\t<\/div>\n\t\t\t<\/div>\n\t\t<\/div>\n\t\t\t\t<div class=\" swiper-slide swiper-lazy\">\n\t\t\t<div class=\"sp-pcp-post default pcp-item-35638\" data-id=\"35638\">\n\t\t\t\t\t\t\t\t<div class=\"pcp-post-thumb-wrapper\">\n\t\t\t\t\t<div class=\"sp-pcp-post-thumb-area\">\n\t\t\t\t\t\t\t\t\t\t\t\t<a class=\"sp-pcp-thumb\" href=\"https:\/\/agencia.unq.edu.ar\/?p=35638\" target=\"_self\" >\n\t\t\t\t\t\t\t\t\t\t\t\t\t<img loading=\"lazy\" decoding=\"async\" src=\"https:\/\/agencia.unq.edu.ar\/wp-content\/uploads\/2026\/04\/Roberto-Abdala-Al-borde-del-precipicio.jpg\" width=\"1040\" height=\"420\" alt=\"Roberto Abdala en Al borde del precicipcio. Cr\u00e9ditos: Captura UNQ TV.\">\n\t\t\t\t\t\t<\/a>\n\t\t\t\t\t<\/div>\n\t\t\t\t<\/div>\n\t\t\t\t\t\t\t\t<div class=\"sp-pcp-post-details\">\n\t\t\t\t\t<div class=\"sp-pcp-post-details-content\">\n\t\t\t\t\t\t\t\t<h4 class=\"sp-pcp-title\">\n\t\t\t\t\t\t\t\t\t<a href=\"https:\/\/agencia.unq.edu.ar\/?p=35638\"  target=\"_self\">Roberto Abdala: \u201cSin presupuesto es muy dif\u00edcil pensar y so\u00f1ar una escuela distinta\u201d<\/a>\t\t\t\t\t\t\t<\/h4>\n\t\t\t\t\t\t\t\t\t<\/div>\n\t\t\t\t<\/div>\n\t\t\t<\/div>\n\t\t<\/div>\n\t\t\t\t<div class=\" swiper-slide swiper-lazy\">\n\t\t\t<div class=\"sp-pcp-post default pcp-item-35583\" data-id=\"35583\">\n\t\t\t\t\t\t\t\t<div class=\"pcp-post-thumb-wrapper\">\n\t\t\t\t\t<div class=\"sp-pcp-post-thumb-area\">\n\t\t\t\t\t\t\t\t\t\t\t\t<a class=\"sp-pcp-thumb\" href=\"https:\/\/agencia.unq.edu.ar\/?p=35583\" target=\"_self\" >\n\t\t\t\t\t\t\t\t\t\t\t\t\t<img loading=\"lazy\" decoding=\"async\" src=\"https:\/\/agencia.unq.edu.ar\/wp-content\/uploads\/2024\/06\/INTI-despidos.jpg\" width=\"1040\" height=\"420\" alt=\"Protesta realizada por los trabajadores del INTI contra los despidos. Cr\u00e9ditos: ATE-INTI.\">\n\t\t\t\t\t\t<\/a>\n\t\t\t\t\t<\/div>\n\t\t\t\t<\/div>\n\t\t\t\t\t\t\t\t<div class=\"sp-pcp-post-details\">\n\t\t\t\t\t<div class=\"sp-pcp-post-details-content\">\n\t\t\t\t\t\t\t\t<h4 class=\"sp-pcp-title\">\n\t\t\t\t\t\t\t\t\t<a href=\"https:\/\/agencia.unq.edu.ar\/?p=35583\"  target=\"_self\">El gobierno quiere quitarle m\u00e1s funciones al INTI y despedir 700 trabajadores<\/a>\t\t\t\t\t\t\t<\/h4>\n\t\t\t\t\t\t\t\t\t<\/div>\n\t\t\t\t<\/div>\n\t\t\t<\/div>\n\t\t<\/div>\n\t\t\t\t<div class=\" swiper-slide swiper-lazy\">\n\t\t\t<div class=\"sp-pcp-post default pcp-item-35568\" data-id=\"35568\">\n\t\t\t\t\t\t\t\t<div class=\"pcp-post-thumb-wrapper\">\n\t\t\t\t\t<div class=\"sp-pcp-post-thumb-area\">\n\t\t\t\t\t\t\t\t\t\t\t\t<a class=\"sp-pcp-thumb\" href=\"https:\/\/agencia.unq.edu.ar\/?p=35568\" target=\"_self\" >\n\t\t\t\t\t\t\t\t\t\t\t\t\t<img loading=\"lazy\" decoding=\"async\" src=\"https:\/\/agencia.unq.edu.ar\/wp-content\/uploads\/2026\/04\/unsplash.jpg\" width=\"1040\" height=\"420\" alt=\"Sin botiquines completos, crecen las dificultades para sostener controles, prevenir cuadros graves y evitar derivaciones. Cr\u00e9ditos: Unplash.\">\n\t\t\t\t\t\t<\/a>\n\t\t\t\t\t<\/div>\n\t\t\t\t<\/div>\n\t\t\t\t\t\t\t\t<div class=\"sp-pcp-post-details\">\n\t\t\t\t\t<div class=\"sp-pcp-post-details-content\">\n\t\t\t\t\t\t\t\t<h4 class=\"sp-pcp-title\">\n\t\t\t\t\t\t\t\t\t<a href=\"https:\/\/agencia.unq.edu.ar\/?p=35568\"  target=\"_self\">Golpe a la salud p\u00fablica: \u00bfc\u00f3mo impacta la baja del Programa Remediar que dispuso el gobierno?<\/a>\t\t\t\t\t\t\t<\/h4>\n\t\t\t\t\t\t\t\t\t<\/div>\n\t\t\t\t<\/div>\n\t\t\t<\/div>\n\t\t<\/div>\n\t\t\t\t<div class=\" swiper-slide swiper-lazy\">\n\t\t\t<div class=\"sp-pcp-post default pcp-item-35529\" data-id=\"35529\">\n\t\t\t\t\t\t\t\t<div class=\"pcp-post-thumb-wrapper\">\n\t\t\t\t\t<div class=\"sp-pcp-post-thumb-area\">\n\t\t\t\t\t\t\t\t\t\t\t\t<a class=\"sp-pcp-thumb\" href=\"https:\/\/agencia.unq.edu.ar\/?p=35529\" target=\"_self\" >\n\t\t\t\t\t\t\t\t\t\t\t\t\t<img loading=\"lazy\" decoding=\"async\" src=\"https:\/\/agencia.unq.edu.ar\/wp-content\/uploads\/2026\/04\/educacion-IA.jpg\" width=\"1040\" height=\"420\" alt=\"El nuevo Observatorio regional apunta a transformar sistemas educativos con evidencia y escala. Cr\u00e9dito: Istock.\">\n\t\t\t\t\t\t<\/a>\n\t\t\t\t\t<\/div>\n\t\t\t\t<\/div>\n\t\t\t\t\t\t\t\t<div class=\"sp-pcp-post-details\">\n\t\t\t\t\t<div class=\"sp-pcp-post-details-content\">\n\t\t\t\t\t\t\t\t<h4 class=\"sp-pcp-title\">\n\t\t\t\t\t\t\t\t\t<a href=\"https:\/\/agencia.unq.edu.ar\/?p=35529\"  target=\"_self\">La UNESCO lanz\u00f3 un Observatorio regional para integrar la IA en la educaci\u00f3n<\/a>\t\t\t\t\t\t\t<\/h4>\n\t\t\t\t\t\t\t\t\t<\/div>\n\t\t\t\t<\/div>\n\t\t\t<\/div>\n\t\t<\/div>\n\t\t\t\t<div class=\" swiper-slide swiper-lazy\">\n\t\t\t<div class=\"sp-pcp-post default pcp-item-35512\" data-id=\"35512\">\n\t\t\t\t\t\t\t\t<div class=\"pcp-post-thumb-wrapper\">\n\t\t\t\t\t<div class=\"sp-pcp-post-thumb-area\">\n\t\t\t\t\t\t\t\t\t\t\t\t<a class=\"sp-pcp-thumb\" href=\"https:\/\/agencia.unq.edu.ar\/?p=35512\" target=\"_self\" >\n\t\t\t\t\t\t\t\t\t\t\t\t\t<img loading=\"lazy\" decoding=\"async\" src=\"https:\/\/agencia.unq.edu.ar\/wp-content\/uploads\/2026\/04\/Emmanuel-Macron.jpg\" width=\"1040\" height=\"420\" alt=\"Emmanuel Macron, presidente de Francia. Cr\u00e9ditos: Britannica.\">\n\t\t\t\t\t\t<\/a>\n\t\t\t\t\t<\/div>\n\t\t\t\t<\/div>\n\t\t\t\t\t\t\t\t<div class=\"sp-pcp-post-details\">\n\t\t\t\t\t<div class=\"sp-pcp-post-details-content\">\n\t\t\t\t\t\t\t\t<h4 class=\"sp-pcp-title\">\n\t\t\t\t\t\t\t\t\t<a href=\"https:\/\/agencia.unq.edu.ar\/?p=35512\"  target=\"_self\">Francia avanza hacia la soberan\u00eda digital y abandona Windows: \u00bfcu\u00e1l es la situaci\u00f3n de Argentina?<\/a>\t\t\t\t\t\t\t<\/h4>\n\t\t\t\t\t\t\t\t\t<\/div>\n\t\t\t\t<\/div>\n\t\t\t<\/div>\n\t\t<\/div>\n\t\t\t\t<div class=\" swiper-slide swiper-lazy\">\n\t\t\t<div class=\"sp-pcp-post default pcp-item-35480\" data-id=\"35480\">\n\t\t\t\t\t\t\t\t<div class=\"pcp-post-thumb-wrapper\">\n\t\t\t\t\t<div class=\"sp-pcp-post-thumb-area\">\n\t\t\t\t\t\t\t\t\t\t\t\t<a class=\"sp-pcp-thumb\" href=\"https:\/\/agencia.unq.edu.ar\/?p=35480\" target=\"_self\" >\n\t\t\t\t\t\t\t\t\t\t\t\t\t<img loading=\"lazy\" decoding=\"async\" src=\"https:\/\/agencia.unq.edu.ar\/wp-content\/uploads\/2026\/04\/DSC9028-1.jpg\" width=\"1040\" height=\"420\" alt=\"Estudiantes y docentes marchan hacia el centro de Quilmes, tras una semana de toma de la universidad. Cr\u00e9ditos: Sergio D&#039;Addona.\">\n\t\t\t\t\t\t<\/a>\n\t\t\t\t\t<\/div>\n\t\t\t\t<\/div>\n\t\t\t\t\t\t\t\t<div class=\"sp-pcp-post-details\">\n\t\t\t\t\t<div class=\"sp-pcp-post-details-content\">\n\t\t\t\t\t\t\t\t<h4 class=\"sp-pcp-title\">\n\t\t\t\t\t\t\t\t\t<a href=\"https:\/\/agencia.unq.edu.ar\/?p=35480\"  target=\"_self\">La universidad no se apaga: la UNQ abre sus puertas con propuestas cient\u00edficas y culturales<\/a>\t\t\t\t\t\t\t<\/h4>\n\t\t\t\t\t\t\t\t\t<\/div>\n\t\t\t\t<\/div>\n\t\t\t<\/div>\n\t\t<\/div>\n\t\t\t\t<div class=\" swiper-slide swiper-lazy\">\n\t\t\t<div class=\"sp-pcp-post default pcp-item-35471\" data-id=\"35471\">\n\t\t\t\t\t\t\t\t<div class=\"pcp-post-thumb-wrapper\">\n\t\t\t\t\t<div class=\"sp-pcp-post-thumb-area\">\n\t\t\t\t\t\t\t\t\t\t\t\t<a class=\"sp-pcp-thumb\" href=\"https:\/\/agencia.unq.edu.ar\/?p=35471\" target=\"_self\" >\n\t\t\t\t\t\t\t\t\t\t\t\t\t<img loading=\"lazy\" decoding=\"async\" src=\"https:\/\/agencia.unq.edu.ar\/wp-content\/uploads\/2026\/04\/Abuelas-de-Plaza-de-Mayo.jpg\" width=\"1040\" height=\"420\" alt=\"Cr\u00e9ditos: cultura.gob.ar\">\n\t\t\t\t\t\t<\/a>\n\t\t\t\t\t<\/div>\n\t\t\t\t<\/div>\n\t\t\t\t\t\t\t\t<div class=\"sp-pcp-post-details\">\n\t\t\t\t\t<div class=\"sp-pcp-post-details-content\">\n\t\t\t\t\t\t\t\t<h4 class=\"sp-pcp-title\">\n\t\t\t\t\t\t\t\t\t<a href=\"https:\/\/agencia.unq.edu.ar\/?p=35471\"  target=\"_self\">&#8220;Que el gobierno deje de enviar los kits de ADN a los consulados es perpetuar los cr\u00edmenes de lesa humanidad&#8221;<\/a>\t\t\t\t\t\t\t<\/h4>\n\t\t\t\t\t\t\t\t\t<\/div>\n\t\t\t\t<\/div>\n\t\t\t<\/div>\n\t\t<\/div>\n\t\t\t\t<div class=\" swiper-slide swiper-lazy\">\n\t\t\t<div class=\"sp-pcp-post default pcp-item-35463\" data-id=\"35463\">\n\t\t\t\t\t\t\t\t<div class=\"pcp-post-thumb-wrapper\">\n\t\t\t\t\t<div class=\"sp-pcp-post-thumb-area\">\n\t\t\t\t\t\t\t\t\t\t\t\t<a class=\"sp-pcp-thumb\" href=\"https:\/\/agencia.unq.edu.ar\/?p=35463\" target=\"_self\" >\n\t\t\t\t\t\t\t\t\t\t\t\t\t<img loading=\"lazy\" decoding=\"async\" src=\"https:\/\/agencia.unq.edu.ar\/wp-content\/uploads\/2026\/04\/Luis-Robles.jpg\" width=\"1040\" height=\"420\" alt=\"Luis Robles, el abuelo de Sonia Gar\u00f3falo, es el segundo de derecha a izquierda. Cr\u00e9ditos: Gentileza Sonia Gar\u00f3falo.\">\n\t\t\t\t\t\t<\/a>\n\t\t\t\t\t<\/div>\n\t\t\t\t<\/div>\n\t\t\t\t\t\t\t\t<div class=\"sp-pcp-post-details\">\n\t\t\t\t\t<div class=\"sp-pcp-post-details-content\">\n\t\t\t\t\t\t\t\t<h4 class=\"sp-pcp-title\">\n\t\t\t\t\t\t\t\t\t<a href=\"https:\/\/agencia.unq.edu.ar\/?p=35463\"  target=\"_self\">Graduada de la UNQ presentar\u00e1 una querella al Estado espa\u00f1ol por el exilio de su familia durante el franquismo<\/a>\t\t\t\t\t\t\t<\/h4>\n\t\t\t\t\t\t\t\t\t<\/div>\n\t\t\t\t<\/div>\n\t\t\t<\/div>\n\t\t<\/div>\n\t\t\t\t<div class=\" swiper-slide swiper-lazy\">\n\t\t\t<div class=\"sp-pcp-post default pcp-item-35428\" data-id=\"35428\">\n\t\t\t\t\t\t\t\t<div class=\"pcp-post-thumb-wrapper\">\n\t\t\t\t\t<div class=\"sp-pcp-post-thumb-area\">\n\t\t\t\t\t\t\t\t\t\t\t\t<a class=\"sp-pcp-thumb\" href=\"https:\/\/agencia.unq.edu.ar\/?p=35428\" target=\"_self\" >\n\t\t\t\t\t\t\t\t\t\t\t\t\t<img loading=\"lazy\" decoding=\"async\" src=\"https:\/\/agencia.unq.edu.ar\/wp-content\/uploads\/2024\/05\/Laboratorio-Universidad-Nacional-de-Villa-Maria.jpg\" width=\"1040\" height=\"420\" alt=\"Con el recorte presupuestario peligran las investigaciones que se est\u00e1n llevando a cabo. Cr\u00e9ditos: La Vanguardia.\">\n\t\t\t\t\t\t<\/a>\n\t\t\t\t\t<\/div>\n\t\t\t\t<\/div>\n\t\t\t\t\t\t\t\t<div class=\"sp-pcp-post-details\">\n\t\t\t\t\t<div class=\"sp-pcp-post-details-content\">\n\t\t\t\t\t\t\t\t<h4 class=\"sp-pcp-title\">\n\t\t\t\t\t\t\t\t\t<a href=\"https:\/\/agencia.unq.edu.ar\/?p=35428\"  target=\"_self\">Argentina celebra el D\u00eda del Investigador con el presupuesto m\u00e1s bajo desde el retorno democr\u00e1tico<\/a>\t\t\t\t\t\t\t<\/h4>\n\t\t\t\t\t\t\t\t\t<\/div>\n\t\t\t\t<\/div>\n\t\t\t<\/div>\n\t\t<\/div>\n\t\t\t\t<div class=\" swiper-slide swiper-lazy\">\n\t\t\t<div class=\"sp-pcp-post default pcp-item-35418\" data-id=\"35418\">\n\t\t\t\t\t\t\t\t<div class=\"pcp-post-thumb-wrapper\">\n\t\t\t\t\t<div class=\"sp-pcp-post-thumb-area\">\n\t\t\t\t\t\t\t\t\t\t\t\t<a class=\"sp-pcp-thumb\" href=\"https:\/\/agencia.unq.edu.ar\/?p=35418\" target=\"_self\" >\n\t\t\t\t\t\t\t\t\t\t\t\t\t<img loading=\"lazy\" decoding=\"async\" src=\"https:\/\/agencia.unq.edu.ar\/wp-content\/uploads\/2026\/04\/Industria-del-software.jpg\" width=\"1040\" height=\"420\" alt=\"La industria del software forma parte de la Econom\u00eda del Conocimiento, uno de los sectores m\u00e1s pujantes del pa\u00eds. Cr\u00e9ditos: 123RF.\">\n\t\t\t\t\t\t<\/a>\n\t\t\t\t\t<\/div>\n\t\t\t\t<\/div>\n\t\t\t\t\t\t\t\t<div class=\"sp-pcp-post-details\">\n\t\t\t\t\t<div class=\"sp-pcp-post-details-content\">\n\t\t\t\t\t\t\t\t<h4 class=\"sp-pcp-title\">\n\t\t\t\t\t\t\t\t\t<a href=\"https:\/\/agencia.unq.edu.ar\/?p=35418\"  target=\"_self\">Industria del software: el valor que aportan las universidades y el gobierno no ve<\/a>\t\t\t\t\t\t\t<\/h4>\n\t\t\t\t\t\t\t\t\t<\/div>\n\t\t\t\t<\/div>\n\t\t\t<\/div>\n\t\t<\/div>\n\t\t\t\t<div class=\" swiper-slide swiper-lazy\">\n\t\t\t<div class=\"sp-pcp-post default pcp-item-35308\" data-id=\"35308\">\n\t\t\t\t\t\t\t\t<div class=\"pcp-post-thumb-wrapper\">\n\t\t\t\t\t<div class=\"sp-pcp-post-thumb-area\">\n\t\t\t\t\t\t\t\t\t\t\t\t<a class=\"sp-pcp-thumb\" href=\"https:\/\/agencia.unq.edu.ar\/?p=35308\" target=\"_self\" >\n\t\t\t\t\t\t\t\t\t\t\t\t\t<img loading=\"lazy\" decoding=\"async\" src=\"https:\/\/agencia.unq.edu.ar\/wp-content\/uploads\/2026\/04\/Pancarta-ley-de-financiamiento-universitario.jpg\" width=\"1040\" height=\"420\" alt=\"Cr\u00e9ditos: PuroChamuyo.\">\n\t\t\t\t\t\t<\/a>\n\t\t\t\t\t<\/div>\n\t\t\t\t<\/div>\n\t\t\t\t\t\t\t\t<div class=\"sp-pcp-post-details\">\n\t\t\t\t\t<div class=\"sp-pcp-post-details-content\">\n\t\t\t\t\t\t\t\t<h4 class=\"sp-pcp-title\">\n\t\t\t\t\t\t\t\t\t<a href=\"https:\/\/agencia.unq.edu.ar\/?p=35308\"  target=\"_self\">La Justicia obliga al gobierno a cumplir la Ley de Financiamiento Universitario: \u00bfQu\u00e9 pasar\u00e1 ahora?<\/a>\t\t\t\t\t\t\t<\/h4>\n\t\t\t\t\t\t\t\t\t<\/div>\n\t\t\t\t<\/div>\n\t\t\t<\/div>\n\t\t<\/div>\n\t\t\t\t<div class=\" swiper-slide swiper-lazy\">\n\t\t\t<div class=\"sp-pcp-post default pcp-item-35107\" data-id=\"35107\">\n\t\t\t\t\t\t\t\t<div class=\"pcp-post-thumb-wrapper\">\n\t\t\t\t\t<div class=\"sp-pcp-post-thumb-area\">\n\t\t\t\t\t\t\t\t\t\t\t\t<a class=\"sp-pcp-thumb\" href=\"https:\/\/agencia.unq.edu.ar\/?p=35107\" target=\"_self\" >\n\t\t\t\t\t\t\t\t\t\t\t\t\t<img loading=\"lazy\" decoding=\"async\" src=\"https:\/\/agencia.unq.edu.ar\/wp-content\/uploads\/2026\/04\/2026-03-30-UNQ.jpg\" width=\"504\" height=\"204\" alt=\"Alejandra Zinni y Daniel Fihman reunidos con autoridades de la Universidad Internacional de La Rioja (UNIR), Espa\u00f1a\">\n\t\t\t\t\t\t<\/a>\n\t\t\t\t\t<\/div>\n\t\t\t\t<\/div>\n\t\t\t\t\t\t\t\t<div class=\"sp-pcp-post-details\">\n\t\t\t\t\t<div class=\"sp-pcp-post-details-content\">\n\t\t\t\t\t\t\t\t<h4 class=\"sp-pcp-title\">\n\t\t\t\t\t\t\t\t\t<a href=\"https:\/\/agencia.unq.edu.ar\/?p=35107\"  target=\"_self\">La UNQ cruza fronteras y apuesta por posicionar su conocimiento en el mundo<\/a>\t\t\t\t\t\t\t<\/h4>\n\t\t\t\t\t\t\t\t\t<\/div>\n\t\t\t\t<\/div>\n\t\t\t<\/div>\n\t\t<\/div>\n\t\t\t\t\t<\/div>\n\t\t\t\t\t\t<div class=\"pcp-pagination swiper-pagination dots\"><\/div>\n\t\t\t\t\t\t\t\t\t\t<div class=\"pcp-button-next swiper-button-next top_right\"><i class=\"fa fa-angle-right\"><\/i><\/div>\n\t\t\t\t<div class=\"pcp-button-prev swiper-button-prev top_right\"><i class=\"fa fa-angle-left\"><\/i><\/div>\t<\/div>\n<\/div>\n\n\n\n\n<hr class=\"wp-block-separator has-text-color has-css-opacity has-background is-style-wide\" style=\"background-color:#fea50e;color:#fea50e\"\/>\n\n\n\n<p class=\"has-vivid-green-cyan-color has-text-color\"><\/p>\n","protected":false},"excerpt":{"rendered":"<p>La comunicadora reflexion\u00f3 sobre su experiencia de investigaci\u00f3n en el extremo sur argentino y la importancia de desarrollar el concepto de soberan\u00eda ambiental.<\/p>\n","protected":false},"author":9,"featured_media":25624,"comment_status":"open","ping_status":"closed","sticky":false,"template":"","format":"standard","meta":{"_uag_custom_page_level_css":"","_monsterinsights_skip_tracking":false,"_monsterinsights_sitenote_active":false,"_monsterinsights_sitenote_note":"","_monsterinsights_sitenote_category":0,"site-sidebar-layout":"default","site-content-layout":"","ast-site-content-layout":"default","site-content-style":"default","site-sidebar-style":"default","ast-global-header-display":"","ast-banner-title-visibility":"","ast-main-header-display":"","ast-hfb-above-header-display":"","ast-hfb-below-header-display":"","ast-hfb-mobile-header-display":"","site-post-title":"","ast-breadcrumbs-content":"","ast-featured-img":"","footer-sml-layout":"","ast-disable-related-posts":"","theme-transparent-header-meta":"","adv-header-id-meta":"","stick-header-meta":"","header-above-stick-meta":"","header-main-stick-meta":"","header-below-stick-meta":"","astra-migrate-meta-layouts":"default","ast-page-background-enabled":"default","ast-page-background-meta":{"desktop":{"background-color":"var(--ast-global-color-4)","background-image":"","background-repeat":"repeat","background-position":"center center","background-size":"auto","background-attachment":"scroll","background-type":"","background-media":"","overlay-type":"","overlay-color":"","overlay-opacity":"","overlay-gradient":""},"tablet":{"background-color":"","background-image":"","background-repeat":"repeat","background-position":"center center","background-size":"auto","background-attachment":"scroll","background-type":"","background-media":"","overlay-type":"","overlay-color":"","overlay-opacity":"","overlay-gradient":""},"mobile":{"background-color":"","background-image":"","background-repeat":"repeat","background-position":"center center","background-size":"auto","background-attachment":"scroll","background-type":"","background-media":"","overlay-type":"","overlay-color":"","overlay-opacity":"","overlay-gradient":""}},"ast-content-background-meta":{"desktop":{"background-color":"var(--ast-global-color-5)","background-image":"","background-repeat":"repeat","background-position":"center center","background-size":"auto","background-attachment":"scroll","background-type":"","background-media":"","overlay-type":"","overlay-color":"","overlay-opacity":"","overlay-gradient":""},"tablet":{"background-color":"var(--ast-global-color-5)","background-image":"","background-repeat":"repeat","background-position":"center center","background-size":"auto","background-attachment":"scroll","background-type":"","background-media":"","overlay-type":"","overlay-color":"","overlay-opacity":"","overlay-gradient":""},"mobile":{"background-color":"var(--ast-global-color-5)","background-image":"","background-repeat":"repeat","background-position":"center center","background-size":"auto","background-attachment":"scroll","background-type":"","background-media":"","overlay-type":"","overlay-color":"","overlay-opacity":"","overlay-gradient":""}},"footnotes":""},"categories":[16,92],"tags":[889],"class_list":["post-25623","post","type-post","status-publish","format-standard","has-post-thumbnail","hentry","category-noticia-destacada","category-politica","tag-david-barresi"],"aioseo_notices":[],"uagb_featured_image_src":{"full":["https:\/\/agencia.unq.edu.ar\/wp-content\/uploads\/2025\/02\/Soledad-Falco-Comision-de-Investigaciones-Cientificas.jpg",1040,420,false],"thumbnail":["https:\/\/agencia.unq.edu.ar\/wp-content\/uploads\/2025\/02\/Soledad-Falco-Comision-de-Investigaciones-Cientificas.jpg",150,61,false],"medium":["https:\/\/agencia.unq.edu.ar\/wp-content\/uploads\/2025\/02\/Soledad-Falco-Comision-de-Investigaciones-Cientificas.jpg",960,388,false],"medium_large":["https:\/\/agencia.unq.edu.ar\/wp-content\/uploads\/2025\/02\/Soledad-Falco-Comision-de-Investigaciones-Cientificas.jpg",768,310,false],"large":["https:\/\/agencia.unq.edu.ar\/wp-content\/uploads\/2025\/02\/Soledad-Falco-Comision-de-Investigaciones-Cientificas.jpg",1040,420,false],"1536x1536":["https:\/\/agencia.unq.edu.ar\/wp-content\/uploads\/2025\/02\/Soledad-Falco-Comision-de-Investigaciones-Cientificas.jpg",1040,420,false],"2048x2048":["https:\/\/agencia.unq.edu.ar\/wp-content\/uploads\/2025\/02\/Soledad-Falco-Comision-de-Investigaciones-Cientificas.jpg",1040,420,false]},"uagb_author_info":{"display_name":"Agencia de Noticias Cient\u00edficas UNQ","author_link":"https:\/\/agencia.unq.edu.ar\/?author=9"},"uagb_comment_info":0,"uagb_excerpt":"La comunicadora reflexion\u00f3 sobre su experiencia de investigaci\u00f3n en el extremo sur argentino y la importancia de desarrollar el concepto de soberan\u00eda ambiental.","blog_post_layout_featured_media_urls":{"thumbnail":["https:\/\/agencia.unq.edu.ar\/wp-content\/uploads\/2025\/02\/Soledad-Falco-Comision-de-Investigaciones-Cientificas.jpg",150,61,false],"full":["https:\/\/agencia.unq.edu.ar\/wp-content\/uploads\/2025\/02\/Soledad-Falco-Comision-de-Investigaciones-Cientificas.jpg",1040,420,false]},"categories_names":{"16":{"name":"Noticia destacada","link":"https:\/\/agencia.unq.edu.ar\/?cat=16"},"92":{"name":"Pol\u00edtica","link":"https:\/\/agencia.unq.edu.ar\/?cat=92"}},"tags_names":{"889":{"name":"David Barresi","link":"https:\/\/agencia.unq.edu.ar\/?tag=david-barresi"}},"comments_number":"0","_links":{"self":[{"href":"https:\/\/agencia.unq.edu.ar\/index.php?rest_route=\/wp\/v2\/posts\/25623","targetHints":{"allow":["GET"]}}],"collection":[{"href":"https:\/\/agencia.unq.edu.ar\/index.php?rest_route=\/wp\/v2\/posts"}],"about":[{"href":"https:\/\/agencia.unq.edu.ar\/index.php?rest_route=\/wp\/v2\/types\/post"}],"author":[{"embeddable":true,"href":"https:\/\/agencia.unq.edu.ar\/index.php?rest_route=\/wp\/v2\/users\/9"}],"replies":[{"embeddable":true,"href":"https:\/\/agencia.unq.edu.ar\/index.php?rest_route=%2Fwp%2Fv2%2Fcomments&post=25623"}],"version-history":[{"count":2,"href":"https:\/\/agencia.unq.edu.ar\/index.php?rest_route=\/wp\/v2\/posts\/25623\/revisions"}],"predecessor-version":[{"id":25628,"href":"https:\/\/agencia.unq.edu.ar\/index.php?rest_route=\/wp\/v2\/posts\/25623\/revisions\/25628"}],"wp:featuredmedia":[{"embeddable":true,"href":"https:\/\/agencia.unq.edu.ar\/index.php?rest_route=\/wp\/v2\/media\/25624"}],"wp:attachment":[{"href":"https:\/\/agencia.unq.edu.ar\/index.php?rest_route=%2Fwp%2Fv2%2Fmedia&parent=25623"}],"wp:term":[{"taxonomy":"category","embeddable":true,"href":"https:\/\/agencia.unq.edu.ar\/index.php?rest_route=%2Fwp%2Fv2%2Fcategories&post=25623"},{"taxonomy":"post_tag","embeddable":true,"href":"https:\/\/agencia.unq.edu.ar\/index.php?rest_route=%2Fwp%2Fv2%2Ftags&post=25623"}],"curies":[{"name":"wp","href":"https:\/\/api.w.org\/{rel}","templated":true}]}}