{"id":25744,"date":"2025-02-05T15:15:45","date_gmt":"2025-02-05T18:15:45","guid":{"rendered":"https:\/\/agencia.unq.edu.ar\/?p=25744"},"modified":"2026-01-07T13:10:24","modified_gmt":"2026-01-07T16:10:24","slug":"el-bolson-especialistas-explican-las-causas-de-los-incendios-que-azotan-a-la-localidad","status":"publish","type":"post","link":"https:\/\/agencia.unq.edu.ar\/?p=25744","title":{"rendered":"El Bols\u00f3n: especialistas explican las causas de los incendios que azotan a la localidad"},"content":{"rendered":"\n<p class=\"wp-embed-aspect-16-9 wp-has-aspect-ratio has-medium-font-size\" id=\"block-e7a9ff36-ee0c-4796-9d2e-1fd69773da3a\">Adem\u00e1s de los focos intencionales vinculados a intereses inmobiliarios, la negligencia humana y los fen\u00f3menos naturales son parte del problema. A este panorama se le suma el crecimiento de la poblaci\u00f3n y las consecuencias del cambio clim\u00e1tico.<\/p>\n\n\n\n<figure class=\"wp-block-image aligncenter size-full\" id=\"block-c3ee2a7f-4bf9-43dd-a0f6-8acc1087bdbe\"><img loading=\"lazy\" decoding=\"async\" width=\"1040\" height=\"420\" src=\"https:\/\/agencia.unq.edu.ar\/wp-content\/uploads\/2025\/02\/Incendios-El-Bolson.jpg\" alt=\"Los incendios en la zona ya arrasaron con m\u00e1s de tres mil hect\u00e1reas. Cr\u00e9ditos: Marcelo Mart\u00ednez.\" class=\"wp-image-25747\"\/><figcaption class=\"wp-element-caption\">Los incendios en la zona ya arrasaron con m\u00e1s de tres mil hect\u00e1reas. Cr\u00e9ditos: Marcelo Mart\u00ednez.<\/figcaption><\/figure>\n\n\n\n<p class=\"wp-embed-aspect-16-9 wp-has-aspect-ratio\" id=\"block-792ca364-1b8e-4135-8180-b4418ab97e95\">Los incendios en El Bols\u00f3n ya arrasaron con m\u00e1s de 100 viviendas y cerca de 3000 hect\u00e1reas. En el lugar trabajan alrededor de 300 profesionales y cientos de vecinos autoconvocados para frenar los focos. En redes sociales, el gobernador Alberto Weretilneck sostuvo que se trata de un hecho intencional y delictivo: \u201cCon las pruebas reunidas, podemos confirmar que fue intencional. No vamos a permitir que esto quede impune\u201d. Sin embargo, esta situaci\u00f3n no es exclusiva de la provincia rionegrina y se replica en algunos puntos de Chubut y Neuqu\u00e9n. En total, si se tienen en cuenta los diferentes focos en las tres provincias, ya hay cerca de 20 mil hect\u00e1reas arrasadas por el fuego y superan a las 16 mil quemadas en California a principios de 2025.<\/p>\n\n\n\n<p>Para conocer en profundidad las causas de los incendios en El Bols\u00f3n, la <a href=\"https:\/\/agencia.unq.edu.ar\/\" target=\"_blank\" rel=\"noopener\" title=\"\">Agencia de Noticias Cient\u00edficas de la Universidad Nacional de Quilmes<\/a> dialog\u00f3 con dos especialistas, que adem\u00e1s son vecinos de la zona. En este sentido, ambos coinciden en <strong>que no existe una sola explicaci\u00f3n, ya que se combinan fen\u00f3menos naturales, negligencia humana e intencionalidad<\/strong>. Adem\u00e1s, hacen hincapi\u00e9 en el crecimiento poblacional y el rol del cambio clim\u00e1tico.<\/p>\n\n\n\n<p>\u201c<strong>La mayor\u00eda de los incendios que ocurren en el siglo XXI en Patagonia y en el resto de Argentina tienen or\u00edgenes antr\u00f3picos, es decir, vinculados a actividades humanas<\/strong>. Si bien hay fuegos que se inician por cuestiones naturales como la ca\u00edda de rayos, las tormentas el\u00e9ctricas aumentaron su frecuencia en los \u00faltimos a\u00f1os producto del cambio clim\u00e1tico. Por lo tanto, adem\u00e1s de los hechos intencionales, hay negligencia, falta de control y planificaci\u00f3n\u201d, cuenta <strong>Mariano Amoroso<\/strong>, doctor en ciencias forestales e investigador del Conicet.<\/p>\n\n\n\n<p>Los incendios que afectan a El Bols\u00f3n se ubican en Mall\u00edn Ahogado, a 10 kil\u00f3metros del centro, una zona rural que en los \u00faltimos a\u00f1os se pobl\u00f3 con nuevos habitantes que buscan otros modos de vida alejados de las ciudades y con mayor contacto con la naturaleza. Sin embargo, <strong>este proceso se llev\u00f3 a cabo sin una regulaci\u00f3n orientada a la preservaci\u00f3n del bosque y la prevenci\u00f3n de estos eventos<\/strong>.<\/p>\n\n\n\n<p>\u201c<strong>Muchas veces se construyen casas en bosques de pino que son muy inflamables y son pocas las que tienen servicios de jardiner\u00eda y mantenimiento<\/strong>. Entonces, esas poblaciones rurales que crecen son las m\u00e1s vulnerables y las m\u00e1s expuestas a los incendios. Por algunos lugares el fuego pasa como llamaradas y deja un desastre social y ambiental\u201d, se\u00f1ala <strong>Agust\u00edn Quesada<\/strong>, doctor en ciencias geol\u00f3gicas, que ayud\u00f3 a combatir los incendios junto a una cuadrilla de voluntarios.<\/p>\n\n\n\n<p>En esta l\u00ednea, Amoroso detalla que, en los \u00faltimos 20 a\u00f1os, hubo un movimiento de familias desde los centros urbanos hacia sectores m\u00e1s rurales, lo que gener\u00f3 zonas de transici\u00f3n entre las \u00e1reas densamente pobladas y las naturales. \u201cEsto est\u00e1 altamente relacionado con el aumento de este tipo de incendios, que obviamente no ocurr\u00edan hace algunas d\u00e9cadas. <strong>A medida que el crecimiento poblacional se mete en las \u00e1reas naturales, crece la probabilidad de actividad humana con los riesgos que esto conlleva. De alguna manera,<\/strong> <strong>es construir una casa adentro de una caja de f\u00f3sforos<\/strong>\u201d, advierte.<\/p>\n\n\n\n<p>En este sentido, <strong>los investigadores coinciden en que hay problemas de infraestructura y un uso indebido del espacio<\/strong>. Por ejemplo, incendios anteriores en la zona se generaron por personas que hicieron un fog\u00f3n en un camping o por una familia que cocin\u00f3 torta fritas en medio del bosque y dej\u00f3 el fuego encendido. En otro de los casos previos, un tendido el\u00e9ctrico se cay\u00f3 sobre el bosque y origin\u00f3 un foco de gran magnitud.<\/p>\n\n\n\n<p>A su vez, en el caso de El Bols\u00f3n<strong>, tampoco se descarta la hip\u00f3tesis de que el incendio fue provocado con fines relacionados a intereses inmobiliarios vinculados al crecimiento poblacional que hay en la zona<\/strong>. No obstante, se registran focos intencionales desde la llegada de los primeros colonos a fines del siglo XIX para modificar los bosques y convertir esos espacios en tierras aptas para la agricultura.<\/p>\n\n\n\n<h2 class=\"wp-block-heading\">Clima que cambia y Estado ausente<\/h2>\n\n\n\n<p>Al igual que en el resto del mundo, las condiciones clim\u00e1ticas tambi\u00e9n se modificaron en los \u00faltimos a\u00f1os para el norte de la Patagonia. En este aspecto, Amoroso (quien tambi\u00e9n es docente en la Universidad Nacional de R\u00edo Negro) resalta que las condiciones de baja humedad y altas temperaturas elevan el riesgo de generaci\u00f3n y persistencia de los incendios. \u201cLlevamos cuatro veranos s\u00faper calientes y secos. <strong>Estamos por debajo de las precipitaciones hist\u00f3ricas y muy por encima de las temperaturas promedio<\/strong>, con muchos d\u00edas de 30 grados, algo de lo que no hay registros tan altos en todo el siglo pasado\u201d.<\/p>\n\n\n\n<p>Por su parte, Quesada subraya que se trata de un fen\u00f3meno que excede a la Argentina y que se manifiesta en distintos lugares del mundo, que van desde Australia hasta Estados Unidos. \u201cEvidentemente, <strong>lo primero que hay es un clima que est\u00e1 cambiando, donde las lluvias son cada vez m\u00e1s intensas, pero m\u00e1s restringidas en cierto momento<\/strong>. Por ejemplo, en la Comarca Andina hay seis meses que es un aguacero y seis meses que es un desierto\u201d.<\/p>\n\n\n\n<p><strong>A las consecuencias del cambio clim\u00e1tico se le suma el desfinanciamiento del Plan Nacional de Manejo del Fuego<\/strong>, cuyos servicios provinciales se ven afectados por la baja cantidad de elementos para combatir los incendios y la precariedad laboral de los brigadistas, que todav\u00eda no tienen contratos garantizados.<\/p>\n\n\n\n<p class=\"wp-embed-aspect-16-9 wp-has-aspect-ratio\" id=\"block-792ca364-1b8e-4135-8180-b4418ab97e95\">\u201cLo que est\u00e1 ocurriendo no es aleatorio. Los fondos y las estructuras que tenemos no alcanzan, y esto tiene que ver con que todo el panorama ha cambiado. Quiz\u00e1s eran suficientes hace 25 a\u00f1os, <strong>pero hoy estamos frente a incendios de otra magnitud y de otra frecuencia, que hace que haya que reformularse todo<\/strong>\u201d, reflexiona el cient\u00edfico del Conicet.<\/p>\n\n\n\n<div class=\"wp-block-uagb-container uagb-block-7dcee257 alignwide uagb-is-root-container\">\n<div class=\"wp-block-uagb-advanced-heading uagb-block-21a85b96\"><h4 class=\"uagb-heading-text\">\u00daltimas noticias de la secci\u00f3n Ambiente:<\/h4><\/div>\n\n\n\n\t\t\t<div class=\"wp-block-uagb-post-carousel uagb-post-grid  uagb-post__image-position-top uagb-post__image-enabled uagb-block-e66dac42     uagb-post__arrow-outside uagb-slick-carousel uagb-post__items uagb-post__columns-3 is-carousel uagb-post__columns-tablet-2 uagb-post__columns-mobile-1\" data-total=\"19\" style=\"\">\n\n\t\t\t\t\t\t\t\t\t\t\t\t<article class=\"uagb-post__inner-wrap\">\t\t\t\t\t\t\t\t<div class='uagb-post__image'>\n\t\t\t\t\t\t\t\t\t<a href=\"https:\/\/agencia.unq.edu.ar\/?p=35518\" target=\"_self\" rel=\"bookmark noopener noreferrer\"><img loading=\"lazy\" decoding=\"async\" width=\"960\" height=\"388\" src=\"https:\/\/agencia.unq.edu.ar\/wp-content\/uploads\/2026\/04\/Pinguino-emperador.jpg\" class=\"attachment-medium size-medium\" alt=\"El ping\u00fcino emperador es una de las especies que cambi\u00f3 de categor\u00eda y ahora est\u00e1 en peligro de extinci\u00f3n. Cr\u00e9ditos: Philip Trathan.\" \/>\t\t\t\t\t<\/a>\n\t\t\t\t\t\t\t\t\t<\/div>\n\t\t\t\t\t\t<h4 class=\"uagb-post__title uagb-post__text\">\n\t\t\t\t<a href=\"https:\/\/agencia.unq.edu.ar\/?p=35518\" target=\"_self\" rel=\"bookmark noopener noreferrer\">Por culpa del cambio clim\u00e1tico, dos animales emblem\u00e1ticos de la Ant\u00e1rtida podr\u00edan extinguirse<\/a>\n\t\t\t<\/h4>\n\t\t\t\t\t\t<div class='uagb-post__text uagb-post-grid-byline'>\n\t\t\t\t\t\t\t<\/div>\n\t\t\t\n\t\t\t\t\t\t\t\t\t<\/article>\n\t\t\t\t\t\t\t\t\t\t\t\t\t\t\t\t<article class=\"uagb-post__inner-wrap\">\t\t\t\t\t\t\t\t<div class='uagb-post__image'>\n\t\t\t\t\t\t\t\t\t<a href=\"https:\/\/agencia.unq.edu.ar\/?p=34846\" target=\"_self\" rel=\"bookmark noopener noreferrer\"><img loading=\"lazy\" decoding=\"async\" width=\"960\" height=\"388\" src=\"https:\/\/agencia.unq.edu.ar\/wp-content\/uploads\/2026\/03\/Mono-capuchino.jpg\" class=\"attachment-medium size-medium\" alt=\"Los monos ca\u00ed buscan el interior de los \u00e1rboles como fuente de alimentaci\u00f3n (imagen: CONICET Nordeste).\" \/>\t\t\t\t\t<\/a>\n\t\t\t\t\t\t\t\t\t<\/div>\n\t\t\t\t\t\t<h4 class=\"uagb-post__title uagb-post__text\">\n\t\t\t\t<a href=\"https:\/\/agencia.unq.edu.ar\/?p=34846\" target=\"_self\" rel=\"bookmark noopener noreferrer\">Monos, pinos y una idea ingeniosa para que todos ganen<\/a>\n\t\t\t<\/h4>\n\t\t\t\t\t\t<div class='uagb-post__text uagb-post-grid-byline'>\n\t\t\t\t\t\t\t<\/div>\n\t\t\t\n\t\t\t\t\t\t\t\t\t<\/article>\n\t\t\t\t\t\t\t\t\t\t\t\t\t\t\t\t<article class=\"uagb-post__inner-wrap\">\t\t\t\t\t\t\t\t<div class='uagb-post__image'>\n\t\t\t\t\t\t\t\t\t<a href=\"https:\/\/agencia.unq.edu.ar\/?p=34711\" target=\"_self\" rel=\"bookmark noopener noreferrer\"><img loading=\"lazy\" decoding=\"async\" width=\"960\" height=\"388\" src=\"https:\/\/agencia.unq.edu.ar\/wp-content\/uploads\/2026\/03\/nueve-claves.jpg\" class=\"attachment-medium size-medium\" alt=\"Evaluar y proteger la biodiversidad se volvi\u00f3 imprescindible (imagen: estrategiasdeiversion.com)\" \/>\t\t\t\t\t<\/a>\n\t\t\t\t\t\t\t\t\t<\/div>\n\t\t\t\t\t\t<h4 class=\"uagb-post__title uagb-post__text\">\n\t\t\t\t<a href=\"https:\/\/agencia.unq.edu.ar\/?p=34711\" target=\"_self\" rel=\"bookmark noopener noreferrer\">Cient\u00edficos de todo el mundo acordaron los cambios fundamentales para proteger la biodiversidad<\/a>\n\t\t\t<\/h4>\n\t\t\t\t\t\t<div class='uagb-post__text uagb-post-grid-byline'>\n\t\t\t\t\t\t\t<\/div>\n\t\t\t\n\t\t\t\t\t\t\t\t\t<\/article>\n\t\t\t\t\t\t\t\t\t\t\t\t\t\t\t\t<article class=\"uagb-post__inner-wrap\">\t\t\t\t\t\t\t\t<div class='uagb-post__image'>\n\t\t\t\t\t\t\t\t\t<a href=\"https:\/\/agencia.unq.edu.ar\/?p=34358\" target=\"_self\" rel=\"bookmark noopener noreferrer\"><img loading=\"lazy\" decoding=\"async\" width=\"960\" height=\"388\" src=\"https:\/\/agencia.unq.edu.ar\/wp-content\/uploads\/2026\/02\/Inundacion-Peru.jpg\" class=\"attachment-medium size-medium\" alt=\"Una inundaci\u00f3n de 2017 en Per\u00fa que dej\u00f3 m\u00e1s de 100 muertos. Cr\u00e9ditos: Reuters.\" \/>\t\t\t\t\t<\/a>\n\t\t\t\t\t\t\t\t\t<\/div>\n\t\t\t\t\t\t<h4 class=\"uagb-post__title uagb-post__text\">\n\t\t\t\t<a href=\"https:\/\/agencia.unq.edu.ar\/?p=34358\" target=\"_self\" rel=\"bookmark noopener noreferrer\">Se duplicaron las inundaciones en Am\u00e9rica Latina y el Caribe durante los \u00faltimos 30 a\u00f1os<\/a>\n\t\t\t<\/h4>\n\t\t\t\t\t\t<div class='uagb-post__text uagb-post-grid-byline'>\n\t\t\t\t\t\t\t<\/div>\n\t\t\t\n\t\t\t\t\t\t\t\t\t<\/article>\n\t\t\t\t\t\t\t\t\t\t\t\t\t\t\t\t<article class=\"uagb-post__inner-wrap\">\t\t\t\t\t\t\t\t<div class='uagb-post__image'>\n\t\t\t\t\t\t\t\t\t<a href=\"https:\/\/agencia.unq.edu.ar\/?p=34203\" target=\"_self\" rel=\"bookmark noopener noreferrer\"><img loading=\"lazy\" decoding=\"async\" width=\"960\" height=\"388\" src=\"https:\/\/agencia.unq.edu.ar\/wp-content\/uploads\/2026\/02\/La-tecnologia-economica-rapida-y-portatil-para-medir-fosfato.-Creditos_-Conicet.jpg\" class=\"attachment-medium size-medium\" alt=\"La tecnolog\u00eda econ\u00f3mica, r\u00e1pida y port\u00e1til para medir fosfato. Cr\u00e9ditos: Conicet.\" \/>\t\t\t\t\t<\/a>\n\t\t\t\t\t\t\t\t\t<\/div>\n\t\t\t\t\t\t<h4 class=\"uagb-post__title uagb-post__text\">\n\t\t\t\t<a href=\"https:\/\/agencia.unq.edu.ar\/?p=34203\" target=\"_self\" rel=\"bookmark noopener noreferrer\">Investigadores del Conicet desarrollan un m\u00e9todo para medir el fosfato con el celular<\/a>\n\t\t\t<\/h4>\n\t\t\t\t\t\t<div class='uagb-post__text uagb-post-grid-byline'>\n\t\t\t\t\t\t\t<\/div>\n\t\t\t\n\t\t\t\t\t\t\t\t\t<\/article>\n\t\t\t\t\t\t\t\t\t\t\t\t\t\t\t\t<article class=\"uagb-post__inner-wrap\">\t\t\t\t\t\t\t\t<div class='uagb-post__image'>\n\t\t\t\t\t\t\t\t\t<a href=\"https:\/\/agencia.unq.edu.ar\/?p=34153\" target=\"_self\" rel=\"bookmark noopener noreferrer\"><img loading=\"lazy\" decoding=\"async\" width=\"960\" height=\"388\" src=\"https:\/\/agencia.unq.edu.ar\/wp-content\/uploads\/2026\/02\/Arboles-IA.jpg\" class=\"attachment-medium size-medium\" alt=\"Uno de los \u00e1rboles plantados en un suburbio en la isla Bribie es el Fresno. Cr\u00e9ditos: Huertox.\" \/>\t\t\t\t\t<\/a>\n\t\t\t\t\t\t\t\t\t<\/div>\n\t\t\t\t\t\t<h4 class=\"uagb-post__title uagb-post__text\">\n\t\t\t\t<a href=\"https:\/\/agencia.unq.edu.ar\/?p=34153\" target=\"_self\" rel=\"bookmark noopener noreferrer\">Desarrollan una herramienta con IA que podr\u00eda enfriar zonas urbanas hasta 3,5 grados<\/a>\n\t\t\t<\/h4>\n\t\t\t\t\t\t<div class='uagb-post__text uagb-post-grid-byline'>\n\t\t\t\t\t\t\t<\/div>\n\t\t\t\n\t\t\t\t\t\t\t\t\t<\/article>\n\t\t\t\t\t\t\t\t\t\t\t\t\t\t\t\t<article class=\"uagb-post__inner-wrap\">\t\t\t\t\t\t\t\t<div class='uagb-post__image'>\n\t\t\t\t\t\t\t\t\t<a href=\"https:\/\/agencia.unq.edu.ar\/?p=33935\" target=\"_self\" rel=\"bookmark noopener noreferrer\"><img loading=\"lazy\" decoding=\"async\" width=\"960\" height=\"388\" src=\"https:\/\/agencia.unq.edu.ar\/wp-content\/uploads\/2026\/02\/biodiversidad.jpg\" class=\"attachment-medium size-medium\" alt=\"La vida secreta del planeta: miles de especies nuevas por a\u00f1o y un reloj que corre. Cr\u00e9ditos: EcoCounter.\" \/>\t\t\t\t\t<\/a>\n\t\t\t\t\t\t\t\t\t<\/div>\n\t\t\t\t\t\t<h4 class=\"uagb-post__title uagb-post__text\">\n\t\t\t\t<a href=\"https:\/\/agencia.unq.edu.ar\/?p=33935\" target=\"_self\" rel=\"bookmark noopener noreferrer\">Media Tierra sin nombre: la biodiversidad que falta descubrir no se achica, crece<\/a>\n\t\t\t<\/h4>\n\t\t\t\t\t\t<div class='uagb-post__text uagb-post-grid-byline'>\n\t\t\t\t\t\t\t<\/div>\n\t\t\t\n\t\t\t\t\t\t\t\t\t<\/article>\n\t\t\t\t\t\t\t\t\t\t\t\t\t\t\t\t<article class=\"uagb-post__inner-wrap\">\t\t\t\t\t\t\t\t<div class='uagb-post__image'>\n\t\t\t\t\t\t\t\t\t<a href=\"https:\/\/agencia.unq.edu.ar\/?p=33883\" target=\"_self\" rel=\"bookmark noopener noreferrer\"><img loading=\"lazy\" decoding=\"async\" width=\"960\" height=\"388\" src=\"https:\/\/agencia.unq.edu.ar\/wp-content\/uploads\/2026\/02\/pinguinos-el-extremo-sur.jpg\" class=\"attachment-medium size-medium\" alt=\"La observaci\u00f3n es no invasiva ya que no hay iluminaci\u00f3n en nidos, los ingresos son perimetrales y el mantenimiento se realiza a intervalos amplios. Cr\u00e9ditos: El extremos sur.\" \/>\t\t\t\t\t<\/a>\n\t\t\t\t\t\t\t\t\t<\/div>\n\t\t\t\t\t\t<h4 class=\"uagb-post__title uagb-post__text\">\n\t\t\t\t<a href=\"https:\/\/agencia.unq.edu.ar\/?p=33883\" target=\"_self\" rel=\"bookmark noopener noreferrer\">El streaming del Conicet que convierte a la Patagonia en laboratorio a cielo abierto<\/a>\n\t\t\t<\/h4>\n\t\t\t\t\t\t<div class='uagb-post__text uagb-post-grid-byline'>\n\t\t\t\t\t\t\t<\/div>\n\t\t\t\n\t\t\t\t\t\t\t\t\t<\/article>\n\t\t\t\t\t\t\t\t\t\t\t<\/div>\n\t\t\t<\/div>\n","protected":false},"excerpt":{"rendered":"<p>Adem\u00e1s de los focos intencionales vinculados a intereses inmobiliarios, la negligencia humana y los fen\u00f3menos naturales son parte del problema.<\/p>\n","protected":false},"author":6,"featured_media":25747,"comment_status":"open","ping_status":"closed","sticky":false,"template":"","format":"standard","meta":{"_uag_custom_page_level_css":"","_monsterinsights_skip_tracking":false,"_monsterinsights_sitenote_active":false,"_monsterinsights_sitenote_note":"","_monsterinsights_sitenote_category":0,"site-sidebar-layout":"default","site-content-layout":"","ast-site-content-layout":"default","site-content-style":"default","site-sidebar-style":"default","ast-global-header-display":"","ast-banner-title-visibility":"","ast-main-header-display":"","ast-hfb-above-header-display":"","ast-hfb-below-header-display":"","ast-hfb-mobile-header-display":"","site-post-title":"","ast-breadcrumbs-content":"","ast-featured-img":"","footer-sml-layout":"","ast-disable-related-posts":"","theme-transparent-header-meta":"","adv-header-id-meta":"","stick-header-meta":"","header-above-stick-meta":"","header-main-stick-meta":"","header-below-stick-meta":"","astra-migrate-meta-layouts":"default","ast-page-background-enabled":"default","ast-page-background-meta":{"desktop":{"background-color":"var(--ast-global-color-4)","background-image":"","background-repeat":"repeat","background-position":"center center","background-size":"auto","background-attachment":"scroll","background-type":"","background-media":"","overlay-type":"","overlay-color":"","overlay-opacity":"","overlay-gradient":""},"tablet":{"background-color":"","background-image":"","background-repeat":"repeat","background-position":"center center","background-size":"auto","background-attachment":"scroll","background-type":"","background-media":"","overlay-type":"","overlay-color":"","overlay-opacity":"","overlay-gradient":""},"mobile":{"background-color":"","background-image":"","background-repeat":"repeat","background-position":"center center","background-size":"auto","background-attachment":"scroll","background-type":"","background-media":"","overlay-type":"","overlay-color":"","overlay-opacity":"","overlay-gradient":""}},"ast-content-background-meta":{"desktop":{"background-color":"var(--ast-global-color-5)","background-image":"","background-repeat":"repeat","background-position":"center center","background-size":"auto","background-attachment":"scroll","background-type":"","background-media":"","overlay-type":"","overlay-color":"","overlay-opacity":"","overlay-gradient":""},"tablet":{"background-color":"var(--ast-global-color-5)","background-image":"","background-repeat":"repeat","background-position":"center center","background-size":"auto","background-attachment":"scroll","background-type":"","background-media":"","overlay-type":"","overlay-color":"","overlay-opacity":"","overlay-gradient":""},"mobile":{"background-color":"var(--ast-global-color-5)","background-image":"","background-repeat":"repeat","background-position":"center center","background-size":"auto","background-attachment":"scroll","background-type":"","background-media":"","overlay-type":"","overlay-color":"","overlay-opacity":"","overlay-gradient":""}},"footnotes":""},"categories":[11,16],"tags":[905],"class_list":["post-25744","post","type-post","status-publish","format-standard","has-post-thumbnail","hentry","category-ambiente","category-noticia-destacada","tag-verano"],"aioseo_notices":[],"uagb_featured_image_src":{"full":["https:\/\/agencia.unq.edu.ar\/wp-content\/uploads\/2025\/02\/Incendios-El-Bolson.jpg",1040,420,false],"thumbnail":["https:\/\/agencia.unq.edu.ar\/wp-content\/uploads\/2025\/02\/Incendios-El-Bolson.jpg",150,61,false],"medium":["https:\/\/agencia.unq.edu.ar\/wp-content\/uploads\/2025\/02\/Incendios-El-Bolson.jpg",960,388,false],"medium_large":["https:\/\/agencia.unq.edu.ar\/wp-content\/uploads\/2025\/02\/Incendios-El-Bolson.jpg",768,310,false],"large":["https:\/\/agencia.unq.edu.ar\/wp-content\/uploads\/2025\/02\/Incendios-El-Bolson.jpg",1040,420,false],"1536x1536":["https:\/\/agencia.unq.edu.ar\/wp-content\/uploads\/2025\/02\/Incendios-El-Bolson.jpg",1040,420,false],"2048x2048":["https:\/\/agencia.unq.edu.ar\/wp-content\/uploads\/2025\/02\/Incendios-El-Bolson.jpg",1040,420,false]},"uagb_author_info":{"display_name":"Nicol\u00e1s Retamar","author_link":"https:\/\/agencia.unq.edu.ar\/?author=6"},"uagb_comment_info":0,"uagb_excerpt":"Adem\u00e1s de los focos intencionales vinculados a intereses inmobiliarios, la negligencia humana y los fen\u00f3menos naturales son parte del problema.","blog_post_layout_featured_media_urls":{"thumbnail":["https:\/\/agencia.unq.edu.ar\/wp-content\/uploads\/2025\/02\/Incendios-El-Bolson.jpg",150,61,false],"full":["https:\/\/agencia.unq.edu.ar\/wp-content\/uploads\/2025\/02\/Incendios-El-Bolson.jpg",1040,420,false]},"categories_names":{"11":{"name":"Ambiente","link":"https:\/\/agencia.unq.edu.ar\/?cat=11"},"16":{"name":"Noticia destacada","link":"https:\/\/agencia.unq.edu.ar\/?cat=16"}},"tags_names":{"905":{"name":"Verano","link":"https:\/\/agencia.unq.edu.ar\/?tag=verano"}},"comments_number":"0","_links":{"self":[{"href":"https:\/\/agencia.unq.edu.ar\/index.php?rest_route=\/wp\/v2\/posts\/25744","targetHints":{"allow":["GET"]}}],"collection":[{"href":"https:\/\/agencia.unq.edu.ar\/index.php?rest_route=\/wp\/v2\/posts"}],"about":[{"href":"https:\/\/agencia.unq.edu.ar\/index.php?rest_route=\/wp\/v2\/types\/post"}],"author":[{"embeddable":true,"href":"https:\/\/agencia.unq.edu.ar\/index.php?rest_route=\/wp\/v2\/users\/6"}],"replies":[{"embeddable":true,"href":"https:\/\/agencia.unq.edu.ar\/index.php?rest_route=%2Fwp%2Fv2%2Fcomments&post=25744"}],"version-history":[{"count":2,"href":"https:\/\/agencia.unq.edu.ar\/index.php?rest_route=\/wp\/v2\/posts\/25744\/revisions"}],"predecessor-version":[{"id":25758,"href":"https:\/\/agencia.unq.edu.ar\/index.php?rest_route=\/wp\/v2\/posts\/25744\/revisions\/25758"}],"wp:featuredmedia":[{"embeddable":true,"href":"https:\/\/agencia.unq.edu.ar\/index.php?rest_route=\/wp\/v2\/media\/25747"}],"wp:attachment":[{"href":"https:\/\/agencia.unq.edu.ar\/index.php?rest_route=%2Fwp%2Fv2%2Fmedia&parent=25744"}],"wp:term":[{"taxonomy":"category","embeddable":true,"href":"https:\/\/agencia.unq.edu.ar\/index.php?rest_route=%2Fwp%2Fv2%2Fcategories&post=25744"},{"taxonomy":"post_tag","embeddable":true,"href":"https:\/\/agencia.unq.edu.ar\/index.php?rest_route=%2Fwp%2Fv2%2Ftags&post=25744"}],"curies":[{"name":"wp","href":"https:\/\/api.w.org\/{rel}","templated":true}]}}