{"id":26262,"date":"2025-02-25T16:33:21","date_gmt":"2025-02-25T19:33:21","guid":{"rendered":"https:\/\/agencia.unq.edu.ar\/?p=26262"},"modified":"2025-03-06T11:34:33","modified_gmt":"2025-03-06T14:34:33","slug":"destruir-a-las-universidades-es-destruir-el-futuro","status":"publish","type":"post","link":"https:\/\/agencia.unq.edu.ar\/?p=26262","title":{"rendered":"\u201cDestruir a las universidades es destruir el futuro\u201d"},"content":{"rendered":"\n<p class=\"wp-embed-aspect-16-9 wp-has-aspect-ratio has-medium-font-size\" id=\"block-e7a9ff36-ee0c-4796-9d2e-1fd69773da3a\">Las becarias de la CIC, Marcela Iraola y sus hijas Sof\u00eda y Florencia cuentan c\u00f3mo impact\u00f3 la educaci\u00f3n p\u00fablica en sus vidas y por qu\u00e9 es importante defenderla.<\/p>\n\n\n\n<figure class=\"wp-block-image aligncenter size-full\" id=\"block-c3ee2a7f-4bf9-43dd-a0f6-8acc1087bdbe\"><img loading=\"lazy\" decoding=\"async\" width=\"1040\" height=\"420\" src=\"https:\/\/agencia.unq.edu.ar\/wp-content\/uploads\/2025\/02\/Marcela-Iraola-Sofia-y-Florencia-Gimenez-Iraola.jpg\" alt=\"Marcela Iraola y sus hijas Sof\u00eda y Florencia Gimenez Iraola. Cr\u00e9ditos: Comisi\u00f3n de Investigaciones Cient\u00edficas.\" class=\"wp-image-26266\"\/><figcaption class=\"wp-element-caption\">Marcela Iraola junto a sus hijas Sof\u00eda y Florencia Gimenez Iraola. Cr\u00e9ditos: Comisi\u00f3n de Investigaciones Cient\u00edficas.<\/figcaption><\/figure>\n\n\n\n<p class=\"wp-embed-aspect-16-9 wp-has-aspect-ratio\" id=\"block-792ca364-1b8e-4135-8180-b4418ab97e95\">Por Mariana Hidalgo<\/p>\n\n\n\n<p>Marcela Iraola tiene 53 a\u00f1os, es abogada, docente en la Universidad Nacional de Mar del Plata y becaria doctoral de la Comisi\u00f3n de Investigaciones Cient\u00edficas, experiencia que comparte junto a sus dos hijas, Florencia y Sof\u00eda Gimenez Iraola. Las tres son abogadas e investigan el campo del derecho vinculado a lo social. A d\u00edas del comienzo del ciclo lectivo 2025 y en un contexto de cr\u00edticas y desfinanciaci\u00f3n hac\u00eda las universidades nacionales, las becarias cuentan su historia, qu\u00e9 impacto tuvo la educaci\u00f3n p\u00fablica en sus vidas y por qu\u00e9 es importante sostener las universidades y el sistema cient\u00edfico tecnol\u00f3gico.<\/p>\n\n\n\n<p>Marcela ten\u00eda cinco a\u00f1os cuando comenz\u00f3 a so\u00f1ar con la idea de ser abogada. Viv\u00eda en Guernica, al sur del conurbano bonaerense. Creci\u00f3 siendo la hija de Mabel y de Oscar, un carnicero y una ama de casa que solo hicieron unos a\u00f1os de la escuela primaria. Transit\u00f3 la primaria en Guernica, lugar en el que estuvo hasta s\u00e9ptimo grado. A nivel social se viv\u00edan tiempos complejos: transcurr\u00eda el per\u00edodo militar, el contexto socioecon\u00f3mico no era el m\u00e1s favorable y las historias sobre personas desaparecidas empezaban a escucharse. Como el hijo de \u2018do\u00f1a Pocha\u2019, que hasta el momento de su desaparici\u00f3n viv\u00eda a dos cuadras de su casa y junto a Mabel acompa\u00f1aban a la mam\u00e1 a una curandera o a tirarse las cartas para ver cu\u00e1l hab\u00eda sido su destino. \u201c<strong>En mi pobre sentido com\u00fan de una nena de 5 a\u00f1os sent\u00eda que hab\u00eda derechos vulnerados y quer\u00eda ser defensora de eso que nos pasaba\u201d,<\/strong> se\u00f1al\u00f3.<\/p>\n\n\n\n<p>Por cuestiones laborales, la familia se mud\u00f3 a la localidad de Claypole y Marcela continu\u00f3 sus estudios en una escuela de Florencio Varela hasta quinto a\u00f1o, cuando qued\u00f3 embarazada de Florencia, su primera hija.<strong> \u201cEn ese momento la escuela no me apoy\u00f3. Me dec\u00edan constantemente que era un problema que yo asistiera. Y no puse objeci\u00f3n porque no sab\u00eda, era vulnerable\u201d<\/strong>, comenta y agrega: \u201cProven\u00eda de una familia muy humilde, hab\u00edamos pasado muchas necesidades. Es como que todos te pisotean y bueno, una pisadita m\u00e1s \u00bfQu\u00e9 vas a hacer?\u201d. Esta instituci\u00f3n quedaba a varios kil\u00f3metros de su casa y trasladarse implicaba tomar al menos dos colectivos.<\/p>\n\n\n\n<p>Instalada en Mar del Plata y luego de haberlo intentado tres veces en distintos momentos de su vida, <strong>pudo retomar sus estudios a los 39 a\u00f1os de edad. <\/strong>Lo hizo en un bachillerato de adultos y desde entonces su vida acad\u00e9mica no se volvi\u00f3 a interrumpir: <strong>finaliz\u00f3 la secundaria, comenz\u00f3 la carrera de derecho y a los pocos a\u00f1os dio los primeros pasos en la investigaci\u00f3n en el Centro de Investigaci\u00f3n y Docencia en Derechos Humanos, Dra. Alicia Moreau, asociado a la CIC.<\/strong> Pero nada de esto hubiese sido posible sin algunos cambios que tuvieron que darse dentro del sistema universitario, cient\u00edfico y tecnol\u00f3gico.<\/p>\n\n\n\n<p>Aunque ten\u00eda un excelente promedio acad\u00e9mico, no pod\u00eda acceder a una beca porque la reglamentaci\u00f3n se\u00f1alaba que las y los postulantes no pod\u00edan exceder los 30 a\u00f1os de edad. En esa oportunidad tampoco baj\u00f3 los brazos. \u201cYo no estaba pidiendo solo una beca, estaba pidiendo que me eval\u00faen como evaluaban a una persona que hab\u00eda terminado en tiempo y forma el secundario \u00bfme entend\u00e9s?\u201d.<\/p>\n\n\n\n<p><strong>Una carta signific\u00f3 el punto de partida para superar este obst\u00e1culo y afirmarse en la investigaci\u00f3n:<\/strong><\/p>\n\n\n\n<p>(&#8230;) \u201cLa alumna ha sido capaz de superar los obst\u00e1culos que la vida le ha planteado, intentando crecer d\u00eda a d\u00eda, a\u00fan a costa de las pol\u00edticas econ\u00f3mico-sociales adversas de fines del siglo pasado donde se hallaba sin posibilidad de acceso a la educaci\u00f3n formal, por encontrarse trabajando para mantenerse y ayudar a su familia\u201d, argumentaba. Luis Slavin, director del organismo y referente del derecho en la ciudad fue el encargado de darle forma a la nota que posteriormente se present\u00f3 ante la universidad.<\/p>\n\n\n\n<p><strong>Aunque el primer a\u00f1o no le concedieron la excepci\u00f3n porque finalizaba el ciclo acad\u00e9mico, al siguiente directamente eliminaron la restricci\u00f3n. <\/strong>Esto ya se hab\u00eda modificado en CONICET y lo utilizaron como antecedente junto a tratados internacionales y otros argumentos que aseguraban que se trataba de un acto discriminatorio.<\/p>\n\n\n\n<p><strong>En la CIC estos cambios fueron aprobados en el a\u00f1o 2023: se eliminaron las restricciones por edad y se ampliaron e incorporaron nuevas licencias con criterios de equidad de g\u00e9nero y protecci\u00f3n de las personas gestantes, ni\u00f1ez y adolescencia.<\/strong><\/p>\n\n\n\n<p>\u201cBastantes obst\u00e1culos econ\u00f3micos y sociales deben superar estas personas para crecer en la vida, como para que una ordenanza administrativa, contraria a los Tratados Internacionales y a nuestra propia Constituci\u00f3n Nacional, les cercene a\u00fan m\u00e1s la posibilidad de avanzar en su desarrollo integral como persona y como profesional\u201d, agregaba el documento. En ese momento Marcela estaba a ocho materias de recibirse y se sorprendi\u00f3 cuando ley\u00f3 el contenido de la nota. \u201c<strong>Durante muchos a\u00f1os no me sent\u00ed valorada<\/strong>, <strong>me acuerdo y me quiebro<\/strong>\u201d, sostiene con l\u00e1grimas en los ojos.<\/p>\n\n\n\n<div class=\"wp-block-uagb-image uagb-block-859d3ae4 wp-block-uagb-image--layout-default wp-block-uagb-image--effect-static wp-block-uagb-image--align-none\"><figure class=\"wp-block-uagb-image__figure\"><img decoding=\"async\" srcset=\"https:\/\/agencia.unq.edu.ar\/wp-content\/uploads\/2025\/02\/Marcela-Iraola-Sofia-y-Florencia-Gimenez-Iraola-CIC-PBA.jpg ,https:\/\/agencia.unq.edu.ar\/wp-content\/uploads\/2025\/02\/Marcela-Iraola-Sofia-y-Florencia-Gimenez-Iraola-CIC-PBA.jpg 780w, https:\/\/agencia.unq.edu.ar\/wp-content\/uploads\/2025\/02\/Marcela-Iraola-Sofia-y-Florencia-Gimenez-Iraola-CIC-PBA.jpg 360w\" sizes=\"auto, (max-width: 480px) 150px\" src=\"https:\/\/agencia.unq.edu.ar\/wp-content\/uploads\/2025\/02\/Marcela-Iraola-Sofia-y-Florencia-Gimenez-Iraola-CIC-PBA.jpg\" alt=\"\" class=\"uag-image-26267\" width=\"1040\" height=\"586\" title=\"Marcela Iraola, Sof\u00eda y Florencia Gimenez Iraola CIC PBA\" loading=\"lazy\" role=\"img\"\/><\/figure><\/div>\n\n\n\n<p>Mientras la mayor\u00eda de las universidades reciben nuevos estudiantes y se preparan para iniciar un nuevo ciclo acad\u00e9mico, desde el gobierno nacional se pone en duda el rol de estas instituciones. Sin embargo, para Marcela no hay lugar a la duda: <strong>&nbsp;\u201cEs important\u00edsimo sostener las universidades p\u00fablicas porque de ah\u00ed parte el principio fundamental del ascenso social. Y me consta. De no haber sido por la universidad p\u00fablica nunca hubiera podido acceder a una carrera de grado\u201d.<\/strong><\/p>\n\n\n\n<p><strong>Marcela, Florencia y Sof\u00eda comparten la experiencia de haber estudiado juntas y ser parte de la primera generaci\u00f3n que accedi\u00f3 a estudios superiores dentro de la familia. <\/strong>En este sentido, Iraola sostiene que esa posibilidad es la que est\u00e1 en juego. <strong>\u201cDestruir a las universidades es destruir el futuro, necesitamos las universidades abiertas y necesitamos al Estado presente\u201d<\/strong>, afirma y agrega: \u201cEstoy totalmente en contra de la meritocracia, es la romantizaci\u00f3n de algo que no tiene sentido porque al pobre se le exige mucho m\u00e1s que al que tiene todas las posibilidades\u201d.<\/p>\n\n\n\n<p>Hasta el momento en donde abandon\u00f3 sus estudios, la abogada ten\u00eda un excelente promedio y la capacidad de estudiar y aprender; no obstante, el contexto socioecon\u00f3mico, la maternidad y las tareas de cuidado y del hogar dificultaron la posibilidad de concluirlo.<\/p>\n\n\n\n<p>\u201cCuando alguien me dice \u2018vos te recibiste porque ten\u00e9s mucha capacidad\u2019, lo discuto porque capacidad o no, sin el acompa\u00f1amiento del Estado, sin acompa\u00f1amiento social, sin un acompa\u00f1amiento familiar probablemente no lo hubiese podido hacer\u201d, explica Sofia Gim\u00e9nez Iraola, hija de Marcela, abogada y becaria de la CIC.<strong> \u201cYo soy producto de la Universidad P\u00fablica, producto de mi viejo hombreando bolsas de cemento a las 6 de la ma\u00f1ana con 30\u00ba o -10\u00ba; soy producto del PROGRESAR, de la Asignaci\u00f3n Familiar. Va m\u00e1s all\u00e1 de tener o no tener capacidad. Llegar y que tu mam\u00e1 te est\u00e9 esperando con la comida no es meritocracia plena\u201d, concluye la becaria.<\/strong><\/p>\n\n\n\n<p>Para la familia, el acceso a estudios superiores tambi\u00e9n signific\u00f3 la posibilidad de obtener trabajos que le permitieron tener una obra social o la posibilidad de terminar su casa. \u201cHacer una habitaci\u00f3n para las chicas, tener el ba\u00f1o terminado, son cosas m\u00ednimas a las que no pod\u00edamos acceder y que hacen a la dignidad de las personas\u201d, detalla Marcela.<\/p>\n\n\n\n<p><strong>En la actualidad Marcela, Florencia y Sof\u00eda creen en el ejercicio del derecho en funci\u00f3n de las necesidades de la ciudad y de quienes m\u00e1s lo necesitan. <\/strong>Y para eso, el rol de instituciones de CyT que financian estas investigaciones es fundamental. Mediante la beca de la CIC, <strong>Marcela trabaja en la evaluaci\u00f3n y seguimiento de quienes no est\u00e1n inscriptos en el Registro Nacional de las Personas, con el objetivo de que puedan acceder a la justicia y obtener su DNI.<\/strong><\/p>\n\n\n\n<p>\u201cEl Documento Nacional de Identidad es el primer derecho que tiene una persona, sin eso no pueden acceder a todos los dem\u00e1s derechos\u201d, comenta. <strong>Florencia investiga el Tratamiento de los residuos cloacales en Mar del Plata y el acceso de las y los vecinos a los mismos. <\/strong>Por su parte, <strong>Sof\u00eda estudia el acceso a la justicia ambiental.<\/strong> \u201cLa justicia es una instituci\u00f3n a la que muchos grupos no acceden\u201d, afirma.<\/p>\n\n\n\n<p><strong>\u201cMi primera computadora la compr\u00e9 ahorrando con las becas. Hoy una compu sale un mill\u00f3n de pesos y mis alumnos ya no tienen esa posibilidad\u201d,<\/strong> cuenta Florencia que adem\u00e1s de becaria, es profesora en un Centro de Formaci\u00f3n Profesional de Mar del Plata.<\/p>\n\n\n\n<p>Las becarias coinciden en que hubo una serie de situaciones que se conjugaron para que las tres pudieran finalizar sus estudios. En esa l\u00ednea, y a punto de doctorarse en derecho, Marcela afirma que nunca dud\u00f3 que, de alguna manera u otra, quer\u00eda ayudar a quienes se encuentran en la situaci\u00f3n en la que alguna vez le toc\u00f3 estar a ella.<\/p>\n\n\n\n<p class=\"wp-embed-aspect-16-9 wp-has-aspect-ratio\" id=\"block-792ca364-1b8e-4135-8180-b4418ab97e95\"><strong>\u201cSe trata de trasladar un poco de la ayuda que yo obtuve del Estado, al haberme permitido estudiar y recibirme de una carrera que tambi\u00e9n puede ayudar a otros\u201d, sentencia.<\/strong> Finalmente, el proceso de cursar materias juntas lo describen como una experiencia que las convirti\u00f3 en amigas. \u201cSi a una le iba mal, te pon\u00edas mal por la otra. Ten\u00edamos que aprobar las tres, nadie pod\u00eda quedarse en el camino\u201d, cierra Florencia.<\/p>\n\n\n\n<p class=\"wp-embed-aspect-16-9 wp-has-aspect-ratio\" id=\"block-792ca364-1b8e-4135-8180-b4418ab97e95\"><a href=\"https:\/\/www.cic.gba.gob.ar\/destruir-a-las-universidades-es-destruir-el-futuro\/\" title=\"Encontr\u00e1 la nota en la web de la CIC\">Encontr\u00e1 la nota en la web de la CIC<\/a>.<\/p>\n\n\n\n<div class=\"wp-block-uagb-container uagb-block-dd9b3044 alignwide uagb-is-root-container\">\n<div class=\"wp-block-uagb-advanced-heading uagb-block-3482af2f\"><h4 class=\"uagb-heading-text\">\u00daltimas noticias de la secci\u00f3n Pol\u00edtica:<\/h4><\/div>\n\n\n\n\t\t\t<div class=\"wp-block-uagb-post-carousel uagb-post-grid  uagb-post__image-position-top uagb-post__image-enabled uagb-block-c0e21101     uagb-post__arrow-outside uagb-slick-carousel uagb-post__items uagb-post__columns-3 is-carousel uagb-post__columns-tablet-2 uagb-post__columns-mobile-1\" data-total=\"32\" style=\"\">\n\n\t\t\t\t\t\t\t\t\t\t\t\t<article class=\"uagb-post__inner-wrap\">\t\t\t\t\t\t\t\t<div class='uagb-post__image'>\n\t\t\t\t\t\t\t\t\t<a href=\"https:\/\/agencia.unq.edu.ar\/?p=36015\" target=\"_self\" rel=\"bookmark noopener noreferrer\"><img loading=\"lazy\" decoding=\"async\" width=\"960\" height=\"388\" src=\"https:\/\/agencia.unq.edu.ar\/wp-content\/uploads\/2026\/04\/adorni.jpg\" class=\"attachment-medium size-medium\" alt=\"Manuel Adorni durante la presentaci\u00f3n del informe de gesti\u00f3n en el Congreso de la Naci\u00f3n\" \/>\t\t\t\t\t<\/a>\n\t\t\t\t\t\t\t\t\t<\/div>\n\t\t\t\t\t\t<h4 class=\"uagb-post__title uagb-post__text\">\n\t\t\t\t<a href=\"https:\/\/agencia.unq.edu.ar\/?p=36015\" target=\"_self\" rel=\"bookmark noopener noreferrer\">\u00bfD\u00f3nde est\u00e1 la plata de la ciencia? Lo que Adorni no respondi\u00f3 sobre el paradero de los fondos del sector<\/a>\n\t\t\t<\/h4>\n\t\t\t\t\t\t<div class='uagb-post__text uagb-post-grid-byline'>\n\t\t\t\t\t\t\t<\/div>\n\t\t\t\n\t\t\t\t\t\t\t\t\t<\/article>\n\t\t\t\t\t\t\t\t\t\t\t\t\t\t\t\t<article class=\"uagb-post__inner-wrap\">\t\t\t\t\t\t\t\t<div class='uagb-post__image'>\n\t\t\t\t\t\t\t\t\t<a href=\"https:\/\/agencia.unq.edu.ar\/?p=35969\" target=\"_self\" rel=\"bookmark noopener noreferrer\"><img loading=\"lazy\" decoding=\"async\" width=\"960\" height=\"388\" src=\"https:\/\/agencia.unq.edu.ar\/wp-content\/uploads\/2026\/04\/resistencia-antimicrobianos-espana.jpg\" class=\"attachment-medium size-medium\" alt=\"El f\u00e1rmaco Concerta es uno de los tantos en Espa\u00f1a cuya presentaci\u00f3n trae 30 dosis. Cr\u00e9ditos: LUDA.\" \/>\t\t\t\t\t<\/a>\n\t\t\t\t\t\t\t\t\t<\/div>\n\t\t\t\t\t\t<h4 class=\"uagb-post__title uagb-post__text\">\n\t\t\t\t<a href=\"https:\/\/agencia.unq.edu.ar\/?p=35969\" target=\"_self\" rel=\"bookmark noopener noreferrer\">Espa\u00f1a elimina las cajas de antibi\u00f3ticos grandes para luchar contra las superbacterias<\/a>\n\t\t\t<\/h4>\n\t\t\t\t\t\t<div class='uagb-post__text uagb-post-grid-byline'>\n\t\t\t\t\t\t\t<\/div>\n\t\t\t\n\t\t\t\t\t\t\t\t\t<\/article>\n\t\t\t\t\t\t\t\t\t\t\t\t\t\t\t\t<article class=\"uagb-post__inner-wrap\">\t\t\t\t\t\t\t\t<div class='uagb-post__image'>\n\t\t\t\t\t\t\t\t\t<a href=\"https:\/\/agencia.unq.edu.ar\/?p=35850\" target=\"_self\" rel=\"bookmark noopener noreferrer\"><img loading=\"lazy\" decoding=\"async\" width=\"960\" height=\"388\" src=\"https:\/\/agencia.unq.edu.ar\/wp-content\/uploads\/2026\/04\/carta-abierta-clarin.jpg\" class=\"attachment-medium size-medium\" alt=\"Horacio Gonz\u00e1lez en una charla de Carta Abierta, en la Facultad de filosof\u00eda y letras.\" \/>\t\t\t\t\t<\/a>\n\t\t\t\t\t\t\t\t\t<\/div>\n\t\t\t\t\t\t<h4 class=\"uagb-post__title uagb-post__text\">\n\t\t\t\t<a href=\"https:\/\/agencia.unq.edu.ar\/?p=35850\" target=\"_self\" rel=\"bookmark noopener noreferrer\">\u201cDebate p\u00fablico en Argentina\u201d: el libro que recupera la experiencia de Carta Abierta<\/a>\n\t\t\t<\/h4>\n\t\t\t\t\t\t<div class='uagb-post__text uagb-post-grid-byline'>\n\t\t\t\t\t\t\t<\/div>\n\t\t\t\n\t\t\t\t\t\t\t\t\t<\/article>\n\t\t\t\t\t\t\t\t\t\t\t\t\t\t\t\t<article class=\"uagb-post__inner-wrap\">\t\t\t\t\t\t\t\t<div class='uagb-post__image'>\n\t\t\t\t\t\t\t\t\t<a href=\"https:\/\/agencia.unq.edu.ar\/?p=35830\" target=\"_self\" rel=\"bookmark noopener noreferrer\"><img loading=\"lazy\" decoding=\"async\" width=\"960\" height=\"388\" src=\"https:\/\/agencia.unq.edu.ar\/wp-content\/uploads\/2026\/04\/Javier-Milei-Peter-Thiel.jpg\" class=\"attachment-medium size-medium\" alt=\"Javier Milei junto a Peter Lamelas, embajador de EE.UU. en Argentina y Peter Thiel, fundador de Palantir. Cr\u00e9ditos: @OPRArgentina.\" \/>\t\t\t\t\t<\/a>\n\t\t\t\t\t\t\t\t\t<\/div>\n\t\t\t\t\t\t<h4 class=\"uagb-post__title uagb-post__text\">\n\t\t\t\t<a href=\"https:\/\/agencia.unq.edu.ar\/?p=35830\" target=\"_self\" rel=\"bookmark noopener noreferrer\">Palantir y Peter Thiel: \u00bfse acerca el tecnofascismo a la Argentina?<\/a>\n\t\t\t<\/h4>\n\t\t\t\t\t\t<div class='uagb-post__text uagb-post-grid-byline'>\n\t\t\t\t\t\t\t<\/div>\n\t\t\t\n\t\t\t\t\t\t\t\t\t<\/article>\n\t\t\t\t\t\t\t\t\t\t\t\t\t\t\t\t<article class=\"uagb-post__inner-wrap\">\t\t\t\t\t\t\t\t<div class='uagb-post__image'>\n\t\t\t\t\t\t\t\t\t<a href=\"https:\/\/agencia.unq.edu.ar\/?p=35757\" target=\"_self\" rel=\"bookmark noopener noreferrer\"><img loading=\"lazy\" decoding=\"async\" width=\"960\" height=\"388\" src=\"https:\/\/agencia.unq.edu.ar\/wp-content\/uploads\/2026\/04\/Marcha-universitaria-vista-general.jpg\" class=\"attachment-medium size-medium\" alt=\"Imagen panor\u00e1mica de la \u00faltima Marcha Federal. Cr\u00e9ditos: @vyp.drone.\" \/>\t\t\t\t\t<\/a>\n\t\t\t\t\t\t\t\t\t<\/div>\n\t\t\t\t\t\t<h4 class=\"uagb-post__title uagb-post__text\">\n\t\t\t\t<a href=\"https:\/\/agencia.unq.edu.ar\/?p=35757\" target=\"_self\" rel=\"bookmark noopener noreferrer\">Hasta que se cumpla: la comunidad universitaria realizar\u00e1 una nueva Marcha Federal<\/a>\n\t\t\t<\/h4>\n\t\t\t\t\t\t<div class='uagb-post__text uagb-post-grid-byline'>\n\t\t\t\t\t\t\t<\/div>\n\t\t\t\n\t\t\t\t\t\t\t\t\t<\/article>\n\t\t\t\t\t\t\t\t\t\t\t\t\t\t\t\t<article class=\"uagb-post__inner-wrap\">\t\t\t\t\t\t\t\t<div class='uagb-post__image'>\n\t\t\t\t\t\t\t\t\t<a href=\"https:\/\/agencia.unq.edu.ar\/?p=35638\" target=\"_self\" rel=\"bookmark noopener noreferrer\"><img loading=\"lazy\" decoding=\"async\" width=\"960\" height=\"388\" src=\"https:\/\/agencia.unq.edu.ar\/wp-content\/uploads\/2026\/04\/Roberto-Abdala-Al-borde-del-precipicio.jpg\" class=\"attachment-medium size-medium\" alt=\"Roberto Abdala en Al borde del precicipcio. Cr\u00e9ditos: Captura UNQ TV.\" \/>\t\t\t\t\t<\/a>\n\t\t\t\t\t\t\t\t\t<\/div>\n\t\t\t\t\t\t<h4 class=\"uagb-post__title uagb-post__text\">\n\t\t\t\t<a href=\"https:\/\/agencia.unq.edu.ar\/?p=35638\" target=\"_self\" rel=\"bookmark noopener noreferrer\">Roberto Abdala: \u201cSin presupuesto es muy dif\u00edcil pensar y so\u00f1ar una escuela distinta\u201d<\/a>\n\t\t\t<\/h4>\n\t\t\t\t\t\t<div class='uagb-post__text uagb-post-grid-byline'>\n\t\t\t\t\t\t\t<\/div>\n\t\t\t\n\t\t\t\t\t\t\t\t\t<\/article>\n\t\t\t\t\t\t\t\t\t\t\t\t\t\t\t\t<article class=\"uagb-post__inner-wrap\">\t\t\t\t\t\t\t\t<div class='uagb-post__image'>\n\t\t\t\t\t\t\t\t\t<a href=\"https:\/\/agencia.unq.edu.ar\/?p=35583\" target=\"_self\" rel=\"bookmark noopener noreferrer\"><img loading=\"lazy\" decoding=\"async\" width=\"960\" height=\"388\" src=\"https:\/\/agencia.unq.edu.ar\/wp-content\/uploads\/2024\/06\/INTI-despidos.jpg\" class=\"attachment-medium size-medium\" alt=\"Protesta realizada por los trabajadores del INTI contra los despidos. Cr\u00e9ditos: ATE-INTI.\" \/>\t\t\t\t\t<\/a>\n\t\t\t\t\t\t\t\t\t<\/div>\n\t\t\t\t\t\t<h4 class=\"uagb-post__title uagb-post__text\">\n\t\t\t\t<a href=\"https:\/\/agencia.unq.edu.ar\/?p=35583\" target=\"_self\" rel=\"bookmark noopener noreferrer\">El gobierno quiere quitarle m\u00e1s funciones al INTI y despedir 700 trabajadores<\/a>\n\t\t\t<\/h4>\n\t\t\t\t\t\t<div class='uagb-post__text uagb-post-grid-byline'>\n\t\t\t\t\t\t\t<\/div>\n\t\t\t\n\t\t\t\t\t\t\t\t\t<\/article>\n\t\t\t\t\t\t\t\t\t\t\t\t\t\t\t\t<article class=\"uagb-post__inner-wrap\">\t\t\t\t\t\t\t\t<div class='uagb-post__image'>\n\t\t\t\t\t\t\t\t\t<a href=\"https:\/\/agencia.unq.edu.ar\/?p=35568\" target=\"_self\" rel=\"bookmark noopener noreferrer\"><img loading=\"lazy\" decoding=\"async\" width=\"960\" height=\"388\" src=\"https:\/\/agencia.unq.edu.ar\/wp-content\/uploads\/2026\/04\/unsplash.jpg\" class=\"attachment-medium size-medium\" alt=\"Sin botiquines completos, crecen las dificultades para sostener controles, prevenir cuadros graves y evitar derivaciones. Cr\u00e9ditos: Unplash.\" \/>\t\t\t\t\t<\/a>\n\t\t\t\t\t\t\t\t\t<\/div>\n\t\t\t\t\t\t<h4 class=\"uagb-post__title uagb-post__text\">\n\t\t\t\t<a href=\"https:\/\/agencia.unq.edu.ar\/?p=35568\" target=\"_self\" rel=\"bookmark noopener noreferrer\">Golpe a la salud p\u00fablica: \u00bfc\u00f3mo impacta la baja del Programa Remediar que dispuso el gobierno?<\/a>\n\t\t\t<\/h4>\n\t\t\t\t\t\t<div class='uagb-post__text uagb-post-grid-byline'>\n\t\t\t\t\t\t\t<\/div>\n\t\t\t\n\t\t\t\t\t\t\t\t\t<\/article>\n\t\t\t\t\t\t\t\t\t\t\t<\/div>\n\t\t\t<\/div>\n","protected":false},"excerpt":{"rendered":"<p>Las becarias de la CIC, Marcela Iraola y sus hijas Sof\u00eda y Florencia cuentan c\u00f3mo impact\u00f3 la educaci\u00f3n p\u00fablica en sus vidas y por qu\u00e9 es importante defenderla.<\/p>\n","protected":false},"author":9,"featured_media":26266,"comment_status":"open","ping_status":"closed","sticky":false,"template":"","format":"standard","meta":{"_uag_custom_page_level_css":"","_monsterinsights_skip_tracking":false,"_monsterinsights_sitenote_active":false,"_monsterinsights_sitenote_note":"","_monsterinsights_sitenote_category":0,"site-sidebar-layout":"default","site-content-layout":"","ast-site-content-layout":"default","site-content-style":"default","site-sidebar-style":"default","ast-global-header-display":"","ast-banner-title-visibility":"","ast-main-header-display":"","ast-hfb-above-header-display":"","ast-hfb-below-header-display":"","ast-hfb-mobile-header-display":"","site-post-title":"","ast-breadcrumbs-content":"","ast-featured-img":"","footer-sml-layout":"","ast-disable-related-posts":"","theme-transparent-header-meta":"","adv-header-id-meta":"","stick-header-meta":"","header-above-stick-meta":"","header-main-stick-meta":"","header-below-stick-meta":"","astra-migrate-meta-layouts":"default","ast-page-background-enabled":"default","ast-page-background-meta":{"desktop":{"background-color":"var(--ast-global-color-4)","background-image":"","background-repeat":"repeat","background-position":"center center","background-size":"auto","background-attachment":"scroll","background-type":"","background-media":"","overlay-type":"","overlay-color":"","overlay-opacity":"","overlay-gradient":""},"tablet":{"background-color":"","background-image":"","background-repeat":"repeat","background-position":"center center","background-size":"auto","background-attachment":"scroll","background-type":"","background-media":"","overlay-type":"","overlay-color":"","overlay-opacity":"","overlay-gradient":""},"mobile":{"background-color":"","background-image":"","background-repeat":"repeat","background-position":"center center","background-size":"auto","background-attachment":"scroll","background-type":"","background-media":"","overlay-type":"","overlay-color":"","overlay-opacity":"","overlay-gradient":""}},"ast-content-background-meta":{"desktop":{"background-color":"var(--ast-global-color-5)","background-image":"","background-repeat":"repeat","background-position":"center center","background-size":"auto","background-attachment":"scroll","background-type":"","background-media":"","overlay-type":"","overlay-color":"","overlay-opacity":"","overlay-gradient":""},"tablet":{"background-color":"var(--ast-global-color-5)","background-image":"","background-repeat":"repeat","background-position":"center center","background-size":"auto","background-attachment":"scroll","background-type":"","background-media":"","overlay-type":"","overlay-color":"","overlay-opacity":"","overlay-gradient":""},"mobile":{"background-color":"var(--ast-global-color-5)","background-image":"","background-repeat":"repeat","background-position":"center center","background-size":"auto","background-attachment":"scroll","background-type":"","background-media":"","overlay-type":"","overlay-color":"","overlay-opacity":"","overlay-gradient":""}},"footnotes":""},"categories":[16,92],"tags":[882],"class_list":["post-26262","post","type-post","status-publish","format-standard","has-post-thumbnail","hentry","category-noticia-destacada","category-politica","tag-conflicto-universitario"],"aioseo_notices":[],"uagb_featured_image_src":{"full":["https:\/\/agencia.unq.edu.ar\/wp-content\/uploads\/2025\/02\/Marcela-Iraola-Sofia-y-Florencia-Gimenez-Iraola.jpg",1040,420,false],"thumbnail":["https:\/\/agencia.unq.edu.ar\/wp-content\/uploads\/2025\/02\/Marcela-Iraola-Sofia-y-Florencia-Gimenez-Iraola.jpg",150,61,false],"medium":["https:\/\/agencia.unq.edu.ar\/wp-content\/uploads\/2025\/02\/Marcela-Iraola-Sofia-y-Florencia-Gimenez-Iraola.jpg",960,388,false],"medium_large":["https:\/\/agencia.unq.edu.ar\/wp-content\/uploads\/2025\/02\/Marcela-Iraola-Sofia-y-Florencia-Gimenez-Iraola.jpg",768,310,false],"large":["https:\/\/agencia.unq.edu.ar\/wp-content\/uploads\/2025\/02\/Marcela-Iraola-Sofia-y-Florencia-Gimenez-Iraola.jpg",1040,420,false],"1536x1536":["https:\/\/agencia.unq.edu.ar\/wp-content\/uploads\/2025\/02\/Marcela-Iraola-Sofia-y-Florencia-Gimenez-Iraola.jpg",1040,420,false],"2048x2048":["https:\/\/agencia.unq.edu.ar\/wp-content\/uploads\/2025\/02\/Marcela-Iraola-Sofia-y-Florencia-Gimenez-Iraola.jpg",1040,420,false]},"uagb_author_info":{"display_name":"Agencia de Noticias Cient\u00edficas UNQ","author_link":"https:\/\/agencia.unq.edu.ar\/?author=9"},"uagb_comment_info":0,"uagb_excerpt":"Las becarias de la CIC, Marcela Iraola y sus hijas Sof\u00eda y Florencia cuentan c\u00f3mo impact\u00f3 la educaci\u00f3n p\u00fablica en sus vidas y por qu\u00e9 es importante defenderla.","blog_post_layout_featured_media_urls":{"thumbnail":["https:\/\/agencia.unq.edu.ar\/wp-content\/uploads\/2025\/02\/Marcela-Iraola-Sofia-y-Florencia-Gimenez-Iraola.jpg",150,61,false],"full":["https:\/\/agencia.unq.edu.ar\/wp-content\/uploads\/2025\/02\/Marcela-Iraola-Sofia-y-Florencia-Gimenez-Iraola.jpg",1040,420,false]},"categories_names":{"16":{"name":"Noticia destacada","link":"https:\/\/agencia.unq.edu.ar\/?cat=16"},"92":{"name":"Pol\u00edtica","link":"https:\/\/agencia.unq.edu.ar\/?cat=92"}},"tags_names":{"882":{"name":"Conflicto Universitario","link":"https:\/\/agencia.unq.edu.ar\/?tag=conflicto-universitario"}},"comments_number":"0","_links":{"self":[{"href":"https:\/\/agencia.unq.edu.ar\/index.php?rest_route=\/wp\/v2\/posts\/26262","targetHints":{"allow":["GET"]}}],"collection":[{"href":"https:\/\/agencia.unq.edu.ar\/index.php?rest_route=\/wp\/v2\/posts"}],"about":[{"href":"https:\/\/agencia.unq.edu.ar\/index.php?rest_route=\/wp\/v2\/types\/post"}],"author":[{"embeddable":true,"href":"https:\/\/agencia.unq.edu.ar\/index.php?rest_route=\/wp\/v2\/users\/9"}],"replies":[{"embeddable":true,"href":"https:\/\/agencia.unq.edu.ar\/index.php?rest_route=%2Fwp%2Fv2%2Fcomments&post=26262"}],"version-history":[{"count":2,"href":"https:\/\/agencia.unq.edu.ar\/index.php?rest_route=\/wp\/v2\/posts\/26262\/revisions"}],"predecessor-version":[{"id":26269,"href":"https:\/\/agencia.unq.edu.ar\/index.php?rest_route=\/wp\/v2\/posts\/26262\/revisions\/26269"}],"wp:featuredmedia":[{"embeddable":true,"href":"https:\/\/agencia.unq.edu.ar\/index.php?rest_route=\/wp\/v2\/media\/26266"}],"wp:attachment":[{"href":"https:\/\/agencia.unq.edu.ar\/index.php?rest_route=%2Fwp%2Fv2%2Fmedia&parent=26262"}],"wp:term":[{"taxonomy":"category","embeddable":true,"href":"https:\/\/agencia.unq.edu.ar\/index.php?rest_route=%2Fwp%2Fv2%2Fcategories&post=26262"},{"taxonomy":"post_tag","embeddable":true,"href":"https:\/\/agencia.unq.edu.ar\/index.php?rest_route=%2Fwp%2Fv2%2Ftags&post=26262"}],"curies":[{"name":"wp","href":"https:\/\/api.w.org\/{rel}","templated":true}]}}