{"id":26597,"date":"2025-03-10T16:09:10","date_gmt":"2025-03-10T19:09:10","guid":{"rendered":"https:\/\/agencia.unq.edu.ar\/?p=26597"},"modified":"2025-03-10T16:11:49","modified_gmt":"2025-03-10T19:11:49","slug":"cierre-del-instituto-nacional-del-cancer-lo-que-esta-en-juego-no-es-una-estructura-administrativa-sino-vidas","status":"publish","type":"post","link":"https:\/\/agencia.unq.edu.ar\/?p=26597","title":{"rendered":"Cierre del Instituto Nacional del C\u00e1ncer: \u201cLo que est\u00e1 en juego no es una estructura administrativa, sino vidas\u201d"},"content":{"rendered":"\n<p class=\"wp-embed-aspect-16-9 wp-has-aspect-ratio has-medium-font-size\" id=\"block-e7a9ff36-ee0c-4796-9d2e-1fd69773da3a\">As\u00ed lo afirma Daniel G\u00f3mez, exdirector del Instituto y el actual del Centro de Oncolog\u00eda Molecular y Traslacional de la UNQ.<\/p>\n\n\n\n<figure class=\"wp-block-image aligncenter size-full\" id=\"block-c3ee2a7f-4bf9-43dd-a0f6-8acc1087bdbe\"><img loading=\"lazy\" decoding=\"async\" width=\"1040\" height=\"420\" src=\"https:\/\/agencia.unq.edu.ar\/wp-content\/uploads\/2025\/03\/Cancer.jpg\" alt=\"Tras el desmantelamiento del Programa de Cuidados Paliativos, el gobierno cerr\u00f3 el Instituto Nacional del C\u00e1ncer. Cr\u00e9ditos: Adobe Stock.\" class=\"wp-image-26603\"\/><figcaption class=\"wp-element-caption\">Tras el desmantelamiento del Programa de Cuidados Paliativos, el gobierno cerr\u00f3 el Instituto Nacional del C\u00e1ncer. Cr\u00e9ditos: Adobe Stock.<\/figcaption><\/figure>\n\n\n\n<p class=\"wp-embed-aspect-16-9 wp-has-aspect-ratio\" id=\"block-792ca364-1b8e-4135-8180-b4418ab97e95\">De manera reciente, el gobierno <a href=\"https:\/\/www.argentina.gob.ar\/noticias\/el-ministerio-de-salud-absorbera-las-funciones-del-instituto-nacional-del-cancer\" target=\"_blank\" rel=\"noopener\" title=\"\">anunci\u00f3<\/a> el cierre del Instituto Nacional del C\u00e1ncer (INC) y estipul\u00f3 que sus funciones pasar\u00e1n a estar bajo la \u00f3rbita del ministerio de Salud de la Naci\u00f3n, a cargo de Mario Lugones. Entre sus argumentos, afirm\u00f3 que el Instituto no funcionaba de manera eficaz y que los medicamentos se otorgaban vencidos. Pero, \u00bfes esto tan as\u00ed? \u00bfPor qu\u00e9 es importante la existencia de este organismo y qu\u00e9 consecuencias trae su disoluci\u00f3n? Al respecto, la <a href=\"https:\/\/agencia.unq.edu.ar\/\" target=\"_blank\" rel=\"noopener\" title=\"\">Agencia de Noticias Cient\u00edficas<\/a> dialoga con <strong>Daniel G\u00f3mez<\/strong>, exdirector del INC y el actual del Centro de Oncolog\u00eda Molecular y Traslacional (COMTra) de la UNQ.<\/p>\n\n\n\n<p>\u201cPara el 2020, <strong>Argentina era el quinto pa\u00eds de Am\u00e9rica Latina con m\u00e1s c\u00e1ncer<\/strong>, a\u00f1os anteriores ocupaba el puesto n\u00famero siete, pero la poblaci\u00f3n aument\u00f3 y <strong>la enfermedad comienza cada vez en edades m\u00e1s tempranas.<\/strong> Es decir, no s\u00f3lo es una tr\u00e1gica decisi\u00f3n para el Plan Oncol\u00f3gico Nacional y para los pacientes que sufren, sino que es un p\u00e9simo momento para hacerla. <strong>Es como que se incendie la Casa Rosada y anules a los bomberos<\/strong>\u201d, manifiesta el investigador. Seg\u00fan datos del ya cerrado INC, <strong>el c\u00e1ncer de mama y el de colorrectal son los que m\u00e1s prevalecen en el pa\u00eds.<\/strong><\/p>\n\n\n\n<p>Seg\u00fan detalla el comunicado de prensa del ministerio, las tareas del Sistema de Vigilancia Epidemiol\u00f3gica y Reporte del C\u00e1ncer del INC ya eran realizadas por la Subsecretar\u00eda de Vigilancia Epidemiol\u00f3gica. De igual manera dicta que la Direcci\u00f3n Nacional de Abordaje Integral de Enfermedades No Transmisibles ya realizaba las responsabilidades de los Programas Nacionales de Control y Prevenci\u00f3n de distintos tipos de c\u00e1ncer.<\/p>\n\n\n\n<p>\u201c<strong>Esta enfermedad no es una m\u00e1s, es muy compleja y necesita un abordaje multidisciplinario.<\/strong> Si la ponen en la Direcci\u00f3n de Enfermedades No Transmisibles, estar\u00e1 junto a la diabetes, la hipertensi\u00f3n arterial o la obesidad\u201d, explica G\u00f3mez. En este sentido, <strong>los tratamientos para afrontar el c\u00e1ncer o las investigaciones y formaci\u00f3n para nuevas terapias se diluyen junto con las dem\u00e1s enfermedades.<\/strong><\/p>\n\n\n\n<p>A esto se le suma el hecho de que pasar del rango de Instituto al de Direcci\u00f3n hace que la burocracia para poder tomar decisiones sea a\u00fan mayor. \u201cEl INC est\u00e1 formado por onc\u00f3logos que se especializan en distintas ramas. Cuando se tomaba una decisi\u00f3n, se dialogaba con el ministro de Salud del momento y se defin\u00eda en un momento. Ahora<strong>, tiene que pasar por todos los rangos burocr\u00e1ticos: ministro, viceministro, secretario, subsecretario y reci\u00e9n ah\u00ed el director. Se pierde much\u00edsimo tiempo y justamente el tiempo es oro cuando se trata de c\u00e1ncer<\/strong>\u201d, sentencia el exdirector del INC.<\/p>\n\n\n\n<figure class=\"wp-block-embed is-type-wp-embed is-provider-agencia-de-noticias-cient-ficas-de-la-unq wp-block-embed-agencia-de-noticias-cient-ficas-de-la-unq\"><div class=\"wp-block-embed__wrapper\">\n<blockquote class=\"wp-embedded-content\" data-secret=\"vH7zS13phm\"><a href=\"https:\/\/agencia.unq.edu.ar\/?p=26265\">La motosierra lleg\u00f3 a los cuidados paliativos: \u00bfc\u00f3mo afecta esto a los pacientes?<\/a><\/blockquote><iframe loading=\"lazy\" class=\"wp-embedded-content\" sandbox=\"allow-scripts\" security=\"restricted\" style=\"position: absolute; visibility: hidden;\" title=\"&#8220;La motosierra lleg\u00f3 a los cuidados paliativos: \u00bfc\u00f3mo afecta esto a los pacientes?&#8221; &#8212; Agencia de Noticias Cient\u00edficas de la UNQ\" src=\"https:\/\/agencia.unq.edu.ar\/?p=26265&#038;embed=true#?secret=66kDMxzgZo#?secret=vH7zS13phm\" data-secret=\"vH7zS13phm\" width=\"500\" height=\"282\" frameborder=\"0\" marginwidth=\"0\" marginheight=\"0\" scrolling=\"no\"><\/iframe>\n<\/div><\/figure>\n\n\n\n<p>Asimismo, en su comunicado, <strong>el ministerio de Salud realiza acusaciones graves.<\/strong> \u201cEn 2023 se compraron opioides sin ning\u00fan criterio de cantidad y precio, lo que devino en vencimientos y un perjuicio para la administraci\u00f3n del Estado, ya que se tuvieron que tirar 400 mil unidades de morfina vencida por una mala planificaci\u00f3n\u201d, denuncia.<\/p>\n\n\n\n<p>En esta l\u00ednea, G\u00f3mez reconoce que no sabe si esto es cierto pero que, en tal caso, el camino a seguir es iniciar una investigaci\u00f3n, saber qu\u00e9 sucedi\u00f3 y definir si fue un error o un caso de corrupci\u00f3n. \u201cSi fue lo primero, se lo corre y se pone a otro m\u00e1s capacitado, pero si sucedi\u00f3 lo segundo, se debe llevar a la justicia. <strong>Pero, \u00bfcerrar el Instituto? Si supuestamente las decisiones de este gobierno son para mejorar. Todos estamos dispuestos a trabajar para ser mejores, pero \u00bfcancelarnos como sucedi\u00f3 con el Conicet? Eso s\u00ed que no\u201d<\/strong>.<\/p>\n\n\n\n<h2 class=\"wp-block-heading\">\u00bfLa casta son los pacientes con c\u00e1ncer?<\/h2>\n\n\n\n<p><strong>El Instituto Nacional del C\u00e1ncer fue creado en 2010 con el objetivo de posicionar la lucha contra el c\u00e1ncer como una prioridad de Estado. <\/strong>Desde su creaci\u00f3n, dise\u00f1\u00f3 e implement\u00f3 pol\u00edticas p\u00fablicas destinadas a la prevenci\u00f3n y control del c\u00e1ncer en Argentina<\/p>\n\n\n\n<p>En 2016, a trav\u00e9s de la Ley 27.285,<strong> se convirti\u00f3 en un organismo descentralizado y aut\u00e1rquico dentro del ministerio de Salud, lo que le otorg\u00f3 autonom\u00eda funcional, administrativa y financiera<\/strong>. Al crear una instituci\u00f3n dedicada exclusivamente a esta enfermedad y formada por onc\u00f3logos, \u201cse coloc\u00f3 al c\u00e1ncer en un lugar de suma relevancia en la agenda sanitaria nacional\u201d, explica G\u00f3mez a la <a href=\"https:\/\/agencia.unq.edu.ar\/\" target=\"_blank\" rel=\"noopener\" title=\"\">Agencia<\/a>, y agrega: <strong>\u201cTen\u00eda un solo objetivo: disminuir los casos de c\u00e1ncer y de muerte por esta enfermedad en Argentina\u201d.<\/strong><\/p>\n\n\n\n<figure class=\"wp-block-embed is-type-wp-embed is-provider-agencia-de-noticias-cient-ficas-de-la-unq wp-block-embed-agencia-de-noticias-cient-ficas-de-la-unq\"><div class=\"wp-block-embed__wrapper\">\n<blockquote class=\"wp-embedded-content\" data-secret=\"o7he64nTOJ\"><a href=\"https:\/\/agencia.unq.edu.ar\/?p=8131\">El cient\u00edfico Daniel G\u00f3mez fue reconocido como &#8220;defensor de pacientes oncol\u00f3gicos&#8221;<\/a><\/blockquote><iframe loading=\"lazy\" class=\"wp-embedded-content\" sandbox=\"allow-scripts\" security=\"restricted\" style=\"position: absolute; visibility: hidden;\" title=\"&#8220;El cient\u00edfico Daniel G\u00f3mez fue reconocido como &#8220;defensor de pacientes oncol\u00f3gicos&#8221;&#8221; &#8212; Agencia de Noticias Cient\u00edficas de la UNQ\" src=\"https:\/\/agencia.unq.edu.ar\/?p=8131&#038;embed=true#?secret=15moVNuGps#?secret=o7he64nTOJ\" data-secret=\"o7he64nTOJ\" width=\"500\" height=\"282\" frameborder=\"0\" marginwidth=\"0\" marginheight=\"0\" scrolling=\"no\"><\/iframe>\n<\/div><\/figure>\n\n\n\n<p><strong>Su cierre y la consecuente puesta en un rango mucho menor le sigui\u00f3 al desmantelamiento del Programa Nacional de Cuidados Paliativos,<\/strong> dependiente del Instituto. \u201c<strong>Cuando los onc\u00f3logos no tenemos m\u00e1s nada por hacer por el paciente, buscamos que sufra lo menos posible hasta morir.<\/strong> Para ello, le damos medicaciones paliativas, como la morfina u opioides\u201d, dice G\u00f3mez.<\/p>\n\n\n\n<p class=\"wp-embed-aspect-16-9 wp-has-aspect-ratio\" id=\"block-792ca364-1b8e-4135-8180-b4418ab97e95\">Con el cierre tambi\u00e9n de este Programa,<strong> s\u00f3lo aquellos que accedan a una obra social o prepaga, podr\u00e1n pagar los medicamentos paliativos. \u201cQuienes no, sufren.<\/strong> Esa es la l\u00f3gica detr\u00e1s del cierre. Entonces, este gobierno destruye la salud, como la ciencia y la educaci\u00f3n. <strong>En todos los aspectos dice que va a mejorarlo, pero, \u00bfpuede explicar c\u00f3mo?<\/strong>\u201d, pregunta.<\/p>\n\n\n\n<p class=\"wp-embed-aspect-16-9 wp-has-aspect-ratio\" id=\"block-792ca364-1b8e-4135-8180-b4418ab97e95\"><\/p>\n\n\n\n<div class=\"wp-block-uagb-container uagb-block-e31d8b4a alignwide uagb-is-root-container\">\n<div class=\"wp-block-uagb-advanced-heading uagb-block-55d4c858\"><h4 class=\"uagb-heading-text\">\u00daltimas noticias de la secci\u00f3n Salud:<\/h4><\/div>\n\n\n\n\t\t\t<div class=\"wp-block-uagb-post-carousel uagb-post-grid  uagb-post__image-position-top uagb-post__image-enabled uagb-block-24e22604     uagb-post__arrow-outside uagb-slick-carousel uagb-post__items uagb-post__columns-3 is-carousel uagb-post__columns-tablet-2 uagb-post__columns-mobile-1\" data-total=\"40\" style=\"\">\n\n\t\t\t\t\t\t\t\t\t\t\t\t<article class=\"uagb-post__inner-wrap\">\t\t\t\t\t\t\t\t<div class='uagb-post__image'>\n\t\t\t\t\t\t\t\t\t<a href=\"https:\/\/agencia.unq.edu.ar\/?p=35918\" target=\"_self\" rel=\"bookmark noopener noreferrer\"><img loading=\"lazy\" decoding=\"async\" width=\"960\" height=\"388\" src=\"https:\/\/agencia.unq.edu.ar\/wp-content\/uploads\/2026\/04\/salud-digital-principal.jpg\" class=\"attachment-medium size-medium\" alt=\"La salud digital apareci\u00f3 durante la pandemia y lleg\u00f3 para quedarse (imagen: pro.campus.sanofi)\" \/>\t\t\t\t\t<\/a>\n\t\t\t\t\t\t\t\t\t<\/div>\n\t\t\t\t\t\t<h4 class=\"uagb-post__title uagb-post__text\">\n\t\t\t\t<a href=\"https:\/\/agencia.unq.edu.ar\/?p=35918\" target=\"_self\" rel=\"bookmark noopener noreferrer\">La medicina del futuro ya lleg\u00f3 y ser\u00e1 h\u00edbrida<\/a>\n\t\t\t<\/h4>\n\t\t\t\t\t\t<div class='uagb-post__text uagb-post-grid-byline'>\n\t\t\t\t\t\t\t<\/div>\n\t\t\t\n\t\t\t\t\t\t\t\t\t<\/article>\n\t\t\t\t\t\t\t\t\t\t\t\t\t\t\t\t<article class=\"uagb-post__inner-wrap\">\t\t\t\t\t\t\t\t<div class='uagb-post__image'>\n\t\t\t\t\t\t\t\t\t<a href=\"https:\/\/agencia.unq.edu.ar\/?p=35911\" target=\"_self\" rel=\"bookmark noopener noreferrer\"><img loading=\"lazy\" decoding=\"async\" width=\"960\" height=\"388\" src=\"https:\/\/agencia.unq.edu.ar\/wp-content\/uploads\/2026\/04\/Infartos-unsam-escaner.jpg\" class=\"attachment-medium size-medium\" alt=\"El esc\u00e1ner digitaliza el electrocardiograma y la IA da los resultados en segundos. Cr\u00e9ditos: UNSAM.\" \/>\t\t\t\t\t<\/a>\n\t\t\t\t\t\t\t\t\t<\/div>\n\t\t\t\t\t\t<h4 class=\"uagb-post__title uagb-post__text\">\n\t\t\t\t<a href=\"https:\/\/agencia.unq.edu.ar\/?p=35911\" target=\"_self\" rel=\"bookmark noopener noreferrer\">Cardiotrace: la UNSAM desarrolla un esc\u00e1ner con IA que ayuda a prevenir infartos<\/a>\n\t\t\t<\/h4>\n\t\t\t\t\t\t<div class='uagb-post__text uagb-post-grid-byline'>\n\t\t\t\t\t\t\t<\/div>\n\t\t\t\n\t\t\t\t\t\t\t\t\t<\/article>\n\t\t\t\t\t\t\t\t\t\t\t\t\t\t\t\t<article class=\"uagb-post__inner-wrap\">\t\t\t\t\t\t\t\t<div class='uagb-post__image'>\n\t\t\t\t\t\t\t\t\t<a href=\"https:\/\/agencia.unq.edu.ar\/?p=35885\" target=\"_self\" rel=\"bookmark noopener noreferrer\"><img loading=\"lazy\" decoding=\"async\" width=\"960\" height=\"388\" src=\"https:\/\/agencia.unq.edu.ar\/wp-content\/uploads\/2026\/04\/andar-en-bici.jpg\" class=\"attachment-medium size-medium\" alt=\"El equilibrio sobre dos ruedas no depende de los m\u00fasculos, sino de circuitos cerebrales que guardan movimientos practicados. Cr\u00e9ditos: Mayormente.\" \/>\t\t\t\t\t<\/a>\n\t\t\t\t\t\t\t\t\t<\/div>\n\t\t\t\t\t\t<h4 class=\"uagb-post__title uagb-post__text\">\n\t\t\t\t<a href=\"https:\/\/agencia.unq.edu.ar\/?p=35885\" target=\"_self\" rel=\"bookmark noopener noreferrer\">\u00bfPor qu\u00e9 nunca se olvida andar en bicicleta?<\/a>\n\t\t\t<\/h4>\n\t\t\t\t\t\t<div class='uagb-post__text uagb-post-grid-byline'>\n\t\t\t\t\t\t\t<\/div>\n\t\t\t\n\t\t\t\t\t\t\t\t\t<\/article>\n\t\t\t\t\t\t\t\t\t\t\t\t\t\t\t\t<article class=\"uagb-post__inner-wrap\">\t\t\t\t\t\t\t\t<div class='uagb-post__image'>\n\t\t\t\t\t\t\t\t\t<a href=\"https:\/\/agencia.unq.edu.ar\/?p=35843\" target=\"_self\" rel=\"bookmark noopener noreferrer\"><img loading=\"lazy\" decoding=\"async\" width=\"960\" height=\"388\" src=\"https:\/\/agencia.unq.edu.ar\/wp-content\/uploads\/2026\/04\/Alzheimer-demencia.jpg\" class=\"attachment-medium size-medium\" alt=\"La demencia es la s\u00e9ptima causa de defunci\u00f3n en todo el mundo. Cr\u00e9ditos: Centro M\u00e9dico ABC.\" \/>\t\t\t\t\t<\/a>\n\t\t\t\t\t\t\t\t\t<\/div>\n\t\t\t\t\t\t<h4 class=\"uagb-post__title uagb-post__text\">\n\t\t\t\t<a href=\"https:\/\/agencia.unq.edu.ar\/?p=35843\" target=\"_self\" rel=\"bookmark noopener noreferrer\">Hacer 150 minutos de actividad f\u00edsica y dormir ocho horas reduce el riesgo de demencia<\/a>\n\t\t\t<\/h4>\n\t\t\t\t\t\t<div class='uagb-post__text uagb-post-grid-byline'>\n\t\t\t\t\t\t\t<\/div>\n\t\t\t\n\t\t\t\t\t\t\t\t\t<\/article>\n\t\t\t\t\t\t\t\t\t\t\t\t\t\t\t\t<article class=\"uagb-post__inner-wrap\">\t\t\t\t\t\t\t\t<div class='uagb-post__image'>\n\t\t\t\t\t\t\t\t\t<a href=\"https:\/\/agencia.unq.edu.ar\/?p=35798\" target=\"_self\" rel=\"bookmark noopener noreferrer\"><img loading=\"lazy\" decoding=\"async\" width=\"960\" height=\"388\" src=\"https:\/\/agencia.unq.edu.ar\/wp-content\/uploads\/2026\/04\/desconexion.jpg\" class=\"attachment-medium size-medium\" alt=\"Algunos usuarios reportan alivio tras cerrar sus cuentas; otros sienten m\u00e1s soledad o reemplazan una app por otra igual de absorbente. Cr\u00e9dito: Unplash.\" \/>\t\t\t\t\t<\/a>\n\t\t\t\t\t\t\t\t\t<\/div>\n\t\t\t\t\t\t<h4 class=\"uagb-post__title uagb-post__text\">\n\t\t\t\t<a href=\"https:\/\/agencia.unq.edu.ar\/?p=35798\" target=\"_self\" rel=\"bookmark noopener noreferrer\">\u00bfDejar las redes sociales mejora la salud mental?<\/a>\n\t\t\t<\/h4>\n\t\t\t\t\t\t<div class='uagb-post__text uagb-post-grid-byline'>\n\t\t\t\t\t\t\t<\/div>\n\t\t\t\n\t\t\t\t\t\t\t\t\t<\/article>\n\t\t\t\t\t\t\t\t\t\t\t\t\t\t\t\t<article class=\"uagb-post__inner-wrap\">\t\t\t\t\t\t\t\t<div class='uagb-post__image'>\n\t\t\t\t\t\t\t\t\t<a href=\"https:\/\/agencia.unq.edu.ar\/?p=35761\" target=\"_self\" rel=\"bookmark noopener noreferrer\"><img loading=\"lazy\" decoding=\"async\" width=\"960\" height=\"388\" src=\"https:\/\/agencia.unq.edu.ar\/wp-content\/uploads\/2026\/04\/Cigarrillo-Reino-Unido-Tabaco.jpg\" class=\"attachment-medium size-medium\" alt=\"Mujer fumando un cigarrillo.\" \/>\t\t\t\t\t<\/a>\n\t\t\t\t\t\t\t\t\t<\/div>\n\t\t\t\t\t\t<h4 class=\"uagb-post__title uagb-post__text\">\n\t\t\t\t<a href=\"https:\/\/agencia.unq.edu.ar\/?p=35761\" target=\"_self\" rel=\"bookmark noopener noreferrer\">Hacia una generaci\u00f3n libre de humo: Reino Unido proh\u00edbe el tabaco a los nacidos a partir de 2009\u00a0<\/a>\n\t\t\t<\/h4>\n\t\t\t\t\t\t<div class='uagb-post__text uagb-post-grid-byline'>\n\t\t\t\t\t\t\t<\/div>\n\t\t\t\n\t\t\t\t\t\t\t\t\t<\/article>\n\t\t\t\t\t\t\t\t\t\t\t\t\t\t\t\t<article class=\"uagb-post__inner-wrap\">\t\t\t\t\t\t\t\t<div class='uagb-post__image'>\n\t\t\t\t\t\t\t\t\t<a href=\"https:\/\/agencia.unq.edu.ar\/?p=35734\" target=\"_self\" rel=\"bookmark noopener noreferrer\"><img loading=\"lazy\" decoding=\"async\" width=\"960\" height=\"388\" src=\"https:\/\/agencia.unq.edu.ar\/wp-content\/uploads\/2026\/04\/Homepatia-principal.jpg\" class=\"attachment-medium size-medium\" alt=\"El informe espa\u00f1ol revive la pol\u00e9mica respecto de la homeopat\u00eda (imagen: todoorl.net)\" \/>\t\t\t\t\t<\/a>\n\t\t\t\t\t\t\t\t\t<\/div>\n\t\t\t\t\t\t<h4 class=\"uagb-post__title uagb-post__text\">\n\t\t\t\t<a href=\"https:\/\/agencia.unq.edu.ar\/?p=35734\" target=\"_self\" rel=\"bookmark noopener noreferrer\">Homeopat\u00eda bajo la lupa: un informe en Espa\u00f1a descarta su eficacia y reabre el debate<\/a>\n\t\t\t<\/h4>\n\t\t\t\t\t\t<div class='uagb-post__text uagb-post-grid-byline'>\n\t\t\t\t\t\t\t<\/div>\n\t\t\t\n\t\t\t\t\t\t\t\t\t<\/article>\n\t\t\t\t\t\t\t\t\t\t\t\t\t\t\t\t<article class=\"uagb-post__inner-wrap\">\t\t\t\t\t\t\t\t<div class='uagb-post__image'>\n\t\t\t\t\t\t\t\t\t<a href=\"https:\/\/agencia.unq.edu.ar\/?p=35668\" target=\"_self\" rel=\"bookmark noopener noreferrer\"><img loading=\"lazy\" decoding=\"async\" width=\"960\" height=\"388\" src=\"https:\/\/agencia.unq.edu.ar\/wp-content\/uploads\/2026\/04\/Higado-graso.jpg\" class=\"attachment-medium size-medium\" alt=\"Cr\u00e9ditos: Actualidad m\u00e9dica.\" \/>\t\t\t\t\t<\/a>\n\t\t\t\t\t\t\t\t\t<\/div>\n\t\t\t\t\t\t<h4 class=\"uagb-post__title uagb-post__text\">\n\t\t\t\t<a href=\"https:\/\/agencia.unq.edu.ar\/?p=35668\" target=\"_self\" rel=\"bookmark noopener noreferrer\">H\u00edgado graso no alcoh\u00f3lico: el problema silencioso que desaf\u00eda a la salud p\u00fablica<\/a>\n\t\t\t<\/h4>\n\t\t\t\t\t\t<div class='uagb-post__text uagb-post-grid-byline'>\n\t\t\t\t\t\t\t<\/div>\n\t\t\t\n\t\t\t\t\t\t\t\t\t<\/article>\n\t\t\t\t\t\t\t\t\t\t\t<\/div>\n\t\t\t<\/div>\n","protected":false},"excerpt":{"rendered":"<p>As\u00ed lo afirma Daniel G\u00f3mez, exdirector del Instituto y el actual del Centro de Oncolog\u00eda de la UNQ.<\/p>\n","protected":false},"author":4,"featured_media":26603,"comment_status":"open","ping_status":"closed","sticky":false,"template":"","format":"standard","meta":{"_uag_custom_page_level_css":"","_monsterinsights_skip_tracking":false,"_monsterinsights_sitenote_active":false,"_monsterinsights_sitenote_note":"","_monsterinsights_sitenote_category":0,"site-sidebar-layout":"default","site-content-layout":"","ast-site-content-layout":"","site-content-style":"default","site-sidebar-style":"default","ast-global-header-display":"","ast-banner-title-visibility":"","ast-main-header-display":"","ast-hfb-above-header-display":"","ast-hfb-below-header-display":"","ast-hfb-mobile-header-display":"","site-post-title":"","ast-breadcrumbs-content":"","ast-featured-img":"","footer-sml-layout":"","ast-disable-related-posts":"","theme-transparent-header-meta":"","adv-header-id-meta":"","stick-header-meta":"","header-above-stick-meta":"","header-main-stick-meta":"","header-below-stick-meta":"","astra-migrate-meta-layouts":"default","ast-page-background-enabled":"default","ast-page-background-meta":{"desktop":{"background-color":"var(--ast-global-color-4)","background-image":"","background-repeat":"repeat","background-position":"center center","background-size":"auto","background-attachment":"scroll","background-type":"","background-media":"","overlay-type":"","overlay-color":"","overlay-opacity":"","overlay-gradient":""},"tablet":{"background-color":"","background-image":"","background-repeat":"repeat","background-position":"center center","background-size":"auto","background-attachment":"scroll","background-type":"","background-media":"","overlay-type":"","overlay-color":"","overlay-opacity":"","overlay-gradient":""},"mobile":{"background-color":"","background-image":"","background-repeat":"repeat","background-position":"center center","background-size":"auto","background-attachment":"scroll","background-type":"","background-media":"","overlay-type":"","overlay-color":"","overlay-opacity":"","overlay-gradient":""}},"ast-content-background-meta":{"desktop":{"background-color":"var(--ast-global-color-5)","background-image":"","background-repeat":"repeat","background-position":"center center","background-size":"auto","background-attachment":"scroll","background-type":"","background-media":"","overlay-type":"","overlay-color":"","overlay-opacity":"","overlay-gradient":""},"tablet":{"background-color":"var(--ast-global-color-5)","background-image":"","background-repeat":"repeat","background-position":"center center","background-size":"auto","background-attachment":"scroll","background-type":"","background-media":"","overlay-type":"","overlay-color":"","overlay-opacity":"","overlay-gradient":""},"mobile":{"background-color":"var(--ast-global-color-5)","background-image":"","background-repeat":"repeat","background-position":"center center","background-size":"auto","background-attachment":"scroll","background-type":"","background-media":"","overlay-type":"","overlay-color":"","overlay-opacity":"","overlay-gradient":""}},"footnotes":""},"categories":[16,9],"tags":[],"class_list":["post-26597","post","type-post","status-publish","format-standard","has-post-thumbnail","hentry","category-noticia-destacada","category-salud"],"aioseo_notices":[],"uagb_featured_image_src":{"full":["https:\/\/agencia.unq.edu.ar\/wp-content\/uploads\/2025\/03\/Cancer.jpg",1040,420,false],"thumbnail":["https:\/\/agencia.unq.edu.ar\/wp-content\/uploads\/2025\/03\/Cancer.jpg",150,61,false],"medium":["https:\/\/agencia.unq.edu.ar\/wp-content\/uploads\/2025\/03\/Cancer.jpg",960,388,false],"medium_large":["https:\/\/agencia.unq.edu.ar\/wp-content\/uploads\/2025\/03\/Cancer.jpg",768,310,false],"large":["https:\/\/agencia.unq.edu.ar\/wp-content\/uploads\/2025\/03\/Cancer.jpg",1040,420,false],"1536x1536":["https:\/\/agencia.unq.edu.ar\/wp-content\/uploads\/2025\/03\/Cancer.jpg",1040,420,false],"2048x2048":["https:\/\/agencia.unq.edu.ar\/wp-content\/uploads\/2025\/03\/Cancer.jpg",1040,420,false]},"uagb_author_info":{"display_name":"Luciana Mazzini Puga","author_link":"https:\/\/agencia.unq.edu.ar\/?author=4"},"uagb_comment_info":0,"uagb_excerpt":"As\u00ed lo afirma Daniel G\u00f3mez, exdirector del Instituto y el actual del Centro de Oncolog\u00eda de la UNQ.","blog_post_layout_featured_media_urls":{"thumbnail":["https:\/\/agencia.unq.edu.ar\/wp-content\/uploads\/2025\/03\/Cancer.jpg",150,61,false],"full":["https:\/\/agencia.unq.edu.ar\/wp-content\/uploads\/2025\/03\/Cancer.jpg",1040,420,false]},"categories_names":{"16":{"name":"Noticia destacada","link":"https:\/\/agencia.unq.edu.ar\/?cat=16"},"9":{"name":"Salud","link":"https:\/\/agencia.unq.edu.ar\/?cat=9"}},"tags_names":[],"comments_number":"0","_links":{"self":[{"href":"https:\/\/agencia.unq.edu.ar\/index.php?rest_route=\/wp\/v2\/posts\/26597","targetHints":{"allow":["GET"]}}],"collection":[{"href":"https:\/\/agencia.unq.edu.ar\/index.php?rest_route=\/wp\/v2\/posts"}],"about":[{"href":"https:\/\/agencia.unq.edu.ar\/index.php?rest_route=\/wp\/v2\/types\/post"}],"author":[{"embeddable":true,"href":"https:\/\/agencia.unq.edu.ar\/index.php?rest_route=\/wp\/v2\/users\/4"}],"replies":[{"embeddable":true,"href":"https:\/\/agencia.unq.edu.ar\/index.php?rest_route=%2Fwp%2Fv2%2Fcomments&post=26597"}],"version-history":[{"count":6,"href":"https:\/\/agencia.unq.edu.ar\/index.php?rest_route=\/wp\/v2\/posts\/26597\/revisions"}],"predecessor-version":[{"id":26608,"href":"https:\/\/agencia.unq.edu.ar\/index.php?rest_route=\/wp\/v2\/posts\/26597\/revisions\/26608"}],"wp:featuredmedia":[{"embeddable":true,"href":"https:\/\/agencia.unq.edu.ar\/index.php?rest_route=\/wp\/v2\/media\/26603"}],"wp:attachment":[{"href":"https:\/\/agencia.unq.edu.ar\/index.php?rest_route=%2Fwp%2Fv2%2Fmedia&parent=26597"}],"wp:term":[{"taxonomy":"category","embeddable":true,"href":"https:\/\/agencia.unq.edu.ar\/index.php?rest_route=%2Fwp%2Fv2%2Fcategories&post=26597"},{"taxonomy":"post_tag","embeddable":true,"href":"https:\/\/agencia.unq.edu.ar\/index.php?rest_route=%2Fwp%2Fv2%2Ftags&post=26597"}],"curies":[{"name":"wp","href":"https:\/\/api.w.org\/{rel}","templated":true}]}}