{"id":26677,"date":"2025-03-12T15:49:39","date_gmt":"2025-03-12T18:49:39","guid":{"rendered":"https:\/\/agencia.unq.edu.ar\/?p=26677"},"modified":"2026-03-17T15:46:47","modified_gmt":"2026-03-17T18:46:47","slug":"el-streaming-entre-la-tendencia-y-la-cancelacion-vale-todo","status":"publish","type":"post","link":"https:\/\/agencia.unq.edu.ar\/?p=26677","title":{"rendered":"El streaming, entre la tendencia y la cancelaci\u00f3n: \u00bfvale todo?"},"content":{"rendered":"\n<p class=\"wp-embed-aspect-16-9 wp-has-aspect-ratio has-medium-font-size\" id=\"block-e7a9ff36-ee0c-4796-9d2e-1fd69773da3a\">Las derechas corren los l\u00edmites de lo que se puede decir y lo que no, los influencers y periodistas de trayectoria juegan en el l\u00edmite para captar la atenci\u00f3n de las audiencias.<\/p>\n\n\n\n<figure class=\"wp-block-image aligncenter size-full\" id=\"block-c3ee2a7f-4bf9-43dd-a0f6-8acc1087bdbe\"><img loading=\"lazy\" decoding=\"async\" width=\"1040\" height=\"420\" src=\"https:\/\/agencia.unq.edu.ar\/wp-content\/uploads\/2025\/03\/Moldavsky-Casella-Paluch.jpg\" alt=\"(De izq a der): Eial Moldavsky en Olga y Beto Casella y Ari Paluch en el streaming de la FM Rock &amp; Pop.\" class=\"wp-image-26680\"\/><figcaption class=\"wp-element-caption\">(De izq. a der.): Eial Moldavsky en Olga y Beto Casella y Ari Paluch en el streaming de la FM Rock &amp; Pop.<\/figcaption><\/figure>\n\n\n\n<p class=\"wp-embed-aspect-16-9 wp-has-aspect-ratio\" id=\"block-792ca364-1b8e-4135-8180-b4418ab97e95\">Los canales de streaming son una marca clara de la cultura digital en la que vive la sociedad: su contenido es gracioso, ef\u00edmero y, muchas veces, con poca profundidad en temas que tal vez lo requieran un poco m\u00e1s. En esa vor\u00e1gine signada tambi\u00e9n por la viralizaci\u00f3n, las audiencias y la esencia del vivo, no faltan quienes hacen comentarios desafortunados sobre algo o alguien, como fueron los casos de Eial Moldavsky y Ari Paluch. Luego, llegan los pedidos de disculpas por otros medios, las cr\u00edticas por redes sociales y la cancelaci\u00f3n de parte de la sociedad. \u00bfTodo es decible en el mundo del streaming? \u00bfAlcanza con pedir disculpas? \u00bfEs un juego entre la tendencia y la posibilidad de la cancelaci\u00f3n?<\/p>\n\n\n\n<p>El debate se volvi\u00f3 a poner en la escena p\u00fablica luego de que<strong> el fil\u00f3sofo Moldavsky revelara en detalle, en el canal Olga, una supuesta relaci\u00f3n sexual con una actriz<\/strong>, que muchos atribuyeron que se trataba de Lali. D\u00edas despu\u00e9s, en el streaming de la radio FM Rock &amp; Pop, <strong>el periodista Ari Paluch (que ya fue denunciado en otra ocasi\u00f3n por acoso en los medios) invit\u00f3, a modo de \u201cbroma\u201d, a Beto Casella a drogar entre los dos a la locutora del programa<\/strong>. Martina, su hija que estaba presente, atin\u00f3 a frenar sus dichos pero no lo hizo, <strong>Casella se ri\u00f3 como si fuese un chiste m\u00e1s<\/strong>.<\/p>\n\n\n\n<p><strong>Las cr\u00edticas no tardaron en llegar, as\u00ed como los ya esperables pedidos de disculpas en las redes sociales.<\/strong> El fil\u00f3sofo tambi\u00e9n lo hizo en su programa, donde sucedi\u00f3 todo, al igual que su compa\u00f1era Nati Jota y Migue Granados, l\u00edder del canal Olga. En cuanto a Paluch, fue suspendido en la radio <strong>por unos d\u00edas.<\/strong><\/p>\n\n\n\n<p>Lo llamativo, adem\u00e1s de las frases, es <strong>que los conductores y panelistas no frenan en el momento estas situaciones y piden disculpas m\u00e1s tarde.<\/strong> \u201cCuando alguien dice p\u00fablicamente que quiere someter a una mujer para vulnerar su integridad f\u00edsica,<strong> lo hace porque puede y porque sabe que probablemente no habr\u00e1 consecuencias m\u00e1s all\u00e1 de ser tendencia en redes por unas horas<\/strong>\u201d, plantea <strong>Natalia Corval\u00e1n<\/strong>, docente y especialista en Educaci\u00f3n y Nuevas Tecnolog\u00edas de la Universidad Nacional de Hurlingham, a la <a href=\"https:\/\/agencia.unq.edu.ar\/\" target=\"_blank\" rel=\"noopener\" title=\"\">Agencia de Noticias Cient\u00edficas de la UNQ<\/a>.<\/p>\n\n\n\n<p>Por su parte, el doctor en comunicaci\u00f3n y docente de la Universidad Nacional de Quilmes <strong>Leonardo Murolo<\/strong> <strong>considera que los pedidos de disculpas forman parte de la narrativa para habitar las redes sociales.<\/strong> \u201cSon personas famosas, conductores, influencers por lo que hay que quitarlos del lugar de ingenuidad. <strong>Ellos saben que el juego en los escenarios de las nuevas pantallas y tambi\u00e9n de los medios tradicionales que dialogan con ellas es el de la rueda. Hoy sos tendencia, ma\u00f1ana sos cancelado<\/strong>. El ant\u00eddoto posible si te cancelan es salir a pedir disculpas\u201d, afirma ante la <a href=\"https:\/\/agencia.unq.edu.ar\/\" target=\"_blank\" rel=\"noopener\" title=\"\">Agencia<\/a>. Las reglas del juego, en apariencia, son correr los l\u00edmites y jug\u00e1rsela para saber en qu\u00e9 parte de la rueda se para una persona.<\/p>\n\n\n\n<h2 class=\"wp-block-heading\">Un escenario propicio para decir todo<\/h2>\n\n\n\n<p>Dentro de un panorama m\u00e1s amplio, el hecho de que la ultraderecha gobierne en Argentina y en otros pa\u00edses del mundo, hace que el l\u00edmite de lo que se puede decir y lo que no se corra cada vez m\u00e1s. <strong>Si el primer mandatario del pa\u00eds plantea en diversas situaciones que su principal enemigo son los movimientos feministas y LGBTIQ+, que hist\u00f3ricamente denunciaron las violencias que sufr\u00edan las mujeres y disidencias, esto habilita a que haya m\u00e1s discursos mis\u00f3ginos con una menor sanci\u00f3n social<\/strong>.<\/p>\n\n\n\n<p><strong>Al dar la batalla econ\u00f3mica y cultural, la derecha corre el umbral de consensos a los que hab\u00eda llegado la sociedad<\/strong>, como los discursos de Memoria, Verdad y Justicia, la defensa de los Derechos Humanos, la educaci\u00f3n p\u00fablica o el derecho a la salud.<\/p>\n\n\n\n<p>\u201cEstas nuevas derechas nos proponen discutirlo todo en su cancha, no para conseguir nuevos derechos sino para poner en duda lo que ya est\u00e1. En ese marco, comienzan a aparecer estas frases que,<strong> en un principio, pueden parecer una equivocaci\u00f3n y algo aislado, pero por detr\u00e1s hay una ideolog\u00eda, un modo de ver el mundo y de posicionarse<\/strong>\u201d, detalla Murolo.<\/p>\n\n\n\n<p>Adem\u00e1s, el investigador plantea que <strong>hay una econom\u00eda de la atenci\u00f3n en un \u201cperiodismo minimalista\u201d,<\/strong> es decir, que con poca preparaci\u00f3n y c\u00e1maras y con una est\u00e9tica similar en los distintos canales, los equipos deben competir por qui\u00e9n capta la atenci\u00f3n<strong>. \u201cHay una l\u00f3gica de \u2018si los dem\u00e1s hacen lo mismo que yo, voy a correr el umbral para decir algo que genere impacto y hablen de m\u00ed\u2019. <\/strong>Entonces, las cosas que dicen es porque las piensan. Uno sabe sobre s\u00ed mismo que hay cosas que no va a decir nunca porque no forman parte de tu vocabulario ni de tu forma de ver el mundo\u201d, explica.<\/p>\n\n\n\n<h2 class=\"wp-block-heading\">Una reputaci\u00f3n que mantener<\/h2>\n\n\n\n<p>En la cantidad de pr\u00e1cticas que se dan en las redes sociales no falta la de la cancelaci\u00f3n. Es decir, la censura y el \u201cquitar del mapa digital\u201d a quien dice algo que no es lo aceptable socialmente. La pregunta es hasta qu\u00e9 punto la cancelaci\u00f3n de alguien es \u00fatil. Lejos de justificar los dichos desafortunados, s\u00ed merece la reflexi\u00f3n acerca de qu\u00e9 pr\u00e1cticas se llevan adelante en el plano digital y qu\u00e9 tan efectivas son<strong>. <\/strong><\/p>\n\n\n\n<p><strong>\u201cLa \u2018cultura de la cancelaci\u00f3n\u2019 instal\u00f3 una din\u00e1mica en la que el pedido de disculpas en redes sociales muchas veces parece m\u00e1s una estrategia de \u2018reducci\u00f3n de da\u00f1os\u2019 que una reflexi\u00f3n genuina<\/strong> sobre los dichos mis\u00f3ginos que se pronunciaron. Es dif\u00edcil distinguir cuando alguien se responsabiliza genuinamente y cu\u00e1ndo lo hace para apaciguar las cr\u00edticas y proteger su identidad p\u00fablica\u201d, manifiesta Corval\u00e1n a la <a href=\"https:\/\/agencia.unq.edu.ar\/\" target=\"_blank\" rel=\"noopener\" title=\"\">Agencia<\/a>.<\/p>\n\n\n\n<p>En esta l\u00ednea, la cantante y actriz Lali dialog\u00f3 con Pedro Rosemblat en el canal \u201cGelatina\u201d acerca de la diferencia que hay entre la persona y el personaje p\u00fablico que se arma en redes sociales. \u201c<strong>Cuando alguien pide perd\u00f3n, se tiene que preguntar en esta \u00e9poca: \u2018\u00bfest\u00e1 pidiendo perd\u00f3n mi yo virtual que se siente atacado o estoy pidiendo perd\u00f3n yo?<\/strong>\u2019\u201d, reflexion\u00f3 la artista.<\/p>\n\n\n\n<p>Corval\u00e1n agrega: \u201cEn este contexto<strong>, las disculpas dejan de ser un espacio para la autocr\u00edtica y la reparaci\u00f3n, y se convierten en una herramienta para gestionar la reputaci\u00f3n<\/strong>\u201d. En sinton\u00eda, Murolo a\u00f1ade que es necesario no pasar por alto estas situaciones: \u201c<strong>Como perspectiva pol\u00edtica, es importante se\u00f1alar las violencias que vienen disfrazadas de errores.<\/strong> El ambientalismo lo hace con quienes dicen que no existe el cambio clim\u00e1tico, la comunidad LGBTIQ+ con la transfobia y homofobia, y el feminismo con las desigualdades\u201d.<\/p>\n\n\n\n<p class=\"wp-embed-aspect-16-9 wp-has-aspect-ratio\" id=\"block-792ca364-1b8e-4135-8180-b4418ab97e95\">Con todo, las nuevas pantallas, como redes sociales y canales de streaming, y los medios tradicionales presentan desaf\u00edos constantemente por su evoluci\u00f3n y di\u00e1logo y tambi\u00e9n por la coyuntura en la que se insertan. <strong>Uno de ellos ser\u00e1 c\u00f3mo recuperar l\u00edmites y dejar claro que hay cuestiones que no son parte de debates ni de chistes.<\/strong><\/p>\n\n\n\n<p class=\"wp-embed-aspect-16-9 wp-has-aspect-ratio\" id=\"block-792ca364-1b8e-4135-8180-b4418ab97e95\"><\/p>\n\n\n\n<div class=\"wp-block-uagb-container uagb-block-e31d8b4a alignwide uagb-is-root-container\">\n<div class=\"wp-block-uagb-advanced-heading uagb-block-fd68d2f2\"><h4 class=\"uagb-heading-text\">\u00daltimas noticias de la secci\u00f3n Sociedad:<\/h4><\/div>\n\n\n\n\t\t\t<div class=\"wp-block-uagb-post-carousel uagb-post-grid  uagb-post__image-position-top uagb-post__image-enabled uagb-block-24e22604     uagb-post__arrow-outside uagb-slick-carousel uagb-post__items uagb-post__columns-3 is-carousel uagb-post__columns-tablet-2 uagb-post__columns-mobile-1\" data-total=\"42\" style=\"\">\n\n\t\t\t\t\t\t\t\t\t\t\t\t<article class=\"uagb-post__inner-wrap\">\t\t\t\t\t\t\t\t<div class='uagb-post__image'>\n\t\t\t\t\t\t\t\t\t<a href=\"https:\/\/agencia.unq.edu.ar\/?p=35937\" target=\"_self\" rel=\"bookmark noopener noreferrer\"><img loading=\"lazy\" decoding=\"async\" width=\"960\" height=\"388\" src=\"https:\/\/agencia.unq.edu.ar\/wp-content\/uploads\/2026\/04\/amor-moderno.jpg\" class=\"attachment-medium size-medium\" alt=\"El amor cambi\u00f3 de reglas y ahora convive con m\u00e1s libertad, m\u00e1s dudas y m\u00e1s tecnolog\u00eda. Cr\u00e9dito: Unsplash.\" \/>\t\t\t\t\t<\/a>\n\t\t\t\t\t\t\t\t\t<\/div>\n\t\t\t\t\t\t<h4 class=\"uagb-post__title uagb-post__text\">\n\t\t\t\t<a href=\"https:\/\/agencia.unq.edu.ar\/?p=35937\" target=\"_self\" rel=\"bookmark noopener noreferrer\">Sexo y v\u00ednculos: la ciencia explica qu\u00e9 cambi\u00f3 en el \u00faltimo medio siglo<\/a>\n\t\t\t<\/h4>\n\t\t\t\t\t\t<div class='uagb-post__text uagb-post-grid-byline'>\n\t\t\t\t\t\t\t<\/div>\n\t\t\t\n\t\t\t\t\t\t\t\t\t<\/article>\n\t\t\t\t\t\t\t\t\t\t\t\t\t\t\t\t<article class=\"uagb-post__inner-wrap\">\t\t\t\t\t\t\t\t<div class='uagb-post__image'>\n\t\t\t\t\t\t\t\t\t<a href=\"https:\/\/agencia.unq.edu.ar\/?p=35915\" target=\"_self\" rel=\"bookmark noopener noreferrer\"><img loading=\"lazy\" decoding=\"async\" width=\"960\" height=\"388\" src=\"https:\/\/agencia.unq.edu.ar\/wp-content\/uploads\/2026\/04\/estudiantes-liceo-Uruguay.jpg\" class=\"attachment-medium size-medium\" alt=\"3 de 4 estudiantes de nivel secundario en Uruguay tienen ausentismo cr\u00f3nico. Cr\u00e9ditos: portaldeyoung.\" \/>\t\t\t\t\t<\/a>\n\t\t\t\t\t\t\t\t\t<\/div>\n\t\t\t\t\t\t<h4 class=\"uagb-post__title uagb-post__text\">\n\t\t\t\t<a href=\"https:\/\/agencia.unq.edu.ar\/?p=35915\" target=\"_self\" rel=\"bookmark noopener noreferrer\">Un equipo de la UNQ se destaca en el \u00e1mbito internacional y asesorar\u00e1 en educaci\u00f3n al gobierno uruguayo<\/a>\n\t\t\t<\/h4>\n\t\t\t\t\t\t<div class='uagb-post__text uagb-post-grid-byline'>\n\t\t\t\t\t\t\t<\/div>\n\t\t\t\n\t\t\t\t\t\t\t\t\t<\/article>\n\t\t\t\t\t\t\t\t\t\t\t\t\t\t\t\t<article class=\"uagb-post__inner-wrap\">\t\t\t\t\t\t\t\t<div class='uagb-post__image'>\n\t\t\t\t\t\t\t\t\t<a href=\"https:\/\/agencia.unq.edu.ar\/?p=35853\" target=\"_self\" rel=\"bookmark noopener noreferrer\"><img loading=\"lazy\" decoding=\"async\" width=\"960\" height=\"388\" src=\"https:\/\/agencia.unq.edu.ar\/wp-content\/uploads\/2026\/04\/cosecha-soja-argentina.jpg\" class=\"attachment-medium size-medium\" alt=\"Cr\u00e9ditos: InfoCampo.\" \/>\t\t\t\t\t<\/a>\n\t\t\t\t\t\t\t\t\t<\/div>\n\t\t\t\t\t\t<h4 class=\"uagb-post__title uagb-post__text\">\n\t\t\t\t<a href=\"https:\/\/agencia.unq.edu.ar\/?p=35853\" target=\"_self\" rel=\"bookmark noopener noreferrer\">Solo tres cultivos cubren el 76 por ciento de la superficie total cosechada en Argentina<\/a>\n\t\t\t<\/h4>\n\t\t\t\t\t\t<div class='uagb-post__text uagb-post-grid-byline'>\n\t\t\t\t\t\t\t<\/div>\n\t\t\t\n\t\t\t\t\t\t\t\t\t<\/article>\n\t\t\t\t\t\t\t\t\t\t\t\t\t\t\t\t<article class=\"uagb-post__inner-wrap\">\t\t\t\t\t\t\t\t<div class='uagb-post__image'>\n\t\t\t\t\t\t\t\t\t<a href=\"https:\/\/agencia.unq.edu.ar\/?p=35695\" target=\"_self\" rel=\"bookmark noopener noreferrer\"><img loading=\"lazy\" decoding=\"async\" width=\"960\" height=\"388\" src=\"https:\/\/agencia.unq.edu.ar\/wp-content\/uploads\/2026\/04\/teletrabajo12.jpg\" class=\"attachment-medium size-medium\" alt=\"El trabajo remoto empieza a mover la aguja de la natalidad. Cr\u00e9ditos: TN online.\" \/>\t\t\t\t\t<\/a>\n\t\t\t\t\t\t\t\t\t<\/div>\n\t\t\t\t\t\t<h4 class=\"uagb-post__title uagb-post__text\">\n\t\t\t\t<a href=\"https:\/\/agencia.unq.edu.ar\/?p=35695\" target=\"_self\" rel=\"bookmark noopener noreferrer\">Home office y beb\u00e9s: por qu\u00e9 la fecundidad sube 14 por ciento en algunas parejas<\/a>\n\t\t\t<\/h4>\n\t\t\t\t\t\t<div class='uagb-post__text uagb-post-grid-byline'>\n\t\t\t\t\t\t\t<\/div>\n\t\t\t\n\t\t\t\t\t\t\t\t\t<\/article>\n\t\t\t\t\t\t\t\t\t\t\t\t\t\t\t\t<article class=\"uagb-post__inner-wrap\">\t\t\t\t\t\t\t\t<div class='uagb-post__image'>\n\t\t\t\t\t\t\t\t\t<a href=\"https:\/\/agencia.unq.edu.ar\/?p=35672\" target=\"_self\" rel=\"bookmark noopener noreferrer\"><img loading=\"lazy\" decoding=\"async\" width=\"960\" height=\"388\" src=\"https:\/\/agencia.unq.edu.ar\/wp-content\/uploads\/2026\/04\/Guia-amenazas-escuelas.jpg\" class=\"attachment-medium size-medium\" alt=\"Una docente frente a sus estudiantes. Cr\u00e9ditos: abc.gob.ar\" \/>\t\t\t\t\t<\/a>\n\t\t\t\t\t\t\t\t\t<\/div>\n\t\t\t\t\t\t<h4 class=\"uagb-post__title uagb-post__text\">\n\t\t\t\t<a href=\"https:\/\/agencia.unq.edu.ar\/?p=35672\" target=\"_self\" rel=\"bookmark noopener noreferrer\">Lanzan una gu\u00eda para actuar ante las amenazas de tiroteos en las escuelas<\/a>\n\t\t\t<\/h4>\n\t\t\t\t\t\t<div class='uagb-post__text uagb-post-grid-byline'>\n\t\t\t\t\t\t\t<\/div>\n\t\t\t\n\t\t\t\t\t\t\t\t\t<\/article>\n\t\t\t\t\t\t\t\t\t\t\t\t\t\t\t\t<article class=\"uagb-post__inner-wrap\">\t\t\t\t\t\t\t\t<div class='uagb-post__image'>\n\t\t\t\t\t\t\t\t\t<a href=\"https:\/\/agencia.unq.edu.ar\/?p=35292\" target=\"_self\" rel=\"bookmark noopener noreferrer\"><img loading=\"lazy\" decoding=\"async\" width=\"960\" height=\"388\" src=\"https:\/\/agencia.unq.edu.ar\/wp-content\/uploads\/2026\/04\/David-Foodphototasty-pescado.jpg\" class=\"attachment-medium size-medium\" alt=\"Las elecciones alimentarias comunican pertenencia, valores y fronteras culturales. Cr\u00e9dito: David Foodphototasty.\" \/>\t\t\t\t\t<\/a>\n\t\t\t\t\t\t\t\t\t<\/div>\n\t\t\t\t\t\t<h4 class=\"uagb-post__title uagb-post__text\">\n\t\t\t\t<a href=\"https:\/\/agencia.unq.edu.ar\/?p=35292\" target=\"_self\" rel=\"bookmark noopener noreferrer\">Dietas religiosas: \u00bfqu\u00e9 revela la ciencia sobre la comida en fechas sagradas?<\/a>\n\t\t\t<\/h4>\n\t\t\t\t\t\t<div class='uagb-post__text uagb-post-grid-byline'>\n\t\t\t\t\t\t\t<\/div>\n\t\t\t\n\t\t\t\t\t\t\t\t\t<\/article>\n\t\t\t\t\t\t\t\t\t\t\t\t\t\t\t\t<article class=\"uagb-post__inner-wrap\">\t\t\t\t\t\t\t\t<div class='uagb-post__image'>\n\t\t\t\t\t\t\t\t\t<a href=\"https:\/\/agencia.unq.edu.ar\/?p=35298\" target=\"_self\" rel=\"bookmark noopener noreferrer\"><img loading=\"lazy\" decoding=\"async\" width=\"960\" height=\"388\" src=\"https:\/\/agencia.unq.edu.ar\/wp-content\/uploads\/2026\/04\/Cementerio-de-Darwin-Malvinas.jpg\" class=\"attachment-medium size-medium\" alt=\"Hasta la fecha se identificaron 121 soldados inhumados en el Cementerio de Darwin. Cr\u00e9ditos: Aviaci\u00f3n Argentina.\" \/>\t\t\t\t\t<\/a>\n\t\t\t\t\t\t\t\t\t<\/div>\n\t\t\t\t\t\t<h4 class=\"uagb-post__title uagb-post__text\">\n\t\t\t\t<a href=\"https:\/\/agencia.unq.edu.ar\/?p=35298\" target=\"_self\" rel=\"bookmark noopener noreferrer\">\u201cGracias a la identificaci\u00f3n de los ca\u00eddos en Malvinas, cambi\u00f3 la forma en que los familiares miraron la muerte\u201d<\/a>\n\t\t\t<\/h4>\n\t\t\t\t\t\t<div class='uagb-post__text uagb-post-grid-byline'>\n\t\t\t\t\t\t\t<\/div>\n\t\t\t\n\t\t\t\t\t\t\t\t\t<\/article>\n\t\t\t\t\t\t\t\t\t\t\t\t\t\t\t\t<article class=\"uagb-post__inner-wrap\">\t\t\t\t\t\t\t\t<div class='uagb-post__image'>\n\t\t\t\t\t\t\t\t\t<a href=\"https:\/\/agencia.unq.edu.ar\/?p=35201\" target=\"_self\" rel=\"bookmark noopener noreferrer\"><img loading=\"lazy\" decoding=\"async\" width=\"960\" height=\"388\" src=\"https:\/\/agencia.unq.edu.ar\/wp-content\/uploads\/2026\/03\/pexels-adultos-mayores.jpg\" class=\"attachment-medium size-medium\" alt=\"La evidencia indica que sensores, apps y recordatorios sirven de apoyo diario, aunque la presencia, la empat\u00eda y la vida en comunidad siguen siendo clave. Cr\u00e9ditos: Pexels.\" \/>\t\t\t\t\t<\/a>\n\t\t\t\t\t\t\t\t\t<\/div>\n\t\t\t\t\t\t<h4 class=\"uagb-post__title uagb-post__text\">\n\t\t\t\t<a href=\"https:\/\/agencia.unq.edu.ar\/?p=35201\" target=\"_self\" rel=\"bookmark noopener noreferrer\">\u00bfPor qu\u00e9 la IA no reemplaza a los cuidadores de adultos mayores?<\/a>\n\t\t\t<\/h4>\n\t\t\t\t\t\t<div class='uagb-post__text uagb-post-grid-byline'>\n\t\t\t\t\t\t\t<\/div>\n\t\t\t\n\t\t\t\t\t\t\t\t\t<\/article>\n\t\t\t\t\t\t\t\t\t\t\t<\/div>\n\t\t\t<\/div>\n","protected":false},"excerpt":{"rendered":"<p>Las derechas corren los l\u00edmites de lo que se puede decir y lo que no, los influencers y periodistas de trayectoria juegan en el l\u00edmite para captar la atenci\u00f3n de las audiencias.<\/p>\n","protected":false},"author":4,"featured_media":26680,"comment_status":"open","ping_status":"closed","sticky":false,"template":"","format":"standard","meta":{"_uag_custom_page_level_css":"","_monsterinsights_skip_tracking":false,"_monsterinsights_sitenote_active":false,"_monsterinsights_sitenote_note":"","_monsterinsights_sitenote_category":0,"site-sidebar-layout":"default","site-content-layout":"","ast-site-content-layout":"","site-content-style":"default","site-sidebar-style":"default","ast-global-header-display":"","ast-banner-title-visibility":"","ast-main-header-display":"","ast-hfb-above-header-display":"","ast-hfb-below-header-display":"","ast-hfb-mobile-header-display":"","site-post-title":"","ast-breadcrumbs-content":"","ast-featured-img":"","footer-sml-layout":"","ast-disable-related-posts":"","theme-transparent-header-meta":"","adv-header-id-meta":"","stick-header-meta":"","header-above-stick-meta":"","header-main-stick-meta":"","header-below-stick-meta":"","astra-migrate-meta-layouts":"default","ast-page-background-enabled":"default","ast-page-background-meta":{"desktop":{"background-color":"var(--ast-global-color-4)","background-image":"","background-repeat":"repeat","background-position":"center center","background-size":"auto","background-attachment":"scroll","background-type":"","background-media":"","overlay-type":"","overlay-color":"","overlay-opacity":"","overlay-gradient":""},"tablet":{"background-color":"","background-image":"","background-repeat":"repeat","background-position":"center center","background-size":"auto","background-attachment":"scroll","background-type":"","background-media":"","overlay-type":"","overlay-color":"","overlay-opacity":"","overlay-gradient":""},"mobile":{"background-color":"","background-image":"","background-repeat":"repeat","background-position":"center center","background-size":"auto","background-attachment":"scroll","background-type":"","background-media":"","overlay-type":"","overlay-color":"","overlay-opacity":"","overlay-gradient":""}},"ast-content-background-meta":{"desktop":{"background-color":"var(--ast-global-color-5)","background-image":"","background-repeat":"repeat","background-position":"center center","background-size":"auto","background-attachment":"scroll","background-type":"","background-media":"","overlay-type":"","overlay-color":"","overlay-opacity":"","overlay-gradient":""},"tablet":{"background-color":"var(--ast-global-color-5)","background-image":"","background-repeat":"repeat","background-position":"center center","background-size":"auto","background-attachment":"scroll","background-type":"","background-media":"","overlay-type":"","overlay-color":"","overlay-opacity":"","overlay-gradient":""},"mobile":{"background-color":"var(--ast-global-color-5)","background-image":"","background-repeat":"repeat","background-position":"center center","background-size":"auto","background-attachment":"scroll","background-type":"","background-media":"","overlay-type":"","overlay-color":"","overlay-opacity":"","overlay-gradient":""}},"footnotes":""},"categories":[16,363],"tags":[909],"class_list":["post-26677","post","type-post","status-publish","format-standard","has-post-thumbnail","hentry","category-noticia-destacada","category-sociedad","tag-cultura-digital"],"aioseo_notices":[],"uagb_featured_image_src":{"full":["https:\/\/agencia.unq.edu.ar\/wp-content\/uploads\/2025\/03\/Moldavsky-Casella-Paluch.jpg",1040,420,false],"thumbnail":["https:\/\/agencia.unq.edu.ar\/wp-content\/uploads\/2025\/03\/Moldavsky-Casella-Paluch.jpg",150,61,false],"medium":["https:\/\/agencia.unq.edu.ar\/wp-content\/uploads\/2025\/03\/Moldavsky-Casella-Paluch.jpg",960,388,false],"medium_large":["https:\/\/agencia.unq.edu.ar\/wp-content\/uploads\/2025\/03\/Moldavsky-Casella-Paluch.jpg",768,310,false],"large":["https:\/\/agencia.unq.edu.ar\/wp-content\/uploads\/2025\/03\/Moldavsky-Casella-Paluch.jpg",1040,420,false],"1536x1536":["https:\/\/agencia.unq.edu.ar\/wp-content\/uploads\/2025\/03\/Moldavsky-Casella-Paluch.jpg",1040,420,false],"2048x2048":["https:\/\/agencia.unq.edu.ar\/wp-content\/uploads\/2025\/03\/Moldavsky-Casella-Paluch.jpg",1040,420,false]},"uagb_author_info":{"display_name":"Luciana Mazzini Puga","author_link":"https:\/\/agencia.unq.edu.ar\/?author=4"},"uagb_comment_info":0,"uagb_excerpt":"Las derechas corren los l\u00edmites de lo que se puede decir y lo que no, los influencers y periodistas de trayectoria juegan en el l\u00edmite para captar la atenci\u00f3n de las audiencias.","blog_post_layout_featured_media_urls":{"thumbnail":["https:\/\/agencia.unq.edu.ar\/wp-content\/uploads\/2025\/03\/Moldavsky-Casella-Paluch.jpg",150,61,false],"full":["https:\/\/agencia.unq.edu.ar\/wp-content\/uploads\/2025\/03\/Moldavsky-Casella-Paluch.jpg",1040,420,false]},"categories_names":{"16":{"name":"Noticia destacada","link":"https:\/\/agencia.unq.edu.ar\/?cat=16"},"363":{"name":"Sociedad","link":"https:\/\/agencia.unq.edu.ar\/?cat=363"}},"tags_names":{"909":{"name":"Cultura digital","link":"https:\/\/agencia.unq.edu.ar\/?tag=cultura-digital"}},"comments_number":"0","_links":{"self":[{"href":"https:\/\/agencia.unq.edu.ar\/index.php?rest_route=\/wp\/v2\/posts\/26677","targetHints":{"allow":["GET"]}}],"collection":[{"href":"https:\/\/agencia.unq.edu.ar\/index.php?rest_route=\/wp\/v2\/posts"}],"about":[{"href":"https:\/\/agencia.unq.edu.ar\/index.php?rest_route=\/wp\/v2\/types\/post"}],"author":[{"embeddable":true,"href":"https:\/\/agencia.unq.edu.ar\/index.php?rest_route=\/wp\/v2\/users\/4"}],"replies":[{"embeddable":true,"href":"https:\/\/agencia.unq.edu.ar\/index.php?rest_route=%2Fwp%2Fv2%2Fcomments&post=26677"}],"version-history":[{"count":8,"href":"https:\/\/agencia.unq.edu.ar\/index.php?rest_route=\/wp\/v2\/posts\/26677\/revisions"}],"predecessor-version":[{"id":26695,"href":"https:\/\/agencia.unq.edu.ar\/index.php?rest_route=\/wp\/v2\/posts\/26677\/revisions\/26695"}],"wp:featuredmedia":[{"embeddable":true,"href":"https:\/\/agencia.unq.edu.ar\/index.php?rest_route=\/wp\/v2\/media\/26680"}],"wp:attachment":[{"href":"https:\/\/agencia.unq.edu.ar\/index.php?rest_route=%2Fwp%2Fv2%2Fmedia&parent=26677"}],"wp:term":[{"taxonomy":"category","embeddable":true,"href":"https:\/\/agencia.unq.edu.ar\/index.php?rest_route=%2Fwp%2Fv2%2Fcategories&post=26677"},{"taxonomy":"post_tag","embeddable":true,"href":"https:\/\/agencia.unq.edu.ar\/index.php?rest_route=%2Fwp%2Fv2%2Ftags&post=26677"}],"curies":[{"name":"wp","href":"https:\/\/api.w.org\/{rel}","templated":true}]}}