{"id":27316,"date":"2025-04-06T18:30:04","date_gmt":"2025-04-06T21:30:04","guid":{"rendered":"https:\/\/agencia.unq.edu.ar\/?p=27316"},"modified":"2025-04-07T17:55:15","modified_gmt":"2025-04-07T20:55:15","slug":"matorrales-nativos-por-que-actuan-como-guarderias-de-los-bosques-y-como-protegerlos","status":"publish","type":"post","link":"https:\/\/agencia.unq.edu.ar\/?p=27316","title":{"rendered":"Matorrales nativos: \u00bfpor qu\u00e9 act\u00faan como &#8220;guarder\u00edas de los bosques&#8221; y c\u00f3mo protegerlos?"},"content":{"rendered":"\n<p class=\"has-medium-font-size\">C\u00f3rdoba trabaja en la actualizaci\u00f3n de su Ley de Bosques y todas las lupas apuntan hacia los matorrales: ecosistemas biodiversos, que constituyen los remanentes de vegetaci\u00f3n m\u00e1s extendidos en la provincia.<\/p>\n\n\n\n<p><\/p>\n\n\n\n<figure class=\"wp-block-image aligncenter size-full\"><img loading=\"lazy\" decoding=\"async\" width=\"1040\" height=\"420\" src=\"https:\/\/agencia.unq.edu.ar\/wp-content\/uploads\/2025\/04\/ipiccy_image-6.jpg\" alt=\"Matorral serrano en la zona de Alta Gracia, C\u00f3rdoba. Cr\u00e9ditos: Fernando Gallar\u00e1 Bueno. \" class=\"wp-image-27317\"\/><figcaption class=\"wp-element-caption\">Matorral serrano en la zona de Alta Gracia, C\u00f3rdoba. Cr\u00e9ditos: Fernando Gallar\u00e1 Bueno. <\/figcaption><\/figure>\n\n\n\n<p class=\"has-medium-font-size\"><em>Por Fernando Gallar\u00e1 Bueno*<\/em><\/p>\n\n\n\n<p>A casi 15 a\u00f1os de la sanci\u00f3n de la <a href=\"http:\/\/web2.cba.gov.ar\/web\/leyes.nsf\/0\/603DCE7A084735F10325777C006CCE5F?OpenDocument&amp;Highlight=0,9814\" target=\"_blank\" rel=\"noopener\" title=\"\">Ley de Ordenamiento Territorial de Bosques Nativos<\/a> (OTBN) de C\u00f3rdoba, se espera que se concrete su tan esperada actualizaci\u00f3n. Controvertida desde sus or\u00edgenes, los debates en torno a sus definiciones, alcance y cumplimiento no han cesado desde entonces. Mientras que parte del <a href=\"https:\/\/www.lanacion.com.ar\/economia\/campo\/controversia-en-cordoba-reclaman-un-nuevo-ordenamiento-del-bosque-nativo-para-ampliar-la-frontera-nid19112024\/\" target=\"_blank\" rel=\"noopener\" title=\"\">sector agropecuario reclama la habilitaci\u00f3n de tierras en zona roja<\/a>, bajo la m\u00e1xima categor\u00eda de protecci\u00f3n, la comunidad cient\u00edfica alerta sobre la necesidad de<strong> aumentar la protecci\u00f3n de los matorrales o arbustales nativos<\/strong>, que en el presente se encuentran categorizados dentro de la zona amarilla del <a href=\"https:\/\/drive.google.com\/file\/d\/1v3zBgwri5rxm3U8PcTHxJOtCoE8JbDMz\/view?usp=sharing\" target=\"_blank\" rel=\"noopener\" title=\"\">mapa de OTBN<\/a>.<\/p>\n\n\n\n<p>Los matorrales son ecosistemas forestales en los que predominan arbustos y otras plantas le\u00f1osas de baja estatura, que <strong>funcionan como una <\/strong>\u201c<strong>guarder\u00eda del bosque<\/strong>\u201d, debido a que albergan en su interior numerosos ejemplares peque\u00f1os de \u00e1rboles nativos. Su gran potencial reside, no s\u00f3lo en su aptitud para la regeneraci\u00f3n de los bosques, sino tambi\u00e9n en que <strong>son ecosistemas muy biodiversos y constituyen los remanentes de vegetaci\u00f3n nativa m\u00e1s extendidos<\/strong> en el territorio cordob\u00e9s.<\/p>\n\n\n\n<p>De acuerdo al <a href=\"https:\/\/drive.google.com\/file\/d\/12kp8iZdfFCdF05Yq2SipYRD6Bz3glTDL\/view?usp=sharing\" target=\"_blank\" rel=\"noopener\" title=\"\">\u00faltimo estudio completo de la vegetaci\u00f3n nativa de C\u00f3rdoba<\/a> publicado en el libro <a href=\"https:\/\/drive.google.com\/file\/d\/1aOFUMzaFCtbiN7jrHodydeXEdPkS6hcf\/view\" target=\"_blank\" rel=\"noopener\" title=\"\">Hacia el ordenamiento territorial de la provincia de C\u00f3rdoba: bases ambientales<\/a> en 2019, <strong>el 51,8 por ciento de la vegetaci\u00f3n nativa est\u00e1 conformado por matorrales con el potencial de regenerar bosques<\/strong>, un \u00e1rea casi seis veces mayor a la ocupada por los bosques mejor conservados, que es del 8,5 por ciento. Los matorrales son uno de los ecosistemas en mayor contacto con las poblaciones humanas, en particular en la zona baja de las sierras, que es hacia donde se expandi\u00f3 la frontera urbana en las \u00faltimas d\u00e9cadas.<\/p>\n\n\n\n<p><strong>Parad\u00f3jicamente, \u201cel arbustal est\u00e1 extinguido en el imaginario\u201d<\/strong> de estas personas, expresa <a href=\"https:\/\/www.instagram.com\/ceciliaeynard\/\" target=\"_blank\" rel=\"noopener\" title=\"\">Cecilia Eynard<\/a>, bi\u00f3loga, mag\u00edster en Arquitectura del Paisaje y coautora del libro <a href=\"https:\/\/www.ecovalediciones.com.ar\/productos\/cultivo-de-plantas-nativas\/\" target=\"_blank\" rel=\"noopener\" title=\"\">Cultivo de plantas nativas<\/a>: <em>propagaci\u00f3n y viverismo de especies de Argentina Central<\/em>. Los datos recabados durante 10 a\u00f1os en sus cursos y talleres sobre flora nativa son reveladores, ya que el 82 por ciento de las especies mencionadas por los asistentes correspond\u00edan a \u00e1rboles y el porcentaje restante a otro tipo de plantas, representando en conjunto un repertorio muy acotado de especies (principalmente algarrobos, algunas otras especies de \u00e1rboles y menos de una decena de arbustos). <strong>Esta falta de conocimiento refleja la fuerte desconexi\u00f3n que existe entre las personas y la naturaleza.<\/strong><\/p>\n\n\n\n<p>Eynard sostiene que <strong>la \u201cconfrontaci\u00f3n f\u00edsica con el matorral\u201d genera una sensaci\u00f3n de impedimento<\/strong>, por lo que la \u201cocupaci\u00f3n humana entra en conflicto directo con el lugar\u201d. No ocurre lo mismo con el campesino, que convive con el bosque \u201ccon todos sus estratos\u201d, aclara. Como consecuencia, el matorral (y por extensi\u00f3n el estrato arbustivo en general) <strong>es percibido de manera negativa y eliminado casi por completo<\/strong>. A esto se suma que un gran n\u00famero de municipios cordobeses exige la \u201climpieza\u201d de los lotes. Este proceso genera una retroalimentaci\u00f3n negativa que contribuye al desconocimiento y la p\u00e9rdida de estos ecosistemas. Resulta incomprensible esta l\u00f3gica, que responde al deseo de muchas personas, de ir a vivir a las sierras para reproducir el mismo patr\u00f3n de las ciudades de las que se escapa.<\/p>\n\n\n\n<p><strong>\u201cEl paisaje se reconfigura primero mentalmente, luego en el territorio\u201d,<\/strong> asegura la mag\u00edster cordobesa. En este sentido, sostiene que <strong>es necesario sensibilizar a la poblaci\u00f3n<\/strong> mediante iniciativas de comunicaci\u00f3n y educaci\u00f3n que rescaten la importancia del matorral y promuevan pr\u00e1cticas que demuestren que otra convivencia es posible. Como ejemplo, Eynard explica que fue una decisi\u00f3n estrat\u00e9gica incluir en su libro un amplio cat\u00e1logo de especies, m\u00e1s all\u00e1 de los \u00e1rboles, ya que hist\u00f3ricamente el cultivo se ha centrado en ellos.<\/p>\n\n\n\n<h2 class=\"wp-block-heading\">Una oportunidad para no dejar pasar<\/h2>\n\n\n\n<p>Para <a href=\"https:\/\/www.conicet.gov.ar\/new_scp\/detalle.php?id=26197&amp;datos_academicos=yes\" target=\"_blank\" rel=\"noopener\" title=\"\">Melisa Giorgis<\/a>, doctora en Ciencias Biol\u00f3gicas e investigadora del Conicet, <strong>la Ley de OTBN \u201ctiene una concepci\u00f3n est\u00e1tica\u201d de los ecosistemas<\/strong>, lo que contribuy\u00f3 a que los matorrales quedaran fuera de la m\u00e1xima categor\u00eda de conservaci\u00f3n. Si bien la categorizaci\u00f3n actual ofrece, al menos en teor\u00eda, cierta protecci\u00f3n mediante la prohibici\u00f3n del desmonte y la habilitaci\u00f3n de actividades de bajo impacto, en la pr\u00e1ctica ha resultado ineficiente.<\/p>\n\n\n\n<p>Lo demuestran la fuerte expansi\u00f3n de las urbanizaciones y la alta ocurrencia de incendios, especialmente en la zona baja del gradiente serrano, que es en donde m\u00e1s se concentran los matorrales. Giorgis a\u00f1ade: \u201c<strong>Donde m\u00e1s vamos a ver grandes cambios en los pr\u00f3ximos a\u00f1os es, justamente, en esos matorrales<\/strong> que est\u00e1n en la parte baja, sea porque se llenan de casas, o porque se llenan de (especies) ex\u00f3ticas\u201d. En este sentido, es necesario que haya \u201cuna fuerte decisi\u00f3n pol\u00edtica de conservar territorios como estos matorrales, que ya sabemos que est\u00e1n en fuerte tensi\u00f3n de cambio de uso de suelo\u201d.<\/p>\n\n\n\n<p>Seg\u00fan la investigadora cordobesa, <strong>\u201clo m\u00e1s importante es pensar m\u00e1s all\u00e1 de lo que hoy vemos en el paisaje\u201d y trabajar en una mejora sustancial de la Ley<\/strong>, que implique \u201cun salto de calidad\u201d en la definici\u00f3n de \u201czonas rojas en funci\u00f3n de lo que queremos proteger y de lo que queremos restaurar\u201d. Asimismo, Giorgis se\u00f1ala que es necesario <strong>abordar el paisaje desde una concepci\u00f3n integral<\/strong> en la que se contemplen \u201ctodo tipo de contribuciones de la naturaleza, desde agua hasta producci\u00f3n ganadera\u201d, pensando la conservaci\u00f3n, la restauraci\u00f3n y el manejo de los ecosistemas \u201cen funci\u00f3n de lo que queremos del paisaje o lo que podemos tener del paisaje\u201d.<\/p>\n\n\n\n<p>La actualizaci\u00f3n de la Ley de Bosques es una excelente oportunidad para mejorar la protecci\u00f3n de los matorrales, reconociendo su potencial para incrementar el \u00e1rea de bosques nativos. El conocimiento y las capacidades t\u00e9cnicas existen, solo resta saber si acompa\u00f1ar\u00e1 la voluntad pol\u00edtica.<\/p>\n\n\n\n<p style=\"font-size:16px\">* Es estudiante de la Especializaci\u00f3n en Comunicaci\u00f3n, Gesti\u00f3n y Producci\u00f3n Cultural de la Ciencia y la Tecnolog\u00eda de la UNQ. <\/p>\n\n\n\n<div class=\"wp-block-uagb-container uagb-block-7dcee257 alignwide uagb-is-root-container\">\n<div class=\"wp-block-uagb-advanced-heading uagb-block-21a85b96\"><h4 class=\"uagb-heading-text\">\u00daltimas noticias de la secci\u00f3n Ambiente:<\/h4><\/div>\n\n\n\n\t\t\t<div class=\"wp-block-uagb-post-carousel uagb-post-grid  uagb-post__image-position-top uagb-post__image-enabled uagb-block-e66dac42     uagb-post__arrow-outside uagb-slick-carousel uagb-post__items uagb-post__columns-3 is-carousel uagb-post__columns-tablet-2 uagb-post__columns-mobile-1\" data-total=\"19\" style=\"\">\n\n\t\t\t\t\t\t\t\t\t\t\t\t<article class=\"uagb-post__inner-wrap\">\t\t\t\t\t\t\t\t<div class='uagb-post__image'>\n\t\t\t\t\t\t\t\t\t<a href=\"https:\/\/agencia.unq.edu.ar\/?p=35518\" target=\"_self\" rel=\"bookmark noopener noreferrer\"><img loading=\"lazy\" decoding=\"async\" width=\"960\" height=\"388\" src=\"https:\/\/agencia.unq.edu.ar\/wp-content\/uploads\/2026\/04\/Pinguino-emperador.jpg\" class=\"attachment-medium size-medium\" alt=\"El ping\u00fcino emperador es una de las especies que cambi\u00f3 de categor\u00eda y ahora est\u00e1 en peligro de extinci\u00f3n. Cr\u00e9ditos: Philip Trathan.\" \/>\t\t\t\t\t<\/a>\n\t\t\t\t\t\t\t\t\t<\/div>\n\t\t\t\t\t\t<h4 class=\"uagb-post__title uagb-post__text\">\n\t\t\t\t<a href=\"https:\/\/agencia.unq.edu.ar\/?p=35518\" target=\"_self\" rel=\"bookmark noopener noreferrer\">Por culpa del cambio clim\u00e1tico, dos animales emblem\u00e1ticos de la Ant\u00e1rtida podr\u00edan extinguirse<\/a>\n\t\t\t<\/h4>\n\t\t\t\t\t\t<div class='uagb-post__text uagb-post-grid-byline'>\n\t\t\t\t\t\t\t<\/div>\n\t\t\t\n\t\t\t\t\t\t\t\t\t<\/article>\n\t\t\t\t\t\t\t\t\t\t\t\t\t\t\t\t<article class=\"uagb-post__inner-wrap\">\t\t\t\t\t\t\t\t<div class='uagb-post__image'>\n\t\t\t\t\t\t\t\t\t<a href=\"https:\/\/agencia.unq.edu.ar\/?p=34846\" target=\"_self\" rel=\"bookmark noopener noreferrer\"><img loading=\"lazy\" decoding=\"async\" width=\"960\" height=\"388\" src=\"https:\/\/agencia.unq.edu.ar\/wp-content\/uploads\/2026\/03\/Mono-capuchino.jpg\" class=\"attachment-medium size-medium\" alt=\"Los monos ca\u00ed buscan el interior de los \u00e1rboles como fuente de alimentaci\u00f3n (imagen: CONICET Nordeste).\" \/>\t\t\t\t\t<\/a>\n\t\t\t\t\t\t\t\t\t<\/div>\n\t\t\t\t\t\t<h4 class=\"uagb-post__title uagb-post__text\">\n\t\t\t\t<a href=\"https:\/\/agencia.unq.edu.ar\/?p=34846\" target=\"_self\" rel=\"bookmark noopener noreferrer\">Monos, pinos y una idea ingeniosa para que todos ganen<\/a>\n\t\t\t<\/h4>\n\t\t\t\t\t\t<div class='uagb-post__text uagb-post-grid-byline'>\n\t\t\t\t\t\t\t<\/div>\n\t\t\t\n\t\t\t\t\t\t\t\t\t<\/article>\n\t\t\t\t\t\t\t\t\t\t\t\t\t\t\t\t<article class=\"uagb-post__inner-wrap\">\t\t\t\t\t\t\t\t<div class='uagb-post__image'>\n\t\t\t\t\t\t\t\t\t<a href=\"https:\/\/agencia.unq.edu.ar\/?p=34711\" target=\"_self\" rel=\"bookmark noopener noreferrer\"><img loading=\"lazy\" decoding=\"async\" width=\"960\" height=\"388\" src=\"https:\/\/agencia.unq.edu.ar\/wp-content\/uploads\/2026\/03\/nueve-claves.jpg\" class=\"attachment-medium size-medium\" alt=\"Evaluar y proteger la biodiversidad se volvi\u00f3 imprescindible (imagen: estrategiasdeiversion.com)\" \/>\t\t\t\t\t<\/a>\n\t\t\t\t\t\t\t\t\t<\/div>\n\t\t\t\t\t\t<h4 class=\"uagb-post__title uagb-post__text\">\n\t\t\t\t<a href=\"https:\/\/agencia.unq.edu.ar\/?p=34711\" target=\"_self\" rel=\"bookmark noopener noreferrer\">Cient\u00edficos de todo el mundo acordaron los cambios fundamentales para proteger la biodiversidad<\/a>\n\t\t\t<\/h4>\n\t\t\t\t\t\t<div class='uagb-post__text uagb-post-grid-byline'>\n\t\t\t\t\t\t\t<\/div>\n\t\t\t\n\t\t\t\t\t\t\t\t\t<\/article>\n\t\t\t\t\t\t\t\t\t\t\t\t\t\t\t\t<article class=\"uagb-post__inner-wrap\">\t\t\t\t\t\t\t\t<div class='uagb-post__image'>\n\t\t\t\t\t\t\t\t\t<a href=\"https:\/\/agencia.unq.edu.ar\/?p=34358\" target=\"_self\" rel=\"bookmark noopener noreferrer\"><img loading=\"lazy\" decoding=\"async\" width=\"960\" height=\"388\" src=\"https:\/\/agencia.unq.edu.ar\/wp-content\/uploads\/2026\/02\/Inundacion-Peru.jpg\" class=\"attachment-medium size-medium\" alt=\"Una inundaci\u00f3n de 2017 en Per\u00fa que dej\u00f3 m\u00e1s de 100 muertos. Cr\u00e9ditos: Reuters.\" \/>\t\t\t\t\t<\/a>\n\t\t\t\t\t\t\t\t\t<\/div>\n\t\t\t\t\t\t<h4 class=\"uagb-post__title uagb-post__text\">\n\t\t\t\t<a href=\"https:\/\/agencia.unq.edu.ar\/?p=34358\" target=\"_self\" rel=\"bookmark noopener noreferrer\">Se duplicaron las inundaciones en Am\u00e9rica Latina y el Caribe durante los \u00faltimos 30 a\u00f1os<\/a>\n\t\t\t<\/h4>\n\t\t\t\t\t\t<div class='uagb-post__text uagb-post-grid-byline'>\n\t\t\t\t\t\t\t<\/div>\n\t\t\t\n\t\t\t\t\t\t\t\t\t<\/article>\n\t\t\t\t\t\t\t\t\t\t\t\t\t\t\t\t<article class=\"uagb-post__inner-wrap\">\t\t\t\t\t\t\t\t<div class='uagb-post__image'>\n\t\t\t\t\t\t\t\t\t<a href=\"https:\/\/agencia.unq.edu.ar\/?p=34203\" target=\"_self\" rel=\"bookmark noopener noreferrer\"><img loading=\"lazy\" decoding=\"async\" width=\"960\" height=\"388\" src=\"https:\/\/agencia.unq.edu.ar\/wp-content\/uploads\/2026\/02\/La-tecnologia-economica-rapida-y-portatil-para-medir-fosfato.-Creditos_-Conicet.jpg\" class=\"attachment-medium size-medium\" alt=\"La tecnolog\u00eda econ\u00f3mica, r\u00e1pida y port\u00e1til para medir fosfato. Cr\u00e9ditos: Conicet.\" \/>\t\t\t\t\t<\/a>\n\t\t\t\t\t\t\t\t\t<\/div>\n\t\t\t\t\t\t<h4 class=\"uagb-post__title uagb-post__text\">\n\t\t\t\t<a href=\"https:\/\/agencia.unq.edu.ar\/?p=34203\" target=\"_self\" rel=\"bookmark noopener noreferrer\">Investigadores del Conicet desarrollan un m\u00e9todo para medir el fosfato con el celular<\/a>\n\t\t\t<\/h4>\n\t\t\t\t\t\t<div class='uagb-post__text uagb-post-grid-byline'>\n\t\t\t\t\t\t\t<\/div>\n\t\t\t\n\t\t\t\t\t\t\t\t\t<\/article>\n\t\t\t\t\t\t\t\t\t\t\t\t\t\t\t\t<article class=\"uagb-post__inner-wrap\">\t\t\t\t\t\t\t\t<div class='uagb-post__image'>\n\t\t\t\t\t\t\t\t\t<a href=\"https:\/\/agencia.unq.edu.ar\/?p=34153\" target=\"_self\" rel=\"bookmark noopener noreferrer\"><img loading=\"lazy\" decoding=\"async\" width=\"960\" height=\"388\" src=\"https:\/\/agencia.unq.edu.ar\/wp-content\/uploads\/2026\/02\/Arboles-IA.jpg\" class=\"attachment-medium size-medium\" alt=\"Uno de los \u00e1rboles plantados en un suburbio en la isla Bribie es el Fresno. Cr\u00e9ditos: Huertox.\" \/>\t\t\t\t\t<\/a>\n\t\t\t\t\t\t\t\t\t<\/div>\n\t\t\t\t\t\t<h4 class=\"uagb-post__title uagb-post__text\">\n\t\t\t\t<a href=\"https:\/\/agencia.unq.edu.ar\/?p=34153\" target=\"_self\" rel=\"bookmark noopener noreferrer\">Desarrollan una herramienta con IA que podr\u00eda enfriar zonas urbanas hasta 3,5 grados<\/a>\n\t\t\t<\/h4>\n\t\t\t\t\t\t<div class='uagb-post__text uagb-post-grid-byline'>\n\t\t\t\t\t\t\t<\/div>\n\t\t\t\n\t\t\t\t\t\t\t\t\t<\/article>\n\t\t\t\t\t\t\t\t\t\t\t\t\t\t\t\t<article class=\"uagb-post__inner-wrap\">\t\t\t\t\t\t\t\t<div class='uagb-post__image'>\n\t\t\t\t\t\t\t\t\t<a href=\"https:\/\/agencia.unq.edu.ar\/?p=33935\" target=\"_self\" rel=\"bookmark noopener noreferrer\"><img loading=\"lazy\" decoding=\"async\" width=\"960\" height=\"388\" src=\"https:\/\/agencia.unq.edu.ar\/wp-content\/uploads\/2026\/02\/biodiversidad.jpg\" class=\"attachment-medium size-medium\" alt=\"La vida secreta del planeta: miles de especies nuevas por a\u00f1o y un reloj que corre. Cr\u00e9ditos: EcoCounter.\" \/>\t\t\t\t\t<\/a>\n\t\t\t\t\t\t\t\t\t<\/div>\n\t\t\t\t\t\t<h4 class=\"uagb-post__title uagb-post__text\">\n\t\t\t\t<a href=\"https:\/\/agencia.unq.edu.ar\/?p=33935\" target=\"_self\" rel=\"bookmark noopener noreferrer\">Media Tierra sin nombre: la biodiversidad que falta descubrir no se achica, crece<\/a>\n\t\t\t<\/h4>\n\t\t\t\t\t\t<div class='uagb-post__text uagb-post-grid-byline'>\n\t\t\t\t\t\t\t<\/div>\n\t\t\t\n\t\t\t\t\t\t\t\t\t<\/article>\n\t\t\t\t\t\t\t\t\t\t\t\t\t\t\t\t<article class=\"uagb-post__inner-wrap\">\t\t\t\t\t\t\t\t<div class='uagb-post__image'>\n\t\t\t\t\t\t\t\t\t<a href=\"https:\/\/agencia.unq.edu.ar\/?p=33883\" target=\"_self\" rel=\"bookmark noopener noreferrer\"><img loading=\"lazy\" decoding=\"async\" width=\"960\" height=\"388\" src=\"https:\/\/agencia.unq.edu.ar\/wp-content\/uploads\/2026\/02\/pinguinos-el-extremo-sur.jpg\" class=\"attachment-medium size-medium\" alt=\"La observaci\u00f3n es no invasiva ya que no hay iluminaci\u00f3n en nidos, los ingresos son perimetrales y el mantenimiento se realiza a intervalos amplios. Cr\u00e9ditos: El extremos sur.\" \/>\t\t\t\t\t<\/a>\n\t\t\t\t\t\t\t\t\t<\/div>\n\t\t\t\t\t\t<h4 class=\"uagb-post__title uagb-post__text\">\n\t\t\t\t<a href=\"https:\/\/agencia.unq.edu.ar\/?p=33883\" target=\"_self\" rel=\"bookmark noopener noreferrer\">El streaming del Conicet que convierte a la Patagonia en laboratorio a cielo abierto<\/a>\n\t\t\t<\/h4>\n\t\t\t\t\t\t<div class='uagb-post__text uagb-post-grid-byline'>\n\t\t\t\t\t\t\t<\/div>\n\t\t\t\n\t\t\t\t\t\t\t\t\t<\/article>\n\t\t\t\t\t\t\t\t\t\t\t<\/div>\n\t\t\t<\/div>\n","protected":false},"excerpt":{"rendered":"<p>Se trata de ecosistemas biodiversos, que constituyen los remanentes de vegetaci\u00f3n m\u00e1s extendidos en la provincia de C\u00f3rdoba. <\/p>\n","protected":false},"author":9,"featured_media":27317,"comment_status":"open","ping_status":"closed","sticky":false,"template":"","format":"standard","meta":{"_uag_custom_page_level_css":"","_monsterinsights_skip_tracking":false,"_monsterinsights_sitenote_active":false,"_monsterinsights_sitenote_note":"","_monsterinsights_sitenote_category":0,"site-sidebar-layout":"default","site-content-layout":"","ast-site-content-layout":"default","site-content-style":"default","site-sidebar-style":"default","ast-global-header-display":"","ast-banner-title-visibility":"","ast-main-header-display":"","ast-hfb-above-header-display":"","ast-hfb-below-header-display":"","ast-hfb-mobile-header-display":"","site-post-title":"","ast-breadcrumbs-content":"","ast-featured-img":"","footer-sml-layout":"","ast-disable-related-posts":"","theme-transparent-header-meta":"","adv-header-id-meta":"","stick-header-meta":"","header-above-stick-meta":"","header-main-stick-meta":"","header-below-stick-meta":"","astra-migrate-meta-layouts":"default","ast-page-background-enabled":"default","ast-page-background-meta":{"desktop":{"background-color":"var(--ast-global-color-4)","background-image":"","background-repeat":"repeat","background-position":"center center","background-size":"auto","background-attachment":"scroll","background-type":"","background-media":"","overlay-type":"","overlay-color":"","overlay-opacity":"","overlay-gradient":""},"tablet":{"background-color":"","background-image":"","background-repeat":"repeat","background-position":"center center","background-size":"auto","background-attachment":"scroll","background-type":"","background-media":"","overlay-type":"","overlay-color":"","overlay-opacity":"","overlay-gradient":""},"mobile":{"background-color":"","background-image":"","background-repeat":"repeat","background-position":"center center","background-size":"auto","background-attachment":"scroll","background-type":"","background-media":"","overlay-type":"","overlay-color":"","overlay-opacity":"","overlay-gradient":""}},"ast-content-background-meta":{"desktop":{"background-color":"var(--ast-global-color-5)","background-image":"","background-repeat":"repeat","background-position":"center center","background-size":"auto","background-attachment":"scroll","background-type":"","background-media":"","overlay-type":"","overlay-color":"","overlay-opacity":"","overlay-gradient":""},"tablet":{"background-color":"var(--ast-global-color-5)","background-image":"","background-repeat":"repeat","background-position":"center center","background-size":"auto","background-attachment":"scroll","background-type":"","background-media":"","overlay-type":"","overlay-color":"","overlay-opacity":"","overlay-gradient":""},"mobile":{"background-color":"var(--ast-global-color-5)","background-image":"","background-repeat":"repeat","background-position":"center center","background-size":"auto","background-attachment":"scroll","background-type":"","background-media":"","overlay-type":"","overlay-color":"","overlay-opacity":"","overlay-gradient":""}},"footnotes":""},"categories":[11,16],"tags":[],"class_list":["post-27316","post","type-post","status-publish","format-standard","has-post-thumbnail","hentry","category-ambiente","category-noticia-destacada"],"aioseo_notices":[],"uagb_featured_image_src":{"full":["https:\/\/agencia.unq.edu.ar\/wp-content\/uploads\/2025\/04\/ipiccy_image-6.jpg",1040,420,false],"thumbnail":["https:\/\/agencia.unq.edu.ar\/wp-content\/uploads\/2025\/04\/ipiccy_image-6.jpg",150,61,false],"medium":["https:\/\/agencia.unq.edu.ar\/wp-content\/uploads\/2025\/04\/ipiccy_image-6.jpg",960,388,false],"medium_large":["https:\/\/agencia.unq.edu.ar\/wp-content\/uploads\/2025\/04\/ipiccy_image-6.jpg",768,310,false],"large":["https:\/\/agencia.unq.edu.ar\/wp-content\/uploads\/2025\/04\/ipiccy_image-6.jpg",1040,420,false],"1536x1536":["https:\/\/agencia.unq.edu.ar\/wp-content\/uploads\/2025\/04\/ipiccy_image-6.jpg",1040,420,false],"2048x2048":["https:\/\/agencia.unq.edu.ar\/wp-content\/uploads\/2025\/04\/ipiccy_image-6.jpg",1040,420,false]},"uagb_author_info":{"display_name":"Agencia de Noticias Cient\u00edficas UNQ","author_link":"https:\/\/agencia.unq.edu.ar\/?author=9"},"uagb_comment_info":0,"uagb_excerpt":"Se trata de ecosistemas biodiversos, que constituyen los remanentes de vegetaci\u00f3n m\u00e1s extendidos en la provincia de C\u00f3rdoba.","blog_post_layout_featured_media_urls":{"thumbnail":["https:\/\/agencia.unq.edu.ar\/wp-content\/uploads\/2025\/04\/ipiccy_image-6.jpg",150,61,false],"full":["https:\/\/agencia.unq.edu.ar\/wp-content\/uploads\/2025\/04\/ipiccy_image-6.jpg",1040,420,false]},"categories_names":{"11":{"name":"Ambiente","link":"https:\/\/agencia.unq.edu.ar\/?cat=11"},"16":{"name":"Noticia destacada","link":"https:\/\/agencia.unq.edu.ar\/?cat=16"}},"tags_names":[],"comments_number":"0","_links":{"self":[{"href":"https:\/\/agencia.unq.edu.ar\/index.php?rest_route=\/wp\/v2\/posts\/27316","targetHints":{"allow":["GET"]}}],"collection":[{"href":"https:\/\/agencia.unq.edu.ar\/index.php?rest_route=\/wp\/v2\/posts"}],"about":[{"href":"https:\/\/agencia.unq.edu.ar\/index.php?rest_route=\/wp\/v2\/types\/post"}],"author":[{"embeddable":true,"href":"https:\/\/agencia.unq.edu.ar\/index.php?rest_route=\/wp\/v2\/users\/9"}],"replies":[{"embeddable":true,"href":"https:\/\/agencia.unq.edu.ar\/index.php?rest_route=%2Fwp%2Fv2%2Fcomments&post=27316"}],"version-history":[{"count":3,"href":"https:\/\/agencia.unq.edu.ar\/index.php?rest_route=\/wp\/v2\/posts\/27316\/revisions"}],"predecessor-version":[{"id":27372,"href":"https:\/\/agencia.unq.edu.ar\/index.php?rest_route=\/wp\/v2\/posts\/27316\/revisions\/27372"}],"wp:featuredmedia":[{"embeddable":true,"href":"https:\/\/agencia.unq.edu.ar\/index.php?rest_route=\/wp\/v2\/media\/27317"}],"wp:attachment":[{"href":"https:\/\/agencia.unq.edu.ar\/index.php?rest_route=%2Fwp%2Fv2%2Fmedia&parent=27316"}],"wp:term":[{"taxonomy":"category","embeddable":true,"href":"https:\/\/agencia.unq.edu.ar\/index.php?rest_route=%2Fwp%2Fv2%2Fcategories&post=27316"},{"taxonomy":"post_tag","embeddable":true,"href":"https:\/\/agencia.unq.edu.ar\/index.php?rest_route=%2Fwp%2Fv2%2Ftags&post=27316"}],"curies":[{"name":"wp","href":"https:\/\/api.w.org\/{rel}","templated":true}]}}