{"id":27848,"date":"2025-04-28T14:57:22","date_gmt":"2025-04-28T17:57:22","guid":{"rendered":"https:\/\/agencia.unq.edu.ar\/?p=27848"},"modified":"2025-05-06T15:37:19","modified_gmt":"2025-05-06T18:37:19","slug":"brasil-y-chile-apuestan-latam-gpt-la-primera-inteligencia-artificial-de-la-region","status":"publish","type":"post","link":"https:\/\/agencia.unq.edu.ar\/?p=27848","title":{"rendered":"Brasil y Chile apuestan por Latam GPT, la primera inteligencia artificial de la regi\u00f3n"},"content":{"rendered":"\n<p class=\"wp-embed-aspect-16-9 wp-has-aspect-ratio has-medium-font-size\" id=\"block-e7a9ff36-ee0c-4796-9d2e-1fd69773da3a\">El gobierno de Lula se suma al desarrollo del primer modelo de lenguaje abierto que reflejar\u00e1 la cultura y la historia latinoamericanas. <\/p>\n\n\n\n<figure class=\"wp-block-image aligncenter size-full\" id=\"block-c3ee2a7f-4bf9-43dd-a0f6-8acc1087bdbe\"><img loading=\"lazy\" decoding=\"async\" width=\"1040\" height=\"420\" src=\"https:\/\/agencia.unq.edu.ar\/wp-content\/uploads\/2025\/04\/Boric-Lula-Chile-Brasil.jpg\" alt=\"Cr\u00e9ditos: Presidencia Chile.\" class=\"wp-image-27849\"\/><figcaption class=\"wp-element-caption\">Cr\u00e9ditos: Presidencia Chile.<\/figcaption><\/figure>\n\n\n\n<p class=\"wp-embed-aspect-16-9 wp-has-aspect-ratio\" id=\"block-792ca364-1b8e-4135-8180-b4418ab97e95\">Los gobiernos de Chile y Brasil firmaron un Memor\u00e1ndum de Entendimiento para trabajar de manera conjunta en inteligencia artificial. En este marco, el gobierno de Lula se suma al desarrollo de Latam GPT, el primer modelo de lenguaje abierto que reflejar\u00e1 la cultura y la historia de Am\u00e9rica Latina. Adem\u00e1s, el acuerdo incluye aspectos vinculadas a la cooperaci\u00f3n acad\u00e9mica y cient\u00edfica, la proyecci\u00f3n de marcos regulatorios y pol\u00edticas p\u00fablicas, y la formaci\u00f3n de trabajadores para el uso de las nuevas tecnolog\u00edas. En un contexto donde los modelos de IA son generados en el hemisferio norte (con los sesgos, los prejuicios y la informaci\u00f3n inexacta sobre el resto de las regiones), esta apuesta es una oportunidad para no quedar afuera de una discusi\u00f3n que excede lo t\u00e9cnico y que promete transformar no solo la econom\u00eda, sino tambi\u00e9n la cultura y los v\u00ednculos sociales.  <\/p>\n\n\n\n<p>\u201cEl hecho de que un gigante tecnol\u00f3gico como Brasil se sume al proyecto Latam GPT es una muestra del liderazgo de Chile en IA y es un hito pol\u00edtico, porque hasta ahora la mayor\u00eda de los modelos de lenguaje han sido desarrollados en el Norte Global. <strong>Latam GPT no solo representa un avance tecnol\u00f3gico, sino tambi\u00e9n una herramienta que democratiza el acceso a la IA, ofreciendo una tecnolog\u00eda m\u00e1s cercana, \u00fatil y adaptada a la realidad de las personas en Am\u00e9rica Latina y el Caribe<\/strong>\u201d, afirm\u00f3 <strong>Ais\u00e9n Etcheverry<\/strong>, ministra de Ciencia, Tecnolog\u00eda, Conocimiento e Innovaci\u00f3n de Chile, en di\u00e1logo con la prensa.<\/p>\n\n\n\n<p>Y continu\u00f3: \u201cQue dos pa\u00edses progresistas como Chile y Brasil tomen el liderazgo de esta cruzada <strong>nos permite avanzar hacia la soberan\u00eda tecnol\u00f3gica, preservaci\u00f3n de nuestras culturas, representaci\u00f3n regional y desarrollo de conocimiento y capacidades<\/strong>\u201d. En esta l\u00ednea, su par brasile\u00f1a Luciana Santos resalt\u00f3 que ambos pa\u00edses tienen una pol\u00edtica cient\u00edfica y tecnol\u00f3gica basada en la inclusi\u00f3n. \u201c<strong>El futuro de la inteligencia artificial en nuestra regi\u00f3n se construir\u00e1 con di\u00e1logo, colaboraci\u00f3n y respeto a nuestra identidad<\/strong>&#8220;.<\/p>\n\n\n\n<h2 class=\"wp-block-heading\">De y para latinoamericanos<\/h2>\n\n\n\n<p>A grandes rasgos, los modelos de lenguaje de inteligencia artificial son algoritmos a los que se les brindan datos que le permiten comprender y generar no solo textos, sino tambi\u00e9n contenidos y resolver tareas de la forma en que lo har\u00edan las personas, solo que m\u00e1s r\u00e1pido y eficiente. Sin embargo, <strong>esas IA como Chat GPT, Gemini y otras, son alimentadas con informaci\u00f3n producida en Estados Unidos y Europa<\/strong>. Por lo tanto, reproducen sesgos, prejuicios y estereotipos sobre el resto de las regiones del planeta.<\/p>\n\n\n\n<p>Por eso, <strong>Latam GPT se ofrece como una alternativa que parte de la producci\u00f3n de conocimiento latinoamericana, con sus perspectivas sociales, culturales e hist\u00f3ricas<\/strong>. Liderada por Chile, de la iniciativa tambi\u00e9n participan instituciones de Argentina (la fundaci\u00f3n V\u00eda Libre y la Universidad Nacional de C\u00f3rdoba), Colombia, Ecuador, Per\u00fa, M\u00e9xico y Uruguay. El trabajo de entrenamiento comenz\u00f3 en 2023 y se estima que la primera versi\u00f3n se lanzar\u00e1 a mediados de 2025.<\/p>\n\n\n\n<p>\u201c<strong>Es importante que en la regi\u00f3n podamos desarrollar capacidades para tener independencia y tomar decisiones sobre c\u00f3mo esta tecnolog\u00eda impacta a la sociedad<\/strong>. Hasta el momento, no tenemos un modelo de lenguaje regional, y esta tarea no la puede asumir solo un grupo ni un solo pa\u00eds: es un desaf\u00edo que requiere el esfuerzo de toda la regi\u00f3n\u201d, sostienen desde Latam GPT en su p\u00e1gina web.<\/p>\n\n\n\n<figure class=\"wp-block-embed is-type-rich is-provider-twitter wp-block-embed-twitter\"><div class=\"wp-block-embed__wrapper\">\n<blockquote class=\"twitter-tweet\" data-width=\"500\" data-dnt=\"true\"><p lang=\"es\" dir=\"ltr\">Latinoam\u00e9rica tiene voz, datos y ahora tambi\u00e9n tendr\u00e1 el primer modelo de lenguaje abierto de la regi\u00f3n. <a href=\"https:\/\/t.co\/WVDikIixGF\">pic.twitter.com\/WVDikIixGF<\/a><\/p>&mdash; Ais\u00e9n Etcheverry Escudero (@AisenEtcheverry) <a href=\"https:\/\/twitter.com\/AisenEtcheverry\/status\/1916510974934200503?ref_src=twsrc%5Etfw\">April 27, 2025<\/a><\/blockquote><script async src=\"https:\/\/platform.twitter.com\/widgets.js\" charset=\"utf-8\"><\/script>\n<\/div><\/figure>\n\n\n\n<h2 class=\"wp-block-heading\">Dos potencias se saludan<\/h2>\n\n\n\n<p><strong>Brasil y Chile lideran el ranking del \u00cdndice Latinoamericano de inteligencia artificial<\/strong>. Ambos pa\u00edses coinciden en que la IA no forma parte de un discurso vac\u00edo de contenido, sino que se inscribe en el desarrollo de planes y pol\u00edticas p\u00fablicas de mediano y largo plazo.<\/p>\n\n\n\n<p>Por ejemplo,<strong> bajo el lema &#8220;IA para el bien de todos&#8221;, Lula da Silva lanz\u00f3 en 2024 el <a href=\"https:\/\/www.gov.br\/mcti\/pt-br\/acompanhe-o-mcti\/cct\/legislacao\/arquivos\/IA_para_o_Bem_de_Todos.pdf\" target=\"_blank\" rel=\"noopener\" title=\"\">Plan Brasile\u00f1o de Inteligencia Artificial 2024-2028<\/a><\/strong>. Esta pol\u00edtica prev\u00e9 inversiones por 4 mil millones de d\u00f3lares y se encuadra en un proyecto m\u00e1s amplio que busca posicionar a Brasil como referencia cient\u00edfica y tecnol\u00f3gica de Am\u00e9rica Latina.<\/p>\n\n\n\n<p>Por su parte, <strong>Chile public\u00f3 su primera <a href=\"https:\/\/drive.google.com\/file\/d\/11OLxLp8NyKgpeRFLe45X0zStY7SFEJIC\/view\" target=\"_blank\" rel=\"noopener\" title=\"\">Pol\u00edtica Nacional de IA<\/a> en 2021 y ya tuvo su primera actualizaci\u00f3n en 2024<\/strong>. En este tiempo, el pa\u00eds trasandino cre\u00f3 su Centro Nacional de Inteligencia Artificial, lanz\u00f3 el primer doctorado de inteligencia artificial en Am\u00e9rica Latina, impuls\u00f3 becas para la formaci\u00f3n de expertos y particip\u00f3 de encuentros sobre gobernanza y regulaci\u00f3n.<\/p>\n\n\n\n<div class=\"wp-block-uagb-container uagb-block-dd9b3044 alignwide uagb-is-root-container\">\n<div class=\"wp-block-uagb-advanced-heading uagb-block-3482af2f\"><h4 class=\"uagb-heading-text\">\u00daltimas noticias de la secci\u00f3n Pol\u00edtica:<\/h4><\/div>\n\n\n\n\t\t\t<div class=\"wp-block-uagb-post-carousel uagb-post-grid  uagb-post__image-position-top uagb-post__image-enabled uagb-block-c0e21101     uagb-post__arrow-outside uagb-slick-carousel uagb-post__items uagb-post__columns-3 is-carousel uagb-post__columns-tablet-2 uagb-post__columns-mobile-1\" data-total=\"32\" style=\"\">\n\n\t\t\t\t\t\t\t\t\t\t\t\t<article class=\"uagb-post__inner-wrap\">\t\t\t\t\t\t\t\t<div class='uagb-post__image'>\n\t\t\t\t\t\t\t\t\t<a href=\"https:\/\/agencia.unq.edu.ar\/?p=36015\" target=\"_self\" rel=\"bookmark noopener noreferrer\"><img loading=\"lazy\" decoding=\"async\" width=\"960\" height=\"388\" src=\"https:\/\/agencia.unq.edu.ar\/wp-content\/uploads\/2026\/04\/adorni.jpg\" class=\"attachment-medium size-medium\" alt=\"Manuel Adorni durante la presentaci\u00f3n del informe de gesti\u00f3n en el Congreso de la Naci\u00f3n\" \/>\t\t\t\t\t<\/a>\n\t\t\t\t\t\t\t\t\t<\/div>\n\t\t\t\t\t\t<h4 class=\"uagb-post__title uagb-post__text\">\n\t\t\t\t<a href=\"https:\/\/agencia.unq.edu.ar\/?p=36015\" target=\"_self\" rel=\"bookmark noopener noreferrer\">\u00bfD\u00f3nde est\u00e1 la plata de la ciencia? Lo que Adorni no respondi\u00f3 sobre el paradero de los fondos del sector<\/a>\n\t\t\t<\/h4>\n\t\t\t\t\t\t<div class='uagb-post__text uagb-post-grid-byline'>\n\t\t\t\t\t\t\t<\/div>\n\t\t\t\n\t\t\t\t\t\t\t\t\t<\/article>\n\t\t\t\t\t\t\t\t\t\t\t\t\t\t\t\t<article class=\"uagb-post__inner-wrap\">\t\t\t\t\t\t\t\t<div class='uagb-post__image'>\n\t\t\t\t\t\t\t\t\t<a href=\"https:\/\/agencia.unq.edu.ar\/?p=35969\" target=\"_self\" rel=\"bookmark noopener noreferrer\"><img loading=\"lazy\" decoding=\"async\" width=\"960\" height=\"388\" src=\"https:\/\/agencia.unq.edu.ar\/wp-content\/uploads\/2026\/04\/resistencia-antimicrobianos-espana.jpg\" class=\"attachment-medium size-medium\" alt=\"El f\u00e1rmaco Concerta es uno de los tantos en Espa\u00f1a cuya presentaci\u00f3n trae 30 dosis. Cr\u00e9ditos: LUDA.\" \/>\t\t\t\t\t<\/a>\n\t\t\t\t\t\t\t\t\t<\/div>\n\t\t\t\t\t\t<h4 class=\"uagb-post__title uagb-post__text\">\n\t\t\t\t<a href=\"https:\/\/agencia.unq.edu.ar\/?p=35969\" target=\"_self\" rel=\"bookmark noopener noreferrer\">Espa\u00f1a elimina las cajas de antibi\u00f3ticos grandes para luchar contra las superbacterias<\/a>\n\t\t\t<\/h4>\n\t\t\t\t\t\t<div class='uagb-post__text uagb-post-grid-byline'>\n\t\t\t\t\t\t\t<\/div>\n\t\t\t\n\t\t\t\t\t\t\t\t\t<\/article>\n\t\t\t\t\t\t\t\t\t\t\t\t\t\t\t\t<article class=\"uagb-post__inner-wrap\">\t\t\t\t\t\t\t\t<div class='uagb-post__image'>\n\t\t\t\t\t\t\t\t\t<a href=\"https:\/\/agencia.unq.edu.ar\/?p=35850\" target=\"_self\" rel=\"bookmark noopener noreferrer\"><img loading=\"lazy\" decoding=\"async\" width=\"960\" height=\"388\" src=\"https:\/\/agencia.unq.edu.ar\/wp-content\/uploads\/2026\/04\/carta-abierta-clarin.jpg\" class=\"attachment-medium size-medium\" alt=\"Horacio Gonz\u00e1lez en una charla de Carta Abierta, en la Facultad de filosof\u00eda y letras.\" \/>\t\t\t\t\t<\/a>\n\t\t\t\t\t\t\t\t\t<\/div>\n\t\t\t\t\t\t<h4 class=\"uagb-post__title uagb-post__text\">\n\t\t\t\t<a href=\"https:\/\/agencia.unq.edu.ar\/?p=35850\" target=\"_self\" rel=\"bookmark noopener noreferrer\">\u201cDebate p\u00fablico en Argentina\u201d: el libro que recupera la experiencia de Carta Abierta<\/a>\n\t\t\t<\/h4>\n\t\t\t\t\t\t<div class='uagb-post__text uagb-post-grid-byline'>\n\t\t\t\t\t\t\t<\/div>\n\t\t\t\n\t\t\t\t\t\t\t\t\t<\/article>\n\t\t\t\t\t\t\t\t\t\t\t\t\t\t\t\t<article class=\"uagb-post__inner-wrap\">\t\t\t\t\t\t\t\t<div class='uagb-post__image'>\n\t\t\t\t\t\t\t\t\t<a href=\"https:\/\/agencia.unq.edu.ar\/?p=35830\" target=\"_self\" rel=\"bookmark noopener noreferrer\"><img loading=\"lazy\" decoding=\"async\" width=\"960\" height=\"388\" src=\"https:\/\/agencia.unq.edu.ar\/wp-content\/uploads\/2026\/04\/Javier-Milei-Peter-Thiel.jpg\" class=\"attachment-medium size-medium\" alt=\"Javier Milei junto a Peter Lamelas, embajador de EE.UU. en Argentina y Peter Thiel, fundador de Palantir. Cr\u00e9ditos: @OPRArgentina.\" \/>\t\t\t\t\t<\/a>\n\t\t\t\t\t\t\t\t\t<\/div>\n\t\t\t\t\t\t<h4 class=\"uagb-post__title uagb-post__text\">\n\t\t\t\t<a href=\"https:\/\/agencia.unq.edu.ar\/?p=35830\" target=\"_self\" rel=\"bookmark noopener noreferrer\">Palantir y Peter Thiel: \u00bfse acerca el tecnofascismo a la Argentina?<\/a>\n\t\t\t<\/h4>\n\t\t\t\t\t\t<div class='uagb-post__text uagb-post-grid-byline'>\n\t\t\t\t\t\t\t<\/div>\n\t\t\t\n\t\t\t\t\t\t\t\t\t<\/article>\n\t\t\t\t\t\t\t\t\t\t\t\t\t\t\t\t<article class=\"uagb-post__inner-wrap\">\t\t\t\t\t\t\t\t<div class='uagb-post__image'>\n\t\t\t\t\t\t\t\t\t<a href=\"https:\/\/agencia.unq.edu.ar\/?p=35757\" target=\"_self\" rel=\"bookmark noopener noreferrer\"><img loading=\"lazy\" decoding=\"async\" width=\"960\" height=\"388\" src=\"https:\/\/agencia.unq.edu.ar\/wp-content\/uploads\/2026\/04\/Marcha-universitaria-vista-general.jpg\" class=\"attachment-medium size-medium\" alt=\"Imagen panor\u00e1mica de la \u00faltima Marcha Federal. Cr\u00e9ditos: @vyp.drone.\" \/>\t\t\t\t\t<\/a>\n\t\t\t\t\t\t\t\t\t<\/div>\n\t\t\t\t\t\t<h4 class=\"uagb-post__title uagb-post__text\">\n\t\t\t\t<a href=\"https:\/\/agencia.unq.edu.ar\/?p=35757\" target=\"_self\" rel=\"bookmark noopener noreferrer\">Hasta que se cumpla: la comunidad universitaria realizar\u00e1 una nueva Marcha Federal<\/a>\n\t\t\t<\/h4>\n\t\t\t\t\t\t<div class='uagb-post__text uagb-post-grid-byline'>\n\t\t\t\t\t\t\t<\/div>\n\t\t\t\n\t\t\t\t\t\t\t\t\t<\/article>\n\t\t\t\t\t\t\t\t\t\t\t\t\t\t\t\t<article class=\"uagb-post__inner-wrap\">\t\t\t\t\t\t\t\t<div class='uagb-post__image'>\n\t\t\t\t\t\t\t\t\t<a href=\"https:\/\/agencia.unq.edu.ar\/?p=35638\" target=\"_self\" rel=\"bookmark noopener noreferrer\"><img loading=\"lazy\" decoding=\"async\" width=\"960\" height=\"388\" src=\"https:\/\/agencia.unq.edu.ar\/wp-content\/uploads\/2026\/04\/Roberto-Abdala-Al-borde-del-precipicio.jpg\" class=\"attachment-medium size-medium\" alt=\"Roberto Abdala en Al borde del precicipcio. Cr\u00e9ditos: Captura UNQ TV.\" \/>\t\t\t\t\t<\/a>\n\t\t\t\t\t\t\t\t\t<\/div>\n\t\t\t\t\t\t<h4 class=\"uagb-post__title uagb-post__text\">\n\t\t\t\t<a href=\"https:\/\/agencia.unq.edu.ar\/?p=35638\" target=\"_self\" rel=\"bookmark noopener noreferrer\">Roberto Abdala: \u201cSin presupuesto es muy dif\u00edcil pensar y so\u00f1ar una escuela distinta\u201d<\/a>\n\t\t\t<\/h4>\n\t\t\t\t\t\t<div class='uagb-post__text uagb-post-grid-byline'>\n\t\t\t\t\t\t\t<\/div>\n\t\t\t\n\t\t\t\t\t\t\t\t\t<\/article>\n\t\t\t\t\t\t\t\t\t\t\t\t\t\t\t\t<article class=\"uagb-post__inner-wrap\">\t\t\t\t\t\t\t\t<div class='uagb-post__image'>\n\t\t\t\t\t\t\t\t\t<a href=\"https:\/\/agencia.unq.edu.ar\/?p=35583\" target=\"_self\" rel=\"bookmark noopener noreferrer\"><img loading=\"lazy\" decoding=\"async\" width=\"960\" height=\"388\" src=\"https:\/\/agencia.unq.edu.ar\/wp-content\/uploads\/2024\/06\/INTI-despidos.jpg\" class=\"attachment-medium size-medium\" alt=\"Protesta realizada por los trabajadores del INTI contra los despidos. Cr\u00e9ditos: ATE-INTI.\" \/>\t\t\t\t\t<\/a>\n\t\t\t\t\t\t\t\t\t<\/div>\n\t\t\t\t\t\t<h4 class=\"uagb-post__title uagb-post__text\">\n\t\t\t\t<a href=\"https:\/\/agencia.unq.edu.ar\/?p=35583\" target=\"_self\" rel=\"bookmark noopener noreferrer\">El gobierno quiere quitarle m\u00e1s funciones al INTI y despedir 700 trabajadores<\/a>\n\t\t\t<\/h4>\n\t\t\t\t\t\t<div class='uagb-post__text uagb-post-grid-byline'>\n\t\t\t\t\t\t\t<\/div>\n\t\t\t\n\t\t\t\t\t\t\t\t\t<\/article>\n\t\t\t\t\t\t\t\t\t\t\t\t\t\t\t\t<article class=\"uagb-post__inner-wrap\">\t\t\t\t\t\t\t\t<div class='uagb-post__image'>\n\t\t\t\t\t\t\t\t\t<a href=\"https:\/\/agencia.unq.edu.ar\/?p=35568\" target=\"_self\" rel=\"bookmark noopener noreferrer\"><img loading=\"lazy\" decoding=\"async\" width=\"960\" height=\"388\" src=\"https:\/\/agencia.unq.edu.ar\/wp-content\/uploads\/2026\/04\/unsplash.jpg\" class=\"attachment-medium size-medium\" alt=\"Sin botiquines completos, crecen las dificultades para sostener controles, prevenir cuadros graves y evitar derivaciones. Cr\u00e9ditos: Unplash.\" \/>\t\t\t\t\t<\/a>\n\t\t\t\t\t\t\t\t\t<\/div>\n\t\t\t\t\t\t<h4 class=\"uagb-post__title uagb-post__text\">\n\t\t\t\t<a href=\"https:\/\/agencia.unq.edu.ar\/?p=35568\" target=\"_self\" rel=\"bookmark noopener noreferrer\">Golpe a la salud p\u00fablica: \u00bfc\u00f3mo impacta la baja del Programa Remediar que dispuso el gobierno?<\/a>\n\t\t\t<\/h4>\n\t\t\t\t\t\t<div class='uagb-post__text uagb-post-grid-byline'>\n\t\t\t\t\t\t\t<\/div>\n\t\t\t\n\t\t\t\t\t\t\t\t\t<\/article>\n\t\t\t\t\t\t\t\t\t\t\t<\/div>\n\t\t\t<\/div>\n","protected":false},"excerpt":{"rendered":"<p>El gobierno de Lula se suma al desarrollo del primer modelo de lenguaje abierto que reflejar\u00e1 la cultura y la historia latinoamericanas. <\/p>\n","protected":false},"author":6,"featured_media":27849,"comment_status":"open","ping_status":"closed","sticky":false,"template":"","format":"standard","meta":{"_uag_custom_page_level_css":"","_monsterinsights_skip_tracking":false,"_monsterinsights_sitenote_active":false,"_monsterinsights_sitenote_note":"","_monsterinsights_sitenote_category":0,"site-sidebar-layout":"default","site-content-layout":"","ast-site-content-layout":"default","site-content-style":"default","site-sidebar-style":"default","ast-global-header-display":"","ast-banner-title-visibility":"","ast-main-header-display":"","ast-hfb-above-header-display":"","ast-hfb-below-header-display":"","ast-hfb-mobile-header-display":"","site-post-title":"","ast-breadcrumbs-content":"","ast-featured-img":"","footer-sml-layout":"","ast-disable-related-posts":"","theme-transparent-header-meta":"","adv-header-id-meta":"","stick-header-meta":"","header-above-stick-meta":"","header-main-stick-meta":"","header-below-stick-meta":"","astra-migrate-meta-layouts":"default","ast-page-background-enabled":"default","ast-page-background-meta":{"desktop":{"background-color":"var(--ast-global-color-4)","background-image":"","background-repeat":"repeat","background-position":"center center","background-size":"auto","background-attachment":"scroll","background-type":"","background-media":"","overlay-type":"","overlay-color":"","overlay-opacity":"","overlay-gradient":""},"tablet":{"background-color":"","background-image":"","background-repeat":"repeat","background-position":"center center","background-size":"auto","background-attachment":"scroll","background-type":"","background-media":"","overlay-type":"","overlay-color":"","overlay-opacity":"","overlay-gradient":""},"mobile":{"background-color":"","background-image":"","background-repeat":"repeat","background-position":"center center","background-size":"auto","background-attachment":"scroll","background-type":"","background-media":"","overlay-type":"","overlay-color":"","overlay-opacity":"","overlay-gradient":""}},"ast-content-background-meta":{"desktop":{"background-color":"var(--ast-global-color-5)","background-image":"","background-repeat":"repeat","background-position":"center center","background-size":"auto","background-attachment":"scroll","background-type":"","background-media":"","overlay-type":"","overlay-color":"","overlay-opacity":"","overlay-gradient":""},"tablet":{"background-color":"var(--ast-global-color-5)","background-image":"","background-repeat":"repeat","background-position":"center center","background-size":"auto","background-attachment":"scroll","background-type":"","background-media":"","overlay-type":"","overlay-color":"","overlay-opacity":"","overlay-gradient":""},"mobile":{"background-color":"var(--ast-global-color-5)","background-image":"","background-repeat":"repeat","background-position":"center center","background-size":"auto","background-attachment":"scroll","background-type":"","background-media":"","overlay-type":"","overlay-color":"","overlay-opacity":"","overlay-gradient":""}},"footnotes":""},"categories":[16,92],"tags":[62,483],"class_list":["post-27848","post","type-post","status-publish","format-standard","has-post-thumbnail","hentry","category-noticia-destacada","category-politica","tag-inteligencia-artificial","tag-mundo"],"aioseo_notices":[],"uagb_featured_image_src":{"full":["https:\/\/agencia.unq.edu.ar\/wp-content\/uploads\/2025\/04\/Boric-Lula-Chile-Brasil.jpg",1040,420,false],"thumbnail":["https:\/\/agencia.unq.edu.ar\/wp-content\/uploads\/2025\/04\/Boric-Lula-Chile-Brasil.jpg",150,61,false],"medium":["https:\/\/agencia.unq.edu.ar\/wp-content\/uploads\/2025\/04\/Boric-Lula-Chile-Brasil.jpg",960,388,false],"medium_large":["https:\/\/agencia.unq.edu.ar\/wp-content\/uploads\/2025\/04\/Boric-Lula-Chile-Brasil.jpg",768,310,false],"large":["https:\/\/agencia.unq.edu.ar\/wp-content\/uploads\/2025\/04\/Boric-Lula-Chile-Brasil.jpg",1040,420,false],"1536x1536":["https:\/\/agencia.unq.edu.ar\/wp-content\/uploads\/2025\/04\/Boric-Lula-Chile-Brasil.jpg",1040,420,false],"2048x2048":["https:\/\/agencia.unq.edu.ar\/wp-content\/uploads\/2025\/04\/Boric-Lula-Chile-Brasil.jpg",1040,420,false]},"uagb_author_info":{"display_name":"Nicol\u00e1s Retamar","author_link":"https:\/\/agencia.unq.edu.ar\/?author=6"},"uagb_comment_info":0,"uagb_excerpt":"El gobierno de Lula se suma al desarrollo del primer modelo de lenguaje abierto que reflejar\u00e1 la cultura y la historia latinoamericanas.","blog_post_layout_featured_media_urls":{"thumbnail":["https:\/\/agencia.unq.edu.ar\/wp-content\/uploads\/2025\/04\/Boric-Lula-Chile-Brasil.jpg",150,61,false],"full":["https:\/\/agencia.unq.edu.ar\/wp-content\/uploads\/2025\/04\/Boric-Lula-Chile-Brasil.jpg",1040,420,false]},"categories_names":{"16":{"name":"Noticia destacada","link":"https:\/\/agencia.unq.edu.ar\/?cat=16"},"92":{"name":"Pol\u00edtica","link":"https:\/\/agencia.unq.edu.ar\/?cat=92"}},"tags_names":{"62":{"name":"Inteligencia Artificial","link":"https:\/\/agencia.unq.edu.ar\/?tag=inteligencia-artificial"},"483":{"name":"Mundo","link":"https:\/\/agencia.unq.edu.ar\/?tag=mundo"}},"comments_number":"0","_links":{"self":[{"href":"https:\/\/agencia.unq.edu.ar\/index.php?rest_route=\/wp\/v2\/posts\/27848","targetHints":{"allow":["GET"]}}],"collection":[{"href":"https:\/\/agencia.unq.edu.ar\/index.php?rest_route=\/wp\/v2\/posts"}],"about":[{"href":"https:\/\/agencia.unq.edu.ar\/index.php?rest_route=\/wp\/v2\/types\/post"}],"author":[{"embeddable":true,"href":"https:\/\/agencia.unq.edu.ar\/index.php?rest_route=\/wp\/v2\/users\/6"}],"replies":[{"embeddable":true,"href":"https:\/\/agencia.unq.edu.ar\/index.php?rest_route=%2Fwp%2Fv2%2Fcomments&post=27848"}],"version-history":[{"count":6,"href":"https:\/\/agencia.unq.edu.ar\/index.php?rest_route=\/wp\/v2\/posts\/27848\/revisions"}],"predecessor-version":[{"id":27952,"href":"https:\/\/agencia.unq.edu.ar\/index.php?rest_route=\/wp\/v2\/posts\/27848\/revisions\/27952"}],"wp:featuredmedia":[{"embeddable":true,"href":"https:\/\/agencia.unq.edu.ar\/index.php?rest_route=\/wp\/v2\/media\/27849"}],"wp:attachment":[{"href":"https:\/\/agencia.unq.edu.ar\/index.php?rest_route=%2Fwp%2Fv2%2Fmedia&parent=27848"}],"wp:term":[{"taxonomy":"category","embeddable":true,"href":"https:\/\/agencia.unq.edu.ar\/index.php?rest_route=%2Fwp%2Fv2%2Fcategories&post=27848"},{"taxonomy":"post_tag","embeddable":true,"href":"https:\/\/agencia.unq.edu.ar\/index.php?rest_route=%2Fwp%2Fv2%2Ftags&post=27848"}],"curies":[{"name":"wp","href":"https:\/\/api.w.org\/{rel}","templated":true}]}}