{"id":28562,"date":"2025-05-22T15:32:28","date_gmt":"2025-05-22T18:32:28","guid":{"rendered":"https:\/\/agencia.unq.edu.ar\/?p=28562"},"modified":"2025-05-28T13:20:06","modified_gmt":"2025-05-28T16:20:06","slug":"acuerdo-historico-de-la-oms-sobre-pandemias-cuales-son-las-consecuencias-de-que-argentina-no-participe","status":"publish","type":"post","link":"https:\/\/agencia.unq.edu.ar\/?p=28562","title":{"rendered":"Acuerdo de la OMS sobre pandemias: \u00bfcu\u00e1les son las consecuencias de que Argentina no participe?"},"content":{"rendered":"\n<p class=\"wp-embed-aspect-16-9 wp-has-aspect-ratio has-medium-font-size\" id=\"block-e7a9ff36-ee0c-4796-9d2e-1fd69773da3a\">El compromiso internacional plantea la equidad en el acceso a vacunas y tratamientos, pero el pa\u00eds decide dar la espalda a las pol\u00edticas de cooperaci\u00f3n.<\/p>\n\n\n\n<figure class=\"wp-block-image aligncenter size-full\" id=\"block-c3ee2a7f-4bf9-43dd-a0f6-8acc1087bdbe\"><img loading=\"lazy\" decoding=\"async\" width=\"1040\" height=\"420\" src=\"https:\/\/agencia.unq.edu.ar\/wp-content\/uploads\/2025\/05\/Pandemia-Virus-Planeta-OMS.jpg\" alt=\"Cr\u00e9ditos: Gaceta m\u00e9dica.\" class=\"wp-image-28565\"\/><figcaption class=\"wp-element-caption\">Cr\u00e9ditos: Gaceta m\u00e9dica.<\/figcaption><\/figure>\n\n\n\n<p class=\"wp-embed-aspect-16-9 wp-has-aspect-ratio\" id=\"block-792ca364-1b8e-4135-8180-b4418ab97e95\">De manera reciente, los pa\u00edses que integran la Organizaci\u00f3n Mundial de la Salud aprobaron el Acuerdo sobre Pandemias. Se trata del primer compromiso internacional de la historia para prevenir, preparar y responder mejor a futuras crisis sanitarias globales. Los efectos de la \u00faltima a\u00fan persisten, entre secuelas como la covid prolongada, el desborde de los hospitales y centros sanitarios, los golpes a la econom\u00eda y las 7 millones de muertes. En ese marco, el Acuerdo apunta a que haya una equidad en el acceso a vacunas y tratamientos, y a la acci\u00f3n coordinada de las naciones frente a una eventual propagaci\u00f3n viral. Entre quienes no dieron el presente se encuentra Argentina que, si bien a\u00fan no se concret\u00f3 oficialmente, en febrero pasado anunci\u00f3 su retiro del organismo. \u00bfQu\u00e9 implica no participar en este Acuerdo?<\/p>\n\n\n\n<p>Tras tres a\u00f1os de negociaciones, los Estados de la OMS aprobaron el acuerdo por mayor\u00eda con 124 votos a favor, 0 objeciones y 11 abstenciones. Entre los objetivos, est\u00e1 <strong>disminuir la desigualdad entre los pa\u00edses al momento de acceder a diagn\u00f3sticos, tratamientos y vacunas relacionados con una pandemia, algo que qued\u00f3 en evidencia en 2020.<\/strong> Por su parte, Argentina decidi\u00f3 ausentarse en l\u00ednea con su anuncio de no formar m\u00e1s parte de la OMS, una pol\u00edtica exterior mimetizada con la de Trump en Estados Unidos.<\/p>\n\n\n\n<figure class=\"wp-block-embed aligncenter is-type-rich is-provider-twitter wp-block-embed-twitter\"><div class=\"wp-block-embed__wrapper\">\n<blockquote class=\"twitter-tweet\" data-width=\"500\" data-dnt=\"true\"><p lang=\"es\" dir=\"ltr\">Hist\u00f3rico: la <a href=\"https:\/\/twitter.com\/hashtag\/WHA78?src=hash&amp;ref_src=twsrc%5Etfw\">#WHA78<\/a> aprob\u00f3 el Acuerdo de <a href=\"https:\/\/twitter.com\/WHO?ref_src=twsrc%5Etfw\">@WHO<\/a> sobre Pandemias. La <a href=\"https:\/\/twitter.com\/opsoms?ref_src=twsrc%5Etfw\">@opsoms<\/a> acompa\u00f1\u00f3 activamente el proceso, con 4 reuniones regionales para asegurar la participaci\u00f3n informada. El acuerdo fortalece la gobernanza global y promueve equidad en el acceso a vacunas y tratamientos. <a href=\"https:\/\/t.co\/ieVwOn9gGd\">pic.twitter.com\/ieVwOn9gGd<\/a><\/p>&mdash; Jarbas Barbosa (@DirOPSPAHO) <a href=\"https:\/\/twitter.com\/DirOPSPAHO\/status\/1924753621490479214?ref_src=twsrc%5Etfw\">May 20, 2025<\/a><\/blockquote><script async src=\"https:\/\/platform.twitter.com\/widgets.js\" charset=\"utf-8\"><\/script>\n<\/div><\/figure>\n\n\n\n<p>\u201c<strong>Una pandemia es un mal p\u00fablico global,<\/strong> es decir, es una enfermedad que se propaga m\u00e1s all\u00e1 de las fronteras y que <strong>no hay forma de responder si no es coordinadamente entre todos los pa\u00edses y conseguir lo que se llama la provisi\u00f3n de bienes p\u00fablicos globales<\/strong>\u201d, explica <strong>Bernab\u00e9 Malacalza<\/strong>, doctor en Ciencias Sociales, a la Agencia de Noticias Cient\u00edficas de la UNQ. La provisi\u00f3n de bienes p\u00fablicos globales se basa en los principios de no exclusi\u00f3n y no rivalidad, y refiere a aquellos bienes y servicios que deben estar disponibles para todos y que cualquier persona puede disfrutar sin disminuir los beneficios que brindan a otros.<\/p>\n\n\n\n<p>\u201c<strong>Este acuerdo es clave para los pa\u00edses en desarrollo porque sin \u00e9l no hay garant\u00eda de acceso a las vacunas<\/strong>. En la \u00faltima pandemia se vio que la vacunaci\u00f3n fue mucho m\u00e1s lenta en los pa\u00edses en desarrollo y dependi\u00f3 de los gobiernos y de las compras de vacunas. <strong>No hubo liberaci\u00f3n de patentes en la Organizaci\u00f3n Mundial del Comercio y los perjudicados fueron los pa\u00edses del sur<\/strong>\u201d, detalla el mag\u00edster en Relaciones y Negociaciones Internacionales.<\/p>\n\n\n\n<figure class=\"wp-block-embed is-type-wp-embed is-provider-agencia-de-noticias-cient-ficas-de-la-unq wp-block-embed-agencia-de-noticias-cient-ficas-de-la-unq\"><div class=\"wp-block-embed__wrapper\">\n<blockquote class=\"wp-embedded-content\" data-secret=\"8CxZaGoqGs\"><a href=\"https:\/\/agencia.unq.edu.ar\/?p=25742\">Argentina abandona la OMS: \u00bfqu\u00e9 implica la decisi\u00f3n del gobierno?<\/a><\/blockquote><iframe loading=\"lazy\" class=\"wp-embedded-content\" sandbox=\"allow-scripts\" security=\"restricted\" style=\"position: absolute; visibility: hidden;\" title=\"&#8220;Argentina abandona la OMS: \u00bfqu\u00e9 implica la decisi\u00f3n del gobierno?&#8221; &#8212; Agencia de Noticias Cient\u00edficas de la UNQ\" src=\"https:\/\/agencia.unq.edu.ar\/?p=25742&#038;embed=true#?secret=fXyQ52pP53#?secret=8CxZaGoqGs\" data-secret=\"8CxZaGoqGs\" width=\"500\" height=\"282\" frameborder=\"0\" marginwidth=\"0\" marginheight=\"0\" scrolling=\"no\"><\/iframe>\n<\/div><\/figure>\n\n\n\n<p>Y contin\u00faa: <strong>\u201cAl no participar, Argentina queda aislada de una respuesta coordinada. La poblaci\u00f3n queda a merced de una situaci\u00f3n de asimetr\u00eda <\/strong>entre los pa\u00edses desarrollados, que tienen acceso a la tecnolog\u00eda, a las vacunas y capacidad de infraestructura para responder a las pandemias, y los pa\u00edses en desarrollo que deben fortalecer capacidades, como los latinoamericanos\u201d.&nbsp;<\/p>\n\n\n\n<p>De todas maneras, Malacalza hace una advertencia: <strong>dentro del grupo de los pa\u00edses en desarrollo, Argentina es de los pa\u00edses que demostr\u00f3 mayor solidez al poder producir vacunas, respiradores artificiales o test de diagn\u00f3stico<\/strong>. Esto no es casualidad sino que son a\u00f1os de producci\u00f3n y<strong> fortalecimiento del sistema cient\u00edfico-tecnol\u00f3gico que hoy est\u00e1 siendo desfinanciado.<\/strong><\/p>\n\n\n\n<figure class=\"wp-block-embed aligncenter is-type-rich is-provider-twitter wp-block-embed-twitter\"><div class=\"wp-block-embed__wrapper\">\n<blockquote class=\"twitter-tweet\" data-width=\"500\" data-dnt=\"true\"><p lang=\"es\" dir=\"ltr\">Silla vac\u00eda. Ayer Argentina estuvo ausente en la aprobaci\u00f3n del nuevo Tratado Mundial para Prevenci\u00f3n de Pandemias de la OMS. Fue el \u00fanico pa\u00eds del Sur Global en no apoyarlo. Ning\u00fan medio argentino cubri\u00f3 esto hoy. <a href=\"https:\/\/t.co\/n4ST0VvBCF\">pic.twitter.com\/n4ST0VvBCF<\/a><\/p>&mdash; Bernab\u00e9 Malacalza (@bernabemmm) <a href=\"https:\/\/twitter.com\/bernabemmm\/status\/1925190451377656274?ref_src=twsrc%5Etfw\">May 21, 2025<\/a><\/blockquote><script async src=\"https:\/\/platform.twitter.com\/widgets.js\" charset=\"utf-8\"><\/script>\n<\/div><\/figure>\n\n\n\n<p>\u201c<strong>El argumento que utiliza el gobierno de Milei de que este tipo de acuerdos son obligaciones a, por ejemplo, cuarentenas y que van contra la libertad de las personas no tiene sentido<\/strong>. Ning\u00fan acuerdo multilateral fuerza a los Estados. <strong>Los organismos no tienen poder coercitivo o sancionatorio, si no ir\u00edan contra la soberan\u00eda de cada pa\u00eds. Lo que hacen son recomendaciones<\/strong>\u201d, relata. Esto se pudo ver en la \u00faltima pandemia cuando algunos gobiernos retrasaron la compra de vacunas o definieron no acatar las recomendaciones de hacer un aislamiento social preventivo para frenar la propagaci\u00f3n del virus.<\/p>\n\n\n\n<h2 class=\"wp-block-heading\">La salud en juego<\/h2>\n\n\n\n<p>Seg\u00fan la Fundaci\u00f3n Soberan\u00eda Sanitaria, adem\u00e1s de este Acuerdo sobre Pandemias, el retiro de Argentina de la OMS implicar\u00eda&nbsp;<strong>dejar de tener acceso a un fondo rotatorio que permite la compra de tecnolog\u00edas e insumos sanitarios<\/strong>; as\u00ed como tambi\u00e9n, la&nbsp;<strong>falta de apoyo a programas de enfermedades transmisibles y no transmisibles, salud mental, materno infantil y vacunas<\/strong>. Asimismo,&nbsp;<strong>las enfermedades raras o desatendidas, como el Chagas, quedar\u00edan abandonadas puesto que ya no se recibir\u00eda la colaboraci\u00f3n t\u00e9cnica ni la donaci\u00f3n de medicamentos.<\/strong><\/p>\n\n\n\n<p class=\"wp-embed-aspect-16-9 wp-has-aspect-ratio\" id=\"block-792ca364-1b8e-4135-8180-b4418ab97e95\">Ahora bien,<strong> respecto a si el pa\u00eds est\u00e1 o no en la OMS, la decisi\u00f3n debe pasar por el Congreso Nacional ya que su membres\u00eda est\u00e1 ratificada por ley. Asimismo, la salida de un pa\u00eds puede demorar hasta un a\u00f1o<\/strong> y, en caso que suceda, el organismo debe llevar adelante un proceso interno. Por lo cual, se seguir\u00e1 viendo la silla vac\u00eda de \u201cArgentina\u201d por un tiempo m\u00e1s.<\/p>\n\n\n\n<p class=\"wp-embed-aspect-16-9 wp-has-aspect-ratio\" id=\"block-792ca364-1b8e-4135-8180-b4418ab97e95\"><\/p>\n\n\n\n<div class=\"wp-block-uagb-container uagb-block-e31d8b4a alignwide uagb-is-root-container\">\n<div class=\"wp-block-uagb-advanced-heading uagb-block-55d4c858\"><h4 class=\"uagb-heading-text\">\u00daltimas noticias de la secci\u00f3n Salud:<\/h4><\/div>\n\n\n\n\t\t\t<div class=\"wp-block-uagb-post-carousel uagb-post-grid  uagb-post__image-position-top uagb-post__image-enabled uagb-block-24e22604     uagb-post__arrow-outside uagb-slick-carousel uagb-post__items uagb-post__columns-3 is-carousel uagb-post__columns-tablet-2 uagb-post__columns-mobile-1\" data-total=\"40\" style=\"\">\n\n\t\t\t\t\t\t\t\t\t\t\t\t<article class=\"uagb-post__inner-wrap\">\t\t\t\t\t\t\t\t<div class='uagb-post__image'>\n\t\t\t\t\t\t\t\t\t<a href=\"https:\/\/agencia.unq.edu.ar\/?p=35918\" target=\"_self\" rel=\"bookmark noopener noreferrer\"><img loading=\"lazy\" decoding=\"async\" width=\"960\" height=\"388\" src=\"https:\/\/agencia.unq.edu.ar\/wp-content\/uploads\/2026\/04\/salud-digital-principal.jpg\" class=\"attachment-medium size-medium\" alt=\"La salud digital apareci\u00f3 durante la pandemia y lleg\u00f3 para quedarse (imagen: pro.campus.sanofi)\" \/>\t\t\t\t\t<\/a>\n\t\t\t\t\t\t\t\t\t<\/div>\n\t\t\t\t\t\t<h4 class=\"uagb-post__title uagb-post__text\">\n\t\t\t\t<a href=\"https:\/\/agencia.unq.edu.ar\/?p=35918\" target=\"_self\" rel=\"bookmark noopener noreferrer\">La medicina del futuro ya lleg\u00f3 y ser\u00e1 h\u00edbrida<\/a>\n\t\t\t<\/h4>\n\t\t\t\t\t\t<div class='uagb-post__text uagb-post-grid-byline'>\n\t\t\t\t\t\t\t<\/div>\n\t\t\t\n\t\t\t\t\t\t\t\t\t<\/article>\n\t\t\t\t\t\t\t\t\t\t\t\t\t\t\t\t<article class=\"uagb-post__inner-wrap\">\t\t\t\t\t\t\t\t<div class='uagb-post__image'>\n\t\t\t\t\t\t\t\t\t<a href=\"https:\/\/agencia.unq.edu.ar\/?p=35911\" target=\"_self\" rel=\"bookmark noopener noreferrer\"><img loading=\"lazy\" decoding=\"async\" width=\"960\" height=\"388\" src=\"https:\/\/agencia.unq.edu.ar\/wp-content\/uploads\/2026\/04\/Infartos-unsam-escaner.jpg\" class=\"attachment-medium size-medium\" alt=\"El esc\u00e1ner digitaliza el electrocardiograma y la IA da los resultados en segundos. Cr\u00e9ditos: UNSAM.\" \/>\t\t\t\t\t<\/a>\n\t\t\t\t\t\t\t\t\t<\/div>\n\t\t\t\t\t\t<h4 class=\"uagb-post__title uagb-post__text\">\n\t\t\t\t<a href=\"https:\/\/agencia.unq.edu.ar\/?p=35911\" target=\"_self\" rel=\"bookmark noopener noreferrer\">Cardiotrace: la UNSAM desarrolla un esc\u00e1ner con IA que ayuda a prevenir infartos<\/a>\n\t\t\t<\/h4>\n\t\t\t\t\t\t<div class='uagb-post__text uagb-post-grid-byline'>\n\t\t\t\t\t\t\t<\/div>\n\t\t\t\n\t\t\t\t\t\t\t\t\t<\/article>\n\t\t\t\t\t\t\t\t\t\t\t\t\t\t\t\t<article class=\"uagb-post__inner-wrap\">\t\t\t\t\t\t\t\t<div class='uagb-post__image'>\n\t\t\t\t\t\t\t\t\t<a href=\"https:\/\/agencia.unq.edu.ar\/?p=35885\" target=\"_self\" rel=\"bookmark noopener noreferrer\"><img loading=\"lazy\" decoding=\"async\" width=\"960\" height=\"388\" src=\"https:\/\/agencia.unq.edu.ar\/wp-content\/uploads\/2026\/04\/andar-en-bici.jpg\" class=\"attachment-medium size-medium\" alt=\"El equilibrio sobre dos ruedas no depende de los m\u00fasculos, sino de circuitos cerebrales que guardan movimientos practicados. Cr\u00e9ditos: Mayormente.\" \/>\t\t\t\t\t<\/a>\n\t\t\t\t\t\t\t\t\t<\/div>\n\t\t\t\t\t\t<h4 class=\"uagb-post__title uagb-post__text\">\n\t\t\t\t<a href=\"https:\/\/agencia.unq.edu.ar\/?p=35885\" target=\"_self\" rel=\"bookmark noopener noreferrer\">\u00bfPor qu\u00e9 nunca se olvida andar en bicicleta?<\/a>\n\t\t\t<\/h4>\n\t\t\t\t\t\t<div class='uagb-post__text uagb-post-grid-byline'>\n\t\t\t\t\t\t\t<\/div>\n\t\t\t\n\t\t\t\t\t\t\t\t\t<\/article>\n\t\t\t\t\t\t\t\t\t\t\t\t\t\t\t\t<article class=\"uagb-post__inner-wrap\">\t\t\t\t\t\t\t\t<div class='uagb-post__image'>\n\t\t\t\t\t\t\t\t\t<a href=\"https:\/\/agencia.unq.edu.ar\/?p=35843\" target=\"_self\" rel=\"bookmark noopener noreferrer\"><img loading=\"lazy\" decoding=\"async\" width=\"960\" height=\"388\" src=\"https:\/\/agencia.unq.edu.ar\/wp-content\/uploads\/2026\/04\/Alzheimer-demencia.jpg\" class=\"attachment-medium size-medium\" alt=\"La demencia es la s\u00e9ptima causa de defunci\u00f3n en todo el mundo. Cr\u00e9ditos: Centro M\u00e9dico ABC.\" \/>\t\t\t\t\t<\/a>\n\t\t\t\t\t\t\t\t\t<\/div>\n\t\t\t\t\t\t<h4 class=\"uagb-post__title uagb-post__text\">\n\t\t\t\t<a href=\"https:\/\/agencia.unq.edu.ar\/?p=35843\" target=\"_self\" rel=\"bookmark noopener noreferrer\">Hacer 150 minutos de actividad f\u00edsica y dormir ocho horas reduce el riesgo de demencia<\/a>\n\t\t\t<\/h4>\n\t\t\t\t\t\t<div class='uagb-post__text uagb-post-grid-byline'>\n\t\t\t\t\t\t\t<\/div>\n\t\t\t\n\t\t\t\t\t\t\t\t\t<\/article>\n\t\t\t\t\t\t\t\t\t\t\t\t\t\t\t\t<article class=\"uagb-post__inner-wrap\">\t\t\t\t\t\t\t\t<div class='uagb-post__image'>\n\t\t\t\t\t\t\t\t\t<a href=\"https:\/\/agencia.unq.edu.ar\/?p=35798\" target=\"_self\" rel=\"bookmark noopener noreferrer\"><img loading=\"lazy\" decoding=\"async\" width=\"960\" height=\"388\" src=\"https:\/\/agencia.unq.edu.ar\/wp-content\/uploads\/2026\/04\/desconexion.jpg\" class=\"attachment-medium size-medium\" alt=\"Algunos usuarios reportan alivio tras cerrar sus cuentas; otros sienten m\u00e1s soledad o reemplazan una app por otra igual de absorbente. Cr\u00e9dito: Unplash.\" \/>\t\t\t\t\t<\/a>\n\t\t\t\t\t\t\t\t\t<\/div>\n\t\t\t\t\t\t<h4 class=\"uagb-post__title uagb-post__text\">\n\t\t\t\t<a href=\"https:\/\/agencia.unq.edu.ar\/?p=35798\" target=\"_self\" rel=\"bookmark noopener noreferrer\">\u00bfDejar las redes sociales mejora la salud mental?<\/a>\n\t\t\t<\/h4>\n\t\t\t\t\t\t<div class='uagb-post__text uagb-post-grid-byline'>\n\t\t\t\t\t\t\t<\/div>\n\t\t\t\n\t\t\t\t\t\t\t\t\t<\/article>\n\t\t\t\t\t\t\t\t\t\t\t\t\t\t\t\t<article class=\"uagb-post__inner-wrap\">\t\t\t\t\t\t\t\t<div class='uagb-post__image'>\n\t\t\t\t\t\t\t\t\t<a href=\"https:\/\/agencia.unq.edu.ar\/?p=35761\" target=\"_self\" rel=\"bookmark noopener noreferrer\"><img loading=\"lazy\" decoding=\"async\" width=\"960\" height=\"388\" src=\"https:\/\/agencia.unq.edu.ar\/wp-content\/uploads\/2026\/04\/Cigarrillo-Reino-Unido-Tabaco.jpg\" class=\"attachment-medium size-medium\" alt=\"Mujer fumando un cigarrillo.\" \/>\t\t\t\t\t<\/a>\n\t\t\t\t\t\t\t\t\t<\/div>\n\t\t\t\t\t\t<h4 class=\"uagb-post__title uagb-post__text\">\n\t\t\t\t<a href=\"https:\/\/agencia.unq.edu.ar\/?p=35761\" target=\"_self\" rel=\"bookmark noopener noreferrer\">Hacia una generaci\u00f3n libre de humo: Reino Unido proh\u00edbe el tabaco a los nacidos a partir de 2009\u00a0<\/a>\n\t\t\t<\/h4>\n\t\t\t\t\t\t<div class='uagb-post__text uagb-post-grid-byline'>\n\t\t\t\t\t\t\t<\/div>\n\t\t\t\n\t\t\t\t\t\t\t\t\t<\/article>\n\t\t\t\t\t\t\t\t\t\t\t\t\t\t\t\t<article class=\"uagb-post__inner-wrap\">\t\t\t\t\t\t\t\t<div class='uagb-post__image'>\n\t\t\t\t\t\t\t\t\t<a href=\"https:\/\/agencia.unq.edu.ar\/?p=35734\" target=\"_self\" rel=\"bookmark noopener noreferrer\"><img loading=\"lazy\" decoding=\"async\" width=\"960\" height=\"388\" src=\"https:\/\/agencia.unq.edu.ar\/wp-content\/uploads\/2026\/04\/Homepatia-principal.jpg\" class=\"attachment-medium size-medium\" alt=\"El informe espa\u00f1ol revive la pol\u00e9mica respecto de la homeopat\u00eda (imagen: todoorl.net)\" \/>\t\t\t\t\t<\/a>\n\t\t\t\t\t\t\t\t\t<\/div>\n\t\t\t\t\t\t<h4 class=\"uagb-post__title uagb-post__text\">\n\t\t\t\t<a href=\"https:\/\/agencia.unq.edu.ar\/?p=35734\" target=\"_self\" rel=\"bookmark noopener noreferrer\">Homeopat\u00eda bajo la lupa: un informe en Espa\u00f1a descarta su eficacia y reabre el debate<\/a>\n\t\t\t<\/h4>\n\t\t\t\t\t\t<div class='uagb-post__text uagb-post-grid-byline'>\n\t\t\t\t\t\t\t<\/div>\n\t\t\t\n\t\t\t\t\t\t\t\t\t<\/article>\n\t\t\t\t\t\t\t\t\t\t\t\t\t\t\t\t<article class=\"uagb-post__inner-wrap\">\t\t\t\t\t\t\t\t<div class='uagb-post__image'>\n\t\t\t\t\t\t\t\t\t<a href=\"https:\/\/agencia.unq.edu.ar\/?p=35668\" target=\"_self\" rel=\"bookmark noopener noreferrer\"><img loading=\"lazy\" decoding=\"async\" width=\"960\" height=\"388\" src=\"https:\/\/agencia.unq.edu.ar\/wp-content\/uploads\/2026\/04\/Higado-graso.jpg\" class=\"attachment-medium size-medium\" alt=\"Cr\u00e9ditos: Actualidad m\u00e9dica.\" \/>\t\t\t\t\t<\/a>\n\t\t\t\t\t\t\t\t\t<\/div>\n\t\t\t\t\t\t<h4 class=\"uagb-post__title uagb-post__text\">\n\t\t\t\t<a href=\"https:\/\/agencia.unq.edu.ar\/?p=35668\" target=\"_self\" rel=\"bookmark noopener noreferrer\">H\u00edgado graso no alcoh\u00f3lico: el problema silencioso que desaf\u00eda a la salud p\u00fablica<\/a>\n\t\t\t<\/h4>\n\t\t\t\t\t\t<div class='uagb-post__text uagb-post-grid-byline'>\n\t\t\t\t\t\t\t<\/div>\n\t\t\t\n\t\t\t\t\t\t\t\t\t<\/article>\n\t\t\t\t\t\t\t\t\t\t\t<\/div>\n\t\t\t<\/div>\n","protected":false},"excerpt":{"rendered":"<p>Se plantea la equidad en el acceso a vacunas y tratamientos, pero el pa\u00eds decide dar la espalda a las pol\u00edticas de cooperaci\u00f3n.<\/p>\n","protected":false},"author":4,"featured_media":28565,"comment_status":"open","ping_status":"closed","sticky":false,"template":"","format":"standard","meta":{"_uag_custom_page_level_css":"","_monsterinsights_skip_tracking":false,"_monsterinsights_sitenote_active":false,"_monsterinsights_sitenote_note":"","_monsterinsights_sitenote_category":0,"site-sidebar-layout":"default","site-content-layout":"","ast-site-content-layout":"default","site-content-style":"default","site-sidebar-style":"default","ast-global-header-display":"","ast-banner-title-visibility":"","ast-main-header-display":"","ast-hfb-above-header-display":"","ast-hfb-below-header-display":"","ast-hfb-mobile-header-display":"","site-post-title":"","ast-breadcrumbs-content":"","ast-featured-img":"","footer-sml-layout":"","ast-disable-related-posts":"","theme-transparent-header-meta":"","adv-header-id-meta":"","stick-header-meta":"","header-above-stick-meta":"","header-main-stick-meta":"","header-below-stick-meta":"","astra-migrate-meta-layouts":"default","ast-page-background-enabled":"default","ast-page-background-meta":{"desktop":{"background-color":"var(--ast-global-color-4)","background-image":"","background-repeat":"repeat","background-position":"center center","background-size":"auto","background-attachment":"scroll","background-type":"","background-media":"","overlay-type":"","overlay-color":"","overlay-opacity":"","overlay-gradient":""},"tablet":{"background-color":"","background-image":"","background-repeat":"repeat","background-position":"center center","background-size":"auto","background-attachment":"scroll","background-type":"","background-media":"","overlay-type":"","overlay-color":"","overlay-opacity":"","overlay-gradient":""},"mobile":{"background-color":"","background-image":"","background-repeat":"repeat","background-position":"center center","background-size":"auto","background-attachment":"scroll","background-type":"","background-media":"","overlay-type":"","overlay-color":"","overlay-opacity":"","overlay-gradient":""}},"ast-content-background-meta":{"desktop":{"background-color":"var(--ast-global-color-5)","background-image":"","background-repeat":"repeat","background-position":"center center","background-size":"auto","background-attachment":"scroll","background-type":"","background-media":"","overlay-type":"","overlay-color":"","overlay-opacity":"","overlay-gradient":""},"tablet":{"background-color":"var(--ast-global-color-5)","background-image":"","background-repeat":"repeat","background-position":"center center","background-size":"auto","background-attachment":"scroll","background-type":"","background-media":"","overlay-type":"","overlay-color":"","overlay-opacity":"","overlay-gradient":""},"mobile":{"background-color":"var(--ast-global-color-5)","background-image":"","background-repeat":"repeat","background-position":"center center","background-size":"auto","background-attachment":"scroll","background-type":"","background-media":"","overlay-type":"","overlay-color":"","overlay-opacity":"","overlay-gradient":""}},"footnotes":""},"categories":[16,9],"tags":[],"class_list":["post-28562","post","type-post","status-publish","format-standard","has-post-thumbnail","hentry","category-noticia-destacada","category-salud"],"aioseo_notices":[],"uagb_featured_image_src":{"full":["https:\/\/agencia.unq.edu.ar\/wp-content\/uploads\/2025\/05\/Pandemia-Virus-Planeta-OMS.jpg",1040,420,false],"thumbnail":["https:\/\/agencia.unq.edu.ar\/wp-content\/uploads\/2025\/05\/Pandemia-Virus-Planeta-OMS.jpg",150,61,false],"medium":["https:\/\/agencia.unq.edu.ar\/wp-content\/uploads\/2025\/05\/Pandemia-Virus-Planeta-OMS.jpg",960,388,false],"medium_large":["https:\/\/agencia.unq.edu.ar\/wp-content\/uploads\/2025\/05\/Pandemia-Virus-Planeta-OMS.jpg",768,310,false],"large":["https:\/\/agencia.unq.edu.ar\/wp-content\/uploads\/2025\/05\/Pandemia-Virus-Planeta-OMS.jpg",1040,420,false],"1536x1536":["https:\/\/agencia.unq.edu.ar\/wp-content\/uploads\/2025\/05\/Pandemia-Virus-Planeta-OMS.jpg",1040,420,false],"2048x2048":["https:\/\/agencia.unq.edu.ar\/wp-content\/uploads\/2025\/05\/Pandemia-Virus-Planeta-OMS.jpg",1040,420,false]},"uagb_author_info":{"display_name":"Luciana Mazzini Puga","author_link":"https:\/\/agencia.unq.edu.ar\/?author=4"},"uagb_comment_info":0,"uagb_excerpt":"Se plantea la equidad en el acceso a vacunas y tratamientos, pero el pa\u00eds decide dar la espalda a las pol\u00edticas de cooperaci\u00f3n.","blog_post_layout_featured_media_urls":{"thumbnail":["https:\/\/agencia.unq.edu.ar\/wp-content\/uploads\/2025\/05\/Pandemia-Virus-Planeta-OMS.jpg",150,61,false],"full":["https:\/\/agencia.unq.edu.ar\/wp-content\/uploads\/2025\/05\/Pandemia-Virus-Planeta-OMS.jpg",1040,420,false]},"categories_names":{"16":{"name":"Noticia destacada","link":"https:\/\/agencia.unq.edu.ar\/?cat=16"},"9":{"name":"Salud","link":"https:\/\/agencia.unq.edu.ar\/?cat=9"}},"tags_names":[],"comments_number":"0","_links":{"self":[{"href":"https:\/\/agencia.unq.edu.ar\/index.php?rest_route=\/wp\/v2\/posts\/28562","targetHints":{"allow":["GET"]}}],"collection":[{"href":"https:\/\/agencia.unq.edu.ar\/index.php?rest_route=\/wp\/v2\/posts"}],"about":[{"href":"https:\/\/agencia.unq.edu.ar\/index.php?rest_route=\/wp\/v2\/types\/post"}],"author":[{"embeddable":true,"href":"https:\/\/agencia.unq.edu.ar\/index.php?rest_route=\/wp\/v2\/users\/4"}],"replies":[{"embeddable":true,"href":"https:\/\/agencia.unq.edu.ar\/index.php?rest_route=%2Fwp%2Fv2%2Fcomments&post=28562"}],"version-history":[{"count":10,"href":"https:\/\/agencia.unq.edu.ar\/index.php?rest_route=\/wp\/v2\/posts\/28562\/revisions"}],"predecessor-version":[{"id":28586,"href":"https:\/\/agencia.unq.edu.ar\/index.php?rest_route=\/wp\/v2\/posts\/28562\/revisions\/28586"}],"wp:featuredmedia":[{"embeddable":true,"href":"https:\/\/agencia.unq.edu.ar\/index.php?rest_route=\/wp\/v2\/media\/28565"}],"wp:attachment":[{"href":"https:\/\/agencia.unq.edu.ar\/index.php?rest_route=%2Fwp%2Fv2%2Fmedia&parent=28562"}],"wp:term":[{"taxonomy":"category","embeddable":true,"href":"https:\/\/agencia.unq.edu.ar\/index.php?rest_route=%2Fwp%2Fv2%2Fcategories&post=28562"},{"taxonomy":"post_tag","embeddable":true,"href":"https:\/\/agencia.unq.edu.ar\/index.php?rest_route=%2Fwp%2Fv2%2Ftags&post=28562"}],"curies":[{"name":"wp","href":"https:\/\/api.w.org\/{rel}","templated":true}]}}