{"id":2924,"date":"2022-04-01T15:58:35","date_gmt":"2022-04-01T18:58:35","guid":{"rendered":"https:\/\/agencia.unq.edu.ar\/?p=2924"},"modified":"2022-04-20T16:45:35","modified_gmt":"2022-04-20T19:45:35","slug":"la-unq-presenta-la-especializacion-en-comunicacion-gestion-y-produccion-cultural-de-cyt","status":"publish","type":"post","link":"https:\/\/agencia.unq.edu.ar\/?p=2924","title":{"rendered":"La UNQ lanza la Especializaci\u00f3n en Comunicaci\u00f3n, Gesti\u00f3n y Producci\u00f3n Cultural de CyT\u00a0"},"content":{"rendered":"\n<p class=\"has-medium-font-size wp-block-paragraph\">La comunicaci\u00f3n y la cultura al servicio de la ciencia y la tecnolog\u00eda. Se trata de una titulaci\u00f3n in\u00e9dita y la modalidad de dictado ser\u00e1 virtual.&nbsp;<\/p>\n\n\n\n<figure class=\"wp-block-image size-full\"><img loading=\"lazy\" decoding=\"async\" width=\"1040\" height=\"420\" src=\"https:\/\/agencia.unq.edu.ar\/wp-content\/uploads\/2022\/04\/especializacion-comunicacion.jpg\" alt=\"Mar\u00eda Eugenia Fazio es la Directora de la Especializaci\u00f3n en Comunicaci\u00f3n, Gesti\u00f3n y Producci\u00f3n Cultural de la Ciencia y la Tecnolog\u00eda. Cr\u00e9ditos: Universidad Nacional de Quilmes.\" class=\"wp-image-2937\"\/><figcaption>Mar\u00eda Eugenia Fazio es la Directora de la Especializaci\u00f3n en Comunicaci\u00f3n, Gesti\u00f3n y Producci\u00f3n Cultural de la Ciencia y la Tecnolog\u00eda. Cr\u00e9ditos: Universidad Nacional de Quilmes.<\/figcaption><\/figure>\n\n\n\n<p class=\"wp-block-paragraph\">La Universidad Nacional de Quilmes (UNQ) presenta la Especializaci\u00f3n en Comunicaci\u00f3n, Gesti\u00f3n y Producci\u00f3n Cultural de la Ciencia y la Tecnolog\u00eda. En este contexto donde la ciencia y la tecnolog\u00eda adquieren cada vez m\u00e1s relevancia en la sociedad, <strong>la titulaci\u00f3n apunta no solo a la comunicaci\u00f3n p\u00fablica de la ciencia, sino tambi\u00e9n a la generaci\u00f3n de contenidos cient\u00edficos y tecnol\u00f3gicos pensados para diferentes formatos culturales<\/strong>. La propuesta es transversal y est\u00e1 orientada a graduados y graduadas de universidades o terciarios que no solo tengan que ver con la comunicaci\u00f3n y el periodismo, sino tambi\u00e9n que est\u00e1 destinada a personas que provengan del mundo de las ciencias y la gesti\u00f3n cultural. <\/p>\n\n\n\n<p class=\"wp-block-paragraph\">El plan de estudios consta de cuatro cursos b\u00e1sicos obligatorios y cinco cursos electivos. Adem\u00e1s, como trabajo final, se destaca la elaboraci\u00f3n de un proyecto de cultura cient\u00edfica planteado y contextualizado en el marco de una instituci\u00f3n existente y pertinente (museo; canal de TV; emisora de radio; centro cultural; universidad; escuela o editorial, entre otros) y una pr\u00e1ctica profesional obligatoria.&nbsp;<\/p>\n\n\n\n<p class=\"wp-block-paragraph\"><strong>Mar\u00eda Eugenia Fazio<\/strong>, docente e investigadora de comunicaci\u00f3n p\u00fablica de la ciencia y la tecnolog\u00eda en la UNQ y directora del proyecto, <strong>cuenta que la idea de crear la Especializaci\u00f3n surgi\u00f3 entre 2015 y 2016 en conjunto con Diego Golombek<\/strong>. \u201cEn ese momento, desde la Universidad pusimos en marcha el Programa de Comunicaci\u00f3n de la Ciencia. A partir de ah\u00ed comenzamos a implementar y crear un mont\u00f3n de iniciativas en torno al tema. Adem\u00e1s, en esa \u00e9poca no hab\u00eda mucha oferta de formaci\u00f3n en estas tem\u00e1ticas\u201d.<\/p>\n\n\n\n<p class=\"wp-block-paragraph\">En cualquier especializaci\u00f3n, la pr\u00e1ctica ocupa un rol central porque as\u00ed lo requiere el reglamento de la Comisi\u00f3n Nacional de Evaluaci\u00f3n y Acreditaci\u00f3n Universitaria (CONEAU). En el caso de la Especializaci\u00f3n en Comunicaci\u00f3n, Gesti\u00f3n y Producci\u00f3n Cultural de la Ciencia y la Tecnolog\u00eda, \u201c<strong>la intenci\u00f3n es que podamos crear un espacio de formaci\u00f3n de mucha calidad que trascienda muros, que trascienda las paredes de las aulas virtuales para poder convertirnos en un espacio de creaci\u00f3n de contenidos<\/strong>, un semillero de experiencias diversas, creativas, novedosas e innovadoras en materia de cultura cient\u00edfica, de gesti\u00f3n y de producci\u00f3n cultural de la ciencia y la tecnolog\u00eda\u201d, afirma Fazio.<\/p>\n\n\n\n<p class=\"wp-block-paragraph\">Adem\u00e1s del trabajo final y la pr\u00e1ctica profesional, la formaci\u00f3n b\u00e1sica est\u00e1 compuesta por cuatro materias: Historia de la comunicaci\u00f3n p\u00fablica de la ciencia y los p\u00fablicos; Historia, epistemolog\u00eda y sociolog\u00eda de la ciencia; Gesti\u00f3n cultural orientada a actividades de CyT y Elementos de producci\u00f3n cient\u00edfica y tecnol\u00f3gica. Estas materias son obligatorias y tienen una carga horaria de 144 horas.<\/p>\n\n\n\n<p class=\"wp-block-paragraph\">Tambi\u00e9n, el programa cuenta con trece materias electivas, de las cuales los estudiantes podr\u00e1n elegir cinco: Taller de periodismo cient\u00edfico; Artes de la escritura; Edici\u00f3n de libros de cultura cient\u00edfica; Taller de realizaci\u00f3n audiovisual; Cl\u00ednica de ficci\u00f3n audiovisual con contenidos cient\u00edficos; Cine cient\u00edfico; Dise\u00f1o, producci\u00f3n y realizaci\u00f3n de exhibiciones; Cl\u00ednica de curadur\u00eda; Teatro cient\u00edfico; Comunicaci\u00f3n institucional de la CyT; Actualidad en ciencia y tecnolog\u00eda I; Actualidad en ciencia y tecnolog\u00eda II y el Seminario de Actualizaci\u00f3n Disciplinar. &nbsp;<\/p>\n\n\n\n<p class=\"wp-block-paragraph\">La carrera est\u00e1 orientada a completar y profundizar la formaci\u00f3n de cient\u00edficos, periodistas, comunicadores, gestores culturales y profesionales afines a estas carreras. \u201c<strong>Con la puesta en marcha del proyecto, en primer lugar espero que sea una usina de creatividad<\/strong> y de creaci\u00f3n de contenidos, que con el tiempo se pueda transformar en un semillero de iniciativas. <strong>Tambi\u00e9n espero que sea un lugar de formaci\u00f3n con mucha calidad, con mucha diversidad en cuanto a temas, estilos, or\u00edgenes y formaciones de las y los docentes<\/strong>\u201d, destaca la docente investigadora de la UNQ.<\/p>\n\n\n\n<p class=\"wp-block-paragraph\">La oferta y la demanda crecieron mucho en los \u00faltimos a\u00f1os. Aunque en el pa\u00eds actualmente hay diversos diplomas y especializaciones sobre esta tem\u00e1tica en universidades como la UBA, la Universidad Nacional de C\u00f3rdoba, la Universidad Nacional del Centro y la Universidad Nacional de Rio Negro; cada especializaci\u00f3n tiene su propia identidad, su sello institucional con \u00e9nfasis en distintos aspectos del tema. \u201cEn nuestro caso, <strong>hacemos mucho \u00e9nfasis en la posibilidad de expandir las experiencias culturales vinculadas con la ciencia m\u00e1s all\u00e1 de la comunicaci\u00f3n y acerc\u00e1ndonos a la gesti\u00f3n y producci\u00f3n cultural de estos temas en diversos espacios<\/strong> a trav\u00e9s de iniciativas que puedan dirigirse a distintos p\u00fablicos, tener presencia en distintos lugares y espacios f\u00edsicos y que convoquen a referentes de distintas \u00e1reas, que se crucen con las artes y resulten interdisciplinarias\u201d, destaca la directora de la Especializaci\u00f3n.<\/p>\n\n\n\n<hr class=\"wp-block-separator has-text-color has-background is-style-wide\" style=\"background-color:#fea50e;color:#fea50e\"\/>\n\n\n\n<div style=\"height:40px\" aria-hidden=\"true\" class=\"wp-block-spacer\"><\/div>\n\n\n\n<h4 class=\"wp-block-heading\" id=\"publicaciones-relacionadas\">M\u00e1s noticias de la secci\u00f3n Ciencias:<\/h4>\n\n\n<style id=\"sp_pcp_dynamic_style3313\">#pcp_wrapper-3313:not(.sps-glossary-layout) .sp-pcp-row,#pcp_wrapper-3313 .sps-glossary-items-group .sps-glossary-items-content {margin-right: -10px;margin-left: -10px;}#pcp_wrapper-3313 .sp-pcp-row [class*='sp-pcp-col-']{padding-right: 10px;padding-left: 10px; padding-bottom:20px;}.pcp-wrapper-3313 .sp-pcp-title a {color: #ac162c;display: inherit;} .pcp-wrapper-3313 .sp-pcp-title a:hover {color: #fea50e;}#pcp_wrapper-3313 .dots .swiper-pagination-bullet{ background: #ac162c; } #pcp_wrapper-3313 .dots .swiper-pagination-bullet-active { background: #fea50e; }#pcp_wrapper-3313 .pcp-button-prev,#pcp_wrapper-3313 .pcp-button-next{ background-image: none; background-size: auto; background-color: #fff; height: 33px; width: 33px; margin-top: 8px; border: 1px solid #898339; text-align: center; line-height: 30px; -webkit-transition: 0.3s; border-radius: 3px; }#pcp_wrapper-3313 .pcp-button-prev:hover, #pcp_wrapper-3313 .pcp-button-next:hover{ background-color: #fea50e; border-color: #ac162c; } #pcp_wrapper-3313 .pcp-button-prev .fa, #pcp_wrapper-3313 .pcp-button-next .fa { color: #000000; } #pcp_wrapper-3313 .pcp-button-prev:hover .fa, #pcp_wrapper-3313 .pcp-button-next:hover .fa { color: #fff; } #pcp_wrapper-3313.pcp-carousel-wrapper .sp-pcp-post{ margin-top: 0; }#pcp_wrapper-3313 .sp-pcp-post {padding: 0 0 0 0;}#pcp_wrapper-3313.sp-slider_layout .sp-pcp-post .sp-pcp-post-details {top: 0; right:0; bottom:0; left:0;}#pcp_wrapper-3313 .sp-pcp-post {border: 0px solid #e2e2e2; border-radius: 0px }#pcp_wrapper-3313 .sp-pcp-post{background-color: transparent;}#pcp_wrapper-3313 .pcp-post-thumb-wrapper{border: 0px solid #dddddd;border-radius:0px;}.pcp-wrapper-3313 .sp-pcp-post-meta li,.pcp-wrapper-3313 .sp-pcp-post-meta ul,.pcp-wrapper-3313 .sp-pcp-post-meta li a{color: #888;}.pcp-wrapper-3313 .sp-pcp-post-meta li a:hover{color: #e1624b;}#pcp_wrapper-3313 .pcp-post-pagination .page-numbers.current, #pcp_wrapper-3313 .pcp-post-pagination a.active , #pcp_wrapper-3313 .pcp-post-pagination a:hover{ color: #ffffff; background: #e1624b; border-color: #e1624b; }#pcp_wrapper-3313 .pcp-post-pagination .page-numbers, .pcp-post-pagination a{ background: #ffffff; color:#5e5e5e; border: 2px solid #bbbbbb;border-radius: 2px; }#pcp_wrapper-3313 .pcp-post-pagination{text-align: left;}@media (min-width: 1200px) {.sp-pcp-row .sp-pcp-col-xl-1 {flex: 0 0 100%;}.sp-pcp-row .sp-pcp-col-xl-2 {flex: 1 1 calc( 50% - 20px);}.sp-pcp-row .sp-pcp-col-xl-3 {flex: 1 1 calc( 33.333% - 20px);}.sp-pcp-row .sp-pcp-col-xl-4 {flex: 1 1 calc( 25% - 20px);}.sp-pcp-row .sp-pcp-col-xl-5 { flex: 1 1 calc( 20% - 20px);}.sp-pcp-row .sp-pcp-col-xl-6 {flex: 1 1 calc( 16.66666666666667% - 20px);}.sp-pcp-row .sp-pcp-col-xl-7 {flex: 1 1 calc( 14.28571428% - 20px);}.sp-pcp-row .sp-pcp-col-xl-8 {flex: 1 1 calc( 12.5% - 20px);}}@media (max-width: 1200px) {.sp-pcp-row .sp-pcp-col-lg-1 {flex: 0 0 100%;}.sp-pcp-row .sp-pcp-col-lg-2 {flex: 1 1 calc( 50% - 20px);}.sp-pcp-row .sp-pcp-col-lg-3 {flex: 1 1 calc( 33.333% - 20px);}.sp-pcp-row .sp-pcp-col-lg-4 {flex: 1 1 calc( 25% - 20px);}.sp-pcp-row .sp-pcp-col-lg-5 { flex: 1 1 calc( 20% - 20px);}.sp-pcp-row .sp-pcp-col-lg-6 {flex: 1 1 calc( 16.66666666666667% - 20px);}.sp-pcp-row .sp-pcp-col-lg-7 {flex: 1 1 calc( 14.28571428% - 20px);}.sp-pcp-row .sp-pcp-col-lg-8 {flex: 1 1 calc( 12.5% - 20px);}}@media (max-width: 992px) {.sp-pcp-row .sp-pcp-col-md-1 {flex: 0 0 100%;}.sp-pcp-row .sp-pcp-col-md-2 {flex: 1 1 calc( 50% - 20px);}.sp-pcp-row .sp-pcp-col-md-2-5 {flex: 0 0 75%;}.sp-pcp-row .sp-pcp-col-md-3 {flex: 1 1 calc( 33.333% - 20px);}.sp-pcp-row .sp-pcp-col-md-4 {flex: 1 1 calc( 25% - 20px);}.sp-pcp-row .sp-pcp-col-md-5 { flex: 1 1 calc( 20% - 20px);}.sp-pcp-row .sp-pcp-col-md-6 {flex: 1 1 calc( 16.66666666666667% - 20px);}.sp-pcp-row .sp-pcp-col-md-7 {flex: 1 1 calc( 14.28571428% - 20px);}.sp-pcp-row .sp-pcp-col-md-8 {flex: 1 1 calc( 12.5% - 20px);}}@media (max-width: 768px) {.sp-pcp-row .sp-pcp-col-sm-1 {flex: 0 0 100%;}.sp-pcp-row .sp-pcp-col-sm-2 {flex: 1 1 calc( 50% - 20px);}.sp-pcp-row .sp-pcp-col-sm-2-5 {flex: 0 0 75%;}.sp-pcp-row .sp-pcp-col-sm-3 {flex: 1 1 calc( 33.333% - 20px);}.sp-pcp-row .sp-pcp-col-sm-4 {flex: 1 1 calc( 25% - 20px);}.sp-pcp-row .sp-pcp-col-sm-5 { flex: 1 1 calc( 20% - 20px);}.sp-pcp-row .sp-pcp-col-sm-6 {flex: 1 1 calc( 16.66666666666667% - 20px);}.sp-pcp-row .sp-pcp-col-sm-7 {flex: 1 1 calc( 14.28571428% - 20px);}.sp-pcp-row .sp-pcp-col-sm-8 {flex: 1 1 calc( 12.5% - 20px);}}@media (max-width: 420px) {.sp-pcp-row .sp-pcp-col-xs-1 {flex: 0 0 100%;}.sp-pcp-row .sp-pcp-col-xs-2 {flex: 1 1 calc( 50% - 20px);}.sp-pcp-row .sp-pcp-col-xs-3 {flex: 1 1 calc( 33.333% - 20px);}.sp-pcp-row .sp-pcp-col-xs-4 {flex: 1 1 calc( 25% - 20px);}.sp-pcp-row .sp-pcp-col-xs-5 { flex: 1 1 calc( 20% - 20px);}.sp-pcp-row .sp-pcp-col-xs-6 {flex: 1 1 calc( 16.66666666666667% - 20px);}.sp-pcp-row .sp-pcp-col-xs-7 {flex: 1 1 calc( 14.28571428% - 20px);}.sp-pcp-row .sp-pcp-col-xs-8 {flex: 1 1 calc( 12.5% - 20px);}}<\/style><!-- Markup Starts -->\n<div id=\"pcp_wrapper-3313\" class=\"sp-pcp-section sp-pcp-container pcp-wrapper-3313 pcp-carousel-wrapper standard sp-carousel_layout\" data-sid=\"3313\">\n\t<div id=\"sp-pcp-id-3313\" class=\"swiper-container sp-pcp-carousel top_right\" dir=\"ltr\" data-carousel='{ \"speed\":600, \"items\":3, \"spaceBetween\":20, \"dynamicBullets\": false, \"navigation\":true, \"pagination\": true, \"autoplay\": true, \"autoplay_speed\": 2000, \"loop\": true, \"autoHeight\": false, \"lazy\":  true, \"simulateTouch\": true, \"freeMode\": false, \"slider_mouse_wheel\": false,\"allowTouchMove\": true, \"slidesPerView\": {\"lg_desktop\": 3, \"desktop\": 3, \"tablet\": 2, \"mobile_landscape\": 1, \"mobile\": 1}, \"navigation_mobile\": true, \"pagination_mobile\": true, \"stop_onHover\": true, \"enabled\": true, \"prevSlideMessage\": \"Previous slide\", \"nextSlideMessage\": \"Next slide\", \"firstSlideMessage\": \"This is the first slide\", \"lastSlideMessage\": \"This is the last slide\", \"keyboard\": \"true\", \"paginationBulletMessage\": \"Go to slide {{index}}\" }'>\n\t\t\t<div class=\"swiper-wrapper\">\n\t\t\t\t\t\t<div class=\" swiper-slide swiper-lazy\">\n\t\t\t<div class=\"sp-pcp-post default pcp-item-38796\" data-id=\"38796\">\n\t\t\t\t\t\t\t\t<div class=\"pcp-post-thumb-wrapper\">\n\t\t\t\t\t<div class=\"sp-pcp-post-thumb-area\">\n\t\t\t\t\t\t\t\t\t\t\t\t<a class=\"sp-pcp-thumb\" href=\"https:\/\/agencia.unq.edu.ar\/?p=38796\" target=\"_self\" >\n\t\t\t\t\t\t\t\t\t\t\t\t\t<img loading=\"lazy\" decoding=\"async\" src=\"https:\/\/agencia.unq.edu.ar\/wp-content\/uploads\/2026\/08\/Bravo-Ferrada-Prieto-Navarro-y-Martinez-cientificas-UNQ.jpg\" width=\"1040\" height=\"420\" alt=\"B\u00e1rbara Bravo Ferrada, Jimena Prieto, Marina Navarro y Carolina Mart\u00ednez. Cr\u00e9ditos Nicol\u00e1s Retamar \/ Agencia de Noticias Cient\u00edficas UNQ.\">\n\t\t\t\t\t\t<\/a>\n\t\t\t\t\t<\/div>\n\t\t\t\t<\/div>\n\t\t\t\t\t\t\t\t<div class=\"sp-pcp-post-details\">\n\t\t\t\t\t<div class=\"sp-pcp-post-details-content\">\n\t\t\t\t\t\t\t\t<h4 class=\"sp-pcp-title\">\n\t\t\t\t\t\t\t\t\t<a href=\"https:\/\/agencia.unq.edu.ar\/?p=38796\"  target=\"_self\">Cient\u00edficas de la UNQ obtuvieron el primer premio en un evento internacional sobre bacterias l\u00e1cticas<\/a>\t\t\t\t\t\t\t<\/h4>\n\t\t\t\t\t\t\t\t\t<\/div>\n\t\t\t\t<\/div>\n\t\t\t<\/div>\n\t\t<\/div>\n\t\t\t\t<div class=\" swiper-slide swiper-lazy\">\n\t\t\t<div class=\"sp-pcp-post default pcp-item-38752\" data-id=\"38752\">\n\t\t\t\t\t\t\t\t<div class=\"pcp-post-thumb-wrapper\">\n\t\t\t\t\t<div class=\"sp-pcp-post-thumb-area\">\n\t\t\t\t\t\t\t\t\t\t\t\t<a class=\"sp-pcp-thumb\" href=\"https:\/\/agencia.unq.edu.ar\/?p=38752\" target=\"_self\" >\n\t\t\t\t\t\t\t\t\t\t\t\t\t<img loading=\"lazy\" decoding=\"async\" src=\"https:\/\/agencia.unq.edu.ar\/wp-content\/uploads\/2026\/08\/Vacuna-melanoma.jpg\" width=\"1040\" height=\"420\" alt=\"Cr\u00e9ditos: Shutterstock\">\n\t\t\t\t\t\t<\/a>\n\t\t\t\t\t<\/div>\n\t\t\t\t<\/div>\n\t\t\t\t\t\t\t\t<div class=\"sp-pcp-post-details\">\n\t\t\t\t\t<div class=\"sp-pcp-post-details-content\">\n\t\t\t\t\t\t\t\t<h4 class=\"sp-pcp-title\">\n\t\t\t\t\t\t\t\t\t<a href=\"https:\/\/agencia.unq.edu.ar\/?p=38752\"  target=\"_self\">C\u00e1ncer de piel agresivo: \u00bfqu\u00e9 se sabe hasta ahora de la vacuna para combatirlo?<\/a>\t\t\t\t\t\t\t<\/h4>\n\t\t\t\t\t\t\t\t\t<\/div>\n\t\t\t\t<\/div>\n\t\t\t<\/div>\n\t\t<\/div>\n\t\t\t\t<div class=\" swiper-slide swiper-lazy\">\n\t\t\t<div class=\"sp-pcp-post default pcp-item-38721\" data-id=\"38721\">\n\t\t\t\t\t\t\t\t<div class=\"pcp-post-thumb-wrapper\">\n\t\t\t\t\t<div class=\"sp-pcp-post-thumb-area\">\n\t\t\t\t\t\t\t\t\t\t\t\t<a class=\"sp-pcp-thumb\" href=\"https:\/\/agencia.unq.edu.ar\/?p=38721\" target=\"_self\" >\n\t\t\t\t\t\t\t\t\t\t\t\t\t<img loading=\"lazy\" decoding=\"async\" src=\"https:\/\/agencia.unq.edu.ar\/wp-content\/uploads\/2026\/08\/Mitocondrias-principal.jpg\" width=\"1040\" height=\"420\" alt=\"Las mitocondrias son estructuras que se encuentran en el interior de las c\u00e9lulas y se encargan de proveerlas de energ\u00eda (imagen: Mundo entrenamiento).\">\n\t\t\t\t\t\t<\/a>\n\t\t\t\t\t<\/div>\n\t\t\t\t<\/div>\n\t\t\t\t\t\t\t\t<div class=\"sp-pcp-post-details\">\n\t\t\t\t\t<div class=\"sp-pcp-post-details-content\">\n\t\t\t\t\t\t\t\t<h4 class=\"sp-pcp-title\">\n\t\t\t\t\t\t\t\t\t<a href=\"https:\/\/agencia.unq.edu.ar\/?p=38721\"  target=\"_self\">Trasplante de mitocondrias: el arte (o la ciencia) de llevar energ\u00eda a c\u00e9lulas que la precisan<\/a>\t\t\t\t\t\t\t<\/h4>\n\t\t\t\t\t\t\t\t\t<\/div>\n\t\t\t\t<\/div>\n\t\t\t<\/div>\n\t\t<\/div>\n\t\t\t\t<div class=\" swiper-slide swiper-lazy\">\n\t\t\t<div class=\"sp-pcp-post default pcp-item-38598\" data-id=\"38598\">\n\t\t\t\t\t\t\t\t<div class=\"pcp-post-thumb-wrapper\">\n\t\t\t\t\t<div class=\"sp-pcp-post-thumb-area\">\n\t\t\t\t\t\t\t\t\t\t\t\t<a class=\"sp-pcp-thumb\" href=\"https:\/\/agencia.unq.edu.ar\/?p=38598\" target=\"_self\" >\n\t\t\t\t\t\t\t\t\t\t\t\t\t<img loading=\"lazy\" decoding=\"async\" src=\"https:\/\/agencia.unq.edu.ar\/wp-content\/uploads\/2026\/08\/Castelfranchi-Revuelta-Frias.jpg\" width=\"1040\" height=\"420\" alt=\"Yurij Castelfranchi, Gema Revuelta y Gabriela Fr\u00edas Villegas\">\n\t\t\t\t\t\t<\/a>\n\t\t\t\t\t<\/div>\n\t\t\t\t<\/div>\n\t\t\t\t\t\t\t\t<div class=\"sp-pcp-post-details\">\n\t\t\t\t\t<div class=\"sp-pcp-post-details-content\">\n\t\t\t\t\t\t\t\t<h4 class=\"sp-pcp-title\">\n\t\t\t\t\t\t\t\t\t<a href=\"https:\/\/agencia.unq.edu.ar\/?p=38598\"  target=\"_self\">\u201cLa IA no depende de c\u00f3mo la usamos sino de c\u00f3mo la construimos\u201d<\/a>\t\t\t\t\t\t\t<\/h4>\n\t\t\t\t\t\t\t\t\t<\/div>\n\t\t\t\t<\/div>\n\t\t\t<\/div>\n\t\t<\/div>\n\t\t\t\t<div class=\" swiper-slide swiper-lazy\">\n\t\t\t<div class=\"sp-pcp-post default pcp-item-38541\" data-id=\"38541\">\n\t\t\t\t\t\t\t\t<div class=\"pcp-post-thumb-wrapper\">\n\t\t\t\t\t<div class=\"sp-pcp-post-thumb-area\">\n\t\t\t\t\t\t\t\t\t\t\t\t<a class=\"sp-pcp-thumb\" href=\"https:\/\/agencia.unq.edu.ar\/?p=38541\" target=\"_self\" >\n\t\t\t\t\t\t\t\t\t\t\t\t\t<img loading=\"lazy\" decoding=\"async\" src=\"https:\/\/agencia.unq.edu.ar\/wp-content\/uploads\/2026\/08\/Supercentenarios-Principal.jpg\" width=\"1040\" height=\"420\" alt=\"Uno de los secretos del envejecimiento extremo podr\u00eda encontrarse en el sistema inmune (imagen: Business insider)\">\n\t\t\t\t\t\t<\/a>\n\t\t\t\t\t<\/div>\n\t\t\t\t<\/div>\n\t\t\t\t\t\t\t\t<div class=\"sp-pcp-post-details\">\n\t\t\t\t\t<div class=\"sp-pcp-post-details-content\">\n\t\t\t\t\t\t\t\t<h4 class=\"sp-pcp-title\">\n\t\t\t\t\t\t\t\t\t<a href=\"https:\/\/agencia.unq.edu.ar\/?p=38541\"  target=\"_self\">Guerreras contra el reloj: descubren que algunas c\u00e9lulas inmunitarias est\u00e1n implicadas en la longevidad extrema<\/a>\t\t\t\t\t\t\t<\/h4>\n\t\t\t\t\t\t\t\t\t<\/div>\n\t\t\t\t<\/div>\n\t\t\t<\/div>\n\t\t<\/div>\n\t\t\t\t<div class=\" swiper-slide swiper-lazy\">\n\t\t\t<div class=\"sp-pcp-post default pcp-item-38533\" data-id=\"38533\">\n\t\t\t\t\t\t\t\t<div class=\"pcp-post-thumb-wrapper\">\n\t\t\t\t\t<div class=\"sp-pcp-post-thumb-area\">\n\t\t\t\t\t\t\t\t\t\t\t\t<a class=\"sp-pcp-thumb\" href=\"https:\/\/agencia.unq.edu.ar\/?p=38533\" target=\"_self\" >\n\t\t\t\t\t\t\t\t\t\t\t\t\t<img loading=\"lazy\" decoding=\"async\" src=\"https:\/\/agencia.unq.edu.ar\/wp-content\/uploads\/2026\/08\/lucernarios-san-rafael.jpg\" width=\"1040\" height=\"420\" alt=\"Los lucernarios de San Rafael permiten iluminar el altar con luz natural\">\n\t\t\t\t\t\t<\/a>\n\t\t\t\t\t<\/div>\n\t\t\t\t<\/div>\n\t\t\t\t\t\t\t\t<div class=\"sp-pcp-post-details\">\n\t\t\t\t\t<div class=\"sp-pcp-post-details-content\">\n\t\t\t\t\t\t\t\t<h4 class=\"sp-pcp-title\">\n\t\t\t\t\t\t\t\t\t<a href=\"https:\/\/agencia.unq.edu.ar\/?p=38533\"  target=\"_self\">\u00bfMarketing divino? El secreto astron\u00f3mico de los jesuitas para hacer visible a Dios a trav\u00e9s de la luz<\/a>\t\t\t\t\t\t\t<\/h4>\n\t\t\t\t\t\t\t\t\t<\/div>\n\t\t\t\t<\/div>\n\t\t\t<\/div>\n\t\t<\/div>\n\t\t\t\t<div class=\" swiper-slide swiper-lazy\">\n\t\t\t<div class=\"sp-pcp-post default pcp-item-21014\" data-id=\"21014\">\n\t\t\t\t\t\t\t\t<div class=\"pcp-post-thumb-wrapper\">\n\t\t\t\t\t<div class=\"sp-pcp-post-thumb-area\">\n\t\t\t\t\t\t\t\t\t\t\t\t<a class=\"sp-pcp-thumb\" href=\"https:\/\/agencia.unq.edu.ar\/?p=21014\" target=\"_self\" >\n\t\t\t\t\t\t\t\t\t\t\t\t\t<img loading=\"lazy\" decoding=\"async\" src=\"https:\/\/agencia.unq.edu.ar\/wp-content\/uploads\/2024\/07\/Cruce-de-los-Andes-historiando.jpg\" width=\"1040\" height=\"420\" alt=\"Cruce de los Andes\">\n\t\t\t\t\t\t<\/a>\n\t\t\t\t\t<\/div>\n\t\t\t\t<\/div>\n\t\t\t\t\t\t\t\t<div class=\"sp-pcp-post-details\">\n\t\t\t\t\t<div class=\"sp-pcp-post-details-content\">\n\t\t\t\t\t\t\t\t<h4 class=\"sp-pcp-title\">\n\t\t\t\t\t\t\t\t\t<a href=\"https:\/\/agencia.unq.edu.ar\/?p=21014\"  target=\"_self\">El cruce de Los Andes: \u00bfC\u00f3mo cuidaba San Martin la salud de sus soldados?<\/a>\t\t\t\t\t\t\t<\/h4>\n\t\t\t\t\t\t\t\t\t<\/div>\n\t\t\t\t<\/div>\n\t\t\t<\/div>\n\t\t<\/div>\n\t\t\t\t<div class=\" swiper-slide swiper-lazy\">\n\t\t\t<div class=\"sp-pcp-post default pcp-item-38454\" data-id=\"38454\">\n\t\t\t\t\t\t\t\t<div class=\"pcp-post-thumb-wrapper\">\n\t\t\t\t\t<div class=\"sp-pcp-post-thumb-area\">\n\t\t\t\t\t\t\t\t\t\t\t\t<a class=\"sp-pcp-thumb\" href=\"https:\/\/agencia.unq.edu.ar\/?p=38454\" target=\"_self\" >\n\t\t\t\t\t\t\t\t\t\t\t\t\t<img loading=\"lazy\" decoding=\"async\" src=\"https:\/\/agencia.unq.edu.ar\/wp-content\/uploads\/2026\/08\/Margaret-Ann-Bulkley.jpg\" width=\"1040\" height=\"420\" alt=\"Pintura del militar brit\u00e1nico Dr. James Barry, nacido como Margaret Ann Bulkley. Cr\u00e9ditos: BBC.\">\n\t\t\t\t\t\t<\/a>\n\t\t\t\t\t<\/div>\n\t\t\t\t<\/div>\n\t\t\t\t\t\t\t\t<div class=\"sp-pcp-post-details\">\n\t\t\t\t\t<div class=\"sp-pcp-post-details-content\">\n\t\t\t\t\t\t\t\t<h4 class=\"sp-pcp-title\">\n\t\t\t\t\t\t\t\t\t<a href=\"https:\/\/agencia.unq.edu.ar\/?p=38454\"  target=\"_self\">Qui\u00e9n era Margaret Bulkley, la cirujana que vivi\u00f3 como var\u00f3n para ejercer la medicina<\/a>\t\t\t\t\t\t\t<\/h4>\n\t\t\t\t\t\t\t\t\t<\/div>\n\t\t\t\t<\/div>\n\t\t\t<\/div>\n\t\t<\/div>\n\t\t\t\t<div class=\" swiper-slide swiper-lazy\">\n\t\t\t<div class=\"sp-pcp-post default pcp-item-38422\" data-id=\"38422\">\n\t\t\t\t\t\t\t\t<div class=\"pcp-post-thumb-wrapper\">\n\t\t\t\t\t<div class=\"sp-pcp-post-thumb-area\">\n\t\t\t\t\t\t\t\t\t\t\t\t<a class=\"sp-pcp-thumb\" href=\"https:\/\/agencia.unq.edu.ar\/?p=38422\" target=\"_self\" >\n\t\t\t\t\t\t\t\t\t\t\t\t\t<img loading=\"lazy\" decoding=\"async\" src=\"https:\/\/agencia.unq.edu.ar\/wp-content\/uploads\/2026\/08\/terremoto-Colombia.jpg\" width=\"1040\" height=\"420\" alt=\"Consecuencias del terremoto en Colombia. Cr\u00e9ditos: Getty Images.\">\n\t\t\t\t\t\t<\/a>\n\t\t\t\t\t<\/div>\n\t\t\t\t<\/div>\n\t\t\t\t\t\t\t\t<div class=\"sp-pcp-post-details\">\n\t\t\t\t\t<div class=\"sp-pcp-post-details-content\">\n\t\t\t\t\t\t\t\t<h4 class=\"sp-pcp-title\">\n\t\t\t\t\t\t\t\t\t<a href=\"https:\/\/agencia.unq.edu.ar\/?p=38422\"  target=\"_self\">\u00bfPor qu\u00e9 Am\u00e9rica del Sur sufri\u00f3 dos terremotos grandes en menos de 50 d\u00edas?<\/a>\t\t\t\t\t\t\t<\/h4>\n\t\t\t\t\t\t\t\t\t<\/div>\n\t\t\t\t<\/div>\n\t\t\t<\/div>\n\t\t<\/div>\n\t\t\t\t<div class=\" swiper-slide swiper-lazy\">\n\t\t\t<div class=\"sp-pcp-post default pcp-item-38414\" data-id=\"38414\">\n\t\t\t\t\t\t\t\t<div class=\"pcp-post-thumb-wrapper\">\n\t\t\t\t\t<div class=\"sp-pcp-post-thumb-area\">\n\t\t\t\t\t\t\t\t\t\t\t\t<a class=\"sp-pcp-thumb\" href=\"https:\/\/agencia.unq.edu.ar\/?p=38414\" target=\"_self\" >\n\t\t\t\t\t\t\t\t\t\t\t\t\t<img loading=\"lazy\" decoding=\"async\" src=\"https:\/\/agencia.unq.edu.ar\/wp-content\/uploads\/2026\/08\/sabiduria-colectiva.jpg\" width=\"1040\" height=\"420\" alt=\"Estimar los fragmentos de un problema complejo y combinar experiencias en grupo es mejor que abordarlo en su conjunto y en soledad (imagen: Psychology Today)\">\n\t\t\t\t\t\t<\/a>\n\t\t\t\t\t<\/div>\n\t\t\t\t<\/div>\n\t\t\t\t\t\t\t\t<div class=\"sp-pcp-post-details\">\n\t\t\t\t\t<div class=\"sp-pcp-post-details-content\">\n\t\t\t\t\t\t\t\t<h4 class=\"sp-pcp-title\">\n\t\t\t\t\t\t\t\t\t<a href=\"https:\/\/agencia.unq.edu.ar\/?p=38414\"  target=\"_self\">Sabidur\u00eda colectiva: un estudio muestra la eficiencia y el funcionamiento de las decisiones grupales<\/a>\t\t\t\t\t\t\t<\/h4>\n\t\t\t\t\t\t\t\t\t<\/div>\n\t\t\t\t<\/div>\n\t\t\t<\/div>\n\t\t<\/div>\n\t\t\t\t<div class=\" swiper-slide swiper-lazy\">\n\t\t\t<div class=\"sp-pcp-post default pcp-item-38369\" data-id=\"38369\">\n\t\t\t\t\t\t\t\t<div class=\"pcp-post-thumb-wrapper\">\n\t\t\t\t\t<div class=\"sp-pcp-post-thumb-area\">\n\t\t\t\t\t\t\t\t\t\t\t\t<a class=\"sp-pcp-thumb\" href=\"https:\/\/agencia.unq.edu.ar\/?p=38369\" target=\"_self\" >\n\t\t\t\t\t\t\t\t\t\t\t\t\t<img loading=\"lazy\" decoding=\"async\" src=\"https:\/\/agencia.unq.edu.ar\/wp-content\/uploads\/2026\/08\/Chrestia-Bouzat-UNS-Conicet-Cannabidiol.jpg\" width=\"1040\" height=\"420\" alt=\"Facundo Chrestia y Cecilia Bouzat. Cr\u00e9ditos: Universidad Nacional del Sur.\">\n\t\t\t\t\t\t<\/a>\n\t\t\t\t\t<\/div>\n\t\t\t\t<\/div>\n\t\t\t\t\t\t\t\t<div class=\"sp-pcp-post-details\">\n\t\t\t\t\t<div class=\"sp-pcp-post-details-content\">\n\t\t\t\t\t\t\t\t<h4 class=\"sp-pcp-title\">\n\t\t\t\t\t\t\t\t\t<a href=\"https:\/\/agencia.unq.edu.ar\/?p=38369\"  target=\"_self\">Uno de los 400 despedidos del Conicet realiz\u00f3 un hallazgo que podr\u00eda transformar el tratamiento de las enfermedades neurol\u00f3gicas<\/a>\t\t\t\t\t\t\t<\/h4>\n\t\t\t\t\t\t\t\t\t<\/div>\n\t\t\t\t<\/div>\n\t\t\t<\/div>\n\t\t<\/div>\n\t\t\t\t<div class=\" swiper-slide swiper-lazy\">\n\t\t\t<div class=\"sp-pcp-post default pcp-item-38282\" data-id=\"38282\">\n\t\t\t\t\t\t\t\t<div class=\"pcp-post-thumb-wrapper\">\n\t\t\t\t\t<div class=\"sp-pcp-post-thumb-area\">\n\t\t\t\t\t\t\t\t\t\t\t\t<a class=\"sp-pcp-thumb\" href=\"https:\/\/agencia.unq.edu.ar\/?p=38282\" target=\"_self\" >\n\t\t\t\t\t\t\t\t\t\t\t\t\t<img loading=\"lazy\" decoding=\"async\" src=\"https:\/\/agencia.unq.edu.ar\/wp-content\/uploads\/2026\/08\/Sci-Hub-Principal.jpg\" width=\"1040\" height=\"420\" alt=\"En la actualidad, Sci-Hub funciona gracias a sitios alternativos (imagen: elconfidencial.com)\">\n\t\t\t\t\t\t<\/a>\n\t\t\t\t\t<\/div>\n\t\t\t\t<\/div>\n\t\t\t\t\t\t\t\t<div class=\"sp-pcp-post-details\">\n\t\t\t\t\t<div class=\"sp-pcp-post-details-content\">\n\t\t\t\t\t\t\t\t<h4 class=\"sp-pcp-title\">\n\t\t\t\t\t\t\t\t\t<a href=\"https:\/\/agencia.unq.edu.ar\/?p=38282\"  target=\"_self\">La historia de Sci-Hub: la biblioteca pirata que desaf\u00eda a las grandes editoriales cient\u00edficas<\/a>\t\t\t\t\t\t\t<\/h4>\n\t\t\t\t\t\t\t\t\t<\/div>\n\t\t\t\t<\/div>\n\t\t\t<\/div>\n\t\t<\/div>\n\t\t\t\t<div class=\" swiper-slide swiper-lazy\">\n\t\t\t<div class=\"sp-pcp-post default pcp-item-38201\" data-id=\"38201\">\n\t\t\t\t\t\t\t\t<div class=\"pcp-post-thumb-wrapper\">\n\t\t\t\t\t<div class=\"sp-pcp-post-thumb-area\">\n\t\t\t\t\t\t\t\t\t\t\t\t<a class=\"sp-pcp-thumb\" href=\"https:\/\/agencia.unq.edu.ar\/?p=38201\" target=\"_self\" >\n\t\t\t\t\t\t\t\t\t\t\t\t\t<img loading=\"lazy\" decoding=\"async\" src=\"https:\/\/agencia.unq.edu.ar\/wp-content\/uploads\/2026\/07\/La-Vanguardia.jpg\" width=\"1040\" height=\"420\" alt=\"Las dudas sobre el v\u00ednculo y la sensaci\u00f3n de falta de apoyo pueden modificar el tono de una conversaci\u00f3n cotidiana, incluso cuando el tema parece inofensivo. Cr\u00e9ditos: La Vanguardia.\">\n\t\t\t\t\t\t<\/a>\n\t\t\t\t\t<\/div>\n\t\t\t\t<\/div>\n\t\t\t\t\t\t\t\t<div class=\"sp-pcp-post-details\">\n\t\t\t\t\t<div class=\"sp-pcp-post-details-content\">\n\t\t\t\t\t\t\t\t<h4 class=\"sp-pcp-title\">\n\t\t\t\t\t\t\t\t\t<a href=\"https:\/\/agencia.unq.edu.ar\/?p=38201\"  target=\"_self\">De organizar las vacaciones a discutir por todo: qu\u00e9 descubri\u00f3 la ciencia sobre las parejas<\/a>\t\t\t\t\t\t\t<\/h4>\n\t\t\t\t\t\t\t\t\t<\/div>\n\t\t\t\t<\/div>\n\t\t\t<\/div>\n\t\t<\/div>\n\t\t\t\t<div class=\" swiper-slide swiper-lazy\">\n\t\t\t<div class=\"sp-pcp-post default pcp-item-38172\" data-id=\"38172\">\n\t\t\t\t\t\t\t\t<div class=\"pcp-post-thumb-wrapper\">\n\t\t\t\t\t<div class=\"sp-pcp-post-thumb-area\">\n\t\t\t\t\t\t\t\t\t\t\t\t<a class=\"sp-pcp-thumb\" href=\"https:\/\/agencia.unq.edu.ar\/?p=38172\" target=\"_self\" >\n\t\t\t\t\t\t\t\t\t\t\t\t\t<img loading=\"lazy\" decoding=\"async\" src=\"https:\/\/agencia.unq.edu.ar\/wp-content\/uploads\/2026\/08\/Andrea-Perez-opinion.jpg\" width=\"504\" height=\"204\" alt=\"Andrea P\u00e9rez. Cr\u00e9ditos: UNPSJB Sede Esquel\">\n\t\t\t\t\t\t<\/a>\n\t\t\t\t\t<\/div>\n\t\t\t\t<\/div>\n\t\t\t\t\t\t\t\t<div class=\"sp-pcp-post-details\">\n\t\t\t\t\t<div class=\"sp-pcp-post-details-content\">\n\t\t\t\t\t\t\t\t<h4 class=\"sp-pcp-title\">\n\t\t\t\t\t\t\t\t\t<a href=\"https:\/\/agencia.unq.edu.ar\/?p=38172\"  target=\"_self\">Carta abierta al maestro Ricardo Baquero<\/a>\t\t\t\t\t\t\t<\/h4>\n\t\t\t\t\t\t\t\t\t<\/div>\n\t\t\t\t<\/div>\n\t\t\t<\/div>\n\t\t<\/div>\n\t\t\t\t<div class=\" swiper-slide swiper-lazy\">\n\t\t\t<div class=\"sp-pcp-post default pcp-item-38123\" data-id=\"38123\">\n\t\t\t\t\t\t\t\t<div class=\"pcp-post-thumb-wrapper\">\n\t\t\t\t\t<div class=\"sp-pcp-post-thumb-area\">\n\t\t\t\t\t\t\t\t\t\t\t\t<a class=\"sp-pcp-thumb\" href=\"https:\/\/agencia.unq.edu.ar\/?p=38123\" target=\"_self\" >\n\t\t\t\t\t\t\t\t\t\t\t\t\t<img loading=\"lazy\" decoding=\"async\" src=\"https:\/\/agencia.unq.edu.ar\/wp-content\/uploads\/2026\/07\/unplash.jpg\" width=\"1040\" height=\"420\" alt=\"Leer por placer desde la infancia se asocia con mejores capacidades cognitivas y mayor bienestar mental, seg\u00fan un estudio realizado con m\u00e1s de 10.000 participantes. Cr\u00e9ditos: Unplash\">\n\t\t\t\t\t\t<\/a>\n\t\t\t\t\t<\/div>\n\t\t\t\t<\/div>\n\t\t\t\t\t\t\t\t<div class=\"sp-pcp-post-details\">\n\t\t\t\t\t<div class=\"sp-pcp-post-details-content\">\n\t\t\t\t\t\t\t\t<h4 class=\"sp-pcp-title\">\n\t\t\t\t\t\t\t\t\t<a href=\"https:\/\/agencia.unq.edu.ar\/?p=38123\"  target=\"_self\">El plan m\u00e1s barato de las vacaciones tambi\u00e9n puede ser uno de los mejores para el cerebro<\/a>\t\t\t\t\t\t\t<\/h4>\n\t\t\t\t\t\t\t\t\t<\/div>\n\t\t\t\t<\/div>\n\t\t\t<\/div>\n\t\t<\/div>\n\t\t\t\t<div class=\" swiper-slide swiper-lazy\">\n\t\t\t<div class=\"sp-pcp-post default pcp-item-38146\" data-id=\"38146\">\n\t\t\t\t\t\t\t\t<div class=\"pcp-post-thumb-wrapper\">\n\t\t\t\t\t<div class=\"sp-pcp-post-thumb-area\">\n\t\t\t\t\t\t\t\t\t\t\t\t<a class=\"sp-pcp-thumb\" href=\"https:\/\/agencia.unq.edu.ar\/?p=38146\" target=\"_self\" >\n\t\t\t\t\t\t\t\t\t\t\t\t\t<img loading=\"lazy\" decoding=\"async\" src=\"https:\/\/agencia.unq.edu.ar\/wp-content\/uploads\/2026\/07\/Opera-Sidney-Australia.jpg\" width=\"1040\" height=\"420\" alt=\"Algunos lugares que figuran en el mapa son Algunos ejemplos son la \u00d3pera de S\u00eddney en Australia, los tramos costeros de la Gran Muralla China, los moai de Rapa Nui y gran parte de San Petersburgo en Rusia. Cr\u00e9ditos: Expedia.\">\n\t\t\t\t\t\t<\/a>\n\t\t\t\t\t<\/div>\n\t\t\t\t<\/div>\n\t\t\t\t\t\t\t\t<div class=\"sp-pcp-post-details\">\n\t\t\t\t\t<div class=\"sp-pcp-post-details-content\">\n\t\t\t\t\t\t\t\t<h4 class=\"sp-pcp-title\">\n\t\t\t\t\t\t\t\t\t<a href=\"https:\/\/agencia.unq.edu.ar\/?p=38146\"  target=\"_self\">Lanzan el primer mapa de sitios del Patrimonio de la Humanidad en riesgo por el cambio clim\u00e1tico<\/a>\t\t\t\t\t\t\t<\/h4>\n\t\t\t\t\t\t\t\t\t<\/div>\n\t\t\t\t<\/div>\n\t\t\t<\/div>\n\t\t<\/div>\n\t\t\t\t\t<\/div>\n\t\t\t\t\t\t<div class=\"pcp-pagination swiper-pagination dots\"><\/div>\n\t\t\t\t\t\t\t\t\t\t<div class=\"pcp-button-next swiper-button-next top_right\"><i class=\"fa fa-angle-right\"><\/i><\/div>\n\t\t\t\t<div class=\"pcp-button-prev swiper-button-prev top_right\"><i class=\"fa fa-angle-left\"><\/i><\/div>\t<\/div>\n<\/div>\n\n\n\n\n<hr class=\"wp-block-separator has-text-color has-background is-style-wide\" style=\"background-color:#fea50e;color:#fea50e\"\/>\n","protected":false},"excerpt":{"rendered":"<p>La comunicaci\u00f3n y la cultura al servicio de la ciencia y la tecnolog\u00eda. Se trata de una titulaci\u00f3n in\u00e9dita y la modalidad de dictado ser\u00e1 virtual. <\/p>\n","protected":false},"author":6,"featured_media":2937,"comment_status":"closed","ping_status":"closed","sticky":false,"template":"","format":"standard","meta":{"_uag_custom_page_level_css":"","_monsterinsights_skip_tracking":false,"site-sidebar-layout":"default","site-content-layout":"","ast-site-content-layout":"default","site-content-style":"default","site-sidebar-style":"default","ast-global-header-display":"","ast-banner-title-visibility":"","ast-main-header-display":"","ast-hfb-above-header-display":"","ast-hfb-below-header-display":"","ast-hfb-mobile-header-display":"","site-post-title":"","ast-breadcrumbs-content":"","ast-featured-img":"","footer-sml-layout":"","ast-disable-related-posts":"","theme-transparent-header-meta":"","adv-header-id-meta":"","stick-header-meta":"","header-above-stick-meta":"","header-main-stick-meta":"","header-below-stick-meta":"","astra-migrate-meta-layouts":"default","ast-page-background-enabled":"default","ast-page-background-meta":{"desktop":{"background-color":"var(--ast-global-color-4)","background-image":"","background-repeat":"repeat","background-position":"center center","background-size":"auto","background-attachment":"scroll","background-type":"","background-media":"","overlay-type":"","overlay-color":"","overlay-opacity":"","overlay-gradient":""},"tablet":{"background-color":"","background-image":"","background-repeat":"repeat","background-position":"center center","background-size":"auto","background-attachment":"scroll","background-type":"","background-media":"","overlay-type":"","overlay-color":"","overlay-opacity":"","overlay-gradient":""},"mobile":{"background-color":"","background-image":"","background-repeat":"repeat","background-position":"center center","background-size":"auto","background-attachment":"scroll","background-type":"","background-media":"","overlay-type":"","overlay-color":"","overlay-opacity":"","overlay-gradient":""}},"ast-content-background-meta":{"desktop":{"background-color":"var(--ast-global-color-5)","background-image":"","background-repeat":"repeat","background-position":"center center","background-size":"auto","background-attachment":"scroll","background-type":"","background-media":"","overlay-type":"","overlay-color":"","overlay-opacity":"","overlay-gradient":""},"tablet":{"background-color":"var(--ast-global-color-5)","background-image":"","background-repeat":"repeat","background-position":"center center","background-size":"auto","background-attachment":"scroll","background-type":"","background-media":"","overlay-type":"","overlay-color":"","overlay-opacity":"","overlay-gradient":""},"mobile":{"background-color":"var(--ast-global-color-5)","background-image":"","background-repeat":"repeat","background-position":"center center","background-size":"auto","background-attachment":"scroll","background-type":"","background-media":"","overlay-type":"","overlay-color":"","overlay-opacity":"","overlay-gradient":""}},"footnotes":""},"categories":[8,16],"tags":[36],"class_list":["post-2924","post","type-post","status-publish","format-standard","has-post-thumbnail","hentry","category-ciencias","category-noticia-destacada","tag-ciencia-y-tecnologia"],"aioseo_notices":[],"aioseo_head":"\n\t\t<!-- All in One SEO 5.0.0.1 - aioseo.com -->\n\t<meta name=\"description\" content=\"Permite identificar 1.250 lugares que est\u00e1n expuestos a la suba del nivel del mar, las inundaciones y la erosi\u00f3n costera.\" \/>\n\t<meta name=\"robots\" content=\"max-image-preview:large\" \/>\n\t<meta name=\"author\" content=\"Luciana Mazzini Puga\"\/>\n\t<link rel=\"canonical\" href=\"https:\/\/agencia.unq.edu.ar\/?p=38146\" \/>\n\t<meta name=\"generator\" content=\"All in One SEO (AIOSEO) 5.0.0.1\" \/>\n\t\t<meta property=\"og:locale\" content=\"es_ES\" \/>\n\t\t<meta property=\"og:site_name\" content=\"Agencia de Noticias Cient\u00edficas de la UNQ\" \/>\n\t\t<meta property=\"og:type\" content=\"article\" \/>\n\t\t<meta property=\"og:title\" content=\"Lanzan el primer mapa de sitios del Patrimonio de la Humanidad en riesgo por el cambio clim\u00e1tico - Agencia de Noticias Cient\u00edficas de la UNQ\" \/>\n\t\t<meta property=\"og:description\" content=\"Permite identificar 1.250 lugares que est\u00e1n expuestos a la suba del nivel del mar, las inundaciones y la erosi\u00f3n costera.\" \/>\n\t\t<meta property=\"og:url\" content=\"https:\/\/agencia.unq.edu.ar\/?p=38146\" \/>\n\t\t<meta property=\"og:image\" content=\"https:\/\/agencia.unq.edu.ar\/wp-content\/uploads\/2026\/07\/Opera-Sidney-Australia.jpg\" \/>\n\t\t<meta property=\"og:image:secure_url\" content=\"https:\/\/agencia.unq.edu.ar\/wp-content\/uploads\/2026\/07\/Opera-Sidney-Australia.jpg\" \/>\n\t\t<meta property=\"og:image:width\" content=\"1040\" \/>\n\t\t<meta property=\"og:image:height\" content=\"420\" \/>\n\t\t<meta property=\"article:published_time\" content=\"2026-07-27T19:30:09+00:00\" \/>\n\t\t<meta property=\"article:modified_time\" content=\"2026-07-27T19:30:10+00:00\" \/>\n\t\t<meta name=\"twitter:card\" content=\"summary_large_image\" \/>\n\t\t<meta name=\"twitter:site\" content=\"@Agencia__UNQ\" \/>\n\t\t<meta name=\"twitter:title\" content=\"Lanzan el primer mapa de sitios del Patrimonio de la Humanidad en riesgo por el cambio clim\u00e1tico - Agencia de Noticias Cient\u00edficas de la UNQ\" \/>\n\t\t<meta name=\"twitter:description\" content=\"Permite identificar 1.250 lugares que est\u00e1n expuestos a la suba del nivel del mar, las inundaciones y la erosi\u00f3n costera.\" \/>\n\t\t<meta name=\"twitter:image\" content=\"https:\/\/agencia.unq.edu.ar\/wp-content\/uploads\/2026\/07\/Opera-Sidney-Australia.jpg\" \/>\n\t\t<script type=\"application\/ld+json\" class=\"aioseo-schema\">\n\t\t\t{\"@context\":\"https:\\\/\\\/schema.org\",\"@graph\":[{\"@type\":\"BlogPosting\",\"@id\":\"https:\\\/\\\/agencia.unq.edu.ar\\\/?p=38146#blogposting\",\"name\":\"Lanzan el primer mapa de sitios del Patrimonio de la Humanidad en riesgo por el cambio clim\\u00e1tico - Agencia de Noticias Cient\\u00edficas de la UNQ\",\"headline\":\"Lanzan el primer mapa de sitios del Patrimonio de la Humanidad en riesgo por el cambio clim\\u00e1tico\",\"author\":{\"@id\":\"https:\\\/\\\/agencia.unq.edu.ar\\\/?author=4#author\"},\"publisher\":{\"@id\":\"https:\\\/\\\/agencia.unq.edu.ar\\\/#organization\"},\"image\":{\"@type\":\"ImageObject\",\"url\":\"https:\\\/\\\/agencia.unq.edu.ar\\\/wp-content\\\/uploads\\\/2026\\\/07\\\/Opera-Sidney-Australia.jpg\",\"width\":1040,\"height\":420,\"caption\":\"Algunos lugares que figuran en el mapa son Algunos ejemplos son la \\u00d3pera de S\\u00eddney en Australia, los tramos costeros de la Gran Muralla China, los moai de Rapa Nui y gran parte de San Petersburgo en Rusia. Cr\\u00e9ditos: Expedia.\"},\"datePublished\":\"2026-07-27T16:30:09-03:00\",\"dateModified\":\"2026-07-27T16:30:10-03:00\",\"inLanguage\":\"es-AR\",\"mainEntityOfPage\":{\"@id\":\"https:\\\/\\\/agencia.unq.edu.ar\\\/?p=38146#webpage\"},\"isPartOf\":{\"@id\":\"https:\\\/\\\/agencia.unq.edu.ar\\\/?p=38146#webpage\"},\"articleSection\":\"Ciencias, Noticia destacada\"},{\"@type\":\"BreadcrumbList\",\"@id\":\"https:\\\/\\\/agencia.unq.edu.ar\\\/?p=38146#breadcrumblist\",\"itemListElement\":[{\"@type\":\"ListItem\",\"@id\":\"https:\\\/\\\/agencia.unq.edu.ar#listItem\",\"position\":1,\"name\":\"Home\",\"item\":\"https:\\\/\\\/agencia.unq.edu.ar\",\"nextItem\":{\"@type\":\"ListItem\",\"@id\":\"https:\\\/\\\/agencia.unq.edu.ar\\\/?cat=8#listItem\",\"name\":\"Ciencias\"}},{\"@type\":\"ListItem\",\"@id\":\"https:\\\/\\\/agencia.unq.edu.ar\\\/?cat=8#listItem\",\"position\":2,\"name\":\"Ciencias\",\"item\":\"https:\\\/\\\/agencia.unq.edu.ar\\\/?cat=8\",\"nextItem\":{\"@type\":\"ListItem\",\"@id\":\"https:\\\/\\\/agencia.unq.edu.ar\\\/?p=2924#listItem\",\"name\":\"La UNQ lanza la Especializaci\\u00f3n en Comunicaci\\u00f3n, Gesti\\u00f3n y Producci\\u00f3n Cultural de CyT\\u00a0\"},\"previousItem\":{\"@type\":\"ListItem\",\"@id\":\"https:\\\/\\\/agencia.unq.edu.ar#listItem\",\"name\":\"Home\"}},{\"@type\":\"ListItem\",\"@id\":\"https:\\\/\\\/agencia.unq.edu.ar\\\/?p=2924#listItem\",\"position\":3,\"name\":\"La UNQ lanza la Especializaci\\u00f3n en Comunicaci\\u00f3n, Gesti\\u00f3n y Producci\\u00f3n Cultural de CyT\\u00a0\",\"previousItem\":{\"@type\":\"ListItem\",\"@id\":\"https:\\\/\\\/agencia.unq.edu.ar\\\/?cat=8#listItem\",\"name\":\"Ciencias\"}}]},{\"@type\":\"Organization\",\"@id\":\"https:\\\/\\\/agencia.unq.edu.ar\\\/#organization\",\"name\":\"Agencia de noticias cient\\u00edficas\",\"description\":\"Contamos la ciencia en tiempo real\",\"url\":\"https:\\\/\\\/agencia.unq.edu.ar\\\/\",\"logo\":{\"@type\":\"ImageObject\",\"url\":\"https:\\\/\\\/agencia.unq.edu.ar\\\/wp-content\\\/uploads\\\/2025\\\/01\\\/logo-agencia-bn-sin-fondo.png\",\"@id\":\"https:\\\/\\\/agencia.unq.edu.ar\\\/?p=38146\\\/#organizationLogo\",\"width\":904,\"height\":222,\"caption\":\"Logo Agencia de Noticias Cient\\u00edficas de la UNQ\"},\"image\":{\"@id\":\"https:\\\/\\\/agencia.unq.edu.ar\\\/?p=38146\\\/#organizationLogo\"},\"sameAs\":[\"https:\\\/\\\/www.instagram.com\\\/agencia_noticias_unq\\\/\"]},{\"@type\":\"Person\",\"@id\":\"https:\\\/\\\/agencia.unq.edu.ar\\\/?author=4#author\",\"url\":\"https:\\\/\\\/agencia.unq.edu.ar\\\/?author=4\",\"name\":\"Luciana Mazzini Puga\",\"image\":{\"@type\":\"ImageObject\",\"@id\":\"https:\\\/\\\/agencia.unq.edu.ar\\\/?p=38146#authorImage\",\"url\":\"https:\\\/\\\/secure.gravatar.com\\\/avatar\\\/ef15c009bb55321a209ea0f058774f405c2573f130a939a58534f80578e5e39b?s=96&d=mm&r=g\",\"width\":96,\"height\":96,\"caption\":\"Luciana Mazzini Puga\"}},{\"@type\":\"WebPage\",\"@id\":\"https:\\\/\\\/agencia.unq.edu.ar\\\/?p=38146#webpage\",\"url\":\"https:\\\/\\\/agencia.unq.edu.ar\\\/?p=38146\",\"name\":\"Lanzan el primer mapa de sitios del Patrimonio de la Humanidad en riesgo por el cambio clim\\u00e1tico - Agencia de Noticias Cient\\u00edficas de la UNQ\",\"description\":\"Permite identificar 1.250 lugares que est\\u00e1n expuestos a la suba del nivel del mar, las inundaciones y la erosi\\u00f3n costera.\",\"inLanguage\":\"es-AR\",\"isPartOf\":{\"@id\":\"https:\\\/\\\/agencia.unq.edu.ar\\\/#website\"},\"breadcrumb\":{\"@id\":\"https:\\\/\\\/agencia.unq.edu.ar\\\/?p=38146#breadcrumblist\"},\"author\":{\"@id\":\"https:\\\/\\\/agencia.unq.edu.ar\\\/?author=4#author\"},\"creator\":{\"@id\":\"https:\\\/\\\/agencia.unq.edu.ar\\\/?author=4#author\"},\"image\":{\"@type\":\"ImageObject\",\"url\":\"https:\\\/\\\/agencia.unq.edu.ar\\\/wp-content\\\/uploads\\\/2026\\\/07\\\/Opera-Sidney-Australia.jpg\",\"@id\":\"https:\\\/\\\/agencia.unq.edu.ar\\\/?p=38146\\\/#mainImage\",\"width\":1040,\"height\":420,\"caption\":\"Algunos lugares que figuran en el mapa son Algunos ejemplos son la \\u00d3pera de S\\u00eddney en Australia, los tramos costeros de la Gran Muralla China, los moai de Rapa Nui y gran parte de San Petersburgo en Rusia. Cr\\u00e9ditos: Expedia.\"},\"primaryImageOfPage\":{\"@id\":\"https:\\\/\\\/agencia.unq.edu.ar\\\/?p=38146#mainImage\"},\"datePublished\":\"2026-07-27T16:30:09-03:00\",\"dateModified\":\"2026-07-27T16:30:10-03:00\"},{\"@type\":\"WebSite\",\"@id\":\"https:\\\/\\\/agencia.unq.edu.ar\\\/#website\",\"url\":\"https:\\\/\\\/agencia.unq.edu.ar\\\/\",\"name\":\"Agencia de noticias cient\\u00edficas\",\"description\":\"Contamos la ciencia en tiempo real\",\"inLanguage\":\"es-AR\",\"publisher\":{\"@id\":\"https:\\\/\\\/agencia.unq.edu.ar\\\/#organization\"}}]}\n\t\t<\/script>\n\t\t<!-- All in One SEO -->\n\n","aioseo_head_json":{"title":"Lanzan el primer mapa de sitios del Patrimonio de la Humanidad en riesgo por el cambio clim\u00e1tico - Agencia de Noticias Cient\u00edficas de la UNQ","description":"Permite identificar 1.250 lugares que est\u00e1n expuestos a la suba del nivel del mar, las inundaciones y la erosi\u00f3n costera.","canonical_url":"https:\/\/agencia.unq.edu.ar\/?p=38146","robots":"max-image-preview:large","keywords":"","webmasterTools":{"miscellaneous":""},"schema":{"@context":"https:\/\/schema.org","@graph":[{"@type":"BlogPosting","@id":"https:\/\/agencia.unq.edu.ar\/?p=38146#blogposting","name":"Lanzan el primer mapa de sitios del Patrimonio de la Humanidad en riesgo por el cambio clim\u00e1tico - Agencia de Noticias Cient\u00edficas de la UNQ","headline":"Lanzan el primer mapa de sitios del Patrimonio de la Humanidad en riesgo por el cambio clim\u00e1tico","author":{"@id":"https:\/\/agencia.unq.edu.ar\/?author=4#author"},"publisher":{"@id":"https:\/\/agencia.unq.edu.ar\/#organization"},"image":{"@type":"ImageObject","url":"https:\/\/agencia.unq.edu.ar\/wp-content\/uploads\/2026\/07\/Opera-Sidney-Australia.jpg","width":1040,"height":420,"caption":"Algunos lugares que figuran en el mapa son Algunos ejemplos son la \u00d3pera de S\u00eddney en Australia, los tramos costeros de la Gran Muralla China, los moai de Rapa Nui y gran parte de San Petersburgo en Rusia. Cr\u00e9ditos: Expedia."},"datePublished":"2026-07-27T16:30:09-03:00","dateModified":"2026-07-27T16:30:10-03:00","inLanguage":"es-AR","mainEntityOfPage":{"@id":"https:\/\/agencia.unq.edu.ar\/?p=38146#webpage"},"isPartOf":{"@id":"https:\/\/agencia.unq.edu.ar\/?p=38146#webpage"},"articleSection":"Ciencias, Noticia destacada"},{"@type":"BreadcrumbList","@id":"https:\/\/agencia.unq.edu.ar\/?p=38146#breadcrumblist","itemListElement":[{"@type":"ListItem","@id":"https:\/\/agencia.unq.edu.ar#listItem","position":1,"name":"Home","item":"https:\/\/agencia.unq.edu.ar","nextItem":{"@type":"ListItem","@id":"https:\/\/agencia.unq.edu.ar\/?cat=8#listItem","name":"Ciencias"}},{"@type":"ListItem","@id":"https:\/\/agencia.unq.edu.ar\/?cat=8#listItem","position":2,"name":"Ciencias","item":"https:\/\/agencia.unq.edu.ar\/?cat=8","nextItem":{"@type":"ListItem","@id":"https:\/\/agencia.unq.edu.ar\/?p=2924#listItem","name":"La UNQ lanza la Especializaci\u00f3n en Comunicaci\u00f3n, Gesti\u00f3n y Producci\u00f3n Cultural de CyT\u00a0"},"previousItem":{"@type":"ListItem","@id":"https:\/\/agencia.unq.edu.ar#listItem","name":"Home"}},{"@type":"ListItem","@id":"https:\/\/agencia.unq.edu.ar\/?p=2924#listItem","position":3,"name":"La UNQ lanza la Especializaci\u00f3n en Comunicaci\u00f3n, Gesti\u00f3n y Producci\u00f3n Cultural de CyT\u00a0","previousItem":{"@type":"ListItem","@id":"https:\/\/agencia.unq.edu.ar\/?cat=8#listItem","name":"Ciencias"}}]},{"@type":"Organization","@id":"https:\/\/agencia.unq.edu.ar\/#organization","name":"Agencia de noticias cient\u00edficas","description":"Contamos la ciencia en tiempo real","url":"https:\/\/agencia.unq.edu.ar\/","logo":{"@type":"ImageObject","url":"https:\/\/agencia.unq.edu.ar\/wp-content\/uploads\/2025\/01\/logo-agencia-bn-sin-fondo.png","@id":"https:\/\/agencia.unq.edu.ar\/?p=38146\/#organizationLogo","width":904,"height":222,"caption":"Logo Agencia de Noticias Cient\u00edficas de la UNQ"},"image":{"@id":"https:\/\/agencia.unq.edu.ar\/?p=38146\/#organizationLogo"},"sameAs":["https:\/\/www.instagram.com\/agencia_noticias_unq\/"]},{"@type":"Person","@id":"https:\/\/agencia.unq.edu.ar\/?author=4#author","url":"https:\/\/agencia.unq.edu.ar\/?author=4","name":"Luciana Mazzini Puga","image":{"@type":"ImageObject","@id":"https:\/\/agencia.unq.edu.ar\/?p=38146#authorImage","url":"https:\/\/secure.gravatar.com\/avatar\/ef15c009bb55321a209ea0f058774f405c2573f130a939a58534f80578e5e39b?s=96&d=mm&r=g","width":96,"height":96,"caption":"Luciana Mazzini Puga"}},{"@type":"WebPage","@id":"https:\/\/agencia.unq.edu.ar\/?p=38146#webpage","url":"https:\/\/agencia.unq.edu.ar\/?p=38146","name":"Lanzan el primer mapa de sitios del Patrimonio de la Humanidad en riesgo por el cambio clim\u00e1tico - Agencia de Noticias Cient\u00edficas de la UNQ","description":"Permite identificar 1.250 lugares que est\u00e1n expuestos a la suba del nivel del mar, las inundaciones y la erosi\u00f3n costera.","inLanguage":"es-AR","isPartOf":{"@id":"https:\/\/agencia.unq.edu.ar\/#website"},"breadcrumb":{"@id":"https:\/\/agencia.unq.edu.ar\/?p=38146#breadcrumblist"},"author":{"@id":"https:\/\/agencia.unq.edu.ar\/?author=4#author"},"creator":{"@id":"https:\/\/agencia.unq.edu.ar\/?author=4#author"},"image":{"@type":"ImageObject","url":"https:\/\/agencia.unq.edu.ar\/wp-content\/uploads\/2026\/07\/Opera-Sidney-Australia.jpg","@id":"https:\/\/agencia.unq.edu.ar\/?p=38146\/#mainImage","width":1040,"height":420,"caption":"Algunos lugares que figuran en el mapa son Algunos ejemplos son la \u00d3pera de S\u00eddney en Australia, los tramos costeros de la Gran Muralla China, los moai de Rapa Nui y gran parte de San Petersburgo en Rusia. Cr\u00e9ditos: Expedia."},"primaryImageOfPage":{"@id":"https:\/\/agencia.unq.edu.ar\/?p=38146#mainImage"},"datePublished":"2026-07-27T16:30:09-03:00","dateModified":"2026-07-27T16:30:10-03:00"},{"@type":"WebSite","@id":"https:\/\/agencia.unq.edu.ar\/#website","url":"https:\/\/agencia.unq.edu.ar\/","name":"Agencia de noticias cient\u00edficas","description":"Contamos la ciencia en tiempo real","inLanguage":"es-AR","publisher":{"@id":"https:\/\/agencia.unq.edu.ar\/#organization"}}]},"og:locale":"es_ES","og:site_name":"Agencia de Noticias Cient\u00edficas de la UNQ","og:type":"article","og:title":"Lanzan el primer mapa de sitios del Patrimonio de la Humanidad en riesgo por el cambio clim\u00e1tico - Agencia de Noticias Cient\u00edficas de la UNQ","og:description":"Permite identificar 1.250 lugares que est\u00e1n expuestos a la suba del nivel del mar, las inundaciones y la erosi\u00f3n costera.","og:url":"https:\/\/agencia.unq.edu.ar\/?p=38146","og:image":"https:\/\/agencia.unq.edu.ar\/wp-content\/uploads\/2026\/07\/Opera-Sidney-Australia.jpg","og:image:secure_url":"https:\/\/agencia.unq.edu.ar\/wp-content\/uploads\/2026\/07\/Opera-Sidney-Australia.jpg","og:image:width":1040,"og:image:height":420,"article:published_time":"2026-07-27T19:30:09+00:00","article:modified_time":"2026-07-27T19:30:10+00:00","twitter:card":"summary_large_image","twitter:site":"@Agencia__UNQ","twitter:title":"Lanzan el primer mapa de sitios del Patrimonio de la Humanidad en riesgo por el cambio clim\u00e1tico - Agencia de Noticias Cient\u00edficas de la UNQ","twitter:description":"Permite identificar 1.250 lugares que est\u00e1n expuestos a la suba del nivel del mar, las inundaciones y la erosi\u00f3n costera.","twitter:image":"https:\/\/agencia.unq.edu.ar\/wp-content\/uploads\/2026\/07\/Opera-Sidney-Australia.jpg"},"aioseo_meta_data":{"post_id":"2924","title":"#post_title #separator_sa #site_title","description":"#post_excerpt","keywords":[],"keyphrases":{"focus":{"keyphrase":"","score":0,"analysis":{"keyphraseInTitle":{"score":0,"maxScore":9,"error":1}}},"additional":[]},"primary_term":null,"canonical_url":null,"og_title":null,"og_description":null,"og_object_type":"default","og_image_type":"default","og_image_url":null,"og_image_width":null,"og_image_height":null,"og_image_custom_url":null,"og_image_custom_fields":null,"og_video":"","og_custom_url":null,"og_article_section":null,"og_article_tags":[],"twitter_use_og":false,"twitter_card":"default","twitter_image_type":"default","twitter_image_url":null,"twitter_image_custom_url":null,"twitter_image_custom_fields":null,"twitter_title":null,"twitter_description":null,"schema":{"blockGraphs":[],"customGraphs":[],"default":{"data":{"Article":{"id":"#aioseo-article-65d4fd48774b6","slug":"article","graphName":"Article","label":"Article","properties":{"type":"BlogPosting","name":"#post_title","headline":"#post_title","description":"#post_excerpt","image":"","keywords":"","author":{"name":"#author_name","url":"#author_url"},"dates":{"include":true,"datePublished":"","dateModified":""}}},"Course":[],"Dataset":[],"FAQPage":[],"Movie":[],"Person":[],"Product":[],"ProductReview":[],"Car":[],"Recipe":[],"Service":[],"SoftwareApplication":[],"WebPage":[]},"graphName":"Article","isEnabled":true},"graphs":[]},"schema_type":"default","schema_type_options":"{\"article\":{\"articleType\":\"BlogPosting\"},\"course\":{\"name\":\"\",\"description\":\"\",\"provider\":\"\"},\"faq\":{\"pages\":[]},\"product\":{\"reviews\":[]},\"recipe\":{\"ingredients\":[],\"instructions\":[],\"keywords\":[]},\"software\":{\"reviews\":[],\"operatingSystems\":[]},\"webPage\":{\"webPageType\":\"WebPage\"}}","pillar_content":false,"robots_default":true,"robots_noindex":false,"robots_noarchive":false,"robots_nosnippet":false,"robots_nofollow":false,"robots_noimageindex":false,"robots_noodp":false,"robots_notranslate":false,"robots_max_snippet":"-1","robots_max_videopreview":"-1","robots_max_imagepreview":"large","priority":null,"frequency":"default","local_seo":null,"breadcrumb_settings":null,"limit_modified_date":false,"ai":null,"created":"2022-04-01 18:46:20","updated":"2025-06-05 05:54:09","seo_analyzer_scan_date":null,"focus_keyword":null,"additional_keywords":null,"truseo_locale":null},"aioseo_breadcrumb":"<div class=\"aioseo-breadcrumbs\"><span class=\"aioseo-breadcrumb\">\n\t\t\t<a href=\"https:\/\/agencia.unq.edu.ar\" title=\"Home\">Home<\/a>\n\t\t<\/span><span class=\"aioseo-breadcrumb-separator\">&raquo;<\/span><span class=\"aioseo-breadcrumb\">\n\t\t\t<a href=\"https:\/\/agencia.unq.edu.ar\/?cat=8\" title=\"Ciencias\">Ciencias<\/a>\n\t\t<\/span><span class=\"aioseo-breadcrumb-separator\">&raquo;<\/span><span class=\"aioseo-breadcrumb\">\n\t\t\tLa UNQ lanza la Especializaci\u00f3n en Comunicaci\u00f3n, Gesti\u00f3n y Producci\u00f3n Cultural de CyT \n\t\t<\/span><\/div>","aioseo_breadcrumb_json":[{"label":"Home","link":"https:\/\/agencia.unq.edu.ar"},{"label":"Ciencias","link":"https:\/\/agencia.unq.edu.ar\/?cat=8"},{"label":"La UNQ lanza la Especializaci\u00f3n en Comunicaci\u00f3n, Gesti\u00f3n y Producci\u00f3n Cultural de CyT\u00a0","link":"https:\/\/agencia.unq.edu.ar\/?p=2924"}],"uagb_featured_image_src":{"full":["https:\/\/agencia.unq.edu.ar\/wp-content\/uploads\/2022\/04\/especializacion-comunicacion.jpg",1040,420,false],"thumbnail":["https:\/\/agencia.unq.edu.ar\/wp-content\/uploads\/2022\/04\/especializacion-comunicacion.jpg",150,61,false],"medium":["https:\/\/agencia.unq.edu.ar\/wp-content\/uploads\/2022\/04\/especializacion-comunicacion.jpg",960,388,false],"medium_large":["https:\/\/agencia.unq.edu.ar\/wp-content\/uploads\/2022\/04\/especializacion-comunicacion.jpg",768,310,false],"large":["https:\/\/agencia.unq.edu.ar\/wp-content\/uploads\/2022\/04\/especializacion-comunicacion.jpg",1040,420,false],"1536x1536":["https:\/\/agencia.unq.edu.ar\/wp-content\/uploads\/2022\/04\/especializacion-comunicacion.jpg",1040,420,false],"2048x2048":["https:\/\/agencia.unq.edu.ar\/wp-content\/uploads\/2022\/04\/especializacion-comunicacion.jpg",1040,420,false],"smart-post-landscape":["https:\/\/agencia.unq.edu.ar\/wp-content\/uploads\/2022\/04\/especializacion-comunicacion.jpg",870,351,false],"smart-post-portrait":["https:\/\/agencia.unq.edu.ar\/wp-content\/uploads\/2022\/04\/especializacion-comunicacion.jpg",600,242,false]},"uagb_author_info":{"display_name":"Nicol\u00e1s Retamar","author_link":"https:\/\/agencia.unq.edu.ar\/?author=6"},"uagb_comment_info":0,"uagb_excerpt":"La comunicaci\u00f3n y la cultura al servicio de la ciencia y la tecnolog\u00eda. Se trata de una titulaci\u00f3n in\u00e9dita y la modalidad de dictado ser\u00e1 virtual.","blog_post_layout_featured_media_urls":{"thumbnail":["https:\/\/agencia.unq.edu.ar\/wp-content\/uploads\/2022\/04\/especializacion-comunicacion.jpg",150,61,false],"full":["https:\/\/agencia.unq.edu.ar\/wp-content\/uploads\/2022\/04\/especializacion-comunicacion.jpg",1040,420,false]},"categories_names":{"8":{"name":"Ciencias","link":"https:\/\/agencia.unq.edu.ar\/?cat=8"},"16":{"name":"Noticia destacada","link":"https:\/\/agencia.unq.edu.ar\/?cat=16"}},"tags_names":{"36":{"name":"Ciencia y tecnolog\u00eda","link":"https:\/\/agencia.unq.edu.ar\/?tag=ciencia-y-tecnologia"}},"comments_number":"0","_links":{"self":[{"href":"https:\/\/agencia.unq.edu.ar\/index.php?rest_route=\/wp\/v2\/posts\/2924","targetHints":{"allow":["GET"]}}],"collection":[{"href":"https:\/\/agencia.unq.edu.ar\/index.php?rest_route=\/wp\/v2\/posts"}],"about":[{"href":"https:\/\/agencia.unq.edu.ar\/index.php?rest_route=\/wp\/v2\/types\/post"}],"author":[{"embeddable":true,"href":"https:\/\/agencia.unq.edu.ar\/index.php?rest_route=\/wp\/v2\/users\/6"}],"replies":[{"embeddable":true,"href":"https:\/\/agencia.unq.edu.ar\/index.php?rest_route=%2Fwp%2Fv2%2Fcomments&post=2924"}],"version-history":[{"count":7,"href":"https:\/\/agencia.unq.edu.ar\/index.php?rest_route=\/wp\/v2\/posts\/2924\/revisions"}],"predecessor-version":[{"id":3442,"href":"https:\/\/agencia.unq.edu.ar\/index.php?rest_route=\/wp\/v2\/posts\/2924\/revisions\/3442"}],"wp:featuredmedia":[{"embeddable":true,"href":"https:\/\/agencia.unq.edu.ar\/index.php?rest_route=\/wp\/v2\/media\/2937"}],"wp:attachment":[{"href":"https:\/\/agencia.unq.edu.ar\/index.php?rest_route=%2Fwp%2Fv2%2Fmedia&parent=2924"}],"wp:term":[{"taxonomy":"category","embeddable":true,"href":"https:\/\/agencia.unq.edu.ar\/index.php?rest_route=%2Fwp%2Fv2%2Fcategories&post=2924"},{"taxonomy":"post_tag","embeddable":true,"href":"https:\/\/agencia.unq.edu.ar\/index.php?rest_route=%2Fwp%2Fv2%2Ftags&post=2924"}],"curies":[{"name":"wp","href":"https:\/\/api.w.org\/{rel}","templated":true}]}}