{"id":29463,"date":"2025-06-24T13:25:41","date_gmt":"2025-06-24T16:25:41","guid":{"rendered":"https:\/\/agencia.unq.edu.ar\/?p=29463"},"modified":"2025-06-26T17:44:04","modified_gmt":"2025-06-26T20:44:04","slug":"aumentan-los-casos-por-enfermedades-respiratorias-y-llaman-a-vacunarse","status":"publish","type":"post","link":"https:\/\/agencia.unq.edu.ar\/?p=29463","title":{"rendered":"Aumentan los casos por enfermedades respiratorias y llaman a vacunarse"},"content":{"rendered":"\n<p class=\"wp-embed-aspect-16-9 wp-has-aspect-ratio has-medium-font-size\" id=\"block-e7a9ff36-ee0c-4796-9d2e-1fd69773da3a\">En lo que va del a\u00f1o, se registr\u00f3 un incremento del 20 por ciento en comparaci\u00f3n con el 2024. Predomina el virus Influenza, responsable de la gripe.<\/p>\n\n\n\n<figure class=\"wp-block-image aligncenter size-full\" id=\"block-c3ee2a7f-4bf9-43dd-a0f6-8acc1087bdbe\"><img loading=\"lazy\" decoding=\"async\" width=\"1040\" height=\"420\" src=\"https:\/\/agencia.unq.edu.ar\/wp-content\/uploads\/2025\/06\/Vacunas.jpg\" alt=\"Cr\u00e9ditos: Doctor Flandes Aldeyturriaga\" class=\"wp-image-29464\"\/><figcaption class=\"wp-element-caption\">Cr\u00e9ditos: Doctor Flandes Aldeyturriaga<\/figcaption><\/figure>\n\n\n\n<p class=\"wp-embed-aspect-16-9 wp-has-aspect-ratio\" id=\"block-792ca364-1b8e-4135-8180-b4418ab97e95\">Seg\u00fan datos del bolet\u00edn epidemiol\u00f3gico nacional, en lo que va del 2025 las enfermedades respiratorias agudas aumentaron un 20 por ciento en comparaci\u00f3n con el mismo per\u00edodo del 2024. El virus de mayor circulaci\u00f3n viral corresponde a Influenza, seguido por el Virus Sincicial Respiratorio (VSR) y el coronavirus. Algo similar ocurre con los casos de neumon\u00eda que crecieron un 21 por ciento. Especialistas de la Asociaci\u00f3n Argentina de Medicina Respiratoria (AAMR) advierten que, si bien este aumento se mantiene por debajo de los niveles epid\u00e9micos, los casos podr\u00edan incrementarse a\u00fan m\u00e1s durante los pr\u00f3ximos 3 meses. En este sentido, llaman a las poblaciones de riesgo a vacunarse. <\/p>\n\n\n\n<p><strong>Las enfermedades respiratorias agudas se producen en las v\u00edas respiratorias y son causadas principalmente por virus, como Influenza (responsable de la gripe), el SARS-CoV-2 (coronavirus)<\/strong>, el Virus Sincicial Respiratorio, el rinovirus y el adenovirus. Las enfermedades se caracterizan por comenzar de forma repentina, duran menos de 2 semanas y afectan desde o\u00eddos, nariz y garganta hasta los pulmones.\u00a0<\/p>\n\n\n\n<p>En lo que va del a\u00f1o, <strong>el Influenza predomina y afecta principalmente a los ni\u00f1os mayores de 5 a\u00f1os hasta adultos j\u00f3venes, mientras que en los adultos mayores de 50 a\u00f1os prevalece el VSR y el coronavirus. <\/strong>Adem\u00e1s, la Asociaci\u00f3n sostiene que estos tres agentes m\u00e1s el Neumococo son causales de infecciones respiratorias graves que requieren internaci\u00f3n.<\/p>\n\n\n\n<p>&#8220;En los meses fr\u00edos <strong>tendemos a hacinarnos, calefaccionar, cerrar las ventanas y, por ende, no hay ventilaci\u00f3n. Esto implica que no haya recambio de aire y, si una persona tiene s\u00edntomas respiratorios y es portador de un virus, puede contagiar much\u00edsimo m\u00e1s f\u00e1cil<\/strong>. Adem\u00e1s, las personas no utilizan barbijo y esto favorece la proliferaci\u00f3n de virus en medios de transporte, hospitales, lugares de trabajo y dem\u00e1s. <strong>A esta mayor circulaci\u00f3n, se le suma las bajas tasas de vacunaci\u00f3n que tenemos y que desencadena en una poca prevenci\u00f3n<\/strong>&#8220;, explica <strong>Laura Pulido<\/strong>, neumon\u00f3loga y excoordinadora de la Secci\u00f3n de Infecciones Respiratorias de la Asociaci\u00f3n Argentina de Medicina Respiratoria, a la <a href=\"https:\/\/agencia.unq.edu.ar\/\" target=\"_blank\" rel=\"noopener\" title=\"\">Agencia de Noticias Cient\u00edficas de la UNQ<\/a>.<\/p>\n\n\n\n<p class=\"wp-embed-aspect-16-9 wp-has-aspect-ratio\" id=\"block-792ca364-1b8e-4135-8180-b4418ab97e95\">As\u00ed,<strong> desde la Asociaci\u00f3n llaman a reforzar la prevenci\u00f3n en adultos mediante la vacunaci\u00f3n y el seguimiento de s\u00edntomas.<\/strong> A su vez, advierten que durante el invierno de 2024, se registraron picos inusualmente altos de infecciones respiratorias, lo que estres\u00f3 al sistema de salud en varias regiones del pa\u00eds.<\/p>\n\n\n\n<p class=\"wp-embed-aspect-16-9 wp-has-aspect-ratio\" id=\"block-792ca364-1b8e-4135-8180-b4418ab97e95\">&#8220;Despu\u00e9s de la pandemia, dudosamente la gente perdi\u00f3 la confianza en las vacunas. Digo &#8216;dudosamente&#8217; porque tuvieron \u00e9xito. <strong>Los datos muestran que el primer a\u00f1o de uso de las vacunas contra la COVID permitieron salvar entre 14 y 20 millones de vidas en el mundo. Sin embargo, las personas no solo dudan de las vacunas de COVID sino del resto de las vacunas<\/strong>&#8220;, explica <strong>Daniela Hozbor,<\/strong> doctora en Ciencias Bioqu\u00edmicas, a la <a href=\"https:\/\/agencia.unq.edu.ar\/\" target=\"_blank\" rel=\"noopener\" title=\"\">Agencia<\/a>.<\/p>\n\n\n\n<p class=\"wp-embed-aspect-16-9 wp-has-aspect-ratio\" id=\"block-792ca364-1b8e-4135-8180-b4418ab97e95\">Y contin\u00faa: &#8220;Esto se debe a varios factores,<strong> la falta de campa\u00f1as de informaci\u00f3n, que no se est\u00e9 aplicando la ley en t\u00e9rminos de mayor accesibilidad a las vacunas.<\/strong> En varias provincias se redujeron los vacunatorios y hay menos horarios para asistir a ellos. Tambi\u00e9n, si bien no prevalecen en Argentina, <strong>est\u00e1n en aumento los movimientos antivacunas<\/strong>. Si no hay una voz con evidencia que trabaje sobre esos grupos donde prevalece m\u00e1s la opini\u00f3n que la evidencia, dejan que avancen y eso impacta en la vacunaci\u00f3n&#8221;.<\/p>\n\n\n\n<p class=\"wp-embed-aspect-16-9 wp-has-aspect-ratio\" id=\"block-792ca364-1b8e-4135-8180-b4418ab97e95\">Por su parte, Pulido aporta: &#8220;Incluso hay mala informaci\u00f3n sobre el objetivo de las vacunas. Acord\u00e9monos que <strong>no nos inmunizamos para no tener la enfermedad, sino para prevenir sus formas m\u00e1s graves. Y, adem\u00e1s, uno no s\u00f3lo se vacuna para protegerse a s\u00ed mismo, sino tambi\u00e9n para si uno tiene el virus, no contagiar al resto.<\/strong> Es decir, es un efecto colectivo: nos inmunizamos por nosotros y por los dem\u00e1s. \u00bfQui\u00e9n no tiene alguien vulnerable ante enfermedades como un menor de 2 a\u00f1os o un mayor de 60 que no puede acceder a la vacunaci\u00f3n por alguna patolog\u00eda?&#8221;.<\/p>\n\n\n\n<p class=\"wp-embed-aspect-16-9 wp-has-aspect-ratio\" id=\"block-792ca364-1b8e-4135-8180-b4418ab97e95\"><\/p>\n\n\n\n<div class=\"wp-block-uagb-container uagb-block-e31d8b4a alignwide uagb-is-root-container\">\n<div class=\"wp-block-uagb-advanced-heading uagb-block-55d4c858\"><h4 class=\"uagb-heading-text\">\u00daltimas noticias de la secci\u00f3n Salud:<\/h4><\/div>\n\n\n\n\t\t\t<div class=\"wp-block-uagb-post-carousel uagb-post-grid  uagb-post__image-position-top uagb-post__image-enabled uagb-block-24e22604     uagb-post__arrow-outside uagb-slick-carousel uagb-post__items uagb-post__columns-3 is-carousel uagb-post__columns-tablet-2 uagb-post__columns-mobile-1\" data-total=\"40\" style=\"\">\n\n\t\t\t\t\t\t\t\t\t\t\t\t<article class=\"uagb-post__inner-wrap\">\t\t\t\t\t\t\t\t<div class='uagb-post__image'>\n\t\t\t\t\t\t\t\t\t<a href=\"https:\/\/agencia.unq.edu.ar\/?p=35843\" target=\"_self\" rel=\"bookmark noopener noreferrer\"><img loading=\"lazy\" decoding=\"async\" width=\"960\" height=\"388\" src=\"https:\/\/agencia.unq.edu.ar\/wp-content\/uploads\/2026\/04\/Alzheimer-demencia.jpg\" class=\"attachment-medium size-medium\" alt=\"La demencia es la s\u00e9ptima causa de defunci\u00f3n en todo el mundo. Cr\u00e9ditos: Centro M\u00e9dico ABC.\" \/>\t\t\t\t\t<\/a>\n\t\t\t\t\t\t\t\t\t<\/div>\n\t\t\t\t\t\t<h4 class=\"uagb-post__title uagb-post__text\">\n\t\t\t\t<a href=\"https:\/\/agencia.unq.edu.ar\/?p=35843\" target=\"_self\" rel=\"bookmark noopener noreferrer\">Hacer 150 minutos de actividad f\u00edsica y dormir ocho horas reduce el riesgo de demencia<\/a>\n\t\t\t<\/h4>\n\t\t\t\t\t\t<div class='uagb-post__text uagb-post-grid-byline'>\n\t\t\t\t\t\t\t<\/div>\n\t\t\t\n\t\t\t\t\t\t\t\t\t<\/article>\n\t\t\t\t\t\t\t\t\t\t\t\t\t\t\t\t<article class=\"uagb-post__inner-wrap\">\t\t\t\t\t\t\t\t<div class='uagb-post__image'>\n\t\t\t\t\t\t\t\t\t<a href=\"https:\/\/agencia.unq.edu.ar\/?p=35798\" target=\"_self\" rel=\"bookmark noopener noreferrer\"><img loading=\"lazy\" decoding=\"async\" width=\"960\" height=\"388\" src=\"https:\/\/agencia.unq.edu.ar\/wp-content\/uploads\/2026\/04\/desconexion.jpg\" class=\"attachment-medium size-medium\" alt=\"Algunos usuarios reportan alivio tras cerrar sus cuentas; otros sienten m\u00e1s soledad o reemplazan una app por otra igual de absorbente. Cr\u00e9dito: Unplash.\" \/>\t\t\t\t\t<\/a>\n\t\t\t\t\t\t\t\t\t<\/div>\n\t\t\t\t\t\t<h4 class=\"uagb-post__title uagb-post__text\">\n\t\t\t\t<a href=\"https:\/\/agencia.unq.edu.ar\/?p=35798\" target=\"_self\" rel=\"bookmark noopener noreferrer\">\u00bfDejar las redes sociales mejora la salud mental?<\/a>\n\t\t\t<\/h4>\n\t\t\t\t\t\t<div class='uagb-post__text uagb-post-grid-byline'>\n\t\t\t\t\t\t\t<\/div>\n\t\t\t\n\t\t\t\t\t\t\t\t\t<\/article>\n\t\t\t\t\t\t\t\t\t\t\t\t\t\t\t\t<article class=\"uagb-post__inner-wrap\">\t\t\t\t\t\t\t\t<div class='uagb-post__image'>\n\t\t\t\t\t\t\t\t\t<a href=\"https:\/\/agencia.unq.edu.ar\/?p=35761\" target=\"_self\" rel=\"bookmark noopener noreferrer\"><img loading=\"lazy\" decoding=\"async\" width=\"960\" height=\"388\" src=\"https:\/\/agencia.unq.edu.ar\/wp-content\/uploads\/2026\/04\/Cigarrillo-Reino-Unido-Tabaco.jpg\" class=\"attachment-medium size-medium\" alt=\"Mujer fumando un cigarrillo.\" \/>\t\t\t\t\t<\/a>\n\t\t\t\t\t\t\t\t\t<\/div>\n\t\t\t\t\t\t<h4 class=\"uagb-post__title uagb-post__text\">\n\t\t\t\t<a href=\"https:\/\/agencia.unq.edu.ar\/?p=35761\" target=\"_self\" rel=\"bookmark noopener noreferrer\">Hacia una generaci\u00f3n libre de humo: Reino Unido proh\u00edbe el tabaco a los nacidos a partir de 2009\u00a0<\/a>\n\t\t\t<\/h4>\n\t\t\t\t\t\t<div class='uagb-post__text uagb-post-grid-byline'>\n\t\t\t\t\t\t\t<\/div>\n\t\t\t\n\t\t\t\t\t\t\t\t\t<\/article>\n\t\t\t\t\t\t\t\t\t\t\t\t\t\t\t\t<article class=\"uagb-post__inner-wrap\">\t\t\t\t\t\t\t\t<div class='uagb-post__image'>\n\t\t\t\t\t\t\t\t\t<a href=\"https:\/\/agencia.unq.edu.ar\/?p=35734\" target=\"_self\" rel=\"bookmark noopener noreferrer\"><img loading=\"lazy\" decoding=\"async\" width=\"960\" height=\"388\" src=\"https:\/\/agencia.unq.edu.ar\/wp-content\/uploads\/2026\/04\/Homepatia-principal.jpg\" class=\"attachment-medium size-medium\" alt=\"El informe espa\u00f1ol revive la pol\u00e9mica respecto de la homeopat\u00eda (imagen: todoorl.net)\" \/>\t\t\t\t\t<\/a>\n\t\t\t\t\t\t\t\t\t<\/div>\n\t\t\t\t\t\t<h4 class=\"uagb-post__title uagb-post__text\">\n\t\t\t\t<a href=\"https:\/\/agencia.unq.edu.ar\/?p=35734\" target=\"_self\" rel=\"bookmark noopener noreferrer\">Homeopat\u00eda bajo la lupa: un informe en Espa\u00f1a descarta su eficacia y reabre el debate<\/a>\n\t\t\t<\/h4>\n\t\t\t\t\t\t<div class='uagb-post__text uagb-post-grid-byline'>\n\t\t\t\t\t\t\t<\/div>\n\t\t\t\n\t\t\t\t\t\t\t\t\t<\/article>\n\t\t\t\t\t\t\t\t\t\t\t\t\t\t\t\t<article class=\"uagb-post__inner-wrap\">\t\t\t\t\t\t\t\t<div class='uagb-post__image'>\n\t\t\t\t\t\t\t\t\t<a href=\"https:\/\/agencia.unq.edu.ar\/?p=35668\" target=\"_self\" rel=\"bookmark noopener noreferrer\"><img loading=\"lazy\" decoding=\"async\" width=\"960\" height=\"388\" src=\"https:\/\/agencia.unq.edu.ar\/wp-content\/uploads\/2026\/04\/Higado-graso.jpg\" class=\"attachment-medium size-medium\" alt=\"Cr\u00e9ditos: Actualidad m\u00e9dica.\" \/>\t\t\t\t\t<\/a>\n\t\t\t\t\t\t\t\t\t<\/div>\n\t\t\t\t\t\t<h4 class=\"uagb-post__title uagb-post__text\">\n\t\t\t\t<a href=\"https:\/\/agencia.unq.edu.ar\/?p=35668\" target=\"_self\" rel=\"bookmark noopener noreferrer\">H\u00edgado graso no alcoh\u00f3lico: el problema silencioso que desaf\u00eda a la salud p\u00fablica<\/a>\n\t\t\t<\/h4>\n\t\t\t\t\t\t<div class='uagb-post__text uagb-post-grid-byline'>\n\t\t\t\t\t\t\t<\/div>\n\t\t\t\n\t\t\t\t\t\t\t\t\t<\/article>\n\t\t\t\t\t\t\t\t\t\t\t\t\t\t\t\t<article class=\"uagb-post__inner-wrap\">\t\t\t\t\t\t\t\t<div class='uagb-post__image'>\n\t\t\t\t\t\t\t\t\t<a href=\"https:\/\/agencia.unq.edu.ar\/?p=35610\" target=\"_self\" rel=\"bookmark noopener noreferrer\"><img loading=\"lazy\" decoding=\"async\" width=\"960\" height=\"388\" src=\"https:\/\/agencia.unq.edu.ar\/wp-content\/uploads\/2026\/04\/iPiccy-img-5.jpg\" class=\"attachment-medium size-medium\" alt=\"Cr\u00e9ditos: Osten Clinic.\" \/>\t\t\t\t\t<\/a>\n\t\t\t\t\t\t\t\t\t<\/div>\n\t\t\t\t\t\t<h4 class=\"uagb-post__title uagb-post__text\">\n\t\t\t\t<a href=\"https:\/\/agencia.unq.edu.ar\/?p=35610\" target=\"_self\" rel=\"bookmark noopener noreferrer\">Un estudio sugiere que la contaminaci\u00f3n atmosf\u00e9rica puede aumentar las crisis de migra\u00f1a<\/a>\n\t\t\t<\/h4>\n\t\t\t\t\t\t<div class='uagb-post__text uagb-post-grid-byline'>\n\t\t\t\t\t\t\t<\/div>\n\t\t\t\n\t\t\t\t\t\t\t\t\t<\/article>\n\t\t\t\t\t\t\t\t\t\t\t\t\t\t\t\t<article class=\"uagb-post__inner-wrap\">\t\t\t\t\t\t\t\t<div class='uagb-post__image'>\n\t\t\t\t\t\t\t\t\t<a href=\"https:\/\/agencia.unq.edu.ar\/?p=35611\" target=\"_self\" rel=\"bookmark noopener noreferrer\"><img loading=\"lazy\" decoding=\"async\" width=\"960\" height=\"388\" src=\"https:\/\/agencia.unq.edu.ar\/wp-content\/uploads\/2026\/04\/soledad-y-corazon.jpg\" class=\"attachment-medium size-medium\" alt=\"\" \/>\t\t\t\t\t<\/a>\n\t\t\t\t\t\t\t\t\t<\/div>\n\t\t\t\t\t\t<h4 class=\"uagb-post__title uagb-post__text\">\n\t\t\t\t<a href=\"https:\/\/agencia.unq.edu.ar\/?p=35611\" target=\"_self\" rel=\"bookmark noopener noreferrer\">La soledad puede aumentar el riesgo de enfermedades del coraz\u00f3n<\/a>\n\t\t\t<\/h4>\n\t\t\t\t\t\t<div class='uagb-post__text uagb-post-grid-byline'>\n\t\t\t\t\t\t\t<\/div>\n\t\t\t\n\t\t\t\t\t\t\t\t\t<\/article>\n\t\t\t\t\t\t\t\t\t\t\t\t\t\t\t\t<article class=\"uagb-post__inner-wrap\">\t\t\t\t\t\t\t\t<div class='uagb-post__image'>\n\t\t\t\t\t\t\t\t\t<a href=\"https:\/\/agencia.unq.edu.ar\/?p=35399\" target=\"_self\" rel=\"bookmark noopener noreferrer\"><img loading=\"lazy\" decoding=\"async\" width=\"504\" height=\"204\" src=\"https:\/\/agencia.unq.edu.ar\/wp-content\/uploads\/2026\/04\/2026-04-07-jarne.jpg\" class=\"attachment-medium size-medium\" alt=\"La investigadora Cecilia Jarne del Departamento de Ciencia y Tecnolog\u00eda de la Universidad Nacional de Quilmes\" \/>\t\t\t\t\t<\/a>\n\t\t\t\t\t\t\t\t\t<\/div>\n\t\t\t\t\t\t<h4 class=\"uagb-post__title uagb-post__text\">\n\t\t\t\t<a href=\"https:\/\/agencia.unq.edu.ar\/?p=35399\" target=\"_self\" rel=\"bookmark noopener noreferrer\">Cient\u00edfica de la UNQ revela c\u00f3mo el entorno influye en el envejecimiento cerebral<\/a>\n\t\t\t<\/h4>\n\t\t\t\t\t\t<div class='uagb-post__text uagb-post-grid-byline'>\n\t\t\t\t\t\t\t<\/div>\n\t\t\t\n\t\t\t\t\t\t\t\t\t<\/article>\n\t\t\t\t\t\t\t\t\t\t\t<\/div>\n\t\t\t<\/div>\n","protected":false},"excerpt":{"rendered":"<p>En lo que va del a\u00f1o, se registr\u00f3 un incremento del 20 por ciento en comparaci\u00f3n con el 2024. <\/p>\n","protected":false},"author":4,"featured_media":29464,"comment_status":"open","ping_status":"closed","sticky":false,"template":"","format":"standard","meta":{"_uag_custom_page_level_css":"","_monsterinsights_skip_tracking":false,"_monsterinsights_sitenote_active":false,"_monsterinsights_sitenote_note":"","_monsterinsights_sitenote_category":0,"site-sidebar-layout":"default","site-content-layout":"","ast-site-content-layout":"default","site-content-style":"default","site-sidebar-style":"default","ast-global-header-display":"","ast-banner-title-visibility":"","ast-main-header-display":"","ast-hfb-above-header-display":"","ast-hfb-below-header-display":"","ast-hfb-mobile-header-display":"","site-post-title":"","ast-breadcrumbs-content":"","ast-featured-img":"","footer-sml-layout":"","ast-disable-related-posts":"","theme-transparent-header-meta":"","adv-header-id-meta":"","stick-header-meta":"","header-above-stick-meta":"","header-main-stick-meta":"","header-below-stick-meta":"","astra-migrate-meta-layouts":"default","ast-page-background-enabled":"default","ast-page-background-meta":{"desktop":{"background-color":"var(--ast-global-color-4)","background-image":"","background-repeat":"repeat","background-position":"center center","background-size":"auto","background-attachment":"scroll","background-type":"","background-media":"","overlay-type":"","overlay-color":"","overlay-opacity":"","overlay-gradient":""},"tablet":{"background-color":"","background-image":"","background-repeat":"repeat","background-position":"center center","background-size":"auto","background-attachment":"scroll","background-type":"","background-media":"","overlay-type":"","overlay-color":"","overlay-opacity":"","overlay-gradient":""},"mobile":{"background-color":"","background-image":"","background-repeat":"repeat","background-position":"center center","background-size":"auto","background-attachment":"scroll","background-type":"","background-media":"","overlay-type":"","overlay-color":"","overlay-opacity":"","overlay-gradient":""}},"ast-content-background-meta":{"desktop":{"background-color":"var(--ast-global-color-5)","background-image":"","background-repeat":"repeat","background-position":"center center","background-size":"auto","background-attachment":"scroll","background-type":"","background-media":"","overlay-type":"","overlay-color":"","overlay-opacity":"","overlay-gradient":""},"tablet":{"background-color":"var(--ast-global-color-5)","background-image":"","background-repeat":"repeat","background-position":"center center","background-size":"auto","background-attachment":"scroll","background-type":"","background-media":"","overlay-type":"","overlay-color":"","overlay-opacity":"","overlay-gradient":""},"mobile":{"background-color":"var(--ast-global-color-5)","background-image":"","background-repeat":"repeat","background-position":"center center","background-size":"auto","background-attachment":"scroll","background-type":"","background-media":"","overlay-type":"","overlay-color":"","overlay-opacity":"","overlay-gradient":""}},"footnotes":""},"categories":[16,9],"tags":[],"class_list":["post-29463","post","type-post","status-publish","format-standard","has-post-thumbnail","hentry","category-noticia-destacada","category-salud"],"aioseo_notices":[],"uagb_featured_image_src":{"full":["https:\/\/agencia.unq.edu.ar\/wp-content\/uploads\/2025\/06\/Vacunas.jpg",1040,420,false],"thumbnail":["https:\/\/agencia.unq.edu.ar\/wp-content\/uploads\/2025\/06\/Vacunas.jpg",150,61,false],"medium":["https:\/\/agencia.unq.edu.ar\/wp-content\/uploads\/2025\/06\/Vacunas.jpg",960,388,false],"medium_large":["https:\/\/agencia.unq.edu.ar\/wp-content\/uploads\/2025\/06\/Vacunas.jpg",768,310,false],"large":["https:\/\/agencia.unq.edu.ar\/wp-content\/uploads\/2025\/06\/Vacunas.jpg",1040,420,false],"1536x1536":["https:\/\/agencia.unq.edu.ar\/wp-content\/uploads\/2025\/06\/Vacunas.jpg",1040,420,false],"2048x2048":["https:\/\/agencia.unq.edu.ar\/wp-content\/uploads\/2025\/06\/Vacunas.jpg",1040,420,false]},"uagb_author_info":{"display_name":"Luciana Mazzini Puga","author_link":"https:\/\/agencia.unq.edu.ar\/?author=4"},"uagb_comment_info":0,"uagb_excerpt":"En lo que va del a\u00f1o, se registr\u00f3 un incremento del 20 por ciento en comparaci\u00f3n con el 2024.","blog_post_layout_featured_media_urls":{"thumbnail":["https:\/\/agencia.unq.edu.ar\/wp-content\/uploads\/2025\/06\/Vacunas.jpg",150,61,false],"full":["https:\/\/agencia.unq.edu.ar\/wp-content\/uploads\/2025\/06\/Vacunas.jpg",1040,420,false]},"categories_names":{"16":{"name":"Noticia destacada","link":"https:\/\/agencia.unq.edu.ar\/?cat=16"},"9":{"name":"Salud","link":"https:\/\/agencia.unq.edu.ar\/?cat=9"}},"tags_names":[],"comments_number":"0","_links":{"self":[{"href":"https:\/\/agencia.unq.edu.ar\/index.php?rest_route=\/wp\/v2\/posts\/29463","targetHints":{"allow":["GET"]}}],"collection":[{"href":"https:\/\/agencia.unq.edu.ar\/index.php?rest_route=\/wp\/v2\/posts"}],"about":[{"href":"https:\/\/agencia.unq.edu.ar\/index.php?rest_route=\/wp\/v2\/types\/post"}],"author":[{"embeddable":true,"href":"https:\/\/agencia.unq.edu.ar\/index.php?rest_route=\/wp\/v2\/users\/4"}],"replies":[{"embeddable":true,"href":"https:\/\/agencia.unq.edu.ar\/index.php?rest_route=%2Fwp%2Fv2%2Fcomments&post=29463"}],"version-history":[{"count":4,"href":"https:\/\/agencia.unq.edu.ar\/index.php?rest_route=\/wp\/v2\/posts\/29463\/revisions"}],"predecessor-version":[{"id":29580,"href":"https:\/\/agencia.unq.edu.ar\/index.php?rest_route=\/wp\/v2\/posts\/29463\/revisions\/29580"}],"wp:featuredmedia":[{"embeddable":true,"href":"https:\/\/agencia.unq.edu.ar\/index.php?rest_route=\/wp\/v2\/media\/29464"}],"wp:attachment":[{"href":"https:\/\/agencia.unq.edu.ar\/index.php?rest_route=%2Fwp%2Fv2%2Fmedia&parent=29463"}],"wp:term":[{"taxonomy":"category","embeddable":true,"href":"https:\/\/agencia.unq.edu.ar\/index.php?rest_route=%2Fwp%2Fv2%2Fcategories&post=29463"},{"taxonomy":"post_tag","embeddable":true,"href":"https:\/\/agencia.unq.edu.ar\/index.php?rest_route=%2Fwp%2Fv2%2Ftags&post=29463"}],"curies":[{"name":"wp","href":"https:\/\/api.w.org\/{rel}","templated":true}]}}