{"id":29506,"date":"2025-06-26T18:47:15","date_gmt":"2025-06-26T21:47:15","guid":{"rendered":"https:\/\/agencia.unq.edu.ar\/?p=29506"},"modified":"2025-07-02T17:02:05","modified_gmt":"2025-07-02T20:02:05","slug":"fentanilo-contaminado-cuando-el-veneno-viene-sellado","status":"publish","type":"post","link":"https:\/\/agencia.unq.edu.ar\/?p=29506","title":{"rendered":"Fentanilo contaminado: cuando el veneno viene sellado"},"content":{"rendered":"\n<p class=\"wp-embed-aspect-16-9 wp-has-aspect-ratio has-medium-font-size\" id=\"block-e7a9ff36-ee0c-4796-9d2e-1fd69773da3a\">Ampollas con bacterias letales ingresaron al sistema de salud argentino. Causaron 48 fallecimientos. Tres laboratorios implicados y una pregunta sin respuesta: \u00bfc\u00f3mo pas\u00f3?<\/p>\n\n\n\n<figure class=\"wp-block-image aligncenter size-full\" id=\"block-c3ee2a7f-4bf9-43dd-a0f6-8acc1087bdbe\"><img loading=\"lazy\" decoding=\"async\" width=\"1040\" height=\"420\" src=\"https:\/\/agencia.unq.edu.ar\/wp-content\/uploads\/2025\/06\/fentanillo-sin-trazabilidad.jpg\" alt=\"\" class=\"wp-image-29601\"\/><figcaption class=\"wp-element-caption\">No fue sobredosis ni error m\u00e9dico: fall\u00f3 la cadena que deb\u00eda garantizar seguridad. Cr\u00e9dito: Dall-E.<\/figcaption><\/figure>\n\n\n\n<p class=\"wp-embed-aspect-16-9 wp-has-aspect-ratio\" id=\"block-792ca364-1b8e-4135-8180-b4418ab97e95\">Cuando el Hospital Italiano de La Plata detect\u00f3 que sus pacientes empezaban a caer sin explicaci\u00f3n l\u00f3gica \u2014uno tras otro, sin tiempo para prender la alarma\u2014, los m\u00e9dicos pensaron en lo peor: no en una falla humana, sino en una falla del sistema. Y no se equivocaron.<\/p>\n\n\n\n<p class=\"wp-embed-aspect-16-9 wp-has-aspect-ratio\" id=\"block-792ca364-1b8e-4135-8180-b4418ab97e95\">Lo que parec\u00eda una sucesi\u00f3n de muertes inevitables termin\u00f3 revelando un esc\u00e1ndalo con olor a laboratorio: ampollas de <strong>fentanilo contaminado con bacterias<\/strong>. Medicamento controlado, administrado bajo supervisi\u00f3n profesional, en hospitales p\u00fablicos y privados de cuatro provincias. El resultado: <strong>48 muertes confirmadas<\/strong>, seg\u00fan el \u00faltimo<strong> Bolet\u00edn Epidemiol\u00f3gico Nacional publicado el 24 de junio de 2025.<\/strong><\/p>\n\n\n\n<p class=\"wp-embed-aspect-16-9 wp-has-aspect-ratio\" id=\"block-792ca364-1b8e-4135-8180-b4418ab97e95\">El anest\u00e9sico que se volvi\u00f3 protagonista se llama <strong>fentanilo<\/strong> y es como un bistur\u00ed afilado: depende de qui\u00e9n lo use. Es un opioide sint\u00e9tico, primo lejano de la morfina, pero con un detalle que lo convierte en un cuchillo de doble filo: es <strong>100 veces m\u00e1s potente. <\/strong>No se vende en farmacias al p\u00fablico general. No se receta por WhatsApp. No viene en gotitas. Se usa en <strong>quir\u00f3fanos, terapias intensivas, cuidados paliativos, y siempre, siempre, bajo un protocolo m\u00e9dico estricto.<\/strong> <\/p>\n\n\n\n<p class=\"wp-embed-aspect-16-9 wp-has-aspect-ratio\" id=\"block-792ca364-1b8e-4135-8180-b4418ab97e95\">Sin embargo, ah\u00ed estaba: ingresando al cuerpo de personas internadas por causas totalmente ajenas, en hospitales de la Ciudad de Buenos Aires, Provincia de Buenos Aires, Santa Fe y Neuqu\u00e9n. De los <strong>76 pacientes afectados<\/strong>, m\u00e1s del <strong>60 por ciento muri\u00f3<\/strong>. No por sobredosis. No por consumo recreativo. Sino por haber recibido<strong> ampollas con Klebsiella pneumoniae y Ralstonia mannitolilytica<\/strong>, dos bacterias que no deber\u00edan estar ah\u00ed.<\/p>\n\n\n\n<h2 class=\"wp-block-heading\">\u201cCasi una ruleta rusa\u201d<\/h2>\n\n\n\n<p>El Dr. <strong>Aldo Saracco<\/strong>, una de las m\u00e1ximas autoridades en toxicolog\u00eda del pa\u00eds, no duda al hablar con la <a href=\"https:\/\/agencia.unq.edu.ar\/\" target=\"_blank\" rel=\"noopener\" title=\"\">Agencia de Noticias Cient\u00edficas de la Universidad Nacional de Quilmes.<\/a> Saracco es <strong>jefe del Centro de Informaci\u00f3n Toxicol\u00f3gica del Ministerio de Salud de Mendoza y expresidente de la Asociaci\u00f3n Toxicol\u00f3gica Argentina<\/strong>. Sabe bien que una dosis m\u00ednima puede aliviar un c\u00e1ncer o provocar <strong>paro card\u00edaco, coma, depresi\u00f3n respiratoria y muerte<\/strong>. En t\u00e9rminos bioqu\u00edmicos, act\u00faa deprimiendo el sistema nervioso central, el cardiovascular y el respiratorio. En t\u00e9rminos humanos, <strong>deja a hombres y mujeres sin aire mientras duermen.<\/strong><\/p>\n\n\n\n<p>La trampa \u2014explica\u2014 es que su efecto es r\u00e1pido y muy potente. Una ventaja en cirug\u00eda; una pesadilla en el uso recreativo, donde las combinaciones sin sentido \u2014fentanilo con coca\u00edna, con ketamina, con lo que haya\u2014 <strong>dificultan el diagn\u00f3stico y multiplican los riesgos<\/strong>. Lo que se vende como <strong>\u201ctusi\u201d<\/strong> o &#8220;<strong>coca\u00edna rosa\u201d<\/strong>, puede ser cualquier cosa menos eso.<\/p>\n\n\n\n<p>\u00bfLegal o ilegal? Los dos matan si fallan los controles. Hay un abismo entre el fentanilo de hospital y el de la calle. El primero pasa por controles farmacol\u00f3gicos, se almacena en condiciones espec\u00edficas y se administra en contextos cl\u00ednicos. El segundo <strong>puede estar mezclado con talco, vidrio molido o cafe\u00edna<\/strong>, y no hay manera de saberlo hasta que el usuario ya est\u00e1 en una camilla.<\/p>\n\n\n\n<p>Pero el esc\u00e1ndalo reciente es otra cosa. Es a\u00fan m\u00e1s grave. Porque <strong>el fentanilo era legal, estaba en regla, ven\u00eda sellado y etiquetado<\/strong>. Lo que fall\u00f3 fue <strong>la cadena de control de calidad<\/strong>. Y ah\u00ed entra el nombre de tres laboratorios: <strong>HLB Pharma Group, Laboratorios Ramallo y Droguer\u00eda Nueva Era<\/strong>. De 12 ampollas de HLB analizadas, <strong>10 estaban contaminadas<\/strong>.<\/p>\n\n\n\n<p>Seg\u00fan la informaci\u00f3n preliminar que recibi\u00f3 el Juzgado Federal en lo Penal y Criminal N\u00b03 de La Plata, por parte del Instituto Malbr\u00e1n-ANLIS, \u201csolo los lotes 31202 y 31244 de Fentanilo HLB\/Citrato Fentanilo, concentraci\u00f3n 0,05 mg\/ml, soluci\u00f3n inyectable, ampollas por 5 ml, estar\u00edan contaminados\u201d. Y agregaron un dato clave: <strong>\u201ccasi todos los pacientes fueron tratados con el lote 31202\u201d, ya que del lote 31244 se lleg\u00f3 a vender poco<\/strong>. El foco, entonces, est\u00e1 cada vez m\u00e1s acotado, pero tambi\u00e9n m\u00e1s n\u00edtido.<\/p>\n\n\n\n<h2 class=\"wp-block-heading\">La bacteria que nadie esperaba<\/h2>\n\n\n\n<p>La pista se encendi\u00f3 en La Plata, pero la tragedia estaba repartida. La mayor\u00eda de los pacientes eran hombres, con un promedio de 57 a\u00f1os. El grupo con m\u00e1s muertes: mayores de 70. El promedio de d\u00edas entre la aplicaci\u00f3n del fentanilo y la muerte: <strong>12<\/strong>. Las bacterias encontradas no son comunes en entornos hospitalarios. Son m\u00e1s dif\u00edciles de erradicar y, en muchos casos, resistentes a los antibi\u00f3ticos. El resultado fue devastador.<\/p>\n\n\n\n<p>Hoy, la <strong>Justicia investiga<\/strong> si hubo negligencia, omisi\u00f3n o directamente crimen en la fabricaci\u00f3n y distribuci\u00f3n. Pero lo cierto es que el da\u00f1o ya est\u00e1 hecho. Y <strong>no hay protocolo que reviva a 48 personas.<\/strong><\/p>\n\n\n\n<p>En esa l\u00ednea, la <strong>naloxona<\/strong> es la \u00fanica arma real contra una sobredosis de opioides. Act\u00faa como ant\u00eddoto: revierte, en minutos, los efectos del fentanilo. En <strong>Estados Unidos se vende en farmacias sin receta y hay campa\u00f1as masivas para que est\u00e9 disponible en escuelas, bares y estaciones de tren<\/strong>. En Argentina, <strong>todav\u00eda brilla por su ausencia<\/strong> en muchas guardias. \u201cNecesitamos que est\u00e9 en stock, como el desfibrilador\u201d, dice Saracco. \u201cEs la \u00fanica manera de salvar una vida en los primeros minutos.\u201d<\/p>\n\n\n\n<h2 class=\"wp-block-heading\">Cerrar el c\u00edrculo<\/h2>\n\n\n\n<p>El fentanilo <strong>ya est\u00e1 entrando por contrabando<\/strong>, se disuelve, se mezcla con coca\u00edna y se vende en polvo. Mendoza, Buenos Aires, incluso rutas del norte argentino ya vieron cargamentos camuflados en autos y encomiendas. En mayo pasado, en una oficina anodina de Clorinda, Formosa, un paquete postal llam\u00f3 la atenci\u00f3n de los gendarmes. No era grande, no ol\u00eda mal, no dec\u00eda nada raro. Pero dentro viajaban 500 ampollas de fentanilo. Lo que sigui\u00f3 fue de manual: entrega controlada, viaje hasta Mendoza, dos detenidos y un dato escalofriante. El destinatario era un ciudadano chileno que apareci\u00f3, tranquilo, a buscar su &#8220;encomienda&#8221;. En su bolso, llevaba otras 80 ampollas.<\/p>\n\n\n\n<p>El operativo, reportado en varios medios nacionales y confirmado por el propio <a href=\"https:\/\/www.argentina.gob.ar\/noticias\/en-un-control-en-formosa-los-gendarmes-detectan-una-encomienda-con-fentanilo-que-derivo-en\" target=\"_blank\" rel=\"noopener\" title=\"\">Gobierno Nacional<\/a>, fue una radiograf\u00eda perfecta de c\u00f3mo el fentanilo ya circula en la Argentina. No en toneladas, pero s\u00ed en dosis suficientes para matar a cientos. Se cuela en sobres, correos privados, terminales de \u00f3mnibus. La ruta est\u00e1 clara: entra por la frontera norte, se disfraza de medicina, se mueve en silencio.<\/p>\n\n\n\n<p>Con todo, lo que empez\u00f3 con \u2014hasta ahora\u2014 48 muertes termin\u00f3 exponiendo algo m\u00e1s corrosivo que cualquier bacteria: la falla de un sistema que deb\u00eda blindar la seguridad desde el origen. No fallaron los quir\u00f3fanos, ni los m\u00e9dicos. Fallaron los controles previos, los filtros que deb\u00edan garantizar que lo que entra a un hospital es confiable. Y con eso se quebr\u00f3 algo m\u00e1s profundo: la confianza. En los laboratorios, en la trazabilidad, en el Estado. Argentina no est\u00e1 preparada para una crisis de opioides. No hay naloxona en todas las guardias. El fentanilo ya cruza fronteras en sobres y encomiendas. Y el pacto m\u00e1s sagrado \u2014el que promete que un medicamento aprobado no debe poner en riesgo una vida\u2014 se rompi\u00f3 por donde nadie miraba, en la cadena que conecta la f\u00e1brica con la cama del paciente.<\/p>\n\n\n\n<p><\/p>\n\n\n\n<figure class=\"wp-block-embed is-type-video is-provider-youtube wp-block-embed-youtube wp-embed-aspect-16-9 wp-has-aspect-ratio\"><div class=\"wp-block-embed__wrapper\">\n<iframe loading=\"lazy\" title=\"La DROGA ZOMBIE que invade ESTADOS UNIDOS  \u00bfQu\u00e9 son el FENTANILO y la XILACINA    Filo explica\" width=\"500\" height=\"281\" src=\"https:\/\/www.youtube.com\/embed\/-_HXWvYYRRo?feature=oembed\" frameborder=\"0\" allow=\"accelerometer; autoplay; clipboard-write; encrypted-media; gyroscope; picture-in-picture; web-share\" referrerpolicy=\"strict-origin-when-cross-origin\" allowfullscreen><\/iframe>\n<\/div><\/figure>\n\n\n\n<p class=\"wp-embed-aspect-16-9 wp-has-aspect-ratio\" id=\"block-792ca364-1b8e-4135-8180-b4418ab97e95\"><\/p>\n\n\n\n<div class=\"wp-block-uagb-container uagb-block-dd9b3044 alignwide uagb-is-root-container\">\n<div class=\"wp-block-uagb-advanced-heading uagb-block-3482af2f\"><h4 class=\"uagb-heading-text\">\u00daltimas noticias de la secci\u00f3n Pol\u00edtica:<\/h4><\/div>\n\n\n\n\t\t\t<div class=\"wp-block-uagb-post-carousel uagb-post-grid  uagb-post__image-position-top uagb-post__image-enabled uagb-block-c0e21101     uagb-post__arrow-outside uagb-slick-carousel uagb-post__items uagb-post__columns-3 is-carousel uagb-post__columns-tablet-2 uagb-post__columns-mobile-1\" data-total=\"31\" style=\"\">\n\n\t\t\t\t\t\t\t\t\t\t\t\t<article class=\"uagb-post__inner-wrap\">\t\t\t\t\t\t\t\t<div class='uagb-post__image'>\n\t\t\t\t\t\t\t\t\t<a href=\"https:\/\/agencia.unq.edu.ar\/?p=35830\" target=\"_self\" rel=\"bookmark noopener noreferrer\"><img loading=\"lazy\" decoding=\"async\" width=\"960\" height=\"388\" src=\"https:\/\/agencia.unq.edu.ar\/wp-content\/uploads\/2026\/04\/Javier-Milei-Peter-Thiel.jpg\" class=\"attachment-medium size-medium\" alt=\"Javier Milei junto a Peter Lamelas, embajador de EE.UU. en Argentina y Peter Thiel, fundador de Palantir. Cr\u00e9ditos: @OPRArgentina.\" \/>\t\t\t\t\t<\/a>\n\t\t\t\t\t\t\t\t\t<\/div>\n\t\t\t\t\t\t<h4 class=\"uagb-post__title uagb-post__text\">\n\t\t\t\t<a href=\"https:\/\/agencia.unq.edu.ar\/?p=35830\" target=\"_self\" rel=\"bookmark noopener noreferrer\">Palantir y Peter Thiel: \u00bfse acerca el tecnofascismo a la Argentina?<\/a>\n\t\t\t<\/h4>\n\t\t\t\t\t\t<div class='uagb-post__text uagb-post-grid-byline'>\n\t\t\t\t\t\t\t<\/div>\n\t\t\t\n\t\t\t\t\t\t\t\t\t<\/article>\n\t\t\t\t\t\t\t\t\t\t\t\t\t\t\t\t<article class=\"uagb-post__inner-wrap\">\t\t\t\t\t\t\t\t<div class='uagb-post__image'>\n\t\t\t\t\t\t\t\t\t<a href=\"https:\/\/agencia.unq.edu.ar\/?p=35757\" target=\"_self\" rel=\"bookmark noopener noreferrer\"><img loading=\"lazy\" decoding=\"async\" width=\"960\" height=\"388\" src=\"https:\/\/agencia.unq.edu.ar\/wp-content\/uploads\/2026\/04\/Marcha-universitaria-vista-general.jpg\" class=\"attachment-medium size-medium\" alt=\"Imagen panor\u00e1mica de la \u00faltima Marcha Federal. Cr\u00e9ditos: @vyp.drone.\" \/>\t\t\t\t\t<\/a>\n\t\t\t\t\t\t\t\t\t<\/div>\n\t\t\t\t\t\t<h4 class=\"uagb-post__title uagb-post__text\">\n\t\t\t\t<a href=\"https:\/\/agencia.unq.edu.ar\/?p=35757\" target=\"_self\" rel=\"bookmark noopener noreferrer\">Hasta que se cumpla: la comunidad universitaria realizar\u00e1 una nueva Marcha Federal<\/a>\n\t\t\t<\/h4>\n\t\t\t\t\t\t<div class='uagb-post__text uagb-post-grid-byline'>\n\t\t\t\t\t\t\t<\/div>\n\t\t\t\n\t\t\t\t\t\t\t\t\t<\/article>\n\t\t\t\t\t\t\t\t\t\t\t\t\t\t\t\t<article class=\"uagb-post__inner-wrap\">\t\t\t\t\t\t\t\t<div class='uagb-post__image'>\n\t\t\t\t\t\t\t\t\t<a href=\"https:\/\/agencia.unq.edu.ar\/?p=35638\" target=\"_self\" rel=\"bookmark noopener noreferrer\"><img loading=\"lazy\" decoding=\"async\" width=\"960\" height=\"388\" src=\"https:\/\/agencia.unq.edu.ar\/wp-content\/uploads\/2026\/04\/Roberto-Abdala-Al-borde-del-precipicio.jpg\" class=\"attachment-medium size-medium\" alt=\"Roberto Abdala en Al borde del precicipcio. Cr\u00e9ditos: Captura UNQ TV.\" \/>\t\t\t\t\t<\/a>\n\t\t\t\t\t\t\t\t\t<\/div>\n\t\t\t\t\t\t<h4 class=\"uagb-post__title uagb-post__text\">\n\t\t\t\t<a href=\"https:\/\/agencia.unq.edu.ar\/?p=35638\" target=\"_self\" rel=\"bookmark noopener noreferrer\">Roberto Abdala: \u201cSin presupuesto es muy dif\u00edcil pensar y so\u00f1ar una escuela distinta\u201d<\/a>\n\t\t\t<\/h4>\n\t\t\t\t\t\t<div class='uagb-post__text uagb-post-grid-byline'>\n\t\t\t\t\t\t\t<\/div>\n\t\t\t\n\t\t\t\t\t\t\t\t\t<\/article>\n\t\t\t\t\t\t\t\t\t\t\t\t\t\t\t\t<article class=\"uagb-post__inner-wrap\">\t\t\t\t\t\t\t\t<div class='uagb-post__image'>\n\t\t\t\t\t\t\t\t\t<a href=\"https:\/\/agencia.unq.edu.ar\/?p=35583\" target=\"_self\" rel=\"bookmark noopener noreferrer\"><img loading=\"lazy\" decoding=\"async\" width=\"960\" height=\"388\" src=\"https:\/\/agencia.unq.edu.ar\/wp-content\/uploads\/2024\/06\/INTI-despidos.jpg\" class=\"attachment-medium size-medium\" alt=\"Protesta realizada por los trabajadores del INTI contra los despidos. Cr\u00e9ditos: ATE-INTI.\" \/>\t\t\t\t\t<\/a>\n\t\t\t\t\t\t\t\t\t<\/div>\n\t\t\t\t\t\t<h4 class=\"uagb-post__title uagb-post__text\">\n\t\t\t\t<a href=\"https:\/\/agencia.unq.edu.ar\/?p=35583\" target=\"_self\" rel=\"bookmark noopener noreferrer\">El gobierno quiere quitarle m\u00e1s funciones al INTI y despedir 700 trabajadores<\/a>\n\t\t\t<\/h4>\n\t\t\t\t\t\t<div class='uagb-post__text uagb-post-grid-byline'>\n\t\t\t\t\t\t\t<\/div>\n\t\t\t\n\t\t\t\t\t\t\t\t\t<\/article>\n\t\t\t\t\t\t\t\t\t\t\t\t\t\t\t\t<article class=\"uagb-post__inner-wrap\">\t\t\t\t\t\t\t\t<div class='uagb-post__image'>\n\t\t\t\t\t\t\t\t\t<a href=\"https:\/\/agencia.unq.edu.ar\/?p=35568\" target=\"_self\" rel=\"bookmark noopener noreferrer\"><img loading=\"lazy\" decoding=\"async\" width=\"960\" height=\"388\" src=\"https:\/\/agencia.unq.edu.ar\/wp-content\/uploads\/2026\/04\/unsplash.jpg\" class=\"attachment-medium size-medium\" alt=\"Sin botiquines completos, crecen las dificultades para sostener controles, prevenir cuadros graves y evitar derivaciones. Cr\u00e9ditos: Unplash.\" \/>\t\t\t\t\t<\/a>\n\t\t\t\t\t\t\t\t\t<\/div>\n\t\t\t\t\t\t<h4 class=\"uagb-post__title uagb-post__text\">\n\t\t\t\t<a href=\"https:\/\/agencia.unq.edu.ar\/?p=35568\" target=\"_self\" rel=\"bookmark noopener noreferrer\">Golpe a la salud p\u00fablica: \u00bfc\u00f3mo impacta la baja del Programa Remediar que dispuso el gobierno?<\/a>\n\t\t\t<\/h4>\n\t\t\t\t\t\t<div class='uagb-post__text uagb-post-grid-byline'>\n\t\t\t\t\t\t\t<\/div>\n\t\t\t\n\t\t\t\t\t\t\t\t\t<\/article>\n\t\t\t\t\t\t\t\t\t\t\t\t\t\t\t\t<article class=\"uagb-post__inner-wrap\">\t\t\t\t\t\t\t\t<div class='uagb-post__image'>\n\t\t\t\t\t\t\t\t\t<a href=\"https:\/\/agencia.unq.edu.ar\/?p=35529\" target=\"_self\" rel=\"bookmark noopener noreferrer\"><img loading=\"lazy\" decoding=\"async\" width=\"960\" height=\"388\" src=\"https:\/\/agencia.unq.edu.ar\/wp-content\/uploads\/2026\/04\/educacion-IA.jpg\" class=\"attachment-medium size-medium\" alt=\"El nuevo Observatorio regional apunta a transformar sistemas educativos con evidencia y escala. Cr\u00e9dito: Istock.\" \/>\t\t\t\t\t<\/a>\n\t\t\t\t\t\t\t\t\t<\/div>\n\t\t\t\t\t\t<h4 class=\"uagb-post__title uagb-post__text\">\n\t\t\t\t<a href=\"https:\/\/agencia.unq.edu.ar\/?p=35529\" target=\"_self\" rel=\"bookmark noopener noreferrer\">La UNESCO lanz\u00f3 un Observatorio regional para integrar la IA en la educaci\u00f3n<\/a>\n\t\t\t<\/h4>\n\t\t\t\t\t\t<div class='uagb-post__text uagb-post-grid-byline'>\n\t\t\t\t\t\t\t<\/div>\n\t\t\t\n\t\t\t\t\t\t\t\t\t<\/article>\n\t\t\t\t\t\t\t\t\t\t\t\t\t\t\t\t<article class=\"uagb-post__inner-wrap\">\t\t\t\t\t\t\t\t<div class='uagb-post__image'>\n\t\t\t\t\t\t\t\t\t<a href=\"https:\/\/agencia.unq.edu.ar\/?p=35512\" target=\"_self\" rel=\"bookmark noopener noreferrer\"><img loading=\"lazy\" decoding=\"async\" width=\"960\" height=\"388\" src=\"https:\/\/agencia.unq.edu.ar\/wp-content\/uploads\/2026\/04\/Emmanuel-Macron.jpg\" class=\"attachment-medium size-medium\" alt=\"Emmanuel Macron, presidente de Francia. Cr\u00e9ditos: Britannica.\" \/>\t\t\t\t\t<\/a>\n\t\t\t\t\t\t\t\t\t<\/div>\n\t\t\t\t\t\t<h4 class=\"uagb-post__title uagb-post__text\">\n\t\t\t\t<a href=\"https:\/\/agencia.unq.edu.ar\/?p=35512\" target=\"_self\" rel=\"bookmark noopener noreferrer\">Francia avanza hacia la soberan\u00eda digital y abandona Windows: \u00bfcu\u00e1l es la situaci\u00f3n de Argentina?<\/a>\n\t\t\t<\/h4>\n\t\t\t\t\t\t<div class='uagb-post__text uagb-post-grid-byline'>\n\t\t\t\t\t\t\t<\/div>\n\t\t\t\n\t\t\t\t\t\t\t\t\t<\/article>\n\t\t\t\t\t\t\t\t\t\t\t\t\t\t\t\t<article class=\"uagb-post__inner-wrap\">\t\t\t\t\t\t\t\t<div class='uagb-post__image'>\n\t\t\t\t\t\t\t\t\t<a href=\"https:\/\/agencia.unq.edu.ar\/?p=35480\" target=\"_self\" rel=\"bookmark noopener noreferrer\"><img loading=\"lazy\" decoding=\"async\" width=\"960\" height=\"388\" src=\"https:\/\/agencia.unq.edu.ar\/wp-content\/uploads\/2026\/04\/DSC9028-1.jpg\" class=\"attachment-medium size-medium\" alt=\"Estudiantes y docentes marchan hacia el centro de Quilmes, tras una semana de toma de la universidad. Cr\u00e9ditos: Sergio D&#039;Addona.\" \/>\t\t\t\t\t<\/a>\n\t\t\t\t\t\t\t\t\t<\/div>\n\t\t\t\t\t\t<h4 class=\"uagb-post__title uagb-post__text\">\n\t\t\t\t<a href=\"https:\/\/agencia.unq.edu.ar\/?p=35480\" target=\"_self\" rel=\"bookmark noopener noreferrer\">La universidad no se apaga: la UNQ abre sus puertas con propuestas cient\u00edficas y culturales<\/a>\n\t\t\t<\/h4>\n\t\t\t\t\t\t<div class='uagb-post__text uagb-post-grid-byline'>\n\t\t\t\t\t\t\t<\/div>\n\t\t\t\n\t\t\t\t\t\t\t\t\t<\/article>\n\t\t\t\t\t\t\t\t\t\t\t<\/div>\n\t\t\t<\/div>\n","protected":false},"excerpt":{"rendered":"<p>Ampollas con bacterias letales ingresaron al sistema de salud argentino. Causaron 48 fallecimientos. Tres laboratorios implicados y una pregunta sin respuesta: \u00bfc\u00f3mo pas\u00f3?<\/p>\n","protected":false},"author":7,"featured_media":29601,"comment_status":"open","ping_status":"closed","sticky":false,"template":"","format":"standard","meta":{"_uag_custom_page_level_css":"","_monsterinsights_skip_tracking":false,"_monsterinsights_sitenote_active":false,"_monsterinsights_sitenote_note":"","_monsterinsights_sitenote_category":0,"site-sidebar-layout":"default","site-content-layout":"","ast-site-content-layout":"default","site-content-style":"default","site-sidebar-style":"default","ast-global-header-display":"","ast-banner-title-visibility":"","ast-main-header-display":"","ast-hfb-above-header-display":"","ast-hfb-below-header-display":"","ast-hfb-mobile-header-display":"","site-post-title":"","ast-breadcrumbs-content":"","ast-featured-img":"","footer-sml-layout":"","ast-disable-related-posts":"","theme-transparent-header-meta":"","adv-header-id-meta":"","stick-header-meta":"","header-above-stick-meta":"","header-main-stick-meta":"","header-below-stick-meta":"","astra-migrate-meta-layouts":"default","ast-page-background-enabled":"default","ast-page-background-meta":{"desktop":{"background-color":"var(--ast-global-color-4)","background-image":"","background-repeat":"repeat","background-position":"center center","background-size":"auto","background-attachment":"scroll","background-type":"","background-media":"","overlay-type":"","overlay-color":"","overlay-opacity":"","overlay-gradient":""},"tablet":{"background-color":"","background-image":"","background-repeat":"repeat","background-position":"center center","background-size":"auto","background-attachment":"scroll","background-type":"","background-media":"","overlay-type":"","overlay-color":"","overlay-opacity":"","overlay-gradient":""},"mobile":{"background-color":"","background-image":"","background-repeat":"repeat","background-position":"center center","background-size":"auto","background-attachment":"scroll","background-type":"","background-media":"","overlay-type":"","overlay-color":"","overlay-opacity":"","overlay-gradient":""}},"ast-content-background-meta":{"desktop":{"background-color":"var(--ast-global-color-5)","background-image":"","background-repeat":"repeat","background-position":"center center","background-size":"auto","background-attachment":"scroll","background-type":"","background-media":"","overlay-type":"","overlay-color":"","overlay-opacity":"","overlay-gradient":""},"tablet":{"background-color":"var(--ast-global-color-5)","background-image":"","background-repeat":"repeat","background-position":"center center","background-size":"auto","background-attachment":"scroll","background-type":"","background-media":"","overlay-type":"","overlay-color":"","overlay-opacity":"","overlay-gradient":""},"mobile":{"background-color":"var(--ast-global-color-5)","background-image":"","background-repeat":"repeat","background-position":"center center","background-size":"auto","background-attachment":"scroll","background-type":"","background-media":"","overlay-type":"","overlay-color":"","overlay-opacity":"","overlay-gradient":""}},"footnotes":""},"categories":[16,92],"tags":[],"class_list":["post-29506","post","type-post","status-publish","format-standard","has-post-thumbnail","hentry","category-noticia-destacada","category-politica"],"aioseo_notices":[],"uagb_featured_image_src":{"full":["https:\/\/agencia.unq.edu.ar\/wp-content\/uploads\/2025\/06\/fentanillo-sin-trazabilidad.jpg",1040,420,false],"thumbnail":["https:\/\/agencia.unq.edu.ar\/wp-content\/uploads\/2025\/06\/fentanillo-sin-trazabilidad.jpg",150,61,false],"medium":["https:\/\/agencia.unq.edu.ar\/wp-content\/uploads\/2025\/06\/fentanillo-sin-trazabilidad.jpg",960,388,false],"medium_large":["https:\/\/agencia.unq.edu.ar\/wp-content\/uploads\/2025\/06\/fentanillo-sin-trazabilidad.jpg",768,310,false],"large":["https:\/\/agencia.unq.edu.ar\/wp-content\/uploads\/2025\/06\/fentanillo-sin-trazabilidad.jpg",1040,420,false],"1536x1536":["https:\/\/agencia.unq.edu.ar\/wp-content\/uploads\/2025\/06\/fentanillo-sin-trazabilidad.jpg",1040,420,false],"2048x2048":["https:\/\/agencia.unq.edu.ar\/wp-content\/uploads\/2025\/06\/fentanillo-sin-trazabilidad.jpg",1040,420,false]},"uagb_author_info":{"display_name":"Mar\u00eda Ximena Perez","author_link":"https:\/\/agencia.unq.edu.ar\/?author=7"},"uagb_comment_info":0,"uagb_excerpt":"Ampollas con bacterias letales ingresaron al sistema de salud argentino. Causaron 48 fallecimientos. Tres laboratorios implicados y una pregunta sin respuesta: \u00bfc\u00f3mo pas\u00f3?","blog_post_layout_featured_media_urls":{"thumbnail":["https:\/\/agencia.unq.edu.ar\/wp-content\/uploads\/2025\/06\/fentanillo-sin-trazabilidad.jpg",150,61,false],"full":["https:\/\/agencia.unq.edu.ar\/wp-content\/uploads\/2025\/06\/fentanillo-sin-trazabilidad.jpg",1040,420,false]},"categories_names":{"16":{"name":"Noticia destacada","link":"https:\/\/agencia.unq.edu.ar\/?cat=16"},"92":{"name":"Pol\u00edtica","link":"https:\/\/agencia.unq.edu.ar\/?cat=92"}},"tags_names":[],"comments_number":"0","_links":{"self":[{"href":"https:\/\/agencia.unq.edu.ar\/index.php?rest_route=\/wp\/v2\/posts\/29506","targetHints":{"allow":["GET"]}}],"collection":[{"href":"https:\/\/agencia.unq.edu.ar\/index.php?rest_route=\/wp\/v2\/posts"}],"about":[{"href":"https:\/\/agencia.unq.edu.ar\/index.php?rest_route=\/wp\/v2\/types\/post"}],"author":[{"embeddable":true,"href":"https:\/\/agencia.unq.edu.ar\/index.php?rest_route=\/wp\/v2\/users\/7"}],"replies":[{"embeddable":true,"href":"https:\/\/agencia.unq.edu.ar\/index.php?rest_route=%2Fwp%2Fv2%2Fcomments&post=29506"}],"version-history":[{"count":31,"href":"https:\/\/agencia.unq.edu.ar\/index.php?rest_route=\/wp\/v2\/posts\/29506\/revisions"}],"predecessor-version":[{"id":29606,"href":"https:\/\/agencia.unq.edu.ar\/index.php?rest_route=\/wp\/v2\/posts\/29506\/revisions\/29606"}],"wp:featuredmedia":[{"embeddable":true,"href":"https:\/\/agencia.unq.edu.ar\/index.php?rest_route=\/wp\/v2\/media\/29601"}],"wp:attachment":[{"href":"https:\/\/agencia.unq.edu.ar\/index.php?rest_route=%2Fwp%2Fv2%2Fmedia&parent=29506"}],"wp:term":[{"taxonomy":"category","embeddable":true,"href":"https:\/\/agencia.unq.edu.ar\/index.php?rest_route=%2Fwp%2Fv2%2Fcategories&post=29506"},{"taxonomy":"post_tag","embeddable":true,"href":"https:\/\/agencia.unq.edu.ar\/index.php?rest_route=%2Fwp%2Fv2%2Ftags&post=29506"}],"curies":[{"name":"wp","href":"https:\/\/api.w.org\/{rel}","templated":true}]}}