{"id":29545,"date":"2025-06-26T17:43:26","date_gmt":"2025-06-26T20:43:26","guid":{"rendered":"https:\/\/agencia.unq.edu.ar\/?p=29545"},"modified":"2025-07-03T15:48:19","modified_gmt":"2025-07-03T18:48:19","slug":"sin-el-garrahan-mi-hija-no-estaria-viva","status":"publish","type":"post","link":"https:\/\/agencia.unq.edu.ar\/?p=29545","title":{"rendered":"&#8220;Sin el Garrahan, mi hija no estar\u00eda viva\u201d"},"content":{"rendered":"\n<p class=\"wp-embed-aspect-16-9 wp-has-aspect-ratio has-medium-font-size\" id=\"block-e7a9ff36-ee0c-4796-9d2e-1fd69773da3a\">Pacientes y familias cuentan en primera persona la atenci\u00f3n que recibieron en el hospital pedi\u00e1trico m\u00e1s importante del pa\u00eds.<\/p>\n\n\n\n<figure class=\"wp-block-image aligncenter size-full\" id=\"block-c3ee2a7f-4bf9-43dd-a0f6-8acc1087bdbe\"><img loading=\"lazy\" decoding=\"async\" width=\"1040\" height=\"420\" src=\"https:\/\/agencia.unq.edu.ar\/wp-content\/uploads\/2025\/06\/Garrahan.jpg\" alt=\"Cr\u00e9ditos: Argentina.gob.ar\" class=\"wp-image-29576\"\/><figcaption class=\"wp-element-caption\">Cr\u00e9ditos: Argentina.gob.ar<\/figcaption><\/figure>\n\n\n\n<p class=\"wp-embed-aspect-16-9 wp-has-aspect-ratio\" id=\"block-792ca364-1b8e-4135-8180-b4418ab97e95\">\u201c<strong>Las cosas que uno ve en las pel\u00edculas y que parecen mentira, yo las vi en el Hospital Garrahan.<\/strong> Es realmente de alta complejidad y hay que cuidarlo. No s\u00e9 c\u00f3mo decirlo, pero <strong>es lo m\u00e1s importante que tiene este pa\u00eds.<\/strong> <strong>Sin ese hospital, no s\u00e9 d\u00f3nde ir\u00edan todos los nenes y mi hija no estar\u00eda viva<\/strong>\u201d, cuenta <strong>Natalia<\/strong>, mam\u00e1 de Amparo. A sus dos meses de vida, a Amparo le diagnosticaron rabdomiosarcoma, un c\u00e1ncer de tejido blando que afecta m\u00fasculos, tendones o cart\u00edlagos. Desde ese momento, el Hospital Garrahan se convirti\u00f3 en su segundo hogar y el de su familia. Hoy, con 20 a\u00f1os y despu\u00e9s de tres tratamientos con quimioterapia y operaciones, s\u00f3lo le resta llevar la \u00faltima resonancia para verificar que ya todo est\u00e1 bien.<\/p>\n\n\n\n<p>\u201cEn 2008, mi hijo Hugo sali\u00f3 del Hospital de Quilmes con una operaci\u00f3n de tumor testicular maligno mixto que ya hab\u00eda hecho met\u00e1stasis. <strong>Nos derivaron al Garrahan y, si bien ten\u00eda 16 a\u00f1os y ya no era para pediatr\u00eda, el doctor Pedro Zubizarreta (actual Jefe del Servicio de Hematolog\u00eda y Oncolog\u00eda) lo recibi\u00f3\u201d<\/strong>,&nbsp;relata <strong>Rosa<\/strong> a la <a href=\"https:\/\/agencia.unq.edu.ar\/\" target=\"_blank\" rel=\"noopener\" title=\"\">Agencia<\/a>.&nbsp;Y contin\u00faa: \u201cLe hicieron trasplante de m\u00e9dula \u00f3sea y quimioterapia y en 2013 le dieron el alta. <strong>Gracias a todos los doctores, hoy mi hijo est\u00e1 vivo, tiene 33 a\u00f1os y trabaja en el municipio de Florencio Varela<\/strong>\u201d. As\u00ed como sucedi\u00f3 con Hugo, <strong>uno de cada dos chicos reciben un trasplante gracias al Hospital Garrahan y casi la mitad de los ni\u00f1os del pa\u00eds son atendidos por c\u00e1ncer.<\/strong> <\/p>\n\n\n\n<p>Esta semana, los trabajadores del Hospital realizaron un nuevo paro de 24 hs \u2013el n\u00famero 16 desde que arranc\u00f3 la gesti\u00f3n de Milei\u2013, acompa\u00f1ado de un festival solidario que incluy\u00f3 la presencia de artistas como Las Manos de Filippi y la Banda del Borda. <strong>Los profesionales, t\u00e9cnicos y trabajadores exigen un salario m\u00ednimo de $1.800.000 <\/strong>y que el beneficio se extienda a residentes, becarios y personal contratado incorpor\u00e1ndolos a planta permanente. El reclamo quedar\u00eda corto si se tiene en cuenta que los trabajadores<strong> atienden 600 mil consultas entre presenciales y teleconsultas y realizan 10 mil cirug\u00edas de alt\u00edsima complejidad por a\u00f1o.<\/strong> Detr\u00e1s de los n\u00fameros, hay esfuerzo, profesionalismo y tambi\u00e9n hay historias. <\/p>\n\n\n\n<h2 class=\"wp-block-heading\">Amor en un momento de porquer\u00eda<\/h2>\n\n\n\n<p>M\u00e9dicos, t\u00e9cnicos y otros trabajadores tambi\u00e9n dedican su tiempo a la contenci\u00f3n de las familias y a llevar un mal momento de la mejor forma posible. \u201cTodos los profesionales est\u00e1n dispuestos a brindar su completa atenci\u00f3n, dar todos los consejos e informaci\u00f3n que uno necesita. <strong>Es muy dif\u00edcil recibir la noticia de que tu hijo est\u00e1 enfermo, pero los m\u00e9dicos dan todo el tiempo del mundo a responder dudas, a contener y a explicar, son muy amorosos<\/strong>\u201d, dice <strong>Lucila<\/strong>, paciente del Hospital entre 1997 y 2001 por un c\u00e1ncer de c\u00e9lulas germinales alojado en un ovario.&nbsp;<\/p>\n\n\n\n<p>En paralelo a los tratamientos de su enfermedad, <strong>Lucila llevaba adelante un grupo de circo <\/strong>junto con un chico que trabajaba en el call center del hospital. \u201cHac\u00edamos espect\u00e1culos en distintas ciudades del conurbano y <strong>la plata que recaud\u00e1bamos la utiliz\u00e1bamos para comprar una silla de ruedas, comida, ropa o medicamentos. <\/strong>Tambi\u00e9n regal\u00e1bamos juguetes o hac\u00edamos meriendas para chicos internados. <strong>El hospital tiene una contenci\u00f3n muy grande para que se pase lo mejor posible<\/strong>\u201d. La cadena de ayudas es el esp\u00edritu del Garrahan, y eso se nota en la cantidad de personas que hoy respaldan la lucha de los m\u00e9dicos: pacientes, expacientes, familias, artistas, otros hospitales o personas autoconvocadas que nunca tuvieron la necesidad de atenderse all\u00ed, pero est\u00e1n. Todos est\u00e1n.<\/p>\n\n\n\n<p>Adem\u00e1s, no solo los m\u00e9dicos y los pacientes ponen de su parte para llevar adelante los tratamientos,<strong> las familias tambi\u00e9n se conocen y acompa\u00f1an unas a otras durante la estad\u00eda en el Hospital.<\/strong> \u201cHay padres que est\u00e1n nerviosos, otros son m\u00e1s pacientes y, al pasar tanto tiempo all\u00ed, se conocen. Es una pesadilla tener que vivir ah\u00ed y ver a todos los ni\u00f1os y padres que est\u00e1n mal. <strong>Yo me doy cuenta cuando un pap\u00e1 est\u00e1 por recibir una mala noticia o cuando le est\u00e1n por dar el alta a un nene.<\/strong> Les lees las caras a todos\u201d, narra Natalia.<\/p>\n\n\n\n<h2 class=\"wp-block-heading\">Operan y no son m\u00e9dicos<\/h2>\n\n\n\n<p>\u201cEs terrible que el hospital no tenga insumos, que trabajadores formados por a\u00f1os tengan que buscar otras fuentes laborales o <strong>se tengan que ir al privado sac\u00e1ndole as\u00ed la posibilidad de atenci\u00f3n a las personas de menos recursos\u201d, dice Lucila.<\/strong> Y agrega: \u201cEs tremendo que desde el gobierno no reconozcan a estos trabajadores y<strong> encima se burlen de ellos al decir en declaraciones p\u00fablicas que, si hubiesen querido ganar m\u00e1s plata, hubieran elegido otra profesi\u00f3n<\/strong>\u201d.<\/p>\n\n\n\n<p>Esta semana, la Asociaci\u00f3n de Profesionales y T\u00e9cnicos del Hospital Garrahan (APyT) <strong>desminti\u00f3 que el gobierno les haya otorgado un aumento del 10 por ciento y <a href=\"https:\/\/infodelgarrahan.blogspot.com\/\" target=\"_blank\" rel=\"noopener\" title=\"\">denunci\u00f3 <\/a>que \u201clas operaciones de prensa del gobierno contra el Garrahan son constantes\u201d.<\/strong> \u201cLa informaci\u00f3n publicada en algunos medios, basada en el Decreto 425\/2025, presenta como una mejora para el Garrahan lo que en realidad es una ampliaci\u00f3n presupuestaria ordinaria y generalizada de aproximadamente el 10 por ciento aplicado a casi toda la administraci\u00f3n p\u00fablica<strong>. Esta ampliaci\u00f3n, que incrementa en $16.651 millones el monto de $170.000, no responde a las demandas del Garrahan ni soluciona los problemas estructurales ni los salariales que ya produjeron 200 renuncias<\/strong>&#8220;, sostiene la APyT en un comunicado.<\/p>\n\n\n\n<p>&#8220;Hay que cuidar a ese hospital. Mi hija estaba en el mejor lugar, era lo que yo ten\u00eda como tranquilidad. <strong>Dentro de la gravedad, est\u00e1bamos en el lugar correcto<\/strong>&#8220;, afirma Natalia. No hay manera de pensar un pa\u00eds sin su principal hospital de pediatr\u00eda que lo deja en lo m\u00e1s alto de la regi\u00f3n. Tampoco hay forma si sus m\u00e9dicos, que cuidan la salud de la sociedad, son desprestigiados y atacados. S\u00ed hay manera si se pone atenci\u00f3n y se imita la solidaridad, el amor y el profesionalismo que tienen d\u00eda a d\u00eda quienes hacen al Garrahan.<\/p>\n\n\n\n<div class=\"wp-block-uagb-container uagb-block-e31d8b4a alignwide uagb-is-root-container\">\n<div class=\"wp-block-uagb-advanced-heading uagb-block-55d4c858\"><h4 class=\"uagb-heading-text\">\u00daltimas noticias de la secci\u00f3n Salud:<\/h4><\/div>\n\n\n\n\t\t\t<div class=\"wp-block-uagb-post-carousel uagb-post-grid  uagb-post__image-position-top uagb-post__image-enabled uagb-block-24e22604     uagb-post__arrow-outside uagb-slick-carousel uagb-post__items uagb-post__columns-3 is-carousel uagb-post__columns-tablet-2 uagb-post__columns-mobile-1\" data-total=\"40\" style=\"\">\n\n\t\t\t\t\t\t\t\t\t\t\t\t<article class=\"uagb-post__inner-wrap\">\t\t\t\t\t\t\t\t<div class='uagb-post__image'>\n\t\t\t\t\t\t\t\t\t<a href=\"https:\/\/agencia.unq.edu.ar\/?p=35843\" target=\"_self\" rel=\"bookmark noopener noreferrer\"><img loading=\"lazy\" decoding=\"async\" width=\"960\" height=\"388\" src=\"https:\/\/agencia.unq.edu.ar\/wp-content\/uploads\/2026\/04\/Alzheimer-demencia.jpg\" class=\"attachment-medium size-medium\" alt=\"La demencia es la s\u00e9ptima causa de defunci\u00f3n en todo el mundo. Cr\u00e9ditos: Centro M\u00e9dico ABC.\" \/>\t\t\t\t\t<\/a>\n\t\t\t\t\t\t\t\t\t<\/div>\n\t\t\t\t\t\t<h4 class=\"uagb-post__title uagb-post__text\">\n\t\t\t\t<a href=\"https:\/\/agencia.unq.edu.ar\/?p=35843\" target=\"_self\" rel=\"bookmark noopener noreferrer\">Hacer 150 minutos de actividad f\u00edsica y dormir ocho horas reduce el riesgo de demencia<\/a>\n\t\t\t<\/h4>\n\t\t\t\t\t\t<div class='uagb-post__text uagb-post-grid-byline'>\n\t\t\t\t\t\t\t<\/div>\n\t\t\t\n\t\t\t\t\t\t\t\t\t<\/article>\n\t\t\t\t\t\t\t\t\t\t\t\t\t\t\t\t<article class=\"uagb-post__inner-wrap\">\t\t\t\t\t\t\t\t<div class='uagb-post__image'>\n\t\t\t\t\t\t\t\t\t<a href=\"https:\/\/agencia.unq.edu.ar\/?p=35798\" target=\"_self\" rel=\"bookmark noopener noreferrer\"><img loading=\"lazy\" decoding=\"async\" width=\"960\" height=\"388\" src=\"https:\/\/agencia.unq.edu.ar\/wp-content\/uploads\/2026\/04\/desconexion.jpg\" class=\"attachment-medium size-medium\" alt=\"Algunos usuarios reportan alivio tras cerrar sus cuentas; otros sienten m\u00e1s soledad o reemplazan una app por otra igual de absorbente. Cr\u00e9dito: Unplash.\" \/>\t\t\t\t\t<\/a>\n\t\t\t\t\t\t\t\t\t<\/div>\n\t\t\t\t\t\t<h4 class=\"uagb-post__title uagb-post__text\">\n\t\t\t\t<a href=\"https:\/\/agencia.unq.edu.ar\/?p=35798\" target=\"_self\" rel=\"bookmark noopener noreferrer\">\u00bfDejar las redes sociales mejora la salud mental?<\/a>\n\t\t\t<\/h4>\n\t\t\t\t\t\t<div class='uagb-post__text uagb-post-grid-byline'>\n\t\t\t\t\t\t\t<\/div>\n\t\t\t\n\t\t\t\t\t\t\t\t\t<\/article>\n\t\t\t\t\t\t\t\t\t\t\t\t\t\t\t\t<article class=\"uagb-post__inner-wrap\">\t\t\t\t\t\t\t\t<div class='uagb-post__image'>\n\t\t\t\t\t\t\t\t\t<a href=\"https:\/\/agencia.unq.edu.ar\/?p=35761\" target=\"_self\" rel=\"bookmark noopener noreferrer\"><img loading=\"lazy\" decoding=\"async\" width=\"960\" height=\"388\" src=\"https:\/\/agencia.unq.edu.ar\/wp-content\/uploads\/2026\/04\/Cigarrillo-Reino-Unido-Tabaco.jpg\" class=\"attachment-medium size-medium\" alt=\"Mujer fumando un cigarrillo.\" \/>\t\t\t\t\t<\/a>\n\t\t\t\t\t\t\t\t\t<\/div>\n\t\t\t\t\t\t<h4 class=\"uagb-post__title uagb-post__text\">\n\t\t\t\t<a href=\"https:\/\/agencia.unq.edu.ar\/?p=35761\" target=\"_self\" rel=\"bookmark noopener noreferrer\">Hacia una generaci\u00f3n libre de humo: Reino Unido proh\u00edbe el tabaco a los nacidos a partir de 2009\u00a0<\/a>\n\t\t\t<\/h4>\n\t\t\t\t\t\t<div class='uagb-post__text uagb-post-grid-byline'>\n\t\t\t\t\t\t\t<\/div>\n\t\t\t\n\t\t\t\t\t\t\t\t\t<\/article>\n\t\t\t\t\t\t\t\t\t\t\t\t\t\t\t\t<article class=\"uagb-post__inner-wrap\">\t\t\t\t\t\t\t\t<div class='uagb-post__image'>\n\t\t\t\t\t\t\t\t\t<a href=\"https:\/\/agencia.unq.edu.ar\/?p=35734\" target=\"_self\" rel=\"bookmark noopener noreferrer\"><img loading=\"lazy\" decoding=\"async\" width=\"960\" height=\"388\" src=\"https:\/\/agencia.unq.edu.ar\/wp-content\/uploads\/2026\/04\/Homepatia-principal.jpg\" class=\"attachment-medium size-medium\" alt=\"El informe espa\u00f1ol revive la pol\u00e9mica respecto de la homeopat\u00eda (imagen: todoorl.net)\" \/>\t\t\t\t\t<\/a>\n\t\t\t\t\t\t\t\t\t<\/div>\n\t\t\t\t\t\t<h4 class=\"uagb-post__title uagb-post__text\">\n\t\t\t\t<a href=\"https:\/\/agencia.unq.edu.ar\/?p=35734\" target=\"_self\" rel=\"bookmark noopener noreferrer\">Homeopat\u00eda bajo la lupa: un informe en Espa\u00f1a descarta su eficacia y reabre el debate<\/a>\n\t\t\t<\/h4>\n\t\t\t\t\t\t<div class='uagb-post__text uagb-post-grid-byline'>\n\t\t\t\t\t\t\t<\/div>\n\t\t\t\n\t\t\t\t\t\t\t\t\t<\/article>\n\t\t\t\t\t\t\t\t\t\t\t\t\t\t\t\t<article class=\"uagb-post__inner-wrap\">\t\t\t\t\t\t\t\t<div class='uagb-post__image'>\n\t\t\t\t\t\t\t\t\t<a href=\"https:\/\/agencia.unq.edu.ar\/?p=35668\" target=\"_self\" rel=\"bookmark noopener noreferrer\"><img loading=\"lazy\" decoding=\"async\" width=\"960\" height=\"388\" src=\"https:\/\/agencia.unq.edu.ar\/wp-content\/uploads\/2026\/04\/Higado-graso.jpg\" class=\"attachment-medium size-medium\" alt=\"Cr\u00e9ditos: Actualidad m\u00e9dica.\" \/>\t\t\t\t\t<\/a>\n\t\t\t\t\t\t\t\t\t<\/div>\n\t\t\t\t\t\t<h4 class=\"uagb-post__title uagb-post__text\">\n\t\t\t\t<a href=\"https:\/\/agencia.unq.edu.ar\/?p=35668\" target=\"_self\" rel=\"bookmark noopener noreferrer\">H\u00edgado graso no alcoh\u00f3lico: el problema silencioso que desaf\u00eda a la salud p\u00fablica<\/a>\n\t\t\t<\/h4>\n\t\t\t\t\t\t<div class='uagb-post__text uagb-post-grid-byline'>\n\t\t\t\t\t\t\t<\/div>\n\t\t\t\n\t\t\t\t\t\t\t\t\t<\/article>\n\t\t\t\t\t\t\t\t\t\t\t\t\t\t\t\t<article class=\"uagb-post__inner-wrap\">\t\t\t\t\t\t\t\t<div class='uagb-post__image'>\n\t\t\t\t\t\t\t\t\t<a href=\"https:\/\/agencia.unq.edu.ar\/?p=35610\" target=\"_self\" rel=\"bookmark noopener noreferrer\"><img loading=\"lazy\" decoding=\"async\" width=\"960\" height=\"388\" src=\"https:\/\/agencia.unq.edu.ar\/wp-content\/uploads\/2026\/04\/iPiccy-img-5.jpg\" class=\"attachment-medium size-medium\" alt=\"Cr\u00e9ditos: Osten Clinic.\" \/>\t\t\t\t\t<\/a>\n\t\t\t\t\t\t\t\t\t<\/div>\n\t\t\t\t\t\t<h4 class=\"uagb-post__title uagb-post__text\">\n\t\t\t\t<a href=\"https:\/\/agencia.unq.edu.ar\/?p=35610\" target=\"_self\" rel=\"bookmark noopener noreferrer\">Un estudio sugiere que la contaminaci\u00f3n atmosf\u00e9rica puede aumentar las crisis de migra\u00f1a<\/a>\n\t\t\t<\/h4>\n\t\t\t\t\t\t<div class='uagb-post__text uagb-post-grid-byline'>\n\t\t\t\t\t\t\t<\/div>\n\t\t\t\n\t\t\t\t\t\t\t\t\t<\/article>\n\t\t\t\t\t\t\t\t\t\t\t\t\t\t\t\t<article class=\"uagb-post__inner-wrap\">\t\t\t\t\t\t\t\t<div class='uagb-post__image'>\n\t\t\t\t\t\t\t\t\t<a href=\"https:\/\/agencia.unq.edu.ar\/?p=35611\" target=\"_self\" rel=\"bookmark noopener noreferrer\"><img loading=\"lazy\" decoding=\"async\" width=\"960\" height=\"388\" src=\"https:\/\/agencia.unq.edu.ar\/wp-content\/uploads\/2026\/04\/soledad-y-corazon.jpg\" class=\"attachment-medium size-medium\" alt=\"\" \/>\t\t\t\t\t<\/a>\n\t\t\t\t\t\t\t\t\t<\/div>\n\t\t\t\t\t\t<h4 class=\"uagb-post__title uagb-post__text\">\n\t\t\t\t<a href=\"https:\/\/agencia.unq.edu.ar\/?p=35611\" target=\"_self\" rel=\"bookmark noopener noreferrer\">La soledad puede aumentar el riesgo de enfermedades del coraz\u00f3n<\/a>\n\t\t\t<\/h4>\n\t\t\t\t\t\t<div class='uagb-post__text uagb-post-grid-byline'>\n\t\t\t\t\t\t\t<\/div>\n\t\t\t\n\t\t\t\t\t\t\t\t\t<\/article>\n\t\t\t\t\t\t\t\t\t\t\t\t\t\t\t\t<article class=\"uagb-post__inner-wrap\">\t\t\t\t\t\t\t\t<div class='uagb-post__image'>\n\t\t\t\t\t\t\t\t\t<a href=\"https:\/\/agencia.unq.edu.ar\/?p=35399\" target=\"_self\" rel=\"bookmark noopener noreferrer\"><img loading=\"lazy\" decoding=\"async\" width=\"504\" height=\"204\" src=\"https:\/\/agencia.unq.edu.ar\/wp-content\/uploads\/2026\/04\/2026-04-07-jarne.jpg\" class=\"attachment-medium size-medium\" alt=\"La investigadora Cecilia Jarne del Departamento de Ciencia y Tecnolog\u00eda de la Universidad Nacional de Quilmes\" \/>\t\t\t\t\t<\/a>\n\t\t\t\t\t\t\t\t\t<\/div>\n\t\t\t\t\t\t<h4 class=\"uagb-post__title uagb-post__text\">\n\t\t\t\t<a href=\"https:\/\/agencia.unq.edu.ar\/?p=35399\" target=\"_self\" rel=\"bookmark noopener noreferrer\">Cient\u00edfica de la UNQ revela c\u00f3mo el entorno influye en el envejecimiento cerebral<\/a>\n\t\t\t<\/h4>\n\t\t\t\t\t\t<div class='uagb-post__text uagb-post-grid-byline'>\n\t\t\t\t\t\t\t<\/div>\n\t\t\t\n\t\t\t\t\t\t\t\t\t<\/article>\n\t\t\t\t\t\t\t\t\t\t\t<\/div>\n\t\t\t<\/div>\n","protected":false},"excerpt":{"rendered":"<p>Pacientes y familias cuentan en primera persona la atenci\u00f3n que recibieron en el hospital pedi\u00e1trico m\u00e1s importante del pa\u00eds.<\/p>\n","protected":false},"author":4,"featured_media":29576,"comment_status":"open","ping_status":"closed","sticky":false,"template":"","format":"standard","meta":{"_uag_custom_page_level_css":"","_monsterinsights_skip_tracking":false,"_monsterinsights_sitenote_active":false,"_monsterinsights_sitenote_note":"","_monsterinsights_sitenote_category":0,"site-sidebar-layout":"default","site-content-layout":"","ast-site-content-layout":"default","site-content-style":"default","site-sidebar-style":"default","ast-global-header-display":"","ast-banner-title-visibility":"","ast-main-header-display":"","ast-hfb-above-header-display":"","ast-hfb-below-header-display":"","ast-hfb-mobile-header-display":"","site-post-title":"","ast-breadcrumbs-content":"","ast-featured-img":"","footer-sml-layout":"","ast-disable-related-posts":"","theme-transparent-header-meta":"","adv-header-id-meta":"","stick-header-meta":"","header-above-stick-meta":"","header-main-stick-meta":"","header-below-stick-meta":"","astra-migrate-meta-layouts":"default","ast-page-background-enabled":"default","ast-page-background-meta":{"desktop":{"background-color":"var(--ast-global-color-4)","background-image":"","background-repeat":"repeat","background-position":"center center","background-size":"auto","background-attachment":"scroll","background-type":"","background-media":"","overlay-type":"","overlay-color":"","overlay-opacity":"","overlay-gradient":""},"tablet":{"background-color":"","background-image":"","background-repeat":"repeat","background-position":"center center","background-size":"auto","background-attachment":"scroll","background-type":"","background-media":"","overlay-type":"","overlay-color":"","overlay-opacity":"","overlay-gradient":""},"mobile":{"background-color":"","background-image":"","background-repeat":"repeat","background-position":"center center","background-size":"auto","background-attachment":"scroll","background-type":"","background-media":"","overlay-type":"","overlay-color":"","overlay-opacity":"","overlay-gradient":""}},"ast-content-background-meta":{"desktop":{"background-color":"var(--ast-global-color-5)","background-image":"","background-repeat":"repeat","background-position":"center center","background-size":"auto","background-attachment":"scroll","background-type":"","background-media":"","overlay-type":"","overlay-color":"","overlay-opacity":"","overlay-gradient":""},"tablet":{"background-color":"var(--ast-global-color-5)","background-image":"","background-repeat":"repeat","background-position":"center center","background-size":"auto","background-attachment":"scroll","background-type":"","background-media":"","overlay-type":"","overlay-color":"","overlay-opacity":"","overlay-gradient":""},"mobile":{"background-color":"var(--ast-global-color-5)","background-image":"","background-repeat":"repeat","background-position":"center center","background-size":"auto","background-attachment":"scroll","background-type":"","background-media":"","overlay-type":"","overlay-color":"","overlay-opacity":"","overlay-gradient":""}},"footnotes":""},"categories":[16,9],"tags":[],"class_list":["post-29545","post","type-post","status-publish","format-standard","has-post-thumbnail","hentry","category-noticia-destacada","category-salud"],"aioseo_notices":[],"uagb_featured_image_src":{"full":["https:\/\/agencia.unq.edu.ar\/wp-content\/uploads\/2025\/06\/Garrahan.jpg",1040,420,false],"thumbnail":["https:\/\/agencia.unq.edu.ar\/wp-content\/uploads\/2025\/06\/Garrahan.jpg",150,61,false],"medium":["https:\/\/agencia.unq.edu.ar\/wp-content\/uploads\/2025\/06\/Garrahan.jpg",960,388,false],"medium_large":["https:\/\/agencia.unq.edu.ar\/wp-content\/uploads\/2025\/06\/Garrahan.jpg",768,310,false],"large":["https:\/\/agencia.unq.edu.ar\/wp-content\/uploads\/2025\/06\/Garrahan.jpg",1040,420,false],"1536x1536":["https:\/\/agencia.unq.edu.ar\/wp-content\/uploads\/2025\/06\/Garrahan.jpg",1040,420,false],"2048x2048":["https:\/\/agencia.unq.edu.ar\/wp-content\/uploads\/2025\/06\/Garrahan.jpg",1040,420,false]},"uagb_author_info":{"display_name":"Luciana Mazzini Puga","author_link":"https:\/\/agencia.unq.edu.ar\/?author=4"},"uagb_comment_info":0,"uagb_excerpt":"Pacientes y familias cuentan en primera persona la atenci\u00f3n que recibieron en el hospital pedi\u00e1trico m\u00e1s importante del pa\u00eds.","blog_post_layout_featured_media_urls":{"thumbnail":["https:\/\/agencia.unq.edu.ar\/wp-content\/uploads\/2025\/06\/Garrahan.jpg",150,61,false],"full":["https:\/\/agencia.unq.edu.ar\/wp-content\/uploads\/2025\/06\/Garrahan.jpg",1040,420,false]},"categories_names":{"16":{"name":"Noticia destacada","link":"https:\/\/agencia.unq.edu.ar\/?cat=16"},"9":{"name":"Salud","link":"https:\/\/agencia.unq.edu.ar\/?cat=9"}},"tags_names":[],"comments_number":"0","_links":{"self":[{"href":"https:\/\/agencia.unq.edu.ar\/index.php?rest_route=\/wp\/v2\/posts\/29545","targetHints":{"allow":["GET"]}}],"collection":[{"href":"https:\/\/agencia.unq.edu.ar\/index.php?rest_route=\/wp\/v2\/posts"}],"about":[{"href":"https:\/\/agencia.unq.edu.ar\/index.php?rest_route=\/wp\/v2\/types\/post"}],"author":[{"embeddable":true,"href":"https:\/\/agencia.unq.edu.ar\/index.php?rest_route=\/wp\/v2\/users\/4"}],"replies":[{"embeddable":true,"href":"https:\/\/agencia.unq.edu.ar\/index.php?rest_route=%2Fwp%2Fv2%2Fcomments&post=29545"}],"version-history":[{"count":9,"href":"https:\/\/agencia.unq.edu.ar\/index.php?rest_route=\/wp\/v2\/posts\/29545\/revisions"}],"predecessor-version":[{"id":29693,"href":"https:\/\/agencia.unq.edu.ar\/index.php?rest_route=\/wp\/v2\/posts\/29545\/revisions\/29693"}],"wp:featuredmedia":[{"embeddable":true,"href":"https:\/\/agencia.unq.edu.ar\/index.php?rest_route=\/wp\/v2\/media\/29576"}],"wp:attachment":[{"href":"https:\/\/agencia.unq.edu.ar\/index.php?rest_route=%2Fwp%2Fv2%2Fmedia&parent=29545"}],"wp:term":[{"taxonomy":"category","embeddable":true,"href":"https:\/\/agencia.unq.edu.ar\/index.php?rest_route=%2Fwp%2Fv2%2Fcategories&post=29545"},{"taxonomy":"post_tag","embeddable":true,"href":"https:\/\/agencia.unq.edu.ar\/index.php?rest_route=%2Fwp%2Fv2%2Ftags&post=29545"}],"curies":[{"name":"wp","href":"https:\/\/api.w.org\/{rel}","templated":true}]}}