{"id":29649,"date":"2025-06-27T17:52:26","date_gmt":"2025-06-27T20:52:26","guid":{"rendered":"https:\/\/agencia.unq.edu.ar\/?p=29649"},"modified":"2025-06-30T16:47:24","modified_gmt":"2025-06-30T19:47:24","slug":"el-inti-bajo-amenaza-que-sucede-si-se-centraliza-el-organismo","status":"publish","type":"post","link":"https:\/\/agencia.unq.edu.ar\/?p=29649","title":{"rendered":"El INTI bajo amenaza: \u00bfqu\u00e9 sucede si se centraliza el organismo?"},"content":{"rendered":"\n<p class=\"wp-embed-aspect-16-9 wp-has-aspect-ratio has-medium-font-size\" id=\"block-e7a9ff36-ee0c-4796-9d2e-1fd69773da3a\">\u201cNo es s\u00f3lo la destrucci\u00f3n del Instituto Nacional de Tecnolog\u00eda Industrial, sino la destrucci\u00f3n de un modelo de pa\u00eds\u201d, dice el trabajador Mat\u00edas Parra.<\/p>\n\n\n\n<figure class=\"wp-block-image aligncenter size-full\" id=\"block-c3ee2a7f-4bf9-43dd-a0f6-8acc1087bdbe\"><img loading=\"lazy\" decoding=\"async\" width=\"1040\" height=\"420\" src=\"https:\/\/agencia.unq.edu.ar\/wp-content\/uploads\/2025\/06\/INTI.jpg\" alt=\"Cr\u00e9ditos: Infobae.\" class=\"wp-image-29650\"\/><figcaption class=\"wp-element-caption\">Cr\u00e9ditos: Infobae.<\/figcaption><\/figure>\n\n\n\n<p class=\"wp-embed-aspect-16-9 wp-has-aspect-ratio\" id=\"block-792ca364-1b8e-4135-8180-b4418ab97e95\">De manera reciente, los trabajadores del Instituto Nacional de Tecnolog\u00eda Industrial (INTI) denunciaron que la Secretar\u00eda de Industria y Comercio confirm\u00f3 la centralizaci\u00f3n y desguace del organismo a trav\u00e9s de un decreto que se publicar\u00eda de manera inminente. En este marco, los trabajadores realizaron protestas y cerca de 3.000 actores del \u00e1mbito industrial, acad\u00e9mico, cient\u00edfico, tecnol\u00f3gico e independientes de todo el pa\u00eds expresaron el respaldo al INTI. La centralizaci\u00f3n consiste, entre otras cosas, en quitarle la autonom\u00eda econ\u00f3mica al organismo, que pase a funcionar bajo la \u00f3rbita del poder Ejecutivo y la remoci\u00f3n de su car\u00e1cter federal, es decir que las oficinas distribuidas por todo el pa\u00eds sean eliminadas o pasen a manos de los gobiernos provinciales.<\/p>\n\n\n\n<p>El Instituto Nacional de Tecnolog\u00eda Industrial naci\u00f3 en 1957 y es el referente del Estado Nacional en materia de tecnolog\u00eda industrial y metrolog\u00eda. Su trabajo es <strong>contribuir al desarrollo de la industria a trav\u00e9s de la generaci\u00f3n y la transferencia de tecnolog\u00eda, la certificaci\u00f3n de procesos, productos y personas<\/strong>,<strong> y el aseguramiento de la calidad de los bienes y servicios producidos en todo el pa\u00eds.<\/strong><\/p>\n\n\n\n<figure class=\"wp-block-embed is-type-rich is-provider-twitter wp-block-embed-twitter\"><div class=\"wp-block-embed__wrapper\">\n<blockquote class=\"twitter-tweet\" data-width=\"500\" data-dnt=\"true\"><p lang=\"es\" dir=\"ltr\">\ud83d\udccc Fuerte respaldo del sector privado para evitar la centralizaci\u00f3n del INTI<br><br>Cerca de 3000 actores del \u00e1mbito industrial, cient\u00edfico y tecnol\u00f3gico expresaron su preocupaci\u00f3n sobre el riesgo que implica que el <a href=\"https:\/\/twitter.com\/hashtag\/INTI?src=hash&amp;ref_src=twsrc%5Etfw\">#INTI<\/a> pierda su car\u00e1cter descentralizado y federal. \ud83d\udc47  <a href=\"https:\/\/twitter.com\/hashtag\/UnidadCyT?src=hash&amp;ref_src=twsrc%5Etfw\">#UnidadCyT<\/a> <a href=\"https:\/\/t.co\/B5lFvNvuW4\">pic.twitter.com\/B5lFvNvuW4<\/a><\/p>&mdash; MesaFederalxCyT (@mesa_cytec) <a href=\"https:\/\/twitter.com\/mesa_cytec\/status\/1938265264203989498?ref_src=twsrc%5Etfw\">June 26, 2025<\/a><\/blockquote><script async src=\"https:\/\/platform.twitter.com\/widgets.js\" charset=\"utf-8\"><\/script>\n<\/div><\/figure>\n\n\n\n<p>\u201cEl INTI es un organismo que tiene la posibilidad de crear aut\u00f3nomamente centros de investigaci\u00f3n a trav\u00e9s de asociaciones p\u00fablico-privada con empresas que est\u00e9n interesadas en investigar alguna tecnolog\u00eda que les pueda servir, como centros de celulosa, de electr\u00f3nica, de qu\u00edmica. Seg\u00fan lo que dice el gobierno,<strong> el decreto no anular\u00eda la posibilidad de que el INTI cree esos centros, pero s\u00ed cancelar\u00eda la vinculaci\u00f3n con privados. <\/strong>Esa asociaci\u00f3n es central en la funci\u00f3n del Instituto para asistir a las industrias\u201d, explica <strong>Mat\u00edas Parra<\/strong>, trabajador de la direcci\u00f3n t\u00e9cnica de Gesti\u00f3n de la Innovaci\u00f3n del INTI, a la <a href=\"https:\/\/agencia.unq.edu.ar\/\" target=\"_blank\" rel=\"noopener\" title=\"\">Agencia de Noticias Cient\u00edficas de la UNQ.<\/a><\/p>\n\n\n\n<p>Hasta el momento, el Instituto posee m\u00e1s de cincuenta centros repartidos en el pa\u00eds dedicados a incentivar la industria local y nacional. Adem\u00e1s, <strong>el decreto sacar\u00eda el car\u00e1cter de instituto del INTI y lo convertir\u00eda en una direcci\u00f3n dentro de la Secretar\u00eda de Industria y Comercio, dependiente del Ministerio de Econom\u00eda<\/strong>. \u201cEsto llevar\u00eda a los trabajadores del convenio trabajo del INTI al Sistema Nacional de Empleo P\u00fablico. All\u00ed<strong> la forma de contrataci\u00f3n de los profesionales, t\u00e9cnicos y auxiliares es m\u00e1s precaria y ser\u00eda mucho m\u00e1s f\u00e1cil despedirlos<\/strong>, como ha sucedido en muchos de los organismos y ministerios del Estado hasta hoy en d\u00eda\u201d, afirma el gestor tecnol\u00f3gico.<\/p>\n\n\n\n<p>La situaci\u00f3n del INTI es abrumadora desde hace tiempo, y ahora se le suma su vaciamiento. En t\u00e9rminos de Parra, <strong>el Instituto ya perdi\u00f3 m\u00e1s del 30 por ciento de sus trabajadores a trav\u00e9s de retiros voluntarios y mediante otras maniobras: \u201cHace un a\u00f1o que el INTI no tiene objetivos nuevos,<\/strong> eso es desgranarlo de a poco hasta vaciarlo\u201d, enfatiza.<\/p>\n\n\n\n<h2 class=\"wp-block-heading\">\u00bfY la industria nacional?<\/h2>\n\n\n\n<p>\u201cEl modelo afecta a una instituci\u00f3n p\u00fablica dedicada al desarrollo industrial nacional. <strong>No hay una pol\u00edtica que incentive ni al mercado interno ni al mercado de exportaci\u00f3n para empresas medianas y chicas. As\u00ed ya cayeron 16 mil pymes<\/strong> y el INTI, que es el organismo encargado de asistirlas, est\u00e1 siendo desguazado\u201d, dice Parra ante la <a href=\"https:\/\/agencia.unq.edu.ar\/\" target=\"_blank\" rel=\"noopener\" title=\"\">Agencia<\/a>.<\/p>\n\n\n\n<p>Seg\u00fan detalla, <strong>el vaciamiento del INTI no s\u00f3lo afectar\u00eda a la industria sino tambi\u00e9n a la poblaci\u00f3n puesto que su seguridad y salud podr\u00edan estar en riesgo<\/strong>. As\u00ed lo explica: \u201cEl Instituto se encarga de la certificaci\u00f3n de la seguridad de los productos que se usan en la industria. Por ejemplo, si una pila viene de afuera, no est\u00e1 certificada y a alguien se le explota en la mano, va a contaminar\u201d.<\/p>\n\n\n\n<p>\u201cLos centros del INTI ubicados en Rafaela se encargan de la red l\u00e1ctea. <strong>Si se destruye toda esa cadena de producci\u00f3n de la leche, no va a tener los controles que debe tener ni tampoco las pr\u00e1cticas adecuadas para generar ese producto<\/strong>. De esta manera, es m\u00e1s probable que se propaguen enfermedades o problemas de salud\u201d, ejemplifica el licenciado en Sociolog\u00eda especializado en Ciencia y Tecnolog\u00eda.<\/p>\n\n\n\n<p class=\"wp-embed-aspect-16-9 wp-has-aspect-ratio\" id=\"block-792ca364-1b8e-4135-8180-b4418ab97e95\">Por su parte, <strong>el ministro de Desregulaci\u00f3n y Transformaci\u00f3n Federico Sturzenegger ignora la cantidad de puestos de trabajo en juego y <\/strong>la importancia de las actividades del INTI para la industria y la vida de las personas, a la vez que festeja este decreto en X, la red social donde hacen pol\u00edtica.<\/p>\n\n\n\n<figure class=\"wp-block-embed is-type-rich is-provider-twitter wp-block-embed-twitter\"><div class=\"wp-block-embed__wrapper\">\n<blockquote class=\"twitter-tweet\" data-width=\"500\" data-dnt=\"true\"><p lang=\"es\" dir=\"ltr\">\u00a1CHAU INTI OBLIGATORIO! Hace unos meses me viene a ver mi colaborador <a href=\"https:\/\/twitter.com\/sebaeinstoss?ref_src=twsrc%5Etfw\">@sebaeinstoss<\/a> sugiriendo, por comentarios recibidos en Report\u00e1 la Burocracia, un decreto delegado para cambiar la ley 26.184 de N\u00e9stor Kirchner que impon\u00eda la obligatoriedad de un certificado del INTI\u2026 <a href=\"https:\/\/t.co\/4V7Kl6bcUu\">pic.twitter.com\/4V7Kl6bcUu<\/a><\/p>&mdash; Fede Sturzenegger (@fedesturze) <a href=\"https:\/\/twitter.com\/fedesturze\/status\/1938233409060458907?ref_src=twsrc%5Etfw\">June 26, 2025<\/a><\/blockquote><script async src=\"https:\/\/platform.twitter.com\/widgets.js\" charset=\"utf-8\"><\/script>\n<\/div><\/figure>\n\n\n\n<p>As\u00ed, el vaciamiento y la centralizaci\u00f3n del INTI se suma a las tantas luchas que se est\u00e1n dando en paralelo en el pa\u00eds contra las pol\u00edticas del gobierno y en defensa de la producci\u00f3n de conocimiento, de la industria, de la salud, y de la soberan\u00eda nacional. Se encuentran, por ejemplo, las del Instituto Nacional de Tecnolog\u00eda Agropecuaria (INTA), las universidades, el sistema cient\u00edfico y tecnol\u00f3gico, el Instituto Nacional del Agua, el Hospital Garrahan y los jubilados. Luchas separadas que, poco a poco, se enfilan para formar una sola.<\/p>\n\n\n\n<div class=\"wp-block-uagb-container uagb-block-dd9b3044 alignwide uagb-is-root-container\">\n<div class=\"wp-block-uagb-advanced-heading uagb-block-3482af2f\"><h4 class=\"uagb-heading-text\">\u00daltimas noticias de la secci\u00f3n Pol\u00edtica:<\/h4><\/div>\n\n\n\n\t\t\t<div class=\"wp-block-uagb-post-carousel uagb-post-grid  uagb-post__image-position-top uagb-post__image-enabled uagb-block-c0e21101     uagb-post__arrow-outside uagb-slick-carousel uagb-post__items uagb-post__columns-3 is-carousel uagb-post__columns-tablet-2 uagb-post__columns-mobile-1\" data-total=\"31\" style=\"\">\n\n\t\t\t\t\t\t\t\t\t\t\t\t<article class=\"uagb-post__inner-wrap\">\t\t\t\t\t\t\t\t<div class='uagb-post__image'>\n\t\t\t\t\t\t\t\t\t<a href=\"https:\/\/agencia.unq.edu.ar\/?p=35850\" target=\"_self\" rel=\"bookmark noopener noreferrer\"><img loading=\"lazy\" decoding=\"async\" width=\"960\" height=\"388\" src=\"https:\/\/agencia.unq.edu.ar\/wp-content\/uploads\/2026\/04\/carta-abierta-clarin.jpg\" class=\"attachment-medium size-medium\" alt=\"Horacio Gonz\u00e1lez en una charla de Carta Abierta, en la Facultad de filosof\u00eda y letras.\" \/>\t\t\t\t\t<\/a>\n\t\t\t\t\t\t\t\t\t<\/div>\n\t\t\t\t\t\t<h4 class=\"uagb-post__title uagb-post__text\">\n\t\t\t\t<a href=\"https:\/\/agencia.unq.edu.ar\/?p=35850\" target=\"_self\" rel=\"bookmark noopener noreferrer\">\u201cDebate p\u00fablico en Argentina\u201d: el libro que recupera la experiencia de Carta Abierta<\/a>\n\t\t\t<\/h4>\n\t\t\t\t\t\t<div class='uagb-post__text uagb-post-grid-byline'>\n\t\t\t\t\t\t\t<\/div>\n\t\t\t\n\t\t\t\t\t\t\t\t\t<\/article>\n\t\t\t\t\t\t\t\t\t\t\t\t\t\t\t\t<article class=\"uagb-post__inner-wrap\">\t\t\t\t\t\t\t\t<div class='uagb-post__image'>\n\t\t\t\t\t\t\t\t\t<a href=\"https:\/\/agencia.unq.edu.ar\/?p=35830\" target=\"_self\" rel=\"bookmark noopener noreferrer\"><img loading=\"lazy\" decoding=\"async\" width=\"960\" height=\"388\" src=\"https:\/\/agencia.unq.edu.ar\/wp-content\/uploads\/2026\/04\/Javier-Milei-Peter-Thiel.jpg\" class=\"attachment-medium size-medium\" alt=\"Javier Milei junto a Peter Lamelas, embajador de EE.UU. en Argentina y Peter Thiel, fundador de Palantir. Cr\u00e9ditos: @OPRArgentina.\" \/>\t\t\t\t\t<\/a>\n\t\t\t\t\t\t\t\t\t<\/div>\n\t\t\t\t\t\t<h4 class=\"uagb-post__title uagb-post__text\">\n\t\t\t\t<a href=\"https:\/\/agencia.unq.edu.ar\/?p=35830\" target=\"_self\" rel=\"bookmark noopener noreferrer\">Palantir y Peter Thiel: \u00bfse acerca el tecnofascismo a la Argentina?<\/a>\n\t\t\t<\/h4>\n\t\t\t\t\t\t<div class='uagb-post__text uagb-post-grid-byline'>\n\t\t\t\t\t\t\t<\/div>\n\t\t\t\n\t\t\t\t\t\t\t\t\t<\/article>\n\t\t\t\t\t\t\t\t\t\t\t\t\t\t\t\t<article class=\"uagb-post__inner-wrap\">\t\t\t\t\t\t\t\t<div class='uagb-post__image'>\n\t\t\t\t\t\t\t\t\t<a href=\"https:\/\/agencia.unq.edu.ar\/?p=35757\" target=\"_self\" rel=\"bookmark noopener noreferrer\"><img loading=\"lazy\" decoding=\"async\" width=\"960\" height=\"388\" src=\"https:\/\/agencia.unq.edu.ar\/wp-content\/uploads\/2026\/04\/Marcha-universitaria-vista-general.jpg\" class=\"attachment-medium size-medium\" alt=\"Imagen panor\u00e1mica de la \u00faltima Marcha Federal. Cr\u00e9ditos: @vyp.drone.\" \/>\t\t\t\t\t<\/a>\n\t\t\t\t\t\t\t\t\t<\/div>\n\t\t\t\t\t\t<h4 class=\"uagb-post__title uagb-post__text\">\n\t\t\t\t<a href=\"https:\/\/agencia.unq.edu.ar\/?p=35757\" target=\"_self\" rel=\"bookmark noopener noreferrer\">Hasta que se cumpla: la comunidad universitaria realizar\u00e1 una nueva Marcha Federal<\/a>\n\t\t\t<\/h4>\n\t\t\t\t\t\t<div class='uagb-post__text uagb-post-grid-byline'>\n\t\t\t\t\t\t\t<\/div>\n\t\t\t\n\t\t\t\t\t\t\t\t\t<\/article>\n\t\t\t\t\t\t\t\t\t\t\t\t\t\t\t\t<article class=\"uagb-post__inner-wrap\">\t\t\t\t\t\t\t\t<div class='uagb-post__image'>\n\t\t\t\t\t\t\t\t\t<a href=\"https:\/\/agencia.unq.edu.ar\/?p=35638\" target=\"_self\" rel=\"bookmark noopener noreferrer\"><img loading=\"lazy\" decoding=\"async\" width=\"960\" height=\"388\" src=\"https:\/\/agencia.unq.edu.ar\/wp-content\/uploads\/2026\/04\/Roberto-Abdala-Al-borde-del-precipicio.jpg\" class=\"attachment-medium size-medium\" alt=\"Roberto Abdala en Al borde del precicipcio. Cr\u00e9ditos: Captura UNQ TV.\" \/>\t\t\t\t\t<\/a>\n\t\t\t\t\t\t\t\t\t<\/div>\n\t\t\t\t\t\t<h4 class=\"uagb-post__title uagb-post__text\">\n\t\t\t\t<a href=\"https:\/\/agencia.unq.edu.ar\/?p=35638\" target=\"_self\" rel=\"bookmark noopener noreferrer\">Roberto Abdala: \u201cSin presupuesto es muy dif\u00edcil pensar y so\u00f1ar una escuela distinta\u201d<\/a>\n\t\t\t<\/h4>\n\t\t\t\t\t\t<div class='uagb-post__text uagb-post-grid-byline'>\n\t\t\t\t\t\t\t<\/div>\n\t\t\t\n\t\t\t\t\t\t\t\t\t<\/article>\n\t\t\t\t\t\t\t\t\t\t\t\t\t\t\t\t<article class=\"uagb-post__inner-wrap\">\t\t\t\t\t\t\t\t<div class='uagb-post__image'>\n\t\t\t\t\t\t\t\t\t<a href=\"https:\/\/agencia.unq.edu.ar\/?p=35583\" target=\"_self\" rel=\"bookmark noopener noreferrer\"><img loading=\"lazy\" decoding=\"async\" width=\"960\" height=\"388\" src=\"https:\/\/agencia.unq.edu.ar\/wp-content\/uploads\/2024\/06\/INTI-despidos.jpg\" class=\"attachment-medium size-medium\" alt=\"Protesta realizada por los trabajadores del INTI contra los despidos. Cr\u00e9ditos: ATE-INTI.\" \/>\t\t\t\t\t<\/a>\n\t\t\t\t\t\t\t\t\t<\/div>\n\t\t\t\t\t\t<h4 class=\"uagb-post__title uagb-post__text\">\n\t\t\t\t<a href=\"https:\/\/agencia.unq.edu.ar\/?p=35583\" target=\"_self\" rel=\"bookmark noopener noreferrer\">El gobierno quiere quitarle m\u00e1s funciones al INTI y despedir 700 trabajadores<\/a>\n\t\t\t<\/h4>\n\t\t\t\t\t\t<div class='uagb-post__text uagb-post-grid-byline'>\n\t\t\t\t\t\t\t<\/div>\n\t\t\t\n\t\t\t\t\t\t\t\t\t<\/article>\n\t\t\t\t\t\t\t\t\t\t\t\t\t\t\t\t<article class=\"uagb-post__inner-wrap\">\t\t\t\t\t\t\t\t<div class='uagb-post__image'>\n\t\t\t\t\t\t\t\t\t<a href=\"https:\/\/agencia.unq.edu.ar\/?p=35568\" target=\"_self\" rel=\"bookmark noopener noreferrer\"><img loading=\"lazy\" decoding=\"async\" width=\"960\" height=\"388\" src=\"https:\/\/agencia.unq.edu.ar\/wp-content\/uploads\/2026\/04\/unsplash.jpg\" class=\"attachment-medium size-medium\" alt=\"Sin botiquines completos, crecen las dificultades para sostener controles, prevenir cuadros graves y evitar derivaciones. Cr\u00e9ditos: Unplash.\" \/>\t\t\t\t\t<\/a>\n\t\t\t\t\t\t\t\t\t<\/div>\n\t\t\t\t\t\t<h4 class=\"uagb-post__title uagb-post__text\">\n\t\t\t\t<a href=\"https:\/\/agencia.unq.edu.ar\/?p=35568\" target=\"_self\" rel=\"bookmark noopener noreferrer\">Golpe a la salud p\u00fablica: \u00bfc\u00f3mo impacta la baja del Programa Remediar que dispuso el gobierno?<\/a>\n\t\t\t<\/h4>\n\t\t\t\t\t\t<div class='uagb-post__text uagb-post-grid-byline'>\n\t\t\t\t\t\t\t<\/div>\n\t\t\t\n\t\t\t\t\t\t\t\t\t<\/article>\n\t\t\t\t\t\t\t\t\t\t\t\t\t\t\t\t<article class=\"uagb-post__inner-wrap\">\t\t\t\t\t\t\t\t<div class='uagb-post__image'>\n\t\t\t\t\t\t\t\t\t<a href=\"https:\/\/agencia.unq.edu.ar\/?p=35529\" target=\"_self\" rel=\"bookmark noopener noreferrer\"><img loading=\"lazy\" decoding=\"async\" width=\"960\" height=\"388\" src=\"https:\/\/agencia.unq.edu.ar\/wp-content\/uploads\/2026\/04\/educacion-IA.jpg\" class=\"attachment-medium size-medium\" alt=\"El nuevo Observatorio regional apunta a transformar sistemas educativos con evidencia y escala. Cr\u00e9dito: Istock.\" \/>\t\t\t\t\t<\/a>\n\t\t\t\t\t\t\t\t\t<\/div>\n\t\t\t\t\t\t<h4 class=\"uagb-post__title uagb-post__text\">\n\t\t\t\t<a href=\"https:\/\/agencia.unq.edu.ar\/?p=35529\" target=\"_self\" rel=\"bookmark noopener noreferrer\">La UNESCO lanz\u00f3 un Observatorio regional para integrar la IA en la educaci\u00f3n<\/a>\n\t\t\t<\/h4>\n\t\t\t\t\t\t<div class='uagb-post__text uagb-post-grid-byline'>\n\t\t\t\t\t\t\t<\/div>\n\t\t\t\n\t\t\t\t\t\t\t\t\t<\/article>\n\t\t\t\t\t\t\t\t\t\t\t\t\t\t\t\t<article class=\"uagb-post__inner-wrap\">\t\t\t\t\t\t\t\t<div class='uagb-post__image'>\n\t\t\t\t\t\t\t\t\t<a href=\"https:\/\/agencia.unq.edu.ar\/?p=35512\" target=\"_self\" rel=\"bookmark noopener noreferrer\"><img loading=\"lazy\" decoding=\"async\" width=\"960\" height=\"388\" src=\"https:\/\/agencia.unq.edu.ar\/wp-content\/uploads\/2026\/04\/Emmanuel-Macron.jpg\" class=\"attachment-medium size-medium\" alt=\"Emmanuel Macron, presidente de Francia. Cr\u00e9ditos: Britannica.\" \/>\t\t\t\t\t<\/a>\n\t\t\t\t\t\t\t\t\t<\/div>\n\t\t\t\t\t\t<h4 class=\"uagb-post__title uagb-post__text\">\n\t\t\t\t<a href=\"https:\/\/agencia.unq.edu.ar\/?p=35512\" target=\"_self\" rel=\"bookmark noopener noreferrer\">Francia avanza hacia la soberan\u00eda digital y abandona Windows: \u00bfcu\u00e1l es la situaci\u00f3n de Argentina?<\/a>\n\t\t\t<\/h4>\n\t\t\t\t\t\t<div class='uagb-post__text uagb-post-grid-byline'>\n\t\t\t\t\t\t\t<\/div>\n\t\t\t\n\t\t\t\t\t\t\t\t\t<\/article>\n\t\t\t\t\t\t\t\t\t\t\t<\/div>\n\t\t\t<\/div>\n","protected":false},"excerpt":{"rendered":"<p>\u201cNo es s\u00f3lo la destrucci\u00f3n del Instituto, sino la de un modelo de pa\u00eds\u201d, dice el trabajador Mat\u00edas Parra.<\/p>\n","protected":false},"author":4,"featured_media":29650,"comment_status":"open","ping_status":"closed","sticky":false,"template":"","format":"standard","meta":{"_uag_custom_page_level_css":"","_monsterinsights_skip_tracking":false,"_monsterinsights_sitenote_active":false,"_monsterinsights_sitenote_note":"","_monsterinsights_sitenote_category":0,"site-sidebar-layout":"default","site-content-layout":"","ast-site-content-layout":"default","site-content-style":"default","site-sidebar-style":"default","ast-global-header-display":"","ast-banner-title-visibility":"","ast-main-header-display":"","ast-hfb-above-header-display":"","ast-hfb-below-header-display":"","ast-hfb-mobile-header-display":"","site-post-title":"","ast-breadcrumbs-content":"","ast-featured-img":"","footer-sml-layout":"","ast-disable-related-posts":"","theme-transparent-header-meta":"","adv-header-id-meta":"","stick-header-meta":"","header-above-stick-meta":"","header-main-stick-meta":"","header-below-stick-meta":"","astra-migrate-meta-layouts":"default","ast-page-background-enabled":"default","ast-page-background-meta":{"desktop":{"background-color":"var(--ast-global-color-4)","background-image":"","background-repeat":"repeat","background-position":"center center","background-size":"auto","background-attachment":"scroll","background-type":"","background-media":"","overlay-type":"","overlay-color":"","overlay-opacity":"","overlay-gradient":""},"tablet":{"background-color":"","background-image":"","background-repeat":"repeat","background-position":"center center","background-size":"auto","background-attachment":"scroll","background-type":"","background-media":"","overlay-type":"","overlay-color":"","overlay-opacity":"","overlay-gradient":""},"mobile":{"background-color":"","background-image":"","background-repeat":"repeat","background-position":"center center","background-size":"auto","background-attachment":"scroll","background-type":"","background-media":"","overlay-type":"","overlay-color":"","overlay-opacity":"","overlay-gradient":""}},"ast-content-background-meta":{"desktop":{"background-color":"var(--ast-global-color-5)","background-image":"","background-repeat":"repeat","background-position":"center center","background-size":"auto","background-attachment":"scroll","background-type":"","background-media":"","overlay-type":"","overlay-color":"","overlay-opacity":"","overlay-gradient":""},"tablet":{"background-color":"var(--ast-global-color-5)","background-image":"","background-repeat":"repeat","background-position":"center center","background-size":"auto","background-attachment":"scroll","background-type":"","background-media":"","overlay-type":"","overlay-color":"","overlay-opacity":"","overlay-gradient":""},"mobile":{"background-color":"var(--ast-global-color-5)","background-image":"","background-repeat":"repeat","background-position":"center center","background-size":"auto","background-attachment":"scroll","background-type":"","background-media":"","overlay-type":"","overlay-color":"","overlay-opacity":"","overlay-gradient":""}},"footnotes":""},"categories":[16,92],"tags":[887],"class_list":["post-29649","post","type-post","status-publish","format-standard","has-post-thumbnail","hentry","category-noticia-destacada","category-politica","tag-cientificidio"],"aioseo_notices":[],"uagb_featured_image_src":{"full":["https:\/\/agencia.unq.edu.ar\/wp-content\/uploads\/2025\/06\/INTI.jpg",1040,420,false],"thumbnail":["https:\/\/agencia.unq.edu.ar\/wp-content\/uploads\/2025\/06\/INTI.jpg",150,61,false],"medium":["https:\/\/agencia.unq.edu.ar\/wp-content\/uploads\/2025\/06\/INTI.jpg",960,388,false],"medium_large":["https:\/\/agencia.unq.edu.ar\/wp-content\/uploads\/2025\/06\/INTI.jpg",768,310,false],"large":["https:\/\/agencia.unq.edu.ar\/wp-content\/uploads\/2025\/06\/INTI.jpg",1040,420,false],"1536x1536":["https:\/\/agencia.unq.edu.ar\/wp-content\/uploads\/2025\/06\/INTI.jpg",1040,420,false],"2048x2048":["https:\/\/agencia.unq.edu.ar\/wp-content\/uploads\/2025\/06\/INTI.jpg",1040,420,false]},"uagb_author_info":{"display_name":"Luciana Mazzini Puga","author_link":"https:\/\/agencia.unq.edu.ar\/?author=4"},"uagb_comment_info":0,"uagb_excerpt":"\u201cNo es s\u00f3lo la destrucci\u00f3n del Instituto, sino la de un modelo de pa\u00eds\u201d, dice el trabajador Mat\u00edas Parra.","blog_post_layout_featured_media_urls":{"thumbnail":["https:\/\/agencia.unq.edu.ar\/wp-content\/uploads\/2025\/06\/INTI.jpg",150,61,false],"full":["https:\/\/agencia.unq.edu.ar\/wp-content\/uploads\/2025\/06\/INTI.jpg",1040,420,false]},"categories_names":{"16":{"name":"Noticia destacada","link":"https:\/\/agencia.unq.edu.ar\/?cat=16"},"92":{"name":"Pol\u00edtica","link":"https:\/\/agencia.unq.edu.ar\/?cat=92"}},"tags_names":{"887":{"name":"Cientificidio","link":"https:\/\/agencia.unq.edu.ar\/?tag=cientificidio"}},"comments_number":"0","_links":{"self":[{"href":"https:\/\/agencia.unq.edu.ar\/index.php?rest_route=\/wp\/v2\/posts\/29649","targetHints":{"allow":["GET"]}}],"collection":[{"href":"https:\/\/agencia.unq.edu.ar\/index.php?rest_route=\/wp\/v2\/posts"}],"about":[{"href":"https:\/\/agencia.unq.edu.ar\/index.php?rest_route=\/wp\/v2\/types\/post"}],"author":[{"embeddable":true,"href":"https:\/\/agencia.unq.edu.ar\/index.php?rest_route=\/wp\/v2\/users\/4"}],"replies":[{"embeddable":true,"href":"https:\/\/agencia.unq.edu.ar\/index.php?rest_route=%2Fwp%2Fv2%2Fcomments&post=29649"}],"version-history":[{"count":3,"href":"https:\/\/agencia.unq.edu.ar\/index.php?rest_route=\/wp\/v2\/posts\/29649\/revisions"}],"predecessor-version":[{"id":29701,"href":"https:\/\/agencia.unq.edu.ar\/index.php?rest_route=\/wp\/v2\/posts\/29649\/revisions\/29701"}],"wp:featuredmedia":[{"embeddable":true,"href":"https:\/\/agencia.unq.edu.ar\/index.php?rest_route=\/wp\/v2\/media\/29650"}],"wp:attachment":[{"href":"https:\/\/agencia.unq.edu.ar\/index.php?rest_route=%2Fwp%2Fv2%2Fmedia&parent=29649"}],"wp:term":[{"taxonomy":"category","embeddable":true,"href":"https:\/\/agencia.unq.edu.ar\/index.php?rest_route=%2Fwp%2Fv2%2Fcategories&post=29649"},{"taxonomy":"post_tag","embeddable":true,"href":"https:\/\/agencia.unq.edu.ar\/index.php?rest_route=%2Fwp%2Fv2%2Ftags&post=29649"}],"curies":[{"name":"wp","href":"https:\/\/api.w.org\/{rel}","templated":true}]}}