{"id":30006,"date":"2025-07-11T09:50:42","date_gmt":"2025-07-11T12:50:42","guid":{"rendered":"https:\/\/agencia.unq.edu.ar\/?p=30006"},"modified":"2025-07-16T16:08:55","modified_gmt":"2025-07-16T19:08:55","slug":"graduada-de-la-unq-participo-en-el-diseno-acustico-de-la-gran-sala-sinfonica-nacional-de-la-universidad-de-chile","status":"publish","type":"post","link":"https:\/\/agencia.unq.edu.ar\/?p=30006","title":{"rendered":"Graduada de la UNQ particip\u00f3 en el dise\u00f1o ac\u00fastico de la Gran Sala Sinf\u00f3nica Nacional de la Universidad de Chile"},"content":{"rendered":"\n<p class=\"wp-embed-aspect-16-9 wp-has-aspect-ratio has-medium-font-size\" id=\"block-e7a9ff36-ee0c-4796-9d2e-1fd69773da3a\">Se llama Andrea Farina y hace magia con precisi\u00f3n: fusiona ciencia y arte en una experiencia sonora que no solo se oye, se vive. Desde Chile, emociona y trasciende.<\/p>\n\n\n\n<figure class=\"wp-block-image aligncenter size-full\" id=\"block-c3ee2a7f-4bf9-43dd-a0f6-8acc1087bdbe\"><img loading=\"lazy\" decoding=\"async\" width=\"1040\" height=\"420\" src=\"https:\/\/agencia.unq.edu.ar\/wp-content\/uploads\/2025\/07\/andrea-farina-ok.jpg\" alt=\"\" class=\"wp-image-30078\"\/><figcaption class=\"wp-element-caption\">Emoci\u00f3n compartida: Andrea Farina aport\u00f3 el conocimiento t\u00e9cnico y la sensibilidad que hicieron vibrar al p\u00fablico. Cr\u00e9ditos: Andrea Farina.<\/figcaption><\/figure>\n\n\n\n<p class=\"wp-embed-aspect-16-9 wp-has-aspect-ratio\" id=\"block-792ca364-1b8e-4135-8180-b4418ab97e95\">En el centro de Santiago de Chile, anoche, <strong>Beethoven volvi\u00f3 a la vida<\/strong>. No fue en Viena, ni en Berl\u00edn, ni en Boston. Fue en una sala reci\u00e9n nacida, con <strong>butacas relucientes<\/strong>, <strong>reflectores que parecen ovnis<\/strong> y un <strong>sonido que dej\u00f3 a todos con la boca abierta y los ojos h\u00famedos<\/strong>. \u00bfEl milagro? Se llama <strong>acustica<\/strong>. \u00bfLa arquitecta? <strong>Andrea Farina<\/strong>. \u00bfY el origen? <strong>La Universidad Nacional de Quilmes<\/strong>. S\u00ed, ley\u00f3 bien: <strong>Quilmes<\/strong>.<\/p>\n\n\n\n<p>Mientras muchos discuten si las <strong>universidades p\u00fablicas \u201csirven para algo\u201d<\/strong>, la <strong>UNQ<\/strong> acaba de meter <strong>un gol de media cancha<\/strong> en el terreno m\u00e1s impensado: <strong>el coraz\u00f3n de la m\u00fasica acad\u00e9mica chilena<\/strong>. Ayer, en la inauguraci\u00f3n oficial de la <strong>Gran Sala Sinf\u00f3nica Nacional de la Universidad de Chile<\/strong>, <strong>cada acorde fue una validaci\u00f3n cient\u00edfica. Y pol\u00edtica.<\/strong> Porque el dise\u00f1o ac\u00fastico \u2013esa alquimia entre <strong>f\u00edsica, arte y sensibilidad<\/strong>\u2013 estuvo a cargo de una doctora formada en <strong>estas aulas del conurbano<\/strong>.<\/p>\n\n\n\n<p><strong>Farina no sali\u00f3 en la foto con el presidente ni empu\u00f1\u00f3 una batuta<\/strong>, pero si se prestaba atenci\u00f3n, estaba en todas partes: <strong>en el rebote exacto del timbal, en la respiraci\u00f3n que flotaba entre compases, en ese segundo de silencio despu\u00e9s del \u00faltimo acorde que no era vac\u00edo, era plenitud.<\/strong><\/p>\n\n\n\n<p>La previa a la inauguraci\u00f3n fue tan <strong>quir\u00fargica como art\u00edstica<\/strong>. T\u00e9cnicos colgados a diez metros ajustando luces, ingenieros leyendo pantallas como si fueran <strong>electrocardiogramas sonoros<\/strong>. Y <strong>Andrea<\/strong>, caminando por la sala como quien puede <strong>escuchar lo que a\u00fan no existe<\/strong>. Desde la primera prueba con p\u00fablico \u2013una especie de <strong>ensayo cl\u00ednico con m\u00fasicos en vivo y sensores de todo tipo<\/strong>\u2013 hasta la \u00faltima afinaci\u00f3n de un reflector, todo fue una <strong>coreograf\u00eda milim\u00e9trica<\/strong> para que anoche sucediera lo que sucedi\u00f3: que la m\u00fasica <strong>no solo se oyera, sino que se sintiera<\/strong>.<\/p>\n\n\n\n<p>\u201cLos espacios donde se hace m\u00fasica funcionan como una extensi\u00f3n de los instrumentos. Una guitarra no suena igual en el living de una casa que en un teatro\u201d, explica Farina en di\u00e1logo con la<a href=\"https:\/\/agencia.unq.edu.ar\/\" target=\"_blank\" rel=\"noopener\" title=\"\"> <strong>Agencia de Noticias Cient\u00edficas de la Universidad Nacional de Quilmes<\/strong><\/a>. Ella, junto con los ingenieros <strong>Gustavo Basso<\/strong> y <strong>Rafael S\u00e1nchez Quintana<\/strong>, fue responsable del <strong>dise\u00f1o ac\u00fastico<\/strong> del auditorio.<\/p>\n\n\n\n<p><strong>Dise\u00f1ar el sonido<\/strong> es, en realidad, <strong>dise\u00f1ar el aire<\/strong>. Decidir qu\u00e9 frecuencia debe rebotar, cu\u00e1l absorberse, cu\u00e1nta reverberaci\u00f3n es &#8220;mucha&#8221; y cu\u00e1nta es precisa para que un cello en pizzicato <strong>no se pierda en la nada<\/strong> ni opaque a los violines. Es, en otras palabras, <strong>tocar sin tocar<\/strong>. \u201cUna sala es como una guitarra: no suena igual en cualquier lado. El espacio es un instrumento m\u00e1s\u201d, resume la arquitecta, que tambi\u00e9n da clases de <strong>armon\u00eda, contrapunto y ac\u00fastica<\/strong> en universidades argentinas.<\/p>\n\n\n\n<h2 class=\"wp-block-heading\">Dise\u00f1ar con el cuerpo<\/h2>\n\n\n\n<p>En tiempos donde la palabra <strong>\u201cinterdisciplinario\u201d<\/strong> se usa hasta para todo, <strong>Farina encarna esa idea con precisi\u00f3n quir\u00fargica<\/strong>. Arquitecta por la <strong>UBA<\/strong>, m\u00fasica de formaci\u00f3n, doctora en <strong>Ciencias Sociales y Humanas por la UNQ<\/strong>, y docente en c\u00e1tedras tan distintas como <strong>Ac\u00fastica y Morfolog\u00eda Musical<\/strong>. En ella conviven <strong>el pentagrama y el plano<\/strong>, <strong>la medici\u00f3n milim\u00e9trica y la emoci\u00f3n del acorde perfecto<\/strong>.<\/p>\n\n\n\n<p>Su tesis doctoral \u2013publicada por la editorial de la <strong>Universidad Nacional de Quilmes<\/strong>\u2013 fue el punto de partida. \u201cEl doctorado me permiti\u00f3 integrar saberes y aplicarlos espec\u00edficamente al \u00e1rea de la ac\u00fastica de salas para m\u00fasica\u201d, dice. Y ese verbo, <strong>\u201caplicar\u201d<\/strong>, cobra una nueva dimensi\u00f3n cuando <strong>se escucha c\u00f3mo suena lo que ella pens\u00f3<\/strong>.<\/p>\n\n\n\n<p>La ac\u00fastica no solo se calcula. <strong>Se siente<\/strong>. El <strong>rebote justo de un timbal<\/strong>, la <strong>vibraci\u00f3n que se mete en el estern\u00f3n<\/strong>, el <strong>silencio entre dos notas que parece una pausa divina<\/strong>. Todo eso <strong>no se programa en una computadora<\/strong>; <strong>se entrena con o\u00eddo, y con cuerpo.<\/strong><\/p>\n\n\n\n<p>\u201cLa calidad ac\u00fastica depende tanto de las ondas como de la percepci\u00f3n del sonido. Lo que valida el dise\u00f1o es la experiencia sonora\u201d, concluye Farina, que anoche no par\u00f3 de sonre\u00edr, como si <strong>cada aplauso confirmara que su mapa sonoro hab\u00eda encontrado destino<\/strong>.<\/p>\n\n\n\n<p>Con todo, mientras el coro final de la <strong>Novena<\/strong> estallaba en aplausos, muchos creyeron que escuchaban a <strong>Beethoven<\/strong>. Y ten\u00edan raz\u00f3n, aunque<strong> tambi\u00e9n la estaban escuchando a ella<\/strong>. No lo sab\u00edan, tal vez. Pero <strong>cada eco perfectamente colocado, cada silencio cargado de sentido, cada sonrisa de un m\u00fasico que se o\u00eda a s\u00ed mismo con una nitidez nueva<\/strong>, llevaban su firma.<\/p>\n\n\n\n<p class=\"wp-embed-aspect-16-9 wp-has-aspect-ratio\" id=\"block-792ca364-1b8e-4135-8180-b4418ab97e95\"><strong>Invisible, pero inconfundible.<\/strong> Y, con ella, <strong>Quilmes son\u00f3<\/strong>. <\/p>\n\n\n\n<p class=\"wp-embed-aspect-16-9 wp-has-aspect-ratio\" id=\"block-792ca364-1b8e-4135-8180-b4418ab97e95\"><\/p>\n\n\n\n<figure class=\"wp-block-embed is-type-video is-provider-youtube wp-block-embed-youtube wp-embed-aspect-16-9 wp-has-aspect-ratio\"><div class=\"wp-block-embed__wrapper\">\n<iframe loading=\"lazy\" title=\"Inauguraci\u00f3n Gran Sala Sinf\u00f3nica Universidad de Chile.\" width=\"500\" height=\"281\" src=\"https:\/\/www.youtube.com\/embed\/4X47pmX5NhI?feature=oembed\" frameborder=\"0\" allow=\"accelerometer; autoplay; clipboard-write; encrypted-media; gyroscope; picture-in-picture; web-share\" referrerpolicy=\"strict-origin-when-cross-origin\" allowfullscreen><\/iframe>\n<\/div><\/figure>\n\n\n\n<p class=\"wp-embed-aspect-16-9 wp-has-aspect-ratio\" id=\"block-792ca364-1b8e-4135-8180-b4418ab97e95\"><\/p>\n\n\n\n<div class=\"wp-block-uagb-container uagb-block-e31d8b4a alignwide uagb-is-root-container\">\n<div class=\"wp-block-uagb-advanced-heading uagb-block-fd68d2f2\"><h4 class=\"uagb-heading-text\">\u00daltimas noticias de la secci\u00f3n Sociedad:<\/h4><\/div>\n\n\n\n\t\t\t<div class=\"wp-block-uagb-post-carousel uagb-post-grid  uagb-post__image-position-top uagb-post__image-enabled uagb-block-24e22604     uagb-post__arrow-outside uagb-slick-carousel uagb-post__items uagb-post__columns-3 is-carousel uagb-post__columns-tablet-2 uagb-post__columns-mobile-1\" data-total=\"42\" style=\"\">\n\n\t\t\t\t\t\t\t\t\t\t\t\t<article class=\"uagb-post__inner-wrap\">\t\t\t\t\t\t\t\t<div class='uagb-post__image'>\n\t\t\t\t\t\t\t\t\t<a href=\"https:\/\/agencia.unq.edu.ar\/?p=35937\" target=\"_self\" rel=\"bookmark noopener noreferrer\"><img loading=\"lazy\" decoding=\"async\" width=\"960\" height=\"388\" src=\"https:\/\/agencia.unq.edu.ar\/wp-content\/uploads\/2026\/04\/amor-moderno.jpg\" class=\"attachment-medium size-medium\" alt=\"El amor cambi\u00f3 de reglas y ahora convive con m\u00e1s libertad, m\u00e1s dudas y m\u00e1s tecnolog\u00eda. Cr\u00e9dito: Unsplash.\" \/>\t\t\t\t\t<\/a>\n\t\t\t\t\t\t\t\t\t<\/div>\n\t\t\t\t\t\t<h4 class=\"uagb-post__title uagb-post__text\">\n\t\t\t\t<a href=\"https:\/\/agencia.unq.edu.ar\/?p=35937\" target=\"_self\" rel=\"bookmark noopener noreferrer\">Sexo y v\u00ednculos: la ciencia explica qu\u00e9 cambi\u00f3 en el \u00faltimo medio siglo<\/a>\n\t\t\t<\/h4>\n\t\t\t\t\t\t<div class='uagb-post__text uagb-post-grid-byline'>\n\t\t\t\t\t\t\t<\/div>\n\t\t\t\n\t\t\t\t\t\t\t\t\t<\/article>\n\t\t\t\t\t\t\t\t\t\t\t\t\t\t\t\t<article class=\"uagb-post__inner-wrap\">\t\t\t\t\t\t\t\t<div class='uagb-post__image'>\n\t\t\t\t\t\t\t\t\t<a href=\"https:\/\/agencia.unq.edu.ar\/?p=35915\" target=\"_self\" rel=\"bookmark noopener noreferrer\"><img loading=\"lazy\" decoding=\"async\" width=\"960\" height=\"388\" src=\"https:\/\/agencia.unq.edu.ar\/wp-content\/uploads\/2026\/04\/estudiantes-liceo-Uruguay.jpg\" class=\"attachment-medium size-medium\" alt=\"3 de 4 estudiantes de nivel secundario en Uruguay tienen ausentismo cr\u00f3nico. Cr\u00e9ditos: portaldeyoung.\" \/>\t\t\t\t\t<\/a>\n\t\t\t\t\t\t\t\t\t<\/div>\n\t\t\t\t\t\t<h4 class=\"uagb-post__title uagb-post__text\">\n\t\t\t\t<a href=\"https:\/\/agencia.unq.edu.ar\/?p=35915\" target=\"_self\" rel=\"bookmark noopener noreferrer\">Un equipo de la UNQ se destaca en el \u00e1mbito internacional y asesorar\u00e1 en educaci\u00f3n al gobierno uruguayo<\/a>\n\t\t\t<\/h4>\n\t\t\t\t\t\t<div class='uagb-post__text uagb-post-grid-byline'>\n\t\t\t\t\t\t\t<\/div>\n\t\t\t\n\t\t\t\t\t\t\t\t\t<\/article>\n\t\t\t\t\t\t\t\t\t\t\t\t\t\t\t\t<article class=\"uagb-post__inner-wrap\">\t\t\t\t\t\t\t\t<div class='uagb-post__image'>\n\t\t\t\t\t\t\t\t\t<a href=\"https:\/\/agencia.unq.edu.ar\/?p=35853\" target=\"_self\" rel=\"bookmark noopener noreferrer\"><img loading=\"lazy\" decoding=\"async\" width=\"960\" height=\"388\" src=\"https:\/\/agencia.unq.edu.ar\/wp-content\/uploads\/2026\/04\/cosecha-soja-argentina.jpg\" class=\"attachment-medium size-medium\" alt=\"Cr\u00e9ditos: InfoCampo.\" \/>\t\t\t\t\t<\/a>\n\t\t\t\t\t\t\t\t\t<\/div>\n\t\t\t\t\t\t<h4 class=\"uagb-post__title uagb-post__text\">\n\t\t\t\t<a href=\"https:\/\/agencia.unq.edu.ar\/?p=35853\" target=\"_self\" rel=\"bookmark noopener noreferrer\">Solo tres cultivos cubren el 76 por ciento de la superficie total cosechada en Argentina<\/a>\n\t\t\t<\/h4>\n\t\t\t\t\t\t<div class='uagb-post__text uagb-post-grid-byline'>\n\t\t\t\t\t\t\t<\/div>\n\t\t\t\n\t\t\t\t\t\t\t\t\t<\/article>\n\t\t\t\t\t\t\t\t\t\t\t\t\t\t\t\t<article class=\"uagb-post__inner-wrap\">\t\t\t\t\t\t\t\t<div class='uagb-post__image'>\n\t\t\t\t\t\t\t\t\t<a href=\"https:\/\/agencia.unq.edu.ar\/?p=35695\" target=\"_self\" rel=\"bookmark noopener noreferrer\"><img loading=\"lazy\" decoding=\"async\" width=\"960\" height=\"388\" src=\"https:\/\/agencia.unq.edu.ar\/wp-content\/uploads\/2026\/04\/teletrabajo12.jpg\" class=\"attachment-medium size-medium\" alt=\"El trabajo remoto empieza a mover la aguja de la natalidad. Cr\u00e9ditos: TN online.\" \/>\t\t\t\t\t<\/a>\n\t\t\t\t\t\t\t\t\t<\/div>\n\t\t\t\t\t\t<h4 class=\"uagb-post__title uagb-post__text\">\n\t\t\t\t<a href=\"https:\/\/agencia.unq.edu.ar\/?p=35695\" target=\"_self\" rel=\"bookmark noopener noreferrer\">Home office y beb\u00e9s: por qu\u00e9 la fecundidad sube 14 por ciento en algunas parejas<\/a>\n\t\t\t<\/h4>\n\t\t\t\t\t\t<div class='uagb-post__text uagb-post-grid-byline'>\n\t\t\t\t\t\t\t<\/div>\n\t\t\t\n\t\t\t\t\t\t\t\t\t<\/article>\n\t\t\t\t\t\t\t\t\t\t\t\t\t\t\t\t<article class=\"uagb-post__inner-wrap\">\t\t\t\t\t\t\t\t<div class='uagb-post__image'>\n\t\t\t\t\t\t\t\t\t<a href=\"https:\/\/agencia.unq.edu.ar\/?p=35672\" target=\"_self\" rel=\"bookmark noopener noreferrer\"><img loading=\"lazy\" decoding=\"async\" width=\"960\" height=\"388\" src=\"https:\/\/agencia.unq.edu.ar\/wp-content\/uploads\/2026\/04\/Guia-amenazas-escuelas.jpg\" class=\"attachment-medium size-medium\" alt=\"Una docente frente a sus estudiantes. Cr\u00e9ditos: abc.gob.ar\" \/>\t\t\t\t\t<\/a>\n\t\t\t\t\t\t\t\t\t<\/div>\n\t\t\t\t\t\t<h4 class=\"uagb-post__title uagb-post__text\">\n\t\t\t\t<a href=\"https:\/\/agencia.unq.edu.ar\/?p=35672\" target=\"_self\" rel=\"bookmark noopener noreferrer\">Lanzan una gu\u00eda para actuar ante las amenazas de tiroteos en las escuelas<\/a>\n\t\t\t<\/h4>\n\t\t\t\t\t\t<div class='uagb-post__text uagb-post-grid-byline'>\n\t\t\t\t\t\t\t<\/div>\n\t\t\t\n\t\t\t\t\t\t\t\t\t<\/article>\n\t\t\t\t\t\t\t\t\t\t\t\t\t\t\t\t<article class=\"uagb-post__inner-wrap\">\t\t\t\t\t\t\t\t<div class='uagb-post__image'>\n\t\t\t\t\t\t\t\t\t<a href=\"https:\/\/agencia.unq.edu.ar\/?p=35292\" target=\"_self\" rel=\"bookmark noopener noreferrer\"><img loading=\"lazy\" decoding=\"async\" width=\"960\" height=\"388\" src=\"https:\/\/agencia.unq.edu.ar\/wp-content\/uploads\/2026\/04\/David-Foodphototasty-pescado.jpg\" class=\"attachment-medium size-medium\" alt=\"Las elecciones alimentarias comunican pertenencia, valores y fronteras culturales. Cr\u00e9dito: David Foodphototasty.\" \/>\t\t\t\t\t<\/a>\n\t\t\t\t\t\t\t\t\t<\/div>\n\t\t\t\t\t\t<h4 class=\"uagb-post__title uagb-post__text\">\n\t\t\t\t<a href=\"https:\/\/agencia.unq.edu.ar\/?p=35292\" target=\"_self\" rel=\"bookmark noopener noreferrer\">Dietas religiosas: \u00bfqu\u00e9 revela la ciencia sobre la comida en fechas sagradas?<\/a>\n\t\t\t<\/h4>\n\t\t\t\t\t\t<div class='uagb-post__text uagb-post-grid-byline'>\n\t\t\t\t\t\t\t<\/div>\n\t\t\t\n\t\t\t\t\t\t\t\t\t<\/article>\n\t\t\t\t\t\t\t\t\t\t\t\t\t\t\t\t<article class=\"uagb-post__inner-wrap\">\t\t\t\t\t\t\t\t<div class='uagb-post__image'>\n\t\t\t\t\t\t\t\t\t<a href=\"https:\/\/agencia.unq.edu.ar\/?p=35298\" target=\"_self\" rel=\"bookmark noopener noreferrer\"><img loading=\"lazy\" decoding=\"async\" width=\"960\" height=\"388\" src=\"https:\/\/agencia.unq.edu.ar\/wp-content\/uploads\/2026\/04\/Cementerio-de-Darwin-Malvinas.jpg\" class=\"attachment-medium size-medium\" alt=\"Hasta la fecha se identificaron 121 soldados inhumados en el Cementerio de Darwin. Cr\u00e9ditos: Aviaci\u00f3n Argentina.\" \/>\t\t\t\t\t<\/a>\n\t\t\t\t\t\t\t\t\t<\/div>\n\t\t\t\t\t\t<h4 class=\"uagb-post__title uagb-post__text\">\n\t\t\t\t<a href=\"https:\/\/agencia.unq.edu.ar\/?p=35298\" target=\"_self\" rel=\"bookmark noopener noreferrer\">\u201cGracias a la identificaci\u00f3n de los ca\u00eddos en Malvinas, cambi\u00f3 la forma en que los familiares miraron la muerte\u201d<\/a>\n\t\t\t<\/h4>\n\t\t\t\t\t\t<div class='uagb-post__text uagb-post-grid-byline'>\n\t\t\t\t\t\t\t<\/div>\n\t\t\t\n\t\t\t\t\t\t\t\t\t<\/article>\n\t\t\t\t\t\t\t\t\t\t\t\t\t\t\t\t<article class=\"uagb-post__inner-wrap\">\t\t\t\t\t\t\t\t<div class='uagb-post__image'>\n\t\t\t\t\t\t\t\t\t<a href=\"https:\/\/agencia.unq.edu.ar\/?p=35201\" target=\"_self\" rel=\"bookmark noopener noreferrer\"><img loading=\"lazy\" decoding=\"async\" width=\"960\" height=\"388\" src=\"https:\/\/agencia.unq.edu.ar\/wp-content\/uploads\/2026\/03\/pexels-adultos-mayores.jpg\" class=\"attachment-medium size-medium\" alt=\"La evidencia indica que sensores, apps y recordatorios sirven de apoyo diario, aunque la presencia, la empat\u00eda y la vida en comunidad siguen siendo clave. Cr\u00e9ditos: Pexels.\" \/>\t\t\t\t\t<\/a>\n\t\t\t\t\t\t\t\t\t<\/div>\n\t\t\t\t\t\t<h4 class=\"uagb-post__title uagb-post__text\">\n\t\t\t\t<a href=\"https:\/\/agencia.unq.edu.ar\/?p=35201\" target=\"_self\" rel=\"bookmark noopener noreferrer\">\u00bfPor qu\u00e9 la IA no reemplaza a los cuidadores de adultos mayores?<\/a>\n\t\t\t<\/h4>\n\t\t\t\t\t\t<div class='uagb-post__text uagb-post-grid-byline'>\n\t\t\t\t\t\t\t<\/div>\n\t\t\t\n\t\t\t\t\t\t\t\t\t<\/article>\n\t\t\t\t\t\t\t\t\t\t\t<\/div>\n\t\t\t<\/div>\n","protected":false},"excerpt":{"rendered":"<p>Se llama Andrea Farina y fusiona ciencia y arte. <\/p>\n","protected":false},"author":7,"featured_media":30078,"comment_status":"open","ping_status":"closed","sticky":false,"template":"","format":"standard","meta":{"_uag_custom_page_level_css":"","_monsterinsights_skip_tracking":false,"_monsterinsights_sitenote_active":false,"_monsterinsights_sitenote_note":"","_monsterinsights_sitenote_category":0,"site-sidebar-layout":"default","site-content-layout":"","ast-site-content-layout":"default","site-content-style":"default","site-sidebar-style":"default","ast-global-header-display":"","ast-banner-title-visibility":"","ast-main-header-display":"","ast-hfb-above-header-display":"","ast-hfb-below-header-display":"","ast-hfb-mobile-header-display":"","site-post-title":"","ast-breadcrumbs-content":"","ast-featured-img":"","footer-sml-layout":"","ast-disable-related-posts":"","theme-transparent-header-meta":"","adv-header-id-meta":"","stick-header-meta":"","header-above-stick-meta":"","header-main-stick-meta":"","header-below-stick-meta":"","astra-migrate-meta-layouts":"default","ast-page-background-enabled":"default","ast-page-background-meta":{"desktop":{"background-color":"var(--ast-global-color-4)","background-image":"","background-repeat":"repeat","background-position":"center center","background-size":"auto","background-attachment":"scroll","background-type":"","background-media":"","overlay-type":"","overlay-color":"","overlay-opacity":"","overlay-gradient":""},"tablet":{"background-color":"","background-image":"","background-repeat":"repeat","background-position":"center center","background-size":"auto","background-attachment":"scroll","background-type":"","background-media":"","overlay-type":"","overlay-color":"","overlay-opacity":"","overlay-gradient":""},"mobile":{"background-color":"","background-image":"","background-repeat":"repeat","background-position":"center center","background-size":"auto","background-attachment":"scroll","background-type":"","background-media":"","overlay-type":"","overlay-color":"","overlay-opacity":"","overlay-gradient":""}},"ast-content-background-meta":{"desktop":{"background-color":"var(--ast-global-color-5)","background-image":"","background-repeat":"repeat","background-position":"center center","background-size":"auto","background-attachment":"scroll","background-type":"","background-media":"","overlay-type":"","overlay-color":"","overlay-opacity":"","overlay-gradient":""},"tablet":{"background-color":"var(--ast-global-color-5)","background-image":"","background-repeat":"repeat","background-position":"center center","background-size":"auto","background-attachment":"scroll","background-type":"","background-media":"","overlay-type":"","overlay-color":"","overlay-opacity":"","overlay-gradient":""},"mobile":{"background-color":"var(--ast-global-color-5)","background-image":"","background-repeat":"repeat","background-position":"center center","background-size":"auto","background-attachment":"scroll","background-type":"","background-media":"","overlay-type":"","overlay-color":"","overlay-opacity":"","overlay-gradient":""}},"footnotes":""},"categories":[16,363],"tags":[],"class_list":["post-30006","post","type-post","status-publish","format-standard","has-post-thumbnail","hentry","category-noticia-destacada","category-sociedad"],"aioseo_notices":[],"uagb_featured_image_src":{"full":["https:\/\/agencia.unq.edu.ar\/wp-content\/uploads\/2025\/07\/andrea-farina-ok.jpg",1040,420,false],"thumbnail":["https:\/\/agencia.unq.edu.ar\/wp-content\/uploads\/2025\/07\/andrea-farina-ok.jpg",150,61,false],"medium":["https:\/\/agencia.unq.edu.ar\/wp-content\/uploads\/2025\/07\/andrea-farina-ok.jpg",960,388,false],"medium_large":["https:\/\/agencia.unq.edu.ar\/wp-content\/uploads\/2025\/07\/andrea-farina-ok.jpg",768,310,false],"large":["https:\/\/agencia.unq.edu.ar\/wp-content\/uploads\/2025\/07\/andrea-farina-ok.jpg",1040,420,false],"1536x1536":["https:\/\/agencia.unq.edu.ar\/wp-content\/uploads\/2025\/07\/andrea-farina-ok.jpg",1040,420,false],"2048x2048":["https:\/\/agencia.unq.edu.ar\/wp-content\/uploads\/2025\/07\/andrea-farina-ok.jpg",1040,420,false]},"uagb_author_info":{"display_name":"Mar\u00eda Ximena Perez","author_link":"https:\/\/agencia.unq.edu.ar\/?author=7"},"uagb_comment_info":0,"uagb_excerpt":"Se llama Andrea Farina y fusiona ciencia y arte.","blog_post_layout_featured_media_urls":{"thumbnail":["https:\/\/agencia.unq.edu.ar\/wp-content\/uploads\/2025\/07\/andrea-farina-ok.jpg",150,61,false],"full":["https:\/\/agencia.unq.edu.ar\/wp-content\/uploads\/2025\/07\/andrea-farina-ok.jpg",1040,420,false]},"categories_names":{"16":{"name":"Noticia destacada","link":"https:\/\/agencia.unq.edu.ar\/?cat=16"},"363":{"name":"Sociedad","link":"https:\/\/agencia.unq.edu.ar\/?cat=363"}},"tags_names":[],"comments_number":"0","_links":{"self":[{"href":"https:\/\/agencia.unq.edu.ar\/index.php?rest_route=\/wp\/v2\/posts\/30006","targetHints":{"allow":["GET"]}}],"collection":[{"href":"https:\/\/agencia.unq.edu.ar\/index.php?rest_route=\/wp\/v2\/posts"}],"about":[{"href":"https:\/\/agencia.unq.edu.ar\/index.php?rest_route=\/wp\/v2\/types\/post"}],"author":[{"embeddable":true,"href":"https:\/\/agencia.unq.edu.ar\/index.php?rest_route=\/wp\/v2\/users\/7"}],"replies":[{"embeddable":true,"href":"https:\/\/agencia.unq.edu.ar\/index.php?rest_route=%2Fwp%2Fv2%2Fcomments&post=30006"}],"version-history":[{"count":29,"href":"https:\/\/agencia.unq.edu.ar\/index.php?rest_route=\/wp\/v2\/posts\/30006\/revisions"}],"predecessor-version":[{"id":30194,"href":"https:\/\/agencia.unq.edu.ar\/index.php?rest_route=\/wp\/v2\/posts\/30006\/revisions\/30194"}],"wp:featuredmedia":[{"embeddable":true,"href":"https:\/\/agencia.unq.edu.ar\/index.php?rest_route=\/wp\/v2\/media\/30078"}],"wp:attachment":[{"href":"https:\/\/agencia.unq.edu.ar\/index.php?rest_route=%2Fwp%2Fv2%2Fmedia&parent=30006"}],"wp:term":[{"taxonomy":"category","embeddable":true,"href":"https:\/\/agencia.unq.edu.ar\/index.php?rest_route=%2Fwp%2Fv2%2Fcategories&post=30006"},{"taxonomy":"post_tag","embeddable":true,"href":"https:\/\/agencia.unq.edu.ar\/index.php?rest_route=%2Fwp%2Fv2%2Ftags&post=30006"}],"curies":[{"name":"wp","href":"https:\/\/api.w.org\/{rel}","templated":true}]}}