{"id":30839,"date":"2025-08-13T13:40:47","date_gmt":"2025-08-13T16:40:47","guid":{"rendered":"https:\/\/agencia.unq.edu.ar\/?p=30839"},"modified":"2025-08-13T13:40:47","modified_gmt":"2025-08-13T16:40:47","slug":"salud-mental-en-argentina-un-informe-senala-que-la-demanda-de-atencion-aumento-un-12-por-ciento","status":"publish","type":"post","link":"https:\/\/agencia.unq.edu.ar\/?p=30839","title":{"rendered":"Salud mental en Argentina: un informe se\u00f1ala que la demanda de atenci\u00f3n aument\u00f3 un 12 por ciento"},"content":{"rendered":"\n<p class=\"wp-embed-aspect-16-9 wp-has-aspect-ratio has-medium-font-size\" id=\"block-e7a9ff36-ee0c-4796-9d2e-1fd69773da3a\">La Fundaci\u00f3n Soberan\u00eda Sanitaria revela que en la provincia de Buenos Aires las internaciones pasaron de 28.451 en 2019 a 45.785 en 2024. <\/p>\n\n\n\n<figure class=\"wp-block-image aligncenter size-full\" id=\"block-c3ee2a7f-4bf9-43dd-a0f6-8acc1087bdbe\"><img loading=\"lazy\" decoding=\"async\" width=\"1040\" height=\"420\" src=\"https:\/\/agencia.unq.edu.ar\/wp-content\/uploads\/2025\/08\/Psicologia-.jpg\" alt=\"Cr\u00e9ditos: ConsultorSalud.\" class=\"wp-image-30840\"\/><figcaption class=\"wp-element-caption\">Cr\u00e9ditos: ConsultorSalud.<\/figcaption><\/figure>\n\n\n\n<p class=\"wp-embed-aspect-16-9 wp-has-aspect-ratio\" id=\"block-792ca364-1b8e-4135-8180-b4418ab97e95\">Seg\u00fan un informe de la <a href=\"https:\/\/soberaniasanitaria.org.ar\/crisis-de-salud-mental-en-argentina-retrocesos-desafios-y-urgencias\/\" target=\"_blank\" rel=\"noopener\" title=\"\">Fundaci\u00f3n Soberan\u00eda Sanitaria<\/a>, se registr\u00f3 en todo el pa\u00eds un incremento en la demanda de atenci\u00f3n por motivos de salud mental en el sistema p\u00fablico que supera el 12 por ciento. Asimismo, <strong>en el caso de la provincia de Buenos Aires, las internaciones en hospitales generales pasaron de 28.451 en 2019 a 45.785 en 2024.<\/strong> La poblaci\u00f3n de ni\u00f1os, ni\u00f1as y adolescentes es la que m\u00e1s preocupa: pasaron del 9 por ciento del total de internaciones en 2023 al 13 por ciento en 2024.\u00a0\u201c<strong>Se nota mucho el impacto social post pandemia en trastornos de ansiedad, cuadros depresivos y abuso de sustancias. A esto se le suma que hay un aumento de emergencia psiqui\u00e1tricas<\/strong>, que muchas veces requieren intervenci\u00f3n policial, pero no hay tantos \u00e1mbitos de internaci\u00f3n ni en el sector p\u00fablico ni en el privado. <strong>Esto es un problema porque las internaciones indicadas con profesionalismo, \u00e9tica, y en tiempo y forma salvan vidas<\/strong>\u201d, describe <strong>Federico Pavlovsky<\/strong>, psiquiatra especialista en consumos problem\u00e1ticos, a la <a href=\"https:\/\/agencia.unq.edu.ar\/\" target=\"_blank\" rel=\"noopener\" title=\"\">Agencia de Noticias Cient\u00edficas de la UNQ<\/a>.<\/p>\n\n\n\n<p class=\"wp-embed-aspect-16-9 wp-has-aspect-ratio\" id=\"block-792ca364-1b8e-4135-8180-b4418ab97e95\">La situaci\u00f3n de salud mental no es algo nuevo; de hecho, seg\u00fan la OMS, una de cada ocho personas en el mundo sufre alg\u00fan tipo de trastorno mental, siendo la ansiedad y la depresi\u00f3n los m\u00e1s comunes. A su vez, un&nbsp;<a href=\"https:\/\/www.psi.uba.ar\/opsa\/documentos\/informes\/OPSA%20Balance%20salud%20mental%20poblaci%C3%B3n%20argentina%202023.pdf\" target=\"_blank\" rel=\"noreferrer noopener\">estudio<\/a>&nbsp;de la facultad de Psicolog\u00eda de la UBA, basado en 3.141 personas de todo el pa\u00eds,&nbsp;revel\u00f3 que <strong>el 9,4 por ciento tiene riesgos de padecer un trastorno mental.&nbsp;<\/strong>Tambi\u00e9n, demuestra que&nbsp;<strong>los niveles de sintomatolog\u00eda ansiosa, depresiva y riesgo suicida son m\u00e1s altos en personas m\u00e1s j\u00f3venes<\/strong>&nbsp;y con un estatus socioecon\u00f3mico autopercibido menor. Adem\u00e1s, el 28,20 por ciento de los participantes inform\u00f3 recibir tratamiento psicol\u00f3gico y de los que no,&nbsp;<strong>m\u00e1s de la mitad consider\u00f3 necesitarlo.<\/strong><\/p>\n\n\n\n<p>No obstante, a ra\u00edz de la actual situaci\u00f3n econ\u00f3mico-social, la situaci\u00f3n parece estar empeorando cada vez m\u00e1s. La Fundaci\u00f3n Soberan\u00eda Sanitaria sostiene que <strong>muchas personas no pueden afrontar los gastos asociados a copagos ni acceder a medicamentos con descuento<\/strong>. A su vez,<strong> los turnos se asignan con demora y se suman las m\u00faltiples barreras que dificultan el acceso a internaciones<\/strong> por motivos de salud mental, en especial si se trata de consumos problem\u00e1ticos.<\/p>\n\n\n\n<p>A esto se le suma el colapso de un sistema de salud p\u00fablica que ya ven\u00eda deteriorado: seg\u00fan el informe <a href=\"https:\/\/www.cels.org.ar\/web\/wp-content\/uploads\/2024\/09\/CELS_SALUD-EN-AGONIA.pdf\" target=\"_blank\" rel=\"noopener\" title=\"\">\u201cSalud en Agon\u00eda\u201d<\/a> del Centro de Estudios Legales y Sociales (CELS), s\u00f3lo en los primeros meses de 2024, <strong>200 mil personas se dieron de baja del sistema de salud privado, debido al fuerte incremento de los aranceles, y pasaron al p\u00fablico<\/strong>. En paralelo, se produjo un <strong>aumento desmedido en los precios de los medicamentos recetados<\/strong>, lo que implic\u00f3 que miles de personas no pudieran continuar con los tratamientos farmacol\u00f3gicos indicados.<\/p>\n\n\n\n<p>Con todo esto, de manera reciente, se realiz\u00f3 el \u201cEncuentro Federal por la crisis en salud mental\u201d en el Congreso de la Naci\u00f3n, donde estuvieron presentes 16 provincias. All\u00ed, los representantes definieron exigir al gobierno nacional la <strong>reactivaci\u00f3n del programa Remediar Salud Mental<\/strong> (que garantizaba el acceso a determinados psicof\u00e1rmacos) y la entrega regular de medicaci\u00f3n,<strong> visibilizar la crisis como prioridad sanitaria federal <\/strong>y reafirmar el compromiso con la plena implementaci\u00f3n de la <strong>Ley Nacional de Salud Mental N\u00ba 26.657.<\/strong><\/p>\n\n\n\n<p>\u201cEs absolutamente central que las personas puedan tener acceso a los tratamientos de salud mental en general, que requieren psic\u00f3logos, psiquiatras y psicof\u00e1rmacos. Sucede que muchas veces las personas no pueden solventarlos. De tal manera que, esas personas tendr\u00e1n una evoluci\u00f3n negativa de los cuadros a diferencia de quienes s\u00ed tienen acceso. <strong>Se genera como un sistema de castas, en donde hay personas que s\u00ed pueden solventar tratamientos de calidad y much\u00edsimas que quedan afuera\u201d<\/strong>, explica Pavlosvky a la <a href=\"https:\/\/agencia.unq.edu.ar\/\" target=\"_blank\" rel=\"noopener\" title=\"\">Agencia<\/a>.<\/p>\n\n\n\n<div class=\"wp-block-uagb-container uagb-block-e31d8b4a alignwide uagb-is-root-container\">\n<div class=\"wp-block-uagb-advanced-heading uagb-block-55d4c858\"><h4 class=\"uagb-heading-text\">\u00daltimas noticias de la secci\u00f3n Salud:<\/h4><\/div>\n\n\n\n\t\t\t<div class=\"wp-block-uagb-post-carousel uagb-post-grid  uagb-post__image-position-top uagb-post__image-enabled uagb-block-24e22604     uagb-post__arrow-outside uagb-slick-carousel uagb-post__items uagb-post__columns-3 is-carousel uagb-post__columns-tablet-2 uagb-post__columns-mobile-1\" data-total=\"40\" style=\"\">\n\n\t\t\t\t\t\t\t\t\t\t\t\t<article class=\"uagb-post__inner-wrap\">\t\t\t\t\t\t\t\t<div class='uagb-post__image'>\n\t\t\t\t\t\t\t\t\t<a href=\"https:\/\/agencia.unq.edu.ar\/?p=35798\" target=\"_self\" rel=\"bookmark noopener noreferrer\"><img loading=\"lazy\" decoding=\"async\" width=\"960\" height=\"388\" src=\"https:\/\/agencia.unq.edu.ar\/wp-content\/uploads\/2026\/04\/desconexion.jpg\" class=\"attachment-medium size-medium\" alt=\"Algunos usuarios reportan alivio tras cerrar sus cuentas; otros sienten m\u00e1s soledad o reemplazan una app por otra igual de absorbente. Cr\u00e9dito: Unplash.\" \/>\t\t\t\t\t<\/a>\n\t\t\t\t\t\t\t\t\t<\/div>\n\t\t\t\t\t\t<h4 class=\"uagb-post__title uagb-post__text\">\n\t\t\t\t<a href=\"https:\/\/agencia.unq.edu.ar\/?p=35798\" target=\"_self\" rel=\"bookmark noopener noreferrer\">\u00bfDejar las redes sociales mejora la salud mental?<\/a>\n\t\t\t<\/h4>\n\t\t\t\t\t\t<div class='uagb-post__text uagb-post-grid-byline'>\n\t\t\t\t\t\t\t<\/div>\n\t\t\t\n\t\t\t\t\t\t\t\t\t<\/article>\n\t\t\t\t\t\t\t\t\t\t\t\t\t\t\t\t<article class=\"uagb-post__inner-wrap\">\t\t\t\t\t\t\t\t<div class='uagb-post__image'>\n\t\t\t\t\t\t\t\t\t<a href=\"https:\/\/agencia.unq.edu.ar\/?p=35761\" target=\"_self\" rel=\"bookmark noopener noreferrer\"><img loading=\"lazy\" decoding=\"async\" width=\"960\" height=\"388\" src=\"https:\/\/agencia.unq.edu.ar\/wp-content\/uploads\/2026\/04\/Cigarrillo-Reino-Unido-Tabaco.jpg\" class=\"attachment-medium size-medium\" alt=\"Mujer fumando un cigarrillo.\" \/>\t\t\t\t\t<\/a>\n\t\t\t\t\t\t\t\t\t<\/div>\n\t\t\t\t\t\t<h4 class=\"uagb-post__title uagb-post__text\">\n\t\t\t\t<a href=\"https:\/\/agencia.unq.edu.ar\/?p=35761\" target=\"_self\" rel=\"bookmark noopener noreferrer\">Hacia una generaci\u00f3n libre de humo: Reino Unido proh\u00edbe el tabaco a los nacidos a partir de 2009\u00a0<\/a>\n\t\t\t<\/h4>\n\t\t\t\t\t\t<div class='uagb-post__text uagb-post-grid-byline'>\n\t\t\t\t\t\t\t<\/div>\n\t\t\t\n\t\t\t\t\t\t\t\t\t<\/article>\n\t\t\t\t\t\t\t\t\t\t\t\t\t\t\t\t<article class=\"uagb-post__inner-wrap\">\t\t\t\t\t\t\t\t<div class='uagb-post__image'>\n\t\t\t\t\t\t\t\t\t<a href=\"https:\/\/agencia.unq.edu.ar\/?p=35734\" target=\"_self\" rel=\"bookmark noopener noreferrer\"><img loading=\"lazy\" decoding=\"async\" width=\"960\" height=\"388\" src=\"https:\/\/agencia.unq.edu.ar\/wp-content\/uploads\/2026\/04\/Homepatia-principal.jpg\" class=\"attachment-medium size-medium\" alt=\"El informe espa\u00f1ol revive la pol\u00e9mica respecto de la homeopat\u00eda (imagen: todoorl.net)\" \/>\t\t\t\t\t<\/a>\n\t\t\t\t\t\t\t\t\t<\/div>\n\t\t\t\t\t\t<h4 class=\"uagb-post__title uagb-post__text\">\n\t\t\t\t<a href=\"https:\/\/agencia.unq.edu.ar\/?p=35734\" target=\"_self\" rel=\"bookmark noopener noreferrer\">Homeopat\u00eda bajo la lupa: un informe en Espa\u00f1a descarta su eficacia y reabre el debate<\/a>\n\t\t\t<\/h4>\n\t\t\t\t\t\t<div class='uagb-post__text uagb-post-grid-byline'>\n\t\t\t\t\t\t\t<\/div>\n\t\t\t\n\t\t\t\t\t\t\t\t\t<\/article>\n\t\t\t\t\t\t\t\t\t\t\t\t\t\t\t\t<article class=\"uagb-post__inner-wrap\">\t\t\t\t\t\t\t\t<div class='uagb-post__image'>\n\t\t\t\t\t\t\t\t\t<a href=\"https:\/\/agencia.unq.edu.ar\/?p=35668\" target=\"_self\" rel=\"bookmark noopener noreferrer\"><img loading=\"lazy\" decoding=\"async\" width=\"960\" height=\"388\" src=\"https:\/\/agencia.unq.edu.ar\/wp-content\/uploads\/2026\/04\/Higado-graso.jpg\" class=\"attachment-medium size-medium\" alt=\"Cr\u00e9ditos: Actualidad m\u00e9dica.\" \/>\t\t\t\t\t<\/a>\n\t\t\t\t\t\t\t\t\t<\/div>\n\t\t\t\t\t\t<h4 class=\"uagb-post__title uagb-post__text\">\n\t\t\t\t<a href=\"https:\/\/agencia.unq.edu.ar\/?p=35668\" target=\"_self\" rel=\"bookmark noopener noreferrer\">H\u00edgado graso no alcoh\u00f3lico: el problema silencioso que desaf\u00eda a la salud p\u00fablica<\/a>\n\t\t\t<\/h4>\n\t\t\t\t\t\t<div class='uagb-post__text uagb-post-grid-byline'>\n\t\t\t\t\t\t\t<\/div>\n\t\t\t\n\t\t\t\t\t\t\t\t\t<\/article>\n\t\t\t\t\t\t\t\t\t\t\t\t\t\t\t\t<article class=\"uagb-post__inner-wrap\">\t\t\t\t\t\t\t\t<div class='uagb-post__image'>\n\t\t\t\t\t\t\t\t\t<a href=\"https:\/\/agencia.unq.edu.ar\/?p=35610\" target=\"_self\" rel=\"bookmark noopener noreferrer\"><img loading=\"lazy\" decoding=\"async\" width=\"960\" height=\"388\" src=\"https:\/\/agencia.unq.edu.ar\/wp-content\/uploads\/2026\/04\/iPiccy-img-5.jpg\" class=\"attachment-medium size-medium\" alt=\"Cr\u00e9ditos: Osten Clinic.\" \/>\t\t\t\t\t<\/a>\n\t\t\t\t\t\t\t\t\t<\/div>\n\t\t\t\t\t\t<h4 class=\"uagb-post__title uagb-post__text\">\n\t\t\t\t<a href=\"https:\/\/agencia.unq.edu.ar\/?p=35610\" target=\"_self\" rel=\"bookmark noopener noreferrer\">Un estudio sugiere que la contaminaci\u00f3n atmosf\u00e9rica puede aumentar las crisis de migra\u00f1a<\/a>\n\t\t\t<\/h4>\n\t\t\t\t\t\t<div class='uagb-post__text uagb-post-grid-byline'>\n\t\t\t\t\t\t\t<\/div>\n\t\t\t\n\t\t\t\t\t\t\t\t\t<\/article>\n\t\t\t\t\t\t\t\t\t\t\t\t\t\t\t\t<article class=\"uagb-post__inner-wrap\">\t\t\t\t\t\t\t\t<div class='uagb-post__image'>\n\t\t\t\t\t\t\t\t\t<a href=\"https:\/\/agencia.unq.edu.ar\/?p=35611\" target=\"_self\" rel=\"bookmark noopener noreferrer\"><img loading=\"lazy\" decoding=\"async\" width=\"960\" height=\"388\" src=\"https:\/\/agencia.unq.edu.ar\/wp-content\/uploads\/2026\/04\/soledad-y-corazon.jpg\" class=\"attachment-medium size-medium\" alt=\"\" \/>\t\t\t\t\t<\/a>\n\t\t\t\t\t\t\t\t\t<\/div>\n\t\t\t\t\t\t<h4 class=\"uagb-post__title uagb-post__text\">\n\t\t\t\t<a href=\"https:\/\/agencia.unq.edu.ar\/?p=35611\" target=\"_self\" rel=\"bookmark noopener noreferrer\">La soledad puede aumentar el riesgo de enfermedades del coraz\u00f3n<\/a>\n\t\t\t<\/h4>\n\t\t\t\t\t\t<div class='uagb-post__text uagb-post-grid-byline'>\n\t\t\t\t\t\t\t<\/div>\n\t\t\t\n\t\t\t\t\t\t\t\t\t<\/article>\n\t\t\t\t\t\t\t\t\t\t\t\t\t\t\t\t<article class=\"uagb-post__inner-wrap\">\t\t\t\t\t\t\t\t<div class='uagb-post__image'>\n\t\t\t\t\t\t\t\t\t<a href=\"https:\/\/agencia.unq.edu.ar\/?p=35399\" target=\"_self\" rel=\"bookmark noopener noreferrer\"><img loading=\"lazy\" decoding=\"async\" width=\"960\" height=\"388\" src=\"https:\/\/agencia.unq.edu.ar\/wp-content\/uploads\/2026\/04\/iPiccy-img-4.jpg\" class=\"attachment-medium size-medium\" alt=\"La investigadora Cecilia Jarne del Departamento de Ciencia y Tecnolog\u00eda de la Universidad Nacional de Quilmes (UNQ). Cr\u00e9ditos: Twitter.\" \/>\t\t\t\t\t<\/a>\n\t\t\t\t\t\t\t\t\t<\/div>\n\t\t\t\t\t\t<h4 class=\"uagb-post__title uagb-post__text\">\n\t\t\t\t<a href=\"https:\/\/agencia.unq.edu.ar\/?p=35399\" target=\"_self\" rel=\"bookmark noopener noreferrer\">Cient\u00edfica de la UNQ revela c\u00f3mo el entorno influye en el envejecimiento cerebral<\/a>\n\t\t\t<\/h4>\n\t\t\t\t\t\t<div class='uagb-post__text uagb-post-grid-byline'>\n\t\t\t\t\t\t\t<\/div>\n\t\t\t\n\t\t\t\t\t\t\t\t\t<\/article>\n\t\t\t\t\t\t\t\t\t\t\t\t\t\t\t\t<article class=\"uagb-post__inner-wrap\">\t\t\t\t\t\t\t\t<div class='uagb-post__image'>\n\t\t\t\t\t\t\t\t\t<a href=\"https:\/\/agencia.unq.edu.ar\/?p=35378\" target=\"_self\" rel=\"bookmark noopener noreferrer\"><img loading=\"lazy\" decoding=\"async\" width=\"960\" height=\"388\" src=\"https:\/\/agencia.unq.edu.ar\/wp-content\/uploads\/2026\/04\/iPiccy-img-3.jpg\" class=\"attachment-medium size-medium\" alt=\"Cr\u00e9ditos: Instituto de Salud Global de Barcelona.\" \/>\t\t\t\t\t<\/a>\n\t\t\t\t\t\t\t\t\t<\/div>\n\t\t\t\t\t\t<h4 class=\"uagb-post__title uagb-post__text\">\n\t\t\t\t<a href=\"https:\/\/agencia.unq.edu.ar\/?p=35378\" target=\"_self\" rel=\"bookmark noopener noreferrer\">Antibi\u00f3ticos impactan en el microbioma intestinal hasta ocho a\u00f1os despu\u00e9s del tratamiento<\/a>\n\t\t\t<\/h4>\n\t\t\t\t\t\t<div class='uagb-post__text uagb-post-grid-byline'>\n\t\t\t\t\t\t\t<\/div>\n\t\t\t\n\t\t\t\t\t\t\t\t\t<\/article>\n\t\t\t\t\t\t\t\t\t\t\t<\/div>\n\t\t\t<\/div>\n\n\n\n<p><\/p>\n","protected":false},"excerpt":{"rendered":"<p>La Fundaci\u00f3n Soberan\u00eda Sanitaria se\u00f1ala que en la provincia de Buenos Aires las internaciones pasaron de 28.451 en 2019 a 45.785 en 2024.<\/p>\n","protected":false},"author":4,"featured_media":30840,"comment_status":"open","ping_status":"closed","sticky":false,"template":"","format":"standard","meta":{"_uag_custom_page_level_css":"","_monsterinsights_skip_tracking":false,"_monsterinsights_sitenote_active":false,"_monsterinsights_sitenote_note":"","_monsterinsights_sitenote_category":0,"site-sidebar-layout":"default","site-content-layout":"","ast-site-content-layout":"default","site-content-style":"default","site-sidebar-style":"default","ast-global-header-display":"","ast-banner-title-visibility":"","ast-main-header-display":"","ast-hfb-above-header-display":"","ast-hfb-below-header-display":"","ast-hfb-mobile-header-display":"","site-post-title":"","ast-breadcrumbs-content":"","ast-featured-img":"","footer-sml-layout":"","ast-disable-related-posts":"","theme-transparent-header-meta":"","adv-header-id-meta":"","stick-header-meta":"","header-above-stick-meta":"","header-main-stick-meta":"","header-below-stick-meta":"","astra-migrate-meta-layouts":"default","ast-page-background-enabled":"default","ast-page-background-meta":{"desktop":{"background-color":"var(--ast-global-color-4)","background-image":"","background-repeat":"repeat","background-position":"center center","background-size":"auto","background-attachment":"scroll","background-type":"","background-media":"","overlay-type":"","overlay-color":"","overlay-opacity":"","overlay-gradient":""},"tablet":{"background-color":"","background-image":"","background-repeat":"repeat","background-position":"center center","background-size":"auto","background-attachment":"scroll","background-type":"","background-media":"","overlay-type":"","overlay-color":"","overlay-opacity":"","overlay-gradient":""},"mobile":{"background-color":"","background-image":"","background-repeat":"repeat","background-position":"center center","background-size":"auto","background-attachment":"scroll","background-type":"","background-media":"","overlay-type":"","overlay-color":"","overlay-opacity":"","overlay-gradient":""}},"ast-content-background-meta":{"desktop":{"background-color":"var(--ast-global-color-5)","background-image":"","background-repeat":"repeat","background-position":"center center","background-size":"auto","background-attachment":"scroll","background-type":"","background-media":"","overlay-type":"","overlay-color":"","overlay-opacity":"","overlay-gradient":""},"tablet":{"background-color":"var(--ast-global-color-5)","background-image":"","background-repeat":"repeat","background-position":"center center","background-size":"auto","background-attachment":"scroll","background-type":"","background-media":"","overlay-type":"","overlay-color":"","overlay-opacity":"","overlay-gradient":""},"mobile":{"background-color":"var(--ast-global-color-5)","background-image":"","background-repeat":"repeat","background-position":"center center","background-size":"auto","background-attachment":"scroll","background-type":"","background-media":"","overlay-type":"","overlay-color":"","overlay-opacity":"","overlay-gradient":""}},"footnotes":""},"categories":[16,9],"tags":[],"class_list":["post-30839","post","type-post","status-publish","format-standard","has-post-thumbnail","hentry","category-noticia-destacada","category-salud"],"aioseo_notices":[],"uagb_featured_image_src":{"full":["https:\/\/agencia.unq.edu.ar\/wp-content\/uploads\/2025\/08\/Psicologia-.jpg",1040,420,false],"thumbnail":["https:\/\/agencia.unq.edu.ar\/wp-content\/uploads\/2025\/08\/Psicologia-.jpg",150,61,false],"medium":["https:\/\/agencia.unq.edu.ar\/wp-content\/uploads\/2025\/08\/Psicologia-.jpg",960,388,false],"medium_large":["https:\/\/agencia.unq.edu.ar\/wp-content\/uploads\/2025\/08\/Psicologia-.jpg",768,310,false],"large":["https:\/\/agencia.unq.edu.ar\/wp-content\/uploads\/2025\/08\/Psicologia-.jpg",1040,420,false],"1536x1536":["https:\/\/agencia.unq.edu.ar\/wp-content\/uploads\/2025\/08\/Psicologia-.jpg",1040,420,false],"2048x2048":["https:\/\/agencia.unq.edu.ar\/wp-content\/uploads\/2025\/08\/Psicologia-.jpg",1040,420,false]},"uagb_author_info":{"display_name":"Luciana Mazzini Puga","author_link":"https:\/\/agencia.unq.edu.ar\/?author=4"},"uagb_comment_info":0,"uagb_excerpt":"La Fundaci\u00f3n Soberan\u00eda Sanitaria se\u00f1ala que en la provincia de Buenos Aires las internaciones pasaron de 28.451 en 2019 a 45.785 en 2024.","blog_post_layout_featured_media_urls":{"thumbnail":["https:\/\/agencia.unq.edu.ar\/wp-content\/uploads\/2025\/08\/Psicologia-.jpg",150,61,false],"full":["https:\/\/agencia.unq.edu.ar\/wp-content\/uploads\/2025\/08\/Psicologia-.jpg",1040,420,false]},"categories_names":{"16":{"name":"Noticia destacada","link":"https:\/\/agencia.unq.edu.ar\/?cat=16"},"9":{"name":"Salud","link":"https:\/\/agencia.unq.edu.ar\/?cat=9"}},"tags_names":[],"comments_number":"0","_links":{"self":[{"href":"https:\/\/agencia.unq.edu.ar\/index.php?rest_route=\/wp\/v2\/posts\/30839","targetHints":{"allow":["GET"]}}],"collection":[{"href":"https:\/\/agencia.unq.edu.ar\/index.php?rest_route=\/wp\/v2\/posts"}],"about":[{"href":"https:\/\/agencia.unq.edu.ar\/index.php?rest_route=\/wp\/v2\/types\/post"}],"author":[{"embeddable":true,"href":"https:\/\/agencia.unq.edu.ar\/index.php?rest_route=\/wp\/v2\/users\/4"}],"replies":[{"embeddable":true,"href":"https:\/\/agencia.unq.edu.ar\/index.php?rest_route=%2Fwp%2Fv2%2Fcomments&post=30839"}],"version-history":[{"count":7,"href":"https:\/\/agencia.unq.edu.ar\/index.php?rest_route=\/wp\/v2\/posts\/30839\/revisions"}],"predecessor-version":[{"id":30857,"href":"https:\/\/agencia.unq.edu.ar\/index.php?rest_route=\/wp\/v2\/posts\/30839\/revisions\/30857"}],"wp:featuredmedia":[{"embeddable":true,"href":"https:\/\/agencia.unq.edu.ar\/index.php?rest_route=\/wp\/v2\/media\/30840"}],"wp:attachment":[{"href":"https:\/\/agencia.unq.edu.ar\/index.php?rest_route=%2Fwp%2Fv2%2Fmedia&parent=30839"}],"wp:term":[{"taxonomy":"category","embeddable":true,"href":"https:\/\/agencia.unq.edu.ar\/index.php?rest_route=%2Fwp%2Fv2%2Fcategories&post=30839"},{"taxonomy":"post_tag","embeddable":true,"href":"https:\/\/agencia.unq.edu.ar\/index.php?rest_route=%2Fwp%2Fv2%2Ftags&post=30839"}],"curies":[{"name":"wp","href":"https:\/\/api.w.org\/{rel}","templated":true}]}}