{"id":31063,"date":"2025-08-25T15:31:05","date_gmt":"2025-08-25T18:31:05","guid":{"rendered":"https:\/\/agencia.unq.edu.ar\/?p=31063"},"modified":"2026-03-17T15:25:38","modified_gmt":"2026-03-17T18:25:38","slug":"lanzan-la-guia-ema-un-documento-para-abordar-la-violencia-digital-en-las-escuelas","status":"publish","type":"post","link":"https:\/\/agencia.unq.edu.ar\/?p=31063","title":{"rendered":"Lanzan la \u201cGu\u00eda Ema\u201d, un documento para abordar la violencia digital en las escuelas"},"content":{"rendered":"\n<p class=\"wp-embed-aspect-16-9 wp-has-aspect-ratio has-medium-font-size\" id=\"block-e7a9ff36-ee0c-4796-9d2e-1fd69773da3a\">Forma parte de un proyecto de ley que apunta a prevenir la difusi\u00f3n de im\u00e1genes \u00edntimas sin consentimiento. <\/p>\n\n\n\n<figure class=\"wp-block-image aligncenter size-full\" id=\"block-c3ee2a7f-4bf9-43dd-a0f6-8acc1087bdbe\"><img loading=\"lazy\" decoding=\"async\" width=\"1040\" height=\"420\" src=\"https:\/\/agencia.unq.edu.ar\/wp-content\/uploads\/2025\/08\/Ema.jpg\" alt=\"El documento se puede descargar de manera gratuita en la web de Faro Digital o Gentic. Cr\u00e9ditos: Tiempo Argentino.\" class=\"wp-image-31064\"\/><figcaption class=\"wp-element-caption\">El documento se puede descargar de manera gratuita en la web de Faro Digital o Gentic. Cr\u00e9ditos: Tiempo Argentino.<\/figcaption><\/figure>\n\n\n\n<p class=\"wp-embed-aspect-16-9 wp-has-aspect-ratio\" id=\"block-792ca364-1b8e-4135-8180-b4418ab97e95\">Hace un a\u00f1o Ema Bondaruk, una adolescente de 16 a\u00f1os de la localidad de Longchamps, se quit\u00f3 la vida luego de que un compa\u00f1ero de colegio difundiera fotos \u00edntimas sin su consentimiento. Hoy, junto con organizaciones y funcionarias pol\u00edticas de Uni\u00f3n por la Patria, su mam\u00e1 Laura S\u00e1nchez impulsa la Ley Ema, que incluye una <a href=\"https:\/\/farodigital.org\/wp-content\/uploads\/2025\/08\/EMA-editorial.pdf\" target=\"_blank\" rel=\"noopener\" title=\"\">gu\u00eda <\/a>de acceso gratuito y online para abordar la violencia digital en las escuelas. Pensado para docentes, no docentes, familias y estudiantes, la gu\u00eda propone herramientas para actuar ante casos de difusi\u00f3n de contenido \u00edntimo, de reparaci\u00f3n y otra informaci\u00f3n como leyes nacionales y tratados internacionales.<\/p>\n\n\n\n<p>\u201cEn agosto del a\u00f1o pasado parti\u00f3 Ema y en octubre comenzamos a pensar esta gu\u00eda. En aquel momento <strong>ten\u00eda un dolor lacerante, pero me d\u00ed cuenta que el paso de Ema durante 16 a\u00f1os por este mundo y por mi vida no pod\u00eda terminar ah\u00ed<\/strong>\u201d, recuerda <strong>Laura S\u00e1nchez <\/strong>a la <a href=\"https:\/\/agencia.unq.edu.ar\/\" target=\"_blank\" rel=\"noopener\" title=\"\">Agencia de Noticias Cient\u00edficas de la UNQ<\/a>. Y agrega: \u201cRecib\u00ed una catarata de mensajes de <strong>madres y docentes que me dec\u00edan que no sab\u00edan que exist\u00eda la violencia digital de g\u00e9nero, como yo<\/strong>. Le pasa a much\u00edsimas mujeres, por suerte no todas terminan con un tr\u00e1gico final, pero el da\u00f1o psicol\u00f3gico es irreparable<strong>. No le tiene que pasar a nadie m\u00e1s<\/strong>\u201d.<\/p>\n\n\n\n<p>La gu\u00eda se <strong>centra principalmente en un tipo espec\u00edfico de violencia digital de g\u00e9nero: la difusi\u00f3n de im\u00e1genes \u00edntimas sin consentimiento.<\/strong> Para ello, aporta conceptos novedosos y estrategias, como el de \u201cciudadan\u00eda digital\u201d al entender que<strong> todo lo que sucede en el plano virtual tambi\u00e9n ocurre en el tangible: todo es real e igual de importante.<\/strong> Tambi\u00e9n, aborda los marcos normativos vigentes y los tratados internacionales.<\/p>\n\n\n\n<p>As\u00ed, el <a href=\"https:\/\/www.mpd.gov.ar\/pdf\/PROYECTOLEYEMA.pdf\" target=\"_blank\" rel=\"noopener\" title=\"\">proyecto de ley Ema<\/a>, junto con la herramienta, busca responder una demanda concreta: <strong>c\u00f3mo la comunidad educativa debe actuar ante un caso de violencia digital y c\u00f3mo acompa\u00f1ar a los y las estudiantes<\/strong>. Seg\u00fan define el proyecto, la violencia digital es toda conducta, acci\u00f3n u omisi\u00f3n que sea cometida o agravada con el uso de tecnolog\u00edas con el objeto de causar da\u00f1os f\u00edsicos, psicol\u00f3gicos, econ\u00f3micos, sexuales o morales tanto en el \u00e1mbito privado como en el p\u00fablico.<\/p>\n\n\n\n<figure class=\"wp-block-embed is-type-wp-embed is-provider-agencia-de-noticias-cient-ficas-de-la-unq wp-block-embed-agencia-de-noticias-cient-ficas-de-la-unq\"><div class=\"wp-block-embed__wrapper\">\n<blockquote class=\"wp-embedded-content\" data-secret=\"VQlVvP1yKL\"><a href=\"https:\/\/agencia.unq.edu.ar\/?p=28292\">OlivIA: una comunicadora usa Chat GPT para crear una herramienta que detecta estereotipos de g\u00e9nero<\/a><\/blockquote><iframe loading=\"lazy\" class=\"wp-embedded-content\" sandbox=\"allow-scripts\" security=\"restricted\" style=\"position: absolute; visibility: hidden;\" title=\"&#8220;OlivIA: una comunicadora usa Chat GPT para crear una herramienta que detecta estereotipos de g\u00e9nero&#8221; &#8212; Agencia de Noticias Cient\u00edficas de la UNQ\" src=\"https:\/\/agencia.unq.edu.ar\/?p=28292&#038;embed=true#?secret=MCgdeAa8hd#?secret=VQlVvP1yKL\" data-secret=\"VQlVvP1yKL\" width=\"500\" height=\"282\" frameborder=\"0\" marginwidth=\"0\" marginheight=\"0\" scrolling=\"no\"><\/iframe>\n<\/div><\/figure>\n\n\n\n<p>Se contempla, por ejemplo, la <strong>reproducci\u00f3n, comercializaci\u00f3n, y difusi\u00f3n, sin consentimiento del titular de la imagen, de material digital \u00edntimo sexual<\/strong>, er\u00f3tico o de desnudez, real o editado. Tambi\u00e9n, comprende la<strong> reproducci\u00f3n en el espacio digital de discursos de odio mis\u00f3ginos y patrones estereotipados sexistas<\/strong>, o situaciones de acoso, <strong>amenaza o extorsi\u00f3n digital,<\/strong> control o espionaje de la actividad virtual.&nbsp;<\/p>\n\n\n\n<p>Esto es fundamental si se tiene en cuenta que, seg\u00fan Amnist\u00eda Internacional,<strong> una de cada tres mujeres sufri\u00f3 violencia en las redes sociales y el 59 por ciento recibi\u00f3 mensajes sexuales y mis\u00f3ginos<\/strong>. Asimismo, el 70 por ciento que sufri\u00f3 abuso o acoso online hizo cambios en la forma en que usa las plataformas y el 36 por ciento dej\u00f3 de publicar o compartir contenidos que expresaban su posici\u00f3n sobre ciertos temas.<\/p>\n\n\n\n<h2 class=\"wp-block-heading\">El foco en la escolaridad<\/h2>\n\n\n\n<p>De esta manera, el proyecto de ley propone en primer lugar <strong>crear el Programa Nacional de Prevenci\u00f3n y Abordaje Integral de la Violencia Digital en \u00c1mbitos Educativos.<\/strong> El objetivo es<strong> establecer pol\u00edticas p\u00fablicas, acciones y herramientas que promuevan el derecho a la educaci\u00f3n digital libre de violencias.<\/strong> A su vez, busca alcanzar a todos los estudiantes, docentes y familias que forman parte de establecimientos comprendidos en el Sistema Educativo Nacional.&nbsp;<\/p>\n\n\n\n<p>\u201c<strong>Es una ley pensada exclusivamente para el \u00e1mbito escolar y para adolescentes pares. Despu\u00e9s, existen otras leyes como la Ley Olimpia y la Ley Bel\u00e9n.<\/strong> La primera est\u00e1 vigente y, a la normativa que ya tenemos de violencias contra la mujer, le suma <strong>una nueva que sucede en entornos digitales<\/strong>. En tanto que, la Ley Bel\u00e9n a\u00fan no est\u00e1 vigente y busca modificar el C\u00f3digo Penal para que <strong>se condene a quienes compartan o distribuyan contenido \u00edntimo sin consentimiento<\/strong>\u201d, relata <strong>Milagros Schroder<\/strong>, coordinadora en el \u00e1rea de Educaci\u00f3n en Faro Digital, a la <a href=\"https:\/\/agencia.unq.edu.ar\/\" target=\"_blank\" rel=\"noopener\" title=\"\">Agencia<\/a>.<\/p>\n\n\n\n<p>Tanto el proyecto como la gu\u00eda fueron presentados en la C\u00e1mara de Diputados por iniciativa de la diputada M\u00f3nica Macha, Olimpia Coral Melo, referente mexicana en la lucha contra la violencia digital e impulsora de la Ley Olimpia; y Laura S\u00e1nchez. Mientras el proyecto atraviesa todas las instancias burocr\u00e1ticas de una posible nueva normativa, <strong>la gu\u00eda ya est\u00e1 de acceso libre y gratuito en la web de Faro Digital y de Gentic, dos de las organizaciones encargadas de llevarla adelante.<\/strong>&nbsp;<\/p>\n\n\n\n<p class=\"wp-embed-aspect-16-9 wp-has-aspect-ratio\" id=\"block-792ca364-1b8e-4135-8180-b4418ab97e95\">Schroder comenta: \u201c<strong>La mayor\u00eda de los casos donde se difunden im\u00e1genes son de mujeres y es \u00fanicamente por su condici\u00f3n de ser mujeres. <\/strong>En la gu\u00eda abordamos por qu\u00e9 esto es una violencia de g\u00e9nero, qu\u00e9 tiene que ver con los estereotipos femeninos y masculinos y con la hipersexualizaci\u00f3n. Tambi\u00e9n, estamos abiertos a que la gente env\u00ede sus recomendaciones para la gu\u00eda ya que es una herramienta en construcci\u00f3n\u201d.<\/p>\n\n\n\n<p class=\"wp-embed-aspect-16-9 wp-has-aspect-ratio\" id=\"block-792ca364-1b8e-4135-8180-b4418ab97e95\">La gu\u00eda fue elaborada por la familia de Ema Bondaruk, junto con las organizaciones Faro Digital, Ley Olimpia Argentina, Gentic, Defensoras Digitales de M\u00e9xico, Fundaci\u00f3n Encuentro por la Participaci\u00f3n Ciudadana y la Ampliaci\u00f3n de Derechos, y los Despachos de la Diputada Nacional M\u00f3nica Macha y la Senadora Provincial Laura Clark.<\/p>\n\n\n\n<p class=\"wp-embed-aspect-16-9 wp-has-aspect-ratio\" id=\"block-792ca364-1b8e-4135-8180-b4418ab97e95\"><\/p>\n\n\n\n<div class=\"wp-block-uagb-container uagb-block-e31d8b4a alignwide uagb-is-root-container\">\n<div class=\"wp-block-uagb-advanced-heading uagb-block-fd68d2f2\"><h4 class=\"uagb-heading-text\">\u00daltimas noticias de la secci\u00f3n Sociedad:<\/h4><\/div>\n\n\n\n\t\t\t<div class=\"wp-block-uagb-post-carousel uagb-post-grid  uagb-post__image-position-top uagb-post__image-enabled uagb-block-24e22604     uagb-post__arrow-outside uagb-slick-carousel uagb-post__items uagb-post__columns-3 is-carousel uagb-post__columns-tablet-2 uagb-post__columns-mobile-1\" data-total=\"41\" style=\"\">\n\n\t\t\t\t\t\t\t\t\t\t\t\t<article class=\"uagb-post__inner-wrap\">\t\t\t\t\t\t\t\t<div class='uagb-post__image'>\n\t\t\t\t\t\t\t\t\t<a href=\"https:\/\/agencia.unq.edu.ar\/?p=35853\" target=\"_self\" rel=\"bookmark noopener noreferrer\"><img loading=\"lazy\" decoding=\"async\" width=\"960\" height=\"388\" src=\"https:\/\/agencia.unq.edu.ar\/wp-content\/uploads\/2026\/04\/cosecha-soja-argentina.jpg\" class=\"attachment-medium size-medium\" alt=\"Cr\u00e9ditos: InfoCampo.\" \/>\t\t\t\t\t<\/a>\n\t\t\t\t\t\t\t\t\t<\/div>\n\t\t\t\t\t\t<h4 class=\"uagb-post__title uagb-post__text\">\n\t\t\t\t<a href=\"https:\/\/agencia.unq.edu.ar\/?p=35853\" target=\"_self\" rel=\"bookmark noopener noreferrer\">Solo tres cultivos cubren el 76 por ciento de la superficie total cosechada en Argentina<\/a>\n\t\t\t<\/h4>\n\t\t\t\t\t\t<div class='uagb-post__text uagb-post-grid-byline'>\n\t\t\t\t\t\t\t<\/div>\n\t\t\t\n\t\t\t\t\t\t\t\t\t<\/article>\n\t\t\t\t\t\t\t\t\t\t\t\t\t\t\t\t<article class=\"uagb-post__inner-wrap\">\t\t\t\t\t\t\t\t<div class='uagb-post__image'>\n\t\t\t\t\t\t\t\t\t<a href=\"https:\/\/agencia.unq.edu.ar\/?p=35695\" target=\"_self\" rel=\"bookmark noopener noreferrer\"><img loading=\"lazy\" decoding=\"async\" width=\"960\" height=\"388\" src=\"https:\/\/agencia.unq.edu.ar\/wp-content\/uploads\/2026\/04\/teletrabajo12.jpg\" class=\"attachment-medium size-medium\" alt=\"El trabajo remoto empieza a mover la aguja de la natalidad. Cr\u00e9ditos: TN online.\" \/>\t\t\t\t\t<\/a>\n\t\t\t\t\t\t\t\t\t<\/div>\n\t\t\t\t\t\t<h4 class=\"uagb-post__title uagb-post__text\">\n\t\t\t\t<a href=\"https:\/\/agencia.unq.edu.ar\/?p=35695\" target=\"_self\" rel=\"bookmark noopener noreferrer\">Home office y beb\u00e9s: por qu\u00e9 la fecundidad sube 14 por ciento en algunas parejas<\/a>\n\t\t\t<\/h4>\n\t\t\t\t\t\t<div class='uagb-post__text uagb-post-grid-byline'>\n\t\t\t\t\t\t\t<\/div>\n\t\t\t\n\t\t\t\t\t\t\t\t\t<\/article>\n\t\t\t\t\t\t\t\t\t\t\t\t\t\t\t\t<article class=\"uagb-post__inner-wrap\">\t\t\t\t\t\t\t\t<div class='uagb-post__image'>\n\t\t\t\t\t\t\t\t\t<a href=\"https:\/\/agencia.unq.edu.ar\/?p=35672\" target=\"_self\" rel=\"bookmark noopener noreferrer\"><img loading=\"lazy\" decoding=\"async\" width=\"960\" height=\"388\" src=\"https:\/\/agencia.unq.edu.ar\/wp-content\/uploads\/2026\/04\/Guia-amenazas-escuelas.jpg\" class=\"attachment-medium size-medium\" alt=\"Una docente frente a sus estudiantes. Cr\u00e9ditos: abc.gob.ar\" \/>\t\t\t\t\t<\/a>\n\t\t\t\t\t\t\t\t\t<\/div>\n\t\t\t\t\t\t<h4 class=\"uagb-post__title uagb-post__text\">\n\t\t\t\t<a href=\"https:\/\/agencia.unq.edu.ar\/?p=35672\" target=\"_self\" rel=\"bookmark noopener noreferrer\">Lanzan una gu\u00eda para actuar ante las amenazas de tiroteos en las escuelas<\/a>\n\t\t\t<\/h4>\n\t\t\t\t\t\t<div class='uagb-post__text uagb-post-grid-byline'>\n\t\t\t\t\t\t\t<\/div>\n\t\t\t\n\t\t\t\t\t\t\t\t\t<\/article>\n\t\t\t\t\t\t\t\t\t\t\t\t\t\t\t\t<article class=\"uagb-post__inner-wrap\">\t\t\t\t\t\t\t\t<div class='uagb-post__image'>\n\t\t\t\t\t\t\t\t\t<a href=\"https:\/\/agencia.unq.edu.ar\/?p=35292\" target=\"_self\" rel=\"bookmark noopener noreferrer\"><img loading=\"lazy\" decoding=\"async\" width=\"960\" height=\"388\" src=\"https:\/\/agencia.unq.edu.ar\/wp-content\/uploads\/2026\/04\/David-Foodphototasty-pescado.jpg\" class=\"attachment-medium size-medium\" alt=\"Las elecciones alimentarias comunican pertenencia, valores y fronteras culturales. Cr\u00e9dito: David Foodphototasty.\" \/>\t\t\t\t\t<\/a>\n\t\t\t\t\t\t\t\t\t<\/div>\n\t\t\t\t\t\t<h4 class=\"uagb-post__title uagb-post__text\">\n\t\t\t\t<a href=\"https:\/\/agencia.unq.edu.ar\/?p=35292\" target=\"_self\" rel=\"bookmark noopener noreferrer\">Dietas religiosas: \u00bfqu\u00e9 revela la ciencia sobre la comida en fechas sagradas?<\/a>\n\t\t\t<\/h4>\n\t\t\t\t\t\t<div class='uagb-post__text uagb-post-grid-byline'>\n\t\t\t\t\t\t\t<\/div>\n\t\t\t\n\t\t\t\t\t\t\t\t\t<\/article>\n\t\t\t\t\t\t\t\t\t\t\t\t\t\t\t\t<article class=\"uagb-post__inner-wrap\">\t\t\t\t\t\t\t\t<div class='uagb-post__image'>\n\t\t\t\t\t\t\t\t\t<a href=\"https:\/\/agencia.unq.edu.ar\/?p=35298\" target=\"_self\" rel=\"bookmark noopener noreferrer\"><img loading=\"lazy\" decoding=\"async\" width=\"960\" height=\"388\" src=\"https:\/\/agencia.unq.edu.ar\/wp-content\/uploads\/2026\/04\/Cementerio-de-Darwin-Malvinas.jpg\" class=\"attachment-medium size-medium\" alt=\"Hasta la fecha se identificaron 121 soldados inhumados en el Cementerio de Darwin. Cr\u00e9ditos: Aviaci\u00f3n Argentina.\" \/>\t\t\t\t\t<\/a>\n\t\t\t\t\t\t\t\t\t<\/div>\n\t\t\t\t\t\t<h4 class=\"uagb-post__title uagb-post__text\">\n\t\t\t\t<a href=\"https:\/\/agencia.unq.edu.ar\/?p=35298\" target=\"_self\" rel=\"bookmark noopener noreferrer\">\u201cGracias a la identificaci\u00f3n de los ca\u00eddos en Malvinas, cambi\u00f3 la forma en que los familiares miraron la muerte\u201d<\/a>\n\t\t\t<\/h4>\n\t\t\t\t\t\t<div class='uagb-post__text uagb-post-grid-byline'>\n\t\t\t\t\t\t\t<\/div>\n\t\t\t\n\t\t\t\t\t\t\t\t\t<\/article>\n\t\t\t\t\t\t\t\t\t\t\t\t\t\t\t\t<article class=\"uagb-post__inner-wrap\">\t\t\t\t\t\t\t\t<div class='uagb-post__image'>\n\t\t\t\t\t\t\t\t\t<a href=\"https:\/\/agencia.unq.edu.ar\/?p=35201\" target=\"_self\" rel=\"bookmark noopener noreferrer\"><img loading=\"lazy\" decoding=\"async\" width=\"960\" height=\"388\" src=\"https:\/\/agencia.unq.edu.ar\/wp-content\/uploads\/2026\/03\/pexels-adultos-mayores.jpg\" class=\"attachment-medium size-medium\" alt=\"La evidencia indica que sensores, apps y recordatorios sirven de apoyo diario, aunque la presencia, la empat\u00eda y la vida en comunidad siguen siendo clave. Cr\u00e9ditos: Pexels.\" \/>\t\t\t\t\t<\/a>\n\t\t\t\t\t\t\t\t\t<\/div>\n\t\t\t\t\t\t<h4 class=\"uagb-post__title uagb-post__text\">\n\t\t\t\t<a href=\"https:\/\/agencia.unq.edu.ar\/?p=35201\" target=\"_self\" rel=\"bookmark noopener noreferrer\">\u00bfPor qu\u00e9 la IA no reemplaza a los cuidadores de adultos mayores?<\/a>\n\t\t\t<\/h4>\n\t\t\t\t\t\t<div class='uagb-post__text uagb-post-grid-byline'>\n\t\t\t\t\t\t\t<\/div>\n\t\t\t\n\t\t\t\t\t\t\t\t\t<\/article>\n\t\t\t\t\t\t\t\t\t\t\t\t\t\t\t\t<article class=\"uagb-post__inner-wrap\">\t\t\t\t\t\t\t\t<div class='uagb-post__image'>\n\t\t\t\t\t\t\t\t\t<a href=\"https:\/\/agencia.unq.edu.ar\/?p=35101\" target=\"_self\" rel=\"bookmark noopener noreferrer\"><img loading=\"lazy\" decoding=\"async\" width=\"504\" height=\"204\" src=\"https:\/\/agencia.unq.edu.ar\/wp-content\/uploads\/2026\/03\/2026-03-26-Martin-Proscia-Manuel-Eguia-Antonio-Ortega-y-Dario-Ruiz.jpg\" class=\"attachment-medium size-medium\" alt=\"Mart\u00edn Proscia, Manuel Egu\u00eda, Antonio Ortega y Dar\u00edo Ruiz, integrantes del LAPSo\" \/>\t\t\t\t\t<\/a>\n\t\t\t\t\t\t\t\t\t<\/div>\n\t\t\t\t\t\t<h4 class=\"uagb-post__title uagb-post__text\">\n\t\t\t\t<a href=\"https:\/\/agencia.unq.edu.ar\/?p=35101\" target=\"_self\" rel=\"bookmark noopener noreferrer\">Investigadores de la UNQ desarrollaron una nueva t\u00e9cnica para crear sonidos<\/a>\n\t\t\t<\/h4>\n\t\t\t\t\t\t<div class='uagb-post__text uagb-post-grid-byline'>\n\t\t\t\t\t\t\t<\/div>\n\t\t\t\n\t\t\t\t\t\t\t\t\t<\/article>\n\t\t\t\t\t\t\t\t\t\t\t\t\t\t\t\t<article class=\"uagb-post__inner-wrap\">\t\t\t\t\t\t\t\t<div class='uagb-post__image'>\n\t\t\t\t\t\t\t\t\t<a href=\"https:\/\/agencia.unq.edu.ar\/?p=35088\" target=\"_self\" rel=\"bookmark noopener noreferrer\"><img loading=\"lazy\" decoding=\"async\" width=\"960\" height=\"388\" src=\"https:\/\/agencia.unq.edu.ar\/wp-content\/uploads\/2026\/03\/porno-1.jpg\" class=\"attachment-medium size-medium\" alt=\"La discusi\u00f3n ya no pasa solo por el contenido, sino por la facilidad con la que los menores pueden acceder a \u00e9l en plataformas digitales. Cr\u00e9ditos: El Pa\u00eds.\" \/>\t\t\t\t\t<\/a>\n\t\t\t\t\t\t\t\t\t<\/div>\n\t\t\t\t\t\t<h4 class=\"uagb-post__title uagb-post__text\">\n\t\t\t\t<a href=\"https:\/\/agencia.unq.edu.ar\/?p=35088\" target=\"_self\" rel=\"bookmark noopener noreferrer\">Porno online: Europa apunta a las plataformas por no proteger a los menores<\/a>\n\t\t\t<\/h4>\n\t\t\t\t\t\t<div class='uagb-post__text uagb-post-grid-byline'>\n\t\t\t\t\t\t\t<\/div>\n\t\t\t\n\t\t\t\t\t\t\t\t\t<\/article>\n\t\t\t\t\t\t\t\t\t\t\t<\/div>\n\t\t\t<\/div>\n","protected":false},"excerpt":{"rendered":"<p>Forma parte de un proyecto de ley que apunta a prevenir la difusi\u00f3n de im\u00e1genes \u00edntimas sin consentimiento. <\/p>\n","protected":false},"author":4,"featured_media":31064,"comment_status":"open","ping_status":"closed","sticky":false,"template":"","format":"standard","meta":{"_uag_custom_page_level_css":"","_monsterinsights_skip_tracking":false,"_monsterinsights_sitenote_active":false,"_monsterinsights_sitenote_note":"","_monsterinsights_sitenote_category":0,"site-sidebar-layout":"default","site-content-layout":"","ast-site-content-layout":"default","site-content-style":"default","site-sidebar-style":"default","ast-global-header-display":"","ast-banner-title-visibility":"","ast-main-header-display":"","ast-hfb-above-header-display":"","ast-hfb-below-header-display":"","ast-hfb-mobile-header-display":"","site-post-title":"","ast-breadcrumbs-content":"","ast-featured-img":"","footer-sml-layout":"","ast-disable-related-posts":"","theme-transparent-header-meta":"","adv-header-id-meta":"","stick-header-meta":"","header-above-stick-meta":"","header-main-stick-meta":"","header-below-stick-meta":"","astra-migrate-meta-layouts":"default","ast-page-background-enabled":"default","ast-page-background-meta":{"desktop":{"background-color":"var(--ast-global-color-4)","background-image":"","background-repeat":"repeat","background-position":"center center","background-size":"auto","background-attachment":"scroll","background-type":"","background-media":"","overlay-type":"","overlay-color":"","overlay-opacity":"","overlay-gradient":""},"tablet":{"background-color":"","background-image":"","background-repeat":"repeat","background-position":"center center","background-size":"auto","background-attachment":"scroll","background-type":"","background-media":"","overlay-type":"","overlay-color":"","overlay-opacity":"","overlay-gradient":""},"mobile":{"background-color":"","background-image":"","background-repeat":"repeat","background-position":"center center","background-size":"auto","background-attachment":"scroll","background-type":"","background-media":"","overlay-type":"","overlay-color":"","overlay-opacity":"","overlay-gradient":""}},"ast-content-background-meta":{"desktop":{"background-color":"var(--ast-global-color-5)","background-image":"","background-repeat":"repeat","background-position":"center center","background-size":"auto","background-attachment":"scroll","background-type":"","background-media":"","overlay-type":"","overlay-color":"","overlay-opacity":"","overlay-gradient":""},"tablet":{"background-color":"var(--ast-global-color-5)","background-image":"","background-repeat":"repeat","background-position":"center center","background-size":"auto","background-attachment":"scroll","background-type":"","background-media":"","overlay-type":"","overlay-color":"","overlay-opacity":"","overlay-gradient":""},"mobile":{"background-color":"var(--ast-global-color-5)","background-image":"","background-repeat":"repeat","background-position":"center center","background-size":"auto","background-attachment":"scroll","background-type":"","background-media":"","overlay-type":"","overlay-color":"","overlay-opacity":"","overlay-gradient":""}},"footnotes":""},"categories":[16,363],"tags":[909],"class_list":["post-31063","post","type-post","status-publish","format-standard","has-post-thumbnail","hentry","category-noticia-destacada","category-sociedad","tag-cultura-digital"],"aioseo_notices":[],"uagb_featured_image_src":{"full":["https:\/\/agencia.unq.edu.ar\/wp-content\/uploads\/2025\/08\/Ema.jpg",1040,420,false],"thumbnail":["https:\/\/agencia.unq.edu.ar\/wp-content\/uploads\/2025\/08\/Ema.jpg",150,61,false],"medium":["https:\/\/agencia.unq.edu.ar\/wp-content\/uploads\/2025\/08\/Ema.jpg",960,388,false],"medium_large":["https:\/\/agencia.unq.edu.ar\/wp-content\/uploads\/2025\/08\/Ema.jpg",768,310,false],"large":["https:\/\/agencia.unq.edu.ar\/wp-content\/uploads\/2025\/08\/Ema.jpg",1040,420,false],"1536x1536":["https:\/\/agencia.unq.edu.ar\/wp-content\/uploads\/2025\/08\/Ema.jpg",1040,420,false],"2048x2048":["https:\/\/agencia.unq.edu.ar\/wp-content\/uploads\/2025\/08\/Ema.jpg",1040,420,false]},"uagb_author_info":{"display_name":"Luciana Mazzini Puga","author_link":"https:\/\/agencia.unq.edu.ar\/?author=4"},"uagb_comment_info":0,"uagb_excerpt":"Forma parte de un proyecto de ley que apunta a prevenir la difusi\u00f3n de im\u00e1genes \u00edntimas sin consentimiento.","blog_post_layout_featured_media_urls":{"thumbnail":["https:\/\/agencia.unq.edu.ar\/wp-content\/uploads\/2025\/08\/Ema.jpg",150,61,false],"full":["https:\/\/agencia.unq.edu.ar\/wp-content\/uploads\/2025\/08\/Ema.jpg",1040,420,false]},"categories_names":{"16":{"name":"Noticia destacada","link":"https:\/\/agencia.unq.edu.ar\/?cat=16"},"363":{"name":"Sociedad","link":"https:\/\/agencia.unq.edu.ar\/?cat=363"}},"tags_names":{"909":{"name":"Cultura digital","link":"https:\/\/agencia.unq.edu.ar\/?tag=cultura-digital"}},"comments_number":"0","_links":{"self":[{"href":"https:\/\/agencia.unq.edu.ar\/index.php?rest_route=\/wp\/v2\/posts\/31063","targetHints":{"allow":["GET"]}}],"collection":[{"href":"https:\/\/agencia.unq.edu.ar\/index.php?rest_route=\/wp\/v2\/posts"}],"about":[{"href":"https:\/\/agencia.unq.edu.ar\/index.php?rest_route=\/wp\/v2\/types\/post"}],"author":[{"embeddable":true,"href":"https:\/\/agencia.unq.edu.ar\/index.php?rest_route=\/wp\/v2\/users\/4"}],"replies":[{"embeddable":true,"href":"https:\/\/agencia.unq.edu.ar\/index.php?rest_route=%2Fwp%2Fv2%2Fcomments&post=31063"}],"version-history":[{"count":4,"href":"https:\/\/agencia.unq.edu.ar\/index.php?rest_route=\/wp\/v2\/posts\/31063\/revisions"}],"predecessor-version":[{"id":31101,"href":"https:\/\/agencia.unq.edu.ar\/index.php?rest_route=\/wp\/v2\/posts\/31063\/revisions\/31101"}],"wp:featuredmedia":[{"embeddable":true,"href":"https:\/\/agencia.unq.edu.ar\/index.php?rest_route=\/wp\/v2\/media\/31064"}],"wp:attachment":[{"href":"https:\/\/agencia.unq.edu.ar\/index.php?rest_route=%2Fwp%2Fv2%2Fmedia&parent=31063"}],"wp:term":[{"taxonomy":"category","embeddable":true,"href":"https:\/\/agencia.unq.edu.ar\/index.php?rest_route=%2Fwp%2Fv2%2Fcategories&post=31063"},{"taxonomy":"post_tag","embeddable":true,"href":"https:\/\/agencia.unq.edu.ar\/index.php?rest_route=%2Fwp%2Fv2%2Ftags&post=31063"}],"curies":[{"name":"wp","href":"https:\/\/api.w.org\/{rel}","templated":true}]}}