{"id":31306,"date":"2025-09-11T13:14:14","date_gmt":"2025-09-11T16:14:14","guid":{"rendered":"https:\/\/agencia.unq.edu.ar\/?p=31306"},"modified":"2025-09-16T12:02:22","modified_gmt":"2025-09-16T15:02:22","slug":"que-sigue-para-las-universidades-publicas-despues-del-veto-presidencial","status":"publish","type":"post","link":"https:\/\/agencia.unq.edu.ar\/?p=31306","title":{"rendered":"\u00bfQu\u00e9 sigue para las universidades p\u00fablicas despu\u00e9s del veto presidencial?"},"content":{"rendered":"\n<p class=\"wp-embed-aspect-16-9 wp-has-aspect-ratio has-medium-font-size\" id=\"block-e7a9ff36-ee0c-4796-9d2e-1fd69773da3a\">El proyecto de Ley deber\u00e1 volver al Congreso y la comunidad educativa prepara una nueva Marcha Federal.<\/p>\n\n\n\n<figure class=\"wp-block-image aligncenter size-full\" id=\"block-c3ee2a7f-4bf9-43dd-a0f6-8acc1087bdbe\"><img loading=\"lazy\" decoding=\"async\" width=\"1040\" height=\"420\" src=\"https:\/\/agencia.unq.edu.ar\/wp-content\/uploads\/2025\/09\/Veto-Financiamiento-Universitario-.jpg\" alt=\"Cr\u00e9ditos: Infobae.\" class=\"wp-image-31307\"\/><figcaption class=\"wp-element-caption\">Cr\u00e9ditos: Infobae. <\/figcaption><\/figure>\n\n\n\n<p class=\"wp-embed-aspect-16-9 wp-has-aspect-ratio\" id=\"block-792ca364-1b8e-4135-8180-b4418ab97e95\">El presidente de la Naci\u00f3n vet\u00f3 por segundo a\u00f1o consecutivo la Ley de Financiamiento Universitario. A pesar de que la nueva norma no afecta al equilibrio fiscal y estipula de d\u00f3nde sacar los fondos, el gobierno eligi\u00f3 la excusa del aumento del gasto p\u00fablico, la inflaci\u00f3n y la pobreza. \u201cDicho gasto genera un desequilibrio fiscal que mina la estabilidad macroecon\u00f3mica y, por ende, se traduce en perjuicios concretos para la poblaci\u00f3n, especialmente para los sectores m\u00e1s vulnerables\u201d, argumentaron en el Bolet\u00edn Oficial. Ahora, el tr\u00e1mite deber\u00e1 volver al Congreso de la Naci\u00f3n. All\u00ed, los legisladores tendr\u00e1n la oportunidad de rechazar el veto, como lo hicieron con el INTI, el INTA y el Banco Nacional de Datos Gen\u00e9ticos. Mientras tanto, los trabajadores docentes y no docentes realizar\u00e1n este viernes un paro de 24 horas en todas las Casas de Altos Estudios y la comunidad educativa prepara la tercera Marcha Federal Universitaria, que coincidir\u00e1 con el debate en la C\u00e1mara de Diputados.<\/p>\n\n\n\n<p>\u201cTen\u00edamos la esperanza de que el Poder Ejecutivo entienda que esto no genera ning\u00fan d\u00e9ficit. <strong>No es cierto lo que dicen desde el gobierno. Ahora convocamos a la conciencia nacional de los diputados para que acompa\u00f1en la Ley<\/strong>\u201d, dijo <strong>Oscar Alpa<\/strong>, rector de la Universidad Nacional de La Pampa y presidente del Consejo Interuniversitario Nacional (CIN), en conferencia de prensa.<\/p>\n\n\n\n<p>Desde el gobierno nacional advirtieron que la implementaci\u00f3n de la Ley implicar\u00eda un costo superior a un bill\u00f3n de pesos y que promulgar la medida \u201cdificultar\u00eda gravemente la sostenibilidad de las finanzas p\u00fablicas\u201d del pa\u00eds. Sin embargo, el vicepresidente del CIN y rector de la Universidad Nacional de Rosario,<strong> Franco Bartolacci<\/strong>, resalt\u00f3 en conferencia de prensa que <strong>esa inversi\u00f3n es del 0,14 por ciento del PBI<\/strong>.<\/p>\n\n\n\n<p>\u201cNecesitamos con urgencia que el Congreso pueda sostener la Ley cuando trate el veto. La educaci\u00f3n superior no es un gasto, es una inversi\u00f3n. <strong>Vamos a trabajar de aqu\u00ed a la sesi\u00f3n para sensibilizar a los legisladores y conversar con la sociedad argentina sobre la importancia del proyecto<\/strong>\u201d, agreg\u00f3 Bartolacci. <\/p>\n\n\n\n<p><strong>El tratamiento en la C\u00e1mara de Diputados todav\u00eda no tiene una fecha establecida. No obstante, se estima que podr\u00eda ser el mi\u00e9rcoles 17 o el mi\u00e9rcoles 24 de septiembre<\/strong>. All\u00ed, para lograr el primer paso y seguir adelante, los legisladores deber\u00e1n reunir dos tercios de los votos. Si eso sucede, el proyecto original pasar\u00e1 a la C\u00e1mara de Senadores, quienes podr\u00e1n voltear o confirmar la decisi\u00f3n del Ejecutivo. De lo contrario, el veto se ratificar\u00e1 y el gobierno nacional obtendr\u00e1 otra victoria.<\/p>\n\n\n\n<p>Por lo pronto, <strong>durante la jornada del jueves se desarrollan diferentes acciones de visibilizaci\u00f3n en todas las universidades p\u00fablicas del pa\u00eds, y ma\u00f1ana todos los gremios realizar\u00e1n un paro de 24 horas<\/strong>. Adem\u00e1s de la conferencia de prensa realizada por el CIN, diferentes personalidades, facultades y universidades ya se expresaron en redes sociales.<\/p>\n\n\n\n<p>Por ejemplo, el abogado Andr\u00e9s Gil Dom\u00ednguez sostuvo que <strong>el veto es inconstitucional ya que \u201catenta directamente contra la autonom\u00eda y autarqu\u00eda de las universidades nacionales, lesiona el derecho de ense\u00f1ar y aprender tanto en la faz individual como colectiva, y configura un nuevo ejemplo de ejercicio de poder autocr\u00e1tico<\/strong> en materia econ\u00f3mica y financiera\u201d. A su vez, remarc\u00f3 que los argumentos que utiliza el gobierno \u201ccarecen de sustento real\u201d.<\/p>\n\n\n\n<p>Desde la Facultad de Ciencias Exactas y Naturales de la UBA ya convocaron a un \u201cgran abrazo\u201d, que se realizar\u00e1 en la previa de la tercera Marcha Federal Universitaria. En el caso de las universidades nacionales de Tierra del Fuego y Quilmes, ambas publicaron videos en redes sociales bajo el lema es \u201c<strong>Sigamos siendo lo que somos<\/strong>\u201d.<\/p>\n\n\n\n<figure class=\"wp-block-embed is-type-video is-provider-youtube wp-block-embed-youtube wp-embed-aspect-16-9 wp-has-aspect-ratio\"><div class=\"wp-block-embed__wrapper\">\n<iframe loading=\"lazy\" title=\"Spot - Sigamos siendo lo que somos\" width=\"500\" height=\"281\" src=\"https:\/\/www.youtube.com\/embed\/MakqZF9Ve3Y?feature=oembed\" frameborder=\"0\" allow=\"accelerometer; autoplay; clipboard-write; encrypted-media; gyroscope; picture-in-picture; web-share\" referrerpolicy=\"strict-origin-when-cross-origin\" allowfullscreen><\/iframe>\n<\/div><\/figure>\n\n\n\n<p><\/p>\n\n\n\n<div class=\"wp-block-uagb-container uagb-block-dd9b3044 alignwide uagb-is-root-container\">\n<div class=\"wp-block-uagb-advanced-heading uagb-block-3482af2f\"><h4 class=\"uagb-heading-text\">\u00daltimas noticias de la secci\u00f3n Pol\u00edtica:<\/h4><\/div>\n\n\n\n\t\t\t<div class=\"wp-block-uagb-post-carousel uagb-post-grid  uagb-post__image-position-top uagb-post__image-enabled uagb-block-c0e21101     uagb-post__arrow-outside uagb-slick-carousel uagb-post__items uagb-post__columns-3 is-carousel uagb-post__columns-tablet-2 uagb-post__columns-mobile-1\" data-total=\"31\" style=\"\">\n\n\t\t\t\t\t\t\t\t\t\t\t\t<article class=\"uagb-post__inner-wrap\">\t\t\t\t\t\t\t\t<div class='uagb-post__image'>\n\t\t\t\t\t\t\t\t\t<a href=\"https:\/\/agencia.unq.edu.ar\/?p=35850\" target=\"_self\" rel=\"bookmark noopener noreferrer\"><img loading=\"lazy\" decoding=\"async\" width=\"960\" height=\"388\" src=\"https:\/\/agencia.unq.edu.ar\/wp-content\/uploads\/2026\/04\/carta-abierta-clarin.jpg\" class=\"attachment-medium size-medium\" alt=\"Horacio Gonz\u00e1lez en una charla de Carta Abierta, en la Facultad de filosof\u00eda y letras.\" \/>\t\t\t\t\t<\/a>\n\t\t\t\t\t\t\t\t\t<\/div>\n\t\t\t\t\t\t<h4 class=\"uagb-post__title uagb-post__text\">\n\t\t\t\t<a href=\"https:\/\/agencia.unq.edu.ar\/?p=35850\" target=\"_self\" rel=\"bookmark noopener noreferrer\">\u201cDebate p\u00fablico en Argentina\u201d: el libro que recupera la experiencia de Carta Abierta<\/a>\n\t\t\t<\/h4>\n\t\t\t\t\t\t<div class='uagb-post__text uagb-post-grid-byline'>\n\t\t\t\t\t\t\t<\/div>\n\t\t\t\n\t\t\t\t\t\t\t\t\t<\/article>\n\t\t\t\t\t\t\t\t\t\t\t\t\t\t\t\t<article class=\"uagb-post__inner-wrap\">\t\t\t\t\t\t\t\t<div class='uagb-post__image'>\n\t\t\t\t\t\t\t\t\t<a href=\"https:\/\/agencia.unq.edu.ar\/?p=35830\" target=\"_self\" rel=\"bookmark noopener noreferrer\"><img loading=\"lazy\" decoding=\"async\" width=\"960\" height=\"388\" src=\"https:\/\/agencia.unq.edu.ar\/wp-content\/uploads\/2026\/04\/Javier-Milei-Peter-Thiel.jpg\" class=\"attachment-medium size-medium\" alt=\"Javier Milei junto a Peter Lamelas, embajador de EE.UU. en Argentina y Peter Thiel, fundador de Palantir. Cr\u00e9ditos: @OPRArgentina.\" \/>\t\t\t\t\t<\/a>\n\t\t\t\t\t\t\t\t\t<\/div>\n\t\t\t\t\t\t<h4 class=\"uagb-post__title uagb-post__text\">\n\t\t\t\t<a href=\"https:\/\/agencia.unq.edu.ar\/?p=35830\" target=\"_self\" rel=\"bookmark noopener noreferrer\">Palantir y Peter Thiel: \u00bfse acerca el tecnofascismo a la Argentina?<\/a>\n\t\t\t<\/h4>\n\t\t\t\t\t\t<div class='uagb-post__text uagb-post-grid-byline'>\n\t\t\t\t\t\t\t<\/div>\n\t\t\t\n\t\t\t\t\t\t\t\t\t<\/article>\n\t\t\t\t\t\t\t\t\t\t\t\t\t\t\t\t<article class=\"uagb-post__inner-wrap\">\t\t\t\t\t\t\t\t<div class='uagb-post__image'>\n\t\t\t\t\t\t\t\t\t<a href=\"https:\/\/agencia.unq.edu.ar\/?p=35757\" target=\"_self\" rel=\"bookmark noopener noreferrer\"><img loading=\"lazy\" decoding=\"async\" width=\"960\" height=\"388\" src=\"https:\/\/agencia.unq.edu.ar\/wp-content\/uploads\/2026\/04\/Marcha-universitaria-vista-general.jpg\" class=\"attachment-medium size-medium\" alt=\"Imagen panor\u00e1mica de la \u00faltima Marcha Federal. Cr\u00e9ditos: @vyp.drone.\" \/>\t\t\t\t\t<\/a>\n\t\t\t\t\t\t\t\t\t<\/div>\n\t\t\t\t\t\t<h4 class=\"uagb-post__title uagb-post__text\">\n\t\t\t\t<a href=\"https:\/\/agencia.unq.edu.ar\/?p=35757\" target=\"_self\" rel=\"bookmark noopener noreferrer\">Hasta que se cumpla: la comunidad universitaria realizar\u00e1 una nueva Marcha Federal<\/a>\n\t\t\t<\/h4>\n\t\t\t\t\t\t<div class='uagb-post__text uagb-post-grid-byline'>\n\t\t\t\t\t\t\t<\/div>\n\t\t\t\n\t\t\t\t\t\t\t\t\t<\/article>\n\t\t\t\t\t\t\t\t\t\t\t\t\t\t\t\t<article class=\"uagb-post__inner-wrap\">\t\t\t\t\t\t\t\t<div class='uagb-post__image'>\n\t\t\t\t\t\t\t\t\t<a href=\"https:\/\/agencia.unq.edu.ar\/?p=35638\" target=\"_self\" rel=\"bookmark noopener noreferrer\"><img loading=\"lazy\" decoding=\"async\" width=\"960\" height=\"388\" src=\"https:\/\/agencia.unq.edu.ar\/wp-content\/uploads\/2026\/04\/Roberto-Abdala-Al-borde-del-precipicio.jpg\" class=\"attachment-medium size-medium\" alt=\"Roberto Abdala en Al borde del precicipcio. Cr\u00e9ditos: Captura UNQ TV.\" \/>\t\t\t\t\t<\/a>\n\t\t\t\t\t\t\t\t\t<\/div>\n\t\t\t\t\t\t<h4 class=\"uagb-post__title uagb-post__text\">\n\t\t\t\t<a href=\"https:\/\/agencia.unq.edu.ar\/?p=35638\" target=\"_self\" rel=\"bookmark noopener noreferrer\">Roberto Abdala: \u201cSin presupuesto es muy dif\u00edcil pensar y so\u00f1ar una escuela distinta\u201d<\/a>\n\t\t\t<\/h4>\n\t\t\t\t\t\t<div class='uagb-post__text uagb-post-grid-byline'>\n\t\t\t\t\t\t\t<\/div>\n\t\t\t\n\t\t\t\t\t\t\t\t\t<\/article>\n\t\t\t\t\t\t\t\t\t\t\t\t\t\t\t\t<article class=\"uagb-post__inner-wrap\">\t\t\t\t\t\t\t\t<div class='uagb-post__image'>\n\t\t\t\t\t\t\t\t\t<a href=\"https:\/\/agencia.unq.edu.ar\/?p=35583\" target=\"_self\" rel=\"bookmark noopener noreferrer\"><img loading=\"lazy\" decoding=\"async\" width=\"960\" height=\"388\" src=\"https:\/\/agencia.unq.edu.ar\/wp-content\/uploads\/2024\/06\/INTI-despidos.jpg\" class=\"attachment-medium size-medium\" alt=\"Protesta realizada por los trabajadores del INTI contra los despidos. Cr\u00e9ditos: ATE-INTI.\" \/>\t\t\t\t\t<\/a>\n\t\t\t\t\t\t\t\t\t<\/div>\n\t\t\t\t\t\t<h4 class=\"uagb-post__title uagb-post__text\">\n\t\t\t\t<a href=\"https:\/\/agencia.unq.edu.ar\/?p=35583\" target=\"_self\" rel=\"bookmark noopener noreferrer\">El gobierno quiere quitarle m\u00e1s funciones al INTI y despedir 700 trabajadores<\/a>\n\t\t\t<\/h4>\n\t\t\t\t\t\t<div class='uagb-post__text uagb-post-grid-byline'>\n\t\t\t\t\t\t\t<\/div>\n\t\t\t\n\t\t\t\t\t\t\t\t\t<\/article>\n\t\t\t\t\t\t\t\t\t\t\t\t\t\t\t\t<article class=\"uagb-post__inner-wrap\">\t\t\t\t\t\t\t\t<div class='uagb-post__image'>\n\t\t\t\t\t\t\t\t\t<a href=\"https:\/\/agencia.unq.edu.ar\/?p=35568\" target=\"_self\" rel=\"bookmark noopener noreferrer\"><img loading=\"lazy\" decoding=\"async\" width=\"960\" height=\"388\" src=\"https:\/\/agencia.unq.edu.ar\/wp-content\/uploads\/2026\/04\/unsplash.jpg\" class=\"attachment-medium size-medium\" alt=\"Sin botiquines completos, crecen las dificultades para sostener controles, prevenir cuadros graves y evitar derivaciones. Cr\u00e9ditos: Unplash.\" \/>\t\t\t\t\t<\/a>\n\t\t\t\t\t\t\t\t\t<\/div>\n\t\t\t\t\t\t<h4 class=\"uagb-post__title uagb-post__text\">\n\t\t\t\t<a href=\"https:\/\/agencia.unq.edu.ar\/?p=35568\" target=\"_self\" rel=\"bookmark noopener noreferrer\">Golpe a la salud p\u00fablica: \u00bfc\u00f3mo impacta la baja del Programa Remediar que dispuso el gobierno?<\/a>\n\t\t\t<\/h4>\n\t\t\t\t\t\t<div class='uagb-post__text uagb-post-grid-byline'>\n\t\t\t\t\t\t\t<\/div>\n\t\t\t\n\t\t\t\t\t\t\t\t\t<\/article>\n\t\t\t\t\t\t\t\t\t\t\t\t\t\t\t\t<article class=\"uagb-post__inner-wrap\">\t\t\t\t\t\t\t\t<div class='uagb-post__image'>\n\t\t\t\t\t\t\t\t\t<a href=\"https:\/\/agencia.unq.edu.ar\/?p=35529\" target=\"_self\" rel=\"bookmark noopener noreferrer\"><img loading=\"lazy\" decoding=\"async\" width=\"960\" height=\"388\" src=\"https:\/\/agencia.unq.edu.ar\/wp-content\/uploads\/2026\/04\/educacion-IA.jpg\" class=\"attachment-medium size-medium\" alt=\"El nuevo Observatorio regional apunta a transformar sistemas educativos con evidencia y escala. Cr\u00e9dito: Istock.\" \/>\t\t\t\t\t<\/a>\n\t\t\t\t\t\t\t\t\t<\/div>\n\t\t\t\t\t\t<h4 class=\"uagb-post__title uagb-post__text\">\n\t\t\t\t<a href=\"https:\/\/agencia.unq.edu.ar\/?p=35529\" target=\"_self\" rel=\"bookmark noopener noreferrer\">La UNESCO lanz\u00f3 un Observatorio regional para integrar la IA en la educaci\u00f3n<\/a>\n\t\t\t<\/h4>\n\t\t\t\t\t\t<div class='uagb-post__text uagb-post-grid-byline'>\n\t\t\t\t\t\t\t<\/div>\n\t\t\t\n\t\t\t\t\t\t\t\t\t<\/article>\n\t\t\t\t\t\t\t\t\t\t\t\t\t\t\t\t<article class=\"uagb-post__inner-wrap\">\t\t\t\t\t\t\t\t<div class='uagb-post__image'>\n\t\t\t\t\t\t\t\t\t<a href=\"https:\/\/agencia.unq.edu.ar\/?p=35512\" target=\"_self\" rel=\"bookmark noopener noreferrer\"><img loading=\"lazy\" decoding=\"async\" width=\"960\" height=\"388\" src=\"https:\/\/agencia.unq.edu.ar\/wp-content\/uploads\/2026\/04\/Emmanuel-Macron.jpg\" class=\"attachment-medium size-medium\" alt=\"Emmanuel Macron, presidente de Francia. Cr\u00e9ditos: Britannica.\" \/>\t\t\t\t\t<\/a>\n\t\t\t\t\t\t\t\t\t<\/div>\n\t\t\t\t\t\t<h4 class=\"uagb-post__title uagb-post__text\">\n\t\t\t\t<a href=\"https:\/\/agencia.unq.edu.ar\/?p=35512\" target=\"_self\" rel=\"bookmark noopener noreferrer\">Francia avanza hacia la soberan\u00eda digital y abandona Windows: \u00bfcu\u00e1l es la situaci\u00f3n de Argentina?<\/a>\n\t\t\t<\/h4>\n\t\t\t\t\t\t<div class='uagb-post__text uagb-post-grid-byline'>\n\t\t\t\t\t\t\t<\/div>\n\t\t\t\n\t\t\t\t\t\t\t\t\t<\/article>\n\t\t\t\t\t\t\t\t\t\t\t<\/div>\n\t\t\t<\/div>\n","protected":false},"excerpt":{"rendered":"<p>El proyecto de Ley deber\u00e1 volver al Congreso y la comunidad educativa prepara una nueva Marcha Federal.<\/p>\n","protected":false},"author":6,"featured_media":31307,"comment_status":"open","ping_status":"closed","sticky":false,"template":"","format":"standard","meta":{"_uag_custom_page_level_css":"","_monsterinsights_skip_tracking":false,"_monsterinsights_sitenote_active":false,"_monsterinsights_sitenote_note":"","_monsterinsights_sitenote_category":0,"site-sidebar-layout":"default","site-content-layout":"","ast-site-content-layout":"default","site-content-style":"default","site-sidebar-style":"default","ast-global-header-display":"","ast-banner-title-visibility":"","ast-main-header-display":"","ast-hfb-above-header-display":"","ast-hfb-below-header-display":"","ast-hfb-mobile-header-display":"","site-post-title":"","ast-breadcrumbs-content":"","ast-featured-img":"","footer-sml-layout":"","ast-disable-related-posts":"","theme-transparent-header-meta":"","adv-header-id-meta":"","stick-header-meta":"","header-above-stick-meta":"","header-main-stick-meta":"","header-below-stick-meta":"","astra-migrate-meta-layouts":"default","ast-page-background-enabled":"default","ast-page-background-meta":{"desktop":{"background-color":"var(--ast-global-color-4)","background-image":"","background-repeat":"repeat","background-position":"center center","background-size":"auto","background-attachment":"scroll","background-type":"","background-media":"","overlay-type":"","overlay-color":"","overlay-opacity":"","overlay-gradient":""},"tablet":{"background-color":"","background-image":"","background-repeat":"repeat","background-position":"center center","background-size":"auto","background-attachment":"scroll","background-type":"","background-media":"","overlay-type":"","overlay-color":"","overlay-opacity":"","overlay-gradient":""},"mobile":{"background-color":"","background-image":"","background-repeat":"repeat","background-position":"center center","background-size":"auto","background-attachment":"scroll","background-type":"","background-media":"","overlay-type":"","overlay-color":"","overlay-opacity":"","overlay-gradient":""}},"ast-content-background-meta":{"desktop":{"background-color":"var(--ast-global-color-5)","background-image":"","background-repeat":"repeat","background-position":"center center","background-size":"auto","background-attachment":"scroll","background-type":"","background-media":"","overlay-type":"","overlay-color":"","overlay-opacity":"","overlay-gradient":""},"tablet":{"background-color":"var(--ast-global-color-5)","background-image":"","background-repeat":"repeat","background-position":"center center","background-size":"auto","background-attachment":"scroll","background-type":"","background-media":"","overlay-type":"","overlay-color":"","overlay-opacity":"","overlay-gradient":""},"mobile":{"background-color":"var(--ast-global-color-5)","background-image":"","background-repeat":"repeat","background-position":"center center","background-size":"auto","background-attachment":"scroll","background-type":"","background-media":"","overlay-type":"","overlay-color":"","overlay-opacity":"","overlay-gradient":""}},"footnotes":""},"categories":[16,92],"tags":[882],"class_list":["post-31306","post","type-post","status-publish","format-standard","has-post-thumbnail","hentry","category-noticia-destacada","category-politica","tag-conflicto-universitario"],"aioseo_notices":[],"uagb_featured_image_src":{"full":["https:\/\/agencia.unq.edu.ar\/wp-content\/uploads\/2025\/09\/Veto-Financiamiento-Universitario-.jpg",1040,420,false],"thumbnail":["https:\/\/agencia.unq.edu.ar\/wp-content\/uploads\/2025\/09\/Veto-Financiamiento-Universitario-.jpg",150,61,false],"medium":["https:\/\/agencia.unq.edu.ar\/wp-content\/uploads\/2025\/09\/Veto-Financiamiento-Universitario-.jpg",960,388,false],"medium_large":["https:\/\/agencia.unq.edu.ar\/wp-content\/uploads\/2025\/09\/Veto-Financiamiento-Universitario-.jpg",768,310,false],"large":["https:\/\/agencia.unq.edu.ar\/wp-content\/uploads\/2025\/09\/Veto-Financiamiento-Universitario-.jpg",1040,420,false],"1536x1536":["https:\/\/agencia.unq.edu.ar\/wp-content\/uploads\/2025\/09\/Veto-Financiamiento-Universitario-.jpg",1040,420,false],"2048x2048":["https:\/\/agencia.unq.edu.ar\/wp-content\/uploads\/2025\/09\/Veto-Financiamiento-Universitario-.jpg",1040,420,false]},"uagb_author_info":{"display_name":"Nicol\u00e1s Retamar","author_link":"https:\/\/agencia.unq.edu.ar\/?author=6"},"uagb_comment_info":0,"uagb_excerpt":"El proyecto de Ley deber\u00e1 volver al Congreso y la comunidad educativa prepara una nueva Marcha Federal.","blog_post_layout_featured_media_urls":{"thumbnail":["https:\/\/agencia.unq.edu.ar\/wp-content\/uploads\/2025\/09\/Veto-Financiamiento-Universitario-.jpg",150,61,false],"full":["https:\/\/agencia.unq.edu.ar\/wp-content\/uploads\/2025\/09\/Veto-Financiamiento-Universitario-.jpg",1040,420,false]},"categories_names":{"16":{"name":"Noticia destacada","link":"https:\/\/agencia.unq.edu.ar\/?cat=16"},"92":{"name":"Pol\u00edtica","link":"https:\/\/agencia.unq.edu.ar\/?cat=92"}},"tags_names":{"882":{"name":"Conflicto Universitario","link":"https:\/\/agencia.unq.edu.ar\/?tag=conflicto-universitario"}},"comments_number":"0","_links":{"self":[{"href":"https:\/\/agencia.unq.edu.ar\/index.php?rest_route=\/wp\/v2\/posts\/31306","targetHints":{"allow":["GET"]}}],"collection":[{"href":"https:\/\/agencia.unq.edu.ar\/index.php?rest_route=\/wp\/v2\/posts"}],"about":[{"href":"https:\/\/agencia.unq.edu.ar\/index.php?rest_route=\/wp\/v2\/types\/post"}],"author":[{"embeddable":true,"href":"https:\/\/agencia.unq.edu.ar\/index.php?rest_route=\/wp\/v2\/users\/6"}],"replies":[{"embeddable":true,"href":"https:\/\/agencia.unq.edu.ar\/index.php?rest_route=%2Fwp%2Fv2%2Fcomments&post=31306"}],"version-history":[{"count":2,"href":"https:\/\/agencia.unq.edu.ar\/index.php?rest_route=\/wp\/v2\/posts\/31306\/revisions"}],"predecessor-version":[{"id":31310,"href":"https:\/\/agencia.unq.edu.ar\/index.php?rest_route=\/wp\/v2\/posts\/31306\/revisions\/31310"}],"wp:featuredmedia":[{"embeddable":true,"href":"https:\/\/agencia.unq.edu.ar\/index.php?rest_route=\/wp\/v2\/media\/31307"}],"wp:attachment":[{"href":"https:\/\/agencia.unq.edu.ar\/index.php?rest_route=%2Fwp%2Fv2%2Fmedia&parent=31306"}],"wp:term":[{"taxonomy":"category","embeddable":true,"href":"https:\/\/agencia.unq.edu.ar\/index.php?rest_route=%2Fwp%2Fv2%2Fcategories&post=31306"},{"taxonomy":"post_tag","embeddable":true,"href":"https:\/\/agencia.unq.edu.ar\/index.php?rest_route=%2Fwp%2Fv2%2Ftags&post=31306"}],"curies":[{"name":"wp","href":"https:\/\/api.w.org\/{rel}","templated":true}]}}