{"id":31690,"date":"2025-10-06T17:54:35","date_gmt":"2025-10-06T20:54:35","guid":{"rendered":"https:\/\/agencia.unq.edu.ar\/?p=31690"},"modified":"2025-10-08T15:19:59","modified_gmt":"2025-10-08T18:19:59","slug":"el-enigma-de-la-longevidad-donde-esta-el-limite","status":"publish","type":"post","link":"https:\/\/agencia.unq.edu.ar\/?p=31690","title":{"rendered":"El enigma de la longevidad: \u00bfd\u00f3nde est\u00e1 el l\u00edmite?"},"content":{"rendered":"\n<p class=\"wp-embed-aspect-16-9 wp-has-aspect-ratio has-medium-font-size\" id=\"block-e7a9ff36-ee0c-4796-9d2e-1fd69773da3a\">Nuevas investigaciones muestran que las generaciones actuales no alcanzar\u00e1n los 100 a\u00f1os en promedio. La esperanza de vida enfrenta un freno inesperado.<\/p>\n\n\n\n<figure class=\"wp-block-image aligncenter size-full\" id=\"block-c3ee2a7f-4bf9-43dd-a0f6-8acc1087bdbe\"><img loading=\"lazy\" decoding=\"async\" width=\"1040\" height=\"420\" src=\"https:\/\/agencia.unq.edu.ar\/wp-content\/uploads\/2025\/10\/longevidad.jpg\" alt=\"\u00bfLa esperanza de vida toc\u00f3 techo? Cr\u00e9ditos: Freepik.\" class=\"wp-image-31712\"\/><figcaption class=\"wp-element-caption\">\u00bfLa esperanza de vida toc\u00f3 techo? Cr\u00e9ditos: Freepik.<\/figcaption><\/figure>\n\n\n\n<p>\u00bfHasta qu\u00e9 punto puede seguir aumentando la esperanza de vida? Durante m\u00e1s de un siglo, se crey\u00f3 que cada nueva generaci\u00f3n vivir\u00eda m\u00e1s tiempo que la anterior, impulsada por avances en medicina, higiene y nutrici\u00f3n. Sin embargo, un estudio reciente pone en duda esta creencia, sugiriendo que las generaciones actuales podr\u00edan no alcanzar los 100 a\u00f1os de esperanza de vida. Los avances en longevidad parecen haber tocado techo, y la pregunta es: <strong>\u00bfrealmente el ser humano est\u00e1 acerc\u00e1ndose al l\u00edmite de la vida?<\/strong><\/p>\n\n\n\n<p class=\"wp-embed-aspect-16-9 wp-has-aspect-ratio\" id=\"block-792ca364-1b8e-4135-8180-b4418ab97e95\">Un equipo de investigadores de la <strong>Universidad Aut\u00f3noma de Barcelona (UAB)<\/strong> realiz\u00f3 un estudio, publicado en la revista <strong>Proceedings of the National Academy of Sciences<\/strong>, que alerta sobre <strong>una desaceleraci\u00f3n en el aumento de la esperanza de vida<\/strong>. El trabajo, al que la <a href=\"https:\/\/agencia.unq.edu.ar\/\" target=\"_blank\" rel=\"noopener\" title=\"\">Agencia de Noticias Cient\u00edficas de la Universidad Nacional de Quilmes<\/a> pudo acceder, se llev\u00f3 a cabo con datos de <strong>23 pa\u00edses con altos ingresos y revela que las personas nacidas entre 1939 y 2000 no alcanzar\u00e1n los 100 a\u00f1os de vida en promedio<\/strong>. Este hallazgo se obtuvo utilizando seis modelos diferentes de proyecci\u00f3n, y todos los m\u00e9todos dieron el mismo resultado: <strong>el ritmo de aumento de la longevidad se ralentiz\u00f3 significativamente.<\/strong><\/p>\n\n\n\n<p>En lugar de seguir los enfoques tradicionales, que se centran en analizar la mortalidad de un a\u00f1o espec\u00edfico (como los c\u00e1lculos anuales), los investigadores optaron por estudiar a las personas en funci\u00f3n de la <strong>cohorte<\/strong> a la que pertenecen. Es decir, no se enfocaron en los datos de un solo a\u00f1o, sino que siguieron a un grupo de personas nacidas en el mismo a\u00f1o a lo largo de su vida, desde su nacimiento hasta la muerte. Este enfoque, conocido como <strong>proyecciones de mortalidad por cohortes<\/strong>, ofrece una visi\u00f3n m\u00e1s precisa del verdadero recorrido de vida de una generaci\u00f3n, ya que se toma en cuenta c\u00f3mo cambia la esperanza de vida a lo largo de toda su existencia.<\/p>\n\n\n\n<p>Para obtener resultados m\u00e1s robustos, los investigadores aplicaron seis modelos diferentes, que incluyen tanto m\u00e9todos tradicionales como innovadores. Entre ellos, destacaron el <strong>modelo Lee-Carter<\/strong>, el <strong>modelo CoDa<\/strong> y el <strong>modelo C-STAD<\/strong>. Lo interesante de estos modelos es que, a pesar de sus diferencias, todos llegaron a la misma conclusi\u00f3n: la esperanza de vida est\u00e1 aumentando a un ritmo mucho m\u00e1s lento que antes.<\/p>\n\n\n\n<p>Seg\u00fan los datos del estudio, el ritmo de mejora de la esperanza de vida, que antes era de 0,46 a\u00f1os por cohorte, ahora se ha reducido entre un 37 y un 52 por ciento, dependiendo del modelo utilizado. Este patr\u00f3n se mantuvo constante incluso cuando los investigadores probaron escenarios m\u00e1s optimistas. Es decir, al simular situaciones en las que las mejoras en la mortalidad fueran el doble de lo esperado, los resultados segu\u00edan sin alcanzar los niveles de crecimiento que se observaban en la primera mitad del siglo XX.<\/p>\n\n\n\n<p><strong>\u00bfPor qu\u00e9 est\u00e1 ocurriendo esto?<\/strong> La principal raz\u00f3n radica en los avances alcanzados en los primeros a\u00f1os de vida. Durante el siglo pasado, la causa fundamental del aumento en la esperanza de vida fue la dr\u00e1stica reducci\u00f3n de la mortalidad infantil y juvenil. Las vacunas, los antibi\u00f3ticos y las mejoras en la nutrici\u00f3n hicieron que muchos ni\u00f1os sobrevivieran a enfermedades que anteriormente eran mortales. Sin embargo, ahora que las tasas de mortalidad infantil disminuyeron significativamente, ese factor ya no contribuye de manera tan decisiva al incremento de la esperanza de vida.<\/p>\n\n\n\n<p>En cambio, las mejoras en la longevidad de las personas mayores, que es donde ocurren la mayor\u00eda de las muertes, est\u00e1n avanzando a un ritmo mucho m\u00e1s lento. A pesar de los avances m\u00e9dicos, los cient\u00edficos aseguran que <strong>no se encontr\u00f3 una soluci\u00f3n suficientemente eficaz para revertir el envejecimiento o mejorar la salud en edades avanzadas con la misma velocidad que se redujo la mortalidad infantil.<\/strong><\/p>\n\n\n\n<h2 class=\"wp-block-heading\">Implicaciones sociales <\/h2>\n\n\n\n<p>Hasta hace poco, la idea de vivir cada vez m\u00e1s parec\u00eda una certeza. Gobiernos, sistemas de salud y pensiones, todos se acomodaron a esa promesa. Pero hoy, la cosa est\u00e1 cambiando. La desaceleraci\u00f3n en el aumento de la esperanza de vida no es solo un dato estad\u00edstico, es una bomba para la planificaci\u00f3n social. Esos c\u00e1lculos que ven\u00edan ajustando las pensiones, los seguros y las pol\u00edticas p\u00fablicas bajo la creencia de que las personas vivir\u00edan m\u00e1s, ahora hay que cuestionarlos. Si esa curva ya no sigue subiendo, los modelos econ\u00f3micos y previsionales tendr\u00e1n que reinventarse, y r\u00e1pido.<\/p>\n\n\n\n<p>Si esto ya es un dolor de cabeza para los gobiernos, para los individuos la cosa no es mucho mejor. La percepci\u00f3n de que la vida ser\u00e1 m\u00e1s corta, aunque sea solo por una desaceleraci\u00f3n en el crecimiento de la esperanza de vida, puede cambiarlo todo. Desde c\u00f3mo se ahorra hasta c\u00f3mo se piensa en la jubilaci\u00f3n, pasando por la forma en que se proyecta el futuro.<\/p>\n\n\n\n<p>Pero lo m\u00e1s preocupante de todo esto es que las desigualdades sociales podr\u00edan hacer este freno a\u00fan m\u00e1s profundo. El estudio se centra en pa\u00edses ricos, pero la realidad es que el acceso a la educaci\u00f3n, el empleo o los servicios de salud sigue siendo una brecha gigantesca. Si la esperanza de vida se estabiliza, podr\u00eda haber menos disparidad globalmente, pero las diferencias internas entre los distintos grupos sociales se podr\u00edan agrandar a\u00fan m\u00e1s. Y eso, en t\u00e9rminos pr\u00e1cticos, significa que algunos seguir\u00e1n llegando a los 80 y otros se quedar\u00e1n en el camino mucho antes.<\/p>\n\n\n\n<p>Con todo, lo que parec\u00eda ser una constante de progreso humano, la promesa de vivir cada vez m\u00e1s se enfrenta a un desaf\u00edo inesperado. <strong>Aunque la ciencia y la medicina siguen avanzando, el sue\u00f1o de alcanzar los 100 a\u00f1os de vida parece m\u00e1s dif\u00edcil de cumplir.<\/strong> Como sugieren los investigadores, a\u00fan no se alcanz\u00f3 un &#8220;l\u00edmite biol\u00f3gico&#8221; a la longevidad, pero las condiciones sociales y los avances m\u00e9dicos m\u00e1s lentos nos han llevado a un punto de estancamiento. <strong>\u00bfEs este el final del sue\u00f1o de la longevidad eterna o apenas un paso m\u00e1s hacia una nueva fase de la ciencia de la longevidad?<\/strong><\/p>\n\n\n\n<div class=\"wp-block-uagb-container uagb-block-e31d8b4a alignwide uagb-is-root-container\">\n<div class=\"wp-block-uagb-advanced-heading uagb-block-ead76a57\"><h4 class=\"uagb-heading-text\">\u00daltimas noticias de la secci\u00f3n Ciencias:<\/h4><\/div>\n\n\n\n\t\t\t<div class=\"wp-block-uagb-post-carousel uagb-post-grid  uagb-post__image-position-top uagb-post__image-enabled uagb-block-24e22604     uagb-post__arrow-outside uagb-slick-carousel uagb-post__items uagb-post__columns-3 is-carousel uagb-post__columns-tablet-2 uagb-post__columns-mobile-1\" data-total=\"62\" style=\"\">\n\n\t\t\t\t\t\t\t\t\t\t\t\t<article class=\"uagb-post__inner-wrap\">\t\t\t\t\t\t\t\t<div class='uagb-post__image'>\n\t\t\t\t\t\t\t\t\t<a href=\"https:\/\/agencia.unq.edu.ar\/?p=35979\" target=\"_self\" rel=\"bookmark noopener noreferrer\"><img loading=\"lazy\" decoding=\"async\" width=\"960\" height=\"388\" src=\"https:\/\/agencia.unq.edu.ar\/wp-content\/uploads\/2026\/04\/pinterest.jpg\" class=\"attachment-medium size-medium\" alt=\"La nueva piel artificial busca que pr\u00f3tesis y robots no solo toquen, sino que tambi\u00e9n puedan sentir temperatura, presi\u00f3n y textura. Cr\u00e9dito: Pinterest.\" \/>\t\t\t\t\t<\/a>\n\t\t\t\t\t\t\t\t\t<\/div>\n\t\t\t\t\t\t<h4 class=\"uagb-post__title uagb-post__text\">\n\t\t\t\t<a href=\"https:\/\/agencia.unq.edu.ar\/?p=35979\" target=\"_self\" rel=\"bookmark noopener noreferrer\">Cient\u00edficos logran una piel artificial que se siente como la humana<\/a>\n\t\t\t<\/h4>\n\t\t\t\t\t\t<div class='uagb-post__text uagb-post-grid-byline'>\n\t\t\t\t\t\t\t<\/div>\n\t\t\t\n\t\t\t\t\t\t\t\t\t<\/article>\n\t\t\t\t\t\t\t\t\t\t\t\t\t\t\t\t<article class=\"uagb-post__inner-wrap\">\t\t\t\t\t\t\t\t<div class='uagb-post__image'>\n\t\t\t\t\t\t\t\t\t<a href=\"https:\/\/agencia.unq.edu.ar\/?p=36002\" target=\"_self\" rel=\"bookmark noopener noreferrer\"><img loading=\"lazy\" decoding=\"async\" width=\"960\" height=\"388\" src=\"https:\/\/agencia.unq.edu.ar\/wp-content\/uploads\/2026\/04\/John-Craig-Venter-1.jpg\" class=\"attachment-medium size-medium\" alt=\"Venter ten\u00eda 79 a\u00f1os y hab\u00eda sido una pieza fundamental del Proyecto Genoma Humano y de los comienzos de la biolog\u00eda sint\u00e9tica (imagen: npr.org)\" \/>\t\t\t\t\t<\/a>\n\t\t\t\t\t\t\t\t\t<\/div>\n\t\t\t\t\t\t<h4 class=\"uagb-post__title uagb-post__text\">\n\t\t\t\t<a href=\"https:\/\/agencia.unq.edu.ar\/?p=36002\" target=\"_self\" rel=\"bookmark noopener noreferrer\">Falleci\u00f3 John Craig Venter, cient\u00edfico clave en la comprensi\u00f3n del genoma humano<\/a>\n\t\t\t<\/h4>\n\t\t\t\t\t\t<div class='uagb-post__text uagb-post-grid-byline'>\n\t\t\t\t\t\t\t<\/div>\n\t\t\t\n\t\t\t\t\t\t\t\t\t<\/article>\n\t\t\t\t\t\t\t\t\t\t\t\t\t\t\t\t<article class=\"uagb-post__inner-wrap\">\t\t\t\t\t\t\t\t<div class='uagb-post__image'>\n\t\t\t\t\t\t\t\t\t<a href=\"https:\/\/agencia.unq.edu.ar\/?p=35826\" target=\"_self\" rel=\"bookmark noopener noreferrer\"><img loading=\"lazy\" decoding=\"async\" width=\"960\" height=\"388\" src=\"https:\/\/agencia.unq.edu.ar\/wp-content\/uploads\/2026\/04\/Pulpo-gigante-principal.jpg\" class=\"attachment-medium size-medium\" alt=\"Los pulpos gigantes del Cret\u00e1cico eran cazadores y ten\u00edan la capacidad de romper esqueletos y caparazones (imagen: muyinteresante.okdiario.com)\" \/>\t\t\t\t\t<\/a>\n\t\t\t\t\t\t\t\t\t<\/div>\n\t\t\t\t\t\t<h4 class=\"uagb-post__title uagb-post__text\">\n\t\t\t\t<a href=\"https:\/\/agencia.unq.edu.ar\/?p=35826\" target=\"_self\" rel=\"bookmark noopener noreferrer\">Monstruos prehist\u00f3ricos: \u00bfc\u00f3mo era el pulpo gigante que habit\u00f3 los oc\u00e9anos hace cien millones de a\u00f1os?<\/a>\n\t\t\t<\/h4>\n\t\t\t\t\t\t<div class='uagb-post__text uagb-post-grid-byline'>\n\t\t\t\t\t\t\t<\/div>\n\t\t\t\n\t\t\t\t\t\t\t\t\t<\/article>\n\t\t\t\t\t\t\t\t\t\t\t\t\t\t\t\t<article class=\"uagb-post__inner-wrap\">\t\t\t\t\t\t\t\t<div class='uagb-post__image'>\n\t\t\t\t\t\t\t\t\t<a href=\"https:\/\/agencia.unq.edu.ar\/?p=35742\" target=\"_self\" rel=\"bookmark noopener noreferrer\"><img loading=\"lazy\" decoding=\"async\" width=\"504\" height=\"204\" src=\"https:\/\/agencia.unq.edu.ar\/wp-content\/uploads\/2026\/04\/2026-04-21-estudiantes-inteligencia-artificial.jpg\" class=\"attachment-medium size-medium\" alt=\"Cr\u00e9ditos: Infobae\" \/>\t\t\t\t\t<\/a>\n\t\t\t\t\t\t\t\t\t<\/div>\n\t\t\t\t\t\t<h4 class=\"uagb-post__title uagb-post__text\">\n\t\t\t\t<a href=\"https:\/\/agencia.unq.edu.ar\/?p=35742\" target=\"_self\" rel=\"bookmark noopener noreferrer\">Los estudiantes usan IA sin dimensionar su impacto cognitivo y creen que saben m\u00e1s que sus profesores<\/a>\n\t\t\t<\/h4>\n\t\t\t\t\t\t<div class='uagb-post__text uagb-post-grid-byline'>\n\t\t\t\t\t\t\t<\/div>\n\t\t\t\n\t\t\t\t\t\t\t\t\t<\/article>\n\t\t\t\t\t\t\t\t\t\t\t\t\t\t\t\t<article class=\"uagb-post__inner-wrap\">\t\t\t\t\t\t\t\t<div class='uagb-post__image'>\n\t\t\t\t\t\t\t\t\t<a href=\"https:\/\/agencia.unq.edu.ar\/?p=35716\" target=\"_self\" rel=\"bookmark noopener noreferrer\"><img loading=\"lazy\" decoding=\"async\" width=\"960\" height=\"388\" src=\"https:\/\/agencia.unq.edu.ar\/wp-content\/uploads\/2026\/04\/Cancer-de-pancreas.jpg\" class=\"attachment-medium size-medium\" alt=\"El c\u00e1ncer de p\u00e1ncreas es un tumor agresivo y a menudo asintom\u00e1tico en etapas tempranas, lo que dificulta su detecci\u00f3n precoz y conlleva una alta mortalidad. Cr\u00e9ditos: La voz de Galicia.\" \/>\t\t\t\t\t<\/a>\n\t\t\t\t\t\t\t\t\t<\/div>\n\t\t\t\t\t\t<h4 class=\"uagb-post__title uagb-post__text\">\n\t\t\t\t<a href=\"https:\/\/agencia.unq.edu.ar\/?p=35716\" target=\"_self\" rel=\"bookmark noopener noreferrer\">Avanza un nuevo tratamiento contra el c\u00e1ncer de p\u00e1ncreas metast\u00e1sico<\/a>\n\t\t\t<\/h4>\n\t\t\t\t\t\t<div class='uagb-post__text uagb-post-grid-byline'>\n\t\t\t\t\t\t\t<\/div>\n\t\t\t\n\t\t\t\t\t\t\t\t\t<\/article>\n\t\t\t\t\t\t\t\t\t\t\t\t\t\t\t\t<article class=\"uagb-post__inner-wrap\">\t\t\t\t\t\t\t\t<div class='uagb-post__image'>\n\t\t\t\t\t\t\t\t\t<a href=\"https:\/\/agencia.unq.edu.ar\/?p=35487\" target=\"_self\" rel=\"bookmark noopener noreferrer\"><img loading=\"lazy\" decoding=\"async\" width=\"960\" height=\"388\" src=\"https:\/\/agencia.unq.edu.ar\/wp-content\/uploads\/2026\/04\/boca-river-en-familia.jpg\" class=\"attachment-medium size-medium\" alt=\"\u00a0F\u00fatbol y cerebro: el v\u00ednculo que explica la pasi\u00f3n argentina. Cr\u00e9ditos: Midjourney.\" \/>\t\t\t\t\t<\/a>\n\t\t\t\t\t\t\t\t\t<\/div>\n\t\t\t\t\t\t<h4 class=\"uagb-post__title uagb-post__text\">\n\t\t\t\t<a href=\"https:\/\/agencia.unq.edu.ar\/?p=35487\" target=\"_self\" rel=\"bookmark noopener noreferrer\">River vs. Boca: \u00bfPor qu\u00e9 el partido tambi\u00e9n ocurre en el cerebro?<\/a>\n\t\t\t<\/h4>\n\t\t\t\t\t\t<div class='uagb-post__text uagb-post-grid-byline'>\n\t\t\t\t\t\t\t<\/div>\n\t\t\t\n\t\t\t\t\t\t\t\t\t<\/article>\n\t\t\t\t\t\t\t\t\t\t\t\t\t\t\t\t<article class=\"uagb-post__inner-wrap\">\t\t\t\t\t\t\t\t<div class='uagb-post__image'>\n\t\t\t\t\t\t\t\t\t<a href=\"https:\/\/agencia.unq.edu.ar\/?p=35436\" target=\"_self\" rel=\"bookmark noopener noreferrer\"><img loading=\"lazy\" decoding=\"async\" width=\"960\" height=\"388\" src=\"https:\/\/agencia.unq.edu.ar\/wp-content\/uploads\/2026\/04\/Semaglutide-Tirzepatride-principal.jpg\" class=\"attachment-medium size-medium\" alt=\"Tirzepatida y Semaglutida emergen como tratamientos prometedores para producir una p\u00e9rdida de peso sostenida en el tiempo (imagen: ivleaguehydrate.com)\" \/>\t\t\t\t\t<\/a>\n\t\t\t\t\t\t\t\t\t<\/div>\n\t\t\t\t\t\t<h4 class=\"uagb-post__title uagb-post__text\">\n\t\t\t\t<a href=\"https:\/\/agencia.unq.edu.ar\/?p=35436\" target=\"_self\" rel=\"bookmark noopener noreferrer\">Cient\u00edficos descubren que los genes pueden ser determinantes en el \u00e9xito de tratamientos contra la obesidad<\/a>\n\t\t\t<\/h4>\n\t\t\t\t\t\t<div class='uagb-post__text uagb-post-grid-byline'>\n\t\t\t\t\t\t\t<\/div>\n\t\t\t\n\t\t\t\t\t\t\t\t\t<\/article>\n\t\t\t\t\t\t\t\t\t\t\t\t\t\t\t\t<article class=\"uagb-post__inner-wrap\">\t\t\t\t\t\t\t\t<div class='uagb-post__image'>\n\t\t\t\t\t\t\t\t\t<a href=\"https:\/\/agencia.unq.edu.ar\/?p=35409\" target=\"_self\" rel=\"bookmark noopener noreferrer\"><img loading=\"lazy\" decoding=\"async\" width=\"960\" height=\"388\" src=\"https:\/\/agencia.unq.edu.ar\/wp-content\/uploads\/2026\/04\/viejos-son-los-trapos.jpg\" class=\"attachment-medium size-medium\" alt=\"Gracias a los avances de la ciencia y la inversi\u00f3n millonaria, la vejez saludable y extendida es cada vez m\u00e1s real (imagen: noticiastrabajo.huffingtonpost.es)\" \/>\t\t\t\t\t<\/a>\n\t\t\t\t\t\t\t\t\t<\/div>\n\t\t\t\t\t\t<h4 class=\"uagb-post__title uagb-post__text\">\n\t\t\t\t<a href=\"https:\/\/agencia.unq.edu.ar\/?p=35409\" target=\"_self\" rel=\"bookmark noopener noreferrer\">Cient\u00edficos estudian c\u00f3mo retroceder el reloj biol\u00f3gico para frenar el envejecimiento<\/a>\n\t\t\t<\/h4>\n\t\t\t\t\t\t<div class='uagb-post__text uagb-post-grid-byline'>\n\t\t\t\t\t\t\t<\/div>\n\t\t\t\n\t\t\t\t\t\t\t\t\t<\/article>\n\t\t\t\t\t\t\t\t\t\t\t<\/div>\n\t\t\t<\/div>\n","protected":false},"excerpt":{"rendered":"<p>Nuevas investigaciones muestran que las generaciones actuales no alcanzar\u00e1n los 100 a\u00f1os en promedio. <\/p>\n","protected":false},"author":7,"featured_media":31712,"comment_status":"open","ping_status":"closed","sticky":false,"template":"","format":"standard","meta":{"_uag_custom_page_level_css":"","_monsterinsights_skip_tracking":false,"_monsterinsights_sitenote_active":false,"_monsterinsights_sitenote_note":"","_monsterinsights_sitenote_category":0,"site-sidebar-layout":"default","site-content-layout":"","ast-site-content-layout":"default","site-content-style":"default","site-sidebar-style":"default","ast-global-header-display":"","ast-banner-title-visibility":"","ast-main-header-display":"","ast-hfb-above-header-display":"","ast-hfb-below-header-display":"","ast-hfb-mobile-header-display":"","site-post-title":"","ast-breadcrumbs-content":"","ast-featured-img":"","footer-sml-layout":"","ast-disable-related-posts":"","theme-transparent-header-meta":"","adv-header-id-meta":"","stick-header-meta":"","header-above-stick-meta":"","header-main-stick-meta":"","header-below-stick-meta":"","astra-migrate-meta-layouts":"default","ast-page-background-enabled":"default","ast-page-background-meta":{"desktop":{"background-color":"var(--ast-global-color-4)","background-image":"","background-repeat":"repeat","background-position":"center center","background-size":"auto","background-attachment":"scroll","background-type":"","background-media":"","overlay-type":"","overlay-color":"","overlay-opacity":"","overlay-gradient":""},"tablet":{"background-color":"","background-image":"","background-repeat":"repeat","background-position":"center center","background-size":"auto","background-attachment":"scroll","background-type":"","background-media":"","overlay-type":"","overlay-color":"","overlay-opacity":"","overlay-gradient":""},"mobile":{"background-color":"","background-image":"","background-repeat":"repeat","background-position":"center center","background-size":"auto","background-attachment":"scroll","background-type":"","background-media":"","overlay-type":"","overlay-color":"","overlay-opacity":"","overlay-gradient":""}},"ast-content-background-meta":{"desktop":{"background-color":"var(--ast-global-color-5)","background-image":"","background-repeat":"repeat","background-position":"center center","background-size":"auto","background-attachment":"scroll","background-type":"","background-media":"","overlay-type":"","overlay-color":"","overlay-opacity":"","overlay-gradient":""},"tablet":{"background-color":"var(--ast-global-color-5)","background-image":"","background-repeat":"repeat","background-position":"center center","background-size":"auto","background-attachment":"scroll","background-type":"","background-media":"","overlay-type":"","overlay-color":"","overlay-opacity":"","overlay-gradient":""},"mobile":{"background-color":"var(--ast-global-color-5)","background-image":"","background-repeat":"repeat","background-position":"center center","background-size":"auto","background-attachment":"scroll","background-type":"","background-media":"","overlay-type":"","overlay-color":"","overlay-opacity":"","overlay-gradient":""}},"footnotes":""},"categories":[8,16],"tags":[],"class_list":["post-31690","post","type-post","status-publish","format-standard","has-post-thumbnail","hentry","category-ciencias","category-noticia-destacada"],"aioseo_notices":[],"uagb_featured_image_src":{"full":["https:\/\/agencia.unq.edu.ar\/wp-content\/uploads\/2025\/10\/longevidad.jpg",1040,420,false],"thumbnail":["https:\/\/agencia.unq.edu.ar\/wp-content\/uploads\/2025\/10\/longevidad.jpg",150,61,false],"medium":["https:\/\/agencia.unq.edu.ar\/wp-content\/uploads\/2025\/10\/longevidad.jpg",960,388,false],"medium_large":["https:\/\/agencia.unq.edu.ar\/wp-content\/uploads\/2025\/10\/longevidad.jpg",768,310,false],"large":["https:\/\/agencia.unq.edu.ar\/wp-content\/uploads\/2025\/10\/longevidad.jpg",1040,420,false],"1536x1536":["https:\/\/agencia.unq.edu.ar\/wp-content\/uploads\/2025\/10\/longevidad.jpg",1040,420,false],"2048x2048":["https:\/\/agencia.unq.edu.ar\/wp-content\/uploads\/2025\/10\/longevidad.jpg",1040,420,false]},"uagb_author_info":{"display_name":"Mar\u00eda Ximena Perez","author_link":"https:\/\/agencia.unq.edu.ar\/?author=7"},"uagb_comment_info":0,"uagb_excerpt":"Nuevas investigaciones muestran que las generaciones actuales no alcanzar\u00e1n los 100 a\u00f1os en promedio.","blog_post_layout_featured_media_urls":{"thumbnail":["https:\/\/agencia.unq.edu.ar\/wp-content\/uploads\/2025\/10\/longevidad.jpg",150,61,false],"full":["https:\/\/agencia.unq.edu.ar\/wp-content\/uploads\/2025\/10\/longevidad.jpg",1040,420,false]},"categories_names":{"8":{"name":"Ciencias","link":"https:\/\/agencia.unq.edu.ar\/?cat=8"},"16":{"name":"Noticia destacada","link":"https:\/\/agencia.unq.edu.ar\/?cat=16"}},"tags_names":[],"comments_number":"0","_links":{"self":[{"href":"https:\/\/agencia.unq.edu.ar\/index.php?rest_route=\/wp\/v2\/posts\/31690","targetHints":{"allow":["GET"]}}],"collection":[{"href":"https:\/\/agencia.unq.edu.ar\/index.php?rest_route=\/wp\/v2\/posts"}],"about":[{"href":"https:\/\/agencia.unq.edu.ar\/index.php?rest_route=\/wp\/v2\/types\/post"}],"author":[{"embeddable":true,"href":"https:\/\/agencia.unq.edu.ar\/index.php?rest_route=\/wp\/v2\/users\/7"}],"replies":[{"embeddable":true,"href":"https:\/\/agencia.unq.edu.ar\/index.php?rest_route=%2Fwp%2Fv2%2Fcomments&post=31690"}],"version-history":[{"count":22,"href":"https:\/\/agencia.unq.edu.ar\/index.php?rest_route=\/wp\/v2\/posts\/31690\/revisions"}],"predecessor-version":[{"id":31767,"href":"https:\/\/agencia.unq.edu.ar\/index.php?rest_route=\/wp\/v2\/posts\/31690\/revisions\/31767"}],"wp:featuredmedia":[{"embeddable":true,"href":"https:\/\/agencia.unq.edu.ar\/index.php?rest_route=\/wp\/v2\/media\/31712"}],"wp:attachment":[{"href":"https:\/\/agencia.unq.edu.ar\/index.php?rest_route=%2Fwp%2Fv2%2Fmedia&parent=31690"}],"wp:term":[{"taxonomy":"category","embeddable":true,"href":"https:\/\/agencia.unq.edu.ar\/index.php?rest_route=%2Fwp%2Fv2%2Fcategories&post=31690"},{"taxonomy":"post_tag","embeddable":true,"href":"https:\/\/agencia.unq.edu.ar\/index.php?rest_route=%2Fwp%2Fv2%2Ftags&post=31690"}],"curies":[{"name":"wp","href":"https:\/\/api.w.org\/{rel}","templated":true}]}}