{"id":32647,"date":"2025-11-11T13:10:34","date_gmt":"2025-11-11T16:10:34","guid":{"rendered":"https:\/\/agencia.unq.edu.ar\/?p=32647"},"modified":"2025-11-14T11:20:50","modified_gmt":"2025-11-14T14:20:50","slug":"comenzo-la-semana-de-la-ciencia-y-las-artes-en-la-universidad-nacional-de-quilmes","status":"publish","type":"post","link":"https:\/\/agencia.unq.edu.ar\/?p=32647","title":{"rendered":"Comenz\u00f3 la semana de la ciencia y las artes en la Universidad Nacional de Quilmes"},"content":{"rendered":"\n<p class=\"wp-embed-aspect-16-9 wp-has-aspect-ratio has-medium-font-size\" id=\"block-e7a9ff36-ee0c-4796-9d2e-1fd69773da3a\">En la primera jornada, docentes, investigadores, no docentes y estudiantes realizaron conferencias y presentaron proyectos con realidad aumentada y virtual.<\/p>\n\n\n\n<figure class=\"wp-block-image aligncenter size-full\" id=\"block-c3ee2a7f-4bf9-43dd-a0f6-8acc1087bdbe\"><img loading=\"lazy\" decoding=\"async\" width=\"1040\" height=\"420\" src=\"https:\/\/agencia.unq.edu.ar\/wp-content\/uploads\/2025\/11\/Semana-de-las-artes-UNQ.jpg\" alt=\"Conferencia perform\u00e1tica Solo tengo esta pobre antena. Cr\u00e9ditos: Nicol\u00e1s Retamar \/ Agencia de Noticias Cient\u00edficas UNQ.\" class=\"wp-image-32648\"\/><figcaption class=\"wp-element-caption\">Conferencia perform\u00e1tica Solo tengo esta pobre antena. Cr\u00e9ditos: Nicol\u00e1s Retamar \/ Agencia de Noticias Cient\u00edficas UNQ.<\/figcaption><\/figure>\n\n\n\n<p class=\"wp-embed-aspect-16-9 wp-has-aspect-ratio\" id=\"block-792ca364-1b8e-4135-8180-b4418ab97e95\">Comenz\u00f3 la semana de la ciencia y las artes en la Universidad Nacional de Quilmes. Durante el primer d\u00eda, en la sala-taller de la Escuela Universitaria de Artes (EUdA), se llevaron a cabo tres propuestas vinculadas al teatro, la realidad aumentada y la realidad virtual. En primer lugar, docentes y no docentes de la Universidad presentaron <em>Solo tengo esta pobre antena<\/em>, una actuaci\u00f3n que uni\u00f3 historia, marketing y comunicaci\u00f3n. En segundo lugar, estudiantes de la EUdA expusieron diferentes aplicaciones que crearon con plataformas gratuitas para conocer m\u00e1s sobre la Universidad y los murales de Quilmes. Por \u00faltimo, investigadores de la UNQ mostraron sus avances en realidad virtual y el p\u00fablico pudo experimentar con los cascos y los controles que se utilizan. Adem\u00e1s, en el marco de las III Jornadas Feministas Mujeres y Diversidades: Artes y Revoluciones, se realiz\u00f3 un cine debate a partir del film Mam\u00e1 King Kong, y en la Rosa de los Vientos hubo una charla sobre escrituras feministas.<\/p>\n\n\n\n<p class=\"wp-embed-aspect-16-9 wp-has-aspect-ratio\" id=\"block-792ca364-1b8e-4135-8180-b4418ab97e95\">A las 14:30, integrantes del Proyecto de Extensi\u00f3n Ciudadan\u00edas, est\u00e9ticas y narrativas de la cultura p\u00fablica presentaron <strong>Solo tengo esta pobre antena<\/strong>, una <strong>conferencia perform\u00e1tica que incluy\u00f3 conceptos cl\u00e1sicos de comunicaci\u00f3n, la historia del marketing y el lugar de las mujeres<\/strong>. Adem\u00e1s de actuaci\u00f3n, la puesta en escena incluy\u00f3 luces, sonidos, vestuario, publicidades antiguas de cigarrillos y hasta una explicaci\u00f3n en video sobre la aguja hipod\u00e9rmica, una teor\u00eda que se populariz\u00f3 a principios del siglo XX. <\/p>\n\n\n\n<p class=\"wp-embed-aspect-16-9 wp-has-aspect-ratio\" id=\"block-792ca364-1b8e-4135-8180-b4418ab97e95\">\u201c<strong>Lo que nos interesa es trabajar con archivos y materiales que est\u00e1n pensados para lo acad\u00e9mico, y ver c\u00f3mo pueden jugar o ser intervenidos por pr\u00e1cticas art\u00edsticas<\/strong>. Nuestra b\u00fasqueda es sensibilizar sobre los temas a los p\u00fablicos, porque el desaf\u00edo que viene es encontrar qu\u00e9 cosas te movilizan y te contagian. Estamos en manos de unos contagios que son bastante microfascistas. Por eso, hay que volver a construir una sensibilidad de lo p\u00fablico\u201d, explica <strong>Julia Aug\u00e9<\/strong>, directora de la conferencia perform\u00e1tica, en di\u00e1logo con la <a href=\"https:\/\/agencia.unq.edu.ar\/\">Agencia de Noticias Cient\u00edficas de la Universidad Nacional de Quilmes<\/a>.<\/p>\n\n\n\n<div class=\"wp-block-uagb-image aligncenter uagb-block-4c280597 wp-block-uagb-image--layout-default wp-block-uagb-image--effect-static wp-block-uagb-image--align-center\"><figure class=\"wp-block-uagb-image__figure\"><img decoding=\"async\" srcset=\"https:\/\/agencia.unq.edu.ar\/wp-content\/uploads\/2025\/11\/Lia-Gomez-UNQ.jpg ,https:\/\/agencia.unq.edu.ar\/wp-content\/uploads\/2025\/11\/Lia-Gomez-UNQ.jpg 780w, https:\/\/agencia.unq.edu.ar\/wp-content\/uploads\/2025\/11\/Lia-Gomez-UNQ.jpg 360w\" sizes=\"auto, (max-width: 480px) 150px\" src=\"https:\/\/agencia.unq.edu.ar\/wp-content\/uploads\/2025\/11\/Lia-Gomez-UNQ.jpg\" alt=\"Cr\u00e9ditos: Nicol\u00e1s Retamar \/ Agencia de Noticias Cient\u00edficas UNQ.\" class=\"uag-image-32649\" width=\"750\" height=\"594\" title=\"L\u00eda G\u00f3mez UNQ\" loading=\"lazy\" role=\"img\"\/><\/figure><\/div>\n\n\n\n<p class=\"wp-embed-aspect-16-9 wp-has-aspect-ratio\" id=\"block-792ca364-1b8e-4135-8180-b4418ab97e95\"><\/p>\n\n\n\n<p class=\"wp-embed-aspect-16-9 wp-has-aspect-ratio\" id=\"block-792ca364-1b8e-4135-8180-b4418ab97e95\">Una hora m\u00e1s tarde, con la coordinaci\u00f3n del docente N\u00e9stor Gonz\u00e1lez, estudiantes de la EUdA presentaron trabajos finales que realizaron con realidad aumentada. El primero fue <strong>UQUI te ayuda<\/strong>, <strong>una aplicaci\u00f3n que se escanea a trav\u00e9s de un c\u00f3digo QR y sirve para orientar a quienes no encuentran el aula o el espacio de la Universidad al que tienen que ir<\/strong>. En este sentido, el programa tiene un men\u00fa con diferentes opciones donde se despliegan mapas y hasta videos con el recorrido que debe realizarse. Aunque la iniciativa est\u00e1 pensada para ingresantes, el proyecto podr\u00eda ampliarse para cualquier persona que forme parte o visite la UNQ.<\/p>\n\n\n\n<p class=\"wp-embed-aspect-16-9 wp-has-aspect-ratio\" id=\"block-792ca364-1b8e-4135-8180-b4418ab97e95\"><\/p>\n\n\n<blockquote class=\"instagram-media\" data-instgrm-permalink=\"https:\/\/www.instagram.com\/reel\/DLtY299OEpe\/?utm_source=ig_embed&amp;utm_campaign=loading\" data-instgrm-version=\"14\" style=\" background:#FFF; border:0; border-radius:3px; box-shadow:0 0 1px 0 rgba(0,0,0,0.5),0 1px 10px 0 rgba(0,0,0,0.15); margin: 1px; max-width:540px; min-width:326px; padding:0; width:99.375%; width:-webkit-calc(100% - 2px); width:calc(100% - 2px);\">\n<div style=\"padding:16px;\"> <a href=\"https:\/\/www.instagram.com\/reel\/DLtY299OEpe\/?utm_source=ig_embed&amp;utm_campaign=loading\" style=\" background:#FFFFFF; line-height:0; padding:0 0; text-align:center; text-decoration:none; width:100%;\" target=\"_blank\"> <\/p>\n<div style=\" display: flex; flex-direction: row; align-items: center;\">\n<div style=\"background-color: #F4F4F4; border-radius: 50%; flex-grow: 0; height: 40px; margin-right: 14px; width: 40px;\"><\/div>\n<div style=\"display: flex; flex-direction: column; flex-grow: 1; justify-content: center;\">\n<div style=\" background-color: #F4F4F4; border-radius: 4px; flex-grow: 0; height: 14px; margin-bottom: 6px; width: 100px;\"><\/div>\n<div style=\" background-color: #F4F4F4; border-radius: 4px; flex-grow: 0; height: 14px; width: 60px;\"><\/div>\n<\/div>\n<\/div>\n<div style=\"padding: 19% 0;\"><\/div>\n<div style=\"display:block; height:50px; margin:0 auto 12px; width:50px;\"><svg width=\"50px\" height=\"50px\" viewBox=\"0 0 60 60\" version=\"1.1\" xmlns=\"https:\/\/www.w3.org\/2000\/svg\" xmlns:xlink=\"https:\/\/www.w3.org\/1999\/xlink\"><g stroke=\"none\" stroke-width=\"1\" fill=\"none\" fill-rule=\"evenodd\"><g transform=\"translate(-511.000000, -20.000000)\" fill=\"#000000\"><g><path d=\"M556.869,30.41 C554.814,30.41 553.148,32.076 553.148,34.131 C553.148,36.186 554.814,37.852 556.869,37.852 C558.924,37.852 560.59,36.186 560.59,34.131 C560.59,32.076 558.924,30.41 556.869,30.41 M541,60.657 C535.114,60.657 530.342,55.887 530.342,50 C530.342,44.114 535.114,39.342 541,39.342 C546.887,39.342 551.658,44.114 551.658,50 C551.658,55.887 546.887,60.657 541,60.657 M541,33.886 C532.1,33.886 524.886,41.1 524.886,50 C524.886,58.899 532.1,66.113 541,66.113 C549.9,66.113 557.115,58.899 557.115,50 C557.115,41.1 549.9,33.886 541,33.886 M565.378,62.101 C565.244,65.022 564.756,66.606 564.346,67.663 C563.803,69.06 563.154,70.057 562.106,71.106 C561.058,72.155 560.06,72.803 558.662,73.347 C557.607,73.757 556.021,74.244 553.102,74.378 C549.944,74.521 548.997,74.552 541,74.552 C533.003,74.552 532.056,74.521 528.898,74.378 C525.979,74.244 524.393,73.757 523.338,73.347 C521.94,72.803 520.942,72.155 519.894,71.106 C518.846,70.057 518.197,69.06 517.654,67.663 C517.244,66.606 516.755,65.022 516.623,62.101 C516.479,58.943 516.448,57.996 516.448,50 C516.448,42.003 516.479,41.056 516.623,37.899 C516.755,34.978 517.244,33.391 517.654,32.338 C518.197,30.938 518.846,29.942 519.894,28.894 C520.942,27.846 521.94,27.196 523.338,26.654 C524.393,26.244 525.979,25.756 528.898,25.623 C532.057,25.479 533.004,25.448 541,25.448 C548.997,25.448 549.943,25.479 553.102,25.623 C556.021,25.756 557.607,26.244 558.662,26.654 C560.06,27.196 561.058,27.846 562.106,28.894 C563.154,29.942 563.803,30.938 564.346,32.338 C564.756,33.391 565.244,34.978 565.378,37.899 C565.522,41.056 565.552,42.003 565.552,50 C565.552,57.996 565.522,58.943 565.378,62.101 M570.82,37.631 C570.674,34.438 570.167,32.258 569.425,30.349 C568.659,28.377 567.633,26.702 565.965,25.035 C564.297,23.368 562.623,22.342 560.652,21.575 C558.743,20.834 556.562,20.326 553.369,20.18 C550.169,20.033 549.148,20 541,20 C532.853,20 531.831,20.033 528.631,20.18 C525.438,20.326 523.257,20.834 521.349,21.575 C519.376,22.342 517.703,23.368 516.035,25.035 C514.368,26.702 513.342,28.377 512.574,30.349 C511.834,32.258 511.326,34.438 511.181,37.631 C511.035,40.831 511,41.851 511,50 C511,58.147 511.035,59.17 511.181,62.369 C511.326,65.562 511.834,67.743 512.574,69.651 C513.342,71.625 514.368,73.296 516.035,74.965 C517.703,76.634 519.376,77.658 521.349,78.425 C523.257,79.167 525.438,79.673 528.631,79.82 C531.831,79.965 532.853,80.001 541,80.001 C549.148,80.001 550.169,79.965 553.369,79.82 C556.562,79.673 558.743,79.167 560.652,78.425 C562.623,77.658 564.297,76.634 565.965,74.965 C567.633,73.296 568.659,71.625 569.425,69.651 C570.167,67.743 570.674,65.562 570.82,62.369 C570.966,59.17 571,58.147 571,50 C571,41.851 570.966,40.831 570.82,37.631\"><\/path><\/g><\/g><\/g><\/svg><\/div>\n<div style=\"padding-top: 8px;\">\n<div style=\" color:#3897f0; font-family:Arial,sans-serif; font-size:14px; font-style:normal; font-weight:550; line-height:18px;\">Ver esta publicaci\u00f3n en Instagram<\/div>\n<\/div>\n<div style=\"padding: 12.5% 0;\"><\/div>\n<div style=\"display: flex; flex-direction: row; margin-bottom: 14px; align-items: center;\">\n<div>\n<div style=\"background-color: #F4F4F4; border-radius: 50%; height: 12.5px; width: 12.5px; transform: translateX(0px) translateY(7px);\"><\/div>\n<div style=\"background-color: #F4F4F4; height: 12.5px; transform: rotate(-45deg) translateX(3px) translateY(1px); width: 12.5px; flex-grow: 0; margin-right: 14px; margin-left: 2px;\"><\/div>\n<div style=\"background-color: #F4F4F4; border-radius: 50%; height: 12.5px; width: 12.5px; transform: translateX(9px) translateY(-18px);\"><\/div>\n<\/div>\n<div style=\"margin-left: 8px;\">\n<div style=\" background-color: #F4F4F4; border-radius: 50%; flex-grow: 0; height: 20px; width: 20px;\"><\/div>\n<div style=\" width: 0; height: 0; border-top: 2px solid transparent; border-left: 6px solid #f4f4f4; border-bottom: 2px solid transparent; transform: translateX(16px) translateY(-4px) rotate(30deg)\"><\/div>\n<\/div>\n<div style=\"margin-left: auto;\">\n<div style=\" width: 0px; border-top: 8px solid #F4F4F4; border-right: 8px solid transparent; transform: translateY(16px);\"><\/div>\n<div style=\" background-color: #F4F4F4; flex-grow: 0; height: 12px; width: 16px; transform: translateY(-4px);\"><\/div>\n<div style=\" width: 0; height: 0; border-top: 8px solid #F4F4F4; border-left: 8px solid transparent; transform: translateY(-4px) translateX(8px);\"><\/div>\n<\/div>\n<\/div>\n<div style=\"display: flex; flex-direction: column; flex-grow: 1; justify-content: center; margin-bottom: 24px;\">\n<div style=\" background-color: #F4F4F4; border-radius: 4px; flex-grow: 0; height: 14px; margin-bottom: 6px; width: 224px;\"><\/div>\n<div style=\" background-color: #F4F4F4; border-radius: 4px; flex-grow: 0; height: 14px; width: 144px;\"><\/div>\n<\/div>\n<p><\/a><\/p>\n<p style=\" color:#c9c8cd; font-family:Arial,sans-serif; font-size:14px; line-height:17px; margin-bottom:0; margin-top:8px; overflow:hidden; padding:8px 0 7px; text-align:center; text-overflow:ellipsis; white-space:nowrap;\"><a href=\"https:\/\/www.instagram.com\/reel\/DLtY299OEpe\/?utm_source=ig_embed&amp;utm_campaign=loading\" style=\" color:#c9c8cd; font-family:Arial,sans-serif; font-size:14px; font-style:normal; font-weight:normal; line-height:17px; text-decoration:none;\" target=\"_blank\">Una publicaci\u00f3n compartida por UQUI (@uquiteayuda)<\/a><\/p>\n<\/div>\n<\/blockquote>\n<p><script async src=\"\/\/www.instagram.com\/embed.js\"><\/script><\/p>\n\n\n\n<p>Luego, <strong>dos alumnos presentaron su propuesta para aumentar la informaci\u00f3n que tienen los murales realizados por el municipio de Quilmes<\/strong>. Por ejemplo, si un usuario se posiciona con su celular sobre el mural \u201c<a href=\"https:\/\/www.instagram.com\/p\/DDfnJapxRMB\/\" target=\"_blank\" rel=\"noopener\" title=\"\">Pa\u00f1uelo, 30 mil estrellas<\/a>\u201d ubicado en Bernal Oeste, le aparecer\u00e1 un c\u00f3digo que le mostrar\u00e1 videos e im\u00e1genes sobre la \u00faltima dictadura militar y las Abuelas de Plaza de Mayo. Por \u00faltimo, otro estudiante expuso su trabajo dedicado a <strong>mostrar y conocer la historia de diferentes <a href=\"https:\/\/www.instagram.com\/p\/DDffv3dOx2g\/\" target=\"_blank\" rel=\"noopener\" title=\"\">lugares emblem\u00e1ticos de la UNQ<\/a><\/strong>, como la despensa, la librer\u00eda, el estudio de radio y el mural sobre Maradona pintado en el aula 10.<\/p>\n\n\n\n<p>Para cerrar la actividad en el aula-taller, Lucas Gonz\u00e1lez y Valeria Sol G\u00f3mez mostraron parte del trabajo que se realiza en el Laboratorio de Ac\u00fastica y Percepci\u00f3n Sonora. All\u00ed, <strong>los investigadores compartieron los avances que hicieron con realidad virtual diferentes graduados de la licenciatura en Composici\u00f3n con Medios Electroac\u00fasticos y en M\u00fasica y Tecnolog\u00eda<\/strong>. En este aspecto, los docentes y estudiantes que presenciaron la charla pudieron experimentar con los cascos y comandos propios de esta tecnolog\u00eda.<\/p>\n\n\n\n<div class=\"wp-block-uagb-image aligncenter uagb-block-5ed611ff wp-block-uagb-image--layout-default wp-block-uagb-image--effect-static wp-block-uagb-image--align-center\"><figure class=\"wp-block-uagb-image__figure\"><img decoding=\"async\" srcset=\"https:\/\/agencia.unq.edu.ar\/wp-content\/uploads\/2025\/11\/Lucas-Gonzalez-realidad-virtual.jpg ,https:\/\/agencia.unq.edu.ar\/wp-content\/uploads\/2025\/11\/Lucas-Gonzalez-realidad-virtual.jpg 780w, https:\/\/agencia.unq.edu.ar\/wp-content\/uploads\/2025\/11\/Lucas-Gonzalez-realidad-virtual.jpg 360w\" sizes=\"auto, (max-width: 480px) 150px\" src=\"https:\/\/agencia.unq.edu.ar\/wp-content\/uploads\/2025\/11\/Lucas-Gonzalez-realidad-virtual.jpg\" alt=\"Cr\u00e9ditos: Nicol\u00e1s Retamar \/ Agencia de Noticias Cient\u00edficas UNQ.\" class=\"uag-image-32650\" width=\"750\" height=\"500\" title=\"Lucas Gonz\u00e1lez realidad virtual\" loading=\"lazy\" role=\"img\"\/><\/figure><\/div>\n\n\n\n<p><\/p>\n\n\n\n<p>Adem\u00e1s de las actividades realizadas en el aula-taller de la EUdA, <strong>al mismo tiempo se llevaron a cabo las III Jornadas Feministas Mujeres y Diversidades: Artes y Revoluciones<\/strong>. Con el objetivo de profundizar la mirada cient\u00edfica con perspectiva de g\u00e9nero, el encuentro tuvo dos instancias. En la primera, se realiz\u00f3 un cine debate tras la proyecci\u00f3n del film Mam\u00e1 King Kong, que cont\u00f3 con la presencia de Dora Barrancos y de Agostina Sarmiento Parlatore, directora de la pel\u00edcula.<\/p>\n\n\n\n<p>Para cerrar la fecha, <strong>a las 18 horas hubo en la Rosa de los Vientos una charla sobre escrituras feministas<\/strong>. All\u00ed, Raquel Resta y Cecilia Obreg\u00f3n conversaron a partir de sus obras \u201cEn el cuerpo de Julieta\u201d y \u201cEs un cuerpo el que escribe\u201d, sobre el lugar de la ficci\u00f3n en la construcci\u00f3n de saberes y sensibilidades.&nbsp;<\/p>\n\n\n\n<p>La semana de la ciencia y las artes contin\u00faa el <strong>martes 11 de noviembre a las 18 horas. En el auditorio Nicol\u00e1s Casullo habr\u00e1 un conversatorio sobre Procesos de producci\u00f3n: todos los caminos conducen al disco<\/strong>. La charla contar\u00e1 con la presencia de Lucy Patan\u00e9 y More Gemma, artistas y productoras musicales. Para cerrar, <strong>el jueves 13 a las seis de la tarde se realizar\u00e1 tambi\u00e9n en el Auditorio la representaci\u00f3n de Dramaturgias en debate. Fracking and Miss Bellas Artes<\/strong>, que surgi\u00f3 a partir de un texto realizado en pandemia por&nbsp;<strong>Lucila Morlacchi<\/strong>, exestudiante de la Universidad, y que obtuvo un premio de escritura a nivel nacional.<\/p>\n\n\n\n<p><strong>La Semana internacional de la ciencia de las artes y la producci\u00f3n de conocimiento es una propuesta impulsada por el Consejo Interuniversitario Nacional<\/strong>. En el caso de la UNQ es organizada por el Programa de Cultura, la Escuela Universitaria de Artes, la Secretar\u00eda de Investigaciones y la Agencia de Noticias Cient\u00edficas de la Universidad Nacional de Quilmes.<\/p>\n\n\n\n<div class=\"wp-block-uagb-container uagb-block-e31d8b4a alignwide uagb-is-root-container\">\n<div class=\"wp-block-uagb-advanced-heading uagb-block-fd68d2f2\"><h4 class=\"uagb-heading-text\">\u00daltimas noticias de la secci\u00f3n Sociedad:<\/h4><\/div>\n\n\n\n\t\t\t<div class=\"wp-block-uagb-post-carousel uagb-post-grid  uagb-post__image-position-top uagb-post__image-enabled uagb-block-24e22604     uagb-post__arrow-outside uagb-slick-carousel uagb-post__items uagb-post__columns-3 is-carousel uagb-post__columns-tablet-2 uagb-post__columns-mobile-1\" data-total=\"42\" style=\"\">\n\n\t\t\t\t\t\t\t\t\t\t\t\t<article class=\"uagb-post__inner-wrap\">\t\t\t\t\t\t\t\t<div class='uagb-post__image'>\n\t\t\t\t\t\t\t\t\t<a href=\"https:\/\/agencia.unq.edu.ar\/?p=35937\" target=\"_self\" rel=\"bookmark noopener noreferrer\"><img loading=\"lazy\" decoding=\"async\" width=\"960\" height=\"388\" src=\"https:\/\/agencia.unq.edu.ar\/wp-content\/uploads\/2026\/04\/amor-moderno.jpg\" class=\"attachment-medium size-medium\" alt=\"El amor cambi\u00f3 de reglas y ahora convive con m\u00e1s libertad, m\u00e1s dudas y m\u00e1s tecnolog\u00eda. Cr\u00e9dito: Unsplash.\" \/>\t\t\t\t\t<\/a>\n\t\t\t\t\t\t\t\t\t<\/div>\n\t\t\t\t\t\t<h4 class=\"uagb-post__title uagb-post__text\">\n\t\t\t\t<a href=\"https:\/\/agencia.unq.edu.ar\/?p=35937\" target=\"_self\" rel=\"bookmark noopener noreferrer\">Sexo y v\u00ednculos: la ciencia explica qu\u00e9 cambi\u00f3 en el \u00faltimo medio siglo<\/a>\n\t\t\t<\/h4>\n\t\t\t\t\t\t<div class='uagb-post__text uagb-post-grid-byline'>\n\t\t\t\t\t\t\t<\/div>\n\t\t\t\n\t\t\t\t\t\t\t\t\t<\/article>\n\t\t\t\t\t\t\t\t\t\t\t\t\t\t\t\t<article class=\"uagb-post__inner-wrap\">\t\t\t\t\t\t\t\t<div class='uagb-post__image'>\n\t\t\t\t\t\t\t\t\t<a href=\"https:\/\/agencia.unq.edu.ar\/?p=35915\" target=\"_self\" rel=\"bookmark noopener noreferrer\"><img loading=\"lazy\" decoding=\"async\" width=\"960\" height=\"388\" src=\"https:\/\/agencia.unq.edu.ar\/wp-content\/uploads\/2026\/04\/estudiantes-liceo-Uruguay.jpg\" class=\"attachment-medium size-medium\" alt=\"3 de 4 estudiantes de nivel secundario en Uruguay tienen ausentismo cr\u00f3nico. Cr\u00e9ditos: portaldeyoung.\" \/>\t\t\t\t\t<\/a>\n\t\t\t\t\t\t\t\t\t<\/div>\n\t\t\t\t\t\t<h4 class=\"uagb-post__title uagb-post__text\">\n\t\t\t\t<a href=\"https:\/\/agencia.unq.edu.ar\/?p=35915\" target=\"_self\" rel=\"bookmark noopener noreferrer\">Un equipo de la UNQ se destaca en el \u00e1mbito internacional y asesorar\u00e1 en educaci\u00f3n al gobierno uruguayo<\/a>\n\t\t\t<\/h4>\n\t\t\t\t\t\t<div class='uagb-post__text uagb-post-grid-byline'>\n\t\t\t\t\t\t\t<\/div>\n\t\t\t\n\t\t\t\t\t\t\t\t\t<\/article>\n\t\t\t\t\t\t\t\t\t\t\t\t\t\t\t\t<article class=\"uagb-post__inner-wrap\">\t\t\t\t\t\t\t\t<div class='uagb-post__image'>\n\t\t\t\t\t\t\t\t\t<a href=\"https:\/\/agencia.unq.edu.ar\/?p=35853\" target=\"_self\" rel=\"bookmark noopener noreferrer\"><img loading=\"lazy\" decoding=\"async\" width=\"960\" height=\"388\" src=\"https:\/\/agencia.unq.edu.ar\/wp-content\/uploads\/2026\/04\/cosecha-soja-argentina.jpg\" class=\"attachment-medium size-medium\" alt=\"Cr\u00e9ditos: InfoCampo.\" \/>\t\t\t\t\t<\/a>\n\t\t\t\t\t\t\t\t\t<\/div>\n\t\t\t\t\t\t<h4 class=\"uagb-post__title uagb-post__text\">\n\t\t\t\t<a href=\"https:\/\/agencia.unq.edu.ar\/?p=35853\" target=\"_self\" rel=\"bookmark noopener noreferrer\">Solo tres cultivos cubren el 76 por ciento de la superficie total cosechada en Argentina<\/a>\n\t\t\t<\/h4>\n\t\t\t\t\t\t<div class='uagb-post__text uagb-post-grid-byline'>\n\t\t\t\t\t\t\t<\/div>\n\t\t\t\n\t\t\t\t\t\t\t\t\t<\/article>\n\t\t\t\t\t\t\t\t\t\t\t\t\t\t\t\t<article class=\"uagb-post__inner-wrap\">\t\t\t\t\t\t\t\t<div class='uagb-post__image'>\n\t\t\t\t\t\t\t\t\t<a href=\"https:\/\/agencia.unq.edu.ar\/?p=35695\" target=\"_self\" rel=\"bookmark noopener noreferrer\"><img loading=\"lazy\" decoding=\"async\" width=\"960\" height=\"388\" src=\"https:\/\/agencia.unq.edu.ar\/wp-content\/uploads\/2026\/04\/teletrabajo12.jpg\" class=\"attachment-medium size-medium\" alt=\"El trabajo remoto empieza a mover la aguja de la natalidad. Cr\u00e9ditos: TN online.\" \/>\t\t\t\t\t<\/a>\n\t\t\t\t\t\t\t\t\t<\/div>\n\t\t\t\t\t\t<h4 class=\"uagb-post__title uagb-post__text\">\n\t\t\t\t<a href=\"https:\/\/agencia.unq.edu.ar\/?p=35695\" target=\"_self\" rel=\"bookmark noopener noreferrer\">Home office y beb\u00e9s: por qu\u00e9 la fecundidad sube 14 por ciento en algunas parejas<\/a>\n\t\t\t<\/h4>\n\t\t\t\t\t\t<div class='uagb-post__text uagb-post-grid-byline'>\n\t\t\t\t\t\t\t<\/div>\n\t\t\t\n\t\t\t\t\t\t\t\t\t<\/article>\n\t\t\t\t\t\t\t\t\t\t\t\t\t\t\t\t<article class=\"uagb-post__inner-wrap\">\t\t\t\t\t\t\t\t<div class='uagb-post__image'>\n\t\t\t\t\t\t\t\t\t<a href=\"https:\/\/agencia.unq.edu.ar\/?p=35672\" target=\"_self\" rel=\"bookmark noopener noreferrer\"><img loading=\"lazy\" decoding=\"async\" width=\"960\" height=\"388\" src=\"https:\/\/agencia.unq.edu.ar\/wp-content\/uploads\/2026\/04\/Guia-amenazas-escuelas.jpg\" class=\"attachment-medium size-medium\" alt=\"Una docente frente a sus estudiantes. Cr\u00e9ditos: abc.gob.ar\" \/>\t\t\t\t\t<\/a>\n\t\t\t\t\t\t\t\t\t<\/div>\n\t\t\t\t\t\t<h4 class=\"uagb-post__title uagb-post__text\">\n\t\t\t\t<a href=\"https:\/\/agencia.unq.edu.ar\/?p=35672\" target=\"_self\" rel=\"bookmark noopener noreferrer\">Lanzan una gu\u00eda para actuar ante las amenazas de tiroteos en las escuelas<\/a>\n\t\t\t<\/h4>\n\t\t\t\t\t\t<div class='uagb-post__text uagb-post-grid-byline'>\n\t\t\t\t\t\t\t<\/div>\n\t\t\t\n\t\t\t\t\t\t\t\t\t<\/article>\n\t\t\t\t\t\t\t\t\t\t\t\t\t\t\t\t<article class=\"uagb-post__inner-wrap\">\t\t\t\t\t\t\t\t<div class='uagb-post__image'>\n\t\t\t\t\t\t\t\t\t<a href=\"https:\/\/agencia.unq.edu.ar\/?p=35292\" target=\"_self\" rel=\"bookmark noopener noreferrer\"><img loading=\"lazy\" decoding=\"async\" width=\"960\" height=\"388\" src=\"https:\/\/agencia.unq.edu.ar\/wp-content\/uploads\/2026\/04\/David-Foodphototasty-pescado.jpg\" class=\"attachment-medium size-medium\" alt=\"Las elecciones alimentarias comunican pertenencia, valores y fronteras culturales. Cr\u00e9dito: David Foodphototasty.\" \/>\t\t\t\t\t<\/a>\n\t\t\t\t\t\t\t\t\t<\/div>\n\t\t\t\t\t\t<h4 class=\"uagb-post__title uagb-post__text\">\n\t\t\t\t<a href=\"https:\/\/agencia.unq.edu.ar\/?p=35292\" target=\"_self\" rel=\"bookmark noopener noreferrer\">Dietas religiosas: \u00bfqu\u00e9 revela la ciencia sobre la comida en fechas sagradas?<\/a>\n\t\t\t<\/h4>\n\t\t\t\t\t\t<div class='uagb-post__text uagb-post-grid-byline'>\n\t\t\t\t\t\t\t<\/div>\n\t\t\t\n\t\t\t\t\t\t\t\t\t<\/article>\n\t\t\t\t\t\t\t\t\t\t\t\t\t\t\t\t<article class=\"uagb-post__inner-wrap\">\t\t\t\t\t\t\t\t<div class='uagb-post__image'>\n\t\t\t\t\t\t\t\t\t<a href=\"https:\/\/agencia.unq.edu.ar\/?p=35298\" target=\"_self\" rel=\"bookmark noopener noreferrer\"><img loading=\"lazy\" decoding=\"async\" width=\"960\" height=\"388\" src=\"https:\/\/agencia.unq.edu.ar\/wp-content\/uploads\/2026\/04\/Cementerio-de-Darwin-Malvinas.jpg\" class=\"attachment-medium size-medium\" alt=\"Hasta la fecha se identificaron 121 soldados inhumados en el Cementerio de Darwin. Cr\u00e9ditos: Aviaci\u00f3n Argentina.\" \/>\t\t\t\t\t<\/a>\n\t\t\t\t\t\t\t\t\t<\/div>\n\t\t\t\t\t\t<h4 class=\"uagb-post__title uagb-post__text\">\n\t\t\t\t<a href=\"https:\/\/agencia.unq.edu.ar\/?p=35298\" target=\"_self\" rel=\"bookmark noopener noreferrer\">\u201cGracias a la identificaci\u00f3n de los ca\u00eddos en Malvinas, cambi\u00f3 la forma en que los familiares miraron la muerte\u201d<\/a>\n\t\t\t<\/h4>\n\t\t\t\t\t\t<div class='uagb-post__text uagb-post-grid-byline'>\n\t\t\t\t\t\t\t<\/div>\n\t\t\t\n\t\t\t\t\t\t\t\t\t<\/article>\n\t\t\t\t\t\t\t\t\t\t\t\t\t\t\t\t<article class=\"uagb-post__inner-wrap\">\t\t\t\t\t\t\t\t<div class='uagb-post__image'>\n\t\t\t\t\t\t\t\t\t<a href=\"https:\/\/agencia.unq.edu.ar\/?p=35201\" target=\"_self\" rel=\"bookmark noopener noreferrer\"><img loading=\"lazy\" decoding=\"async\" width=\"960\" height=\"388\" src=\"https:\/\/agencia.unq.edu.ar\/wp-content\/uploads\/2026\/03\/pexels-adultos-mayores.jpg\" class=\"attachment-medium size-medium\" alt=\"La evidencia indica que sensores, apps y recordatorios sirven de apoyo diario, aunque la presencia, la empat\u00eda y la vida en comunidad siguen siendo clave. Cr\u00e9ditos: Pexels.\" \/>\t\t\t\t\t<\/a>\n\t\t\t\t\t\t\t\t\t<\/div>\n\t\t\t\t\t\t<h4 class=\"uagb-post__title uagb-post__text\">\n\t\t\t\t<a href=\"https:\/\/agencia.unq.edu.ar\/?p=35201\" target=\"_self\" rel=\"bookmark noopener noreferrer\">\u00bfPor qu\u00e9 la IA no reemplaza a los cuidadores de adultos mayores?<\/a>\n\t\t\t<\/h4>\n\t\t\t\t\t\t<div class='uagb-post__text uagb-post-grid-byline'>\n\t\t\t\t\t\t\t<\/div>\n\t\t\t\n\t\t\t\t\t\t\t\t\t<\/article>\n\t\t\t\t\t\t\t\t\t\t\t<\/div>\n\t\t\t<\/div>\n","protected":false},"excerpt":{"rendered":"<p>Docentes, investigadores, no docentes y estudiantes realizaron conferencias y presentaron proyectos con realidad aumentada y virtual.<\/p>\n","protected":false},"author":6,"featured_media":32648,"comment_status":"open","ping_status":"closed","sticky":false,"template":"","format":"standard","meta":{"_uag_custom_page_level_css":"","_monsterinsights_skip_tracking":false,"_monsterinsights_sitenote_active":false,"_monsterinsights_sitenote_note":"","_monsterinsights_sitenote_category":0,"site-sidebar-layout":"default","site-content-layout":"","ast-site-content-layout":"default","site-content-style":"default","site-sidebar-style":"default","ast-global-header-display":"","ast-banner-title-visibility":"","ast-main-header-display":"","ast-hfb-above-header-display":"","ast-hfb-below-header-display":"","ast-hfb-mobile-header-display":"","site-post-title":"","ast-breadcrumbs-content":"","ast-featured-img":"","footer-sml-layout":"","ast-disable-related-posts":"","theme-transparent-header-meta":"","adv-header-id-meta":"","stick-header-meta":"","header-above-stick-meta":"","header-main-stick-meta":"","header-below-stick-meta":"","astra-migrate-meta-layouts":"default","ast-page-background-enabled":"default","ast-page-background-meta":{"desktop":{"background-color":"var(--ast-global-color-4)","background-image":"","background-repeat":"repeat","background-position":"center center","background-size":"auto","background-attachment":"scroll","background-type":"","background-media":"","overlay-type":"","overlay-color":"","overlay-opacity":"","overlay-gradient":""},"tablet":{"background-color":"","background-image":"","background-repeat":"repeat","background-position":"center center","background-size":"auto","background-attachment":"scroll","background-type":"","background-media":"","overlay-type":"","overlay-color":"","overlay-opacity":"","overlay-gradient":""},"mobile":{"background-color":"","background-image":"","background-repeat":"repeat","background-position":"center center","background-size":"auto","background-attachment":"scroll","background-type":"","background-media":"","overlay-type":"","overlay-color":"","overlay-opacity":"","overlay-gradient":""}},"ast-content-background-meta":{"desktop":{"background-color":"var(--ast-global-color-5)","background-image":"","background-repeat":"repeat","background-position":"center center","background-size":"auto","background-attachment":"scroll","background-type":"","background-media":"","overlay-type":"","overlay-color":"","overlay-opacity":"","overlay-gradient":""},"tablet":{"background-color":"var(--ast-global-color-5)","background-image":"","background-repeat":"repeat","background-position":"center center","background-size":"auto","background-attachment":"scroll","background-type":"","background-media":"","overlay-type":"","overlay-color":"","overlay-opacity":"","overlay-gradient":""},"mobile":{"background-color":"var(--ast-global-color-5)","background-image":"","background-repeat":"repeat","background-position":"center center","background-size":"auto","background-attachment":"scroll","background-type":"","background-media":"","overlay-type":"","overlay-color":"","overlay-opacity":"","overlay-gradient":""}},"footnotes":""},"categories":[16,363],"tags":[],"class_list":["post-32647","post","type-post","status-publish","format-standard","has-post-thumbnail","hentry","category-noticia-destacada","category-sociedad"],"aioseo_notices":[],"uagb_featured_image_src":{"full":["https:\/\/agencia.unq.edu.ar\/wp-content\/uploads\/2025\/11\/Semana-de-las-artes-UNQ.jpg",1040,420,false],"thumbnail":["https:\/\/agencia.unq.edu.ar\/wp-content\/uploads\/2025\/11\/Semana-de-las-artes-UNQ.jpg",150,61,false],"medium":["https:\/\/agencia.unq.edu.ar\/wp-content\/uploads\/2025\/11\/Semana-de-las-artes-UNQ.jpg",960,388,false],"medium_large":["https:\/\/agencia.unq.edu.ar\/wp-content\/uploads\/2025\/11\/Semana-de-las-artes-UNQ.jpg",768,310,false],"large":["https:\/\/agencia.unq.edu.ar\/wp-content\/uploads\/2025\/11\/Semana-de-las-artes-UNQ.jpg",1040,420,false],"1536x1536":["https:\/\/agencia.unq.edu.ar\/wp-content\/uploads\/2025\/11\/Semana-de-las-artes-UNQ.jpg",1040,420,false],"2048x2048":["https:\/\/agencia.unq.edu.ar\/wp-content\/uploads\/2025\/11\/Semana-de-las-artes-UNQ.jpg",1040,420,false]},"uagb_author_info":{"display_name":"Nicol\u00e1s Retamar","author_link":"https:\/\/agencia.unq.edu.ar\/?author=6"},"uagb_comment_info":0,"uagb_excerpt":"Docentes, investigadores, no docentes y estudiantes realizaron conferencias y presentaron proyectos con realidad aumentada y virtual.","blog_post_layout_featured_media_urls":{"thumbnail":["https:\/\/agencia.unq.edu.ar\/wp-content\/uploads\/2025\/11\/Semana-de-las-artes-UNQ.jpg",150,61,false],"full":["https:\/\/agencia.unq.edu.ar\/wp-content\/uploads\/2025\/11\/Semana-de-las-artes-UNQ.jpg",1040,420,false]},"categories_names":{"16":{"name":"Noticia destacada","link":"https:\/\/agencia.unq.edu.ar\/?cat=16"},"363":{"name":"Sociedad","link":"https:\/\/agencia.unq.edu.ar\/?cat=363"}},"tags_names":[],"comments_number":"0","_links":{"self":[{"href":"https:\/\/agencia.unq.edu.ar\/index.php?rest_route=\/wp\/v2\/posts\/32647","targetHints":{"allow":["GET"]}}],"collection":[{"href":"https:\/\/agencia.unq.edu.ar\/index.php?rest_route=\/wp\/v2\/posts"}],"about":[{"href":"https:\/\/agencia.unq.edu.ar\/index.php?rest_route=\/wp\/v2\/types\/post"}],"author":[{"embeddable":true,"href":"https:\/\/agencia.unq.edu.ar\/index.php?rest_route=\/wp\/v2\/users\/6"}],"replies":[{"embeddable":true,"href":"https:\/\/agencia.unq.edu.ar\/index.php?rest_route=%2Fwp%2Fv2%2Fcomments&post=32647"}],"version-history":[{"count":5,"href":"https:\/\/agencia.unq.edu.ar\/index.php?rest_route=\/wp\/v2\/posts\/32647\/revisions"}],"predecessor-version":[{"id":32741,"href":"https:\/\/agencia.unq.edu.ar\/index.php?rest_route=\/wp\/v2\/posts\/32647\/revisions\/32741"}],"wp:featuredmedia":[{"embeddable":true,"href":"https:\/\/agencia.unq.edu.ar\/index.php?rest_route=\/wp\/v2\/media\/32648"}],"wp:attachment":[{"href":"https:\/\/agencia.unq.edu.ar\/index.php?rest_route=%2Fwp%2Fv2%2Fmedia&parent=32647"}],"wp:term":[{"taxonomy":"category","embeddable":true,"href":"https:\/\/agencia.unq.edu.ar\/index.php?rest_route=%2Fwp%2Fv2%2Fcategories&post=32647"},{"taxonomy":"post_tag","embeddable":true,"href":"https:\/\/agencia.unq.edu.ar\/index.php?rest_route=%2Fwp%2Fv2%2Ftags&post=32647"}],"curies":[{"name":"wp","href":"https:\/\/api.w.org\/{rel}","templated":true}]}}