{"id":32751,"date":"2025-11-17T10:14:55","date_gmt":"2025-11-17T13:14:55","guid":{"rendered":"https:\/\/agencia.unq.edu.ar\/?p=32751"},"modified":"2025-11-26T15:56:50","modified_gmt":"2025-11-26T18:56:50","slug":"de-la-navegacion-a-la-geopolitica-la-ciencia-escondida-detras-de-los-mapas","status":"publish","type":"post","link":"https:\/\/agencia.unq.edu.ar\/?p=32751","title":{"rendered":"De la navegaci\u00f3n a la geopol\u00edtica: la ciencia escondida detr\u00e1s de los mapas"},"content":{"rendered":"\n<p class=\"wp-embed-aspect-16-9 wp-has-aspect-ratio has-medium-font-size\" id=\"block-e7a9ff36-ee0c-4796-9d2e-1fd69773da3a\">Aunque parecen representaciones fieles y neutrales, esconden diferentes objetivos y visiones del mundo.<\/p>\n\n\n\n<figure class=\"wp-block-image aligncenter size-full\" id=\"block-c3ee2a7f-4bf9-43dd-a0f6-8acc1087bdbe\"><img loading=\"lazy\" decoding=\"async\" width=\"1040\" height=\"420\" src=\"https:\/\/agencia.unq.edu.ar\/wp-content\/uploads\/2025\/11\/Planisferio-Mercator.jpg\" alt=\"Planisferio basado en la proyecci\u00f3n de Mercator. Cr\u00e9ditos: Rex.\" class=\"wp-image-32752\"\/><figcaption class=\"wp-element-caption\">Planisferio basado en la proyecci\u00f3n de Mercator. Cr\u00e9ditos: Rex.<\/figcaption><\/figure>\n\n\n\n<p class=\"wp-embed-aspect-16-9 wp-has-aspect-ratio\" id=\"block-792ca364-1b8e-4135-8180-b4418ab97e95\">Con el af\u00e1n de orientarse a la hora de navegar, conocer y dominar los territorios, diferentes especialistas a lo largo de la historia crearon mapas que representaban el mundo, o al menos esa porci\u00f3n que se conoc\u00eda. De hecho, el mapa m\u00e1s antiguo del que hay registros es una tabla de arcilla realizada en el siglo VI antes de Cristo. A pesar de que hubo muchas interpretaciones, hay una que marc\u00f3 un antes y un despu\u00e9s. En 1569, el ge\u00f3grafo Gerardus Mercator dise\u00f1\u00f3 una proyecci\u00f3n del planeta con meridianos y paralelos que, con diferentes actualizaciones y modificaciones, perdura hasta la actualidad. Incluso, las aplicaciones web de cartograf\u00eda se basan en este modelo. Aunque fue creado para ayudar a la marina mercante, su dibujo del lugar que ocupan los continentes no es neutral, sino que corresponde a la subjetividad del autor.\u00a0En este aspecto, que los pa\u00edses m\u00e1s poderosos est\u00e9n en el norte y que Europa est\u00e9 en el centro del planisferio no tiene sustento te\u00f3rico. Por el contrario, tiene que ver con interpretaciones sobre el mundo que se imponen sobre otras.<\/p>\n\n\n\n<p>&#8220;<strong>La proyecci\u00f3n Mercator es esencialmente una carta que resolvi\u00f3 el problema de la navegaci\u00f3n<\/strong>. A trav\u00e9s de la matematizaci\u00f3n del espacio, el mapa pudo mantener la correlaci\u00f3n entre diferentes coordenadas, lo que permiti\u00f3 trazar l\u00edneas rectas y establecer un curso determinado. Por lo tanto, esta representaci\u00f3n se convirti\u00f3 en un complemento para la br\u00fajula y otros elementos de ubicaci\u00f3n&#8221;, sostiene <strong>Ariel Hartlich<\/strong>, doctor en Ciencias Sociales de la Universidad Nacional de Quilmes y divulgador del mapa bicontinental argentino, en di\u00e1logo con la <a href=\"https:\/\/agencia.unq.edu.ar\" target=\"_blank\" rel=\"noopener\" title=\"\">Agencia de Noticias Cient\u00edficas de la UNQ<\/a>.<\/p>\n\n\n\n<p class=\"wp-embed-aspect-16-9 wp-has-aspect-ratio\" id=\"block-792ca364-1b8e-4135-8180-b4418ab97e95\">Y contin\u00faa: &#8220;Como toda proyecci\u00f3n, el mapa genera una distorsi\u00f3n porque transporta la superficie de un cuerpo tridimensional a uno de dos dimensiones. Entonces, necesariamente se modifica el relieve y, seg\u00fan cu\u00e1l sea tu inter\u00e9s o tu necesidad, es lo que vas a priorizar. <strong>El caso de Mercator prioriza determinadas posibilidades de trazar l\u00edneas rectas, pero no se condicen con la realidad<\/strong>&#8220;.<\/p>\n\n\n\n<div class=\"wp-block-uagb-image aligncenter uagb-block-c694bad8 wp-block-uagb-image--layout-default wp-block-uagb-image--effect-static wp-block-uagb-image--align-center\"><figure class=\"wp-block-uagb-image__figure\"><img decoding=\"async\" srcset=\"https:\/\/agencia.unq.edu.ar\/wp-content\/uploads\/2025\/11\/Mapa-de-mercator.jpg ,https:\/\/agencia.unq.edu.ar\/wp-content\/uploads\/2025\/11\/Mapa-de-mercator.jpg 780w, https:\/\/agencia.unq.edu.ar\/wp-content\/uploads\/2025\/11\/Mapa-de-mercator.jpg 360w\" sizes=\"auto, (max-width: 480px) 150px\" src=\"https:\/\/agencia.unq.edu.ar\/wp-content\/uploads\/2025\/11\/Mapa-de-mercator.jpg\" alt=\"\" class=\"uag-image-32753\" width=\"750\" height=\"704\" title=\"Mapa de mercator\" loading=\"lazy\" role=\"img\"\/><\/figure><\/div>\n\n\n\n<p class=\"wp-embed-aspect-16-9 wp-has-aspect-ratio\" id=\"block-792ca364-1b8e-4135-8180-b4418ab97e95\">En este aspecto, uno de los casos m\u00e1s notorios es el de Groenlandia. A pesar de que en el mapa de Mercator parece igual o m\u00e1s grande que todo el continente africano, la superficie de cada territorio lo desmiente. <strong>Mientras que Groenlandia tiene 2166086 km2, \u00c1frica tiene 30272922 km2, por lo que es casi 15 veces m\u00e1s grande<\/strong>.<\/p>\n\n\n\n<p>M\u00e1s all\u00e1 de las explicaciones t\u00e9cnicas sobre el tama\u00f1o de los continentes y las adaptaciones para cumplir con la longitud y la latitud, no es casual que Europa est\u00e9 en el centro. \u201c<strong>Nadie se pone a trazar l\u00edneas de navegaci\u00f3n situ\u00e1ndose a un costadito abajo en un rinc\u00f3n. Por eso, la ubicaci\u00f3n de los pa\u00edses tiene que ver con las personas y las instituciones que realizan el mapa<\/strong>\u201d, afirma Harlich.<\/p>\n\n\n\n<h2 class=\"wp-block-heading\">Mi lugar en el mundo<\/h2>\n\n\n\n<p>Frente a esta concepci\u00f3n \u201ceurocentrista\u201d, diferentes pa\u00edses realizaron sus propios mapas para posicionarse frente al resto. Uno de los casos m\u00e1s destacados en el \u00faltimo tiempo fue Brasil, quien a mediados de a\u00f1o present\u00f3 su nueva representaci\u00f3n donde no solo el pa\u00eds est\u00e1 en el centro, sino que invirti\u00f3 la proyecci\u00f3n Norte-Sur. <strong>En el caso de Argentina,<\/strong> <strong>el Congreso aprob\u00f3 en 2010 una Ley que obliga a utilizar en todos los niveles educativos el mapa bicontinental<\/strong>, el cual muestra el Sector Ant\u00e1rtico en su real proporci\u00f3n, con relaci\u00f3n al sector continental e insular.<\/p>\n\n\n\n<div class=\"wp-block-uagb-image aligncenter uagb-block-bd61ff4c wp-block-uagb-image--layout-default wp-block-uagb-image--effect-static wp-block-uagb-image--align-center\"><figure class=\"wp-block-uagb-image__figure\"><img decoding=\"async\" srcset=\"https:\/\/agencia.unq.edu.ar\/wp-content\/uploads\/2025\/11\/Planisferio-IGN.jpg ,https:\/\/agencia.unq.edu.ar\/wp-content\/uploads\/2025\/11\/Planisferio-IGN.jpg 780w, https:\/\/agencia.unq.edu.ar\/wp-content\/uploads\/2025\/11\/Planisferio-IGN.jpg 360w\" sizes=\"auto, (max-width: 480px) 150px\" src=\"https:\/\/agencia.unq.edu.ar\/wp-content\/uploads\/2025\/11\/Planisferio-IGN.jpg\" alt=\"Planisferio desarrollado por el Instituto Geogr\u00e1fico Nacional. Cr\u00e9ditos: IGN.\" class=\"uag-image-32754\" width=\"750\" height=\"432\" title=\"Planisferio IGN\" loading=\"lazy\" role=\"img\"\/><\/figure><\/div>\n\n\n\n<p>&#8220;El mapa bicontinental cambia la idea tradicional que nos inculcaron de Ushuaia a La Quiaca. A pesar de haber sido reglamentado en 2010, su utilizaci\u00f3n todav\u00eda est\u00e1 pendiente en todos los niveles de nuestra ense\u00f1anza. No obstante, <strong>estos soportes son los que permiten construir nuestra propia imagen, nuestro propio imaginario nacional, nuestra propia comprensi\u00f3n de nuestro lugar en el mundo y de nuestra jurisdicci\u00f3n nacional soberana<\/strong>. Entonces, ah\u00ed adquiere una relevancia sustancial el tema de pensar la bicontinentalidad&#8221;, resalta el autor del libro <strong>La Comunidad Imaginada por la Comunidad Organizada. La representaci\u00f3n cartogr\u00e1fica durante el primer peronismo 1943-1955<\/strong>.&nbsp;<\/p>\n\n\n\n<p class=\"wp-embed-aspect-16-9 wp-has-aspect-ratio\" id=\"block-792ca364-1b8e-4135-8180-b4418ab97e95\"><strong>M\u00e1s all\u00e1 de la Ley sancionada en el siglo XXI, la historia bicontinental argentina se remonta m\u00e1s atr\u00e1s<\/strong>. El pa\u00eds tiene presencia ininterrumpida en la Ant\u00e1rtida desde 1904 y fue la primera naci\u00f3n del mundo en tener una misi\u00f3n permanente. En 1946, bajo la presidencia de Juan Domingo Per\u00f3n, se establece la bicontinentalidad y se impulsan diferentes medidas para incorporar esta perspectiva. No solo se crea el Instituto Nacional Ant\u00e1rtico, sino que se lleva a cabo un plan de concientizaci\u00f3n ant\u00e1rtica a trav\u00e9s de propagandas, producciones art\u00edsticas, cinematogr\u00e1ficas, y la inclusi\u00f3n del tema en todos los niveles educativos.<\/p>\n\n\n\n<p class=\"wp-embed-aspect-16-9 wp-has-aspect-ratio\" id=\"block-792ca364-1b8e-4135-8180-b4418ab97e95\">Sin embargo, los golpes de Estado dieron marcha atr\u00e1s con los avances realizados durante el peronismo. A pesar de la sanci\u00f3n de la Ley N\u00b0 26.651, que establece la obligatoriedad de usar y exhibir el mapa bicontinental de la Rep\u00fablica Argentina en todos los niveles educativos y en todos los organismos p\u00fablicos del pa\u00eds, todav\u00eda se educa a miles de estudiantes con Argentina abajo a la izquierda, y muchas veces sin su parte ant\u00e1rtica. \u201cEl mapa bicontinental con Argentina en el centro de la escena supone la proyecci\u00f3n de nuestro desarrollo desde esa posici\u00f3n. <strong>Contra la mirada de las metr\u00f3polis hegem\u00f3nicas que nos ubican como proveedores de materias primas, esta representaci\u00f3n tambi\u00e9n proyecta el potencial mar\u00edtimo y austral<\/strong>\u201d, destaca Harlich.<\/p>\n\n\n\n<div class=\"wp-block-uagb-image aligncenter uagb-block-975d4a52 wp-block-uagb-image--layout-default wp-block-uagb-image--effect-static wp-block-uagb-image--align-center\"><figure class=\"wp-block-uagb-image__figure\"><img decoding=\"async\" srcset=\"https:\/\/agencia.unq.edu.ar\/wp-content\/uploads\/2025\/11\/Mapa-argentina.jpg ,https:\/\/agencia.unq.edu.ar\/wp-content\/uploads\/2025\/11\/Mapa-argentina.jpg 780w, https:\/\/agencia.unq.edu.ar\/wp-content\/uploads\/2025\/11\/Mapa-argentina.jpg 360w\" sizes=\"auto, (max-width: 480px) 150px\" src=\"https:\/\/agencia.unq.edu.ar\/wp-content\/uploads\/2025\/11\/Mapa-argentina.jpg\" alt=\"Cr\u00e9ditos: Instituto Geogr\u00e1fico Nacional.\" class=\"uag-image-32755\" width=\"750\" height=\"1389\" title=\"Mapa argentina\" loading=\"lazy\" role=\"img\"\/><\/figure><\/div>\n\n\n\n<p><\/p>\n\n\n\n<div class=\"wp-block-uagb-container uagb-block-e31d8b4a alignwide uagb-is-root-container\">\n<div class=\"wp-block-uagb-advanced-heading uagb-block-fd68d2f2\"><h4 class=\"uagb-heading-text\">\u00daltimas noticias de la secci\u00f3n Sociedad:<\/h4><\/div>\n\n\n\n\t\t\t<div class=\"wp-block-uagb-post-carousel uagb-post-grid  uagb-post__image-position-top uagb-post__image-enabled uagb-block-24e22604     uagb-post__arrow-outside uagb-slick-carousel uagb-post__items uagb-post__columns-3 is-carousel uagb-post__columns-tablet-2 uagb-post__columns-mobile-1\" data-total=\"41\" style=\"\">\n\n\t\t\t\t\t\t\t\t\t\t\t\t<article class=\"uagb-post__inner-wrap\">\t\t\t\t\t\t\t\t<div class='uagb-post__image'>\n\t\t\t\t\t\t\t\t\t<a href=\"https:\/\/agencia.unq.edu.ar\/?p=35853\" target=\"_self\" rel=\"bookmark noopener noreferrer\"><img loading=\"lazy\" decoding=\"async\" width=\"960\" height=\"388\" src=\"https:\/\/agencia.unq.edu.ar\/wp-content\/uploads\/2026\/04\/cosecha-soja-argentina.jpg\" class=\"attachment-medium size-medium\" alt=\"Cr\u00e9ditos: InfoCampo.\" \/>\t\t\t\t\t<\/a>\n\t\t\t\t\t\t\t\t\t<\/div>\n\t\t\t\t\t\t<h4 class=\"uagb-post__title uagb-post__text\">\n\t\t\t\t<a href=\"https:\/\/agencia.unq.edu.ar\/?p=35853\" target=\"_self\" rel=\"bookmark noopener noreferrer\">Solo tres cultivos cubren el 76 por ciento de la superficie total cosechada en Argentina<\/a>\n\t\t\t<\/h4>\n\t\t\t\t\t\t<div class='uagb-post__text uagb-post-grid-byline'>\n\t\t\t\t\t\t\t<\/div>\n\t\t\t\n\t\t\t\t\t\t\t\t\t<\/article>\n\t\t\t\t\t\t\t\t\t\t\t\t\t\t\t\t<article class=\"uagb-post__inner-wrap\">\t\t\t\t\t\t\t\t<div class='uagb-post__image'>\n\t\t\t\t\t\t\t\t\t<a href=\"https:\/\/agencia.unq.edu.ar\/?p=35695\" target=\"_self\" rel=\"bookmark noopener noreferrer\"><img loading=\"lazy\" decoding=\"async\" width=\"960\" height=\"388\" src=\"https:\/\/agencia.unq.edu.ar\/wp-content\/uploads\/2026\/04\/teletrabajo12.jpg\" class=\"attachment-medium size-medium\" alt=\"El trabajo remoto empieza a mover la aguja de la natalidad. Cr\u00e9ditos: TN online.\" \/>\t\t\t\t\t<\/a>\n\t\t\t\t\t\t\t\t\t<\/div>\n\t\t\t\t\t\t<h4 class=\"uagb-post__title uagb-post__text\">\n\t\t\t\t<a href=\"https:\/\/agencia.unq.edu.ar\/?p=35695\" target=\"_self\" rel=\"bookmark noopener noreferrer\">Home office y beb\u00e9s: por qu\u00e9 la fecundidad sube 14 por ciento en algunas parejas<\/a>\n\t\t\t<\/h4>\n\t\t\t\t\t\t<div class='uagb-post__text uagb-post-grid-byline'>\n\t\t\t\t\t\t\t<\/div>\n\t\t\t\n\t\t\t\t\t\t\t\t\t<\/article>\n\t\t\t\t\t\t\t\t\t\t\t\t\t\t\t\t<article class=\"uagb-post__inner-wrap\">\t\t\t\t\t\t\t\t<div class='uagb-post__image'>\n\t\t\t\t\t\t\t\t\t<a href=\"https:\/\/agencia.unq.edu.ar\/?p=35672\" target=\"_self\" rel=\"bookmark noopener noreferrer\"><img loading=\"lazy\" decoding=\"async\" width=\"960\" height=\"388\" src=\"https:\/\/agencia.unq.edu.ar\/wp-content\/uploads\/2026\/04\/Guia-amenazas-escuelas.jpg\" class=\"attachment-medium size-medium\" alt=\"Una docente frente a sus estudiantes. Cr\u00e9ditos: abc.gob.ar\" \/>\t\t\t\t\t<\/a>\n\t\t\t\t\t\t\t\t\t<\/div>\n\t\t\t\t\t\t<h4 class=\"uagb-post__title uagb-post__text\">\n\t\t\t\t<a href=\"https:\/\/agencia.unq.edu.ar\/?p=35672\" target=\"_self\" rel=\"bookmark noopener noreferrer\">Lanzan una gu\u00eda para actuar ante las amenazas de tiroteos en las escuelas<\/a>\n\t\t\t<\/h4>\n\t\t\t\t\t\t<div class='uagb-post__text uagb-post-grid-byline'>\n\t\t\t\t\t\t\t<\/div>\n\t\t\t\n\t\t\t\t\t\t\t\t\t<\/article>\n\t\t\t\t\t\t\t\t\t\t\t\t\t\t\t\t<article class=\"uagb-post__inner-wrap\">\t\t\t\t\t\t\t\t<div class='uagb-post__image'>\n\t\t\t\t\t\t\t\t\t<a href=\"https:\/\/agencia.unq.edu.ar\/?p=35292\" target=\"_self\" rel=\"bookmark noopener noreferrer\"><img loading=\"lazy\" decoding=\"async\" width=\"960\" height=\"388\" src=\"https:\/\/agencia.unq.edu.ar\/wp-content\/uploads\/2026\/04\/David-Foodphototasty-pescado.jpg\" class=\"attachment-medium size-medium\" alt=\"Las elecciones alimentarias comunican pertenencia, valores y fronteras culturales. Cr\u00e9dito: David Foodphototasty.\" \/>\t\t\t\t\t<\/a>\n\t\t\t\t\t\t\t\t\t<\/div>\n\t\t\t\t\t\t<h4 class=\"uagb-post__title uagb-post__text\">\n\t\t\t\t<a href=\"https:\/\/agencia.unq.edu.ar\/?p=35292\" target=\"_self\" rel=\"bookmark noopener noreferrer\">Dietas religiosas: \u00bfqu\u00e9 revela la ciencia sobre la comida en fechas sagradas?<\/a>\n\t\t\t<\/h4>\n\t\t\t\t\t\t<div class='uagb-post__text uagb-post-grid-byline'>\n\t\t\t\t\t\t\t<\/div>\n\t\t\t\n\t\t\t\t\t\t\t\t\t<\/article>\n\t\t\t\t\t\t\t\t\t\t\t\t\t\t\t\t<article class=\"uagb-post__inner-wrap\">\t\t\t\t\t\t\t\t<div class='uagb-post__image'>\n\t\t\t\t\t\t\t\t\t<a href=\"https:\/\/agencia.unq.edu.ar\/?p=35298\" target=\"_self\" rel=\"bookmark noopener noreferrer\"><img loading=\"lazy\" decoding=\"async\" width=\"960\" height=\"388\" src=\"https:\/\/agencia.unq.edu.ar\/wp-content\/uploads\/2026\/04\/Cementerio-de-Darwin-Malvinas.jpg\" class=\"attachment-medium size-medium\" alt=\"Hasta la fecha se identificaron 121 soldados inhumados en el Cementerio de Darwin. Cr\u00e9ditos: Aviaci\u00f3n Argentina.\" \/>\t\t\t\t\t<\/a>\n\t\t\t\t\t\t\t\t\t<\/div>\n\t\t\t\t\t\t<h4 class=\"uagb-post__title uagb-post__text\">\n\t\t\t\t<a href=\"https:\/\/agencia.unq.edu.ar\/?p=35298\" target=\"_self\" rel=\"bookmark noopener noreferrer\">\u201cGracias a la identificaci\u00f3n de los ca\u00eddos en Malvinas, cambi\u00f3 la forma en que los familiares miraron la muerte\u201d<\/a>\n\t\t\t<\/h4>\n\t\t\t\t\t\t<div class='uagb-post__text uagb-post-grid-byline'>\n\t\t\t\t\t\t\t<\/div>\n\t\t\t\n\t\t\t\t\t\t\t\t\t<\/article>\n\t\t\t\t\t\t\t\t\t\t\t\t\t\t\t\t<article class=\"uagb-post__inner-wrap\">\t\t\t\t\t\t\t\t<div class='uagb-post__image'>\n\t\t\t\t\t\t\t\t\t<a href=\"https:\/\/agencia.unq.edu.ar\/?p=35201\" target=\"_self\" rel=\"bookmark noopener noreferrer\"><img loading=\"lazy\" decoding=\"async\" width=\"960\" height=\"388\" src=\"https:\/\/agencia.unq.edu.ar\/wp-content\/uploads\/2026\/03\/pexels-adultos-mayores.jpg\" class=\"attachment-medium size-medium\" alt=\"La evidencia indica que sensores, apps y recordatorios sirven de apoyo diario, aunque la presencia, la empat\u00eda y la vida en comunidad siguen siendo clave. Cr\u00e9ditos: Pexels.\" \/>\t\t\t\t\t<\/a>\n\t\t\t\t\t\t\t\t\t<\/div>\n\t\t\t\t\t\t<h4 class=\"uagb-post__title uagb-post__text\">\n\t\t\t\t<a href=\"https:\/\/agencia.unq.edu.ar\/?p=35201\" target=\"_self\" rel=\"bookmark noopener noreferrer\">\u00bfPor qu\u00e9 la IA no reemplaza a los cuidadores de adultos mayores?<\/a>\n\t\t\t<\/h4>\n\t\t\t\t\t\t<div class='uagb-post__text uagb-post-grid-byline'>\n\t\t\t\t\t\t\t<\/div>\n\t\t\t\n\t\t\t\t\t\t\t\t\t<\/article>\n\t\t\t\t\t\t\t\t\t\t\t\t\t\t\t\t<article class=\"uagb-post__inner-wrap\">\t\t\t\t\t\t\t\t<div class='uagb-post__image'>\n\t\t\t\t\t\t\t\t\t<a href=\"https:\/\/agencia.unq.edu.ar\/?p=35101\" target=\"_self\" rel=\"bookmark noopener noreferrer\"><img loading=\"lazy\" decoding=\"async\" width=\"504\" height=\"204\" src=\"https:\/\/agencia.unq.edu.ar\/wp-content\/uploads\/2026\/03\/2026-03-26-Martin-Proscia-Manuel-Eguia-Antonio-Ortega-y-Dario-Ruiz.jpg\" class=\"attachment-medium size-medium\" alt=\"Mart\u00edn Proscia, Manuel Egu\u00eda, Antonio Ortega y Dar\u00edo Ruiz, integrantes del LAPSo\" \/>\t\t\t\t\t<\/a>\n\t\t\t\t\t\t\t\t\t<\/div>\n\t\t\t\t\t\t<h4 class=\"uagb-post__title uagb-post__text\">\n\t\t\t\t<a href=\"https:\/\/agencia.unq.edu.ar\/?p=35101\" target=\"_self\" rel=\"bookmark noopener noreferrer\">Investigadores de la UNQ desarrollaron una nueva t\u00e9cnica para crear sonidos<\/a>\n\t\t\t<\/h4>\n\t\t\t\t\t\t<div class='uagb-post__text uagb-post-grid-byline'>\n\t\t\t\t\t\t\t<\/div>\n\t\t\t\n\t\t\t\t\t\t\t\t\t<\/article>\n\t\t\t\t\t\t\t\t\t\t\t\t\t\t\t\t<article class=\"uagb-post__inner-wrap\">\t\t\t\t\t\t\t\t<div class='uagb-post__image'>\n\t\t\t\t\t\t\t\t\t<a href=\"https:\/\/agencia.unq.edu.ar\/?p=35088\" target=\"_self\" rel=\"bookmark noopener noreferrer\"><img loading=\"lazy\" decoding=\"async\" width=\"960\" height=\"388\" src=\"https:\/\/agencia.unq.edu.ar\/wp-content\/uploads\/2026\/03\/porno-1.jpg\" class=\"attachment-medium size-medium\" alt=\"La discusi\u00f3n ya no pasa solo por el contenido, sino por la facilidad con la que los menores pueden acceder a \u00e9l en plataformas digitales. Cr\u00e9ditos: El Pa\u00eds.\" \/>\t\t\t\t\t<\/a>\n\t\t\t\t\t\t\t\t\t<\/div>\n\t\t\t\t\t\t<h4 class=\"uagb-post__title uagb-post__text\">\n\t\t\t\t<a href=\"https:\/\/agencia.unq.edu.ar\/?p=35088\" target=\"_self\" rel=\"bookmark noopener noreferrer\">Porno online: Europa apunta a las plataformas por no proteger a los menores<\/a>\n\t\t\t<\/h4>\n\t\t\t\t\t\t<div class='uagb-post__text uagb-post-grid-byline'>\n\t\t\t\t\t\t\t<\/div>\n\t\t\t\n\t\t\t\t\t\t\t\t\t<\/article>\n\t\t\t\t\t\t\t\t\t\t\t<\/div>\n\t\t\t<\/div>\n","protected":false},"excerpt":{"rendered":"<p>Aunque parecen representaciones fieles y neutrales, esconden diferentes objetivos y visiones del mundo.<\/p>\n","protected":false},"author":6,"featured_media":32752,"comment_status":"open","ping_status":"closed","sticky":false,"template":"","format":"standard","meta":{"_uag_custom_page_level_css":"","_monsterinsights_skip_tracking":false,"_monsterinsights_sitenote_active":false,"_monsterinsights_sitenote_note":"","_monsterinsights_sitenote_category":0,"site-sidebar-layout":"default","site-content-layout":"","ast-site-content-layout":"default","site-content-style":"default","site-sidebar-style":"default","ast-global-header-display":"","ast-banner-title-visibility":"","ast-main-header-display":"","ast-hfb-above-header-display":"","ast-hfb-below-header-display":"","ast-hfb-mobile-header-display":"","site-post-title":"","ast-breadcrumbs-content":"","ast-featured-img":"","footer-sml-layout":"","ast-disable-related-posts":"","theme-transparent-header-meta":"","adv-header-id-meta":"","stick-header-meta":"","header-above-stick-meta":"","header-main-stick-meta":"","header-below-stick-meta":"","astra-migrate-meta-layouts":"default","ast-page-background-enabled":"default","ast-page-background-meta":{"desktop":{"background-color":"var(--ast-global-color-4)","background-image":"","background-repeat":"repeat","background-position":"center center","background-size":"auto","background-attachment":"scroll","background-type":"","background-media":"","overlay-type":"","overlay-color":"","overlay-opacity":"","overlay-gradient":""},"tablet":{"background-color":"","background-image":"","background-repeat":"repeat","background-position":"center center","background-size":"auto","background-attachment":"scroll","background-type":"","background-media":"","overlay-type":"","overlay-color":"","overlay-opacity":"","overlay-gradient":""},"mobile":{"background-color":"","background-image":"","background-repeat":"repeat","background-position":"center center","background-size":"auto","background-attachment":"scroll","background-type":"","background-media":"","overlay-type":"","overlay-color":"","overlay-opacity":"","overlay-gradient":""}},"ast-content-background-meta":{"desktop":{"background-color":"var(--ast-global-color-5)","background-image":"","background-repeat":"repeat","background-position":"center center","background-size":"auto","background-attachment":"scroll","background-type":"","background-media":"","overlay-type":"","overlay-color":"","overlay-opacity":"","overlay-gradient":""},"tablet":{"background-color":"var(--ast-global-color-5)","background-image":"","background-repeat":"repeat","background-position":"center center","background-size":"auto","background-attachment":"scroll","background-type":"","background-media":"","overlay-type":"","overlay-color":"","overlay-opacity":"","overlay-gradient":""},"mobile":{"background-color":"var(--ast-global-color-5)","background-image":"","background-repeat":"repeat","background-position":"center center","background-size":"auto","background-attachment":"scroll","background-type":"","background-media":"","overlay-type":"","overlay-color":"","overlay-opacity":"","overlay-gradient":""}},"footnotes":""},"categories":[20,363],"tags":[],"class_list":["post-32751","post","type-post","status-publish","format-standard","has-post-thumbnail","hentry","category-especiales","category-sociedad"],"aioseo_notices":[],"uagb_featured_image_src":{"full":["https:\/\/agencia.unq.edu.ar\/wp-content\/uploads\/2025\/11\/Planisferio-Mercator.jpg",1040,420,false],"thumbnail":["https:\/\/agencia.unq.edu.ar\/wp-content\/uploads\/2025\/11\/Planisferio-Mercator.jpg",150,61,false],"medium":["https:\/\/agencia.unq.edu.ar\/wp-content\/uploads\/2025\/11\/Planisferio-Mercator.jpg",960,388,false],"medium_large":["https:\/\/agencia.unq.edu.ar\/wp-content\/uploads\/2025\/11\/Planisferio-Mercator.jpg",768,310,false],"large":["https:\/\/agencia.unq.edu.ar\/wp-content\/uploads\/2025\/11\/Planisferio-Mercator.jpg",1040,420,false],"1536x1536":["https:\/\/agencia.unq.edu.ar\/wp-content\/uploads\/2025\/11\/Planisferio-Mercator.jpg",1040,420,false],"2048x2048":["https:\/\/agencia.unq.edu.ar\/wp-content\/uploads\/2025\/11\/Planisferio-Mercator.jpg",1040,420,false]},"uagb_author_info":{"display_name":"Nicol\u00e1s Retamar","author_link":"https:\/\/agencia.unq.edu.ar\/?author=6"},"uagb_comment_info":0,"uagb_excerpt":"Aunque parecen representaciones fieles y neutrales, esconden diferentes objetivos y visiones del mundo.","blog_post_layout_featured_media_urls":{"thumbnail":["https:\/\/agencia.unq.edu.ar\/wp-content\/uploads\/2025\/11\/Planisferio-Mercator.jpg",150,61,false],"full":["https:\/\/agencia.unq.edu.ar\/wp-content\/uploads\/2025\/11\/Planisferio-Mercator.jpg",1040,420,false]},"categories_names":{"20":{"name":"Especiales","link":"https:\/\/agencia.unq.edu.ar\/?cat=20"},"363":{"name":"Sociedad","link":"https:\/\/agencia.unq.edu.ar\/?cat=363"}},"tags_names":[],"comments_number":"0","_links":{"self":[{"href":"https:\/\/agencia.unq.edu.ar\/index.php?rest_route=\/wp\/v2\/posts\/32751","targetHints":{"allow":["GET"]}}],"collection":[{"href":"https:\/\/agencia.unq.edu.ar\/index.php?rest_route=\/wp\/v2\/posts"}],"about":[{"href":"https:\/\/agencia.unq.edu.ar\/index.php?rest_route=\/wp\/v2\/types\/post"}],"author":[{"embeddable":true,"href":"https:\/\/agencia.unq.edu.ar\/index.php?rest_route=\/wp\/v2\/users\/6"}],"replies":[{"embeddable":true,"href":"https:\/\/agencia.unq.edu.ar\/index.php?rest_route=%2Fwp%2Fv2%2Fcomments&post=32751"}],"version-history":[{"count":2,"href":"https:\/\/agencia.unq.edu.ar\/index.php?rest_route=\/wp\/v2\/posts\/32751\/revisions"}],"predecessor-version":[{"id":32757,"href":"https:\/\/agencia.unq.edu.ar\/index.php?rest_route=\/wp\/v2\/posts\/32751\/revisions\/32757"}],"wp:featuredmedia":[{"embeddable":true,"href":"https:\/\/agencia.unq.edu.ar\/index.php?rest_route=\/wp\/v2\/media\/32752"}],"wp:attachment":[{"href":"https:\/\/agencia.unq.edu.ar\/index.php?rest_route=%2Fwp%2Fv2%2Fmedia&parent=32751"}],"wp:term":[{"taxonomy":"category","embeddable":true,"href":"https:\/\/agencia.unq.edu.ar\/index.php?rest_route=%2Fwp%2Fv2%2Fcategories&post=32751"},{"taxonomy":"post_tag","embeddable":true,"href":"https:\/\/agencia.unq.edu.ar\/index.php?rest_route=%2Fwp%2Fv2%2Ftags&post=32751"}],"curies":[{"name":"wp","href":"https:\/\/api.w.org\/{rel}","templated":true}]}}