{"id":32870,"date":"2025-11-20T17:33:50","date_gmt":"2025-11-20T20:33:50","guid":{"rendered":"https:\/\/agencia.unq.edu.ar\/?p=32870"},"modified":"2025-11-26T15:42:07","modified_gmt":"2025-11-26T18:42:07","slug":"cuales-son-los-principales-cambios-que-propone-el-gobierno-para-su-reforma-educativa","status":"publish","type":"post","link":"https:\/\/agencia.unq.edu.ar\/?p=32870","title":{"rendered":"\u00bfCu\u00e1les son los principales cambios que propone el gobierno para su reforma educativa?"},"content":{"rendered":"\n<p class=\"wp-embed-aspect-16-9 wp-has-aspect-ratio has-medium-font-size\" id=\"block-e7a9ff36-ee0c-4796-9d2e-1fd69773da3a\">El borrador del proyecto de Ley no menciona la palabra &#8220;p\u00fablica&#8221; para referirse al tipo de gesti\u00f3n escolar. Adem\u00e1s, se reducen la cantidad de horas y se espera que las instituciones compitan entre ellas.<\/p>\n\n\n\n<figure class=\"wp-block-image aligncenter size-full\" id=\"block-c3ee2a7f-4bf9-43dd-a0f6-8acc1087bdbe\"><img loading=\"lazy\" decoding=\"async\" width=\"1040\" height=\"420\" src=\"https:\/\/agencia.unq.edu.ar\/wp-content\/uploads\/2025\/11\/Educacion-escuela-primaria.jpg\" alt=\"Dos estudiantes prestan atenci\u00f3n a la indicaci\u00f3n de su maestra. Cr\u00e9ditos: Chequeado.\" class=\"wp-image-32875\"\/><figcaption class=\"wp-element-caption\">Dos estudiantes prestan atenci\u00f3n a la indicaci\u00f3n de su maestra. Cr\u00e9ditos: Chequeado.<\/figcaption><\/figure>\n\n\n\n<p class=\"wp-embed-aspect-16-9 wp-has-aspect-ratio\" id=\"block-792ca364-1b8e-4135-8180-b4418ab97e95\">El gobierno nacional prepara una reforma educativa para la educaci\u00f3n inicial, primaria y secundaria. En este sentido, el objetivo es derogar la <a href=\"https:\/\/agencia.unq.edu.ar\/wp-content\/uploads\/2025\/11\/Ley-de-Educacion-Nacional.pdf\" target=\"_blank\" rel=\"noopener\" title=\"Ley de Educaci\u00f3n Nacional (Ley 26.206)\">Ley de Educaci\u00f3n Nacional (Ley 26.206)<\/a> promulgada hace 19 a\u00f1os para aprobar una<a href=\"https:\/\/agencia.unq.edu.ar\/wp-content\/uploads\/2025\/11\/Ley-de-Libertad-Educativa.pdf\" target=\"_blank\" rel=\"noopener\" title=\" Ley de Libertad Educativa\"> Ley de Libertad Educativa<\/a>. Entre los principales cambios, se elimina el piso del 6 por ciento del PBI para Educaci\u00f3n, se habilita la ense\u00f1anza en el hogar como alternativa, se permite la creaci\u00f3n de planes de estudios individuales para cada instituci\u00f3n y se reduce la cantidad de horas establecidas por el Consejo Federal de Educaci\u00f3n. Ante este panorama, diferentes miembros de la comunidad educativa ya se pronunciaron contra el intento del Ejecutivo. Por ejemplo, la Confederaci\u00f3n de Trabajadores de la Educaci\u00f3n de la Rep\u00fablica Argentina (CTERA) rechaz\u00f3 \u201cla privatizaci\u00f3n y destrucci\u00f3n de la Educaci\u00f3n P\u00fablica\u201d. Al mismo tiempo, los directores de las carreras de Educaci\u00f3n de las universidades nacionales exigieron el cumplimiento pleno de la ley vigente.<\/p>\n\n\n\n<p>En di\u00e1logo con la <a href=\"https:\/\/agencia.unq.edu.ar\/\" target=\"_blank\" rel=\"noopener\" title=\"\">Agencia de Noticias Cient\u00edficas de la Universidad Nacional de Quilmes<\/a>, dos especialistas analizan la propuesta y alertan sobre los ejes m\u00e1s problem\u00e1ticos. \u201c<strong>Es una ley muy regresiva que no respeta la Constituci\u00f3n Nacional<\/strong>. El proyecto habla de libertad de ense\u00f1ar y libertad de aprender, que es una forma muy enga\u00f1osa de justificar una desregulaci\u00f3n plena del sistema. Lo que hace es que cada escuela tenga su propio plan de estudio, que pueda contratar y expulsar a su personal docente y a sus directores\u201d, sostiene <strong>Guillermo Ruiz<\/strong>, investigador del Conicet y especialista en pol\u00edtica educativa.<\/p>\n\n\n\n<p>Por su parte, <strong>Roberto Abdala<\/strong>, director de la licenciatura en Educaci\u00f3n de la UNQ, agrega: \u201cEl proyecto no pretende disminuir ninguna desigualdad educativa, y en el peor de los casos la agrandar\u00e1. Al estar asociada a Paolo Rocca (empresario que estar\u00eda detr\u00e1s de esta iniciativa) y al mundo empresarial que representa, se la puede tomar como <strong>la base de c\u00f3mo conciben las relaciones sociales y laborales en su proyecto desigual de pa\u00eds<\/strong>\u201d.<\/p>\n\n\n\n<h2 class=\"wp-block-heading\">Lo estatal, lo p\u00fablico y lo privado<\/h2>\n\n\n\n<p>Ambos especialistas coinciden en que el proyecto denominado como Ley de Libertad Educativa atenta contra la educaci\u00f3n p\u00fablica y corre al Estado de su rol establecido por la Constituci\u00f3n. En este aspecto, Ruiz destaca <strong>que el documento equipara ambos tipos de educaci\u00f3n (p\u00fablica y privada) y que incluso ni siquiera utiliza la palabra \u201cp\u00fablica\u201d para referirse al tipo de gesti\u00f3n escolar<\/strong>.<\/p>\n\n\n\n<p>Una de las modificaciones centrales gira en torno al papel del Estado. Mientras que la Ley de Educaci\u00f3n Nacional afirma que el Estado argentino tiene un rol principal e indelegable, la Libertad Educativa va a contramano y establece que \u201c<strong>el Estado debe intervenir de manera complementaria, apoyando a las instituciones educativas y actores sociales cuando \u00e9stos no puedan por s\u00ed mismos garantizar el derecho a la educaci\u00f3n<\/strong>\u201d.<\/p>\n\n\n\n<p>Aunque parece una definici\u00f3n t\u00e9cnica, la centralidad y la complementariedad definen la tarea del Estado. De esta manera, el intento del gobierno pasa por delegar la responsabilidad en la sociedad civil, y equiparar la gesti\u00f3n p\u00fablica con la privada como si fuese lo mismo. En este punto, Abdala se\u00f1ala que la nueva iniciativa \u201c<strong>parece ser m\u00e1s amigable con las subvenciones al sector privado, algo que podr\u00eda llevar a cambiar la l\u00f3gica y financiar la demanda en vez de la oferta<\/strong>\u201d.<\/p>\n\n\n\n<h2 class=\"wp-block-heading\">Igualdad vs. Competencia<\/h2>\n\n\n\n<p>Si bien las escuelas y los docentes cuentan con diferentes instrumentos que caracterizan la singularidad de cada establecimiento (los proyectos institucionales son un ejemplo), hasta ahora, las provincias son las que definen los dise\u00f1os curriculares y los temas prioritarios de cada \u00e1rea. En este aspecto, <strong>lo que se busca es la igualdad de saberes y el logro de aprendizajes comunes de calidad<\/strong> sin importar el origen social, la radicaci\u00f3n geogr\u00e1fica, el g\u00e9nero y la identidad cultural.<\/p>\n\n\n\n<p>Ahora bien, la propuesta del gobierno apunta a que cada escuela defina sus propios contenidos. Bajo la autonom\u00eda institucional y la libertad educativa, lo que hay detr\u00e1s es una nueva l\u00f3gica de organizaci\u00f3n. \u201cDe esta manera <strong>las escuelas se vuelven una mercanc\u00eda donde tratan de ser m\u00e1s competitivas y tener mejores curr\u00edculums para atraer a los mejores estudiantes y a los mejores docentes<\/strong>\u201d, subraya el investigador del Conicet.<\/p>\n\n\n\n<p>Y contin\u00faa: \u201cPor eso, <strong>es entendible que no se hable de una educaci\u00f3n p\u00fablica y que no se contemple a los sectores m\u00e1s pobres de la sociedad<\/strong>, que no tienen esa capacidad de armar curr\u00edculum porque adem\u00e1s tienen que atender comedores y cuentan con condiciones edilicias que son deplorables\u201d.<\/p>\n\n\n\n<p>Adem\u00e1s de la competencia, <strong>el documento habilita la educaci\u00f3n h\u00edbrida <\/strong>(a distancia y presencial) <strong>y la posibilidad de que cada estudiante abandone la instituci\u00f3n para que aprenda desde su hogar<\/strong>. \u201cHay un lobby al respecto, pero en nuestro pa\u00eds es m\u00ednimo. En Estados Unidos representa entre el 3 y el 7 por ciento de la matr\u00edcula total. Al mismo tiempo, refuerza el rol de las familias y les da la potestad de intervenir en asuntos que son solo de las autoridades provinciales\u201d, explica el director de la licenciatura en Educaci\u00f3n de la UNQ.<\/p>\n\n\n\n<h2 class=\"wp-block-heading\">\u00bfEstudiantes al sal\u00f3n?<\/h2>\n\n\n\n<p class=\"wp-embed-aspect-16-9 wp-has-aspect-ratio\" id=\"block-792ca364-1b8e-4135-8180-b4418ab97e95\">Argentina no es el primer lugar en el mundo donde se intenta establecer una legislaci\u00f3n de este tipo. De hecho, <strong>un proyecto similar se llev\u00f3 a cabo en Gran Breta\u00f1a y los resultados fueron m\u00e1s desigualdad educativa<\/strong>. Frente al reclamo de mayor cantidad de horas en las aulas, la denominada Libertad Educativa reduce la cantidad de horas establecidas por el Consejo Federal de Educaci\u00f3n. <\/p>\n\n\n\n<p class=\"wp-embed-aspect-16-9 wp-has-aspect-ratio\" id=\"block-792ca364-1b8e-4135-8180-b4418ab97e95\">Mientras que el proyecto establece 540 horas reloj anuales para la Educaci\u00f3n Inicial y 720 para la Educaci\u00f3n Primaria y Secundaria, <strong>el Consejo Federal contempla un piso m\u00ednimo de 570 horas para el Nivel Inicial, 760 para Primaria y 900 para Secundaria<\/strong>. Es decir, la nueva medida representa una regresi\u00f3n de 30 horas menos para jard\u00edn, 40 horas menos para Primaria y 180 horas menos para secundaria.<\/p>\n\n\n\n<div class=\"wp-block-uagb-container uagb-block-dd9b3044 alignwide uagb-is-root-container\">\n<div class=\"wp-block-uagb-advanced-heading uagb-block-3482af2f\"><h4 class=\"uagb-heading-text\">\u00daltimas noticias de la secci\u00f3n Pol\u00edtica:<\/h4><\/div>\n\n\n\n\t\t\t<div class=\"wp-block-uagb-post-carousel uagb-post-grid  uagb-post__image-position-top uagb-post__image-enabled uagb-block-c0e21101     uagb-post__arrow-outside uagb-slick-carousel uagb-post__items uagb-post__columns-3 is-carousel uagb-post__columns-tablet-2 uagb-post__columns-mobile-1\" data-total=\"32\" style=\"\">\n\n\t\t\t\t\t\t\t\t\t\t\t\t<article class=\"uagb-post__inner-wrap\">\t\t\t\t\t\t\t\t<div class='uagb-post__image'>\n\t\t\t\t\t\t\t\t\t<a href=\"https:\/\/agencia.unq.edu.ar\/?p=36015\" target=\"_self\" rel=\"bookmark noopener noreferrer\"><img loading=\"lazy\" decoding=\"async\" width=\"960\" height=\"388\" src=\"https:\/\/agencia.unq.edu.ar\/wp-content\/uploads\/2026\/04\/adorni.jpg\" class=\"attachment-medium size-medium\" alt=\"Manuel Adorni durante la presentaci\u00f3n del informe de gesti\u00f3n en el Congreso de la Naci\u00f3n\" \/>\t\t\t\t\t<\/a>\n\t\t\t\t\t\t\t\t\t<\/div>\n\t\t\t\t\t\t<h4 class=\"uagb-post__title uagb-post__text\">\n\t\t\t\t<a href=\"https:\/\/agencia.unq.edu.ar\/?p=36015\" target=\"_self\" rel=\"bookmark noopener noreferrer\">\u00bfD\u00f3nde est\u00e1 la plata de la ciencia? Lo que Adorni no respondi\u00f3 sobre el paradero de los fondos del sector<\/a>\n\t\t\t<\/h4>\n\t\t\t\t\t\t<div class='uagb-post__text uagb-post-grid-byline'>\n\t\t\t\t\t\t\t<\/div>\n\t\t\t\n\t\t\t\t\t\t\t\t\t<\/article>\n\t\t\t\t\t\t\t\t\t\t\t\t\t\t\t\t<article class=\"uagb-post__inner-wrap\">\t\t\t\t\t\t\t\t<div class='uagb-post__image'>\n\t\t\t\t\t\t\t\t\t<a href=\"https:\/\/agencia.unq.edu.ar\/?p=35969\" target=\"_self\" rel=\"bookmark noopener noreferrer\"><img loading=\"lazy\" decoding=\"async\" width=\"960\" height=\"388\" src=\"https:\/\/agencia.unq.edu.ar\/wp-content\/uploads\/2026\/04\/resistencia-antimicrobianos-espana.jpg\" class=\"attachment-medium size-medium\" alt=\"El f\u00e1rmaco Concerta es uno de los tantos en Espa\u00f1a cuya presentaci\u00f3n trae 30 dosis. Cr\u00e9ditos: LUDA.\" \/>\t\t\t\t\t<\/a>\n\t\t\t\t\t\t\t\t\t<\/div>\n\t\t\t\t\t\t<h4 class=\"uagb-post__title uagb-post__text\">\n\t\t\t\t<a href=\"https:\/\/agencia.unq.edu.ar\/?p=35969\" target=\"_self\" rel=\"bookmark noopener noreferrer\">Espa\u00f1a elimina las cajas de antibi\u00f3ticos grandes para luchar contra las superbacterias<\/a>\n\t\t\t<\/h4>\n\t\t\t\t\t\t<div class='uagb-post__text uagb-post-grid-byline'>\n\t\t\t\t\t\t\t<\/div>\n\t\t\t\n\t\t\t\t\t\t\t\t\t<\/article>\n\t\t\t\t\t\t\t\t\t\t\t\t\t\t\t\t<article class=\"uagb-post__inner-wrap\">\t\t\t\t\t\t\t\t<div class='uagb-post__image'>\n\t\t\t\t\t\t\t\t\t<a href=\"https:\/\/agencia.unq.edu.ar\/?p=35850\" target=\"_self\" rel=\"bookmark noopener noreferrer\"><img loading=\"lazy\" decoding=\"async\" width=\"960\" height=\"388\" src=\"https:\/\/agencia.unq.edu.ar\/wp-content\/uploads\/2026\/04\/carta-abierta-clarin.jpg\" class=\"attachment-medium size-medium\" alt=\"Horacio Gonz\u00e1lez en una charla de Carta Abierta, en la Facultad de filosof\u00eda y letras.\" \/>\t\t\t\t\t<\/a>\n\t\t\t\t\t\t\t\t\t<\/div>\n\t\t\t\t\t\t<h4 class=\"uagb-post__title uagb-post__text\">\n\t\t\t\t<a href=\"https:\/\/agencia.unq.edu.ar\/?p=35850\" target=\"_self\" rel=\"bookmark noopener noreferrer\">\u201cDebate p\u00fablico en Argentina\u201d: el libro que recupera la experiencia de Carta Abierta<\/a>\n\t\t\t<\/h4>\n\t\t\t\t\t\t<div class='uagb-post__text uagb-post-grid-byline'>\n\t\t\t\t\t\t\t<\/div>\n\t\t\t\n\t\t\t\t\t\t\t\t\t<\/article>\n\t\t\t\t\t\t\t\t\t\t\t\t\t\t\t\t<article class=\"uagb-post__inner-wrap\">\t\t\t\t\t\t\t\t<div class='uagb-post__image'>\n\t\t\t\t\t\t\t\t\t<a href=\"https:\/\/agencia.unq.edu.ar\/?p=35830\" target=\"_self\" rel=\"bookmark noopener noreferrer\"><img loading=\"lazy\" decoding=\"async\" width=\"960\" height=\"388\" src=\"https:\/\/agencia.unq.edu.ar\/wp-content\/uploads\/2026\/04\/Javier-Milei-Peter-Thiel.jpg\" class=\"attachment-medium size-medium\" alt=\"Javier Milei junto a Peter Lamelas, embajador de EE.UU. en Argentina y Peter Thiel, fundador de Palantir. Cr\u00e9ditos: @OPRArgentina.\" \/>\t\t\t\t\t<\/a>\n\t\t\t\t\t\t\t\t\t<\/div>\n\t\t\t\t\t\t<h4 class=\"uagb-post__title uagb-post__text\">\n\t\t\t\t<a href=\"https:\/\/agencia.unq.edu.ar\/?p=35830\" target=\"_self\" rel=\"bookmark noopener noreferrer\">Palantir y Peter Thiel: \u00bfse acerca el tecnofascismo a la Argentina?<\/a>\n\t\t\t<\/h4>\n\t\t\t\t\t\t<div class='uagb-post__text uagb-post-grid-byline'>\n\t\t\t\t\t\t\t<\/div>\n\t\t\t\n\t\t\t\t\t\t\t\t\t<\/article>\n\t\t\t\t\t\t\t\t\t\t\t\t\t\t\t\t<article class=\"uagb-post__inner-wrap\">\t\t\t\t\t\t\t\t<div class='uagb-post__image'>\n\t\t\t\t\t\t\t\t\t<a href=\"https:\/\/agencia.unq.edu.ar\/?p=35757\" target=\"_self\" rel=\"bookmark noopener noreferrer\"><img loading=\"lazy\" decoding=\"async\" width=\"960\" height=\"388\" src=\"https:\/\/agencia.unq.edu.ar\/wp-content\/uploads\/2026\/04\/Marcha-universitaria-vista-general.jpg\" class=\"attachment-medium size-medium\" alt=\"Imagen panor\u00e1mica de la \u00faltima Marcha Federal. Cr\u00e9ditos: @vyp.drone.\" \/>\t\t\t\t\t<\/a>\n\t\t\t\t\t\t\t\t\t<\/div>\n\t\t\t\t\t\t<h4 class=\"uagb-post__title uagb-post__text\">\n\t\t\t\t<a href=\"https:\/\/agencia.unq.edu.ar\/?p=35757\" target=\"_self\" rel=\"bookmark noopener noreferrer\">Hasta que se cumpla: la comunidad universitaria realizar\u00e1 una nueva Marcha Federal<\/a>\n\t\t\t<\/h4>\n\t\t\t\t\t\t<div class='uagb-post__text uagb-post-grid-byline'>\n\t\t\t\t\t\t\t<\/div>\n\t\t\t\n\t\t\t\t\t\t\t\t\t<\/article>\n\t\t\t\t\t\t\t\t\t\t\t\t\t\t\t\t<article class=\"uagb-post__inner-wrap\">\t\t\t\t\t\t\t\t<div class='uagb-post__image'>\n\t\t\t\t\t\t\t\t\t<a href=\"https:\/\/agencia.unq.edu.ar\/?p=35638\" target=\"_self\" rel=\"bookmark noopener noreferrer\"><img loading=\"lazy\" decoding=\"async\" width=\"960\" height=\"388\" src=\"https:\/\/agencia.unq.edu.ar\/wp-content\/uploads\/2026\/04\/Roberto-Abdala-Al-borde-del-precipicio.jpg\" class=\"attachment-medium size-medium\" alt=\"Roberto Abdala en Al borde del precicipcio. Cr\u00e9ditos: Captura UNQ TV.\" \/>\t\t\t\t\t<\/a>\n\t\t\t\t\t\t\t\t\t<\/div>\n\t\t\t\t\t\t<h4 class=\"uagb-post__title uagb-post__text\">\n\t\t\t\t<a href=\"https:\/\/agencia.unq.edu.ar\/?p=35638\" target=\"_self\" rel=\"bookmark noopener noreferrer\">Roberto Abdala: \u201cSin presupuesto es muy dif\u00edcil pensar y so\u00f1ar una escuela distinta\u201d<\/a>\n\t\t\t<\/h4>\n\t\t\t\t\t\t<div class='uagb-post__text uagb-post-grid-byline'>\n\t\t\t\t\t\t\t<\/div>\n\t\t\t\n\t\t\t\t\t\t\t\t\t<\/article>\n\t\t\t\t\t\t\t\t\t\t\t\t\t\t\t\t<article class=\"uagb-post__inner-wrap\">\t\t\t\t\t\t\t\t<div class='uagb-post__image'>\n\t\t\t\t\t\t\t\t\t<a href=\"https:\/\/agencia.unq.edu.ar\/?p=35583\" target=\"_self\" rel=\"bookmark noopener noreferrer\"><img loading=\"lazy\" decoding=\"async\" width=\"960\" height=\"388\" src=\"https:\/\/agencia.unq.edu.ar\/wp-content\/uploads\/2024\/06\/INTI-despidos.jpg\" class=\"attachment-medium size-medium\" alt=\"Protesta realizada por los trabajadores del INTI contra los despidos. Cr\u00e9ditos: ATE-INTI.\" \/>\t\t\t\t\t<\/a>\n\t\t\t\t\t\t\t\t\t<\/div>\n\t\t\t\t\t\t<h4 class=\"uagb-post__title uagb-post__text\">\n\t\t\t\t<a href=\"https:\/\/agencia.unq.edu.ar\/?p=35583\" target=\"_self\" rel=\"bookmark noopener noreferrer\">El gobierno quiere quitarle m\u00e1s funciones al INTI y despedir 700 trabajadores<\/a>\n\t\t\t<\/h4>\n\t\t\t\t\t\t<div class='uagb-post__text uagb-post-grid-byline'>\n\t\t\t\t\t\t\t<\/div>\n\t\t\t\n\t\t\t\t\t\t\t\t\t<\/article>\n\t\t\t\t\t\t\t\t\t\t\t\t\t\t\t\t<article class=\"uagb-post__inner-wrap\">\t\t\t\t\t\t\t\t<div class='uagb-post__image'>\n\t\t\t\t\t\t\t\t\t<a href=\"https:\/\/agencia.unq.edu.ar\/?p=35568\" target=\"_self\" rel=\"bookmark noopener noreferrer\"><img loading=\"lazy\" decoding=\"async\" width=\"960\" height=\"388\" src=\"https:\/\/agencia.unq.edu.ar\/wp-content\/uploads\/2026\/04\/unsplash.jpg\" class=\"attachment-medium size-medium\" alt=\"Sin botiquines completos, crecen las dificultades para sostener controles, prevenir cuadros graves y evitar derivaciones. Cr\u00e9ditos: Unplash.\" \/>\t\t\t\t\t<\/a>\n\t\t\t\t\t\t\t\t\t<\/div>\n\t\t\t\t\t\t<h4 class=\"uagb-post__title uagb-post__text\">\n\t\t\t\t<a href=\"https:\/\/agencia.unq.edu.ar\/?p=35568\" target=\"_self\" rel=\"bookmark noopener noreferrer\">Golpe a la salud p\u00fablica: \u00bfc\u00f3mo impacta la baja del Programa Remediar que dispuso el gobierno?<\/a>\n\t\t\t<\/h4>\n\t\t\t\t\t\t<div class='uagb-post__text uagb-post-grid-byline'>\n\t\t\t\t\t\t\t<\/div>\n\t\t\t\n\t\t\t\t\t\t\t\t\t<\/article>\n\t\t\t\t\t\t\t\t\t\t\t<\/div>\n\t\t\t<\/div>\n","protected":false},"excerpt":{"rendered":"<p>El borrador del proyecto de Ley no menciona la palabra &#8220;p\u00fablica&#8221; para referirse al tipo de gesti\u00f3n escolar. <\/p>\n","protected":false},"author":6,"featured_media":32875,"comment_status":"open","ping_status":"closed","sticky":false,"template":"","format":"standard","meta":{"_uag_custom_page_level_css":"","_monsterinsights_skip_tracking":false,"_monsterinsights_sitenote_active":false,"_monsterinsights_sitenote_note":"","_monsterinsights_sitenote_category":0,"site-sidebar-layout":"default","site-content-layout":"","ast-site-content-layout":"default","site-content-style":"default","site-sidebar-style":"default","ast-global-header-display":"","ast-banner-title-visibility":"","ast-main-header-display":"","ast-hfb-above-header-display":"","ast-hfb-below-header-display":"","ast-hfb-mobile-header-display":"","site-post-title":"","ast-breadcrumbs-content":"","ast-featured-img":"","footer-sml-layout":"","ast-disable-related-posts":"","theme-transparent-header-meta":"","adv-header-id-meta":"","stick-header-meta":"","header-above-stick-meta":"","header-main-stick-meta":"","header-below-stick-meta":"","astra-migrate-meta-layouts":"default","ast-page-background-enabled":"default","ast-page-background-meta":{"desktop":{"background-color":"var(--ast-global-color-4)","background-image":"","background-repeat":"repeat","background-position":"center center","background-size":"auto","background-attachment":"scroll","background-type":"","background-media":"","overlay-type":"","overlay-color":"","overlay-opacity":"","overlay-gradient":""},"tablet":{"background-color":"","background-image":"","background-repeat":"repeat","background-position":"center center","background-size":"auto","background-attachment":"scroll","background-type":"","background-media":"","overlay-type":"","overlay-color":"","overlay-opacity":"","overlay-gradient":""},"mobile":{"background-color":"","background-image":"","background-repeat":"repeat","background-position":"center center","background-size":"auto","background-attachment":"scroll","background-type":"","background-media":"","overlay-type":"","overlay-color":"","overlay-opacity":"","overlay-gradient":""}},"ast-content-background-meta":{"desktop":{"background-color":"var(--ast-global-color-5)","background-image":"","background-repeat":"repeat","background-position":"center center","background-size":"auto","background-attachment":"scroll","background-type":"","background-media":"","overlay-type":"","overlay-color":"","overlay-opacity":"","overlay-gradient":""},"tablet":{"background-color":"var(--ast-global-color-5)","background-image":"","background-repeat":"repeat","background-position":"center center","background-size":"auto","background-attachment":"scroll","background-type":"","background-media":"","overlay-type":"","overlay-color":"","overlay-opacity":"","overlay-gradient":""},"mobile":{"background-color":"var(--ast-global-color-5)","background-image":"","background-repeat":"repeat","background-position":"center center","background-size":"auto","background-attachment":"scroll","background-type":"","background-media":"","overlay-type":"","overlay-color":"","overlay-opacity":"","overlay-gradient":""}},"footnotes":""},"categories":[16,92],"tags":[],"class_list":["post-32870","post","type-post","status-publish","format-standard","has-post-thumbnail","hentry","category-noticia-destacada","category-politica"],"aioseo_notices":[],"uagb_featured_image_src":{"full":["https:\/\/agencia.unq.edu.ar\/wp-content\/uploads\/2025\/11\/Educacion-escuela-primaria.jpg",1040,420,false],"thumbnail":["https:\/\/agencia.unq.edu.ar\/wp-content\/uploads\/2025\/11\/Educacion-escuela-primaria.jpg",150,61,false],"medium":["https:\/\/agencia.unq.edu.ar\/wp-content\/uploads\/2025\/11\/Educacion-escuela-primaria.jpg",960,388,false],"medium_large":["https:\/\/agencia.unq.edu.ar\/wp-content\/uploads\/2025\/11\/Educacion-escuela-primaria.jpg",768,310,false],"large":["https:\/\/agencia.unq.edu.ar\/wp-content\/uploads\/2025\/11\/Educacion-escuela-primaria.jpg",1040,420,false],"1536x1536":["https:\/\/agencia.unq.edu.ar\/wp-content\/uploads\/2025\/11\/Educacion-escuela-primaria.jpg",1040,420,false],"2048x2048":["https:\/\/agencia.unq.edu.ar\/wp-content\/uploads\/2025\/11\/Educacion-escuela-primaria.jpg",1040,420,false]},"uagb_author_info":{"display_name":"Nicol\u00e1s Retamar","author_link":"https:\/\/agencia.unq.edu.ar\/?author=6"},"uagb_comment_info":0,"uagb_excerpt":"El borrador del proyecto de Ley no menciona la palabra \"p\u00fablica\" para referirse al tipo de gesti\u00f3n escolar.","blog_post_layout_featured_media_urls":{"thumbnail":["https:\/\/agencia.unq.edu.ar\/wp-content\/uploads\/2025\/11\/Educacion-escuela-primaria.jpg",150,61,false],"full":["https:\/\/agencia.unq.edu.ar\/wp-content\/uploads\/2025\/11\/Educacion-escuela-primaria.jpg",1040,420,false]},"categories_names":{"16":{"name":"Noticia destacada","link":"https:\/\/agencia.unq.edu.ar\/?cat=16"},"92":{"name":"Pol\u00edtica","link":"https:\/\/agencia.unq.edu.ar\/?cat=92"}},"tags_names":[],"comments_number":"0","_links":{"self":[{"href":"https:\/\/agencia.unq.edu.ar\/index.php?rest_route=\/wp\/v2\/posts\/32870","targetHints":{"allow":["GET"]}}],"collection":[{"href":"https:\/\/agencia.unq.edu.ar\/index.php?rest_route=\/wp\/v2\/posts"}],"about":[{"href":"https:\/\/agencia.unq.edu.ar\/index.php?rest_route=\/wp\/v2\/types\/post"}],"author":[{"embeddable":true,"href":"https:\/\/agencia.unq.edu.ar\/index.php?rest_route=\/wp\/v2\/users\/6"}],"replies":[{"embeddable":true,"href":"https:\/\/agencia.unq.edu.ar\/index.php?rest_route=%2Fwp%2Fv2%2Fcomments&post=32870"}],"version-history":[{"count":2,"href":"https:\/\/agencia.unq.edu.ar\/index.php?rest_route=\/wp\/v2\/posts\/32870\/revisions"}],"predecessor-version":[{"id":32888,"href":"https:\/\/agencia.unq.edu.ar\/index.php?rest_route=\/wp\/v2\/posts\/32870\/revisions\/32888"}],"wp:featuredmedia":[{"embeddable":true,"href":"https:\/\/agencia.unq.edu.ar\/index.php?rest_route=\/wp\/v2\/media\/32875"}],"wp:attachment":[{"href":"https:\/\/agencia.unq.edu.ar\/index.php?rest_route=%2Fwp%2Fv2%2Fmedia&parent=32870"}],"wp:term":[{"taxonomy":"category","embeddable":true,"href":"https:\/\/agencia.unq.edu.ar\/index.php?rest_route=%2Fwp%2Fv2%2Fcategories&post=32870"},{"taxonomy":"post_tag","embeddable":true,"href":"https:\/\/agencia.unq.edu.ar\/index.php?rest_route=%2Fwp%2Fv2%2Ftags&post=32870"}],"curies":[{"name":"wp","href":"https:\/\/api.w.org\/{rel}","templated":true}]}}