{"id":33328,"date":"2025-12-16T16:36:39","date_gmt":"2025-12-16T19:36:39","guid":{"rendered":"https:\/\/agencia.unq.edu.ar\/?p=33328"},"modified":"2025-12-16T16:36:40","modified_gmt":"2025-12-16T19:36:40","slug":"ley-de-glaciares-denuncian-que-esta-en-riesgo-el-agua-de-siete-millones-de-personas","status":"publish","type":"post","link":"https:\/\/agencia.unq.edu.ar\/?p=33328","title":{"rendered":"Ley de Glaciares: denuncian que est\u00e1 en riesgo el agua de siete millones de personas"},"content":{"rendered":"\n<p>Entre otros aspectos, el proyecto que propone el gobierno habilita a cada provincia a disponer de los recursos que est\u00e9n en su territorio. <\/p>\n\n\n\n<figure class=\"wp-block-image aligncenter size-full\" id=\"block-c3ee2a7f-4bf9-43dd-a0f6-8acc1087bdbe\"><img loading=\"lazy\" decoding=\"async\" width=\"1040\" height=\"420\" src=\"https:\/\/agencia.unq.edu.ar\/wp-content\/uploads\/2025\/12\/Glaciar-Piedras-Blancas-Santa-Cruz.jpg\" alt=\"Glaciar Piedras Blancas, en Santa Cruz. Cr\u00e9ditos: Laura Salazar.\" class=\"wp-image-33329\"\/><figcaption class=\"wp-element-caption\">Glaciar Piedras Blancas, en Santa Cruz. Cr\u00e9ditos: Laura Salazar.<\/figcaption><\/figure>\n\n\n\n<p>El gobierno nacional envi\u00f3 al Congreso el proyecto para reformar la Ley de Glaciares. El nuevo documento no solo limita los espacios protegidos a aquellos que tienen una &#8220;funci\u00f3n h\u00eddrica efectiva&#8221; (hasta ahora se considera glaciar a todas las masas de hielo que sobreviven m\u00e1s de un a\u00f1o, sin importar su funci\u00f3n), sino que delega su rol en las provincias. Bajo el pretexto del federalismo &#8220;real&#8221;, el Ejecutivo deja en manos de cada gobernador el control y la definici\u00f3n sobre los glaciares y los ambientes periglaciares. Desde el Ejecutivo sostienen la Ley vigente gener\u00f3 \u201cinseguridad jur\u00eddica\u201d, paraliz\u00f3 las inversiones productivas y afect\u00f3 el \u201cleg\u00edtimo ejercicio de las competencias provinciales sobre los recursos naturales\u201d. Por su parte, organizaciones ligadas a la defensa del ambiente resaltaron que \u201ces un ataque directo al agua de los argentinos\u201d. Por ejemplo, desde Greenpeace advirtieron que &#8220;los&nbsp;glaciares y el ambiente periglacial&nbsp;son&nbsp;reservas estrat\u00e9gicas de agua dulce que abastecen de forma directa a 7 millones de personas&nbsp;en el pa\u00eds e indirectamente sostienen actividades econ\u00f3micas regionales como la agricultura y el turismo&#8221;.<\/p>\n\n\n\n<p>Sobre los alcances del nuevo proyecto, el glaci\u00f3logo e investigador del Conicet, <strong>Lucas Ruiz<\/strong>, reflexiona en di\u00e1logo con la&nbsp;<a href=\"https:\/\/agencia.unq.edu.ar\/\" target=\"_blank\" rel=\"noreferrer noopener\">Agencia de Noticias Cient\u00edficas de la Universidad Nacional de Quilmes<\/a>: \u201c<strong>Los inversores necesitan mucha estabilidad normativa y creen que la modificaci\u00f3n de la Ley de Glaciares ser\u00eda una garant\u00eda jur\u00eddica<\/strong>. Es muy dif\u00edcil hablar en t\u00e9rminos generales de c\u00f3mo impactar\u00eda la modificaci\u00f3n de la Ley, porque depender\u00e1 de cada proyecto en particular\u201d.<\/p>\n\n\n\n<p>Entre otras cuestiones, la norma sancionada en 2010 restringe todas las actividades que pueden afectar la condici\u00f3n natural de los glaciares: la liberaci\u00f3n de sustancias contaminantes, la construcci\u00f3n de obras, la instalaci\u00f3n de industrias y la explotaci\u00f3n minera e hidrocarbur\u00edfera. No obstante, <strong>el proyecto presentado por el Ejecutivo pone el acento en aquellos que  cumplen una &#8220;funci\u00f3n h\u00eddrica efectiva&#8221;, y deja a merced de las provincias los que ya est\u00e1n en el Inventario Nacional de Glaciares<\/strong> (organismo oficial encargado de relevar los glaciares que existen en el pa\u00eds) y que no tienen esa funci\u00f3n. <\/p>\n\n\n\n<p>En este sentido, investigadores del Instituto Argentino de Nivolog\u00eda, Glaciolog\u00eda y Ciencias Ambientales (IANIGLA) advirtieron ya en 2024 que \u201c<strong>habilitar actividades que deterioren nuestras reservas h\u00eddricas estrat\u00e9gicas en general, y en el ambiente periglacial en particular, afectar\u00eda directamente las zonas de recarga de agua de las cuencas h\u00eddricas cordilleranas<\/strong>\u201d.<\/p>\n\n\n\n<h2 class=\"wp-block-heading\">Un cambio a favor de los inversores<\/h2>\n\n\n\n<p>No es la primera vez que el gobierno avanza contra la Ley de Glaciares. De hecho, la idea ya formaba parte del proyecto que luego se convertir\u00eda en la Ley Bases. En aquel momento, el Ejecutivo no logr\u00f3 el consenso necesario para habilitar la modificaci\u00f3n. Pero ahora, la situaci\u00f3n adquiere otros matices. Por un lado,&nbsp;<strong>la presi\u00f3n empresarial y del gobierno estadounidense<\/strong>, quien a trav\u00e9s de su C\u00e1mara de Comercio en Argentina (Amcham) dijo que la reforma \u201ces vital\u201d y que \u201cla velocidad de la llegada de inversiones va a depender especialmente de esas definiciones\u201d. Por otro lado,&nbsp;<strong>el intento de atraer a los gobernadores<\/strong>, que tendr\u00edan un impacto directo en sus econom\u00edas.<\/p>\n\n\n\n<p>En caso de modificarse la norma vigente,&nbsp;<strong>el gobierno tiene la promesa norteamericana de las inversiones para que ingresen d\u00f3lares frescos al pa\u00eds<\/strong>. M\u00e1s all\u00e1 del rol de Estados Unidos, el lobby de las empresas del sector y el juego pol\u00edtico del gobierno nacional con los provinciales, Ruiz pone sobre la mesa otro eje: las energ\u00edas limpias.<\/p>\n\n\n\n<p>\u201c<strong>Necesitamos minerales para combatir al cambio clim\u00e1tico y llevar a cabo la transici\u00f3n energ\u00e9tica<\/strong>. Los paneles solares, las turbinas, los generadores y todos los equipos destinados a conducir y almacenar energ\u00eda limpia no pueden hacerse sin minerales. Por lo tanto, la demanda seguir\u00e1 creciendo en las pr\u00f3ximas d\u00e9cadas\u201d, subraya el cient\u00edfico argentino, quien tuvo que emigrar a Chile en busca de mejores condiciones laborales.<\/p>\n\n\n\n<h2 class=\"wp-block-heading\">Patrimonio en riesgo<\/h2>\n\n\n\n<p>Los glaciares contribuyen de m\u00faltiples maneras al bienestar de las personas.&nbsp;<strong>Aportan agua para el consumo humano, para el sostenimiento de la biodiversidad y para las actividades productivas. A su&nbsp; vez, forman parte del patrimonio natural y cultural de la humanidad<\/strong>, resultan de inter\u00e9s para estudios cient\u00edficos y son atractivos tur\u00edsticos que potencian las econom\u00edas regionales.&nbsp;<\/p>\n\n\n\n<p class=\"wp-embed-aspect-16-9 wp-has-aspect-ratio\" id=\"block-792ca364-1b8e-4135-8180-b4418ab97e95\">Seg\u00fan el Inventario Nacional de Glaciares,&nbsp;<strong>Argentina cuenta con 8484 km2 cubiertos de hielo, distribuidos en 12 provincias<\/strong>:&nbsp;<strong>Catamarca, Chubut, Jujuy, La Rioja, Mendoza, Neuqu\u00e9n, R\u00edo Negro, Salta, San Juan, Santa Cruz, Tierra del Fuego, Ant\u00e1rtida e Islas del Atl\u00e1ntico Sur y Tucum\u00e1n<\/strong>. Adem\u00e1s de la Ley nacional, algunos gobiernos sancionaron leyes de protecci\u00f3n y muchos establecieron \u00e1reas naturales protegidas en zonas con glaciares. <\/p>\n\n\n\n<p class=\"wp-embed-aspect-16-9 wp-has-aspect-ratio\" id=\"block-792ca364-1b8e-4135-8180-b4418ab97e95\">Sin embargo,&nbsp;<strong>el calentamiento global acelera el derretimiento de los glaciares en todo el mundo<\/strong>. En este aspecto, el Atlas de los Glaciares en Argentina advierte que la situaci\u00f3n se ir\u00e1 agravando ante una mayor variabilidad en las precipitaciones y un aumento de la temperatura. Seg\u00fan el Atlas: \u201cLos impactos en los ecosistemas, como los cambios en el r\u00e9gimen hidrol\u00f3gico en zonas monta\u00f1osas o el aumento del nivel del mar, conllevar\u00e1n adem\u00e1s profundas implicancias sociales y econ\u00f3micas\u201d.<\/p>\n\n\n\n<div class=\"wp-block-uagb-container uagb-block-dd9b3044 alignwide uagb-is-root-container\">\n<div class=\"wp-block-uagb-advanced-heading uagb-block-3482af2f\"><h4 class=\"uagb-heading-text\">\u00daltimas noticias de la secci\u00f3n Pol\u00edtica:<\/h4><\/div>\n\n\n\n\t\t\t<div class=\"wp-block-uagb-post-carousel uagb-post-grid  uagb-post__image-position-top uagb-post__image-enabled uagb-block-c0e21101     uagb-post__arrow-outside uagb-slick-carousel uagb-post__items uagb-post__columns-3 is-carousel uagb-post__columns-tablet-2 uagb-post__columns-mobile-1\" data-total=\"32\" style=\"\">\n\n\t\t\t\t\t\t\t\t\t\t\t\t<article class=\"uagb-post__inner-wrap\">\t\t\t\t\t\t\t\t<div class='uagb-post__image'>\n\t\t\t\t\t\t\t\t\t<a href=\"https:\/\/agencia.unq.edu.ar\/?p=36015\" target=\"_self\" rel=\"bookmark noopener noreferrer\"><img loading=\"lazy\" decoding=\"async\" width=\"960\" height=\"388\" src=\"https:\/\/agencia.unq.edu.ar\/wp-content\/uploads\/2026\/04\/adorni.jpg\" class=\"attachment-medium size-medium\" alt=\"Manuel Adorni durante la presentaci\u00f3n del informe de gesti\u00f3n en el Congreso de la Naci\u00f3n\" \/>\t\t\t\t\t<\/a>\n\t\t\t\t\t\t\t\t\t<\/div>\n\t\t\t\t\t\t<h4 class=\"uagb-post__title uagb-post__text\">\n\t\t\t\t<a href=\"https:\/\/agencia.unq.edu.ar\/?p=36015\" target=\"_self\" rel=\"bookmark noopener noreferrer\">\u00bfD\u00f3nde est\u00e1 la plata de la ciencia? Lo que Adorni no respondi\u00f3 sobre el paradero de los fondos del sector<\/a>\n\t\t\t<\/h4>\n\t\t\t\t\t\t<div class='uagb-post__text uagb-post-grid-byline'>\n\t\t\t\t\t\t\t<\/div>\n\t\t\t\n\t\t\t\t\t\t\t\t\t<\/article>\n\t\t\t\t\t\t\t\t\t\t\t\t\t\t\t\t<article class=\"uagb-post__inner-wrap\">\t\t\t\t\t\t\t\t<div class='uagb-post__image'>\n\t\t\t\t\t\t\t\t\t<a href=\"https:\/\/agencia.unq.edu.ar\/?p=35969\" target=\"_self\" rel=\"bookmark noopener noreferrer\"><img loading=\"lazy\" decoding=\"async\" width=\"960\" height=\"388\" src=\"https:\/\/agencia.unq.edu.ar\/wp-content\/uploads\/2026\/04\/resistencia-antimicrobianos-espana.jpg\" class=\"attachment-medium size-medium\" alt=\"El f\u00e1rmaco Concerta es uno de los tantos en Espa\u00f1a cuya presentaci\u00f3n trae 30 dosis. Cr\u00e9ditos: LUDA.\" \/>\t\t\t\t\t<\/a>\n\t\t\t\t\t\t\t\t\t<\/div>\n\t\t\t\t\t\t<h4 class=\"uagb-post__title uagb-post__text\">\n\t\t\t\t<a href=\"https:\/\/agencia.unq.edu.ar\/?p=35969\" target=\"_self\" rel=\"bookmark noopener noreferrer\">Espa\u00f1a elimina las cajas de antibi\u00f3ticos grandes para luchar contra las superbacterias<\/a>\n\t\t\t<\/h4>\n\t\t\t\t\t\t<div class='uagb-post__text uagb-post-grid-byline'>\n\t\t\t\t\t\t\t<\/div>\n\t\t\t\n\t\t\t\t\t\t\t\t\t<\/article>\n\t\t\t\t\t\t\t\t\t\t\t\t\t\t\t\t<article class=\"uagb-post__inner-wrap\">\t\t\t\t\t\t\t\t<div class='uagb-post__image'>\n\t\t\t\t\t\t\t\t\t<a href=\"https:\/\/agencia.unq.edu.ar\/?p=35850\" target=\"_self\" rel=\"bookmark noopener noreferrer\"><img loading=\"lazy\" decoding=\"async\" width=\"960\" height=\"388\" src=\"https:\/\/agencia.unq.edu.ar\/wp-content\/uploads\/2026\/04\/carta-abierta-clarin.jpg\" class=\"attachment-medium size-medium\" alt=\"Horacio Gonz\u00e1lez en una charla de Carta Abierta, en la Facultad de filosof\u00eda y letras.\" \/>\t\t\t\t\t<\/a>\n\t\t\t\t\t\t\t\t\t<\/div>\n\t\t\t\t\t\t<h4 class=\"uagb-post__title uagb-post__text\">\n\t\t\t\t<a href=\"https:\/\/agencia.unq.edu.ar\/?p=35850\" target=\"_self\" rel=\"bookmark noopener noreferrer\">\u201cDebate p\u00fablico en Argentina\u201d: el libro que recupera la experiencia de Carta Abierta<\/a>\n\t\t\t<\/h4>\n\t\t\t\t\t\t<div class='uagb-post__text uagb-post-grid-byline'>\n\t\t\t\t\t\t\t<\/div>\n\t\t\t\n\t\t\t\t\t\t\t\t\t<\/article>\n\t\t\t\t\t\t\t\t\t\t\t\t\t\t\t\t<article class=\"uagb-post__inner-wrap\">\t\t\t\t\t\t\t\t<div class='uagb-post__image'>\n\t\t\t\t\t\t\t\t\t<a href=\"https:\/\/agencia.unq.edu.ar\/?p=35830\" target=\"_self\" rel=\"bookmark noopener noreferrer\"><img loading=\"lazy\" decoding=\"async\" width=\"960\" height=\"388\" src=\"https:\/\/agencia.unq.edu.ar\/wp-content\/uploads\/2026\/04\/Javier-Milei-Peter-Thiel.jpg\" class=\"attachment-medium size-medium\" alt=\"Javier Milei junto a Peter Lamelas, embajador de EE.UU. en Argentina y Peter Thiel, fundador de Palantir. Cr\u00e9ditos: @OPRArgentina.\" \/>\t\t\t\t\t<\/a>\n\t\t\t\t\t\t\t\t\t<\/div>\n\t\t\t\t\t\t<h4 class=\"uagb-post__title uagb-post__text\">\n\t\t\t\t<a href=\"https:\/\/agencia.unq.edu.ar\/?p=35830\" target=\"_self\" rel=\"bookmark noopener noreferrer\">Palantir y Peter Thiel: \u00bfse acerca el tecnofascismo a la Argentina?<\/a>\n\t\t\t<\/h4>\n\t\t\t\t\t\t<div class='uagb-post__text uagb-post-grid-byline'>\n\t\t\t\t\t\t\t<\/div>\n\t\t\t\n\t\t\t\t\t\t\t\t\t<\/article>\n\t\t\t\t\t\t\t\t\t\t\t\t\t\t\t\t<article class=\"uagb-post__inner-wrap\">\t\t\t\t\t\t\t\t<div class='uagb-post__image'>\n\t\t\t\t\t\t\t\t\t<a href=\"https:\/\/agencia.unq.edu.ar\/?p=35757\" target=\"_self\" rel=\"bookmark noopener noreferrer\"><img loading=\"lazy\" decoding=\"async\" width=\"960\" height=\"388\" src=\"https:\/\/agencia.unq.edu.ar\/wp-content\/uploads\/2026\/04\/Marcha-universitaria-vista-general.jpg\" class=\"attachment-medium size-medium\" alt=\"Imagen panor\u00e1mica de la \u00faltima Marcha Federal. Cr\u00e9ditos: @vyp.drone.\" \/>\t\t\t\t\t<\/a>\n\t\t\t\t\t\t\t\t\t<\/div>\n\t\t\t\t\t\t<h4 class=\"uagb-post__title uagb-post__text\">\n\t\t\t\t<a href=\"https:\/\/agencia.unq.edu.ar\/?p=35757\" target=\"_self\" rel=\"bookmark noopener noreferrer\">Hasta que se cumpla: la comunidad universitaria realizar\u00e1 una nueva Marcha Federal<\/a>\n\t\t\t<\/h4>\n\t\t\t\t\t\t<div class='uagb-post__text uagb-post-grid-byline'>\n\t\t\t\t\t\t\t<\/div>\n\t\t\t\n\t\t\t\t\t\t\t\t\t<\/article>\n\t\t\t\t\t\t\t\t\t\t\t\t\t\t\t\t<article class=\"uagb-post__inner-wrap\">\t\t\t\t\t\t\t\t<div class='uagb-post__image'>\n\t\t\t\t\t\t\t\t\t<a href=\"https:\/\/agencia.unq.edu.ar\/?p=35638\" target=\"_self\" rel=\"bookmark noopener noreferrer\"><img loading=\"lazy\" decoding=\"async\" width=\"960\" height=\"388\" src=\"https:\/\/agencia.unq.edu.ar\/wp-content\/uploads\/2026\/04\/Roberto-Abdala-Al-borde-del-precipicio.jpg\" class=\"attachment-medium size-medium\" alt=\"Roberto Abdala en Al borde del precicipcio. Cr\u00e9ditos: Captura UNQ TV.\" \/>\t\t\t\t\t<\/a>\n\t\t\t\t\t\t\t\t\t<\/div>\n\t\t\t\t\t\t<h4 class=\"uagb-post__title uagb-post__text\">\n\t\t\t\t<a href=\"https:\/\/agencia.unq.edu.ar\/?p=35638\" target=\"_self\" rel=\"bookmark noopener noreferrer\">Roberto Abdala: \u201cSin presupuesto es muy dif\u00edcil pensar y so\u00f1ar una escuela distinta\u201d<\/a>\n\t\t\t<\/h4>\n\t\t\t\t\t\t<div class='uagb-post__text uagb-post-grid-byline'>\n\t\t\t\t\t\t\t<\/div>\n\t\t\t\n\t\t\t\t\t\t\t\t\t<\/article>\n\t\t\t\t\t\t\t\t\t\t\t\t\t\t\t\t<article class=\"uagb-post__inner-wrap\">\t\t\t\t\t\t\t\t<div class='uagb-post__image'>\n\t\t\t\t\t\t\t\t\t<a href=\"https:\/\/agencia.unq.edu.ar\/?p=35583\" target=\"_self\" rel=\"bookmark noopener noreferrer\"><img loading=\"lazy\" decoding=\"async\" width=\"960\" height=\"388\" src=\"https:\/\/agencia.unq.edu.ar\/wp-content\/uploads\/2024\/06\/INTI-despidos.jpg\" class=\"attachment-medium size-medium\" alt=\"Protesta realizada por los trabajadores del INTI contra los despidos. Cr\u00e9ditos: ATE-INTI.\" \/>\t\t\t\t\t<\/a>\n\t\t\t\t\t\t\t\t\t<\/div>\n\t\t\t\t\t\t<h4 class=\"uagb-post__title uagb-post__text\">\n\t\t\t\t<a href=\"https:\/\/agencia.unq.edu.ar\/?p=35583\" target=\"_self\" rel=\"bookmark noopener noreferrer\">El gobierno quiere quitarle m\u00e1s funciones al INTI y despedir 700 trabajadores<\/a>\n\t\t\t<\/h4>\n\t\t\t\t\t\t<div class='uagb-post__text uagb-post-grid-byline'>\n\t\t\t\t\t\t\t<\/div>\n\t\t\t\n\t\t\t\t\t\t\t\t\t<\/article>\n\t\t\t\t\t\t\t\t\t\t\t\t\t\t\t\t<article class=\"uagb-post__inner-wrap\">\t\t\t\t\t\t\t\t<div class='uagb-post__image'>\n\t\t\t\t\t\t\t\t\t<a href=\"https:\/\/agencia.unq.edu.ar\/?p=35568\" target=\"_self\" rel=\"bookmark noopener noreferrer\"><img loading=\"lazy\" decoding=\"async\" width=\"960\" height=\"388\" src=\"https:\/\/agencia.unq.edu.ar\/wp-content\/uploads\/2026\/04\/unsplash.jpg\" class=\"attachment-medium size-medium\" alt=\"Sin botiquines completos, crecen las dificultades para sostener controles, prevenir cuadros graves y evitar derivaciones. Cr\u00e9ditos: Unplash.\" \/>\t\t\t\t\t<\/a>\n\t\t\t\t\t\t\t\t\t<\/div>\n\t\t\t\t\t\t<h4 class=\"uagb-post__title uagb-post__text\">\n\t\t\t\t<a href=\"https:\/\/agencia.unq.edu.ar\/?p=35568\" target=\"_self\" rel=\"bookmark noopener noreferrer\">Golpe a la salud p\u00fablica: \u00bfc\u00f3mo impacta la baja del Programa Remediar que dispuso el gobierno?<\/a>\n\t\t\t<\/h4>\n\t\t\t\t\t\t<div class='uagb-post__text uagb-post-grid-byline'>\n\t\t\t\t\t\t\t<\/div>\n\t\t\t\n\t\t\t\t\t\t\t\t\t<\/article>\n\t\t\t\t\t\t\t\t\t\t\t<\/div>\n\t\t\t<\/div>\n","protected":false},"excerpt":{"rendered":"<p>Entre otros aspectos, el proyecto que propone el gobierno habilita a cada provincia a disponer de los recursos que est\u00e9n en su territorio. <\/p>\n","protected":false},"author":6,"featured_media":33329,"comment_status":"open","ping_status":"closed","sticky":false,"template":"","format":"standard","meta":{"_uag_custom_page_level_css":"","_monsterinsights_skip_tracking":false,"_monsterinsights_sitenote_active":false,"_monsterinsights_sitenote_note":"","_monsterinsights_sitenote_category":0,"site-sidebar-layout":"default","site-content-layout":"","ast-site-content-layout":"default","site-content-style":"default","site-sidebar-style":"default","ast-global-header-display":"","ast-banner-title-visibility":"","ast-main-header-display":"","ast-hfb-above-header-display":"","ast-hfb-below-header-display":"","ast-hfb-mobile-header-display":"","site-post-title":"","ast-breadcrumbs-content":"","ast-featured-img":"","footer-sml-layout":"","ast-disable-related-posts":"","theme-transparent-header-meta":"","adv-header-id-meta":"","stick-header-meta":"","header-above-stick-meta":"","header-main-stick-meta":"","header-below-stick-meta":"","astra-migrate-meta-layouts":"default","ast-page-background-enabled":"default","ast-page-background-meta":{"desktop":{"background-color":"var(--ast-global-color-4)","background-image":"","background-repeat":"repeat","background-position":"center center","background-size":"auto","background-attachment":"scroll","background-type":"","background-media":"","overlay-type":"","overlay-color":"","overlay-opacity":"","overlay-gradient":""},"tablet":{"background-color":"","background-image":"","background-repeat":"repeat","background-position":"center center","background-size":"auto","background-attachment":"scroll","background-type":"","background-media":"","overlay-type":"","overlay-color":"","overlay-opacity":"","overlay-gradient":""},"mobile":{"background-color":"","background-image":"","background-repeat":"repeat","background-position":"center center","background-size":"auto","background-attachment":"scroll","background-type":"","background-media":"","overlay-type":"","overlay-color":"","overlay-opacity":"","overlay-gradient":""}},"ast-content-background-meta":{"desktop":{"background-color":"var(--ast-global-color-5)","background-image":"","background-repeat":"repeat","background-position":"center center","background-size":"auto","background-attachment":"scroll","background-type":"","background-media":"","overlay-type":"","overlay-color":"","overlay-opacity":"","overlay-gradient":""},"tablet":{"background-color":"var(--ast-global-color-5)","background-image":"","background-repeat":"repeat","background-position":"center center","background-size":"auto","background-attachment":"scroll","background-type":"","background-media":"","overlay-type":"","overlay-color":"","overlay-opacity":"","overlay-gradient":""},"mobile":{"background-color":"var(--ast-global-color-5)","background-image":"","background-repeat":"repeat","background-position":"center center","background-size":"auto","background-attachment":"scroll","background-type":"","background-media":"","overlay-type":"","overlay-color":"","overlay-opacity":"","overlay-gradient":""}},"footnotes":""},"categories":[16,92],"tags":[],"class_list":["post-33328","post","type-post","status-publish","format-standard","has-post-thumbnail","hentry","category-noticia-destacada","category-politica"],"aioseo_notices":[],"uagb_featured_image_src":{"full":["https:\/\/agencia.unq.edu.ar\/wp-content\/uploads\/2025\/12\/Glaciar-Piedras-Blancas-Santa-Cruz.jpg",1040,420,false],"thumbnail":["https:\/\/agencia.unq.edu.ar\/wp-content\/uploads\/2025\/12\/Glaciar-Piedras-Blancas-Santa-Cruz.jpg",150,61,false],"medium":["https:\/\/agencia.unq.edu.ar\/wp-content\/uploads\/2025\/12\/Glaciar-Piedras-Blancas-Santa-Cruz.jpg",960,388,false],"medium_large":["https:\/\/agencia.unq.edu.ar\/wp-content\/uploads\/2025\/12\/Glaciar-Piedras-Blancas-Santa-Cruz.jpg",768,310,false],"large":["https:\/\/agencia.unq.edu.ar\/wp-content\/uploads\/2025\/12\/Glaciar-Piedras-Blancas-Santa-Cruz.jpg",1040,420,false],"1536x1536":["https:\/\/agencia.unq.edu.ar\/wp-content\/uploads\/2025\/12\/Glaciar-Piedras-Blancas-Santa-Cruz.jpg",1040,420,false],"2048x2048":["https:\/\/agencia.unq.edu.ar\/wp-content\/uploads\/2025\/12\/Glaciar-Piedras-Blancas-Santa-Cruz.jpg",1040,420,false]},"uagb_author_info":{"display_name":"Nicol\u00e1s Retamar","author_link":"https:\/\/agencia.unq.edu.ar\/?author=6"},"uagb_comment_info":0,"uagb_excerpt":"Entre otros aspectos, el proyecto que propone el gobierno habilita a cada provincia a disponer de los recursos que est\u00e9n en su territorio.","blog_post_layout_featured_media_urls":{"thumbnail":["https:\/\/agencia.unq.edu.ar\/wp-content\/uploads\/2025\/12\/Glaciar-Piedras-Blancas-Santa-Cruz.jpg",150,61,false],"full":["https:\/\/agencia.unq.edu.ar\/wp-content\/uploads\/2025\/12\/Glaciar-Piedras-Blancas-Santa-Cruz.jpg",1040,420,false]},"categories_names":{"16":{"name":"Noticia destacada","link":"https:\/\/agencia.unq.edu.ar\/?cat=16"},"92":{"name":"Pol\u00edtica","link":"https:\/\/agencia.unq.edu.ar\/?cat=92"}},"tags_names":[],"comments_number":"0","_links":{"self":[{"href":"https:\/\/agencia.unq.edu.ar\/index.php?rest_route=\/wp\/v2\/posts\/33328","targetHints":{"allow":["GET"]}}],"collection":[{"href":"https:\/\/agencia.unq.edu.ar\/index.php?rest_route=\/wp\/v2\/posts"}],"about":[{"href":"https:\/\/agencia.unq.edu.ar\/index.php?rest_route=\/wp\/v2\/types\/post"}],"author":[{"embeddable":true,"href":"https:\/\/agencia.unq.edu.ar\/index.php?rest_route=\/wp\/v2\/users\/6"}],"replies":[{"embeddable":true,"href":"https:\/\/agencia.unq.edu.ar\/index.php?rest_route=%2Fwp%2Fv2%2Fcomments&post=33328"}],"version-history":[{"count":4,"href":"https:\/\/agencia.unq.edu.ar\/index.php?rest_route=\/wp\/v2\/posts\/33328\/revisions"}],"predecessor-version":[{"id":33342,"href":"https:\/\/agencia.unq.edu.ar\/index.php?rest_route=\/wp\/v2\/posts\/33328\/revisions\/33342"}],"wp:featuredmedia":[{"embeddable":true,"href":"https:\/\/agencia.unq.edu.ar\/index.php?rest_route=\/wp\/v2\/media\/33329"}],"wp:attachment":[{"href":"https:\/\/agencia.unq.edu.ar\/index.php?rest_route=%2Fwp%2Fv2%2Fmedia&parent=33328"}],"wp:term":[{"taxonomy":"category","embeddable":true,"href":"https:\/\/agencia.unq.edu.ar\/index.php?rest_route=%2Fwp%2Fv2%2Fcategories&post=33328"},{"taxonomy":"post_tag","embeddable":true,"href":"https:\/\/agencia.unq.edu.ar\/index.php?rest_route=%2Fwp%2Fv2%2Ftags&post=33328"}],"curies":[{"name":"wp","href":"https:\/\/api.w.org\/{rel}","templated":true}]}}