{"id":34521,"date":"2026-03-04T17:31:42","date_gmt":"2026-03-04T20:31:42","guid":{"rendered":"https:\/\/agencia.unq.edu.ar\/?p=34521"},"modified":"2026-03-09T13:39:18","modified_gmt":"2026-03-09T16:39:18","slug":"adios-a-la-memoria-una-ventana-documental-para-espiar-el-pasado-a-50-anos-del-golpe","status":"publish","type":"post","link":"https:\/\/agencia.unq.edu.ar\/?p=34521","title":{"rendered":"\u201cAdi\u00f3s a la memoria\u201d: una ventana documental para espiar el pasado a 50 a\u00f1os del Golpe"},"content":{"rendered":"\n<p>Carlos Castro analiza el film de Nicol\u00e1s Prividera y dispara una pregunta potente: \u00bfsirve la memoria para tener un pa\u00eds m\u00e1s justo?<\/p>\n\n\n\n<figure class=\"wp-block-image aligncenter size-full\" id=\"block-c3ee2a7f-4bf9-43dd-a0f6-8acc1087bdbe\"><img loading=\"lazy\" decoding=\"async\" width=\"1040\" height=\"420\" src=\"https:\/\/agencia.unq.edu.ar\/wp-content\/uploads\/2026\/03\/cine.jpg\" alt=\"\u201cAdi\u00f3s a la memoria\u201d. Cr\u00e9ditos: Nicol\u00e1s Prividera\" class=\"wp-image-34523\"\/><figcaption class=\"wp-element-caption\">\u201cAdi\u00f3s a la memoria\u201d. Cr\u00e9ditos: Nicol\u00e1s Prividera<\/figcaption><\/figure>\n\n\n\n<p class=\"has-medium-font-size\"><em>Por Carlos Castro*<\/em><\/p>\n\n\n\n<p class=\"wp-embed-aspect-16-9 wp-has-aspect-ratio\" id=\"block-792ca364-1b8e-4135-8180-b4418ab97e95\">Luego de <em>\u201cJuan, como si nada hubiera sucedido\u201d<\/em> (1987) de Carlos Echeverr\u00eda tuvieron que pasar casi 40 a\u00f1os para que un film nos interpele nuevamente como sociedad y como generaci\u00f3n. Esto es lo que sucedi\u00f3 con \u201c<em>Adi\u00f3s a la memoria<\/em>\u201d (2020) de Nicol\u00e1s Prividera, un ensayo documental donde el director nos gu\u00eda por la enfermedad de su padre, en la vana ilusi\u00f3n para que recupere la memoria, y de esta forma entabla un puente con la desaparici\u00f3n de su madre durante la dictadura. Una bofetada a lo correctamente pol\u00edtico, tanto en discurso como en realizaci\u00f3n. Pel\u00edcula que es continuaci\u00f3n de su obra y que cuenta con el eficaz m\u00fasculo del productor Pablo Ratto.<\/p>\n\n\n\n<p><strong>Cuando el cine documental se vuelve una herramienta de introspecci\u00f3n, el resultado puede ser bueno. Pero si ese ejercicio es atractivo y logra convertir la tragedia en un poderoso manifiesto narrativo, puede ser sublime. Y es lo que ocurre con <em>\u201cAdi\u00f3s a la memoria\u201d.<\/em><\/strong><\/p>\n\n\n\n<p>Prividera es un artista pol\u00e9mico: inorg\u00e1nico est\u00e9ticamente, iconoclasta en t\u00e9rminos narrativos. Solo la b\u00fasqueda de la memoria (podr\u00edamos afirmar que es la l\u00ednea vertebral de su obra), es lo que parece guiarlo por su exquisita incursi\u00f3n al mundo documental. Porque <strong>Prividera, como en <em>\u201cLas ruinas circulares\u201d<\/em> del Borges que cita y anhela en su film, construye la memoria emulando un laberinto que se vuelve un <em>loop, y<\/em> donde siempre, a pesar de tratarse de un rumeo agrio, hay algo nuevo para interpretar del presente.<\/strong><\/p>\n\n\n\n<p>En tiempos de fake news, trolls y posverdad, el trabajo de <em>Adi\u00f3s a la memoria<\/em> se antoja como un ensayo donde la propia memoria se pone en cuesti\u00f3n. \u00bfY qu\u00e9 pasa si con ella no alcanza para vivir mejor? \u00bfSirve la memoria para tener un pa\u00eds m\u00e1s justo? No importa. Para Prividera, ejercitar la memoria, evocar, es quiz\u00e1s un acto reflejo, como levantarse, lavarse los dientes, desayunar y despu\u00e9s comprar tomates en la verduler\u00eda. Pues la cuesti\u00f3n entonces no es conservar la memoria, sino crearla. &nbsp;<\/p>\n\n\n\n<h2 class=\"wp-block-heading\">El dolor y el horror<\/h2>\n\n\n\n<p>En su film, Prividera nos muestra, no solo el dolor que paso su padre, sino c\u00f3mo lo sinti\u00f3 \u00e9l mismo, en tercera persona. El horror vivido en el seno de su familia por la desaparici\u00f3n forzada de su madre. A partir de all\u00ed, se describe la relaci\u00f3n entre ese padre presente (aunque ir\u00f3nicamente ausente), y el hijo, colmado de pesadillas <em>(<\/em><em>\u201chasta que un d\u00eda las pesadillas cesaron, acaso tambi\u00e9n los sue\u00f1os\u201d<\/em>). Luego se convierte en un adolescente inflamado de silencio frente a una sociedad c\u00ednica. Y con los a\u00f1os, como de gusano a cris\u00e1lida, transmuta ese dolor en un film \u00e9pico, privado de adornos, artificios o maquillaje, cuando representa el pasado, o hace memoria de ese pasado.<\/p>\n\n\n\n<figure class=\"wp-block-image aligncenter size-full\"><img loading=\"lazy\" decoding=\"async\" width=\"750\" height=\"528\" src=\"https:\/\/agencia.unq.edu.ar\/wp-content\/uploads\/2026\/03\/cine2.jpg\" alt=\"\u201cAdi\u00f3s a la memoria\u201d. Cr\u00e9ditos: Nicol\u00e1s Prividera\" class=\"wp-image-34524\"\/><figcaption class=\"wp-element-caption\">\u201cAdi\u00f3s a la memoria\u201d. Cr\u00e9ditos: Nicol\u00e1s Prividera<\/figcaption><\/figure>\n\n\n\n<p>Porque <em>\u201cEl pasado nunca pasa, es solo una dimensi\u00f3n del presente\u201d,<\/em> dice William Faulkner, y all\u00ed reside la clave, ya que el film de Prividera (con su prosa mordaz y corrosiva, como flechas de preguntas ret\u00f3ricas) pareciera siempre interpelar m\u00e1s al presente que al pasado. Presente (digamos todo), que es un rumeo lis\u00e9rgico del pasado, y volvemos al <em>loop<\/em> de la memoria. <strong>Entonces aparece la genialidad de transformar la desdicha familiar y personal en un poderoso espejo que destella alarmas hacia el presente, acaso tambi\u00e9n (y fundamentalmente), al futuro. \u00bfO no es su padre dominado por un alzheimer grotesco, la representaci\u00f3n de la decadencia de la memoria?<\/strong><\/p>\n\n\n\n<p>Asistimos a un ajuste de cuentas entre un padre y un hijo atravesados por la ausencia y el tormento. Pero Prividera hijo sabe que esa relaci\u00f3n se precipit\u00f3 asim\u00e9trica, que su padre est\u00e1 perdido entre las tinieblas del olvido y lo siente en desventaja para llevar a cabo ese duelo invisible que sugiere permanentemente en su narraci\u00f3n. Entonces, cual francotirador, gira su mira telesc\u00f3pica, carga balas empapadas de Antonio Gramsci, y dispara al hombre com\u00fan (&#8220;<em>L&#8217;Uomo Qualunque<\/em>&#8220;), a la clase media, al medio pelo, al clasemediero pedorro y lo encierra en los l\u00edmites de la mediocridad de su propio discurso.<\/p>\n\n\n\n<p><em>\u201cOdio a los indiferentes, porque me fastidia su excusa de eternos inocentes. Pido cuentas a cada uno de ellos y me siento en el derecho de ser inexorable en la obligaci\u00f3n de no derrochar mi piedad, de no compartir con ellos mis l\u00e1grimas\u201d.<\/em> Suenan las municiones gramscianas en la voz de Prividera. Luego viene el tiro de gracia, ya con sus propias palabras: <strong>\u201c<em>Cien a\u00f1os despu\u00e9s, aqu\u00ed estamos, teniendo que volver a discutir el n\u00famero de desaparecidos con los que ayer dec\u00edan que estaban paseando por Europa. Una vez m\u00e1s ganados por el individualismo y la salvaci\u00f3n del m\u00e1s fuerte\u201d<\/em>.<\/strong> Quien quiera o\u00edr que oiga, imp\u00fadicos abstenerse.&nbsp;<\/p>\n\n\n\n<h2 class=\"wp-block-heading\">La memoria obstinada<\/h2>\n\n\n\n<p>Memoria e historia son diferentes, van en caminos apartados, pero se yuxtaponen cuando tienen que sistematizar el pasado para darle un sentido en el presente. Cuando esto sucede, y se expresa en el cine documental, la memoria recobra ese ingrediente de parcialidad subjetiva que, en \u00faltima instancia, es la mayor conquista del g\u00e9nero (si es que el documental lo es) de los \u00faltimos 50 a\u00f1os.<\/p>\n\n\n\n<figure class=\"wp-block-image aligncenter size-full\"><img loading=\"lazy\" decoding=\"async\" width=\"750\" height=\"508\" src=\"https:\/\/agencia.unq.edu.ar\/wp-content\/uploads\/2026\/03\/cine3.jpg\" alt=\"\u201cAdi\u00f3s a la memoria\u201d. Cr\u00e9ditos: Nicol\u00e1s Prividera\" class=\"wp-image-34525\"\/><figcaption class=\"wp-element-caption\">\u201cAdi\u00f3s a la memoria\u201d. Cr\u00e9ditos: Nicol\u00e1s Prividera<\/figcaption><\/figure>\n\n\n\n<p>Como otros cineastas, <strong>Prividera no quiere ser historiador. Quiz\u00e1s solo quiere reconstruir su propia fatalidad, para darle un sentido a su existencia. Para dejar rastro de las contradicciones de este pa\u00eds complejo en el que le toc\u00f3 nacer. Y para transitar ese infortunio, que es la gran escena de su vida, procede de las formas m\u00e1s audaces que puede dar la palabra y la imagen, en un dialogo continuo que, pareciera, nunca pierden el equilibrio.<\/strong> Incluso cuando el fantasma de su padre aparece derrotado en el sill\u00f3n, sin saber siquiera quien fue la esposa a la que la dictadura militar desapareci\u00f3. Paradojas e iron\u00edas de la memoria.<\/p>\n\n\n\n<p class=\"wp-embed-aspect-16-9 wp-has-aspect-ratio\" id=\"block-792ca364-1b8e-4135-8180-b4418ab97e95\">Registrar una vida real es una gran responsabilidad, engloba una gran cantidad de dilemas morales \u00e9ticos en cada etapa de la filmaci\u00f3n. Prividera lo sabe, aunque veces el dolor lo impulse en forma hura\u00f1a y displicente a construir sus documentales. <strong><em>Adi\u00f3s la memoria<\/em> es un manifiesto, un tratado circular sobre la membranza de esa ausencia maternal que le impuso a su protagonista y director un conjuro: el de denunciar la injusticia y luchar contra la estupidez del sentido com\u00fan, siempre<\/strong>.<\/p>\n\n\n\n<p class=\"wp-embed-aspect-16-9 wp-has-aspect-ratio\" id=\"block-792ca364-1b8e-4135-8180-b4418ab97e95\" style=\"font-size:16px\">*Profesor de la UNQ y documentalista. <\/p>\n\n\n\n<div class=\"wp-block-uagb-container uagb-block-e31d8b4a alignwide uagb-is-root-container\">\n<div class=\"wp-block-uagb-advanced-heading uagb-block-fd68d2f2\"><h4 class=\"uagb-heading-text\">\u00daltimas noticias de la secci\u00f3n Sociedad:<\/h4><\/div>\n\n\n\n\t\t\t<div class=\"wp-block-uagb-post-carousel uagb-post-grid  uagb-post__image-position-top uagb-post__image-enabled uagb-block-24e22604     uagb-post__arrow-outside uagb-slick-carousel uagb-post__items uagb-post__columns-3 is-carousel uagb-post__columns-tablet-2 uagb-post__columns-mobile-1\" data-total=\"41\" style=\"\">\n\n\t\t\t\t\t\t\t\t\t\t\t\t<article class=\"uagb-post__inner-wrap\">\t\t\t\t\t\t\t\t<div class='uagb-post__image'>\n\t\t\t\t\t\t\t\t\t<a href=\"https:\/\/agencia.unq.edu.ar\/?p=35695\" target=\"_self\" rel=\"bookmark noopener noreferrer\"><img loading=\"lazy\" decoding=\"async\" width=\"960\" height=\"388\" src=\"https:\/\/agencia.unq.edu.ar\/wp-content\/uploads\/2026\/04\/teletrabajo12.jpg\" class=\"attachment-medium size-medium\" alt=\"El trabajo remoto empieza a mover la aguja de la natalidad. Cr\u00e9ditos: TN online.\" \/>\t\t\t\t\t<\/a>\n\t\t\t\t\t\t\t\t\t<\/div>\n\t\t\t\t\t\t<h4 class=\"uagb-post__title uagb-post__text\">\n\t\t\t\t<a href=\"https:\/\/agencia.unq.edu.ar\/?p=35695\" target=\"_self\" rel=\"bookmark noopener noreferrer\">Home office y beb\u00e9s: por qu\u00e9 la fecundidad sube 14 por ciento en algunas parejas<\/a>\n\t\t\t<\/h4>\n\t\t\t\t\t\t<div class='uagb-post__text uagb-post-grid-byline'>\n\t\t\t\t\t\t\t<\/div>\n\t\t\t\n\t\t\t\t\t\t\t\t\t<\/article>\n\t\t\t\t\t\t\t\t\t\t\t\t\t\t\t\t<article class=\"uagb-post__inner-wrap\">\t\t\t\t\t\t\t\t<div class='uagb-post__image'>\n\t\t\t\t\t\t\t\t\t<a href=\"https:\/\/agencia.unq.edu.ar\/?p=35672\" target=\"_self\" rel=\"bookmark noopener noreferrer\"><img loading=\"lazy\" decoding=\"async\" width=\"960\" height=\"388\" src=\"https:\/\/agencia.unq.edu.ar\/wp-content\/uploads\/2026\/04\/Guia-amenazas-escuelas.jpg\" class=\"attachment-medium size-medium\" alt=\"Una docente frente a sus estudiantes. Cr\u00e9ditos: abc.gob.ar\" \/>\t\t\t\t\t<\/a>\n\t\t\t\t\t\t\t\t\t<\/div>\n\t\t\t\t\t\t<h4 class=\"uagb-post__title uagb-post__text\">\n\t\t\t\t<a href=\"https:\/\/agencia.unq.edu.ar\/?p=35672\" target=\"_self\" rel=\"bookmark noopener noreferrer\">Lanzan una gu\u00eda para actuar ante las amenazas de tiroteos en las escuelas<\/a>\n\t\t\t<\/h4>\n\t\t\t\t\t\t<div class='uagb-post__text uagb-post-grid-byline'>\n\t\t\t\t\t\t\t<\/div>\n\t\t\t\n\t\t\t\t\t\t\t\t\t<\/article>\n\t\t\t\t\t\t\t\t\t\t\t\t\t\t\t\t<article class=\"uagb-post__inner-wrap\">\t\t\t\t\t\t\t\t<div class='uagb-post__image'>\n\t\t\t\t\t\t\t\t\t<a href=\"https:\/\/agencia.unq.edu.ar\/?p=35292\" target=\"_self\" rel=\"bookmark noopener noreferrer\"><img loading=\"lazy\" decoding=\"async\" width=\"960\" height=\"388\" src=\"https:\/\/agencia.unq.edu.ar\/wp-content\/uploads\/2026\/04\/David-Foodphototasty-pescado.jpg\" class=\"attachment-medium size-medium\" alt=\"Las elecciones alimentarias comunican pertenencia, valores y fronteras culturales. Cr\u00e9dito: David Foodphototasty.\" \/>\t\t\t\t\t<\/a>\n\t\t\t\t\t\t\t\t\t<\/div>\n\t\t\t\t\t\t<h4 class=\"uagb-post__title uagb-post__text\">\n\t\t\t\t<a href=\"https:\/\/agencia.unq.edu.ar\/?p=35292\" target=\"_self\" rel=\"bookmark noopener noreferrer\">Dietas religiosas: \u00bfqu\u00e9 revela la ciencia sobre la comida en fechas sagradas?<\/a>\n\t\t\t<\/h4>\n\t\t\t\t\t\t<div class='uagb-post__text uagb-post-grid-byline'>\n\t\t\t\t\t\t\t<\/div>\n\t\t\t\n\t\t\t\t\t\t\t\t\t<\/article>\n\t\t\t\t\t\t\t\t\t\t\t\t\t\t\t\t<article class=\"uagb-post__inner-wrap\">\t\t\t\t\t\t\t\t<div class='uagb-post__image'>\n\t\t\t\t\t\t\t\t\t<a href=\"https:\/\/agencia.unq.edu.ar\/?p=35298\" target=\"_self\" rel=\"bookmark noopener noreferrer\"><img loading=\"lazy\" decoding=\"async\" width=\"960\" height=\"388\" src=\"https:\/\/agencia.unq.edu.ar\/wp-content\/uploads\/2026\/04\/Cementerio-de-Darwin-Malvinas.jpg\" class=\"attachment-medium size-medium\" alt=\"Hasta la fecha se identificaron 121 soldados inhumados en el Cementerio de Darwin. Cr\u00e9ditos: Aviaci\u00f3n Argentina.\" \/>\t\t\t\t\t<\/a>\n\t\t\t\t\t\t\t\t\t<\/div>\n\t\t\t\t\t\t<h4 class=\"uagb-post__title uagb-post__text\">\n\t\t\t\t<a href=\"https:\/\/agencia.unq.edu.ar\/?p=35298\" target=\"_self\" rel=\"bookmark noopener noreferrer\">\u201cGracias a la identificaci\u00f3n de los ca\u00eddos en Malvinas, cambi\u00f3 la forma en que los familiares miraron la muerte\u201d<\/a>\n\t\t\t<\/h4>\n\t\t\t\t\t\t<div class='uagb-post__text uagb-post-grid-byline'>\n\t\t\t\t\t\t\t<\/div>\n\t\t\t\n\t\t\t\t\t\t\t\t\t<\/article>\n\t\t\t\t\t\t\t\t\t\t\t\t\t\t\t\t<article class=\"uagb-post__inner-wrap\">\t\t\t\t\t\t\t\t<div class='uagb-post__image'>\n\t\t\t\t\t\t\t\t\t<a href=\"https:\/\/agencia.unq.edu.ar\/?p=35201\" target=\"_self\" rel=\"bookmark noopener noreferrer\"><img loading=\"lazy\" decoding=\"async\" width=\"960\" height=\"388\" src=\"https:\/\/agencia.unq.edu.ar\/wp-content\/uploads\/2026\/03\/pexels-adultos-mayores.jpg\" class=\"attachment-medium size-medium\" alt=\"La evidencia indica que sensores, apps y recordatorios sirven de apoyo diario, aunque la presencia, la empat\u00eda y la vida en comunidad siguen siendo clave. Cr\u00e9ditos: Pexels.\" \/>\t\t\t\t\t<\/a>\n\t\t\t\t\t\t\t\t\t<\/div>\n\t\t\t\t\t\t<h4 class=\"uagb-post__title uagb-post__text\">\n\t\t\t\t<a href=\"https:\/\/agencia.unq.edu.ar\/?p=35201\" target=\"_self\" rel=\"bookmark noopener noreferrer\">\u00bfPor qu\u00e9 la IA no reemplaza a los cuidadores de adultos mayores?<\/a>\n\t\t\t<\/h4>\n\t\t\t\t\t\t<div class='uagb-post__text uagb-post-grid-byline'>\n\t\t\t\t\t\t\t<\/div>\n\t\t\t\n\t\t\t\t\t\t\t\t\t<\/article>\n\t\t\t\t\t\t\t\t\t\t\t\t\t\t\t\t<article class=\"uagb-post__inner-wrap\">\t\t\t\t\t\t\t\t<div class='uagb-post__image'>\n\t\t\t\t\t\t\t\t\t<a href=\"https:\/\/agencia.unq.edu.ar\/?p=35101\" target=\"_self\" rel=\"bookmark noopener noreferrer\"><img loading=\"lazy\" decoding=\"async\" width=\"504\" height=\"204\" src=\"https:\/\/agencia.unq.edu.ar\/wp-content\/uploads\/2026\/03\/2026-03-26-Martin-Proscia-Manuel-Eguia-Antonio-Ortega-y-Dario-Ruiz.jpg\" class=\"attachment-medium size-medium\" alt=\"Mart\u00edn Proscia, Manuel Egu\u00eda, Antonio Ortega y Dar\u00edo Ruiz, integrantes del LAPSo\" \/>\t\t\t\t\t<\/a>\n\t\t\t\t\t\t\t\t\t<\/div>\n\t\t\t\t\t\t<h4 class=\"uagb-post__title uagb-post__text\">\n\t\t\t\t<a href=\"https:\/\/agencia.unq.edu.ar\/?p=35101\" target=\"_self\" rel=\"bookmark noopener noreferrer\">Investigadores de la UNQ desarrollaron una nueva t\u00e9cnica para crear sonidos<\/a>\n\t\t\t<\/h4>\n\t\t\t\t\t\t<div class='uagb-post__text uagb-post-grid-byline'>\n\t\t\t\t\t\t\t<\/div>\n\t\t\t\n\t\t\t\t\t\t\t\t\t<\/article>\n\t\t\t\t\t\t\t\t\t\t\t\t\t\t\t\t<article class=\"uagb-post__inner-wrap\">\t\t\t\t\t\t\t\t<div class='uagb-post__image'>\n\t\t\t\t\t\t\t\t\t<a href=\"https:\/\/agencia.unq.edu.ar\/?p=35088\" target=\"_self\" rel=\"bookmark noopener noreferrer\"><img loading=\"lazy\" decoding=\"async\" width=\"960\" height=\"388\" src=\"https:\/\/agencia.unq.edu.ar\/wp-content\/uploads\/2026\/03\/porno-1.jpg\" class=\"attachment-medium size-medium\" alt=\"La discusi\u00f3n ya no pasa solo por el contenido, sino por la facilidad con la que los menores pueden acceder a \u00e9l en plataformas digitales. Cr\u00e9ditos: El Pa\u00eds.\" \/>\t\t\t\t\t<\/a>\n\t\t\t\t\t\t\t\t\t<\/div>\n\t\t\t\t\t\t<h4 class=\"uagb-post__title uagb-post__text\">\n\t\t\t\t<a href=\"https:\/\/agencia.unq.edu.ar\/?p=35088\" target=\"_self\" rel=\"bookmark noopener noreferrer\">Porno online: Europa apunta a las plataformas por no proteger a los menores<\/a>\n\t\t\t<\/h4>\n\t\t\t\t\t\t<div class='uagb-post__text uagb-post-grid-byline'>\n\t\t\t\t\t\t\t<\/div>\n\t\t\t\n\t\t\t\t\t\t\t\t\t<\/article>\n\t\t\t\t\t\t\t\t\t\t\t\t\t\t\t\t<article class=\"uagb-post__inner-wrap\">\t\t\t\t\t\t\t\t<div class='uagb-post__image'>\n\t\t\t\t\t\t\t\t\t<a href=\"https:\/\/agencia.unq.edu.ar\/?p=35015\" target=\"_self\" rel=\"bookmark noopener noreferrer\"><img loading=\"lazy\" decoding=\"async\" width=\"960\" height=\"388\" src=\"https:\/\/agencia.unq.edu.ar\/wp-content\/uploads\/2026\/03\/contextos-de-encierro.jpg\" class=\"attachment-medium size-medium\" alt=\"Nicol\u00e1s Rizzo presentando la muestra &quot;Derribando muros: cuando el arte borra fronteras&quot;, en la Ruta del Arte del congreso\" \/>\t\t\t\t\t<\/a>\n\t\t\t\t\t\t\t\t\t<\/div>\n\t\t\t\t\t\t<h4 class=\"uagb-post__title uagb-post__text\">\n\t\t\t\t<a href=\"https:\/\/agencia.unq.edu.ar\/?p=35015\" target=\"_self\" rel=\"bookmark noopener noreferrer\">La UNQ se sienta al debate: c\u00f3mo las universidades ayudan a pensar los contextos de encierro<\/a>\n\t\t\t<\/h4>\n\t\t\t\t\t\t<div class='uagb-post__text uagb-post-grid-byline'>\n\t\t\t\t\t\t\t<\/div>\n\t\t\t\n\t\t\t\t\t\t\t\t\t<\/article>\n\t\t\t\t\t\t\t\t\t\t\t<\/div>\n\t\t\t<\/div>\n","protected":false},"excerpt":{"rendered":"<p>Carlos Castro analiza el film de Nicol\u00e1s Prividera y dispara una pregunta potente: \u00bfsirve la memoria para tener un pa\u00eds m\u00e1s justo?<\/p>\n","protected":false},"author":9,"featured_media":34523,"comment_status":"closed","ping_status":"closed","sticky":false,"template":"","format":"standard","meta":{"_uag_custom_page_level_css":"","_monsterinsights_skip_tracking":false,"_monsterinsights_sitenote_active":false,"_monsterinsights_sitenote_note":"","_monsterinsights_sitenote_category":0,"site-sidebar-layout":"default","site-content-layout":"","ast-site-content-layout":"default","site-content-style":"default","site-sidebar-style":"default","ast-global-header-display":"","ast-banner-title-visibility":"","ast-main-header-display":"","ast-hfb-above-header-display":"","ast-hfb-below-header-display":"","ast-hfb-mobile-header-display":"","site-post-title":"","ast-breadcrumbs-content":"","ast-featured-img":"","footer-sml-layout":"","ast-disable-related-posts":"","theme-transparent-header-meta":"","adv-header-id-meta":"","stick-header-meta":"","header-above-stick-meta":"","header-main-stick-meta":"","header-below-stick-meta":"","astra-migrate-meta-layouts":"default","ast-page-background-enabled":"default","ast-page-background-meta":{"desktop":{"background-color":"var(--ast-global-color-4)","background-image":"","background-repeat":"repeat","background-position":"center center","background-size":"auto","background-attachment":"scroll","background-type":"","background-media":"","overlay-type":"","overlay-color":"","overlay-opacity":"","overlay-gradient":""},"tablet":{"background-color":"","background-image":"","background-repeat":"repeat","background-position":"center center","background-size":"auto","background-attachment":"scroll","background-type":"","background-media":"","overlay-type":"","overlay-color":"","overlay-opacity":"","overlay-gradient":""},"mobile":{"background-color":"","background-image":"","background-repeat":"repeat","background-position":"center center","background-size":"auto","background-attachment":"scroll","background-type":"","background-media":"","overlay-type":"","overlay-color":"","overlay-opacity":"","overlay-gradient":""}},"ast-content-background-meta":{"desktop":{"background-color":"var(--ast-global-color-5)","background-image":"","background-repeat":"repeat","background-position":"center center","background-size":"auto","background-attachment":"scroll","background-type":"","background-media":"","overlay-type":"","overlay-color":"","overlay-opacity":"","overlay-gradient":""},"tablet":{"background-color":"var(--ast-global-color-5)","background-image":"","background-repeat":"repeat","background-position":"center center","background-size":"auto","background-attachment":"scroll","background-type":"","background-media":"","overlay-type":"","overlay-color":"","overlay-opacity":"","overlay-gradient":""},"mobile":{"background-color":"var(--ast-global-color-5)","background-image":"","background-repeat":"repeat","background-position":"center center","background-size":"auto","background-attachment":"scroll","background-type":"","background-media":"","overlay-type":"","overlay-color":"","overlay-opacity":"","overlay-gradient":""}},"footnotes":""},"categories":[16,363],"tags":[908],"class_list":["post-34521","post","type-post","status-publish","format-standard","has-post-thumbnail","hentry","category-noticia-destacada","category-sociedad","tag-golpe-50-anos"],"aioseo_notices":[],"uagb_featured_image_src":{"full":["https:\/\/agencia.unq.edu.ar\/wp-content\/uploads\/2026\/03\/cine.jpg",1040,420,false],"thumbnail":["https:\/\/agencia.unq.edu.ar\/wp-content\/uploads\/2026\/03\/cine.jpg",150,61,false],"medium":["https:\/\/agencia.unq.edu.ar\/wp-content\/uploads\/2026\/03\/cine.jpg",960,388,false],"medium_large":["https:\/\/agencia.unq.edu.ar\/wp-content\/uploads\/2026\/03\/cine.jpg",768,310,false],"large":["https:\/\/agencia.unq.edu.ar\/wp-content\/uploads\/2026\/03\/cine.jpg",1040,420,false],"1536x1536":["https:\/\/agencia.unq.edu.ar\/wp-content\/uploads\/2026\/03\/cine.jpg",1040,420,false],"2048x2048":["https:\/\/agencia.unq.edu.ar\/wp-content\/uploads\/2026\/03\/cine.jpg",1040,420,false]},"uagb_author_info":{"display_name":"Agencia de Noticias Cient\u00edficas UNQ","author_link":"https:\/\/agencia.unq.edu.ar\/?author=9"},"uagb_comment_info":0,"uagb_excerpt":"Carlos Castro analiza el film de Nicol\u00e1s Prividera y dispara una pregunta potente: \u00bfsirve la memoria para tener un pa\u00eds m\u00e1s justo?","blog_post_layout_featured_media_urls":{"thumbnail":["https:\/\/agencia.unq.edu.ar\/wp-content\/uploads\/2026\/03\/cine.jpg",150,61,false],"full":["https:\/\/agencia.unq.edu.ar\/wp-content\/uploads\/2026\/03\/cine.jpg",1040,420,false]},"categories_names":{"16":{"name":"Noticia destacada","link":"https:\/\/agencia.unq.edu.ar\/?cat=16"},"363":{"name":"Sociedad","link":"https:\/\/agencia.unq.edu.ar\/?cat=363"}},"tags_names":{"908":{"name":"Golpe: 50 a\u00f1os","link":"https:\/\/agencia.unq.edu.ar\/?tag=golpe-50-anos"}},"comments_number":"0","_links":{"self":[{"href":"https:\/\/agencia.unq.edu.ar\/index.php?rest_route=\/wp\/v2\/posts\/34521","targetHints":{"allow":["GET"]}}],"collection":[{"href":"https:\/\/agencia.unq.edu.ar\/index.php?rest_route=\/wp\/v2\/posts"}],"about":[{"href":"https:\/\/agencia.unq.edu.ar\/index.php?rest_route=\/wp\/v2\/types\/post"}],"author":[{"embeddable":true,"href":"https:\/\/agencia.unq.edu.ar\/index.php?rest_route=\/wp\/v2\/users\/9"}],"replies":[{"embeddable":true,"href":"https:\/\/agencia.unq.edu.ar\/index.php?rest_route=%2Fwp%2Fv2%2Fcomments&post=34521"}],"version-history":[{"count":2,"href":"https:\/\/agencia.unq.edu.ar\/index.php?rest_route=\/wp\/v2\/posts\/34521\/revisions"}],"predecessor-version":[{"id":34527,"href":"https:\/\/agencia.unq.edu.ar\/index.php?rest_route=\/wp\/v2\/posts\/34521\/revisions\/34527"}],"wp:featuredmedia":[{"embeddable":true,"href":"https:\/\/agencia.unq.edu.ar\/index.php?rest_route=\/wp\/v2\/media\/34523"}],"wp:attachment":[{"href":"https:\/\/agencia.unq.edu.ar\/index.php?rest_route=%2Fwp%2Fv2%2Fmedia&parent=34521"}],"wp:term":[{"taxonomy":"category","embeddable":true,"href":"https:\/\/agencia.unq.edu.ar\/index.php?rest_route=%2Fwp%2Fv2%2Fcategories&post=34521"},{"taxonomy":"post_tag","embeddable":true,"href":"https:\/\/agencia.unq.edu.ar\/index.php?rest_route=%2Fwp%2Fv2%2Ftags&post=34521"}],"curies":[{"name":"wp","href":"https:\/\/api.w.org\/{rel}","templated":true}]}}