{"id":34651,"date":"2026-03-11T12:40:48","date_gmt":"2026-03-11T15:40:48","guid":{"rendered":"https:\/\/agencia.unq.edu.ar\/?p=34651"},"modified":"2026-03-11T18:34:30","modified_gmt":"2026-03-11T21:34:30","slug":"que-opinan-los-docentes-sobre-la-prohibicion-de-los-celulares-en-las-escuelas-de-la-provincia-de-buenos-aires-y-de-caba","status":"publish","type":"post","link":"https:\/\/agencia.unq.edu.ar\/?p=34651","title":{"rendered":"\u00bfQu\u00e9 opinan los docentes sobre la prohibici\u00f3n de los celulares en las escuelas de PBA y CABA?"},"content":{"rendered":"\n<p class=\"wp-embed-aspect-16-9 wp-has-aspect-ratio has-medium-font-size\" id=\"block-e7a9ff36-ee0c-4796-9d2e-1fd69773da3a\">Mientras que ambas lo restringieron en el nivel primario, solo la Ciudad lo extendi\u00f3 al nivel secundario. Sin embargo, hay instituciones bonaerenses que ya toman medidas al respecto.<\/p>\n\n\n\n<figure class=\"wp-block-image aligncenter size-full\" id=\"block-c3ee2a7f-4bf9-43dd-a0f6-8acc1087bdbe\"><img loading=\"lazy\" decoding=\"async\" width=\"1040\" height=\"420\" src=\"https:\/\/agencia.unq.edu.ar\/wp-content\/uploads\/2026\/03\/Celulares-escuelas-CABA-PBA.jpg\" alt=\"Cr\u00e9ditos: 0221.\" class=\"wp-image-34652\"\/><figcaption class=\"wp-element-caption\">Cr\u00e9ditos: 0221.<\/figcaption><\/figure>\n\n\n\n<p class=\"wp-embed-aspect-16-9 wp-has-aspect-ratio\" id=\"block-792ca364-1b8e-4135-8180-b4418ab97e95\">El ciclo lectivo 2026 arranc\u00f3 sin celulares en las escuelas primarias de la provincia de Buenos Aires y de la Ciudad Aut\u00f3noma de Buenos Aires. Si bien hay matices en el caso bonaerense, la medida apunta a recuperar la atenci\u00f3n de los estudiantes y fortalecer la ense\u00f1anza y el aprendizaje. A su vez, est\u00e1 orientada a prevenir el aislamiento en los recreos y restablecer los v\u00ednculos entre los compa\u00f1eros. Mientras que en CABA esta pol\u00edtica tambi\u00e9n se extiende a las escuelas secundarias, en la Provincia no hay una normativa oficial hasta el momento. Lejos de ser un hecho aislado, la regulaci\u00f3n imita el camino que tomaron los principales pa\u00edses de Europa, China, y varios distritos de Estados Unidos. En di\u00e1logo con la <a href=\"https:\/\/agencia.unq.edu.ar\" target=\"_blank\" rel=\"noopener\" title=\"\">Agencia de Noticias Cient\u00edficas de la Universidad Nacional de Quilmes<\/a>, tres docentes cuentan sus experiencias personales y reflexionan sobre la presencia de los tel\u00e9fonos m\u00f3viles en los salones de clase.<\/p>\n\n\n\n<p>\u201c<strong>La decisi\u00f3n de la Provincia y la Ciudad me parecen correctas<\/strong>\u201d, afirma Vanina, docente de escuelas primarias en la zona sur del conurbano bonaerense, con m\u00e1s de 15 a\u00f1os de experiencia. \u201cEl objetivo es evitar distracciones y aumentar la concentraci\u00f3n en el aula para que el aprendizaje sea un ida y vuelta\u201d, explica.&nbsp;<\/p>\n\n\n\n<p>Aunque en las escuelas donde trabaja no es masiva la presencia de tel\u00e9fonos m\u00f3viles, <strong>cada vez es m\u00e1s com\u00fan en los estudiantes de quinto y sexto grado<\/strong>. \u201cLos celulares quedan bien guardados en la direcci\u00f3n. Incluso, las familias deben detallar los motivos por los que los alumnos ingresan al establecimiento con celulares\u201d, resalta.&nbsp;&nbsp;<\/p>\n\n\n\n<p>La normativa oficial de la provincia de Buenos Aires indica que <strong>el uso de los celulares est\u00e1 restringido, excepto que sea por pedido de los profesores<\/strong>, las autoridades, o est\u00e9 \u201cexpresamente incluido\u201d en el Dise\u00f1o Curricular. En el caso del nivel primario en la Ciudad Aut\u00f3noma de Buenos Aires, tampoco pueden utilizarlo en los momentos de recreaci\u00f3n, el comedor y otros espacios.&nbsp;<\/p>\n\n\n\n<h2 class=\"wp-block-heading\">En la Provincia no es tan sencillo<\/h2>\n\n\n\n<p>Mientras que en el nivel primario de CABA los alumnos no pueden llevar el celular a la escuela, en el secundario cada instituci\u00f3n debe elaborar su propio reglamento,<\/p>\n\n\n\n<p> junto a propuestas deportivas y art\u00edsticas para los recreos. Para justificar la decisi\u00f3n, el gobierno porte\u00f1o argument\u00f3 que el 94 por ciento de los estudiantes en el nivel secundario lleva el celular todos los d\u00edas a la escuela. En este aspecto, se\u00f1alaron que <strong>5 de cada 10 alumnos manifiestan que quieren dejar de usar el celular y no pueden<\/strong>.&nbsp;<\/p>\n\n\n\n<p>Pese a que no hay una normativa oficial para los colegios secundarios de la Provincia, el debate sobre qu\u00e9 hacer se repite hace a\u00f1os en las jornadas docentes. Incluso, algunos establecimientos ya tomaron medidas para limitar su uso. En este sentido, <strong>la heterogeneidad de estudiantes, aulas y escuelas que tiene Buenos Aires (un territorio que es 1500 veces m\u00e1s grande que CABA) dificulta la adopci\u00f3n de una medida \u00fanica<\/strong>.<\/p>\n\n\n\n<p class=\"wp-embed-aspect-16-9 wp-has-aspect-ratio\" id=\"block-792ca364-1b8e-4135-8180-b4418ab97e95\">\u201cEn la Provincia ya hay algunas escuelas de nivel secundario que implementaron medidas similares sin que haya una reglamentaci\u00f3n oficial. <strong>No me parece que est\u00e9 mal la prohibici\u00f3n<\/strong>\u201d, cuenta Mart\u00edn, un docente quilme\u00f1o que trabaja en instituciones p\u00fablicas de la localidad.\u00a0\u00a0<\/p>\n\n\n\n<p class=\"wp-embed-aspect-16-9 wp-has-aspect-ratio\" id=\"block-792ca364-1b8e-4135-8180-b4418ab97e95\">Aunque otro docente ve con buenos ojos la prohibici\u00f3n, tambi\u00e9n plantea un dilema sobre la realidad que se vive en diferentes escuelas del conurbano. \u201cTengo una contradicci\u00f3n muy grande, porque se sugiri\u00f3 la posibilidad de que los estudiantes trabajen con inteligencia artificial. Si es como objeto de estudio, podr\u00eda prescindir del uso del celular, pero si es como recurso, es imposible porque en muchas instituciones no hay equipamiento, solo el tel\u00e9fono de los alumnos. A pesar de esto, <strong>creo que la restricci\u00f3n podr\u00eda traer m\u00e1s beneficios que problemas<\/strong>\u201d, reflexiona Juan Pablo, profesor de Comunicaci\u00f3n en escuelas p\u00fablicas de Quilmes.<\/p>\n\n\n\n<div class=\"wp-block-uagb-container uagb-block-e31d8b4a alignwide uagb-is-root-container\">\n<div class=\"wp-block-uagb-advanced-heading uagb-block-fd68d2f2\"><h4 class=\"uagb-heading-text\">\u00daltimas noticias de la secci\u00f3n Sociedad:<\/h4><\/div>\n\n\n\n\t\t\t<div class=\"wp-block-uagb-post-carousel uagb-post-grid  uagb-post__image-position-top uagb-post__image-enabled uagb-block-24e22604     uagb-post__arrow-outside uagb-slick-carousel uagb-post__items uagb-post__columns-3 is-carousel uagb-post__columns-tablet-2 uagb-post__columns-mobile-1\" data-total=\"42\" style=\"\">\n\n\t\t\t\t\t\t\t\t\t\t\t\t<article class=\"uagb-post__inner-wrap\">\t\t\t\t\t\t\t\t<div class='uagb-post__image'>\n\t\t\t\t\t\t\t\t\t<a href=\"https:\/\/agencia.unq.edu.ar\/?p=35937\" target=\"_self\" rel=\"bookmark noopener noreferrer\"><img loading=\"lazy\" decoding=\"async\" width=\"960\" height=\"388\" src=\"https:\/\/agencia.unq.edu.ar\/wp-content\/uploads\/2026\/04\/amor-moderno.jpg\" class=\"attachment-medium size-medium\" alt=\"El amor cambi\u00f3 de reglas y ahora convive con m\u00e1s libertad, m\u00e1s dudas y m\u00e1s tecnolog\u00eda. Cr\u00e9dito: Unsplash.\" \/>\t\t\t\t\t<\/a>\n\t\t\t\t\t\t\t\t\t<\/div>\n\t\t\t\t\t\t<h4 class=\"uagb-post__title uagb-post__text\">\n\t\t\t\t<a href=\"https:\/\/agencia.unq.edu.ar\/?p=35937\" target=\"_self\" rel=\"bookmark noopener noreferrer\">Sexo y v\u00ednculos: la ciencia explica qu\u00e9 cambi\u00f3 en el \u00faltimo medio siglo<\/a>\n\t\t\t<\/h4>\n\t\t\t\t\t\t<div class='uagb-post__text uagb-post-grid-byline'>\n\t\t\t\t\t\t\t<\/div>\n\t\t\t\n\t\t\t\t\t\t\t\t\t<\/article>\n\t\t\t\t\t\t\t\t\t\t\t\t\t\t\t\t<article class=\"uagb-post__inner-wrap\">\t\t\t\t\t\t\t\t<div class='uagb-post__image'>\n\t\t\t\t\t\t\t\t\t<a href=\"https:\/\/agencia.unq.edu.ar\/?p=35915\" target=\"_self\" rel=\"bookmark noopener noreferrer\"><img loading=\"lazy\" decoding=\"async\" width=\"960\" height=\"388\" src=\"https:\/\/agencia.unq.edu.ar\/wp-content\/uploads\/2026\/04\/estudiantes-liceo-Uruguay.jpg\" class=\"attachment-medium size-medium\" alt=\"3 de 4 estudiantes de nivel secundario en Uruguay tienen ausentismo cr\u00f3nico. Cr\u00e9ditos: portaldeyoung.\" \/>\t\t\t\t\t<\/a>\n\t\t\t\t\t\t\t\t\t<\/div>\n\t\t\t\t\t\t<h4 class=\"uagb-post__title uagb-post__text\">\n\t\t\t\t<a href=\"https:\/\/agencia.unq.edu.ar\/?p=35915\" target=\"_self\" rel=\"bookmark noopener noreferrer\">Un equipo de la UNQ se destaca en el \u00e1mbito internacional y asesorar\u00e1 en educaci\u00f3n al gobierno uruguayo<\/a>\n\t\t\t<\/h4>\n\t\t\t\t\t\t<div class='uagb-post__text uagb-post-grid-byline'>\n\t\t\t\t\t\t\t<\/div>\n\t\t\t\n\t\t\t\t\t\t\t\t\t<\/article>\n\t\t\t\t\t\t\t\t\t\t\t\t\t\t\t\t<article class=\"uagb-post__inner-wrap\">\t\t\t\t\t\t\t\t<div class='uagb-post__image'>\n\t\t\t\t\t\t\t\t\t<a href=\"https:\/\/agencia.unq.edu.ar\/?p=35853\" target=\"_self\" rel=\"bookmark noopener noreferrer\"><img loading=\"lazy\" decoding=\"async\" width=\"960\" height=\"388\" src=\"https:\/\/agencia.unq.edu.ar\/wp-content\/uploads\/2026\/04\/cosecha-soja-argentina.jpg\" class=\"attachment-medium size-medium\" alt=\"Cr\u00e9ditos: InfoCampo.\" \/>\t\t\t\t\t<\/a>\n\t\t\t\t\t\t\t\t\t<\/div>\n\t\t\t\t\t\t<h4 class=\"uagb-post__title uagb-post__text\">\n\t\t\t\t<a href=\"https:\/\/agencia.unq.edu.ar\/?p=35853\" target=\"_self\" rel=\"bookmark noopener noreferrer\">Solo tres cultivos cubren el 76 por ciento de la superficie total cosechada en Argentina<\/a>\n\t\t\t<\/h4>\n\t\t\t\t\t\t<div class='uagb-post__text uagb-post-grid-byline'>\n\t\t\t\t\t\t\t<\/div>\n\t\t\t\n\t\t\t\t\t\t\t\t\t<\/article>\n\t\t\t\t\t\t\t\t\t\t\t\t\t\t\t\t<article class=\"uagb-post__inner-wrap\">\t\t\t\t\t\t\t\t<div class='uagb-post__image'>\n\t\t\t\t\t\t\t\t\t<a href=\"https:\/\/agencia.unq.edu.ar\/?p=35695\" target=\"_self\" rel=\"bookmark noopener noreferrer\"><img loading=\"lazy\" decoding=\"async\" width=\"960\" height=\"388\" src=\"https:\/\/agencia.unq.edu.ar\/wp-content\/uploads\/2026\/04\/teletrabajo12.jpg\" class=\"attachment-medium size-medium\" alt=\"El trabajo remoto empieza a mover la aguja de la natalidad. Cr\u00e9ditos: TN online.\" \/>\t\t\t\t\t<\/a>\n\t\t\t\t\t\t\t\t\t<\/div>\n\t\t\t\t\t\t<h4 class=\"uagb-post__title uagb-post__text\">\n\t\t\t\t<a href=\"https:\/\/agencia.unq.edu.ar\/?p=35695\" target=\"_self\" rel=\"bookmark noopener noreferrer\">Home office y beb\u00e9s: por qu\u00e9 la fecundidad sube 14 por ciento en algunas parejas<\/a>\n\t\t\t<\/h4>\n\t\t\t\t\t\t<div class='uagb-post__text uagb-post-grid-byline'>\n\t\t\t\t\t\t\t<\/div>\n\t\t\t\n\t\t\t\t\t\t\t\t\t<\/article>\n\t\t\t\t\t\t\t\t\t\t\t\t\t\t\t\t<article class=\"uagb-post__inner-wrap\">\t\t\t\t\t\t\t\t<div class='uagb-post__image'>\n\t\t\t\t\t\t\t\t\t<a href=\"https:\/\/agencia.unq.edu.ar\/?p=35672\" target=\"_self\" rel=\"bookmark noopener noreferrer\"><img loading=\"lazy\" decoding=\"async\" width=\"960\" height=\"388\" src=\"https:\/\/agencia.unq.edu.ar\/wp-content\/uploads\/2026\/04\/Guia-amenazas-escuelas.jpg\" class=\"attachment-medium size-medium\" alt=\"Una docente frente a sus estudiantes. Cr\u00e9ditos: abc.gob.ar\" \/>\t\t\t\t\t<\/a>\n\t\t\t\t\t\t\t\t\t<\/div>\n\t\t\t\t\t\t<h4 class=\"uagb-post__title uagb-post__text\">\n\t\t\t\t<a href=\"https:\/\/agencia.unq.edu.ar\/?p=35672\" target=\"_self\" rel=\"bookmark noopener noreferrer\">Lanzan una gu\u00eda para actuar ante las amenazas de tiroteos en las escuelas<\/a>\n\t\t\t<\/h4>\n\t\t\t\t\t\t<div class='uagb-post__text uagb-post-grid-byline'>\n\t\t\t\t\t\t\t<\/div>\n\t\t\t\n\t\t\t\t\t\t\t\t\t<\/article>\n\t\t\t\t\t\t\t\t\t\t\t\t\t\t\t\t<article class=\"uagb-post__inner-wrap\">\t\t\t\t\t\t\t\t<div class='uagb-post__image'>\n\t\t\t\t\t\t\t\t\t<a href=\"https:\/\/agencia.unq.edu.ar\/?p=35292\" target=\"_self\" rel=\"bookmark noopener noreferrer\"><img loading=\"lazy\" decoding=\"async\" width=\"960\" height=\"388\" src=\"https:\/\/agencia.unq.edu.ar\/wp-content\/uploads\/2026\/04\/David-Foodphototasty-pescado.jpg\" class=\"attachment-medium size-medium\" alt=\"Las elecciones alimentarias comunican pertenencia, valores y fronteras culturales. Cr\u00e9dito: David Foodphototasty.\" \/>\t\t\t\t\t<\/a>\n\t\t\t\t\t\t\t\t\t<\/div>\n\t\t\t\t\t\t<h4 class=\"uagb-post__title uagb-post__text\">\n\t\t\t\t<a href=\"https:\/\/agencia.unq.edu.ar\/?p=35292\" target=\"_self\" rel=\"bookmark noopener noreferrer\">Dietas religiosas: \u00bfqu\u00e9 revela la ciencia sobre la comida en fechas sagradas?<\/a>\n\t\t\t<\/h4>\n\t\t\t\t\t\t<div class='uagb-post__text uagb-post-grid-byline'>\n\t\t\t\t\t\t\t<\/div>\n\t\t\t\n\t\t\t\t\t\t\t\t\t<\/article>\n\t\t\t\t\t\t\t\t\t\t\t\t\t\t\t\t<article class=\"uagb-post__inner-wrap\">\t\t\t\t\t\t\t\t<div class='uagb-post__image'>\n\t\t\t\t\t\t\t\t\t<a href=\"https:\/\/agencia.unq.edu.ar\/?p=35298\" target=\"_self\" rel=\"bookmark noopener noreferrer\"><img loading=\"lazy\" decoding=\"async\" width=\"960\" height=\"388\" src=\"https:\/\/agencia.unq.edu.ar\/wp-content\/uploads\/2026\/04\/Cementerio-de-Darwin-Malvinas.jpg\" class=\"attachment-medium size-medium\" alt=\"Hasta la fecha se identificaron 121 soldados inhumados en el Cementerio de Darwin. Cr\u00e9ditos: Aviaci\u00f3n Argentina.\" \/>\t\t\t\t\t<\/a>\n\t\t\t\t\t\t\t\t\t<\/div>\n\t\t\t\t\t\t<h4 class=\"uagb-post__title uagb-post__text\">\n\t\t\t\t<a href=\"https:\/\/agencia.unq.edu.ar\/?p=35298\" target=\"_self\" rel=\"bookmark noopener noreferrer\">\u201cGracias a la identificaci\u00f3n de los ca\u00eddos en Malvinas, cambi\u00f3 la forma en que los familiares miraron la muerte\u201d<\/a>\n\t\t\t<\/h4>\n\t\t\t\t\t\t<div class='uagb-post__text uagb-post-grid-byline'>\n\t\t\t\t\t\t\t<\/div>\n\t\t\t\n\t\t\t\t\t\t\t\t\t<\/article>\n\t\t\t\t\t\t\t\t\t\t\t\t\t\t\t\t<article class=\"uagb-post__inner-wrap\">\t\t\t\t\t\t\t\t<div class='uagb-post__image'>\n\t\t\t\t\t\t\t\t\t<a href=\"https:\/\/agencia.unq.edu.ar\/?p=35201\" target=\"_self\" rel=\"bookmark noopener noreferrer\"><img loading=\"lazy\" decoding=\"async\" width=\"960\" height=\"388\" src=\"https:\/\/agencia.unq.edu.ar\/wp-content\/uploads\/2026\/03\/pexels-adultos-mayores.jpg\" class=\"attachment-medium size-medium\" alt=\"La evidencia indica que sensores, apps y recordatorios sirven de apoyo diario, aunque la presencia, la empat\u00eda y la vida en comunidad siguen siendo clave. Cr\u00e9ditos: Pexels.\" \/>\t\t\t\t\t<\/a>\n\t\t\t\t\t\t\t\t\t<\/div>\n\t\t\t\t\t\t<h4 class=\"uagb-post__title uagb-post__text\">\n\t\t\t\t<a href=\"https:\/\/agencia.unq.edu.ar\/?p=35201\" target=\"_self\" rel=\"bookmark noopener noreferrer\">\u00bfPor qu\u00e9 la IA no reemplaza a los cuidadores de adultos mayores?<\/a>\n\t\t\t<\/h4>\n\t\t\t\t\t\t<div class='uagb-post__text uagb-post-grid-byline'>\n\t\t\t\t\t\t\t<\/div>\n\t\t\t\n\t\t\t\t\t\t\t\t\t<\/article>\n\t\t\t\t\t\t\t\t\t\t\t<\/div>\n\t\t\t<\/div>\n","protected":false},"excerpt":{"rendered":"<p>Mientras que ambas lo restringieron en el nivel primario, solo la Ciudad lo extendi\u00f3 al nivel secundario.<\/p>\n","protected":false},"author":6,"featured_media":34652,"comment_status":"closed","ping_status":"closed","sticky":false,"template":"","format":"standard","meta":{"_uag_custom_page_level_css":"","_monsterinsights_skip_tracking":false,"_monsterinsights_sitenote_active":false,"_monsterinsights_sitenote_note":"","_monsterinsights_sitenote_category":0,"site-sidebar-layout":"default","site-content-layout":"","ast-site-content-layout":"default","site-content-style":"default","site-sidebar-style":"default","ast-global-header-display":"","ast-banner-title-visibility":"","ast-main-header-display":"","ast-hfb-above-header-display":"","ast-hfb-below-header-display":"","ast-hfb-mobile-header-display":"","site-post-title":"","ast-breadcrumbs-content":"","ast-featured-img":"","footer-sml-layout":"","ast-disable-related-posts":"","theme-transparent-header-meta":"","adv-header-id-meta":"","stick-header-meta":"","header-above-stick-meta":"","header-main-stick-meta":"","header-below-stick-meta":"","astra-migrate-meta-layouts":"default","ast-page-background-enabled":"default","ast-page-background-meta":{"desktop":{"background-color":"var(--ast-global-color-4)","background-image":"","background-repeat":"repeat","background-position":"center center","background-size":"auto","background-attachment":"scroll","background-type":"","background-media":"","overlay-type":"","overlay-color":"","overlay-opacity":"","overlay-gradient":""},"tablet":{"background-color":"","background-image":"","background-repeat":"repeat","background-position":"center center","background-size":"auto","background-attachment":"scroll","background-type":"","background-media":"","overlay-type":"","overlay-color":"","overlay-opacity":"","overlay-gradient":""},"mobile":{"background-color":"","background-image":"","background-repeat":"repeat","background-position":"center center","background-size":"auto","background-attachment":"scroll","background-type":"","background-media":"","overlay-type":"","overlay-color":"","overlay-opacity":"","overlay-gradient":""}},"ast-content-background-meta":{"desktop":{"background-color":"var(--ast-global-color-5)","background-image":"","background-repeat":"repeat","background-position":"center center","background-size":"auto","background-attachment":"scroll","background-type":"","background-media":"","overlay-type":"","overlay-color":"","overlay-opacity":"","overlay-gradient":""},"tablet":{"background-color":"var(--ast-global-color-5)","background-image":"","background-repeat":"repeat","background-position":"center center","background-size":"auto","background-attachment":"scroll","background-type":"","background-media":"","overlay-type":"","overlay-color":"","overlay-opacity":"","overlay-gradient":""},"mobile":{"background-color":"var(--ast-global-color-5)","background-image":"","background-repeat":"repeat","background-position":"center center","background-size":"auto","background-attachment":"scroll","background-type":"","background-media":"","overlay-type":"","overlay-color":"","overlay-opacity":"","overlay-gradient":""}},"footnotes":""},"categories":[16,363],"tags":[],"class_list":["post-34651","post","type-post","status-publish","format-standard","has-post-thumbnail","hentry","category-noticia-destacada","category-sociedad"],"aioseo_notices":[],"uagb_featured_image_src":{"full":["https:\/\/agencia.unq.edu.ar\/wp-content\/uploads\/2026\/03\/Celulares-escuelas-CABA-PBA.jpg",1040,420,false],"thumbnail":["https:\/\/agencia.unq.edu.ar\/wp-content\/uploads\/2026\/03\/Celulares-escuelas-CABA-PBA.jpg",150,61,false],"medium":["https:\/\/agencia.unq.edu.ar\/wp-content\/uploads\/2026\/03\/Celulares-escuelas-CABA-PBA.jpg",960,388,false],"medium_large":["https:\/\/agencia.unq.edu.ar\/wp-content\/uploads\/2026\/03\/Celulares-escuelas-CABA-PBA.jpg",768,310,false],"large":["https:\/\/agencia.unq.edu.ar\/wp-content\/uploads\/2026\/03\/Celulares-escuelas-CABA-PBA.jpg",1040,420,false],"1536x1536":["https:\/\/agencia.unq.edu.ar\/wp-content\/uploads\/2026\/03\/Celulares-escuelas-CABA-PBA.jpg",1040,420,false],"2048x2048":["https:\/\/agencia.unq.edu.ar\/wp-content\/uploads\/2026\/03\/Celulares-escuelas-CABA-PBA.jpg",1040,420,false]},"uagb_author_info":{"display_name":"Nicol\u00e1s Retamar","author_link":"https:\/\/agencia.unq.edu.ar\/?author=6"},"uagb_comment_info":0,"uagb_excerpt":"Mientras que ambas lo restringieron en el nivel primario, solo la Ciudad lo extendi\u00f3 al nivel secundario.","blog_post_layout_featured_media_urls":{"thumbnail":["https:\/\/agencia.unq.edu.ar\/wp-content\/uploads\/2026\/03\/Celulares-escuelas-CABA-PBA.jpg",150,61,false],"full":["https:\/\/agencia.unq.edu.ar\/wp-content\/uploads\/2026\/03\/Celulares-escuelas-CABA-PBA.jpg",1040,420,false]},"categories_names":{"16":{"name":"Noticia destacada","link":"https:\/\/agencia.unq.edu.ar\/?cat=16"},"363":{"name":"Sociedad","link":"https:\/\/agencia.unq.edu.ar\/?cat=363"}},"tags_names":[],"comments_number":"0","_links":{"self":[{"href":"https:\/\/agencia.unq.edu.ar\/index.php?rest_route=\/wp\/v2\/posts\/34651","targetHints":{"allow":["GET"]}}],"collection":[{"href":"https:\/\/agencia.unq.edu.ar\/index.php?rest_route=\/wp\/v2\/posts"}],"about":[{"href":"https:\/\/agencia.unq.edu.ar\/index.php?rest_route=\/wp\/v2\/types\/post"}],"author":[{"embeddable":true,"href":"https:\/\/agencia.unq.edu.ar\/index.php?rest_route=\/wp\/v2\/users\/6"}],"replies":[{"embeddable":true,"href":"https:\/\/agencia.unq.edu.ar\/index.php?rest_route=%2Fwp%2Fv2%2Fcomments&post=34651"}],"version-history":[{"count":5,"href":"https:\/\/agencia.unq.edu.ar\/index.php?rest_route=\/wp\/v2\/posts\/34651\/revisions"}],"predecessor-version":[{"id":34709,"href":"https:\/\/agencia.unq.edu.ar\/index.php?rest_route=\/wp\/v2\/posts\/34651\/revisions\/34709"}],"wp:featuredmedia":[{"embeddable":true,"href":"https:\/\/agencia.unq.edu.ar\/index.php?rest_route=\/wp\/v2\/media\/34652"}],"wp:attachment":[{"href":"https:\/\/agencia.unq.edu.ar\/index.php?rest_route=%2Fwp%2Fv2%2Fmedia&parent=34651"}],"wp:term":[{"taxonomy":"category","embeddable":true,"href":"https:\/\/agencia.unq.edu.ar\/index.php?rest_route=%2Fwp%2Fv2%2Fcategories&post=34651"},{"taxonomy":"post_tag","embeddable":true,"href":"https:\/\/agencia.unq.edu.ar\/index.php?rest_route=%2Fwp%2Fv2%2Ftags&post=34651"}],"curies":[{"name":"wp","href":"https:\/\/api.w.org\/{rel}","templated":true}]}}