{"id":34655,"date":"2026-03-11T12:53:25","date_gmt":"2026-03-11T15:53:25","guid":{"rendered":"https:\/\/agencia.unq.edu.ar\/?p=34655"},"modified":"2026-03-17T13:13:24","modified_gmt":"2026-03-17T16:13:24","slug":"energia-masculina-y-femenina-los-nuevos-discursos-anticientificos-que-disfrazan-viejos-estereotipos-de-genero","status":"publish","type":"post","link":"https:\/\/agencia.unq.edu.ar\/?p=34655","title":{"rendered":"&#8220;Energ\u00eda masculina y femenina&#8221;: los nuevos discursos anticient\u00edficos que disfrazan viejos estereotipos de g\u00e9nero"},"content":{"rendered":"\n<p class=\"wp-embed-aspect-16-9 wp-has-aspect-ratio has-medium-font-size\" id=\"block-e7a9ff36-ee0c-4796-9d2e-1fd69773da3a\">Aunque no est\u00e1 respaldada por la evidencia cient\u00edfica, esta moda plantea que todas las personas tienen ambas energ\u00edas, pero se potencia una o la otra. La mirada de una investigadora feminista.<\/p>\n\n\n\n<figure class=\"wp-block-image aligncenter size-full\" id=\"block-c3ee2a7f-4bf9-43dd-a0f6-8acc1087bdbe\"><img loading=\"lazy\" decoding=\"async\" width=\"1040\" height=\"420\" src=\"https:\/\/agencia.unq.edu.ar\/wp-content\/uploads\/2026\/03\/iPiccy-img.jpg\" alt=\"Seg\u00fan este discurso, la energ\u00eda femenina est\u00e1 asociada a la intuici\u00f3n, la recepci\u00f3n, el cuidado, la empat\u00eda y la sensibilidad, mientras que la masculina est\u00e1 relacionada con el liderazgo, la proveedur\u00eda, la acci\u00f3n y la l\u00f3gica. Cr\u00e9ditos: La Vanguardia.\" class=\"wp-image-34663\"\/><figcaption class=\"wp-element-caption\">Seg\u00fan esta moda que no tiene respaldo cient\u00edfico, la energ\u00eda femenina est\u00e1 asociada a la intuici\u00f3n, el cuidado y la sensibilidad, mientras que la masculina est\u00e1 relacionada con el liderazgo, la proveedur\u00eda, la acci\u00f3n y la l\u00f3gica. Cr\u00e9ditos: La Vanguardia.<\/figcaption><\/figure>\n\n\n\n<p class=\"wp-embed-aspect-16-9 wp-has-aspect-ratio\" id=\"block-792ca364-1b8e-4135-8180-b4418ab97e95\">En las redes sociales abundan videos que hablan sobre las supuestas energ\u00edas femeninas y masculinas. Este discurso, que no est\u00e1 respaldado por la evidencia cient\u00edfica, plantea que todas las personas tienen ambas energ\u00edas pero potencian una o la otra seg\u00fan el tipo de personalidad que tengan. As\u00ed, la energ\u00eda femenina est\u00e1 asociada a la intuici\u00f3n, la recepci\u00f3n, el autocuidado, la empat\u00eda y la sensibilidad, mientras que la masculina est\u00e1 relacionada con el liderazgo, la proveedur\u00eda, la acci\u00f3n y la l\u00f3gica. Este discurso sostiene que es necesario el equilibrio entre ambas para vivir en armon\u00eda. Sin embargo, si se mira m\u00e1s all\u00e1, estos conceptos reproducen los hist\u00f3ricos estereotipos de g\u00e9nero al perpetuar las ideas de lo que est\u00e1 familiarizado con hombres y mujeres.<\/p>\n\n\n\n<p>En di\u00e1logo con la <a href=\"https:\/\/agencia.unq.edu.ar\/\" target=\"_blank\" rel=\"noopener\" title=\"\">Agencia de Noticias Cient\u00edficas<\/a>, <strong>Ludmila Fern\u00e1ndez<\/strong>, comunicadora social de la UNQ y mag\u00edster en Estudios de G\u00e9nero, Identidades y Ciudadan\u00eda por la Universidad de C\u00e1diz, afirma: \u201cSin ponernos conspiranoicas tambi\u00e9n, <strong>desde 2020 a esta parte se est\u00e1n dando en redes sociales una serie de discursos que parecen orquestados y que son revivals de otras \u00e9pocas<\/strong>. En este caso, se encasilla a los estereotipos de siempre bajo la idea de energ\u00edas\u201d.&nbsp;<\/p>\n\n\n\n<p>As\u00ed, los creadores y creadoras de contenido<strong> explican, a trav\u00e9s de un discurso de autoconocimiento y crecimiento personal, que estas nociones de energ\u00edas van m\u00e1s all\u00e1 de los g\u00e9neros<\/strong>. Por ejemplo, la influencer chilena Bea Bravo, que posee casi 400 mil seguidores, detalla en un video que \u201cesta idea proviene de la filosof\u00eda china y de un mont\u00f3n de otras filosof\u00edas (&#8230;) y no es una idea de perpetuar los roles de g\u00e9nero, sino que se reconoce que todas las personas tenemos ambas energ\u00edas y estas deben encontrarse en equilibrio para que todo funcione bien\u201d.&nbsp;Acto seguido, describe a la<strong> energ\u00eda masculina como \u201cel que hace, el que piensa, el que planea<\/strong>. Es la posici\u00f3n de ir hacia delante, crear tu imperio, proveer. Mientras que la e<strong>nerg\u00eda femenina se trata mucho m\u00e1s de recibir, de amar, de aprender a sentir y ser vulnerables<\/strong>\u201d. <\/p>\n\n\n\n<p>Fern\u00e1ndez L\u00f3pez discute: \u201c<strong>No es inocente esa forma de hablar<\/strong>. Seg\u00fan este discurso, todos podemos tener las dos cosas, pero es muy probable que<strong> si una persona se define como mujer en su identidad se incline m\u00e1s por seguir el gui\u00f3n de la supuesta energ\u00eda femenina que reproduce los estereotipos de siempre. <\/strong>Ahora bien, si supuestamente no tiene nada que ver con los g\u00e9neros,<strong> \u00bfpor qu\u00e9 no la llaman \u2018energ\u00eda chocolate\u2019 y \u2018energ\u00eda vainilla\u2019?\u201d.<\/strong><\/p>\n\n\n\n<p>El discurso de las supuestas energ\u00edas convive con otros en internet donde se disfrazan los roles de g\u00e9nero, como el de las <strong>tradwife <\/strong>o el de las <strong>\u201cmujeres y hombres de alto valor\u201d<\/strong>. El primero refiere a la traditional wife o esposa tradicional. Es una tendencia que se expandi\u00f3 en las redes sociales Tik Tok, Instagram y Youtube, donde las <strong>mujeres prefieren el rol tradicional de esposa, madre y ama de casa y los hombres se dedican a actividades por fuera del hogar<\/strong> y llegan a descansar y ser atendidos por ellas.<\/p>\n\n\n\n<p><strong>El de las mujeres y hombres de alto valor alude a c\u00f3mo no perder la feminidad y la masculinidad de cada uno<\/strong>. Ellos les hablan a sus pares sobre c\u00f3mo cultivar su \u2018energ\u00eda masculina\u2019, su liderazgo, su dinero y c\u00f3mo no masturbarse para conservar la fortaleza. Ellas hablan entre ellas sobre ser m\u00e1s emocionales, menos exigentes, enfocarse en su pareja y familia y c\u00f3mo no acostarse con muchos hombres o mantenerse \u201cvirgen\u201d para no ser menos femenina.<\/p>\n\n\n\n<p>De esta manera, el patriarcado se adapta a las nuevas reglas y vuelve con fuerza bajo otros nombres. En relaci\u00f3n a esto, la integrante de la Organizaci\u00f3n Internacional Feminista y docente del Diploma de Posgrado en G\u00e9neros, Feminismos y Derechos Humanos, <strong>Victoria Obreg\u00f3n,<\/strong> ya hab\u00eda afirmado a la <a href=\"https:\/\/agencia.unq.edu.ar\/\" target=\"_blank\" rel=\"noopener\" title=\"\">Agencia de Noticias Cient\u00edficas<\/a> que este tipo de contenido digital es tendencia porque \u201cresponde a un orden mundial que se est\u00e1 dando en el que avanzan las ultraderechas y los sectores religiosos y <strong>buscan instaurar un nuevo orden con un patriarcado capitalista de los a\u00f1os sesenta<\/strong>\u201d.<\/p>\n\n\n\n<p class=\"wp-embed-aspect-16-9 wp-has-aspect-ratio\" id=\"block-792ca364-1b8e-4135-8180-b4418ab97e95\">Fern\u00e1ndez L\u00f3pez agrega: \u201cEstamos en un momento en que estamos vulnerabilizados y empobrecidos.<strong> Al capitalismo patriarcal le sirve que nos peleemos entre nosotros y nosotras, discutamos estas cosas y nos queramos pisar la cabeza.<\/strong> Nos peleamos entre pobres, como el polic\u00eda con el trabajador o entre los compa\u00f1eros de clase, mientras los pibes tienen problemas de ludopat\u00eda y las pibas son desvestidas con IA por sus compa\u00f1eros y son usadas para hacer videos pornogr\u00e1ficos. As\u00ed, se sigue reproduciendo violencia en los distintos niveles\u201d.<\/p>\n\n\n\n<div class=\"wp-block-uagb-container uagb-block-e31d8b4a alignwide uagb-is-root-container\">\n<div class=\"wp-block-uagb-advanced-heading uagb-block-fd68d2f2\"><h4 class=\"uagb-heading-text\">\u00daltimas noticias de la secci\u00f3n Sociedad:<\/h4><\/div>\n\n\n\n\t\t\t<div class=\"wp-block-uagb-post-carousel uagb-post-grid  uagb-post__image-position-top uagb-post__image-enabled uagb-block-24e22604     uagb-post__arrow-outside uagb-slick-carousel uagb-post__items uagb-post__columns-3 is-carousel uagb-post__columns-tablet-2 uagb-post__columns-mobile-1\" data-total=\"42\" style=\"\">\n\n\t\t\t\t\t\t\t\t\t\t\t\t<article class=\"uagb-post__inner-wrap\">\t\t\t\t\t\t\t\t<div class='uagb-post__image'>\n\t\t\t\t\t\t\t\t\t<a href=\"https:\/\/agencia.unq.edu.ar\/?p=35937\" target=\"_self\" rel=\"bookmark noopener noreferrer\"><img loading=\"lazy\" decoding=\"async\" width=\"960\" height=\"388\" src=\"https:\/\/agencia.unq.edu.ar\/wp-content\/uploads\/2026\/04\/amor-moderno.jpg\" class=\"attachment-medium size-medium\" alt=\"El amor cambi\u00f3 de reglas y ahora convive con m\u00e1s libertad, m\u00e1s dudas y m\u00e1s tecnolog\u00eda. Cr\u00e9dito: Unsplash.\" \/>\t\t\t\t\t<\/a>\n\t\t\t\t\t\t\t\t\t<\/div>\n\t\t\t\t\t\t<h4 class=\"uagb-post__title uagb-post__text\">\n\t\t\t\t<a href=\"https:\/\/agencia.unq.edu.ar\/?p=35937\" target=\"_self\" rel=\"bookmark noopener noreferrer\">Sexo y v\u00ednculos: la ciencia explica qu\u00e9 cambi\u00f3 en el \u00faltimo medio siglo<\/a>\n\t\t\t<\/h4>\n\t\t\t\t\t\t<div class='uagb-post__text uagb-post-grid-byline'>\n\t\t\t\t\t\t\t<\/div>\n\t\t\t\n\t\t\t\t\t\t\t\t\t<\/article>\n\t\t\t\t\t\t\t\t\t\t\t\t\t\t\t\t<article class=\"uagb-post__inner-wrap\">\t\t\t\t\t\t\t\t<div class='uagb-post__image'>\n\t\t\t\t\t\t\t\t\t<a href=\"https:\/\/agencia.unq.edu.ar\/?p=35915\" target=\"_self\" rel=\"bookmark noopener noreferrer\"><img loading=\"lazy\" decoding=\"async\" width=\"960\" height=\"388\" src=\"https:\/\/agencia.unq.edu.ar\/wp-content\/uploads\/2026\/04\/estudiantes-liceo-Uruguay.jpg\" class=\"attachment-medium size-medium\" alt=\"3 de 4 estudiantes de nivel secundario en Uruguay tienen ausentismo cr\u00f3nico. Cr\u00e9ditos: portaldeyoung.\" \/>\t\t\t\t\t<\/a>\n\t\t\t\t\t\t\t\t\t<\/div>\n\t\t\t\t\t\t<h4 class=\"uagb-post__title uagb-post__text\">\n\t\t\t\t<a href=\"https:\/\/agencia.unq.edu.ar\/?p=35915\" target=\"_self\" rel=\"bookmark noopener noreferrer\">Un equipo de la UNQ se destaca en el \u00e1mbito internacional y asesorar\u00e1 en educaci\u00f3n al gobierno uruguayo<\/a>\n\t\t\t<\/h4>\n\t\t\t\t\t\t<div class='uagb-post__text uagb-post-grid-byline'>\n\t\t\t\t\t\t\t<\/div>\n\t\t\t\n\t\t\t\t\t\t\t\t\t<\/article>\n\t\t\t\t\t\t\t\t\t\t\t\t\t\t\t\t<article class=\"uagb-post__inner-wrap\">\t\t\t\t\t\t\t\t<div class='uagb-post__image'>\n\t\t\t\t\t\t\t\t\t<a href=\"https:\/\/agencia.unq.edu.ar\/?p=35853\" target=\"_self\" rel=\"bookmark noopener noreferrer\"><img loading=\"lazy\" decoding=\"async\" width=\"960\" height=\"388\" src=\"https:\/\/agencia.unq.edu.ar\/wp-content\/uploads\/2026\/04\/cosecha-soja-argentina.jpg\" class=\"attachment-medium size-medium\" alt=\"Cr\u00e9ditos: InfoCampo.\" \/>\t\t\t\t\t<\/a>\n\t\t\t\t\t\t\t\t\t<\/div>\n\t\t\t\t\t\t<h4 class=\"uagb-post__title uagb-post__text\">\n\t\t\t\t<a href=\"https:\/\/agencia.unq.edu.ar\/?p=35853\" target=\"_self\" rel=\"bookmark noopener noreferrer\">Solo tres cultivos cubren el 76 por ciento de la superficie total cosechada en Argentina<\/a>\n\t\t\t<\/h4>\n\t\t\t\t\t\t<div class='uagb-post__text uagb-post-grid-byline'>\n\t\t\t\t\t\t\t<\/div>\n\t\t\t\n\t\t\t\t\t\t\t\t\t<\/article>\n\t\t\t\t\t\t\t\t\t\t\t\t\t\t\t\t<article class=\"uagb-post__inner-wrap\">\t\t\t\t\t\t\t\t<div class='uagb-post__image'>\n\t\t\t\t\t\t\t\t\t<a href=\"https:\/\/agencia.unq.edu.ar\/?p=35695\" target=\"_self\" rel=\"bookmark noopener noreferrer\"><img loading=\"lazy\" decoding=\"async\" width=\"960\" height=\"388\" src=\"https:\/\/agencia.unq.edu.ar\/wp-content\/uploads\/2026\/04\/teletrabajo12.jpg\" class=\"attachment-medium size-medium\" alt=\"El trabajo remoto empieza a mover la aguja de la natalidad. Cr\u00e9ditos: TN online.\" \/>\t\t\t\t\t<\/a>\n\t\t\t\t\t\t\t\t\t<\/div>\n\t\t\t\t\t\t<h4 class=\"uagb-post__title uagb-post__text\">\n\t\t\t\t<a href=\"https:\/\/agencia.unq.edu.ar\/?p=35695\" target=\"_self\" rel=\"bookmark noopener noreferrer\">Home office y beb\u00e9s: por qu\u00e9 la fecundidad sube 14 por ciento en algunas parejas<\/a>\n\t\t\t<\/h4>\n\t\t\t\t\t\t<div class='uagb-post__text uagb-post-grid-byline'>\n\t\t\t\t\t\t\t<\/div>\n\t\t\t\n\t\t\t\t\t\t\t\t\t<\/article>\n\t\t\t\t\t\t\t\t\t\t\t\t\t\t\t\t<article class=\"uagb-post__inner-wrap\">\t\t\t\t\t\t\t\t<div class='uagb-post__image'>\n\t\t\t\t\t\t\t\t\t<a href=\"https:\/\/agencia.unq.edu.ar\/?p=35672\" target=\"_self\" rel=\"bookmark noopener noreferrer\"><img loading=\"lazy\" decoding=\"async\" width=\"960\" height=\"388\" src=\"https:\/\/agencia.unq.edu.ar\/wp-content\/uploads\/2026\/04\/Guia-amenazas-escuelas.jpg\" class=\"attachment-medium size-medium\" alt=\"Una docente frente a sus estudiantes. Cr\u00e9ditos: abc.gob.ar\" \/>\t\t\t\t\t<\/a>\n\t\t\t\t\t\t\t\t\t<\/div>\n\t\t\t\t\t\t<h4 class=\"uagb-post__title uagb-post__text\">\n\t\t\t\t<a href=\"https:\/\/agencia.unq.edu.ar\/?p=35672\" target=\"_self\" rel=\"bookmark noopener noreferrer\">Lanzan una gu\u00eda para actuar ante las amenazas de tiroteos en las escuelas<\/a>\n\t\t\t<\/h4>\n\t\t\t\t\t\t<div class='uagb-post__text uagb-post-grid-byline'>\n\t\t\t\t\t\t\t<\/div>\n\t\t\t\n\t\t\t\t\t\t\t\t\t<\/article>\n\t\t\t\t\t\t\t\t\t\t\t\t\t\t\t\t<article class=\"uagb-post__inner-wrap\">\t\t\t\t\t\t\t\t<div class='uagb-post__image'>\n\t\t\t\t\t\t\t\t\t<a href=\"https:\/\/agencia.unq.edu.ar\/?p=35292\" target=\"_self\" rel=\"bookmark noopener noreferrer\"><img loading=\"lazy\" decoding=\"async\" width=\"960\" height=\"388\" src=\"https:\/\/agencia.unq.edu.ar\/wp-content\/uploads\/2026\/04\/David-Foodphototasty-pescado.jpg\" class=\"attachment-medium size-medium\" alt=\"Las elecciones alimentarias comunican pertenencia, valores y fronteras culturales. Cr\u00e9dito: David Foodphototasty.\" \/>\t\t\t\t\t<\/a>\n\t\t\t\t\t\t\t\t\t<\/div>\n\t\t\t\t\t\t<h4 class=\"uagb-post__title uagb-post__text\">\n\t\t\t\t<a href=\"https:\/\/agencia.unq.edu.ar\/?p=35292\" target=\"_self\" rel=\"bookmark noopener noreferrer\">Dietas religiosas: \u00bfqu\u00e9 revela la ciencia sobre la comida en fechas sagradas?<\/a>\n\t\t\t<\/h4>\n\t\t\t\t\t\t<div class='uagb-post__text uagb-post-grid-byline'>\n\t\t\t\t\t\t\t<\/div>\n\t\t\t\n\t\t\t\t\t\t\t\t\t<\/article>\n\t\t\t\t\t\t\t\t\t\t\t\t\t\t\t\t<article class=\"uagb-post__inner-wrap\">\t\t\t\t\t\t\t\t<div class='uagb-post__image'>\n\t\t\t\t\t\t\t\t\t<a href=\"https:\/\/agencia.unq.edu.ar\/?p=35298\" target=\"_self\" rel=\"bookmark noopener noreferrer\"><img loading=\"lazy\" decoding=\"async\" width=\"960\" height=\"388\" src=\"https:\/\/agencia.unq.edu.ar\/wp-content\/uploads\/2026\/04\/Cementerio-de-Darwin-Malvinas.jpg\" class=\"attachment-medium size-medium\" alt=\"Hasta la fecha se identificaron 121 soldados inhumados en el Cementerio de Darwin. Cr\u00e9ditos: Aviaci\u00f3n Argentina.\" \/>\t\t\t\t\t<\/a>\n\t\t\t\t\t\t\t\t\t<\/div>\n\t\t\t\t\t\t<h4 class=\"uagb-post__title uagb-post__text\">\n\t\t\t\t<a href=\"https:\/\/agencia.unq.edu.ar\/?p=35298\" target=\"_self\" rel=\"bookmark noopener noreferrer\">\u201cGracias a la identificaci\u00f3n de los ca\u00eddos en Malvinas, cambi\u00f3 la forma en que los familiares miraron la muerte\u201d<\/a>\n\t\t\t<\/h4>\n\t\t\t\t\t\t<div class='uagb-post__text uagb-post-grid-byline'>\n\t\t\t\t\t\t\t<\/div>\n\t\t\t\n\t\t\t\t\t\t\t\t\t<\/article>\n\t\t\t\t\t\t\t\t\t\t\t\t\t\t\t\t<article class=\"uagb-post__inner-wrap\">\t\t\t\t\t\t\t\t<div class='uagb-post__image'>\n\t\t\t\t\t\t\t\t\t<a href=\"https:\/\/agencia.unq.edu.ar\/?p=35201\" target=\"_self\" rel=\"bookmark noopener noreferrer\"><img loading=\"lazy\" decoding=\"async\" width=\"960\" height=\"388\" src=\"https:\/\/agencia.unq.edu.ar\/wp-content\/uploads\/2026\/03\/pexels-adultos-mayores.jpg\" class=\"attachment-medium size-medium\" alt=\"La evidencia indica que sensores, apps y recordatorios sirven de apoyo diario, aunque la presencia, la empat\u00eda y la vida en comunidad siguen siendo clave. Cr\u00e9ditos: Pexels.\" \/>\t\t\t\t\t<\/a>\n\t\t\t\t\t\t\t\t\t<\/div>\n\t\t\t\t\t\t<h4 class=\"uagb-post__title uagb-post__text\">\n\t\t\t\t<a href=\"https:\/\/agencia.unq.edu.ar\/?p=35201\" target=\"_self\" rel=\"bookmark noopener noreferrer\">\u00bfPor qu\u00e9 la IA no reemplaza a los cuidadores de adultos mayores?<\/a>\n\t\t\t<\/h4>\n\t\t\t\t\t\t<div class='uagb-post__text uagb-post-grid-byline'>\n\t\t\t\t\t\t\t<\/div>\n\t\t\t\n\t\t\t\t\t\t\t\t\t<\/article>\n\t\t\t\t\t\t\t\t\t\t\t<\/div>\n\t\t\t<\/div>\n\n\n\n<div class=\"wp-block-uagb-advanced-heading uagb-block-e15993cc\"><h2 class=\"uagb-heading-text\">Your Attractive Heading<\/h2><\/div>\n","protected":false},"excerpt":{"rendered":"<p>Aunque no est\u00e1 respaldada por la evidencia cient\u00edfica, esta moda plantea que todas las personas tienen ambas energ\u00edas, pero se potencia una o la otra. <\/p>\n","protected":false},"author":4,"featured_media":34663,"comment_status":"closed","ping_status":"closed","sticky":false,"template":"","format":"standard","meta":{"_uag_custom_page_level_css":"","_monsterinsights_skip_tracking":false,"_monsterinsights_sitenote_active":false,"_monsterinsights_sitenote_note":"","_monsterinsights_sitenote_category":0,"site-sidebar-layout":"default","site-content-layout":"","ast-site-content-layout":"default","site-content-style":"default","site-sidebar-style":"default","ast-global-header-display":"","ast-banner-title-visibility":"","ast-main-header-display":"","ast-hfb-above-header-display":"","ast-hfb-below-header-display":"","ast-hfb-mobile-header-display":"","site-post-title":"","ast-breadcrumbs-content":"","ast-featured-img":"","footer-sml-layout":"","ast-disable-related-posts":"","theme-transparent-header-meta":"","adv-header-id-meta":"","stick-header-meta":"","header-above-stick-meta":"","header-main-stick-meta":"","header-below-stick-meta":"","astra-migrate-meta-layouts":"default","ast-page-background-enabled":"default","ast-page-background-meta":{"desktop":{"background-color":"var(--ast-global-color-4)","background-image":"","background-repeat":"repeat","background-position":"center center","background-size":"auto","background-attachment":"scroll","background-type":"","background-media":"","overlay-type":"","overlay-color":"","overlay-opacity":"","overlay-gradient":""},"tablet":{"background-color":"","background-image":"","background-repeat":"repeat","background-position":"center center","background-size":"auto","background-attachment":"scroll","background-type":"","background-media":"","overlay-type":"","overlay-color":"","overlay-opacity":"","overlay-gradient":""},"mobile":{"background-color":"","background-image":"","background-repeat":"repeat","background-position":"center center","background-size":"auto","background-attachment":"scroll","background-type":"","background-media":"","overlay-type":"","overlay-color":"","overlay-opacity":"","overlay-gradient":""}},"ast-content-background-meta":{"desktop":{"background-color":"var(--ast-global-color-5)","background-image":"","background-repeat":"repeat","background-position":"center center","background-size":"auto","background-attachment":"scroll","background-type":"","background-media":"","overlay-type":"","overlay-color":"","overlay-opacity":"","overlay-gradient":""},"tablet":{"background-color":"var(--ast-global-color-5)","background-image":"","background-repeat":"repeat","background-position":"center center","background-size":"auto","background-attachment":"scroll","background-type":"","background-media":"","overlay-type":"","overlay-color":"","overlay-opacity":"","overlay-gradient":""},"mobile":{"background-color":"var(--ast-global-color-5)","background-image":"","background-repeat":"repeat","background-position":"center center","background-size":"auto","background-attachment":"scroll","background-type":"","background-media":"","overlay-type":"","overlay-color":"","overlay-opacity":"","overlay-gradient":""}},"footnotes":""},"categories":[16,363],"tags":[909],"class_list":["post-34655","post","type-post","status-publish","format-standard","has-post-thumbnail","hentry","category-noticia-destacada","category-sociedad","tag-cultura-digital"],"aioseo_notices":[],"uagb_featured_image_src":{"full":["https:\/\/agencia.unq.edu.ar\/wp-content\/uploads\/2026\/03\/iPiccy-img.jpg",1040,420,false],"thumbnail":["https:\/\/agencia.unq.edu.ar\/wp-content\/uploads\/2026\/03\/iPiccy-img.jpg",150,61,false],"medium":["https:\/\/agencia.unq.edu.ar\/wp-content\/uploads\/2026\/03\/iPiccy-img.jpg",960,388,false],"medium_large":["https:\/\/agencia.unq.edu.ar\/wp-content\/uploads\/2026\/03\/iPiccy-img.jpg",768,310,false],"large":["https:\/\/agencia.unq.edu.ar\/wp-content\/uploads\/2026\/03\/iPiccy-img.jpg",1040,420,false],"1536x1536":["https:\/\/agencia.unq.edu.ar\/wp-content\/uploads\/2026\/03\/iPiccy-img.jpg",1040,420,false],"2048x2048":["https:\/\/agencia.unq.edu.ar\/wp-content\/uploads\/2026\/03\/iPiccy-img.jpg",1040,420,false]},"uagb_author_info":{"display_name":"Luciana Mazzini Puga","author_link":"https:\/\/agencia.unq.edu.ar\/?author=4"},"uagb_comment_info":0,"uagb_excerpt":"Aunque no est\u00e1 respaldada por la evidencia cient\u00edfica, esta moda plantea que todas las personas tienen ambas energ\u00edas, pero se potencia una o la otra.","blog_post_layout_featured_media_urls":{"thumbnail":["https:\/\/agencia.unq.edu.ar\/wp-content\/uploads\/2026\/03\/iPiccy-img.jpg",150,61,false],"full":["https:\/\/agencia.unq.edu.ar\/wp-content\/uploads\/2026\/03\/iPiccy-img.jpg",1040,420,false]},"categories_names":{"16":{"name":"Noticia destacada","link":"https:\/\/agencia.unq.edu.ar\/?cat=16"},"363":{"name":"Sociedad","link":"https:\/\/agencia.unq.edu.ar\/?cat=363"}},"tags_names":{"909":{"name":"Cultura digital","link":"https:\/\/agencia.unq.edu.ar\/?tag=cultura-digital"}},"comments_number":"0","_links":{"self":[{"href":"https:\/\/agencia.unq.edu.ar\/index.php?rest_route=\/wp\/v2\/posts\/34655","targetHints":{"allow":["GET"]}}],"collection":[{"href":"https:\/\/agencia.unq.edu.ar\/index.php?rest_route=\/wp\/v2\/posts"}],"about":[{"href":"https:\/\/agencia.unq.edu.ar\/index.php?rest_route=\/wp\/v2\/types\/post"}],"author":[{"embeddable":true,"href":"https:\/\/agencia.unq.edu.ar\/index.php?rest_route=\/wp\/v2\/users\/4"}],"replies":[{"embeddable":true,"href":"https:\/\/agencia.unq.edu.ar\/index.php?rest_route=%2Fwp%2Fv2%2Fcomments&post=34655"}],"version-history":[{"count":10,"href":"https:\/\/agencia.unq.edu.ar\/index.php?rest_route=\/wp\/v2\/posts\/34655\/revisions"}],"predecessor-version":[{"id":34683,"href":"https:\/\/agencia.unq.edu.ar\/index.php?rest_route=\/wp\/v2\/posts\/34655\/revisions\/34683"}],"wp:featuredmedia":[{"embeddable":true,"href":"https:\/\/agencia.unq.edu.ar\/index.php?rest_route=\/wp\/v2\/media\/34663"}],"wp:attachment":[{"href":"https:\/\/agencia.unq.edu.ar\/index.php?rest_route=%2Fwp%2Fv2%2Fmedia&parent=34655"}],"wp:term":[{"taxonomy":"category","embeddable":true,"href":"https:\/\/agencia.unq.edu.ar\/index.php?rest_route=%2Fwp%2Fv2%2Fcategories&post=34655"},{"taxonomy":"post_tag","embeddable":true,"href":"https:\/\/agencia.unq.edu.ar\/index.php?rest_route=%2Fwp%2Fv2%2Ftags&post=34655"}],"curies":[{"name":"wp","href":"https:\/\/api.w.org\/{rel}","templated":true}]}}