{"id":34723,"date":"2026-03-12T15:03:19","date_gmt":"2026-03-12T18:03:19","guid":{"rendered":"https:\/\/agencia.unq.edu.ar\/?p=34723"},"modified":"2026-03-25T17:23:47","modified_gmt":"2026-03-25T20:23:47","slug":"de-que-se-trata-el-acuerdo-que-firmo-mexico-con-google-meta-y-tik-tok-para-frenar-la-violencia-digital-contra-mujeres","status":"publish","type":"post","link":"https:\/\/agencia.unq.edu.ar\/?p=34723","title":{"rendered":"Violencia digital contra mujeres: \u00bfDe qu\u00e9 se trata el acuerdo que firm\u00f3 M\u00e9xico con Google, Meta y Tik Tok?"},"content":{"rendered":"\n<p class=\"wp-embed-aspect-16-9 wp-has-aspect-ratio has-medium-font-size\" id=\"block-e7a9ff36-ee0c-4796-9d2e-1fd69773da3a\">Incluye acciones de prevenci\u00f3n y atenci\u00f3n de los casos denunciados, como por ejemplo el retiro de contenido \u00edntimo difundido sin consentimiento. Seg\u00fan inform\u00f3 el gobierno, la plataforma X se neg\u00f3 a participar.<\/p>\n\n\n\n<figure class=\"wp-block-image aligncenter size-full\" id=\"block-c3ee2a7f-4bf9-43dd-a0f6-8acc1087bdbe\"><img loading=\"lazy\" decoding=\"async\" width=\"1040\" height=\"420\" src=\"https:\/\/agencia.unq.edu.ar\/wp-content\/uploads\/2026\/03\/acuerdo-Mexico-violencia-digital-1.jpg\" alt=\"Claudia Sheinbaum, presidenta de M\u00e9xico, anuncia un acierdo de colaboraci\u00f3n voluntaria con Meta, TikTok y Google acompa\u00f1ada de funcionarias de gobierno y representantes de las plataformas digitales. Cr\u00e9ditos: Prensa oficial del gobierno de M\u00e9xico.\" class=\"wp-image-34724\"\/><figcaption class=\"wp-element-caption\">Claudia Sheinbaum, presidenta de M\u00e9xico, anuncia un acierdo de colaboraci\u00f3n voluntaria con Meta, TikTok y Google acompa\u00f1ada de funcionarias de gobierno y representantes de las plataformas digitales. Cr\u00e9ditos: Prensa oficial del gobierno de M\u00e9xico.<\/figcaption><\/figure>\n\n\n\n<p class=\"wp-embed-aspect-16-9 wp-has-aspect-ratio\" id=\"block-792ca364-1b8e-4135-8180-b4418ab97e95\">De manera reciente, el gobierno de M\u00e9xico, a trav\u00e9s de la Secretar\u00eda de las Mujeres y la Agencia de Transformaci\u00f3n Digital y Telecomunicaciones, firm\u00f3 un acuerdo con las plataformas Google, Meta y TikTok para combatir la violencia digital contra las mujeres. La medida incluye acciones de prevenci\u00f3n y atenci\u00f3n, como campa\u00f1as para incentivar la denuncia de casos, la generaci\u00f3n de informaci\u00f3n para sensibilizar y el retiro de contenido que incumpla las normas comunitarias. Este acuerdo se anuncia en un contexto donde, seg\u00fan los \u00faltimos datos, m\u00e1s de 18 millones de mexicanos y mexicanas fueron v\u00edctimas de ciberacoso entre 2020 y 2024, de las cuales cerca de 11 millones son mujeres.<\/p>\n\n\n\n<p>Seg\u00fan detallan desde ONU Mujeres, la violencia de g\u00e9nero digital \u2013tambi\u00e9n llamada violencia contra las mujeres y ni\u00f1as facilitada por la tecnolog\u00eda\u2013 es <strong>todo acto que se comete, asiste, agrava o amplifica mediante el uso de las tecnolog\u00edas de la informaci\u00f3n y las comunicaciones u otras herramientas digitales<\/strong>. Estas acciones pueden tener como resultado da\u00f1os f\u00edsicos, sexuales, psicol\u00f3gicos, sociales, pol\u00edticos o econ\u00f3micos, o bien otras violaciones a los derechos y libertades.\u00a0<\/p>\n\n\n\n<p>As\u00ed, <strong>se exacerbaron las formas de violencia de g\u00e9nero que ya exist\u00edan,<\/strong> como el acoso sexual y la suplantaci\u00f3n de identidad, <strong>y se crearon nuevas formas de abuso. <\/strong>Como por ejemplo, la pirater\u00eda inform\u00e1tica, el abuso por alteraci\u00f3n de videos e im\u00e1genes, el ciberacoso,el grooming o el doxeo (revelar intencional y p\u00fablicamente informaci\u00f3n personal de alguien).<\/p>\n\n\n\n<p>En este marco, la presidenta de M\u00e9xico Claudia Sheinbaum firm\u00f3 un <strong>acuerdo con Google (que incluye a YouTube), Meta y TikTok <\/strong>que tiene como objetivo prevenir y atender la violencia digital en contra de mujeres y ni\u00f1as y permite que la Secretar\u00eda de Mujeres est\u00e9 en contacto directo con las plataformas. La titular de la cartera, Citlalli Hern\u00e1ndez Mora, afirm\u00f3 en conferencia de prensa que tambi\u00e9n <strong>fue invitada la empresa Twitter, ahora llamada X, pero se negaron al argumentar que no tienen ninguna oficina en M\u00e9xico<\/strong>. &#8220;Es la red donde m\u00e1s vemos expresadas estas violencias&#8221;, afirm\u00f3.<\/p>\n\n\n\n<p><strong>La estrategia consta de dos fases: la prevenci\u00f3n y la atenci\u00f3n. <\/strong>Respecto a la primera, el convenio establece la revisi\u00f3n conjunta de las normas comunitarias de las plataformas, la implementaci\u00f3n de campa\u00f1as para fomentar una convivencia libre de violencias y tambi\u00e9n para incentivar la realizaci\u00f3n de denuncias. Asimismo, se contempla las <strong>campa\u00f1as para educar a los creadores de contenidos y desnormalizar las agresiones en la red<\/strong>, se generar\u00e1 una cartilla de seguridad digital, y se producir\u00e1 <strong>informaci\u00f3n accesible para sensibilizar a las y los usuarios sobre el uso responsable de tecnolog\u00eda.<\/strong><\/p>\n\n\n\n<p>En cuanto al segundo apartado, se enfoca en dar una <strong>respuesta a los casos de violencia<\/strong>. Esto incluye el <strong>retiro de contenido \u00edntimo no consentido,<\/strong> la cooperaci\u00f3n con autoridades, como la fiscal\u00eda, para la investigaci\u00f3n hacia la atenci\u00f3n a v\u00edctimas, y la creaci\u00f3n de una gu\u00eda para reportar contenido y el uso de herramientas de protecci\u00f3n en las plataformas. Tambi\u00e9n, se desarrollar\u00e1n <strong>nuevas pol\u00edticas accesibles para atender casos de acoso y otras conductas de abuso y odio <\/strong>que afectan a las mujeres y se iniciar\u00e1n mesas de trabajo para establecer una ruta de cooperaci\u00f3n con autoridades, instituciones acad\u00e9micas, expertas en derechos digitales y organizaciones sociales, para <strong>fortalecer la atenci\u00f3n a v\u00edctimas.<\/strong><\/p>\n\n\n\n<figure class=\"wp-block-embed is-type-rich is-provider-twitter wp-block-embed-twitter\"><div class=\"wp-block-embed__wrapper\">\n<blockquote class=\"twitter-tweet\" data-width=\"500\" data-dnt=\"true\"><p lang=\"es\" dir=\"ltr\">Al menos 18.9 millones de personas han sido v\u00edctimas de ciberacoso, de las cuales 10.6 millones son mujeres.<br><br>Ante esta realidad, el <a href=\"https:\/\/twitter.com\/GobiernoMX?ref_src=twsrc%5Etfw\">@GobiernoMX<\/a>, a trav\u00e9s de la <a href=\"https:\/\/twitter.com\/hashtag\/Secretar%C3%ADaDeLasMujeres?src=hash&amp;ref_src=twsrc%5Etfw\">#Secretar\u00edaDeLasMujeres<\/a>, encabezada por <a href=\"https:\/\/twitter.com\/CitlaHM?ref_src=twsrc%5Etfw\">@CitlaHM<\/a>, impulsa un acuerdo de colaboraci\u00f3n con plataformas digitales como\u2026 <a href=\"https:\/\/t.co\/WsRzeda2Su\">pic.twitter.com\/WsRzeda2Su<\/a><\/p>&mdash; Secretar\u00eda de las Mujeres (@mujeresgobmx) <a href=\"https:\/\/twitter.com\/mujeresgobmx\/status\/2031954152595632541?ref_src=twsrc%5Etfw\">March 12, 2026<\/a><\/blockquote><script async src=\"https:\/\/platform.twitter.com\/widgets.js\" charset=\"utf-8\"><\/script>\n<\/div><\/figure>\n\n\n\n<p>En la presentaci\u00f3n, Sheinbaum se\u00f1al\u00f3 que la estrategia se enfoca en atender las causas de la violencia digital a trav\u00e9s de la educaci\u00f3n en igualdad y campa\u00f1as. Por su parte, la secretaria de Mujeres Hern\u00e1ndez Mora apunt\u00f3 que es necesario que la sociedad conozca que <strong>este tipo de violencia est\u00e1 tipificada en M\u00e9xico<\/strong>. \u201cEn caso de ser v\u00edctimas, pueden marcar a l<strong>a L\u00ednea de las Mujeres 079, opci\u00f3n 1<\/strong>, para contar con un primer acompa\u00f1amiento y ser canalizadas a la instancia m\u00e1s pertinente\u201d.<\/p>\n\n\n\n<p class=\"wp-embed-aspect-16-9 wp-has-aspect-ratio\" id=\"block-792ca364-1b8e-4135-8180-b4418ab97e95\">La tipificaci\u00f3n de este tipo de violencia en M\u00e9xico se destaca a\u00fan m\u00e1s si se tiene en cuenta que <strong>menos del 40 por ciento de los pa\u00edses del mundo cuenta con leyes que protejan a las mujeres del ciberacoso<\/strong>, de acuerdo con datos del Banco Mundial difundidos por <a href=\"https:\/\/www.unwomen.org\/es\/noticias\/comunicado-de-prensa\/2025\/11\/la-violencia-digital-se-esta-intensificando-pero-casi-la-mitad-de-las-mujeres-y-ninas-del-mundo-carecen-de-proteccion-juridica-frente-al-abuso-digital\" target=\"_blank\" rel=\"noopener\" title=\"\">ONU Mujeres<\/a>. Esto deja al 44 por ciento de las mujeres y ni\u00f1as del mundo (1.800 millones) sin acceso a protecci\u00f3n jur\u00eddica.<\/p>\n\n\n\n<p class=\"wp-embed-aspect-16-9 wp-has-aspect-ratio\" id=\"block-792ca364-1b8e-4135-8180-b4418ab97e95\">A su vez, otro <a href=\"https:\/\/docs.un.org\/es\/A\/79\/500\" target=\"_blank\" rel=\"noopener\" title=\"\">estudio <\/a>de la ONU plantea que <strong>a nivel mundial la informaci\u00f3n err\u00f3nea y la difamaci\u00f3n son las formas de violencia de g\u00e9nero en l\u00ednea m\u00e1s prevalentes al afectar al 67 por ciento de las mujeres y las ni\u00f1as,<\/strong> seguido por el ciberacoso (66 por ciento), el discurso de odio (65 por ciento), la suplantaci\u00f3n de identidad (63 por ciento), la pirater\u00eda inform\u00e1tica y el acecho (63 por ciento), las estrategias de posverdad (58 por ciento), el abuso basado en im\u00e1genes y videos (57 por ciento), el doxeo (55 por ciento) y las amenazas violentas (52 por ciento).<\/p>\n\n\n\n<div class=\"wp-block-uagb-container uagb-block-e31d8b4a alignwide uagb-is-root-container\">\n<div class=\"wp-block-uagb-advanced-heading uagb-block-49025398\"><h4 class=\"uagb-heading-text\">\u00daltimas noticias de la secci\u00f3n Tecnolog\u00eda:<\/h4><\/div>\n\n\n\n\t\t\t<div class=\"wp-block-uagb-post-carousel uagb-post-grid  uagb-post__image-position-top uagb-post__image-enabled uagb-block-24e22604     uagb-post__arrow-outside uagb-slick-carousel uagb-post__items uagb-post__columns-3 is-carousel uagb-post__columns-tablet-2 uagb-post__columns-mobile-1\" data-total=\"25\" style=\"\">\n\n\t\t\t\t\t\t\t\t\t\t\t\t<article class=\"uagb-post__inner-wrap\">\t\t\t\t\t\t\t\t<div class='uagb-post__image'>\n\t\t\t\t\t\t\t\t\t<a href=\"https:\/\/agencia.unq.edu.ar\/?p=35585\" target=\"_self\" rel=\"bookmark noopener noreferrer\"><img loading=\"lazy\" decoding=\"async\" width=\"960\" height=\"388\" src=\"https:\/\/agencia.unq.edu.ar\/wp-content\/uploads\/2026\/04\/Anthropic.jpg\" class=\"attachment-medium size-medium\" alt=\"Cr\u00e9ditos: Qore.\" \/>\t\t\t\t\t<\/a>\n\t\t\t\t\t\t\t\t\t<\/div>\n\t\t\t\t\t\t<h4 class=\"uagb-post__title uagb-post__text\">\n\t\t\t\t<a href=\"https:\/\/agencia.unq.edu.ar\/?p=35585\" target=\"_self\" rel=\"bookmark noopener noreferrer\">Ciberseguridad: crean una IA que promete combatir cualquier tipo falla inform\u00e1tica<\/a>\n\t\t\t<\/h4>\n\t\t\t\t\t\t<div class='uagb-post__text uagb-post-grid-byline'>\n\t\t\t\t\t\t\t<\/div>\n\t\t\t\n\t\t\t\t\t\t\t\t\t<\/article>\n\t\t\t\t\t\t\t\t\t\t\t\t\t\t\t\t<article class=\"uagb-post__inner-wrap\">\t\t\t\t\t\t\t\t<div class='uagb-post__image'>\n\t\t\t\t\t\t\t\t\t<a href=\"https:\/\/agencia.unq.edu.ar\/?p=35178\" target=\"_self\" rel=\"bookmark noopener noreferrer\"><img loading=\"lazy\" decoding=\"async\" width=\"960\" height=\"388\" src=\"https:\/\/agencia.unq.edu.ar\/wp-content\/uploads\/2024\/11\/Wikipedia.jpg\" class=\"attachment-medium size-medium\" alt=\"Wikipedia aloja art\u00edculos en 339 idiomas y es la enciclopedia m\u00e1s visitada en la web. Cr\u00e9ditos: La Naci\u00f3n.\" \/>\t\t\t\t\t<\/a>\n\t\t\t\t\t\t\t\t\t<\/div>\n\t\t\t\t\t\t<h4 class=\"uagb-post__title uagb-post__text\">\n\t\t\t\t<a href=\"https:\/\/agencia.unq.edu.ar\/?p=35178\" target=\"_self\" rel=\"bookmark noopener noreferrer\">Wikipedia prohibi\u00f3 el uso de la IA para redactar y editar contenido en la enciclopedia<\/a>\n\t\t\t<\/h4>\n\t\t\t\t\t\t<div class='uagb-post__text uagb-post-grid-byline'>\n\t\t\t\t\t\t\t<\/div>\n\t\t\t\n\t\t\t\t\t\t\t\t\t<\/article>\n\t\t\t\t\t\t\t\t\t\t\t\t\t\t\t\t<article class=\"uagb-post__inner-wrap\">\t\t\t\t\t\t\t\t<div class='uagb-post__image'>\n\t\t\t\t\t\t\t\t\t<a href=\"https:\/\/agencia.unq.edu.ar\/?p=34925\" target=\"_self\" rel=\"bookmark noopener noreferrer\"><img loading=\"lazy\" decoding=\"async\" width=\"960\" height=\"388\" src=\"https:\/\/agencia.unq.edu.ar\/wp-content\/uploads\/2026\/03\/pickwizard.jpg\" class=\"attachment-medium size-medium\" alt=\"Cuando el dato entra a la cancha. Cr\u00e9dito: Pikwizard.\" \/>\t\t\t\t\t<\/a>\n\t\t\t\t\t\t\t\t\t<\/div>\n\t\t\t\t\t\t<h4 class=\"uagb-post__title uagb-post__text\">\n\t\t\t\t<a href=\"https:\/\/agencia.unq.edu.ar\/?p=34925\" target=\"_self\" rel=\"bookmark noopener noreferrer\">C\u00f3mo la IA est\u00e1 cambiando el f\u00fatbol dentro y fuera de la cancha<\/a>\n\t\t\t<\/h4>\n\t\t\t\t\t\t<div class='uagb-post__text uagb-post-grid-byline'>\n\t\t\t\t\t\t\t<\/div>\n\t\t\t\n\t\t\t\t\t\t\t\t\t<\/article>\n\t\t\t\t\t\t\t\t\t\t\t\t\t\t\t\t<article class=\"uagb-post__inner-wrap\">\t\t\t\t\t\t\t\t<div class='uagb-post__image'>\n\t\t\t\t\t\t\t\t\t<a href=\"https:\/\/agencia.unq.edu.ar\/?p=34893\" target=\"_self\" rel=\"bookmark noopener noreferrer\"><img loading=\"lazy\" decoding=\"async\" width=\"960\" height=\"388\" src=\"https:\/\/agencia.unq.edu.ar\/wp-content\/uploads\/2026\/03\/Pokemon-GO.jpg\" class=\"attachment-medium size-medium\" alt=\"Cr\u00e9ditos: Pok\u00e9mon GO.\" \/>\t\t\t\t\t<\/a>\n\t\t\t\t\t\t\t\t\t<\/div>\n\t\t\t\t\t\t<h4 class=\"uagb-post__title uagb-post__text\">\n\t\t\t\t<a href=\"https:\/\/agencia.unq.edu.ar\/?p=34893\" target=\"_self\" rel=\"bookmark noopener noreferrer\">Esc\u00e1ndalo Pok\u00e9mon GO: de atrapar criaturas a mapear el mundo para robots de delivery<\/a>\n\t\t\t<\/h4>\n\t\t\t\t\t\t<div class='uagb-post__text uagb-post-grid-byline'>\n\t\t\t\t\t\t\t<\/div>\n\t\t\t\n\t\t\t\t\t\t\t\t\t<\/article>\n\t\t\t\t\t\t\t\t\t\t\t\t\t\t\t\t<article class=\"uagb-post__inner-wrap\">\t\t\t\t\t\t\t\t<div class='uagb-post__image'>\n\t\t\t\t\t\t\t\t\t<a href=\"https:\/\/agencia.unq.edu.ar\/?p=34512\" target=\"_self\" rel=\"bookmark noopener noreferrer\"><img loading=\"lazy\" decoding=\"async\" width=\"960\" height=\"388\" src=\"https:\/\/agencia.unq.edu.ar\/wp-content\/uploads\/2026\/03\/Lumi-7.jpg\" class=\"attachment-medium size-medium\" alt=\"Lumi 7 es la primera cantante argentina creada \u00edntegramente con IA. Cr\u00e9ditos: P\u00e1gina 12.\" \/>\t\t\t\t\t<\/a>\n\t\t\t\t\t\t\t\t\t<\/div>\n\t\t\t\t\t\t<h4 class=\"uagb-post__title uagb-post__text\">\n\t\t\t\t<a href=\"https:\/\/agencia.unq.edu.ar\/?p=34512\" target=\"_self\" rel=\"bookmark noopener noreferrer\">Artistas que no existen: \u00bfc\u00f3mo son los nuevos cantantes de IA que rompen r\u00e9cords en el mundo?<\/a>\n\t\t\t<\/h4>\n\t\t\t\t\t\t<div class='uagb-post__text uagb-post-grid-byline'>\n\t\t\t\t\t\t\t<\/div>\n\t\t\t\n\t\t\t\t\t\t\t\t\t<\/article>\n\t\t\t\t\t\t\t\t\t\t\t\t\t\t\t\t<article class=\"uagb-post__inner-wrap\">\t\t\t\t\t\t\t\t<div class='uagb-post__image'>\n\t\t\t\t\t\t\t\t\t<a href=\"https:\/\/agencia.unq.edu.ar\/?p=34223\" target=\"_self\" rel=\"bookmark noopener noreferrer\"><img loading=\"lazy\" decoding=\"async\" width=\"960\" height=\"388\" src=\"https:\/\/agencia.unq.edu.ar\/wp-content\/uploads\/2026\/02\/UNSL.jpg\" class=\"attachment-medium size-medium\" alt=\"Eliana Gonz\u00e1lez, Sergio Fern\u00e1ndez, Nehuen Herrera, Ana Garis, Lorena Baigorria, Luciana Loyola y Fabrizio Riera crearon NoVa+. Cr\u00e9ditos: Prensa UNSL.\" \/>\t\t\t\t\t<\/a>\n\t\t\t\t\t\t\t\t\t<\/div>\n\t\t\t\t\t\t<h4 class=\"uagb-post__title uagb-post__text\">\n\t\t\t\t<a href=\"https:\/\/agencia.unq.edu.ar\/?p=34223\" target=\"_self\" rel=\"bookmark noopener noreferrer\">Lanzan &#8220;NoVa+&#8221;, un asistente virtual que ayuda a prevenir la ludopat\u00eda y las apuestas online<\/a>\n\t\t\t<\/h4>\n\t\t\t\t\t\t<div class='uagb-post__text uagb-post-grid-byline'>\n\t\t\t\t\t\t\t<\/div>\n\t\t\t\n\t\t\t\t\t\t\t\t\t<\/article>\n\t\t\t\t\t\t\t\t\t\t\t\t\t\t\t\t<article class=\"uagb-post__inner-wrap\">\t\t\t\t\t\t\t\t<div class='uagb-post__image'>\n\t\t\t\t\t\t\t\t\t<a href=\"https:\/\/agencia.unq.edu.ar\/?p=34123\" target=\"_self\" rel=\"bookmark noopener noreferrer\"><img loading=\"lazy\" decoding=\"async\" width=\"960\" height=\"388\" src=\"https:\/\/agencia.unq.edu.ar\/wp-content\/uploads\/2026\/02\/carnaval.png\" class=\"attachment-medium size-medium\" alt=\"De la lentejuela al dato: el nuevo mapa tecnol\u00f3gico de la fiesta. Cr\u00e9dito: Globalvoices.\" \/>\t\t\t\t\t<\/a>\n\t\t\t\t\t\t\t\t\t<\/div>\n\t\t\t\t\t\t<h4 class=\"uagb-post__title uagb-post__text\">\n\t\t\t\t<a href=\"https:\/\/agencia.unq.edu.ar\/?p=34123\" target=\"_self\" rel=\"bookmark noopener noreferrer\">Carnaval 4.0: c\u00f3mo la inteligencia artificial, los drones y el streaming cambian la fiesta popular<\/a>\n\t\t\t<\/h4>\n\t\t\t\t\t\t<div class='uagb-post__text uagb-post-grid-byline'>\n\t\t\t\t\t\t\t<\/div>\n\t\t\t\n\t\t\t\t\t\t\t\t\t<\/article>\n\t\t\t\t\t\t\t\t\t\t\t\t\t\t\t\t<article class=\"uagb-post__inner-wrap\">\t\t\t\t\t\t\t\t<div class='uagb-post__image'>\n\t\t\t\t\t\t\t\t\t<a href=\"https:\/\/agencia.unq.edu.ar\/?p=34047\" target=\"_self\" rel=\"bookmark noopener noreferrer\"><img loading=\"lazy\" decoding=\"async\" width=\"960\" height=\"388\" src=\"https:\/\/agencia.unq.edu.ar\/wp-content\/uploads\/2026\/02\/Latam-GPT-Gabriel-Boric.jpg\" class=\"attachment-medium size-medium\" alt=\"Gabriel Boric y funcionarios chilenos durante el lanzamiento de Latam GPT. Cr\u00e9ditos: Minciencia.gob.cl\" \/>\t\t\t\t\t<\/a>\n\t\t\t\t\t\t\t\t\t<\/div>\n\t\t\t\t\t\t<h4 class=\"uagb-post__title uagb-post__text\">\n\t\t\t\t<a href=\"https:\/\/agencia.unq.edu.ar\/?p=34047\" target=\"_self\" rel=\"bookmark noopener noreferrer\">Chile present\u00f3 a Latam GPT, la primera inteligencia artificial latinoamericana<\/a>\n\t\t\t<\/h4>\n\t\t\t\t\t\t<div class='uagb-post__text uagb-post-grid-byline'>\n\t\t\t\t\t\t\t<\/div>\n\t\t\t\n\t\t\t\t\t\t\t\t\t<\/article>\n\t\t\t\t\t\t\t\t\t\t\t<\/div>\n\t\t\t<\/div>\n","protected":false},"excerpt":{"rendered":"<p>Incluye el retiro de contenido \u00edntimo difundido sin consentimiento.<\/p>\n","protected":false},"author":4,"featured_media":34724,"comment_status":"closed","ping_status":"closed","sticky":false,"template":"","format":"standard","meta":{"_uag_custom_page_level_css":"","_monsterinsights_skip_tracking":false,"_monsterinsights_sitenote_active":false,"_monsterinsights_sitenote_note":"","_monsterinsights_sitenote_category":0,"site-sidebar-layout":"default","site-content-layout":"","ast-site-content-layout":"default","site-content-style":"default","site-sidebar-style":"default","ast-global-header-display":"","ast-banner-title-visibility":"","ast-main-header-display":"","ast-hfb-above-header-display":"","ast-hfb-below-header-display":"","ast-hfb-mobile-header-display":"","site-post-title":"","ast-breadcrumbs-content":"","ast-featured-img":"","footer-sml-layout":"","ast-disable-related-posts":"","theme-transparent-header-meta":"","adv-header-id-meta":"","stick-header-meta":"","header-above-stick-meta":"","header-main-stick-meta":"","header-below-stick-meta":"","astra-migrate-meta-layouts":"default","ast-page-background-enabled":"default","ast-page-background-meta":{"desktop":{"background-color":"var(--ast-global-color-4)","background-image":"","background-repeat":"repeat","background-position":"center center","background-size":"auto","background-attachment":"scroll","background-type":"","background-media":"","overlay-type":"","overlay-color":"","overlay-opacity":"","overlay-gradient":""},"tablet":{"background-color":"","background-image":"","background-repeat":"repeat","background-position":"center center","background-size":"auto","background-attachment":"scroll","background-type":"","background-media":"","overlay-type":"","overlay-color":"","overlay-opacity":"","overlay-gradient":""},"mobile":{"background-color":"","background-image":"","background-repeat":"repeat","background-position":"center center","background-size":"auto","background-attachment":"scroll","background-type":"","background-media":"","overlay-type":"","overlay-color":"","overlay-opacity":"","overlay-gradient":""}},"ast-content-background-meta":{"desktop":{"background-color":"var(--ast-global-color-5)","background-image":"","background-repeat":"repeat","background-position":"center center","background-size":"auto","background-attachment":"scroll","background-type":"","background-media":"","overlay-type":"","overlay-color":"","overlay-opacity":"","overlay-gradient":""},"tablet":{"background-color":"var(--ast-global-color-5)","background-image":"","background-repeat":"repeat","background-position":"center center","background-size":"auto","background-attachment":"scroll","background-type":"","background-media":"","overlay-type":"","overlay-color":"","overlay-opacity":"","overlay-gradient":""},"mobile":{"background-color":"var(--ast-global-color-5)","background-image":"","background-repeat":"repeat","background-position":"center center","background-size":"auto","background-attachment":"scroll","background-type":"","background-media":"","overlay-type":"","overlay-color":"","overlay-opacity":"","overlay-gradient":""}},"footnotes":""},"categories":[16,15],"tags":[909],"class_list":["post-34723","post","type-post","status-publish","format-standard","has-post-thumbnail","hentry","category-noticia-destacada","category-tecnologia","tag-cultura-digital"],"aioseo_notices":[],"uagb_featured_image_src":{"full":["https:\/\/agencia.unq.edu.ar\/wp-content\/uploads\/2026\/03\/acuerdo-Mexico-violencia-digital-1.jpg",1040,420,false],"thumbnail":["https:\/\/agencia.unq.edu.ar\/wp-content\/uploads\/2026\/03\/acuerdo-Mexico-violencia-digital-1.jpg",150,61,false],"medium":["https:\/\/agencia.unq.edu.ar\/wp-content\/uploads\/2026\/03\/acuerdo-Mexico-violencia-digital-1.jpg",960,388,false],"medium_large":["https:\/\/agencia.unq.edu.ar\/wp-content\/uploads\/2026\/03\/acuerdo-Mexico-violencia-digital-1.jpg",768,310,false],"large":["https:\/\/agencia.unq.edu.ar\/wp-content\/uploads\/2026\/03\/acuerdo-Mexico-violencia-digital-1.jpg",1040,420,false],"1536x1536":["https:\/\/agencia.unq.edu.ar\/wp-content\/uploads\/2026\/03\/acuerdo-Mexico-violencia-digital-1.jpg",1040,420,false],"2048x2048":["https:\/\/agencia.unq.edu.ar\/wp-content\/uploads\/2026\/03\/acuerdo-Mexico-violencia-digital-1.jpg",1040,420,false]},"uagb_author_info":{"display_name":"Luciana Mazzini Puga","author_link":"https:\/\/agencia.unq.edu.ar\/?author=4"},"uagb_comment_info":0,"uagb_excerpt":"Incluye el retiro de contenido \u00edntimo difundido sin consentimiento.","blog_post_layout_featured_media_urls":{"thumbnail":["https:\/\/agencia.unq.edu.ar\/wp-content\/uploads\/2026\/03\/acuerdo-Mexico-violencia-digital-1.jpg",150,61,false],"full":["https:\/\/agencia.unq.edu.ar\/wp-content\/uploads\/2026\/03\/acuerdo-Mexico-violencia-digital-1.jpg",1040,420,false]},"categories_names":{"16":{"name":"Noticia destacada","link":"https:\/\/agencia.unq.edu.ar\/?cat=16"},"15":{"name":"Tecnolog\u00eda","link":"https:\/\/agencia.unq.edu.ar\/?cat=15"}},"tags_names":{"909":{"name":"Cultura digital","link":"https:\/\/agencia.unq.edu.ar\/?tag=cultura-digital"}},"comments_number":"0","_links":{"self":[{"href":"https:\/\/agencia.unq.edu.ar\/index.php?rest_route=\/wp\/v2\/posts\/34723","targetHints":{"allow":["GET"]}}],"collection":[{"href":"https:\/\/agencia.unq.edu.ar\/index.php?rest_route=\/wp\/v2\/posts"}],"about":[{"href":"https:\/\/agencia.unq.edu.ar\/index.php?rest_route=\/wp\/v2\/types\/post"}],"author":[{"embeddable":true,"href":"https:\/\/agencia.unq.edu.ar\/index.php?rest_route=\/wp\/v2\/users\/4"}],"replies":[{"embeddable":true,"href":"https:\/\/agencia.unq.edu.ar\/index.php?rest_route=%2Fwp%2Fv2%2Fcomments&post=34723"}],"version-history":[{"count":4,"href":"https:\/\/agencia.unq.edu.ar\/index.php?rest_route=\/wp\/v2\/posts\/34723\/revisions"}],"predecessor-version":[{"id":35068,"href":"https:\/\/agencia.unq.edu.ar\/index.php?rest_route=\/wp\/v2\/posts\/34723\/revisions\/35068"}],"wp:featuredmedia":[{"embeddable":true,"href":"https:\/\/agencia.unq.edu.ar\/index.php?rest_route=\/wp\/v2\/media\/34724"}],"wp:attachment":[{"href":"https:\/\/agencia.unq.edu.ar\/index.php?rest_route=%2Fwp%2Fv2%2Fmedia&parent=34723"}],"wp:term":[{"taxonomy":"category","embeddable":true,"href":"https:\/\/agencia.unq.edu.ar\/index.php?rest_route=%2Fwp%2Fv2%2Fcategories&post=34723"},{"taxonomy":"post_tag","embeddable":true,"href":"https:\/\/agencia.unq.edu.ar\/index.php?rest_route=%2Fwp%2Fv2%2Ftags&post=34723"}],"curies":[{"name":"wp","href":"https:\/\/api.w.org\/{rel}","templated":true}]}}