{"id":34754,"date":"2026-03-13T16:15:10","date_gmt":"2026-03-13T19:15:10","guid":{"rendered":"https:\/\/agencia.unq.edu.ar\/?p=34754"},"modified":"2026-03-13T16:15:11","modified_gmt":"2026-03-13T19:15:11","slug":"amigo-imaginario-en-ninos-cuando-es-normal-y-cuando-preocuparse","status":"publish","type":"post","link":"https:\/\/agencia.unq.edu.ar\/?p=34754","title":{"rendered":"Amigo imaginario en ni\u00f1os: cu\u00e1ndo es normal y cu\u00e1ndo preocuparse"},"content":{"rendered":"\n<p class=\"wp-embed-aspect-16-9 wp-has-aspect-ratio has-medium-font-size\" id=\"block-e7a9ff36-ee0c-4796-9d2e-1fd69773da3a\">Especialistas explican por qu\u00e9 aparece, qu\u00e9 funci\u00f3n emocional puede cumplir y cu\u00e1les son los signos que justifican una consulta.<\/p>\n\n\n\n<figure class=\"wp-block-image aligncenter size-full\" id=\"block-c3ee2a7f-4bf9-43dd-a0f6-8acc1087bdbe\"><img loading=\"lazy\" decoding=\"async\" width=\"1040\" height=\"420\" src=\"https:\/\/agencia.unq.edu.ar\/wp-content\/uploads\/2026\/03\/amigo-imaginario.jpg\" alt=\"Amigos imaginarios: la psicolog\u00eda infantil los ubica como parte posible del desarrollo, con beneficios frecuentes y l\u00edmites que conviene no pasar por alto. Cr\u00e9dito: AdobeStock.\" class=\"wp-image-34759\"\/><figcaption class=\"wp-element-caption\">Amigos imaginarios: la psicolog\u00eda infantil los ubica como parte posible del desarrollo, con beneficios frecuentes y l\u00edmites que conviene no pasar por alto. Cr\u00e9dito: AdobeStock.<\/figcaption><\/figure>\n\n\n\n<p class=\"wp-embed-aspect-16-9 wp-has-aspect-ratio\" id=\"block-792ca364-1b8e-4135-8180-b4418ab97e95\">Cuando la casa se vac\u00eda y no hay hermanos, ni amigos, ni ruido, algunos chicos no quedan exactamente solos: <strong>se inventan compa\u00f1\u00eda<\/strong>. A veces tiene forma de escarabajo, a veces de pollito, a veces de una hermana invisible que aparece justo cuando el silencio aprieta. Eso es lo que retrat\u00f3 un estudio publicado en <strong>BMC Psychiatry<\/strong>, realizado por cient\u00edficos de la <strong>Universidad de Yazd<\/strong>, que se intern\u00f3 en un territorio donde la infancia mezcla necesidad, imaginaci\u00f3n y supervivencia emocional.<\/p>\n\n\n\n<p>La investigaci\u00f3n, analizada por la <a href=\"https:\/\/agencia.unq.edu.ar\/\" target=\"_blank\" rel=\"noopener\" title=\"\">Agencia de Noticias Cient\u00edficas de la Universidad Nacional de Quilmes<\/a>, no habla de fantasmas ni de rarezas. <strong>Habla de ni\u00f1os<\/strong>. M\u00e1s precisamente, de <strong>34 chicos de entre 6 y 9 a\u00f1os<\/strong>, todos hijos \u00fanicos y con compa\u00f1eros imaginarios, entrevistados en escuelas de <strong>Mashhad, Ir\u00e1n<\/strong>. El trabajo fue cualitativo: no busc\u00f3 medir cu\u00e1ntos ten\u00edan un amigo invisible, sino entender <strong>para qu\u00e9 les serv\u00eda<\/strong>. Para eso, los investigadores realizaron entrevistas semiestructuradas de entre 20 y 30 minutos, codificaron los relatos y organizaron los hallazgos en <strong>196 afirmaciones, 28 subtemas y 9 grandes temas<\/strong>.<\/p>\n\n\n\n<p>Lo que apareci\u00f3 en esos testimonios fue menos extravagancia que funci\u00f3n. En muchos casos, el compa\u00f1ero imaginario alivi\u00f3 la soledad, acompa\u00f1\u00f3 el juego, ayud\u00f3 a regular el miedo o la angustia, funcion\u00f3 como confidente y hasta como una especie de <strong>\u00e1rbitro moral dom\u00e9stico<\/strong>: ese que a veces empuj\u00f3 a portarse bien y otras tent\u00f3 a hacer l\u00edo. Tambi\u00e9n apareci\u00f3 como ayuda para las tareas diarias y escolares, y como motor para inventar escenas nuevas, personajes y mundos.<\/p>\n\n\n\n<p>Uno de los hallazgos m\u00e1s potentes fue tambi\u00e9n el m\u00e1s simple: para varios chicos, ese amigo inexistente ocup\u00f3 el lugar que dejaban la soledad o la falta de un compa\u00f1ero de juego. El estudio registr\u00f3 casos de ni\u00f1os que dijeron haber creado a ese otro para no sentirse solos al dormir, para tolerar mejor el aburrimiento o para atravesar momentos de miedo, estr\u00e9s o peleas entre sus padres. <strong>La imaginaci\u00f3n, en ese punto, no fue fuga: fue andamio<\/strong>.<\/p>\n\n\n\n<p>La investigaci\u00f3n tambi\u00e9n mostr\u00f3 algo inc\u00f3modo para el mundo adulto: muchas veces, ese compa\u00f1ero imaginario <strong>escuch\u00f3 m\u00e1s que el entorno real<\/strong>. Los chicos le confiaron secretos, hablaron con \u00e9l de sus amigos, de sus d\u00edas y de sus miedos. En algunos relatos, incluso, esa presencia imaginaria pareci\u00f3 desplazar tiempo de televisi\u00f3n o de pantallas. Mientras los grandes discuten cu\u00e1nto da\u00f1o provoca el exceso de dispositivos, algunos chicos parecieron haber encontrado una salida bastante antigua y bastante humana: <strong>jugar con alguien que no est\u00e1, pero que para ellos s\u00ed est\u00e1<\/strong>.<\/p>\n\n\n\n<p>Ahora bien, el paper no romantiz\u00f3 el asunto. Entre las ventajas aparecieron la amabilidad del compa\u00f1ero imaginario, la sensaci\u00f3n de control sobre esa figura y la reducci\u00f3n del tiempo frente a dispositivos. Pero tambi\u00e9n hubo desventajas: algunos chicos dijeron que esos compa\u00f1eros los asustaban, que los hac\u00edan sentirse demasiado dependientes o que intentaban controlar su conducta hasta volverse molestos. En esos casos, los autores sugirieron prestar atenci\u00f3n, sobre todo si la relaci\u00f3n <strong>interfer\u00eda con la vida cotidiana del ni\u00f1o<\/strong>.<\/p>\n\n\n\n<h2 class=\"wp-block-heading\"><strong>Cu\u00e1ndo acompa\u00f1ar y cu\u00e1ndo consultar<\/strong><\/h2>\n\n\n\n<p>Ah\u00ed es donde la mirada cl\u00ednica ayuda a ordenar el fen\u00f3meno. En di\u00e1logo con la <strong><a href=\"https:\/\/agencia.unq.edu.ar\/\" target=\"_blank\" rel=\"noopener\" title=\"\">Agencia<\/a><\/strong>, la <strong>psic\u00f3loga<\/strong> <strong>Miriam Bustamante<\/strong>, del <strong>Colegio Estudios Anal\u00edticos<\/strong>, explica: \u201cEl amigo imaginario es un personaje ficticio creado por los ni\u00f1os. Su aparici\u00f3n suele darse aproximadamente a partir de los dos a\u00f1os y alcanza mayor intensidad entre los tres y los cinco. Luego, su presencia comienza a declinar. Su desaparici\u00f3n suele vincularse con el cambio de intereses propios del crecimiento: los ni\u00f1os empiezan a orientarse m\u00e1s hacia el aprendizaje escolar, la presencia de amigos, la socializaci\u00f3n y un mayor desprendimiento del \u00e1mbito familiar\u201d.<\/p>\n\n\n\n<p>Bustamante tambi\u00e9n aporta una clave para no sobreactuar frente al fen\u00f3meno: \u201cEsta construcci\u00f3n aparece en una etapa en la que la fantas\u00eda y la realidad todav\u00eda no tienen l\u00edmites del todo definidos, y puede cumplir una funci\u00f3n importante en el procesamiento de emociones. Por eso, no conviene prohibirla ni tampoco fomentarla de manera artificial. Lo m\u00e1s adecuado es tomarla con naturalidad. A medida que el ni\u00f1o desarrolla otros recursos emocionales, sostenidos por la contenci\u00f3n en el v\u00ednculo con los adultos y por la participaci\u00f3n en distintas actividades, la presencia del amigo imaginario tiende a disminuir\u201d.<\/p>\n\n\n\n<p>La advertencia, sin embargo, tambi\u00e9n existe. La especialista traza una frontera n\u00edtida entre una experiencia esperable del desarrollo y una situaci\u00f3n que merece consulta: <strong>\u201cLa situaci\u00f3n requiere atenci\u00f3n cuando esta creaci\u00f3n se prolonga m\u00e1s all\u00e1 de los siete u ocho a\u00f1os, cuando genera aislamiento o cuando se asocia a estados de miedo, violencia o angustia en el ni\u00f1o. Esos ser\u00edan signos de alerta frente a los cuales convendr\u00eda realizar una consulta profesional\u201d<\/strong>.<\/p>\n\n\n\n<p>La observaci\u00f3n dialoga con lo que muestra el estudio: <strong>no todo compa\u00f1ero imaginario es un problema<\/strong>, ni mucho menos. De hecho, la conclusi\u00f3n general del paper apunta en la direcci\u00f3n contraria: estos v\u00ednculos pueden apoyar al ni\u00f1o, promover la creatividad y hasta alejarlo un poco del mundo virtual. Pero si esa presencia empieza a generar angustia, apego excesivo o alteraciones en la vida diaria, entonces conven\u00eda mirar m\u00e1s de cerca.<\/p>\n\n\n\n<p class=\"wp-embed-aspect-16-9 wp-has-aspect-ratio\" id=\"block-792ca364-1b8e-4135-8180-b4418ab97e95\">Con todo, donde muchos adultos ven un capricho, la ciencia encuentra una forma de <strong>tramitar la soledad, ensayar conversaciones, domesticar el miedo y construir un peque\u00f1o orden en medio del caos<\/strong>. La infancia, al fin y al cabo, siempre supo fabricar herramientas con lo que tuvo a mano. A veces son bloques. A veces, crayones. Y a veces, <strong>un amigo que nadie m\u00e1s puede ver<\/strong>.<\/p>\n\n\n\n<div class=\"wp-block-uagb-container uagb-block-e31d8b4a alignwide uagb-is-root-container\">\n<div class=\"wp-block-uagb-advanced-heading uagb-block-55d4c858\"><h4 class=\"uagb-heading-text\">\u00daltimas noticias de la secci\u00f3n Salud:<\/h4><\/div>\n\n\n\n\t\t\t<div class=\"wp-block-uagb-post-carousel uagb-post-grid  uagb-post__image-position-top uagb-post__image-enabled uagb-block-24e22604     uagb-post__arrow-outside uagb-slick-carousel uagb-post__items uagb-post__columns-3 is-carousel uagb-post__columns-tablet-2 uagb-post__columns-mobile-1\" data-total=\"40\" style=\"\">\n\n\t\t\t\t\t\t\t\t\t\t\t\t<article class=\"uagb-post__inner-wrap\">\t\t\t\t\t\t\t\t<div class='uagb-post__image'>\n\t\t\t\t\t\t\t\t\t<a href=\"https:\/\/agencia.unq.edu.ar\/?p=35843\" target=\"_self\" rel=\"bookmark noopener noreferrer\"><img loading=\"lazy\" decoding=\"async\" width=\"960\" height=\"388\" src=\"https:\/\/agencia.unq.edu.ar\/wp-content\/uploads\/2026\/04\/Alzheimer-demencia.jpg\" class=\"attachment-medium size-medium\" alt=\"La demencia es la s\u00e9ptima causa de defunci\u00f3n en todo el mundo. Cr\u00e9ditos: Centro M\u00e9dico ABC.\" \/>\t\t\t\t\t<\/a>\n\t\t\t\t\t\t\t\t\t<\/div>\n\t\t\t\t\t\t<h4 class=\"uagb-post__title uagb-post__text\">\n\t\t\t\t<a href=\"https:\/\/agencia.unq.edu.ar\/?p=35843\" target=\"_self\" rel=\"bookmark noopener noreferrer\">Hacer 150 minutos de actividad f\u00edsica y dormir ocho horas reduce el riesgo de demencia<\/a>\n\t\t\t<\/h4>\n\t\t\t\t\t\t<div class='uagb-post__text uagb-post-grid-byline'>\n\t\t\t\t\t\t\t<\/div>\n\t\t\t\n\t\t\t\t\t\t\t\t\t<\/article>\n\t\t\t\t\t\t\t\t\t\t\t\t\t\t\t\t<article class=\"uagb-post__inner-wrap\">\t\t\t\t\t\t\t\t<div class='uagb-post__image'>\n\t\t\t\t\t\t\t\t\t<a href=\"https:\/\/agencia.unq.edu.ar\/?p=35798\" target=\"_self\" rel=\"bookmark noopener noreferrer\"><img loading=\"lazy\" decoding=\"async\" width=\"960\" height=\"388\" src=\"https:\/\/agencia.unq.edu.ar\/wp-content\/uploads\/2026\/04\/desconexion.jpg\" class=\"attachment-medium size-medium\" alt=\"Algunos usuarios reportan alivio tras cerrar sus cuentas; otros sienten m\u00e1s soledad o reemplazan una app por otra igual de absorbente. Cr\u00e9dito: Unplash.\" \/>\t\t\t\t\t<\/a>\n\t\t\t\t\t\t\t\t\t<\/div>\n\t\t\t\t\t\t<h4 class=\"uagb-post__title uagb-post__text\">\n\t\t\t\t<a href=\"https:\/\/agencia.unq.edu.ar\/?p=35798\" target=\"_self\" rel=\"bookmark noopener noreferrer\">\u00bfDejar las redes sociales mejora la salud mental?<\/a>\n\t\t\t<\/h4>\n\t\t\t\t\t\t<div class='uagb-post__text uagb-post-grid-byline'>\n\t\t\t\t\t\t\t<\/div>\n\t\t\t\n\t\t\t\t\t\t\t\t\t<\/article>\n\t\t\t\t\t\t\t\t\t\t\t\t\t\t\t\t<article class=\"uagb-post__inner-wrap\">\t\t\t\t\t\t\t\t<div class='uagb-post__image'>\n\t\t\t\t\t\t\t\t\t<a href=\"https:\/\/agencia.unq.edu.ar\/?p=35761\" target=\"_self\" rel=\"bookmark noopener noreferrer\"><img loading=\"lazy\" decoding=\"async\" width=\"960\" height=\"388\" src=\"https:\/\/agencia.unq.edu.ar\/wp-content\/uploads\/2026\/04\/Cigarrillo-Reino-Unido-Tabaco.jpg\" class=\"attachment-medium size-medium\" alt=\"Mujer fumando un cigarrillo.\" \/>\t\t\t\t\t<\/a>\n\t\t\t\t\t\t\t\t\t<\/div>\n\t\t\t\t\t\t<h4 class=\"uagb-post__title uagb-post__text\">\n\t\t\t\t<a href=\"https:\/\/agencia.unq.edu.ar\/?p=35761\" target=\"_self\" rel=\"bookmark noopener noreferrer\">Hacia una generaci\u00f3n libre de humo: Reino Unido proh\u00edbe el tabaco a los nacidos a partir de 2009\u00a0<\/a>\n\t\t\t<\/h4>\n\t\t\t\t\t\t<div class='uagb-post__text uagb-post-grid-byline'>\n\t\t\t\t\t\t\t<\/div>\n\t\t\t\n\t\t\t\t\t\t\t\t\t<\/article>\n\t\t\t\t\t\t\t\t\t\t\t\t\t\t\t\t<article class=\"uagb-post__inner-wrap\">\t\t\t\t\t\t\t\t<div class='uagb-post__image'>\n\t\t\t\t\t\t\t\t\t<a href=\"https:\/\/agencia.unq.edu.ar\/?p=35734\" target=\"_self\" rel=\"bookmark noopener noreferrer\"><img loading=\"lazy\" decoding=\"async\" width=\"960\" height=\"388\" src=\"https:\/\/agencia.unq.edu.ar\/wp-content\/uploads\/2026\/04\/Homepatia-principal.jpg\" class=\"attachment-medium size-medium\" alt=\"El informe espa\u00f1ol revive la pol\u00e9mica respecto de la homeopat\u00eda (imagen: todoorl.net)\" \/>\t\t\t\t\t<\/a>\n\t\t\t\t\t\t\t\t\t<\/div>\n\t\t\t\t\t\t<h4 class=\"uagb-post__title uagb-post__text\">\n\t\t\t\t<a href=\"https:\/\/agencia.unq.edu.ar\/?p=35734\" target=\"_self\" rel=\"bookmark noopener noreferrer\">Homeopat\u00eda bajo la lupa: un informe en Espa\u00f1a descarta su eficacia y reabre el debate<\/a>\n\t\t\t<\/h4>\n\t\t\t\t\t\t<div class='uagb-post__text uagb-post-grid-byline'>\n\t\t\t\t\t\t\t<\/div>\n\t\t\t\n\t\t\t\t\t\t\t\t\t<\/article>\n\t\t\t\t\t\t\t\t\t\t\t\t\t\t\t\t<article class=\"uagb-post__inner-wrap\">\t\t\t\t\t\t\t\t<div class='uagb-post__image'>\n\t\t\t\t\t\t\t\t\t<a href=\"https:\/\/agencia.unq.edu.ar\/?p=35668\" target=\"_self\" rel=\"bookmark noopener noreferrer\"><img loading=\"lazy\" decoding=\"async\" width=\"960\" height=\"388\" src=\"https:\/\/agencia.unq.edu.ar\/wp-content\/uploads\/2026\/04\/Higado-graso.jpg\" class=\"attachment-medium size-medium\" alt=\"Cr\u00e9ditos: Actualidad m\u00e9dica.\" \/>\t\t\t\t\t<\/a>\n\t\t\t\t\t\t\t\t\t<\/div>\n\t\t\t\t\t\t<h4 class=\"uagb-post__title uagb-post__text\">\n\t\t\t\t<a href=\"https:\/\/agencia.unq.edu.ar\/?p=35668\" target=\"_self\" rel=\"bookmark noopener noreferrer\">H\u00edgado graso no alcoh\u00f3lico: el problema silencioso que desaf\u00eda a la salud p\u00fablica<\/a>\n\t\t\t<\/h4>\n\t\t\t\t\t\t<div class='uagb-post__text uagb-post-grid-byline'>\n\t\t\t\t\t\t\t<\/div>\n\t\t\t\n\t\t\t\t\t\t\t\t\t<\/article>\n\t\t\t\t\t\t\t\t\t\t\t\t\t\t\t\t<article class=\"uagb-post__inner-wrap\">\t\t\t\t\t\t\t\t<div class='uagb-post__image'>\n\t\t\t\t\t\t\t\t\t<a href=\"https:\/\/agencia.unq.edu.ar\/?p=35610\" target=\"_self\" rel=\"bookmark noopener noreferrer\"><img loading=\"lazy\" decoding=\"async\" width=\"960\" height=\"388\" src=\"https:\/\/agencia.unq.edu.ar\/wp-content\/uploads\/2026\/04\/iPiccy-img-5.jpg\" class=\"attachment-medium size-medium\" alt=\"Cr\u00e9ditos: Osten Clinic.\" \/>\t\t\t\t\t<\/a>\n\t\t\t\t\t\t\t\t\t<\/div>\n\t\t\t\t\t\t<h4 class=\"uagb-post__title uagb-post__text\">\n\t\t\t\t<a href=\"https:\/\/agencia.unq.edu.ar\/?p=35610\" target=\"_self\" rel=\"bookmark noopener noreferrer\">Un estudio sugiere que la contaminaci\u00f3n atmosf\u00e9rica puede aumentar las crisis de migra\u00f1a<\/a>\n\t\t\t<\/h4>\n\t\t\t\t\t\t<div class='uagb-post__text uagb-post-grid-byline'>\n\t\t\t\t\t\t\t<\/div>\n\t\t\t\n\t\t\t\t\t\t\t\t\t<\/article>\n\t\t\t\t\t\t\t\t\t\t\t\t\t\t\t\t<article class=\"uagb-post__inner-wrap\">\t\t\t\t\t\t\t\t<div class='uagb-post__image'>\n\t\t\t\t\t\t\t\t\t<a href=\"https:\/\/agencia.unq.edu.ar\/?p=35611\" target=\"_self\" rel=\"bookmark noopener noreferrer\"><img loading=\"lazy\" decoding=\"async\" width=\"960\" height=\"388\" src=\"https:\/\/agencia.unq.edu.ar\/wp-content\/uploads\/2026\/04\/soledad-y-corazon.jpg\" class=\"attachment-medium size-medium\" alt=\"\" \/>\t\t\t\t\t<\/a>\n\t\t\t\t\t\t\t\t\t<\/div>\n\t\t\t\t\t\t<h4 class=\"uagb-post__title uagb-post__text\">\n\t\t\t\t<a href=\"https:\/\/agencia.unq.edu.ar\/?p=35611\" target=\"_self\" rel=\"bookmark noopener noreferrer\">La soledad puede aumentar el riesgo de enfermedades del coraz\u00f3n<\/a>\n\t\t\t<\/h4>\n\t\t\t\t\t\t<div class='uagb-post__text uagb-post-grid-byline'>\n\t\t\t\t\t\t\t<\/div>\n\t\t\t\n\t\t\t\t\t\t\t\t\t<\/article>\n\t\t\t\t\t\t\t\t\t\t\t\t\t\t\t\t<article class=\"uagb-post__inner-wrap\">\t\t\t\t\t\t\t\t<div class='uagb-post__image'>\n\t\t\t\t\t\t\t\t\t<a href=\"https:\/\/agencia.unq.edu.ar\/?p=35399\" target=\"_self\" rel=\"bookmark noopener noreferrer\"><img loading=\"lazy\" decoding=\"async\" width=\"504\" height=\"204\" src=\"https:\/\/agencia.unq.edu.ar\/wp-content\/uploads\/2026\/04\/2026-04-07-jarne.jpg\" class=\"attachment-medium size-medium\" alt=\"La investigadora Cecilia Jarne del Departamento de Ciencia y Tecnolog\u00eda de la Universidad Nacional de Quilmes\" \/>\t\t\t\t\t<\/a>\n\t\t\t\t\t\t\t\t\t<\/div>\n\t\t\t\t\t\t<h4 class=\"uagb-post__title uagb-post__text\">\n\t\t\t\t<a href=\"https:\/\/agencia.unq.edu.ar\/?p=35399\" target=\"_self\" rel=\"bookmark noopener noreferrer\">Cient\u00edfica de la UNQ revela c\u00f3mo el entorno influye en el envejecimiento cerebral<\/a>\n\t\t\t<\/h4>\n\t\t\t\t\t\t<div class='uagb-post__text uagb-post-grid-byline'>\n\t\t\t\t\t\t\t<\/div>\n\t\t\t\n\t\t\t\t\t\t\t\t\t<\/article>\n\t\t\t\t\t\t\t\t\t\t\t<\/div>\n\t\t\t<\/div>\n","protected":false},"excerpt":{"rendered":"<p>Especialistas explican por qu\u00e9 aparece, qu\u00e9 funci\u00f3n emocional puede cumplir y cu\u00e1les son los signos que justifican una consulta.<\/p>\n","protected":false},"author":7,"featured_media":34759,"comment_status":"closed","ping_status":"closed","sticky":false,"template":"","format":"standard","meta":{"_uag_custom_page_level_css":"","_monsterinsights_skip_tracking":false,"_monsterinsights_sitenote_active":false,"_monsterinsights_sitenote_note":"","_monsterinsights_sitenote_category":0,"site-sidebar-layout":"default","site-content-layout":"","ast-site-content-layout":"default","site-content-style":"default","site-sidebar-style":"default","ast-global-header-display":"","ast-banner-title-visibility":"","ast-main-header-display":"","ast-hfb-above-header-display":"","ast-hfb-below-header-display":"","ast-hfb-mobile-header-display":"","site-post-title":"","ast-breadcrumbs-content":"","ast-featured-img":"","footer-sml-layout":"","ast-disable-related-posts":"","theme-transparent-header-meta":"","adv-header-id-meta":"","stick-header-meta":"","header-above-stick-meta":"","header-main-stick-meta":"","header-below-stick-meta":"","astra-migrate-meta-layouts":"default","ast-page-background-enabled":"default","ast-page-background-meta":{"desktop":{"background-color":"var(--ast-global-color-4)","background-image":"","background-repeat":"repeat","background-position":"center center","background-size":"auto","background-attachment":"scroll","background-type":"","background-media":"","overlay-type":"","overlay-color":"","overlay-opacity":"","overlay-gradient":""},"tablet":{"background-color":"","background-image":"","background-repeat":"repeat","background-position":"center center","background-size":"auto","background-attachment":"scroll","background-type":"","background-media":"","overlay-type":"","overlay-color":"","overlay-opacity":"","overlay-gradient":""},"mobile":{"background-color":"","background-image":"","background-repeat":"repeat","background-position":"center center","background-size":"auto","background-attachment":"scroll","background-type":"","background-media":"","overlay-type":"","overlay-color":"","overlay-opacity":"","overlay-gradient":""}},"ast-content-background-meta":{"desktop":{"background-color":"var(--ast-global-color-5)","background-image":"","background-repeat":"repeat","background-position":"center center","background-size":"auto","background-attachment":"scroll","background-type":"","background-media":"","overlay-type":"","overlay-color":"","overlay-opacity":"","overlay-gradient":""},"tablet":{"background-color":"var(--ast-global-color-5)","background-image":"","background-repeat":"repeat","background-position":"center center","background-size":"auto","background-attachment":"scroll","background-type":"","background-media":"","overlay-type":"","overlay-color":"","overlay-opacity":"","overlay-gradient":""},"mobile":{"background-color":"var(--ast-global-color-5)","background-image":"","background-repeat":"repeat","background-position":"center center","background-size":"auto","background-attachment":"scroll","background-type":"","background-media":"","overlay-type":"","overlay-color":"","overlay-opacity":"","overlay-gradient":""}},"footnotes":""},"categories":[16,9],"tags":[],"class_list":["post-34754","post","type-post","status-publish","format-standard","has-post-thumbnail","hentry","category-noticia-destacada","category-salud"],"aioseo_notices":[],"uagb_featured_image_src":{"full":["https:\/\/agencia.unq.edu.ar\/wp-content\/uploads\/2026\/03\/amigo-imaginario.jpg",1040,420,false],"thumbnail":["https:\/\/agencia.unq.edu.ar\/wp-content\/uploads\/2026\/03\/amigo-imaginario.jpg",150,61,false],"medium":["https:\/\/agencia.unq.edu.ar\/wp-content\/uploads\/2026\/03\/amigo-imaginario.jpg",960,388,false],"medium_large":["https:\/\/agencia.unq.edu.ar\/wp-content\/uploads\/2026\/03\/amigo-imaginario.jpg",768,310,false],"large":["https:\/\/agencia.unq.edu.ar\/wp-content\/uploads\/2026\/03\/amigo-imaginario.jpg",1040,420,false],"1536x1536":["https:\/\/agencia.unq.edu.ar\/wp-content\/uploads\/2026\/03\/amigo-imaginario.jpg",1040,420,false],"2048x2048":["https:\/\/agencia.unq.edu.ar\/wp-content\/uploads\/2026\/03\/amigo-imaginario.jpg",1040,420,false]},"uagb_author_info":{"display_name":"Mar\u00eda Ximena Perez","author_link":"https:\/\/agencia.unq.edu.ar\/?author=7"},"uagb_comment_info":0,"uagb_excerpt":"Especialistas explican por qu\u00e9 aparece, qu\u00e9 funci\u00f3n emocional puede cumplir y cu\u00e1les son los signos que justifican una consulta.","blog_post_layout_featured_media_urls":{"thumbnail":["https:\/\/agencia.unq.edu.ar\/wp-content\/uploads\/2026\/03\/amigo-imaginario.jpg",150,61,false],"full":["https:\/\/agencia.unq.edu.ar\/wp-content\/uploads\/2026\/03\/amigo-imaginario.jpg",1040,420,false]},"categories_names":{"16":{"name":"Noticia destacada","link":"https:\/\/agencia.unq.edu.ar\/?cat=16"},"9":{"name":"Salud","link":"https:\/\/agencia.unq.edu.ar\/?cat=9"}},"tags_names":[],"comments_number":"0","_links":{"self":[{"href":"https:\/\/agencia.unq.edu.ar\/index.php?rest_route=\/wp\/v2\/posts\/34754","targetHints":{"allow":["GET"]}}],"collection":[{"href":"https:\/\/agencia.unq.edu.ar\/index.php?rest_route=\/wp\/v2\/posts"}],"about":[{"href":"https:\/\/agencia.unq.edu.ar\/index.php?rest_route=\/wp\/v2\/types\/post"}],"author":[{"embeddable":true,"href":"https:\/\/agencia.unq.edu.ar\/index.php?rest_route=\/wp\/v2\/users\/7"}],"replies":[{"embeddable":true,"href":"https:\/\/agencia.unq.edu.ar\/index.php?rest_route=%2Fwp%2Fv2%2Fcomments&post=34754"}],"version-history":[{"count":19,"href":"https:\/\/agencia.unq.edu.ar\/index.php?rest_route=\/wp\/v2\/posts\/34754\/revisions"}],"predecessor-version":[{"id":34780,"href":"https:\/\/agencia.unq.edu.ar\/index.php?rest_route=\/wp\/v2\/posts\/34754\/revisions\/34780"}],"wp:featuredmedia":[{"embeddable":true,"href":"https:\/\/agencia.unq.edu.ar\/index.php?rest_route=\/wp\/v2\/media\/34759"}],"wp:attachment":[{"href":"https:\/\/agencia.unq.edu.ar\/index.php?rest_route=%2Fwp%2Fv2%2Fmedia&parent=34754"}],"wp:term":[{"taxonomy":"category","embeddable":true,"href":"https:\/\/agencia.unq.edu.ar\/index.php?rest_route=%2Fwp%2Fv2%2Fcategories&post=34754"},{"taxonomy":"post_tag","embeddable":true,"href":"https:\/\/agencia.unq.edu.ar\/index.php?rest_route=%2Fwp%2Fv2%2Ftags&post=34754"}],"curies":[{"name":"wp","href":"https:\/\/api.w.org\/{rel}","templated":true}]}}