{"id":35742,"date":"2026-04-21T16:20:19","date_gmt":"2026-04-21T19:20:19","guid":{"rendered":"https:\/\/agencia.unq.edu.ar\/?p=35742"},"modified":"2026-04-27T19:57:24","modified_gmt":"2026-04-27T22:57:24","slug":"los-estudiantes-usan-ia-sin-dimensionar-su-impacto-cognitivo-y-creen-que-saben-mas-que-sus-profesores","status":"publish","type":"post","link":"https:\/\/agencia.unq.edu.ar\/?p=35742","title":{"rendered":"Los estudiantes usan IA sin dimensionar su impacto cognitivo y creen que saben m\u00e1s que sus profesores"},"content":{"rendered":"\n<p class=\"wp-embed-aspect-16-9 wp-has-aspect-ratio has-medium-font-size\" id=\"block-e7a9ff36-ee0c-4796-9d2e-1fd69773da3a\">As\u00ed lo revela una investigaci\u00f3n realizada a alumnos de un doctorado en terapia ocupacional de Estados Unidos. El trabajo fue liderado por un docente de la UNQ.<\/p>\n\n\n\n<figure class=\"wp-block-image aligncenter size-full\" id=\"block-c3ee2a7f-4bf9-43dd-a0f6-8acc1087bdbe\"><img loading=\"lazy\" decoding=\"async\" width=\"1040\" height=\"420\" src=\"https:\/\/agencia.unq.edu.ar\/wp-content\/uploads\/2026\/04\/estudiantes-inteligencia-artificial.jpg\" alt=\"Cr\u00e9ditos: imagen ilustrativa Infobae.\" class=\"wp-image-35743\"\/><figcaption class=\"wp-element-caption\">Cr\u00e9ditos: imagen ilustrativa Infobae.<\/figcaption><\/figure>\n\n\n\n<article class=\"wp-block-uagb-container uagb-layout-flex uagb-block-a41cc8eb default uagb-is-root-container\">\n<figure class=\"wp-block-uagb-container uagb-block-bb513af8\"><div style=\"color:#ac162c; line-height:0; padding-top:0;padding-bottom:0;padding-left:0;padding-right:0;\" class=\"has-text-align-center wp-elements-3de2e42bf1941d977bdf57d61182fa43 wp-block-post-time-to-read has-text-color\">5 minutos<\/div><\/figure>\n<\/article>\n\n\n\n<p class=\"wp-embed-aspect-16-9 wp-has-aspect-ratio\" id=\"block-792ca364-1b8e-4135-8180-b4418ab97e95\">Gustavo Reinoso, docente de la Maestr\u00eda en Terapia Ocupacional (TO) de la Universidad Nacional de Quilmes, lider\u00f3 una investigaci\u00f3n realizada en Estados Unidos para evaluar el uso y las percepciones sobre la inteligencia artificial que tienen los estudiantes de un doctorado en TO. La investigaci\u00f3n, difundida el Open Journal of Ocuppacional Therapy, se llev\u00f3 a cabo en la Universidad de Drake, donde trabaja el especialista desde 2023. Frente al avance de la IA en todos los aspectos de la vida, Reinoso quer\u00eda saber c\u00f3mo la utilizaban los alumnos no solo en la universidad, sino tambi\u00e9n en las pr\u00e1cticas cl\u00ednicas en hospitales y centros de salud. \u201cLa conclusi\u00f3n m\u00e1s fuerte es que <strong>los estudiantes no saben muchas veces qu\u00e9 es lo que les est\u00e1 haciendo la inteligencia artificial a su cognici\u00f3n y a su modo de pensar. Al mismo tiempo, tienden a sobrecalificarse y piensan que son mucho mejor que los profesores utilizando IA<\/strong>, cuando en realidad no es as\u00ed, porque algunos docentes estamos creando diferentes herramientas y aplicaciones con IA\u201d, destaca el investigador, en di\u00e1logo con la <a href=\"https:\/\/agencia.unq.edu.ar\" target=\"_blank\" rel=\"noopener\" title=\"\">Agencia de Noticias Cient\u00edficas de la Universidad Nacional de Quilmes<\/a>.<\/p>\n\n\n\n<p>Para llevar a cabo el estudio, Reinoso desarroll\u00f3 junto a un equipo de especialistas tres escalas de medici\u00f3n. La primera analiz\u00f3 la eficiencia y la adaptabilidad, es decir, c\u00f3mo y para qu\u00e9 emplean los alumnos a la IA. La segunda indag\u00f3 en las implicancias \u00e9ticas del uso de la inteligencia artificial, y la tercera examin\u00f3 la brecha entre los estudiantes y los docentes. \u201c<strong>Es un buen test para medir c\u00f3mo los estudiantes est\u00e1n usando inteligencia artificial. Mientras responden esa pregunta, tambi\u00e9n piensan un poco en qu\u00e9 deber\u00edan preocuparse y en qu\u00e9 no<\/strong>\u201d, resalta el investigador.&nbsp;<\/p>\n\n\n\n<p>Y contin\u00faa: \u201c<strong>Aunque lo usan m\u00e1s que nada para estudiar m\u00e1s r\u00e1pido y procesar mucho material en poco tiempo, el estudiante se tiene que plantear si est\u00e1 haciendo trampa o no<\/strong>. A veces tenemos ex\u00e1menes que son online y puede tener alguna inteligencia artificial en el tel\u00e9fono. Entonces, debe haber alguna preocupaci\u00f3n \u00e9tica sobre la integridad acad\u00e9mica\u201d.&nbsp;<\/p>\n\n\n\n<h2 class=\"wp-block-heading\">\u00bfAliada o enemiga?<\/h2>\n\n\n\n<p><strong>Pese a ser una de las preguntas m\u00e1s sencillas, su respuesta en la educaci\u00f3n superior todav\u00eda divide aguas<\/strong>: hay quienes se niegan a emplearla, y quienes ven inevitable su utilizaci\u00f3n y hacen foco en c\u00f3mo y para qu\u00e9. Por su parte, Gustavo Reinoso se encuentra en el segundo grupo. En este aspecto, advierte que los estudiantes la usan \u201cmuch\u00edsimo m\u00e1s\u201d de lo que piensan los profesores.<\/p>\n\n\n\n<p>\u201c<strong>La inteligencia artificial forma parte del pensamiento y la cognici\u00f3n de los humanos en este momento<\/strong>. Por lo tanto, la pregunta es si los estudiantes pierden o no capacidades cognitivas cuando le delegan a la IA la s\u00edntesis de diferentes materiales educativos. Al mismo tiempo, la otra cuesti\u00f3n est\u00e1 vinculada a los sesgos alrededor de la informaci\u00f3n que se sintetiza\u201d, se\u00f1ala.<\/p>\n\n\n\n<p class=\"wp-embed-aspect-16-9 wp-has-aspect-ratio\" id=\"block-792ca364-1b8e-4135-8180-b4418ab97e95\">Y contin\u00faa: \u201cParticularmente en ciencia y academia, como docentes tenemos que tener cuidado. Aunque nos gustar\u00eda que pase una cosa, est\u00e1 sucediendo otra. Pensar que los estudiantes no van a utilizar inteligencia artificial es una fantas\u00eda nuestra. Por lo tanto, <strong>la discusi\u00f3n es c\u00f3mo podemos usarla profesores y estudiantes para que sea eficiente y no nos altere la cognici\u00f3n<\/strong>\u201d, asegura el especialista en terapia ocupacional, quien tambi\u00e9n es fil\u00f3sofo.<\/p>\n\n\n\n<figure class=\"wp-block-image aligncenter size-full\"><img loading=\"lazy\" decoding=\"async\" width=\"750\" height=\"675\" src=\"https:\/\/agencia.unq.edu.ar\/wp-content\/uploads\/2026\/04\/Gustavo-Reinoso-terapia-ocupacional.jpg\" alt=\"Gustavo Reinoso durante una entrevista para la televisi\u00f3n de Brasil. Cr\u00e9ditos: Espacio Ludens.\" class=\"wp-image-35744\"\/><figcaption class=\"wp-element-caption\">Gustavo Reinoso durante una entrevista para la televisi\u00f3n de Brasil. Cr\u00e9ditos: Espacio Ludens.<\/figcaption><\/figure>\n\n\n\n<h2 class=\"wp-block-heading\">Sin olvidar las ra\u00edces<\/h2>\n\n\n\n<p><strong>Antes de convertirse en uno de los referentes de la terapia ocupacional a nivel mundial, Reinoso realiz\u00f3 sus estudios de grado en la Universidad Nacional del Litoral<\/strong>. En la previa de la crisis de 2001 en Argentina, cuando la ciencia y la tecnolog\u00eda tambi\u00e9n sufr\u00edan el ajuste y los cient\u00edficos eran mandados a lavar los platos, el docente e investigador emigr\u00f3 a Estados Unidos para continuar sus estudios y dictar clases. Luego se fue a Irlanda por varios a\u00f1os y retorn\u00f3 a EE.UU.<\/p>\n\n\n\n<p>Entre otros logros, <strong>Reinoso cre\u00f3 junto a la especialista Florencia Ricciardi un m\u00e9todo para evaluar e intervenir a ni\u00f1os con problemas de escritura<\/strong>. Con m\u00e1s de 25 a\u00f1os de trayectoria, el investigador se transform\u00f3 en experto en procesamiento e integraci\u00f3n sensorial. En este aspecto, brinda servicios y educaci\u00f3n a profesionales y familias de todo el mundo. Adem\u00e1s, sus intereses de investigaci\u00f3n incluyen autismo, j\u00f3venes con discapacidad, dificultades para el aprendizaje y el desarrollo de herramientas de evaluaci\u00f3n.<\/p>\n\n\n\n<p>A pesar de haberse ido hace m\u00e1s de dos d\u00e9cadas, Reinoso no olvida sus ra\u00edces. Por eso, cuando Mariel Pellegrini, directora de la Maestr\u00eda en Terapia Ocupacional de la UNQ, lo convoc\u00f3 para dar clases, el investigador no lo dud\u00f3. \u201cLa UNQ est\u00e1 entre las primeras diez universidades m\u00e1s transparentes. Uno se puede meter en el portal y ver en qu\u00e9 se gasta y a d\u00f3nde va cada centavo. Para alguien que se fue de Argentina en los 90, eso es todo lo que est\u00e1 bien. <strong>Esto no lo hago por el salario, sino porque hay buena gente y buena predisposici\u00f3n en esta iniciativa, que es la primera maestr\u00eda en TO a nivel nacional<\/strong>\u201d, subraya.<\/p>\n\n\n\n<p>Al ser consultado sobre los ataques y el desfinanciamiento que sufren la ciencia y la tecnolog\u00eda en el pa\u00eds, Reinoso es contundente: \u201cMe parece un momento catastr\u00f3fico. Trabaj\u00e9 toda mi vida con ni\u00f1os y familias que tienen discapacidad, problemas de aprendizaje y comportamiento. Si uno mira c\u00f3mo est\u00e1 discapacidad en este momento en la Rep\u00fablica Argentina, es una verg\u00fcenza. <strong>La ciencia y la tecnolog\u00eda tienen que estar al servicio de la sociedad, es tiempo de que los argentinos pensemos un poco m\u00e1s en qu\u00e9 tipo de pa\u00eds queremos<\/strong>\u201d.<\/p>\n\n\n\n<div class=\"wp-block-uagb-container uagb-block-e31d8b4a alignwide uagb-is-root-container\">\n<div class=\"wp-block-uagb-advanced-heading uagb-block-ead76a57\"><h4 class=\"uagb-heading-text\">\u00daltimas noticias de la secci\u00f3n Ciencias:<\/h4><\/div>\n\n\n\n\t\t\t<div class=\"wp-block-uagb-post-carousel uagb-post-grid  uagb-post__image-position-top uagb-post__image-enabled uagb-block-24e22604     uagb-post__arrow-outside uagb-slick-carousel uagb-post__items uagb-post__columns-3 is-carousel uagb-post__columns-tablet-2 uagb-post__columns-mobile-1\" data-total=\"62\" style=\"\">\n\n\t\t\t\t\t\t\t\t\t\t\t\t<article class=\"uagb-post__inner-wrap\">\t\t\t\t\t\t\t\t<div class='uagb-post__image'>\n\t\t\t\t\t\t\t\t\t<a href=\"https:\/\/agencia.unq.edu.ar\/?p=35979\" target=\"_self\" rel=\"bookmark noopener noreferrer\"><img loading=\"lazy\" decoding=\"async\" width=\"960\" height=\"388\" src=\"https:\/\/agencia.unq.edu.ar\/wp-content\/uploads\/2026\/04\/pinterest.jpg\" class=\"attachment-medium size-medium\" alt=\"La nueva piel artificial busca que pr\u00f3tesis y robots no solo toquen, sino que tambi\u00e9n puedan sentir temperatura, presi\u00f3n y textura. Cr\u00e9dito: Pinterest.\" \/>\t\t\t\t\t<\/a>\n\t\t\t\t\t\t\t\t\t<\/div>\n\t\t\t\t\t\t<h4 class=\"uagb-post__title uagb-post__text\">\n\t\t\t\t<a href=\"https:\/\/agencia.unq.edu.ar\/?p=35979\" target=\"_self\" rel=\"bookmark noopener noreferrer\">Cient\u00edficos logran una piel artificial que se siente como la humana<\/a>\n\t\t\t<\/h4>\n\t\t\t\t\t\t<div class='uagb-post__text uagb-post-grid-byline'>\n\t\t\t\t\t\t\t<\/div>\n\t\t\t\n\t\t\t\t\t\t\t\t\t<\/article>\n\t\t\t\t\t\t\t\t\t\t\t\t\t\t\t\t<article class=\"uagb-post__inner-wrap\">\t\t\t\t\t\t\t\t<div class='uagb-post__image'>\n\t\t\t\t\t\t\t\t\t<a href=\"https:\/\/agencia.unq.edu.ar\/?p=36002\" target=\"_self\" rel=\"bookmark noopener noreferrer\"><img loading=\"lazy\" decoding=\"async\" width=\"960\" height=\"388\" src=\"https:\/\/agencia.unq.edu.ar\/wp-content\/uploads\/2026\/04\/John-Craig-Venter-1.jpg\" class=\"attachment-medium size-medium\" alt=\"Venter ten\u00eda 79 a\u00f1os y hab\u00eda sido una pieza fundamental del Proyecto Genoma Humano y de los comienzos de la biolog\u00eda sint\u00e9tica (imagen: npr.org)\" \/>\t\t\t\t\t<\/a>\n\t\t\t\t\t\t\t\t\t<\/div>\n\t\t\t\t\t\t<h4 class=\"uagb-post__title uagb-post__text\">\n\t\t\t\t<a href=\"https:\/\/agencia.unq.edu.ar\/?p=36002\" target=\"_self\" rel=\"bookmark noopener noreferrer\">Falleci\u00f3 John Craig Venter, cient\u00edfico clave en la comprensi\u00f3n del genoma humano<\/a>\n\t\t\t<\/h4>\n\t\t\t\t\t\t<div class='uagb-post__text uagb-post-grid-byline'>\n\t\t\t\t\t\t\t<\/div>\n\t\t\t\n\t\t\t\t\t\t\t\t\t<\/article>\n\t\t\t\t\t\t\t\t\t\t\t\t\t\t\t\t<article class=\"uagb-post__inner-wrap\">\t\t\t\t\t\t\t\t<div class='uagb-post__image'>\n\t\t\t\t\t\t\t\t\t<a href=\"https:\/\/agencia.unq.edu.ar\/?p=35826\" target=\"_self\" rel=\"bookmark noopener noreferrer\"><img loading=\"lazy\" decoding=\"async\" width=\"960\" height=\"388\" src=\"https:\/\/agencia.unq.edu.ar\/wp-content\/uploads\/2026\/04\/Pulpo-gigante-principal.jpg\" class=\"attachment-medium size-medium\" alt=\"Los pulpos gigantes del Cret\u00e1cico eran cazadores y ten\u00edan la capacidad de romper esqueletos y caparazones (imagen: muyinteresante.okdiario.com)\" \/>\t\t\t\t\t<\/a>\n\t\t\t\t\t\t\t\t\t<\/div>\n\t\t\t\t\t\t<h4 class=\"uagb-post__title uagb-post__text\">\n\t\t\t\t<a href=\"https:\/\/agencia.unq.edu.ar\/?p=35826\" target=\"_self\" rel=\"bookmark noopener noreferrer\">Monstruos prehist\u00f3ricos: \u00bfc\u00f3mo era el pulpo gigante que habit\u00f3 los oc\u00e9anos hace cien millones de a\u00f1os?<\/a>\n\t\t\t<\/h4>\n\t\t\t\t\t\t<div class='uagb-post__text uagb-post-grid-byline'>\n\t\t\t\t\t\t\t<\/div>\n\t\t\t\n\t\t\t\t\t\t\t\t\t<\/article>\n\t\t\t\t\t\t\t\t\t\t\t\t\t\t\t\t<article class=\"uagb-post__inner-wrap\">\t\t\t\t\t\t\t\t<div class='uagb-post__image'>\n\t\t\t\t\t\t\t\t\t<a href=\"https:\/\/agencia.unq.edu.ar\/?p=35716\" target=\"_self\" rel=\"bookmark noopener noreferrer\"><img loading=\"lazy\" decoding=\"async\" width=\"960\" height=\"388\" src=\"https:\/\/agencia.unq.edu.ar\/wp-content\/uploads\/2026\/04\/Cancer-de-pancreas.jpg\" class=\"attachment-medium size-medium\" alt=\"El c\u00e1ncer de p\u00e1ncreas es un tumor agresivo y a menudo asintom\u00e1tico en etapas tempranas, lo que dificulta su detecci\u00f3n precoz y conlleva una alta mortalidad. Cr\u00e9ditos: La voz de Galicia.\" \/>\t\t\t\t\t<\/a>\n\t\t\t\t\t\t\t\t\t<\/div>\n\t\t\t\t\t\t<h4 class=\"uagb-post__title uagb-post__text\">\n\t\t\t\t<a href=\"https:\/\/agencia.unq.edu.ar\/?p=35716\" target=\"_self\" rel=\"bookmark noopener noreferrer\">Avanza un nuevo tratamiento contra el c\u00e1ncer de p\u00e1ncreas metast\u00e1sico<\/a>\n\t\t\t<\/h4>\n\t\t\t\t\t\t<div class='uagb-post__text uagb-post-grid-byline'>\n\t\t\t\t\t\t\t<\/div>\n\t\t\t\n\t\t\t\t\t\t\t\t\t<\/article>\n\t\t\t\t\t\t\t\t\t\t\t\t\t\t\t\t<article class=\"uagb-post__inner-wrap\">\t\t\t\t\t\t\t\t<div class='uagb-post__image'>\n\t\t\t\t\t\t\t\t\t<a href=\"https:\/\/agencia.unq.edu.ar\/?p=35487\" target=\"_self\" rel=\"bookmark noopener noreferrer\"><img loading=\"lazy\" decoding=\"async\" width=\"960\" height=\"388\" src=\"https:\/\/agencia.unq.edu.ar\/wp-content\/uploads\/2026\/04\/boca-river-en-familia.jpg\" class=\"attachment-medium size-medium\" alt=\"\u00a0F\u00fatbol y cerebro: el v\u00ednculo que explica la pasi\u00f3n argentina. Cr\u00e9ditos: Midjourney.\" \/>\t\t\t\t\t<\/a>\n\t\t\t\t\t\t\t\t\t<\/div>\n\t\t\t\t\t\t<h4 class=\"uagb-post__title uagb-post__text\">\n\t\t\t\t<a href=\"https:\/\/agencia.unq.edu.ar\/?p=35487\" target=\"_self\" rel=\"bookmark noopener noreferrer\">River vs. Boca: \u00bfPor qu\u00e9 el partido tambi\u00e9n ocurre en el cerebro?<\/a>\n\t\t\t<\/h4>\n\t\t\t\t\t\t<div class='uagb-post__text uagb-post-grid-byline'>\n\t\t\t\t\t\t\t<\/div>\n\t\t\t\n\t\t\t\t\t\t\t\t\t<\/article>\n\t\t\t\t\t\t\t\t\t\t\t\t\t\t\t\t<article class=\"uagb-post__inner-wrap\">\t\t\t\t\t\t\t\t<div class='uagb-post__image'>\n\t\t\t\t\t\t\t\t\t<a href=\"https:\/\/agencia.unq.edu.ar\/?p=35436\" target=\"_self\" rel=\"bookmark noopener noreferrer\"><img loading=\"lazy\" decoding=\"async\" width=\"960\" height=\"388\" src=\"https:\/\/agencia.unq.edu.ar\/wp-content\/uploads\/2026\/04\/Semaglutide-Tirzepatride-principal.jpg\" class=\"attachment-medium size-medium\" alt=\"Tirzepatida y Semaglutida emergen como tratamientos prometedores para producir una p\u00e9rdida de peso sostenida en el tiempo (imagen: ivleaguehydrate.com)\" \/>\t\t\t\t\t<\/a>\n\t\t\t\t\t\t\t\t\t<\/div>\n\t\t\t\t\t\t<h4 class=\"uagb-post__title uagb-post__text\">\n\t\t\t\t<a href=\"https:\/\/agencia.unq.edu.ar\/?p=35436\" target=\"_self\" rel=\"bookmark noopener noreferrer\">Cient\u00edficos descubren que los genes pueden ser determinantes en el \u00e9xito de tratamientos contra la obesidad<\/a>\n\t\t\t<\/h4>\n\t\t\t\t\t\t<div class='uagb-post__text uagb-post-grid-byline'>\n\t\t\t\t\t\t\t<\/div>\n\t\t\t\n\t\t\t\t\t\t\t\t\t<\/article>\n\t\t\t\t\t\t\t\t\t\t\t\t\t\t\t\t<article class=\"uagb-post__inner-wrap\">\t\t\t\t\t\t\t\t<div class='uagb-post__image'>\n\t\t\t\t\t\t\t\t\t<a href=\"https:\/\/agencia.unq.edu.ar\/?p=35409\" target=\"_self\" rel=\"bookmark noopener noreferrer\"><img loading=\"lazy\" decoding=\"async\" width=\"960\" height=\"388\" src=\"https:\/\/agencia.unq.edu.ar\/wp-content\/uploads\/2026\/04\/viejos-son-los-trapos.jpg\" class=\"attachment-medium size-medium\" alt=\"Gracias a los avances de la ciencia y la inversi\u00f3n millonaria, la vejez saludable y extendida es cada vez m\u00e1s real (imagen: noticiastrabajo.huffingtonpost.es)\" \/>\t\t\t\t\t<\/a>\n\t\t\t\t\t\t\t\t\t<\/div>\n\t\t\t\t\t\t<h4 class=\"uagb-post__title uagb-post__text\">\n\t\t\t\t<a href=\"https:\/\/agencia.unq.edu.ar\/?p=35409\" target=\"_self\" rel=\"bookmark noopener noreferrer\">Cient\u00edficos estudian c\u00f3mo retroceder el reloj biol\u00f3gico para frenar el envejecimiento<\/a>\n\t\t\t<\/h4>\n\t\t\t\t\t\t<div class='uagb-post__text uagb-post-grid-byline'>\n\t\t\t\t\t\t\t<\/div>\n\t\t\t\n\t\t\t\t\t\t\t\t\t<\/article>\n\t\t\t\t\t\t\t\t\t\t\t\t\t\t\t\t<article class=\"uagb-post__inner-wrap\">\t\t\t\t\t\t\t\t<div class='uagb-post__image'>\n\t\t\t\t\t\t\t\t\t<a href=\"https:\/\/agencia.unq.edu.ar\/?p=35354\" target=\"_self\" rel=\"bookmark noopener noreferrer\"><img loading=\"lazy\" decoding=\"async\" width=\"960\" height=\"388\" src=\"https:\/\/agencia.unq.edu.ar\/wp-content\/uploads\/2026\/04\/artemis-nasa.jpg\" class=\"attachment-medium size-medium\" alt=\"Detr\u00e1s de la postal espacial aparece la vida real: horarios estrictos, higiene austera, dolor posible y un cuerpo que no negocia sus necesidades. Cr\u00e9ditos: Nasa.\" \/>\t\t\t\t\t<\/a>\n\t\t\t\t\t\t\t\t\t<\/div>\n\t\t\t\t\t\t<h4 class=\"uagb-post__title uagb-post__text\">\n\t\t\t\t<a href=\"https:\/\/agencia.unq.edu.ar\/?p=35354\" target=\"_self\" rel=\"bookmark noopener noreferrer\">Artemis II: volver a la Luna tambi\u00e9n significa aprender a vivir en una c\u00e1psula<\/a>\n\t\t\t<\/h4>\n\t\t\t\t\t\t<div class='uagb-post__text uagb-post-grid-byline'>\n\t\t\t\t\t\t\t<\/div>\n\t\t\t\n\t\t\t\t\t\t\t\t\t<\/article>\n\t\t\t\t\t\t\t\t\t\t\t<\/div>\n\t\t\t<\/div>\n","protected":false},"excerpt":{"rendered":"<p>As\u00ed lo revela una investigaci\u00f3n realizada a alumnos de un doctorado en terapia ocupacional de Estados Unidos.<\/p>\n","protected":false},"author":6,"featured_media":35903,"comment_status":"closed","ping_status":"closed","sticky":false,"template":"","format":"standard","meta":{"_uag_custom_page_level_css":"","_monsterinsights_skip_tracking":false,"_monsterinsights_sitenote_active":false,"_monsterinsights_sitenote_note":"","_monsterinsights_sitenote_category":0,"site-sidebar-layout":"default","site-content-layout":"","ast-site-content-layout":"default","site-content-style":"default","site-sidebar-style":"default","ast-global-header-display":"","ast-banner-title-visibility":"","ast-main-header-display":"","ast-hfb-above-header-display":"","ast-hfb-below-header-display":"","ast-hfb-mobile-header-display":"","site-post-title":"","ast-breadcrumbs-content":"","ast-featured-img":"","footer-sml-layout":"","ast-disable-related-posts":"","theme-transparent-header-meta":"","adv-header-id-meta":"","stick-header-meta":"","header-above-stick-meta":"","header-main-stick-meta":"","header-below-stick-meta":"","astra-migrate-meta-layouts":"default","ast-page-background-enabled":"default","ast-page-background-meta":{"desktop":{"background-color":"var(--ast-global-color-4)","background-image":"","background-repeat":"repeat","background-position":"center center","background-size":"auto","background-attachment":"scroll","background-type":"","background-media":"","overlay-type":"","overlay-color":"","overlay-opacity":"","overlay-gradient":""},"tablet":{"background-color":"","background-image":"","background-repeat":"repeat","background-position":"center center","background-size":"auto","background-attachment":"scroll","background-type":"","background-media":"","overlay-type":"","overlay-color":"","overlay-opacity":"","overlay-gradient":""},"mobile":{"background-color":"","background-image":"","background-repeat":"repeat","background-position":"center center","background-size":"auto","background-attachment":"scroll","background-type":"","background-media":"","overlay-type":"","overlay-color":"","overlay-opacity":"","overlay-gradient":""}},"ast-content-background-meta":{"desktop":{"background-color":"var(--ast-global-color-5)","background-image":"","background-repeat":"repeat","background-position":"center center","background-size":"auto","background-attachment":"scroll","background-type":"","background-media":"","overlay-type":"","overlay-color":"","overlay-opacity":"","overlay-gradient":""},"tablet":{"background-color":"var(--ast-global-color-5)","background-image":"","background-repeat":"repeat","background-position":"center center","background-size":"auto","background-attachment":"scroll","background-type":"","background-media":"","overlay-type":"","overlay-color":"","overlay-opacity":"","overlay-gradient":""},"mobile":{"background-color":"var(--ast-global-color-5)","background-image":"","background-repeat":"repeat","background-position":"center center","background-size":"auto","background-attachment":"scroll","background-type":"","background-media":"","overlay-type":"","overlay-color":"","overlay-opacity":"","overlay-gradient":""}},"footnotes":""},"categories":[8,16],"tags":[62,459],"class_list":["post-35742","post","type-post","status-publish","format-standard","has-post-thumbnail","hentry","category-ciencias","category-noticia-destacada","tag-inteligencia-artificial","tag-logros-unq"],"aioseo_notices":[],"uagb_featured_image_src":{"full":["https:\/\/agencia.unq.edu.ar\/wp-content\/uploads\/2026\/04\/2026-04-21-estudiantes-inteligencia-artificial.jpg",504,204,false],"thumbnail":["https:\/\/agencia.unq.edu.ar\/wp-content\/uploads\/2026\/04\/2026-04-21-estudiantes-inteligencia-artificial.jpg",150,61,false],"medium":["https:\/\/agencia.unq.edu.ar\/wp-content\/uploads\/2026\/04\/2026-04-21-estudiantes-inteligencia-artificial.jpg",504,204,false],"medium_large":["https:\/\/agencia.unq.edu.ar\/wp-content\/uploads\/2026\/04\/2026-04-21-estudiantes-inteligencia-artificial.jpg",504,204,false],"large":["https:\/\/agencia.unq.edu.ar\/wp-content\/uploads\/2026\/04\/2026-04-21-estudiantes-inteligencia-artificial.jpg",504,204,false],"1536x1536":["https:\/\/agencia.unq.edu.ar\/wp-content\/uploads\/2026\/04\/2026-04-21-estudiantes-inteligencia-artificial.jpg",504,204,false],"2048x2048":["https:\/\/agencia.unq.edu.ar\/wp-content\/uploads\/2026\/04\/2026-04-21-estudiantes-inteligencia-artificial.jpg",504,204,false]},"uagb_author_info":{"display_name":"Nicol\u00e1s Retamar","author_link":"https:\/\/agencia.unq.edu.ar\/?author=6"},"uagb_comment_info":0,"uagb_excerpt":"As\u00ed lo revela una investigaci\u00f3n realizada a alumnos de un doctorado en terapia ocupacional de Estados Unidos.","blog_post_layout_featured_media_urls":{"thumbnail":["https:\/\/agencia.unq.edu.ar\/wp-content\/uploads\/2026\/04\/2026-04-21-estudiantes-inteligencia-artificial.jpg",150,61,false],"full":["https:\/\/agencia.unq.edu.ar\/wp-content\/uploads\/2026\/04\/2026-04-21-estudiantes-inteligencia-artificial.jpg",504,204,false]},"categories_names":{"8":{"name":"Ciencias","link":"https:\/\/agencia.unq.edu.ar\/?cat=8"},"16":{"name":"Noticia destacada","link":"https:\/\/agencia.unq.edu.ar\/?cat=16"}},"tags_names":{"62":{"name":"Inteligencia Artificial","link":"https:\/\/agencia.unq.edu.ar\/?tag=inteligencia-artificial"},"459":{"name":"Logros UNQ","link":"https:\/\/agencia.unq.edu.ar\/?tag=logros-unq"}},"comments_number":"0","_links":{"self":[{"href":"https:\/\/agencia.unq.edu.ar\/index.php?rest_route=\/wp\/v2\/posts\/35742","targetHints":{"allow":["GET"]}}],"collection":[{"href":"https:\/\/agencia.unq.edu.ar\/index.php?rest_route=\/wp\/v2\/posts"}],"about":[{"href":"https:\/\/agencia.unq.edu.ar\/index.php?rest_route=\/wp\/v2\/types\/post"}],"author":[{"embeddable":true,"href":"https:\/\/agencia.unq.edu.ar\/index.php?rest_route=\/wp\/v2\/users\/6"}],"replies":[{"embeddable":true,"href":"https:\/\/agencia.unq.edu.ar\/index.php?rest_route=%2Fwp%2Fv2%2Fcomments&post=35742"}],"version-history":[{"count":7,"href":"https:\/\/agencia.unq.edu.ar\/index.php?rest_route=\/wp\/v2\/posts\/35742\/revisions"}],"predecessor-version":[{"id":35793,"href":"https:\/\/agencia.unq.edu.ar\/index.php?rest_route=\/wp\/v2\/posts\/35742\/revisions\/35793"}],"wp:featuredmedia":[{"embeddable":true,"href":"https:\/\/agencia.unq.edu.ar\/index.php?rest_route=\/wp\/v2\/media\/35903"}],"wp:attachment":[{"href":"https:\/\/agencia.unq.edu.ar\/index.php?rest_route=%2Fwp%2Fv2%2Fmedia&parent=35742"}],"wp:term":[{"taxonomy":"category","embeddable":true,"href":"https:\/\/agencia.unq.edu.ar\/index.php?rest_route=%2Fwp%2Fv2%2Fcategories&post=35742"},{"taxonomy":"post_tag","embeddable":true,"href":"https:\/\/agencia.unq.edu.ar\/index.php?rest_route=%2Fwp%2Fv2%2Ftags&post=35742"}],"curies":[{"name":"wp","href":"https:\/\/api.w.org\/{rel}","templated":true}]}}