{"id":35757,"date":"2026-04-22T14:03:00","date_gmt":"2026-04-22T17:03:00","guid":{"rendered":"https:\/\/agencia.unq.edu.ar\/?p=35757"},"modified":"2026-04-27T17:15:01","modified_gmt":"2026-04-27T20:15:01","slug":"hasta-que-se-cumpla-la-comunidad-universitaria-realizara-una-nueva-marcha-federal","status":"publish","type":"post","link":"https:\/\/agencia.unq.edu.ar\/?p=35757","title":{"rendered":"Hasta que se cumpla: la comunidad universitaria realizar\u00e1 una nueva Marcha Federal"},"content":{"rendered":"\n<p class=\"wp-embed-aspect-16-9 wp-has-aspect-ratio has-medium-font-size\" id=\"block-e7a9ff36-ee0c-4796-9d2e-1fd69773da3a\">El 12 de mayo habr\u00e1 movilizaciones en todo el pa\u00eds para que el gobierno aplique la Ley de Financiamiento promulgada en 2025.<\/p>\n\n\n\n<figure class=\"wp-block-image aligncenter size-full\" id=\"block-c3ee2a7f-4bf9-43dd-a0f6-8acc1087bdbe\"><img loading=\"lazy\" decoding=\"async\" width=\"1040\" height=\"420\" src=\"https:\/\/agencia.unq.edu.ar\/wp-content\/uploads\/2026\/04\/Marcha-universitaria-vista-general.jpg\" alt=\"Imagen panor\u00e1mica de la \u00faltima Marcha Federal. Cr\u00e9ditos: @vyp.drone.\" class=\"wp-image-35758\"\/><figcaption class=\"wp-element-caption\">Imagen panor\u00e1mica de la \u00faltima Marcha Federal. Cr\u00e9ditos: @vyp.drone.<\/figcaption><\/figure>\n\n\n\n<article class=\"wp-block-uagb-container uagb-layout-flex uagb-block-a41cc8eb default uagb-is-root-container\">\n<figure class=\"wp-block-uagb-container uagb-block-bb513af8\"><div style=\"color:#ac162c; line-height:0; padding-top:0;padding-bottom:0;padding-left:0;padding-right:0;\" class=\"has-text-align-center wp-elements-3de2e42bf1941d977bdf57d61182fa43 wp-block-post-time-to-read has-text-color\">4 minutos<\/div><\/figure>\n<\/article>\n\n\n\n<p class=\"wp-embed-aspect-16-9 wp-has-aspect-ratio\" id=\"block-792ca364-1b8e-4135-8180-b4418ab97e95\">El 12 de mayo se realizar\u00e1 la cuarta Marcha Federal Universitaria en lo que va de la era Milei. La fecha fue acordada por todos los miembros de la comunidad acad\u00e9mica y servir\u00e1 para insistir en la aplicaci\u00f3n de la Ley de Financiamiento. Pese a que el Poder Legislativo y el Poder Judicial instaron a cumplir la norma sancionada en 2025, el Ejecutivo todav\u00eda se niega e interpone obst\u00e1culos judiciales para demorar la cuesti\u00f3n. Mientras las federaciones preparan nuevas jornadas de protestas y visibilizaci\u00f3n del conflicto (los docentes nucleados en Conadu y Conadu Hist\u00f3rica paran del 27 al 30 de abril inclusive y los nodocentes de Fatun hacen lo propio el 23 de abril), el gobierno busca reunirse con los rectores para avanzar en una nueva Ley a su medida, que incluya aumentos en cuotas y muy por debajo de la inflaci\u00f3n oficial.&nbsp;<\/p>\n\n\n\n<p>A trav\u00e9s de un comunicado, Daniel Ricci, secretario general de la Federaci\u00f3n de Docentes de las Universidades (Fedun) advirti\u00f3 que <strong>en un sistema democr\u00e1tico, el cumplimiento de la Ley no es opcional<\/strong>. \u201cEl gobierno tiene la obligaci\u00f3n de garantizar el financiamiento de las universidades y convocar de manera urgente a paritarias para recomponer el salario docente\u201d.&nbsp;<\/p>\n\n\n\n<p>Al igual que con la Ley de Emergencia en Discapacidad, el gobierno sue\u00f1a con una nueva norma que lo exima de aplicar la que est\u00e1 vigente y se adec\u00fae a su objetivo. Mientras que la legislaci\u00f3n actual obliga a recomponer la p\u00e9rdida salarial con un aumento cercano al 50 por ciento, <strong>el Ejecutivo plantea un reconocimiento inferior al 15 por ciento para 2025, distribuido en cuotas, mientras que no reconoce la diferencia entre los sueldos y la inflaci\u00f3n de 2024<\/strong>. Para poder llevarlo a cabo en el Congreso, primero tendr\u00e1 que dialogar con los rectores y buscar consensos entre aliados y opositores.<\/p>\n\n\n\n<figure class=\"wp-block-embed aligncenter is-type-wp-embed is-provider-agencia-de-noticias-cient-ficas-de-la-unq wp-block-embed-agencia-de-noticias-cient-ficas-de-la-unq\"><div class=\"wp-block-embed__wrapper\">\n<blockquote class=\"wp-embedded-content\" data-secret=\"btv3ryXa7G\"><a href=\"https:\/\/agencia.unq.edu.ar\/?p=34913\">Una crisis evitable: el presupuesto para las universidades cay\u00f3 un 45 por ciento desde 2023<\/a><\/blockquote><iframe loading=\"lazy\" class=\"wp-embedded-content\" sandbox=\"allow-scripts\" security=\"restricted\" style=\"position: absolute; visibility: hidden;\" title=\"&#8220;Una crisis evitable: el presupuesto para las universidades cay\u00f3 un 45 por ciento desde 2023&#8221; &#8212; Agencia de Noticias Cient\u00edficas de la UNQ\" src=\"https:\/\/agencia.unq.edu.ar\/?p=34913&#038;embed=true#?secret=qEuzWJiFGR#?secret=btv3ryXa7G\" data-secret=\"btv3ryXa7G\" width=\"500\" height=\"282\" frameborder=\"0\" marginwidth=\"0\" marginheight=\"0\" scrolling=\"no\"><\/iframe>\n<\/div><\/figure>\n\n\n\n<p>El reclamo que realizar\u00e1 la comunidad universitaria tiene dos dimensiones: la individual y la colectiva. En este aspecto, un informe elaborado por el Centro Iberoamericano de investigaci\u00f3n en Ciencia, Tecnolog\u00eda e Innovaci\u00f3n (Ciicti) y la Fedun advierte que <strong>los salarios de los trabajadores universitarios tuvieron una ca\u00edda real del 33,7 por ciento en los \u00faltimos 29 meses<\/strong> y cayeron por decimos\u00e9ptimo mes consecutivo. Para volver al nivel que ten\u00edan en noviembre de 2023 y recuperar lo perdido en este lapso, deber\u00edan aumentar un 50 por ciento.<\/p>\n\n\n\n<p>Este problema, que en principio es individual ya que repercute en los trabajadores y sus familias, se transforma en colectivo: <strong>a lo largo de la gesti\u00f3n libertaria ya se consumaron cientos de renuncias en diferentes universidades y facultades de todo el pa\u00eds<\/strong>. Para tomar dimensi\u00f3n del impacto, en la Facultad de Ingenier\u00eda de la UBA se fueron alrededor de 200 profesores. No solo hay cursos que se quedan sin docentes, sino que los profesionales mejor calificados salen del sistema p\u00fablico y se deteriora la calidad de la ense\u00f1anza.<\/p>\n\n\n\n<p>Al mismo tiempo, <strong>los que todav\u00eda eligen quedarse tienen que conseguir otros empleos para llegar a fin de mes, lo que les quita tiempo para preparar las clases, corregir, investigar y seguir aprendiendo<\/strong>. Si a esto se le suma el bajo presupuesto que le destina el Ejecutivo a las instituciones para gastos de funcionamiento, el combo es alarmante.<\/p>\n\n\n\n<figure class=\"wp-block-embed aligncenter is-type-wp-embed is-provider-agencia-de-noticias-cient-ficas-de-la-unq wp-block-embed-agencia-de-noticias-cient-ficas-de-la-unq\"><div class=\"wp-block-embed__wrapper\">\n<blockquote class=\"wp-embedded-content\" data-secret=\"4WNRY6SHwm\"><a href=\"https:\/\/agencia.unq.edu.ar\/?p=35418\">Industria del software: el valor que aportan las universidades y el gobierno no ve<\/a><\/blockquote><iframe loading=\"lazy\" class=\"wp-embedded-content\" sandbox=\"allow-scripts\" security=\"restricted\" style=\"position: absolute; visibility: hidden;\" title=\"&#8220;Industria del software: el valor que aportan las universidades y el gobierno no ve&#8221; &#8212; Agencia de Noticias Cient\u00edficas de la UNQ\" src=\"https:\/\/agencia.unq.edu.ar\/?p=35418&#038;embed=true#?secret=4H1LA0T2Sg#?secret=4WNRY6SHwm\" data-secret=\"4WNRY6SHwm\" width=\"500\" height=\"282\" frameborder=\"0\" marginwidth=\"0\" marginheight=\"0\" scrolling=\"no\"><\/iframe>\n<\/div><\/figure>\n\n\n\n<p class=\"wp-embed-aspect-16-9 wp-has-aspect-ratio\" id=\"block-792ca364-1b8e-4135-8180-b4418ab97e95\">Adem\u00e1s de los paros y la Marcha Federal Universitaria, <strong>los trabajadores de las universidades realizan diferentes tipos de medidas para hacer visible el conflicto. Por ejemplo, la Conadu lleva adelante una campa\u00f1a bajo el lema \u201cMilei, cumpl\u00ed la Ley\u201d<\/strong>. En este sentido, los docentes emularon la Carpa Blanca instalada en 1997 frente al Congreso de la Naci\u00f3n y recrearon la medida en diferentes plazas e instituciones con clases p\u00fablicas, radios abiertas, muestras art\u00edsticas y conversatorios para compartir con sus comunidades los reclamos salariales y presupuestarios.<\/p>\n\n\n\n<p class=\"wp-embed-aspect-16-9 wp-has-aspect-ratio\" id=\"block-792ca364-1b8e-4135-8180-b4418ab97e95\">En la misma l\u00ednea, el Consejo Interuniversitario Nacional (CIN) impuls\u00f3 una jornada donde las Casas de Altos Estudios abrieron sus puertas las 24 horas para compartir toda la producci\u00f3n de ciencia y conocimiento que se realiza en cada lugar. \u201cPusimos en evidencia el potencial extraordinario del sistema universitario p\u00fablico y advertirnos que, <strong>si no aparecen respuestas urgentes, esas capacidades van, poco a poco, apag\u00e1ndose<\/strong>\u201d, destacaron a trav\u00e9s de un documento.<\/p>\n\n\n\n<p class=\"wp-embed-aspect-16-9 wp-has-aspect-ratio\" id=\"block-792ca364-1b8e-4135-8180-b4418ab97e95\"><\/p>\n\n\n\n<div class=\"wp-block-uagb-container uagb-block-dd9b3044 alignwide uagb-is-root-container\">\n<div class=\"wp-block-uagb-advanced-heading uagb-block-3482af2f\"><h4 class=\"uagb-heading-text\">\u00daltimas noticias de la secci\u00f3n Pol\u00edtica:<\/h4><\/div>\n\n\n\n\t\t\t<div class=\"wp-block-uagb-post-carousel uagb-post-grid  uagb-post__image-position-top uagb-post__image-enabled uagb-block-c0e21101     uagb-post__arrow-outside uagb-slick-carousel uagb-post__items uagb-post__columns-3 is-carousel uagb-post__columns-tablet-2 uagb-post__columns-mobile-1\" data-total=\"32\" style=\"\">\n\n\t\t\t\t\t\t\t\t\t\t\t\t<article class=\"uagb-post__inner-wrap\">\t\t\t\t\t\t\t\t<div class='uagb-post__image'>\n\t\t\t\t\t\t\t\t\t<a href=\"https:\/\/agencia.unq.edu.ar\/?p=36015\" target=\"_self\" rel=\"bookmark noopener noreferrer\"><img loading=\"lazy\" decoding=\"async\" width=\"960\" height=\"388\" src=\"https:\/\/agencia.unq.edu.ar\/wp-content\/uploads\/2026\/04\/adorni.jpg\" class=\"attachment-medium size-medium\" alt=\"Manuel Adorni durante la presentaci\u00f3n del informe de gesti\u00f3n en el Congreso de la Naci\u00f3n\" \/>\t\t\t\t\t<\/a>\n\t\t\t\t\t\t\t\t\t<\/div>\n\t\t\t\t\t\t<h4 class=\"uagb-post__title uagb-post__text\">\n\t\t\t\t<a href=\"https:\/\/agencia.unq.edu.ar\/?p=36015\" target=\"_self\" rel=\"bookmark noopener noreferrer\">\u00bfD\u00f3nde est\u00e1 la plata de la ciencia? Lo que Adorni no respondi\u00f3 sobre el paradero de los fondos del sector<\/a>\n\t\t\t<\/h4>\n\t\t\t\t\t\t<div class='uagb-post__text uagb-post-grid-byline'>\n\t\t\t\t\t\t\t<\/div>\n\t\t\t\n\t\t\t\t\t\t\t\t\t<\/article>\n\t\t\t\t\t\t\t\t\t\t\t\t\t\t\t\t<article class=\"uagb-post__inner-wrap\">\t\t\t\t\t\t\t\t<div class='uagb-post__image'>\n\t\t\t\t\t\t\t\t\t<a href=\"https:\/\/agencia.unq.edu.ar\/?p=35969\" target=\"_self\" rel=\"bookmark noopener noreferrer\"><img loading=\"lazy\" decoding=\"async\" width=\"960\" height=\"388\" src=\"https:\/\/agencia.unq.edu.ar\/wp-content\/uploads\/2026\/04\/resistencia-antimicrobianos-espana.jpg\" class=\"attachment-medium size-medium\" alt=\"El f\u00e1rmaco Concerta es uno de los tantos en Espa\u00f1a cuya presentaci\u00f3n trae 30 dosis. Cr\u00e9ditos: LUDA.\" \/>\t\t\t\t\t<\/a>\n\t\t\t\t\t\t\t\t\t<\/div>\n\t\t\t\t\t\t<h4 class=\"uagb-post__title uagb-post__text\">\n\t\t\t\t<a href=\"https:\/\/agencia.unq.edu.ar\/?p=35969\" target=\"_self\" rel=\"bookmark noopener noreferrer\">Espa\u00f1a elimina las cajas de antibi\u00f3ticos grandes para luchar contra las superbacterias<\/a>\n\t\t\t<\/h4>\n\t\t\t\t\t\t<div class='uagb-post__text uagb-post-grid-byline'>\n\t\t\t\t\t\t\t<\/div>\n\t\t\t\n\t\t\t\t\t\t\t\t\t<\/article>\n\t\t\t\t\t\t\t\t\t\t\t\t\t\t\t\t<article class=\"uagb-post__inner-wrap\">\t\t\t\t\t\t\t\t<div class='uagb-post__image'>\n\t\t\t\t\t\t\t\t\t<a href=\"https:\/\/agencia.unq.edu.ar\/?p=35850\" target=\"_self\" rel=\"bookmark noopener noreferrer\"><img loading=\"lazy\" decoding=\"async\" width=\"960\" height=\"388\" src=\"https:\/\/agencia.unq.edu.ar\/wp-content\/uploads\/2026\/04\/carta-abierta-clarin.jpg\" class=\"attachment-medium size-medium\" alt=\"Horacio Gonz\u00e1lez en una charla de Carta Abierta, en la Facultad de filosof\u00eda y letras.\" \/>\t\t\t\t\t<\/a>\n\t\t\t\t\t\t\t\t\t<\/div>\n\t\t\t\t\t\t<h4 class=\"uagb-post__title uagb-post__text\">\n\t\t\t\t<a href=\"https:\/\/agencia.unq.edu.ar\/?p=35850\" target=\"_self\" rel=\"bookmark noopener noreferrer\">\u201cDebate p\u00fablico en Argentina\u201d: el libro que recupera la experiencia de Carta Abierta<\/a>\n\t\t\t<\/h4>\n\t\t\t\t\t\t<div class='uagb-post__text uagb-post-grid-byline'>\n\t\t\t\t\t\t\t<\/div>\n\t\t\t\n\t\t\t\t\t\t\t\t\t<\/article>\n\t\t\t\t\t\t\t\t\t\t\t\t\t\t\t\t<article class=\"uagb-post__inner-wrap\">\t\t\t\t\t\t\t\t<div class='uagb-post__image'>\n\t\t\t\t\t\t\t\t\t<a href=\"https:\/\/agencia.unq.edu.ar\/?p=35830\" target=\"_self\" rel=\"bookmark noopener noreferrer\"><img loading=\"lazy\" decoding=\"async\" width=\"960\" height=\"388\" src=\"https:\/\/agencia.unq.edu.ar\/wp-content\/uploads\/2026\/04\/Javier-Milei-Peter-Thiel.jpg\" class=\"attachment-medium size-medium\" alt=\"Javier Milei junto a Peter Lamelas, embajador de EE.UU. en Argentina y Peter Thiel, fundador de Palantir. Cr\u00e9ditos: @OPRArgentina.\" \/>\t\t\t\t\t<\/a>\n\t\t\t\t\t\t\t\t\t<\/div>\n\t\t\t\t\t\t<h4 class=\"uagb-post__title uagb-post__text\">\n\t\t\t\t<a href=\"https:\/\/agencia.unq.edu.ar\/?p=35830\" target=\"_self\" rel=\"bookmark noopener noreferrer\">Palantir y Peter Thiel: \u00bfse acerca el tecnofascismo a la Argentina?<\/a>\n\t\t\t<\/h4>\n\t\t\t\t\t\t<div class='uagb-post__text uagb-post-grid-byline'>\n\t\t\t\t\t\t\t<\/div>\n\t\t\t\n\t\t\t\t\t\t\t\t\t<\/article>\n\t\t\t\t\t\t\t\t\t\t\t\t\t\t\t\t<article class=\"uagb-post__inner-wrap\">\t\t\t\t\t\t\t\t<div class='uagb-post__image'>\n\t\t\t\t\t\t\t\t\t<a href=\"https:\/\/agencia.unq.edu.ar\/?p=35638\" target=\"_self\" rel=\"bookmark noopener noreferrer\"><img loading=\"lazy\" decoding=\"async\" width=\"960\" height=\"388\" src=\"https:\/\/agencia.unq.edu.ar\/wp-content\/uploads\/2026\/04\/Roberto-Abdala-Al-borde-del-precipicio.jpg\" class=\"attachment-medium size-medium\" alt=\"Roberto Abdala en Al borde del precicipcio. Cr\u00e9ditos: Captura UNQ TV.\" \/>\t\t\t\t\t<\/a>\n\t\t\t\t\t\t\t\t\t<\/div>\n\t\t\t\t\t\t<h4 class=\"uagb-post__title uagb-post__text\">\n\t\t\t\t<a href=\"https:\/\/agencia.unq.edu.ar\/?p=35638\" target=\"_self\" rel=\"bookmark noopener noreferrer\">Roberto Abdala: \u201cSin presupuesto es muy dif\u00edcil pensar y so\u00f1ar una escuela distinta\u201d<\/a>\n\t\t\t<\/h4>\n\t\t\t\t\t\t<div class='uagb-post__text uagb-post-grid-byline'>\n\t\t\t\t\t\t\t<\/div>\n\t\t\t\n\t\t\t\t\t\t\t\t\t<\/article>\n\t\t\t\t\t\t\t\t\t\t\t\t\t\t\t\t<article class=\"uagb-post__inner-wrap\">\t\t\t\t\t\t\t\t<div class='uagb-post__image'>\n\t\t\t\t\t\t\t\t\t<a href=\"https:\/\/agencia.unq.edu.ar\/?p=35583\" target=\"_self\" rel=\"bookmark noopener noreferrer\"><img loading=\"lazy\" decoding=\"async\" width=\"960\" height=\"388\" src=\"https:\/\/agencia.unq.edu.ar\/wp-content\/uploads\/2024\/06\/INTI-despidos.jpg\" class=\"attachment-medium size-medium\" alt=\"Protesta realizada por los trabajadores del INTI contra los despidos. Cr\u00e9ditos: ATE-INTI.\" \/>\t\t\t\t\t<\/a>\n\t\t\t\t\t\t\t\t\t<\/div>\n\t\t\t\t\t\t<h4 class=\"uagb-post__title uagb-post__text\">\n\t\t\t\t<a href=\"https:\/\/agencia.unq.edu.ar\/?p=35583\" target=\"_self\" rel=\"bookmark noopener noreferrer\">El gobierno quiere quitarle m\u00e1s funciones al INTI y despedir 700 trabajadores<\/a>\n\t\t\t<\/h4>\n\t\t\t\t\t\t<div class='uagb-post__text uagb-post-grid-byline'>\n\t\t\t\t\t\t\t<\/div>\n\t\t\t\n\t\t\t\t\t\t\t\t\t<\/article>\n\t\t\t\t\t\t\t\t\t\t\t\t\t\t\t\t<article class=\"uagb-post__inner-wrap\">\t\t\t\t\t\t\t\t<div class='uagb-post__image'>\n\t\t\t\t\t\t\t\t\t<a href=\"https:\/\/agencia.unq.edu.ar\/?p=35568\" target=\"_self\" rel=\"bookmark noopener noreferrer\"><img loading=\"lazy\" decoding=\"async\" width=\"960\" height=\"388\" src=\"https:\/\/agencia.unq.edu.ar\/wp-content\/uploads\/2026\/04\/unsplash.jpg\" class=\"attachment-medium size-medium\" alt=\"Sin botiquines completos, crecen las dificultades para sostener controles, prevenir cuadros graves y evitar derivaciones. Cr\u00e9ditos: Unplash.\" \/>\t\t\t\t\t<\/a>\n\t\t\t\t\t\t\t\t\t<\/div>\n\t\t\t\t\t\t<h4 class=\"uagb-post__title uagb-post__text\">\n\t\t\t\t<a href=\"https:\/\/agencia.unq.edu.ar\/?p=35568\" target=\"_self\" rel=\"bookmark noopener noreferrer\">Golpe a la salud p\u00fablica: \u00bfc\u00f3mo impacta la baja del Programa Remediar que dispuso el gobierno?<\/a>\n\t\t\t<\/h4>\n\t\t\t\t\t\t<div class='uagb-post__text uagb-post-grid-byline'>\n\t\t\t\t\t\t\t<\/div>\n\t\t\t\n\t\t\t\t\t\t\t\t\t<\/article>\n\t\t\t\t\t\t\t\t\t\t\t\t\t\t\t\t<article class=\"uagb-post__inner-wrap\">\t\t\t\t\t\t\t\t<div class='uagb-post__image'>\n\t\t\t\t\t\t\t\t\t<a href=\"https:\/\/agencia.unq.edu.ar\/?p=35529\" target=\"_self\" rel=\"bookmark noopener noreferrer\"><img loading=\"lazy\" decoding=\"async\" width=\"960\" height=\"388\" src=\"https:\/\/agencia.unq.edu.ar\/wp-content\/uploads\/2026\/04\/educacion-IA.jpg\" class=\"attachment-medium size-medium\" alt=\"El nuevo Observatorio regional apunta a transformar sistemas educativos con evidencia y escala. Cr\u00e9dito: Istock.\" \/>\t\t\t\t\t<\/a>\n\t\t\t\t\t\t\t\t\t<\/div>\n\t\t\t\t\t\t<h4 class=\"uagb-post__title uagb-post__text\">\n\t\t\t\t<a href=\"https:\/\/agencia.unq.edu.ar\/?p=35529\" target=\"_self\" rel=\"bookmark noopener noreferrer\">La UNESCO lanz\u00f3 un Observatorio regional para integrar la IA en la educaci\u00f3n<\/a>\n\t\t\t<\/h4>\n\t\t\t\t\t\t<div class='uagb-post__text uagb-post-grid-byline'>\n\t\t\t\t\t\t\t<\/div>\n\t\t\t\n\t\t\t\t\t\t\t\t\t<\/article>\n\t\t\t\t\t\t\t\t\t\t\t<\/div>\n\t\t\t<\/div>\n","protected":false},"excerpt":{"rendered":"<p>El 12 de mayo habr\u00e1 movilizaciones en todo el pa\u00eds para que el gobierno aplique la Ley de Financiamiento promulgada en 2025.<\/p>\n","protected":false},"author":6,"featured_media":35758,"comment_status":"closed","ping_status":"closed","sticky":false,"template":"","format":"standard","meta":{"_uag_custom_page_level_css":"","_monsterinsights_skip_tracking":false,"_monsterinsights_sitenote_active":false,"_monsterinsights_sitenote_note":"","_monsterinsights_sitenote_category":0,"site-sidebar-layout":"default","site-content-layout":"","ast-site-content-layout":"default","site-content-style":"default","site-sidebar-style":"default","ast-global-header-display":"","ast-banner-title-visibility":"","ast-main-header-display":"","ast-hfb-above-header-display":"","ast-hfb-below-header-display":"","ast-hfb-mobile-header-display":"","site-post-title":"","ast-breadcrumbs-content":"","ast-featured-img":"","footer-sml-layout":"","ast-disable-related-posts":"","theme-transparent-header-meta":"","adv-header-id-meta":"","stick-header-meta":"","header-above-stick-meta":"","header-main-stick-meta":"","header-below-stick-meta":"","astra-migrate-meta-layouts":"default","ast-page-background-enabled":"default","ast-page-background-meta":{"desktop":{"background-color":"var(--ast-global-color-4)","background-image":"","background-repeat":"repeat","background-position":"center center","background-size":"auto","background-attachment":"scroll","background-type":"","background-media":"","overlay-type":"","overlay-color":"","overlay-opacity":"","overlay-gradient":""},"tablet":{"background-color":"","background-image":"","background-repeat":"repeat","background-position":"center center","background-size":"auto","background-attachment":"scroll","background-type":"","background-media":"","overlay-type":"","overlay-color":"","overlay-opacity":"","overlay-gradient":""},"mobile":{"background-color":"","background-image":"","background-repeat":"repeat","background-position":"center center","background-size":"auto","background-attachment":"scroll","background-type":"","background-media":"","overlay-type":"","overlay-color":"","overlay-opacity":"","overlay-gradient":""}},"ast-content-background-meta":{"desktop":{"background-color":"var(--ast-global-color-5)","background-image":"","background-repeat":"repeat","background-position":"center center","background-size":"auto","background-attachment":"scroll","background-type":"","background-media":"","overlay-type":"","overlay-color":"","overlay-opacity":"","overlay-gradient":""},"tablet":{"background-color":"var(--ast-global-color-5)","background-image":"","background-repeat":"repeat","background-position":"center center","background-size":"auto","background-attachment":"scroll","background-type":"","background-media":"","overlay-type":"","overlay-color":"","overlay-opacity":"","overlay-gradient":""},"mobile":{"background-color":"var(--ast-global-color-5)","background-image":"","background-repeat":"repeat","background-position":"center center","background-size":"auto","background-attachment":"scroll","background-type":"","background-media":"","overlay-type":"","overlay-color":"","overlay-opacity":"","overlay-gradient":""}},"footnotes":""},"categories":[16,92],"tags":[882],"class_list":["post-35757","post","type-post","status-publish","format-standard","has-post-thumbnail","hentry","category-noticia-destacada","category-politica","tag-conflicto-universitario"],"aioseo_notices":[],"uagb_featured_image_src":{"full":["https:\/\/agencia.unq.edu.ar\/wp-content\/uploads\/2026\/04\/Marcha-universitaria-vista-general.jpg",1040,420,false],"thumbnail":["https:\/\/agencia.unq.edu.ar\/wp-content\/uploads\/2026\/04\/Marcha-universitaria-vista-general.jpg",150,61,false],"medium":["https:\/\/agencia.unq.edu.ar\/wp-content\/uploads\/2026\/04\/Marcha-universitaria-vista-general.jpg",960,388,false],"medium_large":["https:\/\/agencia.unq.edu.ar\/wp-content\/uploads\/2026\/04\/Marcha-universitaria-vista-general.jpg",768,310,false],"large":["https:\/\/agencia.unq.edu.ar\/wp-content\/uploads\/2026\/04\/Marcha-universitaria-vista-general.jpg",1040,420,false],"1536x1536":["https:\/\/agencia.unq.edu.ar\/wp-content\/uploads\/2026\/04\/Marcha-universitaria-vista-general.jpg",1040,420,false],"2048x2048":["https:\/\/agencia.unq.edu.ar\/wp-content\/uploads\/2026\/04\/Marcha-universitaria-vista-general.jpg",1040,420,false]},"uagb_author_info":{"display_name":"Nicol\u00e1s Retamar","author_link":"https:\/\/agencia.unq.edu.ar\/?author=6"},"uagb_comment_info":0,"uagb_excerpt":"El 12 de mayo habr\u00e1 movilizaciones en todo el pa\u00eds para que el gobierno aplique la Ley de Financiamiento promulgada en 2025.","blog_post_layout_featured_media_urls":{"thumbnail":["https:\/\/agencia.unq.edu.ar\/wp-content\/uploads\/2026\/04\/Marcha-universitaria-vista-general.jpg",150,61,false],"full":["https:\/\/agencia.unq.edu.ar\/wp-content\/uploads\/2026\/04\/Marcha-universitaria-vista-general.jpg",1040,420,false]},"categories_names":{"16":{"name":"Noticia destacada","link":"https:\/\/agencia.unq.edu.ar\/?cat=16"},"92":{"name":"Pol\u00edtica","link":"https:\/\/agencia.unq.edu.ar\/?cat=92"}},"tags_names":{"882":{"name":"Conflicto Universitario","link":"https:\/\/agencia.unq.edu.ar\/?tag=conflicto-universitario"}},"comments_number":"0","_links":{"self":[{"href":"https:\/\/agencia.unq.edu.ar\/index.php?rest_route=\/wp\/v2\/posts\/35757","targetHints":{"allow":["GET"]}}],"collection":[{"href":"https:\/\/agencia.unq.edu.ar\/index.php?rest_route=\/wp\/v2\/posts"}],"about":[{"href":"https:\/\/agencia.unq.edu.ar\/index.php?rest_route=\/wp\/v2\/types\/post"}],"author":[{"embeddable":true,"href":"https:\/\/agencia.unq.edu.ar\/index.php?rest_route=\/wp\/v2\/users\/6"}],"replies":[{"embeddable":true,"href":"https:\/\/agencia.unq.edu.ar\/index.php?rest_route=%2Fwp%2Fv2%2Fcomments&post=35757"}],"version-history":[{"count":3,"href":"https:\/\/agencia.unq.edu.ar\/index.php?rest_route=\/wp\/v2\/posts\/35757\/revisions"}],"predecessor-version":[{"id":35795,"href":"https:\/\/agencia.unq.edu.ar\/index.php?rest_route=\/wp\/v2\/posts\/35757\/revisions\/35795"}],"wp:featuredmedia":[{"embeddable":true,"href":"https:\/\/agencia.unq.edu.ar\/index.php?rest_route=\/wp\/v2\/media\/35758"}],"wp:attachment":[{"href":"https:\/\/agencia.unq.edu.ar\/index.php?rest_route=%2Fwp%2Fv2%2Fmedia&parent=35757"}],"wp:term":[{"taxonomy":"category","embeddable":true,"href":"https:\/\/agencia.unq.edu.ar\/index.php?rest_route=%2Fwp%2Fv2%2Fcategories&post=35757"},{"taxonomy":"post_tag","embeddable":true,"href":"https:\/\/agencia.unq.edu.ar\/index.php?rest_route=%2Fwp%2Fv2%2Ftags&post=35757"}],"curies":[{"name":"wp","href":"https:\/\/api.w.org\/{rel}","templated":true}]}}