{"id":35761,"date":"2026-04-22T17:04:43","date_gmt":"2026-04-22T20:04:43","guid":{"rendered":"https:\/\/agencia.unq.edu.ar\/?p=35761"},"modified":"2026-04-27T17:15:11","modified_gmt":"2026-04-27T20:15:11","slug":"hacia-una-generacion-libre-de-humo-reino-unido-prohibe-el-tabaco-a-los-nacidos-a-partir-de-2009","status":"publish","type":"post","link":"https:\/\/agencia.unq.edu.ar\/?p=35761","title":{"rendered":"Hacia una generaci\u00f3n libre de humo: Reino Unido proh\u00edbe el tabaco a los nacidos a partir de 2009\u00a0"},"content":{"rendered":"\n<p class=\"wp-embed-aspect-16-9 wp-has-aspect-ratio has-medium-font-size\" id=\"block-e7a9ff36-ee0c-4796-9d2e-1fd69773da3a\">La normativa tambi\u00e9n restringe la comercializaci\u00f3n y promoci\u00f3n de los cigarrillos electr\u00f3nicos y otros productos con nicotina a los menores de edad.<\/p>\n\n\n\n<figure class=\"wp-block-image aligncenter size-full\" id=\"block-c3ee2a7f-4bf9-43dd-a0f6-8acc1087bdbe\" style=\"margin-top:0px;margin-bottom:0px\"><img loading=\"lazy\" decoding=\"async\" width=\"1040\" height=\"420\" src=\"https:\/\/agencia.unq.edu.ar\/wp-content\/uploads\/2026\/04\/Cigarrillo-Reino-Unido-Tabaco.jpg\" alt=\"Mujer fumando un cigarrillo.\" class=\"wp-image-35764\"\/><figcaption class=\"wp-element-caption\">El tabaquismo causa 7 millones de muertes al a\u00f1o en todo el mundo. Cr\u00e9ditos: Infobae.<\/figcaption><\/figure>\n\n\n\n<article class=\"wp-block-uagb-container uagb-layout-flex uagb-block-a41cc8eb default uagb-is-root-container\">\n<figure class=\"wp-block-uagb-container uagb-block-bb513af8\"><div style=\"color:#ac162c; line-height:0; padding-top:0;padding-bottom:0;padding-left:0;padding-right:0;\" class=\"has-text-align-center wp-elements-3de2e42bf1941d977bdf57d61182fa43 wp-block-post-time-to-read has-text-color\">5 minutos<\/div><\/figure>\n<\/article>\n\n\n\n<p class=\"wp-embed-aspect-16-9 wp-has-aspect-ratio\" id=\"block-792ca364-1b8e-4135-8180-b4418ab97e95\">De manera reciente, el Parlamento de Reino Unido aprob\u00f3 un proyecto de ley que proh\u00edbe la compra de tabaco a los nacidos a partir de 2009. El objetivo es salvar vidas, reducir la carga sobre el Servicio Nacional de Salud y encaminarse hacia una \u201cgeneraci\u00f3n libre de humo\u201d. A su vez, la normativa tambi\u00e9n proh\u00edbe la comercializaci\u00f3n y promoci\u00f3n de los cigarrillos electr\u00f3nicos y otros productos con nicotina a los menores de edad. De esta manera, Reino Unido apunta a frenar una problem\u00e1tica que provoc\u00f3 en tan s\u00f3lo este territorio 64 mil muertes al a\u00f1o y, en todo el mundo, m\u00e1s de 7 millones.<\/p>\n\n\n\n<p>El proyecto, que se convertir\u00e1 en ley la pr\u00f3xima semana con la promulgaci\u00f3n, establece que <strong>no se le podr\u00e1 vender tabaco a ninguna persona nacida a partir del 1 de enero de 2009, a la vez que proh\u00edbe la comercializaci\u00f3n de vapeadores a los menores.<\/strong> Tambi\u00e9n, restringe el acto de fumar en parques infantiles y en las inmediaciones de escuelas y hospitales, algo que se suma a la medida ya vigente de no hacerlo en lugares p\u00fablicos. El objetivo es poner fin a la venta de productos de tabaco por completo, a las adicciones y a todos los gastos que esto conlleva.<\/p>\n\n\n\n<p><strong>Jonatan Konfino,<\/strong> subsecretario de Pol\u00edticas de Cuidado del ministerio de Salud de la Provincia de Buenos Aires, cuenta a la <a href=\"https:\/\/agencia.unq.edu.ar\/\" target=\"_blank\" rel=\"noopener\" title=\"\">Agencia<\/a>: &#8220;Es una pol\u00edtica interesante porque cambia el abordaje que tienen los pa\u00edses en materia de consumo de tabaco, <strong>pasa de una l\u00f3gica de reducci\u00f3n de riesgos o da\u00f1os a directamente proteger a una generaci\u00f3n entera<\/strong>. El tabaco se consume en las sociedades desde mucho antes de que existan regulaciones al respecto y, justamente, Inglaterra tiene una historia importante de control de este producto. <strong>Habr\u00e1 que ver la aceptaci\u00f3n que tiene la sociedad de esta ley. Lo bueno es que es el tabaquismo es la principal causa prevenible de muerte del mundo<\/strong>&#8220;.<\/p>\n\n\n\n<p>El \u00faltimo dato que aporta Konfino es crucial, de hecho, <strong>el tabaquismo provoca 400 mil hospitalizaciones y 64 mil muertes al a\u00f1o solo en Inglaterra<\/strong>, y le cuesta al Servicio Nacional de Salud 3 mil millones de libras esterlinas en tratamientos para enfermedades relacionadas con el tabaco, como el c\u00e1ncer y las cardiopat\u00edas. Adem\u00e1s, <strong>en el mundo mueren por esta causa 7 millones de personas al a\u00f1o<\/strong> (6 millones son fumadores activos, el resto son no fumadores afectados por la exposici\u00f3n al humo de tabaco), <strong>de los que cerca de 736 mil viven en el continente americano.<\/strong><\/p>\n\n\n\n<figure class=\"wp-block-embed is-type-wp-embed is-provider-agencia-de-noticias-cient-ficas-de-la-unq wp-block-embed-agencia-de-noticias-cient-ficas-de-la-unq\"><div class=\"wp-block-embed__wrapper\">\n<blockquote class=\"wp-embedded-content\" data-secret=\"iQ8j1GveJG\"><a href=\"https:\/\/agencia.unq.edu.ar\/?p=25159\">Tabaquismo: \u00bfpor qu\u00e9 los cigarrillos electr\u00f3nicos no frenan la adicci\u00f3n?<\/a><\/blockquote><iframe loading=\"lazy\" class=\"wp-embedded-content\" sandbox=\"allow-scripts\" security=\"restricted\" style=\"position: absolute; visibility: hidden;\" title=\"&#8220;Tabaquismo: \u00bfpor qu\u00e9 los cigarrillos electr\u00f3nicos no frenan la adicci\u00f3n?&#8221; &#8212; Agencia de Noticias Cient\u00edficas de la UNQ\" src=\"https:\/\/agencia.unq.edu.ar\/?p=25159&#038;embed=true#?secret=A02S0v1je9#?secret=iQ8j1GveJG\" data-secret=\"iQ8j1GveJG\" width=\"500\" height=\"282\" frameborder=\"0\" marginwidth=\"0\" marginheight=\"0\" scrolling=\"no\"><\/iframe>\n<\/div><\/figure>\n\n\n\n<p class=\"wp-embed-aspect-16-9 wp-has-aspect-ratio\" id=\"block-792ca364-1b8e-4135-8180-b4418ab97e95\">Al respecto,&nbsp;<strong>Roberto Peidr\u00f3<\/strong>, cardi\u00f3logo y presidente de la Asociaci\u00f3n Argentina de Cardiolog\u00eda del Ejercicio y el Deporte, explica: &#8220;<strong>Con esta normativa se atienden dos cosas: el cuidado de la salud de la poblaci\u00f3n y el gasto que genera la pr\u00e1ctica de fumar.<\/strong> Hay quienes van a quejarse y dir\u00e1n &#8216;\u00bfpor qu\u00e9 no me dejan fumar?&#8217; y la respuesta es &#8216;porque se enferma el que lo hace, el que no lo hace y, adem\u00e1s, <strong>el Estado gasta mucha plata y muchas horas de hospital en quienes fuman<\/strong>. <strong>El tabaco es un veneno porque realmente mata.<\/strong> La persona lo paga con un infarto o un ACV de joven, con un c\u00e1ncer o un Enfermedad Pulmonar Obstructiva Cr\u00f3nica (EPOC) de adulto y, sino con una insuficiencia respiratoria. Es decir, el cigarrillo trae trastornos grav\u00edsimos de la salud, todo lo que hagamos para disminuir su uso es bueno&#8221;.<\/p>\n\n\n\n<p class=\"wp-embed-aspect-16-9 wp-has-aspect-ratio\" id=\"block-792ca364-1b8e-4135-8180-b4418ab97e95\">En coincidencia, <strong>Adri\u00e1n Baranchuk<\/strong>, expresidente de la Asociaci\u00f3n Interamericana de Cardiolog\u00eda, plantea ante la <a href=\"https:\/\/agencia.unq.edu.ar\/\" target=\"_blank\" rel=\"noopener\" title=\"\">Agencia<\/a>: &#8220;Antes de pensar en una prohibici\u00f3n, la sociedad tiene que llevar adelante t\u00e9cnicas y campa\u00f1as educativas para concientizar sobre por qu\u00e9 hace mal el cigarrillo. Ahora bien, si eso fracasa, la prohibici\u00f3n, medida que muchas veces hace ruido, tiene que ser mirada con mejores ojos. <strong>Probablemente, en una o dos d\u00e9cadas las enfermedades cardiovasculares o los tumores de pulm\u00f3n hayan reducido debido a la medida que tom\u00f3 Reino Unido en este momento<\/strong>&#8220;.<\/p>\n\n\n\n<p class=\"wp-embed-aspect-16-9 wp-has-aspect-ratio\" id=\"block-792ca364-1b8e-4135-8180-b4418ab97e95\">A su vez, Baranchuk, presidente de Sociedad Internacional de Holter y Electrocardiolog\u00eda no invasiva, considera que para disminuir el uso del cigarrillo no solo hace falta legislaci\u00f3n sino tambi\u00e9n el abordaje desde varios frentes. &#8220;Cardi\u00f3logos, neumon\u00f3logos, psicoterapeutas y psiquiatras tienen que intervenir en el cuidado de la salud de las personas. <strong>Hay un factor que no se tiene tan en cuenta a la hora de evaluar por qu\u00e9 fuma o deja de hacerlo una persona que es la salud mental<\/strong>. Se trata de uno de los conflictos m\u00e1s serios que tenemos en medicina p\u00fablica en la actualidad: <strong>la condici\u00f3n social del individuo promueve el incremento de sustancias adictivas<\/strong>, como tabaquismo, alcohol, fentanilo y drogas de m\u00e1s alto peso. Vamos a pagarlo muy caro como sociedad si no entendemos r\u00e1pidamente que todo lo que pasa en el cerebro y la mente impactan en el sistema cardiovascular y a la inversa&#8221;.<\/p>\n\n\n\n<figure class=\"wp-block-embed is-type-wp-embed is-provider-agencia-de-noticias-cient-ficas-de-la-unq wp-block-embed-agencia-de-noticias-cient-ficas-de-la-unq\"><div class=\"wp-block-embed__wrapper\">\n<blockquote class=\"wp-embedded-content\" data-secret=\"nTFgvHicUa\"><a href=\"https:\/\/agencia.unq.edu.ar\/?p=16263\">Un nuevo estudio advierte sobre c\u00f3mo vapear puede aumentar el riesgo de asma en los adolescentes<\/a><\/blockquote><iframe loading=\"lazy\" class=\"wp-embedded-content\" sandbox=\"allow-scripts\" security=\"restricted\" style=\"position: absolute; visibility: hidden;\" title=\"&#8220;Un nuevo estudio advierte sobre c\u00f3mo vapear puede aumentar el riesgo de asma en los adolescentes&#8221; &#8212; Agencia de Noticias Cient\u00edficas de la UNQ\" src=\"https:\/\/agencia.unq.edu.ar\/?p=16263&#038;embed=true#?secret=MY4F9twwFj#?secret=nTFgvHicUa\" data-secret=\"nTFgvHicUa\" width=\"500\" height=\"282\" frameborder=\"0\" marginwidth=\"0\" marginheight=\"0\" scrolling=\"no\"><\/iframe>\n<\/div><\/figure>\n\n\n\n<p class=\"wp-embed-aspect-16-9 wp-has-aspect-ratio\" id=\"block-792ca364-1b8e-4135-8180-b4418ab97e95\">Las investigaciones cient\u00edficas, por su parte, son sustento para este tipo de medidas. La OMS, por ejemplo, plantea que aunque no se conocen del todo los efectos a largo plazo del cigarrillo electr\u00f3nico con nicotina, &#8220;se ha demostrado que<strong>&nbsp;libera sustancias t\u00f3xicas cancer\u00edgenas o que aumenta el riesgo de sufrir trastornos cardiacos y pulmonares<\/strong>&#8220;. Adem\u00e1s, esas sustancias pueden&nbsp;<strong>afectar al desarrollo del cerebro y causar trastornos del aprendizaje en los j\u00f3venes.&nbsp;<\/strong>Inclusive, un estudio de la Escuela de Salud P\u00fablica de la Universidad Texas demostr\u00f3 que el uso de cigarrillos electr\u00f3nicos&nbsp;<strong><a href=\"https:\/\/agencia.unq.edu.ar\/?p=16263\" target=\"_blank\" rel=\"noreferrer noopener\">aumenta el riesgo de asma en adolescentes<\/a>&nbsp;que nunca fumaron cigarrillos tradicionales.<\/strong> <\/p>\n\n\n\n<p class=\"wp-embed-aspect-16-9 wp-has-aspect-ratio\" id=\"block-792ca364-1b8e-4135-8180-b4418ab97e95\">En esta l\u00ednea, Peidr\u00f3 afirma: &#8220;Que la medida de Reino Unido se dirija directamente hacia quienes hoy son menores de 18 a\u00f1os es fundamental porque durante la adolescencia es cuando las personas somos m\u00e1s propensas a desarrollar adicciones que pueden durarnos toda la vida&#8221;.<\/p>\n\n\n\n<div class=\"wp-block-uagb-container uagb-block-e31d8b4a alignwide uagb-is-root-container\">\n<div class=\"wp-block-uagb-advanced-heading uagb-block-55d4c858\"><h4 class=\"uagb-heading-text\">\u00daltimas noticias de la secci\u00f3n Salud:<\/h4><\/div>\n\n\n\n\t\t\t<div class=\"wp-block-uagb-post-carousel uagb-post-grid  uagb-post__image-position-top uagb-post__image-enabled uagb-block-24e22604     uagb-post__arrow-outside uagb-slick-carousel uagb-post__items uagb-post__columns-3 is-carousel uagb-post__columns-tablet-2 uagb-post__columns-mobile-1\" data-total=\"40\" style=\"\">\n\n\t\t\t\t\t\t\t\t\t\t\t\t<article class=\"uagb-post__inner-wrap\">\t\t\t\t\t\t\t\t<div class='uagb-post__image'>\n\t\t\t\t\t\t\t\t\t<a href=\"https:\/\/agencia.unq.edu.ar\/?p=35918\" target=\"_self\" rel=\"bookmark noopener noreferrer\"><img loading=\"lazy\" decoding=\"async\" width=\"960\" height=\"388\" src=\"https:\/\/agencia.unq.edu.ar\/wp-content\/uploads\/2026\/04\/salud-digital-principal.jpg\" class=\"attachment-medium size-medium\" alt=\"La salud digital apareci\u00f3 durante la pandemia y lleg\u00f3 para quedarse (imagen: pro.campus.sanofi)\" \/>\t\t\t\t\t<\/a>\n\t\t\t\t\t\t\t\t\t<\/div>\n\t\t\t\t\t\t<h4 class=\"uagb-post__title uagb-post__text\">\n\t\t\t\t<a href=\"https:\/\/agencia.unq.edu.ar\/?p=35918\" target=\"_self\" rel=\"bookmark noopener noreferrer\">La medicina del futuro ya lleg\u00f3 y ser\u00e1 h\u00edbrida<\/a>\n\t\t\t<\/h4>\n\t\t\t\t\t\t<div class='uagb-post__text uagb-post-grid-byline'>\n\t\t\t\t\t\t\t<\/div>\n\t\t\t\n\t\t\t\t\t\t\t\t\t<\/article>\n\t\t\t\t\t\t\t\t\t\t\t\t\t\t\t\t<article class=\"uagb-post__inner-wrap\">\t\t\t\t\t\t\t\t<div class='uagb-post__image'>\n\t\t\t\t\t\t\t\t\t<a href=\"https:\/\/agencia.unq.edu.ar\/?p=35911\" target=\"_self\" rel=\"bookmark noopener noreferrer\"><img loading=\"lazy\" decoding=\"async\" width=\"960\" height=\"388\" src=\"https:\/\/agencia.unq.edu.ar\/wp-content\/uploads\/2026\/04\/Infartos-unsam-escaner.jpg\" class=\"attachment-medium size-medium\" alt=\"El esc\u00e1ner digitaliza el electrocardiograma y la IA da los resultados en segundos. Cr\u00e9ditos: UNSAM.\" \/>\t\t\t\t\t<\/a>\n\t\t\t\t\t\t\t\t\t<\/div>\n\t\t\t\t\t\t<h4 class=\"uagb-post__title uagb-post__text\">\n\t\t\t\t<a href=\"https:\/\/agencia.unq.edu.ar\/?p=35911\" target=\"_self\" rel=\"bookmark noopener noreferrer\">Cardiotrace: la UNSAM desarrolla un esc\u00e1ner con IA que ayuda a prevenir infartos<\/a>\n\t\t\t<\/h4>\n\t\t\t\t\t\t<div class='uagb-post__text uagb-post-grid-byline'>\n\t\t\t\t\t\t\t<\/div>\n\t\t\t\n\t\t\t\t\t\t\t\t\t<\/article>\n\t\t\t\t\t\t\t\t\t\t\t\t\t\t\t\t<article class=\"uagb-post__inner-wrap\">\t\t\t\t\t\t\t\t<div class='uagb-post__image'>\n\t\t\t\t\t\t\t\t\t<a href=\"https:\/\/agencia.unq.edu.ar\/?p=35885\" target=\"_self\" rel=\"bookmark noopener noreferrer\"><img loading=\"lazy\" decoding=\"async\" width=\"960\" height=\"388\" src=\"https:\/\/agencia.unq.edu.ar\/wp-content\/uploads\/2026\/04\/andar-en-bici.jpg\" class=\"attachment-medium size-medium\" alt=\"El equilibrio sobre dos ruedas no depende de los m\u00fasculos, sino de circuitos cerebrales que guardan movimientos practicados. Cr\u00e9ditos: Mayormente.\" \/>\t\t\t\t\t<\/a>\n\t\t\t\t\t\t\t\t\t<\/div>\n\t\t\t\t\t\t<h4 class=\"uagb-post__title uagb-post__text\">\n\t\t\t\t<a href=\"https:\/\/agencia.unq.edu.ar\/?p=35885\" target=\"_self\" rel=\"bookmark noopener noreferrer\">\u00bfPor qu\u00e9 nunca se olvida andar en bicicleta?<\/a>\n\t\t\t<\/h4>\n\t\t\t\t\t\t<div class='uagb-post__text uagb-post-grid-byline'>\n\t\t\t\t\t\t\t<\/div>\n\t\t\t\n\t\t\t\t\t\t\t\t\t<\/article>\n\t\t\t\t\t\t\t\t\t\t\t\t\t\t\t\t<article class=\"uagb-post__inner-wrap\">\t\t\t\t\t\t\t\t<div class='uagb-post__image'>\n\t\t\t\t\t\t\t\t\t<a href=\"https:\/\/agencia.unq.edu.ar\/?p=35843\" target=\"_self\" rel=\"bookmark noopener noreferrer\"><img loading=\"lazy\" decoding=\"async\" width=\"960\" height=\"388\" src=\"https:\/\/agencia.unq.edu.ar\/wp-content\/uploads\/2026\/04\/Alzheimer-demencia.jpg\" class=\"attachment-medium size-medium\" alt=\"La demencia es la s\u00e9ptima causa de defunci\u00f3n en todo el mundo. Cr\u00e9ditos: Centro M\u00e9dico ABC.\" \/>\t\t\t\t\t<\/a>\n\t\t\t\t\t\t\t\t\t<\/div>\n\t\t\t\t\t\t<h4 class=\"uagb-post__title uagb-post__text\">\n\t\t\t\t<a href=\"https:\/\/agencia.unq.edu.ar\/?p=35843\" target=\"_self\" rel=\"bookmark noopener noreferrer\">Hacer 150 minutos de actividad f\u00edsica y dormir ocho horas reduce el riesgo de demencia<\/a>\n\t\t\t<\/h4>\n\t\t\t\t\t\t<div class='uagb-post__text uagb-post-grid-byline'>\n\t\t\t\t\t\t\t<\/div>\n\t\t\t\n\t\t\t\t\t\t\t\t\t<\/article>\n\t\t\t\t\t\t\t\t\t\t\t\t\t\t\t\t<article class=\"uagb-post__inner-wrap\">\t\t\t\t\t\t\t\t<div class='uagb-post__image'>\n\t\t\t\t\t\t\t\t\t<a href=\"https:\/\/agencia.unq.edu.ar\/?p=35798\" target=\"_self\" rel=\"bookmark noopener noreferrer\"><img loading=\"lazy\" decoding=\"async\" width=\"960\" height=\"388\" src=\"https:\/\/agencia.unq.edu.ar\/wp-content\/uploads\/2026\/04\/desconexion.jpg\" class=\"attachment-medium size-medium\" alt=\"Algunos usuarios reportan alivio tras cerrar sus cuentas; otros sienten m\u00e1s soledad o reemplazan una app por otra igual de absorbente. Cr\u00e9dito: Unplash.\" \/>\t\t\t\t\t<\/a>\n\t\t\t\t\t\t\t\t\t<\/div>\n\t\t\t\t\t\t<h4 class=\"uagb-post__title uagb-post__text\">\n\t\t\t\t<a href=\"https:\/\/agencia.unq.edu.ar\/?p=35798\" target=\"_self\" rel=\"bookmark noopener noreferrer\">\u00bfDejar las redes sociales mejora la salud mental?<\/a>\n\t\t\t<\/h4>\n\t\t\t\t\t\t<div class='uagb-post__text uagb-post-grid-byline'>\n\t\t\t\t\t\t\t<\/div>\n\t\t\t\n\t\t\t\t\t\t\t\t\t<\/article>\n\t\t\t\t\t\t\t\t\t\t\t\t\t\t\t\t<article class=\"uagb-post__inner-wrap\">\t\t\t\t\t\t\t\t<div class='uagb-post__image'>\n\t\t\t\t\t\t\t\t\t<a href=\"https:\/\/agencia.unq.edu.ar\/?p=35734\" target=\"_self\" rel=\"bookmark noopener noreferrer\"><img loading=\"lazy\" decoding=\"async\" width=\"960\" height=\"388\" src=\"https:\/\/agencia.unq.edu.ar\/wp-content\/uploads\/2026\/04\/Homepatia-principal.jpg\" class=\"attachment-medium size-medium\" alt=\"El informe espa\u00f1ol revive la pol\u00e9mica respecto de la homeopat\u00eda (imagen: todoorl.net)\" \/>\t\t\t\t\t<\/a>\n\t\t\t\t\t\t\t\t\t<\/div>\n\t\t\t\t\t\t<h4 class=\"uagb-post__title uagb-post__text\">\n\t\t\t\t<a href=\"https:\/\/agencia.unq.edu.ar\/?p=35734\" target=\"_self\" rel=\"bookmark noopener noreferrer\">Homeopat\u00eda bajo la lupa: un informe en Espa\u00f1a descarta su eficacia y reabre el debate<\/a>\n\t\t\t<\/h4>\n\t\t\t\t\t\t<div class='uagb-post__text uagb-post-grid-byline'>\n\t\t\t\t\t\t\t<\/div>\n\t\t\t\n\t\t\t\t\t\t\t\t\t<\/article>\n\t\t\t\t\t\t\t\t\t\t\t\t\t\t\t\t<article class=\"uagb-post__inner-wrap\">\t\t\t\t\t\t\t\t<div class='uagb-post__image'>\n\t\t\t\t\t\t\t\t\t<a href=\"https:\/\/agencia.unq.edu.ar\/?p=35668\" target=\"_self\" rel=\"bookmark noopener noreferrer\"><img loading=\"lazy\" decoding=\"async\" width=\"960\" height=\"388\" src=\"https:\/\/agencia.unq.edu.ar\/wp-content\/uploads\/2026\/04\/Higado-graso.jpg\" class=\"attachment-medium size-medium\" alt=\"Cr\u00e9ditos: Actualidad m\u00e9dica.\" \/>\t\t\t\t\t<\/a>\n\t\t\t\t\t\t\t\t\t<\/div>\n\t\t\t\t\t\t<h4 class=\"uagb-post__title uagb-post__text\">\n\t\t\t\t<a href=\"https:\/\/agencia.unq.edu.ar\/?p=35668\" target=\"_self\" rel=\"bookmark noopener noreferrer\">H\u00edgado graso no alcoh\u00f3lico: el problema silencioso que desaf\u00eda a la salud p\u00fablica<\/a>\n\t\t\t<\/h4>\n\t\t\t\t\t\t<div class='uagb-post__text uagb-post-grid-byline'>\n\t\t\t\t\t\t\t<\/div>\n\t\t\t\n\t\t\t\t\t\t\t\t\t<\/article>\n\t\t\t\t\t\t\t\t\t\t\t\t\t\t\t\t<article class=\"uagb-post__inner-wrap\">\t\t\t\t\t\t\t\t<div class='uagb-post__image'>\n\t\t\t\t\t\t\t\t\t<a href=\"https:\/\/agencia.unq.edu.ar\/?p=35610\" target=\"_self\" rel=\"bookmark noopener noreferrer\"><img loading=\"lazy\" decoding=\"async\" width=\"960\" height=\"388\" src=\"https:\/\/agencia.unq.edu.ar\/wp-content\/uploads\/2026\/04\/iPiccy-img-5.jpg\" class=\"attachment-medium size-medium\" alt=\"Cr\u00e9ditos: Osten Clinic.\" \/>\t\t\t\t\t<\/a>\n\t\t\t\t\t\t\t\t\t<\/div>\n\t\t\t\t\t\t<h4 class=\"uagb-post__title uagb-post__text\">\n\t\t\t\t<a href=\"https:\/\/agencia.unq.edu.ar\/?p=35610\" target=\"_self\" rel=\"bookmark noopener noreferrer\">Un estudio sugiere que la contaminaci\u00f3n atmosf\u00e9rica puede aumentar las crisis de migra\u00f1a<\/a>\n\t\t\t<\/h4>\n\t\t\t\t\t\t<div class='uagb-post__text uagb-post-grid-byline'>\n\t\t\t\t\t\t\t<\/div>\n\t\t\t\n\t\t\t\t\t\t\t\t\t<\/article>\n\t\t\t\t\t\t\t\t\t\t\t<\/div>\n\t\t\t<\/div>\n\n\n\n<p class=\"wp-embed-aspect-16-9 wp-has-aspect-ratio\" id=\"block-792ca364-1b8e-4135-8180-b4418ab97e95\"><\/p>\n","protected":false},"excerpt":{"rendered":"<p>La normativa tambi\u00e9n restringe la comercializaci\u00f3n y promoci\u00f3n de los cigarrillos electr\u00f3nicos a los menores de edad. <\/p>\n","protected":false},"author":4,"featured_media":35764,"comment_status":"closed","ping_status":"closed","sticky":false,"template":"","format":"standard","meta":{"_uag_custom_page_level_css":"","_monsterinsights_skip_tracking":false,"_monsterinsights_sitenote_active":false,"_monsterinsights_sitenote_note":"","_monsterinsights_sitenote_category":0,"site-sidebar-layout":"default","site-content-layout":"","ast-site-content-layout":"default","site-content-style":"default","site-sidebar-style":"default","ast-global-header-display":"","ast-banner-title-visibility":"","ast-main-header-display":"","ast-hfb-above-header-display":"","ast-hfb-below-header-display":"","ast-hfb-mobile-header-display":"","site-post-title":"","ast-breadcrumbs-content":"","ast-featured-img":"","footer-sml-layout":"","ast-disable-related-posts":"","theme-transparent-header-meta":"","adv-header-id-meta":"","stick-header-meta":"","header-above-stick-meta":"","header-main-stick-meta":"","header-below-stick-meta":"","astra-migrate-meta-layouts":"default","ast-page-background-enabled":"default","ast-page-background-meta":{"desktop":{"background-color":"var(--ast-global-color-4)","background-image":"","background-repeat":"repeat","background-position":"center center","background-size":"auto","background-attachment":"scroll","background-type":"","background-media":"","overlay-type":"","overlay-color":"","overlay-opacity":"","overlay-gradient":""},"tablet":{"background-color":"","background-image":"","background-repeat":"repeat","background-position":"center center","background-size":"auto","background-attachment":"scroll","background-type":"","background-media":"","overlay-type":"","overlay-color":"","overlay-opacity":"","overlay-gradient":""},"mobile":{"background-color":"","background-image":"","background-repeat":"repeat","background-position":"center center","background-size":"auto","background-attachment":"scroll","background-type":"","background-media":"","overlay-type":"","overlay-color":"","overlay-opacity":"","overlay-gradient":""}},"ast-content-background-meta":{"desktop":{"background-color":"var(--ast-global-color-5)","background-image":"","background-repeat":"repeat","background-position":"center center","background-size":"auto","background-attachment":"scroll","background-type":"","background-media":"","overlay-type":"","overlay-color":"","overlay-opacity":"","overlay-gradient":""},"tablet":{"background-color":"var(--ast-global-color-5)","background-image":"","background-repeat":"repeat","background-position":"center center","background-size":"auto","background-attachment":"scroll","background-type":"","background-media":"","overlay-type":"","overlay-color":"","overlay-opacity":"","overlay-gradient":""},"mobile":{"background-color":"var(--ast-global-color-5)","background-image":"","background-repeat":"repeat","background-position":"center center","background-size":"auto","background-attachment":"scroll","background-type":"","background-media":"","overlay-type":"","overlay-color":"","overlay-opacity":"","overlay-gradient":""}},"footnotes":""},"categories":[16,9],"tags":[],"class_list":["post-35761","post","type-post","status-publish","format-standard","has-post-thumbnail","hentry","category-noticia-destacada","category-salud"],"aioseo_notices":[],"uagb_featured_image_src":{"full":["https:\/\/agencia.unq.edu.ar\/wp-content\/uploads\/2026\/04\/Cigarrillo-Reino-Unido-Tabaco.jpg",1040,420,false],"thumbnail":["https:\/\/agencia.unq.edu.ar\/wp-content\/uploads\/2026\/04\/Cigarrillo-Reino-Unido-Tabaco.jpg",150,61,false],"medium":["https:\/\/agencia.unq.edu.ar\/wp-content\/uploads\/2026\/04\/Cigarrillo-Reino-Unido-Tabaco.jpg",960,388,false],"medium_large":["https:\/\/agencia.unq.edu.ar\/wp-content\/uploads\/2026\/04\/Cigarrillo-Reino-Unido-Tabaco.jpg",768,310,false],"large":["https:\/\/agencia.unq.edu.ar\/wp-content\/uploads\/2026\/04\/Cigarrillo-Reino-Unido-Tabaco.jpg",1040,420,false],"1536x1536":["https:\/\/agencia.unq.edu.ar\/wp-content\/uploads\/2026\/04\/Cigarrillo-Reino-Unido-Tabaco.jpg",1040,420,false],"2048x2048":["https:\/\/agencia.unq.edu.ar\/wp-content\/uploads\/2026\/04\/Cigarrillo-Reino-Unido-Tabaco.jpg",1040,420,false]},"uagb_author_info":{"display_name":"Luciana Mazzini Puga","author_link":"https:\/\/agencia.unq.edu.ar\/?author=4"},"uagb_comment_info":0,"uagb_excerpt":"La normativa tambi\u00e9n restringe la comercializaci\u00f3n y promoci\u00f3n de los cigarrillos electr\u00f3nicos a los menores de edad.","blog_post_layout_featured_media_urls":{"thumbnail":["https:\/\/agencia.unq.edu.ar\/wp-content\/uploads\/2026\/04\/Cigarrillo-Reino-Unido-Tabaco.jpg",150,61,false],"full":["https:\/\/agencia.unq.edu.ar\/wp-content\/uploads\/2026\/04\/Cigarrillo-Reino-Unido-Tabaco.jpg",1040,420,false]},"categories_names":{"16":{"name":"Noticia destacada","link":"https:\/\/agencia.unq.edu.ar\/?cat=16"},"9":{"name":"Salud","link":"https:\/\/agencia.unq.edu.ar\/?cat=9"}},"tags_names":[],"comments_number":"0","_links":{"self":[{"href":"https:\/\/agencia.unq.edu.ar\/index.php?rest_route=\/wp\/v2\/posts\/35761","targetHints":{"allow":["GET"]}}],"collection":[{"href":"https:\/\/agencia.unq.edu.ar\/index.php?rest_route=\/wp\/v2\/posts"}],"about":[{"href":"https:\/\/agencia.unq.edu.ar\/index.php?rest_route=\/wp\/v2\/types\/post"}],"author":[{"embeddable":true,"href":"https:\/\/agencia.unq.edu.ar\/index.php?rest_route=\/wp\/v2\/users\/4"}],"replies":[{"embeddable":true,"href":"https:\/\/agencia.unq.edu.ar\/index.php?rest_route=%2Fwp%2Fv2%2Fcomments&post=35761"}],"version-history":[{"count":7,"href":"https:\/\/agencia.unq.edu.ar\/index.php?rest_route=\/wp\/v2\/posts\/35761\/revisions"}],"predecessor-version":[{"id":35771,"href":"https:\/\/agencia.unq.edu.ar\/index.php?rest_route=\/wp\/v2\/posts\/35761\/revisions\/35771"}],"wp:featuredmedia":[{"embeddable":true,"href":"https:\/\/agencia.unq.edu.ar\/index.php?rest_route=\/wp\/v2\/media\/35764"}],"wp:attachment":[{"href":"https:\/\/agencia.unq.edu.ar\/index.php?rest_route=%2Fwp%2Fv2%2Fmedia&parent=35761"}],"wp:term":[{"taxonomy":"category","embeddable":true,"href":"https:\/\/agencia.unq.edu.ar\/index.php?rest_route=%2Fwp%2Fv2%2Fcategories&post=35761"},{"taxonomy":"post_tag","embeddable":true,"href":"https:\/\/agencia.unq.edu.ar\/index.php?rest_route=%2Fwp%2Fv2%2Ftags&post=35761"}],"curies":[{"name":"wp","href":"https:\/\/api.w.org\/{rel}","templated":true}]}}