{"id":35798,"date":"2026-04-24T14:08:02","date_gmt":"2026-04-24T17:08:02","guid":{"rendered":"https:\/\/agencia.unq.edu.ar\/?p=35798"},"modified":"2026-04-27T17:14:49","modified_gmt":"2026-04-27T20:14:49","slug":"dejar-las-redes-sociales-mejora-la-salud-mental","status":"publish","type":"post","link":"https:\/\/agencia.unq.edu.ar\/?p=35798","title":{"rendered":"\u00bfDejar las redes sociales mejora la salud mental?"},"content":{"rendered":"\n<p class=\"wp-embed-aspect-16-9 wp-has-aspect-ratio has-medium-font-size\" id=\"block-e7a9ff36-ee0c-4796-9d2e-1fd69773da3a\">Estudios recientes analizan si abandonar Instagram, Facebook o TikTok mejora el bienestar emocional o si tambi\u00e9n puede aumentar la sensaci\u00f3n de soledad.<\/p>\n\n\n\n<figure class=\"wp-block-image aligncenter size-full\" id=\"block-c3ee2a7f-4bf9-43dd-a0f6-8acc1087bdbe\" style=\"margin-top:0px;margin-bottom:0px\"><img loading=\"lazy\" decoding=\"async\" width=\"1040\" height=\"420\" src=\"https:\/\/agencia.unq.edu.ar\/wp-content\/uploads\/2026\/04\/desconexion.jpg\" alt=\"Algunos usuarios reportan alivio tras cerrar sus cuentas; otros sienten m\u00e1s soledad o reemplazan una app por otra igual de absorbente. Cr\u00e9dito: Unplash.\" class=\"wp-image-35801\"\/><figcaption class=\"wp-element-caption\">Algunos usuarios reportan alivio tras cerrar sus cuentas; otros sienten m\u00e1s soledad o reemplazan una app por otra igual de absorbente. Cr\u00e9dito: Unplash.<\/figcaption><\/figure>\n\n\n\n<article class=\"wp-block-uagb-container uagb-layout-flex uagb-block-a41cc8eb default uagb-is-root-container\">\n<figure class=\"wp-block-uagb-container uagb-block-bb513af8\"><div style=\"color:#ac162c; line-height:0; padding-top:0;padding-bottom:0;padding-left:0;padding-right:0;\" class=\"has-text-align-center wp-elements-3de2e42bf1941d977bdf57d61182fa43 wp-block-post-time-to-read has-text-color\">6 minutos<\/div><\/figure>\n<\/article>\n\n\n\n<p class=\"wp-embed-aspect-16-9 wp-has-aspect-ratio\" id=\"block-792ca364-1b8e-4135-8180-b4418ab97e95\"><strong>Apagar una red social<\/strong> parece, a primera vista, <strong>un gesto m\u00ednimo<\/strong>. Se toca una pantalla, se borra una aplicaci\u00f3n, se desactiva una cuenta. <strong>Nada demasiado heroico<\/strong>. Sin embargo, detr\u00e1s de ese movimiento dom\u00e9stico empieza a crecer una pregunta que ya ocupa a <strong>universidades, m\u00e9dicos y psic\u00f3logos<\/strong>: <strong>qu\u00e9 le pasa al \u00e1nimo<\/strong> cuando una persona deja de <strong>mirar, comparar, responder, esperar y deslizar el dedo durante horas<\/strong>. La respuesta, por ahora, <strong>no entra en un eslogan<\/strong>. Ni <strong>\u201clas redes destruyen la salud mental\u201d<\/strong> ni <strong>\u201ctodo depende de cada uno\u201d<\/strong> alcanzan para explicar el fen\u00f3meno. La evidencia cient\u00edfica empieza a mostrar algo m\u00e1s interesante: <strong>tomar distancia puede hacer bien<\/strong>, pero no siempre por las razones que se repiten en <strong>los discursos de moda<\/strong>. Y tampoco sirve igual para todos.<\/p>\n\n\n\n<p>La <a href=\"https:\/\/agencia.unq.edu.ar\/\" target=\"_blank\" rel=\"noopener\" title=\"\">Agencia de Noticias Cient\u00edficas de la Universidad Nacional de Quilmes<\/a> accedi\u00f3 a uno de los <a href=\"https:\/\/web.stanford.edu\/~gentzkow\/research\/emotional_state.pdf\" target=\"_blank\" rel=\"noopener\" title=\"\">trabajos<\/a><strong> sobre el tema<\/strong>, realizado por investigadores vinculados a la <strong>Universidad de Stanford<\/strong>, donde se analizaron dos experimentos realizados antes de la elecci\u00f3n presidencial de Estados Unidos de 2020. Usuarios de <strong>Facebook e Instagram<\/strong> fueron invitados a <strong>desactivar sus cuentas durante seis semanas<\/strong>, mientras otros continuaron us\u00e1ndolas como grupo de comparaci\u00f3n. En total, el proyecto analiz\u00f3 dos experimentos con 35.442 participantes: 19.857 usuarios de Facebook y 15.585 de Instagram, y midi\u00f3 indicadores de <strong>felicidad, ansiedad y depresi\u00f3n<\/strong>.<\/p>\n\n\n\n<p><strong>A partir de esa comparaci\u00f3n, los n\u00fameros muestran una mejora modesta.<\/strong> Al dejar Facebook, los participantes registraron un peque\u00f1o avance en un indicador que reun\u00eda niveles de felicidad, ansiedad y depresi\u00f3n. En Instagram, el efecto tambi\u00e9n apareci\u00f3, aunque fue algo menor. Traducido: abandonar esas redes no cambi\u00f3 la vida de nadie de un d\u00eda para el otro, pero s\u00ed produjo una mejora leve y detectable en el bienestar emocional. El mismo estudio, sin embargo, encontr\u00f3 <strong>una trampa conocida<\/strong>: dejar una red <strong>no necesariamente significa usar menos el celular<\/strong>. Parte del tiempo liberado en Facebook, y pr\u00e1cticamente todo el tiempo liberado en Instagram, termin\u00f3 desplaz\u00e1ndose hacia <strong>otras aplicaciones<\/strong>. Es decir, muchas personas <strong>no salieron de internet<\/strong>. <strong>Apenas cambiaron de habitaci\u00f3n<\/strong>.<\/p>\n\n\n\n<p>Ah\u00ed aparece <strong>una de las claves del problema<\/strong>. El cansancio no siempre est\u00e1 en <strong>una plataforma puntual<\/strong>, sino en <strong>la l\u00f3gica completa de la conexi\u00f3n permanente<\/strong>. Se borra Instagram, pero aparece TikTok. Se cierra Facebook, pero se abre YouTube. Se deja el feed, pero se cae en videos cortos. <strong>El dedo no descansa: solo cambia de escenario<\/strong>. <\/p>\n\n\n\n<p>Otro <a href=\"https:\/\/journals.sagepub.com\/doi\/10.1089\/cyber.2021.0324\" target=\"_blank\" rel=\"noopener\" title=\"\">estudio<\/a> visitado por la <a href=\"https:\/\/agencia.unq.edu.ar\/\" target=\"_blank\" rel=\"noopener\" title=\"\">Agencia<\/a> fue realizado por investigadores de la <strong>Universidad de Bath<\/strong>, y <strong>prob\u00f3 una intervenci\u00f3n m\u00e1s breve y m\u00e1s cercana a la vida cotidiana<\/strong>. Los autores dividieron a <strong>154 participantes<\/strong> en <strong>dos grupos<\/strong>: unos dejaron <strong>Facebook, Instagram, Twitter y TikTok durante una semana<\/strong>; otros siguieron usando redes como siempre. <strong>Despu\u00e9s de siete d\u00edas<\/strong>, quienes hicieron la pausa reportaron <strong>m\u00e1s bienestar<\/strong> y <strong>menos s\u00edntomas de depresi\u00f3n y ansiedad<\/strong>.<\/p>\n\n\n\n<p><strong>Una semana. Eso es todo.<\/strong> En t\u00e9rminos cl\u00ednicos, es poco. En t\u00e9rminos de vida digital, puede parecer <strong>una expedici\u00f3n al desierto<\/strong>. El estudio mostr\u00f3 que <strong>incluso un corte breve puede mover algo en el estado de \u00e1nimo<\/strong>. No porque la pantalla sea un demonio con bater\u00eda, sino porque muchas veces <strong>organiza el d\u00eda con una intensidad que reci\u00e9n se nota cuando desaparece<\/strong>. Pero la ciencia tambi\u00e9n empieza a mostrar que <strong>no todos viven igual esa abstinencia<\/strong>. Los investigadores analizaron qu\u00e9 pasa con las personas cuando intentan sostener una pausa en redes. El trabajo identific\u00f3 <strong>perfiles distintos<\/strong>: <strong>usuarios m\u00e1s compulsivos<\/strong>, <strong>usuarios moderados<\/strong>, personas que <strong>logran sostener el corte<\/strong> y otras que <strong>quieren desconectarse pero la pasan mal durante el intento<\/strong>.<\/p>\n\n\n\n<p>Es decir, <strong>no es lo mismo dejar Instagram<\/strong> si alguien entra <strong>diez minutos por d\u00eda<\/strong> que si vive pendiente de <strong>qui\u00e9n mir\u00f3 su historia, qui\u00e9n puso like, qui\u00e9n contest\u00f3, qui\u00e9n no contest\u00f3 y qui\u00e9n desapareci\u00f3 sin explicaci\u00f3n<\/strong>. <strong>El problema no es solo el tiempo. Es la relaci\u00f3n emocional con ese tiempo.<\/strong><\/p>\n\n\n\n<h2 class=\"wp-block-heading\">Desconectarse del todo tiene su costo<\/h2>\n\n\n\n<p>Y despu\u00e9s est\u00e1 <strong>la otra cara<\/strong>, la que incomoda a <strong>los discursos m\u00e1s tajantes<\/strong>: <strong>las redes tambi\u00e9n conectan<\/strong>. A veces mal, a veces de manera <strong>superficial, ansiosa o exhibicionista<\/strong>. Pero conectan. Sirven para <strong>sostener v\u00ednculos d\u00e9biles<\/strong>, <strong>enterarse de cumplea\u00f1os<\/strong>, <strong>seguir la vida de personas que quedaron lejos<\/strong>, <strong>encontrar comunidades<\/strong>, <strong>circular informaci\u00f3n<\/strong> y <strong>participar de conversaciones<\/strong> que ya no ocurren solo en la vereda, el aula o la mesa familiar. <strong>Por eso, desconectarse tambi\u00e9n puede tener costo.<\/strong><\/p>\n\n\n\n<p>Una <a href=\"https:\/\/jamanetwork.com\/journals\/jamapediatrics\/article-abstract\/2843720\" target=\"_blank\" rel=\"noopener\" title=\"\">investigaci\u00f3n<\/a> publicada en <strong>JAMA Pediatrics<\/strong>, <strong>analiz\u00f3 datos de 100.991 adolescentes australianos<\/strong> entre cuarto grado y el \u00faltimo a\u00f1o de secundaria. El resultado fue <strong>menos lineal de lo que muchos esperar\u00edan<\/strong>: <strong>el mayor bienestar apareci\u00f3 asociado al uso moderado de redes<\/strong>, mientras que <strong>tanto el uso m\u00e1s alto como la ausencia total<\/strong> se vincularon con <strong>peores indicadores<\/strong> en determinados grupos y etapas del desarrollo. Los autores advierten, adem\u00e1s, que <strong>se trata de un estudio observacional<\/strong> y que los resultados deben <strong>interpretarse con cautela<\/strong>.<\/p>\n\n\n\n<p>El hallazgo <strong>no absuelve a las plataformas<\/strong>. No dice que todo est\u00e9 bien ni que los algoritmos sean inocentes. Pero <strong>rompe la idea de que \u201cpantalla cero\u201d siempre equivale a salud mental<\/strong>. En adolescentes, sobre todo, <strong>no usar redes tambi\u00e9n puede significar quedar afuera del grupo, del chiste, de la invitaci\u00f3n, de la conversaci\u00f3n<\/strong> y de una parte del <strong>mapa afectivo<\/strong> donde hoy se juega la pertenencia.<\/p>\n\n\n\n<p>La pregunta, entonces, <strong>cambia<\/strong>. Ya no alcanza con medir <strong>cu\u00e1ntas horas<\/strong> pasa una persona frente al celular. Hay que mirar <strong>qu\u00e9 hace ah\u00ed, qu\u00e9 busca, qu\u00e9 recibe, qu\u00e9 pierde y qu\u00e9 reemplaza cuando se va<\/strong>. Si una red funciona como <strong>m\u00e1quina de comparaci\u00f3n, vigilancia y ansiedad<\/strong>, la pausa puede traer alivio. Si funciona como <strong>puente con amigos, identidad o comunidad<\/strong>, borrarla de golpe puede dejar <strong>m\u00e1s vac\u00edo que calma<\/strong>. En el medio queda la zona m\u00e1s dif\u00edcil, pero tambi\u00e9n la m\u00e1s real: <strong>aprender a distinguir cu\u00e1ndo una aplicaci\u00f3n acompa\u00f1a y cu\u00e1ndo empieza a gobernar<\/strong>.<\/p>\n\n\n\n<p>Tambi\u00e9n importa <strong>qu\u00e9 se hace con el tiempo recuperado<\/strong>. Cerrar Instagram para pasar seis horas mirando otra pantalla <strong>no parece una revoluci\u00f3n interior<\/strong>. Cambiar el scroll por <strong>una noche de sue\u00f1o, una caminata, una charla, estudio, lectura o aburrimiento verdadero<\/strong> puede ser otra historia. <strong>La pausa sirve m\u00e1s cuando no queda como hueco, sino como puerta.<\/strong><\/p>\n\n\n\n<p>La evidencia <strong>todav\u00eda no dicta sentencia<\/strong>. Algunos estudios duran pocos d\u00edas o semanas. Otros dependen de lo que los propios participantes informan. Otros se hicieron en <strong>contextos particulares<\/strong>, como una elecci\u00f3n presidencial en Estados Unidos. Y casi ninguno logra separar con precisi\u00f3n actividades muy distintas: <strong>hablar con amigos, informarse, trabajar, mirar videos infinitos o compararse con vidas ajenas cuidadosamente editadas<\/strong>. Aun as\u00ed, empieza a quedar <strong>una idea bastante firme<\/strong>. <strong>El bienestar no mejora por arte de magia cuando alguien borra una aplicaci\u00f3n<\/strong>. Mejora, en algunos casos, cuando esa decisi\u00f3n <strong>corta un circuito de uso compulsivo<\/strong> y <strong>abre espacio para una vida menos fragmentada<\/strong>. <\/p>\n\n\n\n<p><\/p>\n\n\n\n<div class=\"wp-block-uagb-container uagb-block-e31d8b4a alignwide uagb-is-root-container\">\n<div class=\"wp-block-uagb-advanced-heading uagb-block-55d4c858\"><h4 class=\"uagb-heading-text\">\u00daltimas noticias de la secci\u00f3n Salud:<\/h4><\/div>\n\n\n\n\t\t\t<div class=\"wp-block-uagb-post-carousel uagb-post-grid  uagb-post__image-position-top uagb-post__image-enabled uagb-block-24e22604     uagb-post__arrow-outside uagb-slick-carousel uagb-post__items uagb-post__columns-3 is-carousel uagb-post__columns-tablet-2 uagb-post__columns-mobile-1\" data-total=\"40\" style=\"\">\n\n\t\t\t\t\t\t\t\t\t\t\t\t<article class=\"uagb-post__inner-wrap\">\t\t\t\t\t\t\t\t<div class='uagb-post__image'>\n\t\t\t\t\t\t\t\t\t<a href=\"https:\/\/agencia.unq.edu.ar\/?p=35918\" target=\"_self\" rel=\"bookmark noopener noreferrer\"><img loading=\"lazy\" decoding=\"async\" width=\"960\" height=\"388\" src=\"https:\/\/agencia.unq.edu.ar\/wp-content\/uploads\/2026\/04\/salud-digital-principal.jpg\" class=\"attachment-medium size-medium\" alt=\"La salud digital apareci\u00f3 durante la pandemia y lleg\u00f3 para quedarse (imagen: pro.campus.sanofi)\" \/>\t\t\t\t\t<\/a>\n\t\t\t\t\t\t\t\t\t<\/div>\n\t\t\t\t\t\t<h4 class=\"uagb-post__title uagb-post__text\">\n\t\t\t\t<a href=\"https:\/\/agencia.unq.edu.ar\/?p=35918\" target=\"_self\" rel=\"bookmark noopener noreferrer\">La medicina del futuro ya lleg\u00f3 y ser\u00e1 h\u00edbrida<\/a>\n\t\t\t<\/h4>\n\t\t\t\t\t\t<div class='uagb-post__text uagb-post-grid-byline'>\n\t\t\t\t\t\t\t<\/div>\n\t\t\t\n\t\t\t\t\t\t\t\t\t<\/article>\n\t\t\t\t\t\t\t\t\t\t\t\t\t\t\t\t<article class=\"uagb-post__inner-wrap\">\t\t\t\t\t\t\t\t<div class='uagb-post__image'>\n\t\t\t\t\t\t\t\t\t<a href=\"https:\/\/agencia.unq.edu.ar\/?p=35911\" target=\"_self\" rel=\"bookmark noopener noreferrer\"><img loading=\"lazy\" decoding=\"async\" width=\"960\" height=\"388\" src=\"https:\/\/agencia.unq.edu.ar\/wp-content\/uploads\/2026\/04\/Infartos-unsam-escaner.jpg\" class=\"attachment-medium size-medium\" alt=\"El esc\u00e1ner digitaliza el electrocardiograma y la IA da los resultados en segundos. Cr\u00e9ditos: UNSAM.\" \/>\t\t\t\t\t<\/a>\n\t\t\t\t\t\t\t\t\t<\/div>\n\t\t\t\t\t\t<h4 class=\"uagb-post__title uagb-post__text\">\n\t\t\t\t<a href=\"https:\/\/agencia.unq.edu.ar\/?p=35911\" target=\"_self\" rel=\"bookmark noopener noreferrer\">Cardiotrace: la UNSAM desarrolla un esc\u00e1ner con IA que ayuda a prevenir infartos<\/a>\n\t\t\t<\/h4>\n\t\t\t\t\t\t<div class='uagb-post__text uagb-post-grid-byline'>\n\t\t\t\t\t\t\t<\/div>\n\t\t\t\n\t\t\t\t\t\t\t\t\t<\/article>\n\t\t\t\t\t\t\t\t\t\t\t\t\t\t\t\t<article class=\"uagb-post__inner-wrap\">\t\t\t\t\t\t\t\t<div class='uagb-post__image'>\n\t\t\t\t\t\t\t\t\t<a href=\"https:\/\/agencia.unq.edu.ar\/?p=35885\" target=\"_self\" rel=\"bookmark noopener noreferrer\"><img loading=\"lazy\" decoding=\"async\" width=\"960\" height=\"388\" src=\"https:\/\/agencia.unq.edu.ar\/wp-content\/uploads\/2026\/04\/andar-en-bici.jpg\" class=\"attachment-medium size-medium\" alt=\"El equilibrio sobre dos ruedas no depende de los m\u00fasculos, sino de circuitos cerebrales que guardan movimientos practicados. Cr\u00e9ditos: Mayormente.\" \/>\t\t\t\t\t<\/a>\n\t\t\t\t\t\t\t\t\t<\/div>\n\t\t\t\t\t\t<h4 class=\"uagb-post__title uagb-post__text\">\n\t\t\t\t<a href=\"https:\/\/agencia.unq.edu.ar\/?p=35885\" target=\"_self\" rel=\"bookmark noopener noreferrer\">\u00bfPor qu\u00e9 nunca se olvida andar en bicicleta?<\/a>\n\t\t\t<\/h4>\n\t\t\t\t\t\t<div class='uagb-post__text uagb-post-grid-byline'>\n\t\t\t\t\t\t\t<\/div>\n\t\t\t\n\t\t\t\t\t\t\t\t\t<\/article>\n\t\t\t\t\t\t\t\t\t\t\t\t\t\t\t\t<article class=\"uagb-post__inner-wrap\">\t\t\t\t\t\t\t\t<div class='uagb-post__image'>\n\t\t\t\t\t\t\t\t\t<a href=\"https:\/\/agencia.unq.edu.ar\/?p=35843\" target=\"_self\" rel=\"bookmark noopener noreferrer\"><img loading=\"lazy\" decoding=\"async\" width=\"960\" height=\"388\" src=\"https:\/\/agencia.unq.edu.ar\/wp-content\/uploads\/2026\/04\/Alzheimer-demencia.jpg\" class=\"attachment-medium size-medium\" alt=\"La demencia es la s\u00e9ptima causa de defunci\u00f3n en todo el mundo. Cr\u00e9ditos: Centro M\u00e9dico ABC.\" \/>\t\t\t\t\t<\/a>\n\t\t\t\t\t\t\t\t\t<\/div>\n\t\t\t\t\t\t<h4 class=\"uagb-post__title uagb-post__text\">\n\t\t\t\t<a href=\"https:\/\/agencia.unq.edu.ar\/?p=35843\" target=\"_self\" rel=\"bookmark noopener noreferrer\">Hacer 150 minutos de actividad f\u00edsica y dormir ocho horas reduce el riesgo de demencia<\/a>\n\t\t\t<\/h4>\n\t\t\t\t\t\t<div class='uagb-post__text uagb-post-grid-byline'>\n\t\t\t\t\t\t\t<\/div>\n\t\t\t\n\t\t\t\t\t\t\t\t\t<\/article>\n\t\t\t\t\t\t\t\t\t\t\t\t\t\t\t\t<article class=\"uagb-post__inner-wrap\">\t\t\t\t\t\t\t\t<div class='uagb-post__image'>\n\t\t\t\t\t\t\t\t\t<a href=\"https:\/\/agencia.unq.edu.ar\/?p=35761\" target=\"_self\" rel=\"bookmark noopener noreferrer\"><img loading=\"lazy\" decoding=\"async\" width=\"960\" height=\"388\" src=\"https:\/\/agencia.unq.edu.ar\/wp-content\/uploads\/2026\/04\/Cigarrillo-Reino-Unido-Tabaco.jpg\" class=\"attachment-medium size-medium\" alt=\"Mujer fumando un cigarrillo.\" \/>\t\t\t\t\t<\/a>\n\t\t\t\t\t\t\t\t\t<\/div>\n\t\t\t\t\t\t<h4 class=\"uagb-post__title uagb-post__text\">\n\t\t\t\t<a href=\"https:\/\/agencia.unq.edu.ar\/?p=35761\" target=\"_self\" rel=\"bookmark noopener noreferrer\">Hacia una generaci\u00f3n libre de humo: Reino Unido proh\u00edbe el tabaco a los nacidos a partir de 2009\u00a0<\/a>\n\t\t\t<\/h4>\n\t\t\t\t\t\t<div class='uagb-post__text uagb-post-grid-byline'>\n\t\t\t\t\t\t\t<\/div>\n\t\t\t\n\t\t\t\t\t\t\t\t\t<\/article>\n\t\t\t\t\t\t\t\t\t\t\t\t\t\t\t\t<article class=\"uagb-post__inner-wrap\">\t\t\t\t\t\t\t\t<div class='uagb-post__image'>\n\t\t\t\t\t\t\t\t\t<a href=\"https:\/\/agencia.unq.edu.ar\/?p=35734\" target=\"_self\" rel=\"bookmark noopener noreferrer\"><img loading=\"lazy\" decoding=\"async\" width=\"960\" height=\"388\" src=\"https:\/\/agencia.unq.edu.ar\/wp-content\/uploads\/2026\/04\/Homepatia-principal.jpg\" class=\"attachment-medium size-medium\" alt=\"El informe espa\u00f1ol revive la pol\u00e9mica respecto de la homeopat\u00eda (imagen: todoorl.net)\" \/>\t\t\t\t\t<\/a>\n\t\t\t\t\t\t\t\t\t<\/div>\n\t\t\t\t\t\t<h4 class=\"uagb-post__title uagb-post__text\">\n\t\t\t\t<a href=\"https:\/\/agencia.unq.edu.ar\/?p=35734\" target=\"_self\" rel=\"bookmark noopener noreferrer\">Homeopat\u00eda bajo la lupa: un informe en Espa\u00f1a descarta su eficacia y reabre el debate<\/a>\n\t\t\t<\/h4>\n\t\t\t\t\t\t<div class='uagb-post__text uagb-post-grid-byline'>\n\t\t\t\t\t\t\t<\/div>\n\t\t\t\n\t\t\t\t\t\t\t\t\t<\/article>\n\t\t\t\t\t\t\t\t\t\t\t\t\t\t\t\t<article class=\"uagb-post__inner-wrap\">\t\t\t\t\t\t\t\t<div class='uagb-post__image'>\n\t\t\t\t\t\t\t\t\t<a href=\"https:\/\/agencia.unq.edu.ar\/?p=35668\" target=\"_self\" rel=\"bookmark noopener noreferrer\"><img loading=\"lazy\" decoding=\"async\" width=\"960\" height=\"388\" src=\"https:\/\/agencia.unq.edu.ar\/wp-content\/uploads\/2026\/04\/Higado-graso.jpg\" class=\"attachment-medium size-medium\" alt=\"Cr\u00e9ditos: Actualidad m\u00e9dica.\" \/>\t\t\t\t\t<\/a>\n\t\t\t\t\t\t\t\t\t<\/div>\n\t\t\t\t\t\t<h4 class=\"uagb-post__title uagb-post__text\">\n\t\t\t\t<a href=\"https:\/\/agencia.unq.edu.ar\/?p=35668\" target=\"_self\" rel=\"bookmark noopener noreferrer\">H\u00edgado graso no alcoh\u00f3lico: el problema silencioso que desaf\u00eda a la salud p\u00fablica<\/a>\n\t\t\t<\/h4>\n\t\t\t\t\t\t<div class='uagb-post__text uagb-post-grid-byline'>\n\t\t\t\t\t\t\t<\/div>\n\t\t\t\n\t\t\t\t\t\t\t\t\t<\/article>\n\t\t\t\t\t\t\t\t\t\t\t\t\t\t\t\t<article class=\"uagb-post__inner-wrap\">\t\t\t\t\t\t\t\t<div class='uagb-post__image'>\n\t\t\t\t\t\t\t\t\t<a href=\"https:\/\/agencia.unq.edu.ar\/?p=35610\" target=\"_self\" rel=\"bookmark noopener noreferrer\"><img loading=\"lazy\" decoding=\"async\" width=\"960\" height=\"388\" src=\"https:\/\/agencia.unq.edu.ar\/wp-content\/uploads\/2026\/04\/iPiccy-img-5.jpg\" class=\"attachment-medium size-medium\" alt=\"Cr\u00e9ditos: Osten Clinic.\" \/>\t\t\t\t\t<\/a>\n\t\t\t\t\t\t\t\t\t<\/div>\n\t\t\t\t\t\t<h4 class=\"uagb-post__title uagb-post__text\">\n\t\t\t\t<a href=\"https:\/\/agencia.unq.edu.ar\/?p=35610\" target=\"_self\" rel=\"bookmark noopener noreferrer\">Un estudio sugiere que la contaminaci\u00f3n atmosf\u00e9rica puede aumentar las crisis de migra\u00f1a<\/a>\n\t\t\t<\/h4>\n\t\t\t\t\t\t<div class='uagb-post__text uagb-post-grid-byline'>\n\t\t\t\t\t\t\t<\/div>\n\t\t\t\n\t\t\t\t\t\t\t\t\t<\/article>\n\t\t\t\t\t\t\t\t\t\t\t<\/div>\n\t\t\t<\/div>\n","protected":false},"excerpt":{"rendered":"<p>Estudios recientes analizan si abandonar Instagram, Facebook o TikTok mejora el bienestar emocional o si tambi\u00e9n puede aumentar la sensaci\u00f3n de soledad.<\/p>\n","protected":false},"author":7,"featured_media":35801,"comment_status":"closed","ping_status":"closed","sticky":false,"template":"","format":"standard","meta":{"_uag_custom_page_level_css":"","_monsterinsights_skip_tracking":false,"_monsterinsights_sitenote_active":false,"_monsterinsights_sitenote_note":"","_monsterinsights_sitenote_category":0,"site-sidebar-layout":"default","site-content-layout":"","ast-site-content-layout":"default","site-content-style":"default","site-sidebar-style":"default","ast-global-header-display":"","ast-banner-title-visibility":"","ast-main-header-display":"","ast-hfb-above-header-display":"","ast-hfb-below-header-display":"","ast-hfb-mobile-header-display":"","site-post-title":"","ast-breadcrumbs-content":"","ast-featured-img":"","footer-sml-layout":"","ast-disable-related-posts":"","theme-transparent-header-meta":"","adv-header-id-meta":"","stick-header-meta":"","header-above-stick-meta":"","header-main-stick-meta":"","header-below-stick-meta":"","astra-migrate-meta-layouts":"default","ast-page-background-enabled":"default","ast-page-background-meta":{"desktop":{"background-color":"var(--ast-global-color-4)","background-image":"","background-repeat":"repeat","background-position":"center center","background-size":"auto","background-attachment":"scroll","background-type":"","background-media":"","overlay-type":"","overlay-color":"","overlay-opacity":"","overlay-gradient":""},"tablet":{"background-color":"","background-image":"","background-repeat":"repeat","background-position":"center center","background-size":"auto","background-attachment":"scroll","background-type":"","background-media":"","overlay-type":"","overlay-color":"","overlay-opacity":"","overlay-gradient":""},"mobile":{"background-color":"","background-image":"","background-repeat":"repeat","background-position":"center center","background-size":"auto","background-attachment":"scroll","background-type":"","background-media":"","overlay-type":"","overlay-color":"","overlay-opacity":"","overlay-gradient":""}},"ast-content-background-meta":{"desktop":{"background-color":"var(--ast-global-color-5)","background-image":"","background-repeat":"repeat","background-position":"center center","background-size":"auto","background-attachment":"scroll","background-type":"","background-media":"","overlay-type":"","overlay-color":"","overlay-opacity":"","overlay-gradient":""},"tablet":{"background-color":"var(--ast-global-color-5)","background-image":"","background-repeat":"repeat","background-position":"center center","background-size":"auto","background-attachment":"scroll","background-type":"","background-media":"","overlay-type":"","overlay-color":"","overlay-opacity":"","overlay-gradient":""},"mobile":{"background-color":"var(--ast-global-color-5)","background-image":"","background-repeat":"repeat","background-position":"center center","background-size":"auto","background-attachment":"scroll","background-type":"","background-media":"","overlay-type":"","overlay-color":"","overlay-opacity":"","overlay-gradient":""}},"footnotes":""},"categories":[9],"tags":[909],"class_list":["post-35798","post","type-post","status-publish","format-standard","has-post-thumbnail","hentry","category-salud","tag-cultura-digital"],"aioseo_notices":[],"uagb_featured_image_src":{"full":["https:\/\/agencia.unq.edu.ar\/wp-content\/uploads\/2026\/04\/desconexion.jpg",1040,420,false],"thumbnail":["https:\/\/agencia.unq.edu.ar\/wp-content\/uploads\/2026\/04\/desconexion.jpg",150,61,false],"medium":["https:\/\/agencia.unq.edu.ar\/wp-content\/uploads\/2026\/04\/desconexion.jpg",960,388,false],"medium_large":["https:\/\/agencia.unq.edu.ar\/wp-content\/uploads\/2026\/04\/desconexion.jpg",768,310,false],"large":["https:\/\/agencia.unq.edu.ar\/wp-content\/uploads\/2026\/04\/desconexion.jpg",1040,420,false],"1536x1536":["https:\/\/agencia.unq.edu.ar\/wp-content\/uploads\/2026\/04\/desconexion.jpg",1040,420,false],"2048x2048":["https:\/\/agencia.unq.edu.ar\/wp-content\/uploads\/2026\/04\/desconexion.jpg",1040,420,false]},"uagb_author_info":{"display_name":"Mar\u00eda Ximena Perez","author_link":"https:\/\/agencia.unq.edu.ar\/?author=7"},"uagb_comment_info":0,"uagb_excerpt":"Estudios recientes analizan si abandonar Instagram, Facebook o TikTok mejora el bienestar emocional o si tambi\u00e9n puede aumentar la sensaci\u00f3n de soledad.","blog_post_layout_featured_media_urls":{"thumbnail":["https:\/\/agencia.unq.edu.ar\/wp-content\/uploads\/2026\/04\/desconexion.jpg",150,61,false],"full":["https:\/\/agencia.unq.edu.ar\/wp-content\/uploads\/2026\/04\/desconexion.jpg",1040,420,false]},"categories_names":{"9":{"name":"Salud","link":"https:\/\/agencia.unq.edu.ar\/?cat=9"}},"tags_names":{"909":{"name":"Cultura digital","link":"https:\/\/agencia.unq.edu.ar\/?tag=cultura-digital"}},"comments_number":"0","_links":{"self":[{"href":"https:\/\/agencia.unq.edu.ar\/index.php?rest_route=\/wp\/v2\/posts\/35798","targetHints":{"allow":["GET"]}}],"collection":[{"href":"https:\/\/agencia.unq.edu.ar\/index.php?rest_route=\/wp\/v2\/posts"}],"about":[{"href":"https:\/\/agencia.unq.edu.ar\/index.php?rest_route=\/wp\/v2\/types\/post"}],"author":[{"embeddable":true,"href":"https:\/\/agencia.unq.edu.ar\/index.php?rest_route=\/wp\/v2\/users\/7"}],"replies":[{"embeddable":true,"href":"https:\/\/agencia.unq.edu.ar\/index.php?rest_route=%2Fwp%2Fv2%2Fcomments&post=35798"}],"version-history":[{"count":24,"href":"https:\/\/agencia.unq.edu.ar\/index.php?rest_route=\/wp\/v2\/posts\/35798\/revisions"}],"predecessor-version":[{"id":35874,"href":"https:\/\/agencia.unq.edu.ar\/index.php?rest_route=\/wp\/v2\/posts\/35798\/revisions\/35874"}],"wp:featuredmedia":[{"embeddable":true,"href":"https:\/\/agencia.unq.edu.ar\/index.php?rest_route=\/wp\/v2\/media\/35801"}],"wp:attachment":[{"href":"https:\/\/agencia.unq.edu.ar\/index.php?rest_route=%2Fwp%2Fv2%2Fmedia&parent=35798"}],"wp:term":[{"taxonomy":"category","embeddable":true,"href":"https:\/\/agencia.unq.edu.ar\/index.php?rest_route=%2Fwp%2Fv2%2Fcategories&post=35798"},{"taxonomy":"post_tag","embeddable":true,"href":"https:\/\/agencia.unq.edu.ar\/index.php?rest_route=%2Fwp%2Fv2%2Ftags&post=35798"}],"curies":[{"name":"wp","href":"https:\/\/api.w.org\/{rel}","templated":true}]}}