{"id":35830,"date":"2026-04-24T15:11:25","date_gmt":"2026-04-24T18:11:25","guid":{"rendered":"https:\/\/agencia.unq.edu.ar\/?p=35830"},"modified":"2026-04-27T17:14:53","modified_gmt":"2026-04-27T20:14:53","slug":"palantir-y-peter-thiel-se-acerca-el-tecnofascismo-a-la-argentina","status":"publish","type":"post","link":"https:\/\/agencia.unq.edu.ar\/?p=35830","title":{"rendered":"Palantir y Peter Thiel: \u00bfse acerca el tecnofascismo a la Argentina?"},"content":{"rendered":"\n<p class=\"wp-embed-aspect-16-9 wp-has-aspect-ratio has-medium-font-size\" id=\"block-e7a9ff36-ee0c-4796-9d2e-1fd69773da3a\">No solo se trata de negocios, sino de una mirada que redefine la libertad y la democracia a partir del control de los datos de la poblaci\u00f3n.<\/p>\n\n\n\n<figure class=\"wp-block-image aligncenter size-full\" id=\"block-c3ee2a7f-4bf9-43dd-a0f6-8acc1087bdbe\" style=\"margin-top:0px;margin-bottom:0px\"><img loading=\"lazy\" decoding=\"async\" width=\"1040\" height=\"420\" src=\"https:\/\/agencia.unq.edu.ar\/wp-content\/uploads\/2026\/04\/Javier-Milei-Peter-Thiel.jpg\" alt=\"Javier Milei junto a Peter Lamelas, embajador de EE.UU. en Argentina y Peter Thiel, fundador de Palantir. Cr\u00e9ditos: @OPRArgentina.\" class=\"wp-image-35833\"\/><figcaption class=\"wp-element-caption\">Javier Milei junto a Peter Lamelas, embajador de EE.UU. en Argentina y Peter Thiel, fundador de Palantir. Cr\u00e9ditos: @OPRArgentina.<\/figcaption><\/figure>\n\n\n\n<article class=\"wp-block-uagb-container uagb-layout-flex uagb-block-a41cc8eb default uagb-is-root-container\">\n<figure class=\"wp-block-uagb-container uagb-block-bb513af8\"><div style=\"color:#ac162c; line-height:0; padding-top:0;padding-bottom:0;padding-left:0;padding-right:0;\" class=\"has-text-align-center wp-elements-3de2e42bf1941d977bdf57d61182fa43 wp-block-post-time-to-read has-text-color\">4 minutos<\/div><\/figure>\n<\/article>\n\n\n\n<p class=\"wp-embed-aspect-16-9 wp-has-aspect-ratio\" id=\"block-792ca364-1b8e-4135-8180-b4418ab97e95\">Palantir es una de las principales empresas estadounidenses vinculadas al mundo de la tecnolog\u00eda y la inteligencia artificial. Sin embargo, su accionar p\u00fablico es menos conocido. A diferencia de Google, de Meta, creadora de Facebook, Instagram y Whatsapp, o de Open AI, creadora de Chat GPT, Palantir ofrece servicios de an\u00e1lisis de datos orientados al espionaje, la vigilancia y la guerra. Por ejemplo, uno de sus programas ayud\u00f3 a definir qu\u00e9 objetivos bombardear en los ataques contra Ir\u00e1n. En este sentido, su alianza con el gobierno de Donald Trump no solo es econ\u00f3mica (ya que tienen contratos por un monto superior a 10 mil millones de d\u00f3lares), sino que es pol\u00edtica, cultural e ideol\u00f3gica. Para tomar dimensi\u00f3n, su creador Peter Thiel advierte que la democracia no es compatible con la libertad. Por eso, su reuni\u00f3n con el m\u00e1ximo mandatario argentino genera una ola de preguntas sobre el rumbo del pa\u00eds. Mientras tanto, diferentes especialistas definen al movimiento encabezado por Thiel y otras figuras como \u201ctecnofascismo\u201d.<\/p>\n\n\n\n<p>\u201cEl tecnofascismo es una herramienta m\u00e1s del capitalismo, que sirve para cuidarlo y para extender su per\u00edodo de vida. <strong>Este fen\u00f3meno se caracteriza por un fuerte r\u00e9gimen de desigualdad donde el Estado, lo p\u00fablico, lo social y lo com\u00fan es apropiado por minor\u00edas desde un sentido privativo y la estatalidad es reconvertida en un negocio<\/strong>\u201d, subraya <strong>Rocco Carbone<\/strong>, fil\u00f3sofo y docente de la Universidad Nacional de Quilmes, en di\u00e1logo con la <a href=\"https:\/\/agencia.unq.edu.ar\" target=\"_blank\" rel=\"noopener\" title=\"Agencia de Noticias Cient\u00edficas de la UNQ\">Agencia de Noticias Cient\u00edficas de la UNQ<\/a>.&nbsp;<\/p>\n\n\n\n<p>Y agrega: \u201cAh\u00ed entran estos personajes como Thiel, que se al\u00edan con el tecnofascismo y le <strong>ofrecen cierto tipo de servicios vinculados con el arte de la guerra, la inteligencia artificial, el manejo de grandes vol\u00famenes de datos y la apropiaci\u00f3n de informaci\u00f3n de los ciudadanos para el control social<\/strong>\u201d. <\/p>\n\n\n\n<p>Adem\u00e1s de la reuni\u00f3n con el presidente argentino, <strong>Palantir fue noticia mundial por un post publicado en X el 18 de abril que ya tiene m\u00e1s de 34 millones de vistas<\/strong>. All\u00ed, la empresa public\u00f3 los principales puntos del libro La Rep\u00fablica Tecnol\u00f3gica, escrito por su director ejecutivo Alex Karp, una de las personas m\u00e1s ricas e influyentes del mundo seg\u00fan la revista Time. M\u00e1s que un anticipo, el texto expresa la visi\u00f3n pol\u00edtica, ideol\u00f3gica y cultural de la compa\u00f1\u00eda.<\/p>\n\n\n\n<p>Entre otros puntos, el manifiesto destaca que \u201cLa \u00e9lite ingenieril de Silicon Valley tiene una obligaci\u00f3n afirmativa de participar en la defensa de la naci\u00f3n\u201d. Adem\u00e1s, critica al poder blando y la inclusi\u00f3n en Estados Unidos como un \u201cpluralismo vac\u00edo y hueco\u201d. <strong>En la visi\u00f3n de Palantir, EE.UU. requiere poder duro, y para eso es fundamental desarrollar aplicaciones espec\u00edficas<\/strong>.\u00a0<\/p>\n\n\n\n<p>\u201cLa pregunta no es si se construir\u00e1n armas de inteligencia artificial, sino qui\u00e9n las construir\u00e1 y con qu\u00e9 prop\u00f3sito. <strong>Nuestros adversarios no pausar\u00e1n para entregarse a debates teatrales sobre los m\u00e9ritos de desarrollar tecnolog\u00edas con aplicaciones cr\u00edticas militares y de seguridad nacional. Proceder\u00e1n<\/strong>\u201d, alert\u00f3 la empresa en la red social X.<\/p>\n\n\n\n<h2 class=\"wp-block-heading\">\u00bfDos caras de la misma moneda?<\/h2>\n\n\n\n<p><strong>En los \u00faltimos d\u00edas, las amenazas de tiroteos y bombas en escuelas y universidades p\u00fablicas de todo el pa\u00eds transformaron la vida de las instituciones, sus estudiantes y sus docentes<\/strong>. Mientras el gobierno nacional no emiti\u00f3 declaraciones al respecto, las provincias tomaron diferentes medidas para responder ante el fen\u00f3meno. Sin embargo, lo que s\u00ed hizo el m\u00e1ximo mandatario fue reunirse con Peter Thiel. Para el fil\u00f3sofo de la UNQ, ambos hechos est\u00e1n responden a un mismo objetivo.<\/p>\n\n\n\n<p>\u201cMal har\u00edamos en considerar esas amenazas, que se extendieron a lo largo y ancho del pa\u00eds, como peque\u00f1as formas de la rebeld\u00eda estudiantil. Me parece que hay que vincularlas con la visita de Thiel en Argentina, ya que son eventos que crean preocupaci\u00f3n y alteraci\u00f3n social. <strong>Tenemos que estar atentos para ver qu\u00e9 tipo de narrativa y qu\u00e9 tipo de sujeto problem\u00e1tico se construye alrededor de estas acciones, y c\u00f3mo pueden intervenir aparatos como Palantir<\/strong>\u201d, destaca <strong>Carbone<\/strong>.<\/p>\n\n\n\n<p class=\"wp-embed-aspect-16-9 wp-has-aspect-ratio\" id=\"block-792ca364-1b8e-4135-8180-b4418ab97e95\">Y contin\u00faa: \u201cHay que ver si estas amenazas no le sirven al gobierno para decir que hay sujetos sociales y pol\u00edticos que quieren desestabilizarlo. <strong>Ser\u00eda la excusa perfecta para intervenir con alguna forma de control social vinculada a la informaci\u00f3n, los movimientos y la apropiaci\u00f3n de datos de la poblaci\u00f3n que el Ejecutivo pueda etiquetar como peligrosa<\/strong>\u201d.<\/p>\n\n\n\n<div class=\"wp-block-uagb-container uagb-block-dd9b3044 alignwide uagb-is-root-container\">\n<div class=\"wp-block-uagb-advanced-heading uagb-block-3482af2f\"><h4 class=\"uagb-heading-text\">\u00daltimas noticias de la secci\u00f3n Pol\u00edtica:<\/h4><\/div>\n\n\n\n\t\t\t<div class=\"wp-block-uagb-post-carousel uagb-post-grid  uagb-post__image-position-top uagb-post__image-enabled uagb-block-c0e21101     uagb-post__arrow-outside uagb-slick-carousel uagb-post__items uagb-post__columns-3 is-carousel uagb-post__columns-tablet-2 uagb-post__columns-mobile-1\" data-total=\"32\" style=\"\">\n\n\t\t\t\t\t\t\t\t\t\t\t\t<article class=\"uagb-post__inner-wrap\">\t\t\t\t\t\t\t\t<div class='uagb-post__image'>\n\t\t\t\t\t\t\t\t\t<a href=\"https:\/\/agencia.unq.edu.ar\/?p=36015\" target=\"_self\" rel=\"bookmark noopener noreferrer\"><img loading=\"lazy\" decoding=\"async\" width=\"960\" height=\"388\" src=\"https:\/\/agencia.unq.edu.ar\/wp-content\/uploads\/2026\/04\/adorni.jpg\" class=\"attachment-medium size-medium\" alt=\"Manuel Adorni durante la presentaci\u00f3n del informe de gesti\u00f3n en el Congreso de la Naci\u00f3n\" \/>\t\t\t\t\t<\/a>\n\t\t\t\t\t\t\t\t\t<\/div>\n\t\t\t\t\t\t<h4 class=\"uagb-post__title uagb-post__text\">\n\t\t\t\t<a href=\"https:\/\/agencia.unq.edu.ar\/?p=36015\" target=\"_self\" rel=\"bookmark noopener noreferrer\">\u00bfD\u00f3nde est\u00e1 la plata de la ciencia? Lo que Adorni no respondi\u00f3 sobre el paradero de los fondos del sector<\/a>\n\t\t\t<\/h4>\n\t\t\t\t\t\t<div class='uagb-post__text uagb-post-grid-byline'>\n\t\t\t\t\t\t\t<\/div>\n\t\t\t\n\t\t\t\t\t\t\t\t\t<\/article>\n\t\t\t\t\t\t\t\t\t\t\t\t\t\t\t\t<article class=\"uagb-post__inner-wrap\">\t\t\t\t\t\t\t\t<div class='uagb-post__image'>\n\t\t\t\t\t\t\t\t\t<a href=\"https:\/\/agencia.unq.edu.ar\/?p=35969\" target=\"_self\" rel=\"bookmark noopener noreferrer\"><img loading=\"lazy\" decoding=\"async\" width=\"960\" height=\"388\" src=\"https:\/\/agencia.unq.edu.ar\/wp-content\/uploads\/2026\/04\/resistencia-antimicrobianos-espana.jpg\" class=\"attachment-medium size-medium\" alt=\"El f\u00e1rmaco Concerta es uno de los tantos en Espa\u00f1a cuya presentaci\u00f3n trae 30 dosis. Cr\u00e9ditos: LUDA.\" \/>\t\t\t\t\t<\/a>\n\t\t\t\t\t\t\t\t\t<\/div>\n\t\t\t\t\t\t<h4 class=\"uagb-post__title uagb-post__text\">\n\t\t\t\t<a href=\"https:\/\/agencia.unq.edu.ar\/?p=35969\" target=\"_self\" rel=\"bookmark noopener noreferrer\">Espa\u00f1a elimina las cajas de antibi\u00f3ticos grandes para luchar contra las superbacterias<\/a>\n\t\t\t<\/h4>\n\t\t\t\t\t\t<div class='uagb-post__text uagb-post-grid-byline'>\n\t\t\t\t\t\t\t<\/div>\n\t\t\t\n\t\t\t\t\t\t\t\t\t<\/article>\n\t\t\t\t\t\t\t\t\t\t\t\t\t\t\t\t<article class=\"uagb-post__inner-wrap\">\t\t\t\t\t\t\t\t<div class='uagb-post__image'>\n\t\t\t\t\t\t\t\t\t<a href=\"https:\/\/agencia.unq.edu.ar\/?p=35850\" target=\"_self\" rel=\"bookmark noopener noreferrer\"><img loading=\"lazy\" decoding=\"async\" width=\"960\" height=\"388\" src=\"https:\/\/agencia.unq.edu.ar\/wp-content\/uploads\/2026\/04\/carta-abierta-clarin.jpg\" class=\"attachment-medium size-medium\" alt=\"Horacio Gonz\u00e1lez en una charla de Carta Abierta, en la Facultad de filosof\u00eda y letras.\" \/>\t\t\t\t\t<\/a>\n\t\t\t\t\t\t\t\t\t<\/div>\n\t\t\t\t\t\t<h4 class=\"uagb-post__title uagb-post__text\">\n\t\t\t\t<a href=\"https:\/\/agencia.unq.edu.ar\/?p=35850\" target=\"_self\" rel=\"bookmark noopener noreferrer\">\u201cDebate p\u00fablico en Argentina\u201d: el libro que recupera la experiencia de Carta Abierta<\/a>\n\t\t\t<\/h4>\n\t\t\t\t\t\t<div class='uagb-post__text uagb-post-grid-byline'>\n\t\t\t\t\t\t\t<\/div>\n\t\t\t\n\t\t\t\t\t\t\t\t\t<\/article>\n\t\t\t\t\t\t\t\t\t\t\t\t\t\t\t\t<article class=\"uagb-post__inner-wrap\">\t\t\t\t\t\t\t\t<div class='uagb-post__image'>\n\t\t\t\t\t\t\t\t\t<a href=\"https:\/\/agencia.unq.edu.ar\/?p=35757\" target=\"_self\" rel=\"bookmark noopener noreferrer\"><img loading=\"lazy\" decoding=\"async\" width=\"960\" height=\"388\" src=\"https:\/\/agencia.unq.edu.ar\/wp-content\/uploads\/2026\/04\/Marcha-universitaria-vista-general.jpg\" class=\"attachment-medium size-medium\" alt=\"Imagen panor\u00e1mica de la \u00faltima Marcha Federal. Cr\u00e9ditos: @vyp.drone.\" \/>\t\t\t\t\t<\/a>\n\t\t\t\t\t\t\t\t\t<\/div>\n\t\t\t\t\t\t<h4 class=\"uagb-post__title uagb-post__text\">\n\t\t\t\t<a href=\"https:\/\/agencia.unq.edu.ar\/?p=35757\" target=\"_self\" rel=\"bookmark noopener noreferrer\">Hasta que se cumpla: la comunidad universitaria realizar\u00e1 una nueva Marcha Federal<\/a>\n\t\t\t<\/h4>\n\t\t\t\t\t\t<div class='uagb-post__text uagb-post-grid-byline'>\n\t\t\t\t\t\t\t<\/div>\n\t\t\t\n\t\t\t\t\t\t\t\t\t<\/article>\n\t\t\t\t\t\t\t\t\t\t\t\t\t\t\t\t<article class=\"uagb-post__inner-wrap\">\t\t\t\t\t\t\t\t<div class='uagb-post__image'>\n\t\t\t\t\t\t\t\t\t<a href=\"https:\/\/agencia.unq.edu.ar\/?p=35638\" target=\"_self\" rel=\"bookmark noopener noreferrer\"><img loading=\"lazy\" decoding=\"async\" width=\"960\" height=\"388\" src=\"https:\/\/agencia.unq.edu.ar\/wp-content\/uploads\/2026\/04\/Roberto-Abdala-Al-borde-del-precipicio.jpg\" class=\"attachment-medium size-medium\" alt=\"Roberto Abdala en Al borde del precicipcio. Cr\u00e9ditos: Captura UNQ TV.\" \/>\t\t\t\t\t<\/a>\n\t\t\t\t\t\t\t\t\t<\/div>\n\t\t\t\t\t\t<h4 class=\"uagb-post__title uagb-post__text\">\n\t\t\t\t<a href=\"https:\/\/agencia.unq.edu.ar\/?p=35638\" target=\"_self\" rel=\"bookmark noopener noreferrer\">Roberto Abdala: \u201cSin presupuesto es muy dif\u00edcil pensar y so\u00f1ar una escuela distinta\u201d<\/a>\n\t\t\t<\/h4>\n\t\t\t\t\t\t<div class='uagb-post__text uagb-post-grid-byline'>\n\t\t\t\t\t\t\t<\/div>\n\t\t\t\n\t\t\t\t\t\t\t\t\t<\/article>\n\t\t\t\t\t\t\t\t\t\t\t\t\t\t\t\t<article class=\"uagb-post__inner-wrap\">\t\t\t\t\t\t\t\t<div class='uagb-post__image'>\n\t\t\t\t\t\t\t\t\t<a href=\"https:\/\/agencia.unq.edu.ar\/?p=35583\" target=\"_self\" rel=\"bookmark noopener noreferrer\"><img loading=\"lazy\" decoding=\"async\" width=\"960\" height=\"388\" src=\"https:\/\/agencia.unq.edu.ar\/wp-content\/uploads\/2024\/06\/INTI-despidos.jpg\" class=\"attachment-medium size-medium\" alt=\"Protesta realizada por los trabajadores del INTI contra los despidos. Cr\u00e9ditos: ATE-INTI.\" \/>\t\t\t\t\t<\/a>\n\t\t\t\t\t\t\t\t\t<\/div>\n\t\t\t\t\t\t<h4 class=\"uagb-post__title uagb-post__text\">\n\t\t\t\t<a href=\"https:\/\/agencia.unq.edu.ar\/?p=35583\" target=\"_self\" rel=\"bookmark noopener noreferrer\">El gobierno quiere quitarle m\u00e1s funciones al INTI y despedir 700 trabajadores<\/a>\n\t\t\t<\/h4>\n\t\t\t\t\t\t<div class='uagb-post__text uagb-post-grid-byline'>\n\t\t\t\t\t\t\t<\/div>\n\t\t\t\n\t\t\t\t\t\t\t\t\t<\/article>\n\t\t\t\t\t\t\t\t\t\t\t\t\t\t\t\t<article class=\"uagb-post__inner-wrap\">\t\t\t\t\t\t\t\t<div class='uagb-post__image'>\n\t\t\t\t\t\t\t\t\t<a href=\"https:\/\/agencia.unq.edu.ar\/?p=35568\" target=\"_self\" rel=\"bookmark noopener noreferrer\"><img loading=\"lazy\" decoding=\"async\" width=\"960\" height=\"388\" src=\"https:\/\/agencia.unq.edu.ar\/wp-content\/uploads\/2026\/04\/unsplash.jpg\" class=\"attachment-medium size-medium\" alt=\"Sin botiquines completos, crecen las dificultades para sostener controles, prevenir cuadros graves y evitar derivaciones. Cr\u00e9ditos: Unplash.\" \/>\t\t\t\t\t<\/a>\n\t\t\t\t\t\t\t\t\t<\/div>\n\t\t\t\t\t\t<h4 class=\"uagb-post__title uagb-post__text\">\n\t\t\t\t<a href=\"https:\/\/agencia.unq.edu.ar\/?p=35568\" target=\"_self\" rel=\"bookmark noopener noreferrer\">Golpe a la salud p\u00fablica: \u00bfc\u00f3mo impacta la baja del Programa Remediar que dispuso el gobierno?<\/a>\n\t\t\t<\/h4>\n\t\t\t\t\t\t<div class='uagb-post__text uagb-post-grid-byline'>\n\t\t\t\t\t\t\t<\/div>\n\t\t\t\n\t\t\t\t\t\t\t\t\t<\/article>\n\t\t\t\t\t\t\t\t\t\t\t\t\t\t\t\t<article class=\"uagb-post__inner-wrap\">\t\t\t\t\t\t\t\t<div class='uagb-post__image'>\n\t\t\t\t\t\t\t\t\t<a href=\"https:\/\/agencia.unq.edu.ar\/?p=35529\" target=\"_self\" rel=\"bookmark noopener noreferrer\"><img loading=\"lazy\" decoding=\"async\" width=\"960\" height=\"388\" src=\"https:\/\/agencia.unq.edu.ar\/wp-content\/uploads\/2026\/04\/educacion-IA.jpg\" class=\"attachment-medium size-medium\" alt=\"El nuevo Observatorio regional apunta a transformar sistemas educativos con evidencia y escala. Cr\u00e9dito: Istock.\" \/>\t\t\t\t\t<\/a>\n\t\t\t\t\t\t\t\t\t<\/div>\n\t\t\t\t\t\t<h4 class=\"uagb-post__title uagb-post__text\">\n\t\t\t\t<a href=\"https:\/\/agencia.unq.edu.ar\/?p=35529\" target=\"_self\" rel=\"bookmark noopener noreferrer\">La UNESCO lanz\u00f3 un Observatorio regional para integrar la IA en la educaci\u00f3n<\/a>\n\t\t\t<\/h4>\n\t\t\t\t\t\t<div class='uagb-post__text uagb-post-grid-byline'>\n\t\t\t\t\t\t\t<\/div>\n\t\t\t\n\t\t\t\t\t\t\t\t\t<\/article>\n\t\t\t\t\t\t\t\t\t\t\t<\/div>\n\t\t\t<\/div>\n","protected":false},"excerpt":{"rendered":"<p>No solo se trata de negocios, sino de una mirada que redefine la libertad y la democracia a partir del control de los datos de la poblaci\u00f3n.<\/p>\n","protected":false},"author":6,"featured_media":35833,"comment_status":"closed","ping_status":"closed","sticky":false,"template":"","format":"standard","meta":{"_uag_custom_page_level_css":"","_monsterinsights_skip_tracking":false,"_monsterinsights_sitenote_active":false,"_monsterinsights_sitenote_note":"","_monsterinsights_sitenote_category":0,"site-sidebar-layout":"default","site-content-layout":"","ast-site-content-layout":"default","site-content-style":"default","site-sidebar-style":"default","ast-global-header-display":"","ast-banner-title-visibility":"","ast-main-header-display":"","ast-hfb-above-header-display":"","ast-hfb-below-header-display":"","ast-hfb-mobile-header-display":"","site-post-title":"","ast-breadcrumbs-content":"","ast-featured-img":"","footer-sml-layout":"","ast-disable-related-posts":"","theme-transparent-header-meta":"","adv-header-id-meta":"","stick-header-meta":"","header-above-stick-meta":"","header-main-stick-meta":"","header-below-stick-meta":"","astra-migrate-meta-layouts":"default","ast-page-background-enabled":"default","ast-page-background-meta":{"desktop":{"background-color":"var(--ast-global-color-4)","background-image":"","background-repeat":"repeat","background-position":"center center","background-size":"auto","background-attachment":"scroll","background-type":"","background-media":"","overlay-type":"","overlay-color":"","overlay-opacity":"","overlay-gradient":""},"tablet":{"background-color":"","background-image":"","background-repeat":"repeat","background-position":"center center","background-size":"auto","background-attachment":"scroll","background-type":"","background-media":"","overlay-type":"","overlay-color":"","overlay-opacity":"","overlay-gradient":""},"mobile":{"background-color":"","background-image":"","background-repeat":"repeat","background-position":"center center","background-size":"auto","background-attachment":"scroll","background-type":"","background-media":"","overlay-type":"","overlay-color":"","overlay-opacity":"","overlay-gradient":""}},"ast-content-background-meta":{"desktop":{"background-color":"var(--ast-global-color-5)","background-image":"","background-repeat":"repeat","background-position":"center center","background-size":"auto","background-attachment":"scroll","background-type":"","background-media":"","overlay-type":"","overlay-color":"","overlay-opacity":"","overlay-gradient":""},"tablet":{"background-color":"var(--ast-global-color-5)","background-image":"","background-repeat":"repeat","background-position":"center center","background-size":"auto","background-attachment":"scroll","background-type":"","background-media":"","overlay-type":"","overlay-color":"","overlay-opacity":"","overlay-gradient":""},"mobile":{"background-color":"var(--ast-global-color-5)","background-image":"","background-repeat":"repeat","background-position":"center center","background-size":"auto","background-attachment":"scroll","background-type":"","background-media":"","overlay-type":"","overlay-color":"","overlay-opacity":"","overlay-gradient":""}},"footnotes":""},"categories":[92],"tags":[62],"class_list":["post-35830","post","type-post","status-publish","format-standard","has-post-thumbnail","hentry","category-politica","tag-inteligencia-artificial"],"aioseo_notices":[],"uagb_featured_image_src":{"full":["https:\/\/agencia.unq.edu.ar\/wp-content\/uploads\/2026\/04\/Javier-Milei-Peter-Thiel.jpg",1040,420,false],"thumbnail":["https:\/\/agencia.unq.edu.ar\/wp-content\/uploads\/2026\/04\/Javier-Milei-Peter-Thiel.jpg",150,61,false],"medium":["https:\/\/agencia.unq.edu.ar\/wp-content\/uploads\/2026\/04\/Javier-Milei-Peter-Thiel.jpg",960,388,false],"medium_large":["https:\/\/agencia.unq.edu.ar\/wp-content\/uploads\/2026\/04\/Javier-Milei-Peter-Thiel.jpg",768,310,false],"large":["https:\/\/agencia.unq.edu.ar\/wp-content\/uploads\/2026\/04\/Javier-Milei-Peter-Thiel.jpg",1040,420,false],"1536x1536":["https:\/\/agencia.unq.edu.ar\/wp-content\/uploads\/2026\/04\/Javier-Milei-Peter-Thiel.jpg",1040,420,false],"2048x2048":["https:\/\/agencia.unq.edu.ar\/wp-content\/uploads\/2026\/04\/Javier-Milei-Peter-Thiel.jpg",1040,420,false]},"uagb_author_info":{"display_name":"Nicol\u00e1s Retamar","author_link":"https:\/\/agencia.unq.edu.ar\/?author=6"},"uagb_comment_info":0,"uagb_excerpt":"No solo se trata de negocios, sino de una mirada que redefine la libertad y la democracia a partir del control de los datos de la poblaci\u00f3n.","blog_post_layout_featured_media_urls":{"thumbnail":["https:\/\/agencia.unq.edu.ar\/wp-content\/uploads\/2026\/04\/Javier-Milei-Peter-Thiel.jpg",150,61,false],"full":["https:\/\/agencia.unq.edu.ar\/wp-content\/uploads\/2026\/04\/Javier-Milei-Peter-Thiel.jpg",1040,420,false]},"categories_names":{"92":{"name":"Pol\u00edtica","link":"https:\/\/agencia.unq.edu.ar\/?cat=92"}},"tags_names":{"62":{"name":"Inteligencia Artificial","link":"https:\/\/agencia.unq.edu.ar\/?tag=inteligencia-artificial"}},"comments_number":"0","_links":{"self":[{"href":"https:\/\/agencia.unq.edu.ar\/index.php?rest_route=\/wp\/v2\/posts\/35830","targetHints":{"allow":["GET"]}}],"collection":[{"href":"https:\/\/agencia.unq.edu.ar\/index.php?rest_route=\/wp\/v2\/posts"}],"about":[{"href":"https:\/\/agencia.unq.edu.ar\/index.php?rest_route=\/wp\/v2\/types\/post"}],"author":[{"embeddable":true,"href":"https:\/\/agencia.unq.edu.ar\/index.php?rest_route=\/wp\/v2\/users\/6"}],"replies":[{"embeddable":true,"href":"https:\/\/agencia.unq.edu.ar\/index.php?rest_route=%2Fwp%2Fv2%2Fcomments&post=35830"}],"version-history":[{"count":3,"href":"https:\/\/agencia.unq.edu.ar\/index.php?rest_route=\/wp\/v2\/posts\/35830\/revisions"}],"predecessor-version":[{"id":35875,"href":"https:\/\/agencia.unq.edu.ar\/index.php?rest_route=\/wp\/v2\/posts\/35830\/revisions\/35875"}],"wp:featuredmedia":[{"embeddable":true,"href":"https:\/\/agencia.unq.edu.ar\/index.php?rest_route=\/wp\/v2\/media\/35833"}],"wp:attachment":[{"href":"https:\/\/agencia.unq.edu.ar\/index.php?rest_route=%2Fwp%2Fv2%2Fmedia&parent=35830"}],"wp:term":[{"taxonomy":"category","embeddable":true,"href":"https:\/\/agencia.unq.edu.ar\/index.php?rest_route=%2Fwp%2Fv2%2Fcategories&post=35830"},{"taxonomy":"post_tag","embeddable":true,"href":"https:\/\/agencia.unq.edu.ar\/index.php?rest_route=%2Fwp%2Fv2%2Ftags&post=35830"}],"curies":[{"name":"wp","href":"https:\/\/api.w.org\/{rel}","templated":true}]}}