{"id":35843,"date":"2026-04-27T14:49:58","date_gmt":"2026-04-27T17:49:58","guid":{"rendered":"https:\/\/agencia.unq.edu.ar\/?p=35843"},"modified":"2026-04-27T17:14:51","modified_gmt":"2026-04-27T20:14:51","slug":"hacer-150-minutos-de-actividad-fisica-y-dormir-ocho-horas-reduce-el-riesgo-de-demencia","status":"publish","type":"post","link":"https:\/\/agencia.unq.edu.ar\/?p=35843","title":{"rendered":"Hacer 150 minutos de actividad f\u00edsica y dormir ocho horas reduce el riesgo de demencia"},"content":{"rendered":"\n<p class=\"wp-embed-aspect-16-9 wp-has-aspect-ratio has-medium-font-size\" id=\"block-e7a9ff36-ee0c-4796-9d2e-1fd69773da3a\">Las probabilidades de tener esta enfermedad disminuyen cerca de un 25 por ciento. Pero, si el sue\u00f1o es m\u00e1s largo o m\u00e1s corto tambi\u00e9n puede ser perjudicial para la salud.<\/p>\n\n\n\n<figure class=\"wp-block-image aligncenter size-full\" id=\"block-c3ee2a7f-4bf9-43dd-a0f6-8acc1087bdbe\" style=\"margin-top:0px;margin-bottom:0px\"><img loading=\"lazy\" decoding=\"async\" width=\"1040\" height=\"420\" src=\"https:\/\/agencia.unq.edu.ar\/wp-content\/uploads\/2026\/04\/Alzheimer-demencia.jpg\" alt=\"La demencia es la s\u00e9ptima causa de defunci\u00f3n en todo el mundo. Cr\u00e9ditos: Centro M\u00e9dico ABC.\" class=\"wp-image-35844\"\/><figcaption class=\"wp-element-caption\">La demencia es la s\u00e9ptima causa de defunci\u00f3n en todo el mundo. Cr\u00e9ditos: Centro M\u00e9dico ABC.<\/figcaption><\/figure>\n\n\n\n<article class=\"wp-block-uagb-container uagb-layout-flex uagb-block-a41cc8eb default uagb-is-root-container\">\n<figure class=\"wp-block-uagb-container uagb-block-bb513af8\"><div style=\"color:#ac162c; line-height:0; padding-top:0;padding-bottom:0;padding-left:0;padding-right:0;\" class=\"has-text-align-center wp-elements-3de2e42bf1941d977bdf57d61182fa43 wp-block-post-time-to-read has-text-color\">3 minutos<\/div><\/figure>\n<\/article>\n\n\n\n<p class=\"wp-embed-aspect-16-9 wp-has-aspect-ratio\" id=\"block-792ca364-1b8e-4135-8180-b4418ab97e95\">Se sabe que una buena alimentaci\u00f3n, un sue\u00f1o adecuado y realizar ejercicio f\u00edsico presentan beneficios para el sistema cardiovascular, el neurocognitivo y, en definitiva, el cuerpo entero. Sin embargo, <strong>\u00bfcu\u00e1ntas horas conviene dormir y ejercitarse para disminuir el riesgo de demencia?<\/strong> De esa pregunta se encargaron investigadores de la Universidad York, en Canad\u00e1, que realizaron un metaan\u00e1lisis donde re\u00fanen los resultados de 69 estudios en los que participaron millones de personas mayores de 35 a\u00f1os. Determinaron que una actividad f\u00edsica regular \u2013al menos 150 minutos a la semana\u2013 y un sue\u00f1o de entre siete y ocho horas reduce el riesgo de demencia en un 25 por ciento aproximadamente.\u00a0<\/p>\n\n\n\n<p>La demencia engloba varias enfermedades que afectan a la memoria, el pensamiento y la capacidad para realizar actividades cotidianas, y es una de las principales causas de muerte en adultos mayores. Seg\u00fan los \u00faltimos datos de la Organizaci\u00f3n Mundial de Salud, para 2021, <strong>57 millones de personas padec\u00edan demencia y se proyecta que esta cifra se triplique para 2050.<\/strong> De esa totalidad, entre el 60 y el 80 por ciento de los casos correspond\u00edan a Alzheimer, la forma m\u00e1s com\u00fan de la enfermedad.\u00a0<\/p>\n\n\n\n<p>Con estos datos en mente, los investigadores canadienses evaluaron c\u00f3mo impacta la actividad f\u00edsica, la duraci\u00f3n del sue\u00f1o y el tiempo sedentario en el desarrollo de la enfermedad. En el caso del primero, analizaron 49 estudios que inclu\u00edan a m\u00e1s de dos millones de participantes, de los cuales el tres por ciento fueron diagnosticados con demencia durante el seguimiento. Notaron que <strong>en quienes realizan actividad f\u00edsica regular, es decir al menos 150 minutos a la semana, el riesgo de desarrollar demencia se reduce en aproximadamente un 25 por ciento <\/strong>en comparaci\u00f3n con quienes llevan una vida inactiva.\u00a0<\/p>\n\n\n\n<figure class=\"wp-block-embed is-type-wp-embed is-provider-agencia-de-noticias-cient-ficas-de-la-unq wp-block-embed-agencia-de-noticias-cient-ficas-de-la-unq\"><div class=\"wp-block-embed__wrapper\">\n<blockquote class=\"wp-embedded-content\" data-secret=\"IeY2B4uhZX\"><a href=\"https:\/\/agencia.unq.edu.ar\/?p=34118\">Caf\u00e9 y cerebro: un consumo moderado se relaciona con un menor riesgo de padecer demencia<\/a><\/blockquote><iframe loading=\"lazy\" class=\"wp-embedded-content\" sandbox=\"allow-scripts\" security=\"restricted\" style=\"position: absolute; visibility: hidden;\" title=\"&#8220;Caf\u00e9 y cerebro: un consumo moderado se relaciona con un menor riesgo de padecer demencia&#8221; &#8212; Agencia de Noticias Cient\u00edficas de la UNQ\" src=\"https:\/\/agencia.unq.edu.ar\/?p=34118&#038;embed=true#?secret=eOSUlxwodO#?secret=IeY2B4uhZX\" data-secret=\"IeY2B4uhZX\" width=\"500\" height=\"282\" frameborder=\"0\" marginwidth=\"0\" marginheight=\"0\" scrolling=\"no\"><\/iframe>\n<\/div><\/figure>\n\n\n\n<p>En cuanto al <strong>sue\u00f1o<\/strong>, revisaron 17 estudios que inclu\u00edan a m\u00e1s de un mill\u00f3n de personas. All\u00ed determinaron <strong>que dormir menos de siete horas se vincula con un aumento del 18 por ciento en el riesgo de demencia, mientras que un sue\u00f1o de m\u00e1s de ocho horas lo incrementa en un 28 por ciento<\/strong>. Es decir, lo mejor es dormir entre siete y ocho horas, ni m\u00e1s ni menos.\u00a0<\/p>\n\n\n\n<p>Por otra parte, solo tres estudios abarcaban el factor del <strong>sedentarismo<\/strong>, donde participaron casi 300 mil personas. All\u00ed observaron que <strong>quienes permanecieron sentados por m\u00e1s de ocho horas al d\u00eda tuvieron un riesgo un 27\u202fpor ciento mayor de desarrollar demencia. <\/strong>En el paper publicado en la revista <a href=\"https:\/\/journals.plos.org\/plosone\/article?id=10.1371\/journal.pone.0343621&amp;utm_source=pr&amp;utm_medium=email&amp;utm_campaign=plos006#sec005\" target=\"_blank\" rel=\"noopener\" title=\"\">PLOS One<\/a>, los investigadores insisten en la diferencia entre el sedentarismo y la inactividad f\u00edsica ya que el primero se define por pasar bastante tiempo sentado o tumbado, mientras que el segundo refiere a no cumplir con las recomendaciones m\u00ednimas de ejercicio semanal (150 minutos).<\/p>\n\n\n\n<p class=\"wp-embed-aspect-16-9 wp-has-aspect-ratio\" id=\"block-792ca364-1b8e-4135-8180-b4418ab97e95\">Por \u00faltimo, el equipo cient\u00edfico advierte que si bien estos factores pueden contribuir al desarrollo de la demencia<strong>, restan investigaciones sobre si lo hacen por s\u00ed mismas, o si dependen tambi\u00e9n de otros problemas de salud previos, como enfermedades preexistentes.<\/strong><\/p>\n\n\n\n<div class=\"wp-block-uagb-container uagb-block-e31d8b4a alignwide uagb-is-root-container\">\n<div class=\"wp-block-uagb-advanced-heading uagb-block-55d4c858\"><h4 class=\"uagb-heading-text\">\u00daltimas noticias de la secci\u00f3n Salud:<\/h4><\/div>\n\n\n\n\t\t\t<div class=\"wp-block-uagb-post-carousel uagb-post-grid  uagb-post__image-position-top uagb-post__image-enabled uagb-block-24e22604     uagb-post__arrow-outside uagb-slick-carousel uagb-post__items uagb-post__columns-3 is-carousel uagb-post__columns-tablet-2 uagb-post__columns-mobile-1\" data-total=\"40\" style=\"\">\n\n\t\t\t\t\t\t\t\t\t\t\t\t<article class=\"uagb-post__inner-wrap\">\t\t\t\t\t\t\t\t<div class='uagb-post__image'>\n\t\t\t\t\t\t\t\t\t<a href=\"https:\/\/agencia.unq.edu.ar\/?p=35798\" target=\"_self\" rel=\"bookmark noopener noreferrer\"><img loading=\"lazy\" decoding=\"async\" width=\"960\" height=\"388\" src=\"https:\/\/agencia.unq.edu.ar\/wp-content\/uploads\/2026\/04\/desconexion.jpg\" class=\"attachment-medium size-medium\" alt=\"Algunos usuarios reportan alivio tras cerrar sus cuentas; otros sienten m\u00e1s soledad o reemplazan una app por otra igual de absorbente. Cr\u00e9dito: Unplash.\" \/>\t\t\t\t\t<\/a>\n\t\t\t\t\t\t\t\t\t<\/div>\n\t\t\t\t\t\t<h4 class=\"uagb-post__title uagb-post__text\">\n\t\t\t\t<a href=\"https:\/\/agencia.unq.edu.ar\/?p=35798\" target=\"_self\" rel=\"bookmark noopener noreferrer\">\u00bfDejar las redes sociales mejora la salud mental?<\/a>\n\t\t\t<\/h4>\n\t\t\t\t\t\t<div class='uagb-post__text uagb-post-grid-byline'>\n\t\t\t\t\t\t\t<\/div>\n\t\t\t\n\t\t\t\t\t\t\t\t\t<\/article>\n\t\t\t\t\t\t\t\t\t\t\t\t\t\t\t\t<article class=\"uagb-post__inner-wrap\">\t\t\t\t\t\t\t\t<div class='uagb-post__image'>\n\t\t\t\t\t\t\t\t\t<a href=\"https:\/\/agencia.unq.edu.ar\/?p=35761\" target=\"_self\" rel=\"bookmark noopener noreferrer\"><img loading=\"lazy\" decoding=\"async\" width=\"960\" height=\"388\" src=\"https:\/\/agencia.unq.edu.ar\/wp-content\/uploads\/2026\/04\/Cigarrillo-Reino-Unido-Tabaco.jpg\" class=\"attachment-medium size-medium\" alt=\"Mujer fumando un cigarrillo.\" \/>\t\t\t\t\t<\/a>\n\t\t\t\t\t\t\t\t\t<\/div>\n\t\t\t\t\t\t<h4 class=\"uagb-post__title uagb-post__text\">\n\t\t\t\t<a href=\"https:\/\/agencia.unq.edu.ar\/?p=35761\" target=\"_self\" rel=\"bookmark noopener noreferrer\">Hacia una generaci\u00f3n libre de humo: Reino Unido proh\u00edbe el tabaco a los nacidos a partir de 2009\u00a0<\/a>\n\t\t\t<\/h4>\n\t\t\t\t\t\t<div class='uagb-post__text uagb-post-grid-byline'>\n\t\t\t\t\t\t\t<\/div>\n\t\t\t\n\t\t\t\t\t\t\t\t\t<\/article>\n\t\t\t\t\t\t\t\t\t\t\t\t\t\t\t\t<article class=\"uagb-post__inner-wrap\">\t\t\t\t\t\t\t\t<div class='uagb-post__image'>\n\t\t\t\t\t\t\t\t\t<a href=\"https:\/\/agencia.unq.edu.ar\/?p=35734\" target=\"_self\" rel=\"bookmark noopener noreferrer\"><img loading=\"lazy\" decoding=\"async\" width=\"960\" height=\"388\" src=\"https:\/\/agencia.unq.edu.ar\/wp-content\/uploads\/2026\/04\/Homepatia-principal.jpg\" class=\"attachment-medium size-medium\" alt=\"El informe espa\u00f1ol revive la pol\u00e9mica respecto de la homeopat\u00eda (imagen: todoorl.net)\" \/>\t\t\t\t\t<\/a>\n\t\t\t\t\t\t\t\t\t<\/div>\n\t\t\t\t\t\t<h4 class=\"uagb-post__title uagb-post__text\">\n\t\t\t\t<a href=\"https:\/\/agencia.unq.edu.ar\/?p=35734\" target=\"_self\" rel=\"bookmark noopener noreferrer\">Homeopat\u00eda bajo la lupa: un informe en Espa\u00f1a descarta su eficacia y reabre el debate<\/a>\n\t\t\t<\/h4>\n\t\t\t\t\t\t<div class='uagb-post__text uagb-post-grid-byline'>\n\t\t\t\t\t\t\t<\/div>\n\t\t\t\n\t\t\t\t\t\t\t\t\t<\/article>\n\t\t\t\t\t\t\t\t\t\t\t\t\t\t\t\t<article class=\"uagb-post__inner-wrap\">\t\t\t\t\t\t\t\t<div class='uagb-post__image'>\n\t\t\t\t\t\t\t\t\t<a href=\"https:\/\/agencia.unq.edu.ar\/?p=35668\" target=\"_self\" rel=\"bookmark noopener noreferrer\"><img loading=\"lazy\" decoding=\"async\" width=\"960\" height=\"388\" src=\"https:\/\/agencia.unq.edu.ar\/wp-content\/uploads\/2026\/04\/Higado-graso.jpg\" class=\"attachment-medium size-medium\" alt=\"Cr\u00e9ditos: Actualidad m\u00e9dica.\" \/>\t\t\t\t\t<\/a>\n\t\t\t\t\t\t\t\t\t<\/div>\n\t\t\t\t\t\t<h4 class=\"uagb-post__title uagb-post__text\">\n\t\t\t\t<a href=\"https:\/\/agencia.unq.edu.ar\/?p=35668\" target=\"_self\" rel=\"bookmark noopener noreferrer\">H\u00edgado graso no alcoh\u00f3lico: el problema silencioso que desaf\u00eda a la salud p\u00fablica<\/a>\n\t\t\t<\/h4>\n\t\t\t\t\t\t<div class='uagb-post__text uagb-post-grid-byline'>\n\t\t\t\t\t\t\t<\/div>\n\t\t\t\n\t\t\t\t\t\t\t\t\t<\/article>\n\t\t\t\t\t\t\t\t\t\t\t\t\t\t\t\t<article class=\"uagb-post__inner-wrap\">\t\t\t\t\t\t\t\t<div class='uagb-post__image'>\n\t\t\t\t\t\t\t\t\t<a href=\"https:\/\/agencia.unq.edu.ar\/?p=35610\" target=\"_self\" rel=\"bookmark noopener noreferrer\"><img loading=\"lazy\" decoding=\"async\" width=\"960\" height=\"388\" src=\"https:\/\/agencia.unq.edu.ar\/wp-content\/uploads\/2026\/04\/iPiccy-img-5.jpg\" class=\"attachment-medium size-medium\" alt=\"Cr\u00e9ditos: Osten Clinic.\" \/>\t\t\t\t\t<\/a>\n\t\t\t\t\t\t\t\t\t<\/div>\n\t\t\t\t\t\t<h4 class=\"uagb-post__title uagb-post__text\">\n\t\t\t\t<a href=\"https:\/\/agencia.unq.edu.ar\/?p=35610\" target=\"_self\" rel=\"bookmark noopener noreferrer\">Un estudio sugiere que la contaminaci\u00f3n atmosf\u00e9rica puede aumentar las crisis de migra\u00f1a<\/a>\n\t\t\t<\/h4>\n\t\t\t\t\t\t<div class='uagb-post__text uagb-post-grid-byline'>\n\t\t\t\t\t\t\t<\/div>\n\t\t\t\n\t\t\t\t\t\t\t\t\t<\/article>\n\t\t\t\t\t\t\t\t\t\t\t\t\t\t\t\t<article class=\"uagb-post__inner-wrap\">\t\t\t\t\t\t\t\t<div class='uagb-post__image'>\n\t\t\t\t\t\t\t\t\t<a href=\"https:\/\/agencia.unq.edu.ar\/?p=35611\" target=\"_self\" rel=\"bookmark noopener noreferrer\"><img loading=\"lazy\" decoding=\"async\" width=\"960\" height=\"388\" src=\"https:\/\/agencia.unq.edu.ar\/wp-content\/uploads\/2026\/04\/soledad-y-corazon.jpg\" class=\"attachment-medium size-medium\" alt=\"\" \/>\t\t\t\t\t<\/a>\n\t\t\t\t\t\t\t\t\t<\/div>\n\t\t\t\t\t\t<h4 class=\"uagb-post__title uagb-post__text\">\n\t\t\t\t<a href=\"https:\/\/agencia.unq.edu.ar\/?p=35611\" target=\"_self\" rel=\"bookmark noopener noreferrer\">La soledad puede aumentar el riesgo de enfermedades del coraz\u00f3n<\/a>\n\t\t\t<\/h4>\n\t\t\t\t\t\t<div class='uagb-post__text uagb-post-grid-byline'>\n\t\t\t\t\t\t\t<\/div>\n\t\t\t\n\t\t\t\t\t\t\t\t\t<\/article>\n\t\t\t\t\t\t\t\t\t\t\t\t\t\t\t\t<article class=\"uagb-post__inner-wrap\">\t\t\t\t\t\t\t\t<div class='uagb-post__image'>\n\t\t\t\t\t\t\t\t\t<a href=\"https:\/\/agencia.unq.edu.ar\/?p=35399\" target=\"_self\" rel=\"bookmark noopener noreferrer\"><img loading=\"lazy\" decoding=\"async\" width=\"504\" height=\"204\" src=\"https:\/\/agencia.unq.edu.ar\/wp-content\/uploads\/2026\/04\/2026-04-07-jarne.jpg\" class=\"attachment-medium size-medium\" alt=\"La investigadora Cecilia Jarne del Departamento de Ciencia y Tecnolog\u00eda de la Universidad Nacional de Quilmes\" \/>\t\t\t\t\t<\/a>\n\t\t\t\t\t\t\t\t\t<\/div>\n\t\t\t\t\t\t<h4 class=\"uagb-post__title uagb-post__text\">\n\t\t\t\t<a href=\"https:\/\/agencia.unq.edu.ar\/?p=35399\" target=\"_self\" rel=\"bookmark noopener noreferrer\">Cient\u00edfica de la UNQ revela c\u00f3mo el entorno influye en el envejecimiento cerebral<\/a>\n\t\t\t<\/h4>\n\t\t\t\t\t\t<div class='uagb-post__text uagb-post-grid-byline'>\n\t\t\t\t\t\t\t<\/div>\n\t\t\t\n\t\t\t\t\t\t\t\t\t<\/article>\n\t\t\t\t\t\t\t\t\t\t\t\t\t\t\t\t<article class=\"uagb-post__inner-wrap\">\t\t\t\t\t\t\t\t<div class='uagb-post__image'>\n\t\t\t\t\t\t\t\t\t<a href=\"https:\/\/agencia.unq.edu.ar\/?p=35378\" target=\"_self\" rel=\"bookmark noopener noreferrer\"><img loading=\"lazy\" decoding=\"async\" width=\"960\" height=\"388\" src=\"https:\/\/agencia.unq.edu.ar\/wp-content\/uploads\/2026\/04\/iPiccy-img-3.jpg\" class=\"attachment-medium size-medium\" alt=\"Cr\u00e9ditos: Instituto de Salud Global de Barcelona.\" \/>\t\t\t\t\t<\/a>\n\t\t\t\t\t\t\t\t\t<\/div>\n\t\t\t\t\t\t<h4 class=\"uagb-post__title uagb-post__text\">\n\t\t\t\t<a href=\"https:\/\/agencia.unq.edu.ar\/?p=35378\" target=\"_self\" rel=\"bookmark noopener noreferrer\">Antibi\u00f3ticos impactan en el microbioma intestinal hasta ocho a\u00f1os despu\u00e9s del tratamiento<\/a>\n\t\t\t<\/h4>\n\t\t\t\t\t\t<div class='uagb-post__text uagb-post-grid-byline'>\n\t\t\t\t\t\t\t<\/div>\n\t\t\t\n\t\t\t\t\t\t\t\t\t<\/article>\n\t\t\t\t\t\t\t\t\t\t\t<\/div>\n\t\t\t<\/div>\n","protected":false},"excerpt":{"rendered":"<p>Las probabilidades de tener esta enfermedad disminuyen cerca de un 25 por ciento.<\/p>\n","protected":false},"author":4,"featured_media":35844,"comment_status":"closed","ping_status":"closed","sticky":false,"template":"","format":"standard","meta":{"_uag_custom_page_level_css":"","_monsterinsights_skip_tracking":false,"_monsterinsights_sitenote_active":false,"_monsterinsights_sitenote_note":"","_monsterinsights_sitenote_category":0,"site-sidebar-layout":"default","site-content-layout":"","ast-site-content-layout":"default","site-content-style":"default","site-sidebar-style":"default","ast-global-header-display":"","ast-banner-title-visibility":"","ast-main-header-display":"","ast-hfb-above-header-display":"","ast-hfb-below-header-display":"","ast-hfb-mobile-header-display":"","site-post-title":"","ast-breadcrumbs-content":"","ast-featured-img":"","footer-sml-layout":"","ast-disable-related-posts":"","theme-transparent-header-meta":"","adv-header-id-meta":"","stick-header-meta":"","header-above-stick-meta":"","header-main-stick-meta":"","header-below-stick-meta":"","astra-migrate-meta-layouts":"default","ast-page-background-enabled":"default","ast-page-background-meta":{"desktop":{"background-color":"var(--ast-global-color-4)","background-image":"","background-repeat":"repeat","background-position":"center center","background-size":"auto","background-attachment":"scroll","background-type":"","background-media":"","overlay-type":"","overlay-color":"","overlay-opacity":"","overlay-gradient":""},"tablet":{"background-color":"","background-image":"","background-repeat":"repeat","background-position":"center center","background-size":"auto","background-attachment":"scroll","background-type":"","background-media":"","overlay-type":"","overlay-color":"","overlay-opacity":"","overlay-gradient":""},"mobile":{"background-color":"","background-image":"","background-repeat":"repeat","background-position":"center center","background-size":"auto","background-attachment":"scroll","background-type":"","background-media":"","overlay-type":"","overlay-color":"","overlay-opacity":"","overlay-gradient":""}},"ast-content-background-meta":{"desktop":{"background-color":"var(--ast-global-color-5)","background-image":"","background-repeat":"repeat","background-position":"center center","background-size":"auto","background-attachment":"scroll","background-type":"","background-media":"","overlay-type":"","overlay-color":"","overlay-opacity":"","overlay-gradient":""},"tablet":{"background-color":"var(--ast-global-color-5)","background-image":"","background-repeat":"repeat","background-position":"center center","background-size":"auto","background-attachment":"scroll","background-type":"","background-media":"","overlay-type":"","overlay-color":"","overlay-opacity":"","overlay-gradient":""},"mobile":{"background-color":"var(--ast-global-color-5)","background-image":"","background-repeat":"repeat","background-position":"center center","background-size":"auto","background-attachment":"scroll","background-type":"","background-media":"","overlay-type":"","overlay-color":"","overlay-opacity":"","overlay-gradient":""}},"footnotes":""},"categories":[9],"tags":[],"class_list":["post-35843","post","type-post","status-publish","format-standard","has-post-thumbnail","hentry","category-salud"],"aioseo_notices":[],"uagb_featured_image_src":{"full":["https:\/\/agencia.unq.edu.ar\/wp-content\/uploads\/2026\/04\/Alzheimer-demencia.jpg",1040,420,false],"thumbnail":["https:\/\/agencia.unq.edu.ar\/wp-content\/uploads\/2026\/04\/Alzheimer-demencia.jpg",150,61,false],"medium":["https:\/\/agencia.unq.edu.ar\/wp-content\/uploads\/2026\/04\/Alzheimer-demencia.jpg",960,388,false],"medium_large":["https:\/\/agencia.unq.edu.ar\/wp-content\/uploads\/2026\/04\/Alzheimer-demencia.jpg",768,310,false],"large":["https:\/\/agencia.unq.edu.ar\/wp-content\/uploads\/2026\/04\/Alzheimer-demencia.jpg",1040,420,false],"1536x1536":["https:\/\/agencia.unq.edu.ar\/wp-content\/uploads\/2026\/04\/Alzheimer-demencia.jpg",1040,420,false],"2048x2048":["https:\/\/agencia.unq.edu.ar\/wp-content\/uploads\/2026\/04\/Alzheimer-demencia.jpg",1040,420,false]},"uagb_author_info":{"display_name":"Luciana Mazzini Puga","author_link":"https:\/\/agencia.unq.edu.ar\/?author=4"},"uagb_comment_info":0,"uagb_excerpt":"Las probabilidades de tener esta enfermedad disminuyen cerca de un 25 por ciento.","blog_post_layout_featured_media_urls":{"thumbnail":["https:\/\/agencia.unq.edu.ar\/wp-content\/uploads\/2026\/04\/Alzheimer-demencia.jpg",150,61,false],"full":["https:\/\/agencia.unq.edu.ar\/wp-content\/uploads\/2026\/04\/Alzheimer-demencia.jpg",1040,420,false]},"categories_names":{"9":{"name":"Salud","link":"https:\/\/agencia.unq.edu.ar\/?cat=9"}},"tags_names":[],"comments_number":"0","_links":{"self":[{"href":"https:\/\/agencia.unq.edu.ar\/index.php?rest_route=\/wp\/v2\/posts\/35843","targetHints":{"allow":["GET"]}}],"collection":[{"href":"https:\/\/agencia.unq.edu.ar\/index.php?rest_route=\/wp\/v2\/posts"}],"about":[{"href":"https:\/\/agencia.unq.edu.ar\/index.php?rest_route=\/wp\/v2\/types\/post"}],"author":[{"embeddable":true,"href":"https:\/\/agencia.unq.edu.ar\/index.php?rest_route=\/wp\/v2\/users\/4"}],"replies":[{"embeddable":true,"href":"https:\/\/agencia.unq.edu.ar\/index.php?rest_route=%2Fwp%2Fv2%2Fcomments&post=35843"}],"version-history":[{"count":4,"href":"https:\/\/agencia.unq.edu.ar\/index.php?rest_route=\/wp\/v2\/posts\/35843\/revisions"}],"predecessor-version":[{"id":35849,"href":"https:\/\/agencia.unq.edu.ar\/index.php?rest_route=\/wp\/v2\/posts\/35843\/revisions\/35849"}],"wp:featuredmedia":[{"embeddable":true,"href":"https:\/\/agencia.unq.edu.ar\/index.php?rest_route=\/wp\/v2\/media\/35844"}],"wp:attachment":[{"href":"https:\/\/agencia.unq.edu.ar\/index.php?rest_route=%2Fwp%2Fv2%2Fmedia&parent=35843"}],"wp:term":[{"taxonomy":"category","embeddable":true,"href":"https:\/\/agencia.unq.edu.ar\/index.php?rest_route=%2Fwp%2Fv2%2Fcategories&post=35843"},{"taxonomy":"post_tag","embeddable":true,"href":"https:\/\/agencia.unq.edu.ar\/index.php?rest_route=%2Fwp%2Fv2%2Ftags&post=35843"}],"curies":[{"name":"wp","href":"https:\/\/api.w.org\/{rel}","templated":true}]}}